{"id":20061,"date":"2024-12-18T08:30:00","date_gmt":"2024-12-18T07:30:00","guid":{"rendered":"https:\/\/www.alab.pl\/centrum-wiedzy\/?p=20061"},"modified":"2024-12-18T09:21:21","modified_gmt":"2024-12-18T08:21:21","slug":"migrena-z-aura-oczna-objawy-przyczyny-badania-i-leczenie","status":"publish","type":"post","link":"https:\/\/www.alab.pl\/centrum-wiedzy\/migrena-z-aura-oczna-objawy-przyczyny-badania-i-leczenie\/","title":{"rendered":"Migrena z aur\u0105 (oczna) &#8211; objawy, przyczyny, badania i leczenie"},"content":{"rendered":"\n<p><strong>Migrena to cz\u0119sty problem medyczny, kt\u00f3ry mo\u017ce dotyka\u0107 nawet 15\u201318% kobiet i 8% m\u0119\u017cczyzn. Czym jest migrena z aur\u0105? Czy migrena oczna jest niebezpieczna? Do jakiego lekarza nale\u017cy si\u0119 uda\u0107 celem diagnostyki i leczenia migreny? Przeczytaj poni\u017cszy artyku\u0142 i dowiedz si\u0119 wi\u0119cej na temat tego schorzenia neurologicznego.<\/strong><\/p>\n\n\n\n<p>Spis tre\u015bci:<\/p>\n\n\n\n<ol class=\"wp-block-list\">\n<li><a href=\"#Migrena-z-aur\u0105-\u2013-co-to-za-choroba?\">Migrena z aur\u0105 \u2013 co to za choroba?<\/a><\/li>\n\n\n\n<li><a href=\"#Przyczyny-migreny-ocznej\">Przyczyny migreny ocznej<\/a><\/li>\n\n\n\n<li><a href=\"#Migrena-z-aur\u0105-\u2013-jakie-daje-objawy?\">Migrena z aur\u0105 \u2013 jakie daje objawy?<\/a><\/li>\n\n\n\n<li><a href=\"#Migrena-z-aur\u0105-\u2013-jakie-badania-wykona\u0107?\">Migrena z aur\u0105 \u2013 jakie badania wykona\u0107?<\/a><\/li>\n\n\n\n<li><a href=\"#Leczenie-migreny-ocznej\">Leczenie migreny ocznej<\/a><\/li>\n<\/ol>\n\n\n\n<h2 class=\"wp-block-heading\" id=\"Migrena-z-aur\u0105-\u2013-co-to-za-choroba?\">Migrena z aur\u0105 \u2013 co to za choroba?<\/h2>\n\n\n\n<p><a href=\"https:\/\/www.alab.pl\/centrum-wiedzy\/migrena-objawy-przyczyny-i-diagnoza-jakie-badania-wykonac\/\">Migrena<\/a> to przewlek\u0142e schorzenie neurologiczne o charakterze napadowym, kt\u00f3rego istot\u0105 jest pojawianie si\u0119 silnego lub umiarkowanego b\u00f3lu g\u0142owy o charakterystycznych cechach. B\u00f3lowi temu mog\u0105 towarzyszy\u0107 objawy dodatkowe ze strony uk\u0142adu pokarmowego, czy zmys\u0142\u00f3w.<\/p>\n\n\n\n<p>Najwa\u017cniejsze cechy b\u00f3lu migrenowego to:<\/p>\n\n\n\n<ul class=\"wp-block-list\">\n<li>b\u00f3l jednostronny, trwaj\u0105cy \u015brednio 4\u201372 godziny;<\/li>\n\n\n\n<li>towarzysz\u0105ce nudno\u015bci i wymioty,<\/li>\n\n\n\n<li>nadwra\u017cliwo\u015b\u0107 na \u015bwiat\u0142o, ha\u0142as, czy zapachy,<\/li>\n\n\n\n<li>r\u00f3\u017cnego rodzaju zaburzenia wegetatywne np. ko\u0142atanie serca, niepok\u00f3j.<\/li>\n<\/ul>\n\n\n\n<p>Jeden z podstawowych podzia\u0142\u00f3w dzieli t\u0119 przypad\u0142o\u015b\u0107 na migren\u0119 bez aury (migren\u0119 zwyk\u0142\u0105) oraz migren\u0119 z towarzysz\u0105c\u0105 aur\u0105. Aur\u0105 nazywa si\u0119 pojawienie si\u0119 dodatkowych, ogniskowych objaw\u00f3w neurologicznych, kt\u00f3re najcz\u0119\u015bciej dotycz\u0105 narz\u0105du wzroku, cho\u0107 mog\u0105 r\u00f3wnie\u017c manifestowa\u0107 si\u0119 jako zaburzenia czuciowe lub ruchowe. Aura dotyczy oko\u0142o 15-30% pacjent\u00f3w z migren\u0105. W\u015br\u00f3d objaw\u00f3w zwi\u0105zanych z aur\u0105 migrenow\u0105 dominuj\u0105 te zwi\u0105zane z narz\u0105dem wzroku, co okre\u015bla si\u0119 potocznie mianem migreny ocznej. Warto doda\u0107, \u017ce aura najcz\u0119\u015bciej poprzedza pojawienie si\u0119 b\u00f3lu g\u0142owy, jednak mo\u017ce r\u00f3wnie\u017c mu wsp\u00f3\u0142towarzyszy\u0107 lub wyst\u0119powa\u0107 bez niego.<\/p>\n\n\n\n<p><strong>>> Przeczytaj tak\u017ce: <a href=\"https:\/\/www.alab.pl\/centrum-wiedzy\/bole-glowy-rodzaje-i-przyczyny-jakie-badania-wykonac-przy-czestych-przewleklych-bolach-glowy\/\">B\u00f3le g\u0142owy \u2013 rodzaje i przyczyny. Jakie badania wykona\u0107 przy cz\u0119stych (przewlek\u0142ych) b\u00f3lach g\u0142owy?<\/a><\/strong><\/p>\n\n\n\n<h2 class=\"wp-block-heading\" id=\"Przyczyny-migreny-ocznej\">Przyczyny migreny ocznej<\/h2>\n\n\n\n<p>Aktualnie uwa\u017ca si\u0119, \u017ce za wyst\u0105pienie b\u00f3lu migrenowego odpowiadaj\u0105 zaburzenia neuronalno-naczyniowe, dotycz\u0105ce uk\u0142adu nerwowego. Ujawnienie si\u0119 migreny jest zwi\u0105zane z nadmiernym rozszerzeniem si\u0119 naczy\u0144 m\u00f3zgowych, co wynika mi\u0119dzy innymi z uwolnienia z zako\u0144cze\u0144 nerwowych r\u00f3\u017cnego rodzaju neuropeptyd\u00f3w (na przyk\u0142ad substancji P, neurokininy A, czy tlenku azotu).<\/p>\n\n\n\n<p>Przyczyny pojawiania si\u0119 objaw\u00f3w okulistycznych w przebiegu aury nie s\u0105 do ko\u0144ca poznane. Jednak jak sugeruje literatura medyczna, migrena oczna mo\u017ce wynika\u0107 ze zmian dotycz\u0105cych polaryzacji, a dok\u0142adniej z rozprzestrzeniania si\u0119 depolaryzacji korowej od obszaru potylicy, ku przodowi poprzez kor\u0119 m\u00f3zgow\u0105.<\/p>\n\n\n\n<p>Wyr\u00f3\u017cnia si\u0119 pewne czynniki, kt\u00f3re mog\u0105 prowokowa\u0107 napady migrenowe (zar\u00f3wno te z aur\u0105, jak i bez niej). Zalicza si\u0119 do nich:<\/p>\n\n\n\n<ul class=\"wp-block-list\">\n<li>czynniki stresowe,<\/li>\n\n\n\n<li>pokarmy, w tym nabia\u0142, czekolada, niekt\u00f3re owoce i przyprawy, alkohol,<\/li>\n\n\n\n<li>zbyt d\u0142ugi, jak i zbyt kr\u00f3tki sen,<\/li>\n\n\n\n<li>zaburzenia hormonalne,<\/li>\n\n\n\n<li>miesi\u0105czka,<\/li>\n\n\n\n<li>niekt\u00f3re leki, w tym <a href=\"https:\/\/www.alab.pl\/centrum-wiedzy\/co-to-sa-estrogeny-za-co-odpowiadaja-i-kiedy-je-badac\/\">estrogeny<\/a>, nitrogliceryna, ranitydyna,<\/li>\n\n\n\n<li>wysi\u0142ek fizyczny,<\/li>\n\n\n\n<li>wahania pogodowe,<\/li>\n\n\n\n<li>jasne \u015bwiat\u0142o,<\/li>\n\n\n\n<li>intensywne perfumy,<\/li>\n\n\n\n<li>przebywanie na du\u017cych wysoko\u015bciach nad poziomem morza,<\/li>\n\n\n\n<li>g\u0142odzenie.<\/li>\n<\/ul>\n\n\n\n<figure class=\"wp-block-image size-full\"><a href=\"https:\/\/www.alab.pl\/pakiet\/pakiet-hormony-kobiece-rozszerzony\"><img loading=\"lazy\" decoding=\"async\" width=\"800\" height=\"200\" src=\"https:\/\/www.alab.pl\/centrum-wiedzy\/wp-content\/uploads\/2023\/09\/pakiet-hormony-kobiece-rozszerzony-baner-jpg.webp\" alt=\"pakiet hormony kobiece rozszerzony\" class=\"wp-image-8893\" srcset=\"https:\/\/www.alab.pl\/centrum-wiedzy\/wp-content\/uploads\/2023\/09\/pakiet-hormony-kobiece-rozszerzony-baner-jpg.webp 800w, https:\/\/www.alab.pl\/centrum-wiedzy\/wp-content\/uploads\/2023\/09\/pakiet-hormony-kobiece-rozszerzony-baner-jpg-768x192.webp 768w, https:\/\/www.alab.pl\/centrum-wiedzy\/wp-content\/uploads\/2023\/09\/pakiet-hormony-kobiece-rozszerzony-baner-jpg-150x38.webp 150w, https:\/\/www.alab.pl\/centrum-wiedzy\/wp-content\/uploads\/2023\/09\/pakiet-hormony-kobiece-rozszerzony-baner-jpg-300x75.webp 300w, https:\/\/www.alab.pl\/centrum-wiedzy\/wp-content\/uploads\/2023\/09\/pakiet-hormony-kobiece-rozszerzony-baner-jpg-696x174.webp 696w\" sizes=\"auto, (max-width: 800px) 100vw, 800px\" \/><\/a><\/figure>\n\n\n\n<h2 class=\"wp-block-heading\" id=\"Migrena-z-aur\u0105-\u2013-jakie-daje-objawy?\">Migrena z aur\u0105 \u2013 jakie daje objawy?<\/h2>\n\n\n\n<p>Migrena z aur\u0105 oczn\u0105 objawia si\u0119 r\u00f3\u017cnorodnymi zjawiskami wzrokowymi. Pacjenci najcz\u0119\u015bciej podaj\u0105 obecno\u015b\u0107 takich symptom\u00f3w jak pojawienie si\u0119 przed oczami:<\/p>\n\n\n\n<ul class=\"wp-block-list\">\n<li>charakterystycznego, owalnego mroczka migoc\u0105cego,<\/li>\n\n\n\n<li>specyficznych b\u0142ysk\u00f3w \u015bwietlnych,<\/li>\n\n\n\n<li>r\u00f3\u017cnorodnych kszta\u0142t\u00f3w geometrycznych,<\/li>\n\n\n\n<li>obecno\u015b\u0107 linii &#8211; na przyk\u0142ad w kszta\u0142cie zygzak\u00f3w.<\/li>\n<\/ul>\n\n\n\n<p>Warto zaznaczy\u0107, \u017ce te wra\u017cenia wzrokowe najcz\u0119\u015bciej dotycz\u0105 jednego oka, po tej stronie, po kt\u00f3rej pojawiaj\u0105 si\u0119 dolegliwo\u015bci b\u00f3lowe. Co wi\u0119cej, objawy wzrokowe zajmuj\u0105 typowo po\u0142ow\u0119 pola widzenia. W przebiegu aury pojawiaj\u0105 si\u0119 niekiedy objawy dodatkowe, takie jak:<\/p>\n\n\n\n<ul class=\"wp-block-list\">\n<li>zniekszta\u0142cenie widzianego obrazu,<\/li>\n\n\n\n<li>wra\u017cenie powi\u0119kszenia widzianych przedmiot\u00f3w, a wi\u0119c makropsja,<\/li>\n\n\n\n<li>wra\u017cenie zmniejszenia widzianych przedmiot\u00f3w, czyli mikropsja,<\/li>\n\n\n\n<li>plamiste ubytki w polu widzenia,<\/li>\n\n\n\n<li>tak zwane widzenie zoomowe,<\/li>\n\n\n\n<li>niedowidzenie, wraz z przej\u015bciowym, ca\u0142kowitym zaniewidzeniem.<\/li>\n<\/ul>\n\n\n\n<p>Zjawiskom okulistycznym w przebiegu aury mog\u0105 towarzyszy\u0107 r\u00f3wnie\u017c objawy niezwi\u0105zane z uk\u0142adem wzroku, w tym mi\u0119dzy innymi:<\/p>\n\n\n\n<ul class=\"wp-block-list\">\n<li>mrowienie pojawiaj\u0105ce si\u0119 w obr\u0119bie r\u00f3\u017cnych cz\u0119\u015bci cia\u0142a, czasami o charakterze w\u0119druj\u0105cym,\u00a0<\/li>\n\n\n\n<li>dr\u0119twienie w obr\u0119bie j\u0119zyka,<\/li>\n\n\n\n<li>zaburzenia artykulacji i zaburzenia mowy,<\/li>\n\n\n\n<li>niedow\u0142ady &#8211; na przyk\u0142ad jednostronne os\u0142abienie r\u0119ki,<\/li>\n\n\n\n<li>trudno\u015bci w rozpoznawaniu obiekt\u00f3w i zjawisk, a wi\u0119c agnozja,<\/li>\n\n\n\n<li>stany zmienionej \u015bwiadomo\u015bci, w tym zjawisko <em>d\u00e9j\u00e0 vu<\/em>,<\/li>\n\n\n\n<li>rzadziej stany majaczeniowe.<\/li>\n<\/ul>\n\n\n\n<p><strong>>> Przeczytaj: <a href=\"https:\/\/www.alab.pl\/centrum-wiedzy\/zawroty-glowy-i-ich-mozliwe-przyczyny-jakie-badania-przeprowadzic\/\">Zawroty g\u0142owy i ich mo\u017cliwe przyczyny. Jakie badania nale\u017cy przeprowadzi\u0107?<\/a><\/strong><\/p>\n\n\n\n<h2 class=\"wp-block-heading\" id=\"Migrena-z-aur\u0105-\u2013-jakie-badania-wykona\u0107?\">Migrena z aur\u0105 \u2013 jakie badania wykona\u0107?<\/h2>\n\n\n\n<p>Rozpoznanie migreny z aur\u0105 wymaga przeprowadzenia dok\u0142adnego wywiadu chorobowego, w tym ustalenia charakteru b\u00f3lu, okoliczno\u015bci jego wyst\u0119powania oraz stwierdzenia obecno\u015bci objaw\u00f3w dodatkowych. Konieczne jest r\u00f3wnie\u017c szczeg\u00f3\u0142owe badanie przedmiotowe pacjenta, w tym badanie neurologiczne. Przy klasycznym przebiegu migreny, rozpoznanie mo\u017cna postawi\u0107 na podstawie obrazu klinicznego. Jednak w wybranych sytuacjach klinicznych lekarz mo\u017ce zdecydowa\u0107 o konieczno\u015bci wykonania bada\u0144 dodatkowych, w tym mi\u0119dzy innymi:<\/p>\n\n\n\n<ul class=\"wp-block-list\">\n<li>tomografii komputerowej g\u0142owy,<\/li>\n\n\n\n<li>rezonansu magnetycznego (MR),<\/li>\n\n\n\n<li>nak\u0142ucia l\u0119d\u017awiowego,<\/li>\n\n\n\n<li>bada\u0144 dopplerowskich t\u0119tnic dog\u0142owowych (szyjnych i kr\u0119gowych).<\/li>\n<\/ul>\n\n\n\n<figure class=\"wp-block-image size-full\"><a href=\"https:\/\/www.alab.pl\/pakiet\/pakiet-tarczycowy\"><img loading=\"lazy\" decoding=\"async\" width=\"800\" height=\"200\" src=\"https:\/\/www.alab.pl\/centrum-wiedzy\/wp-content\/uploads\/2023\/08\/Pakiet-tarczycowy-TSH-FT3-FT4-jpg.webp\" alt=\"pakiet tarczycowy\" class=\"wp-image-8054\" srcset=\"https:\/\/www.alab.pl\/centrum-wiedzy\/wp-content\/uploads\/2023\/08\/Pakiet-tarczycowy-TSH-FT3-FT4-jpg.webp 800w, https:\/\/www.alab.pl\/centrum-wiedzy\/wp-content\/uploads\/2023\/08\/Pakiet-tarczycowy-TSH-FT3-FT4-jpg-768x192.webp 768w, https:\/\/www.alab.pl\/centrum-wiedzy\/wp-content\/uploads\/2023\/08\/Pakiet-tarczycowy-TSH-FT3-FT4-jpg-150x38.webp 150w, https:\/\/www.alab.pl\/centrum-wiedzy\/wp-content\/uploads\/2023\/08\/Pakiet-tarczycowy-TSH-FT3-FT4-jpg-300x75.webp 300w, https:\/\/www.alab.pl\/centrum-wiedzy\/wp-content\/uploads\/2023\/08\/Pakiet-tarczycowy-TSH-FT3-FT4-jpg-696x174.webp 696w\" sizes=\"auto, (max-width: 800px) 100vw, 800px\" \/><\/a><\/figure>\n\n\n\n<figure class=\"wp-block-image size-full\"><a href=\"https:\/\/www.alab.pl\/badanie\/diaminooksydaza-dao-surowica\"><img loading=\"lazy\" decoding=\"async\" width=\"800\" height=\"200\" src=\"https:\/\/www.alab.pl\/centrum-wiedzy\/wp-content\/uploads\/2023\/06\/badanie-dao-jpg.webp\" alt=\"badanie diaminooksydazy dao\" class=\"wp-image-6641\" srcset=\"https:\/\/www.alab.pl\/centrum-wiedzy\/wp-content\/uploads\/2023\/06\/badanie-dao-jpg.webp 800w, https:\/\/www.alab.pl\/centrum-wiedzy\/wp-content\/uploads\/2023\/06\/badanie-dao-jpg-768x192.webp 768w, https:\/\/www.alab.pl\/centrum-wiedzy\/wp-content\/uploads\/2023\/06\/badanie-dao-jpg-150x38.webp 150w, https:\/\/www.alab.pl\/centrum-wiedzy\/wp-content\/uploads\/2023\/06\/badanie-dao-jpg-300x75.webp 300w, https:\/\/www.alab.pl\/centrum-wiedzy\/wp-content\/uploads\/2023\/06\/badanie-dao-jpg-696x174.webp 696w\" sizes=\"auto, (max-width: 800px) 100vw, 800px\" \/><\/a><\/figure>\n\n\n\n<h2 class=\"wp-block-heading\" id=\"Leczenie-migreny-ocznej\">Leczenie migreny ocznej<\/h2>\n\n\n\n<p>Leczenie migreny z objawami ocznymi zale\u017cy przede wszystkim od nasilenia dolegliwo\u015bci, wieku pacjenta oraz jego sytuacji zdrowotnej. Leczenie migreny skupia si\u0119 zar\u00f3wno na terapii napadu b\u00f3lowego oraz na leczeniu profilaktycznym, kt\u00f3re ma na celu zapobieganie kolejnym epizodom migrenowym. W leczeniu dora\u017anym migreny stosuje si\u0119 przede wszystkim:<\/p>\n\n\n\n<ul class=\"wp-block-list\">\n<li><strong>leki przeciwb\u00f3lowe<\/strong>, w tym paracetamol, kwas acetylosalicylowy (ASA), a tak\u017ce niesteroidowe leki przeciwzapalne (do kt\u00f3rych nale\u017cy na przyk\u0142ad ketoprofen, ibuprofen),<\/li>\n\n\n\n<li><strong>pochodne ergotaminy <\/strong>&#8211; kt\u00f3re dzia\u0142aj\u0105 poprzez zw\u0119\u017cenie naczy\u0144 krwiono\u015bnych, warto doda\u0107, \u017ce substancji tych nie powinno si\u0119 stosowa\u0107 w trakcie trwania aury, lecz dopiero w momencie wyst\u0105pienia b\u00f3lu,<\/li>\n\n\n\n<li><strong>tryptany<\/strong> &#8211; mechanizm ich dzia\u0142ania jest zwi\u0105zany ze zw\u0119\u017ceniem naczy\u0144 m\u00f3zgowych i zahamowaniem uwalniana z zako\u0144cze\u0144 nerwowych neuropeptyd\u00f3w.<\/li>\n<\/ul>\n\n\n\n<p><strong>Leczenie profilaktyczne<\/strong> obejmuje mi\u0119dzy innymi stosowanie:<\/p>\n\n\n\n<ul class=\"wp-block-list\">\n<li><strong>beta-blokery<\/strong>, w tym propranolol, atenolol,<\/li>\n\n\n\n<li><strong>tr\u00f3jpier\u015bcieniowe leki przeciwdepresyjne<\/strong>, w tym amitryptylin\u0119, doksepin\u0119,<\/li>\n\n\n\n<li><strong>leki przeciwpadaczkowe<\/strong>, w tym gabapentyna, czy kwas walproinowy,<\/li>\n\n\n\n<li><strong>antagoni\u015bci wapnia<\/strong>, na przyk\u0142ad werapamil,<\/li>\n\n\n\n<li><strong>inhibitory zwrotnego wychwytu serotoniny<\/strong>, w tym fluoksetyna.<\/li>\n<\/ul>\n\n\n\n<p>Nale\u017cy podkre\u015bli\u0107, \u017ce leczenie profilaktyczne obejmuje r\u00f3wnie\u017c metody niefarmakologiczne, w tym:<\/p>\n\n\n\n<ul class=\"wp-block-list\">\n<li>unikanie czynnik\u00f3w wyzwalaj\u0105cych napady migreny,<\/li>\n\n\n\n<li>stosowanie si\u0119 do zalece\u0144 lekarza oraz prowadzenie dzienniczka napad\u00f3w,<\/li>\n\n\n\n<li>unikanie przyjmowania lek\u00f3w mog\u0105cych sprzyja\u0107 napadom,<\/li>\n\n\n\n<li>jak najszybsze w\u0142\u0105czanie leku przeciwb\u00f3lowego zaleconego przez lekarza przy rozpoczynaj\u0105cym si\u0119 napadzie migrenowym.<\/li>\n<\/ul>\n\n\n\n<p>Migrena to przewlek\u0142e schorzenie neurologiczne, kt\u00f3re istotnie obni\u017ca jako\u015b\u0107 \u017cycia pacjent\u00f3w. Leczeniem tego schorzenia zajmuj\u0105 si\u0119 lekarze neurolodzy. Migrena to nie tylko b\u00f3l g\u0142owy, mog\u0105 jej bowiem towarzyszy\u0107 liczne objawy dodatkowe, w tym r\u00f3wnie\u017c okulistyczne. Je\u017celi borykamy si\u0119 z problemem migreny, to zdecydowanie warto uda\u0107 si\u0119 na konsultacj\u0119 neurologiczn\u0105. Podczas takiej konsultacji lekarz zadecyduje o dalszym post\u0119powaniu i w\u0142\u0105czy odpowiednie leczenie, maj\u0105ce na celu zapobieganie napadom migrenowym.<\/p>\n\n\n\n<hr class=\"wp-block-separator has-alpha-channel-opacity\"\/>\n\n\n\n<p><strong>Bibliografia<\/strong><\/p>\n\n\n\n<ol start=\"1\" class=\"wp-block-list\">\n<li>A. Prusi\u0144ski i inni, Tryptany w migrenie \u2014 tu i teraz (15 lat od wprowadzenia do terapii), Neurol. Neurochir. Pol. 2005; 39: 68\u201377.<\/li>\n\n\n\n<li>\u00a0H. W\u00f3jcik-Dr\u0105czkowska i inni, Migrena \u2014 rozpoznanie i leczenie,\u00a0 Forum Medycyny Rodzinnej 2007, tom 1, nr 2, 109\u2013114,<\/li>\n\n\n\n<li>A. St\u0119pie\u0144, Kryteria diagnostyczne i leczenie migreny w oparciu o obowi\u0105zuj\u0105ce zalecenia mi\u0119dzynarodowe Rekomendacje Polskiego Towarzystwa B\u00f3lu G\u0142owy dotycz\u0105ce leczenia migreny,\u00a0 Medycyna po Dyplomie 2011(20); 9(186): 81-87,<\/li>\n\n\n\n<li>A. St\u0119pie\u0144, Patofizjologia i mo\u017cliwo\u015bci leczenia migreny. Psychiatria-Neurologia 2000; 4: 19\u201328,<\/li>\n\n\n\n<li>A. Szczeklik, Piotr Gajewski, Interna Szczeklika, Wydawnictwo Medycyna Praktyczna, Krak\u00f3w 2020\/2021.<\/li>\n<\/ol>\n\n\n\n<p><\/p>\n","protected":false},"excerpt":{"rendered":"<p>Czym jest migrena z aur\u0105? Czy migrena oczna jest niebezpieczna? Dowiedz si\u0119 wi\u0119cej na temat tego schorzenia neurologicznego.<\/p>\n","protected":false},"author":165,"featured_media":20063,"comment_status":"closed","ping_status":"closed","sticky":false,"template":"","format":"standard","meta":{"_acf_changed":false,"inline_featured_image":false,"footnotes":""},"categories":[13,28],"tags":[],"coauthors":[176],"class_list":{"0":"post-20061","1":"post","2":"type-post","3":"status-publish","4":"format-standard","5":"has-post-thumbnail","7":"category-choroby-ukladu-nerwowego","8":"category-warto-wiedziec"},"acf":[],"yoast_head":"<!-- This site is optimized with the Yoast SEO plugin v27.5 - https:\/\/yoast.com\/product\/yoast-seo-wordpress\/ -->\n<title>Migrena z aur\u0105 (oczna) - objawy, przyczyny, badania i leczenie - Centrum Wiedzy ALAB laboratoria<\/title>\n<meta name=\"description\" content=\"Czym jest migrena z aur\u0105? Czy migrena oczna jest niebezpieczna? Dowiedz si\u0119 wi\u0119cej na temat tego schorzenia neurologicznego.\" \/>\n<meta name=\"robots\" content=\"index, follow, max-snippet:-1, max-image-preview:large, max-video-preview:-1\" \/>\n<link rel=\"canonical\" href=\"https:\/\/www.alab.pl\/centrum-wiedzy\/migrena-z-aura-oczna-objawy-przyczyny-badania-i-leczenie\/\" \/>\n<meta property=\"og:locale\" content=\"pl_PL\" \/>\n<meta property=\"og:type\" content=\"article\" \/>\n<meta property=\"og:title\" content=\"Migrena z aur\u0105 (oczna) - objawy, przyczyny, badania i leczenie - Centrum Wiedzy ALAB laboratoria\" \/>\n<meta property=\"og:description\" content=\"Czym jest migrena z aur\u0105? Czy migrena oczna jest niebezpieczna? Dowiedz si\u0119 wi\u0119cej na temat tego schorzenia neurologicznego.\" \/>\n<meta property=\"og:url\" content=\"https:\/\/www.alab.pl\/centrum-wiedzy\/migrena-z-aura-oczna-objawy-przyczyny-badania-i-leczenie\/\" \/>\n<meta property=\"og:site_name\" content=\"Centrum Wiedzy ALAB laboratoria\" \/>\n<meta property=\"article:publisher\" content=\"https:\/\/www.facebook.com\/ALABlaboratoria\" \/>\n<meta property=\"article:published_time\" content=\"2024-12-18T07:30:00+00:00\" \/>\n<meta property=\"article:modified_time\" content=\"2024-12-18T08:21:21+00:00\" \/>\n<meta property=\"og:image\" content=\"https:\/\/www.alab.pl\/centrum-wiedzy\/wp-content\/uploads\/2024\/12\/migrena_z_aura.jpg\" \/>\n\t<meta property=\"og:image:width\" content=\"1725\" \/>\n\t<meta property=\"og:image:height\" content=\"1149\" \/>\n\t<meta property=\"og:image:type\" content=\"image\/jpeg\" \/>\n<meta name=\"author\" content=\"Katarzyna Banaszczyk\" \/>\n<meta name=\"twitter:card\" content=\"summary_large_image\" \/>\n<meta name=\"twitter:label1\" content=\"Napisane przez\" \/>\n\t<meta name=\"twitter:data1\" content=\"Katarzyna Banaszczyk\" \/>\n\t<meta name=\"twitter:label2\" content=\"Szacowany czas czytania\" \/>\n\t<meta name=\"twitter:data2\" content=\"7 minut\" \/>\n\t<meta name=\"twitter:label3\" content=\"Written by\" \/>\n\t<meta name=\"twitter:data3\" content=\"Katarzyna Banaszczyk\" \/>\n<!-- \/ Yoast SEO plugin. -->","yoast_head_json":{"title":"Migrena z aur\u0105 (oczna) - objawy, przyczyny, badania i leczenie - Centrum Wiedzy ALAB laboratoria","description":"Czym jest migrena z aur\u0105? Czy migrena oczna jest niebezpieczna? Dowiedz si\u0119 wi\u0119cej na temat tego schorzenia neurologicznego.","robots":{"index":"index","follow":"follow","max-snippet":"max-snippet:-1","max-image-preview":"max-image-preview:large","max-video-preview":"max-video-preview:-1"},"canonical":"https:\/\/www.alab.pl\/centrum-wiedzy\/migrena-z-aura-oczna-objawy-przyczyny-badania-i-leczenie\/","og_locale":"pl_PL","og_type":"article","og_title":"Migrena z aur\u0105 (oczna) - objawy, przyczyny, badania i leczenie - Centrum Wiedzy ALAB laboratoria","og_description":"Czym jest migrena z aur\u0105? Czy migrena oczna jest niebezpieczna? Dowiedz si\u0119 wi\u0119cej na temat tego schorzenia neurologicznego.","og_url":"https:\/\/www.alab.pl\/centrum-wiedzy\/migrena-z-aura-oczna-objawy-przyczyny-badania-i-leczenie\/","og_site_name":"Centrum Wiedzy ALAB laboratoria","article_publisher":"https:\/\/www.facebook.com\/ALABlaboratoria","article_published_time":"2024-12-18T07:30:00+00:00","article_modified_time":"2024-12-18T08:21:21+00:00","og_image":[{"width":1725,"height":1149,"url":"https:\/\/www.alab.pl\/centrum-wiedzy\/wp-content\/uploads\/2024\/12\/migrena_z_aura.jpg","type":"image\/jpeg"}],"author":"Katarzyna Banaszczyk","twitter_card":"summary_large_image","twitter_misc":{"Napisane przez":"Katarzyna Banaszczyk","Szacowany czas czytania":"7 minut","Written by":"Katarzyna Banaszczyk"},"schema":{"@context":"https:\/\/schema.org","@graph":[{"@type":"Article","@id":"https:\/\/www.alab.pl\/centrum-wiedzy\/migrena-z-aura-oczna-objawy-przyczyny-badania-i-leczenie\/#article","isPartOf":{"@id":"https:\/\/www.alab.pl\/centrum-wiedzy\/migrena-z-aura-oczna-objawy-przyczyny-badania-i-leczenie\/"},"author":{"name":"Katarzyna Banaszczyk","@id":"https:\/\/www.alab.pl\/centrum-wiedzy\/#\/schema\/person\/308fb46be1959418e2e115e61c335941"},"headline":"Migrena z aur\u0105 (oczna) &#8211; objawy, przyczyny, badania i leczenie","datePublished":"2024-12-18T07:30:00+00:00","dateModified":"2024-12-18T08:21:21+00:00","mainEntityOfPage":{"@id":"https:\/\/www.alab.pl\/centrum-wiedzy\/migrena-z-aura-oczna-objawy-przyczyny-badania-i-leczenie\/"},"wordCount":1244,"publisher":{"@id":"https:\/\/www.alab.pl\/centrum-wiedzy\/#organization"},"image":{"@id":"https:\/\/www.alab.pl\/centrum-wiedzy\/migrena-z-aura-oczna-objawy-przyczyny-badania-i-leczenie\/#primaryimage"},"thumbnailUrl":"https:\/\/www.alab.pl\/centrum-wiedzy\/wp-content\/uploads\/2024\/12\/migrena_z_aura.jpg","articleSection":["Choroby uk\u0142adu nerwowego","Warto wiedzie\u0107"],"inLanguage":"pl-PL"},{"@type":"WebPage","@id":"https:\/\/www.alab.pl\/centrum-wiedzy\/migrena-z-aura-oczna-objawy-przyczyny-badania-i-leczenie\/","url":"https:\/\/www.alab.pl\/centrum-wiedzy\/migrena-z-aura-oczna-objawy-przyczyny-badania-i-leczenie\/","name":"Migrena z aur\u0105 (oczna) - objawy, przyczyny, badania i leczenie - Centrum Wiedzy ALAB laboratoria","isPartOf":{"@id":"https:\/\/www.alab.pl\/centrum-wiedzy\/#website"},"primaryImageOfPage":{"@id":"https:\/\/www.alab.pl\/centrum-wiedzy\/migrena-z-aura-oczna-objawy-przyczyny-badania-i-leczenie\/#primaryimage"},"image":{"@id":"https:\/\/www.alab.pl\/centrum-wiedzy\/migrena-z-aura-oczna-objawy-przyczyny-badania-i-leczenie\/#primaryimage"},"thumbnailUrl":"https:\/\/www.alab.pl\/centrum-wiedzy\/wp-content\/uploads\/2024\/12\/migrena_z_aura.jpg","datePublished":"2024-12-18T07:30:00+00:00","dateModified":"2024-12-18T08:21:21+00:00","description":"Czym jest migrena z aur\u0105? Czy migrena oczna jest niebezpieczna? Dowiedz si\u0119 wi\u0119cej na temat tego schorzenia neurologicznego.","breadcrumb":{"@id":"https:\/\/www.alab.pl\/centrum-wiedzy\/migrena-z-aura-oczna-objawy-przyczyny-badania-i-leczenie\/#breadcrumb"},"inLanguage":"pl-PL","potentialAction":[{"@type":"ReadAction","target":["https:\/\/www.alab.pl\/centrum-wiedzy\/migrena-z-aura-oczna-objawy-przyczyny-badania-i-leczenie\/"]}]},{"@type":"ImageObject","inLanguage":"pl-PL","@id":"https:\/\/www.alab.pl\/centrum-wiedzy\/migrena-z-aura-oczna-objawy-przyczyny-badania-i-leczenie\/#primaryimage","url":"https:\/\/www.alab.pl\/centrum-wiedzy\/wp-content\/uploads\/2024\/12\/migrena_z_aura.jpg","contentUrl":"https:\/\/www.alab.pl\/centrum-wiedzy\/wp-content\/uploads\/2024\/12\/migrena_z_aura.jpg","width":1725,"height":1149,"caption":"migrena z aur\u0105"},{"@type":"BreadcrumbList","@id":"https:\/\/www.alab.pl\/centrum-wiedzy\/migrena-z-aura-oczna-objawy-przyczyny-badania-i-leczenie\/#breadcrumb","itemListElement":[{"@type":"ListItem","position":1,"name":"Strona g\u0142\u00f3wna","item":"https:\/\/www.alab.pl\/centrum-wiedzy\/"},{"@type":"ListItem","position":2,"name":"Migrena z aur\u0105 (oczna) &#8211; objawy, przyczyny, badania i leczenie"}]},{"@type":"WebSite","@id":"https:\/\/www.alab.pl\/centrum-wiedzy\/#website","url":"https:\/\/www.alab.pl\/centrum-wiedzy\/","name":"Centrum Wiedzy ALAB laboratoria","description":"","publisher":{"@id":"https:\/\/www.alab.pl\/centrum-wiedzy\/#organization"},"potentialAction":[{"@type":"SearchAction","target":{"@type":"EntryPoint","urlTemplate":"https:\/\/www.alab.pl\/centrum-wiedzy\/?s={search_term_string}"},"query-input":{"@type":"PropertyValueSpecification","valueRequired":true,"valueName":"search_term_string"}}],"inLanguage":"pl-PL"},{"@type":"Organization","@id":"https:\/\/www.alab.pl\/centrum-wiedzy\/#organization","name":"Centrum Wiedzy ALAB laboratoria","url":"https:\/\/www.alab.pl\/centrum-wiedzy\/","logo":{"@type":"ImageObject","inLanguage":"pl-PL","@id":"https:\/\/www.alab.pl\/centrum-wiedzy\/#\/schema\/logo\/image\/","url":"https:\/\/www.alab.pl\/centrum-wiedzy\/wp-content\/uploads\/2022\/04\/alabek.jpg","contentUrl":"https:\/\/www.alab.pl\/centrum-wiedzy\/wp-content\/uploads\/2022\/04\/alabek.jpg","width":1250,"height":1251,"caption":"Centrum Wiedzy ALAB laboratoria"},"image":{"@id":"https:\/\/www.alab.pl\/centrum-wiedzy\/#\/schema\/logo\/image\/"},"sameAs":["https:\/\/www.facebook.com\/ALABlaboratoria"]},{"@type":"Person","@id":"https:\/\/www.alab.pl\/centrum-wiedzy\/#\/schema\/person\/308fb46be1959418e2e115e61c335941","name":"Katarzyna Banaszczyk","image":{"@type":"ImageObject","inLanguage":"pl-PL","@id":"https:\/\/www.alab.pl\/centrum-wiedzy\/wp-content\/uploads\/2024\/12\/Katarzyna-Banaszczyk-150x150.jpgdd037207674aeb9b7e97c9616a0cf536","url":"https:\/\/www.alab.pl\/centrum-wiedzy\/wp-content\/uploads\/2024\/12\/Katarzyna-Banaszczyk-150x150.jpg","contentUrl":"https:\/\/www.alab.pl\/centrum-wiedzy\/wp-content\/uploads\/2024\/12\/Katarzyna-Banaszczyk-150x150.jpg","caption":"Katarzyna Banaszczyk"},"description":"Lekarka w trakcie specjalizacji z dermatologii i wenerologii. Absolwentka Collegium Medicum UMK im. Ludwika Rydygiera w Bydgoszczy. Wyk\u0142adowca akademicki Collegium Medicum im. W\u0142adys\u0142awa Biega\u0144skiego w Cz\u0119stochowie.","url":"https:\/\/www.alab.pl\/centrum-wiedzy\/author\/katarzyna-banaszczyk\/"}]}},"_links":{"self":[{"href":"https:\/\/www.alab.pl\/centrum-wiedzy\/wp-json\/wp\/v2\/posts\/20061","targetHints":{"allow":["GET"]}}],"collection":[{"href":"https:\/\/www.alab.pl\/centrum-wiedzy\/wp-json\/wp\/v2\/posts"}],"about":[{"href":"https:\/\/www.alab.pl\/centrum-wiedzy\/wp-json\/wp\/v2\/types\/post"}],"author":[{"embeddable":true,"href":"https:\/\/www.alab.pl\/centrum-wiedzy\/wp-json\/wp\/v2\/users\/165"}],"replies":[{"embeddable":true,"href":"https:\/\/www.alab.pl\/centrum-wiedzy\/wp-json\/wp\/v2\/comments?post=20061"}],"version-history":[{"count":2,"href":"https:\/\/www.alab.pl\/centrum-wiedzy\/wp-json\/wp\/v2\/posts\/20061\/revisions"}],"predecessor-version":[{"id":20065,"href":"https:\/\/www.alab.pl\/centrum-wiedzy\/wp-json\/wp\/v2\/posts\/20061\/revisions\/20065"}],"wp:featuredmedia":[{"embeddable":true,"href":"https:\/\/www.alab.pl\/centrum-wiedzy\/wp-json\/wp\/v2\/media\/20063"}],"wp:attachment":[{"href":"https:\/\/www.alab.pl\/centrum-wiedzy\/wp-json\/wp\/v2\/media?parent=20061"}],"wp:term":[{"taxonomy":"category","embeddable":true,"href":"https:\/\/www.alab.pl\/centrum-wiedzy\/wp-json\/wp\/v2\/categories?post=20061"},{"taxonomy":"post_tag","embeddable":true,"href":"https:\/\/www.alab.pl\/centrum-wiedzy\/wp-json\/wp\/v2\/tags?post=20061"},{"taxonomy":"author","embeddable":true,"href":"https:\/\/www.alab.pl\/centrum-wiedzy\/wp-json\/wp\/v2\/coauthors?post=20061"}],"curies":[{"name":"wp","href":"https:\/\/api.w.org\/{rel}","templated":true}]}}