{"id":20110,"date":"2024-12-20T08:30:00","date_gmt":"2024-12-20T07:30:00","guid":{"rendered":"https:\/\/www.alab.pl\/centrum-wiedzy\/?p=20110"},"modified":"2024-12-19T20:25:21","modified_gmt":"2024-12-19T19:25:21","slug":"goraczka-u-dziecka-kiedy-budzi-niepokoj","status":"publish","type":"post","link":"https:\/\/www.alab.pl\/centrum-wiedzy\/goraczka-u-dziecka-kiedy-budzi-niepokoj\/","title":{"rendered":"Gor\u0105czka u dziecka \u2013 kiedy budzi niepok\u00f3j?"},"content":{"rendered":"\n<p><strong>Gor\u0105czka jest powszechnym objawem u dziecka. Mo\u017ce towarzyszy\u0107 zwyk\u0142ej, niegro\u017anej infekcji wirusowej, jak i powa\u017cnym, zagra\u017caj\u0105cym \u017cyciu chorobom. Jak rozpozna\u0107, czy gor\u0105czka stanowi du\u017ce zagro\u017cenie? W jaki spos\u00f3b obni\u017ca\u0107 temperatur\u0119 cia\u0142a? Kiedy zg\u0142osi\u0107 si\u0119 po pomoc? Przeczytaj, a uzyskasz odpowiedzi na powy\u017csze oraz wiele innych pyta\u0144.<\/strong><\/p>\n\n\n\n<p>Spis tre\u015bci<\/p>\n\n\n\n<ol class=\"wp-block-list\">\n<li><a href=\"#Gor\u0105czka-u-dziecka-\u2013-jak-j\u0105-rozpozna\u0107?\">Gor\u0105czka u dziecka \u2013 jak j\u0105 rozpozna\u0107?<\/a><\/li>\n\n\n\n<li><a href=\"#Gor\u0105czka-u-dziecka-\u2013-jakie-s\u0105-jej-przyczyny?\">Gor\u0105czka u dziecka \u2013 jakie s\u0105 jej przyczyny?<\/a><\/li>\n\n\n\n<li><a href=\"#Gor\u0105czka-u-dziecka-\u2013-jak-mo\u017ce-przebiega\u0107?\">Gor\u0105czka u dziecka \u2013 jak mo\u017ce przebiega\u0107?<\/a><\/li>\n\n\n\n<li><a href=\"#https:\/\/www.alab.pl\/badanie\/morfologia-krwi-c55\">Jak obni\u017cy\u0107 gor\u0105czk\u0119 u dziecka?<\/a><\/li>\n\n\n\n<li><a href=\"#Gor\u0105czka-u-dziecka-\u2013-niepokoj\u0105ce-objawy\">Gor\u0105czka u dziecka \u2013 niepokoj\u0105ce objawy<\/a><\/li>\n\n\n\n<li><a href=\"#Wysoka-gor\u0105czka-u-dziecka-\u2013-kiedy-jest-niebezpieczna?\">Wysoka gor\u0105czka u dziecka \u2013 kiedy jest niebezpieczna?<\/a><\/li>\n\n\n\n<li><a href=\"#Nawracaj\u0105ca-gor\u0105czka-u-dziecka-bez-innych-objaw\u00f3w-\u2013-czy-jest-gro\u017ana?\">Nawracaj\u0105ca gor\u0105czka u dziecka bez innych objaw\u00f3w \u2013 czy jest gro\u017ana?<\/a><\/li>\n\n\n\n<li><a href=\"#Podsumowanie\">Podsumowanie<\/a><\/li>\n<\/ol>\n\n\n\n<h2 class=\"wp-block-heading\" id=\"Gor\u0105czka-u-dziecka-\u2013-jak-j\u0105-rozpozna\u0107?\">Gor\u0105czka u dziecka \u2013 jak j\u0105 rozpozna\u0107?<\/h2>\n\n\n\n<p>Parafrazuj\u0105c klasyka \u201ejaka gor\u0105czka jest, ka\u017cdy widzi\u201d. Nie istnieje jednak konsensus w \u015bwiecie medycznym co do jej jednoznacznej definicji. Mo\u017cna przyj\u0105\u0107, \u017ce gor\u0105czka to temperatura cia\u0142a przekraczaj\u0105ca norm\u0119, co jest skutkiem odpowiedzi organizmu na czynniki:<\/p>\n\n\n\n<ul class=\"wp-block-list\">\n<li>zewn\u0119trzne, np. przegrzanie,<\/li>\n\n\n\n<li>wewn\u0119trzne, np. infekcje, <a href=\"https:\/\/www.alab.pl\/centrum-wiedzy\/choroby-autoimmunologiczne-czym-sa-objawy-diagnostyka-i-leczenie\/\">choroby autoimmunologiczne<\/a>.<\/li>\n<\/ul>\n\n\n\n<p>Z powy\u017cszych wzgl\u0119d\u00f3w warto\u015b\u0107 temperatury cia\u0142a, przy kt\u00f3rej nale\u017cy rozpozna\u0107 gor\u0105czk\u0119, jest w literaturze zr\u00f3\u017cnicowana. Najcz\u0119\u015bciej podaje si\u0119, \u017ce nale\u017cy uzna\u0107 temperatur\u0119 wynosz\u0105c\u0105 przynajmniej:<\/p>\n\n\n\n<ul class=\"wp-block-list\">\n<li>38,3\u00b0C w odbytnicy,<\/li>\n\n\n\n<li>37,8\u00b0C w jamie ustnej,<\/li>\n\n\n\n<li>37,2\u00b0C w dole pachowym,<\/li>\n\n\n\n<li>powy\u017cej \u00a038\u00b0C a w uchu.<\/li>\n<\/ul>\n\n\n\n<p>Prozaicznym, ale niepozbawionym dowod\u00f3w post\u0119powaniem jest po prostu dotkni\u0119cie dziecka i subiektywna ocena, czy gor\u0105czkuje. Ka\u017cdorazowo nale\u017cy jednak zweryfikowa\u0107 obserwacj\u0119 obiektywnym pomiarem.<\/p>\n\n\n\n<h2 class=\"wp-block-heading\" id=\"Gor\u0105czka-u-dziecka-\u2013-jakie-s\u0105-jej-przyczyny?\">Gor\u0105czka u dziecka \u2013 jakie s\u0105 jej przyczyny?<\/h2>\n\n\n\n<p>W\u015br\u00f3d przyczyn gor\u0105czki wymieniane s\u0105 <strong>trzy du\u017ce grupy chor\u00f3b<\/strong>:<\/p>\n\n\n\n<ul class=\"wp-block-list\">\n<li><a href=\"https:\/\/www.alab.pl\/centrum-wiedzy\/infekcja\/\">infekcje<\/a>,<\/li>\n\n\n\n<li>choroby nowotworowe,<\/li>\n\n\n\n<li>choroby autoimmunologiczne.<\/li>\n<\/ul>\n\n\n\n<p>U dzieci zdecydowanie <strong>najcz\u0119stsze s\u0105 infekcje<\/strong>, z kt\u00f3rych wi\u0119kszo\u015b\u0107 ma \u0142agodny, niepowik\u0142any przebieg, co nie zawsze koreluje z ci\u0119\u017cko\u015bci\u0105 choroby podstawowej.<\/p>\n\n\n\n<h2 class=\"wp-block-heading\" id=\"Gor\u0105czka-u-dziecka-\u2013-jak-mo\u017ce-przebiega\u0107?\">Gor\u0105czka u dziecka \u2013 jak mo\u017ce przebiega\u0107?<\/h2>\n\n\n\n<p>Opracowania naukowe podaj\u0105, \u017ce istnieje kilka <strong>charakterystycznych przebieg\u00f3w<\/strong> gor\u0105czki:<\/p>\n\n\n\n<ul class=\"wp-block-list\">\n<li><strong>dwugarbna<\/strong> (dwuokresowa) \u2013 dwie fazy trwaj\u0105ce po 2-3 dni rozdzielone faz\u0105 normalizacji temperatury, towarzyszy np. infekcjom wirusowym g\u00f3rnych dr\u00f3g oddechowych,<\/li>\n\n\n\n<li><strong>ci\u0105g\u0142a<\/strong> (sta\u0142a) \u2013 trudna do opanowania, temperatura cia\u0142a waha si\u0119 o oko\u0142o 1 \u00b0C. Ten typ wyst\u0119puje np. w p\u0142atowym zapaleniu p\u0142uc,<\/li>\n\n\n\n<li><strong>przerywana<\/strong> \u2013 do\u015b\u0107 cz\u0119ste, naprzemienne okresy gor\u0105czki i prawid\u0142owej ciep\u0142oty cia\u0142a, towarzyszy np. <a href=\"https:\/\/www.alab.pl\/centrum-wiedzy\/choroby-tropikalne-malaria\/\">malarii<\/a>, bakteryjnemu zapaleniu wsierdzia,<\/li>\n\n\n\n<li><strong>zwalniaj\u0105ca<\/strong> \u2013 poranne i wieczorne wahania temperatury wynosz\u0105 wi\u0119cej ni\u017c 1\u00b0C. Mo\u017ce pojawi\u0107 si\u0119 w przebiegu <a href=\"https:\/\/www.alab.pl\/centrum-wiedzy\/zapalenie-pluc-u-dziecka-przyczyny-objawy-diagnostyka-i-leczenie\/\">zapalenia p\u0142uc<\/a> i\/lub posocznicy.<\/li>\n<\/ul>\n\n\n\n<p>Innym, klinicznym typem jest <strong>gor\u0105czka niewyja\u015bnionego pochodzenia<\/strong>, w kt\u00f3rej wzrost temperatury cia\u0142a jest wiod\u0105cym objawem trwaj\u0105cym od 7 do 10 dni bez innych uchwytnych nieprawid\u0142owo\u015bci. Ka\u017cdorazowo wymaga diagnostyki, u dziecka optymalnie w warunkach szpitalnych.<\/p>\n\n\n\n<figure class=\"wp-block-image size-full\"><a href=\"https:\/\/www.alab.pl\/badanie\/morfologia-krwi-c55\"><img loading=\"lazy\" decoding=\"async\" width=\"800\" height=\"200\" src=\"https:\/\/www.alab.pl\/centrum-wiedzy\/wp-content\/uploads\/2024\/09\/Morfologia-krwi-obwodowej-jpg.webp\" alt=\"Morfologia krwi obwodowej\" class=\"wp-image-16675\" srcset=\"https:\/\/www.alab.pl\/centrum-wiedzy\/wp-content\/uploads\/2024\/09\/Morfologia-krwi-obwodowej-jpg.webp 800w, https:\/\/www.alab.pl\/centrum-wiedzy\/wp-content\/uploads\/2024\/09\/Morfologia-krwi-obwodowej-jpg-768x192.webp 768w, https:\/\/www.alab.pl\/centrum-wiedzy\/wp-content\/uploads\/2024\/09\/Morfologia-krwi-obwodowej-jpg-150x38.webp 150w, https:\/\/www.alab.pl\/centrum-wiedzy\/wp-content\/uploads\/2024\/09\/Morfologia-krwi-obwodowej-jpg-300x75.webp 300w, https:\/\/www.alab.pl\/centrum-wiedzy\/wp-content\/uploads\/2024\/09\/Morfologia-krwi-obwodowej-jpg-696x174.webp 696w\" sizes=\"auto, (max-width: 800px) 100vw, 800px\" \/><\/a><\/figure>\n\n\n\n<h2 class=\"wp-block-heading\" id=\"https:\/\/www.alab.pl\/badanie\/morfologia-krwi-c55\">Jak obni\u017cy\u0107 gor\u0105czk\u0119 u dziecka?<\/h2>\n\n\n\n<p>Podstaw\u0105 post\u0119powania jest ustalenie \u017ar\u00f3d\u0142a gor\u0105czki, co w wi\u0119kszo\u015bci przypadk\u00f3w jest u dzieci do\u015b\u0107 szybkie i proste. Poza leczeniem przyczynowym \u2013 je\u015bli takowe jest konieczne i mo\u017cliwe &#8211; prowadzone jest leczenie objawowe, w tym obni\u017canie temperatury cia\u0142a.<\/p>\n\n\n\n<p><strong>Lekami I rzutu<\/strong> s\u0105 ibuprofen w dawce 8-10 mg na kg masy cia\u0142a na dawk\u0119 (do 3 razy dziennie) z <a href=\"https:\/\/www.alab.pl\/centrum-wiedzy\/paracetamol-dawkowanie-skutki-uboczne-interakcje\/\">paracetamolem<\/a> w dawce 10 &#8211; 15 mg na kg masy cia\u0142a na dawk\u0119 (do 3 razy dziennie). Mo\u017cna je podawa\u0107 naprzemiennie lub jednoczasowo.<\/p>\n\n\n\n<p>Lekiem II rzutu jest metamizol w dawce od 8 do 16 mg na kg masy cia\u0142a maksymalnie do 4 razy dziennie.<\/p>\n\n\n\n<p>Nale\u017cy pami\u0119ta\u0107 o kilku wa\u017cnych elementach post\u0119powania z dzieckiem gor\u0105czkuj\u0105cym:<\/p>\n\n\n\n<ul class=\"wp-block-list\">\n<li>dzieci posiadaj\u0105 du\u017cy stosunek powierzchni cia\u0142a do obj\u0119to\u015bci, co sprawia, \u017ce szybciej trac\u0105 wod\u0119 przez sk\u00f3r\u0119,<\/li>\n\n\n\n<li>sk\u00f3ra dziecka jest o wiele mniej szczeln\u0105 barier\u0105,<\/li>\n\n\n\n<li>zapotrzebowanie p\u0142ynowe przy gor\u0105czce gwa\u0142townie wzrasta,<\/li>\n\n\n\n<li>u odwodnionego dziecka mo\u017ce doj\u015b\u0107 do zaburze\u0144 elektrolitowych daj\u0105cych wt\u00f3rnie gor\u0105czk\u0119, kt\u00f3rej nie da si\u0119 opanowa\u0107 standardowymi lekami.<\/li>\n<\/ul>\n\n\n\n<p>Woda to substancja posiadaj\u0105ca du\u017c\u0105 pojemno\u015b\u0107 ciepln\u0105; pami\u0119taj, gdy Twoje dziecko gor\u0105czkuje, podaj <strong>p\u0142yny w du\u017cej ilo\u015bci<\/strong>! Ca\u0142kowite dobowe zapotrzebowanie p\u0142ynowe, w zale\u017cno\u015bci od masy cia\u0142a dziecka, wynosi:<\/p>\n\n\n\n<ul class=\"wp-block-list\">\n<li>100 ml na kg masy cia\u0142a od 0 do 10 kg,<\/li>\n\n\n\n<li>50 ml na ka\u017cdy kg powy\u017cej 10, a mniej ni\u017c 20 kg,<\/li>\n\n\n\n<li>20 ml na ka\u017cdy kg masy cia\u0142a powy\u017cej 20 kg.<\/li>\n<\/ul>\n\n\n\n<h2 class=\"wp-block-heading\" id=\"Gor\u0105czka-u-dziecka-\u2013-niepokoj\u0105ce-objawy\">Gor\u0105czka u dziecka \u2013 niepokoj\u0105ce objawy<\/h2>\n\n\n\n<p>Kilka wskaz\u00f3wek pozwala na szybkie wychwycenie, kiedy gor\u0105czka jest objawem bardzo niepokoj\u0105cym, wymagaj\u0105cym pilnej pomocy lekarskiej:<\/p>\n\n\n\n<ul class=\"wp-block-list\">\n<li>gor\u0105czka<strong> u noworodka<\/strong> &#8211; wskazanie do natychmiastowej hospitalizacji,<\/li>\n\n\n\n<li>gor\u0105czka u <strong>niemowl\u0119cia poni\u017cej 4. miesi\u0105ca \u017cycia<\/strong>, zw\u0142aszcza je\u015bli wsp\u00f3\u0142istnieje z innymi objawami,<\/li>\n\n\n\n<li>gor\u0105czka <strong>nieust\u0119puj\u0105ca<\/strong> mimo podawania lek\u00f3w przeciwgor\u0105czkowych, zw\u0142aszcza gdy towarzysz\u0105 jej objawy takie jak <a href=\"https:\/\/www.alab.pl\/centrum-wiedzy\/bole-glowy-u-dzieci-kiedy-powinny-niepokoic\/\">b\u00f3l g\u0142owy<\/a>, wymioty, przyspieszony oddech, zaburzenia \u015bwiadomo\u015bci, niewielka ilo\u015b\u0107 oddawanego <a href=\"https:\/\/www.alab.pl\/centrum-wiedzy\/mocz-jak-powstaje-kiedy-zrobic-badanie-i-jak-sie-przygotowac\/\">moczu<\/a>,<\/li>\n\n\n\n<li>gor\u0105czka <strong>bez uchwytnej przyczyny<\/strong> utrzymuj\u0105ca si\u0119 d\u0142u\u017cej ni\u017c 3 dni (przy dobrym stanie og\u00f3lnym dziecka),<\/li>\n\n\n\n<li>w ka\u017cdym przypadku, gdy gor\u0105czkuj\u0105ce dziecko sprawia wra\u017cenie \u201einnego\u201d, \u201edziwnego\u201d, wygl\u0105daj\u0105cego na bardzo chore \u2013 jest to zalecenie bardzo nieswoiste, ale niekiedy ratuj\u0105ce \u017cycie,<\/li>\n\n\n\n<li><strong>drgawki<\/strong> \u2013 utrata przytomno\u015bci z symetrycznym, kr\u00f3tkotrwa\u0142ym dr\u017ceniem ca\u0142ego cia\u0142a, samoust\u0119puj\u0105cym, wskazuje na drgawki gor\u0105czkowe proste. Utrata przytomno\u015bci i ka\u017cdy inny rodzaj dr\u017ce\u0144 wskazuje na drgawki z\u0142o\u017cone wymagaj\u0105ce pilnej hospitalizacji.<\/li>\n<\/ul>\n\n\n\n<figure class=\"wp-block-image size-full\"><a href=\"https:\/\/www.alab.pl\/badanie\/badanie-ogolne-moczu-a01\"><img loading=\"lazy\" decoding=\"async\" width=\"800\" height=\"200\" src=\"https:\/\/www.alab.pl\/centrum-wiedzy\/wp-content\/uploads\/2023\/07\/badanie-ogolne-moczu-jpg.webp\" alt=\"badanie og\u00f3lne moczu baner\" class=\"wp-image-7784\" srcset=\"https:\/\/www.alab.pl\/centrum-wiedzy\/wp-content\/uploads\/2023\/07\/badanie-ogolne-moczu-jpg.webp 800w, https:\/\/www.alab.pl\/centrum-wiedzy\/wp-content\/uploads\/2023\/07\/badanie-ogolne-moczu-jpg-768x192.webp 768w, https:\/\/www.alab.pl\/centrum-wiedzy\/wp-content\/uploads\/2023\/07\/badanie-ogolne-moczu-jpg-150x38.webp 150w, https:\/\/www.alab.pl\/centrum-wiedzy\/wp-content\/uploads\/2023\/07\/badanie-ogolne-moczu-jpg-300x75.webp 300w, https:\/\/www.alab.pl\/centrum-wiedzy\/wp-content\/uploads\/2023\/07\/badanie-ogolne-moczu-jpg-696x174.webp 696w\" sizes=\"auto, (max-width: 800px) 100vw, 800px\" \/><\/a><\/figure>\n\n\n\n<h2 class=\"wp-block-heading\" id=\"Wysoka-gor\u0105czka-u-dziecka-\u2013-kiedy-jest-niebezpieczna?\">Wysoka gor\u0105czka u dziecka \u2013 kiedy jest niebezpieczna?<\/h2>\n\n\n\n<p>Gor\u0105czka sama w sobie jest jednym z mechanizm\u00f3w obronnych. Podniesienie temperatury cia\u0142a ma zmobilizowa\u0107 <a href=\"https:\/\/www.alab.pl\/centrum-wiedzy\/jak-wzmocnic-uklad-immunologiczny\/\">uk\u0142ad odporno\u015bciowy<\/a> do wyt\u0119\u017conej pracy i zapobiega\u0107 namna\u017caniu si\u0119 zarazk\u00f3w. Zdarza si\u0119 jednak, \u017ce mechanizmy regulacji temperatury cia\u0142a zawodz\u0105.<\/p>\n\n\n\n<p>Wzrost temperatury cia\u0142a powy\u017cej 40\u00b0C jest niebezpieczny &#8211; w takiej temperaturze cz\u0119\u015b\u0107 bia\u0142ek w naszym organizmie mo\u017ce ulec uszkodzeniu.<\/p>\n\n\n\n<h2 class=\"wp-block-heading\" id=\"Nawracaj\u0105ca-gor\u0105czka-u-dziecka-bez-innych-objaw\u00f3w-\u2013-czy-jest-gro\u017ana?\">Nawracaj\u0105ca gor\u0105czka u dziecka bez innych objaw\u00f3w \u2013 czy jest gro\u017ana?<\/h2>\n\n\n\n<p>Ka\u017cdy przypadek nawracaj\u0105cych stan\u00f3w gor\u0105czkowych wymaga diagnostyki. W przypadku ich wyst\u0105pienia nale\u017cy uda\u0107 si\u0119 do specjalisty pediatrii, kt\u00f3ry odpowiednio ukierunkuje diagnostyk\u0119.<\/p>\n\n\n\n<figure class=\"wp-block-image size-full\"><a href=\"https:\/\/www.alab.pl\/badanie\/bialko-c-reaktywne-crp-ilosciowe-i81\"><img loading=\"lazy\" decoding=\"async\" width=\"800\" height=\"200\" src=\"https:\/\/www.alab.pl\/centrum-wiedzy\/wp-content\/uploads\/2023\/07\/Badanie-CRP-bialko-C-reaktywne-jpg.webp\" alt=\"CRP bia\u0142ko C-reaktywne\" class=\"wp-image-7340\" srcset=\"https:\/\/www.alab.pl\/centrum-wiedzy\/wp-content\/uploads\/2023\/07\/Badanie-CRP-bialko-C-reaktywne-jpg.webp 800w, https:\/\/www.alab.pl\/centrum-wiedzy\/wp-content\/uploads\/2023\/07\/Badanie-CRP-bialko-C-reaktywne-jpg-768x192.webp 768w, https:\/\/www.alab.pl\/centrum-wiedzy\/wp-content\/uploads\/2023\/07\/Badanie-CRP-bialko-C-reaktywne-jpg-150x38.webp 150w, https:\/\/www.alab.pl\/centrum-wiedzy\/wp-content\/uploads\/2023\/07\/Badanie-CRP-bialko-C-reaktywne-jpg-300x75.webp 300w, https:\/\/www.alab.pl\/centrum-wiedzy\/wp-content\/uploads\/2023\/07\/Badanie-CRP-bialko-C-reaktywne-jpg-696x174.webp 696w\" sizes=\"auto, (max-width: 800px) 100vw, 800px\" \/><\/a><\/figure>\n\n\n\n<h2 class=\"wp-block-heading\" id=\"Podsumowanie\">Podsumowanie<\/h2>\n\n\n\n<p>Gor\u0105czka jest zazwyczaj jednym z objaw\u00f3w typowych chor\u00f3b zaka\u017anych wieku dzieci\u0119cego. Zdarza si\u0119 jednak, \u017ce w ten spos\u00f3b objawiaj\u0105 si\u0119 bardzo powa\u017cne choroby, potencjalnie zagra\u017caj\u0105ce \u017cyciu. St\u0105d w przypadku wymienionych wy\u017cej niepokoj\u0105cych cech niezw\u0142ocznie zg\u0142o\u015b si\u0119 do lekarza.<\/p>\n\n\n\n<hr class=\"wp-block-separator has-alpha-channel-opacity\"\/>\n\n\n\n<p><strong>\u0179r\u00f3d\u0142a<\/strong><\/p>\n\n\n\n<ol class=\"wp-block-list\">\n<li>Barbi E, Marzuillo P, Neri E, Naviglio S, Krauss BS. Fever in Children: Pearls and Pitfalls. Children (Basel). 2017 Sep 1;4(9):81. doi: 10.3390\/children4090081. PMID: 28862659; PMCID: PMC5615271.https:\/\/pmc.ncbi.nlm.nih.gov\/articles\/PMC5615271\/ (dost\u0119p 17.12.2024 r.)<\/li>\n\n\n\n<li>Green C, Krafft H, Guyatt G, Martin D. Symptomatic fever management in children: A systematic review of national and international guidelines. PLoS One. 2021 Jun 17;16(6):e0245815. doi: 10.1371\/journal.pone.0245815. PMID: 34138848; PMCID: PMC8211223.https:\/\/pmc.ncbi.nlm.nih.gov\/articles\/PMC8211223\/ (dost\u0119p 17.12.2024 r.)<\/li>\n\n\n\n<li>El-Radhi AS. Fever management: Evidence vs current practice. World J Clin Pediatr. 2012 Dec 8;1(4):29-33. doi: 10.5409\/wjcp.v1.i4.29. PMID: 25254165; PMCID: PMC4145646. https:\/\/pmc.ncbi.nlm.nih.gov\/articles\/PMC4145646\/ (dow\u00f3d: 17.12.2024 r.)<\/li>\n\n\n\n<li>Standardy medyczneFever in children: daily practice and recommendations, with respect to emergency and special situations; Mieczys\u0142awa Czerwionka-Szaflarska, Ewa \u0141o\u015b-Rycharska; Katedra i Klinika Pediatrii, Alergologii i Gastroenterologii Collegium Medicum im. L. Rydygiera w Bydgoszczy, Uniwersytet im. M. Kopernika w Toruniu https:\/\/www.standardy.pl\/artykuly\/id\/836 (dost\u0119p 17.12.2024 r.)<\/li>\n\n\n\n<li>Pediatria tom I W. Kawalec, R.Grenda, H. Zi\u00f3\u0142kowska, 2024 (dost\u0119p 17.12.2024 r.)<\/li>\n\n\n\n<li>Trapani S, Fiordelisi A, Stinco M, Resti M. Update on Fever of Unknown Origin in Children: Focus on Etiologies and Clinical Approach. Children (Basel). 2023 Dec 24;11(1):20. doi: 10.3390\/children11010020. PMID: 38255334; PMCID: PMC10814770. https:\/\/pmc.ncbi.nlm.nih.gov\/articles\/PMC10814770\/ (dost\u0119p 17.12. 2024 r.)<\/li>\n<\/ol>\n","protected":false},"excerpt":{"rendered":"<p>Jak rozpozna\u0107, czy gor\u0105czka u dziecka stanowi du\u017ce zagro\u017cenie? W jaki spos\u00f3b obni\u017ca\u0107 temperatur\u0119 cia\u0142a? Kiedy zg\u0142osi\u0107 si\u0119 po pomoc? <\/p>\n","protected":false},"author":154,"featured_media":19891,"comment_status":"closed","ping_status":"closed","sticky":false,"template":"","format":"standard","meta":{"_acf_changed":false,"inline_featured_image":false,"footnotes":""},"categories":[30],"tags":[],"coauthors":[151],"class_list":{"0":"post-20110","1":"post","2":"type-post","3":"status-publish","4":"format-standard","5":"has-post-thumbnail","7":"category-zdrowie-dzieci-i-mlodziezy"},"acf":[],"yoast_head":"<!-- This site is optimized with the Yoast SEO plugin v27.5 - https:\/\/yoast.com\/product\/yoast-seo-wordpress\/ -->\n<title>Gor\u0105czka u dziecka \u2013 kiedy budzi niepok\u00f3j? - Centrum Wiedzy ALAB laboratoria<\/title>\n<meta name=\"description\" content=\"Jak rozpozna\u0107, czy gor\u0105czka u dziecka stanowi du\u017ce zagro\u017cenie? W jaki spos\u00f3b obni\u017ca\u0107 temperatur\u0119 cia\u0142a? Kiedy zg\u0142osi\u0107 si\u0119 po pomoc?\" \/>\n<meta name=\"robots\" content=\"index, follow, max-snippet:-1, max-image-preview:large, max-video-preview:-1\" \/>\n<link rel=\"canonical\" href=\"https:\/\/www.alab.pl\/centrum-wiedzy\/goraczka-u-dziecka-kiedy-budzi-niepokoj\/\" \/>\n<meta property=\"og:locale\" content=\"pl_PL\" \/>\n<meta property=\"og:type\" content=\"article\" \/>\n<meta property=\"og:title\" content=\"Gor\u0105czka u dziecka \u2013 kiedy budzi niepok\u00f3j? - Centrum Wiedzy ALAB laboratoria\" \/>\n<meta property=\"og:description\" content=\"Jak rozpozna\u0107, czy gor\u0105czka u dziecka stanowi du\u017ce zagro\u017cenie? W jaki spos\u00f3b obni\u017ca\u0107 temperatur\u0119 cia\u0142a? Kiedy zg\u0142osi\u0107 si\u0119 po pomoc?\" \/>\n<meta property=\"og:url\" content=\"https:\/\/www.alab.pl\/centrum-wiedzy\/goraczka-u-dziecka-kiedy-budzi-niepokoj\/\" \/>\n<meta property=\"og:site_name\" content=\"Centrum Wiedzy ALAB laboratoria\" \/>\n<meta property=\"article:publisher\" content=\"https:\/\/www.facebook.com\/ALABlaboratoria\" \/>\n<meta property=\"article:published_time\" content=\"2024-12-20T07:30:00+00:00\" \/>\n<meta property=\"og:image\" content=\"https:\/\/www.alab.pl\/centrum-wiedzy\/wp-content\/uploads\/2024\/12\/Goraczka-u-dziecka_cover.jpg\" \/>\n\t<meta property=\"og:image:width\" content=\"1925\" \/>\n\t<meta property=\"og:image:height\" content=\"1285\" \/>\n\t<meta property=\"og:image:type\" content=\"image\/jpeg\" \/>\n<meta name=\"author\" content=\"Damian Matusiak\" \/>\n<meta name=\"twitter:card\" content=\"summary_large_image\" \/>\n<meta name=\"twitter:label1\" content=\"Napisane przez\" \/>\n\t<meta name=\"twitter:data1\" content=\"Damian Matusiak\" \/>\n\t<meta name=\"twitter:label2\" content=\"Szacowany czas czytania\" \/>\n\t<meta name=\"twitter:data2\" content=\"8 minut\" \/>\n\t<meta name=\"twitter:label3\" content=\"Written by\" \/>\n\t<meta name=\"twitter:data3\" content=\"Damian Matusiak\" \/>\n<!-- \/ Yoast SEO plugin. -->","yoast_head_json":{"title":"Gor\u0105czka u dziecka \u2013 kiedy budzi niepok\u00f3j? - Centrum Wiedzy ALAB laboratoria","description":"Jak rozpozna\u0107, czy gor\u0105czka u dziecka stanowi du\u017ce zagro\u017cenie? W jaki spos\u00f3b obni\u017ca\u0107 temperatur\u0119 cia\u0142a? Kiedy zg\u0142osi\u0107 si\u0119 po pomoc?","robots":{"index":"index","follow":"follow","max-snippet":"max-snippet:-1","max-image-preview":"max-image-preview:large","max-video-preview":"max-video-preview:-1"},"canonical":"https:\/\/www.alab.pl\/centrum-wiedzy\/goraczka-u-dziecka-kiedy-budzi-niepokoj\/","og_locale":"pl_PL","og_type":"article","og_title":"Gor\u0105czka u dziecka \u2013 kiedy budzi niepok\u00f3j? - Centrum Wiedzy ALAB laboratoria","og_description":"Jak rozpozna\u0107, czy gor\u0105czka u dziecka stanowi du\u017ce zagro\u017cenie? W jaki spos\u00f3b obni\u017ca\u0107 temperatur\u0119 cia\u0142a? Kiedy zg\u0142osi\u0107 si\u0119 po pomoc?","og_url":"https:\/\/www.alab.pl\/centrum-wiedzy\/goraczka-u-dziecka-kiedy-budzi-niepokoj\/","og_site_name":"Centrum Wiedzy ALAB laboratoria","article_publisher":"https:\/\/www.facebook.com\/ALABlaboratoria","article_published_time":"2024-12-20T07:30:00+00:00","og_image":[{"width":1925,"height":1285,"url":"https:\/\/www.alab.pl\/centrum-wiedzy\/wp-content\/uploads\/2024\/12\/Goraczka-u-dziecka_cover.jpg","type":"image\/jpeg"}],"author":"Damian Matusiak","twitter_card":"summary_large_image","twitter_misc":{"Napisane przez":"Damian Matusiak","Szacowany czas czytania":"8 minut","Written by":"Damian Matusiak"},"schema":{"@context":"https:\/\/schema.org","@graph":[{"@type":"Article","@id":"https:\/\/www.alab.pl\/centrum-wiedzy\/goraczka-u-dziecka-kiedy-budzi-niepokoj\/#article","isPartOf":{"@id":"https:\/\/www.alab.pl\/centrum-wiedzy\/goraczka-u-dziecka-kiedy-budzi-niepokoj\/"},"author":{"name":"Damian Matusiak","@id":"https:\/\/www.alab.pl\/centrum-wiedzy\/#\/schema\/person\/5709fe1c1c909754033072d7f8155a44"},"headline":"Gor\u0105czka u dziecka \u2013 kiedy budzi niepok\u00f3j?","datePublished":"2024-12-20T07:30:00+00:00","mainEntityOfPage":{"@id":"https:\/\/www.alab.pl\/centrum-wiedzy\/goraczka-u-dziecka-kiedy-budzi-niepokoj\/"},"wordCount":1308,"publisher":{"@id":"https:\/\/www.alab.pl\/centrum-wiedzy\/#organization"},"image":{"@id":"https:\/\/www.alab.pl\/centrum-wiedzy\/goraczka-u-dziecka-kiedy-budzi-niepokoj\/#primaryimage"},"thumbnailUrl":"https:\/\/www.alab.pl\/centrum-wiedzy\/wp-content\/uploads\/2024\/12\/Goraczka-u-dziecka_cover.jpg","articleSection":["Zdrowie dzieci i m\u0142odzie\u017cy"],"inLanguage":"pl-PL"},{"@type":"WebPage","@id":"https:\/\/www.alab.pl\/centrum-wiedzy\/goraczka-u-dziecka-kiedy-budzi-niepokoj\/","url":"https:\/\/www.alab.pl\/centrum-wiedzy\/goraczka-u-dziecka-kiedy-budzi-niepokoj\/","name":"Gor\u0105czka u dziecka \u2013 kiedy budzi niepok\u00f3j? - Centrum Wiedzy ALAB laboratoria","isPartOf":{"@id":"https:\/\/www.alab.pl\/centrum-wiedzy\/#website"},"primaryImageOfPage":{"@id":"https:\/\/www.alab.pl\/centrum-wiedzy\/goraczka-u-dziecka-kiedy-budzi-niepokoj\/#primaryimage"},"image":{"@id":"https:\/\/www.alab.pl\/centrum-wiedzy\/goraczka-u-dziecka-kiedy-budzi-niepokoj\/#primaryimage"},"thumbnailUrl":"https:\/\/www.alab.pl\/centrum-wiedzy\/wp-content\/uploads\/2024\/12\/Goraczka-u-dziecka_cover.jpg","datePublished":"2024-12-20T07:30:00+00:00","description":"Jak rozpozna\u0107, czy gor\u0105czka u dziecka stanowi du\u017ce zagro\u017cenie? W jaki spos\u00f3b obni\u017ca\u0107 temperatur\u0119 cia\u0142a? Kiedy zg\u0142osi\u0107 si\u0119 po pomoc?","breadcrumb":{"@id":"https:\/\/www.alab.pl\/centrum-wiedzy\/goraczka-u-dziecka-kiedy-budzi-niepokoj\/#breadcrumb"},"inLanguage":"pl-PL","potentialAction":[{"@type":"ReadAction","target":["https:\/\/www.alab.pl\/centrum-wiedzy\/goraczka-u-dziecka-kiedy-budzi-niepokoj\/"]}]},{"@type":"ImageObject","inLanguage":"pl-PL","@id":"https:\/\/www.alab.pl\/centrum-wiedzy\/goraczka-u-dziecka-kiedy-budzi-niepokoj\/#primaryimage","url":"https:\/\/www.alab.pl\/centrum-wiedzy\/wp-content\/uploads\/2024\/12\/Goraczka-u-dziecka_cover.jpg","contentUrl":"https:\/\/www.alab.pl\/centrum-wiedzy\/wp-content\/uploads\/2024\/12\/Goraczka-u-dziecka_cover.jpg","width":1925,"height":1285,"caption":"Gora\u0328czka u dziecka_cover"},{"@type":"BreadcrumbList","@id":"https:\/\/www.alab.pl\/centrum-wiedzy\/goraczka-u-dziecka-kiedy-budzi-niepokoj\/#breadcrumb","itemListElement":[{"@type":"ListItem","position":1,"name":"Strona g\u0142\u00f3wna","item":"https:\/\/www.alab.pl\/centrum-wiedzy\/"},{"@type":"ListItem","position":2,"name":"Gor\u0105czka u dziecka \u2013 kiedy budzi niepok\u00f3j?"}]},{"@type":"WebSite","@id":"https:\/\/www.alab.pl\/centrum-wiedzy\/#website","url":"https:\/\/www.alab.pl\/centrum-wiedzy\/","name":"Centrum Wiedzy ALAB laboratoria","description":"","publisher":{"@id":"https:\/\/www.alab.pl\/centrum-wiedzy\/#organization"},"potentialAction":[{"@type":"SearchAction","target":{"@type":"EntryPoint","urlTemplate":"https:\/\/www.alab.pl\/centrum-wiedzy\/?s={search_term_string}"},"query-input":{"@type":"PropertyValueSpecification","valueRequired":true,"valueName":"search_term_string"}}],"inLanguage":"pl-PL"},{"@type":"Organization","@id":"https:\/\/www.alab.pl\/centrum-wiedzy\/#organization","name":"Centrum Wiedzy ALAB laboratoria","url":"https:\/\/www.alab.pl\/centrum-wiedzy\/","logo":{"@type":"ImageObject","inLanguage":"pl-PL","@id":"https:\/\/www.alab.pl\/centrum-wiedzy\/#\/schema\/logo\/image\/","url":"https:\/\/www.alab.pl\/centrum-wiedzy\/wp-content\/uploads\/2022\/04\/alabek.jpg","contentUrl":"https:\/\/www.alab.pl\/centrum-wiedzy\/wp-content\/uploads\/2022\/04\/alabek.jpg","width":1250,"height":1251,"caption":"Centrum Wiedzy ALAB laboratoria"},"image":{"@id":"https:\/\/www.alab.pl\/centrum-wiedzy\/#\/schema\/logo\/image\/"},"sameAs":["https:\/\/www.facebook.com\/ALABlaboratoria"]},{"@type":"Person","@id":"https:\/\/www.alab.pl\/centrum-wiedzy\/#\/schema\/person\/5709fe1c1c909754033072d7f8155a44","name":"Damian Matusiak","image":{"@type":"ImageObject","inLanguage":"pl-PL","@id":"https:\/\/www.alab.pl\/centrum-wiedzy\/wp-content\/uploads\/2023\/10\/Damian-Matusiak-jpg-150x150.webp4a39f9a6ab8bdce93cc7d4859c6e6401","url":"https:\/\/www.alab.pl\/centrum-wiedzy\/wp-content\/uploads\/2023\/10\/Damian-Matusiak-jpg-150x150.webp","contentUrl":"https:\/\/www.alab.pl\/centrum-wiedzy\/wp-content\/uploads\/2023\/10\/Damian-Matusiak-jpg-150x150.webp","caption":"Damian Matusiak"},"description":"Specjalista pediatrii, kieruj\u0105cy Oddzia\u0142em Pediatrycznym w Lesznie, absolwent Uniwersytetu Medycznego im. Karola Marcinkowskiego w Poznaniu; pasjonat ultrasonografii i nowinek ze \u015bwiata nauki.","url":"https:\/\/www.alab.pl\/centrum-wiedzy\/author\/damian-matusiak\/"}]}},"_links":{"self":[{"href":"https:\/\/www.alab.pl\/centrum-wiedzy\/wp-json\/wp\/v2\/posts\/20110","targetHints":{"allow":["GET"]}}],"collection":[{"href":"https:\/\/www.alab.pl\/centrum-wiedzy\/wp-json\/wp\/v2\/posts"}],"about":[{"href":"https:\/\/www.alab.pl\/centrum-wiedzy\/wp-json\/wp\/v2\/types\/post"}],"author":[{"embeddable":true,"href":"https:\/\/www.alab.pl\/centrum-wiedzy\/wp-json\/wp\/v2\/users\/154"}],"replies":[{"embeddable":true,"href":"https:\/\/www.alab.pl\/centrum-wiedzy\/wp-json\/wp\/v2\/comments?post=20110"}],"version-history":[{"count":2,"href":"https:\/\/www.alab.pl\/centrum-wiedzy\/wp-json\/wp\/v2\/posts\/20110\/revisions"}],"predecessor-version":[{"id":20113,"href":"https:\/\/www.alab.pl\/centrum-wiedzy\/wp-json\/wp\/v2\/posts\/20110\/revisions\/20113"}],"wp:featuredmedia":[{"embeddable":true,"href":"https:\/\/www.alab.pl\/centrum-wiedzy\/wp-json\/wp\/v2\/media\/19891"}],"wp:attachment":[{"href":"https:\/\/www.alab.pl\/centrum-wiedzy\/wp-json\/wp\/v2\/media?parent=20110"}],"wp:term":[{"taxonomy":"category","embeddable":true,"href":"https:\/\/www.alab.pl\/centrum-wiedzy\/wp-json\/wp\/v2\/categories?post=20110"},{"taxonomy":"post_tag","embeddable":true,"href":"https:\/\/www.alab.pl\/centrum-wiedzy\/wp-json\/wp\/v2\/tags?post=20110"},{"taxonomy":"author","embeddable":true,"href":"https:\/\/www.alab.pl\/centrum-wiedzy\/wp-json\/wp\/v2\/coauthors?post=20110"}],"curies":[{"name":"wp","href":"https:\/\/api.w.org\/{rel}","templated":true}]}}