{"id":20114,"date":"2024-12-20T09:00:00","date_gmt":"2024-12-20T08:00:00","guid":{"rendered":"https:\/\/www.alab.pl\/centrum-wiedzy\/?p=20114"},"modified":"2024-12-19T21:08:30","modified_gmt":"2024-12-19T20:08:30","slug":"powracajace-infekcje-i-alarmujace-statystyki-krztusiec-rozyczka-i-odra","status":"publish","type":"post","link":"https:\/\/www.alab.pl\/centrum-wiedzy\/powracajace-infekcje-i-alarmujace-statystyki-krztusiec-rozyczka-i-odra\/","title":{"rendered":"Powracaj\u0105ce infekcje i alarmuj\u0105ce statystyki: krztusiec, r\u00f3\u017cyczka i odra"},"content":{"rendered":"\n<p><strong>Powracaj\u0105ce infekcje stanowi\u0105 powa\u017cne wyzwanie zar\u00f3wno dla pacjent\u00f3w, jak i medyk\u00f3w, zw\u0142aszcza w przypadku wysoce zaka\u017anych chor\u00f3b, takich jak krztusiec, r\u00f3\u017cyczka i odra. Chocia\u017c infekcjom tym mo\u017cna w znacznym stopniu zapobiega\u0107 dzi\u0119ki powszechnym szczepieniom, w ostatnim czasie obserwujemy gwa\u0142towny wzrost liczby przypadk\u00f3w zachorowa\u0144.<\/strong><\/p>\n\n\n\n<p><strong>Dzieje si\u0119 tak m.in. z powodu os\u0142abienia odporno\u015bci zbiorowiskowej, kt\u00f3re jest skutkiem dzia\u0142ania ruch\u00f3w antyszczepionkowych, utrudnionego dost\u0119pu do szczepie\u0144 oraz pojawiania si\u0119 nowych wariant\u00f3w patogen\u00f3w.<\/strong><\/p>\n\n\n\n<p><strong>W niniejszym artykule analizujemy przyczyny powrotu (w przesz\u0142o\u015bci niemal\u017ce wyeliminowanych) chor\u00f3b zaka\u017anych, przedstawiamy kr\u00f3tk\u0105 charakterystyk\u0119 krztu\u015bca, r\u00f3\u017cyczki i odry oraz omawiamy zastosowanie test\u00f3w laboratoryjnych z krwi (serologicznych) w diagnostyce tych trzech powa\u017cnych infekcji.<\/strong><\/p>\n\n\n\n<p>Spis tre\u015bci:<\/p>\n\n\n\n<ol class=\"wp-block-list\">\n<li><a href=\"#\u201eWielka-tr\u00f3jka\u201d,-czyli-krztusiec,-r\u00f3\u017cyczka-i-odra\">\u201eWielka tr\u00f3jka\u201d, czyli krztusiec, r\u00f3\u017cyczka i odra<\/a>\n<ul class=\"wp-block-list\">\n<li><a href=\"#Krztusiec-(inaczej-koklusz)\">Krztusiec (inaczej koklusz)<\/a><\/li>\n\n\n\n<li><a href=\"#R\u00f3\u017cyczka\">R\u00f3\u017cyczka<\/a><\/li>\n\n\n\n<li><a href=\"#Odra\">Odra<\/a><\/li>\n<\/ul>\n<\/li>\n\n\n\n<li><a href=\"#Diagnostyka-serologiczna-infekcji\">Diagnostyka serologiczna infekcji<\/a><\/li>\n\n\n\n<li><a href=\"#Podsumowanie\">Podsumowanie<\/a><\/li>\n<\/ol>\n\n\n\n<h2 class=\"wp-block-heading\" id=\"\u201eWielka-tr\u00f3jka\u201d,-czyli-krztusiec,-r\u00f3\u017cyczka-i-odra\">\u201eWielka tr\u00f3jka\u201d, czyli krztusiec, r\u00f3\u017cyczka i odra<\/h2>\n\n\n\n<p>W ostatnim czasie odnotowano intensywny <strong>wzrost liczby zachorowa\u0144<\/strong> na:<\/p>\n\n\n\n<ul class=\"wp-block-list\">\n<li>krztusiec,<\/li>\n\n\n\n<li>r\u00f3\u017cyczk\u0119,<\/li>\n\n\n\n<li>odr\u0119.<\/li>\n<\/ul>\n\n\n\n<p>Lekarze s\u0105 zaniepokojeni obserwowan\u0105 tendencj\u0105, kt\u00f3ra wskazuje na obni\u017cenie <a href=\"https:\/\/www.alab.pl\/centrum-wiedzy\/odpornosc-populacyjna\/\">odporno\u015bci populacyjnej<\/a>. G\u0142\u00f3wnymi przyczynami tej sytuacji epidemicznej s\u0105:<\/p>\n\n\n\n<ul class=\"wp-block-list\">\n<li>dezinformacja,<\/li>\n\n\n\n<li>zak\u0142\u00f3cenia w programach szczepie\u0144.<\/li>\n<\/ul>\n\n\n\n<p>W przypadku krztu\u015bca wzrost liczby zaka\u017ce\u0144 jest zwi\u0105zany r\u00f3wnie\u017c z tym, \u017ce z up\u0142ywem czasu <a href=\"https:\/\/www.alab.pl\/centrum-wiedzy\/jak-wzmocnic-uklad-immunologiczny\/\">odporno\u015b\u0107<\/a> po szczepieniu s\u0142abnie<strong>.<\/strong><\/p>\n\n\n\n<h3 class=\"wp-block-heading\" id=\"Krztusiec-(inaczej-koklusz)\">Krztusiec (inaczej koklusz)<\/h3>\n\n\n\n<p><a href=\"https:\/\/www.alab.pl\/centrum-wiedzy\/krztusiec-choroba-napadowego-kaszlu\/\"><strong>Krztusiec<\/strong><\/a><strong> to infekcja dr\u00f3g oddechowych wywo\u0142ywana przez bakterie <em>Bordetella pertussis<\/em><\/strong>, kt\u00f3re niezwykle \u0142atwo rozprzestrzeniaj\u0105 si\u0119 drog\u0105 kropelkow\u0105. <strong>Jest szczeg\u00f3lnie niebezpieczny dla niemowl\u0105t i ma\u0142ych dzieci<\/strong>, kt\u00f3re stanowi\u0105 niemal wszystkie przypadki wymagaj\u0105ce hospitalizacji.<\/p>\n\n\n\n<p>Krztusiec wyst\u0119puje na ca\u0142ym \u015bwiecie, a szczyty epidemii pojawiaj\u0105 si\u0119<strong> co 2\u20135 lat.<\/strong> Jak wynika z danych \u015awiatowej Organizacji Zdrowia (ang. World Health Organization, WHO), <strong>ka\u017cdego roku odnotowuje do 40 milion\u00f3w <\/strong>przypadk\u00f3w krztu\u015bca, z czego<strong> 400 tysi\u0119cy ko\u0144czy si\u0119 \u015bmierci\u0105<\/strong>.<\/p>\n\n\n\n<p><strong>W Polsce <\/strong>wed\u0142ug oficjalnych danych <strong>od pocz\u0105tku 2024 roku <\/strong>do ko\u0144ca listopada odnotowano a\u017c 36 razy wi\u0119cej przypadk\u00f3w zachorowa\u0144 ni\u017c w tym samym okresie w roku poprzednim!<\/p>\n\n\n\n<figure class=\"wp-block-image size-full\"><a href=\"https:\/\/www.alab.pl\/badanie\/krztusiec-pc-igg-bordetella-pertussis-s07\"><img loading=\"lazy\" decoding=\"async\" width=\"800\" height=\"200\" src=\"https:\/\/www.alab.pl\/centrum-wiedzy\/wp-content\/uploads\/2023\/11\/Krztusiec-\u2013-badanie-przeciwcial-klasy-IgG-jpg.webp\" alt=\"\" class=\"wp-image-10096\" srcset=\"https:\/\/www.alab.pl\/centrum-wiedzy\/wp-content\/uploads\/2023\/11\/Krztusiec-\u2013-badanie-przeciwcial-klasy-IgG-jpg.webp 800w, https:\/\/www.alab.pl\/centrum-wiedzy\/wp-content\/uploads\/2023\/11\/Krztusiec-\u2013-badanie-przeciwcial-klasy-IgG-jpg-768x192.webp 768w, https:\/\/www.alab.pl\/centrum-wiedzy\/wp-content\/uploads\/2023\/11\/Krztusiec-\u2013-badanie-przeciwcial-klasy-IgG-jpg-150x38.webp 150w, https:\/\/www.alab.pl\/centrum-wiedzy\/wp-content\/uploads\/2023\/11\/Krztusiec-\u2013-badanie-przeciwcial-klasy-IgG-jpg-300x75.webp 300w, https:\/\/www.alab.pl\/centrum-wiedzy\/wp-content\/uploads\/2023\/11\/Krztusiec-\u2013-badanie-przeciwcial-klasy-IgG-jpg-696x174.webp 696w\" sizes=\"auto, (max-width: 800px) 100vw, 800px\" \/><\/a><\/figure>\n\n\n\n<h3 class=\"wp-block-heading\" id=\"R\u00f3\u017cyczka\">R\u00f3\u017cyczka<\/h3>\n\n\n\n<p><a href=\"https:\/\/www.alab.pl\/centrum-wiedzy\/rozyczka-objawy-leczenie-profilaktyka\/\"><strong>R\u00f3\u017cyczka<\/strong><\/a><strong> to ostra choroba wywo\u0142ywana przez wirusa r\u00f3\u017cyczki, charakteryzuj\u0105ca si\u0119 m.in.:<\/strong><\/p>\n\n\n\n<ul class=\"wp-block-list\">\n<li>gor\u0105czk\u0105,<\/li>\n\n\n\n<li>wysypk\u0105.<\/li>\n<\/ul>\n\n\n\n<p>Chocia\u017c przebieg choroby jest zwykle \u0142agodny, pierwotne <strong>zaka\u017cenie wirusem r\u00f3\u017cyczki we <\/strong><a href=\"https:\/\/www.alab.pl\/centrum-wiedzy\/pierwsze-objawy-ciazy-kiedy-sie-pojawiaja-i-jakie-badania-zrobic\/\"><strong>wczesnej ci\u0105\u017cy<\/strong><\/a><strong> mo\u017ce prowadzi\u0107 do zespo\u0142u r\u00f3\u017cyczki wrodzonej<\/strong> (ang. <em>congenital rubella syndrome<\/em>, CRS), <strong>kt\u00f3ry powoduje powa\u017cne powik\u0142ania zdrowotne dla dziecka<\/strong>. Wed\u0142ug szacunk\u00f3w WHO rocznie na \u015bwiecie wyst\u0119puje oko\u0142o 100 tysi\u0119cy przypadk\u00f3w zespo\u0142u r\u00f3\u017cyczki wrodzonej.<\/p>\n\n\n\n<figure class=\"wp-block-image size-full\"><a href=\"https:\/\/www.alab.pl\/badanie\/rubella-rozyczka-awidnosc-pc-igg\"><img loading=\"lazy\" decoding=\"async\" width=\"800\" height=\"200\" src=\"https:\/\/www.alab.pl\/centrum-wiedzy\/wp-content\/uploads\/2024\/04\/Rozyczka-badanie-przeciwcial-IgM-jpg.webp\" alt=\"Ro\u0301z\u0307yczka - badanie przeciwcia\u0142 IgM\" class=\"wp-image-12867\" srcset=\"https:\/\/www.alab.pl\/centrum-wiedzy\/wp-content\/uploads\/2024\/04\/Rozyczka-badanie-przeciwcial-IgM-jpg.webp 800w, https:\/\/www.alab.pl\/centrum-wiedzy\/wp-content\/uploads\/2024\/04\/Rozyczka-badanie-przeciwcial-IgM-jpg-768x192.webp 768w, https:\/\/www.alab.pl\/centrum-wiedzy\/wp-content\/uploads\/2024\/04\/Rozyczka-badanie-przeciwcial-IgM-jpg-150x38.webp 150w, https:\/\/www.alab.pl\/centrum-wiedzy\/wp-content\/uploads\/2024\/04\/Rozyczka-badanie-przeciwcial-IgM-jpg-300x75.webp 300w, https:\/\/www.alab.pl\/centrum-wiedzy\/wp-content\/uploads\/2024\/04\/Rozyczka-badanie-przeciwcial-IgM-jpg-696x174.webp 696w\" sizes=\"auto, (max-width: 800px) 100vw, 800px\" \/><\/a><\/figure>\n\n\n\n<h3 class=\"wp-block-heading\" id=\"Odra\">Odra<\/h3>\n\n\n\n<p><a href=\"https:\/\/www.alab.pl\/centrum-wiedzy\/odra-czy-grozi-nam-powrot-zapomnianej-choroby\/\"><strong>Odra<\/strong><\/a><strong> jest wysoce zaka\u017an\u0105 chorob\u0105 wywo\u0142ywan\u0105 przez wirusa odry<\/strong> z rodziny <em>Paramyxoviridae<\/em>. Rozpoczyna si\u0119 zwykle gor\u0105czk\u0105, <a href=\"https:\/\/www.alab.pl\/centrum-wiedzy\/przewlekly-chroniczny-katar-objawy-przyczyny-leczenie\/\">katarem<\/a>, <a href=\"https:\/\/www.alab.pl\/centrum-wiedzy\/przedluzajacy-sie-kaszel-jakie-badania-laboratoryjne-wykonac-by-rozpoczac-skuteczne-leczenie\/\">kaszlem<\/a> oraz <strong>charakterystyczn\u0105 plamisto-grudkow\u0105 wysypk\u0105<\/strong>.Powik\u0142ania wyst\u0119puj\u0105 u 10% do 40% pacjent\u00f3w, a leczenie ma g\u0142\u00f3wnie charakter objawowy.<\/p>\n\n\n\n<p>Szacuje si\u0119, \u017ce w latach 2000\u20132023 szczepienia zapobieg\u0142y 60 milionom zgon\u00f3w. Mimo to w wielu krajach rozwijaj\u0105cych si\u0119, szczeg\u00f3lnie w niekt\u00f3rych regionach Afryki i Azji, odra nadal jest powszechna.<\/p>\n\n\n\n<p>Jak wskazuj\u0105 dane WHO, w <strong>2023 roku na odr\u0119<\/strong> zachorowa\u0142o <strong>ponad 10 milion\u00f3w os\u00f3b<\/strong>, a <strong>zmar\u0142o oko\u0142o 107,5 tysi\u0105ca<\/strong>, z czego wi\u0119kszo\u015b\u0107 zgon\u00f3w stanowi\u0142y dzieci poni\u017cej 5. roku \u017cycia. W krajach Unii Europejskiej do ko\u0144ca listopada 2024 odnotowano prawie dziewi\u0119ciokrotnie wi\u0119cej przypadk\u00f3w odry ni\u017c w 2023 roku.<\/p>\n\n\n\n<p><strong>Eksperci prognozuj\u0105 wzrost liczby przypadk\u00f3w odry <\/strong>z powodu zbyt niskiego odsetka populacji zaszczepionej dwiema dawkami szczepionki oraz wysokiego ryzyka przywleczenia zaka\u017ce\u0144 z region\u00f3w, gdzie obecnie obserwuje si\u0119 intensywn\u0105 aktywno\u015b\u0107 wirusa odry.<\/p>\n\n\n\n<figure class=\"wp-block-image size-full\"><a href=\"https:\/\/www.alab.pl\/badanie\/pc-przeciw-wirusowi-odry-igm-i-igg\"><img loading=\"lazy\" decoding=\"async\" width=\"800\" height=\"200\" src=\"https:\/\/www.alab.pl\/centrum-wiedzy\/wp-content\/uploads\/2024\/02\/Badanie-przeciwcial-IgG-przeciwko-wirusowi-odry-jpg.webp\" alt=\"\" class=\"wp-image-12308\" srcset=\"https:\/\/www.alab.pl\/centrum-wiedzy\/wp-content\/uploads\/2024\/02\/Badanie-przeciwcial-IgG-przeciwko-wirusowi-odry-jpg.webp 800w, https:\/\/www.alab.pl\/centrum-wiedzy\/wp-content\/uploads\/2024\/02\/Badanie-przeciwcial-IgG-przeciwko-wirusowi-odry-jpg-768x192.webp 768w, https:\/\/www.alab.pl\/centrum-wiedzy\/wp-content\/uploads\/2024\/02\/Badanie-przeciwcial-IgG-przeciwko-wirusowi-odry-jpg-150x38.webp 150w, https:\/\/www.alab.pl\/centrum-wiedzy\/wp-content\/uploads\/2024\/02\/Badanie-przeciwcial-IgG-przeciwko-wirusowi-odry-jpg-300x75.webp 300w, https:\/\/www.alab.pl\/centrum-wiedzy\/wp-content\/uploads\/2024\/02\/Badanie-przeciwcial-IgG-przeciwko-wirusowi-odry-jpg-696x174.webp 696w\" sizes=\"auto, (max-width: 800px) 100vw, 800px\" \/><\/a><\/figure>\n\n\n\n<h2 class=\"wp-block-heading\" id=\"Diagnostyka-serologiczna-infekcji\">Diagnostyka serologiczna infekcji<\/h2>\n\n\n\n<p>W diagnostyce powracaj\u0105cych infekcji wa\u017cn\u0105 rol\u0119 odgrywaj\u0105<a href=\"https:\/\/www.alab.pl\/centrum-wiedzy\/badania-serologiczne-co-to-jest-serologia-na-czym-polegaja-badania-i-kiedy-sie-je-wykonuje\/\"><strong>badania serologiczne<\/strong><\/a><strong>, <\/strong>wykonywane z pr\u00f3bki krwi. S\u0105 one oparte na zaawansowanych metodach, takich jak:<\/p>\n\n\n\n<ul class=\"wp-block-list\">\n<li><strong>immunoenzymatyczna ELISA <\/strong>(ang.<em>enzyme-linked immunosorbent assay<\/em>),<\/li>\n\n\n\n<li><strong>monospecyficzne testy typu immunoblot, <\/strong>kt\u00f3re umo\u017cliwiaj\u0105 precyzyjne wykrycie specyficznych przeciwcia\u0142.<\/li>\n<\/ul>\n\n\n\n<p><strong>U pacjent\u00f3w z podejrzeniem krztu\u015bca badania serologiczne <\/strong>powinny by\u0107 wykonywane w przypadku<strong> kaszlu, kt\u00f3ry utrzymuje si\u0119 powy\u017cej 2\u20133 tygodni<\/strong>.We krwi wykrywa si\u0119 specyficzne przeciwcia\u0142a w klasie IgA, IgM, ale zgodnie z rekomendacjami najwi\u0119ksze znaczenie ma badanie w kierunku przeciwcia\u0142 w klasie IgG.<\/p>\n\n\n\n<p>Podstawowym testem jest<strong> test ELISA <\/strong>dla przeciwcia\u0142 przeciwko toksynie krztu\u015bcowej w klasie IgG, b\u0119d\u0105cy rekomendowanym badaniem przesiewowym.<\/p>\n\n\n\n<p>Do diagnostyki r\u00f3\u017cyczki cz\u0119sto wykorzystuje si\u0119 <strong>test awidno\u015bci ELISA, r\u00f3\u017cnicuj\u0105cy mi\u0119dzy \u015bwie\u017cym a przewlek\u0142ym zaka\u017ceniem<\/strong>. Uk\u0142ad odporno\u015bciowy reaguje na infekcj\u0119, wytwarzaj\u0105c najpierw przeciwcia\u0142a o niskiej awidno\u015bci, czyli s\u0142abo wi\u0105\u017c\u0105ce si\u0119 z antygenami. W miar\u0119 trwania choroby produkowane s\u0105 przeciwcia\u0142a IgG o wy\u017cszej awidno\u015bci. <strong>Wykrycie w surowicy krwi przeciwcia\u0142 klasy IgG o niskiej awidno\u015bci sugeruje \u015bwie\u017c\u0105 infekcj\u0119.<\/strong><\/p>\n\n\n\n<p>W przypadku <strong>serologicznej diagnostyki odry<\/strong> w wytycznych WHO <strong>rekomendowane<\/strong> <strong>s\u0105 m.in. testy oparte na metodzie ELISA<\/strong>. Na szczeg\u00f3ln\u0105 uwag\u0119 zas\u0142uguje <strong>test&nbsp;z zastosowaniem jako antygenu nukleoproteiny wirusa odry<\/strong>.<\/p>\n\n\n\n<p>Nukleoproteina jest jednym z najbardziej immunogennych bia\u0142ek wirusa odry. Organizm ludzki wytwarza przeciwko niej siln\u0105 odpowied\u017a immunologiczn\u0105. Testy oparte na nukleoproteinie charakteryzuj\u0105 si\u0119 <strong>wy\u017csz\u0105 swoisto\u015bci\u0105 w por\u00f3wnaniu z konwencjonalnymi testami opartymi na pe\u0142nych lizatach wirusowych<\/strong>.<\/p>\n\n\n\n<p>Interpretacja wynik\u00f3w bada\u0144 serologicznych powinna by\u0107 przeprowadzana przez <strong>lekarza<\/strong> z uwzgl\u0119dnieniem stanu klinicznego pacjenta, historii szczepie\u0144 oraz ewentualnych wcze\u015bniejszych wynik\u00f3w bada\u0144. Prawid\u0142owa ocena wynik\u00f3w jest kluczowa dla postawienia trafnej diagnozy i wdro\u017cenia odpowiedniego leczenia lub profilaktyki.<\/p>\n\n\n\n<h2 class=\"wp-block-heading\" id=\"Podsumowanie\">Podsumowanie<\/h2>\n\n\n\n<p>Powracaj\u0105ce infekcje, takie jak krztusiec, r\u00f3\u017cyczka czy odra, wci\u0105\u017c stanowi\u0105 istotne wyzwanie zdrowotne, pomimo dost\u0119pno\u015bci skutecznych szczepie\u0144. Wzrost liczby zachorowa\u0144 wynika g\u0142\u00f3wnie z niewystarczaj\u0105cego poziomu wyszczepialno\u015bci oraz obni\u017cenia odporno\u015bci populacyjnej. Je\u015bli masz w\u0105tpliwo\u015bci dotycz\u0105ce swojej odporno\u015bci lub podejrzewasz trwaj\u0105c\u0105 infekcj\u0119, skonsultuj si\u0119 z lekarzem.<\/p>\n\n\n\n<hr class=\"wp-block-separator has-alpha-channel-opacity\"\/>\n\n\n\n<p><strong>Pi\u015bmiennictwo<\/strong><\/p>\n\n\n\n<ol class=\"wp-block-list\">\n<li>Decker D.M. et al., <em>Pertussis (Whooping Cough)<\/em>,\u00a0The Journal of Infectious Diseases 2021; 224 (4): 310\u2013320. [dost\u0119p 16.12.2024]<\/li>\n\n\n\n<li>Winter K.A. et al., <em>Rubella<\/em>, The Lancet 2022; 399 (10332): 1336\u20131346.[dost\u0119p 16.12.2024]<\/li>\n\n\n\n<li>https:\/\/www.who.int\/news-room\/fact-sheets\/detail\/measles [dost\u0119p: 02.12.2024].<\/li>\n\n\n\n<li>https:\/\/www.who.int\/news-room\/fact-sheets\/detail\/rubella [dost\u0119p: 02.12.2024].<\/li>\n\n\n\n<li>https:\/\/epibaza.pzh.gov.pl\/story\/krztusiec-informacje-og%C3%B3lne [dost\u0119p: 03.12.2024].<\/li>\n\n\n\n<li>https:\/\/www.gov.pl\/web\/psse-miechow\/alarmujacy-wzrost-zachorowan-na-odre-w-europie [dost\u0119p: 03.12.2024].<\/li>\n\n\n\n<li>https:\/\/measles-rubella-monthly.ecdc.europa.eu\/ [dost\u0119p: 03.12.2024].<\/li>\n\n\n\n<li>Zak\u0142ad Epidemiologii Chor\u00f3b Zaka\u017anych i Nadzoru NIZP PZH \u2013 PIB, <em>Zachorowania na wybrane choroby zaka\u017ane w Polsce od 1 stycznia do 30 listopada 2024 r. oraz w por\u00f3wnywalnym okresie 2023 r<\/em>.,Departament Zapobiegania i Kontroli Chor\u00f3b Zaka\u017anych GIS. [dost\u0119p 16.12.2024]<\/li>\n\n\n\n<li>Bester J.C., <em>Measles and Measles Vaccination:\u00a0A Review<\/em>,\u00a0JAMA Pediatr.\u00a02016; 170 (12): 1209\u20131215, doi:10.1001\/jamapediatrics.2016.1787. [dost\u0119p 16.12.2024]<\/li>\n<\/ol>\n","protected":false},"excerpt":{"rendered":"<p>Dlaczego krztusiec, r\u00f3\u017cyczka i odra powracaj\u0105? Analizujemy przyczyny oraz rol\u0119 diagnostyki serologicznej w ich wykrywaniu.<\/p>\n","protected":false},"author":157,"featured_media":19938,"comment_status":"closed","ping_status":"closed","sticky":false,"template":"","format":"standard","meta":{"_acf_changed":false,"inline_featured_image":false,"footnotes":""},"categories":[23],"tags":[],"coauthors":[164],"class_list":{"0":"post-20114","1":"post","2":"type-post","3":"status-publish","4":"format-standard","5":"has-post-thumbnail","7":"category-infekcje-i-pasozyty"},"acf":[],"yoast_head":"<!-- This site is optimized with the Yoast SEO plugin v27.5 - https:\/\/yoast.com\/product\/yoast-seo-wordpress\/ -->\n<title>Powracaj\u0105ce infekcje i alarmuj\u0105ce statystyki: krztusiec, r\u00f3\u017cyczka i odra - Centrum Wiedzy ALAB laboratoria<\/title>\n<meta name=\"description\" content=\"Dlaczego krztusiec, r\u00f3\u017cyczka i odra powracaj\u0105? Analizujemy przyczyny oraz rol\u0119 diagnostyki serologicznej w ich wykrywaniu.\" \/>\n<meta name=\"robots\" content=\"index, follow, max-snippet:-1, max-image-preview:large, max-video-preview:-1\" \/>\n<link rel=\"canonical\" href=\"https:\/\/www.alab.pl\/centrum-wiedzy\/powracajace-infekcje-i-alarmujace-statystyki-krztusiec-rozyczka-i-odra\/\" \/>\n<meta property=\"og:locale\" content=\"pl_PL\" \/>\n<meta property=\"og:type\" content=\"article\" \/>\n<meta property=\"og:title\" content=\"Powracaj\u0105ce infekcje i alarmuj\u0105ce statystyki: krztusiec, r\u00f3\u017cyczka i odra - Centrum Wiedzy ALAB laboratoria\" \/>\n<meta property=\"og:description\" content=\"Dlaczego krztusiec, r\u00f3\u017cyczka i odra powracaj\u0105? Analizujemy przyczyny oraz rol\u0119 diagnostyki serologicznej w ich wykrywaniu.\" \/>\n<meta property=\"og:url\" content=\"https:\/\/www.alab.pl\/centrum-wiedzy\/powracajace-infekcje-i-alarmujace-statystyki-krztusiec-rozyczka-i-odra\/\" \/>\n<meta property=\"og:site_name\" content=\"Centrum Wiedzy ALAB laboratoria\" \/>\n<meta property=\"article:publisher\" content=\"https:\/\/www.facebook.com\/ALABlaboratoria\" \/>\n<meta property=\"article:published_time\" content=\"2024-12-20T08:00:00+00:00\" \/>\n<meta property=\"og:image\" content=\"https:\/\/www.alab.pl\/centrum-wiedzy\/wp-content\/uploads\/2024\/12\/powracajace_infekcje_cover_1.jpg\" \/>\n\t<meta property=\"og:image:width\" content=\"1925\" \/>\n\t<meta property=\"og:image:height\" content=\"1285\" \/>\n\t<meta property=\"og:image:type\" content=\"image\/jpeg\" \/>\n<meta name=\"author\" content=\"Izabella Podsiad\u0142y\" \/>\n<meta name=\"twitter:card\" content=\"summary_large_image\" \/>\n<meta name=\"twitter:label1\" content=\"Napisane przez\" \/>\n\t<meta name=\"twitter:data1\" content=\"Izabella Podsiad\u0142y\" \/>\n\t<meta name=\"twitter:label2\" content=\"Szacowany czas czytania\" \/>\n\t<meta name=\"twitter:data2\" content=\"7 minut\" \/>\n\t<meta name=\"twitter:label3\" content=\"Written by\" \/>\n\t<meta name=\"twitter:data3\" content=\"Izabella Podsiad\u0142y\" \/>\n<!-- \/ Yoast SEO plugin. -->","yoast_head_json":{"title":"Powracaj\u0105ce infekcje i alarmuj\u0105ce statystyki: krztusiec, r\u00f3\u017cyczka i odra - Centrum Wiedzy ALAB laboratoria","description":"Dlaczego krztusiec, r\u00f3\u017cyczka i odra powracaj\u0105? Analizujemy przyczyny oraz rol\u0119 diagnostyki serologicznej w ich wykrywaniu.","robots":{"index":"index","follow":"follow","max-snippet":"max-snippet:-1","max-image-preview":"max-image-preview:large","max-video-preview":"max-video-preview:-1"},"canonical":"https:\/\/www.alab.pl\/centrum-wiedzy\/powracajace-infekcje-i-alarmujace-statystyki-krztusiec-rozyczka-i-odra\/","og_locale":"pl_PL","og_type":"article","og_title":"Powracaj\u0105ce infekcje i alarmuj\u0105ce statystyki: krztusiec, r\u00f3\u017cyczka i odra - Centrum Wiedzy ALAB laboratoria","og_description":"Dlaczego krztusiec, r\u00f3\u017cyczka i odra powracaj\u0105? Analizujemy przyczyny oraz rol\u0119 diagnostyki serologicznej w ich wykrywaniu.","og_url":"https:\/\/www.alab.pl\/centrum-wiedzy\/powracajace-infekcje-i-alarmujace-statystyki-krztusiec-rozyczka-i-odra\/","og_site_name":"Centrum Wiedzy ALAB laboratoria","article_publisher":"https:\/\/www.facebook.com\/ALABlaboratoria","article_published_time":"2024-12-20T08:00:00+00:00","og_image":[{"width":1925,"height":1285,"url":"https:\/\/www.alab.pl\/centrum-wiedzy\/wp-content\/uploads\/2024\/12\/powracajace_infekcje_cover_1.jpg","type":"image\/jpeg"}],"author":"Izabella Podsiad\u0142y","twitter_card":"summary_large_image","twitter_misc":{"Napisane przez":"Izabella Podsiad\u0142y","Szacowany czas czytania":"7 minut","Written by":"Izabella Podsiad\u0142y"},"schema":{"@context":"https:\/\/schema.org","@graph":[{"@type":"Article","@id":"https:\/\/www.alab.pl\/centrum-wiedzy\/powracajace-infekcje-i-alarmujace-statystyki-krztusiec-rozyczka-i-odra\/#article","isPartOf":{"@id":"https:\/\/www.alab.pl\/centrum-wiedzy\/powracajace-infekcje-i-alarmujace-statystyki-krztusiec-rozyczka-i-odra\/"},"author":{"name":"Izabella Podsiad\u0142y","@id":"https:\/\/www.alab.pl\/centrum-wiedzy\/#\/schema\/person\/90a14d72e6535e8d093a57494c3ab4c1"},"headline":"Powracaj\u0105ce infekcje i alarmuj\u0105ce statystyki: krztusiec, r\u00f3\u017cyczka i odra","datePublished":"2024-12-20T08:00:00+00:00","mainEntityOfPage":{"@id":"https:\/\/www.alab.pl\/centrum-wiedzy\/powracajace-infekcje-i-alarmujace-statystyki-krztusiec-rozyczka-i-odra\/"},"wordCount":1099,"publisher":{"@id":"https:\/\/www.alab.pl\/centrum-wiedzy\/#organization"},"image":{"@id":"https:\/\/www.alab.pl\/centrum-wiedzy\/powracajace-infekcje-i-alarmujace-statystyki-krztusiec-rozyczka-i-odra\/#primaryimage"},"thumbnailUrl":"https:\/\/www.alab.pl\/centrum-wiedzy\/wp-content\/uploads\/2024\/12\/powracajace_infekcje_cover_1.jpg","articleSection":["Infekcje i paso\u017cyty"],"inLanguage":"pl-PL"},{"@type":"WebPage","@id":"https:\/\/www.alab.pl\/centrum-wiedzy\/powracajace-infekcje-i-alarmujace-statystyki-krztusiec-rozyczka-i-odra\/","url":"https:\/\/www.alab.pl\/centrum-wiedzy\/powracajace-infekcje-i-alarmujace-statystyki-krztusiec-rozyczka-i-odra\/","name":"Powracaj\u0105ce infekcje i alarmuj\u0105ce statystyki: krztusiec, r\u00f3\u017cyczka i odra - Centrum Wiedzy ALAB laboratoria","isPartOf":{"@id":"https:\/\/www.alab.pl\/centrum-wiedzy\/#website"},"primaryImageOfPage":{"@id":"https:\/\/www.alab.pl\/centrum-wiedzy\/powracajace-infekcje-i-alarmujace-statystyki-krztusiec-rozyczka-i-odra\/#primaryimage"},"image":{"@id":"https:\/\/www.alab.pl\/centrum-wiedzy\/powracajace-infekcje-i-alarmujace-statystyki-krztusiec-rozyczka-i-odra\/#primaryimage"},"thumbnailUrl":"https:\/\/www.alab.pl\/centrum-wiedzy\/wp-content\/uploads\/2024\/12\/powracajace_infekcje_cover_1.jpg","datePublished":"2024-12-20T08:00:00+00:00","description":"Dlaczego krztusiec, r\u00f3\u017cyczka i odra powracaj\u0105? Analizujemy przyczyny oraz rol\u0119 diagnostyki serologicznej w ich wykrywaniu.","breadcrumb":{"@id":"https:\/\/www.alab.pl\/centrum-wiedzy\/powracajace-infekcje-i-alarmujace-statystyki-krztusiec-rozyczka-i-odra\/#breadcrumb"},"inLanguage":"pl-PL","potentialAction":[{"@type":"ReadAction","target":["https:\/\/www.alab.pl\/centrum-wiedzy\/powracajace-infekcje-i-alarmujace-statystyki-krztusiec-rozyczka-i-odra\/"]}]},{"@type":"ImageObject","inLanguage":"pl-PL","@id":"https:\/\/www.alab.pl\/centrum-wiedzy\/powracajace-infekcje-i-alarmujace-statystyki-krztusiec-rozyczka-i-odra\/#primaryimage","url":"https:\/\/www.alab.pl\/centrum-wiedzy\/wp-content\/uploads\/2024\/12\/powracajace_infekcje_cover_1.jpg","contentUrl":"https:\/\/www.alab.pl\/centrum-wiedzy\/wp-content\/uploads\/2024\/12\/powracajace_infekcje_cover_1.jpg","width":1925,"height":1285,"caption":"powracaj\u0105ce infekcje"},{"@type":"BreadcrumbList","@id":"https:\/\/www.alab.pl\/centrum-wiedzy\/powracajace-infekcje-i-alarmujace-statystyki-krztusiec-rozyczka-i-odra\/#breadcrumb","itemListElement":[{"@type":"ListItem","position":1,"name":"Strona g\u0142\u00f3wna","item":"https:\/\/www.alab.pl\/centrum-wiedzy\/"},{"@type":"ListItem","position":2,"name":"Powracaj\u0105ce infekcje i alarmuj\u0105ce statystyki: krztusiec, r\u00f3\u017cyczka i odra"}]},{"@type":"WebSite","@id":"https:\/\/www.alab.pl\/centrum-wiedzy\/#website","url":"https:\/\/www.alab.pl\/centrum-wiedzy\/","name":"Centrum Wiedzy ALAB laboratoria","description":"","publisher":{"@id":"https:\/\/www.alab.pl\/centrum-wiedzy\/#organization"},"potentialAction":[{"@type":"SearchAction","target":{"@type":"EntryPoint","urlTemplate":"https:\/\/www.alab.pl\/centrum-wiedzy\/?s={search_term_string}"},"query-input":{"@type":"PropertyValueSpecification","valueRequired":true,"valueName":"search_term_string"}}],"inLanguage":"pl-PL"},{"@type":"Organization","@id":"https:\/\/www.alab.pl\/centrum-wiedzy\/#organization","name":"Centrum Wiedzy ALAB laboratoria","url":"https:\/\/www.alab.pl\/centrum-wiedzy\/","logo":{"@type":"ImageObject","inLanguage":"pl-PL","@id":"https:\/\/www.alab.pl\/centrum-wiedzy\/#\/schema\/logo\/image\/","url":"https:\/\/www.alab.pl\/centrum-wiedzy\/wp-content\/uploads\/2022\/04\/alabek.jpg","contentUrl":"https:\/\/www.alab.pl\/centrum-wiedzy\/wp-content\/uploads\/2022\/04\/alabek.jpg","width":1250,"height":1251,"caption":"Centrum Wiedzy ALAB laboratoria"},"image":{"@id":"https:\/\/www.alab.pl\/centrum-wiedzy\/#\/schema\/logo\/image\/"},"sameAs":["https:\/\/www.facebook.com\/ALABlaboratoria"]},{"@type":"Person","@id":"https:\/\/www.alab.pl\/centrum-wiedzy\/#\/schema\/person\/90a14d72e6535e8d093a57494c3ab4c1","name":"Izabella Podsiad\u0142y","image":{"@type":"ImageObject","inLanguage":"pl-PL","@id":"https:\/\/www.alab.pl\/centrum-wiedzy\/wp-content\/uploads\/2023\/11\/Izabella-Podsiadly-jpg-150x150.webp5249836aaf73e5f3f76cc25f0b34c098","url":"https:\/\/www.alab.pl\/centrum-wiedzy\/wp-content\/uploads\/2023\/11\/Izabella-Podsiadly-jpg-150x150.webp","contentUrl":"https:\/\/www.alab.pl\/centrum-wiedzy\/wp-content\/uploads\/2023\/11\/Izabella-Podsiadly-jpg-150x150.webp","caption":"Izabella Podsiad\u0142y"},"description":"Z wykszta\u0142cenia magister in\u017cynier biotechnologii, absolwentka Politechniki Wroc\u0142awskiej. W 2019 r. wyjecha\u0142a na dwuletni sta\u017c zagraniczny BioLab na Uniwersytecie Wirginii (Charlottesville, USA), gdzie prowadzi\u0142a badania nad bia\u0142kami zaanga\u017cowanymi w proces powstawania bia\u0142aczki oraz poszerza\u0142a swoje wiedz\u0119 i do\u015bwiadczenie w pracy laboratoryjnej. W firmie EUROIMMUN pracuje od 2021 roku i zajmuje si\u0119 przede wszystkim produktami do diagnostyki gru\u017alicy.","url":"https:\/\/www.alab.pl\/centrum-wiedzy\/author\/izabella-podsiadly\/"}]}},"_links":{"self":[{"href":"https:\/\/www.alab.pl\/centrum-wiedzy\/wp-json\/wp\/v2\/posts\/20114","targetHints":{"allow":["GET"]}}],"collection":[{"href":"https:\/\/www.alab.pl\/centrum-wiedzy\/wp-json\/wp\/v2\/posts"}],"about":[{"href":"https:\/\/www.alab.pl\/centrum-wiedzy\/wp-json\/wp\/v2\/types\/post"}],"author":[{"embeddable":true,"href":"https:\/\/www.alab.pl\/centrum-wiedzy\/wp-json\/wp\/v2\/users\/157"}],"replies":[{"embeddable":true,"href":"https:\/\/www.alab.pl\/centrum-wiedzy\/wp-json\/wp\/v2\/comments?post=20114"}],"version-history":[{"count":2,"href":"https:\/\/www.alab.pl\/centrum-wiedzy\/wp-json\/wp\/v2\/posts\/20114\/revisions"}],"predecessor-version":[{"id":20117,"href":"https:\/\/www.alab.pl\/centrum-wiedzy\/wp-json\/wp\/v2\/posts\/20114\/revisions\/20117"}],"wp:featuredmedia":[{"embeddable":true,"href":"https:\/\/www.alab.pl\/centrum-wiedzy\/wp-json\/wp\/v2\/media\/19938"}],"wp:attachment":[{"href":"https:\/\/www.alab.pl\/centrum-wiedzy\/wp-json\/wp\/v2\/media?parent=20114"}],"wp:term":[{"taxonomy":"category","embeddable":true,"href":"https:\/\/www.alab.pl\/centrum-wiedzy\/wp-json\/wp\/v2\/categories?post=20114"},{"taxonomy":"post_tag","embeddable":true,"href":"https:\/\/www.alab.pl\/centrum-wiedzy\/wp-json\/wp\/v2\/tags?post=20114"},{"taxonomy":"author","embeddable":true,"href":"https:\/\/www.alab.pl\/centrum-wiedzy\/wp-json\/wp\/v2\/coauthors?post=20114"}],"curies":[{"name":"wp","href":"https:\/\/api.w.org\/{rel}","templated":true}]}}