{"id":20143,"date":"2024-12-23T12:00:00","date_gmt":"2024-12-23T11:00:00","guid":{"rendered":"https:\/\/www.alab.pl\/centrum-wiedzy\/?p=20143"},"modified":"2025-08-26T10:50:25","modified_gmt":"2025-08-26T08:50:25","slug":"wymaz-z-gardla-co-wykrywa-badanie-i-kiedy-sie-je-zleca-jak-sie-przygotowac","status":"publish","type":"post","link":"https:\/\/www.alab.pl\/centrum-wiedzy\/wymaz-z-gardla-co-wykrywa-badanie-i-kiedy-sie-je-zleca-jak-sie-przygotowac\/","title":{"rendered":"Wymaz z gard\u0142a \u2013 co wykrywa badanie i kiedy si\u0119 je zleca? Jak si\u0119 przygotowa\u0107?"},"content":{"rendered":"\n<p><strong>Wymaz z gard\u0142a jest badaniem s\u0142u\u017c\u0105cym wykryciu patogennych mikroorganizm\u00f3w odpowiedzialnych za zaka\u017cenia g\u00f3rnych dr\u00f3g oddechowych. Wymaz mo\u017ce s\u0142u\u017cy\u0107 r\u00f3wnie\u017c do oceny kolonizacji gard\u0142a (obecno\u015b\u0107 drobnoustroj\u00f3w bez objaw\u00f3w chorobowych). Warunkiem prawid\u0142owego wykonania badania jest odpowiednie przygotowanie pacjenta i w\u0142a\u015bciwa technika pobrania materia\u0142u biologicznego.<\/strong><\/p>\n\n\n\n<p>Spis tre\u015bci:<\/p>\n\n\n\n<ol class=\"wp-block-list\">\n<li><a href=\"#Wymaz-z-gard\u0142a-\u2013-co-to-za-badanie?\">Wymaz z gard\u0142a \u2013 co to za badanie?<\/a><\/li>\n\n\n\n<li><a href=\"#Co-wykrywa-wymaz-z-gard\u0142a?\">Co wykrywa wymaz z gard\u0142a?<\/a>\n<ul class=\"wp-block-list\">\n<li><a href=\"#Wymaz-z-gard\u0142a-na-paciorkowce\">Wymaz z gard\u0142a na paciorkowce<\/a><\/li>\n\n\n\n<li><a href=\"#Wymaz-z-gard\u0142a-na-bakterie-i-grzyby\">Wymaz z gard\u0142a na bakterie i grzyby<\/a><\/li>\n\n\n\n<li><a href=\"#Wymaz-gard\u0142a-z-antybiogramem\">Wymaz gard\u0142a z antybiogramem<\/a><\/li>\n<\/ul>\n<\/li>\n\n\n\n<li><a href=\"#Kiedy-zrobi\u0107-wymaz-z-gard\u0142a?\">Kiedy zrobi\u0107 wymaz z gard\u0142a?<\/a><\/li>\n\n\n\n<li><a href=\"#Przygotowanie-do-wymazu-z-gard\u0142a\">Przygotowanie do wymazu z gard\u0142a<\/a><\/li>\n\n\n\n<li><a href=\"#Wymaz-z-gard\u0142a-\u2013-interpretacja-wynik\u00f3w\">Wymaz z gard\u0142a \u2013 interpretacja wynik\u00f3w<\/a><\/li>\n\n\n\n<li><a href=\"#Podsumowanie\">Podsumowanie<\/a><\/li>\n<\/ol>\n\n\n\n<h2 class=\"wp-block-heading\" id=\"Wymaz-z-gard\u0142a-\u2013-co-to-za-badanie?\">Wymaz z gard\u0142a \u2013 co to za badanie?<\/h2>\n\n\n\n<p>Wymaz z gard\u0142a to <a href=\"https:\/\/www.alab.pl\/centrum-wiedzy\/badanie-mikrobiologiczne-czym-jest-i-dlaczego-warto-je-wykonac\/\" target=\"_blank\" rel=\"noreferrer noopener\">badanie mikrobiologiczne<\/a>, w kt\u00f3rym <strong>wykrywane s\u0105 drobnoustroje bytuj\u0105ce w g\u00f3rnych drogach oddechowych<\/strong>. Pr\u00f3bka materia\u0142u biologicznego pobierana jest z tylnej \u015bciany gard\u0142a oraz obu migda\u0142k\u00f3w podniebiennych sterylnymi (ja\u0142owymi) wymaz\u00f3wkami.<\/p>\n\n\n\n<p>Mo\u017cliwe jest samodzielne pobieranie pr\u00f3bki przez pacjenta. Specjalne zestawy transportowe zawieraj\u0105ce wymaz\u00f3wk\u0119 i pod\u0142o\u017ce transportowe dost\u0119pne s\u0105 w punktach pobra\u0144 i aptekach. Materia\u0142 pozyskuje si\u0119 poprzez <strong>kilkukrotne wykonywanie zdecydowanych, uciskaj\u0105cych ruch\u00f3w obrotowych <\/strong>zbieraj\u0105cych wydzielin\u0119 z dr\u00f3g oddechowych. Nale\u017cy unika\u0107 zanieczyszczenia pr\u00f3bki \u015blin\u0105 oraz unika\u0107 dotykania wymaz\u00f3wk\u0105 j\u0119zyka, j\u0119zyczka podniebiennego i&nbsp;policzk\u00f3w.<\/p>\n\n\n\n<p>W przypadku diagnozowania infekcji, nale\u017cy pobiera\u0107 materia\u0142 z miejsc zmienionych (czopy ropne, p\u0119cherzyki, zaczerwienienia). <strong>Do\u015bwiadczenie w pobraniu pr\u00f3bki do badania ma istotny wp\u0142yw na wynik ko\u0144cowy, zalecane jest pobranie wymazu z gard\u0142a przez osoby kompetentne, np. przez personel medyczny w punkcie zabiegowym.<\/strong><\/p>\n\n\n\n<p>Wymazy z gard\u0142a s\u0105 analizowane w laboratorium z zastosowaniem techniki posiew\u00f3w, szybkich <a href=\"https:\/\/www.alab.pl\/centrum-wiedzy\/testy-antygenowe-na-koronawirusa\/\" target=\"_blank\" rel=\"noreferrer noopener\">test\u00f3w antygenowych<\/a> lub bada\u0144 molekularnych (genetycznych). Wyb\u00f3r metody, zale\u017cnie od celu badania, dokonywany jest przy jego zlecaniu.<\/p>\n\n\n\n<p><strong>&gt;&gt; Sprawd\u017a: <a href=\"https:\/\/www.alab.pl\/centrum-wiedzy\/czy-warto-poznac-swoje-geny-znaczenie-badan-genetycznych-w-diagnostyce-i-leczeniu-chorob\/\" target=\"_blank\" rel=\"noreferrer noopener\">Czy warto pozna\u0107 swoje geny? Znaczenie bada\u0144 genetycznych w diagnostyce i leczeniu chor\u00f3b<\/a><\/strong><\/p>\n\n\n\n<h2 class=\"wp-block-heading\" id=\"Co-wykrywa-wymaz-z-gard\u0142a?\">Co wykrywa wymaz z gard\u0142a?<\/h2>\n\n\n\n<p>W materiale pobieranym z gard\u0142a i migda\u0142k\u00f3w podniebiennych wykrywane s\u0105 <strong>bakterie, grzyby i wirusy<\/strong>. Badanie mo\u017ce by\u0107 ukierunkowane na konkretny patogen\/patogeny lub mo\u017ce s\u0142u\u017cy\u0107 szerszej ocenie flory zasiedlaj\u0105cej g\u00f3rne drogi oddechowe.<\/p>\n\n\n\n<p>Technika posiew\u00f3w mikrobiologicznych s\u0142u\u017cy wykrywaniu bakterii i grzyb\u00f3w dro\u017cd\u017copodobnych.<\/p>\n\n\n\n<p>Szybkie testy antygenowe i badania molekularne, opr\u00f3cz identyfikacji bakterii i grzyb\u00f3w, znalaz\u0142y r\u00f3wnie\u017c zastosowanie w wykrywaniu wirus\u00f3w.<\/p>\n\n\n\n<h3 class=\"wp-block-heading\" id=\"Wymaz-z-gard\u0142a-na-paciorkowce\">Wymaz z gard\u0142a na paciorkowce<\/h3>\n\n\n\n<p><a href=\"https:\/\/www.alab.pl\/centrum-wiedzy\/paciorkowce-czy-te-bakterie-sa-grozne-objawy-zakazenia-diagnostyka-leczenie\/\" target=\"_blank\" rel=\"noreferrer noopener\">Paciorkowiec<\/a> ropotw\u00f3rczy grypy A (<em>Streptococcus pyogenes<\/em>) <strong>jest g\u0142\u00f3wnym bakteryjnym czynnikiem anginy, czyli ostrego zapalenia gard\u0142a i migda\u0142k\u00f3w podniebiennych <\/strong>u ludzi. Przyczyn\u0105 <a href=\"https:\/\/www.alab.pl\/centrum-wiedzy\/angina-objawy-diagnostyka-leczenie\/\" target=\"_blank\" rel=\"noreferrer noopener\">anginy<\/a> mog\u0105 by\u0107 r\u00f3wnie\u017c paciorkowce grupy C i G. Angina bakteryjna dotyczy przede wszystkim dzieci (15-30% przypadk\u00f3w zapalenia gard\u0142a i migda\u0142k\u00f3w), rzadziej pojawia si\u0119 u doros\u0142ych.<\/p>\n\n\n\n<p>G\u0142\u00f3wnymi objawami anginy bakteryjnej s\u0105:<\/p>\n\n\n\n<ul class=\"wp-block-list\">\n<li>nag\u0142y pocz\u0105tek,<\/li>\n\n\n\n<li>b\u00f3l gard\u0142a i b\u00f3l przy prze\u0142ykaniu,<\/li>\n\n\n\n<li>zaczerwienienie gard\u0142a i&nbsp;migda\u0142k\u00f3w podniebiennych,<\/li>\n\n\n\n<li><a href=\"https:\/\/www.alab.pl\/centrum-wiedzy\/bole-glowy-rodzaje-i-przyczyny-jakie-badania-wykonac-przy-czestych-przewleklych-bolach-glowy\/\" target=\"_blank\" rel=\"noreferrer noopener\">b\u00f3l g\u0142owy<\/a>,<\/li>\n\n\n\n<li><a href=\"https:\/\/www.alab.pl\/centrum-wiedzy\/goraczka-u-dziecka-kiedy-budzi-niepokoj\/\" target=\"_blank\" rel=\"noreferrer noopener\">gor\u0105czka<\/a> (&gt;38\u00b0C),<\/li>\n\n\n\n<li>powi\u0119kszone w\u0119z\u0142y ch\u0142onne pod\u017cuchwowe,<\/li>\n\n\n\n<li>wybroczyny na podniebieniu,<\/li>\n\n\n\n<li>malinowy j\u0119zyk,<\/li>\n\n\n\n<li>czasami <a href=\"https:\/\/www.alab.pl\/centrum-wiedzy\/bol-brzucha-mozliwe-przyczyny-badania\/\" target=\"_blank\" rel=\"noreferrer noopener\">b\u00f3le brzucha<\/a>, nudno\u015bci i&nbsp;wymioty.<\/li>\n<\/ul>\n\n\n\n<p>Potwierdzeniem bakteryjnej przyczyny anginy jest dodatni wynik badania mikrobiologicznego wykonanego z &nbsp;materia\u0142u pobranego z gard\u0142a i migda\u0142k\u00f3w podniebiennych. Najcz\u0119\u015bciej z wymazu z gard\u0142a wykonywany jest posiew i\/lub szybki test kasetkowy w kierunku<em> Streptococcus pyogenes<\/em>.<\/p>\n\n\n\n<ul class=\"wp-block-list\">\n<li><strong>Posiew mikrobiologiczny w kierunku paciorkowc\u00f3w grupy A, C i G<\/strong> obejmuje identyfikacj\u0119 drobnoustroj\u00f3w do gatunku i grupy serologicznej oraz wykonanie antybiogramu (ocena wra\u017cliwo\u015bci na leki przeciwdrobnoustrojowe). Na wynik badania oczekuje si\u0119 3-4 dni. Dodatni wynik badania jest pewnym potwierdzeniem rozpoznania zaka\u017cenia.<\/li>\n\n\n\n<li><strong>Test kasetkowy w kierunku paciorkowc\u00f3w grupy A <\/strong>jest badaniem przesiewowym i stosowany jest jako badanie pomocnicze. Czu\u0142o\u015b\u0107 i&nbsp;swoisto\u015b\u0107 dost\u0119pnych na rynku szybkich test\u00f3w antygenowych jest stosunkowo&nbsp;du\u017ca &#8211; czu\u0142o\u015b\u0107 85\u201395%, swoisto\u015b\u0107&nbsp;\u226595%.<\/li>\n<\/ul>\n\n\n\n<figure class=\"wp-block-table\"><table class=\"has-fixed-layout\"><tbody><tr><td><strong>Uwaga: <\/strong><br>Ze wzgl\u0119du na mo\u017cliwo\u015b\u0107 nosicielstwa <em>S. pyogenes<\/em> w gardle, pomocnicz\u0105 warto\u015b\u0107 w diagnozowaniu anginy paciorkowcowej ma skala punktowa Centora\/McIsaaca, kt\u00f3ra pozwala na okre\u015blenie prawdopodobie\u0144stwa zaka\u017cenia na podstawie objaw\u00f3w klinicznych i&nbsp;wieku pacjenta.<\/td><\/tr><\/tbody><\/table><\/figure>\n\n\n\n<h3 class=\"wp-block-heading\" id=\"Wymaz-z-gard\u0142a-na-bakterie-i-grzyby\">Wymaz z gard\u0142a na bakterie i grzyby<\/h3>\n\n\n\n<p>Zapalenie gard\u0142a wywo\u0142ane przez bakterie inne ni\u017c paciorkowce grupy A, C i G zdarzaj\u0105 si\u0119 niezwykle rzadko i stanowi\u0105 ok. 1% wszystkich przypadk\u00f3w.<\/p>\n\n\n\n<p><strong>Przyczyn\u0105 zaka\u017ce\u0144 mog\u0105 by\u0107:<\/strong><\/p>\n\n\n\n<ul class=\"wp-block-list\">\n<li><em>Fusobacterium necrophorum,<\/em><\/li>\n\n\n\n<li><em>Streptococcus pneumoniae,<\/em><\/li>\n\n\n\n<li><em>Haemophilus influenzae,<\/em><\/li>\n\n\n\n<li><em>Chlamydia pneumoniae,<\/em><\/li>\n\n\n\n<li><em>Mycoplasma,<\/em><\/li>\n\n\n\n<li><em>Neisseria gonorrhoeae,<\/em><\/li>\n\n\n\n<li><em>Corynebacterium diphteriae<\/em><em>.<\/em><\/li>\n<\/ul>\n\n\n\n<p>Wykrycie w\/w patogen\u00f3w najcz\u0119\u015bciej wymaga zlecenia ukierunkowanego badania mikrobiologicznego ze wzgl\u0119du na specyficzne wymagania wzrostowe drobnoustroj\u00f3w.<\/p>\n\n\n\n<p>Obecno\u015b\u0107 w gardle grzyb\u00f3w dro\u017cd\u017copodobnych z rodzaju <em>Candida<\/em> spp. mo\u017ce \u015bwiadczy\u0107 o kolonizacji g\u00f3rnych dr\u00f3g oddechowych (obecno\u015b\u0107 w jamie ustnej u&nbsp;20\u201350% zdrowych os\u00f3b doros\u0142ych i&nbsp;u&nbsp;65% dzieci) lub by\u0107 przyczyn\u0105 grzybiczego zapalenia gard\u0142a i migda\u0142k\u00f3w.<\/p>\n\n\n\n<p><strong>Czynnikami sprzyjaj\u0105cymi rozwojowi grzybicy s\u0105: <\/strong>antybiotykoterapia, terapia sterydami, leczenie immunosupresyjne, <a href=\"https:\/\/www.alab.pl\/centrum-wiedzy\/cukrzyca\/\" target=\"_blank\" rel=\"noreferrer noopener\">cukrzyca<\/a>, zaburzenia hormonalne, <a href=\"https:\/\/www.alab.pl\/centrum-wiedzy\/niedozywienie-objawy-przyczyny-i-leczenie-niedozywienia\/\" target=\"_blank\" rel=\"noreferrer noopener\">niedo\u017cywienie<\/a>; niedobory <a href=\"https:\/\/www.alab.pl\/centrum-wiedzy\/zelazo-zapotrzebowanie-zrodla-w-diecie-niedobor-i-nadmiar\/\" target=\"_blank\" rel=\"noreferrer noopener\">\u017celaza<\/a>, <a href=\"https:\/\/www.alab.pl\/centrum-wiedzy\/kwas-foliowy-witamina-b9\/\" target=\"_blank\" rel=\"noreferrer noopener\">kwasu foliowego<\/a>, <a href=\"https:\/\/www.alab.pl\/centrum-wiedzy\/witamina-c-niewielka-czasteczka-o-wielkim-znaczeniu\/\" target=\"_blank\" rel=\"noreferrer noopener\">witaminy C<\/a>; nieprawid\u0142owa higiena jamy ustnej, uszkodzenia \u015bluz\u00f3wki (\u017ale dopasowane protezy), zanieczyszczone smoczki (noworodki).<\/p>\n\n\n\n<p><strong>Grzybica gard\u0142a objawia si\u0119 wyst\u0119powaniem:<\/strong><\/p>\n\n\n\n<ul class=\"wp-block-list\">\n<li>bia\u0142ych nalot\u00f3w na migda\u0142kach, tylnej \u015bcianie gard\u0142a, j\u0119zyku i w jamie ustnej,<\/li>\n\n\n\n<li>dyskomfortu przy prze\u0142ykaniu,<\/li>\n\n\n\n<li>krwawie\u0144 gard\u0142a i jamy ustnej,<\/li>\n\n\n\n<li>ple\u015bniawek (noworodki, niemowlaki),<\/li>\n\n\n\n<li>b\u00f3lu i pieczenia gard\u0142a,<\/li>\n\n\n\n<li><a href=\"https:\/\/www.alab.pl\/centrum-wiedzy\/powiekszone-wezly-chlonne-na-szyi-przyczyny-objawy-i-diagnostyka\/\" target=\"_blank\" rel=\"noreferrer noopener\">powi\u0119kszenia w\u0119z\u0142\u00f3w ch\u0142onnych pod\u017cuchwowych i szyjnych<\/a>.<\/li>\n<\/ul>\n\n\n\n<p>Badaniem potwierdzaj\u0105cym grzybic\u0119 jest posiew wymazu z gard\u0142a na pod\u0142o\u017ca mikrobiologiczne przeznaczone do hodowli grzyb\u00f3w.<\/p>\n\n\n\n<p><strong>&gt;&gt; To mo\u017ce Ci\u0119 zainteresowa\u0107: <a href=\"https:\/\/www.alab.pl\/centrum-wiedzy\/grzybica-jako-najczestsza-choroba-plytki-paznokcia\/\" target=\"_blank\" rel=\"noreferrer noopener\">Grzybica jako najcz\u0119stsza choroba p\u0142ytki paznokcia<\/a><\/strong><\/p>\n\n\n\n<h3 class=\"wp-block-heading\" id=\"Wymaz-gard\u0142a-z-antybiogramem\">Wymaz gard\u0142a z antybiogramem<\/h3>\n\n\n\n<p>Celem okre\u015blenia wra\u017cliwo\u015bci bakterii odpowiedzialnych za stan zapalny gard\u0142a na leki przeciwustrojowe wykonywany jest antybiogram. Antybiogram jest ostatnim etapem posiewu mikrobiologicznego. Na wyniku badania laboratoryjnego podawana jest interpretacja kliniczna wra\u017cliwo\u015bci wykrytego patogenu na leki z okre\u015bleniem \u201ewra\u017cliwy\u201d lub \u201eoporny\u201d. &nbsp;<\/p>\n\n\n\n<p>Wykonanie antybiogramu jest istotne, je\u017celi wcze\u015bniej zastosowana terapia antybiotykowa u pacjenta z bakteryjnym zaka\u017ceniem nie spowodowa\u0142a poprawy stanu zdrowia.<\/p>\n\n\n\n<figure class=\"wp-block-table\"><table class=\"has-fixed-layout\"><tbody><tr><td><strong>Uwaga:<\/strong><br>Zapalenia gard\u0142a s\u0105 wywo\u0142ywane najcz\u0119\u015bciej przez wirusy, na kt\u00f3re antybiotyki nie dzia\u0142aj\u0105! Antybiotyk jest dobierany i przepisywany przez lekarza przy rozpoznaniu zaka\u017cenia bakteryjnego. Wykonanie badania mikrobiologicznego zwi\u0119ksza prawdopodobie\u0144stwo dobrania odpowiedniej terapii. Nale\u017cy \u015bci\u015ble przestrzega\u0107 przyjmowania leku zgodnie z zaleceniami lekarza.<\/td><\/tr><\/tbody><\/table><\/figure>\n\n\n\n<p><strong>&gt;&gt; Dowiedz si\u0119 wi\u0119cej: <a href=\"https:\/\/www.alab.pl\/centrum-wiedzy\/antybiotyk\/\" target=\"_blank\" rel=\"noreferrer noopener\">Antybiotyki \u2013 do czego prowadzi ich nadu\u017cywanie i jak temu przeciwdzia\u0142a\u0107?<\/a><\/strong><\/p>\n\n\n\n<h2 class=\"wp-block-heading\" id=\"Kiedy-zrobi\u0107-wymaz-z-gard\u0142a?\">Kiedy zrobi\u0107 wymaz z gard\u0142a?<\/h2>\n\n\n\n<p>Wykonanie badania mikrobiologicznego wymazu z gard\u0142a mo\u017ce by\u0107 zlecone przez lekarza lub mo\u017cna je wykona\u0107 odp\u0142atnie, bez skierowania,&nbsp; w punkcie pobra\u0144 przyjmuj\u0105cym materia\u0142 do bada\u0144 laboratoryjnych.<\/p>\n\n\n\n<figure class=\"wp-block-image size-full\"><a href=\"https:\/\/www.alab.pl\/badanie\/posiew-z-gornych-drog-oddechowych-rozszerzony-91831\" target=\"_blank\" rel=\" noreferrer noopener\"><img loading=\"lazy\" decoding=\"async\" width=\"800\" height=\"200\" src=\"https:\/\/www.alab.pl\/centrum-wiedzy\/wp-content\/uploads\/2023\/06\/posiew-z-gornych-drog-oddechowych-jpg.webp\" alt=\"posiew z g\u00f3rnych dr\u00f3g oddechowych rozszerzony\" class=\"wp-image-6896\" srcset=\"https:\/\/www.alab.pl\/centrum-wiedzy\/wp-content\/uploads\/2023\/06\/posiew-z-gornych-drog-oddechowych-jpg.webp 800w, https:\/\/www.alab.pl\/centrum-wiedzy\/wp-content\/uploads\/2023\/06\/posiew-z-gornych-drog-oddechowych-jpg-768x192.webp 768w, https:\/\/www.alab.pl\/centrum-wiedzy\/wp-content\/uploads\/2023\/06\/posiew-z-gornych-drog-oddechowych-jpg-150x38.webp 150w, https:\/\/www.alab.pl\/centrum-wiedzy\/wp-content\/uploads\/2023\/06\/posiew-z-gornych-drog-oddechowych-jpg-300x75.webp 300w, https:\/\/www.alab.pl\/centrum-wiedzy\/wp-content\/uploads\/2023\/06\/posiew-z-gornych-drog-oddechowych-jpg-696x174.webp 696w\" sizes=\"auto, (max-width: 800px) 100vw, 800px\" \/><\/a><\/figure>\n\n\n\n<p>Najcz\u0119stsz\u0105 przyczyn\u0105 zlecania wymazu z gard\u0142a jest podejrzenie bakteryjnej przyczyny zapalenia, czemu towarzyszy:<\/p>\n\n\n\n<ul class=\"wp-block-list\">\n<li>gor\u0105czka,<\/li>\n\n\n\n<li>powi\u0119kszone w\u0119z\u0142y ch\u0142onne pod\u017cuchwowe i szyjne,<\/li>\n\n\n\n<li>zmiany na migda\u0142kach podniebiennych,<\/li>\n\n\n\n<li>b\u00f3l gard\u0142a utrudniaj\u0105cy prze\u0142ykanie.<\/li>\n<\/ul>\n\n\n\n<p><strong>Wykonanie badania jest szczeg\u00f3lnie wa\u017cne, je\u017celi zastosowana wcze\u015bniej terapia antybiotykowa nie przynios\u0142a pozytywnych rezultat\u00f3w. <\/strong>Rozpoznanie patogenu (drobnoustroju, kt\u00f3ry jest przyczyn\u0105 zaka\u017cenia) jest wa\u017cnym elementem skutecznej walki z chorob\u0105.<\/p>\n\n\n\n<figure class=\"wp-block-image size-full\"><a href=\"https:\/\/www.alab.pl\/badanie\/posiew-wymazu-z-jamy-ustnej-tlenowo-91831\" target=\"_blank\" rel=\" noreferrer noopener\"><img loading=\"lazy\" decoding=\"async\" width=\"800\" height=\"200\" src=\"https:\/\/www.alab.pl\/centrum-wiedzy\/wp-content\/uploads\/2024\/11\/Posiew-wymazu-z-jamy-ustnej-tlenowo-jpg.webp\" alt=\"Posiew wymazu z jamy ustnej (tlenowo)\" class=\"wp-image-18211\" srcset=\"https:\/\/www.alab.pl\/centrum-wiedzy\/wp-content\/uploads\/2024\/11\/Posiew-wymazu-z-jamy-ustnej-tlenowo-jpg.webp 800w, https:\/\/www.alab.pl\/centrum-wiedzy\/wp-content\/uploads\/2024\/11\/Posiew-wymazu-z-jamy-ustnej-tlenowo-jpg-768x192.webp 768w, https:\/\/www.alab.pl\/centrum-wiedzy\/wp-content\/uploads\/2024\/11\/Posiew-wymazu-z-jamy-ustnej-tlenowo-jpg-150x38.webp 150w, https:\/\/www.alab.pl\/centrum-wiedzy\/wp-content\/uploads\/2024\/11\/Posiew-wymazu-z-jamy-ustnej-tlenowo-jpg-300x75.webp 300w, https:\/\/www.alab.pl\/centrum-wiedzy\/wp-content\/uploads\/2024\/11\/Posiew-wymazu-z-jamy-ustnej-tlenowo-jpg-696x174.webp 696w\" sizes=\"auto, (max-width: 800px) 100vw, 800px\" \/><\/a><\/figure>\n\n\n\n<p>Wynik badania umo\u017cliwia dobranie odpowiedniego leku, co mo\u017ce z\u0142agodzi\u0107 i skr\u00f3ci\u0107 czas choroby oraz zapobiec powik\u0142aniom w postaci zapalenia zatok, ucha \u015brodkowego, ropnego zapalenia migda\u0142k\u00f3w, <strong>ostrego k\u0142\u0119buszkowego zapalenia nerek czy gor\u0105czki reumatycznej.<\/strong><\/p>\n\n\n\n<p><strong>&gt;&gt; Przeczytaj tak\u017ce: <a href=\"https:\/\/www.alab.pl\/centrum-wiedzy\/zapalenie-nerek-objawy-przyczyny-rodzaje-diagnostyka-i-leczenie\/\" target=\"_blank\" rel=\"noreferrer noopener\">Zapalenie nerek \u2013 objawy, przyczyny, rodzaje, diagnostyka i leczenie<\/a><\/strong><\/p>\n\n\n\n<h2 class=\"wp-block-heading\" id=\"Przygotowanie-do-wymazu-z-gard\u0142a\">Przygotowanie do wymazu z gard\u0142a<\/h2>\n\n\n\n<p>Pobieranie wymazu z gard\u0142a wymaga od pacjenta odpowiedniego przygotowania. Przestrzeganie zalece\u0144 istotnie wp\u0142ywa na uzyskanie wiarygodnego, niezafa\u0142szowanego wyniku.<\/p>\n\n\n\n<p>Na minimum 2 godziny przed pobraniem wymazu z gard\u0142a nie nale\u017cy:<\/p>\n\n\n\n<ul class=\"wp-block-list\">\n<li>spo\u017cywa\u0107 pokarm\u00f3w i p\u0142yn\u00f3w,<\/li>\n\n\n\n<li>\u017cu\u0107 gumy,<\/li>\n\n\n\n<li>pali\u0107 papieros\u00f3w,<\/li>\n\n\n\n<li>p\u0142uka\u0107 jamy ustnej,<\/li>\n\n\n\n<li>my\u0107 z\u0119b\u00f3w,<\/li>\n\n\n\n<li>przyjmowa\u0107 lek\u00f3w (np. tabletek do ssania, syrop\u00f3w, aerozoli),<\/li>\n\n\n\n<li>wykonywa\u0107 inhalacji.<\/li>\n<\/ul>\n\n\n\n<p>Bezpo\u015brednio przed pobraniem nale\u017cy wyj\u0105\u0107 z jamy ustnej ruchome protezy.<\/p>\n\n\n\n<h2 class=\"wp-block-heading\" id=\"Wymaz-z-gard\u0142a-\u2013-interpretacja-wynik\u00f3w\">Wymaz z gard\u0142a \u2013 interpretacja wynik\u00f3w<\/h2>\n\n\n\n<p>Prezentacja wyniku wymazu z gard\u0142a jest zale\u017cna od rodzaju zleconego badania:<\/p>\n\n\n\n<ul class=\"wp-block-list\">\n<li><strong>Badania ukierunkowane<\/strong> \u2013 wynik dodatni wskazuje na wyhodowanie poszukiwanego drobnoustroju, wynik ujemny \u015bwiadczy o braku wykrycia patogenu w pr\u00f3bce materia\u0142u pobranej od pacjenta;<\/li>\n\n\n\n<li><strong>Badanie rozszerzone<\/strong> \u2013 wynik badania obejmuje informacj\u0119 zar\u00f3wno o drobnoustrojach, kt\u00f3re mog\u0105 by\u0107 przyczyn\u0105 zapalenia gard\u0142a, jak i o florze fizjologicznej, kt\u00f3ra zasiedla g\u00f3rne drogi oddechowe.<\/li>\n<\/ul>\n\n\n\n<p>Prawid\u0142owo skonstruowany wynik powinien obejmowa\u0107 identyfikacj\u0119 do gatunku wykrytych patogennych\/potencjalnie patogennych drobnoustroj\u00f3w. W przypadku wykrycia paciorkowc\u00f3w okre\u015blana jest ich przynale\u017cno\u015b\u0107 do grupy serologicznej. Wyniki posiew\u00f3w mikrobiologicznych obejmuj\u0105 zazwyczaj r\u00f3wnie\u017c antybiogram (s\u0105 wyj\u0105tki), kt\u00f3ry okre\u015bla wra\u017cliwo\u015b\u0107 wyhodowanych bakterii na leki.<\/p>\n\n\n\n<figure class=\"wp-block-table\"><table class=\"has-fixed-layout\"><tbody><tr><td><strong>Uwaga:<\/strong><br>Obecno\u015b\u0107 antybiogramu na wyniku badania wymazu z gard\u0142a <strong>nie jest r\u00f3wnoznaczna <\/strong>z sugesti\u0105 konieczno\u015bci stosowania antybiotyk\u00f3w. Interpretacja wyniku powinna by\u0107 dokonywana przez lekarza, kt\u00f3ry w zestawieniu z objawami klinicznymi pacjenta podejmuje decyzj\u0119 o wdro\u017ceniu terapii antybiotykami, innymi lekami przeciwdrobnoustrojowymi lub zaleca jedynie leczenie objawowe.<\/td><\/tr><\/tbody><\/table><\/figure>\n\n\n\n<h2 class=\"wp-block-heading\" id=\"Podsumowanie\">Podsumowanie<\/h2>\n\n\n\n<ul class=\"wp-block-list\">\n<li>Zapalenie gard\u0142a wywo\u0142ywane jest w 90% przez wirusy, ale jego przyczyn\u0105 mog\u0105 by\u0107 r\u00f3wnie\u017c bakterie i grzyby.<\/li>\n\n\n\n<li><em>Streptococcus pyogenes<\/em> (paciorkowiec grupy A) odpowiada za wi\u0119kszo\u015b\u0107 przypadk\u00f3w bakteryjnego zapalenia gard\u0142a i migda\u0142k\u00f3w podniebiennych.<\/li>\n\n\n\n<li>Najcz\u0119\u015bciej zlecanymi badaniami laboratoryjnymi wymazu z gard\u0142a s\u0105 szybkie testy kasetkowe i posiewy na po\u017cywki mikrobiologiczne; dost\u0119pne s\u0105 r\u00f3wnie\u017c testy genetyczne.<\/li>\n\n\n\n<li>Badania serologiczne wymazu z gard\u0142a s\u0105 ukierunkowanymi badaniami przesiewowymi, w kt\u00f3rych poszukiwane s\u0105 antygeny charakterystyczne dla danego gatunku drobnoustroju.<\/li>\n\n\n\n<li>Posiew mikrobiologiczny wymazu z gard\u0142a s\u0142u\u017cy wykryciu i okre\u015bleniu do gatunku wyhodowanych drobnoustroj\u00f3w, obejmuje r\u00f3wnie\u017c okre\u015blenie lekowra\u017cliwo\u015bci patogen\u00f3w (s\u0105 wyj\u0105tki).<\/li>\n\n\n\n<li>Posiew mikrobiologiczny wymazu z gard\u0142a mo\u017ce by\u0107 badaniem ukierunkowanym na konkretny patogen lub badaniem rozszerzonym, w kt\u00f3rym dodatkowo ocenia si\u0119 wyst\u0119powanie flory fizjologicznej zasiedlaj\u0105cej gard\u0142o.<\/li>\n<\/ul>\n\n\n\n<hr class=\"wp-block-separator has-alpha-channel-opacity\"\/>\n\n\n\n<p><strong>Pi\u015bmiennictwo<\/strong><\/p>\n\n\n\n<ol class=\"wp-block-list\">\n<li>dr hab. n. med. Katarzyna Dzier\u017canowska-Fangrat, <em>Czy szybki test na obecno\u015b\u0107 antygen\u00f3w paciorkowca pozwala odr\u00f3\u017cni\u0107 zaka\u017cenie od kolonizacji? Czy jest sens go wykonywa\u0107? Czy dost\u0119pne w&nbsp;Polsce testy maj\u0105 wystarczaj\u0105c\u0105 czu\u0142o\u015b\u0107? Sk\u0105d nale\u017cy pobiera\u0107 materia\u0142 \u2013 czy wystarczy wymaz ze \u015bluz\u00f3wki jamy ustnej?<\/em> (dost\u0119p 01.12.2024 r.)<\/li>\n\n\n\n<li>dr n. med. Mariola Zagor, <em>Ostre i&nbsp;przewlek\u0142e zapalenie gard\u0142a<\/em> (dost\u0119p 01.12.2024 r.)<\/li>\n<\/ol>\n","protected":false},"excerpt":{"rendered":"<p>Kiedy wykonuje si\u0119 wymaz z gard\u0142a i jak przygotowa\u0107 si\u0119 do badania? Oto najwa\u017cniejsze informacje o pobieraniu wymazu.<\/p>\n","protected":false},"author":95,"featured_media":19890,"comment_status":"closed","ping_status":"closed","sticky":false,"template":"","format":"standard","meta":{"_acf_changed":false,"inline_featured_image":false,"footnotes":""},"categories":[23,28],"tags":[],"coauthors":[154],"class_list":{"0":"post-20143","1":"post","2":"type-post","3":"status-publish","4":"format-standard","5":"has-post-thumbnail","7":"category-infekcje-i-pasozyty","8":"category-warto-wiedziec"},"acf":[],"yoast_head":"<!-- This site is optimized with the Yoast SEO plugin v27.5 - https:\/\/yoast.com\/product\/yoast-seo-wordpress\/ -->\n<title>Wymaz z gard\u0142a \u2013 co wykrywa badanie i kiedy si\u0119 je zleca? Jak si\u0119 przygotowa\u0107? - Centrum Wiedzy ALAB laboratoria<\/title>\n<meta name=\"description\" content=\"Kiedy wykonuje si\u0119 wymaz z gard\u0142a i jak przygotowa\u0107 si\u0119 do badania? Oto najwa\u017cniejsze informacje o pobieraniu wymazu.\" \/>\n<meta name=\"robots\" content=\"index, follow, max-snippet:-1, max-image-preview:large, max-video-preview:-1\" \/>\n<link rel=\"canonical\" href=\"https:\/\/www.alab.pl\/centrum-wiedzy\/wymaz-z-gardla-co-wykrywa-badanie-i-kiedy-sie-je-zleca-jak-sie-przygotowac\/\" \/>\n<meta property=\"og:locale\" content=\"pl_PL\" \/>\n<meta property=\"og:type\" content=\"article\" \/>\n<meta property=\"og:title\" content=\"Wymaz z gard\u0142a \u2013 co wykrywa badanie i kiedy si\u0119 je zleca? Jak si\u0119 przygotowa\u0107? - Centrum Wiedzy ALAB laboratoria\" \/>\n<meta property=\"og:description\" content=\"Kiedy wykonuje si\u0119 wymaz z gard\u0142a i jak przygotowa\u0107 si\u0119 do badania? Oto najwa\u017cniejsze informacje o pobieraniu wymazu.\" \/>\n<meta property=\"og:url\" content=\"https:\/\/www.alab.pl\/centrum-wiedzy\/wymaz-z-gardla-co-wykrywa-badanie-i-kiedy-sie-je-zleca-jak-sie-przygotowac\/\" \/>\n<meta property=\"og:site_name\" content=\"Centrum Wiedzy ALAB laboratoria\" \/>\n<meta property=\"article:publisher\" content=\"https:\/\/www.facebook.com\/ALABlaboratoria\" \/>\n<meta property=\"article:published_time\" content=\"2024-12-23T11:00:00+00:00\" \/>\n<meta property=\"article:modified_time\" content=\"2025-08-26T08:50:25+00:00\" \/>\n<meta property=\"og:image\" content=\"https:\/\/www.alab.pl\/centrum-wiedzy\/wp-content\/uploads\/2024\/12\/Wymaz-z-gardla_cover.jpg\" \/>\n\t<meta property=\"og:image:width\" content=\"1925\" \/>\n\t<meta property=\"og:image:height\" content=\"1285\" \/>\n\t<meta property=\"og:image:type\" content=\"image\/jpeg\" \/>\n<meta name=\"author\" content=\"Elwira Zawidzka\" \/>\n<meta name=\"twitter:card\" content=\"summary_large_image\" \/>\n<meta name=\"twitter:label1\" content=\"Napisane przez\" \/>\n\t<meta name=\"twitter:data1\" content=\"Elwira Zawidzka\" \/>\n\t<meta name=\"twitter:label2\" content=\"Szacowany czas czytania\" \/>\n\t<meta name=\"twitter:data2\" content=\"9 minut\" \/>\n\t<meta name=\"twitter:label3\" content=\"Written by\" \/>\n\t<meta name=\"twitter:data3\" content=\"Elwira Zawidzka\" \/>\n<!-- \/ Yoast SEO plugin. -->","yoast_head_json":{"title":"Wymaz z gard\u0142a \u2013 co wykrywa badanie i kiedy si\u0119 je zleca? Jak si\u0119 przygotowa\u0107? - Centrum Wiedzy ALAB laboratoria","description":"Kiedy wykonuje si\u0119 wymaz z gard\u0142a i jak przygotowa\u0107 si\u0119 do badania? Oto najwa\u017cniejsze informacje o pobieraniu wymazu.","robots":{"index":"index","follow":"follow","max-snippet":"max-snippet:-1","max-image-preview":"max-image-preview:large","max-video-preview":"max-video-preview:-1"},"canonical":"https:\/\/www.alab.pl\/centrum-wiedzy\/wymaz-z-gardla-co-wykrywa-badanie-i-kiedy-sie-je-zleca-jak-sie-przygotowac\/","og_locale":"pl_PL","og_type":"article","og_title":"Wymaz z gard\u0142a \u2013 co wykrywa badanie i kiedy si\u0119 je zleca? Jak si\u0119 przygotowa\u0107? - Centrum Wiedzy ALAB laboratoria","og_description":"Kiedy wykonuje si\u0119 wymaz z gard\u0142a i jak przygotowa\u0107 si\u0119 do badania? Oto najwa\u017cniejsze informacje o pobieraniu wymazu.","og_url":"https:\/\/www.alab.pl\/centrum-wiedzy\/wymaz-z-gardla-co-wykrywa-badanie-i-kiedy-sie-je-zleca-jak-sie-przygotowac\/","og_site_name":"Centrum Wiedzy ALAB laboratoria","article_publisher":"https:\/\/www.facebook.com\/ALABlaboratoria","article_published_time":"2024-12-23T11:00:00+00:00","article_modified_time":"2025-08-26T08:50:25+00:00","og_image":[{"width":1925,"height":1285,"url":"https:\/\/www.alab.pl\/centrum-wiedzy\/wp-content\/uploads\/2024\/12\/Wymaz-z-gardla_cover.jpg","type":"image\/jpeg"}],"author":"Elwira Zawidzka","twitter_card":"summary_large_image","twitter_misc":{"Napisane przez":"Elwira Zawidzka","Szacowany czas czytania":"9 minut","Written by":"Elwira Zawidzka"},"schema":{"@context":"https:\/\/schema.org","@graph":[{"@type":"Article","@id":"https:\/\/www.alab.pl\/centrum-wiedzy\/wymaz-z-gardla-co-wykrywa-badanie-i-kiedy-sie-je-zleca-jak-sie-przygotowac\/#article","isPartOf":{"@id":"https:\/\/www.alab.pl\/centrum-wiedzy\/wymaz-z-gardla-co-wykrywa-badanie-i-kiedy-sie-je-zleca-jak-sie-przygotowac\/"},"author":{"name":"Elwira Zawidzka","@id":"https:\/\/www.alab.pl\/centrum-wiedzy\/#\/schema\/person\/1ae34e072d82e416ba56554dcb881d62"},"headline":"Wymaz z gard\u0142a \u2013 co wykrywa badanie i kiedy si\u0119 je zleca? Jak si\u0119 przygotowa\u0107?","datePublished":"2024-12-23T11:00:00+00:00","dateModified":"2025-08-26T08:50:25+00:00","mainEntityOfPage":{"@id":"https:\/\/www.alab.pl\/centrum-wiedzy\/wymaz-z-gardla-co-wykrywa-badanie-i-kiedy-sie-je-zleca-jak-sie-przygotowac\/"},"wordCount":1775,"publisher":{"@id":"https:\/\/www.alab.pl\/centrum-wiedzy\/#organization"},"image":{"@id":"https:\/\/www.alab.pl\/centrum-wiedzy\/wymaz-z-gardla-co-wykrywa-badanie-i-kiedy-sie-je-zleca-jak-sie-przygotowac\/#primaryimage"},"thumbnailUrl":"https:\/\/www.alab.pl\/centrum-wiedzy\/wp-content\/uploads\/2024\/12\/Wymaz-z-gardla_cover.jpg","articleSection":["Infekcje i paso\u017cyty","Warto wiedzie\u0107"],"inLanguage":"pl-PL"},{"@type":"WebPage","@id":"https:\/\/www.alab.pl\/centrum-wiedzy\/wymaz-z-gardla-co-wykrywa-badanie-i-kiedy-sie-je-zleca-jak-sie-przygotowac\/","url":"https:\/\/www.alab.pl\/centrum-wiedzy\/wymaz-z-gardla-co-wykrywa-badanie-i-kiedy-sie-je-zleca-jak-sie-przygotowac\/","name":"Wymaz z gard\u0142a \u2013 co wykrywa badanie i kiedy si\u0119 je zleca? Jak si\u0119 przygotowa\u0107? - Centrum Wiedzy ALAB laboratoria","isPartOf":{"@id":"https:\/\/www.alab.pl\/centrum-wiedzy\/#website"},"primaryImageOfPage":{"@id":"https:\/\/www.alab.pl\/centrum-wiedzy\/wymaz-z-gardla-co-wykrywa-badanie-i-kiedy-sie-je-zleca-jak-sie-przygotowac\/#primaryimage"},"image":{"@id":"https:\/\/www.alab.pl\/centrum-wiedzy\/wymaz-z-gardla-co-wykrywa-badanie-i-kiedy-sie-je-zleca-jak-sie-przygotowac\/#primaryimage"},"thumbnailUrl":"https:\/\/www.alab.pl\/centrum-wiedzy\/wp-content\/uploads\/2024\/12\/Wymaz-z-gardla_cover.jpg","datePublished":"2024-12-23T11:00:00+00:00","dateModified":"2025-08-26T08:50:25+00:00","description":"Kiedy wykonuje si\u0119 wymaz z gard\u0142a i jak przygotowa\u0107 si\u0119 do badania? Oto najwa\u017cniejsze informacje o pobieraniu wymazu.","breadcrumb":{"@id":"https:\/\/www.alab.pl\/centrum-wiedzy\/wymaz-z-gardla-co-wykrywa-badanie-i-kiedy-sie-je-zleca-jak-sie-przygotowac\/#breadcrumb"},"inLanguage":"pl-PL","potentialAction":[{"@type":"ReadAction","target":["https:\/\/www.alab.pl\/centrum-wiedzy\/wymaz-z-gardla-co-wykrywa-badanie-i-kiedy-sie-je-zleca-jak-sie-przygotowac\/"]}]},{"@type":"ImageObject","inLanguage":"pl-PL","@id":"https:\/\/www.alab.pl\/centrum-wiedzy\/wymaz-z-gardla-co-wykrywa-badanie-i-kiedy-sie-je-zleca-jak-sie-przygotowac\/#primaryimage","url":"https:\/\/www.alab.pl\/centrum-wiedzy\/wp-content\/uploads\/2024\/12\/Wymaz-z-gardla_cover.jpg","contentUrl":"https:\/\/www.alab.pl\/centrum-wiedzy\/wp-content\/uploads\/2024\/12\/Wymaz-z-gardla_cover.jpg","width":1925,"height":1285,"caption":"wymaz z gard\u0142a cover"},{"@type":"BreadcrumbList","@id":"https:\/\/www.alab.pl\/centrum-wiedzy\/wymaz-z-gardla-co-wykrywa-badanie-i-kiedy-sie-je-zleca-jak-sie-przygotowac\/#breadcrumb","itemListElement":[{"@type":"ListItem","position":1,"name":"Strona g\u0142\u00f3wna","item":"https:\/\/www.alab.pl\/centrum-wiedzy\/"},{"@type":"ListItem","position":2,"name":"Wymaz z gard\u0142a \u2013 co wykrywa badanie i kiedy si\u0119 je zleca? Jak si\u0119 przygotowa\u0107?"}]},{"@type":"WebSite","@id":"https:\/\/www.alab.pl\/centrum-wiedzy\/#website","url":"https:\/\/www.alab.pl\/centrum-wiedzy\/","name":"Centrum Wiedzy ALAB laboratoria","description":"","publisher":{"@id":"https:\/\/www.alab.pl\/centrum-wiedzy\/#organization"},"potentialAction":[{"@type":"SearchAction","target":{"@type":"EntryPoint","urlTemplate":"https:\/\/www.alab.pl\/centrum-wiedzy\/?s={search_term_string}"},"query-input":{"@type":"PropertyValueSpecification","valueRequired":true,"valueName":"search_term_string"}}],"inLanguage":"pl-PL"},{"@type":"Organization","@id":"https:\/\/www.alab.pl\/centrum-wiedzy\/#organization","name":"Centrum Wiedzy ALAB laboratoria","url":"https:\/\/www.alab.pl\/centrum-wiedzy\/","logo":{"@type":"ImageObject","inLanguage":"pl-PL","@id":"https:\/\/www.alab.pl\/centrum-wiedzy\/#\/schema\/logo\/image\/","url":"https:\/\/www.alab.pl\/centrum-wiedzy\/wp-content\/uploads\/2022\/04\/alabek.jpg","contentUrl":"https:\/\/www.alab.pl\/centrum-wiedzy\/wp-content\/uploads\/2022\/04\/alabek.jpg","width":1250,"height":1251,"caption":"Centrum Wiedzy ALAB laboratoria"},"image":{"@id":"https:\/\/www.alab.pl\/centrum-wiedzy\/#\/schema\/logo\/image\/"},"sameAs":["https:\/\/www.facebook.com\/ALABlaboratoria"]},{"@type":"Person","@id":"https:\/\/www.alab.pl\/centrum-wiedzy\/#\/schema\/person\/1ae34e072d82e416ba56554dcb881d62","name":"Elwira Zawidzka","image":{"@type":"ImageObject","inLanguage":"pl-PL","@id":"https:\/\/www.alab.pl\/centrum-wiedzy\/wp-content\/uploads\/2022\/03\/Elwira-Zawidzka-scaled-1-150x149.jpg2f127cfeae6d9bf00c170f9c737413d3","url":"https:\/\/www.alab.pl\/centrum-wiedzy\/wp-content\/uploads\/2022\/03\/Elwira-Zawidzka-scaled-1-150x149.jpg","contentUrl":"https:\/\/www.alab.pl\/centrum-wiedzy\/wp-content\/uploads\/2022\/03\/Elwira-Zawidzka-scaled-1-150x149.jpg","caption":"Elwira Zawidzka"},"description":"Specjalista mikrobiologii medycznej, diagnosta laboratoryjny, cz\u0142onek Zespo\u0142u ds. Kontroli Zaka\u017ce\u0144 Szpitalnych. Absolwentka Uniwersytetu Warszawskiego, Warszawskiego Uniwersytetu Medycznego i Akademii Leona Ko\u017ami\u0144skiego.","url":"https:\/\/www.alab.pl\/centrum-wiedzy\/author\/elwira\/"}]}},"_links":{"self":[{"href":"https:\/\/www.alab.pl\/centrum-wiedzy\/wp-json\/wp\/v2\/posts\/20143","targetHints":{"allow":["GET"]}}],"collection":[{"href":"https:\/\/www.alab.pl\/centrum-wiedzy\/wp-json\/wp\/v2\/posts"}],"about":[{"href":"https:\/\/www.alab.pl\/centrum-wiedzy\/wp-json\/wp\/v2\/types\/post"}],"author":[{"embeddable":true,"href":"https:\/\/www.alab.pl\/centrum-wiedzy\/wp-json\/wp\/v2\/users\/95"}],"replies":[{"embeddable":true,"href":"https:\/\/www.alab.pl\/centrum-wiedzy\/wp-json\/wp\/v2\/comments?post=20143"}],"version-history":[{"count":6,"href":"https:\/\/www.alab.pl\/centrum-wiedzy\/wp-json\/wp\/v2\/posts\/20143\/revisions"}],"predecessor-version":[{"id":26337,"href":"https:\/\/www.alab.pl\/centrum-wiedzy\/wp-json\/wp\/v2\/posts\/20143\/revisions\/26337"}],"wp:featuredmedia":[{"embeddable":true,"href":"https:\/\/www.alab.pl\/centrum-wiedzy\/wp-json\/wp\/v2\/media\/19890"}],"wp:attachment":[{"href":"https:\/\/www.alab.pl\/centrum-wiedzy\/wp-json\/wp\/v2\/media?parent=20143"}],"wp:term":[{"taxonomy":"category","embeddable":true,"href":"https:\/\/www.alab.pl\/centrum-wiedzy\/wp-json\/wp\/v2\/categories?post=20143"},{"taxonomy":"post_tag","embeddable":true,"href":"https:\/\/www.alab.pl\/centrum-wiedzy\/wp-json\/wp\/v2\/tags?post=20143"},{"taxonomy":"author","embeddable":true,"href":"https:\/\/www.alab.pl\/centrum-wiedzy\/wp-json\/wp\/v2\/coauthors?post=20143"}],"curies":[{"name":"wp","href":"https:\/\/api.w.org\/{rel}","templated":true}]}}