{"id":20152,"date":"2024-12-23T12:30:00","date_gmt":"2024-12-23T11:30:00","guid":{"rendered":"https:\/\/www.alab.pl\/centrum-wiedzy\/?p=20152"},"modified":"2024-12-23T13:53:36","modified_gmt":"2024-12-23T12:53:36","slug":"angina-wirusowa-objawy-diagnostyka-i-leczenie-u-doroslych-i-dzieci","status":"publish","type":"post","link":"https:\/\/www.alab.pl\/centrum-wiedzy\/angina-wirusowa-objawy-diagnostyka-i-leczenie-u-doroslych-i-dzieci\/","title":{"rendered":"Angina wirusowa &#8211; objawy, diagnostyka i leczenie u doros\u0142ych i dzieci"},"content":{"rendered":"\n<p><strong>G\u0142\u00f3wn\u0105 przyczyn\u0105 anginy zar\u00f3wno u dzieci, jak i u doros\u0142ych s\u0105 wirusy. Artyku\u0142 odpowiada na pytania, jakie wirusy najcz\u0119\u015bciej wywo\u0142uj\u0105 zapalenia g\u00f3rnych dr\u00f3g oddechowych, jak przebiega choroba o etiologii wirusowej i czym r\u00f3\u017cni si\u0119 od anginy bakteryjnej oraz kt\u00f3re badania laboratoryjne pozwalaj\u0105 ustali\u0107 przyczyny infekcji, a tak\u017ce jak przebiega jej leczenie.<\/strong><\/p>\n\n\n\n<p>Spis tre\u015bci:<\/p>\n\n\n\n<ol class=\"wp-block-list\">\n<li><a href=\"#Angina-wirusowa-\u2013-czym-jest?\">Angina wirusowa \u2013 czym jest?<\/a><\/li>\n\n\n\n<li><a href=\"#Angina-wirusowa-\u2013-objawy-u-doros\u0142ych-i-dzieci\">Angina wirusowa \u2013 objawy u doros\u0142ych i dzieci<\/a><\/li>\n\n\n\n<li><a href=\"#Angina-wirusowa-a-bakteryjna-\u2013-r\u00f3\u017cnice\">Angina wirusowa a bakteryjna \u2013 r\u00f3\u017cnice<\/a><\/li>\n\n\n\n<li><a href=\"#Angina-wirusowa-\u2013-leczenie\">Angina wirusowa \u2013 diagnostyka<\/a><\/li>\n\n\n\n<li><a href=\"#Angina-wirusowa-\u2013-podsumowanie\">Angina wirusowa \u2013 podsumowanie<\/a><\/li>\n<\/ol>\n\n\n\n<h2 class=\"wp-block-heading\" id=\"Angina-wirusowa-\u2013-czym-jest?\">Angina wirusowa \u2013 czym jest?<\/h2>\n\n\n\n<p><a href=\"https:\/\/www.alab.pl\/centrum-wiedzy\/angina-objawy-diagnostyka-leczenie\/\">Angina<\/a> jest ostrym zapaleniem \u015bluz\u00f3wki gard\u0142a i migda\u0142k\u00f3w podniebiennych wywo\u0142anym przez r\u00f3\u017cne drobnoustroje (bakterie, wirusy, grzyby). Wirusowa przyczyna anginy dotyczy ok.:<\/p>\n\n\n\n<ul class=\"wp-block-list\">\n<li>95% przypadk\u00f3w choroby u doros\u0142ych,<\/li>\n\n\n\n<li>70-85% przypadk\u00f3w w\u015br\u00f3d dzieci.<\/li>\n<\/ul>\n\n\n\n<p>Za infekcj\u0119 wirusow\u0105 g\u00f3rnych dr\u00f3g oddechowych odpowiadaj\u0105 przede wszystkim <strong>rinowirusy<\/strong> i <strong>koronawirusy<\/strong> (65% przypadk\u00f3w). Mo\u017ce by\u0107 ona spowodowana r\u00f3wnie\u017c przez adenowirusy, wirusy paragrypy, <a href=\"https:\/\/www.alab.pl\/centrum-wiedzy\/wirus-rsv-przyczyna-sezonowych-zakazen-ukladu-oddechowego\/\" target=\"_blank\" rel=\"noreferrer noopener\">RSV<\/a> czy wirus Epsteina\u2013Barr.<\/p>\n\n\n\n<p>Angina wirusowa ma zazwyczaj <strong>charakter sezonowy<\/strong>, ze szczytem zachorowa\u0144 p\u00f3\u017an\u0105 jesieni\u0105, zim\u0105 i wczesn\u0105 wiosn\u0105. \u0179r\u00f3d\u0142em zaka\u017cenia s\u0105 <strong>osoby chore<\/strong>. Wirusy s\u0105 przenoszone drog\u0105 kropelkow\u0105 w trakcie m\u00f3wienia, <a href=\"https:\/\/www.alab.pl\/centrum-wiedzy\/przedluzajacy-sie-kaszel-jakie-badania-laboratoryjne-wykonac-by-rozpoczac-skuteczne-leczenie\/\" target=\"_blank\" rel=\"noreferrer noopener\">kaszlu<\/a> czy kichania. Do zaka\u017cenia dochodzi r\u00f3wnie\u017c przez <strong>bezpo\u015bredni kontakt<\/strong> z wydzielinami z g\u00f3rnych dr\u00f3g oddechowych os\u00f3b zainfekowanych.<\/p>\n\n\n\n<p>Okres wyl\u0119gania choroby wynosi 1\u20136&nbsp;dni. Objawy anginy wirusowej ust\u0119puj\u0105 samoistnie po 3-4 dniach. Chory staje si\u0119 \u017ar\u00f3d\u0142em zaka\u017cenia dla otoczenia na 1-2 dni przed pojawieniem si\u0119 objaw\u00f3w i pozostaje zaka\u017any, zale\u017cnie od rodzaju wirusa, do 3 tygodni po ust\u0105pieniu choroby.<\/p>\n\n\n\n<p><strong>Czynniki ryzyka zachorowania na angin\u0119 to<\/strong>:<\/p>\n\n\n\n<ul class=\"wp-block-list\">\n<li><strong>kontakt z chorym <\/strong>na zapalenie gard\u0142a i migda\u0142k\u00f3w podniebiennych o pod\u0142o\u017cu infekcyjnym &#8211; cz\u0119sta przyczyna zachorowa\u0144 w du\u017cych skupiskach (\u017c\u0142obki, przedszkola, szko\u0142y); szacuje si\u0119, \u017ce w\u015br\u00f3d wsp\u00f3\u0142domownik\u00f3w chorego prawdopodobie\u0144stwo zaka\u017cenia dotyczy 2 na 3 osoby,<\/li>\n\n\n\n<li><strong>wiek<\/strong> &#8211; cz\u0119\u015bciej choruj\u0105 dzieci w wieku 5-15 lat, w przypadku <a href=\"https:\/\/www.alab.pl\/centrum-wiedzy\/mononukleoza-zakazna-im-infectious-mononucleosis\/\" target=\"_blank\" rel=\"noreferrer noopener\">mononukleozy zaka\u017anej<\/a> m\u0142odzie\u017c i m\u0142odzi doro\u015bli,<\/li>\n\n\n\n<li><strong>zaburzenia <\/strong><a href=\"https:\/\/www.alab.pl\/centrum-wiedzy\/jak-wzmocnic-uklad-immunologiczny\/\" target=\"_blank\" rel=\"noreferrer noopener\"><strong>odporno\u015bci<\/strong><\/a><strong>.<\/strong><\/li>\n<\/ul>\n\n\n\n<p><strong>&gt;&gt; Przeczytaj o: <a href=\"https:\/\/www.alab.pl\/centrum-wiedzy\/powracajace-infekcje-i-alarmujace-statystyki-krztusiec-rozyczka-i-odra\/\" target=\"_blank\" rel=\"noreferrer noopener\">Powracaj\u0105ce infekcje i alarmuj\u0105ce statystyki: krztusiec, r\u00f3\u017cyczka i odra<\/a><\/strong><\/p>\n\n\n\n<h2 class=\"wp-block-heading\" id=\"Angina-wirusowa-\u2013-objawy-u-doros\u0142ych-i-dzieci\">Angina wirusowa \u2013 objawy u doros\u0142ych i dzieci<\/h2>\n\n\n\n<p>U os\u00f3b doros\u0142ych wirusy s\u0105 zdecydowanie g\u0142\u00f3wn\u0105 przyczyn\u0105 anginy \u2013 odpowiadaj\u0105 za 95% przypadk\u00f3w choroby. U dzieci, mimo \u017ce wirusy r\u00f3wnie\u017c przewa\u017caj\u0105 w\u015br\u00f3d czynnik\u00f3w etiologicznych anginy, cz\u0119sto dochodzi do zaka\u017ce\u0144 bakteryjnych. Angina o pod\u0142o\u017cu bakteryjnym jest wywo\u0142ywana przede wszystkim przez <em>Streptococcus pyogenes<\/em> (<a href=\"https:\/\/www.alab.pl\/centrum-wiedzy\/paciorkowce-czy-te-bakterie-sa-grozne-objawy-zakazenia-diagnostyka-leczenie\/\" target=\"_blank\" rel=\"noreferrer noopener\">paciorkowca<\/a> ropotw\u00f3rczego grupy A).<\/p>\n\n\n\n<p>Angina wirusowa charakteryzuje si\u0119 <strong>powolnym narastaniem objaw\u00f3w chorobowych<\/strong> i przebiega zazwyczaj \u0142agodnie.<\/p>\n\n\n\n<p><strong>Objawami klinicznymi<\/strong> pojawiaj\u0105cymi w przebiegu choroby s\u0105:<\/p>\n\n\n\n<ul class=\"wp-block-list\">\n<li>b\u00f3l i zaczerwienienie gard\u0142a,<\/li>\n\n\n\n<li><a href=\"https:\/\/www.alab.pl\/centrum-wiedzy\/bole-glowy-rodzaje-i-przyczyny-jakie-badania-wykonac-przy-czestych-przewleklych-bolach-glowy\/\" target=\"_blank\" rel=\"noreferrer noopener\">b\u00f3l g\u0142owy<\/a>,<\/li>\n\n\n\n<li>b\u00f3l mi\u0119\u015bni i&nbsp;<a href=\"https:\/\/www.alab.pl\/centrum-wiedzy\/bol-stawow-przyczyny-objawy-diagnostyka-i-leczenie-bolow-stawowych\/\" target=\"_blank\" rel=\"noreferrer noopener\">staw\u00f3w<\/a>,<\/li>\n\n\n\n<li>niewielka gor\u0105czka (&lt;38\u00b0C) lub prawid\u0142owa temperatura cia\u0142a,<\/li>\n\n\n\n<li>chrypka, kaszel, nie\u017cyt nosa,<\/li>\n\n\n\n<li>zapalenie spoj\u00f3wek,<\/li>\n\n\n\n<li>czasami owrzodzenia b\u0142ony \u015bluzowej jamy ustnej,<\/li>\n\n\n\n<li><a href=\"https:\/\/www.alab.pl\/centrum-wiedzy\/przewlekla-biegunka-u-doroslych-i-dzieci-mozliwe-przyczyny-i-rekomendowane-badania\/\" target=\"_blank\" rel=\"noreferrer noopener\">biegunka<\/a>.<\/li>\n<\/ul>\n\n\n\n<p>Warto zdawa\u0107 sobie spraw\u0119 r\u00f3wnie\u017c z tego, \u017ce czasami wirusowe zapalenie gard\u0142a mo\u017ce przypomina\u0107 angin\u0119 bakteryjn\u0105. Tak dzieje si\u0119 w przypadku <strong>mononukleozy zaka\u017anej, <\/strong>wywo\u0142ywanej przez wirusa Epsteina\u2013Barr (EBV), kiedy na pocz\u0105tku infekcji pojawia si\u0119 wysoka gor\u0105czka, <a href=\"https:\/\/www.alab.pl\/centrum-wiedzy\/powiekszone-wezly-chlonne-na-szyi-przyczyny-objawy-i-diagnostyka\/\" target=\"_blank\" rel=\"noreferrer noopener\">w\u0119z\u0142y ch\u0142onne szyjne<\/a> ulegaj\u0105 powi\u0119kszeniu, migda\u0142ki podniebienne s\u0105 powi\u0119kszone i pokryte bia\u0142o-szarym nalotem.<\/p>\n\n\n\n<p>Mononukleoz\u0119 zaka\u017an\u0105 od anginy paciorkowcowej odr\u00f3\u017cnia:<\/p>\n\n\n\n<ul class=\"wp-block-list\">\n<li>uog\u00f3lniony charakter powi\u0119kszenia w\u0119z\u0142\u00f3w ch\u0142onnych,<\/li>\n\n\n\n<li>d\u0142ugotrwa\u0142a gor\u0105czka (10-14 dni),<\/li>\n\n\n\n<li>powi\u0119kszenie w\u0105troby i \u015bledziony,<\/li>\n\n\n\n<li>zatkany nos,<\/li>\n\n\n\n<li>obrz\u0119k powiek.<\/li>\n<\/ul>\n\n\n\n<figure class=\"wp-block-image size-full\"><a href=\"https:\/\/www.alab.pl\/badanie\/posiew-z-gornych-drog-oddechowych-rozszerzony-91831\" target=\"_blank\" rel=\" noreferrer noopener\"><img loading=\"lazy\" decoding=\"async\" width=\"800\" height=\"200\" src=\"https:\/\/www.alab.pl\/centrum-wiedzy\/wp-content\/uploads\/2023\/06\/posiew-z-gornych-drog-oddechowych-jpg.webp\" alt=\"posiew z g\u00f3rnych dr\u00f3g oddechowych rozszerzony\" class=\"wp-image-6896\" srcset=\"https:\/\/www.alab.pl\/centrum-wiedzy\/wp-content\/uploads\/2023\/06\/posiew-z-gornych-drog-oddechowych-jpg.webp 800w, https:\/\/www.alab.pl\/centrum-wiedzy\/wp-content\/uploads\/2023\/06\/posiew-z-gornych-drog-oddechowych-jpg-768x192.webp 768w, https:\/\/www.alab.pl\/centrum-wiedzy\/wp-content\/uploads\/2023\/06\/posiew-z-gornych-drog-oddechowych-jpg-150x38.webp 150w, https:\/\/www.alab.pl\/centrum-wiedzy\/wp-content\/uploads\/2023\/06\/posiew-z-gornych-drog-oddechowych-jpg-300x75.webp 300w, https:\/\/www.alab.pl\/centrum-wiedzy\/wp-content\/uploads\/2023\/06\/posiew-z-gornych-drog-oddechowych-jpg-696x174.webp 696w\" sizes=\"auto, (max-width: 800px) 100vw, 800px\" \/><\/a><\/figure>\n\n\n\n<h2 class=\"wp-block-heading\" id=\"Angina-wirusowa-a-bakteryjna-\u2013-r\u00f3\u017cnice\">Angina wirusowa a bakteryjna \u2013 r\u00f3\u017cnice<\/h2>\n\n\n\n<p>Angin\u0119 wirusow\u0105 od anginy bakteryjnej r\u00f3\u017cni przede wszystkim <strong>tempo rozwoju choroby<\/strong> i <strong>stopie\u0144 nasilenia<\/strong> <strong>objaw\u00f3w<\/strong>.<\/p>\n\n\n\n<figure class=\"wp-block-image size-full\"><img loading=\"lazy\" decoding=\"async\" width=\"890\" height=\"769\" src=\"https:\/\/www.alab.pl\/centrum-wiedzy\/wp-content\/uploads\/2024\/12\/Angina-wirusowa_infografika.jpg\" alt=\"Angina wirusowa_infografika tabela\" class=\"wp-image-19912\" srcset=\"https:\/\/www.alab.pl\/centrum-wiedzy\/wp-content\/uploads\/2024\/12\/Angina-wirusowa_infografika.jpg 890w, https:\/\/www.alab.pl\/centrum-wiedzy\/wp-content\/uploads\/2024\/12\/Angina-wirusowa_infografika-768x664.jpg 768w, https:\/\/www.alab.pl\/centrum-wiedzy\/wp-content\/uploads\/2024\/12\/Angina-wirusowa_infografika-150x130.jpg 150w, https:\/\/www.alab.pl\/centrum-wiedzy\/wp-content\/uploads\/2024\/12\/Angina-wirusowa_infografika-300x259.jpg 300w, https:\/\/www.alab.pl\/centrum-wiedzy\/wp-content\/uploads\/2024\/12\/Angina-wirusowa_infografika-696x601.jpg 696w\" sizes=\"auto, (max-width: 890px) 100vw, 890px\" \/><\/figure>\n\n\n\n<h2 class=\"wp-block-heading\" id=\"Angina-wirusowa-\u2013-diagnostyka\">Angina wirusowa \u2013 diagnostyka<\/h2>\n\n\n\n<p>Diagnozowanie anginy opiera si\u0119 na <strong>objawach klinicznych<\/strong> oraz na wynikach <strong>bada\u0144 laboratoryjnych<\/strong>. Rozr\u00f3\u017cnienie anginy o pod\u0142o\u017cu wirusowym i bakteryjnym jest niezwykle wa\u017cne ze wzgl\u0119du na konieczno\u015b\u0107 podj\u0119cia odpowiedniej terapii chorego. <a href=\"https:\/\/www.alab.pl\/centrum-wiedzy\/antybiotyk\/\" target=\"_blank\" rel=\"noreferrer noopener\"><strong>Antybiotyki<\/strong><\/a><strong> stosowane s\u0105 <u>wy\u0142\u0105cznie<\/u> w anginie bakteryjnej<\/strong>.<\/p>\n\n\n\n<p>Wst\u0119pne rozpoznanie ostrego zapalenia gard\u0142a i migda\u0142k\u00f3w podniebiennych obejmuje:<\/p>\n\n\n\n<ul class=\"wp-block-list\">\n<li>wywiad i badanie przedmiotowe (badanie gard\u0142a, jamy ustnej, w\u0119z\u0142\u00f3w ch\u0142onnych),<\/li>\n\n\n\n<li>r\u00f3\u017cnicowanie etiologii zaka\u017cenia w oparciu o skal\u0119 punktow\u0105 wg Centora\/McIsaaca (okre\u015bla prawdopodobie\u0144stwo anginy paciorkowcowej).<\/li>\n<\/ul>\n\n\n\n<p>Obraz kliniczny w przebiegu anginy mo\u017ce by\u0107 niejednoznaczny i mo\u017ce nasuwa\u0107 w\u0105tpliwo\u015bci zwi\u0105zane z etiologi\u0105 infekcji. Rozwianiu w\u0105tpliwo\u015bci s\u0142u\u017c\u0105 <strong>badania laboratoryjne<\/strong>. Najcz\u0119\u015bciej stosowane s\u0105 <strong>testy<\/strong> potwierdzaj\u0105ce lub wykluczaj\u0105ce zaka\u017cenie bakteryjne, poniewa\u017c przek\u0142ada si\u0119 to na podj\u0119cie decyzji o stosowaniu antybiotyk\u00f3w.<\/p>\n\n\n\n<figure class=\"wp-block-image size-full\"><a href=\"https:\/\/www.alab.pl\/badanie\/aso-test-ilosciowy-u75\" target=\"_blank\" rel=\" noreferrer noopener\"><img loading=\"lazy\" decoding=\"async\" width=\"800\" height=\"200\" src=\"https:\/\/www.alab.pl\/centrum-wiedzy\/wp-content\/uploads\/2023\/06\/Test-ASO-ilosciowy-jpg.webp\" alt=\"\" class=\"wp-image-6897\" srcset=\"https:\/\/www.alab.pl\/centrum-wiedzy\/wp-content\/uploads\/2023\/06\/Test-ASO-ilosciowy-jpg.webp 800w, https:\/\/www.alab.pl\/centrum-wiedzy\/wp-content\/uploads\/2023\/06\/Test-ASO-ilosciowy-jpg-768x192.webp 768w, https:\/\/www.alab.pl\/centrum-wiedzy\/wp-content\/uploads\/2023\/06\/Test-ASO-ilosciowy-jpg-150x38.webp 150w, https:\/\/www.alab.pl\/centrum-wiedzy\/wp-content\/uploads\/2023\/06\/Test-ASO-ilosciowy-jpg-300x75.webp 300w, https:\/\/www.alab.pl\/centrum-wiedzy\/wp-content\/uploads\/2023\/06\/Test-ASO-ilosciowy-jpg-696x174.webp 696w\" sizes=\"auto, (max-width: 800px) 100vw, 800px\" \/><\/a><\/figure>\n\n\n\n<p><strong>W diagnostyce laboratoryjnej wykorzystywane s\u0105<\/strong>:<\/p>\n\n\n\n<ul class=\"wp-block-list\">\n<li>szybkie testy antygenowe w kierunku paciorkowca grupy A (ujemne w przypadku zaka\u017cenia wirusowego),<\/li>\n\n\n\n<li>posiew mikrobiologiczny, w kt\u00f3rym wykrywane s\u0105 bakterie i grzyby (ujemny wynik mo\u017ce wskazywa\u0107 na zaka\u017cenie wirusowe).<\/li>\n<\/ul>\n\n\n\n<p>W niekt\u00f3rych przypadkach zapalenia gard\u0142a (np. w mononukleozie zaka\u017anej) konieczne jest przeprowadzenie bada\u0144 ukierunkowanych na wirusa. Stosowane s\u0105 wtedy <a href=\"https:\/\/www.alab.pl\/centrum-wiedzy\/badania-serologiczne-co-to-jest-serologia-na-czym-polegaja-badania-i-kiedy-sie-je-wykonuje\/\" target=\"_blank\" rel=\"noreferrer noopener\">testy serologiczne<\/a> i molekularne (genetyczne). Pomocne s\u0105 r\u00f3wnie\u017c inne badania laboratoryjne, np<a href=\"https:\/\/www.alab.pl\/centrum-wiedzy\/morfologia-krwi-badanie-ktore-moze-uratowac-zycie\/\" target=\"_blank\" rel=\"noreferrer noopener\">. morfologia krwi<\/a> z rozmazem czy ocena aktywno\u015bci aminotransferaz (AlAT, AspAT).<\/p>\n\n\n\n<figure class=\"wp-block-image size-full\"><a href=\"https:\/\/www.alab.pl\/badanie\/morfologia-krwi-c55\" target=\"_blank\" rel=\" noreferrer noopener\"><img loading=\"lazy\" decoding=\"async\" width=\"800\" height=\"200\" src=\"https:\/\/www.alab.pl\/centrum-wiedzy\/wp-content\/uploads\/2024\/09\/Morfologia-krwi-obwodowej-jpg.webp\" alt=\"Morfologia krwi obwodowej\" class=\"wp-image-16675\" srcset=\"https:\/\/www.alab.pl\/centrum-wiedzy\/wp-content\/uploads\/2024\/09\/Morfologia-krwi-obwodowej-jpg.webp 800w, https:\/\/www.alab.pl\/centrum-wiedzy\/wp-content\/uploads\/2024\/09\/Morfologia-krwi-obwodowej-jpg-768x192.webp 768w, https:\/\/www.alab.pl\/centrum-wiedzy\/wp-content\/uploads\/2024\/09\/Morfologia-krwi-obwodowej-jpg-150x38.webp 150w, https:\/\/www.alab.pl\/centrum-wiedzy\/wp-content\/uploads\/2024\/09\/Morfologia-krwi-obwodowej-jpg-300x75.webp 300w, https:\/\/www.alab.pl\/centrum-wiedzy\/wp-content\/uploads\/2024\/09\/Morfologia-krwi-obwodowej-jpg-696x174.webp 696w\" sizes=\"auto, (max-width: 800px) 100vw, 800px\" \/><\/a><\/figure>\n\n\n\n<h2 class=\"wp-block-heading\" id=\"Angina-wirusowa-\u2013-leczenie\">Angina wirusowa \u2013 leczenie<\/h2>\n\n\n\n<p>W terapii <strong>anginy wirusowej<\/strong>, w przeciwie\u0144stwie do anginy o etiologii bakteryjnej, <strong>nie s\u0105 stosowane antybiotyki<\/strong>. Chory wymaga leczenia objawowego, kt\u00f3re obejmuje:<\/p>\n\n\n\n<ul class=\"wp-block-list\">\n<li>odpoczynek,<\/li>\n\n\n\n<li>przebywanie w dobrze nawil\u017conym pomieszczeniu,<\/li>\n\n\n\n<li>spo\u017cywanie du\u017cej obj\u0119to\u015bci p\u0142yn\u00f3w,<\/li>\n\n\n\n<li>spo\u017cywanie pokarm\u00f3w niedra\u017cni\u0105cych \u015bluz\u00f3wki gard\u0142a,<\/li>\n\n\n\n<li>p\u0142ukanie gard\u0142a roztworem soli,<\/li>\n\n\n\n<li>przyjmowanie w razie potrzeby lek\u00f3w przeciwb\u00f3lowych i przeciwgor\u0105czkowych,<\/li>\n\n\n\n<li>stosowanie lek\u00f3w o dzia\u0142aniu miejscowym (\u0142agodz\u0105cych b\u00f3l i dzia\u0142aj\u0105cych przeciwzapalnie).<\/li>\n<\/ul>\n\n\n\n<p>Rokowania w anginie wirusowej s\u0105 pomy\u015blne. Powik\u0142ania po przechorowaniu s\u0105 rzadkie, znacznie rzadsze ni\u017c po anginie o etiologii bakteryjnej.<\/p>\n\n\n\n<p><strong>UWAGA<\/strong>: B\u0142\u0119dne rozpoznanie i podanie antybiotyk\u00f3w w anginie wirusowej nara\u017ca pacjenta na:<\/p>\n\n\n\n<ul class=\"wp-block-list\">\n<li>skutki uboczne dzia\u0142ania leku,<\/li>\n\n\n\n<li>niszczenie flory fizjologicznej,<\/li>\n\n\n\n<li>szerzenie lekooporno\u015bci drobnoustroj\u00f3w.<\/li>\n<\/ul>\n\n\n\n<p>Podanie choremu na mononukleoz\u0119 zaka\u017an\u0105 antybiotyk\u00f3w z&nbsp;grupy aminopenicylin (np. amoksycyliny) powoduje wyst\u0105pienie na sk\u00f3rze czerwonej, rozsianej wysypki przypominaj\u0105cej wysypk\u0119 w przebiegu odry (dotyczy 80\u201390% pacjent\u00f3w).<\/p>\n\n\n\n<h2 class=\"wp-block-heading\" id=\"Angina-wirusowa-\u2013-podsumowanie\">Angina wirusowa \u2013 podsumowanie<\/h2>\n\n\n\n<ul class=\"wp-block-list\">\n<li>Wirusy s\u0105 najcz\u0119stsz\u0105 przyczyn\u0105 ostrego zapalenia gard\u0142a i migda\u0142k\u00f3w podniebiennych,<\/li>\n\n\n\n<li>Za infekcj\u0119 wirusow\u0105 g\u00f3rnych dr\u00f3g oddechowych odpowiadaj\u0105 przede wszystkim rinowirusy i koronawirusy (65% przypadk\u00f3w),<\/li>\n\n\n\n<li>Angina wirusowa charakteryzuje si\u0119 powolnym narastaniem objaw\u00f3w klinicznych i ma zazwyczaj &nbsp;\u0142agodniejszy przebieg ni\u017c angina bakteryjna,<\/li>\n\n\n\n<li>G\u0142\u00f3wnym celem r\u00f3\u017cnicowania etiologii anginy jest unikanie podawania choremu antybiotyk\u00f3w w przypadku zaka\u017cenia wirusami,<\/li>\n\n\n\n<li>Terapia anginy wirusowej opiera si\u0119 na leczeniu objawowym.<\/li>\n<\/ul>\n\n\n\n<hr class=\"wp-block-separator has-alpha-channel-opacity\"\/>\n\n\n\n<p><strong>Pi\u015bmiennictwo<\/strong><\/p>\n\n\n\n<ol class=\"wp-block-list\">\n<li>dr hab. med. Bo\u017cena Skotnicka, <em>Angina \u2013 objawy, przyczyny, leczenie<\/em>,  https:\/\/www.mp.pl\/pacjent\/pediatria\/choroby\/laryngologia\/78438,angina-objawy-przyczyny-leczenie (dost\u0119p 05.12.2024 r.).<\/li>\n\n\n\n<li>Leszek Szenborn, Piotr Sawiec, Jacek Mrukowicz, <em>Ostre zapalenie gard\u0142a i&nbsp;migda\u0142k\u00f3w (angina)<\/em>, https:\/\/www.mp.pl\/interna\/chapter\/B16.II.3.3.?postlogin=&nbsp; (dost\u0119p 05.12.2024 r.).<\/li>\n\n\n\n<li>dr hab. n. med. Ernest Kuchar, <em>Mononukleoza zaka\u017ana u&nbsp;doros\u0142ych<\/em>, https:\/\/www.mp.pl\/pacjent\/choroby-zakazne\/choroby\/zakazenia-wirusowe\/160210,mononukleoza-zakazna-u-doroslych (dost\u0119p 08.12.2024 r.).<\/li>\n<\/ol>\n","protected":false},"excerpt":{"rendered":"<p>Angina wirusowa to ostre zapalenie \u015bluz\u00f3wki gard\u0142a i migda\u0142k\u00f3w podniebnych. Czym r\u00f3\u017cni si\u0119 od anginy bakteryjnej i jak przebiega leczenie?<\/p>\n","protected":false},"author":95,"featured_media":19911,"comment_status":"closed","ping_status":"closed","sticky":false,"template":"","format":"standard","meta":{"_acf_changed":false,"inline_featured_image":false,"footnotes":""},"categories":[23],"tags":[],"coauthors":[154],"class_list":{"0":"post-20152","1":"post","2":"type-post","3":"status-publish","4":"format-standard","5":"has-post-thumbnail","7":"category-infekcje-i-pasozyty"},"acf":[],"yoast_head":"<!-- This site is optimized with the Yoast SEO plugin v27.5 - https:\/\/yoast.com\/product\/yoast-seo-wordpress\/ -->\n<title>Angina wirusowa - objawy, diagnostyka i leczenie u doros\u0142ych i dzieci - Centrum Wiedzy ALAB laboratoria<\/title>\n<meta name=\"description\" content=\"Angina wirusowa to ostre zapalenie \u015bluz\u00f3wki gard\u0142a i migda\u0142k\u00f3w podniebnych. Czym r\u00f3\u017cni si\u0119 od anginy bakteryjnej i jak przebiega leczenie?\" \/>\n<meta name=\"robots\" content=\"index, follow, max-snippet:-1, max-image-preview:large, max-video-preview:-1\" \/>\n<link rel=\"canonical\" href=\"https:\/\/www.alab.pl\/centrum-wiedzy\/angina-wirusowa-objawy-diagnostyka-i-leczenie-u-doroslych-i-dzieci\/\" \/>\n<meta property=\"og:locale\" content=\"pl_PL\" \/>\n<meta property=\"og:type\" content=\"article\" \/>\n<meta property=\"og:title\" content=\"Angina wirusowa - objawy, diagnostyka i leczenie u doros\u0142ych i dzieci - Centrum Wiedzy ALAB laboratoria\" \/>\n<meta property=\"og:description\" content=\"Angina wirusowa to ostre zapalenie \u015bluz\u00f3wki gard\u0142a i migda\u0142k\u00f3w podniebnych. Czym r\u00f3\u017cni si\u0119 od anginy bakteryjnej i jak przebiega leczenie?\" \/>\n<meta property=\"og:url\" content=\"https:\/\/www.alab.pl\/centrum-wiedzy\/angina-wirusowa-objawy-diagnostyka-i-leczenie-u-doroslych-i-dzieci\/\" \/>\n<meta property=\"og:site_name\" content=\"Centrum Wiedzy ALAB laboratoria\" \/>\n<meta property=\"article:publisher\" content=\"https:\/\/www.facebook.com\/ALABlaboratoria\" \/>\n<meta property=\"article:published_time\" content=\"2024-12-23T11:30:00+00:00\" \/>\n<meta property=\"article:modified_time\" content=\"2024-12-23T12:53:36+00:00\" \/>\n<meta property=\"og:image\" content=\"https:\/\/www.alab.pl\/centrum-wiedzy\/wp-content\/uploads\/2024\/12\/Angina-wirusowa_cover.jpg\" \/>\n\t<meta property=\"og:image:width\" content=\"1925\" \/>\n\t<meta property=\"og:image:height\" content=\"1285\" \/>\n\t<meta property=\"og:image:type\" content=\"image\/jpeg\" \/>\n<meta name=\"author\" content=\"Elwira Zawidzka\" \/>\n<meta name=\"twitter:card\" content=\"summary_large_image\" \/>\n<meta name=\"twitter:label1\" content=\"Napisane przez\" \/>\n\t<meta name=\"twitter:data1\" content=\"Elwira Zawidzka\" \/>\n\t<meta name=\"twitter:label2\" content=\"Szacowany czas czytania\" \/>\n\t<meta name=\"twitter:data2\" content=\"7 minut\" \/>\n\t<meta name=\"twitter:label3\" content=\"Written by\" \/>\n\t<meta name=\"twitter:data3\" content=\"Elwira Zawidzka\" \/>\n<!-- \/ Yoast SEO plugin. -->","yoast_head_json":{"title":"Angina wirusowa - objawy, diagnostyka i leczenie u doros\u0142ych i dzieci - Centrum Wiedzy ALAB laboratoria","description":"Angina wirusowa to ostre zapalenie \u015bluz\u00f3wki gard\u0142a i migda\u0142k\u00f3w podniebnych. Czym r\u00f3\u017cni si\u0119 od anginy bakteryjnej i jak przebiega leczenie?","robots":{"index":"index","follow":"follow","max-snippet":"max-snippet:-1","max-image-preview":"max-image-preview:large","max-video-preview":"max-video-preview:-1"},"canonical":"https:\/\/www.alab.pl\/centrum-wiedzy\/angina-wirusowa-objawy-diagnostyka-i-leczenie-u-doroslych-i-dzieci\/","og_locale":"pl_PL","og_type":"article","og_title":"Angina wirusowa - objawy, diagnostyka i leczenie u doros\u0142ych i dzieci - Centrum Wiedzy ALAB laboratoria","og_description":"Angina wirusowa to ostre zapalenie \u015bluz\u00f3wki gard\u0142a i migda\u0142k\u00f3w podniebnych. Czym r\u00f3\u017cni si\u0119 od anginy bakteryjnej i jak przebiega leczenie?","og_url":"https:\/\/www.alab.pl\/centrum-wiedzy\/angina-wirusowa-objawy-diagnostyka-i-leczenie-u-doroslych-i-dzieci\/","og_site_name":"Centrum Wiedzy ALAB laboratoria","article_publisher":"https:\/\/www.facebook.com\/ALABlaboratoria","article_published_time":"2024-12-23T11:30:00+00:00","article_modified_time":"2024-12-23T12:53:36+00:00","og_image":[{"width":1925,"height":1285,"url":"https:\/\/www.alab.pl\/centrum-wiedzy\/wp-content\/uploads\/2024\/12\/Angina-wirusowa_cover.jpg","type":"image\/jpeg"}],"author":"Elwira Zawidzka","twitter_card":"summary_large_image","twitter_misc":{"Napisane przez":"Elwira Zawidzka","Szacowany czas czytania":"7 minut","Written by":"Elwira Zawidzka"},"schema":{"@context":"https:\/\/schema.org","@graph":[{"@type":"Article","@id":"https:\/\/www.alab.pl\/centrum-wiedzy\/angina-wirusowa-objawy-diagnostyka-i-leczenie-u-doroslych-i-dzieci\/#article","isPartOf":{"@id":"https:\/\/www.alab.pl\/centrum-wiedzy\/angina-wirusowa-objawy-diagnostyka-i-leczenie-u-doroslych-i-dzieci\/"},"author":{"name":"Elwira Zawidzka","@id":"https:\/\/www.alab.pl\/centrum-wiedzy\/#\/schema\/person\/1ae34e072d82e416ba56554dcb881d62"},"headline":"Angina wirusowa &#8211; objawy, diagnostyka i leczenie u doros\u0142ych i dzieci","datePublished":"2024-12-23T11:30:00+00:00","dateModified":"2024-12-23T12:53:36+00:00","mainEntityOfPage":{"@id":"https:\/\/www.alab.pl\/centrum-wiedzy\/angina-wirusowa-objawy-diagnostyka-i-leczenie-u-doroslych-i-dzieci\/"},"wordCount":1187,"publisher":{"@id":"https:\/\/www.alab.pl\/centrum-wiedzy\/#organization"},"image":{"@id":"https:\/\/www.alab.pl\/centrum-wiedzy\/angina-wirusowa-objawy-diagnostyka-i-leczenie-u-doroslych-i-dzieci\/#primaryimage"},"thumbnailUrl":"https:\/\/www.alab.pl\/centrum-wiedzy\/wp-content\/uploads\/2024\/12\/Angina-wirusowa_cover.jpg","articleSection":["Infekcje i paso\u017cyty"],"inLanguage":"pl-PL"},{"@type":"WebPage","@id":"https:\/\/www.alab.pl\/centrum-wiedzy\/angina-wirusowa-objawy-diagnostyka-i-leczenie-u-doroslych-i-dzieci\/","url":"https:\/\/www.alab.pl\/centrum-wiedzy\/angina-wirusowa-objawy-diagnostyka-i-leczenie-u-doroslych-i-dzieci\/","name":"Angina wirusowa - objawy, diagnostyka i leczenie u doros\u0142ych i dzieci - Centrum Wiedzy ALAB laboratoria","isPartOf":{"@id":"https:\/\/www.alab.pl\/centrum-wiedzy\/#website"},"primaryImageOfPage":{"@id":"https:\/\/www.alab.pl\/centrum-wiedzy\/angina-wirusowa-objawy-diagnostyka-i-leczenie-u-doroslych-i-dzieci\/#primaryimage"},"image":{"@id":"https:\/\/www.alab.pl\/centrum-wiedzy\/angina-wirusowa-objawy-diagnostyka-i-leczenie-u-doroslych-i-dzieci\/#primaryimage"},"thumbnailUrl":"https:\/\/www.alab.pl\/centrum-wiedzy\/wp-content\/uploads\/2024\/12\/Angina-wirusowa_cover.jpg","datePublished":"2024-12-23T11:30:00+00:00","dateModified":"2024-12-23T12:53:36+00:00","description":"Angina wirusowa to ostre zapalenie \u015bluz\u00f3wki gard\u0142a i migda\u0142k\u00f3w podniebnych. Czym r\u00f3\u017cni si\u0119 od anginy bakteryjnej i jak przebiega leczenie?","breadcrumb":{"@id":"https:\/\/www.alab.pl\/centrum-wiedzy\/angina-wirusowa-objawy-diagnostyka-i-leczenie-u-doroslych-i-dzieci\/#breadcrumb"},"inLanguage":"pl-PL","potentialAction":[{"@type":"ReadAction","target":["https:\/\/www.alab.pl\/centrum-wiedzy\/angina-wirusowa-objawy-diagnostyka-i-leczenie-u-doroslych-i-dzieci\/"]}]},{"@type":"ImageObject","inLanguage":"pl-PL","@id":"https:\/\/www.alab.pl\/centrum-wiedzy\/angina-wirusowa-objawy-diagnostyka-i-leczenie-u-doroslych-i-dzieci\/#primaryimage","url":"https:\/\/www.alab.pl\/centrum-wiedzy\/wp-content\/uploads\/2024\/12\/Angina-wirusowa_cover.jpg","contentUrl":"https:\/\/www.alab.pl\/centrum-wiedzy\/wp-content\/uploads\/2024\/12\/Angina-wirusowa_cover.jpg","width":1925,"height":1285,"caption":"angina wirusowa cover"},{"@type":"BreadcrumbList","@id":"https:\/\/www.alab.pl\/centrum-wiedzy\/angina-wirusowa-objawy-diagnostyka-i-leczenie-u-doroslych-i-dzieci\/#breadcrumb","itemListElement":[{"@type":"ListItem","position":1,"name":"Strona g\u0142\u00f3wna","item":"https:\/\/www.alab.pl\/centrum-wiedzy\/"},{"@type":"ListItem","position":2,"name":"Angina wirusowa &#8211; objawy, diagnostyka i leczenie u doros\u0142ych i dzieci"}]},{"@type":"WebSite","@id":"https:\/\/www.alab.pl\/centrum-wiedzy\/#website","url":"https:\/\/www.alab.pl\/centrum-wiedzy\/","name":"Centrum Wiedzy ALAB laboratoria","description":"","publisher":{"@id":"https:\/\/www.alab.pl\/centrum-wiedzy\/#organization"},"potentialAction":[{"@type":"SearchAction","target":{"@type":"EntryPoint","urlTemplate":"https:\/\/www.alab.pl\/centrum-wiedzy\/?s={search_term_string}"},"query-input":{"@type":"PropertyValueSpecification","valueRequired":true,"valueName":"search_term_string"}}],"inLanguage":"pl-PL"},{"@type":"Organization","@id":"https:\/\/www.alab.pl\/centrum-wiedzy\/#organization","name":"Centrum Wiedzy ALAB laboratoria","url":"https:\/\/www.alab.pl\/centrum-wiedzy\/","logo":{"@type":"ImageObject","inLanguage":"pl-PL","@id":"https:\/\/www.alab.pl\/centrum-wiedzy\/#\/schema\/logo\/image\/","url":"https:\/\/www.alab.pl\/centrum-wiedzy\/wp-content\/uploads\/2022\/04\/alabek.jpg","contentUrl":"https:\/\/www.alab.pl\/centrum-wiedzy\/wp-content\/uploads\/2022\/04\/alabek.jpg","width":1250,"height":1251,"caption":"Centrum Wiedzy ALAB laboratoria"},"image":{"@id":"https:\/\/www.alab.pl\/centrum-wiedzy\/#\/schema\/logo\/image\/"},"sameAs":["https:\/\/www.facebook.com\/ALABlaboratoria"]},{"@type":"Person","@id":"https:\/\/www.alab.pl\/centrum-wiedzy\/#\/schema\/person\/1ae34e072d82e416ba56554dcb881d62","name":"Elwira Zawidzka","image":{"@type":"ImageObject","inLanguage":"pl-PL","@id":"https:\/\/www.alab.pl\/centrum-wiedzy\/wp-content\/uploads\/2022\/03\/Elwira-Zawidzka-scaled-1-150x149.jpg2f127cfeae6d9bf00c170f9c737413d3","url":"https:\/\/www.alab.pl\/centrum-wiedzy\/wp-content\/uploads\/2022\/03\/Elwira-Zawidzka-scaled-1-150x149.jpg","contentUrl":"https:\/\/www.alab.pl\/centrum-wiedzy\/wp-content\/uploads\/2022\/03\/Elwira-Zawidzka-scaled-1-150x149.jpg","caption":"Elwira Zawidzka"},"description":"Specjalista mikrobiologii medycznej, diagnosta laboratoryjny, cz\u0142onek Zespo\u0142u ds. Kontroli Zaka\u017ce\u0144 Szpitalnych. Absolwentka Uniwersytetu Warszawskiego, Warszawskiego Uniwersytetu Medycznego i Akademii Leona Ko\u017ami\u0144skiego.","url":"https:\/\/www.alab.pl\/centrum-wiedzy\/author\/elwira\/"}]}},"_links":{"self":[{"href":"https:\/\/www.alab.pl\/centrum-wiedzy\/wp-json\/wp\/v2\/posts\/20152","targetHints":{"allow":["GET"]}}],"collection":[{"href":"https:\/\/www.alab.pl\/centrum-wiedzy\/wp-json\/wp\/v2\/posts"}],"about":[{"href":"https:\/\/www.alab.pl\/centrum-wiedzy\/wp-json\/wp\/v2\/types\/post"}],"author":[{"embeddable":true,"href":"https:\/\/www.alab.pl\/centrum-wiedzy\/wp-json\/wp\/v2\/users\/95"}],"replies":[{"embeddable":true,"href":"https:\/\/www.alab.pl\/centrum-wiedzy\/wp-json\/wp\/v2\/comments?post=20152"}],"version-history":[{"count":5,"href":"https:\/\/www.alab.pl\/centrum-wiedzy\/wp-json\/wp\/v2\/posts\/20152\/revisions"}],"predecessor-version":[{"id":20187,"href":"https:\/\/www.alab.pl\/centrum-wiedzy\/wp-json\/wp\/v2\/posts\/20152\/revisions\/20187"}],"wp:featuredmedia":[{"embeddable":true,"href":"https:\/\/www.alab.pl\/centrum-wiedzy\/wp-json\/wp\/v2\/media\/19911"}],"wp:attachment":[{"href":"https:\/\/www.alab.pl\/centrum-wiedzy\/wp-json\/wp\/v2\/media?parent=20152"}],"wp:term":[{"taxonomy":"category","embeddable":true,"href":"https:\/\/www.alab.pl\/centrum-wiedzy\/wp-json\/wp\/v2\/categories?post=20152"},{"taxonomy":"post_tag","embeddable":true,"href":"https:\/\/www.alab.pl\/centrum-wiedzy\/wp-json\/wp\/v2\/tags?post=20152"},{"taxonomy":"author","embeddable":true,"href":"https:\/\/www.alab.pl\/centrum-wiedzy\/wp-json\/wp\/v2\/coauthors?post=20152"}],"curies":[{"name":"wp","href":"https:\/\/api.w.org\/{rel}","templated":true}]}}