{"id":20160,"date":"2024-12-23T13:00:00","date_gmt":"2024-12-23T12:00:00","guid":{"rendered":"https:\/\/www.alab.pl\/centrum-wiedzy\/?p=20160"},"modified":"2024-12-23T13:53:11","modified_gmt":"2024-12-23T12:53:11","slug":"czy-bielactwo-wystepuje-u-dzieci","status":"publish","type":"post","link":"https:\/\/www.alab.pl\/centrum-wiedzy\/czy-bielactwo-wystepuje-u-dzieci\/","title":{"rendered":"Czy bielactwo wyst\u0119puje u dzieci?"},"content":{"rendered":"\n<p><strong>Dobrze odgraniczone bia\u0142e plamki \u2013 zauwa\u017casz je u swojego dziecka? Je\u017celi tak to koniecznie sprawd\u017a, jaka to mo\u017ce by\u0107 choroba. W poni\u017cszym artykule dowiesz si\u0119, czym jest bielactwo, jak stawia si\u0119 rozpoznanie i czy istnieje skuteczne leczenie.<\/strong><\/p>\n\n\n\n<p>Spis tre\u015bci:<\/p>\n\n\n\n<ol class=\"wp-block-list\">\n<li><a href=\"#Bielactwo-u-dzieci-\u2013-co-to-jest?\">Bielactwo u dzieci \u2013 co to jest?<\/a><\/li>\n\n\n\n<li><a href=\"#Jakie-s\u0105-przyczyny-bielactwa-u-dzieci?\">Jakie s\u0105 przyczyny bielactwa u dzieci?<\/a><\/li>\n\n\n\n<li><a href=\"#Rodzaje-bielactwa-u-dzieci\">Rodzaje bielactwa u dzieci<\/a><\/li>\n\n\n\n<li><a href=\"#Bielactwo-u-dzieci-\u2013-diagnostyka\">Bielactwo u dzieci \u2013 diagnostyka<\/a><\/li>\n\n\n\n<li><a href=\"#Bielactwo-u-dzieci-\u2013-jak-leczy\u0107?\">Bielactwo u dzieci \u2013 jak leczy\u0107?<\/a><\/li>\n\n\n\n<li><a href=\"#Bielactwo-u-dzieci-\u2013-czy-mo\u017cna-je-wyleczy\u0107?\">Bielactwo u dzieci \u2013 czy mo\u017cna je wyleczy\u0107?<\/a><\/li>\n\n\n\n<li><a href=\"#Podsumowanie\">Podsumowanie<\/a><\/li>\n<\/ol>\n\n\n\n<h2 class=\"wp-block-heading\" id=\"Bielactwo-u-dzieci-\u2013-co-to-jest?\">Bielactwo u dzieci \u2013 co to jest?<\/h2>\n\n\n\n<p>Bielactwo to choroba, w kt\u00f3rej dochodzi do obszarowej utraty zdolno\u015bci do wytwarzania barwnika nadaj\u0105cego sk\u00f3rze kolor \u2013 melaniny. Choroba dotyczy <strong>g\u0142\u00f3wnie m\u0142odych doros\u0142ych<\/strong>, cho\u0107 a\u017c 25% przypadk\u00f3w ujawnia si\u0119 do 8. roku \u017cycia.<\/p>\n\n\n\n<p>Zmiany sk\u00f3rne w przebiegu bielactwa przyjmuj\u0105 posta\u0107 wyra\u017anie odgraniczonych, niezapalnych bia\u0142ych plam r\u00f3\u017cnej wielko\u015bci, kt\u00f3re mog\u0105 pojawi\u0107 si\u0119 w dowolnym miejscu na ciele. Najcz\u0119\u015bciej spotykane miejsca to okolice:<\/p>\n\n\n\n<ul class=\"wp-block-list\">\n<li>ust,<\/li>\n\n\n\n<li>genitali\u00f3w,<\/li>\n\n\n\n<li>obszary nara\u017cone na dzia\u0142anie s\u0142o\u0144ca, takie jak twarz i d\u0142onie.<\/li>\n<\/ul>\n\n\n\n<p>Stopie\u0144 i rozk\u0142ad plam cz\u0119sto <strong>zmienia si\u0119 w ci\u0105gu \u017cycia chorego<\/strong>. W\u0142osy, a niekiedy nawet oczy r\u00f3wnie\u017c mog\u0105 straci\u0107 kolor.<\/p>\n\n\n\n<figure class=\"wp-block-table\"><table class=\"has-fixed-layout\"><tbody><tr><td><strong>Uwaga:<\/strong><br>Bielactwo to nie to samo co albinizm. Druga z wymienionych jest skutkiem mutacji prowadz\u0105cej do ca\u0142kowitej (a nie miejscowej) utraty zdolno\u015bci do produkcji melaniny.<\/td><\/tr><\/tbody><\/table><\/figure>\n\n\n\n<p><strong>&gt;&gt; Zobacz: <a href=\"https:\/\/www.alab.pl\/centrum-wiedzy\/bielactwo-co-warto-o-nim-wiedziec\/\" target=\"_blank\" rel=\"noreferrer noopener\">Bielactwo \u2013 co warto o nim wiedzie\u0107?<\/a><\/strong><\/p>\n\n\n\n<h2 class=\"wp-block-heading\" id=\"Jakie-s\u0105-przyczyny-bielactwa-u-dzieci?\">Jakie s\u0105 przyczyny bielactwa u dzieci?<\/h2>\n\n\n\n<p>Szacuje si\u0119, \u017ce w oko\u0142o <strong>80%<\/strong> przypadk\u00f3w choroba ma <strong>pod\u0142o\u017ce genetyczne<\/strong>. Wed\u0142ug danych naukowych do rozwoju choroby prowadz\u0105 drobne mutacje w wielu genach jednocze\u015bnie. Za kolejne 20% odpowiadaj\u0105 czynniki \u015brodowiskowe, do kt\u00f3rych nale\u017c\u0105 g\u0142\u00f3wnie:<\/p>\n\n\n\n<ul class=\"wp-block-list\">\n<li>silny <a href=\"https:\/\/www.alab.pl\/centrum-wiedzy\/stres-przyjaciel-czy-wrog\/\" target=\"_blank\" rel=\"noreferrer noopener\">stres<\/a> (wskutek innej powa\u017cnej choroby, operacji chirurgicznej, wypadku),<\/li>\n\n\n\n<li>cz\u0119ste <a href=\"https:\/\/www.alab.pl\/centrum-wiedzy\/infekcja\/\" target=\"_blank\" rel=\"noreferrer noopener\">infekcje<\/a> i powtarzaj\u0105ce si\u0119 przyjmowanie <a href=\"https:\/\/www.alab.pl\/centrum-wiedzy\/antybiotyk\/\" target=\"_blank\" rel=\"noreferrer noopener\">antybiotyk\u00f3w<\/a>,<\/li>\n\n\n\n<li>nadmierna ekspozycja na promieniowanie ultrafioletowe,<\/li>\n\n\n\n<li>oparzenia s\u0142oneczne,<\/li>\n\n\n\n<li>czynniki chemiczne takie jak tiole, fenole, katechole, merkaptoaminy, chinony i ich pochodne,<\/li>\n\n\n\n<li>ci\u0105\u017ca,<\/li>\n\n\n\n<li><a href=\"https:\/\/www.alab.pl\/centrum-wiedzy\/niedozywienie-objawy-przyczyny-i-leczenie-niedozywienia\/\" target=\"_blank\" rel=\"noreferrer noopener\">niedo\u017cywienie<\/a>,<\/li>\n\n\n\n<li>z\u0142e nawyki \u017cywieniowe: spo\u017cywanie produkt\u00f3w konserwowanych, nie\u015bwie\u017cych, wysokoprzetworzonych.<\/li>\n<\/ul>\n\n\n\n<p>Warto doda\u0107, \u017ce bielactwo jest skutkiem <strong>procesu autoimmunologicznego<\/strong>. <a href=\"https:\/\/www.alab.pl\/centrum-wiedzy\/jak-wzmocnic-uklad-immunologiczny\/\" target=\"_blank\" rel=\"noreferrer noopener\">Uk\u0142ad odporno\u015bciowy<\/a> rozpoznaje melanocyty (kom\u00f3rki produkuj\u0105ce barwnik sk\u00f3ry) jako obce i je niszczy. Wy\u017cej wymienione czynniki \u015brodowiskowe najcz\u0119\u015bciej indukuj\u0105 ten proces u osoby podatnej genetycznie.<\/p>\n\n\n\n<p><strong>&gt;&gt; Przeczytaj r\u00f3wnie\u017c: <a href=\"https:\/\/www.alab.pl\/centrum-wiedzy\/wplyw-promieni-slonecznych-na-skore\/\" target=\"_blank\" rel=\"noreferrer noopener\">Wp\u0142yw promieni s\u0142onecznych na sk\u00f3r\u0119<\/a><\/strong><\/p>\n\n\n\n<h2 class=\"wp-block-heading\" id=\"Rodzaje-bielactwa-u-dzieci\">Rodzaje bielactwa u dzieci<\/h2>\n\n\n\n<p>Bielactwo mo\u017cna podzieli\u0107 na:<\/p>\n\n\n\n<ul class=\"wp-block-list\">\n<li>nabyte \u2013 zdecydowana wi\u0119kszo\u015b\u0107 przypadk\u00f3w,<\/li>\n\n\n\n<li>wrodzone \u2013 bardzo, bardzo rzadkie.<\/li>\n<\/ul>\n\n\n\n<p>Zdecydowanie <strong>bardziej praktycznym<\/strong> jest podzia\u0142 kliniczny, zgodnie z kt\u00f3rym wyr\u00f3\u017cnia si\u0119:<\/p>\n\n\n\n<ul class=\"wp-block-list\">\n<li><strong>bielactwo segmentowe<\/strong> \u2013 jedna lub wi\u0119cej plam o wygl\u0105dzie liniowym lub flagowatym, z jednostronnym rozmieszczeniem w tzw. dermatomach, czyli obszarach sk\u00f3ry unerwionych przez ten sam nerw,<\/li>\n\n\n\n<li><strong>bielactwo niesegmentowe<\/strong> \u2013 heterogenna grupa zaburze\u0144 barwnikowych o r\u00f3\u017cnej lokalizacji, zwykle o uk\u0142adzie symetrycznym,<\/li>\n\n\n\n<li><strong>bielactwo niesklasyfikowane lub nieokre\u015blone<\/strong> \u2013 jednym z jego podtyp\u00f3w jest ogniskowe bielactwo b\u0142on \u015bluzowych obejmuj\u0105ce tylko jedn\u0105 stron\u0119 cia\u0142a.<\/li>\n<\/ul>\n\n\n\n<p><strong>&gt;&gt; To mo\u017ce Ci\u0119 zainteresowa\u0107: <a href=\"https:\/\/www.alab.pl\/centrum-wiedzy\/przebarwienia-skory-przyczyny-diagnostyka-i-terapia\/\" target=\"_blank\" rel=\"noreferrer noopener\">Przebarwienia sk\u00f3ry. Przyczyny, diagnostyka i terapia<\/a><\/strong><\/p>\n\n\n\n<h2 class=\"wp-block-heading\" id=\"Bielactwo-u-dzieci-\u2013-diagnostyka\">Bielactwo u dzieci \u2013 diagnostyka<\/h2>\n\n\n\n<p>Rozpoznanie jest stawiane w oparciu o <strong>obraz kliniczny<\/strong>. Badania dodatkowe z regu\u0142y nie s\u0105 potrzebne, nale\u017cy jednak pami\u0119ta\u0107, \u017ce z bielactwem wsp\u00f3\u0142istnieje wiele gro\u017anych chor\u00f3b. St\u0105d <strong>szczeg\u00f3\u0142owy wywiad<\/strong> i <strong>badanie przedmiotowe<\/strong> pozwol\u0105 na ocen\u0119 wskaza\u0144 do rozszerzenia diagnostyki.<\/p>\n\n\n\n<p>Do chor\u00f3b tych nale\u017c\u0105:<\/p>\n\n\n\n<ul class=\"wp-block-list\">\n<li><strong>zaburzenia psychiczne<\/strong> \u2013 &nbsp;<a href=\"https:\/\/www.alab.pl\/centrum-wiedzy\/depresja-objawy-przyczyny-diagnostyka-i-leczenie\/\" target=\"_blank\" rel=\"noreferrer noopener\">depresja<\/a>, zaburzenia l\u0119kowe, zaburzenia snu,<\/li>\n\n\n\n<li><strong>choroby neurologiczne<\/strong> \u2013 autoimmunologiczne zapalenie m\u00f3zgu, autoimmunologiczna ataksja m\u00f3\u017ad\u017ckowa,<\/li>\n\n\n\n<li><strong>inne dermatozy<\/strong> \u2013 <a href=\"https:\/\/www.alab.pl\/centrum-wiedzy\/luszczyca-objawy-diagnostyka-leczenie\/\" target=\"_blank\" rel=\"noreferrer noopener\">\u0142uszczyca<\/a>, <a href=\"https:\/\/www.alab.pl\/centrum-wiedzy\/atopowe-zapalenie-skory-azs\/\" target=\"_blank\" rel=\"noreferrer noopener\">atopowe zapalenie sk\u00f3ry<\/a>, \u0142ysienie plackowate,<\/li>\n\n\n\n<li><strong>zaburzenia metaboliczne<\/strong> \u2013 <a href=\"https:\/\/www.alab.pl\/centrum-wiedzy\/otylosc-i-jej-zapobieganie-profilaktyka-otylosci-pierwotnej-i-wtornej\/\" target=\"_blank\" rel=\"noreferrer noopener\">oty\u0142o\u015b\u0107<\/a>, <a href=\"https:\/\/www.alab.pl\/centrum-wiedzy\/nadcisnienie-tetnicze-klasyfikacja-przyczyny-jak-mierzyc-cisnienie\/\" target=\"_blank\" rel=\"noreferrer noopener\">nadci\u015bnienie<\/a>, <a href=\"https:\/\/www.alab.pl\/centrum-wiedzy\/cukrzyca\/\" target=\"_blank\" rel=\"noreferrer noopener\">cukrzyca<\/a>,<\/li>\n\n\n\n<li><strong>uk\u0142adowe choroby tkanki \u0142\u0105cznej<\/strong> \u2013 tocze\u0144 rumieniowaty uk\u0142adowy, <a href=\"https:\/\/www.alab.pl\/centrum-wiedzy\/czym-jest-rzs-jak-czesto-wystepuje-kogo-dotyka\/\" target=\"_blank\" rel=\"noreferrer noopener\">reumatoidalne zapalenie staw\u00f3w<\/a>, <a href=\"https:\/\/www.alab.pl\/centrum-wiedzy\/zespol-sjogrena\/\" target=\"_blank\" rel=\"noreferrer noopener\">zesp\u00f3\u0142 Sjogrena<\/a>,<\/li>\n\n\n\n<li><strong>choroby oczu<\/strong> \u2013 zapalenie b\u0142ony naczyniowej, zesp\u00f3\u0142 suchego oka, jaskra,<\/li>\n\n\n\n<li><strong>choroby gruczo\u0142owe<\/strong> \u2013 <a href=\"https:\/\/www.alab.pl\/centrum-wiedzy\/choroby-tarczycy-i-ich-diagnostyka\/\" target=\"_blank\" rel=\"noreferrer noopener\">tarczycy<\/a>, <a href=\"https:\/\/www.alab.pl\/centrum-wiedzy\/nadnercza\/\" target=\"_blank\" rel=\"noreferrer noopener\">nadnerczy<\/a>,<\/li>\n\n\n\n<li><strong>choroby przewodu pokarmowego<\/strong> \u2013 autoimmunologiczne zanikowe zapalenie \u017co\u0142\u0105dka, <a href=\"https:\/\/www.alab.pl\/centrum-wiedzy\/nieswoiste-choroby-zapalne-jelit-grozne-choroby-o-podstepnym-przebiegu\/\" target=\"_blank\" rel=\"noreferrer noopener\">nieswoiste choroby zapalne jelit<\/a>.<\/li>\n<\/ul>\n\n\n\n<figure class=\"wp-block-image size-full\"><a href=\"https:\/\/www.alab.pl\/pakiet\/pakiet-tarczycowy-rozszerzony\" target=\"_blank\" rel=\" noreferrer noopener\"><img loading=\"lazy\" decoding=\"async\" width=\"800\" height=\"200\" src=\"https:\/\/www.alab.pl\/centrum-wiedzy\/wp-content\/uploads\/2023\/08\/Pakiet-tarczycowy-rozszerzony-TSH-FT3-FT4-ATPO-ATGTRAB-jpg.webp\" alt=\"pakiet tarczycowy rozszerzony\" class=\"wp-image-8056\" srcset=\"https:\/\/www.alab.pl\/centrum-wiedzy\/wp-content\/uploads\/2023\/08\/Pakiet-tarczycowy-rozszerzony-TSH-FT3-FT4-ATPO-ATGTRAB-jpg.webp 800w, https:\/\/www.alab.pl\/centrum-wiedzy\/wp-content\/uploads\/2023\/08\/Pakiet-tarczycowy-rozszerzony-TSH-FT3-FT4-ATPO-ATGTRAB-jpg-768x192.webp 768w, https:\/\/www.alab.pl\/centrum-wiedzy\/wp-content\/uploads\/2023\/08\/Pakiet-tarczycowy-rozszerzony-TSH-FT3-FT4-ATPO-ATGTRAB-jpg-150x38.webp 150w, https:\/\/www.alab.pl\/centrum-wiedzy\/wp-content\/uploads\/2023\/08\/Pakiet-tarczycowy-rozszerzony-TSH-FT3-FT4-ATPO-ATGTRAB-jpg-300x75.webp 300w, https:\/\/www.alab.pl\/centrum-wiedzy\/wp-content\/uploads\/2023\/08\/Pakiet-tarczycowy-rozszerzony-TSH-FT3-FT4-ATPO-ATGTRAB-jpg-696x174.webp 696w\" sizes=\"auto, (max-width: 800px) 100vw, 800px\" \/><\/a><\/figure>\n\n\n\n<h2 class=\"wp-block-heading\" id=\"Bielactwo-u-dzieci-\u2013-jak-leczy\u0107?\">Bielactwo u dzieci \u2013 jak leczy\u0107?<\/h2>\n\n\n\n<p>Leczeniem pierwszego rzutu jest miejscowa <strong>terapia kortykosteroidami<\/strong>. Jest ograniczona ryzykiem wyst\u0105pienia miejscowych dzia\u0142a\u0144 niepo\u017c\u0105danych, takich jak zaniki, rozst\u0119py i teleangiektazje. Alternatyw\u0105 s\u0105 tu inhibitory kalcyneuryny, kt\u00f3re nie daj\u0105 tego typu powik\u0142a\u0144. W przypadku rozsianych zmian o szybkim post\u0119pie stosuje si\u0119 og\u00f3lnoustrojow\u0105 terapi\u0119 kortykosteroidami. Coraz cz\u0119\u015bciej, tak\u017ce u dzieci, zastosowanie znajduj\u0105 leki biologiczne.<\/p>\n\n\n\n<p>Z terapii niefarmakologicznych nale\u017cy wspomnie\u0107 o laseroterapii i fototerapii, a tak\u017ce mo\u017cliwo\u015bci leczenia chirurgicznego w przypadku zmian ma\u0142ych i niepost\u0119puj\u0105cych.<\/p>\n\n\n\n<figure class=\"wp-block-image size-full\"><a href=\"https:\/\/www.alab.pl\/pakiet\/pakiet-ogolny\" target=\"_blank\" rel=\" noreferrer noopener\"><img loading=\"lazy\" decoding=\"async\" width=\"800\" height=\"200\" src=\"https:\/\/www.alab.pl\/centrum-wiedzy\/wp-content\/uploads\/2024\/02\/Pakiet-ogolny-13-badan-jpg.webp\" alt=\"\" class=\"wp-image-12228\" srcset=\"https:\/\/www.alab.pl\/centrum-wiedzy\/wp-content\/uploads\/2024\/02\/Pakiet-ogolny-13-badan-jpg.webp 800w, https:\/\/www.alab.pl\/centrum-wiedzy\/wp-content\/uploads\/2024\/02\/Pakiet-ogolny-13-badan-jpg-768x192.webp 768w, https:\/\/www.alab.pl\/centrum-wiedzy\/wp-content\/uploads\/2024\/02\/Pakiet-ogolny-13-badan-jpg-150x38.webp 150w, https:\/\/www.alab.pl\/centrum-wiedzy\/wp-content\/uploads\/2024\/02\/Pakiet-ogolny-13-badan-jpg-300x75.webp 300w, https:\/\/www.alab.pl\/centrum-wiedzy\/wp-content\/uploads\/2024\/02\/Pakiet-ogolny-13-badan-jpg-696x174.webp 696w\" sizes=\"auto, (max-width: 800px) 100vw, 800px\" \/><\/a><\/figure>\n\n\n\n<h2 class=\"wp-block-heading\" id=\"Bielactwo-u-dzieci-\u2013-czy-mo\u017cna-je-wyleczy\u0107?\">Bielactwo u dzieci \u2013 czy mo\u017cna je wyleczy\u0107?<\/h2>\n\n\n\n<p>Rokowanie jest <strong>zr\u00f3\u017cnicowane<\/strong>. U cz\u0119\u015bci dzieci przebieg choroby jest nieprzewidywalny, a zastosowane leczenie nie przynosi oczekiwanych skutk\u00f3w.<\/p>\n\n\n\n<p>Na drugim biegunie znajduj\u0105 si\u0119 osoby, u kt\u00f3rych dochodzi do samoistnej remisji.<\/p>\n\n\n\n<p>Z danych literaturowych wynika, \u017ce wysok\u0105 skuteczno\u015bci\u0105 wykazuj\u0105 si\u0119 niekt\u00f3re leki biologiczne, jednak zastosowanie jest ograniczone z uwagi na dost\u0119pno\u015b\u0107 i koszty.<\/p>\n\n\n\n<h2 class=\"wp-block-heading\" id=\"Podsumowanie\">Podsumowanie<\/h2>\n\n\n\n<p>Bielactwo to rzadka choroba, kt\u00f3ra dotyka g\u0142\u00f3wnie m\u0142odych doros\u0142ych, ale w oko\u0142o \u00bc przypadk\u00f3w ujawnia si\u0119 przez 8. rokiem \u017cycia. Mimo, \u017ce nie zagra\u017ca \u017cyciu, to wywiera bardzo destrukcyjny wp\u0142yw na jako\u015b\u0107 \u017cycia i dodatkowo mo\u017ce wsp\u00f3\u0142istnie\u0107 z bardzo gro\u017anymi chorobami.<\/p>\n\n\n\n<p>Istnieje kilka opcji leczenia, jednak ich skuteczno\u015b\u0107 jest zr\u00f3\u017cnicowana. Je\u017celi zauwa\u017casz u swojego dziecka bia\u0142e plamki na sk\u00f3rze to nie zwlekaj \u2013 udaj si\u0119 do specjalisty pediatry lub dermatologa. Rozpoznanie jest stawiane w oparciu o obraz kliniczny, st\u0105d warto zg\u0142osi\u0107 si\u0119 po odpowiedni\u0105 pomoc.<\/p>\n\n\n\n<hr class=\"wp-block-separator has-alpha-channel-opacity\"\/>\n\n\n\n<p><strong>\u0179r\u00f3d\u0142a<\/strong><\/p>\n\n\n\n<ol class=\"wp-block-list\">\n<li>Hu Z, Wang T., <em>Beyond skin white spots: Vitiligo and associated comorbidities. Front Med (Lausanne)<\/em>, 2023 Feb 23;10:1072837. doi: 10.3389\/fmed.2023.1072837. PMID: 36910477; PMCID: PMC9995999.https:\/\/pmc.ncbi.nlm.nih.gov\/articles\/PMC9995999\/ (dost\u0119p 17.12.2024 r.).<\/li>\n\n\n\n<li>Faria AR, Tarl\u00e9 RG, Dellatorre G, Mira MT, Castro CC, <em>Vitiligo&#8211;Part 2&#8211;classification, histopathology and treatment<\/em>, An Bras Dermatol. 2014 Sep-Oct;89(5):784-90. doi: 10.1590\/abd1806-4841.20142717. PMID: 25184918; PMCID: PMC4155957.https:\/\/pmc.ncbi.nlm.nih.gov\/articles\/PMC4155957\/ (dost\u0119p 17.12.2024 r.).<\/li>\n\n\n\n<li>Gianfaldoni S, Wollina U, Tchernev G, Lotti J, Fran\u00e7a K, Lotti T, <em>Vitiligo in Children: A Review of Conventional Treatments<\/em>, Open Access Maced J Med Sci. 2018 Jan 21;6(1):213-217. doi: 10.3889\/oamjms.2018.054. PMID: 29484026; PMCID: PMC5816302.https:\/\/pmc.ncbi.nlm.nih.gov\/articles\/PMC5816302\/ (dost\u0119p 17.12.2024 r.).<\/li>\n\n\n\n<li>Gianfaldoni S, Tchernev G, Wollina U, Lotti J, Satolli F, Fran\u00e7a K, Rovesti M, Lotti T, <em>Vitiligo in Children: A Better Understanding of the Disease<\/em>, Open Access Maced J Med Sci. 2018 Jan 20;6(1):181-184. doi: 10.3889\/oamjms.2018.040. PMID: 29484022; PMCID: PMC5816297.https:\/\/pmc.ncbi.nlm.nih.gov\/articles\/PMC5816297\/(dost\u0119p 17.12.2024 r.).<\/li>\n\n\n\n<li>Farajzadeh S, Khalili M, Mirmohammadkhani M, Paknazar F, Rastegarnasab F, Abtahi-Naeini B., <em>Global clinicoepidemiological pattern of childhood vitiligo: a systematic review and meta-analysis<\/em>, BMJ Paediatr Open. 2023 Apr;7(1):e001839. doi: 10.1136\/bmjpo-2022-001839. PMID: 37616066; PMCID: PMC10083860. https:\/\/pmc.ncbi.nlm.nih.gov\/articles\/PMC10083860\/ (dost\u0119p 17.12.2024 r.).<\/li>\n\n\n\n<li>Patel R, Pandya AG, Sikirica V, Gandhi K, Daniel SR, Anastassopoulos KP, Yamaguchi Y, Napatalung L, Baik R, Ezzedine K, <em>Prevalence of Vitiligo among Children and Adolescents in the United States Dermatology<\/em>, 2023;239(2):227-234. doi: 10.1159\/000528180. Epub 2023 Jan 11. PMID: 36630928; PMCID: PMC10210084. (dost\u0119p 17.12.2024 r.).<\/li>\n\n\n\n<li>https:\/\/pmc.ncbi.nlm.nih.gov\/articles\/PMC10210084\/(dost\u0119p 17.12.2024 r.).<\/li>\n\n\n\n<li>Matin R, <em>Vitiligo in adults and children<\/em>, BMJ Clin Evid. 2011 Mar 28;2011:1717. PMID: 21439099; PMCID: PMC3217714. https:\/\/pmc.ncbi.nlm.nih.gov\/articles\/PMC3217714\/(dost\u0119p 17.12.2024 r.).<\/li>\n<\/ol>\n\n\n\n<p><\/p>\n","protected":false},"excerpt":{"rendered":"<p>Bielactwo to rzadka choroba, kt\u00f3ra nie zagra\u017ca \u017cyciu, ale wp\u0142ywa na jego jako\u015b\u0107. Jak mo\u017cna zdiagnozowa\u0107 i wyleczy\u0107 bielactwo u dziecka?<\/p>\n","protected":false},"author":154,"featured_media":19893,"comment_status":"closed","ping_status":"closed","sticky":false,"template":"","format":"standard","meta":{"_acf_changed":false,"inline_featured_image":false,"footnotes":""},"categories":[12,28,30],"tags":[],"coauthors":[151],"class_list":{"0":"post-20160","1":"post","2":"type-post","3":"status-publish","4":"format-standard","5":"has-post-thumbnail","7":"category-choroby-skory","9":"category-zdrowie-dzieci-i-mlodziezy"},"acf":[],"yoast_head":"<!-- This site is optimized with the Yoast SEO plugin v27.5 - https:\/\/yoast.com\/product\/yoast-seo-wordpress\/ -->\n<title>Czy bielactwo wyst\u0119puje u dzieci? - Centrum Wiedzy ALAB laboratoria<\/title>\n<meta name=\"description\" content=\"Bielactwo to rzadka choroba, kt\u00f3ra nie zagra\u017ca \u017cyciu, ale wp\u0142ywa na jego jako\u015b\u0107. Jak mo\u017cna zdiagnozowa\u0107 i wyleczy\u0107 bielactwo u dziecka?\" \/>\n<meta name=\"robots\" content=\"index, follow, max-snippet:-1, max-image-preview:large, max-video-preview:-1\" \/>\n<link rel=\"canonical\" href=\"https:\/\/www.alab.pl\/centrum-wiedzy\/czy-bielactwo-wystepuje-u-dzieci\/\" \/>\n<meta property=\"og:locale\" content=\"pl_PL\" \/>\n<meta property=\"og:type\" content=\"article\" \/>\n<meta property=\"og:title\" content=\"Czy bielactwo wyst\u0119puje u dzieci? - Centrum Wiedzy ALAB laboratoria\" \/>\n<meta property=\"og:description\" content=\"Bielactwo to rzadka choroba, kt\u00f3ra nie zagra\u017ca \u017cyciu, ale wp\u0142ywa na jego jako\u015b\u0107. Jak mo\u017cna zdiagnozowa\u0107 i wyleczy\u0107 bielactwo u dziecka?\" \/>\n<meta property=\"og:url\" content=\"https:\/\/www.alab.pl\/centrum-wiedzy\/czy-bielactwo-wystepuje-u-dzieci\/\" \/>\n<meta property=\"og:site_name\" content=\"Centrum Wiedzy ALAB laboratoria\" \/>\n<meta property=\"article:publisher\" content=\"https:\/\/www.facebook.com\/ALABlaboratoria\" \/>\n<meta property=\"article:published_time\" content=\"2024-12-23T12:00:00+00:00\" \/>\n<meta property=\"article:modified_time\" content=\"2024-12-23T12:53:11+00:00\" \/>\n<meta property=\"og:image\" content=\"https:\/\/www.alab.pl\/centrum-wiedzy\/wp-content\/uploads\/2024\/12\/Bielactwo-u-dzieci_cover.jpg\" \/>\n\t<meta property=\"og:image:width\" content=\"1925\" \/>\n\t<meta property=\"og:image:height\" content=\"1285\" \/>\n\t<meta property=\"og:image:type\" content=\"image\/jpeg\" \/>\n<meta name=\"author\" content=\"Damian Matusiak\" \/>\n<meta name=\"twitter:card\" content=\"summary_large_image\" \/>\n<meta name=\"twitter:label1\" content=\"Napisane przez\" \/>\n\t<meta name=\"twitter:data1\" content=\"Damian Matusiak\" \/>\n\t<meta name=\"twitter:label2\" content=\"Szacowany czas czytania\" \/>\n\t<meta name=\"twitter:data2\" content=\"7 minut\" \/>\n\t<meta name=\"twitter:label3\" content=\"Written by\" \/>\n\t<meta name=\"twitter:data3\" content=\"Damian Matusiak\" \/>\n<!-- \/ Yoast SEO plugin. -->","yoast_head_json":{"title":"Czy bielactwo wyst\u0119puje u dzieci? - Centrum Wiedzy ALAB laboratoria","description":"Bielactwo to rzadka choroba, kt\u00f3ra nie zagra\u017ca \u017cyciu, ale wp\u0142ywa na jego jako\u015b\u0107. Jak mo\u017cna zdiagnozowa\u0107 i wyleczy\u0107 bielactwo u dziecka?","robots":{"index":"index","follow":"follow","max-snippet":"max-snippet:-1","max-image-preview":"max-image-preview:large","max-video-preview":"max-video-preview:-1"},"canonical":"https:\/\/www.alab.pl\/centrum-wiedzy\/czy-bielactwo-wystepuje-u-dzieci\/","og_locale":"pl_PL","og_type":"article","og_title":"Czy bielactwo wyst\u0119puje u dzieci? - Centrum Wiedzy ALAB laboratoria","og_description":"Bielactwo to rzadka choroba, kt\u00f3ra nie zagra\u017ca \u017cyciu, ale wp\u0142ywa na jego jako\u015b\u0107. Jak mo\u017cna zdiagnozowa\u0107 i wyleczy\u0107 bielactwo u dziecka?","og_url":"https:\/\/www.alab.pl\/centrum-wiedzy\/czy-bielactwo-wystepuje-u-dzieci\/","og_site_name":"Centrum Wiedzy ALAB laboratoria","article_publisher":"https:\/\/www.facebook.com\/ALABlaboratoria","article_published_time":"2024-12-23T12:00:00+00:00","article_modified_time":"2024-12-23T12:53:11+00:00","og_image":[{"width":1925,"height":1285,"url":"https:\/\/www.alab.pl\/centrum-wiedzy\/wp-content\/uploads\/2024\/12\/Bielactwo-u-dzieci_cover.jpg","type":"image\/jpeg"}],"author":"Damian Matusiak","twitter_card":"summary_large_image","twitter_misc":{"Napisane przez":"Damian Matusiak","Szacowany czas czytania":"7 minut","Written by":"Damian Matusiak"},"schema":{"@context":"https:\/\/schema.org","@graph":[{"@type":"Article","@id":"https:\/\/www.alab.pl\/centrum-wiedzy\/czy-bielactwo-wystepuje-u-dzieci\/#article","isPartOf":{"@id":"https:\/\/www.alab.pl\/centrum-wiedzy\/czy-bielactwo-wystepuje-u-dzieci\/"},"author":{"name":"Damian Matusiak","@id":"https:\/\/www.alab.pl\/centrum-wiedzy\/#\/schema\/person\/5709fe1c1c909754033072d7f8155a44"},"headline":"Czy bielactwo wyst\u0119puje u dzieci?","datePublished":"2024-12-23T12:00:00+00:00","dateModified":"2024-12-23T12:53:11+00:00","mainEntityOfPage":{"@id":"https:\/\/www.alab.pl\/centrum-wiedzy\/czy-bielactwo-wystepuje-u-dzieci\/"},"wordCount":1195,"publisher":{"@id":"https:\/\/www.alab.pl\/centrum-wiedzy\/#organization"},"image":{"@id":"https:\/\/www.alab.pl\/centrum-wiedzy\/czy-bielactwo-wystepuje-u-dzieci\/#primaryimage"},"thumbnailUrl":"https:\/\/www.alab.pl\/centrum-wiedzy\/wp-content\/uploads\/2024\/12\/Bielactwo-u-dzieci_cover.jpg","articleSection":["Choroby sk\u00f3ry","Warto wiedzie\u0107","Zdrowie dzieci i m\u0142odzie\u017cy"],"inLanguage":"pl-PL"},{"@type":"WebPage","@id":"https:\/\/www.alab.pl\/centrum-wiedzy\/czy-bielactwo-wystepuje-u-dzieci\/","url":"https:\/\/www.alab.pl\/centrum-wiedzy\/czy-bielactwo-wystepuje-u-dzieci\/","name":"Czy bielactwo wyst\u0119puje u dzieci? - Centrum Wiedzy ALAB laboratoria","isPartOf":{"@id":"https:\/\/www.alab.pl\/centrum-wiedzy\/#website"},"primaryImageOfPage":{"@id":"https:\/\/www.alab.pl\/centrum-wiedzy\/czy-bielactwo-wystepuje-u-dzieci\/#primaryimage"},"image":{"@id":"https:\/\/www.alab.pl\/centrum-wiedzy\/czy-bielactwo-wystepuje-u-dzieci\/#primaryimage"},"thumbnailUrl":"https:\/\/www.alab.pl\/centrum-wiedzy\/wp-content\/uploads\/2024\/12\/Bielactwo-u-dzieci_cover.jpg","datePublished":"2024-12-23T12:00:00+00:00","dateModified":"2024-12-23T12:53:11+00:00","description":"Bielactwo to rzadka choroba, kt\u00f3ra nie zagra\u017ca \u017cyciu, ale wp\u0142ywa na jego jako\u015b\u0107. Jak mo\u017cna zdiagnozowa\u0107 i wyleczy\u0107 bielactwo u dziecka?","breadcrumb":{"@id":"https:\/\/www.alab.pl\/centrum-wiedzy\/czy-bielactwo-wystepuje-u-dzieci\/#breadcrumb"},"inLanguage":"pl-PL","potentialAction":[{"@type":"ReadAction","target":["https:\/\/www.alab.pl\/centrum-wiedzy\/czy-bielactwo-wystepuje-u-dzieci\/"]}]},{"@type":"ImageObject","inLanguage":"pl-PL","@id":"https:\/\/www.alab.pl\/centrum-wiedzy\/czy-bielactwo-wystepuje-u-dzieci\/#primaryimage","url":"https:\/\/www.alab.pl\/centrum-wiedzy\/wp-content\/uploads\/2024\/12\/Bielactwo-u-dzieci_cover.jpg","contentUrl":"https:\/\/www.alab.pl\/centrum-wiedzy\/wp-content\/uploads\/2024\/12\/Bielactwo-u-dzieci_cover.jpg","width":1925,"height":1285,"caption":"Bielactwo u dzieci_cover"},{"@type":"BreadcrumbList","@id":"https:\/\/www.alab.pl\/centrum-wiedzy\/czy-bielactwo-wystepuje-u-dzieci\/#breadcrumb","itemListElement":[{"@type":"ListItem","position":1,"name":"Strona g\u0142\u00f3wna","item":"https:\/\/www.alab.pl\/centrum-wiedzy\/"},{"@type":"ListItem","position":2,"name":"Czy bielactwo wyst\u0119puje u dzieci?"}]},{"@type":"WebSite","@id":"https:\/\/www.alab.pl\/centrum-wiedzy\/#website","url":"https:\/\/www.alab.pl\/centrum-wiedzy\/","name":"Centrum Wiedzy ALAB laboratoria","description":"","publisher":{"@id":"https:\/\/www.alab.pl\/centrum-wiedzy\/#organization"},"potentialAction":[{"@type":"SearchAction","target":{"@type":"EntryPoint","urlTemplate":"https:\/\/www.alab.pl\/centrum-wiedzy\/?s={search_term_string}"},"query-input":{"@type":"PropertyValueSpecification","valueRequired":true,"valueName":"search_term_string"}}],"inLanguage":"pl-PL"},{"@type":"Organization","@id":"https:\/\/www.alab.pl\/centrum-wiedzy\/#organization","name":"Centrum Wiedzy ALAB laboratoria","url":"https:\/\/www.alab.pl\/centrum-wiedzy\/","logo":{"@type":"ImageObject","inLanguage":"pl-PL","@id":"https:\/\/www.alab.pl\/centrum-wiedzy\/#\/schema\/logo\/image\/","url":"https:\/\/www.alab.pl\/centrum-wiedzy\/wp-content\/uploads\/2022\/04\/alabek.jpg","contentUrl":"https:\/\/www.alab.pl\/centrum-wiedzy\/wp-content\/uploads\/2022\/04\/alabek.jpg","width":1250,"height":1251,"caption":"Centrum Wiedzy ALAB laboratoria"},"image":{"@id":"https:\/\/www.alab.pl\/centrum-wiedzy\/#\/schema\/logo\/image\/"},"sameAs":["https:\/\/www.facebook.com\/ALABlaboratoria"]},{"@type":"Person","@id":"https:\/\/www.alab.pl\/centrum-wiedzy\/#\/schema\/person\/5709fe1c1c909754033072d7f8155a44","name":"Damian Matusiak","image":{"@type":"ImageObject","inLanguage":"pl-PL","@id":"https:\/\/www.alab.pl\/centrum-wiedzy\/wp-content\/uploads\/2023\/10\/Damian-Matusiak-jpg-150x150.webp4a39f9a6ab8bdce93cc7d4859c6e6401","url":"https:\/\/www.alab.pl\/centrum-wiedzy\/wp-content\/uploads\/2023\/10\/Damian-Matusiak-jpg-150x150.webp","contentUrl":"https:\/\/www.alab.pl\/centrum-wiedzy\/wp-content\/uploads\/2023\/10\/Damian-Matusiak-jpg-150x150.webp","caption":"Damian Matusiak"},"description":"Specjalista pediatrii, kieruj\u0105cy Oddzia\u0142em Pediatrycznym w Lesznie, absolwent Uniwersytetu Medycznego im. Karola Marcinkowskiego w Poznaniu; pasjonat ultrasonografii i nowinek ze \u015bwiata nauki.","url":"https:\/\/www.alab.pl\/centrum-wiedzy\/author\/damian-matusiak\/"}]}},"_links":{"self":[{"href":"https:\/\/www.alab.pl\/centrum-wiedzy\/wp-json\/wp\/v2\/posts\/20160","targetHints":{"allow":["GET"]}}],"collection":[{"href":"https:\/\/www.alab.pl\/centrum-wiedzy\/wp-json\/wp\/v2\/posts"}],"about":[{"href":"https:\/\/www.alab.pl\/centrum-wiedzy\/wp-json\/wp\/v2\/types\/post"}],"author":[{"embeddable":true,"href":"https:\/\/www.alab.pl\/centrum-wiedzy\/wp-json\/wp\/v2\/users\/154"}],"replies":[{"embeddable":true,"href":"https:\/\/www.alab.pl\/centrum-wiedzy\/wp-json\/wp\/v2\/comments?post=20160"}],"version-history":[{"count":5,"href":"https:\/\/www.alab.pl\/centrum-wiedzy\/wp-json\/wp\/v2\/posts\/20160\/revisions"}],"predecessor-version":[{"id":20186,"href":"https:\/\/www.alab.pl\/centrum-wiedzy\/wp-json\/wp\/v2\/posts\/20160\/revisions\/20186"}],"wp:featuredmedia":[{"embeddable":true,"href":"https:\/\/www.alab.pl\/centrum-wiedzy\/wp-json\/wp\/v2\/media\/19893"}],"wp:attachment":[{"href":"https:\/\/www.alab.pl\/centrum-wiedzy\/wp-json\/wp\/v2\/media?parent=20160"}],"wp:term":[{"taxonomy":"category","embeddable":true,"href":"https:\/\/www.alab.pl\/centrum-wiedzy\/wp-json\/wp\/v2\/categories?post=20160"},{"taxonomy":"post_tag","embeddable":true,"href":"https:\/\/www.alab.pl\/centrum-wiedzy\/wp-json\/wp\/v2\/tags?post=20160"},{"taxonomy":"author","embeddable":true,"href":"https:\/\/www.alab.pl\/centrum-wiedzy\/wp-json\/wp\/v2\/coauthors?post=20160"}],"curies":[{"name":"wp","href":"https:\/\/api.w.org\/{rel}","templated":true}]}}