{"id":20167,"date":"2024-12-23T13:30:00","date_gmt":"2024-12-23T12:30:00","guid":{"rendered":"https:\/\/www.alab.pl\/centrum-wiedzy\/?p=20167"},"modified":"2024-12-23T13:16:53","modified_gmt":"2024-12-23T12:16:53","slug":"bielactwo-co-warto-o-nim-wiedziec","status":"publish","type":"post","link":"https:\/\/www.alab.pl\/centrum-wiedzy\/bielactwo-co-warto-o-nim-wiedziec\/","title":{"rendered":"Bielactwo \u2013 co warto o nim wiedzie\u0107?"},"content":{"rendered":"\n<p><strong>Bia\u0142e plamy na zdrowej sk\u00f3rze \u2013 brzmi znajomo? Je\u015bli tak to koniecznie dowiedz si\u0119, czym jest bielactwo. Odpowiednia wiedza pomo\u017ce Ci zrozumie\u0107, czym jest ta choroba, jakie s\u0105 jej przyczyny oraz metody leczenia.<\/strong><\/p>\n\n\n\n<p>Spis tre\u015bci<\/p>\n\n\n\n<ol class=\"wp-block-list\">\n<li><a href=\"#Bielactwo-\u2013-co-to-za-choroba?\">Bielactwo \u2013 co to za choroba?<\/a><\/li>\n\n\n\n<li><a href=\"#Bielactwo-\u2013-jakie-s\u0105-przyczyny-choroby?\">Bielactwo \u2013 jakie s\u0105 przyczyny choroby?<\/a><\/li>\n\n\n\n<li><a href=\"#Bielactwo-nabyte-i-wrodzone-\u2013-jaka-jest-mi\u0119dzy-nimi-r\u00f3\u017cnica?\">Bielactwo nabyte i wrodzone \u2013 jaka jest mi\u0119dzy nimi r\u00f3\u017cnica?<\/a>\n<ul class=\"wp-block-list\">\n<li><a href=\"#Bielactwo-wrodzone-\u2013-przyczyny-i-objawy\">Bielactwo wrodzone \u2013 przyczyny i objawy<\/a><\/li>\n\n\n\n<li><a href=\"#Bielactwo-nabyte-\u2013-czym-si\u0119-charakteryzuje?\">Bielactwo nabyte \u2013 czym si\u0119 charakteryzuje?<\/a><\/li>\n<\/ul>\n<\/li>\n\n\n\n<li><a href=\"#Czy-bielactwo-jest-niebezpieczne?\">Czy bielactwo jest niebezpieczne?<\/a><\/li>\n\n\n\n<li><a href=\"#Czy-bielactwo-mo\u017ce-si\u0119-cofn\u0105\u0107?\">Czy bielactwo mo\u017ce si\u0119 cofn\u0105\u0107?<\/a><\/li>\n\n\n\n<li><a href=\"#Bielactwo-\u2013-leczenie-i-niezb\u0119dna-diagnostyka\">Bielactwo \u2013 leczenie i niezb\u0119dna diagnostyka<\/a><\/li>\n\n\n\n<li><a href=\"#Bielactwo-\u2013-czy-dieta-ma-znaczenie?\">Bielactwo \u2013 czy dieta ma znaczenie?<\/a><\/li>\n\n\n\n<li><a href=\"#Podsumowanie\">Podsumowanie<\/a><\/li>\n<\/ol>\n\n\n\n<h2 class=\"wp-block-heading\" id=\"Bielactwo-\u2013-co-to-za-choroba?\">Bielactwo \u2013 co to za choroba?<\/h2>\n\n\n\n<p>Bielactwo to <strong>choroba sk\u00f3ry<\/strong> charakteryzuj\u0105ca si\u0119 wyst\u0119powaniem bia\u0142ych, odbarwionych plam na sk\u00f3rze w wyniku utraty melanocyt\u00f3w \u2013 kom\u00f3rek, kt\u00f3re wytwarzaj\u0105 barwnik i nadaj\u0105 sk\u00f3rze kolor. Dotyka od <strong>0,1 do 2% populacji<\/strong>, bez istotnych r\u00f3\u017cnic ze wzgl\u0119du na:<\/p>\n\n\n\n<ul class=\"wp-block-list\">\n<li>p\u0142e\u0107,<\/li>\n\n\n\n<li>pochodzenie etniczne,<\/li>\n\n\n\n<li>region geograficzny.<\/li>\n<\/ul>\n\n\n\n<p><strong>>> Przeczytaj: <a href=\"https:\/\/www.alab.pl\/centrum-wiedzy\/czy-bielactwo-wystepuje-u-dzieci\/\" target=\"_blank\" rel=\"noreferrer noopener\">Czy bielactwo wyst\u0119puje u dzieci?<\/a><\/strong><\/p>\n\n\n\n<h2 class=\"wp-block-heading\" id=\"Bielactwo-\u2013-jakie-s\u0105-przyczyny-choroby?\">Bielactwo \u2013 jakie s\u0105 przyczyny choroby?<\/h2>\n\n\n\n<p>Bielactwo mo\u017ce pojawi\u0107 si\u0119 w <strong>ka\u017cdym wieku<\/strong>, od dzieci\u0144stwa do doros\u0142o\u015bci, ale <strong>szczyt zachorowa\u0144 <\/strong>przypada na drug\u0105 i trzeci\u0105 dekad\u0119 \u017cycia. Wed\u0142ug danych literaturowych najcz\u0119stsz\u0105 przyczyn\u0105 s\u0105:<\/p>\n\n\n\n<ul class=\"wp-block-list\">\n<li><strong>predyspozycje genetyczne<\/strong> \u2013 dowody z wielu bada\u0144 naukowych potwierdzaj\u0105 wieloczynnikowy, wielogenowy spos\u00f3b dziedziczenia,<\/li>\n\n\n\n<li><strong>czynniki \u015brodowiskowe<\/strong>, takie jak <a href=\"https:\/\/www.alab.pl\/centrum-wiedzy\/stres-przyjaciel-czy-wrog\/\" target=\"_blank\" rel=\"noreferrer noopener\">stres<\/a>, nadmierna ekspozycja na \u015bwiat\u0142o s\u0142oneczne i podra\u017cnienie chemiczne,<\/li>\n\n\n\n<li><strong>mutacje w pojedynczym genie<\/strong>, kt\u00f3re prowadz\u0105 do albinizmu, czyli ca\u0142kowitej utraty zdolno\u015bci do wytwarzania melaniny (barwnika sk\u00f3ry).<\/li>\n<\/ul>\n\n\n\n<p><strong>>> To mo\u017ce Ci\u0119 zainteresowa\u0107: <a href=\"https:\/\/www.alab.pl\/centrum-wiedzy\/wplyw-promieni-slonecznych-na-skore\/\" target=\"_blank\" rel=\"noreferrer noopener\">Wp\u0142yw promieni s\u0142onecznych na sk\u00f3r\u0119<\/a><\/strong><\/p>\n\n\n\n<h2 class=\"wp-block-heading\" id=\"Bielactwo-nabyte-i-wrodzone-\u2013-jaka-jest-mi\u0119dzy-nimi-r\u00f3\u017cnica?\">Bielactwo nabyte i wrodzone \u2013 jaka jest mi\u0119dzy nimi r\u00f3\u017cnica?<\/h2>\n\n\n\n<p><strong>Bielactwo wrodzone<\/strong> jest prawdopodobnie uwarunkowane <strong>genetycznie<\/strong>. Jest to bardzo rzadka choroba, w kt\u00f3rej ju\u017c od urodzenia widoczne s\u0105 odbarwione plamy na sk\u00f3rze. W przypadku albinizmu nie wyst\u0119puj\u0105 plamy, ca\u0142a sk\u00f3ra jest bardzo jasna.<\/p>\n\n\n\n<p><strong>Bielactwo nabyte jest <\/strong><a href=\"https:\/\/www.alab.pl\/centrum-wiedzy\/choroby-autoimmunologiczne-czym-sa-objawy-diagnostyka-i-leczenie\/\" target=\"_blank\" rel=\"noreferrer noopener\"><strong>chorob\u0105 autoimmunologiczn\u0105<\/strong><\/a>. Wskutek po\u0142\u0105czenia czynnik\u00f3w genetycznych i \u015brodowiskowych organizm rozpoznaje kom\u00f3rki wytwarzaj\u0105ce barwnik sk\u00f3ry jako nieprawid\u0142owe, wytwarza przeciwko nim przeciwcia\u0142a i zaczyna je niszczy\u0107.<\/p>\n\n\n\n<h3 class=\"wp-block-heading\" id=\"Bielactwo-wrodzone-\u2013-przyczyny-i-objawy\">Bielactwo wrodzone \u2013 przyczyny i objawy<\/h3>\n\n\n\n<p>Z uwagi na niezwykle rzadkie wyst\u0119powanie bielactwa wrodzonego (odnotowano zaledwie kilka-kilkana\u015bcie przypadk\u00f3w na ca\u0142ym \u015bwiecie) jego przyczyna nie jest dok\u0142adnie wspomniana.<\/p>\n\n\n\n<p><strong>Albinizm<\/strong> z kolei jest <strong>chorob\u0105 genetyczn\u0105<\/strong>, autosomaln\u0105 recesywn\u0105. Dotychczas poznano 19 gen\u00f3w, kt\u00f3rych mutacje prowadz\u0105 do ca\u0142kowitej utraty melaniny.<\/p>\n\n\n\n<figure class=\"wp-block-image size-full\"><a href=\"https:\/\/www.alab.pl\/pakiet\/pakiet-ogolny\" target=\"_blank\" rel=\" noreferrer noopener\"><img loading=\"lazy\" decoding=\"async\" width=\"800\" height=\"200\" src=\"https:\/\/www.alab.pl\/centrum-wiedzy\/wp-content\/uploads\/2024\/02\/Pakiet-ogolny-13-badan-jpg.webp\" alt=\"\" class=\"wp-image-12228\" srcset=\"https:\/\/www.alab.pl\/centrum-wiedzy\/wp-content\/uploads\/2024\/02\/Pakiet-ogolny-13-badan-jpg.webp 800w, https:\/\/www.alab.pl\/centrum-wiedzy\/wp-content\/uploads\/2024\/02\/Pakiet-ogolny-13-badan-jpg-768x192.webp 768w, https:\/\/www.alab.pl\/centrum-wiedzy\/wp-content\/uploads\/2024\/02\/Pakiet-ogolny-13-badan-jpg-150x38.webp 150w, https:\/\/www.alab.pl\/centrum-wiedzy\/wp-content\/uploads\/2024\/02\/Pakiet-ogolny-13-badan-jpg-300x75.webp 300w, https:\/\/www.alab.pl\/centrum-wiedzy\/wp-content\/uploads\/2024\/02\/Pakiet-ogolny-13-badan-jpg-696x174.webp 696w\" sizes=\"auto, (max-width: 800px) 100vw, 800px\" \/><\/a><\/figure>\n\n\n\n<h3 class=\"wp-block-heading\" id=\"Bielactwo-nabyte-\u2013-czym-si\u0119-charakteryzuje?\">Bielactwo nabyte \u2013 czym si\u0119 charakteryzuje?<\/h3>\n\n\n\n<p>Bielactwo nabyte charakteryzuje si\u0119:<\/p>\n\n\n\n<ul class=\"wp-block-list\">\n<li>odbarwionymi mlecznobia\u0142ymi plamami, dobrze odgraniczonymi od zdrowej sk\u00f3ry (ich rozmiar waha si\u0119 od kilku milimetr\u00f3w do kilku centymetr\u00f3w),<\/li>\n\n\n\n<li>typow\u0105 lokalizacj\u0105 zmian (wyst\u0119puj\u0105 na twarzy, szyi, grzbiecie d\u0142oni, sk\u00f3rze g\u0142owy i tu\u0142owiu),<\/li>\n\n\n\n<li>na twarzy zmiany rozmieszczaj\u0105 si\u0119 najcz\u0119\u015bciej wok\u00f3\u0142 ust i oczu,<\/li>\n\n\n\n<li>zmiany mog\u0105 r\u00f3wnie\u017c wyst\u0105pi\u0107 w obszarach nara\u017conych na urazy, takich jak kolana i \u0142okcie.<\/li>\n<\/ul>\n\n\n\n<p>Bielactwo nabyte <strong>cz\u0119sto wsp\u00f3\u0142istnieje<\/strong> z innymi chorobami autoimmunologicznymi, takimi jak:<\/p>\n\n\n\n<ul class=\"wp-block-list\">\n<li>autoimmunologiczne zapalenie <a href=\"https:\/\/www.alab.pl\/centrum-wiedzy\/choroby-tarczycy-i-ich-diagnostyka\/\" target=\"_blank\" rel=\"noreferrer noopener\">tarczycy<\/a>,<\/li>\n\n\n\n<li>\u0142ysienie plackowate,<\/li>\n\n\n\n<li><a href=\"https:\/\/www.alab.pl\/centrum-wiedzy\/czym-jest-rzs-jak-czesto-wystepuje-kogo-dotyka\/\" target=\"_blank\" rel=\"noreferrer noopener\">reumatoidalne zapalenie staw\u00f3w<\/a>,<\/li>\n\n\n\n<li><a href=\"https:\/\/www.alab.pl\/centrum-wiedzy\/choroba-addisona-objawy-przyczyny-leczenie\/\" target=\"_blank\" rel=\"noreferrer noopener\">choroba Addisona<\/a>,<\/li>\n\n\n\n<li>tocze\u0144 rumieniowaty uk\u0142adowy,<\/li>\n\n\n\n<li><a href=\"https:\/\/www.alab.pl\/centrum-wiedzy\/luszczyca-objawy-diagnostyka-leczenie\/\" target=\"_blank\" rel=\"noreferrer noopener\">\u0142uszczyca<\/a>.<\/li>\n<\/ul>\n\n\n\n<p>Dane naukowe podaj\u0105, \u017ce osoby z bielactwem nabytym posiadaj\u0105 <strong>zwi\u0119kszone ryzyko<\/strong> zachorowania na <a href=\"https:\/\/www.alab.pl\/centrum-wiedzy\/cukrzyca\/\" target=\"_blank\" rel=\"noreferrer noopener\">cukrzyc\u0119 typu 2<\/a> oraz <a href=\"https:\/\/www.alab.pl\/centrum-wiedzy\/atopowe-zapalenie-skory-azs\/\" target=\"_blank\" rel=\"noreferrer noopener\">atopowe zapalenie sk\u00f3ry<\/a>.<\/p>\n\n\n\n<h2 class=\"wp-block-heading\" id=\"Czy-bielactwo-jest-niebezpieczne?\">Czy bielactwo jest niebezpieczne?<\/h2>\n\n\n\n<p>Nie jest to choroba skracaj\u0105ca d\u0142ugo\u015b\u0107 \u017cycia, jednak powoduje znaczny, negatywny <strong>wp\u0142yw na psychik\u0119<\/strong>, por\u00f3wnywalny z ci\u0119\u017ckimi chorobami sk\u00f3ry, takimi jak AZS czy \u0142uszczyca. Liczne badania naukowe wskazuj\u0105, \u017ce u os\u00f3b z bielactwem nabytym cz\u0119sto dochodzi do:<\/p>\n\n\n\n<ul class=\"wp-block-list\">\n<li>zaburze\u0144 <a href=\"https:\/\/www.alab.pl\/centrum-wiedzy\/depresja-objawy-przyczyny-diagnostyka-i-leczenie\/\" target=\"_blank\" rel=\"noreferrer noopener\">depresyjnych<\/a>,<\/li>\n\n\n\n<li>zaburze\u0144 l\u0119kowych,<\/li>\n\n\n\n<li>wykluczenia spo\u0142ecznego,<\/li>\n\n\n\n<li>obni\u017conej samooceny,<\/li>\n\n\n\n<li>dysfunkcji seksualnych,<\/li>\n\n\n\n<li>zaburze\u0144 snu,<\/li>\n\n\n\n<li>trudno\u015bci w budowaniu relacji z innymi lud\u017ami.<\/li>\n<\/ul>\n\n\n\n<p>Powy\u017csze negatywne skutki choroby s\u0105 szczeg\u00f3lnie widoczne u kobiet, os\u00f3b m\u0142odych (poni\u017cej 30. roku \u017cycia), u os\u00f3b ze zmianami sk\u00f3rnymi w okolicach intymnych, a tak\u017ce w przypadku du\u017cej powierzchni plam.<\/p>\n\n\n\n<h2 class=\"wp-block-heading\" id=\"Czy-bielactwo-mo\u017ce-si\u0119-cofn\u0105\u0107?\">Czy bielactwo mo\u017ce si\u0119 cofn\u0105\u0107?<\/h2>\n\n\n\n<p>Rokowanie zale\u017cy od wieku, w kt\u00f3rym wyst\u0105pi\u0142a choroba i stopnia zaawansowania. Wczesny pocz\u0105tek jest zwykle zwi\u0105zany z zaj\u0119ciem wi\u0119kszej powierzchni cia\u0142a i wi\u0119ksz\u0105 dynamik\u0105 post\u0119pu.<\/p>\n\n\n\n<p>U niekt\u00f3rych pacjent\u00f3w mo\u017ce wyst\u0105pi\u0107 samoistna repigmentacja w obszarach odbarwionych. W ostatnich latach pojawi\u0142o si\u0119 kilka zaawansowanych lek\u00f3w biologicznych, kt\u00f3re przynosz\u0105 bardzo dobry efekt.<\/p>\n\n\n\n<p><strong>>> Przeczytaj r\u00f3wnie\u017c: <a href=\"https:\/\/www.alab.pl\/centrum-wiedzy\/przebarwienia-skory-przyczyny-diagnostyka-i-terapia\/\" target=\"_blank\" rel=\"noreferrer noopener\">Przebarwienia sk\u00f3ry. Przyczyny, diagnostyka i terapia<\/a><\/strong><\/p>\n\n\n\n<h2 class=\"wp-block-heading\" id=\"Bielactwo-\u2013-leczenie-i-niezb\u0119dna-diagnostyka\">Bielactwo \u2013 leczenie i niezb\u0119dna diagnostyka<\/h2>\n\n\n\n<p>Rozpoznanie jest stawiane na podstawie obrazu klinicznego:<\/p>\n\n\n\n<ul class=\"wp-block-list\">\n<li>wywiadu,<\/li>\n\n\n\n<li>charakterystycznych zmian sk\u00f3rnych.<\/li>\n<\/ul>\n\n\n\n<p>Z regu\u0142y dalsza diagnostyka nie jest konieczna, cho\u0107 w przypadkach w\u0105tpliwych pobierany jest wycinek sk\u00f3ry do <a href=\"https:\/\/www.alab.pl\/centrum-wiedzy\/badanie-histopatologiczne-co-to-jest-co-wykrywa\/\" target=\"_blank\" rel=\"noreferrer noopener\">badania histopatologicznego<\/a>.<\/p>\n\n\n\n<p>Leczenie przynosi r\u00f3\u017cny efekt, zale\u017cny od ci\u0119\u017cko\u015bci samej choroby, i obejmuje:<\/p>\n\n\n\n<ul class=\"wp-block-list\">\n<li>foto- i laseroterapi\u0119,<\/li>\n\n\n\n<li>leczenie miejscowe \u2013 g\u0142\u00f3wnie ma\u015bci lub kremy z glikokortykosteroidami lub inhibitorami kalcyneuryny,<\/li>\n\n\n\n<li>leczenie biologiczne,<\/li>\n\n\n\n<li>leczenie chirurgiczne \u2013 jest ono stosowane w przypadku bielactwa zajmuj\u0105cego niewielk\u0105 powierzchni\u0119 sk\u00f3ry i nieobejmuj\u0105cego obszar\u00f3w, kt\u00f3re zwykle nie ulegaj\u0105 ponownej pigmentacji (linia w\u0142os\u00f3w, grzbietowa cz\u0119\u015b\u0107 palc\u00f3w, czo\u0142o).<\/li>\n<\/ul>\n\n\n\n<figure class=\"wp-block-image size-full\"><a href=\"https:\/\/www.alab.pl\/pakiet\/pakiet-tarczycowy-rozszerzony\" target=\"_blank\" rel=\" noreferrer noopener\"><img loading=\"lazy\" decoding=\"async\" width=\"800\" height=\"200\" src=\"https:\/\/www.alab.pl\/centrum-wiedzy\/wp-content\/uploads\/2023\/08\/Pakiet-tarczycowy-rozszerzony-TSH-FT3-FT4-ATPO-ATGTRAB-jpg.webp\" alt=\"pakiet tarczycowy rozszerzony\" class=\"wp-image-8056\" srcset=\"https:\/\/www.alab.pl\/centrum-wiedzy\/wp-content\/uploads\/2023\/08\/Pakiet-tarczycowy-rozszerzony-TSH-FT3-FT4-ATPO-ATGTRAB-jpg.webp 800w, https:\/\/www.alab.pl\/centrum-wiedzy\/wp-content\/uploads\/2023\/08\/Pakiet-tarczycowy-rozszerzony-TSH-FT3-FT4-ATPO-ATGTRAB-jpg-768x192.webp 768w, https:\/\/www.alab.pl\/centrum-wiedzy\/wp-content\/uploads\/2023\/08\/Pakiet-tarczycowy-rozszerzony-TSH-FT3-FT4-ATPO-ATGTRAB-jpg-150x38.webp 150w, https:\/\/www.alab.pl\/centrum-wiedzy\/wp-content\/uploads\/2023\/08\/Pakiet-tarczycowy-rozszerzony-TSH-FT3-FT4-ATPO-ATGTRAB-jpg-300x75.webp 300w, https:\/\/www.alab.pl\/centrum-wiedzy\/wp-content\/uploads\/2023\/08\/Pakiet-tarczycowy-rozszerzony-TSH-FT3-FT4-ATPO-ATGTRAB-jpg-696x174.webp 696w\" sizes=\"auto, (max-width: 800px) 100vw, 800px\" \/><\/a><\/figure>\n\n\n\n<h2 class=\"wp-block-heading\" id=\"Bielactwo-\u2013-czy-dieta-ma-znaczenie?\">Bielactwo \u2013 czy dieta ma znaczenie?<\/h2>\n\n\n\n<p>Korelacja mi\u0119dzy diet\u0105 a bielactwem nadal wymaga bada\u0144 naukowych. Dotychczasowe wskazuj\u0105, \u017ce suplementacja <a href=\"https:\/\/www.alab.pl\/centrum-wiedzy\/witamina-b12-superwitamina-webinar\/\" target=\"_blank\" rel=\"noreferrer noopener\">witaminy B12<\/a> i <a href=\"https:\/\/www.alab.pl\/centrum-wiedzy\/kwas-foliowy-witamina-b9\/\" target=\"_blank\" rel=\"noreferrer noopener\">kwasu foliowego<\/a> sprzyja repigmentacji sk\u00f3ry.<\/p>\n\n\n\n<p>Z kolei suplementacja <a href=\"https:\/\/www.alab.pl\/centrum-wiedzy\/cynk-w-organizmie-czlowieka-niedobor-i-nadmiar-cynku\/\" target=\"_blank\" rel=\"noreferrer noopener\">cynku<\/a> i odpowiednia poda\u017c wa\u017cnego aminokwasu \u2013 <a href=\"https:\/\/www.alab.pl\/centrum-wiedzy\/fenyloalanina-co-to-jest-i-jakie-wykazuje-dzialanie-wplyw-na-zdrowie-i-zrodla-wystepowania\/\" target=\"_blank\" rel=\"noreferrer noopener\">fenyloalaniny<\/a> \u2013 zwi\u0119ksza skuteczno\u015b\u0107 leczenia miejscowego.<\/p>\n\n\n\n<h2 class=\"wp-block-heading\" id=\"Podsumowanie\">Podsumowanie<\/h2>\n\n\n\n<p>Bielactwo to choroba prowadz\u0105ca do obszarowej utraty barwnika sk\u00f3ry. G\u0142\u00f3wn\u0105 przyczyn\u0105 jest wielogenowa predyspozycja genetyczna. Zdecydowan\u0105 wi\u0119kszo\u015b\u0107 przypadk\u00f3w stanowi bielactwo nabyte ujawniaj\u0105ce si\u0119 zazwyczaj w 2. lub 3. dekadzie \u017cycia. Choroba nie zagra\u017ca \u017cyciu, jednak istotnie obni\u017ca jego jako\u015b\u0107. Je\u015bli dostrzegasz u siebie lub bliskich cechy bielactwa to nie zwlekaj &#8211; udaj si\u0119 do dermatologa. Pami\u0119taj, \u017ce bielactwo wsp\u00f3\u0142istnieje niekiedy z gro\u017anymi chorobami.<\/p>\n\n\n\n<hr class=\"wp-block-separator has-alpha-channel-opacity\"\/>\n\n\n\n<p><strong>\u0179r\u00f3d\u0142a:<\/strong><\/p>\n\n\n\n<ol class=\"wp-block-list\">\n<li>Marchioro HZ, Silva de Castro CC, Fava VM, Sakiyama PH, Dellatorre G, Miot HA. Update on the pathogenesis of vitiligo. An Bras Dermatol. 2022 Jul-Aug;97(4):478-490. doi: 10.1016\/j.abd.2021.09.008. Epub 2022 May 25. PMID: 35643735; PMCID: PMC9263675. https:\/\/pmc.ncbi.nlm.nih.gov\/articles\/PMC9263675\/ (dost\u0119p 17.12.2024 r.).<\/li>\n\n\n\n<li>Perez-Bootello J, Cova-Martin R, Naharro-Rodriguez J, Segurado-Miravalles G. Vitiligo: Pathogenesis and New and Emerging Treatments. Int J Mol Sci. 2023 Dec 9;24(24):17306. doi: 10.3390\/ijms242417306. PMID: 38139134; PMCID: PMC10743634. https:\/\/pmc.ncbi.nlm.nih.gov\/articles\/PMC10743634\/ (dost\u0119p 17.12.2024 r.).<\/li>\n\n\n\n<li>Joge RR, Kathane PU, Joshi SH. Vitiligo: A Narrative Review. Cureus. 2022 Sep 18;14(9):e29307. doi: 10.7759\/cureus.29307. PMID: 36304341; PMCID: PMC9586189. https:\/\/pmc.ncbi.nlm.nih.gov\/articles\/PMC9586189\/ (dost\u0119p 17.12.2024 r.).<\/li>\n\n\n\n<li>Diotallevi F, Gioacchini H, De Simoni E, Marani A, Candelora M, Paolinelli M, Molinelli E, Offidani A, Simonetti O. Vitiligo, from Pathogenesis to Therapeutic Advances: State of the Art. Int J Mol Sci. 2023 Mar 3;24(5):4910. doi: 10.3390\/ijms24054910. PMID: 36902341; PMCID: PMC10003418. https:\/\/pmc.ncbi.nlm.nih.gov\/articles\/PMC10003418\/ (dost\u0119p 17.12.2024 r.).<\/li>\n\n\n\n<li>Ezzedine K, Lim HW, Suzuki T, Katayama I, Hamzavi I, Lan CC, Goh BK, Anbar T, Silva de Castro C, Lee AY, Parsad D, van Geel N, Le Poole IC, Oiso N, Benzekri L, Spritz R, Gauthier Y, Hann SK, Picardo M, Taieb A; Vitiligo Global Issue Consensus Conference Panelists. Revised classification\/nomenclature of vitiligo and related issues: the Vitiligo Global Issues Consensus Conference. Pigment Cell Melanoma Res. 2012 May;25(3):E1-13. doi: 10.1111\/j.1755-148X.2012.00997.x. PMID: 22417114; PMCID: PMC3511780. https:\/\/pmc.ncbi.nlm.nih.gov\/articles\/PMC3511780\/ (dost\u0119p 17.12.2024 r.).<\/li>\n\n\n\n<li>Casey C, Weis SE. Insight into Natural History of Congenital Vitiligo: A Case Report of a 23-Year-Old with Stable Congenital Vitiligo. Case Rep Dermatol Med. 2017;2017:5172140. doi: 10.1155\/2017\/5172140. Epub 2017 Aug 14. PMID: 28884030; PMCID: PMC5573094. https:\/\/pmc.ncbi.nlm.nih.gov\/articles\/PMC5573094\/ (dost\u0119p 17.12.2024 r.).<\/li>\n\n\n\n<li>Ahmed jan N, Masood S. Vitiligo. [Updated 2023 Aug 7]. In: StatPearls [Internet]. Treasure Island (FL): StatPearls Publishing; 2024 Jan https:\/\/www.ncbi.nlm.nih.gov\/books\/NBK559149\/(dost\u0119p 17.12.2024 r.).<\/li>\n\n\n\n<li>Ezzedine K, Eleftheriadou V, Jones H, Bibeau K, Kuo FI, Sturm D, Pandya AG. Psychosocial Effects of Vitiligo: A Systematic Literature Review. Am J Clin Dermatol. 2021 Nov;22(6):757-774. doi: 10.1007\/s40257-021-00631-6. Epub 2021 Sep 23. PMID: 34554406; PMCID: PMC8566637. https:\/\/pmc.ncbi.nlm.nih.gov\/articles\/PMC8566637\/ (dost\u0119p 17.12.2024 r.).<\/li>\n\n\n\n<li>Mar\u00e7on CR, Maia M. Albinism: epidemiology, genetics, cutaneous characterization, psychosocial factors. An Bras Dermatol. 2019 Sep-Oct;94(5):503-520. doi: 10.1016\/j.abd.2019.09.023. Epub 2019 Sep 30. PMID: 31777350; PMCID: PMC6857599. https:\/\/pmc.ncbi.nlm.nih.gov\/articles\/PMC6857599\/ (dost\u0119p 17.12.2024 r.).<\/li>\n\n\n\n<li>Dutta RR, Kumar T, Ingole N. Diet and Vitiligo: The Story So Far. Cureus. 2022 Aug 28;14(8):e28516. doi: 10.7759\/cureus.28516. PMID: 36185835; PMCID: PMC9515252. https:\/\/pmc.ncbi.nlm.nih.gov\/articles\/PMC9515252\/ (dost\u0119p 17.12.2024 r.).<\/li>\n<\/ol>\n","protected":false},"excerpt":{"rendered":"<p>Czym jest bielactwo, co jest g\u0142\u00f3wn\u0105 przyczyn\u0105 choroby i czy mo\u017cna j\u0105 wyleczy\u0107? Odpowiedzi na te i inne pytania znajdziecie w artykule.<\/p>\n","protected":false},"author":154,"featured_media":19892,"comment_status":"closed","ping_status":"closed","sticky":false,"template":"","format":"standard","meta":{"_acf_changed":false,"inline_featured_image":false,"footnotes":""},"categories":[12,28],"tags":[],"coauthors":[151],"class_list":{"0":"post-20167","1":"post","2":"type-post","3":"status-publish","4":"format-standard","5":"has-post-thumbnail","7":"category-choroby-skory","8":"category-warto-wiedziec"},"acf":[],"yoast_head":"<!-- This site is optimized with the Yoast SEO plugin v27.5 - https:\/\/yoast.com\/product\/yoast-seo-wordpress\/ -->\n<title>Bielactwo \u2013 co warto o nim wiedzie\u0107? - Centrum Wiedzy ALAB laboratoria<\/title>\n<meta name=\"description\" content=\"Czym jest bielactwo, co jest g\u0142\u00f3wn\u0105 przyczyn\u0105 choroby i czy mo\u017cna j\u0105 wyleczy\u0107? Odpowiedzi na te i inne pytania znajdziecie w artykule.\" \/>\n<meta name=\"robots\" content=\"index, follow, max-snippet:-1, max-image-preview:large, max-video-preview:-1\" \/>\n<link rel=\"canonical\" href=\"https:\/\/www.alab.pl\/centrum-wiedzy\/bielactwo-co-warto-o-nim-wiedziec\/\" \/>\n<meta property=\"og:locale\" content=\"pl_PL\" \/>\n<meta property=\"og:type\" content=\"article\" \/>\n<meta property=\"og:title\" content=\"Bielactwo \u2013 co warto o nim wiedzie\u0107? - Centrum Wiedzy ALAB laboratoria\" \/>\n<meta property=\"og:description\" content=\"Czym jest bielactwo, co jest g\u0142\u00f3wn\u0105 przyczyn\u0105 choroby i czy mo\u017cna j\u0105 wyleczy\u0107? Odpowiedzi na te i inne pytania znajdziecie w artykule.\" \/>\n<meta property=\"og:url\" content=\"https:\/\/www.alab.pl\/centrum-wiedzy\/bielactwo-co-warto-o-nim-wiedziec\/\" \/>\n<meta property=\"og:site_name\" content=\"Centrum Wiedzy ALAB laboratoria\" \/>\n<meta property=\"article:publisher\" content=\"https:\/\/www.facebook.com\/ALABlaboratoria\" \/>\n<meta property=\"article:published_time\" content=\"2024-12-23T12:30:00+00:00\" \/>\n<meta property=\"og:image\" content=\"https:\/\/www.alab.pl\/centrum-wiedzy\/wp-content\/uploads\/2024\/12\/bielactwo_cover.jpg\" \/>\n\t<meta property=\"og:image:width\" content=\"1925\" \/>\n\t<meta property=\"og:image:height\" content=\"1285\" \/>\n\t<meta property=\"og:image:type\" content=\"image\/jpeg\" \/>\n<meta name=\"author\" content=\"Damian Matusiak\" \/>\n<meta name=\"twitter:card\" content=\"summary_large_image\" \/>\n<meta name=\"twitter:label1\" content=\"Napisane przez\" \/>\n\t<meta name=\"twitter:data1\" content=\"Damian Matusiak\" \/>\n\t<meta name=\"twitter:label2\" content=\"Szacowany czas czytania\" \/>\n\t<meta name=\"twitter:data2\" content=\"8 minut\" \/>\n\t<meta name=\"twitter:label3\" content=\"Written by\" \/>\n\t<meta name=\"twitter:data3\" content=\"Damian Matusiak\" \/>\n<!-- \/ Yoast SEO plugin. -->","yoast_head_json":{"title":"Bielactwo \u2013 co warto o nim wiedzie\u0107? - Centrum Wiedzy ALAB laboratoria","description":"Czym jest bielactwo, co jest g\u0142\u00f3wn\u0105 przyczyn\u0105 choroby i czy mo\u017cna j\u0105 wyleczy\u0107? Odpowiedzi na te i inne pytania znajdziecie w artykule.","robots":{"index":"index","follow":"follow","max-snippet":"max-snippet:-1","max-image-preview":"max-image-preview:large","max-video-preview":"max-video-preview:-1"},"canonical":"https:\/\/www.alab.pl\/centrum-wiedzy\/bielactwo-co-warto-o-nim-wiedziec\/","og_locale":"pl_PL","og_type":"article","og_title":"Bielactwo \u2013 co warto o nim wiedzie\u0107? - Centrum Wiedzy ALAB laboratoria","og_description":"Czym jest bielactwo, co jest g\u0142\u00f3wn\u0105 przyczyn\u0105 choroby i czy mo\u017cna j\u0105 wyleczy\u0107? Odpowiedzi na te i inne pytania znajdziecie w artykule.","og_url":"https:\/\/www.alab.pl\/centrum-wiedzy\/bielactwo-co-warto-o-nim-wiedziec\/","og_site_name":"Centrum Wiedzy ALAB laboratoria","article_publisher":"https:\/\/www.facebook.com\/ALABlaboratoria","article_published_time":"2024-12-23T12:30:00+00:00","og_image":[{"width":1925,"height":1285,"url":"https:\/\/www.alab.pl\/centrum-wiedzy\/wp-content\/uploads\/2024\/12\/bielactwo_cover.jpg","type":"image\/jpeg"}],"author":"Damian Matusiak","twitter_card":"summary_large_image","twitter_misc":{"Napisane przez":"Damian Matusiak","Szacowany czas czytania":"8 minut","Written by":"Damian Matusiak"},"schema":{"@context":"https:\/\/schema.org","@graph":[{"@type":"Article","@id":"https:\/\/www.alab.pl\/centrum-wiedzy\/bielactwo-co-warto-o-nim-wiedziec\/#article","isPartOf":{"@id":"https:\/\/www.alab.pl\/centrum-wiedzy\/bielactwo-co-warto-o-nim-wiedziec\/"},"author":{"name":"Damian Matusiak","@id":"https:\/\/www.alab.pl\/centrum-wiedzy\/#\/schema\/person\/5709fe1c1c909754033072d7f8155a44"},"headline":"Bielactwo \u2013 co warto o nim wiedzie\u0107?","datePublished":"2024-12-23T12:30:00+00:00","mainEntityOfPage":{"@id":"https:\/\/www.alab.pl\/centrum-wiedzy\/bielactwo-co-warto-o-nim-wiedziec\/"},"wordCount":1383,"publisher":{"@id":"https:\/\/www.alab.pl\/centrum-wiedzy\/#organization"},"image":{"@id":"https:\/\/www.alab.pl\/centrum-wiedzy\/bielactwo-co-warto-o-nim-wiedziec\/#primaryimage"},"thumbnailUrl":"https:\/\/www.alab.pl\/centrum-wiedzy\/wp-content\/uploads\/2024\/12\/bielactwo_cover.jpg","articleSection":["Choroby sk\u00f3ry","Warto wiedzie\u0107"],"inLanguage":"pl-PL"},{"@type":"WebPage","@id":"https:\/\/www.alab.pl\/centrum-wiedzy\/bielactwo-co-warto-o-nim-wiedziec\/","url":"https:\/\/www.alab.pl\/centrum-wiedzy\/bielactwo-co-warto-o-nim-wiedziec\/","name":"Bielactwo \u2013 co warto o nim wiedzie\u0107? - Centrum Wiedzy ALAB laboratoria","isPartOf":{"@id":"https:\/\/www.alab.pl\/centrum-wiedzy\/#website"},"primaryImageOfPage":{"@id":"https:\/\/www.alab.pl\/centrum-wiedzy\/bielactwo-co-warto-o-nim-wiedziec\/#primaryimage"},"image":{"@id":"https:\/\/www.alab.pl\/centrum-wiedzy\/bielactwo-co-warto-o-nim-wiedziec\/#primaryimage"},"thumbnailUrl":"https:\/\/www.alab.pl\/centrum-wiedzy\/wp-content\/uploads\/2024\/12\/bielactwo_cover.jpg","datePublished":"2024-12-23T12:30:00+00:00","description":"Czym jest bielactwo, co jest g\u0142\u00f3wn\u0105 przyczyn\u0105 choroby i czy mo\u017cna j\u0105 wyleczy\u0107? Odpowiedzi na te i inne pytania znajdziecie w artykule.","breadcrumb":{"@id":"https:\/\/www.alab.pl\/centrum-wiedzy\/bielactwo-co-warto-o-nim-wiedziec\/#breadcrumb"},"inLanguage":"pl-PL","potentialAction":[{"@type":"ReadAction","target":["https:\/\/www.alab.pl\/centrum-wiedzy\/bielactwo-co-warto-o-nim-wiedziec\/"]}]},{"@type":"ImageObject","inLanguage":"pl-PL","@id":"https:\/\/www.alab.pl\/centrum-wiedzy\/bielactwo-co-warto-o-nim-wiedziec\/#primaryimage","url":"https:\/\/www.alab.pl\/centrum-wiedzy\/wp-content\/uploads\/2024\/12\/bielactwo_cover.jpg","contentUrl":"https:\/\/www.alab.pl\/centrum-wiedzy\/wp-content\/uploads\/2024\/12\/bielactwo_cover.jpg","width":1925,"height":1285,"caption":"bielactwo_cover"},{"@type":"BreadcrumbList","@id":"https:\/\/www.alab.pl\/centrum-wiedzy\/bielactwo-co-warto-o-nim-wiedziec\/#breadcrumb","itemListElement":[{"@type":"ListItem","position":1,"name":"Strona g\u0142\u00f3wna","item":"https:\/\/www.alab.pl\/centrum-wiedzy\/"},{"@type":"ListItem","position":2,"name":"Bielactwo \u2013 co warto o nim wiedzie\u0107?"}]},{"@type":"WebSite","@id":"https:\/\/www.alab.pl\/centrum-wiedzy\/#website","url":"https:\/\/www.alab.pl\/centrum-wiedzy\/","name":"Centrum Wiedzy ALAB laboratoria","description":"","publisher":{"@id":"https:\/\/www.alab.pl\/centrum-wiedzy\/#organization"},"potentialAction":[{"@type":"SearchAction","target":{"@type":"EntryPoint","urlTemplate":"https:\/\/www.alab.pl\/centrum-wiedzy\/?s={search_term_string}"},"query-input":{"@type":"PropertyValueSpecification","valueRequired":true,"valueName":"search_term_string"}}],"inLanguage":"pl-PL"},{"@type":"Organization","@id":"https:\/\/www.alab.pl\/centrum-wiedzy\/#organization","name":"Centrum Wiedzy ALAB laboratoria","url":"https:\/\/www.alab.pl\/centrum-wiedzy\/","logo":{"@type":"ImageObject","inLanguage":"pl-PL","@id":"https:\/\/www.alab.pl\/centrum-wiedzy\/#\/schema\/logo\/image\/","url":"https:\/\/www.alab.pl\/centrum-wiedzy\/wp-content\/uploads\/2022\/04\/alabek.jpg","contentUrl":"https:\/\/www.alab.pl\/centrum-wiedzy\/wp-content\/uploads\/2022\/04\/alabek.jpg","width":1250,"height":1251,"caption":"Centrum Wiedzy ALAB laboratoria"},"image":{"@id":"https:\/\/www.alab.pl\/centrum-wiedzy\/#\/schema\/logo\/image\/"},"sameAs":["https:\/\/www.facebook.com\/ALABlaboratoria"]},{"@type":"Person","@id":"https:\/\/www.alab.pl\/centrum-wiedzy\/#\/schema\/person\/5709fe1c1c909754033072d7f8155a44","name":"Damian Matusiak","image":{"@type":"ImageObject","inLanguage":"pl-PL","@id":"https:\/\/www.alab.pl\/centrum-wiedzy\/wp-content\/uploads\/2023\/10\/Damian-Matusiak-jpg-150x150.webp4a39f9a6ab8bdce93cc7d4859c6e6401","url":"https:\/\/www.alab.pl\/centrum-wiedzy\/wp-content\/uploads\/2023\/10\/Damian-Matusiak-jpg-150x150.webp","contentUrl":"https:\/\/www.alab.pl\/centrum-wiedzy\/wp-content\/uploads\/2023\/10\/Damian-Matusiak-jpg-150x150.webp","caption":"Damian Matusiak"},"description":"Specjalista pediatrii, kieruj\u0105cy Oddzia\u0142em Pediatrycznym w Lesznie, absolwent Uniwersytetu Medycznego im. Karola Marcinkowskiego w Poznaniu; pasjonat ultrasonografii i nowinek ze \u015bwiata nauki.","url":"https:\/\/www.alab.pl\/centrum-wiedzy\/author\/damian-matusiak\/"}]}},"_links":{"self":[{"href":"https:\/\/www.alab.pl\/centrum-wiedzy\/wp-json\/wp\/v2\/posts\/20167","targetHints":{"allow":["GET"]}}],"collection":[{"href":"https:\/\/www.alab.pl\/centrum-wiedzy\/wp-json\/wp\/v2\/posts"}],"about":[{"href":"https:\/\/www.alab.pl\/centrum-wiedzy\/wp-json\/wp\/v2\/types\/post"}],"author":[{"embeddable":true,"href":"https:\/\/www.alab.pl\/centrum-wiedzy\/wp-json\/wp\/v2\/users\/154"}],"replies":[{"embeddable":true,"href":"https:\/\/www.alab.pl\/centrum-wiedzy\/wp-json\/wp\/v2\/comments?post=20167"}],"version-history":[{"count":3,"href":"https:\/\/www.alab.pl\/centrum-wiedzy\/wp-json\/wp\/v2\/posts\/20167\/revisions"}],"predecessor-version":[{"id":20173,"href":"https:\/\/www.alab.pl\/centrum-wiedzy\/wp-json\/wp\/v2\/posts\/20167\/revisions\/20173"}],"wp:featuredmedia":[{"embeddable":true,"href":"https:\/\/www.alab.pl\/centrum-wiedzy\/wp-json\/wp\/v2\/media\/19892"}],"wp:attachment":[{"href":"https:\/\/www.alab.pl\/centrum-wiedzy\/wp-json\/wp\/v2\/media?parent=20167"}],"wp:term":[{"taxonomy":"category","embeddable":true,"href":"https:\/\/www.alab.pl\/centrum-wiedzy\/wp-json\/wp\/v2\/categories?post=20167"},{"taxonomy":"post_tag","embeddable":true,"href":"https:\/\/www.alab.pl\/centrum-wiedzy\/wp-json\/wp\/v2\/tags?post=20167"},{"taxonomy":"author","embeddable":true,"href":"https:\/\/www.alab.pl\/centrum-wiedzy\/wp-json\/wp\/v2\/coauthors?post=20167"}],"curies":[{"name":"wp","href":"https:\/\/api.w.org\/{rel}","templated":true}]}}