{"id":20191,"date":"2024-12-23T14:35:00","date_gmt":"2024-12-23T13:35:00","guid":{"rendered":"https:\/\/www.alab.pl\/centrum-wiedzy\/?p=20191"},"modified":"2025-04-09T11:43:09","modified_gmt":"2025-04-09T09:43:09","slug":"depresja-u-dzieci-i-mlodziezy","status":"publish","type":"post","link":"https:\/\/www.alab.pl\/centrum-wiedzy\/depresja-u-dzieci-i-mlodziezy\/","title":{"rendered":"Depresja u dzieci i m\u0142odzie\u017cy"},"content":{"rendered":"\n<p><strong>Depresja to jedno z najcz\u0119stszych zaburze\u0144 psychicznych nie tylko w\u015br\u00f3d doros\u0142ych, ale i m\u0142odzie\u017cy. Niestety, wiele przypadk\u00f3w pozostaje nierozpoznanych. Po cz\u0119\u015bci dzieje si\u0119 tak dlatego, \u017ce choroba bywa bagatelizowana, a jej istnienie kwestionowane. W poni\u017cszym artykule skupiamy si\u0119 na faktach. Dzi\u0119ki temu dowiesz si\u0119, czym jest depresja, jaka jest skala zachorowa\u0144 u dzieci i m\u0142odzie\u017cy, gdzie szuka\u0107 pomocy oraz jakie s\u0105 metody leczenia.<\/strong><\/p>\n\n\n\n<p>Spis tre\u015bci:<\/p>\n\n\n\n<ol class=\"wp-block-list\">\n<li><a href=\"#Depresja-u-dzieci-i-m\u0142odzie\u017cy-\u2013-jaka-jest-skala-problemu?\">Depresja u dzieci i m\u0142odzie\u017cy \u2013 jaka jest skala problemu?<\/a><\/li>\n\n\n\n<li><a href=\"#Czym-jest-depresja?\">Czym jest depresja?<\/a><\/li>\n\n\n\n<li><a href=\"#Depresja-u-dzieci-\u2013-badania-krwi\">Depresja u dzieci \u2013 badania krwi<\/a><\/li>\n\n\n\n<li><a href=\"#Przyczyny-depresji-u-dzieci-i-m\u0142odzie\u017cy\">Przyczyny depresji u dzieci i m\u0142odzie\u017cy<\/a><\/li>\n\n\n\n<li><a href=\"#Leczenie-depresji-u-dzieci-i-m\u0142odzie\u017cy\">Leczenie depresji u dzieci i m\u0142odzie\u017cy<\/a><\/li>\n\n\n\n<li><a href=\"#Jak-zapobiega\u0107-depresji-u-dzieci-i-m\u0142odzie\u017cy?\">Jak zapobiega\u0107 depresji u dzieci i m\u0142odzie\u017cy?<\/a><\/li>\n\n\n\n<li><a href=\"#Podsumowanie\">Podsumowanie<\/a><\/li>\n<\/ol>\n\n\n\n<h2 class=\"wp-block-heading\" id=\"Depresja-u-dzieci-i-m\u0142odzie\u017cy-\u2013-jaka-jest-skala-problemu?\">Depresja u dzieci i m\u0142odzie\u017cy \u2013 jaka jest skala problemu?<\/h2>\n\n\n\n<p>Depresja jest cz\u0119st\u0105 chorob\u0105 w\u015br\u00f3d m\u0142odzie\u017cy. Dane sprzed pandemii COVID-19 wskazuj\u0105, \u017ce z co najmniej jednym epizodem tej choroby zmaga si\u0119 od 13 do 15% os\u00f3b powy\u017cej 13. roku \u017cycia. W\u015br\u00f3d dzieci odsetek ten jest zdecydowanie mniejszy i wynosi oko\u0142o 1%. Niemniej w latach 2019-2022 odnotowano istotny wzrost zachorowa\u0144. A to nie koniec ponurych danych \u2013 jak wynika z opracowa\u0144 naukowych, jedynie 50% nastolatk\u00f3w jest rozpoznawanych i leczonych przed osi\u0105gni\u0119ciem doros\u0142o\u015bci.<\/p>\n\n\n\n<p><strong>>> Przeczytaj te\u017c: <a href=\"https:\/\/www.alab.pl\/centrum-wiedzy\/depresja-objawy-przyczyny-diagnostyka-i-leczenie\/\" target=\"_blank\" rel=\"noreferrer noopener\">Depresja. Objawy, przyczyny, diagnostyka i leczenie<\/a><\/strong><\/p>\n\n\n\n<h2 class=\"wp-block-heading\" id=\"Czym-jest-depresja?\">Czym jest depresja?<\/h2>\n\n\n\n<p>Zgodnie z definicj\u0105 Ameryka\u0144skiego Towarzystwa Psychiatrycznego, depresj\u0119 rozpoznaje si\u0119, gdy istnieje co najmniej pi\u0119\u0107 z podanych objaw\u00f3w:<\/p>\n\n\n\n<ul class=\"wp-block-list\">\n<li>istotna utrata lub przyrost masy cia\u0142a,<\/li>\n\n\n\n<li>obni\u017cony nastr\u00f3j przez wi\u0119ksz\u0105 cz\u0119\u015b\u0107 dnia, prawie codziennie (np. uczucie smutku, pustki, beznadziejno\u015bci),<\/li>\n\n\n\n<li>brak czerpania satysfakcji z podejmowanych aktywno\u015bci,<\/li>\n\n\n\n<li><a href=\"https:\/\/www.alab.pl\/centrum-wiedzy\/bezsennosc-objawy-leczenie-skutki\/\" target=\"_blank\" rel=\"noreferrer noopener\">bezsenno\u015b\u0107<\/a> lub nadmierna senno\u015b\u0107 prawie codziennie,<\/li>\n\n\n\n<li>pobudzenie lub spowolnienie psychoruchowe,<\/li>\n\n\n\n<li><a href=\"https:\/\/www.alab.pl\/centrum-wiedzy\/ciagle-zmeczenie-problem-xxi-wieku-czy-to-moze-byc-objaw-choroby\/\" target=\"_blank\" rel=\"noreferrer noopener\">zm\u0119czenie<\/a> lub utrata energii niemal codziennie,<\/li>\n\n\n\n<li>poczucie winy,<\/li>\n\n\n\n<li>zmniejszona zdolno\u015b\u0107 koncentracji,<\/li>\n\n\n\n<li>nawracaj\u0105ce my\u015bli i zamiary samob\u00f3jcze.<\/li>\n<\/ul>\n\n\n\n<p>Objawy powinny trwa\u0107 co najmniej 2 tygodnie i powodowa\u0107 istotn\u0105 zmian\u0119 wcze\u015bniejszego funkcjonowania, a co najmniej jednym z objaw\u00f3w jest obni\u017cony nastr\u00f3j lub utrata zainteresowa\u0144 albo przyjemno\u015bci.<\/p>\n\n\n\n<p>Jak podaj\u0105 eksperci, dodatkowym kryterium jest brak mo\u017cliwo\u015bci przypisania powy\u017cszych objaw\u00f3w skutkom stosowania substancji psychoaktywnych lub innemu stanowi chorobowemu.<\/p>\n\n\n\n<p>Oznacza to, \u017ce podejrzenie depresji sk\u0142ania do przeprowadzenia diagnostyki r\u00f3\u017cnicowej.<\/p>\n\n\n\n<figure class=\"wp-block-table\"><table class=\"has-fixed-layout\"><tbody><tr><td><strong>Uwaga:<\/strong><br>U dzieci poni\u017cej 8. roku \u017cycia objawy s\u0105 nieco inne. Mog\u0105 wyst\u0105pi\u0107 <strong>problemy z werbalizacj\u0105 uczu\u0107, wyra\u017any spadek zainteresowania zabaw\u0105, motywy autodestrukcyjne w zabawie<\/strong>, a objawy nie musz\u0105 wyst\u0119powa\u0107 przez 2 tygodnie. Dodatkowo mo\u017cliwe jest pojawienie si\u0119 dolegliwo\u015bci somatycznych (np. <a href=\"https:\/\/www.alab.pl\/centrum-wiedzy\/bole-glowy-u-dzieci-kiedy-powinny-niepokoic\/\" target=\"_blank\" rel=\"noreferrer noopener\">b\u00f3lu g\u0142owy<\/a>, <a href=\"https:\/\/www.alab.pl\/centrum-wiedzy\/przewlekly-bol-brzucha-u-dzieci-kiedy-powinien-nas-niepokoic\/\" target=\"_blank\" rel=\"noreferrer noopener\">brzucha<\/a>), napady p\u0142aczu lub krzyku, niewyja\u015bniona dra\u017cliwo\u015b\u0107.<\/td><\/tr><\/tbody><\/table><\/figure>\n\n\n\n<figure class=\"wp-block-image size-full\"><a href=\"https:\/\/www.alab.pl\/pakiet\/pakiet-ogolny\" target=\"_blank\" rel=\" noreferrer noopener\"><img loading=\"lazy\" decoding=\"async\" width=\"800\" height=\"200\" src=\"https:\/\/www.alab.pl\/centrum-wiedzy\/wp-content\/uploads\/2024\/02\/Pakiet-ogolny-13-badan-jpg.webp\" alt=\"\" class=\"wp-image-12228\" srcset=\"https:\/\/www.alab.pl\/centrum-wiedzy\/wp-content\/uploads\/2024\/02\/Pakiet-ogolny-13-badan-jpg.webp 800w, https:\/\/www.alab.pl\/centrum-wiedzy\/wp-content\/uploads\/2024\/02\/Pakiet-ogolny-13-badan-jpg-768x192.webp 768w, https:\/\/www.alab.pl\/centrum-wiedzy\/wp-content\/uploads\/2024\/02\/Pakiet-ogolny-13-badan-jpg-150x38.webp 150w, https:\/\/www.alab.pl\/centrum-wiedzy\/wp-content\/uploads\/2024\/02\/Pakiet-ogolny-13-badan-jpg-300x75.webp 300w, https:\/\/www.alab.pl\/centrum-wiedzy\/wp-content\/uploads\/2024\/02\/Pakiet-ogolny-13-badan-jpg-696x174.webp 696w\" sizes=\"auto, (max-width: 800px) 100vw, 800px\" \/><\/a><\/figure>\n\n\n\n<h2 class=\"wp-block-heading\" id=\"Depresja-u-dzieci-\u2013-badania-krwi\">Depresja u dzieci \u2013 badania krwi<\/h2>\n\n\n\n<p>Cz\u0119\u015b\u0107 objaw\u00f3w depresji mo\u017ce by\u0107 wywo\u0142anych niezdiagnozowanymi, do\u015b\u0107 cz\u0119stymi u dzieci\u00a0 i m\u0142odzie\u017cy chorobami takimi jak np. <a href=\"https:\/\/www.alab.pl\/centrum-wiedzy\/niedoczynnosc-tarczycy\/\" target=\"_blank\" rel=\"noreferrer noopener\">niedoczynno\u015b\u0107 tarczycy<\/a> (spowolnienie psychoruchowe, zm\u0119czenie, wzrost masy cia\u0142a) czy <a href=\"https:\/\/www.alab.pl\/centrum-wiedzy\/niedokrwistosc-u-dziecka-kompendium-wiedzy-dla-kazdego-rodzica\/\" target=\"_blank\" rel=\"noreferrer noopener\">niedokrwisto\u015b\u0107<\/a> (zm\u0119czenie, utrata zdolno\u015bci koncentracji, senno\u015b\u0107).<\/p>\n\n\n\n<figure class=\"wp-block-image size-full\"><a href=\"https:\/\/www.alab.pl\/pakiet\/pakiet-tarczycowy\" target=\"_blank\" rel=\" noreferrer noopener\"><img loading=\"lazy\" decoding=\"async\" width=\"800\" height=\"200\" src=\"https:\/\/www.alab.pl\/centrum-wiedzy\/wp-content\/uploads\/2023\/08\/Pakiet-tarczycowy-TSH-FT3-FT4-jpg.webp\" alt=\"pakiet tarczycowy\" class=\"wp-image-8054\" srcset=\"https:\/\/www.alab.pl\/centrum-wiedzy\/wp-content\/uploads\/2023\/08\/Pakiet-tarczycowy-TSH-FT3-FT4-jpg.webp 800w, https:\/\/www.alab.pl\/centrum-wiedzy\/wp-content\/uploads\/2023\/08\/Pakiet-tarczycowy-TSH-FT3-FT4-jpg-768x192.webp 768w, https:\/\/www.alab.pl\/centrum-wiedzy\/wp-content\/uploads\/2023\/08\/Pakiet-tarczycowy-TSH-FT3-FT4-jpg-150x38.webp 150w, https:\/\/www.alab.pl\/centrum-wiedzy\/wp-content\/uploads\/2023\/08\/Pakiet-tarczycowy-TSH-FT3-FT4-jpg-300x75.webp 300w, https:\/\/www.alab.pl\/centrum-wiedzy\/wp-content\/uploads\/2023\/08\/Pakiet-tarczycowy-TSH-FT3-FT4-jpg-696x174.webp 696w\" sizes=\"auto, (max-width: 800px) 100vw, 800px\" \/><\/a><\/figure>\n\n\n\n<p>Z tego wzgl\u0119du, w ramach r\u00f3\u017cnicowania, warto wykona\u0107 proste oznaczenia potwierdzaj\u0105ce b\u0105d\u017a wykluczaj\u0105ce somatyczne pod\u0142o\u017ce prezentowanych objaw\u00f3w:<\/p>\n\n\n\n<ul class=\"wp-block-list\">\n<li><a href=\"https:\/\/www.alab.pl\/badanie\/morfologia-krwi-c55\" target=\"_blank\" rel=\"noreferrer noopener\">morfologi\u0119<\/a> z rozmazem,<\/li>\n\n\n\n<li><a href=\"https:\/\/www.alab.pl\/badanie\/tyreotropina-tsh-trzeciej-generacji-l69\" target=\"_blank\" rel=\"noreferrer noopener\">TSH<\/a>, <a href=\"https:\/\/www.alab.pl\/badanie\/wolna-tyroksyna-ft4-o69\" target=\"_blank\" rel=\"noreferrer noopener\">fT4<\/a>,<\/li>\n\n\n\n<li><a href=\"https:\/\/www.alab.pl\/badanie\/aminotransferaza-alaninowa-alt-i17\" target=\"_blank\" rel=\"noreferrer noopener\">ALT<\/a>, <a href=\"https:\/\/www.alab.pl\/badanie\/aminotransferaza-asparaginianowa-ast-i19\" target=\"_blank\" rel=\"noreferrer noopener\">AST<\/a>,<\/li>\n\n\n\n<li><a href=\"https:\/\/www.alab.pl\/badanie\/ferrytyna-l05\" target=\"_blank\" rel=\"noreferrer noopener\">ferrytyn\u0119<\/a> wraz z <a href=\"https:\/\/www.alab.pl\/badanie\/bialko-c-reaktywne-crp-ilosciowe-i81\" target=\"_blank\" rel=\"noreferrer noopener\">CRP<\/a>,<\/li>\n\n\n\n<li><a href=\"https:\/\/www.alab.pl\/badanie\/kreatynina-w-surowicy-m37\" target=\"_blank\" rel=\"noreferrer noopener\">kreatynin\u0119<\/a>,<\/li>\n\n\n\n<li>st\u0119\u017cenie <a href=\"https:\/\/www.alab.pl\/badanie\/glukoza-l43\" target=\"_blank\" rel=\"noreferrer noopener\">glukozy<\/a> na czczo,<\/li>\n\n\n\n<li><a href=\"https:\/\/www.alab.pl\/badanie\/badanie-ogolne-moczu-a01\" target=\"_blank\" rel=\"noreferrer noopener\">badanie og\u00f3lne moczu<\/a>,<\/li>\n\n\n\n<li>st\u0119\u017cenie witaminy D.<\/li>\n<\/ul>\n\n\n\n<figure class=\"wp-block-image size-full\"><a href=\"https:\/\/www.alab.pl\/badanie\/witamina-d-25oh\" target=\"_blank\" rel=\" noreferrer noopener\"><img loading=\"lazy\" decoding=\"async\" width=\"800\" height=\"200\" src=\"https:\/\/www.alab.pl\/centrum-wiedzy\/wp-content\/uploads\/2023\/11\/Badanie-witaminy-D-jpg.webp\" alt=\"badanie witaminy D\" class=\"wp-image-9847\" srcset=\"https:\/\/www.alab.pl\/centrum-wiedzy\/wp-content\/uploads\/2023\/11\/Badanie-witaminy-D-jpg.webp 800w, https:\/\/www.alab.pl\/centrum-wiedzy\/wp-content\/uploads\/2023\/11\/Badanie-witaminy-D-jpg-768x192.webp 768w, https:\/\/www.alab.pl\/centrum-wiedzy\/wp-content\/uploads\/2023\/11\/Badanie-witaminy-D-jpg-150x38.webp 150w, https:\/\/www.alab.pl\/centrum-wiedzy\/wp-content\/uploads\/2023\/11\/Badanie-witaminy-D-jpg-300x75.webp 300w, https:\/\/www.alab.pl\/centrum-wiedzy\/wp-content\/uploads\/2023\/11\/Badanie-witaminy-D-jpg-696x174.webp 696w\" sizes=\"auto, (max-width: 800px) 100vw, 800px\" \/><\/a><\/figure>\n\n\n\n<h2 class=\"wp-block-heading\" id=\"Przyczyny-depresji-u-dzieci-i-m\u0142odzie\u017cy\">Przyczyny depresji u dzieci i m\u0142odzie\u017cy<\/h2>\n\n\n\n<p>Istnieje kilka czynnik\u00f3w ryzyka zwi\u0105zanych z depresj\u0105 u dzieci i m\u0142odzie\u017cy. Ryzyko jest wy\u017csze u dziewcz\u0105t w <a href=\"https:\/\/www.alab.pl\/centrum-wiedzy\/krotkie-kompendium-wiedzy-o-dojrzewaniu-plciowym\/\" target=\"_blank\" rel=\"noreferrer noopener\">okresie dojrzewania<\/a>.<\/p>\n\n\n\n<p><strong>Silnymi czynnikami ryzyka s\u0105:<\/strong><\/p>\n\n\n\n<ul class=\"wp-block-list\">\n<li>wywiad rodzinny (depresja u bliskiego cz\u0142onka rodziny),<\/li>\n\n\n\n<li>trauma psychiczna (choroba lub \u015bmier\u0107 cz\u0142onka rodziny, przemoc fizyczna lub seksualna),<\/li>\n\n\n\n<li>zachowania awersyjne wobec dziecka (np. krytyka, kara i konflikt),<\/li>\n\n\n\n<li>brak autonomii przyznanej dziecku lub nastolatkowi,<\/li>\n\n\n\n<li>brak blisko\u015bci emocjonalnej mi\u0119dzy rodzicem a dzieckiem,<\/li>\n\n\n\n<li>nadmierne zaanga\u017cowanie rodzic\u00f3w (nadopieku\u0144czo\u015b\u0107),<\/li>\n\n\n\n<li>n\u0119kanie ze strony r\u00f3wie\u015bnik\u00f3w,<\/li>\n\n\n\n<li>brak wi\u0119zi kole\u017ce\u0144skich z r\u00f3wie\u015bnikami,<\/li>\n\n\n\n<li>s\u0142abe osi\u0105gni\u0119cia w nauce,<\/li>\n\n\n\n<li>nadu\u017cywanie substancji psychoaktywnych (najcz\u0119\u015bciej wt\u00f3rnie do zaburzonych relacji rodzinnych),<\/li>\n\n\n\n<li>nieprawid\u0142owa higiena \u017cycia: ma\u0142o snu, du\u017co czasu przed ekranem, niezdrowa dieta,<\/li>\n\n\n\n<li>nadmierna masa cia\u0142a i zwi\u0105zany z tym ostracyzm ze strony otoczenia,<\/li>\n\n\n\n<li>tre\u015bci internetowe: budowanie u m\u0142odzie\u017cy nierealnych oczekiwa\u0144 wobec siebie,<\/li>\n\n\n\n<li>przewlek\u0142e choroby, zw\u0142aszcza widoczne dla otoczenia (np. choroby sk\u00f3ry).<\/li>\n<\/ul>\n\n\n\n<p><strong>>> Sprawd\u017a r\u00f3wnie\u017c: <a href=\"https:\/\/www.alab.pl\/centrum-wiedzy\/otylosc-u-dzieci-i-mlodziezy-powazna-choroba-i-duze-wyzwanie\/\" target=\"_blank\" rel=\"noreferrer noopener\">Oty\u0142o\u015b\u0107 u dzieci i m\u0142odzie\u017cy \u2013 powa\u017cna choroba i du\u017ce wyzwanie<\/a><\/strong><\/p>\n\n\n\n<h2 class=\"wp-block-heading\" id=\"Leczenie-depresji-u-dzieci-i-m\u0142odzie\u017cy\">Leczenie depresji u dzieci i m\u0142odzie\u017cy<\/h2>\n\n\n\n<p>\u0141agodn\u0105 do umiarkowanej posta\u0107 depresji u dzieci i m\u0142odzie\u017cy mo\u017cna leczy\u0107 za pomoc\u0105 psychoedukacji, edukacji rodzinnej i psychoterapii. Psychoedukacja jest wa\u017cna zar\u00f3wno dla pacjenta, jak i rodziny \u2013 ka\u017cdy domownik powinien by\u0107 \u015bwiadomy planu i cel\u00f3w leczenia. Kiedy zapewniona jest edukacja, zwi\u0119ksza si\u0119 przestrzeganie zalece\u0144 terapeutycznych.<\/p>\n\n\n\n<p>W postaciach umiarkowanych do ci\u0119\u017ckich wy\u017cej wymienione interwencje s\u0105 niezb\u0119dne, jednak niewystarczaj\u0105ce. W tych przypadkach do leczenia w\u0142\u0105czane s\u0105 leki przeciwdepresyjne.<\/p>\n\n\n\n<h2 class=\"wp-block-heading\" id=\"Jak-zapobiega\u0107-depresji-u-dzieci-i-m\u0142odzie\u017cy?\">Jak zapobiega\u0107 depresji u dzieci i m\u0142odzie\u017cy?<\/h2>\n\n\n\n<p>W cz\u0119\u015bci przypadk\u00f3w depresji mo\u017cna zapobiec, podejmuj\u0105c stosowne dzia\u0142ania:<\/p>\n\n\n\n<ul class=\"wp-block-list\">\n<li>budowanie wi\u0119zi z dzieckiem opartej o wzajemn\u0105 mi\u0142o\u015b\u0107 i szacunek,<\/li>\n\n\n\n<li>normalizacj\u0119 relacji mi\u0119dzy cz\u0142onkami rodziny; pami\u0119taj, \u017ce ryzyko depresji wzrasta nie tylko, gdy dziecko jest bezpo\u015bredni\u0105 ofiar\u0105 przemocy, ale tak\u017ce gdy jest jej \u015bwiadkiem,<\/li>\n\n\n\n<li>regularne rozmowy z dzieckiem; wa\u017cne, by rodzic wiedzia\u0142, z czym aktualnie zmaga si\u0119 dziecko, jakie ma problemy, emocje i plany,<\/li>\n\n\n\n<li>edukacja co do szkodliwo\u015bci niekt\u00f3rych tre\u015bci internetowych,<\/li>\n\n\n\n<li>wspieranie rozwijania pasji,<\/li>\n\n\n\n<li>brak nadmiernej kontroli rodzicielskiej,<\/li>\n\n\n\n<li>dba\u0142o\u015b\u0107 o higien\u0119 \u017cycia; zdrowy sen (ilo\u015bciowo i jako\u015bciowo), ruch, zdrowa dieta,<\/li>\n\n\n\n<li>leczenie istniej\u0105cych chor\u00f3b przewlek\u0142ych.<\/li>\n<\/ul>\n\n\n\n<p><strong>>> Sprawd\u017a r\u00f3wnie\u017c: <a href=\"https:\/\/www.alab.pl\/centrum-wiedzy\/depresja-maskowana-objawy-przyczyny-leczenie-jakie-badania-zrobic-przy-depresji\/\" target=\"_blank\" rel=\"noreferrer noopener\">Depresja maskowana \u2013 objawy, przyczyny, leczenie<\/a><\/strong><\/p>\n\n\n\n<h2 class=\"wp-block-heading\" id=\"Podsumowanie\">Podsumowanie<\/h2>\n\n\n\n<p>Depresja jest cz\u0119st\u0105 chorob\u0105 w\u015br\u00f3d m\u0142odzie\u017cy. Prowadzi do niej wiele czynnik\u00f3w, z kt\u00f3rych na cz\u0119\u015b\u0107 ma wp\u0142yw rodzic i sam m\u0142ody cz\u0142owiek. Pami\u0119taj, \u017ce je\u017celi dostrzegasz cechy depresji u swojego dziecka, zg\u0142o\u015b si\u0119 po pomoc. Udzieli jej specjalista psychiatrii, psychiatrii dzieci\u0119cej lub pediatrii. Nie zwlekaj, gdy\u017c depresja mo\u017ce prowadzi\u0107 do bardzo powa\u017cnych konsekwencji i powik\u0142a\u0144, w tym pr\u00f3b samob\u00f3jczych.<\/p>\n\n\n\n<hr class=\"wp-block-separator has-alpha-channel-opacity\"\/>\n\n\n\n<p><strong>\u0179r\u00f3d\u0142a<\/strong><\/p>\n\n\n\n<ol class=\"wp-block-list\">\n<li>Remes O, Mendes JF, Templeton P. Biological, Psychological, and Social Determinants of Depression: A Review of Recent Literature. Brain Sci. 2021 Dec 10;11(12):1633. doi: 10.3390\/brainsci11121633. PMID: 34942936; PMCID: PMC8699555. (dost\u0119p: 10.12.2024).<\/li>\n\n\n\n<li>Spoelma MJ, Sicouri GL, Francis DA, Songco AD, Daniel EK, Hudson JL. Estimated Prevalence of Depressive Disorders in Children From 2004 to 2019: A Systematic Review and Meta-Analysis. JAMA Pediatr. 2023 Oct 1;177(10):1017-1027. doi: 10.1001\/jamapediatrics.2023.3221. PMID: 37639261; PMCID: PMC10463172. (dost\u0119p: 10.12.2024).<\/li>\n\n\n\n<li>Mullen S. Major depressive disorder in children and adolescents. Ment Health Clin. 2018 Nov 1;8(6):275-283. doi: 10.9740\/mhc.2018.11.275. PMID: 30397569; PMCID: PMC6213890. (dost\u0119p: 10.12.2024).<\/li>\n\n\n\n<li>Beck A, LeBlanc JC, Morissette K, Hamel C, Skidmore B, Colquhoun H, Lang E, Moore A, Riva JJ, Thombs BD, Patten S, Bragg H, Colman I, Goldfield GS, Nicholls SG, Pajer K, Potter BK, Meeder R, Vasa P, Hutton B, Shea BJ, Graham E, Little J, Moher D, Stevens A. Screening for depression in children and adolescents: a protocol for a systematic review update. Syst Rev. 2021 Jan 12;10(1):24. doi: 10.1186\/s13643-020-01568-3. PMID: 33436094; PMCID: PMC7802305. (dost\u0119p: 10.12.2024).<\/li>\n\n\n\n<li>Korczak DJ, Westwell-Roper C, Sassi R. Diagnosis and management of depression in adolescents. CMAJ. 2023 May 29;195(21):E739-E746. doi: 10.1503\/cmaj.220966. PMID: 37247881; PMCID: PMC10228578. (dost\u0119p: 10.12.2024).<\/li>\n<\/ol>\n","protected":false},"excerpt":{"rendered":"<p>Depresja to jedno z najcz\u0119stszych zaburze\u0144 psychicznych nie tylko w\u015br\u00f3d doros\u0142ych, ale i m\u0142odzie\u017cy. Niestety, wiele przypadk\u00f3w pozostaje nierozpoznanych. Po cz\u0119\u015bci dzieje si\u0119 tak dlatego, \u017ce choroba bywa bagatelizowana, a jej istnienie kwestionowane. W poni\u017cszym artykule skupiamy si\u0119 na faktach. Dzi\u0119ki temu dowiesz si\u0119, czym jest depresja, jaka jest skala zachorowa\u0144 u dzieci i m\u0142odzie\u017cy, [&hellip;]<\/p>\n","protected":false},"author":154,"featured_media":19895,"comment_status":"closed","ping_status":"closed","sticky":false,"template":"","format":"standard","meta":{"_acf_changed":false,"inline_featured_image":false,"footnotes":""},"categories":[30,228],"tags":[],"coauthors":[151],"class_list":{"0":"post-20191","1":"post","2":"type-post","3":"status-publish","4":"format-standard","5":"has-post-thumbnail","8":"category-zdrowie-psychiczne"},"acf":[],"yoast_head":"<!-- This site is optimized with the Yoast SEO plugin v27.5 - https:\/\/yoast.com\/product\/yoast-seo-wordpress\/ -->\n<title>Depresja u dzieci i m\u0142odzie\u017cy - Centrum Wiedzy ALAB laboratoria<\/title>\n<meta name=\"description\" content=\"Depresja to zaburzenie psychiczne, kt\u00f3re mo\u017ce prowadzi\u0107 do powa\u017cnych skutk\u00f3w. Dowiedz si\u0119 wi\u0119cej o depresji u dzieci i m\u0142odzie\u017cy.\" \/>\n<meta name=\"robots\" content=\"index, follow, max-snippet:-1, max-image-preview:large, max-video-preview:-1\" \/>\n<link rel=\"canonical\" href=\"https:\/\/www.alab.pl\/centrum-wiedzy\/depresja-u-dzieci-i-mlodziezy\/\" \/>\n<meta property=\"og:locale\" content=\"pl_PL\" \/>\n<meta property=\"og:type\" content=\"article\" \/>\n<meta property=\"og:title\" content=\"Depresja u dzieci i m\u0142odzie\u017cy - Centrum Wiedzy ALAB laboratoria\" \/>\n<meta property=\"og:description\" content=\"Depresja to zaburzenie psychiczne, kt\u00f3re mo\u017ce prowadzi\u0107 do powa\u017cnych skutk\u00f3w. Dowiedz si\u0119 wi\u0119cej o depresji u dzieci i m\u0142odzie\u017cy.\" \/>\n<meta property=\"og:url\" content=\"https:\/\/www.alab.pl\/centrum-wiedzy\/depresja-u-dzieci-i-mlodziezy\/\" \/>\n<meta property=\"og:site_name\" content=\"Centrum Wiedzy ALAB laboratoria\" \/>\n<meta property=\"article:publisher\" content=\"https:\/\/www.facebook.com\/ALABlaboratoria\" \/>\n<meta property=\"article:published_time\" content=\"2024-12-23T13:35:00+00:00\" \/>\n<meta property=\"article:modified_time\" content=\"2025-04-09T09:43:09+00:00\" \/>\n<meta property=\"og:image\" content=\"https:\/\/www.alab.pl\/centrum-wiedzy\/wp-content\/uploads\/2024\/12\/Depresja-u-dzieci-i-mlodziezy_cover.jpg\" \/>\n\t<meta property=\"og:image:width\" content=\"800\" \/>\n\t<meta property=\"og:image:height\" content=\"534\" \/>\n\t<meta property=\"og:image:type\" content=\"image\/jpeg\" \/>\n<meta name=\"author\" content=\"Damian Matusiak\" \/>\n<meta name=\"twitter:card\" content=\"summary_large_image\" \/>\n<meta name=\"twitter:label1\" content=\"Napisane przez\" \/>\n\t<meta name=\"twitter:data1\" content=\"Damian Matusiak\" \/>\n\t<meta name=\"twitter:label2\" content=\"Szacowany czas czytania\" \/>\n\t<meta name=\"twitter:data2\" content=\"7 minut\" \/>\n\t<meta name=\"twitter:label3\" content=\"Written by\" \/>\n\t<meta name=\"twitter:data3\" content=\"Damian Matusiak\" \/>\n<!-- \/ Yoast SEO plugin. -->","yoast_head_json":{"title":"Depresja u dzieci i m\u0142odzie\u017cy - Centrum Wiedzy ALAB laboratoria","description":"Depresja to zaburzenie psychiczne, kt\u00f3re mo\u017ce prowadzi\u0107 do powa\u017cnych skutk\u00f3w. Dowiedz si\u0119 wi\u0119cej o depresji u dzieci i m\u0142odzie\u017cy.","robots":{"index":"index","follow":"follow","max-snippet":"max-snippet:-1","max-image-preview":"max-image-preview:large","max-video-preview":"max-video-preview:-1"},"canonical":"https:\/\/www.alab.pl\/centrum-wiedzy\/depresja-u-dzieci-i-mlodziezy\/","og_locale":"pl_PL","og_type":"article","og_title":"Depresja u dzieci i m\u0142odzie\u017cy - Centrum Wiedzy ALAB laboratoria","og_description":"Depresja to zaburzenie psychiczne, kt\u00f3re mo\u017ce prowadzi\u0107 do powa\u017cnych skutk\u00f3w. Dowiedz si\u0119 wi\u0119cej o depresji u dzieci i m\u0142odzie\u017cy.","og_url":"https:\/\/www.alab.pl\/centrum-wiedzy\/depresja-u-dzieci-i-mlodziezy\/","og_site_name":"Centrum Wiedzy ALAB laboratoria","article_publisher":"https:\/\/www.facebook.com\/ALABlaboratoria","article_published_time":"2024-12-23T13:35:00+00:00","article_modified_time":"2025-04-09T09:43:09+00:00","og_image":[{"width":800,"height":534,"url":"https:\/\/www.alab.pl\/centrum-wiedzy\/wp-content\/uploads\/2024\/12\/Depresja-u-dzieci-i-mlodziezy_cover.jpg","type":"image\/jpeg"}],"author":"Damian Matusiak","twitter_card":"summary_large_image","twitter_misc":{"Napisane przez":"Damian Matusiak","Szacowany czas czytania":"7 minut","Written by":"Damian Matusiak"},"schema":{"@context":"https:\/\/schema.org","@graph":[{"@type":"Article","@id":"https:\/\/www.alab.pl\/centrum-wiedzy\/depresja-u-dzieci-i-mlodziezy\/#article","isPartOf":{"@id":"https:\/\/www.alab.pl\/centrum-wiedzy\/depresja-u-dzieci-i-mlodziezy\/"},"author":{"name":"Damian Matusiak","@id":"https:\/\/www.alab.pl\/centrum-wiedzy\/#\/schema\/person\/5709fe1c1c909754033072d7f8155a44"},"headline":"Depresja u dzieci i m\u0142odzie\u017cy","datePublished":"2024-12-23T13:35:00+00:00","dateModified":"2025-04-09T09:43:09+00:00","mainEntityOfPage":{"@id":"https:\/\/www.alab.pl\/centrum-wiedzy\/depresja-u-dzieci-i-mlodziezy\/"},"wordCount":1216,"publisher":{"@id":"https:\/\/www.alab.pl\/centrum-wiedzy\/#organization"},"image":{"@id":"https:\/\/www.alab.pl\/centrum-wiedzy\/depresja-u-dzieci-i-mlodziezy\/#primaryimage"},"thumbnailUrl":"https:\/\/www.alab.pl\/centrum-wiedzy\/wp-content\/uploads\/2024\/12\/Depresja-u-dzieci-i-mlodziezy_cover.jpg","articleSection":["Zdrowie dzieci i m\u0142odzie\u017cy","Zdrowie psychiczne"],"inLanguage":"pl-PL"},{"@type":"WebPage","@id":"https:\/\/www.alab.pl\/centrum-wiedzy\/depresja-u-dzieci-i-mlodziezy\/","url":"https:\/\/www.alab.pl\/centrum-wiedzy\/depresja-u-dzieci-i-mlodziezy\/","name":"Depresja u dzieci i m\u0142odzie\u017cy - Centrum Wiedzy ALAB laboratoria","isPartOf":{"@id":"https:\/\/www.alab.pl\/centrum-wiedzy\/#website"},"primaryImageOfPage":{"@id":"https:\/\/www.alab.pl\/centrum-wiedzy\/depresja-u-dzieci-i-mlodziezy\/#primaryimage"},"image":{"@id":"https:\/\/www.alab.pl\/centrum-wiedzy\/depresja-u-dzieci-i-mlodziezy\/#primaryimage"},"thumbnailUrl":"https:\/\/www.alab.pl\/centrum-wiedzy\/wp-content\/uploads\/2024\/12\/Depresja-u-dzieci-i-mlodziezy_cover.jpg","datePublished":"2024-12-23T13:35:00+00:00","dateModified":"2025-04-09T09:43:09+00:00","description":"Depresja to zaburzenie psychiczne, kt\u00f3re mo\u017ce prowadzi\u0107 do powa\u017cnych skutk\u00f3w. Dowiedz si\u0119 wi\u0119cej o depresji u dzieci i m\u0142odzie\u017cy.","breadcrumb":{"@id":"https:\/\/www.alab.pl\/centrum-wiedzy\/depresja-u-dzieci-i-mlodziezy\/#breadcrumb"},"inLanguage":"pl-PL","potentialAction":[{"@type":"ReadAction","target":["https:\/\/www.alab.pl\/centrum-wiedzy\/depresja-u-dzieci-i-mlodziezy\/"]}]},{"@type":"ImageObject","inLanguage":"pl-PL","@id":"https:\/\/www.alab.pl\/centrum-wiedzy\/depresja-u-dzieci-i-mlodziezy\/#primaryimage","url":"https:\/\/www.alab.pl\/centrum-wiedzy\/wp-content\/uploads\/2024\/12\/Depresja-u-dzieci-i-mlodziezy_cover.jpg","contentUrl":"https:\/\/www.alab.pl\/centrum-wiedzy\/wp-content\/uploads\/2024\/12\/Depresja-u-dzieci-i-mlodziezy_cover.jpg","width":800,"height":534,"caption":"depresja u dzieci i m\u0142odzie\u017cy cover"},{"@type":"BreadcrumbList","@id":"https:\/\/www.alab.pl\/centrum-wiedzy\/depresja-u-dzieci-i-mlodziezy\/#breadcrumb","itemListElement":[{"@type":"ListItem","position":1,"name":"Strona g\u0142\u00f3wna","item":"https:\/\/www.alab.pl\/centrum-wiedzy\/"},{"@type":"ListItem","position":2,"name":"Depresja u dzieci i m\u0142odzie\u017cy"}]},{"@type":"WebSite","@id":"https:\/\/www.alab.pl\/centrum-wiedzy\/#website","url":"https:\/\/www.alab.pl\/centrum-wiedzy\/","name":"Centrum Wiedzy ALAB laboratoria","description":"","publisher":{"@id":"https:\/\/www.alab.pl\/centrum-wiedzy\/#organization"},"potentialAction":[{"@type":"SearchAction","target":{"@type":"EntryPoint","urlTemplate":"https:\/\/www.alab.pl\/centrum-wiedzy\/?s={search_term_string}"},"query-input":{"@type":"PropertyValueSpecification","valueRequired":true,"valueName":"search_term_string"}}],"inLanguage":"pl-PL"},{"@type":"Organization","@id":"https:\/\/www.alab.pl\/centrum-wiedzy\/#organization","name":"Centrum Wiedzy ALAB laboratoria","url":"https:\/\/www.alab.pl\/centrum-wiedzy\/","logo":{"@type":"ImageObject","inLanguage":"pl-PL","@id":"https:\/\/www.alab.pl\/centrum-wiedzy\/#\/schema\/logo\/image\/","url":"https:\/\/www.alab.pl\/centrum-wiedzy\/wp-content\/uploads\/2022\/04\/alabek.jpg","contentUrl":"https:\/\/www.alab.pl\/centrum-wiedzy\/wp-content\/uploads\/2022\/04\/alabek.jpg","width":1250,"height":1251,"caption":"Centrum Wiedzy ALAB laboratoria"},"image":{"@id":"https:\/\/www.alab.pl\/centrum-wiedzy\/#\/schema\/logo\/image\/"},"sameAs":["https:\/\/www.facebook.com\/ALABlaboratoria"]},{"@type":"Person","@id":"https:\/\/www.alab.pl\/centrum-wiedzy\/#\/schema\/person\/5709fe1c1c909754033072d7f8155a44","name":"Damian Matusiak","image":{"@type":"ImageObject","inLanguage":"pl-PL","@id":"https:\/\/www.alab.pl\/centrum-wiedzy\/wp-content\/uploads\/2023\/10\/Damian-Matusiak-jpg-150x150.webp4a39f9a6ab8bdce93cc7d4859c6e6401","url":"https:\/\/www.alab.pl\/centrum-wiedzy\/wp-content\/uploads\/2023\/10\/Damian-Matusiak-jpg-150x150.webp","contentUrl":"https:\/\/www.alab.pl\/centrum-wiedzy\/wp-content\/uploads\/2023\/10\/Damian-Matusiak-jpg-150x150.webp","caption":"Damian Matusiak"},"description":"Specjalista pediatrii, kieruj\u0105cy Oddzia\u0142em Pediatrycznym w Lesznie, absolwent Uniwersytetu Medycznego im. Karola Marcinkowskiego w Poznaniu; pasjonat ultrasonografii i nowinek ze \u015bwiata nauki.","url":"https:\/\/www.alab.pl\/centrum-wiedzy\/author\/damian-matusiak\/"}]}},"_links":{"self":[{"href":"https:\/\/www.alab.pl\/centrum-wiedzy\/wp-json\/wp\/v2\/posts\/20191","targetHints":{"allow":["GET"]}}],"collection":[{"href":"https:\/\/www.alab.pl\/centrum-wiedzy\/wp-json\/wp\/v2\/posts"}],"about":[{"href":"https:\/\/www.alab.pl\/centrum-wiedzy\/wp-json\/wp\/v2\/types\/post"}],"author":[{"embeddable":true,"href":"https:\/\/www.alab.pl\/centrum-wiedzy\/wp-json\/wp\/v2\/users\/154"}],"replies":[{"embeddable":true,"href":"https:\/\/www.alab.pl\/centrum-wiedzy\/wp-json\/wp\/v2\/comments?post=20191"}],"version-history":[{"count":4,"href":"https:\/\/www.alab.pl\/centrum-wiedzy\/wp-json\/wp\/v2\/posts\/20191\/revisions"}],"predecessor-version":[{"id":20197,"href":"https:\/\/www.alab.pl\/centrum-wiedzy\/wp-json\/wp\/v2\/posts\/20191\/revisions\/20197"}],"wp:featuredmedia":[{"embeddable":true,"href":"https:\/\/www.alab.pl\/centrum-wiedzy\/wp-json\/wp\/v2\/media\/19895"}],"wp:attachment":[{"href":"https:\/\/www.alab.pl\/centrum-wiedzy\/wp-json\/wp\/v2\/media?parent=20191"}],"wp:term":[{"taxonomy":"category","embeddable":true,"href":"https:\/\/www.alab.pl\/centrum-wiedzy\/wp-json\/wp\/v2\/categories?post=20191"},{"taxonomy":"post_tag","embeddable":true,"href":"https:\/\/www.alab.pl\/centrum-wiedzy\/wp-json\/wp\/v2\/tags?post=20191"},{"taxonomy":"author","embeddable":true,"href":"https:\/\/www.alab.pl\/centrum-wiedzy\/wp-json\/wp\/v2\/coauthors?post=20191"}],"curies":[{"name":"wp","href":"https:\/\/api.w.org\/{rel}","templated":true}]}}