{"id":20198,"date":"2024-12-23T14:58:00","date_gmt":"2024-12-23T13:58:00","guid":{"rendered":"https:\/\/www.alab.pl\/centrum-wiedzy\/?p=20198"},"modified":"2024-12-23T14:55:12","modified_gmt":"2024-12-23T13:55:12","slug":"polpasiec-u-dzieci","status":"publish","type":"post","link":"https:\/\/www.alab.pl\/centrum-wiedzy\/polpasiec-u-dzieci\/","title":{"rendered":"P\u00f3\u0142pasiec u dzieci"},"content":{"rendered":"\n<p><strong>P\u00f3\u0142pasiec to bolesna choroba, kt\u00f3ra mo\u017ce dotyka\u0107 pacjent\u00f3w w ka\u017cdym wieku, w tym dzieci. Jak przebiega? Sk\u0105d si\u0119 bierze? Czy istniej\u0105 skuteczne metody leczenia? Na te oraz wiele innych pyta\u0144 odpowiedzi znajdziesz w poni\u017cszym tek\u015bcie.<\/strong><\/p>\n\n\n\n<p>Spis tre\u015bci:<\/p>\n\n\n\n<ol class=\"wp-block-list\">\n<li><a href=\"#Czy-p\u00f3\u0142pasiec-wyst\u0119puje-u-dzieci?\">Czy p\u00f3\u0142pasiec wyst\u0119puje u dzieci?<\/a><\/li>\n\n\n\n<li><a href=\"#Przyczyny-p\u00f3\u0142pa\u015bca-u-dzieci\">Przyczyny p\u00f3\u0142pa\u015bca u dzieci<\/a><\/li>\n\n\n\n<li><a href=\"#P\u00f3\u0142pasiec-u-dzieci-\u2013-objawy\">P\u00f3\u0142pasiec u dzieci \u2013 objawy<\/a><\/li>\n\n\n\n<li><a href=\"#Diagnostyka-p\u00f3\u0142pa\u015bca-u-dzieci-\u2013-jakie-badania-nale\u017cy-wykona\u0107?\">Diagnostyka p\u00f3\u0142pa\u015bca u dzieci \u2013 jakie badania nale\u017cy wykona\u0107?<\/a><\/li>\n\n\n\n<li><a href=\"#Czy-p\u00f3\u0142pasiec-u-dzieci-jest-zara\u017aliwy?\">Czy p\u00f3\u0142pasiec u dzieci jest zara\u017aliwy?<\/a><\/li>\n\n\n\n<li><a href=\"#Leczenie-p\u00f3\u0142pa\u015bca-u-dzieci\">Leczenie p\u00f3\u0142pa\u015bca u dzieci<\/a><\/li>\n\n\n\n<li><a href=\"#P\u00f3\u0142pasiec-u-dzieci-\u2013-powik\u0142ania\">P\u00f3\u0142pasiec u dzieci \u2013 powik\u0142ania<\/a><\/li>\n\n\n\n<li><a href=\"#Jak-uchroni\u0107-si\u0119-przed-p\u00f3\u0142pa\u015bcem?\">Jak uchroni\u0107 si\u0119 przed p\u00f3\u0142pa\u015bcem?<\/a><\/li>\n\n\n\n<li><a href=\"#Podsumowanie\">Podsumowanie<\/a><\/li>\n<\/ol>\n\n\n\n<h2 class=\"wp-block-heading\" id=\"Czy-p\u00f3\u0142pasiec-wyst\u0119puje-u-dzieci?\">Czy p\u00f3\u0142pasiec wyst\u0119puje u dzieci?<\/h2>\n\n\n\n<p>P\u00f3\u0142pasiec to reaktywacja utajonego wirusa <em>Voricella zoster<\/em>, kt\u00f3ry znajduje si\u0119 w kom\u00f3rkach nerwowych po przechorowaniu <a href=\"https:\/\/www.alab.pl\/centrum-wiedzy\/ospa-wietrzna\/\" target=\"_blank\" rel=\"noreferrer noopener\">ospy wietrznej<\/a>. Og\u00f3ln\u0105 <strong>cz\u0119sto\u015b\u0107 wyst\u0119powania tej choroby na ca\u0142ym \u015bwiecie szacuje si\u0119 na 3\u20135 na 1000 os\u00f3b<\/strong>, jednak wi\u0119kszo\u015b\u0107 przypadk\u00f3w wyst\u0119puje u pacjent\u00f3w w podesz\u0142ym wieku. W populacji pediatrycznej ta warto\u015b\u0107 jest oko\u0142o 4 do 7 razy ni\u017csza.<\/p>\n\n\n\n<p><strong>>> Przeczytaj te\u017c: <a href=\"https:\/\/www.alab.pl\/centrum-wiedzy\/polpasiec\/\" target=\"_blank\" rel=\"noreferrer noopener\">P\u00f3\u0142pasiec \u2013 choroba jednej po\u0142owy cia\u0142a<\/a><\/strong><\/p>\n\n\n\n<h2 class=\"wp-block-heading\" id=\"Przyczyny-p\u00f3\u0142pa\u015bca-u-dzieci\">Przyczyny p\u00f3\u0142pa\u015bca u dzieci<\/h2>\n\n\n\n<ol start=\"2\" class=\"wp-block-list\"><\/ol>\n\n\n\n<p>W wielu przypadkach nie udaje si\u0119 ustali\u0107, dlaczego zaka\u017cenie wirusem ospy wietrznej ulega reaktywacji w postaci p\u00f3\u0142pa\u015bca; jest jednak znanych kilka istotnych czynnik\u00f3w ryzyka:<\/p>\n\n\n\n<ul class=\"wp-block-list\">\n<li><strong>obni\u017cona odporno\u015b\u0107:<\/strong> wrodzone i nabyte niedobory odporno\u015bci, stan po przeszczepieniu narz\u0105du, leczenie immunosupresyjne,<\/li>\n\n\n\n<li><strong>choroby przewlek\u0142e<\/strong>, np. m\u0142odzie\u0144cze idiopatyczne zapalenie staw\u00f3w, <a href=\"https:\/\/www.alab.pl\/centrum-wiedzy\/astma-przyczyny-objawy-rodzaje-i-leczenie\/\" target=\"_blank\" rel=\"noreferrer noopener\">astma<\/a>,<\/li>\n\n\n\n<li><strong>niekt\u00f3re infekcje<\/strong>, zw\u0142aszcza <a href=\"https:\/\/www.alab.pl\/centrum-wiedzy\/koronawirus-u-dzieci\/\" target=\"_blank\" rel=\"noreferrer noopener\">COVID-19<\/a>,<\/li>\n\n\n\n<li><strong>zaburzenia hormonalne:<\/strong> prawdopodobnie odpowiedzialne za zwi\u0119kszon\u0105 zachorowalno\u015b\u0107 w\u015br\u00f3d nastolatk\u00f3w.<\/li>\n<\/ul>\n\n\n\n<p><strong>>> Zobacz tak\u017ce: <a href=\"https:\/\/www.alab.pl\/centrum-wiedzy\/goraczka-u-dziecka-kiedy-budzi-niepokoj\/\" target=\"_blank\" rel=\"noreferrer noopener\">Gor\u0105czka u dziecka \u2013 kiedy budzi niepok\u00f3j?<\/a><\/strong><\/p>\n\n\n\n<h2 class=\"wp-block-heading\" id=\"P\u00f3\u0142pasiec-u-dzieci-\u2013-objawy\">P\u00f3\u0142pasiec u dzieci \u2013 objawy<\/h2>\n\n\n\n<ol start=\"3\" class=\"wp-block-list\"><\/ol>\n\n\n\n<p>Pacjenci najcz\u0119\u015bciej zg\u0142aszaj\u0105 objawy og\u00f3lne, takie jak:<\/p>\n\n\n\n<ul class=\"wp-block-list\">\n<li>z\u0142e samopoczucie,<\/li>\n\n\n\n<li><a href=\"https:\/\/www.alab.pl\/centrum-wiedzy\/bole-glowy-u-dzieci-kiedy-powinny-niepokoic\/\" target=\"_blank\" rel=\"noreferrer noopener\">b\u00f3l g\u0142owy<\/a>,<\/li>\n\n\n\n<li>gor\u0105czk\u0119 (niezbyt wysok\u0105, zazwyczaj oko\u0142o 38\u00b0C),<\/li>\n\n\n\n<li>lokalne powi\u0119kszenie w\u0119z\u0142\u00f3w ch\u0142onnych,<\/li>\n\n\n\n<li>nietypowe odczucia sk\u00f3rne (mrowienie, pieczenie, b\u00f3l czy dyskomfort) przez dwa do trzech dni przed pojawieniem si\u0119 klasycznej <a href=\"https:\/\/www.alab.pl\/centrum-wiedzy\/wysypka-u-dzieci-mozliwe-przyczyny-diagnostyka-i-leczenie\/\" target=\"_blank\" rel=\"noreferrer noopener\">wysypki<\/a>.<\/li>\n<\/ul>\n\n\n\n<figure class=\"wp-block-table\"><table class=\"has-fixed-layout\"><tbody><tr><td><strong>Uwaga:<\/strong><br>Powy\u017csze dolegliwo\u015bci mog\u0105 wyst\u0105pi\u0107 przed lub jednocze\u015bnie z pojawieniem si\u0119 wysypki.<\/td><\/tr><\/tbody><\/table><\/figure>\n\n\n\n<p>To w\u0142a\u015bnie <strong>wysypka jest g\u0142\u00f3wnym objawem <\/strong>pozwalaj\u0105cym na postawienie rozpoznania. Zwykle jest jednostronna, ograniczona do pojedynczego dermatomu (obszaru sk\u00f3ry unerwionego przez jedn\u0105 ga\u0142\u0105zk\u0119 nerwu) i zwykle post\u0119puje, tworz\u0105c przejrzyste p\u0119cherzyki, kt\u00f3re w ci\u0105gu 7\u201310 dni staj\u0105 si\u0119 m\u0119tne i pokrywaj\u0105 si\u0119 strupem.<\/p>\n\n\n\n<p>Najcz\u0119stsz\u0105 lokalizacj\u0105 p\u00f3\u0142pa\u015bca jest klatka piersiowa, drug\u0105 z najcz\u0119stszych \u2013 twarz.<\/p>\n\n\n\n<h2 class=\"wp-block-heading\" id=\"Diagnostyka-p\u00f3\u0142pa\u015bca-u-dzieci-\u2013-jakie-badania-nale\u017cy-wykona\u0107?\">Diagnostyka p\u00f3\u0142pa\u015bca u dzieci \u2013 jakie badania nale\u017cy wykona\u0107?<\/h2>\n\n\n\n<ol start=\"4\" class=\"wp-block-list\"><\/ol>\n\n\n\n<p>Rozpoznanie zwykle opiera si\u0119 na obrazie klinicznym i nie wymaga dodatkowych bada\u0144. Oznaczenie przeciwcia\u0142 anty-VZV zaleca si\u0119 jedynie wtedy, gdy historia szczepie\u0144 pacjenta przeciwko ospie wietrznej jest nieznana b\u0105d\u017a obraz kliniczny jest niejasny (co zdarza si\u0119 bardzo rzadko).<\/p>\n\n\n\n<figure class=\"wp-block-image size-full\"><a href=\"https:\/\/www.alab.pl\/badanie\/varicella-zoster-pc-igg-w-surowicy-ospa-i-polpasiec-v68\" target=\"_blank\" rel=\" noreferrer noopener\"><img loading=\"lazy\" decoding=\"async\" width=\"800\" height=\"200\" src=\"https:\/\/www.alab.pl\/centrum-wiedzy\/wp-content\/uploads\/2024\/12\/Ospa-wietrzna-i-polpasiec.jpg\" alt=\"Ospa wietrzna i po\u0301\u0142pasiec badanie przeciwcia\u0142 IgG\" class=\"wp-image-19935\" srcset=\"https:\/\/www.alab.pl\/centrum-wiedzy\/wp-content\/uploads\/2024\/12\/Ospa-wietrzna-i-polpasiec.jpg 800w, https:\/\/www.alab.pl\/centrum-wiedzy\/wp-content\/uploads\/2024\/12\/Ospa-wietrzna-i-polpasiec-768x192.jpg 768w, https:\/\/www.alab.pl\/centrum-wiedzy\/wp-content\/uploads\/2024\/12\/Ospa-wietrzna-i-polpasiec-150x38.jpg 150w, https:\/\/www.alab.pl\/centrum-wiedzy\/wp-content\/uploads\/2024\/12\/Ospa-wietrzna-i-polpasiec-300x75.jpg 300w, https:\/\/www.alab.pl\/centrum-wiedzy\/wp-content\/uploads\/2024\/12\/Ospa-wietrzna-i-polpasiec-696x174.jpg 696w\" sizes=\"auto, (max-width: 800px) 100vw, 800px\" \/><\/a><\/figure>\n\n\n\n<p>Analiza DNA metod\u0105 PCR p\u0142ynu z p\u0119cherzyk\u00f3w mo\u017ce pom\u00f3c w ustaleniu etiologii w nietypowych przypadkach u pacjent\u00f3w seropozytywnych wobec VZV. Do rozr\u00f3\u017cnienia szczep\u00f3w szczepionkowych wirusa od szczep\u00f3w typu dzikiego r\u00f3wnie\u017c mo\u017cna zastosowa\u0107 metod\u0119 PCR, chocia\u017c nie jest ona rutynowo dost\u0119pna.<\/p>\n\n\n\n<figure class=\"wp-block-image size-full\"><a href=\"https:\/\/www.alab.pl\/pakiet\/pakiet-malego-dziecka\" target=\"_blank\" rel=\" noreferrer noopener\"><img loading=\"lazy\" decoding=\"async\" width=\"800\" height=\"200\" src=\"https:\/\/www.alab.pl\/centrum-wiedzy\/wp-content\/uploads\/2024\/09\/Pakiet-malego-dziecka-zawiera-6-badan-jpg.webp\" alt=\"Pakiet ma\u0142ego dziecka (zawiera 6 badan\u0301)\" class=\"wp-image-16657\" srcset=\"https:\/\/www.alab.pl\/centrum-wiedzy\/wp-content\/uploads\/2024\/09\/Pakiet-malego-dziecka-zawiera-6-badan-jpg.webp 800w, https:\/\/www.alab.pl\/centrum-wiedzy\/wp-content\/uploads\/2024\/09\/Pakiet-malego-dziecka-zawiera-6-badan-jpg-768x192.webp 768w, https:\/\/www.alab.pl\/centrum-wiedzy\/wp-content\/uploads\/2024\/09\/Pakiet-malego-dziecka-zawiera-6-badan-jpg-150x38.webp 150w, https:\/\/www.alab.pl\/centrum-wiedzy\/wp-content\/uploads\/2024\/09\/Pakiet-malego-dziecka-zawiera-6-badan-jpg-300x75.webp 300w, https:\/\/www.alab.pl\/centrum-wiedzy\/wp-content\/uploads\/2024\/09\/Pakiet-malego-dziecka-zawiera-6-badan-jpg-696x174.webp 696w\" sizes=\"auto, (max-width: 800px) 100vw, 800px\" \/><\/a><\/figure>\n\n\n\n<h2 class=\"wp-block-heading\" id=\"Czy-p\u00f3\u0142pasiec-u-dzieci-jest-zara\u017aliwy?\">Czy p\u00f3\u0142pasiec u dzieci jest zara\u017aliwy?<\/h2>\n\n\n\n<ol start=\"5\" class=\"wp-block-list\"><\/ol>\n\n\n\n<p>P\u0142yn w p\u0119cherzykach ze zmian sk\u00f3rnych zawiera cz\u0105steczki wirusa zdolne do wywo\u0142ywania ospy, st\u0105d tak \u2013 <strong>p\u00f3\u0142pasiec jest zara\u017aliwy dla os\u00f3b nieszczepionych, kt\u00f3re nie zachorowa\u0142y dotychczas na osp\u0119<\/strong>. Zaka\u017ano\u015b\u0107 jest jednak mniejsza ni\u017c w przypadku zaka\u017cenia pierwotnego.<\/p>\n\n\n\n<figure class=\"wp-block-table\"><table class=\"has-fixed-layout\"><tbody><tr><td><strong>Uwaga:<\/strong><br>Ospa wietrzna nie jest \u201ezwyk\u0142\u0105\u201d chorob\u0105; przebieg trudno jednoznacznie przewidzie\u0107 nawet u os\u00f3b zdrowych; potencjalne powik\u0142ania s\u0105 rzadkie, lecz bardzo ci\u0119\u017ckie. Pami\u0119taj o tym i je\u015bli Ty lub Twoje dziecko nie chorowali\u015bcie na osp\u0119, zaszczepcie si\u0119.<\/td><\/tr><\/tbody><\/table><\/figure>\n\n\n\n<h2 class=\"wp-block-heading\" id=\"Leczenie-p\u00f3\u0142pa\u015bca-u-dzieci\">Leczenie p\u00f3\u0142pa\u015bca u dzieci<\/h2>\n\n\n\n<ol start=\"6\" class=\"wp-block-list\"><\/ol>\n\n\n\n<p>W leczeniu, opr\u00f3cz post\u0119powania objawowego, zalecane s\u0105 leki przeciwwirusowe takie jak acyklowir, famcyklowir, walacyklowir i brywudyna; ograniczaj\u0105 pojawianie si\u0119 nowych zmian i przyspieszaj\u0105 gojenie.<\/p>\n\n\n\n<p>Z uwagi na dost\u0119pno\u015b\u0107 i cen\u0119 zdecydowanie najcz\u0119\u015bciej stosowane s\u0105 doustne preparaty zawieraj\u0105ce acyklowir. Nale\u017cy go w\u0142\u0105czy\u0107 do 72 godzin od wyst\u0105pienia choroby; po tym czasie tak\u017ce mo\u017cna rozpocz\u0105\u0107 leczenie, szczeg\u00f3lnie w przypadku:<\/p>\n\n\n\n<ul class=\"wp-block-list\">\n<li>zaj\u0119cia twarzy lub szyi,<\/li>\n\n\n\n<li>obecno\u015bci powik\u0142a\u0144,<\/li>\n\n\n\n<li>ci\u0119\u017ckiej postaci wysypki,<\/li>\n\n\n\n<li>wsp\u00f3\u0142istnienia ci\u0119\u017ckiej postaci <a href=\"https:\/\/www.alab.pl\/centrum-wiedzy\/atopowe-zapalenie-skory-azs\/\" target=\"_blank\" rel=\"noreferrer noopener\">atopowego zapalenia sk\u00f3ry<\/a>.<\/li>\n<\/ul>\n\n\n\n<figure class=\"wp-block-table\"><table class=\"has-fixed-layout\"><tbody><tr><td><strong>Uwaga:<\/strong><br>Dzieci z obni\u017con\u0105 <a href=\"https:\/\/www.alab.pl\/centrum-wiedzy\/jak-wzmocnic-uklad-immunologiczny\/\" target=\"_blank\" rel=\"noreferrer noopener\">odporno\u015bci\u0105<\/a> lub z powa\u017cnymi powik\u0142aniami, takimi jak zaj\u0119cie oka, wymagaj\u0105 hospitalizacji i do\u017cylnego podania leku.<\/td><\/tr><\/tbody><\/table><\/figure>\n\n\n\n<h2 class=\"wp-block-heading\" id=\"P\u00f3\u0142pasiec-u-dzieci-\u2013-powik\u0142ania\">P\u00f3\u0142pasiec u dzieci \u2013 powik\u0142ania<\/h2>\n\n\n\n<ol start=\"7\" class=\"wp-block-list\"><\/ol>\n\n\n\n<p>Do najcz\u0119stszych powik\u0142a\u0144 p\u00f3\u0142pa\u015bca nale\u017c\u0105:<\/p>\n\n\n\n<ul class=\"wp-block-list\">\n<li><strong>posta\u0107 oczna<\/strong> (wi\u0105\u017ce si\u0119 z du\u017cym ryzykiem utraty wzroku!),<\/li>\n\n\n\n<li><strong>zesp\u00f3\u0142 Ramseya Hunta:<\/strong> jednostronne pora\u017cenie twarzy, b\u00f3l ucha i zmiany sk\u00f3rne w obr\u0119bie ma\u0142\u017cowiny usznej lub przewodu s\u0142uchowego zewn\u0119trznego,<\/li>\n\n\n\n<li><strong>p\u00f3\u0142pasiec krtani:<\/strong> wyst\u0119puje bardzo rzadko, obejmuje silny b\u00f3l gard\u0142a i trudno\u015bci w po\u0142ykaniu, kt\u00f3rym czasami towarzyszy gor\u0105czka i <a href=\"https:\/\/www.alab.pl\/centrum-wiedzy\/powiekszone-wezly-chlonne-na-szyi-przyczyny-objawy-i-diagnostyka\/\" target=\"_blank\" rel=\"noreferrer noopener\">powi\u0119kszenie w\u0119z\u0142\u00f3w ch\u0142onnych szyjnych<\/a>,<\/li>\n\n\n\n<li><strong>neuralgia pop\u00f3\u0142pa\u015bcowa:<\/strong> b\u00f3l utrzymuj\u0105cy si\u0119 przez co najmniej trzy miesi\u0105ce od przechorowania,<\/li>\n\n\n\n<li><strong>zaburzenia w unaczynieniu m\u00f3zgu:<\/strong> niedow\u0142ady, narastaj\u0105ce upo\u015bledzenie zdolno\u015bci poznawczych, drgawki; to rzadkie powik\u0142anie wyst\u0119puje w bardzo r\u00f3\u017cnym czasie po p\u00f3\u0142pa\u015bcu,<\/li>\n\n\n\n<li><strong>zapalenie opon m\u00f3zgowo-rdzeniowych i m\u00f3zgu<\/strong>,<\/li>\n\n\n\n<li><strong>lokalne os\u0142abienie mi\u0119\u015bni: <\/strong>pojawia si\u0119 od 1 dnia do nawet 4 miesi\u0119cy po chorobie,<\/li>\n\n\n\n<li><strong>zesp\u00f3\u0142 Guillaina-Barre:<\/strong> post\u0119puj\u0105ce os\u0142abienie mi\u0119\u015bni, kt\u00f3re mo\u017ce prowadzi\u0107 do zgonu.<\/li>\n<\/ul>\n\n\n\n<p><strong>>> To mo\u017ce Ci\u0119 zainteresowa\u0107: <a href=\"https:\/\/www.alab.pl\/centrum-wiedzy\/sepsa-powazne-zagrozenie-dla-dziecka\/\" target=\"_blank\" rel=\"noreferrer noopener\">Sepsa \u2013 powa\u017cne zagro\u017cenie dla dziecka<\/a><\/strong><\/p>\n\n\n\n<h2 class=\"wp-block-heading\" id=\"Jak-uchroni\u0107-si\u0119-przed-p\u00f3\u0142pa\u015bcem?\">Jak uchroni\u0107 si\u0119 przed p\u00f3\u0142pa\u015bcem?<\/h2>\n\n\n\n<ol start=\"8\" class=\"wp-block-list\"><\/ol>\n\n\n\n<p>Najskuteczniejsz\u0105 metod\u0105 profilaktyki s\u0105 szczepienia przeciwko ospie wietrznej. Podawane s\u0105 2 dawki szczepionki w odst\u0119pie co najmniej 4 tygodni. Gdy dosz\u0142o do kontaktu z osob\u0105 chor\u0105 na osp\u0119 wietrzn\u0105 lub p\u00f3\u0142pasiec pierwsz\u0105 dawk\u0119 szczepionki mo\u017cna poda\u0107 do 96 godzin po kontakcie, optymalnie do 72.<\/p>\n\n\n\n<p><strong>>> Przeczytaj te\u017c: <a href=\"https:\/\/www.alab.pl\/centrum-wiedzy\/polpasiec-i-mozliwosci-zapobiegania-tej-chorobie\/\" target=\"_blank\" rel=\"noreferrer noopener\">P\u00f3\u0142pasiec i mo\u017cliwo\u015bci zapobiegania tej chorobie<\/a><\/strong><\/p>\n\n\n\n<h2 class=\"wp-block-heading\" id=\"Podsumowanie\">Podsumowanie<\/h2>\n\n\n\n<ol start=\"9\" class=\"wp-block-list\"><\/ol>\n\n\n\n<p>P\u00f3\u0142pasiec to efekt reaktywacji zaka\u017cenia wywo\u0142anego przez wirusa ospy wietrznej. Zazwyczaj objawia si\u0119 charakterystyczn\u0105 wysypk\u0105 po jednej stronie cia\u0142a. Choroba mo\u017ce dawa\u0107 powa\u017cne powik\u0142ania, w tym prowadzi\u0107 do utraty wzroku. Najskuteczniejsz\u0105 metod\u0105 zapobiegania jest <strong>szczepienie przeciwko ospie wietrznej<\/strong>.<\/p>\n\n\n\n<hr class=\"wp-block-separator has-alpha-channel-opacity\"\/>\n\n\n\n<p><strong>\u0179r\u00f3d\u0142a<\/strong><\/p>\n\n\n\n<ol class=\"wp-block-list\">\n<li>Kennedy PGE. The Spectrum of Neurological Manifestations of Varicella-Zoster Virus Reactivation. Viruses. 2023 Jul 30;15(8):1663. doi: 10.3390\/v15081663. PMID: 37632006; PMCID: PMC10457770. (dost\u0119p: 12.12.2024).<\/li>\n\n\n\n<li>Pietrzak, Maja K. MD*; Pokorska-\u015apiewak, Maria MD, PhD*,\u2020. Shingles in Children. The Pediatric Infectious Disease Journal 43(8):p e275-e277, August 2024. | DOI: 10.1097\/INF.0000000000004404 (dost\u0119p: 12.12.2024).<\/li>\n\n\n\n<li>Saguil A, Kane S, Mercado M, Lauters R. Herpes Zoster and Postherpetic Neuralgia: Prevention and Management. Am Fam Physician. 2017 Nov 15;96(10):656-663. PMID: 29431387. (dost\u0119p: 12.12.2024).<\/li>\n\n\n\n<li>Patil A, Goldust M, Wollina U. <em>Herpes zoster<\/em>: A Review of Clinical Manifestations and Management. Viruses. 2022 Jan 19;14(2):192. doi: 10.3390\/v14020192. PMID: 35215786; PMCID: PMC8876683. (dost\u0119p: 12.12.2024).<\/li>\n<\/ol>\n","protected":false},"excerpt":{"rendered":"<p>P\u00f3\u0142pasiec u dzieci objawia si\u0119 m.in. z\u0142ym samopoczuciem, gor\u0105czk\u0105 czy wysypk\u0105. Sk\u0105d si\u0119 bierze i jak wyleczy\u0107 pociech\u0119? Sprawd\u017a!<\/p>\n","protected":false},"author":154,"featured_media":19934,"comment_status":"closed","ping_status":"closed","sticky":false,"template":"","format":"standard","meta":{"_acf_changed":false,"inline_featured_image":false,"footnotes":""},"categories":[23,30],"tags":[],"coauthors":[151],"class_list":{"0":"post-20198","1":"post","2":"type-post","3":"status-publish","4":"format-standard","5":"has-post-thumbnail","8":"category-zdrowie-dzieci-i-mlodziezy"},"acf":[],"yoast_head":"<!-- This site is optimized with the Yoast SEO plugin v27.5 - https:\/\/yoast.com\/product\/yoast-seo-wordpress\/ -->\n<title>P\u00f3\u0142pasiec u dzieci - Centrum Wiedzy ALAB laboratoria<\/title>\n<meta name=\"description\" content=\"P\u00f3\u0142pasiec u dzieci objawia si\u0119 m.in. z\u0142ym samopoczuciem, gor\u0105czk\u0105 czy wysypk\u0105. Sk\u0105d si\u0119 bierze i jak wyleczy\u0107 pociech\u0119? Sprawd\u017a!\" \/>\n<meta name=\"robots\" content=\"index, follow, max-snippet:-1, max-image-preview:large, max-video-preview:-1\" \/>\n<link rel=\"canonical\" href=\"https:\/\/www.alab.pl\/centrum-wiedzy\/polpasiec-u-dzieci\/\" \/>\n<meta property=\"og:locale\" content=\"pl_PL\" \/>\n<meta property=\"og:type\" content=\"article\" \/>\n<meta property=\"og:title\" content=\"P\u00f3\u0142pasiec u dzieci - Centrum Wiedzy ALAB laboratoria\" \/>\n<meta property=\"og:description\" content=\"P\u00f3\u0142pasiec u dzieci objawia si\u0119 m.in. z\u0142ym samopoczuciem, gor\u0105czk\u0105 czy wysypk\u0105. Sk\u0105d si\u0119 bierze i jak wyleczy\u0107 pociech\u0119? Sprawd\u017a!\" \/>\n<meta property=\"og:url\" content=\"https:\/\/www.alab.pl\/centrum-wiedzy\/polpasiec-u-dzieci\/\" \/>\n<meta property=\"og:site_name\" content=\"Centrum Wiedzy ALAB laboratoria\" \/>\n<meta property=\"article:publisher\" content=\"https:\/\/www.facebook.com\/ALABlaboratoria\" \/>\n<meta property=\"article:published_time\" content=\"2024-12-23T13:58:00+00:00\" \/>\n<meta property=\"og:image\" content=\"https:\/\/www.alab.pl\/centrum-wiedzy\/wp-content\/uploads\/2024\/12\/Polpasiec-u-dzieci_cover.jpg\" \/>\n\t<meta property=\"og:image:width\" content=\"1925\" \/>\n\t<meta property=\"og:image:height\" content=\"1285\" \/>\n\t<meta property=\"og:image:type\" content=\"image\/jpeg\" \/>\n<meta name=\"author\" content=\"Damian Matusiak\" \/>\n<meta name=\"twitter:card\" content=\"summary_large_image\" \/>\n<meta name=\"twitter:label1\" content=\"Napisane przez\" \/>\n\t<meta name=\"twitter:data1\" content=\"Damian Matusiak\" \/>\n\t<meta name=\"twitter:label2\" content=\"Szacowany czas czytania\" \/>\n\t<meta name=\"twitter:data2\" content=\"7 minut\" \/>\n\t<meta name=\"twitter:label3\" content=\"Written by\" \/>\n\t<meta name=\"twitter:data3\" content=\"Damian Matusiak\" \/>\n<!-- \/ Yoast SEO plugin. -->","yoast_head_json":{"title":"P\u00f3\u0142pasiec u dzieci - Centrum Wiedzy ALAB laboratoria","description":"P\u00f3\u0142pasiec u dzieci objawia si\u0119 m.in. z\u0142ym samopoczuciem, gor\u0105czk\u0105 czy wysypk\u0105. Sk\u0105d si\u0119 bierze i jak wyleczy\u0107 pociech\u0119? Sprawd\u017a!","robots":{"index":"index","follow":"follow","max-snippet":"max-snippet:-1","max-image-preview":"max-image-preview:large","max-video-preview":"max-video-preview:-1"},"canonical":"https:\/\/www.alab.pl\/centrum-wiedzy\/polpasiec-u-dzieci\/","og_locale":"pl_PL","og_type":"article","og_title":"P\u00f3\u0142pasiec u dzieci - Centrum Wiedzy ALAB laboratoria","og_description":"P\u00f3\u0142pasiec u dzieci objawia si\u0119 m.in. z\u0142ym samopoczuciem, gor\u0105czk\u0105 czy wysypk\u0105. Sk\u0105d si\u0119 bierze i jak wyleczy\u0107 pociech\u0119? Sprawd\u017a!","og_url":"https:\/\/www.alab.pl\/centrum-wiedzy\/polpasiec-u-dzieci\/","og_site_name":"Centrum Wiedzy ALAB laboratoria","article_publisher":"https:\/\/www.facebook.com\/ALABlaboratoria","article_published_time":"2024-12-23T13:58:00+00:00","og_image":[{"width":1925,"height":1285,"url":"https:\/\/www.alab.pl\/centrum-wiedzy\/wp-content\/uploads\/2024\/12\/Polpasiec-u-dzieci_cover.jpg","type":"image\/jpeg"}],"author":"Damian Matusiak","twitter_card":"summary_large_image","twitter_misc":{"Napisane przez":"Damian Matusiak","Szacowany czas czytania":"7 minut","Written by":"Damian Matusiak"},"schema":{"@context":"https:\/\/schema.org","@graph":[{"@type":"Article","@id":"https:\/\/www.alab.pl\/centrum-wiedzy\/polpasiec-u-dzieci\/#article","isPartOf":{"@id":"https:\/\/www.alab.pl\/centrum-wiedzy\/polpasiec-u-dzieci\/"},"author":{"name":"Damian Matusiak","@id":"https:\/\/www.alab.pl\/centrum-wiedzy\/#\/schema\/person\/5709fe1c1c909754033072d7f8155a44"},"headline":"P\u00f3\u0142pasiec u dzieci","datePublished":"2024-12-23T13:58:00+00:00","mainEntityOfPage":{"@id":"https:\/\/www.alab.pl\/centrum-wiedzy\/polpasiec-u-dzieci\/"},"wordCount":1130,"publisher":{"@id":"https:\/\/www.alab.pl\/centrum-wiedzy\/#organization"},"image":{"@id":"https:\/\/www.alab.pl\/centrum-wiedzy\/polpasiec-u-dzieci\/#primaryimage"},"thumbnailUrl":"https:\/\/www.alab.pl\/centrum-wiedzy\/wp-content\/uploads\/2024\/12\/Polpasiec-u-dzieci_cover.jpg","articleSection":["Infekcje i paso\u017cyty","Zdrowie dzieci i m\u0142odzie\u017cy"],"inLanguage":"pl-PL"},{"@type":"WebPage","@id":"https:\/\/www.alab.pl\/centrum-wiedzy\/polpasiec-u-dzieci\/","url":"https:\/\/www.alab.pl\/centrum-wiedzy\/polpasiec-u-dzieci\/","name":"P\u00f3\u0142pasiec u dzieci - Centrum Wiedzy ALAB laboratoria","isPartOf":{"@id":"https:\/\/www.alab.pl\/centrum-wiedzy\/#website"},"primaryImageOfPage":{"@id":"https:\/\/www.alab.pl\/centrum-wiedzy\/polpasiec-u-dzieci\/#primaryimage"},"image":{"@id":"https:\/\/www.alab.pl\/centrum-wiedzy\/polpasiec-u-dzieci\/#primaryimage"},"thumbnailUrl":"https:\/\/www.alab.pl\/centrum-wiedzy\/wp-content\/uploads\/2024\/12\/Polpasiec-u-dzieci_cover.jpg","datePublished":"2024-12-23T13:58:00+00:00","description":"P\u00f3\u0142pasiec u dzieci objawia si\u0119 m.in. z\u0142ym samopoczuciem, gor\u0105czk\u0105 czy wysypk\u0105. Sk\u0105d si\u0119 bierze i jak wyleczy\u0107 pociech\u0119? Sprawd\u017a!","breadcrumb":{"@id":"https:\/\/www.alab.pl\/centrum-wiedzy\/polpasiec-u-dzieci\/#breadcrumb"},"inLanguage":"pl-PL","potentialAction":[{"@type":"ReadAction","target":["https:\/\/www.alab.pl\/centrum-wiedzy\/polpasiec-u-dzieci\/"]}]},{"@type":"ImageObject","inLanguage":"pl-PL","@id":"https:\/\/www.alab.pl\/centrum-wiedzy\/polpasiec-u-dzieci\/#primaryimage","url":"https:\/\/www.alab.pl\/centrum-wiedzy\/wp-content\/uploads\/2024\/12\/Polpasiec-u-dzieci_cover.jpg","contentUrl":"https:\/\/www.alab.pl\/centrum-wiedzy\/wp-content\/uploads\/2024\/12\/Polpasiec-u-dzieci_cover.jpg","width":1925,"height":1285,"caption":"Po\u0301\u0142pasiec u dzieci cover"},{"@type":"BreadcrumbList","@id":"https:\/\/www.alab.pl\/centrum-wiedzy\/polpasiec-u-dzieci\/#breadcrumb","itemListElement":[{"@type":"ListItem","position":1,"name":"Strona g\u0142\u00f3wna","item":"https:\/\/www.alab.pl\/centrum-wiedzy\/"},{"@type":"ListItem","position":2,"name":"P\u00f3\u0142pasiec u dzieci"}]},{"@type":"WebSite","@id":"https:\/\/www.alab.pl\/centrum-wiedzy\/#website","url":"https:\/\/www.alab.pl\/centrum-wiedzy\/","name":"Centrum Wiedzy ALAB laboratoria","description":"","publisher":{"@id":"https:\/\/www.alab.pl\/centrum-wiedzy\/#organization"},"potentialAction":[{"@type":"SearchAction","target":{"@type":"EntryPoint","urlTemplate":"https:\/\/www.alab.pl\/centrum-wiedzy\/?s={search_term_string}"},"query-input":{"@type":"PropertyValueSpecification","valueRequired":true,"valueName":"search_term_string"}}],"inLanguage":"pl-PL"},{"@type":"Organization","@id":"https:\/\/www.alab.pl\/centrum-wiedzy\/#organization","name":"Centrum Wiedzy ALAB laboratoria","url":"https:\/\/www.alab.pl\/centrum-wiedzy\/","logo":{"@type":"ImageObject","inLanguage":"pl-PL","@id":"https:\/\/www.alab.pl\/centrum-wiedzy\/#\/schema\/logo\/image\/","url":"https:\/\/www.alab.pl\/centrum-wiedzy\/wp-content\/uploads\/2022\/04\/alabek.jpg","contentUrl":"https:\/\/www.alab.pl\/centrum-wiedzy\/wp-content\/uploads\/2022\/04\/alabek.jpg","width":1250,"height":1251,"caption":"Centrum Wiedzy ALAB laboratoria"},"image":{"@id":"https:\/\/www.alab.pl\/centrum-wiedzy\/#\/schema\/logo\/image\/"},"sameAs":["https:\/\/www.facebook.com\/ALABlaboratoria"]},{"@type":"Person","@id":"https:\/\/www.alab.pl\/centrum-wiedzy\/#\/schema\/person\/5709fe1c1c909754033072d7f8155a44","name":"Damian Matusiak","image":{"@type":"ImageObject","inLanguage":"pl-PL","@id":"https:\/\/www.alab.pl\/centrum-wiedzy\/wp-content\/uploads\/2023\/10\/Damian-Matusiak-jpg-150x150.webp4a39f9a6ab8bdce93cc7d4859c6e6401","url":"https:\/\/www.alab.pl\/centrum-wiedzy\/wp-content\/uploads\/2023\/10\/Damian-Matusiak-jpg-150x150.webp","contentUrl":"https:\/\/www.alab.pl\/centrum-wiedzy\/wp-content\/uploads\/2023\/10\/Damian-Matusiak-jpg-150x150.webp","caption":"Damian Matusiak"},"description":"Specjalista pediatrii, kieruj\u0105cy Oddzia\u0142em Pediatrycznym w Lesznie, absolwent Uniwersytetu Medycznego im. Karola Marcinkowskiego w Poznaniu; pasjonat ultrasonografii i nowinek ze \u015bwiata nauki.","url":"https:\/\/www.alab.pl\/centrum-wiedzy\/author\/damian-matusiak\/"}]}},"_links":{"self":[{"href":"https:\/\/www.alab.pl\/centrum-wiedzy\/wp-json\/wp\/v2\/posts\/20198","targetHints":{"allow":["GET"]}}],"collection":[{"href":"https:\/\/www.alab.pl\/centrum-wiedzy\/wp-json\/wp\/v2\/posts"}],"about":[{"href":"https:\/\/www.alab.pl\/centrum-wiedzy\/wp-json\/wp\/v2\/types\/post"}],"author":[{"embeddable":true,"href":"https:\/\/www.alab.pl\/centrum-wiedzy\/wp-json\/wp\/v2\/users\/154"}],"replies":[{"embeddable":true,"href":"https:\/\/www.alab.pl\/centrum-wiedzy\/wp-json\/wp\/v2\/comments?post=20198"}],"version-history":[{"count":5,"href":"https:\/\/www.alab.pl\/centrum-wiedzy\/wp-json\/wp\/v2\/posts\/20198\/revisions"}],"predecessor-version":[{"id":20206,"href":"https:\/\/www.alab.pl\/centrum-wiedzy\/wp-json\/wp\/v2\/posts\/20198\/revisions\/20206"}],"wp:featuredmedia":[{"embeddable":true,"href":"https:\/\/www.alab.pl\/centrum-wiedzy\/wp-json\/wp\/v2\/media\/19934"}],"wp:attachment":[{"href":"https:\/\/www.alab.pl\/centrum-wiedzy\/wp-json\/wp\/v2\/media?parent=20198"}],"wp:term":[{"taxonomy":"category","embeddable":true,"href":"https:\/\/www.alab.pl\/centrum-wiedzy\/wp-json\/wp\/v2\/categories?post=20198"},{"taxonomy":"post_tag","embeddable":true,"href":"https:\/\/www.alab.pl\/centrum-wiedzy\/wp-json\/wp\/v2\/tags?post=20198"},{"taxonomy":"author","embeddable":true,"href":"https:\/\/www.alab.pl\/centrum-wiedzy\/wp-json\/wp\/v2\/coauthors?post=20198"}],"curies":[{"name":"wp","href":"https:\/\/api.w.org\/{rel}","templated":true}]}}