{"id":20270,"date":"2024-12-30T15:11:11","date_gmt":"2024-12-30T14:11:11","guid":{"rendered":"https:\/\/www.alab.pl\/centrum-wiedzy\/?p=20270"},"modified":"2024-12-30T15:56:57","modified_gmt":"2024-12-30T14:56:57","slug":"zapalenie-spojowek-u-dzieci-objawy-przyczyny-diagnostyka-leczenie","status":"publish","type":"post","link":"https:\/\/www.alab.pl\/centrum-wiedzy\/zapalenie-spojowek-u-dzieci-objawy-przyczyny-diagnostyka-leczenie\/","title":{"rendered":"Zapalenie spoj\u00f3wek u dzieci. Objawy, przyczyny, diagnostyka, leczenie"},"content":{"rendered":"\n<p><strong>Zapalenie spoj\u00f3wek u dzieci to przypad\u0142o\u015b\u0107, kt\u00f3ra jest cz\u0119st\u0105 przyczyn\u0105 wizyt w gabinecie lekarza rodzinnego lub lekarza pediatry. Jakie s\u0105 przyczyny zapalenia spoj\u00f3wek u dzieci? Czy gor\u0105czka przy zapaleniu spoj\u00f3wek u dzieci to normalne zjawisko? Odpowiedzi na te i inne pytania znajdziesz w poni\u017cszym artykule.<\/strong><\/p>\n\n\n\n<p>Spis tre\u015bci:<\/p>\n\n\n\n<ol class=\"wp-block-list\">\n<li><a href=\"#Zapalenie-spoj\u00f3wek-u-dzieci:-czym-jest-spoj\u00f3wka?\">Zapalenie spoj\u00f3wek u dzieci: czym jest spoj\u00f3wka?<\/a><\/li>\n\n\n\n<li><a href=\"#Rodzaje-zapalenia-spoj\u00f3wek-u-dzieci:-objawy-choroby\">Rodzaje zapalenia spoj\u00f3wek u dzieci: objawy choroby<\/a>\n<ul class=\"wp-block-list\">\n<li><span style=\"color: initial;\"><a href=\"#Wirusowe-zapalenie-spoj\u00f3wek-u-dzieci\">Wirusowe zapalenie spoj\u00f3wek u dzieci<\/a><\/span><\/li>\n\n\n\n<li><span style=\"color: initial;\"><a href=\"#Bakteryjne-zapalenie-spoj\u00f3wek-u-dzieci\">Bakteryjne zapalenie spoj\u00f3wek u dzieci<\/a><\/span><\/li>\n\n\n\n<li><span style=\"color: initial;\"><a href=\"#Alergiczne-zapalenie-spoj\u00f3wek-u-dzieci\">Alergiczne zapalenie spoj\u00f3wek u dzieci<\/a><\/span><\/li>\n<\/ul>\n<\/li>\n\n\n\n<li><span style=\"color: initial;\"><a href=\"#Zapalenie-spoj\u00f3wek-u-dziecka:-diagnostyka\">Zapalenie spoj\u00f3wek u dziecka: diagnostyka<\/a><\/span>\n<ul class=\"wp-block-list\">\n<li><span style=\"color: initial;\"><a href=\"#Badania-laboratoryjne-przy-zapaleniu-spoj\u00f3wek-u-dziecka:-jakie-wykona\u0107?\">Badania laboratoryjne przy zapaleniu spoj\u00f3wek u dziecka: jakie wykona\u0107?<\/a><\/span><\/li>\n<\/ul>\n<\/li>\n\n\n\n<li><span style=\"color: initial;\"><a href=\"#Leczenie-zapalenia-spoj\u00f3wek-u-dzieci\">Leczenie zapalenia spoj\u00f3wek u dzieci<\/a><\/span><\/li>\n\n\n\n<li><a href=\"#Jak-zapobiega\u0107-wyst\u0119powaniu-zapalenia-spoj\u00f3wek-u-dziecka?\">Jak zapobiega\u0107 wyst\u0119powaniu zapalenia spoj\u00f3wek u dziecka?<\/a><\/li>\n<\/ol>\n\n\n\n<h2 class=\"wp-block-heading\" id=\"Zapalenie-spoj\u00f3wek-u-dzieci:-czym-jest-spoj\u00f3wka?\">Zapalenie spoj\u00f3wek u dzieci: czym jest spoj\u00f3wka?<\/h2>\n\n\n\n<p>Na wst\u0119pie tego artyku\u0142u warto wyja\u015bni\u0107 sobie, czym jest spoj\u00f3wka. Spoj\u00f3wk\u0105 nazywa si\u0119 cienk\u0105, typowo przezroczyst\u0105 b\u0142on\u0119, kt\u00f3ra <strong>wy\u015bciela wewn\u0119trzn\u0105 powierzchni\u0119 powiek oraz przedni\u0105 powierzchni\u0119 ga\u0142ki ocznej.<\/strong> Spoj\u00f3wka, jak ka\u017cda cz\u0119\u015b\u0107 ga\u0142ki ocznej, mo\u017ce niestety ulega\u0107 stanom zapalnym, kt\u00f3re mog\u0105 mie\u0107 r\u00f3\u017cne przyczyny.<\/p>\n\n\n\n<p><strong>&gt;&gt; Przeczytaj te\u017c: <\/strong><a href=\"https:\/\/www.alab.pl\/centrum-wiedzy\/nuzeniec\/\"><strong>Nu\u017ceniec \u2013 przyczyna dokuczliwej choroby oczu i sk\u00f3ry<\/strong><\/a><strong><\/strong><\/p>\n\n\n\n<figure class=\"wp-block-image size-full\"><a href=\"https:\/\/www.alab.pl\/pakiet\/pakiet-malego-dziecka\"><img loading=\"lazy\" decoding=\"async\" width=\"800\" height=\"200\" src=\"https:\/\/www.alab.pl\/centrum-wiedzy\/wp-content\/uploads\/2024\/06\/Pakiet-malego-dziecka-rozszerzony-9-badan-jpg.webp\" alt=\"Pakiet ma\u0142ego dziecka rozszerzony (9 badan\u0301)\" class=\"wp-image-14251\" srcset=\"https:\/\/www.alab.pl\/centrum-wiedzy\/wp-content\/uploads\/2024\/06\/Pakiet-malego-dziecka-rozszerzony-9-badan-jpg.webp 800w, https:\/\/www.alab.pl\/centrum-wiedzy\/wp-content\/uploads\/2024\/06\/Pakiet-malego-dziecka-rozszerzony-9-badan-jpg-768x192.webp 768w, https:\/\/www.alab.pl\/centrum-wiedzy\/wp-content\/uploads\/2024\/06\/Pakiet-malego-dziecka-rozszerzony-9-badan-jpg-150x38.webp 150w, https:\/\/www.alab.pl\/centrum-wiedzy\/wp-content\/uploads\/2024\/06\/Pakiet-malego-dziecka-rozszerzony-9-badan-jpg-300x75.webp 300w, https:\/\/www.alab.pl\/centrum-wiedzy\/wp-content\/uploads\/2024\/06\/Pakiet-malego-dziecka-rozszerzony-9-badan-jpg-696x174.webp 696w\" sizes=\"auto, (max-width: 800px) 100vw, 800px\" \/><\/a><\/figure>\n\n\n\n<h2 class=\"wp-block-heading\" id=\"Rodzaje-zapalenia-spoj\u00f3wek-u-dzieci:-objawy-choroby\">Rodzaje zapalenia spoj\u00f3wek u dzieci: objawy choroby<\/h2>\n\n\n\n<p>Zapalenia spoj\u00f3wek, ze wzgl\u0119du na ich przyczyny, dzieli si\u0119 na zaka\u017ane (gdy przyczyn\u0105 s\u0105 drobnoustroje) oraz niezaka\u017ane, a wi\u0119c wywo\u0142ane przez czynniki nieinfekcyjne. Najcz\u0119stsz\u0105 przyczyn\u0105 zapale\u0144 spoj\u00f3wek w populacji pediatrycznej s\u0105 bakterie oraz <a href=\"https:\/\/www.alab.pl\/centrum-wiedzy\/alergeny-czyli-co-najczesciej-uczula-rodzaje-i-lista-alergenow\/\">czynniki alergiczne<\/a>. Poszczeg\u00f3lne rodzaje zapalenia spoj\u00f3wek r\u00f3\u017cni\u0105 si\u0119 mi\u0119dzy innymi objawami klinicznymi, o czym wi\u0119cej przeczytasz w kolejnych akapitach.<\/p>\n\n\n\n<h3 class=\"wp-block-heading\" id=\"Wirusowe-zapalenie-spoj\u00f3wek-u-dzieci\">Wirusowe zapalenie spoj\u00f3wek u dzieci<\/h3>\n\n\n\n<p>Za wirusowe zapalenie spoj\u00f3wek u dzieci najcz\u0119\u015bciej odpowiadaj\u0105 adenowirusy. Dla tego rodzaju zapalenia spoj\u00f3wek charakterystyczny jest nag\u0142y pocz\u0105tek objaw\u00f3w. Symptomy wirusowego zapalenia spoj\u00f3wek to najcz\u0119\u015bciej:<\/p>\n\n\n\n<ul class=\"wp-block-list\">\n<li><strong>przekrwienie (zaczerwienienie) spoj\u00f3wek,<\/strong><\/li>\n\n\n\n<li><strong>uczucie pieczenia w obr\u0119bie spoj\u00f3wek,<\/strong><\/li>\n\n\n\n<li><strong>wra\u017cenie obecno\u015bci cia\u0142a obcego,<\/strong><\/li>\n\n\n\n<li><strong>objawy zwiastunowe,<\/strong> w tym objawy grypopodobne takie jak gor\u0105czka, zaczerwienienie gard\u0142a, kaszel i <a href=\"https:\/\/www.alab.pl\/centrum-wiedzy\/przewlekly-chroniczny-katar-objawy-przyczyny-leczenie\/\">katar<\/a>.<\/li>\n<\/ul>\n\n\n\n<p>Wirusowe zapalenie spoj\u00f3wek mo\u017ce by\u0107 r\u00f3wnie\u017c spowodowane przez inne wirusy, w tym wirusa opryszczki zwyk\u0142ej. W tym przypadku na sk\u00f3rze wok\u00f3\u0142 oczu mog\u0105 pojawi\u0107 si\u0119 charakterystyczne zmiany p\u0119cherzykowe. Z kolei, enterowirusy i wirusy <em>Coxsackie<\/em> mog\u0105 odpowiada\u0107 za ostre, krwotoczne zapalenie spoj\u00f3wek.<\/p>\n\n\n\n<p><strong>&gt;&gt; Sprawd\u017a te\u017c: <\/strong><a href=\"https:\/\/www.alab.pl\/centrum-wiedzy\/opryszczka-na-ustach-i-w-nosie-objawy-przyczyny-badania-i-leczenie-opryszczki-wargowej\/\"><strong>Opryszczka na ustach i w nosie \u2013 objawy, przyczyny, badania i leczenie opryszczki wargowej<\/strong><\/a><strong><\/strong><\/p>\n\n\n\n<h3 class=\"wp-block-heading\" id=\"Bakteryjne-zapalenie-spoj\u00f3wek-u-dzieci\">Bakteryjne zapalenie spoj\u00f3wek u dzieci<\/h3>\n\n\n\n<p>Bakterie to najcz\u0119stsza przyczyna zapale\u0144 spoj\u00f3wek u dzieci. Za ogromn\u0105 wi\u0119kszo\u015b\u0107 bakteryjnych zapale\u0144 spoj\u00f3wek odpowiada bakteria <em>Haemophilus influenzae<\/em>. Opr\u00f3cz zaczerwienienia spoj\u00f3wek obserwuje si\u0119 r\u00f3wnie\u017c obfit\u0105 wydzielin\u0119, typowo \u015bluzowo-ropn\u0105, kt\u00f3ra przyjmuje barw\u0119 od \u017c\u00f3\u0142tej do zielonej. Powieki maj\u0105 tendencj\u0119 do sklejania si\u0119, najcz\u0119\u015bciej w nocy. Do innych gatunk\u00f3w bakterii, kt\u00f3re r\u00f3wnie\u017c mog\u0105 wywo\u0142ywa\u0107 bakteryjne zapalenie spoj\u00f3wek zalicza si\u0119 <em>Streptococcus pneumoniae<\/em> i <em>Moraxella catarrhalis<\/em>.<\/p>\n\n\n\n<p><strong>&gt;&gt; To mo\u017ce Ci\u0119 zainteresowa\u0107: <\/strong><a href=\"https:\/\/www.alab.pl\/centrum-wiedzy\/zapalenie-pluc-u-dziecka-przyczyny-objawy-diagnostyka-i-leczenie\/\"><strong>Zapalenie p\u0142uc u dziecka \u2013 przyczyny, objawy, diagnostyka i leczenie<\/strong><\/a><strong><\/strong><\/p>\n\n\n\n<h3 class=\"wp-block-heading\" id=\"Alergiczne-zapalenie-spoj\u00f3wek-u-dzieci\">Alergiczne zapalenie spoj\u00f3wek u dzieci<\/h3>\n\n\n\n<p>Za alergiczne zapalenie spoj\u00f3wek najcz\u0119\u015bciej odpowiada nadwra\u017cliwo\u015b\u0107 na alergeny powietrznopochodne, w tym <a href=\"https:\/\/www.alab.pl\/centrum-wiedzy\/alergia-na-pylki-immunoterapia-swoista\/\">py\u0142ki ro\u015blin<\/a>, sier\u015b\u0107 zwierz\u0105t, <a href=\"https:\/\/www.alab.pl\/centrum-wiedzy\/alergia-na-roztocza-kurzu-domowego\/\">alergeny roztocza kurzu domowego<\/a> i <a href=\"https:\/\/www.alab.pl\/centrum-wiedzy\/alergia-na-plesn-jakie-daje-objawy-diagnostyka-i-leczenie\/\">ple\u015bni<\/a>. W obrazie klinicznym alergicznego zapalenia spoj\u00f3wek dominuje:<\/p>\n\n\n\n<ul class=\"wp-block-list\">\n<li>\u015bwi\u0105d w obr\u0119bie spoj\u00f3wek,<\/li>\n\n\n\n<li>obecno\u015b\u0107 wodnistej wydzieliny w obr\u0119bie spoj\u00f3wek,<\/li>\n\n\n\n<li>obrz\u0119k spoj\u00f3wki,<\/li>\n\n\n\n<li>obecno\u015b\u0107 zaschni\u0119tej wydzieliny na brzegach powiek.<\/li>\n<\/ul>\n\n\n\n<p>Objawy alergicznego zapalenia spoj\u00f3wek u dzieci cz\u0119sto pojawia si\u0119 w okresie pylenia ro\u015blin, na kt\u00f3re dany pacjent jest uczulony, co jest wa\u017cn\u0105 informacj\u0105, u\u0142atwiaj\u0105c\u0105 postawienie diagnozy. Alergiczne zapalenie spoj\u00f3wek mo\u017ce wsp\u00f3\u0142istnie\u0107 z innymi schorzeniami alergicznymi, w tym z:<\/p>\n\n\n\n<ul class=\"wp-block-list\">\n<li>alergicznym nie\u017cytem nosa,<\/li>\n\n\n\n<li>astm\u0105 alergiczn\u0105,<\/li>\n\n\n\n<li>alergiami pokarmowymi,<\/li>\n\n\n\n<li>atopowym zapaleniem sk\u00f3ry.<\/li>\n<\/ul>\n\n\n\n<p><strong>To mo\u017ce Ci\u0119 zainteresowa\u0107:<\/strong><\/p>\n\n\n\n<p><strong>&gt;&gt; <\/strong><a href=\"https:\/\/www.alab.pl\/centrum-wiedzy\/alergiczny-niezyt-nosa-najczesciej-diagnozowana-choroba-alergiczna-w-polsce\/\"><strong>Alergiczny nie\u017cyt nosa \u2013 najcz\u0119\u015bciej diagnozowana choroba alergiczna w Polsce<\/strong><\/a><strong><\/strong><\/p>\n\n\n\n<p><strong>&gt;&gt; <\/strong><a href=\"https:\/\/www.alab.pl\/centrum-wiedzy\/atopowe-zapalenie-skory-azs\/\"><strong>Atopowe zapalenie sk\u00f3ry (AZS)<\/strong><\/a><strong><\/strong><\/p>\n\n\n\n<h2 class=\"wp-block-heading\" id=\"Zapalenie-spoj\u00f3wek-u-dziecka:-diagnostyka\">Zapalenie spoj\u00f3wek u dziecka: diagnostyka<\/h2>\n\n\n\n<p>W pierwszym kroku diagnostyka zapalenia spoj\u00f3wek u dzieci wymaga przeprowadzenia dok\u0142adnego wywiadu oraz badania przedmiotowego. Warto zapyta\u0107 o obecno\u015b\u0107 symptom\u00f3w towarzysz\u0105cych, w tym gor\u0105czki i objaw\u00f3w grypopodobnych, kt\u00f3re mog\u0105 sugerowa\u0107 rozpoznanie wirusowego zapalenia spoj\u00f3wek. Ocena okulistyczna obejmuje r\u00f3wnie\u017c badanie ostro\u015bci wzroku. W zale\u017cno\u015bci od wieku dziecka mo\u017cna wykorzysta\u0107 do tego tablice Snellena. Ocenia si\u0119 tak\u017ce \u017arenic\u0119 i jej reakcj\u0119 na \u015bwiat\u0142o. W niekt\u00f3rych przypadkach konieczna mo\u017ce by\u0107 ocena w lampie szczelinowej, kt\u00f3r\u0105 wykonuje si\u0119 podczas konsultacji okulistycznej.<\/p>\n\n\n\n<h3 class=\"wp-block-heading\" id=\"Badania-laboratoryjne-przy-zapaleniu-spoj\u00f3wek-u-dziecka:-jakie-wykona\u0107?\">Badania laboratoryjne przy zapaleniu spoj\u00f3wek u dziecka: jakie wykona\u0107?<\/h3>\n\n\n\n<p>W przebiegu klasycznych zapale\u0144 spoj\u00f3wek wywo\u0142anych przez bakterie i wirusy nie jest konieczne wykonywanie dodatkowych bada\u0144 laboratoryjnych. W przebiegu nawracaj\u0105cych alergicznych zapale\u0144 spoj\u00f3wek konieczne mo\u017ce okaza\u0107 si\u0119 wykonanie alergicznych test\u00f3w sk\u00f3rnych, kt\u00f3re maj\u0105 na celu zidentyfikowanie alergen\u00f3w odpowiedzialnych za objawy ze strony narz\u0105du wzroku.<\/p>\n\n\n\n<figure class=\"wp-block-image size-full\"><a href=\"https:\/\/www.alab.pl\/pakiet\/pakiet-alergiczny-mieszany\"><img loading=\"lazy\" decoding=\"async\" width=\"800\" height=\"200\" src=\"https:\/\/www.alab.pl\/centrum-wiedzy\/wp-content\/uploads\/2024\/12\/Pakiet-alergiczny-mieszany.jpg\" alt=\"Pakiet alergiczny mieszany\" class=\"wp-image-19905\" srcset=\"https:\/\/www.alab.pl\/centrum-wiedzy\/wp-content\/uploads\/2024\/12\/Pakiet-alergiczny-mieszany.jpg 800w, https:\/\/www.alab.pl\/centrum-wiedzy\/wp-content\/uploads\/2024\/12\/Pakiet-alergiczny-mieszany-768x192.jpg 768w, https:\/\/www.alab.pl\/centrum-wiedzy\/wp-content\/uploads\/2024\/12\/Pakiet-alergiczny-mieszany-150x38.jpg 150w, https:\/\/www.alab.pl\/centrum-wiedzy\/wp-content\/uploads\/2024\/12\/Pakiet-alergiczny-mieszany-300x75.jpg 300w, https:\/\/www.alab.pl\/centrum-wiedzy\/wp-content\/uploads\/2024\/12\/Pakiet-alergiczny-mieszany-696x174.jpg 696w\" sizes=\"auto, (max-width: 800px) 100vw, 800px\" \/><\/a><\/figure>\n\n\n\n<p>W niekt\u00f3rych przypadkach lekarz mo\u017ce zdecydowa\u0107 o wykonaniu bada\u0144 alergologicznych z pr\u00f3bki krwi \u017cylnej, w tym na przyk\u0142ad oznaczenia <a href=\"https:\/\/www.alab.pl\/badanie\/immunoglobulina-ig-e-calk-w-surowicy-l89\">st\u0119\u017cenia IgE ca\u0142kowitego<\/a> oraz st\u0119\u017cenia IgE swoistych (sIgE).<\/p>\n\n\n\n<p>W sytuacji nasilonych objaw\u00f3w og\u00f3lnych (przed\u0142u\u017caj\u0105ca si\u0119 gor\u0105czka, kaszel) konieczne mo\u017ce okaza\u0107 si\u0119 wykonanie oznaczenia <a href=\"https:\/\/www.alab.pl\/centrum-wiedzy\/crp-jak-interpretowac-wyniki-badania\/\">st\u0119\u017cenia CRP<\/a> oraz wykonanie <a href=\"https:\/\/www.alab.pl\/centrum-wiedzy\/morfologia-krwi-badanie-ktore-moze-uratowac-zycie\/\">morfologii krwi obwodowej<\/a>.<\/p>\n\n\n\n<figure class=\"wp-block-image size-full\"><a href=\"https:\/\/www.alab.pl\/badanie\/morfologia-krwi-c55\"><img loading=\"lazy\" decoding=\"async\" width=\"800\" height=\"200\" src=\"https:\/\/www.alab.pl\/centrum-wiedzy\/wp-content\/uploads\/2024\/09\/Morfologia-krwi-obwodowej-jpg.webp\" alt=\"Morfologia krwi obwodowej\" class=\"wp-image-16675\" srcset=\"https:\/\/www.alab.pl\/centrum-wiedzy\/wp-content\/uploads\/2024\/09\/Morfologia-krwi-obwodowej-jpg.webp 800w, https:\/\/www.alab.pl\/centrum-wiedzy\/wp-content\/uploads\/2024\/09\/Morfologia-krwi-obwodowej-jpg-768x192.webp 768w, https:\/\/www.alab.pl\/centrum-wiedzy\/wp-content\/uploads\/2024\/09\/Morfologia-krwi-obwodowej-jpg-150x38.webp 150w, https:\/\/www.alab.pl\/centrum-wiedzy\/wp-content\/uploads\/2024\/09\/Morfologia-krwi-obwodowej-jpg-300x75.webp 300w, https:\/\/www.alab.pl\/centrum-wiedzy\/wp-content\/uploads\/2024\/09\/Morfologia-krwi-obwodowej-jpg-696x174.webp 696w\" sizes=\"auto, (max-width: 800px) 100vw, 800px\" \/><\/a><\/figure>\n\n\n\n<h2 class=\"wp-block-heading\" id=\"Leczenie-zapalenia-spoj\u00f3wek-u-dzieci\">Leczenie zapalenia spoj\u00f3wek u dzieci<\/h2>\n\n\n\n<p>Leczenie zapalenia spoj\u00f3wek u dzieci zale\u017cy od przyczyny. W przypadku bakteryjnego zapalenia spoj\u00f3wek stosuje si\u0119 delikatn\u0105 piel\u0119gnacj\u0119, nawil\u017canie spoj\u00f3wek, a w wybranych przypadkach krople z zawarto\u015bci\u0105 <a href=\"https:\/\/www.alab.pl\/centrum-wiedzy\/antybiotyki-czy-nadal-sa-skuteczne\/\">antybiotyk\u00f3w<\/a>. Nale\u017cy zaznaczy\u0107, \u017ce nie powinno si\u0119 nadu\u017cywa\u0107 antybiotyk\u00f3w miejscowych, poniewa\u017c mo\u017ce to doprowadzi\u0107 do rozwoju antybiotykooporno\u015bci. Jak pokazuj\u0105 doniesienia naukowe, krople antybiotyczne skracaj\u0105 czas trwania objaw\u00f3w chorobowych, jednak nie obserwuje si\u0119 r\u00f3\u017cnic w rokowaniu mi\u0119dzy pacjentami leczonymi i nieleczonymi tymi antybiotykami.<\/p>\n\n\n\n<p>W przypadku wirusowego zapalenia spoj\u00f3wek u dzieci wywo\u0142anego przez adenowirusy zastosowanie znajduj\u0105 przede wszystkim preparaty nawil\u017caj\u0105ce. Z kolei, w przebiegu opryszczkowatego zapalenia spoj\u00f3wek konieczne jest w\u0142\u0105czenie leczenia przeciwwirusowego w postaci 3% ma\u015bci ocznej z acyklowirem lub 0,15% \u017celu z gancyklowirem. W ci\u0119\u017ckich przypadkach niezb\u0119dne jest podanie lek\u00f3w w formie doustnej lub do\u017cylnej. W tym rodzaju zapalenia spoj\u00f3wek nie powinno si\u0119 stosowa\u0107 miejscowych i og\u00f3lnych steryd\u00f3w, poniewa\u017c mog\u0105 one sprzyja\u0107 rozprzestrzenianiu si\u0119 wirusa opryszczki w obr\u0119bie tkanek.<\/p>\n\n\n\n<p>Terapia alergicznego zapalenie spoj\u00f3wek polega przede wszystkim na stosowaniu sztucznych \u0142ez i \u015brodk\u00f3w nawil\u017caj\u0105cych, kt\u00f3rych celem jest wyp\u0142ukiwanie alergen\u00f3w z powierzchni spoj\u00f3wek. Ponadto, wykorzystuje si\u0119 r\u00f3wnie\u017c miejscowe lekami przeciwhistaminowe w postaci kropli. Du\u017ce nasilenie objaw\u00f3w mo\u017ce wymaga\u0107 kr\u00f3tkotrwa\u0142ego zastosowania kropli z glikokortykosteroidami.<\/p>\n\n\n\n<p><strong>&gt;&gt; To tak\u017ce mo\u017ce Ci\u0119 zainteresowa\u0107: <\/strong><a href=\"https:\/\/www.alab.pl\/centrum-wiedzy\/zespol-sjogrena\/\"><strong>Zesp\u00f3\u0142 Sj\u00f6grena \u2013 objawy, powik\u0142ania, diagnostyka<\/strong><\/a><strong><\/strong><\/p>\n\n\n\n<h2 class=\"wp-block-heading\" id=\"Jak-zapobiega\u0107-wyst\u0119powaniu-zapalenia-spoj\u00f3wek-u-dziecka?\">Jak zapobiega\u0107 wyst\u0119powaniu zapalenia spoj\u00f3wek u dziecka?<\/h2>\n\n\n\n<p>Do jakich rad warto si\u0119 zastosowa\u0107, by zmniejszy\u0107 ryzyko pojawienia si\u0119 zapalenia spoj\u00f3wek u dziecka? Nale\u017cy przede wszystkim:<\/p>\n\n\n\n<ul class=\"wp-block-list\">\n<li><strong>ograniczy\u0107 ekspozycj\u0119 na uczulaj\u0105cy alergen<\/strong> &#8211; w przypadku alergicznego zapalenia spoj\u00f3wek warto ograniczy\u0107 wychodzenie na zewn\u0105trz w okresie silnego pylenia danego gatunku ro\u015bliny, unika\u0107 kontaktu ze zwierz\u0119tami w sytuacji potwierdzonej <a href=\"https:\/\/www.alab.pl\/centrum-wiedzy\/alergia-na-psy-i-koty-i-inne-zwierzeta\/\">alergii na ich sier\u015b\u0107<\/a>.<\/li>\n\n\n\n<li><strong>pami\u0119ta\u0107 o dok\u0142adnym sprz\u0105taniu pomieszcze\u0144 \u2013<\/strong> w odniesieniu do alergii na roztocze kurzu domowego,<\/li>\n\n\n\n<li><strong>zach\u0119ca\u0107 dziecko do <\/strong><a href=\"https:\/\/www.alab.pl\/centrum-wiedzy\/higiena-rak-jak-skutecznie-myc-rece\/\"><strong>dok\u0142adnego i cz\u0119stego mycia r\u0105k<\/strong><\/a><strong> <\/strong>\u2013 t\u0105 drog\u0105 mo\u017cna przekaza\u0107 bakterie i wirusy, odpowiedzialne za zapalenia spoj\u00f3wek,<\/li>\n\n\n\n<li><strong>unika\u0107 u\u017cywania przedmiot\u00f3w nale\u017c\u0105cych do innych os\u00f3b<\/strong> \u2013 takich jak r\u0119czniki, po\u015bciel, czy przybory higieniczne.<\/li>\n<\/ul>\n\n\n\n<p>Zapalenie spoj\u00f3wek u dzieci to dolegliwo\u015b\u0107, kt\u00f3ra cz\u0119sto wzbudza w rodzicach niepok\u00f3j. Post\u0119powanie w przebiegu tego schorzenia zale\u017cy przede wszystkim od jego przyczyny oraz obrazu klinicznego. Diagnostyka zapalenia spoj\u00f3wek rzadko wymaga od nas wykonywania specjalistycznych bada\u0144, jednak mog\u0105 by\u0107 one konieczne w sytuacji alergicznego pod\u0142o\u017ca choroby. W przypadku pojawienia si\u0119 objaw\u00f3w mog\u0105cych \u015bwiadczy\u0107 o zapaleniu spoj\u00f3wek, warto uda\u0107 si\u0119 do lekarza w celu oceny narz\u0105du wzroku.<\/p>\n\n\n\n<hr class=\"wp-block-separator has-alpha-channel-opacity\"\/>\n\n\n\n<p><strong>Bibliografia<\/strong><\/p>\n\n\n\n<ol class=\"wp-block-list\">\n<li>L. Bielory i inni, Diagnosis and management of allergic conjunctivitis, Ann. Allergy Asthma Immunol., 2020; 124: 118\u2013134,<\/li>\n\n\n\n<li>D. Johnson i inni, Does this patient with acute infectious conjunctivitis have a bacterial infection? The Rational Clinical Examination Systematic Review, JAMA, 2022; 327:2231,<\/li>\n\n\n\n<li>M. J. Mahoney i inni, Pediatric conjunctivitis: a review of clinical manifestations, diagnosis, and management, Children 2023, 10, 808.<\/li>\n<\/ol>\n","protected":false},"excerpt":{"rendered":"<p>Jakie s\u0105 przyczyny zapalenia spoj\u00f3wek u dzieci? Czy gor\u0105czka przy zapaleniu spoj\u00f3wek u dzieci to normalne zjawisko? <\/p>\n","protected":false},"author":165,"featured_media":20273,"comment_status":"closed","ping_status":"closed","sticky":false,"template":"","format":"standard","meta":{"_acf_changed":false,"inline_featured_image":false,"footnotes":""},"categories":[23,30],"tags":[],"coauthors":[176],"class_list":{"0":"post-20270","1":"post","2":"type-post","3":"status-publish","4":"format-standard","5":"has-post-thumbnail","8":"category-zdrowie-dzieci-i-mlodziezy"},"acf":[],"yoast_head":"<!-- This site is optimized with the Yoast SEO plugin v27.5 - https:\/\/yoast.com\/product\/yoast-seo-wordpress\/ -->\n<title>Zapalenie spoj\u00f3wek u dzieci. Objawy, przyczyny, diagnostyka, leczenie - Centrum Wiedzy ALAB laboratoria<\/title>\n<meta name=\"description\" content=\"Jakie s\u0105 przyczyny zapalenia spoj\u00f3wek u dzieci? Czy gor\u0105czka przy zapaleniu spoj\u00f3wek u dzieci to normalne zjawisko?\" \/>\n<meta name=\"robots\" content=\"index, follow, max-snippet:-1, max-image-preview:large, max-video-preview:-1\" \/>\n<link rel=\"canonical\" href=\"https:\/\/www.alab.pl\/centrum-wiedzy\/zapalenie-spojowek-u-dzieci-objawy-przyczyny-diagnostyka-leczenie\/\" \/>\n<meta property=\"og:locale\" content=\"pl_PL\" \/>\n<meta property=\"og:type\" content=\"article\" \/>\n<meta property=\"og:title\" content=\"Zapalenie spoj\u00f3wek u dzieci. Objawy, przyczyny, diagnostyka, leczenie - Centrum Wiedzy ALAB laboratoria\" \/>\n<meta property=\"og:description\" content=\"Jakie s\u0105 przyczyny zapalenia spoj\u00f3wek u dzieci? Czy gor\u0105czka przy zapaleniu spoj\u00f3wek u dzieci to normalne zjawisko?\" \/>\n<meta property=\"og:url\" content=\"https:\/\/www.alab.pl\/centrum-wiedzy\/zapalenie-spojowek-u-dzieci-objawy-przyczyny-diagnostyka-leczenie\/\" \/>\n<meta property=\"og:site_name\" content=\"Centrum Wiedzy ALAB laboratoria\" \/>\n<meta property=\"article:publisher\" content=\"https:\/\/www.facebook.com\/ALABlaboratoria\" \/>\n<meta property=\"article:published_time\" content=\"2024-12-30T14:11:11+00:00\" \/>\n<meta property=\"article:modified_time\" content=\"2024-12-30T14:56:57+00:00\" \/>\n<meta property=\"og:image\" content=\"https:\/\/www.alab.pl\/centrum-wiedzy\/wp-content\/uploads\/2024\/12\/zapalenie_spojowek_u_dzieci-scaled.jpg\" \/>\n\t<meta property=\"og:image:width\" content=\"2560\" \/>\n\t<meta property=\"og:image:height\" content=\"1707\" \/>\n\t<meta property=\"og:image:type\" content=\"image\/jpeg\" \/>\n<meta name=\"author\" content=\"Katarzyna Banaszczyk\" \/>\n<meta name=\"twitter:card\" content=\"summary_large_image\" \/>\n<meta name=\"twitter:label1\" content=\"Napisane przez\" \/>\n\t<meta name=\"twitter:data1\" content=\"Katarzyna Banaszczyk\" \/>\n\t<meta name=\"twitter:label2\" content=\"Szacowany czas czytania\" \/>\n\t<meta name=\"twitter:data2\" content=\"8 minut\" \/>\n\t<meta name=\"twitter:label3\" content=\"Written by\" \/>\n\t<meta name=\"twitter:data3\" content=\"Katarzyna Banaszczyk\" \/>\n<!-- \/ Yoast SEO plugin. -->","yoast_head_json":{"title":"Zapalenie spoj\u00f3wek u dzieci. Objawy, przyczyny, diagnostyka, leczenie - Centrum Wiedzy ALAB laboratoria","description":"Jakie s\u0105 przyczyny zapalenia spoj\u00f3wek u dzieci? Czy gor\u0105czka przy zapaleniu spoj\u00f3wek u dzieci to normalne zjawisko?","robots":{"index":"index","follow":"follow","max-snippet":"max-snippet:-1","max-image-preview":"max-image-preview:large","max-video-preview":"max-video-preview:-1"},"canonical":"https:\/\/www.alab.pl\/centrum-wiedzy\/zapalenie-spojowek-u-dzieci-objawy-przyczyny-diagnostyka-leczenie\/","og_locale":"pl_PL","og_type":"article","og_title":"Zapalenie spoj\u00f3wek u dzieci. Objawy, przyczyny, diagnostyka, leczenie - Centrum Wiedzy ALAB laboratoria","og_description":"Jakie s\u0105 przyczyny zapalenia spoj\u00f3wek u dzieci? Czy gor\u0105czka przy zapaleniu spoj\u00f3wek u dzieci to normalne zjawisko?","og_url":"https:\/\/www.alab.pl\/centrum-wiedzy\/zapalenie-spojowek-u-dzieci-objawy-przyczyny-diagnostyka-leczenie\/","og_site_name":"Centrum Wiedzy ALAB laboratoria","article_publisher":"https:\/\/www.facebook.com\/ALABlaboratoria","article_published_time":"2024-12-30T14:11:11+00:00","article_modified_time":"2024-12-30T14:56:57+00:00","og_image":[{"width":2560,"height":1707,"url":"https:\/\/www.alab.pl\/centrum-wiedzy\/wp-content\/uploads\/2024\/12\/zapalenie_spojowek_u_dzieci-scaled.jpg","type":"image\/jpeg"}],"author":"Katarzyna Banaszczyk","twitter_card":"summary_large_image","twitter_misc":{"Napisane przez":"Katarzyna Banaszczyk","Szacowany czas czytania":"8 minut","Written by":"Katarzyna Banaszczyk"},"schema":{"@context":"https:\/\/schema.org","@graph":[{"@type":"Article","@id":"https:\/\/www.alab.pl\/centrum-wiedzy\/zapalenie-spojowek-u-dzieci-objawy-przyczyny-diagnostyka-leczenie\/#article","isPartOf":{"@id":"https:\/\/www.alab.pl\/centrum-wiedzy\/zapalenie-spojowek-u-dzieci-objawy-przyczyny-diagnostyka-leczenie\/"},"author":{"name":"Katarzyna Banaszczyk","@id":"https:\/\/www.alab.pl\/centrum-wiedzy\/#\/schema\/person\/308fb46be1959418e2e115e61c335941"},"headline":"Zapalenie spoj\u00f3wek u dzieci. Objawy, przyczyny, diagnostyka, leczenie","datePublished":"2024-12-30T14:11:11+00:00","dateModified":"2024-12-30T14:56:57+00:00","mainEntityOfPage":{"@id":"https:\/\/www.alab.pl\/centrum-wiedzy\/zapalenie-spojowek-u-dzieci-objawy-przyczyny-diagnostyka-leczenie\/"},"wordCount":1417,"publisher":{"@id":"https:\/\/www.alab.pl\/centrum-wiedzy\/#organization"},"image":{"@id":"https:\/\/www.alab.pl\/centrum-wiedzy\/zapalenie-spojowek-u-dzieci-objawy-przyczyny-diagnostyka-leczenie\/#primaryimage"},"thumbnailUrl":"https:\/\/www.alab.pl\/centrum-wiedzy\/wp-content\/uploads\/2024\/12\/zapalenie_spojowek_u_dzieci-scaled.jpg","articleSection":["Infekcje i paso\u017cyty","Zdrowie dzieci i m\u0142odzie\u017cy"],"inLanguage":"pl-PL"},{"@type":"WebPage","@id":"https:\/\/www.alab.pl\/centrum-wiedzy\/zapalenie-spojowek-u-dzieci-objawy-przyczyny-diagnostyka-leczenie\/","url":"https:\/\/www.alab.pl\/centrum-wiedzy\/zapalenie-spojowek-u-dzieci-objawy-przyczyny-diagnostyka-leczenie\/","name":"Zapalenie spoj\u00f3wek u dzieci. Objawy, przyczyny, diagnostyka, leczenie - Centrum Wiedzy ALAB laboratoria","isPartOf":{"@id":"https:\/\/www.alab.pl\/centrum-wiedzy\/#website"},"primaryImageOfPage":{"@id":"https:\/\/www.alab.pl\/centrum-wiedzy\/zapalenie-spojowek-u-dzieci-objawy-przyczyny-diagnostyka-leczenie\/#primaryimage"},"image":{"@id":"https:\/\/www.alab.pl\/centrum-wiedzy\/zapalenie-spojowek-u-dzieci-objawy-przyczyny-diagnostyka-leczenie\/#primaryimage"},"thumbnailUrl":"https:\/\/www.alab.pl\/centrum-wiedzy\/wp-content\/uploads\/2024\/12\/zapalenie_spojowek_u_dzieci-scaled.jpg","datePublished":"2024-12-30T14:11:11+00:00","dateModified":"2024-12-30T14:56:57+00:00","description":"Jakie s\u0105 przyczyny zapalenia spoj\u00f3wek u dzieci? Czy gor\u0105czka przy zapaleniu spoj\u00f3wek u dzieci to normalne zjawisko?","breadcrumb":{"@id":"https:\/\/www.alab.pl\/centrum-wiedzy\/zapalenie-spojowek-u-dzieci-objawy-przyczyny-diagnostyka-leczenie\/#breadcrumb"},"inLanguage":"pl-PL","potentialAction":[{"@type":"ReadAction","target":["https:\/\/www.alab.pl\/centrum-wiedzy\/zapalenie-spojowek-u-dzieci-objawy-przyczyny-diagnostyka-leczenie\/"]}]},{"@type":"ImageObject","inLanguage":"pl-PL","@id":"https:\/\/www.alab.pl\/centrum-wiedzy\/zapalenie-spojowek-u-dzieci-objawy-przyczyny-diagnostyka-leczenie\/#primaryimage","url":"https:\/\/www.alab.pl\/centrum-wiedzy\/wp-content\/uploads\/2024\/12\/zapalenie_spojowek_u_dzieci-scaled.jpg","contentUrl":"https:\/\/www.alab.pl\/centrum-wiedzy\/wp-content\/uploads\/2024\/12\/zapalenie_spojowek_u_dzieci-scaled.jpg","width":2560,"height":1707,"caption":"zapalenie spoj\u00f3wek u dzieci"},{"@type":"BreadcrumbList","@id":"https:\/\/www.alab.pl\/centrum-wiedzy\/zapalenie-spojowek-u-dzieci-objawy-przyczyny-diagnostyka-leczenie\/#breadcrumb","itemListElement":[{"@type":"ListItem","position":1,"name":"Strona g\u0142\u00f3wna","item":"https:\/\/www.alab.pl\/centrum-wiedzy\/"},{"@type":"ListItem","position":2,"name":"Zapalenie spoj\u00f3wek u dzieci. Objawy, przyczyny, diagnostyka, leczenie"}]},{"@type":"WebSite","@id":"https:\/\/www.alab.pl\/centrum-wiedzy\/#website","url":"https:\/\/www.alab.pl\/centrum-wiedzy\/","name":"Centrum Wiedzy ALAB laboratoria","description":"","publisher":{"@id":"https:\/\/www.alab.pl\/centrum-wiedzy\/#organization"},"potentialAction":[{"@type":"SearchAction","target":{"@type":"EntryPoint","urlTemplate":"https:\/\/www.alab.pl\/centrum-wiedzy\/?s={search_term_string}"},"query-input":{"@type":"PropertyValueSpecification","valueRequired":true,"valueName":"search_term_string"}}],"inLanguage":"pl-PL"},{"@type":"Organization","@id":"https:\/\/www.alab.pl\/centrum-wiedzy\/#organization","name":"Centrum Wiedzy ALAB laboratoria","url":"https:\/\/www.alab.pl\/centrum-wiedzy\/","logo":{"@type":"ImageObject","inLanguage":"pl-PL","@id":"https:\/\/www.alab.pl\/centrum-wiedzy\/#\/schema\/logo\/image\/","url":"https:\/\/www.alab.pl\/centrum-wiedzy\/wp-content\/uploads\/2022\/04\/alabek.jpg","contentUrl":"https:\/\/www.alab.pl\/centrum-wiedzy\/wp-content\/uploads\/2022\/04\/alabek.jpg","width":1250,"height":1251,"caption":"Centrum Wiedzy ALAB laboratoria"},"image":{"@id":"https:\/\/www.alab.pl\/centrum-wiedzy\/#\/schema\/logo\/image\/"},"sameAs":["https:\/\/www.facebook.com\/ALABlaboratoria"]},{"@type":"Person","@id":"https:\/\/www.alab.pl\/centrum-wiedzy\/#\/schema\/person\/308fb46be1959418e2e115e61c335941","name":"Katarzyna Banaszczyk","image":{"@type":"ImageObject","inLanguage":"pl-PL","@id":"https:\/\/www.alab.pl\/centrum-wiedzy\/wp-content\/uploads\/2024\/12\/Katarzyna-Banaszczyk-150x150.jpgdd037207674aeb9b7e97c9616a0cf536","url":"https:\/\/www.alab.pl\/centrum-wiedzy\/wp-content\/uploads\/2024\/12\/Katarzyna-Banaszczyk-150x150.jpg","contentUrl":"https:\/\/www.alab.pl\/centrum-wiedzy\/wp-content\/uploads\/2024\/12\/Katarzyna-Banaszczyk-150x150.jpg","caption":"Katarzyna Banaszczyk"},"description":"Lekarka w trakcie specjalizacji z dermatologii i wenerologii. Absolwentka Collegium Medicum UMK im. Ludwika Rydygiera w Bydgoszczy. Wyk\u0142adowca akademicki Collegium Medicum im. W\u0142adys\u0142awa Biega\u0144skiego w Cz\u0119stochowie.","url":"https:\/\/www.alab.pl\/centrum-wiedzy\/author\/katarzyna-banaszczyk\/"}]}},"_links":{"self":[{"href":"https:\/\/www.alab.pl\/centrum-wiedzy\/wp-json\/wp\/v2\/posts\/20270","targetHints":{"allow":["GET"]}}],"collection":[{"href":"https:\/\/www.alab.pl\/centrum-wiedzy\/wp-json\/wp\/v2\/posts"}],"about":[{"href":"https:\/\/www.alab.pl\/centrum-wiedzy\/wp-json\/wp\/v2\/types\/post"}],"author":[{"embeddable":true,"href":"https:\/\/www.alab.pl\/centrum-wiedzy\/wp-json\/wp\/v2\/users\/165"}],"replies":[{"embeddable":true,"href":"https:\/\/www.alab.pl\/centrum-wiedzy\/wp-json\/wp\/v2\/comments?post=20270"}],"version-history":[{"count":3,"href":"https:\/\/www.alab.pl\/centrum-wiedzy\/wp-json\/wp\/v2\/posts\/20270\/revisions"}],"predecessor-version":[{"id":20274,"href":"https:\/\/www.alab.pl\/centrum-wiedzy\/wp-json\/wp\/v2\/posts\/20270\/revisions\/20274"}],"wp:featuredmedia":[{"embeddable":true,"href":"https:\/\/www.alab.pl\/centrum-wiedzy\/wp-json\/wp\/v2\/media\/20273"}],"wp:attachment":[{"href":"https:\/\/www.alab.pl\/centrum-wiedzy\/wp-json\/wp\/v2\/media?parent=20270"}],"wp:term":[{"taxonomy":"category","embeddable":true,"href":"https:\/\/www.alab.pl\/centrum-wiedzy\/wp-json\/wp\/v2\/categories?post=20270"},{"taxonomy":"post_tag","embeddable":true,"href":"https:\/\/www.alab.pl\/centrum-wiedzy\/wp-json\/wp\/v2\/tags?post=20270"},{"taxonomy":"author","embeddable":true,"href":"https:\/\/www.alab.pl\/centrum-wiedzy\/wp-json\/wp\/v2\/coauthors?post=20270"}],"curies":[{"name":"wp","href":"https:\/\/api.w.org\/{rel}","templated":true}]}}