{"id":20276,"date":"2024-12-30T15:28:04","date_gmt":"2024-12-30T14:28:04","guid":{"rendered":"https:\/\/www.alab.pl\/centrum-wiedzy\/?p=20276"},"modified":"2024-12-30T15:28:06","modified_gmt":"2024-12-30T14:28:06","slug":"zespol-kallmanna-objawy-przyczyny-diagnostyka-i-leczenie","status":"publish","type":"post","link":"https:\/\/www.alab.pl\/centrum-wiedzy\/zespol-kallmanna-objawy-przyczyny-diagnostyka-i-leczenie\/","title":{"rendered":"Zesp\u00f3\u0142 Kallmanna \u2013 objawy, przyczyny, diagnostyka i leczenie\u00a0\u00a0\u00a0\u00a0\u00a0"},"content":{"rendered":"\n<p><strong>Co powoduje brak dojrzewania p\u0142ciowego u niekt\u00f3rych os\u00f3b? Dlaczego niekt\u00f3rzy m\u0119\u017cczy\u017ani i kobiety zmagaj\u0105 si\u0119 z problemami hormonalnymi, niep\u0142odno\u015bci\u0105 czy specyficznymi deficytami, takimi jak utrata w\u0119chu? Jednym z mo\u017cliwych wyja\u015bnie\u0144 jest zesp\u00f3\u0142 Kallmanna \u2013 rzadkie schorzenie genetyczne, kt\u00f3re wp\u0142ywa na rozw\u00f3j uk\u0142adu hormonalnego. W niniejszym artykule wyja\u015bniamy, czym dok\u0142adnie jest zesp\u00f3\u0142 Kallmanna, jakie s\u0105 jego objawy, przyczyny, metody diagnostyczne oraz opcje leczenia.<\/strong><\/p>\n\n\n\n<p>Spis tre\u015bci:<\/p>\n\n\n\n<ol class=\"wp-block-list\">\n<li><a href=\"#Zesp\u00f3\u0142-Kallmanna-\u2013-co-to-za-choroba?\">Zesp\u00f3\u0142 Kallmanna \u2013 co to za choroba?<\/a>\n<ul class=\"wp-block-list\">\n<li><a href=\"#Czy-zesp\u00f3\u0142-Kallmanna-mo\u017ce-wyst\u0119powa\u0107-u-kobiet?\">Czy zesp\u00f3\u0142 Kallmanna mo\u017ce wyst\u0119powa\u0107 u kobiet?<\/a><\/li>\n<\/ul>\n<\/li>\n\n\n\n<li><a href=\"#Zesp\u00f3\u0142-Kallmanna-\u2013-jakie-daje-objawy?\">Zesp\u00f3\u0142 Kallmanna \u2013 jakie daje objawy?<\/a>\n<ul class=\"wp-block-list\">\n<li><a href=\"#Objawy-u-m\u0119\u017cczyzn\">Objawy u m\u0119\u017cczyzn<\/a><\/li>\n\n\n\n<li><a href=\"#Objawy-u-kobiet\">Objawy u kobiet<\/a><\/li>\n\n\n\n<li><a href=\"#Objawy-wsp\u00f3lne-dla-obu-p\u0142ci\">Objawy wsp\u00f3lne dla obu p\u0142ci<\/a><\/li>\n<\/ul>\n<\/li>\n\n\n\n<li><a href=\"#Diagnostyka-zespo\u0142u-Kallmanna-\">Diagnostyka zespo\u0142u Kallmanna\u00a0<\/a><\/li>\n\n\n\n<li><a href=\"#Leczenie-zespo\u0142u-Kallmanna\">Leczenie zespo\u0142u Kallmanna<\/a><\/li>\n\n\n\n<li><a href=\"#Zako\u0144czenie\">Zako\u0144czenie<\/a><\/li>\n<\/ol>\n\n\n\n<h2 class=\"wp-block-heading\" id=\"Zesp\u00f3\u0142-Kallmanna-\u2013-co-to-za-choroba?\">Zesp\u00f3\u0142 Kallmanna \u2013 co to za choroba?<\/h2>\n\n\n\n<p><strong>Zesp<\/strong><strong>\u00f3\u0142 Kallmanna<\/strong> nale\u017cy do grupy schorze\u0144 zwanych hipogonadyzmami hipogonadotropowymi, co oznacza, \u017ce przyczyn\u0105 problem\u00f3w hormonalnych jest niewystarczaj\u0105ca produkcja hormon\u00f3w w przysadce na skutek deficytu gonadoliberyny (GnRH) lub brak odpowiedzi na jej dzia\u0142anie. GnRH to hormon wydzielany przez podwzg\u00f3rze, kt\u00f3ry inicjuje wydzielanie gonadotropin \u2013 luteinizuj\u0105cego (LH) i folikulotropowego (FSH). Gonadotropiny s\u0105 kluczowe dla funkcjonowania jajnik\u00f3w u kobiet i j\u0105der u m\u0119\u017cczyzn.<\/p>\n\n\n\n<p>W przypadku zespo\u0142u Kallmanna problemem jest genetycznie uwarunkowane zaburzenie migracji neuron\u00f3w produkuj\u0105cych GnRH z obszar\u00f3w w\u0119chowych do podwzg\u00f3rza w trakcie \u017cycia p\u0142odowego. W efekcie opr\u00f3cz objaw\u00f3w hormonalnych cz\u0119sto wyst\u0119puje <strong>brak w\u0119<\/strong><strong>chu<\/strong> (anosmia) lub jego <strong>znaczne os\u0142abienie<\/strong> (hiposmia). Zesp\u00f3\u0142 Kallmanna wyst\u0119puje stosunkowo rzadko \u2013 szacuje si\u0119, \u017ce dotyka oko\u0142o 1 na 30 000 m\u0119\u017cczyzn i 1 na 120 000 kobiet.<\/p>\n\n\n\n<h3 class=\"wp-block-heading\" id=\"Czy-zesp\u00f3\u0142-Kallmanna-mo\u017ce-wyst\u0119powa\u0107-u-kobiet?\">Czy zesp\u00f3\u0142 Kallmanna mo\u017ce wyst\u0119powa\u0107 u kobiet?<\/h3>\n\n\n\n<p>Zesp\u00f3\u0142 Kallmanna kojarzony jest g\u0142\u00f3wnie z m\u0119\u017cczyznami, ale r\u00f3wnie dobrze mo\u017ce wyst\u0119powa\u0107 u kobiet. U kobiet zesp\u00f3\u0142 ten jest trudniejszy do rozpoznania, poniewa\u017c brak miesi\u0105czki czy os\u0142abione cechy dojrzewania mog\u0105 by\u0107 pocz\u0105tkowo przypisywane innym, cz\u0119\u015bciej wyst\u0119puj\u0105cym zaburzeniom hormonalnym.<\/p>\n\n\n\n<p>U kobiet z zespo\u0142em Kallmanna kluczowym objawem jest <strong>pierwotny brak miesi\u0105czki <\/strong>(amenorrhea) wynikaj\u0105cy z niedoboru hormon\u00f3w p\u0142ciowych \u2013 <a href=\"https:\/\/www.alab.pl\/centrum-wiedzy\/co-to-sa-estrogeny-za-co-odpowiadaja-i-kiedy-je-badac\/\">estrogenu<\/a> i progesteronu. W wyniku tego zaburzenia dochodzi tak\u017ce do braku owulacji i niemo\u017cno\u015bci zaj\u015bcia w ci\u0105\u017c\u0119. Podobnie jak u m\u0119\u017cczyzn, anosmia lub hiposmia s\u0105 jednym z wyr\u00f3\u017cnik\u00f3w choroby, cho\u0107 mog\u0105 by\u0107 \u0142atwo pomijane, je\u015bli pacjentka nie zg\u0142asza problem\u00f3w z w\u0119chem.<\/p>\n\n\n\n<p><strong>>> Zobacz te\u017c: <a href=\"https:\/\/www.alab.pl\/centrum-wiedzy\/brak-miesiaczki-mozliwe-przyczyny-braku-okresu-jakie-badania-przeprowadzic\/\">Brak miesi\u0105czki \u2013 mo\u017cliwe przyczyny braku okresu. Jakie badania przeprowadzi\u0107?<\/a><\/strong><\/p>\n\n\n\n<h2 class=\"wp-block-heading\" id=\"Zesp\u00f3\u0142-Kallmanna-\u2013-jakie-daje-objawy?\">Zesp\u00f3\u0142 Kallmanna \u2013 jakie daje objawy?<\/h2>\n\n\n\n<p>Objawy zespo\u0142u Kallmanna wynikaj\u0105 g\u0142\u00f3wnie z niedoboru hormon\u00f3w p\u0142ciowych oraz zaburze\u0144 w\u0119chu, ale mog\u0105 obejmowa\u0107 r\u00f3wnie\u017c inne defekty wrodzone. Do najcz\u0119stszych objaw\u00f3w nale\u017c\u0105:<\/p>\n\n\n\n<h3 class=\"wp-block-heading\" id=\"Objawy-u-m\u0119\u017cczyzn\">Objawy u m\u0119\u017cczyzn<\/h3>\n\n\n\n<ul class=\"wp-block-list\">\n<li>Brak rozwoju cech drugorz\u0119dowych p\u0142ciowych, takich jak zarost, mutacja g\u0142osu, powi\u0119kszenie j\u0105der.<\/li>\n\n\n\n<li>Mikroorchidyzm, czyli ma\u0142y rozmiar j\u0105der.<\/li>\n\n\n\n<li><a href=\"https:\/\/www.alab.pl\/centrum-wiedzy\/nieplodnosc-u-mezczyzn-najczestsze-przyczyny-objawy-i-rozpoznanie-leczenie-nieplodnosci\/\">Niep\u0142odno\u015b\u0107<\/a>, wynikaj\u0105ca z niewystarczaj\u0105cej produkcji plemnik\u00f3w.<\/li>\n\n\n\n<li>Brak libido lub trudno\u015bci z osi\u0105gni\u0119ciem erekcji.<\/li>\n<\/ul>\n\n\n\n<figure class=\"wp-block-image size-full\"><a href=\"https:\/\/www.alab.pl\/pakiet\/pakiet-hormony-meskie-rozszerzony\"><img loading=\"lazy\" decoding=\"async\" width=\"800\" height=\"200\" src=\"https:\/\/www.alab.pl\/centrum-wiedzy\/wp-content\/uploads\/2024\/01\/Pakiet-hormony-meskie-3-badania-jpg.webp\" alt=\"pakiet hormony m\u0119skie\" class=\"wp-image-11565\" srcset=\"https:\/\/www.alab.pl\/centrum-wiedzy\/wp-content\/uploads\/2024\/01\/Pakiet-hormony-meskie-3-badania-jpg.webp 800w, https:\/\/www.alab.pl\/centrum-wiedzy\/wp-content\/uploads\/2024\/01\/Pakiet-hormony-meskie-3-badania-jpg-768x192.webp 768w, https:\/\/www.alab.pl\/centrum-wiedzy\/wp-content\/uploads\/2024\/01\/Pakiet-hormony-meskie-3-badania-jpg-150x38.webp 150w, https:\/\/www.alab.pl\/centrum-wiedzy\/wp-content\/uploads\/2024\/01\/Pakiet-hormony-meskie-3-badania-jpg-300x75.webp 300w, https:\/\/www.alab.pl\/centrum-wiedzy\/wp-content\/uploads\/2024\/01\/Pakiet-hormony-meskie-3-badania-jpg-696x174.webp 696w\" sizes=\"auto, (max-width: 800px) 100vw, 800px\" \/><\/a><\/figure>\n\n\n\n<h3 class=\"wp-block-heading\" id=\"Objawy-u-kobiet\">Objawy u kobiet<\/h3>\n\n\n\n<ul class=\"wp-block-list\">\n<li>Pierwotny brak miesi\u0105czki.<\/li>\n\n\n\n<li>S\u0142abo rozwini\u0119te cechy p\u0142ciowe, takie jak piersi czy ow\u0142osienie \u0142onowe.<\/li>\n\n\n\n<li>Niep\u0142odno\u015b\u0107, wynikaj\u0105ca z braku owulacji.<\/li>\n<\/ul>\n\n\n\n<figure class=\"wp-block-image size-full\"><a href=\"https:\/\/www.alab.pl\/pakiet\/pakiet-hormony-kobiece-rozszerzony\"><img loading=\"lazy\" decoding=\"async\" width=\"800\" height=\"200\" src=\"https:\/\/www.alab.pl\/centrum-wiedzy\/wp-content\/uploads\/2023\/09\/pakiet-hormony-kobiece-rozszerzony-baner-jpg.webp\" alt=\"pakiet hormony kobiece rozszerzony\" class=\"wp-image-8893\" srcset=\"https:\/\/www.alab.pl\/centrum-wiedzy\/wp-content\/uploads\/2023\/09\/pakiet-hormony-kobiece-rozszerzony-baner-jpg.webp 800w, https:\/\/www.alab.pl\/centrum-wiedzy\/wp-content\/uploads\/2023\/09\/pakiet-hormony-kobiece-rozszerzony-baner-jpg-768x192.webp 768w, https:\/\/www.alab.pl\/centrum-wiedzy\/wp-content\/uploads\/2023\/09\/pakiet-hormony-kobiece-rozszerzony-baner-jpg-150x38.webp 150w, https:\/\/www.alab.pl\/centrum-wiedzy\/wp-content\/uploads\/2023\/09\/pakiet-hormony-kobiece-rozszerzony-baner-jpg-300x75.webp 300w, https:\/\/www.alab.pl\/centrum-wiedzy\/wp-content\/uploads\/2023\/09\/pakiet-hormony-kobiece-rozszerzony-baner-jpg-696x174.webp 696w\" sizes=\"auto, (max-width: 800px) 100vw, 800px\" \/><\/a><\/figure>\n\n\n\n<h3 class=\"wp-block-heading\" id=\"Objawy-wsp\u00f3lne-dla-obu-p\u0142ci\">Objawy wsp\u00f3lne dla obu p\u0142ci<\/h3>\n\n\n\n<ul class=\"wp-block-list\">\n<li>Anosmia lub hiposmia, czyli brak lub os\u0142abienie zmys\u0142u w\u0119chu.<\/li>\n\n\n\n<li>Wrodzone wady rozwojowe, takie jak:<br>ektopia nerek (nieprawid\u0142owe po\u0142o\u017cenie nerek),<br>rozszczep podniebienia,<br>asymetria twarzy.<\/li>\n\n\n\n<li>Szeroka rozpi\u0119to\u015b\u0107 ramion, wysokoros\u0142o\u015b\u0107.<\/li>\n\n\n\n<li>Problemy neurologiczne, np. zaburzenia ruchu ga\u0142ek ocznych.<\/li>\n<\/ul>\n\n\n\n<h2 class=\"wp-block-heading\" id=\"Diagnostyka-zespo\u0142u-Kallmanna-\">Diagnostyka zespo\u0142u Kallmanna\u00a0<\/h2>\n\n\n\n<p>Wczesne rozpoznanie zespo\u0142u Kallmanna mo\u017ce by\u0107 trudne, a proces diagnostyczny obejmuje kilka etap\u00f3w:<\/p>\n\n\n\n<ul class=\"wp-block-list\">\n<li><strong>Wywiad lekarski<\/strong><br>Kluczowe znaczenie ma dok\u0142adny wywiad dotycz\u0105cy op\u00f3\u017anionego dojrzewania, niep\u0142odno\u015bci oraz problem\u00f3w z w\u0119chem.<\/li>\n\n\n\n<li><strong>Badania hormonalne<\/strong><br>Niskie poziomy gonadotropin &#8211; <a href=\"https:\/\/www.alab.pl\/badanie\/folikulotropina-fsh-l65\">FSH<\/a> i <a href=\"https:\/\/www.alab.pl\/badanie\/luteotropina-lh-l67\">LH<\/a> &#8211; przy jednoczesnym niedoborze hormon\u00f3w p\u0142ciowych (<a href=\"https:\/\/www.alab.pl\/badanie\/testosteron-o41\">testosteronu<\/a> u m\u0119\u017cczyzn, <a href=\"https:\/\/www.alab.pl\/badanie\/estradiol-e2-k99\">estradiolu<\/a> u kobiet).<\/li>\n\n\n\n<li><strong>Badania genetyczne<\/strong><br><a href=\"https:\/\/www.alab.pl\/badanie\/genetyczny-panel-diagnostyczny-endokrynologia-metoda-ngs-badanie-z-konsultacja\">Wykrycie mutacji <\/a>w genach zwi\u0105zanych z zespo\u0142em Kallmanna, takich jak KAL1, FGFR1, PROKR2.<\/li>\n\n\n\n<li><strong>Badania obrazowe<\/strong><br>Rezonans magnetyczny okolicy podwzg\u00f3rzowo-przysadkowej, wykluczenie innych przyczyn hipogonadyzmu.<\/li>\n\n\n\n<li><strong>Testy zmys\u0142u w\u0119<\/strong><strong>chu<\/strong><br>Ocena funkcji w\u0119chu za pomoc\u0105 test\u00f3w olfaktometrycznych (np. Scratch-and-Sniff Test).<\/li>\n<\/ul>\n\n\n\n<figure class=\"wp-block-image size-full\"><a href=\"https:\/\/www.alab.pl\/badanie\/genetyczny-panel-diagnostyczny-endokrynologia-metoda-ngs-badanie-z-konsultacja\"><img loading=\"lazy\" decoding=\"async\" width=\"800\" height=\"200\" src=\"https:\/\/www.alab.pl\/centrum-wiedzy\/wp-content\/uploads\/2024\/12\/Endokrynologia-\u2013-genetyczny-panel-diagnostyczny-met.-NGS-badanie-z-konsultacja.jpg\" alt=\"Endokrynologia \u2013 genetyczny panel diagnostyczny met. NGS (badanie z konsultacja\u0328)\" class=\"wp-image-19904\" srcset=\"https:\/\/www.alab.pl\/centrum-wiedzy\/wp-content\/uploads\/2024\/12\/Endokrynologia-\u2013-genetyczny-panel-diagnostyczny-met.-NGS-badanie-z-konsultacja.jpg 800w, https:\/\/www.alab.pl\/centrum-wiedzy\/wp-content\/uploads\/2024\/12\/Endokrynologia-\u2013-genetyczny-panel-diagnostyczny-met.-NGS-badanie-z-konsultacja-768x192.jpg 768w, https:\/\/www.alab.pl\/centrum-wiedzy\/wp-content\/uploads\/2024\/12\/Endokrynologia-\u2013-genetyczny-panel-diagnostyczny-met.-NGS-badanie-z-konsultacja-150x38.jpg 150w, https:\/\/www.alab.pl\/centrum-wiedzy\/wp-content\/uploads\/2024\/12\/Endokrynologia-\u2013-genetyczny-panel-diagnostyczny-met.-NGS-badanie-z-konsultacja-300x75.jpg 300w, https:\/\/www.alab.pl\/centrum-wiedzy\/wp-content\/uploads\/2024\/12\/Endokrynologia-\u2013-genetyczny-panel-diagnostyczny-met.-NGS-badanie-z-konsultacja-696x174.jpg 696w\" sizes=\"auto, (max-width: 800px) 100vw, 800px\" \/><\/a><\/figure>\n\n\n\n<h2 class=\"wp-block-heading\" id=\"Leczenie-zespo\u0142u-Kallmanna\">Leczenie zespo\u0142u Kallmanna<\/h2>\n\n\n\n<p>Zesp\u00f3\u0142 Kallmanna jest schorzeniem o pod\u0142o\u017cu genetycznym, jednak dost\u0119pne s\u0105 skuteczne metody leczenia, kt\u00f3re pozwalaj\u0105 na znaczn\u0105 popraw\u0119 jako\u015bci \u017cycia pacjent\u00f3w.<\/p>\n\n\n\n<ul class=\"wp-block-list\">\n<li><strong>Terapia hormonalna (leczenie substytucyjne)<\/strong><br>U m\u0119\u017cczyzn: Testosteron w postaci iniekcji, \u017celu lub plastr\u00f3w, co pozwala na rozw\u00f3j cech m\u0119skich i popraw\u0119 libido.<br>U kobiet: Terapia estrogenowo-progestagenowa, maj\u0105ca na celu rozw\u00f3j drugorz\u0119dowych cech p\u0142ciowych oraz regulacj\u0119 cyklu miesi\u0105czkowego.<\/li>\n\n\n\n<li><strong>Indukcja p\u0142odno\u015bci<\/strong><br>Gonadotropiny (FSH i LH) stosowane w terapii stymuluj\u0105cej funkcj\u0119 jajnik\u00f3w i j\u0105der.<br>Pulsacyjne podawanie GnRH w przypadku pacjent\u00f3w z zachowan\u0105 funkcj\u0105 podwzg\u00f3rza.<\/li>\n\n\n\n<li><strong>Korekcja wad wrodzonych (np. chirurgia rozszczepu podniebienia).<\/strong><\/li>\n\n\n\n<li><strong>Leczenie zaburze\u0144 okulistycznych lub neurologicznych.<\/strong><\/li>\n\n\n\n<li><strong>Wsparcie psychologiczne<\/strong><br>Pomoc psychologiczna lub psychiatryczna jest istotna ze wzgl\u0119du na wp\u0142yw choroby na samoocen\u0119 oraz jako\u015b\u0107 \u017cycia pacjent\u00f3w.<\/li>\n<\/ul>\n\n\n\n<h2 class=\"wp-block-heading\" id=\"Zako\u0144czenie\">Zako\u0144czenie<\/h2>\n\n\n\n<p>Zesp\u00f3\u0142 Kallmanna to rzadkie, lecz dobrze zdefiniowane schorzenie, kt\u00f3re dzi\u0119ki odpowiedniej diagnostyce i leczeniu mo\u017ce by\u0107 skutecznie leczone. Wsp\u00f3\u0142czesna medycyna pozwala na przywr\u00f3cenie r\u00f3wnowagi hormonalnej oraz, w wielu przypadkach, na indukcj\u0119 p\u0142odno\u015bci. Je\u015bli zauwa\u017casz u siebie lub bliskich objawy sugeruj\u0105ce zesp\u00f3\u0142 Kallmanna \u2013 op\u00f3\u017anione dojrzewanie p\u0142ciowe, anosmi\u0119 lub niep\u0142odno\u015b\u0107 \u2013 nie zwlekaj z konsultacj\u0105 lekarsk\u0105. Wczesne wykrycie choroby znacz\u0105co zwi\u0119ksza skuteczno\u015b\u0107 leczenia i poprawia komfort \u017cycia.<\/p>\n\n\n\n<hr class=\"wp-block-separator has-alpha-channel-opacity\"\/>\n\n\n\n<p><strong>Bibliografia<\/strong><strong><\/strong><\/p>\n\n\n\n<ol class=\"wp-block-list\">\n<li>Lenarcik A., Kos-Kud\u0142a B. Zesp\u00f3\u0142 Kallmanna \u2013 rzadki zesp\u00f3\u0142 hipogonadyzmu hipogonadotropowego. Endokrynologia Polska, 2010.<\/li>\n\n\n\n<li>Sieradzka U., Zesp\u00f3\u0142 Kallmanna \u2013 diagnostyka i leczenie. Medycyna Praktyczna \u2013 Endokrynologia, 2018.<\/li>\n\n\n\n<li>Lewi\u0144ski A., Karasek M. Endokrynologia kliniczna. Wydawnictwo Lekarskie PZWL, Warszawa, 2017.<\/li>\n<\/ol>\n\n\n\n<p><\/p>\n","protected":false},"excerpt":{"rendered":"<p>Dowiedz si\u0119, czym dok\u0142adnie jest zesp\u00f3\u0142 Kallmanna, jakie s\u0105 jego objawy, przyczyny, metody diagnostyczne oraz opcje leczenia.<\/p>\n","protected":false},"author":175,"featured_media":20277,"comment_status":"closed","ping_status":"closed","sticky":false,"template":"","format":"standard","meta":{"_acf_changed":false,"inline_featured_image":false,"footnotes":""},"categories":[21,22],"tags":[],"coauthors":[214],"class_list":{"0":"post-20276","1":"post","2":"type-post","3":"status-publish","4":"format-standard","5":"has-post-thumbnail","7":"category-genetyka","8":"category-gospodarka-hormonalna"},"acf":[],"yoast_head":"<!-- This site is optimized with the Yoast SEO plugin v27.5 - https:\/\/yoast.com\/product\/yoast-seo-wordpress\/ -->\n<title>Zesp\u00f3\u0142 Kallmanna \u2013 objawy, przyczyny, diagnostyka i leczenie\u00a0\u00a0\u00a0\u00a0\u00a0 - Centrum Wiedzy ALAB laboratoria<\/title>\n<meta name=\"description\" content=\"Dowiedz si\u0119, czym dok\u0142adnie jest zesp\u00f3\u0142 Kallmanna, jakie s\u0105 jego objawy, przyczyny, metody diagnostyczne oraz opcje leczenia.\" \/>\n<meta name=\"robots\" content=\"index, follow, max-snippet:-1, max-image-preview:large, max-video-preview:-1\" \/>\n<link rel=\"canonical\" href=\"https:\/\/www.alab.pl\/centrum-wiedzy\/zespol-kallmanna-objawy-przyczyny-diagnostyka-i-leczenie\/\" \/>\n<meta property=\"og:locale\" content=\"pl_PL\" \/>\n<meta property=\"og:type\" content=\"article\" \/>\n<meta property=\"og:title\" content=\"Zesp\u00f3\u0142 Kallmanna \u2013 objawy, przyczyny, diagnostyka i leczenie\u00a0\u00a0\u00a0\u00a0\u00a0 - Centrum Wiedzy ALAB laboratoria\" \/>\n<meta property=\"og:description\" content=\"Dowiedz si\u0119, czym dok\u0142adnie jest zesp\u00f3\u0142 Kallmanna, jakie s\u0105 jego objawy, przyczyny, metody diagnostyczne oraz opcje leczenia.\" \/>\n<meta property=\"og:url\" content=\"https:\/\/www.alab.pl\/centrum-wiedzy\/zespol-kallmanna-objawy-przyczyny-diagnostyka-i-leczenie\/\" \/>\n<meta property=\"og:site_name\" content=\"Centrum Wiedzy ALAB laboratoria\" \/>\n<meta property=\"article:publisher\" content=\"https:\/\/www.facebook.com\/ALABlaboratoria\" \/>\n<meta property=\"article:published_time\" content=\"2024-12-30T14:28:04+00:00\" \/>\n<meta property=\"article:modified_time\" content=\"2024-12-30T14:28:06+00:00\" \/>\n<meta property=\"og:image\" content=\"https:\/\/www.alab.pl\/centrum-wiedzy\/wp-content\/uploads\/2024\/12\/zespol_kallmana.jpg\" \/>\n\t<meta property=\"og:image:width\" content=\"1696\" \/>\n\t<meta property=\"og:image:height\" content=\"1131\" \/>\n\t<meta property=\"og:image:type\" content=\"image\/jpeg\" \/>\n<meta name=\"author\" content=\"Sara Aszkie\u0142owicz\" \/>\n<meta name=\"twitter:card\" content=\"summary_large_image\" \/>\n<meta name=\"twitter:label1\" content=\"Napisane przez\" \/>\n\t<meta name=\"twitter:data1\" content=\"Sara Aszkie\u0142owicz\" \/>\n\t<meta name=\"twitter:label2\" content=\"Szacowany czas czytania\" \/>\n\t<meta name=\"twitter:data2\" content=\"6 minut\" \/>\n\t<meta name=\"twitter:label3\" content=\"Written by\" \/>\n\t<meta name=\"twitter:data3\" content=\"Sara Aszkie\u0142owicz\" \/>\n<!-- \/ Yoast SEO plugin. -->","yoast_head_json":{"title":"Zesp\u00f3\u0142 Kallmanna \u2013 objawy, przyczyny, diagnostyka i leczenie\u00a0\u00a0\u00a0\u00a0\u00a0 - Centrum Wiedzy ALAB laboratoria","description":"Dowiedz si\u0119, czym dok\u0142adnie jest zesp\u00f3\u0142 Kallmanna, jakie s\u0105 jego objawy, przyczyny, metody diagnostyczne oraz opcje leczenia.","robots":{"index":"index","follow":"follow","max-snippet":"max-snippet:-1","max-image-preview":"max-image-preview:large","max-video-preview":"max-video-preview:-1"},"canonical":"https:\/\/www.alab.pl\/centrum-wiedzy\/zespol-kallmanna-objawy-przyczyny-diagnostyka-i-leczenie\/","og_locale":"pl_PL","og_type":"article","og_title":"Zesp\u00f3\u0142 Kallmanna \u2013 objawy, przyczyny, diagnostyka i leczenie\u00a0\u00a0\u00a0\u00a0\u00a0 - Centrum Wiedzy ALAB laboratoria","og_description":"Dowiedz si\u0119, czym dok\u0142adnie jest zesp\u00f3\u0142 Kallmanna, jakie s\u0105 jego objawy, przyczyny, metody diagnostyczne oraz opcje leczenia.","og_url":"https:\/\/www.alab.pl\/centrum-wiedzy\/zespol-kallmanna-objawy-przyczyny-diagnostyka-i-leczenie\/","og_site_name":"Centrum Wiedzy ALAB laboratoria","article_publisher":"https:\/\/www.facebook.com\/ALABlaboratoria","article_published_time":"2024-12-30T14:28:04+00:00","article_modified_time":"2024-12-30T14:28:06+00:00","og_image":[{"width":1696,"height":1131,"url":"https:\/\/www.alab.pl\/centrum-wiedzy\/wp-content\/uploads\/2024\/12\/zespol_kallmana.jpg","type":"image\/jpeg"}],"author":"Sara Aszkie\u0142owicz","twitter_card":"summary_large_image","twitter_misc":{"Napisane przez":"Sara Aszkie\u0142owicz","Szacowany czas czytania":"6 minut","Written by":"Sara Aszkie\u0142owicz"},"schema":{"@context":"https:\/\/schema.org","@graph":[{"@type":"Article","@id":"https:\/\/www.alab.pl\/centrum-wiedzy\/zespol-kallmanna-objawy-przyczyny-diagnostyka-i-leczenie\/#article","isPartOf":{"@id":"https:\/\/www.alab.pl\/centrum-wiedzy\/zespol-kallmanna-objawy-przyczyny-diagnostyka-i-leczenie\/"},"author":{"name":"Sara Aszkie\u0142owicz","@id":"https:\/\/www.alab.pl\/centrum-wiedzy\/#\/schema\/person\/e1bd348f3902b896c4bf8ccdc5f54b4f"},"headline":"Zesp\u00f3\u0142 Kallmanna \u2013 objawy, przyczyny, diagnostyka i leczenie\u00a0\u00a0\u00a0\u00a0\u00a0","datePublished":"2024-12-30T14:28:04+00:00","dateModified":"2024-12-30T14:28:06+00:00","mainEntityOfPage":{"@id":"https:\/\/www.alab.pl\/centrum-wiedzy\/zespol-kallmanna-objawy-przyczyny-diagnostyka-i-leczenie\/"},"wordCount":953,"publisher":{"@id":"https:\/\/www.alab.pl\/centrum-wiedzy\/#organization"},"image":{"@id":"https:\/\/www.alab.pl\/centrum-wiedzy\/zespol-kallmanna-objawy-przyczyny-diagnostyka-i-leczenie\/#primaryimage"},"thumbnailUrl":"https:\/\/www.alab.pl\/centrum-wiedzy\/wp-content\/uploads\/2024\/12\/zespol_kallmana.jpg","articleSection":["Genetyka","Gospodarka hormonalna"],"inLanguage":"pl-PL"},{"@type":"WebPage","@id":"https:\/\/www.alab.pl\/centrum-wiedzy\/zespol-kallmanna-objawy-przyczyny-diagnostyka-i-leczenie\/","url":"https:\/\/www.alab.pl\/centrum-wiedzy\/zespol-kallmanna-objawy-przyczyny-diagnostyka-i-leczenie\/","name":"Zesp\u00f3\u0142 Kallmanna \u2013 objawy, przyczyny, diagnostyka i leczenie\u00a0\u00a0\u00a0\u00a0\u00a0 - Centrum Wiedzy ALAB laboratoria","isPartOf":{"@id":"https:\/\/www.alab.pl\/centrum-wiedzy\/#website"},"primaryImageOfPage":{"@id":"https:\/\/www.alab.pl\/centrum-wiedzy\/zespol-kallmanna-objawy-przyczyny-diagnostyka-i-leczenie\/#primaryimage"},"image":{"@id":"https:\/\/www.alab.pl\/centrum-wiedzy\/zespol-kallmanna-objawy-przyczyny-diagnostyka-i-leczenie\/#primaryimage"},"thumbnailUrl":"https:\/\/www.alab.pl\/centrum-wiedzy\/wp-content\/uploads\/2024\/12\/zespol_kallmana.jpg","datePublished":"2024-12-30T14:28:04+00:00","dateModified":"2024-12-30T14:28:06+00:00","description":"Dowiedz si\u0119, czym dok\u0142adnie jest zesp\u00f3\u0142 Kallmanna, jakie s\u0105 jego objawy, przyczyny, metody diagnostyczne oraz opcje leczenia.","breadcrumb":{"@id":"https:\/\/www.alab.pl\/centrum-wiedzy\/zespol-kallmanna-objawy-przyczyny-diagnostyka-i-leczenie\/#breadcrumb"},"inLanguage":"pl-PL","potentialAction":[{"@type":"ReadAction","target":["https:\/\/www.alab.pl\/centrum-wiedzy\/zespol-kallmanna-objawy-przyczyny-diagnostyka-i-leczenie\/"]}]},{"@type":"ImageObject","inLanguage":"pl-PL","@id":"https:\/\/www.alab.pl\/centrum-wiedzy\/zespol-kallmanna-objawy-przyczyny-diagnostyka-i-leczenie\/#primaryimage","url":"https:\/\/www.alab.pl\/centrum-wiedzy\/wp-content\/uploads\/2024\/12\/zespol_kallmana.jpg","contentUrl":"https:\/\/www.alab.pl\/centrum-wiedzy\/wp-content\/uploads\/2024\/12\/zespol_kallmana.jpg","width":1696,"height":1131,"caption":"zesp\u00f3\u0142 kallmana"},{"@type":"BreadcrumbList","@id":"https:\/\/www.alab.pl\/centrum-wiedzy\/zespol-kallmanna-objawy-przyczyny-diagnostyka-i-leczenie\/#breadcrumb","itemListElement":[{"@type":"ListItem","position":1,"name":"Strona g\u0142\u00f3wna","item":"https:\/\/www.alab.pl\/centrum-wiedzy\/"},{"@type":"ListItem","position":2,"name":"Zesp\u00f3\u0142 Kallmanna \u2013 objawy, przyczyny, diagnostyka i leczenie\u00a0\u00a0\u00a0\u00a0\u00a0"}]},{"@type":"WebSite","@id":"https:\/\/www.alab.pl\/centrum-wiedzy\/#website","url":"https:\/\/www.alab.pl\/centrum-wiedzy\/","name":"Centrum Wiedzy ALAB laboratoria","description":"","publisher":{"@id":"https:\/\/www.alab.pl\/centrum-wiedzy\/#organization"},"potentialAction":[{"@type":"SearchAction","target":{"@type":"EntryPoint","urlTemplate":"https:\/\/www.alab.pl\/centrum-wiedzy\/?s={search_term_string}"},"query-input":{"@type":"PropertyValueSpecification","valueRequired":true,"valueName":"search_term_string"}}],"inLanguage":"pl-PL"},{"@type":"Organization","@id":"https:\/\/www.alab.pl\/centrum-wiedzy\/#organization","name":"Centrum Wiedzy ALAB laboratoria","url":"https:\/\/www.alab.pl\/centrum-wiedzy\/","logo":{"@type":"ImageObject","inLanguage":"pl-PL","@id":"https:\/\/www.alab.pl\/centrum-wiedzy\/#\/schema\/logo\/image\/","url":"https:\/\/www.alab.pl\/centrum-wiedzy\/wp-content\/uploads\/2022\/04\/alabek.jpg","contentUrl":"https:\/\/www.alab.pl\/centrum-wiedzy\/wp-content\/uploads\/2022\/04\/alabek.jpg","width":1250,"height":1251,"caption":"Centrum Wiedzy ALAB laboratoria"},"image":{"@id":"https:\/\/www.alab.pl\/centrum-wiedzy\/#\/schema\/logo\/image\/"},"sameAs":["https:\/\/www.facebook.com\/ALABlaboratoria"]},{"@type":"Person","@id":"https:\/\/www.alab.pl\/centrum-wiedzy\/#\/schema\/person\/e1bd348f3902b896c4bf8ccdc5f54b4f","name":"Sara Aszkie\u0142owicz","image":{"@type":"ImageObject","inLanguage":"pl-PL","@id":"https:\/\/www.alab.pl\/centrum-wiedzy\/wp-content\/uploads\/2024\/12\/Sara-Aszkielowicz.jpga3c8b438ba9bbe816fb0922931f740b7","url":"https:\/\/www.alab.pl\/centrum-wiedzy\/wp-content\/uploads\/2024\/12\/Sara-Aszkielowicz.jpg","contentUrl":"https:\/\/www.alab.pl\/centrum-wiedzy\/wp-content\/uploads\/2024\/12\/Sara-Aszkielowicz.jpg","caption":"Sara Aszkie\u0142owicz"},"description":"Absolwentka Wydzia\u0142u Lekarskiego Uniwersytetu Medycznego w \u0141odzi, obecnie odbywaj\u0105ca szkolenie specjalizacyjne w Klinice Endokrynologii i Chor\u00f3b Metabolicznych Instytutu Centrum Zdrowia Matki Polki w \u0141odzi. Jej zainteresowania naukowe koncentruj\u0105 si\u0119 na zaburzeniach wzrastania, przedwczesnym i op\u00f3\u017aniaj\u0105cym si\u0119 dojrzewaniu p\u0142ciowym, chorobach nadnerczy oraz zaburzeniach mineralizacji ko\u015bci i gospodarki wapniowo-fosforanowej u dzieci.","url":"https:\/\/www.alab.pl\/centrum-wiedzy\/author\/sara-aszkielowicz\/"}]}},"_links":{"self":[{"href":"https:\/\/www.alab.pl\/centrum-wiedzy\/wp-json\/wp\/v2\/posts\/20276","targetHints":{"allow":["GET"]}}],"collection":[{"href":"https:\/\/www.alab.pl\/centrum-wiedzy\/wp-json\/wp\/v2\/posts"}],"about":[{"href":"https:\/\/www.alab.pl\/centrum-wiedzy\/wp-json\/wp\/v2\/types\/post"}],"author":[{"embeddable":true,"href":"https:\/\/www.alab.pl\/centrum-wiedzy\/wp-json\/wp\/v2\/users\/175"}],"replies":[{"embeddable":true,"href":"https:\/\/www.alab.pl\/centrum-wiedzy\/wp-json\/wp\/v2\/comments?post=20276"}],"version-history":[{"count":6,"href":"https:\/\/www.alab.pl\/centrum-wiedzy\/wp-json\/wp\/v2\/posts\/20276\/revisions"}],"predecessor-version":[{"id":20287,"href":"https:\/\/www.alab.pl\/centrum-wiedzy\/wp-json\/wp\/v2\/posts\/20276\/revisions\/20287"}],"wp:featuredmedia":[{"embeddable":true,"href":"https:\/\/www.alab.pl\/centrum-wiedzy\/wp-json\/wp\/v2\/media\/20277"}],"wp:attachment":[{"href":"https:\/\/www.alab.pl\/centrum-wiedzy\/wp-json\/wp\/v2\/media?parent=20276"}],"wp:term":[{"taxonomy":"category","embeddable":true,"href":"https:\/\/www.alab.pl\/centrum-wiedzy\/wp-json\/wp\/v2\/categories?post=20276"},{"taxonomy":"post_tag","embeddable":true,"href":"https:\/\/www.alab.pl\/centrum-wiedzy\/wp-json\/wp\/v2\/tags?post=20276"},{"taxonomy":"author","embeddable":true,"href":"https:\/\/www.alab.pl\/centrum-wiedzy\/wp-json\/wp\/v2\/coauthors?post=20276"}],"curies":[{"name":"wp","href":"https:\/\/api.w.org\/{rel}","templated":true}]}}