{"id":20315,"date":"2025-01-02T12:49:54","date_gmt":"2025-01-02T11:49:54","guid":{"rendered":"https:\/\/www.alab.pl\/centrum-wiedzy\/?p=20315"},"modified":"2025-01-02T12:49:55","modified_gmt":"2025-01-02T11:49:55","slug":"onycholiza-co-to-jest-objawy-przyczyny-diagnostyka-i-leczenie-onycholizy-paznokcia","status":"publish","type":"post","link":"https:\/\/www.alab.pl\/centrum-wiedzy\/onycholiza-co-to-jest-objawy-przyczyny-diagnostyka-i-leczenie-onycholizy-paznokcia\/","title":{"rendered":"Onycholiza \u2013 co to jest? Objawy, przyczyny, diagnostyka i leczenie onycholizy paznokcia\u00a0\u00a0\u00a0\u00a0\u00a0"},"content":{"rendered":"\n<p><strong>Czy zauwa\u017cy\u0142e\u015b, \u017ce Tw\u00f3j paznokie\u0107 zaczyna oddziela\u0107 si\u0119 od \u0142o\u017cyska? To mo\u017ce<\/strong><strong> by\u0107 onycholiza, czyli zjawisko kt\u00f3re polega na oddzieleniu si\u0119 p\u0142ytki paznokciowej od znajduj\u0105cego si\u0119 pod ni\u0105 \u0142o\u017cyska. Zmiany te cho\u0107 cz\u0119sto bagatelizowane, mog\u0105 sygnalizowa\u0107 powa\u017cniejsze problemy zdrowotne lub prowadzi\u0107 do nieprzyjemnych powik\u0142a\u0144. Onycholiza objawia si\u0119 zmianami w wygl\u0105dzie paznokcia, kt\u00f3re mog\u0105 wp\u0142ywa\u0107 nie tylko na aspekt estetyczny, ale tak\u017ce na komfort \u017cycia codziennego.<\/strong> <strong>Dowiedz si\u0119, jak rozpozna\u0107 onycholiz\u0119, jakie s\u0105 jej przyczyny oraz jak skutecznie j\u0105 leczy\u0107.<\/strong><\/p>\n\n\n\n<p>Spis tre\u015bci:<\/p>\n\n\n\n<ol class=\"wp-block-list\">\n<li><a href=\"#Co-to-jest-onycholiza?\">Co to jest onycholiza?<\/a>\n<ul class=\"wp-block-list\">\n<li><a href=\"#Onycholiza-paznokcia-\u2013-jak-wygl\u0105da?\">Onycholiza paznokcia \u2013 jak wygl\u0105da?<\/a><\/li>\n<\/ul>\n<\/li>\n\n\n\n<li><a href=\"#Onycholiza-a-grzybica\">Onycholiza a grzybica<\/a><\/li>\n\n\n\n<li><a href=\"#Przyczyny-onycholizy\">Przyczyny onycholizy<\/a><\/li>\n\n\n\n<li><a href=\"#Diagnostyka-onycholizy\">Diagnostyka onycholizy<\/a><\/li>\n\n\n\n<li><a href=\"#Leczenie-onycholizy\">Leczenie onycholizy<\/a><\/li>\n<\/ol>\n\n\n\n<h2 class=\"wp-block-heading\" id=\"Co-to-jest-onycholiza?\">Co to jest onycholiza?<\/h2>\n\n\n\n<p>Onycholiza to cz\u0119\u015bciowe <strong>oddzielenie si\u0119 p\u0142ytki paznokciowej od \u0142o\u017cyska<\/strong>. Proces ten zwykle rozpoczyna si\u0119 od wolnego brzegu paznokcia i post\u0119puje w kierunku jego nasady. Chocia\u017c onycholiza najcz\u0119\u015bciej dotyczy paznokci d\u0142oni, mo\u017ce r\u00f3wnie\u017c wyst\u0119powa\u0107 na paznokciach st\u00f3p.<\/p>\n\n\n\n<p>Onycholiza mo\u017ce dotyczy\u0107 obu p\u0142ci, wszystkich grup wiekowych i ras, ale najcz\u0119\u015bciej wyst\u0119puje u <strong>doros\u0142ych kobiet<\/strong>.<\/p>\n\n\n\n<h3 class=\"wp-block-heading\" id=\"Onycholiza-paznokcia-\u2013-jak-wygl\u0105da?\">Onycholiza paznokcia \u2013 jak wygl\u0105da?<\/h3>\n\n\n\n<p>Z klinicznego punktu widzenia onycholiza objawia si\u0119 <strong>zmian\u0105 <\/strong><strong>zabarwienia paznokcia, w miejscu, gdzie dochodzi do utraty integralno\u015bci pomi\u0119dzy \u0142o\u017cyskiem, a p\u0142ytk\u0105 paznokciow\u0105<\/strong> \u2013 w tym miejscu p\u0142ytka przyjmuje typowo bia\u0142awe lub \u017c\u00f3\u0142tawe zabarwienie. W miejscach odwarstwienia <strong>p\u0142ytka staje si\u0119 przezroczysta<\/strong>, a granica mi\u0119dzy zdrow\u0105 a zmienion\u0105 tkank\u0105 jest wyra\u017anie widoczna. Paznokie\u0107 cz\u0119sto wygl\u0105da na <strong>pogrubiony<\/strong> i <strong>zniekszta\u0142cony<\/strong>, staje si\u0119 <strong>kruchy<\/strong> i <strong>\u0142amliwy<\/strong>. W przypadku ostrej onycholizy mo\u017ce wyst\u0105pi\u0107 krwotok podpaznokciowy (ma to miejsce do\u015b\u0107 cz\u0119sto w onycholizie pourazowej) oraz niekiedy bolesno\u015b\u0107 &#8211; w przypadku towarzysz\u0105cego zmianom stanu zapalnego.<\/p>\n\n\n\n<h2 class=\"wp-block-heading\" id=\"Onycholiza-a-grzybica\">Onycholiza a grzybica<\/h2>\n\n\n\n<p>Onycholiza bywa cz\u0119sto mylona z grzybic\u0105 paznokci (onychomikoz\u0105), ale s\u0105 to r\u00f3\u017cne schorzenia. W przypadku grzybicy paznokie\u0107 jest zwykle bardziej matowy i kruchy, podczas gdy w onycholizie g\u0142\u00f3wnym objawem jest odklejanie si\u0119 p\u0142ytki.<\/p>\n\n\n\n<p>Warto pami\u0119ta\u0107 \u017ce przewlek\u0142a onycholiza mo\u017ce sprzyja\u0107 rozwojowi infekcji grzybiczych paznokci, dlatego tak wa\u017cna jest jej prawid\u0142owa diagnostyka.<\/p>\n\n\n\n<p><strong>>> Przeczytaj tak\u017ce: <a href=\"https:\/\/www.alab.pl\/centrum-wiedzy\/lamliwe-rozdwajajace-sie-i-kruche-paznokcie-stan-paznokci-a-zdrowie\/\">\u0141amliwe, rozdwajaj\u0105ce si\u0119 i kruche paznokcie. Stan paznokci a zdrowie<\/a>.<\/strong><\/p>\n\n\n\n<h2 class=\"wp-block-heading\" id=\"Przyczyny-onycholizy\">Przyczyny onycholizy<\/h2>\n\n\n\n<p>Przyczyny onycholizy s\u0105 zr\u00f3\u017cnicowane i mog\u0105 mie\u0107 charakter mechaniczny, chemiczny, dermatologiczny lub og\u00f3lnoustrojowy. Do najcz\u0119stszych nale\u017c\u0105:<\/p>\n\n\n\n<ul class=\"wp-block-list\">\n<li><strong>Czynniki mechaniczne<\/strong> &#8211;\u00a0 naci\u015bni\u0119cie, uderzenie lub uszkodzenie paznokcia mo\u017ce prowadzi\u0107 do oddzielenia si\u0119 p\u0142ytki paznokciowej od \u0142o\u017cyska;<\/li>\n\n\n\n<li><strong>Czynniki chemiczne<\/strong> &#8211; nadmierne stosowanie lakier\u00f3w do paznokci, zmywaczy i detergent\u00f3w,<\/li>\n\n\n\n<li><strong>Choroby sk\u00f3ry<\/strong>;<\/li>\n\n\n\n<li><strong>Infekcje p\u0142ytki paznokciowej<\/strong> &#8211; bakteryjne (np. <em>Pseudomonas aeruginosa<\/em>) oraz grzybicze,<\/li>\n\n\n\n<li><strong>Choroby og\u00f3lnoustrojowe<\/strong> &#8211;\u00a0 nadczynno\u015b\u0107 tarczycy, cukrzyca, niedokrwisto\u015b\u0107;<\/li>\n\n\n\n<li><strong>Leki <\/strong>&#8211; niekt\u00f3re antybiotyki, czy leki stosowane w przebiegu chemioterapii;<\/li>\n\n\n\n<li><strong>Niew\u0142a\u015bciwa higiena i piel\u0119gnacja paznokci<\/strong> &#8211; zbyt cz\u0119ste moczenie paznokci, nadmierne przycinanie lub niew\u0142a\u015bciwe szlifowanie paznokci;<\/li>\n\n\n\n<li><strong>Zaburzenia kr\u0105\u017cenia<\/strong> &#8211; problemy z kr\u0105\u017ceniem obwodowym mog\u0105 prowadzi\u0107 do pogorszenia stanu\u00a0 paznokci;<\/li>\n\n\n\n<li><strong>Niedobory \u017cywieniowe<\/strong> &#8211; niedob\u00f3r witamin i mikroelement\u00f3w, zw\u0142aszcza cynku czy witamin z grupy B, mo\u017ce os\u0142abi\u0107 struktur\u0119 paznokci.<\/li>\n<\/ul>\n\n\n\n<p>Warto mie\u0107 \u015bwiadomo\u015b\u0107, \u017ce onycholiza mo\u017ce r\u00f3wnie\u017c wpisywa\u0107 si\u0119 w obraz kliniczny niekt\u00f3rych schorze\u0144 dermatologicznych, w tym mi\u0119dzy innymi:<\/p>\n\n\n\n<ul class=\"wp-block-list\">\n<li><a href=\"https:\/\/www.alab.pl\/centrum-wiedzy\/luszczyca-rodzaje-objawy-rozpoznanie-leczenie\/\">\u0142uszczycy<\/a> pospolitej,<\/li>\n\n\n\n<li><a href=\"https:\/\/www.alab.pl\/centrum-wiedzy\/liszaj-plaski-objawy-rodzaje-diagnostyka-i-leczenie\/\">liszaja p\u0142askiego<\/a>,<\/li>\n\n\n\n<li>\u0142ysienia plackowatego,<\/li>\n\n\n\n<li>p\u0119cherzowego oddzielania si\u0119 nask\u00f3rka,<\/li>\n\n\n\n<li>toksycznej nekrolizy nask\u00f3rka,<\/li>\n\n\n\n<li><a href=\"https:\/\/www.alab.pl\/centrum-wiedzy\/pecherzyca-typy-objawy-przyczyny-leczenie-choroby\/#P%C4%99cherzyca-%E2%80%93-typy-choroby--\">p\u0119cherzycy<\/a> zwyk\u0142ej.<\/li>\n<\/ul>\n\n\n\n<p>Co wi\u0119cej, onycholiza mo\u017ce towarzyszy\u0107 erytrodermii. Erytrodermia to stan dermatologiczny, cechuj\u0105cy si\u0119 zaj\u0119ciem przez zmiany rumieniowo-z\u0142uszczaj\u0105ce ponad 90% powierzchni sk\u00f3ry. Erytrodermia mo\u017ce wyst\u0105pi\u0107 w przebiegu takich dermatoz jak \u0142uszczyca pospolita, ch\u0142oniaki sk\u00f3ry, <a href=\"https:\/\/www.alab.pl\/centrum-wiedzy\/atopowe-zapalenie-skory-azs\/\">atopowe zapalenie sk\u00f3ry<\/a>, czy p\u0119cherzyca li\u015bciasta. Nale\u017cy wyra\u017anie podkre\u015bli\u0107, \u017ce erytrodermia niewiadomego pochodzenia wymaga wyja\u015bnienia jej przyczyny oraz wykluczenia obecno\u015bci choroby nowotworowej.&nbsp;<\/p>\n\n\n\n<p>Zastanawiasz si\u0119 czy kondycja Twoich w\u0142os\u00f3w, sk\u00f3ry i paznokci mo\u017ce by\u0107 wynikiem niedobor\u00f3w minera\u0142\u00f3w? Sprawd\u017a szczeg\u00f3\u0142y badania <a href=\"https:\/\/www.alab.pl\/pakiet\/pakiet-zdrowa-skora-wlosy-i-paznokcie-suplementacja-rozszerzony\">Pakiet zdrowa sk\u00f3ra, w\u0142osy i paznokcie<\/a>.<\/p>\n\n\n\n<h2 class=\"wp-block-heading\" id=\"Diagnostyka-onycholizy\">Diagnostyka onycholizy<\/h2>\n\n\n\n<p>Diagnostyka onycholizy opiera si\u0119 na dok\u0142adnie zebranym wywiadzie chorobowym oraz wnikliwym badaniu fizykalnym przeprowadzonym przez lekarza dermatologa. W razie potrzeby mog\u0105 by\u0107 wykonane dodatkowe badania i procedury, w tym przede wszystkim:<\/p>\n\n\n\n<ul class=\"wp-block-list\">\n<li><strong>badanie mykologiczne<\/strong> &#8211; czyli tak zwane zeskrobiny z paznokci, celem badania jest wykluczenie grzybicy,<\/li>\n\n\n\n<li><strong>biopsj\u0119 sk\u00f3ry<\/strong> &#8211; je\u017celi onycholizie towarzysz\u0105 nieokre\u015blone zmiany sk\u00f3rne, to warto wykona\u0107 wycinek sk\u00f3ry i badanie histopatologiczne, poniewa\u017c mo\u017ce okaza\u0107 si\u0119, \u017ce onycholiza jest tylko jednym z objaw\u00f3w i towarzyszy liszajowi p\u0142askiemu lub innej dermatozie,<\/li>\n\n\n\n<li><strong>badanie USG Doppler (\u017cylny i t\u0119tniczy) <\/strong>&#8211; pozwala na ocen\u0119 kr\u0105\u017cenia obwodowego w obr\u0119bie ko\u0144czyn dolnych i ewentualne zdiagnozowanie zaburze\u0144 naczyniowych,<\/li>\n\n\n\n<li><strong>onychoskopi\u0119<\/strong> &#8211; a wi\u0119c dermatoskopi\u0119 wykonan\u0105 w obr\u0119bie p\u0142ytki paznokciowej.<\/li>\n<\/ul>\n\n\n\n<p>Onycholiza wymaga r\u00f3wnie\u017c wykonania pewnych bada\u0144 laboratoryjnych, kt\u00f3re mog\u0105 wskaza\u0107 na jej przyczyn\u0119. W diagnostyce onycholizy warto wykona\u0107 oznaczenie:<\/p>\n\n\n\n<ul class=\"wp-block-list\">\n<li><a href=\"https:\/\/www.alab.pl\/badanie\/glukoza-l43\"><strong>st\u0119\u017cenia glukozy na czczo<\/strong><\/a> &#8211; w celu wykluczenia cukrzycy,<\/li>\n\n\n\n<li><a href=\"https:\/\/www.alab.pl\/badanie\/morfologia-krwi-c55\"><strong>morfologii krwi obwodowej<\/strong><\/a> &#8211; w poszukiwaniu niedokrwisto\u015bci,<\/li>\n\n\n\n<li><a href=\"https:\/\/www.alab.pl\/badanie\/ferrytyna-l05\"><strong>st\u0119\u017cenia ferrytyny<\/strong><\/a> &#8211; w celu okre\u015blenia rezerw \u017celaza w organizmie,<\/li>\n\n\n\n<li><a href=\"https:\/\/www.alab.pl\/pakiet\/pakiet-tarczycowy-rozszerzony\"><strong>panelu tarczycowego<\/strong><\/a><strong> (st\u0119\u017cenie TSH, fT3, fT4)<\/strong> &#8211; w celu wykluczenia schorze\u0144 tarczycy.<\/li>\n<\/ul>\n\n\n\n<p>W niekt\u00f3rych przypadkach onycholiza mo\u017ce towarzyszy\u0107 schorzeniom reumatologicznym. Przy takim podejrzeniu warto wykona\u0107 podstawowe badania w kierunku schorze\u0144 tkanki \u0142\u0105cznej, w tym na przyk\u0142ad oznaczenie <strong>przeciwcia\u0142 przeciwj\u0105drowych<\/strong>.<\/p>\n\n\n\n<figure class=\"wp-block-image size-full\"><a href=\"https:\/\/www.alab.pl\/pakiet\/pakiet-zdrowa-skora-wlosy-i-paznokcie-suplementacja-rozszerzony\"><img loading=\"lazy\" decoding=\"async\" width=\"800\" height=\"200\" src=\"https:\/\/www.alab.pl\/centrum-wiedzy\/wp-content\/uploads\/2024\/07\/akiet-zdrowa-skora-wlosy-i-paznokcie-\u2013-suplementacja-rozszerzony-6-badan__-jpg.webp\" alt=\"Pakiet zdrowa sko\u0301ra, w\u0142osy i paznokcie \u2013 suplementacja rozszerzony (6 badan\u0301)__\" class=\"wp-image-15977\" srcset=\"https:\/\/www.alab.pl\/centrum-wiedzy\/wp-content\/uploads\/2024\/07\/akiet-zdrowa-skora-wlosy-i-paznokcie-\u2013-suplementacja-rozszerzony-6-badan__-jpg.webp 800w, https:\/\/www.alab.pl\/centrum-wiedzy\/wp-content\/uploads\/2024\/07\/akiet-zdrowa-skora-wlosy-i-paznokcie-\u2013-suplementacja-rozszerzony-6-badan__-jpg-768x192.webp 768w, https:\/\/www.alab.pl\/centrum-wiedzy\/wp-content\/uploads\/2024\/07\/akiet-zdrowa-skora-wlosy-i-paznokcie-\u2013-suplementacja-rozszerzony-6-badan__-jpg-150x38.webp 150w, https:\/\/www.alab.pl\/centrum-wiedzy\/wp-content\/uploads\/2024\/07\/akiet-zdrowa-skora-wlosy-i-paznokcie-\u2013-suplementacja-rozszerzony-6-badan__-jpg-300x75.webp 300w, https:\/\/www.alab.pl\/centrum-wiedzy\/wp-content\/uploads\/2024\/07\/akiet-zdrowa-skora-wlosy-i-paznokcie-\u2013-suplementacja-rozszerzony-6-badan__-jpg-696x174.webp 696w\" sizes=\"auto, (max-width: 800px) 100vw, 800px\" \/><\/a><\/figure>\n\n\n\n<h2 class=\"wp-block-heading\" id=\"Leczenie-onycholizy\">Leczenie onycholizy<\/h2>\n\n\n\n<p>Nale\u017cy pami\u0119ta\u0107, \u017ce odwarstwiona cz\u0119\u015b\u0107 paznokcia nie przyro\u015bnie ponownie do \u0142o\u017cyska. Celem leczenia jest wi\u0119c zadbanie o to, aby nowo rosn\u0105cy paznokie\u0107 nie oddziela\u0142 si\u0119 dalej od macierzy.<\/p>\n\n\n\n<p><strong>Og\u00f3lne \u015brodki lecznicze obejmuj\u0105:<\/strong><\/p>\n\n\n\n<p>&#8211; Regularne przycinanie uszkodzonego paznokcia, utrzymywanie go w kr\u00f3tkiej d\u0142ugo\u015bci, aby unikn\u0105\u0107 dalszych uraz\u00f3w.<\/p>\n\n\n\n<p>&#8211; Unikanie czynno\u015bci, kt\u00f3re mog\u0105 prowadzi\u0107 do kolejnych uszkodze\u0144 paznokcia i \u0142o\u017cyska paznokciowego, np. chodzenie\/bieganie w zbyt ciasnym obuwiu.<\/p>\n\n\n\n<p>&#8211; Ograniczenie stosowania lakier\u00f3w do paznokci, zmywaczy, rozpuszczalnik\u00f3w i detergent\u00f3w, kt\u00f3re mog\u0105 podra\u017cnia\u0107 i os\u0142abia\u0107 paznokie\u0107.<\/p>\n\n\n\n<p>&#8211; Wykonywanie prac w r\u0119kawiczkach, szczeg\u00f3lnie stosowanie lekkich r\u0119kawiczek bawe\u0142nianych pod r\u0119kawiczkami winylowymi podczas pracy w mokrym \u015brodowisku, aby chroni\u0107 paznokcie.<\/p>\n\n\n\n<p><strong>Leczenie specyficzne onycholizy<\/strong> zale\u017cy od jej przyczyny. Mo\u017ce to oznacza\u0107 zaprzestanie lub zmian\u0119 stosowanego leku, leczenie infekcji paznokcia lub odpowiednie post\u0119powanie w przypadku chor\u00f3b og\u00f3lnoustrojowych lub dermatoz. Onycholiza, kt\u00f3ra ma kr\u00f3tkotrwa\u0142y przebieg i znan\u0105 przyczyn\u0119, mo\u017ce zosta\u0107 wyleczona. Paznokcie r\u0105k rosn\u0105 \u015brednio 4-6 miesi\u0119cy, natomiast paznokcie st\u00f3p rosn\u0105 dwa razy d\u0142u\u017cej, dlatego na efekty leczenia trzeba poczeka\u0107.<\/p>\n\n\n\n<p><strong>Je\u015bli zauwa\u017cy\u0142e\u015b u siebie objawy onycholizy lub masz w\u0105tpliwo\u015bci co do kondycji swoich paznokci, nie czekaj, a\u017c problem si\u0119 pog\u0142\u0119bi. Skonsultuj si\u0119 z dermatologiem lub podologiem, aby przeprowadzi\u0107 odpowiednie badania i rozpocz\u0105\u0107 leczenie.<\/strong> <strong>Wczesna terapia i stosowanie si\u0119 do zalece\u0144 mo\u017ce pom\u00f3c unikn\u0105\u0107 trwa\u0142ych uszkodze\u0144 paznokci i poprawi\u0107 ich stan.<\/strong><\/p>\n\n\n\n<p><strong>Opieka merytoryczna i wsp\u00f3\u0142praca: lek. Katarzyna Banaszczyk<\/strong><\/p>\n\n\n\n<hr class=\"wp-block-separator has-alpha-channel-opacity\"\/>\n\n\n\n<p><strong>Bibliografia<\/strong><\/p>\n\n\n\n<ol start=\"1\" class=\"wp-block-list\">\n<li>V\u00e9lez NF., Jellinek NJ. <em>Simple onycholysis: a diagnosis of exclusion.<\/em> J Am Acad Dermatol. 2014 Apr;70(4):793-794.<\/li>\n\n\n\n<li>Zaias N., Escovar SX., Zaiac MN. <em>Finger and toenail onycholysis. <\/em>J Eur Acad Dermatol Venereol. 2015 May;29(5):848-53.<\/li>\n\n\n\n<li>https:\/\/www.healthline.com\/health\/onycholysis<\/li>\n\n\n\n<li>Braun-Falco O., Plewing G., Wolff H.H. i wsp.: Dermatologia. Wydawnictwo Czelej, Lublin 2010.<\/li>\n\n\n\n<li>Grover C., Chauhan A. <em>Idiopathic\/Simple Onycholysis: Response to Combination Topical Therapy.<\/em> Indian Dermatol Online J. 2022 Sep 5;13(5):643-647.<\/li>\n<\/ol>\n","protected":false},"excerpt":{"rendered":"<p>Onycholiza objawia si\u0119 zmianami w wygl\u0105dzie paznokcia. Sprawd\u017a, jak rozpozna\u0107 onycholiz\u0119, jakie s\u0105 jej przyczyny oraz jak j\u0105 leczy\u0107.<\/p>\n","protected":false},"author":166,"featured_media":20320,"comment_status":"closed","ping_status":"closed","sticky":false,"template":"","format":"standard","meta":{"_acf_changed":false,"inline_featured_image":false,"footnotes":""},"categories":[12],"tags":[],"coauthors":[217],"class_list":{"0":"post-20315","1":"post","2":"type-post","3":"status-publish","4":"format-standard","5":"has-post-thumbnail","7":"category-choroby-skory"},"acf":[],"yoast_head":"<!-- This site is optimized with the Yoast SEO plugin v27.5 - https:\/\/yoast.com\/product\/yoast-seo-wordpress\/ -->\n<title>Onycholiza \u2013 co to jest? Objawy, przyczyny, diagnostyka i leczenie onycholizy paznokcia\u00a0\u00a0\u00a0\u00a0\u00a0 - Centrum Wiedzy ALAB laboratoria<\/title>\n<meta name=\"description\" content=\"Onycholiza objawia si\u0119 zmianami w wygl\u0105dzie paznokcia. Sprawd\u017a, jak rozpozna\u0107 onycholiz\u0119, jakie s\u0105 jej przyczyny oraz jak j\u0105 leczy\u0107.\" \/>\n<meta name=\"robots\" content=\"index, follow, max-snippet:-1, max-image-preview:large, max-video-preview:-1\" \/>\n<link rel=\"canonical\" href=\"https:\/\/www.alab.pl\/centrum-wiedzy\/onycholiza-co-to-jest-objawy-przyczyny-diagnostyka-i-leczenie-onycholizy-paznokcia\/\" \/>\n<meta property=\"og:locale\" content=\"pl_PL\" \/>\n<meta property=\"og:type\" content=\"article\" \/>\n<meta property=\"og:title\" content=\"Onycholiza \u2013 co to jest? Objawy, przyczyny, diagnostyka i leczenie onycholizy paznokcia\u00a0\u00a0\u00a0\u00a0\u00a0 - Centrum Wiedzy ALAB laboratoria\" \/>\n<meta property=\"og:description\" content=\"Onycholiza objawia si\u0119 zmianami w wygl\u0105dzie paznokcia. Sprawd\u017a, jak rozpozna\u0107 onycholiz\u0119, jakie s\u0105 jej przyczyny oraz jak j\u0105 leczy\u0107.\" \/>\n<meta property=\"og:url\" content=\"https:\/\/www.alab.pl\/centrum-wiedzy\/onycholiza-co-to-jest-objawy-przyczyny-diagnostyka-i-leczenie-onycholizy-paznokcia\/\" \/>\n<meta property=\"og:site_name\" content=\"Centrum Wiedzy ALAB laboratoria\" \/>\n<meta property=\"article:publisher\" content=\"https:\/\/www.facebook.com\/ALABlaboratoria\" \/>\n<meta property=\"article:published_time\" content=\"2025-01-02T11:49:54+00:00\" \/>\n<meta property=\"article:modified_time\" content=\"2025-01-02T11:49:55+00:00\" \/>\n<meta property=\"og:image\" content=\"https:\/\/www.alab.pl\/centrum-wiedzy\/wp-content\/uploads\/2025\/01\/onycholiza-.jpg\" \/>\n\t<meta property=\"og:image:width\" content=\"2558\" \/>\n\t<meta property=\"og:image:height\" content=\"1705\" \/>\n\t<meta property=\"og:image:type\" content=\"image\/jpeg\" \/>\n<meta name=\"author\" content=\"Weronika Dobrewa\" \/>\n<meta name=\"twitter:card\" content=\"summary_large_image\" \/>\n<meta name=\"twitter:label1\" content=\"Napisane przez\" \/>\n\t<meta name=\"twitter:data1\" content=\"Weronika Dobrewa\" \/>\n\t<meta name=\"twitter:label2\" content=\"Szacowany czas czytania\" \/>\n\t<meta name=\"twitter:data2\" content=\"7 minut\" \/>\n\t<meta name=\"twitter:label3\" content=\"Written by\" \/>\n\t<meta name=\"twitter:data3\" content=\"Weronika Dobrewa\" \/>\n<!-- \/ Yoast SEO plugin. -->","yoast_head_json":{"title":"Onycholiza \u2013 co to jest? Objawy, przyczyny, diagnostyka i leczenie onycholizy paznokcia\u00a0\u00a0\u00a0\u00a0\u00a0 - Centrum Wiedzy ALAB laboratoria","description":"Onycholiza objawia si\u0119 zmianami w wygl\u0105dzie paznokcia. Sprawd\u017a, jak rozpozna\u0107 onycholiz\u0119, jakie s\u0105 jej przyczyny oraz jak j\u0105 leczy\u0107.","robots":{"index":"index","follow":"follow","max-snippet":"max-snippet:-1","max-image-preview":"max-image-preview:large","max-video-preview":"max-video-preview:-1"},"canonical":"https:\/\/www.alab.pl\/centrum-wiedzy\/onycholiza-co-to-jest-objawy-przyczyny-diagnostyka-i-leczenie-onycholizy-paznokcia\/","og_locale":"pl_PL","og_type":"article","og_title":"Onycholiza \u2013 co to jest? Objawy, przyczyny, diagnostyka i leczenie onycholizy paznokcia\u00a0\u00a0\u00a0\u00a0\u00a0 - Centrum Wiedzy ALAB laboratoria","og_description":"Onycholiza objawia si\u0119 zmianami w wygl\u0105dzie paznokcia. Sprawd\u017a, jak rozpozna\u0107 onycholiz\u0119, jakie s\u0105 jej przyczyny oraz jak j\u0105 leczy\u0107.","og_url":"https:\/\/www.alab.pl\/centrum-wiedzy\/onycholiza-co-to-jest-objawy-przyczyny-diagnostyka-i-leczenie-onycholizy-paznokcia\/","og_site_name":"Centrum Wiedzy ALAB laboratoria","article_publisher":"https:\/\/www.facebook.com\/ALABlaboratoria","article_published_time":"2025-01-02T11:49:54+00:00","article_modified_time":"2025-01-02T11:49:55+00:00","og_image":[{"width":2558,"height":1705,"url":"https:\/\/www.alab.pl\/centrum-wiedzy\/wp-content\/uploads\/2025\/01\/onycholiza-.jpg","type":"image\/jpeg"}],"author":"Weronika Dobrewa","twitter_card":"summary_large_image","twitter_misc":{"Napisane przez":"Weronika Dobrewa","Szacowany czas czytania":"7 minut","Written by":"Weronika Dobrewa"},"schema":{"@context":"https:\/\/schema.org","@graph":[{"@type":"Article","@id":"https:\/\/www.alab.pl\/centrum-wiedzy\/onycholiza-co-to-jest-objawy-przyczyny-diagnostyka-i-leczenie-onycholizy-paznokcia\/#article","isPartOf":{"@id":"https:\/\/www.alab.pl\/centrum-wiedzy\/onycholiza-co-to-jest-objawy-przyczyny-diagnostyka-i-leczenie-onycholizy-paznokcia\/"},"author":{"name":"Weronika Dobrewa","@id":"https:\/\/www.alab.pl\/centrum-wiedzy\/#\/schema\/person\/e5465ddfa70d7317966f2115adbad6cc"},"headline":"Onycholiza \u2013 co to jest? Objawy, przyczyny, diagnostyka i leczenie onycholizy paznokcia\u00a0\u00a0\u00a0\u00a0\u00a0","datePublished":"2025-01-02T11:49:54+00:00","dateModified":"2025-01-02T11:49:55+00:00","mainEntityOfPage":{"@id":"https:\/\/www.alab.pl\/centrum-wiedzy\/onycholiza-co-to-jest-objawy-przyczyny-diagnostyka-i-leczenie-onycholizy-paznokcia\/"},"wordCount":1245,"publisher":{"@id":"https:\/\/www.alab.pl\/centrum-wiedzy\/#organization"},"image":{"@id":"https:\/\/www.alab.pl\/centrum-wiedzy\/onycholiza-co-to-jest-objawy-przyczyny-diagnostyka-i-leczenie-onycholizy-paznokcia\/#primaryimage"},"thumbnailUrl":"https:\/\/www.alab.pl\/centrum-wiedzy\/wp-content\/uploads\/2025\/01\/onycholiza-.jpg","articleSection":["Choroby sk\u00f3ry"],"inLanguage":"pl-PL"},{"@type":"WebPage","@id":"https:\/\/www.alab.pl\/centrum-wiedzy\/onycholiza-co-to-jest-objawy-przyczyny-diagnostyka-i-leczenie-onycholizy-paznokcia\/","url":"https:\/\/www.alab.pl\/centrum-wiedzy\/onycholiza-co-to-jest-objawy-przyczyny-diagnostyka-i-leczenie-onycholizy-paznokcia\/","name":"Onycholiza \u2013 co to jest? Objawy, przyczyny, diagnostyka i leczenie onycholizy paznokcia\u00a0\u00a0\u00a0\u00a0\u00a0 - Centrum Wiedzy ALAB laboratoria","isPartOf":{"@id":"https:\/\/www.alab.pl\/centrum-wiedzy\/#website"},"primaryImageOfPage":{"@id":"https:\/\/www.alab.pl\/centrum-wiedzy\/onycholiza-co-to-jest-objawy-przyczyny-diagnostyka-i-leczenie-onycholizy-paznokcia\/#primaryimage"},"image":{"@id":"https:\/\/www.alab.pl\/centrum-wiedzy\/onycholiza-co-to-jest-objawy-przyczyny-diagnostyka-i-leczenie-onycholizy-paznokcia\/#primaryimage"},"thumbnailUrl":"https:\/\/www.alab.pl\/centrum-wiedzy\/wp-content\/uploads\/2025\/01\/onycholiza-.jpg","datePublished":"2025-01-02T11:49:54+00:00","dateModified":"2025-01-02T11:49:55+00:00","description":"Onycholiza objawia si\u0119 zmianami w wygl\u0105dzie paznokcia. Sprawd\u017a, jak rozpozna\u0107 onycholiz\u0119, jakie s\u0105 jej przyczyny oraz jak j\u0105 leczy\u0107.","breadcrumb":{"@id":"https:\/\/www.alab.pl\/centrum-wiedzy\/onycholiza-co-to-jest-objawy-przyczyny-diagnostyka-i-leczenie-onycholizy-paznokcia\/#breadcrumb"},"inLanguage":"pl-PL","potentialAction":[{"@type":"ReadAction","target":["https:\/\/www.alab.pl\/centrum-wiedzy\/onycholiza-co-to-jest-objawy-przyczyny-diagnostyka-i-leczenie-onycholizy-paznokcia\/"]}]},{"@type":"ImageObject","inLanguage":"pl-PL","@id":"https:\/\/www.alab.pl\/centrum-wiedzy\/onycholiza-co-to-jest-objawy-przyczyny-diagnostyka-i-leczenie-onycholizy-paznokcia\/#primaryimage","url":"https:\/\/www.alab.pl\/centrum-wiedzy\/wp-content\/uploads\/2025\/01\/onycholiza-.jpg","contentUrl":"https:\/\/www.alab.pl\/centrum-wiedzy\/wp-content\/uploads\/2025\/01\/onycholiza-.jpg","width":2558,"height":1705,"caption":"onycholiza"},{"@type":"BreadcrumbList","@id":"https:\/\/www.alab.pl\/centrum-wiedzy\/onycholiza-co-to-jest-objawy-przyczyny-diagnostyka-i-leczenie-onycholizy-paznokcia\/#breadcrumb","itemListElement":[{"@type":"ListItem","position":1,"name":"Strona g\u0142\u00f3wna","item":"https:\/\/www.alab.pl\/centrum-wiedzy\/"},{"@type":"ListItem","position":2,"name":"Onycholiza \u2013 co to jest? Objawy, przyczyny, diagnostyka i leczenie onycholizy paznokcia\u00a0\u00a0\u00a0\u00a0\u00a0"}]},{"@type":"WebSite","@id":"https:\/\/www.alab.pl\/centrum-wiedzy\/#website","url":"https:\/\/www.alab.pl\/centrum-wiedzy\/","name":"Centrum Wiedzy ALAB laboratoria","description":"","publisher":{"@id":"https:\/\/www.alab.pl\/centrum-wiedzy\/#organization"},"potentialAction":[{"@type":"SearchAction","target":{"@type":"EntryPoint","urlTemplate":"https:\/\/www.alab.pl\/centrum-wiedzy\/?s={search_term_string}"},"query-input":{"@type":"PropertyValueSpecification","valueRequired":true,"valueName":"search_term_string"}}],"inLanguage":"pl-PL"},{"@type":"Organization","@id":"https:\/\/www.alab.pl\/centrum-wiedzy\/#organization","name":"Centrum Wiedzy ALAB laboratoria","url":"https:\/\/www.alab.pl\/centrum-wiedzy\/","logo":{"@type":"ImageObject","inLanguage":"pl-PL","@id":"https:\/\/www.alab.pl\/centrum-wiedzy\/#\/schema\/logo\/image\/","url":"https:\/\/www.alab.pl\/centrum-wiedzy\/wp-content\/uploads\/2022\/04\/alabek.jpg","contentUrl":"https:\/\/www.alab.pl\/centrum-wiedzy\/wp-content\/uploads\/2022\/04\/alabek.jpg","width":1250,"height":1251,"caption":"Centrum Wiedzy ALAB laboratoria"},"image":{"@id":"https:\/\/www.alab.pl\/centrum-wiedzy\/#\/schema\/logo\/image\/"},"sameAs":["https:\/\/www.facebook.com\/ALABlaboratoria"]},{"@type":"Person","@id":"https:\/\/www.alab.pl\/centrum-wiedzy\/#\/schema\/person\/e5465ddfa70d7317966f2115adbad6cc","name":"Weronika Dobrewa","image":{"@type":"ImageObject","inLanguage":"pl-PL","@id":"https:\/\/www.alab.pl\/centrum-wiedzy\/wp-content\/uploads\/2024\/05\/Weronika-Dobrewa-jpg-150x149.webp916ab41c25d984d432fbc1e55d5ff10c","url":"https:\/\/www.alab.pl\/centrum-wiedzy\/wp-content\/uploads\/2024\/05\/Weronika-Dobrewa-jpg-150x149.webp","contentUrl":"https:\/\/www.alab.pl\/centrum-wiedzy\/wp-content\/uploads\/2024\/05\/Weronika-Dobrewa-jpg-150x149.webp","caption":"Weronika Dobrewa"},"description":"Absolwentka angloj\u0119zycznych studi\u00f3w Biotechnologii Medycznej na Uniwersytecie Medycznym w \u0141odzi oraz Kosmetologii Estetycznej. Doktorant Mi\u0119dzynarodowej Szko\u0142y Doktorskiej przy Uniwersytecie Medycznym w \u0141odzi z pasj\u0105 do nauki i ponad 6-letnim do\u015bwiadczeniem w realizowaniu projekt\u00f3w B&amp;R. Laureatka Abstract Achievement Award 2023 \u2013 Ameryka\u0144skiego Towarzystwa Hematologii oraz wsp\u00f3\u0142tw\u00f3rca trzech zg\u0142osze\u0144 patentowych. Na co dzie\u0144 zajmuje si\u0119 wykonywaniem bada\u0144 genetycznych za pomoc\u0105 technologii NGS w Klinice Pediatrii, Onkologii i Hematologii oraz realizacj\u0105 projekt\u00f3w naukowych. W wolnym czasie upi\u0119ksza swoich pacjent\u00f3w w zakresie medycyny estetycznej.","url":"https:\/\/www.alab.pl\/centrum-wiedzy\/author\/weronika-dobrewa\/"}]}},"_links":{"self":[{"href":"https:\/\/www.alab.pl\/centrum-wiedzy\/wp-json\/wp\/v2\/posts\/20315","targetHints":{"allow":["GET"]}}],"collection":[{"href":"https:\/\/www.alab.pl\/centrum-wiedzy\/wp-json\/wp\/v2\/posts"}],"about":[{"href":"https:\/\/www.alab.pl\/centrum-wiedzy\/wp-json\/wp\/v2\/types\/post"}],"author":[{"embeddable":true,"href":"https:\/\/www.alab.pl\/centrum-wiedzy\/wp-json\/wp\/v2\/users\/166"}],"replies":[{"embeddable":true,"href":"https:\/\/www.alab.pl\/centrum-wiedzy\/wp-json\/wp\/v2\/comments?post=20315"}],"version-history":[{"count":5,"href":"https:\/\/www.alab.pl\/centrum-wiedzy\/wp-json\/wp\/v2\/posts\/20315\/revisions"}],"predecessor-version":[{"id":20321,"href":"https:\/\/www.alab.pl\/centrum-wiedzy\/wp-json\/wp\/v2\/posts\/20315\/revisions\/20321"}],"wp:featuredmedia":[{"embeddable":true,"href":"https:\/\/www.alab.pl\/centrum-wiedzy\/wp-json\/wp\/v2\/media\/20320"}],"wp:attachment":[{"href":"https:\/\/www.alab.pl\/centrum-wiedzy\/wp-json\/wp\/v2\/media?parent=20315"}],"wp:term":[{"taxonomy":"category","embeddable":true,"href":"https:\/\/www.alab.pl\/centrum-wiedzy\/wp-json\/wp\/v2\/categories?post=20315"},{"taxonomy":"post_tag","embeddable":true,"href":"https:\/\/www.alab.pl\/centrum-wiedzy\/wp-json\/wp\/v2\/tags?post=20315"},{"taxonomy":"author","embeddable":true,"href":"https:\/\/www.alab.pl\/centrum-wiedzy\/wp-json\/wp\/v2\/coauthors?post=20315"}],"curies":[{"name":"wp","href":"https:\/\/api.w.org\/{rel}","templated":true}]}}