{"id":20334,"date":"2025-01-02T13:47:02","date_gmt":"2025-01-02T12:47:02","guid":{"rendered":"https:\/\/www.alab.pl\/centrum-wiedzy\/?p=20334"},"modified":"2025-01-02T15:09:56","modified_gmt":"2025-01-02T14:09:56","slug":"sledziona-polozenie-funkcje-budowa-choroby","status":"publish","type":"post","link":"https:\/\/www.alab.pl\/centrum-wiedzy\/sledziona-polozenie-funkcje-budowa-choroby\/","title":{"rendered":"\u015aledziona: po\u0142o\u017cenie, funkcje, budowa, choroby\u00a0 \u00a0\u00a0\u00a0\u00a0"},"content":{"rendered":"\n<p><strong>Mimo \u017ce mo\u017cna \u017cy\u0107 bez \u015bledziony, jej usuni\u0119cie wi\u0105\u017ce si\u0119 z trwa\u0142ym os\u0142abieniem organizmu. Warto zrozumie\u0107, jak wa\u017cn\u0105 rol\u0119 odgrywa ten narz\u0105d oraz jakie objawy mog\u0105 wskazywa\u0107 na jego dysfunkcj\u0119. Za co odpowiada \u015bledziona? Co to takiego? Odpowiedzi na te i inne pytania znajdziesz w poni\u017cszym artykule.<\/strong><\/p>\n\n\n\n<p>Spis tre\u015bci:<\/p>\n\n\n\n<ol class=\"wp-block-list\">\n<li><a href=\"#Co-to-jest-\u015bledziona?\">Co to jest \u015bledziona?<\/a>\n<ul class=\"wp-block-list\">\n<li><a href=\"#Jak-wygl\u0105da-\u015bledziona?\">Jak wygl\u0105da \u015bledziona?<\/a><\/li>\n\n\n\n<li><a href=\"#Gdzie-jest-\u015bledziona?\">Gdzie jest \u015bledziona?<\/a><\/li>\n<\/ul>\n<\/li>\n\n\n\n<li><a href=\"#\u015aledziona-\u2014-za-co-odpowiada?\">\u015aledziona \u2014 za co odpowiada?<\/a><\/li>\n\n\n\n<li><a href=\"#Czy-\u015bledziona-boli?\">Czy \u015bledziona boli?<\/a><\/li>\n\n\n\n<li><a href=\"#Jak-zbada\u0107-\u015bledzion\u0119?\">Jak zbada\u0107 \u015bledzion\u0119?<\/a><\/li>\n\n\n\n<li><a href=\"#Choroby-\u015bledziony\">Choroby \u015bledziony<\/a><\/li>\n\n\n\n<li><a href=\"#Zako\u0144czenie\">Zako\u0144czenie<\/a><\/li>\n<\/ol>\n\n\n\n<h2 class=\"wp-block-heading\" id=\"Co-to-jest-\u015bledziona?\">Co to jest \u015bledziona?<\/h2>\n\n\n\n<p>\u015aledziona to <strong>jeden z najwa\u017cniejszych, cho\u0107 cz\u0119sto niedocenianych narz\u0105d\u00f3w wewn\u0119trznych cz\u0142owieka<\/strong>. Cho\u0107 \u015bledziona nie jest niezb\u0119dna do \u017cycia i mo\u017ce zosta\u0107 usuni\u0119ta w wyniku urazu, jej prawid\u0142owe funkcjonowanie ma istotne znaczenie dla zachowania r\u00f3wnowagi organizmu. Pe\u0142ni kluczowe funkcje dla uk\u0142adu krwiono\u015bnego i immunologicznego, b\u0119d\u0105c najwi\u0119kszym narz\u0105dem limfatycznym. Po jej usuni\u0119ciu wzrasta ryzyko ci\u0119\u017ckich infekcji, w tym sepsy, co podkre\u015bla znaczenie profilaktyki, np. poprzez szczepienia.<\/p>\n\n\n\n<h3 class=\"wp-block-heading\" id=\"Jak-wygl\u0105da-\u015bledziona?\">Jak wygl\u0105da \u015bledziona?<\/h3>\n\n\n\n<p>\u015aledziona to <strong>narz\u0105d o owalnym kszta\u0142cie, przypominaj\u0105cym du\u017c\u0105 fasol\u0119, o ciemnoczerwonym lub purpurowym kolorze<\/strong>. Jej rozmiar, zwykle por\u00f3wnywany do zaci\u015bni\u0119tej pi\u0119\u015bci oraz masa, wynosz\u0105ca od 100 do 200 gram\u00f3w, mog\u0105 zmienia\u0107 si\u0119 w zale\u017cno\u015bci od wype\u0142nienia krwi\u0105. \u015aledziona jest otoczona torebk\u0105 w\u0142\u00f3knist\u0105 oraz b\u0142on\u0105 surowicz\u0105, kt\u00f3re zapewniaj\u0105 jej ochron\u0119 i integralno\u015b\u0107.<\/p>\n\n\n\n<p><strong>Wn\u0119trze \u015bledziony zbudowane jest z dw\u00f3ch g\u0142\u00f3wnych element\u00f3w: miazgi czerwonej i bia\u0142ej<\/strong>, kt\u00f3re pe\u0142ni\u0105 bardzo wa\u017cne funkcje. Miazga czerwona, stanowi\u0105ca oko\u0142o 70% narz\u0105du, jest odpowiedzialna za filtrowanie krwi, usuwanie starych lub uszkodzonych erytrocyt\u00f3w oraz magazynowanie \u017celaza. Miazga bia\u0142a, zajmuj\u0105ca pozosta\u0142e 30%, zbudowana z limfocyt\u00f3w, umo\u017cliwia wy\u0142apywanie oraz zwalczanie patogen\u00f3w.<\/p>\n\n\n<div class=\"wp-block-image\">\n<figure class=\"aligncenter size-full is-resized\"><img loading=\"lazy\" decoding=\"async\" width=\"980\" height=\"779\" src=\"https:\/\/www.alab.pl\/centrum-wiedzy\/wp-content\/uploads\/2025\/01\/polozenie-i-budowa-sledziony-infografika.jpg\" alt=\"\" class=\"wp-image-20346\" style=\"width:849px;height:auto\" srcset=\"https:\/\/www.alab.pl\/centrum-wiedzy\/wp-content\/uploads\/2025\/01\/polozenie-i-budowa-sledziony-infografika.jpg 980w, https:\/\/www.alab.pl\/centrum-wiedzy\/wp-content\/uploads\/2025\/01\/polozenie-i-budowa-sledziony-infografika-768x610.jpg 768w, https:\/\/www.alab.pl\/centrum-wiedzy\/wp-content\/uploads\/2025\/01\/polozenie-i-budowa-sledziony-infografika-150x119.jpg 150w, https:\/\/www.alab.pl\/centrum-wiedzy\/wp-content\/uploads\/2025\/01\/polozenie-i-budowa-sledziony-infografika-300x238.jpg 300w, https:\/\/www.alab.pl\/centrum-wiedzy\/wp-content\/uploads\/2025\/01\/polozenie-i-budowa-sledziony-infografika-696x553.jpg 696w\" sizes=\"auto, (max-width: 980px) 100vw, 980px\" \/><\/figure><\/div>\n\n\n<h3 class=\"wp-block-heading\" id=\"Gdzie-jest-\u015bledziona?\">Gdzie jest \u015bledziona?<\/h3>\n\n\n\n<p>Po kt\u00f3rej stronie jest \u015bledziona u cz\u0142owieka? <strong>Znajduje si\u0119 ona w lewym g\u00f3rnym rogu jamy brzusznej, pod \u017cebrami, pomi\u0119dzy dziewi\u0105tym a jedenastym \u017cebrem<\/strong>. Le\u017cy wewn\u0105trzotrzewnowo, tu\u017c poni\u017cej przepony, mi\u0119dzy \u017co\u0142\u0105dkiem a lew\u0105 nerk\u0105. Jej lokalizacja sprawia, \u017ce jest dobrze chroniona przez otaczaj\u0105ce narz\u0105dy, takie jak \u017co\u0142\u0105dek, jelito grube, ogon trzustki oraz dolny p\u0142at lewego p\u0142uca. Blisko\u015b\u0107 \u017co\u0142\u0105dka i narz\u0105d\u00f3w uk\u0142adu limfatycznego umo\u017cliwia \u015bledzionie skuteczne filtrowanie krwi i eliminowanie patogen\u00f3w oraz uszkodzonych krwinek. W przypadku splenomegalii (powi\u0119kszenia \u015bledziony) mo\u017ce ona sta\u0107 si\u0119 wyczuwalna poni\u017cej \u0142uku \u017cebrowego.<\/p>\n\n\n\n<p>\u015aledziona nie jest wyczuwalna palpacyjnie, chyba \u017ce zostanie chorobowo powi\u0119kszona. W dolnej cz\u0119\u015bci \u015bledziony znajduj\u0105 si\u0119 \u017cy\u0142a wrotna, przez kt\u00f3r\u0105 t\u0119tnica \u015bledzionowa dostarcza krew bogat\u0105 w tlen i sk\u0142adniki od\u017cywcze, a \u017cy\u0142a \u015bledzionowa odprowadza przefiltrowan\u0105 krew. Unaczynienie narz\u0105du pochodzi od pnia trzewnego, a unerwienie zapewniaj\u0105 nerw b\u0142\u0119dny (przywsp\u00f3\u0142czulne) oraz metamerowe segmenty Th5\u20139 (wsp\u00f3\u0142czulne). Dzi\u0119ki tej strategicznej lokalizacji i po\u0142\u0105czeniom \u015bledziona odgrywa wa\u017cn\u0105 rol\u0119 w ochronie i wspomaganiu uk\u0142adu odporno\u015bciowego.<\/p>\n\n\n\n<h2 class=\"wp-block-heading\" id=\"\u015aledziona-\u2014-za-co-odpowiada?\">\u015aledziona \u2014 za co odpowiada?<\/h2>\n\n\n\n<p>Do czego s\u0142u\u017cy \u015bledziona? Pe\u0142ni ona w organizmie wiele istotnych funkcji. Jej g\u0142\u00f3wn\u0105 rol\u0105 jest <strong>filtracja krwi <\/strong>\u2013 usuwa z krwiobiegu stare i uszkodzone krwinki czerwone, leukocyty, trombocyty oraz mikroorganizmy, chroni\u0105c organizm przed infekcjami i <a href=\"https:\/\/www.alab.pl\/centrum-wiedzy\/anemia-przyczyny-objawy-i-rodzaje-niedokrwistosci\/\">anemi\u0105<\/a>. Narz\u0105d ten wspiera uk\u0142ad odporno\u015bciowy, wytwarzaj\u0105c limfocyty i przeciwcia\u0142a, kt\u00f3re rozpoznaj\u0105 i niszcz\u0105 patogeny. Ponadto narz\u0105d ten jest swoistego rodzaju magazynem krwi, uwalniaj\u0105c dodatkowe zapasy w sytuacjach zwi\u0119kszonego zapotrzebowania, np. podczas uraz\u00f3w z utrat\u0105 krwi.<\/p>\n\n\n\n<p><strong>&gt;&gt; Przeczytaj tak\u017ce: <a href=\"https:\/\/www.alab.pl\/centrum-wiedzy\/jak-wzmocnic-uklad-immunologiczny\/\">Jak wzmocni\u0107 uk\u0142ad immunologiczny u doros\u0142ych i dzieci?<\/a><\/strong><strong><\/strong><\/p>\n\n\n\n<p>Co wi\u0119cej, w \u017cyciu p\u0142odowym <strong>bierze udzia\u0142 w procesie krwiotw\u00f3rczym<\/strong>, produkuj\u0105c krwinki czerwone do pi\u0105tego miesi\u0105ca \u017cycia p\u0142odowego. \u015aledziona <strong>wspomaga r\u00f3wnie\u017c recykling \u017celaza<\/strong> z usuwanych erytrocyt\u00f3w, kt\u00f3re jest wykorzystywane do produkcji nowych kom\u00f3rek krwi. Dzi\u0119ki tej z\u0142o\u017conej funkcji immunologicznej i regulacyjnej stanowi ona stra\u017cnika zdrowia organizmu, cho\u0107 w przypadku jej usuni\u0119cia, cz\u0119\u015b\u0107 jej funkcji przejmuj\u0105 w\u0105troba i w\u0119z\u0142y ch\u0142onne, co jednak prowadzi do os\u0142abienia odporno\u015bci na ca\u0142e \u017cycie.<\/p>\n\n\n\n<p><strong>&gt;&gt; Zobacz r\u00f3wnie\u017c: <a href=\"https:\/\/www.alab.pl\/centrum-wiedzy\/powiekszone-wezly-chlonne-limfadenopatia-przyczyny-diagnostyka\/\">Powi\u0119kszone w\u0119z\u0142y ch\u0142onne (limfadenopatia) \u2013 przyczyny, diagnostyka<\/a><\/strong><strong>.<\/strong><\/p>\n\n\n\n<h2 class=\"wp-block-heading\" id=\"Czy-\u015bledziona-boli?\">Czy \u015bledziona boli?<\/h2>\n\n\n\n<p>\u015aledziona sama w sobie nie boli, poniewa\u017c nie posiada receptor\u00f3w b\u00f3lowych. Jednak b\u00f3l w jej okolicy mo\u017ce by\u0107 odczuwalny w wyniku nacisku na otaczaj\u0105ce tkanki i narz\u0105dy, co zdarza si\u0119 np. przy powi\u0119kszeniu \u015bledziony (splenomegalii). Powi\u0119kszona \u015bledziona mo\u017ce powodowa\u0107 dyskomfort lub uczucie pe\u0142no\u015bci w lewym g\u00f3rnym kwadrancie jamy brzusznej, kt\u00f3re czasem promieniuje do lewego ramienia lub plec\u00f3w.<\/p>\n\n\n\n<h2 class=\"wp-block-heading\" id=\"Jak-zbada\u0107-\u015bledzion\u0119?\">Jak zbada\u0107 \u015bledzion\u0119?<\/h2>\n\n\n\n<p>Badanie \u015bledziony rozpoczyna si\u0119 od dok\u0142adnego wywiadu lekarskiego, podczas kt\u00f3rego pacjent zg\u0142asza objawy i informuje o wyst\u0119powaniu w rodzinie chor\u00f3b takich jak niedokrwisto\u015b\u0107, nowotwory czy schorzenia hematologiczne. Nast\u0119pnie lekarz przeprowadza badanie fizykalne, kt\u00f3re mo\u017ce obejmowa\u0107 pr\u00f3b\u0119 palpacyjnego wyczucia powi\u0119kszenia \u015bledziony, cho\u0107 w normalnych warunkach narz\u0105d ten nie jest wyczuwalny. <strong>W celu dok\u0142adniejszej diagnostyki cz\u0119sto wykonuje si\u0119 badania laboratoryjne<\/strong>, takie jak morfologia krwi oraz CRP bia\u0142ko C-reaktywne.<\/p>\n\n\n\n<figure class=\"wp-block-image size-full\"><a href=\"https:\/\/www.alab.pl\/badanie\/morfologia-krwi-c55\"><img loading=\"lazy\" decoding=\"async\" width=\"800\" height=\"200\" src=\"https:\/\/www.alab.pl\/centrum-wiedzy\/wp-content\/uploads\/2024\/09\/Morfologia-krwi-obwodowej-jpg.webp\" alt=\"Morfologia krwi obwodowej\" class=\"wp-image-16675\" srcset=\"https:\/\/www.alab.pl\/centrum-wiedzy\/wp-content\/uploads\/2024\/09\/Morfologia-krwi-obwodowej-jpg.webp 800w, https:\/\/www.alab.pl\/centrum-wiedzy\/wp-content\/uploads\/2024\/09\/Morfologia-krwi-obwodowej-jpg-768x192.webp 768w, https:\/\/www.alab.pl\/centrum-wiedzy\/wp-content\/uploads\/2024\/09\/Morfologia-krwi-obwodowej-jpg-150x38.webp 150w, https:\/\/www.alab.pl\/centrum-wiedzy\/wp-content\/uploads\/2024\/09\/Morfologia-krwi-obwodowej-jpg-300x75.webp 300w, https:\/\/www.alab.pl\/centrum-wiedzy\/wp-content\/uploads\/2024\/09\/Morfologia-krwi-obwodowej-jpg-696x174.webp 696w\" sizes=\"auto, (max-width: 800px) 100vw, 800px\" \/><\/a><\/figure>\n\n\n\n<figure class=\"wp-block-image size-full\"><a href=\"https:\/\/www.alab.pl\/badanie\/bialko-c-reaktywne-crp-ilosciowe-i81\"><img loading=\"lazy\" decoding=\"async\" width=\"800\" height=\"200\" src=\"https:\/\/www.alab.pl\/centrum-wiedzy\/wp-content\/uploads\/2023\/07\/Badanie-CRP-bialko-C-reaktywne-jpg.webp\" alt=\"CRP bia\u0142ko C-reaktywne\" class=\"wp-image-7340\" srcset=\"https:\/\/www.alab.pl\/centrum-wiedzy\/wp-content\/uploads\/2023\/07\/Badanie-CRP-bialko-C-reaktywne-jpg.webp 800w, https:\/\/www.alab.pl\/centrum-wiedzy\/wp-content\/uploads\/2023\/07\/Badanie-CRP-bialko-C-reaktywne-jpg-768x192.webp 768w, https:\/\/www.alab.pl\/centrum-wiedzy\/wp-content\/uploads\/2023\/07\/Badanie-CRP-bialko-C-reaktywne-jpg-150x38.webp 150w, https:\/\/www.alab.pl\/centrum-wiedzy\/wp-content\/uploads\/2023\/07\/Badanie-CRP-bialko-C-reaktywne-jpg-300x75.webp 300w, https:\/\/www.alab.pl\/centrum-wiedzy\/wp-content\/uploads\/2023\/07\/Badanie-CRP-bialko-C-reaktywne-jpg-696x174.webp 696w\" sizes=\"auto, (max-width: 800px) 100vw, 800px\" \/><\/a><\/figure>\n\n\n\n<p>Kluczowym narz\u0119dziem w ocenie \u015bledziony jest badanie ultrasonograficzne (USG). Umo\u017cliwia ono nieinwazyjne i bezbolesne okre\u015blenie wielko\u015bci oraz struktury narz\u0105du oraz ocen\u0119 przep\u0142ywu krwi w naczyniach krwiono\u015bnych.<\/p>\n\n\n\n<h2 class=\"wp-block-heading\" id=\"Choroby-\u015bledziony\">Choroby \u015bledziony<\/h2>\n\n\n\n<p>Choroby \u015bledziony mog\u0105 mie\u0107 r\u00f3\u017cne przyczyny i cz\u0119sto s\u0105 zwi\u0105zane z og\u00f3lnym stanem zdrowia organizmu. Wiele z nich objawia si\u0119 zmian\u0105 wielko\u015bci lub funkcji tego narz\u0105du. Do najcz\u0119stszych schorze\u0144 \u015bledziony nale\u017c\u0105:<\/p>\n\n\n\n<ul class=\"wp-block-list\">\n<li><strong>splenomegalia<\/strong> \u2014 powi\u0119kszenie \u015bledziony, kt\u00f3re mo\u017ce wyst\u0119powa\u0107 w odpowiedzi na r\u00f3\u017cne choroby, takie jak infekcje (np. mononukleoza zaka\u017ana, cytomegalia, toksoplazmoza), niedokrwisto\u015b\u0107 hemolityczna, <a href=\"https:\/\/www.alab.pl\/centrum-wiedzy\/bialaczka-leukemia-rak-krwi-objawy-rodzaje-diagnostyka-i-leczenie\/\">bia\u0142aczki<\/a>, ch\u0142oniaki czy <a href=\"https:\/\/www.alab.pl\/centrum-wiedzy\/choroby-autoimmunologiczne-czym-sa-objawy-diagnostyka-i-leczenie\/\">choroby autoimmunologiczne<\/a>. \u015aledziona mo\u017ce w\u00f3wczas osi\u0105gn\u0105\u0107 mas\u0119 nawet ponad 1 kg i sta\u0107 si\u0119 wyczuwalna poni\u017cej linii \u017ceber;<\/li>\n\n\n\n<li><strong>hipersplenizm<\/strong> \u2014 nadaktywno\u015b\u0107 \u015bledziony, to stan, w kt\u00f3rym narz\u0105d nadmiernie niszczy krwinki czerwone, bia\u0142e oraz p\u0142ytki krwi, co prowadzi do niedokrwisto\u015bci, leukopenii i trombocytopenii. W przeciwie\u0144stwie do splenomegalii hipersplenizm mo\u017ce wyst\u0105pi\u0107 bez zmiany wielko\u015bci \u015bledziony. Ten stan cz\u0119sto wsp\u00f3\u0142wyst\u0119puje z innymi chorobami, takimi jak <a href=\"https:\/\/www.alab.pl\/centrum-wiedzy\/marskosc-watroby-przyczyny-objawy-i-diagnostyka\/\">marsko\u015b\u0107 w\u0105troby<\/a> lub choroby hematologiczne.<\/li>\n<\/ul>\n\n\n<div class=\"wp-block-image\">\n<figure class=\"aligncenter size-full is-resized\"><img loading=\"lazy\" decoding=\"async\" width=\"980\" height=\"877\" src=\"https:\/\/www.alab.pl\/centrum-wiedzy\/wp-content\/uploads\/2025\/01\/splenomegalia-powiekszenie-sledziony-infografika.jpg\" alt=\"\" class=\"wp-image-20347\" style=\"width:675px;height:auto\" srcset=\"https:\/\/www.alab.pl\/centrum-wiedzy\/wp-content\/uploads\/2025\/01\/splenomegalia-powiekszenie-sledziony-infografika.jpg 980w, https:\/\/www.alab.pl\/centrum-wiedzy\/wp-content\/uploads\/2025\/01\/splenomegalia-powiekszenie-sledziony-infografika-768x687.jpg 768w, https:\/\/www.alab.pl\/centrum-wiedzy\/wp-content\/uploads\/2025\/01\/splenomegalia-powiekszenie-sledziony-infografika-150x134.jpg 150w, https:\/\/www.alab.pl\/centrum-wiedzy\/wp-content\/uploads\/2025\/01\/splenomegalia-powiekszenie-sledziony-infografika-300x268.jpg 300w, https:\/\/www.alab.pl\/centrum-wiedzy\/wp-content\/uploads\/2025\/01\/splenomegalia-powiekszenie-sledziony-infografika-696x623.jpg 696w\" sizes=\"auto, (max-width: 980px) 100vw, 980px\" \/><\/figure><\/div>\n\n\n<h2 class=\"wp-block-heading\" id=\"Zako\u0144czenie\">Zako\u0144czenie<\/h2>\n\n\n\n<p>\u015aledziona, cho\u0107 cz\u0119sto niedoceniana, odgrywa kluczow\u0105 rol\u0119 w funkcjonowaniu uk\u0142adu krwiono\u015bnego i odporno\u015bciowego. Jej zdrowie jest \u015bci\u015ble powi\u0105zane z kondycj\u0105 ca\u0142ego organizmu, dlatego warto zwraca\u0107 uwag\u0119 na objawy mog\u0105ce \u015bwiadczy\u0107 o jej dysfunkcji, takie jak b\u00f3l w lewym pod\u017cebrzu czy nawracaj\u0105ce infekcje. <strong>Dbaj o swoje zdrowie i nie ignoruj sygna\u0142\u00f3w, jakie wysy\u0142a Tw\u00f3j organizm \u2013 wykonaj profilaktyczne <\/strong><a href=\"https:\/\/www.alab.pl\/katalog-badan\/badania\"><strong>badania <\/strong><\/a><strong>i skonsultuj swoje w\u0105tpliwo\u015bci z lekarzem<\/strong>.<\/p>\n\n\n\n<p><strong>Opieka merytoryczna: lek. Katarzyna Ciep\u0142ucha<\/strong><\/p>\n\n\n\n<hr class=\"wp-block-separator has-alpha-channel-opacity\"\/>\n\n\n\n<p><strong>Bibliografia<\/strong><\/p>\n\n\n\n<ol start=\"1\" class=\"wp-block-list\">\n<li>Tarantino G., Savastano S., Capone D., Colao A., Spleen: A new role for an old player? World J Gastroenterol, 2011 Sep 7;17(33):3776-84.<\/li>\n\n\n\n<li>Bronte V., Pittet M.J., The spleen in local and systemic regulation of immunity. Immunity, 2013 Nov 14;39(5):806-18.<\/li>\n\n\n\n<li>Brender E. , Burke A. , Glass R.M., Spleen, JAMA, 2005;294(20):2660.<\/li>\n\n\n\n<li>Zhou R. i inni, A New Role for the Spleen, The American Journal of Pathology, t. 189, rozdz. 11, s. 2233 &#8211; 2245.<\/li>\n\n\n\n<li>Jerves Serrano T. i inni, Hepatomegaly and Splenomegaly: An Approach to the Diagnosis of Lysosomal Storage Diseases. J Clin Med. 2024 Mar 2;13(5):1465.<\/li>\n\n\n\n<li>https:\/\/www.alab.pl\/centrum-wiedzy\/powiekszone-wezly-chlonne-limfadenopatia-przyczyny-diagnostyka\/ [dost\u0119p online: 15.12.2024]<\/li>\n<\/ol>\n","protected":false},"excerpt":{"rendered":"<p>Mimo \u017ce mo\u017cna \u017cy\u0107 bez \u015bledziony, jej usuni\u0119cie wi\u0105\u017ce si\u0119 z trwa\u0142ym os\u0142abieniem organizmu. Za co odpowiada \u015bledziona? Co to takiego? <\/p>\n","protected":false},"author":185,"featured_media":20337,"comment_status":"closed","ping_status":"closed","sticky":false,"template":"","format":"standard","meta":{"_acf_changed":false,"inline_featured_image":false,"footnotes":""},"categories":[28],"tags":[],"coauthors":[224],"class_list":{"0":"post-20334","1":"post","2":"type-post","3":"status-publish","4":"format-standard","5":"has-post-thumbnail","7":"category-warto-wiedziec"},"acf":[],"yoast_head":"<!-- This site is optimized with the Yoast SEO plugin v27.5 - https:\/\/yoast.com\/product\/yoast-seo-wordpress\/ -->\n<title>\u015aledziona: po\u0142o\u017cenie, funkcje, budowa, choroby\u00a0 \u00a0\u00a0\u00a0\u00a0 - Centrum Wiedzy ALAB laboratoria<\/title>\n<meta name=\"description\" content=\"Mimo \u017ce mo\u017cna \u017cy\u0107 bez \u015bledziony, jej usuni\u0119cie wi\u0105\u017ce si\u0119 z trwa\u0142ym os\u0142abieniem organizmu. Za co odpowiada \u015bledziona? Co to takiego?\" \/>\n<meta name=\"robots\" content=\"index, follow, max-snippet:-1, max-image-preview:large, max-video-preview:-1\" \/>\n<link rel=\"canonical\" href=\"https:\/\/www.alab.pl\/centrum-wiedzy\/sledziona-polozenie-funkcje-budowa-choroby\/\" \/>\n<meta property=\"og:locale\" content=\"pl_PL\" \/>\n<meta property=\"og:type\" content=\"article\" \/>\n<meta property=\"og:title\" content=\"\u015aledziona: po\u0142o\u017cenie, funkcje, budowa, choroby\u00a0 \u00a0\u00a0\u00a0\u00a0 - Centrum Wiedzy ALAB laboratoria\" \/>\n<meta property=\"og:description\" content=\"Mimo \u017ce mo\u017cna \u017cy\u0107 bez \u015bledziony, jej usuni\u0119cie wi\u0105\u017ce si\u0119 z trwa\u0142ym os\u0142abieniem organizmu. Za co odpowiada \u015bledziona? Co to takiego?\" \/>\n<meta property=\"og:url\" content=\"https:\/\/www.alab.pl\/centrum-wiedzy\/sledziona-polozenie-funkcje-budowa-choroby\/\" \/>\n<meta property=\"og:site_name\" content=\"Centrum Wiedzy ALAB laboratoria\" \/>\n<meta property=\"article:publisher\" content=\"https:\/\/www.facebook.com\/ALABlaboratoria\" \/>\n<meta property=\"article:published_time\" content=\"2025-01-02T12:47:02+00:00\" \/>\n<meta property=\"article:modified_time\" content=\"2025-01-02T14:09:56+00:00\" \/>\n<meta property=\"og:image\" content=\"https:\/\/www.alab.pl\/centrum-wiedzy\/wp-content\/uploads\/2025\/01\/sledziona.jpg\" \/>\n\t<meta property=\"og:image:width\" content=\"1500\" \/>\n\t<meta property=\"og:image:height\" content=\"1000\" \/>\n\t<meta property=\"og:image:type\" content=\"image\/jpeg\" \/>\n<meta name=\"author\" content=\"Sandra S\u0142uszewska\" \/>\n<meta name=\"twitter:card\" content=\"summary_large_image\" \/>\n<meta name=\"twitter:label1\" content=\"Napisane przez\" \/>\n\t<meta name=\"twitter:data1\" content=\"Sandra S\u0142uszewska\" \/>\n\t<meta name=\"twitter:label2\" content=\"Szacowany czas czytania\" \/>\n\t<meta name=\"twitter:data2\" content=\"8 minut\" \/>\n\t<meta name=\"twitter:label3\" content=\"Written by\" \/>\n\t<meta name=\"twitter:data3\" content=\"Sandra S\u0142uszewska\" \/>\n<!-- \/ Yoast SEO plugin. -->","yoast_head_json":{"title":"\u015aledziona: po\u0142o\u017cenie, funkcje, budowa, choroby\u00a0 \u00a0\u00a0\u00a0\u00a0 - Centrum Wiedzy ALAB laboratoria","description":"Mimo \u017ce mo\u017cna \u017cy\u0107 bez \u015bledziony, jej usuni\u0119cie wi\u0105\u017ce si\u0119 z trwa\u0142ym os\u0142abieniem organizmu. Za co odpowiada \u015bledziona? Co to takiego?","robots":{"index":"index","follow":"follow","max-snippet":"max-snippet:-1","max-image-preview":"max-image-preview:large","max-video-preview":"max-video-preview:-1"},"canonical":"https:\/\/www.alab.pl\/centrum-wiedzy\/sledziona-polozenie-funkcje-budowa-choroby\/","og_locale":"pl_PL","og_type":"article","og_title":"\u015aledziona: po\u0142o\u017cenie, funkcje, budowa, choroby\u00a0 \u00a0\u00a0\u00a0\u00a0 - Centrum Wiedzy ALAB laboratoria","og_description":"Mimo \u017ce mo\u017cna \u017cy\u0107 bez \u015bledziony, jej usuni\u0119cie wi\u0105\u017ce si\u0119 z trwa\u0142ym os\u0142abieniem organizmu. Za co odpowiada \u015bledziona? Co to takiego?","og_url":"https:\/\/www.alab.pl\/centrum-wiedzy\/sledziona-polozenie-funkcje-budowa-choroby\/","og_site_name":"Centrum Wiedzy ALAB laboratoria","article_publisher":"https:\/\/www.facebook.com\/ALABlaboratoria","article_published_time":"2025-01-02T12:47:02+00:00","article_modified_time":"2025-01-02T14:09:56+00:00","og_image":[{"width":1500,"height":1000,"url":"https:\/\/www.alab.pl\/centrum-wiedzy\/wp-content\/uploads\/2025\/01\/sledziona.jpg","type":"image\/jpeg"}],"author":"Sandra S\u0142uszewska","twitter_card":"summary_large_image","twitter_misc":{"Napisane przez":"Sandra S\u0142uszewska","Szacowany czas czytania":"8 minut","Written by":"Sandra S\u0142uszewska"},"schema":{"@context":"https:\/\/schema.org","@graph":[{"@type":"Article","@id":"https:\/\/www.alab.pl\/centrum-wiedzy\/sledziona-polozenie-funkcje-budowa-choroby\/#article","isPartOf":{"@id":"https:\/\/www.alab.pl\/centrum-wiedzy\/sledziona-polozenie-funkcje-budowa-choroby\/"},"author":{"name":"Sandra S\u0142uszewska","@id":"https:\/\/www.alab.pl\/centrum-wiedzy\/#\/schema\/person\/c615ff7d62d585a38d38cc93ab703793"},"headline":"\u015aledziona: po\u0142o\u017cenie, funkcje, budowa, choroby\u00a0 \u00a0\u00a0\u00a0\u00a0","datePublished":"2025-01-02T12:47:02+00:00","dateModified":"2025-01-02T14:09:56+00:00","mainEntityOfPage":{"@id":"https:\/\/www.alab.pl\/centrum-wiedzy\/sledziona-polozenie-funkcje-budowa-choroby\/"},"wordCount":1249,"publisher":{"@id":"https:\/\/www.alab.pl\/centrum-wiedzy\/#organization"},"image":{"@id":"https:\/\/www.alab.pl\/centrum-wiedzy\/sledziona-polozenie-funkcje-budowa-choroby\/#primaryimage"},"thumbnailUrl":"https:\/\/www.alab.pl\/centrum-wiedzy\/wp-content\/uploads\/2025\/01\/sledziona.jpg","articleSection":["Warto wiedzie\u0107"],"inLanguage":"pl-PL"},{"@type":"WebPage","@id":"https:\/\/www.alab.pl\/centrum-wiedzy\/sledziona-polozenie-funkcje-budowa-choroby\/","url":"https:\/\/www.alab.pl\/centrum-wiedzy\/sledziona-polozenie-funkcje-budowa-choroby\/","name":"\u015aledziona: po\u0142o\u017cenie, funkcje, budowa, choroby\u00a0 \u00a0\u00a0\u00a0\u00a0 - Centrum Wiedzy ALAB laboratoria","isPartOf":{"@id":"https:\/\/www.alab.pl\/centrum-wiedzy\/#website"},"primaryImageOfPage":{"@id":"https:\/\/www.alab.pl\/centrum-wiedzy\/sledziona-polozenie-funkcje-budowa-choroby\/#primaryimage"},"image":{"@id":"https:\/\/www.alab.pl\/centrum-wiedzy\/sledziona-polozenie-funkcje-budowa-choroby\/#primaryimage"},"thumbnailUrl":"https:\/\/www.alab.pl\/centrum-wiedzy\/wp-content\/uploads\/2025\/01\/sledziona.jpg","datePublished":"2025-01-02T12:47:02+00:00","dateModified":"2025-01-02T14:09:56+00:00","description":"Mimo \u017ce mo\u017cna \u017cy\u0107 bez \u015bledziony, jej usuni\u0119cie wi\u0105\u017ce si\u0119 z trwa\u0142ym os\u0142abieniem organizmu. Za co odpowiada \u015bledziona? Co to takiego?","breadcrumb":{"@id":"https:\/\/www.alab.pl\/centrum-wiedzy\/sledziona-polozenie-funkcje-budowa-choroby\/#breadcrumb"},"inLanguage":"pl-PL","potentialAction":[{"@type":"ReadAction","target":["https:\/\/www.alab.pl\/centrum-wiedzy\/sledziona-polozenie-funkcje-budowa-choroby\/"]}]},{"@type":"ImageObject","inLanguage":"pl-PL","@id":"https:\/\/www.alab.pl\/centrum-wiedzy\/sledziona-polozenie-funkcje-budowa-choroby\/#primaryimage","url":"https:\/\/www.alab.pl\/centrum-wiedzy\/wp-content\/uploads\/2025\/01\/sledziona.jpg","contentUrl":"https:\/\/www.alab.pl\/centrum-wiedzy\/wp-content\/uploads\/2025\/01\/sledziona.jpg","width":1500,"height":1000,"caption":"\u015bledziona"},{"@type":"BreadcrumbList","@id":"https:\/\/www.alab.pl\/centrum-wiedzy\/sledziona-polozenie-funkcje-budowa-choroby\/#breadcrumb","itemListElement":[{"@type":"ListItem","position":1,"name":"Strona g\u0142\u00f3wna","item":"https:\/\/www.alab.pl\/centrum-wiedzy\/"},{"@type":"ListItem","position":2,"name":"\u015aledziona: po\u0142o\u017cenie, funkcje, budowa, choroby\u00a0 \u00a0\u00a0\u00a0\u00a0"}]},{"@type":"WebSite","@id":"https:\/\/www.alab.pl\/centrum-wiedzy\/#website","url":"https:\/\/www.alab.pl\/centrum-wiedzy\/","name":"Centrum Wiedzy ALAB laboratoria","description":"","publisher":{"@id":"https:\/\/www.alab.pl\/centrum-wiedzy\/#organization"},"potentialAction":[{"@type":"SearchAction","target":{"@type":"EntryPoint","urlTemplate":"https:\/\/www.alab.pl\/centrum-wiedzy\/?s={search_term_string}"},"query-input":{"@type":"PropertyValueSpecification","valueRequired":true,"valueName":"search_term_string"}}],"inLanguage":"pl-PL"},{"@type":"Organization","@id":"https:\/\/www.alab.pl\/centrum-wiedzy\/#organization","name":"Centrum Wiedzy ALAB laboratoria","url":"https:\/\/www.alab.pl\/centrum-wiedzy\/","logo":{"@type":"ImageObject","inLanguage":"pl-PL","@id":"https:\/\/www.alab.pl\/centrum-wiedzy\/#\/schema\/logo\/image\/","url":"https:\/\/www.alab.pl\/centrum-wiedzy\/wp-content\/uploads\/2022\/04\/alabek.jpg","contentUrl":"https:\/\/www.alab.pl\/centrum-wiedzy\/wp-content\/uploads\/2022\/04\/alabek.jpg","width":1250,"height":1251,"caption":"Centrum Wiedzy ALAB laboratoria"},"image":{"@id":"https:\/\/www.alab.pl\/centrum-wiedzy\/#\/schema\/logo\/image\/"},"sameAs":["https:\/\/www.facebook.com\/ALABlaboratoria"]},{"@type":"Person","@id":"https:\/\/www.alab.pl\/centrum-wiedzy\/#\/schema\/person\/c615ff7d62d585a38d38cc93ab703793","name":"Sandra S\u0142uszewska","image":{"@type":"ImageObject","inLanguage":"pl-PL","@id":"https:\/\/www.alab.pl\/centrum-wiedzy\/wp-content\/uploads\/2025\/02\/Sandra-Sluszewska-150x150.jpg1b25111ddf6b1d444f36196b209215a6","url":"https:\/\/www.alab.pl\/centrum-wiedzy\/wp-content\/uploads\/2025\/02\/Sandra-Sluszewska-150x150.jpg","contentUrl":"https:\/\/www.alab.pl\/centrum-wiedzy\/wp-content\/uploads\/2025\/02\/Sandra-Sluszewska-150x150.jpg","caption":"Sandra S\u0142uszewska"},"description":"Z wykszta\u0142cenia biolog, absolwentka biologii na Uniwersytecie Gda\u0144skim. Od lat zwi\u0105zana z bran\u017c\u0105 medyczn\u0105, gdzie \u0142\u0105czy wiedz\u0119 biologiczn\u0105 z praktycznym do\u015bwiadczeniem zawodowym. Autorka licznych tekst\u00f3w zdrowotnych i edukacyjnych dotycz\u0105cych m.in. diagnostyki medycznej, dermatologii, profilaktyki zdrowotnej, \u017cywienia oraz zdrowego stylu \u017cycia. W swoich tekstach opiera si\u0119 na aktualnych danych naukowych, dbaj\u0105c o ich rzetelne, praktyczne i zrozumia\u0142e przedstawienie.","url":"https:\/\/www.alab.pl\/centrum-wiedzy\/author\/sandra-sluszewska\/"}]}},"_links":{"self":[{"href":"https:\/\/www.alab.pl\/centrum-wiedzy\/wp-json\/wp\/v2\/posts\/20334","targetHints":{"allow":["GET"]}}],"collection":[{"href":"https:\/\/www.alab.pl\/centrum-wiedzy\/wp-json\/wp\/v2\/posts"}],"about":[{"href":"https:\/\/www.alab.pl\/centrum-wiedzy\/wp-json\/wp\/v2\/types\/post"}],"author":[{"embeddable":true,"href":"https:\/\/www.alab.pl\/centrum-wiedzy\/wp-json\/wp\/v2\/users\/185"}],"replies":[{"embeddable":true,"href":"https:\/\/www.alab.pl\/centrum-wiedzy\/wp-json\/wp\/v2\/comments?post=20334"}],"version-history":[{"count":4,"href":"https:\/\/www.alab.pl\/centrum-wiedzy\/wp-json\/wp\/v2\/posts\/20334\/revisions"}],"predecessor-version":[{"id":20348,"href":"https:\/\/www.alab.pl\/centrum-wiedzy\/wp-json\/wp\/v2\/posts\/20334\/revisions\/20348"}],"wp:featuredmedia":[{"embeddable":true,"href":"https:\/\/www.alab.pl\/centrum-wiedzy\/wp-json\/wp\/v2\/media\/20337"}],"wp:attachment":[{"href":"https:\/\/www.alab.pl\/centrum-wiedzy\/wp-json\/wp\/v2\/media?parent=20334"}],"wp:term":[{"taxonomy":"category","embeddable":true,"href":"https:\/\/www.alab.pl\/centrum-wiedzy\/wp-json\/wp\/v2\/categories?post=20334"},{"taxonomy":"post_tag","embeddable":true,"href":"https:\/\/www.alab.pl\/centrum-wiedzy\/wp-json\/wp\/v2\/tags?post=20334"},{"taxonomy":"author","embeddable":true,"href":"https:\/\/www.alab.pl\/centrum-wiedzy\/wp-json\/wp\/v2\/coauthors?post=20334"}],"curies":[{"name":"wp","href":"https:\/\/api.w.org\/{rel}","templated":true}]}}