{"id":20383,"date":"2025-01-07T12:20:39","date_gmt":"2025-01-07T11:20:39","guid":{"rendered":"https:\/\/www.alab.pl\/centrum-wiedzy\/?p=20383"},"modified":"2025-02-11T09:18:51","modified_gmt":"2025-02-11T08:18:51","slug":"budowa-funkcje-i-najczestsze-choroby-ukladu-oddechowego-czlowieka","status":"publish","type":"post","link":"https:\/\/www.alab.pl\/centrum-wiedzy\/budowa-funkcje-i-najczestsze-choroby-ukladu-oddechowego-czlowieka\/","title":{"rendered":"Budowa, funkcje i najcz\u0119stsze choroby uk\u0142adu oddechowego cz\u0142owieka"},"content":{"rendered":"\n<p><strong>Podstawowym zadaniem uk\u0142adu oddechowego jest dostarczanie tlenu do kom\u00f3rek i usuwanie dwutlenku w\u0119gla, kt\u00f3ry powstaje w procesie oddychania kom\u00f3rkowego. Sk\u0142ada si\u0119 na niego kilka element\u00f3w: nos i jama nosowa, gard\u0142o, krta\u0144, tchawica, oskrzela i p\u0142uca. Zaburzenia funkcjonowania lub procesy chorobowe na poziomie kt\u00f3regokolwiek odcinka uk\u0142adu oddechowego mog\u0105 utrudni\u0107 prawid\u0142owe dzia\u0142anie organizmu. Poznaj anatomi\u0119 uk\u0142adu oddechowego, jego funkcje oraz najcz\u0119stsze choroby i ich objawy.<\/strong><\/p>\n\n\n\n<p>Spis tre\u015bci:<\/p>\n\n\n\n<ol class=\"wp-block-list\">\n<li><a href=\"#Uk\u0142ad-oddechowy-\u2013-budowa\">Uk\u0142ad oddechowy \u2013 budowa<\/a>\n<ul class=\"wp-block-list\">\n<li><a href=\"#Jama-nosowa\">Jama nosowa<\/a><\/li>\n\n\n\n<li><a href=\"#Gard\u0142o\">Gard\u0142o<\/a><\/li>\n\n\n\n<li><a href=\"#Krta\u0144\">Krta\u0144<\/a><\/li>\n\n\n\n<li><a href=\"#Tchawica\">Tchawica<\/a><\/li>\n\n\n\n<li><a href=\"#Oskrzela\">Oskrzela<\/a><\/li>\n\n\n\n<li><a href=\"#P\u0142uca\">P\u0142uca<\/a><\/li>\n<\/ul>\n<\/li>\n\n\n\n<li><a href=\"#Funkcje-uk\u0142adu-oddechowego\">Funkcje uk\u0142adu oddechowego<\/a><\/li>\n\n\n\n<li><a href=\"#Najcz\u0119stsze-choroby-uk\u0142adu-oddechowego-i-ich-objawy\">Najcz\u0119stsze choroby uk\u0142adu oddechowego i ich objawy<\/a>\n<ul class=\"wp-block-list\">\n<li><a href=\"#Ostre-infekcje-dr\u00f3g-oddechowych\">Ostre infekcje dr\u00f3g oddechowych<\/a><\/li>\n\n\n\n<li><a href=\"#Astma-oskrzelowa\">Astma oskrzelowa<\/a><\/li>\n\n\n\n<li><a href=\"#Przewlek\u0142a-obturacyjna-choroba-p\u0142uc-(POChP)\">Przewlek\u0142a obturacyjna choroba p\u0142uc (POChP)<\/a><\/li>\n\n\n\n<li><a href=\"#Rak-p\u0142uca\">Rak p\u0142uca<\/a><\/li>\n<\/ul>\n<\/li>\n<\/ol>\n\n\n\n<h2 class=\"wp-block-heading\" id=\"Uk\u0142ad-oddechowy-\u2013-budowa\">Uk\u0142ad oddechowy \u2013 budowa<\/h2>\n\n\n\n<p>Uk\u0142ad oddechowy cz\u0142owieka dzieli si\u0119 na:<\/p>\n\n\n\n<ul class=\"wp-block-list\">\n<li>drogi oddechowe g\u00f3rne (nos i jama nosowa, gard\u0142o),<\/li>\n\n\n\n<li>drogi oddechowe dolne (krta\u0144, tchawica, oskrzela i oskrzeliki),<\/li>\n\n\n\n<li>w\u0142a\u015bciwy narz\u0105d oddechowy (p\u0142uca).<\/li>\n<\/ul>\n\n\n\n<p>Poszczeg\u00f3lne elementy uk\u0142ad oddechowego <strong>\u015bci\u015ble ze sob\u0105 wsp\u00f3\u0142pracuj\u0105 w osi\u0105gni\u0119ciu ostatecznego celu \u2013 a wi\u0119c wymiany gazowej<\/strong>. Przez drogi oddechowe przechodzi powietrze (z i do p\u0142uc). Natomiast we w\u0142a\u015bciwym narz\u0105dzie oddechowym zachodzi wymiana gazowa.<\/p>\n\n\n<div class=\"wp-block-image\">\n<figure class=\"aligncenter size-full is-resized\"><img loading=\"lazy\" decoding=\"async\" width=\"890\" height=\"813\" src=\"https:\/\/www.alab.pl\/centrum-wiedzy\/wp-content\/uploads\/2025\/01\/uklad_oddechowy_czlowieka_infografika.jpg\" alt=\"uk\u0142ad oddechowy cz\u0142owieka infografika\" class=\"wp-image-21445\" style=\"width:728px;height:auto\" srcset=\"https:\/\/www.alab.pl\/centrum-wiedzy\/wp-content\/uploads\/2025\/01\/uklad_oddechowy_czlowieka_infografika.jpg 890w, https:\/\/www.alab.pl\/centrum-wiedzy\/wp-content\/uploads\/2025\/01\/uklad_oddechowy_czlowieka_infografika-768x702.jpg 768w, https:\/\/www.alab.pl\/centrum-wiedzy\/wp-content\/uploads\/2025\/01\/uklad_oddechowy_czlowieka_infografika-150x137.jpg 150w, https:\/\/www.alab.pl\/centrum-wiedzy\/wp-content\/uploads\/2025\/01\/uklad_oddechowy_czlowieka_infografika-300x274.jpg 300w, https:\/\/www.alab.pl\/centrum-wiedzy\/wp-content\/uploads\/2025\/01\/uklad_oddechowy_czlowieka_infografika-696x636.jpg 696w\" sizes=\"auto, (max-width: 890px) 100vw, 890px\" \/><\/figure><\/div>\n\n\n<p><strong>&gt;&gt; Sprawd\u017a: <\/strong><a href=\"https:\/\/www.alab.pl\/centrum-wiedzy\/bakterie-atypowe-wplyw-przewleklego-kaszlu-na-uklad-oddechowy\/\"><strong>Bakterie atypowe: wp\u0142yw przewlek\u0142ego kaszlu na uk\u0142ad oddechowy<\/strong><\/a><strong><\/strong><\/p>\n\n\n\n<figure class=\"wp-block-image size-full\"><a href=\"https:\/\/www.alab.pl\/badanie\/wykrywanie-rna-wirusa-rsv-metoda-real-time-pcr\"><img loading=\"lazy\" decoding=\"async\" width=\"800\" height=\"200\" src=\"https:\/\/www.alab.pl\/centrum-wiedzy\/wp-content\/uploads\/2023\/12\/Wykrywanie-wirusa-RSV-\u2013-test-genetyczny-RT-PCR-jpg.webp\" alt=\"\" class=\"wp-image-10256\" srcset=\"https:\/\/www.alab.pl\/centrum-wiedzy\/wp-content\/uploads\/2023\/12\/Wykrywanie-wirusa-RSV-\u2013-test-genetyczny-RT-PCR-jpg.webp 800w, https:\/\/www.alab.pl\/centrum-wiedzy\/wp-content\/uploads\/2023\/12\/Wykrywanie-wirusa-RSV-\u2013-test-genetyczny-RT-PCR-jpg-768x192.webp 768w, https:\/\/www.alab.pl\/centrum-wiedzy\/wp-content\/uploads\/2023\/12\/Wykrywanie-wirusa-RSV-\u2013-test-genetyczny-RT-PCR-jpg-150x38.webp 150w, https:\/\/www.alab.pl\/centrum-wiedzy\/wp-content\/uploads\/2023\/12\/Wykrywanie-wirusa-RSV-\u2013-test-genetyczny-RT-PCR-jpg-300x75.webp 300w, https:\/\/www.alab.pl\/centrum-wiedzy\/wp-content\/uploads\/2023\/12\/Wykrywanie-wirusa-RSV-\u2013-test-genetyczny-RT-PCR-jpg-696x174.webp 696w\" sizes=\"auto, (max-width: 800px) 100vw, 800px\" \/><\/a><\/figure>\n\n\n\n<h3 class=\"wp-block-heading\" id=\"Jama-nosowa\">Jama nosowa<\/h3>\n\n\n\n<p>Jama nosowa jest przedzielona przegrod\u0105 nosow\u0105 na dwie cz\u0119\u015bci \u2013 praw\u0105 i lew\u0105. Ka\u017cda dzieli si\u0119 na 3 przewody nosowe: g\u00f3rny, \u015brodkowy i dolny. Od ty\u0142u \u0142\u0105cz\u0105 si\u0119 one z przewodem nosowo-gard\u0142owym, kt\u00f3ry z kolei jest po\u0142\u0105czony z cz\u0119\u015bci\u0105 nosow\u0105 gard\u0142a. Do jamy nosowej uchodz\u0105 zatoki przynosowe.<\/p>\n\n\n\n<p>Jama nosowa jest wy\u015bcielona <strong>b\u0142on\u0105 \u015bluzow\u0105 z nab\u0142onkiem wielowarstwowym migawkowym, kt\u00f3ra jest bogato unaczyniona i zawiera kom\u00f3rki wydzielaj\u0105ce \u015bluz<\/strong>. Powietrze przechodz\u0105ce przez jam\u0119 nosow\u0105 jest oczyszczane, nawil\u017cane i ogrzewane.<\/p>\n\n\n\n<p><strong>&gt;&gt; To mo\u017ce Ci\u0119 zainteresowa\u0107: <\/strong><a href=\"https:\/\/www.alab.pl\/centrum-wiedzy\/przewlekly-chroniczny-katar-objawy-przyczyny-leczenie\/\"><strong>Przewlek\u0142y (chroniczny) katar \u2013 objawy, przyczyny, leczenie<\/strong><\/a><strong><\/strong><\/p>\n\n\n\n<h3 class=\"wp-block-heading\" id=\"Gard\u0142o\">Gard\u0142o<\/h3>\n\n\n\n<p>Gard\u0142o jest wsp\u00f3lnym odcinkiem uk\u0142adu oddechowego i pokarmowego. Dzieli si\u0119 na trzy cz\u0119\u015bci: nosow\u0105, ustn\u0105 i krtaniow\u0105. <strong>Umo\u017cliwia przedostawanie si\u0119 powietrza z jamy nosowej do krtani.<\/strong><\/p>\n\n\n\n<h3 class=\"wp-block-heading\" id=\"Krta\u0144\">Krta\u0144<\/h3>\n\n\n\n<p>Krta\u0144 jest narz\u0105dem \u0142\u0105cz\u0105cym gard\u0142o z tchawic\u0105. Jej szkielet tworzy 9 chrz\u0105stek po\u0142\u0105czonych ze sob\u0105 wi\u0119zad\u0142ami i mi\u0119\u015bniami. Ma d\u0142ugo\u015b\u0107 4\u20136 centymetr\u00f3w. Jama krtani (poza fa\u0142dami g\u0142osowymi) <strong>jest wy\u015bcielona nab\u0142onkiem wielorz\u0119dowym migawkowym, kt\u00f3ry oczyszcza powietrze z drobnych zanieczyszcze\u0144<\/strong>.<\/p>\n\n\n\n<h3 class=\"wp-block-heading\" id=\"Tchawica\">Tchawica<\/h3>\n\n\n\n<p><strong>G\u00f3rna cz\u0119\u015b\u0107 tchawicy \u0142\u0105czy si\u0119 z krtani\u0105, a dolna przechodzi do wn\u0119trza klatki piersiowej, gdzie dzieli si\u0119 na dwa oskrzela g\u0142\u00f3wne.<\/strong> Jest to narz\u0105d o kszta\u0142cie cewy, kt\u00f3ry u osoby doros\u0142ej ma d\u0142ugo\u015b\u0107 10\u201315 cm i szeroko\u015b\u0107 13\u201322 mm. Zbudowana jest ze spr\u0119\u017cystych chrz\u0105stek o kszta\u0142cie podkowy, kt\u00f3re s\u0105 otwarte z ty\u0142u. S\u0105 one po\u0142\u0105czone wi\u0119zad\u0142ami obr\u0105czkowymi.<\/p>\n\n\n\n<p>Wn\u0119trze tchawicy jest wy\u015bcielone b\u0142on\u0105 \u015bluzow\u0105 pokryt\u0105 nab\u0142onkiem wielorz\u0119dowym cylindrycznym migawkowym. Dzi\u0119ki temu mo\u017cliwe jest<strong> oczyszczanie przechodz\u0105cego przez ni\u0105 powietrza z drobinek kurzu. Zanieczyszczenia przesuwane s\u0105 w stron\u0119 gard\u0142a.<\/strong><\/p>\n\n\n\n<p><strong>&gt;&gt; Przeczytaj tak\u017ce: <\/strong><a href=\"https:\/\/www.alab.pl\/centrum-wiedzy\/zapalenie-oskrzelikow-wrog-niemowlat-i-ich-rodzicow\/\"><strong>Zapalenie oskrzelik\u00f3w \u2013 wr\u00f3g niemowl\u0105t i ich rodzic\u00f3w<\/strong><\/a><strong><\/strong><\/p>\n\n\n\n<h3 class=\"wp-block-heading\" id=\"Oskrzela\">Oskrzela<\/h3>\n\n\n\n<p>Oskrzela g\u0142\u00f3wne dziel\u0105 si\u0119 na lewe i prawe, kt\u00f3re jest grubsze, kr\u00f3tsze i ustawione bardziej pionowo od lewego. Ich budowa jest podobna do budowy tchawicy. B\u0142on\u0119 \u015bluzow\u0105 pokrywa nab\u0142onek wielowarstwowy migawkowy zawieraj\u0105cy gruczo\u0142y \u015bluzowe. <strong>Ka\u017cde z oskrzeli g\u0142\u00f3wnych rozga\u0142\u0119zia si\u0119 na coraz w\u0119\u017csze oskrzeliki<\/strong>, kt\u00f3re doprowadzaj\u0105 i odprowadzaj\u0105 powietrze z i do p\u0142uc.<\/p>\n\n\n\n<figure class=\"wp-block-image size-full\"><a href=\"https:\/\/www.alab.pl\/badanie\/mycoplasma-pneumoniae-pc-igg-u41\"><img loading=\"lazy\" decoding=\"async\" width=\"800\" height=\"200\" src=\"https:\/\/www.alab.pl\/centrum-wiedzy\/wp-content\/uploads\/2023\/11\/Badanie-przeciwcial-klasy-IgG-przeciwko-Mycoplasma-pneumoniae-jpg.webp\" alt=\"\" class=\"wp-image-10073\" srcset=\"https:\/\/www.alab.pl\/centrum-wiedzy\/wp-content\/uploads\/2023\/11\/Badanie-przeciwcial-klasy-IgG-przeciwko-Mycoplasma-pneumoniae-jpg.webp 800w, https:\/\/www.alab.pl\/centrum-wiedzy\/wp-content\/uploads\/2023\/11\/Badanie-przeciwcial-klasy-IgG-przeciwko-Mycoplasma-pneumoniae-jpg-768x192.webp 768w, https:\/\/www.alab.pl\/centrum-wiedzy\/wp-content\/uploads\/2023\/11\/Badanie-przeciwcial-klasy-IgG-przeciwko-Mycoplasma-pneumoniae-jpg-150x38.webp 150w, https:\/\/www.alab.pl\/centrum-wiedzy\/wp-content\/uploads\/2023\/11\/Badanie-przeciwcial-klasy-IgG-przeciwko-Mycoplasma-pneumoniae-jpg-300x75.webp 300w, https:\/\/www.alab.pl\/centrum-wiedzy\/wp-content\/uploads\/2023\/11\/Badanie-przeciwcial-klasy-IgG-przeciwko-Mycoplasma-pneumoniae-jpg-696x174.webp 696w\" sizes=\"auto, (max-width: 800px) 100vw, 800px\" \/><\/a><\/figure>\n\n\n\n<h3 class=\"wp-block-heading\" id=\"P\u0142uca\">P\u0142uca<\/h3>\n\n\n\n<p>Na uk\u0142ad oddechowy cz\u0142owieka sk\u0142adaj\u0105 si\u0119 dwa p\u0142uca \u2013 lewe i prawe. Narz\u0105d ten ma kszta\u0142t sto\u017ckowy. G\u00f3rna cz\u0119\u015b\u0107 jest nazywana szczytem, a dolna podstaw\u0105. Ka\u017cde p\u0142uco jest podzielone na p\u0142aty \u2013 prawe zawiera ich 3, a lewe 2.<\/p>\n\n\n\n<p>W p\u0142ucach znajduj\u0105 si\u0119 <strong>p\u0119cherzyki p\u0142ucne<\/strong>. S\u0105 one otoczone licznymi naczyniami w\u0142osowatymi. Przez ich \u015bciany zachodzi<strong> wymiana gazowa<\/strong> z krwi\u0105. Tlen z powietrza zostaje przechwycony przez <a href=\"https:\/\/www.alab.pl\/centrum-wiedzy\/badanie-rbc-liczby-erytrocytow-po-co-sie-je-wykonuje-interpretacja-wynikow\/\">czerwone krwinki<\/a>, natomiast oddane zostaj\u0105 dwutlenek w\u0119gla.<\/p>\n\n\n\n<figure class=\"wp-block-table\"><table class=\"has-fixed-layout\"><tbody><tr><td><strong>Ciekawostka<\/strong><br>W p\u0142ucach cz\u0142owieka znajduje si\u0119 od 300 do 500 milion\u00f3w p\u0119cherzyk\u00f3w p\u0142ucnych. Ich \u0142\u0105czna powierzchnia to nawet 140 m2.<\/td><\/tr><\/tbody><\/table><\/figure>\n\n\n<div class=\"wp-block-image\">\n<figure class=\"aligncenter size-full is-resized\"><img loading=\"lazy\" decoding=\"async\" width=\"890\" height=\"525\" src=\"https:\/\/www.alab.pl\/centrum-wiedzy\/wp-content\/uploads\/2025\/01\/uklad_oddechowy_infografika.jpg\" alt=\"wymiana gazowa p\u0119cherzyki p\u0142ucne infografika\" class=\"wp-image-21447\" style=\"width:696px;height:auto\" srcset=\"https:\/\/www.alab.pl\/centrum-wiedzy\/wp-content\/uploads\/2025\/01\/uklad_oddechowy_infografika.jpg 890w, https:\/\/www.alab.pl\/centrum-wiedzy\/wp-content\/uploads\/2025\/01\/uklad_oddechowy_infografika-768x453.jpg 768w, https:\/\/www.alab.pl\/centrum-wiedzy\/wp-content\/uploads\/2025\/01\/uklad_oddechowy_infografika-150x88.jpg 150w, https:\/\/www.alab.pl\/centrum-wiedzy\/wp-content\/uploads\/2025\/01\/uklad_oddechowy_infografika-300x177.jpg 300w, https:\/\/www.alab.pl\/centrum-wiedzy\/wp-content\/uploads\/2025\/01\/uklad_oddechowy_infografika-696x411.jpg 696w\" sizes=\"auto, (max-width: 890px) 100vw, 890px\" \/><\/figure><\/div>\n\n\n<h2 class=\"wp-block-heading\" id=\"Funkcje-uk\u0142adu-oddechowego\">Funkcje uk\u0142adu oddechowego<\/h2>\n\n\n\n<p><strong>Podstawow\u0105 funkcj\u0105 uk\u0142adu oddechowego jest wymiana gazowa. <\/strong>Tlen, pobrany z powietrza, przenika do krwiobiegu, a dwutlenek w\u0119gla \u2013 produkt metabolizmu \u2013 zostaje wydalony z organizmu. Proces ten odbywa si\u0119 w p\u0119cherzykach p\u0142ucnych.<\/p>\n\n\n\n<p>Ponadto uk\u0142ad oddechowy:<\/p>\n\n\n\n<ul class=\"wp-block-list\">\n<li>bierze udzia\u0142 w procesie termoregulacji organizmu,<\/li>\n\n\n\n<li>uczestniczy w utrzymaniu r\u00f3wnowagi kwasowo-zasadowej organizmu,<\/li>\n\n\n\n<li>umo\u017cliwia komunikacj\u0119 werbaln\u0105 poprzez wytwarzanie d\u017awi\u0119k\u00f3w (krta\u0144),<\/li>\n\n\n\n<li>bierze udzia\u0142 w odbieraniu bod\u017ac\u00f3w (w\u0119ch).<\/li>\n<\/ul>\n\n\n\n<p><strong>&gt;&gt; To mo\u017ce ci\u0119 zainteresowa\u0107: <\/strong><a href=\"https:\/\/www.alab.pl\/centrum-wiedzy\/utrata-brak-wechu-i-smaku-przyczyny-jak-dlugo-trwa-leczenie\/\"><strong>Utrata (brak) w\u0119chu i smaku \u2013 przyczyny, jak d\u0142ugo trwa, leczenie<\/strong><\/a><strong><\/strong><\/p>\n\n\n\n<h2 class=\"wp-block-heading\" id=\"Najcz\u0119stsze-choroby-uk\u0142adu-oddechowego-i-ich-objawy\">Najcz\u0119stsze choroby uk\u0142adu oddechowego i ich objawy<\/h2>\n\n\n\n<p>Do najcz\u0119stszych chor\u00f3b uk\u0142adu oddechowego nale\u017c\u0105:<\/p>\n\n\n\n<h3 class=\"wp-block-heading\" id=\"Ostre-infekcje-dr\u00f3g-oddechowych\">Ostre infekcje dr\u00f3g oddechowych<\/h3>\n\n\n\n<p>Ostre <a href=\"https:\/\/www.alab.pl\/centrum-wiedzy\/infekcja\/\">infekcje<\/a> g\u00f3rnych dr\u00f3g oddechowych mog\u0105 by\u0107 wywo\u0142ane przede wszystkim przez wirusy i bakterie. Najcz\u0119\u015bciej drobnoustroje s\u0105 przenoszone drog\u0105 kropelkow\u0105 z osoby chorej na zdrow\u0105 (np. podczas kichania, kaszlu, m\u00f3wienia).<\/p>\n\n\n\n<p><strong>Objawy ostrych infekcji g\u00f3rnych dr\u00f3g oddechowych<\/strong> to g\u0142\u00f3wnie:<\/p>\n\n\n\n<ul class=\"wp-block-list\">\n<li>katar,<\/li>\n\n\n\n<li>kaszel,<\/li>\n\n\n\n<li>b\u00f3l gard\u0142a,<\/li>\n\n\n\n<li>wzrost temperatury cia\u0142a,<\/li>\n\n\n\n<li>og\u00f3lne <a href=\"https:\/\/www.alab.pl\/centrum-wiedzy\/ciagle-zmeczenie-problem-xxi-wieku-czy-to-moze-byc-objaw-choroby\/\">zm\u0119czenie<\/a> i os\u0142abienie,<\/li>\n\n\n\n<li><a href=\"https:\/\/www.alab.pl\/centrum-wiedzy\/dusznosc-punkt-wspolny-wielu-dramatycznych-chorob\/\">duszno\u015b\u0107<\/a>.<\/li>\n<\/ul>\n\n\n\n<p><strong>&gt;&gt; Zobacz tak\u017ce: <\/strong><a href=\"https:\/\/www.alab.pl\/centrum-wiedzy\/sezonowe-zakazenia-ukladu-oddechowego-ostre-zakazenia-gornych-drog-oddechowych\/\"><strong>Sezonowe zaka\u017cenia uk\u0142adu oddechowego \u2013 ostre zaka\u017cenia g\u00f3rnych dr\u00f3g oddechowych<\/strong><\/a><strong><\/strong><\/p>\n\n\n\n<h3 class=\"wp-block-heading\" id=\"Astma-oskrzelowa\">Astma oskrzelowa<\/h3>\n\n\n\n<p><a href=\"https:\/\/www.alab.pl\/centrum-wiedzy\/astma-przyczyny-objawy-rodzaje-i-leczenie\/\">Astma<\/a> charakteryzuje si\u0119 <strong>przewlek\u0142ym zapaleniem dr\u00f3g oddechowych, kt\u00f3re powoduje nadreaktywno\u015b\u0107 oskrzeli<\/strong>. Choroba przebiega z okresami zaostrze\u0144 i remisji. Jej przyczyny dzieli si\u0119 na alergiczne i niealergiczne.<\/p>\n\n\n\n<p><strong>Objawy astmy oskrzelowej <\/strong>to:<\/p>\n\n\n\n<ul class=\"wp-block-list\">\n<li>duszno\u015b\u0107,<\/li>\n\n\n\n<li>ucisk w klatce piersiowej,<\/li>\n\n\n\n<li>napadowy kaszel,<\/li>\n\n\n\n<li>\u015bwiszcz\u0105cy oddech,<\/li>\n\n\n\n<li>pogorszenie tolerancji wysi\u0142ku.<\/li>\n<\/ul>\n\n\n\n<p><strong>&gt;&gt; Przeczytaj tak\u017ce: <\/strong><a href=\"https:\/\/www.alab.pl\/centrum-wiedzy\/niezyt-nosa-i-astma-czy-to-alergia\/\"><strong>Nie\u017cyt nosa i astma \u2013 czy to alergia?<\/strong><\/a><strong><\/strong><\/p>\n\n\n\n<figure class=\"wp-block-image size-full\"><a href=\"https:\/\/www.alab.pl\/pakiet\/niezyt-nosa-u-doroslych-pakiet-alergenow\"><img loading=\"lazy\" decoding=\"async\" width=\"800\" height=\"200\" src=\"https:\/\/www.alab.pl\/centrum-wiedzy\/wp-content\/uploads\/2024\/04\/Niezyt-nos-i-astma-u-doroslych-pakiet-alergenow-jpg.webp\" alt=\"Niez\u0307yt nos i astma u doros\u0142ych - pakiet alergeno\u0301w\" class=\"wp-image-13181\" srcset=\"https:\/\/www.alab.pl\/centrum-wiedzy\/wp-content\/uploads\/2024\/04\/Niezyt-nos-i-astma-u-doroslych-pakiet-alergenow-jpg.webp 800w, https:\/\/www.alab.pl\/centrum-wiedzy\/wp-content\/uploads\/2024\/04\/Niezyt-nos-i-astma-u-doroslych-pakiet-alergenow-jpg-768x192.webp 768w, https:\/\/www.alab.pl\/centrum-wiedzy\/wp-content\/uploads\/2024\/04\/Niezyt-nos-i-astma-u-doroslych-pakiet-alergenow-jpg-150x38.webp 150w, https:\/\/www.alab.pl\/centrum-wiedzy\/wp-content\/uploads\/2024\/04\/Niezyt-nos-i-astma-u-doroslych-pakiet-alergenow-jpg-300x75.webp 300w, https:\/\/www.alab.pl\/centrum-wiedzy\/wp-content\/uploads\/2024\/04\/Niezyt-nos-i-astma-u-doroslych-pakiet-alergenow-jpg-696x174.webp 696w\" sizes=\"auto, (max-width: 800px) 100vw, 800px\" \/><\/a><\/figure>\n\n\n\n<h3 class=\"wp-block-heading\" id=\"Przewlek\u0142a-obturacyjna-choroba-p\u0142uc-(POChP)\">Przewlek\u0142a obturacyjna choroba p\u0142uc (POChP)<\/h3>\n\n\n\n<p>POChP to <strong>najcz\u0119stsza z niezaka\u017anych chor\u00f3b uk\u0142adu oddechowego<\/strong>. Charakteryzuje si\u0119 <strong>post\u0119puj\u0105cym ograniczeniem przep\u0142ywu powietrza przez drogi oddechowe<\/strong>. Jest to skutkiem reakcji zapalnej i przebudowy uk\u0142adu oddechowego w odpowiedzi na szkodliwe substancje (np. dym tytoniowy, zanieczyszczenia powietrza).<\/p>\n\n\n\n<p>G\u0142\u00f3wne <strong>objawy POChP<\/strong> to:<\/p>\n\n\n\n<ul class=\"wp-block-list\">\n<li>duszno\u015b\u0107 wywo\u0142ana wysi\u0142kiem (a w miar\u0119 post\u0119pu choroby obecna r\u00f3wnie\u017c w spoczynku),<\/li>\n\n\n\n<li>zmniejszenie tolerancji wysi\u0142ku,<\/li>\n\n\n\n<li>\u015bwiszcz\u0105cy oddech,<\/li>\n\n\n\n<li>przyspieszenie oddechu,<\/li>\n\n\n\n<li>uporczywy kaszel.<\/li>\n<\/ul>\n\n\n\n<p><strong>&gt;&gt; Zobacz tak\u017ce:<\/strong> <a href=\"https:\/\/www.alab.pl\/centrum-wiedzy\/przedluzajacy-sie-kaszel-jakie-badania-laboratoryjne-wykonac-by-rozpoczac-skuteczne-leczenie\/\"><strong>Przed\u0142u\u017caj\u0105cy si\u0119 kaszel: jakie badania laboratoryjne wykona\u0107, by rozpocz\u0105\u0107 skuteczne leczenie<\/strong><\/a><\/p>\n\n\n\n<h3 class=\"wp-block-heading\" id=\"Rak-p\u0142uca\">Rak p\u0142uca<\/h3>\n\n\n\n<p>Rak p\u0142uca jest <strong>najcz\u0119stszym nowotworem z\u0142o\u015bliwym na ca\u0142ym \u015bwiecie<\/strong>. We wczesnym stadium choroba przebiega bezobjawowo, co utrudnia jej wykrycie. W miar\u0119 rozwoju pojawiaj\u0105 si\u0119 dolegliwo\u015bci, takie jak m.in.:<\/p>\n\n\n\n<ul class=\"wp-block-list\">\n<li>kaszel,<\/li>\n\n\n\n<li>b\u00f3l w klatce piersiowej,<\/li>\n\n\n\n<li>krwioplucie,<\/li>\n\n\n\n<li>duszno\u015b\u0107,<\/li>\n\n\n\n<li>nawracaj\u0105ce zapalenia p\u0142uc,<\/li>\n\n\n\n<li>chrypka,<\/li>\n\n\n\n<li>spadek masy cia\u0142a,<\/li>\n\n\n\n<li>zesp\u00f3\u0142 \u017cy\u0142y g\u0142\u00f3wnej g\u00f3rnej.<\/li>\n<\/ul>\n\n\n\n<p><strong>&gt;&gt; Sprawd\u017a te\u017c: <\/strong><a href=\"https:\/\/www.alab.pl\/centrum-wiedzy\/markery-nowotworowe-w-diagnozie-raka-pluc\/\"><strong>Markery nowotworowe w diagnostyce raka p\u0142uc<\/strong><\/a><strong><\/strong><\/p>\n\n\n\n<p>Cz\u0119\u015bci uk\u0142adu oddechowego cz\u0142owieka to nos i jama nosowa, gard\u0142o, krta\u0144, tchawica, oskrzela i p\u0142uca. Jego g\u0142\u00f3wn\u0105 funkcj\u0105 jest wymiana gazowa. Skomplikowana budowa i wielofunkcyjno\u015b\u0107 sprawiaj\u0105, \u017ce uk\u0142ad ten jest nara\u017cony na liczne choroby. Do najcz\u0119stszych zalicza si\u0119 ostre infekcje, astm\u0119 oskrzelow\u0105, przewlek\u0142\u0105 obturacyjn\u0105 chorob\u0119 p\u0142uc czy raka p\u0142uca.<\/p>\n\n\n\n<p><strong>Opieka merytoryczna: lek. Katarzyna Banaszczyk<\/strong><\/p>\n\n\n\n<hr class=\"wp-block-separator has-alpha-channel-opacity\"\/>\n\n\n\n<p><strong>Bibliografia<\/strong><\/p>\n\n\n\n<ol class=\"wp-block-list\">\n<li>W. Sylwanowicz, A. Michajlik, W. Ramotowski, <em>Anatomia i fizjologia cz\u0142owieka. Podr\u0119cznik dla \u015brednich szk\u00f3\u0142 medycznych<\/em>, Pa\u0144stwowy Zak\u0142ad Wydawnictw Lekarskich PZWL<\/li>\n\n\n\n<li>A. Bochenek, M. Reicher, <em>Anatomia cz\u0142owieka. Repetytorium<\/em>, Pa\u0144stwowy Zak\u0142ad Wydawnictw Lekarskich PZWL<\/li>\n\n\n\n<li>L. Borodulin-Nadzieja, <em>Fizjologia cz\u0142owieka. Podr\u0119cznik dla student\u00f3w licencjat\u00f3w medycznych<\/em>, G\u00f3rnicki Wydawnictwo Medyczne, Wroc\u0142aw 2005<\/li>\n\n\n\n<li>A. Ksi\u0105\u017ckiewicz i in., <em>Astma oskrzelowa \u2013 zasady rozpoznawania i leczenia choroby u pacjent\u00f3w doros\u0142ych i ma\u0142ych dzieci w oparciu o najnowsze wytyczne<\/em>, Postepy Higieny i Medycyny Do\u015bwiadczalnej (online) 2020; 74, s. 283\u2013300<\/li>\n\n\n\n<li>D. Tworek,<em> Przewlek\u0142a obturacyjna choroba p\u0142uc <\/em>\u2013<em> diagnostyka i leczenie w gabinecie lekarza rodzinnego<\/em>, Lekarz POZ 1\/2020, s. 9\u201313<\/li>\n\n\n\n<li>https:\/\/www.mp.pl\/interna\/chapter\/B16.II.3.14.1. (dost\u0119p 10.12.2024)<\/li>\n<\/ol>\n","protected":false},"excerpt":{"rendered":"<p>Uk\u0142ad oddechowy sk\u0142ada si\u0119 z: nosa i jamy nosowej, gard\u0142a, krtani, tchawicy, oskrzeli i p\u0142uc. Dowiedz si\u0119 wi\u0119cej na jego temat.<\/p>\n","protected":false},"author":100,"featured_media":20388,"comment_status":"closed","ping_status":"closed","sticky":false,"template":"","format":"standard","meta":{"_acf_changed":false,"inline_featured_image":false,"footnotes":""},"categories":[28],"tags":[],"coauthors":[143],"class_list":{"0":"post-20383","1":"post","2":"type-post","3":"status-publish","4":"format-standard","5":"has-post-thumbnail","7":"category-warto-wiedziec"},"acf":[],"yoast_head":"<!-- This site is optimized with the Yoast SEO plugin v27.5 - https:\/\/yoast.com\/product\/yoast-seo-wordpress\/ -->\n<title>Budowa, funkcje i najcz\u0119stsze choroby uk\u0142adu oddechowego cz\u0142owieka - Centrum Wiedzy ALAB laboratoria<\/title>\n<meta name=\"description\" content=\"Uk\u0142ad oddechowy sk\u0142ada si\u0119 z: nosa i jamy nosowej, gard\u0142a, krtani, tchawicy, oskrzeli i p\u0142uc. Dowiedz si\u0119 wi\u0119cej na jego temat.\" \/>\n<meta name=\"robots\" content=\"index, follow, max-snippet:-1, max-image-preview:large, max-video-preview:-1\" \/>\n<link rel=\"canonical\" href=\"https:\/\/www.alab.pl\/centrum-wiedzy\/budowa-funkcje-i-najczestsze-choroby-ukladu-oddechowego-czlowieka\/\" \/>\n<meta property=\"og:locale\" content=\"pl_PL\" \/>\n<meta property=\"og:type\" content=\"article\" \/>\n<meta property=\"og:title\" content=\"Budowa, funkcje i najcz\u0119stsze choroby uk\u0142adu oddechowego cz\u0142owieka - Centrum Wiedzy ALAB laboratoria\" \/>\n<meta property=\"og:description\" content=\"Uk\u0142ad oddechowy sk\u0142ada si\u0119 z: nosa i jamy nosowej, gard\u0142a, krtani, tchawicy, oskrzeli i p\u0142uc. Dowiedz si\u0119 wi\u0119cej na jego temat.\" \/>\n<meta property=\"og:url\" content=\"https:\/\/www.alab.pl\/centrum-wiedzy\/budowa-funkcje-i-najczestsze-choroby-ukladu-oddechowego-czlowieka\/\" \/>\n<meta property=\"og:site_name\" content=\"Centrum Wiedzy ALAB laboratoria\" \/>\n<meta property=\"article:publisher\" content=\"https:\/\/www.facebook.com\/ALABlaboratoria\" \/>\n<meta property=\"article:published_time\" content=\"2025-01-07T11:20:39+00:00\" \/>\n<meta property=\"article:modified_time\" content=\"2025-02-11T08:18:51+00:00\" \/>\n<meta property=\"og:image\" content=\"https:\/\/www.alab.pl\/centrum-wiedzy\/wp-content\/uploads\/2025\/01\/uklad_oddechowy.jpg\" \/>\n\t<meta property=\"og:image:width\" content=\"2359\" \/>\n\t<meta property=\"og:image:height\" content=\"1530\" \/>\n\t<meta property=\"og:image:type\" content=\"image\/jpeg\" \/>\n<meta name=\"author\" content=\"Angelika Janowicz\" \/>\n<meta name=\"twitter:card\" content=\"summary_large_image\" \/>\n<meta name=\"twitter:label1\" content=\"Napisane przez\" \/>\n\t<meta name=\"twitter:data1\" content=\"Angelika Janowicz\" \/>\n\t<meta name=\"twitter:label2\" content=\"Szacowany czas czytania\" \/>\n\t<meta name=\"twitter:data2\" content=\"8 minut\" \/>\n\t<meta name=\"twitter:label3\" content=\"Written by\" \/>\n\t<meta name=\"twitter:data3\" content=\"Angelika Janowicz\" \/>\n<!-- \/ Yoast SEO plugin. -->","yoast_head_json":{"title":"Budowa, funkcje i najcz\u0119stsze choroby uk\u0142adu oddechowego cz\u0142owieka - Centrum Wiedzy ALAB laboratoria","description":"Uk\u0142ad oddechowy sk\u0142ada si\u0119 z: nosa i jamy nosowej, gard\u0142a, krtani, tchawicy, oskrzeli i p\u0142uc. Dowiedz si\u0119 wi\u0119cej na jego temat.","robots":{"index":"index","follow":"follow","max-snippet":"max-snippet:-1","max-image-preview":"max-image-preview:large","max-video-preview":"max-video-preview:-1"},"canonical":"https:\/\/www.alab.pl\/centrum-wiedzy\/budowa-funkcje-i-najczestsze-choroby-ukladu-oddechowego-czlowieka\/","og_locale":"pl_PL","og_type":"article","og_title":"Budowa, funkcje i najcz\u0119stsze choroby uk\u0142adu oddechowego cz\u0142owieka - Centrum Wiedzy ALAB laboratoria","og_description":"Uk\u0142ad oddechowy sk\u0142ada si\u0119 z: nosa i jamy nosowej, gard\u0142a, krtani, tchawicy, oskrzeli i p\u0142uc. Dowiedz si\u0119 wi\u0119cej na jego temat.","og_url":"https:\/\/www.alab.pl\/centrum-wiedzy\/budowa-funkcje-i-najczestsze-choroby-ukladu-oddechowego-czlowieka\/","og_site_name":"Centrum Wiedzy ALAB laboratoria","article_publisher":"https:\/\/www.facebook.com\/ALABlaboratoria","article_published_time":"2025-01-07T11:20:39+00:00","article_modified_time":"2025-02-11T08:18:51+00:00","og_image":[{"width":2359,"height":1530,"url":"https:\/\/www.alab.pl\/centrum-wiedzy\/wp-content\/uploads\/2025\/01\/uklad_oddechowy.jpg","type":"image\/jpeg"}],"author":"Angelika Janowicz","twitter_card":"summary_large_image","twitter_misc":{"Napisane przez":"Angelika Janowicz","Szacowany czas czytania":"8 minut","Written by":"Angelika Janowicz"},"schema":{"@context":"https:\/\/schema.org","@graph":[{"@type":"Article","@id":"https:\/\/www.alab.pl\/centrum-wiedzy\/budowa-funkcje-i-najczestsze-choroby-ukladu-oddechowego-czlowieka\/#article","isPartOf":{"@id":"https:\/\/www.alab.pl\/centrum-wiedzy\/budowa-funkcje-i-najczestsze-choroby-ukladu-oddechowego-czlowieka\/"},"author":{"name":"Angelika Janowicz","@id":"https:\/\/www.alab.pl\/centrum-wiedzy\/#\/schema\/person\/f714a3843f15f9646db0448b28a900e1"},"headline":"Budowa, funkcje i najcz\u0119stsze choroby uk\u0142adu oddechowego cz\u0142owieka","datePublished":"2025-01-07T11:20:39+00:00","dateModified":"2025-02-11T08:18:51+00:00","mainEntityOfPage":{"@id":"https:\/\/www.alab.pl\/centrum-wiedzy\/budowa-funkcje-i-najczestsze-choroby-ukladu-oddechowego-czlowieka\/"},"wordCount":1351,"publisher":{"@id":"https:\/\/www.alab.pl\/centrum-wiedzy\/#organization"},"image":{"@id":"https:\/\/www.alab.pl\/centrum-wiedzy\/budowa-funkcje-i-najczestsze-choroby-ukladu-oddechowego-czlowieka\/#primaryimage"},"thumbnailUrl":"https:\/\/www.alab.pl\/centrum-wiedzy\/wp-content\/uploads\/2025\/01\/uklad_oddechowy.jpg","articleSection":["Warto wiedzie\u0107"],"inLanguage":"pl-PL"},{"@type":"WebPage","@id":"https:\/\/www.alab.pl\/centrum-wiedzy\/budowa-funkcje-i-najczestsze-choroby-ukladu-oddechowego-czlowieka\/","url":"https:\/\/www.alab.pl\/centrum-wiedzy\/budowa-funkcje-i-najczestsze-choroby-ukladu-oddechowego-czlowieka\/","name":"Budowa, funkcje i najcz\u0119stsze choroby uk\u0142adu oddechowego cz\u0142owieka - Centrum Wiedzy ALAB laboratoria","isPartOf":{"@id":"https:\/\/www.alab.pl\/centrum-wiedzy\/#website"},"primaryImageOfPage":{"@id":"https:\/\/www.alab.pl\/centrum-wiedzy\/budowa-funkcje-i-najczestsze-choroby-ukladu-oddechowego-czlowieka\/#primaryimage"},"image":{"@id":"https:\/\/www.alab.pl\/centrum-wiedzy\/budowa-funkcje-i-najczestsze-choroby-ukladu-oddechowego-czlowieka\/#primaryimage"},"thumbnailUrl":"https:\/\/www.alab.pl\/centrum-wiedzy\/wp-content\/uploads\/2025\/01\/uklad_oddechowy.jpg","datePublished":"2025-01-07T11:20:39+00:00","dateModified":"2025-02-11T08:18:51+00:00","description":"Uk\u0142ad oddechowy sk\u0142ada si\u0119 z: nosa i jamy nosowej, gard\u0142a, krtani, tchawicy, oskrzeli i p\u0142uc. Dowiedz si\u0119 wi\u0119cej na jego temat.","breadcrumb":{"@id":"https:\/\/www.alab.pl\/centrum-wiedzy\/budowa-funkcje-i-najczestsze-choroby-ukladu-oddechowego-czlowieka\/#breadcrumb"},"inLanguage":"pl-PL","potentialAction":[{"@type":"ReadAction","target":["https:\/\/www.alab.pl\/centrum-wiedzy\/budowa-funkcje-i-najczestsze-choroby-ukladu-oddechowego-czlowieka\/"]}]},{"@type":"ImageObject","inLanguage":"pl-PL","@id":"https:\/\/www.alab.pl\/centrum-wiedzy\/budowa-funkcje-i-najczestsze-choroby-ukladu-oddechowego-czlowieka\/#primaryimage","url":"https:\/\/www.alab.pl\/centrum-wiedzy\/wp-content\/uploads\/2025\/01\/uklad_oddechowy.jpg","contentUrl":"https:\/\/www.alab.pl\/centrum-wiedzy\/wp-content\/uploads\/2025\/01\/uklad_oddechowy.jpg","width":2359,"height":1530,"caption":"uk\u0142ad oddechowy"},{"@type":"BreadcrumbList","@id":"https:\/\/www.alab.pl\/centrum-wiedzy\/budowa-funkcje-i-najczestsze-choroby-ukladu-oddechowego-czlowieka\/#breadcrumb","itemListElement":[{"@type":"ListItem","position":1,"name":"Strona g\u0142\u00f3wna","item":"https:\/\/www.alab.pl\/centrum-wiedzy\/"},{"@type":"ListItem","position":2,"name":"Budowa, funkcje i najcz\u0119stsze choroby uk\u0142adu oddechowego cz\u0142owieka"}]},{"@type":"WebSite","@id":"https:\/\/www.alab.pl\/centrum-wiedzy\/#website","url":"https:\/\/www.alab.pl\/centrum-wiedzy\/","name":"Centrum Wiedzy ALAB laboratoria","description":"","publisher":{"@id":"https:\/\/www.alab.pl\/centrum-wiedzy\/#organization"},"potentialAction":[{"@type":"SearchAction","target":{"@type":"EntryPoint","urlTemplate":"https:\/\/www.alab.pl\/centrum-wiedzy\/?s={search_term_string}"},"query-input":{"@type":"PropertyValueSpecification","valueRequired":true,"valueName":"search_term_string"}}],"inLanguage":"pl-PL"},{"@type":"Organization","@id":"https:\/\/www.alab.pl\/centrum-wiedzy\/#organization","name":"Centrum Wiedzy ALAB laboratoria","url":"https:\/\/www.alab.pl\/centrum-wiedzy\/","logo":{"@type":"ImageObject","inLanguage":"pl-PL","@id":"https:\/\/www.alab.pl\/centrum-wiedzy\/#\/schema\/logo\/image\/","url":"https:\/\/www.alab.pl\/centrum-wiedzy\/wp-content\/uploads\/2022\/04\/alabek.jpg","contentUrl":"https:\/\/www.alab.pl\/centrum-wiedzy\/wp-content\/uploads\/2022\/04\/alabek.jpg","width":1250,"height":1251,"caption":"Centrum Wiedzy ALAB laboratoria"},"image":{"@id":"https:\/\/www.alab.pl\/centrum-wiedzy\/#\/schema\/logo\/image\/"},"sameAs":["https:\/\/www.facebook.com\/ALABlaboratoria"]},{"@type":"Person","@id":"https:\/\/www.alab.pl\/centrum-wiedzy\/#\/schema\/person\/f714a3843f15f9646db0448b28a900e1","name":"Angelika Janowicz","image":{"@type":"ImageObject","inLanguage":"pl-PL","@id":"https:\/\/www.alab.pl\/centrum-wiedzy\/wp-content\/uploads\/2024\/05\/Janowicz-Angelika-150x150.png9339cd1d56dcba9ded72b55067841306","url":"https:\/\/www.alab.pl\/centrum-wiedzy\/wp-content\/uploads\/2024\/05\/Janowicz-Angelika-150x150.png","contentUrl":"https:\/\/www.alab.pl\/centrum-wiedzy\/wp-content\/uploads\/2024\/05\/Janowicz-Angelika-150x150.png","caption":"Angelika Janowicz"},"description":"Z wykszta\u0142cenia piel\u0119gniarka, absolwentka Uniwersytetu Medycznego im. Piast\u00f3w \u015al\u0105skich we Wroc\u0142awiu. Do\u015bwiadczenie zawodowe zdobywa\u0142a w gabinecie zabiegowym, a tak\u017ce w poradni laryngologicznej, pediatrycznej i kardiologicznej. Interesuje si\u0119 psychodietetyk\u0105 i \u017cywieniem cz\u0142owieka w chorobach metabolicznych \u2013 w szczeg\u00f3lno\u015bci zastosowaniem diet niskow\u0119glowodanowych w insulinooporno\u015bci.","url":"https:\/\/www.alab.pl\/centrum-wiedzy\/author\/angelika-janowicz\/"}]}},"_links":{"self":[{"href":"https:\/\/www.alab.pl\/centrum-wiedzy\/wp-json\/wp\/v2\/posts\/20383","targetHints":{"allow":["GET"]}}],"collection":[{"href":"https:\/\/www.alab.pl\/centrum-wiedzy\/wp-json\/wp\/v2\/posts"}],"about":[{"href":"https:\/\/www.alab.pl\/centrum-wiedzy\/wp-json\/wp\/v2\/types\/post"}],"author":[{"embeddable":true,"href":"https:\/\/www.alab.pl\/centrum-wiedzy\/wp-json\/wp\/v2\/users\/100"}],"replies":[{"embeddable":true,"href":"https:\/\/www.alab.pl\/centrum-wiedzy\/wp-json\/wp\/v2\/comments?post=20383"}],"version-history":[{"count":6,"href":"https:\/\/www.alab.pl\/centrum-wiedzy\/wp-json\/wp\/v2\/posts\/20383\/revisions"}],"predecessor-version":[{"id":21448,"href":"https:\/\/www.alab.pl\/centrum-wiedzy\/wp-json\/wp\/v2\/posts\/20383\/revisions\/21448"}],"wp:featuredmedia":[{"embeddable":true,"href":"https:\/\/www.alab.pl\/centrum-wiedzy\/wp-json\/wp\/v2\/media\/20388"}],"wp:attachment":[{"href":"https:\/\/www.alab.pl\/centrum-wiedzy\/wp-json\/wp\/v2\/media?parent=20383"}],"wp:term":[{"taxonomy":"category","embeddable":true,"href":"https:\/\/www.alab.pl\/centrum-wiedzy\/wp-json\/wp\/v2\/categories?post=20383"},{"taxonomy":"post_tag","embeddable":true,"href":"https:\/\/www.alab.pl\/centrum-wiedzy\/wp-json\/wp\/v2\/tags?post=20383"},{"taxonomy":"author","embeddable":true,"href":"https:\/\/www.alab.pl\/centrum-wiedzy\/wp-json\/wp\/v2\/coauthors?post=20383"}],"curies":[{"name":"wp","href":"https:\/\/api.w.org\/{rel}","templated":true}]}}