{"id":20625,"date":"2025-01-16T08:25:10","date_gmt":"2025-01-16T07:25:10","guid":{"rendered":"https:\/\/www.alab.pl\/centrum-wiedzy\/?p=20625"},"modified":"2025-01-20T14:27:52","modified_gmt":"2025-01-20T13:27:52","slug":"halitoza-i-nieswiezy-oddech-z-zoladka-przyczyny-diagnostyka-i-leczenie","status":"publish","type":"post","link":"https:\/\/www.alab.pl\/centrum-wiedzy\/halitoza-i-nieswiezy-oddech-z-zoladka-przyczyny-diagnostyka-i-leczenie\/","title":{"rendered":"Halitoza i nie\u015bwie\u017cy oddech z \u017co\u0142\u0105dka. Przyczyny, diagnostyka i leczenie"},"content":{"rendered":"\n<p><strong>Nie\u015bwie\u017cy oddech, znany tak\u017ce jako halitoza, to powszechny problem, kt\u00f3ry mo\u017ce znacz\u0105co wp\u0142ywa\u0107 na codzienne \u017cycie i relacje spo\u0142eczne. Cz\u0119sto kojarzony jest z niew\u0142a\u015bciw\u0105 higien\u0105 jamy ustnej, ale jego przyczyny mog\u0105 by\u0107 znacznie bardziej z\u0142o\u017cone i mie\u0107 g\u0142\u0119bsze pod\u0142o\u017ce <\/strong>\u2013<strong> a\u017c do problem\u00f3w z uk\u0142adem pokarmowym, oddechowym czy w\u0105trob\u0105. Dowiedz si\u0119, co powoduje nie\u015bwie\u017cy oddech i jakie badania wykona\u0107 w ramach diagnostyki.<\/strong><\/p>\n\n\n\n<p>Spis tre\u015bci:<\/p>\n\n\n\n<ol class=\"wp-block-list\">\n<li><a href=\"#Co-to-jest-halitoza?\">Co to jest halitoza?<\/a><\/li>\n\n\n\n<li><a href=\"#Objawy-halitozy\">Objawy halitozy<\/a><\/li>\n\n\n\n<li><a href=\"#Co-powoduje-nie\u015bwie\u017cy-oddech:-przyczyny-halitozy\">Co powoduje nie\u015bwie\u017cy oddech: przyczyny halitozy<\/a>\n<ul class=\"wp-block-list\">\n<li><a href=\"#Niew\u0142a\u015bciwa-dieta-jako-przyczyna-halitozy\">Niew\u0142a\u015bciwa dieta jako przyczyna halitozy<\/a><\/li>\n\n\n\n<li><a href=\"#Choroby-powoduj\u0105ce-nie\u015bwie\u017cy-oddech\">Choroby powoduj\u0105ce nie\u015bwie\u017cy oddech<\/a><\/li>\n<\/ul>\n<\/li>\n\n\n\n<li><a href=\"#Diagnozowanie-przyczyny-halitozy:-jakie-badania-warto-wykona\u0107?\">Diagnozowanie przyczyny halitozy: jakie badania warto wykona\u0107?<\/a><\/li>\n\n\n\n<li><a href=\"#Leczenie-halitozy:-co-zrobi\u0107,-by-pozby\u0107-si\u0119-nie\u015bwie\u017cego-oddechu-z-ust?\">Leczenie halitozy: co zrobi\u0107, by pozby\u0107 si\u0119 nie\u015bwie\u017cego oddechu z ust?<\/a>\n<ul class=\"wp-block-list\">\n<li><a href=\"#Odpowiednia-higiena-jamy-ustnej\">Odpowiednia higiena jamy ustnej<\/a><\/li>\n\n\n\n<li><a href=\"#Zmiana-nawyk\u00f3w-\u017cywieniowych\">Zmiana nawyk\u00f3w \u017cywieniowych<\/a><\/li>\n<\/ul>\n<\/li>\n\n\n\n<li><a href=\"#Kiedy-warto-i\u015b\u0107-do-lekarza-z-halitoz\u0105?\">Kiedy warto i\u015b\u0107 do lekarza z halitoz\u0105?<\/a><\/li>\n<\/ol>\n\n\n\n<h2 class=\"wp-block-heading\" id=\"Co-to-jest-halitoza?\">Co to jest halitoza?<\/h2>\n\n\n\n<p>Halitoza to okre\u015blenie na<strong> nieprzyjemny zapach z jamy ustnej<\/strong>. Mo\u017ce by\u0107 on wyczuwany przez samego pacjenta i\/lub osoby postronne. Problem ten mo\u017ce pojawi\u0107 si\u0119 u ka\u017cdego \u2013 bez wzgl\u0119du na p\u0142e\u0107 i wiek.<\/p>\n\n\n\n<p>Wyr\u00f3\u017cnia si\u0119:<\/p>\n\n\n\n<ul class=\"wp-block-list\">\n<li>halitoz\u0119 fizjologiczn\u0105 \u2013 to przej\u015bciowy, naturalny stan, cz\u0119sto wyst\u0119puj\u0105cy rano po przebudzeniu, spo\u017cyciu niekt\u00f3rych pokarm\u00f3w i napoj\u00f3w lub na skutek palenia tytoniu,<\/li>\n<\/ul>\n\n\n\n<ul class=\"wp-block-list\">\n<li>halitoz\u0119 patologiczn\u0105 \u2013 jest zwi\u0105zana z r\u00f3\u017cnymi stanami chorobowymi, kt\u00f3re mog\u0105 obejmowa\u0107 zar\u00f3wno problemy z jam\u0105 ustn\u0105, jak i innymi uk\u0142adami.<\/li>\n<\/ul>\n\n\n\n<figure class=\"wp-block-table\"><table class=\"has-fixed-layout\"><tbody><tr><td><strong>Ciekawostka:<\/strong> <br>Istnieje tak\u017ce <strong>halitoza rzekoma<\/strong>. W jej przebiegu pacjent odczuwa nieprzyjemny zapach z ust, ale nie potwierdzaj\u0105 tego inne osoby ani badania. Zaburzenie mo\u017ce mie\u0107 pod\u0142o\u017ce neurologiczne (m.in. nowotwory o\u015brodkowego uk\u0142adu nerwowego czy niekt\u00f3re choroby neurodegeneracyjne).<\/td><\/tr><\/tbody><\/table><\/figure>\n\n\n\n<h2 class=\"wp-block-heading\" id=\"Objawy-halitozy\">Objawy halitozy<\/h2>\n\n\n\n<p>Mo\u017cliwe objawy halitozy to:<\/p>\n\n\n\n<ul class=\"wp-block-list\">\n<li>nieprzyjemny zapach z ust,<\/li>\n<\/ul>\n\n\n\n<ul class=\"wp-block-list\">\n<li>gorzki lub <a href=\"https:\/\/www.alab.pl\/centrum-wiedzy\/metaliczny-posmak-w-ustach-skad-sie-bierze-i-co-oznacza\/\">metaliczny posmak w ustach<\/a>,<\/li>\n<\/ul>\n\n\n\n<ul class=\"wp-block-list\">\n<li>sucho\u015b\u0107 w ustach.<\/li>\n<\/ul>\n\n\n\n<p>Objawy halitozy s\u0105 zwykle odczuwalne przez osoby w otoczeniu chorego, chocia\u017c sam pacjent mo\u017ce nie by\u0107 \u015bwiadomy problemu. <strong>Nie\u015bwie\u017cy oddech mo\u017ce wyst\u0119powa\u0107 okresowo lub utrzymywa\u0107 si\u0119 stale. Najcz\u0119\u015bciej dolegliwo\u015bci s\u0105 nasilone w godzinach porannych<\/strong> i zmniejszaj\u0105 si\u0119 na pewien czas po umyciu z\u0119b\u00f3w lub p\u0142ukaniu jamy ustnej.<\/p>\n\n\n\n<figure class=\"wp-block-image size-full\"><a href=\"https:\/\/www.alab.pl\/badanie\/posiew-z-gornych-drog-oddechowych-rozszerzony-91831\"><img loading=\"lazy\" decoding=\"async\" width=\"800\" height=\"200\" src=\"https:\/\/www.alab.pl\/centrum-wiedzy\/wp-content\/uploads\/2023\/06\/posiew-z-gornych-drog-oddechowych-jpg.webp\" alt=\"posiew z g\u00f3rnych dr\u00f3g oddechowych rozszerzony\" class=\"wp-image-6896\" srcset=\"https:\/\/www.alab.pl\/centrum-wiedzy\/wp-content\/uploads\/2023\/06\/posiew-z-gornych-drog-oddechowych-jpg.webp 800w, https:\/\/www.alab.pl\/centrum-wiedzy\/wp-content\/uploads\/2023\/06\/posiew-z-gornych-drog-oddechowych-jpg-768x192.webp 768w, https:\/\/www.alab.pl\/centrum-wiedzy\/wp-content\/uploads\/2023\/06\/posiew-z-gornych-drog-oddechowych-jpg-150x38.webp 150w, https:\/\/www.alab.pl\/centrum-wiedzy\/wp-content\/uploads\/2023\/06\/posiew-z-gornych-drog-oddechowych-jpg-300x75.webp 300w, https:\/\/www.alab.pl\/centrum-wiedzy\/wp-content\/uploads\/2023\/06\/posiew-z-gornych-drog-oddechowych-jpg-696x174.webp 696w\" sizes=\"auto, (max-width: 800px) 100vw, 800px\" \/><\/a><\/figure>\n\n\n\n<h2 class=\"wp-block-heading\" id=\"Co-powoduje-nie\u015bwie\u017cy-oddech:-przyczyny-halitozy\">Co powoduje nie\u015bwie\u017cy oddech: przyczyny halitozy<\/h2>\n\n\n\n<p>Nie\u015bwie\u017cy oddech ma z\u0142o\u017con\u0105 i wieloczynnikow\u0105 etiologi\u0119. Na jego wyst\u0105pienie wp\u0142ywaj\u0105 zar\u00f3wno <strong>zmiany w samej jamie ustnej, jak i czynniki og\u00f3lnoustrojowe<\/strong>.<\/p>\n\n\n\n<p>W wi\u0119kszo\u015bci przypadk\u00f3w nieprzyjemny zapach z ust ma przyczyn\u0119 wy\u0142\u0105cznie w jamie ustnej. \u0179r\u00f3d\u0142em dolegliwo\u015bci s\u0105 lotne zwi\u0105zki siarki produkowane na skutek rozk\u0142adu r\u00f3\u017cnego rodzaju substancji przez bakterie wchodz\u0105ce w sk\u0142ad flory bakteryjnej jamy ustnej. Szczeg\u00f3lnie odczuwany jest po nocnym odpoczynku, gdy dochodzi do nagromadzenia drobnoustroj\u00f3w i zmniejszenia wydzielania \u015bliny (halitoza fizjologiczna). R\u00f3wnie\u017c patologiczne zmiany w sk\u0142adzie flory bakteryjnej jamy ustnej (np. przy chorobach z\u0119b\u00f3w) mog\u0105 powodowa\u0107 halitoz\u0119.<\/p>\n\n\n\n<h3 class=\"wp-block-heading\" id=\"Niew\u0142a\u015bciwa-dieta-jako-przyczyna-halitozy\">Niew\u0142a\u015bciwa dieta jako przyczyna halitozy<\/h3>\n\n\n\n<p>Niekt\u00f3re pokarmy, zw\u0142aszcza <strong>bogate w siark\u0119<\/strong>, mog\u0105 prowadzi\u0107 do tymczasowej halitozy. S\u0105 to m.in. czosnek, cebula, por, chrzan i ostre przyprawy. Uwa\u017ca\u0107 trzeba te\u017c na produkty zawieraj\u0105ce <strong>du\u017c\u0105 ilo\u015b\u0107 cukr\u00f3w prostych<\/strong>. Przyczyn\u0105 nie\u015bwie\u017cego oddechu mo\u017ce by\u0107 tak\u017ce dieta uboga w <a href=\"https:\/\/www.alab.pl\/centrum-wiedzy\/jedz-blonnik-twoje-jelita-beda-ci-wdzieczne\/\">b\u0142onnik<\/a> (sprzyja problemom trawiennym), spo\u017cywanie kawy lub alkoholu.<\/p>\n\n\n\n<h3 class=\"wp-block-heading\" id=\"Choroby-powoduj\u0105ce-nie\u015bwie\u017cy-oddech\">Choroby powoduj\u0105ce nie\u015bwie\u017cy oddech<\/h3>\n\n\n\n<p>Chorobowe przyczyny nie\u015bwie\u017cego oddechu to m.in.:<\/p>\n\n\n\n<ol class=\"wp-block-list\">\n<li><strong>Problemy stomatologiczne:<\/strong><br>&#8211; choroby przyz\u0119bia i dzi\u0105se\u0142,<br>&#8211; choroby z\u0119b\u00f3w.<\/li>\n\n\n\n<li><strong>Choroby przewodu pokarmowego:<\/strong><br>&#8211; <a href=\"https:\/\/www.alab.pl\/centrum-wiedzy\/dieta-w-chorobie-refluksowej-przelyku-refluksie\/\">refluks \u017co\u0142\u0105dkowo-prze\u0142ykowy<\/a>,<br>&#8211; nowotwory (jamy ustnej, prze\u0142yku, <a href=\"https:\/\/www.alab.pl\/centrum-wiedzy\/rak-zoladka-przyczyny-objawy-diagnostyka-leczenie\/\">\u017co\u0142\u0105dka<\/a>),<br>&#8211; uchy\u0142ki prze\u0142yku.<\/li>\n\n\n\n<li><strong>Choroby uk\u0142adu oddechowego:<\/strong><br>&#8211; zapalenie migda\u0142k\u00f3w i ropie\u0144 oko\u0142omigda\u0142kowy,<br>&#8211; infekcje grzybicze dr\u00f3g oddechowych,<br>&#8211; zapalenie zatok przynosowych,<br>&#8211; <a href=\"https:\/\/www.alab.pl\/centrum-wiedzy\/markery-nowotworowe-w-diagnozie-raka-pluc\/\">nowotw\u00f3r p\u0142uc<\/a>.<\/li>\n\n\n\n<li><strong>Pozosta\u0142e:<\/strong><br>&#8211; zmniejszone wydzielanie \u015bliny (np. przy uszkodzeniu \u015blinianek),<br>&#8211; niewydolno\u015b\u0107 w\u0105troby,<br>&#8211; <a href=\"https:\/\/www.alab.pl\/centrum-wiedzy\/kwasica-ketonowa-cukrzycowa-co-to-jest-i-jakie-daje-objawy-przyczyny-badania-leczenie\/\">kwasica ketonowa<\/a>.<\/li>\n<\/ol>\n\n\n\n<figure class=\"wp-block-table\"><table class=\"has-fixed-layout\"><tbody><tr><td><strong>Warto wiedzie\u0107:<\/strong> <br>Bardzo cz\u0119st\u0105 przyczyn\u0105 halitozy jest nieprzestrzeganie zasad higieny jamy ustnej \u2013 szczeg\u00f3lnie w przypadku os\u00f3b nosz\u0105cych aparat ortodontyczny lub stosuj\u0105cych uzupe\u0142nienia protetyczne.<\/td><\/tr><\/tbody><\/table><\/figure>\n\n\n\n<p><strong>&gt;&gt; Przeczytaj tak\u017ce: <a href=\"https:\/\/www.alab.pl\/centrum-wiedzy\/powiekszone-wezly-chlonne-limfadenopatia-przyczyny-diagnostyka\/\">Powi\u0119kszone w\u0119z\u0142y ch\u0142onne (limfadenopatia) \u2013 przyczyny, diagnostyka<\/a><\/strong><\/p>\n\n\n\n<h2 class=\"wp-block-heading\" id=\"Diagnozowanie-przyczyny-halitozy:-jakie-badania-warto-wykona\u0107?\">Diagnozowanie przyczyny halitozy: jakie badania warto wykona\u0107?<\/h2>\n\n\n\n<p>Diagnostyka halitozy zaczyna si\u0119 od dok\u0142adnego wywiadu lekarskiego i oceny stanu zdrowia jamy ustnej. Istotne jest r\u00f3wnie\u017c przeprowadzenie kilku bada\u0144, kt\u00f3re mog\u0105 pom\u00f3c w ustaleniu przyczyny problemu. S\u0105 to m.in.:<\/p>\n\n\n\n<ul class=\"wp-block-list\">\n<li>badania z krwi (np. <a href=\"https:\/\/www.alab.pl\/badanie\/morfologia-krwi-c55\">morfologia krwi<\/a>),<\/li>\n<\/ul>\n\n\n\n<ul class=\"wp-block-list\">\n<li>badania mikrobiologiczne (np. posiew wymazu z jamy ustnej, testy w kierunku <a href=\"https:\/\/www.alab.pl\/badanie\/pc-przeciw-candida-albicans-klasy-iga-w23\"><em>Candida albicans<\/em><\/a>),<\/li>\n<\/ul>\n\n\n\n<ul class=\"wp-block-list\">\n<li>badania endoskopowe g\u00f3rnego odcinka przewodu pokarmowego,<\/li>\n<\/ul>\n\n\n\n<ul class=\"wp-block-list\">\n<li>badanie organoleptyczne (w\u0142o\u017cenie do ust rurki i ocena zapachu po jej wyj\u0119ciu, ocena zapachu wydychanego powietrza z odleg\u0142o\u015bci).<\/li>\n<\/ul>\n\n\n\n<p>Lotne zwi\u0105zki siarki w wydychanym powietrzu wykrywa si\u0119 przy pomocy <strong>halimetru<\/strong>.<\/p>\n\n\n\n<figure class=\"wp-block-image size-full\"><a href=\"https:\/\/www.alab.pl\/badanie\/posiew-wymazu-z-jamy-ustnej-tlenowo-91831\"><img loading=\"lazy\" decoding=\"async\" width=\"800\" height=\"200\" src=\"https:\/\/www.alab.pl\/centrum-wiedzy\/wp-content\/uploads\/2024\/11\/Posiew-wymazu-z-jamy-ustnej-tlenowo-jpg.webp\" alt=\"Posiew wymazu z jamy ustnej (tlenowo)\" class=\"wp-image-18211\" srcset=\"https:\/\/www.alab.pl\/centrum-wiedzy\/wp-content\/uploads\/2024\/11\/Posiew-wymazu-z-jamy-ustnej-tlenowo-jpg.webp 800w, https:\/\/www.alab.pl\/centrum-wiedzy\/wp-content\/uploads\/2024\/11\/Posiew-wymazu-z-jamy-ustnej-tlenowo-jpg-768x192.webp 768w, https:\/\/www.alab.pl\/centrum-wiedzy\/wp-content\/uploads\/2024\/11\/Posiew-wymazu-z-jamy-ustnej-tlenowo-jpg-150x38.webp 150w, https:\/\/www.alab.pl\/centrum-wiedzy\/wp-content\/uploads\/2024\/11\/Posiew-wymazu-z-jamy-ustnej-tlenowo-jpg-300x75.webp 300w, https:\/\/www.alab.pl\/centrum-wiedzy\/wp-content\/uploads\/2024\/11\/Posiew-wymazu-z-jamy-ustnej-tlenowo-jpg-696x174.webp 696w\" sizes=\"auto, (max-width: 800px) 100vw, 800px\" \/><\/a><\/figure>\n\n\n\n<h2 class=\"wp-block-heading\" id=\"Leczenie-halitozy:-co-zrobi\u0107,-by-pozby\u0107-si\u0119-nie\u015bwie\u017cego-oddechu-z-ust?\">Leczenie halitozy: co zrobi\u0107, by pozby\u0107 si\u0119 nie\u015bwie\u017cego oddechu z ust?<\/h2>\n\n\n\n<p>Leczenie halitozy zale\u017cy od jej przyczyny. W przypadku chor\u00f3b jamy ustnej lub schorze\u0144 og\u00f3lnoustrojowych wdra\u017cana jest terapia przyczynowa. Natomiast <strong>leczenie objawowe <\/strong>obejmuje:<\/p>\n\n\n\n<ul class=\"wp-block-list\">\n<li>odpowiedni\u0105 higien\u0119 jamy ustnej,<\/li>\n<\/ul>\n\n\n\n<ul class=\"wp-block-list\">\n<li>zmian\u0119 nawyk\u00f3w \u017cywieniowych,<\/li>\n<\/ul>\n\n\n\n<ul class=\"wp-block-list\">\n<li>zaprzestanie palenia tytoniu i spo\u017cywania alkoholu.<\/li>\n<\/ul>\n\n\n\n<h3 class=\"wp-block-heading\" id=\"Odpowiednia-higiena-jamy-ustnej\">Odpowiednia higiena jamy ustnej<\/h3>\n\n\n\n<p>Zalecane jest <strong>dok\u0142adne szczotkowanie z\u0119b\u00f3w \u2013 w miar\u0119 mo\u017cliwo\u015bci po ka\u017cdym posi\u0142ku<\/strong>. Opr\u00f3cz tego codzienna higiena jamy ustnej powinna obejmowa\u0107:<\/p>\n\n\n\n<ul class=\"wp-block-list\">\n<li>czyszczenie przestrzeni mi\u0119dzyz\u0119bowych nici\u0105 dentystyczn\u0105 lub irygatorem,<\/li>\n<\/ul>\n\n\n\n<ul class=\"wp-block-list\">\n<li>stosowanie p\u0142ukanek jamy ustnej,<\/li>\n<\/ul>\n\n\n\n<ul class=\"wp-block-list\">\n<li>usuwanie nalotu z j\u0119zyka.<\/li>\n<\/ul>\n\n\n\n<p>Niezb\u0119dne s\u0105 tak\u017ce <strong>regularne wizyty stomatologiczne i profesjonalne zabiegi higienizacyjne <\/strong>w celu utrzymania zdrowego uz\u0119bienia.<\/p>\n\n\n\n<h3 class=\"wp-block-heading\" id=\"Zmiana-nawyk\u00f3w-\u017cywieniowych\">Zmiana nawyk\u00f3w \u017cywieniowych<\/h3>\n\n\n\n<p>Nieprzyjemny zapach z ust mo\u017ce znikn\u0105\u0107, gdy zostan\u0105 zmienione nawyki \u017cywieniowe. Zaleca si\u0119 <strong>unikanie pokarm\u00f3w powoduj\u0105cych nieprzyjemny zapach oraz stosowanie dobrze zbilansowanej diety<\/strong>, dopasowanej do potrzeb organizmu i dbanie o odpowiednie <a href=\"https:\/\/www.alab.pl\/centrum-wiedzy\/nawadnianie-organizmu-suplementacja-elektrolitow\/\">nawodnienie organizmu<\/a>.<\/p>\n\n\n\n<h2 class=\"wp-block-heading\" id=\"Kiedy-warto-i\u015b\u0107-do-lekarza-z-halitoz\u0105?\">Kiedy warto i\u015b\u0107 do lekarza z halitoz\u0105?<\/h2>\n\n\n\n<p>Je\u017celi mimo stosowania zdrowej diety, zaprzestania palenia tytoniu i w\u0142a\u015bciwej higieny jamy ustnej nie\u015bwie\u017cy oddech utrzymuje si\u0119, nale\u017cy uda\u0107 si\u0119 do lekarza. W takiej sytuacji <strong>konieczne jest wykonanie bada\u0144, kt\u00f3re pozwol\u0105 ustali\u0107 przyczyn\u0119 problemu oraz wdro\u017cenie odpowiedniego leczenia<\/strong>. Halitoza nigdy nie powinna by\u0107 bagatelizowana, poniewa\u017c mo\u017ce by\u0107 sygna\u0142em powa\u017cniejszych schorze\u0144 (np. nieprzyjemny zapach mo\u017ce wyst\u0119powa\u0107 przy nowotworach prze\u0142yku i \u017co\u0142\u0105dka).<\/p>\n\n\n\n<figure class=\"wp-block-table\"><table class=\"has-fixed-layout\"><tbody><tr><td><strong>Ciekawostka:<\/strong> <br>Wed\u0142ug dost\u0119pnych danych <strong>problem nie\u015bwie\u017cego oddechu dotyczy oko\u0142o 50% populacji polskiej<\/strong>. 12% os\u00f3b cierpi\u0105cych na halitoz\u0119 nie zdaje sobie z tego sprawy, gdy\u017c nieprzyjemny zapach z ust jest niewyczuwalny przez nich samych.<\/td><\/tr><\/tbody><\/table><\/figure>\n\n\n\n<p>Halitoza to problem, kt\u00f3ry mo\u017ce mie\u0107 r\u00f3\u017cnorodne przyczyny \u2013 od diety i niew\u0142a\u015bciwej higieny, po powa\u017cniejsze schorzenia. <strong>Konsultacja lekarska i wykonanie bada\u0144 s\u0105 wskazane, gdy objawy utrzymuj\u0105 si\u0119 przez d\u0142u\u017cszy czas i nie ust\u0119puj\u0105 po zmianie sposobu od\u017cywiania i nawyk\u00f3w higienicznych.<\/strong> W diagnostyce halitozy zastosowanie maj\u0105 wizyty u stomatologa i lekarza POZ oraz m.in. <a href=\"https:\/\/www.alab.pl\/centrum-wiedzy\/morfologia-krwi-badanie-ktore-moze-uratowac-zycie\/\">badania laboratoryjne z krwi<\/a>, testy mikrobiologiczne czy badanie halimetrem.<\/p>\n\n\n\n<p><strong>Opieka merytoryczna: lek. Kacper Staniszewski<\/strong><\/p>\n\n\n\n<hr class=\"wp-block-separator has-alpha-channel-opacity\"\/>\n\n\n\n<p><strong>Bibliografia<\/strong><\/p>\n\n\n\n<ol start=\"1\" class=\"wp-block-list\">\n<li>\u0141. Sroczyk, B. Kawala, <em>Halitoza<\/em>\u2013<em> przegl\u0105d pi\u015bmiennictwa<\/em>, Dent. Med. Probl. 2011, 48, 2, s. 255\u2013260<\/li>\n\n\n\n<li>W. Zych, M. Szczepanek, <em>Halitoza<\/em>, https:\/\/www.mp.pl\/interna\/chapter\/B16.I.1.63. (dost\u0119p 26.08.2024)<\/li>\n\n\n\n<li>A. Dudzik, M. Chomyszyn-Gajewska, <em>Pseudohalitoza i halitofobia<\/em>, Przegl\u0105d Lekarski 2014, t. 71, nr 5, s. 274-276<\/li>\n\n\n\n<li>B. Lewandowski i in., <em>Przykry zapach z ust (halitosis) \u2013 problem nie tylko stomatologiczny<\/em>, Przegl\u0105d Medyczny Uniwersytetu Rzeszowskiego i Narodowego Instytutu Lek\u00f3w w Warszawie Rzesz\u00f3w 2013, 2, s. 219\u2013225<\/li>\n<\/ol>\n\n\n\n<p><\/p>\n","protected":false},"excerpt":{"rendered":"<p>Nie\u015bwie\u017cy oddech to powszechny problem. Dowiedz si\u0119, co powoduje nie\u015bwie\u017cy oddech i jakie badania wykona\u0107 w ramach diagnostyki.<\/p>\n","protected":false},"author":100,"featured_media":20626,"comment_status":"closed","ping_status":"closed","sticky":false,"template":"","format":"standard","meta":{"_acf_changed":false,"inline_featured_image":false,"footnotes":""},"categories":[18,28],"tags":[],"coauthors":[143],"class_list":{"0":"post-20625","1":"post","2":"type-post","3":"status-publish","4":"format-standard","5":"has-post-thumbnail","7":"category-dysbioza-choroby-przewodu-pokarmowego","8":"category-warto-wiedziec"},"acf":[],"yoast_head":"<!-- This site is optimized with the Yoast SEO plugin v27.5 - https:\/\/yoast.com\/product\/yoast-seo-wordpress\/ -->\n<title>Halitoza i nie\u015bwie\u017cy oddech z \u017co\u0142\u0105dka. Przyczyny, diagnostyka i leczenie - Centrum Wiedzy ALAB laboratoria<\/title>\n<meta name=\"description\" content=\"Nie\u015bwie\u017cy oddech to powszechny problem. Dowiedz si\u0119, co powoduje nie\u015bwie\u017cy oddech i jakie badania wykona\u0107 w ramach diagnostyki.\" \/>\n<meta name=\"robots\" content=\"index, follow, max-snippet:-1, max-image-preview:large, max-video-preview:-1\" \/>\n<link rel=\"canonical\" href=\"https:\/\/www.alab.pl\/centrum-wiedzy\/halitoza-i-nieswiezy-oddech-z-zoladka-przyczyny-diagnostyka-i-leczenie\/\" \/>\n<meta property=\"og:locale\" content=\"pl_PL\" \/>\n<meta property=\"og:type\" content=\"article\" \/>\n<meta property=\"og:title\" content=\"Halitoza i nie\u015bwie\u017cy oddech z \u017co\u0142\u0105dka. Przyczyny, diagnostyka i leczenie - Centrum Wiedzy ALAB laboratoria\" \/>\n<meta property=\"og:description\" content=\"Nie\u015bwie\u017cy oddech to powszechny problem. Dowiedz si\u0119, co powoduje nie\u015bwie\u017cy oddech i jakie badania wykona\u0107 w ramach diagnostyki.\" \/>\n<meta property=\"og:url\" content=\"https:\/\/www.alab.pl\/centrum-wiedzy\/halitoza-i-nieswiezy-oddech-z-zoladka-przyczyny-diagnostyka-i-leczenie\/\" \/>\n<meta property=\"og:site_name\" content=\"Centrum Wiedzy ALAB laboratoria\" \/>\n<meta property=\"article:publisher\" content=\"https:\/\/www.facebook.com\/ALABlaboratoria\" \/>\n<meta property=\"article:published_time\" content=\"2025-01-16T07:25:10+00:00\" \/>\n<meta property=\"article:modified_time\" content=\"2025-01-20T13:27:52+00:00\" \/>\n<meta property=\"og:image\" content=\"https:\/\/www.alab.pl\/centrum-wiedzy\/wp-content\/uploads\/2025\/01\/Halitoza--scaled.jpg\" \/>\n\t<meta property=\"og:image:width\" content=\"2560\" \/>\n\t<meta property=\"og:image:height\" content=\"1706\" \/>\n\t<meta property=\"og:image:type\" content=\"image\/jpeg\" \/>\n<meta name=\"author\" content=\"Angelika Janowicz\" \/>\n<meta name=\"twitter:card\" content=\"summary_large_image\" \/>\n<meta name=\"twitter:label1\" content=\"Napisane przez\" \/>\n\t<meta name=\"twitter:data1\" content=\"Angelika Janowicz\" \/>\n\t<meta name=\"twitter:label2\" content=\"Szacowany czas czytania\" \/>\n\t<meta name=\"twitter:data2\" content=\"7 minut\" \/>\n\t<meta name=\"twitter:label3\" content=\"Written by\" \/>\n\t<meta name=\"twitter:data3\" content=\"Angelika Janowicz\" \/>\n<!-- \/ Yoast SEO plugin. -->","yoast_head_json":{"title":"Halitoza i nie\u015bwie\u017cy oddech z \u017co\u0142\u0105dka. Przyczyny, diagnostyka i leczenie - Centrum Wiedzy ALAB laboratoria","description":"Nie\u015bwie\u017cy oddech to powszechny problem. Dowiedz si\u0119, co powoduje nie\u015bwie\u017cy oddech i jakie badania wykona\u0107 w ramach diagnostyki.","robots":{"index":"index","follow":"follow","max-snippet":"max-snippet:-1","max-image-preview":"max-image-preview:large","max-video-preview":"max-video-preview:-1"},"canonical":"https:\/\/www.alab.pl\/centrum-wiedzy\/halitoza-i-nieswiezy-oddech-z-zoladka-przyczyny-diagnostyka-i-leczenie\/","og_locale":"pl_PL","og_type":"article","og_title":"Halitoza i nie\u015bwie\u017cy oddech z \u017co\u0142\u0105dka. Przyczyny, diagnostyka i leczenie - Centrum Wiedzy ALAB laboratoria","og_description":"Nie\u015bwie\u017cy oddech to powszechny problem. Dowiedz si\u0119, co powoduje nie\u015bwie\u017cy oddech i jakie badania wykona\u0107 w ramach diagnostyki.","og_url":"https:\/\/www.alab.pl\/centrum-wiedzy\/halitoza-i-nieswiezy-oddech-z-zoladka-przyczyny-diagnostyka-i-leczenie\/","og_site_name":"Centrum Wiedzy ALAB laboratoria","article_publisher":"https:\/\/www.facebook.com\/ALABlaboratoria","article_published_time":"2025-01-16T07:25:10+00:00","article_modified_time":"2025-01-20T13:27:52+00:00","og_image":[{"width":2560,"height":1706,"url":"https:\/\/www.alab.pl\/centrum-wiedzy\/wp-content\/uploads\/2025\/01\/Halitoza--scaled.jpg","type":"image\/jpeg"}],"author":"Angelika Janowicz","twitter_card":"summary_large_image","twitter_misc":{"Napisane przez":"Angelika Janowicz","Szacowany czas czytania":"7 minut","Written by":"Angelika Janowicz"},"schema":{"@context":"https:\/\/schema.org","@graph":[{"@type":"Article","@id":"https:\/\/www.alab.pl\/centrum-wiedzy\/halitoza-i-nieswiezy-oddech-z-zoladka-przyczyny-diagnostyka-i-leczenie\/#article","isPartOf":{"@id":"https:\/\/www.alab.pl\/centrum-wiedzy\/halitoza-i-nieswiezy-oddech-z-zoladka-przyczyny-diagnostyka-i-leczenie\/"},"author":{"name":"Angelika Janowicz","@id":"https:\/\/www.alab.pl\/centrum-wiedzy\/#\/schema\/person\/f714a3843f15f9646db0448b28a900e1"},"headline":"Halitoza i nie\u015bwie\u017cy oddech z \u017co\u0142\u0105dka. Przyczyny, diagnostyka i leczenie","datePublished":"2025-01-16T07:25:10+00:00","dateModified":"2025-01-20T13:27:52+00:00","mainEntityOfPage":{"@id":"https:\/\/www.alab.pl\/centrum-wiedzy\/halitoza-i-nieswiezy-oddech-z-zoladka-przyczyny-diagnostyka-i-leczenie\/"},"wordCount":1247,"publisher":{"@id":"https:\/\/www.alab.pl\/centrum-wiedzy\/#organization"},"image":{"@id":"https:\/\/www.alab.pl\/centrum-wiedzy\/halitoza-i-nieswiezy-oddech-z-zoladka-przyczyny-diagnostyka-i-leczenie\/#primaryimage"},"thumbnailUrl":"https:\/\/www.alab.pl\/centrum-wiedzy\/wp-content\/uploads\/2025\/01\/Halitoza--scaled.jpg","articleSection":["Dysbioza, choroby przewodu pokarmowego","Warto wiedzie\u0107"],"inLanguage":"pl-PL"},{"@type":"WebPage","@id":"https:\/\/www.alab.pl\/centrum-wiedzy\/halitoza-i-nieswiezy-oddech-z-zoladka-przyczyny-diagnostyka-i-leczenie\/","url":"https:\/\/www.alab.pl\/centrum-wiedzy\/halitoza-i-nieswiezy-oddech-z-zoladka-przyczyny-diagnostyka-i-leczenie\/","name":"Halitoza i nie\u015bwie\u017cy oddech z \u017co\u0142\u0105dka. Przyczyny, diagnostyka i leczenie - Centrum Wiedzy ALAB laboratoria","isPartOf":{"@id":"https:\/\/www.alab.pl\/centrum-wiedzy\/#website"},"primaryImageOfPage":{"@id":"https:\/\/www.alab.pl\/centrum-wiedzy\/halitoza-i-nieswiezy-oddech-z-zoladka-przyczyny-diagnostyka-i-leczenie\/#primaryimage"},"image":{"@id":"https:\/\/www.alab.pl\/centrum-wiedzy\/halitoza-i-nieswiezy-oddech-z-zoladka-przyczyny-diagnostyka-i-leczenie\/#primaryimage"},"thumbnailUrl":"https:\/\/www.alab.pl\/centrum-wiedzy\/wp-content\/uploads\/2025\/01\/Halitoza--scaled.jpg","datePublished":"2025-01-16T07:25:10+00:00","dateModified":"2025-01-20T13:27:52+00:00","description":"Nie\u015bwie\u017cy oddech to powszechny problem. Dowiedz si\u0119, co powoduje nie\u015bwie\u017cy oddech i jakie badania wykona\u0107 w ramach diagnostyki.","breadcrumb":{"@id":"https:\/\/www.alab.pl\/centrum-wiedzy\/halitoza-i-nieswiezy-oddech-z-zoladka-przyczyny-diagnostyka-i-leczenie\/#breadcrumb"},"inLanguage":"pl-PL","potentialAction":[{"@type":"ReadAction","target":["https:\/\/www.alab.pl\/centrum-wiedzy\/halitoza-i-nieswiezy-oddech-z-zoladka-przyczyny-diagnostyka-i-leczenie\/"]}]},{"@type":"ImageObject","inLanguage":"pl-PL","@id":"https:\/\/www.alab.pl\/centrum-wiedzy\/halitoza-i-nieswiezy-oddech-z-zoladka-przyczyny-diagnostyka-i-leczenie\/#primaryimage","url":"https:\/\/www.alab.pl\/centrum-wiedzy\/wp-content\/uploads\/2025\/01\/Halitoza--scaled.jpg","contentUrl":"https:\/\/www.alab.pl\/centrum-wiedzy\/wp-content\/uploads\/2025\/01\/Halitoza--scaled.jpg","width":2560,"height":1706,"caption":"Halitoza"},{"@type":"BreadcrumbList","@id":"https:\/\/www.alab.pl\/centrum-wiedzy\/halitoza-i-nieswiezy-oddech-z-zoladka-przyczyny-diagnostyka-i-leczenie\/#breadcrumb","itemListElement":[{"@type":"ListItem","position":1,"name":"Strona g\u0142\u00f3wna","item":"https:\/\/www.alab.pl\/centrum-wiedzy\/"},{"@type":"ListItem","position":2,"name":"Halitoza i nie\u015bwie\u017cy oddech z \u017co\u0142\u0105dka. Przyczyny, diagnostyka i leczenie"}]},{"@type":"WebSite","@id":"https:\/\/www.alab.pl\/centrum-wiedzy\/#website","url":"https:\/\/www.alab.pl\/centrum-wiedzy\/","name":"Centrum Wiedzy ALAB laboratoria","description":"","publisher":{"@id":"https:\/\/www.alab.pl\/centrum-wiedzy\/#organization"},"potentialAction":[{"@type":"SearchAction","target":{"@type":"EntryPoint","urlTemplate":"https:\/\/www.alab.pl\/centrum-wiedzy\/?s={search_term_string}"},"query-input":{"@type":"PropertyValueSpecification","valueRequired":true,"valueName":"search_term_string"}}],"inLanguage":"pl-PL"},{"@type":"Organization","@id":"https:\/\/www.alab.pl\/centrum-wiedzy\/#organization","name":"Centrum Wiedzy ALAB laboratoria","url":"https:\/\/www.alab.pl\/centrum-wiedzy\/","logo":{"@type":"ImageObject","inLanguage":"pl-PL","@id":"https:\/\/www.alab.pl\/centrum-wiedzy\/#\/schema\/logo\/image\/","url":"https:\/\/www.alab.pl\/centrum-wiedzy\/wp-content\/uploads\/2022\/04\/alabek.jpg","contentUrl":"https:\/\/www.alab.pl\/centrum-wiedzy\/wp-content\/uploads\/2022\/04\/alabek.jpg","width":1250,"height":1251,"caption":"Centrum Wiedzy ALAB laboratoria"},"image":{"@id":"https:\/\/www.alab.pl\/centrum-wiedzy\/#\/schema\/logo\/image\/"},"sameAs":["https:\/\/www.facebook.com\/ALABlaboratoria"]},{"@type":"Person","@id":"https:\/\/www.alab.pl\/centrum-wiedzy\/#\/schema\/person\/f714a3843f15f9646db0448b28a900e1","name":"Angelika Janowicz","image":{"@type":"ImageObject","inLanguage":"pl-PL","@id":"https:\/\/www.alab.pl\/centrum-wiedzy\/wp-content\/uploads\/2024\/05\/Janowicz-Angelika-150x150.png9339cd1d56dcba9ded72b55067841306","url":"https:\/\/www.alab.pl\/centrum-wiedzy\/wp-content\/uploads\/2024\/05\/Janowicz-Angelika-150x150.png","contentUrl":"https:\/\/www.alab.pl\/centrum-wiedzy\/wp-content\/uploads\/2024\/05\/Janowicz-Angelika-150x150.png","caption":"Angelika Janowicz"},"description":"Z wykszta\u0142cenia piel\u0119gniarka, absolwentka Uniwersytetu Medycznego im. Piast\u00f3w \u015al\u0105skich we Wroc\u0142awiu. Do\u015bwiadczenie zawodowe zdobywa\u0142a w gabinecie zabiegowym, a tak\u017ce w poradni laryngologicznej, pediatrycznej i kardiologicznej. Interesuje si\u0119 psychodietetyk\u0105 i \u017cywieniem cz\u0142owieka w chorobach metabolicznych \u2013 w szczeg\u00f3lno\u015bci zastosowaniem diet niskow\u0119glowodanowych w insulinooporno\u015bci.","url":"https:\/\/www.alab.pl\/centrum-wiedzy\/author\/angelika-janowicz\/"}]}},"_links":{"self":[{"href":"https:\/\/www.alab.pl\/centrum-wiedzy\/wp-json\/wp\/v2\/posts\/20625","targetHints":{"allow":["GET"]}}],"collection":[{"href":"https:\/\/www.alab.pl\/centrum-wiedzy\/wp-json\/wp\/v2\/posts"}],"about":[{"href":"https:\/\/www.alab.pl\/centrum-wiedzy\/wp-json\/wp\/v2\/types\/post"}],"author":[{"embeddable":true,"href":"https:\/\/www.alab.pl\/centrum-wiedzy\/wp-json\/wp\/v2\/users\/100"}],"replies":[{"embeddable":true,"href":"https:\/\/www.alab.pl\/centrum-wiedzy\/wp-json\/wp\/v2\/comments?post=20625"}],"version-history":[{"count":4,"href":"https:\/\/www.alab.pl\/centrum-wiedzy\/wp-json\/wp\/v2\/posts\/20625\/revisions"}],"predecessor-version":[{"id":20639,"href":"https:\/\/www.alab.pl\/centrum-wiedzy\/wp-json\/wp\/v2\/posts\/20625\/revisions\/20639"}],"wp:featuredmedia":[{"embeddable":true,"href":"https:\/\/www.alab.pl\/centrum-wiedzy\/wp-json\/wp\/v2\/media\/20626"}],"wp:attachment":[{"href":"https:\/\/www.alab.pl\/centrum-wiedzy\/wp-json\/wp\/v2\/media?parent=20625"}],"wp:term":[{"taxonomy":"category","embeddable":true,"href":"https:\/\/www.alab.pl\/centrum-wiedzy\/wp-json\/wp\/v2\/categories?post=20625"},{"taxonomy":"post_tag","embeddable":true,"href":"https:\/\/www.alab.pl\/centrum-wiedzy\/wp-json\/wp\/v2\/tags?post=20625"},{"taxonomy":"author","embeddable":true,"href":"https:\/\/www.alab.pl\/centrum-wiedzy\/wp-json\/wp\/v2\/coauthors?post=20625"}],"curies":[{"name":"wp","href":"https:\/\/api.w.org\/{rel}","templated":true}]}}