{"id":20694,"date":"2025-01-21T16:00:00","date_gmt":"2025-01-21T15:00:00","guid":{"rendered":"https:\/\/www.alab.pl\/centrum-wiedzy\/?p=20694"},"modified":"2025-01-21T15:44:51","modified_gmt":"2025-01-21T14:44:51","slug":"czym-jest-cukrzyca-typu-mody","status":"publish","type":"post","link":"https:\/\/www.alab.pl\/centrum-wiedzy\/czym-jest-cukrzyca-typu-mody\/","title":{"rendered":"Czym jest cukrzyca typu MODY?"},"content":{"rendered":"\n<p><strong>Cukrzyca to jedna z najcz\u0119stszych chor\u00f3b przewlek\u0142ych, powszechnie znana i w potocznym rozumieniu kojarzona jako \u201ezbyt wysoki cukier we krwi\u201d. Czy wiesz, \u017ce istnieje wiele jej podtyp\u00f3w? Czy znasz termin cukrzyca typu MODY? Je\u015bli nie, to czas na nadrobienie zaleg\u0142o\u015bci w niezb\u0119dnej wiedzy.<\/strong><\/p>\n\n\n\n<p><strong>Spis tre\u015bci:<\/strong><\/p>\n\n\n\n<ol class=\"wp-block-list\">\n<li><a href=\"#Czym-jest-cukrzyca-MODY?\">Czym jest cukrzyca typu MODY?<\/a><\/li>\n\n\n\n<li><a href=\"#Rodzaje-cukrzycy-typu-MODY\">Rodzaje cukrzycy typu MODY<\/a><\/li>\n\n\n\n<li><a href=\"#Jakie-s\u0105-objawy-cukrzycy-typu-MODY?\">Jakie s\u0105 objawy cukrzycy typu MODY?<\/a><\/li>\n\n\n\n<li><a href=\"#Cukrzyca-MODY-\u2013-diagnostyka\">Cukrzyca MODY \u2013 diagnostyka<\/a><\/li>\n\n\n\n<li><a href=\"#Leczenie-cukrzycy-MODY\">Leczenie cukrzycy MODY<\/a><\/li>\n\n\n\n<li><a href=\"#Cukrzyca-typu-MODY-\u2013-podsumowanie\">Cukrzyca typu MODY \u2013 podsumowanie<\/a><\/li>\n<\/ol>\n\n\n\n<h2 class=\"wp-block-heading\" id=\"Czym-jest-cukrzyca-MODY?\">Czym jest cukrzyca MODY?<\/h2>\n\n\n\n<p>MODY to akronim utworzony ze s\u0142\u00f3w \u201ematurity onset diabetes of the young\u201d, co mo\u017cna przed\u0142umaczy\u0107 jako \u201ecukrzyca doros\u0142ych rozpoczynaj\u0105ca si\u0119 u m\u0142odych\u201d.<\/p>\n\n\n\n<p>Jest to grupa chor\u00f3b monogenowych, czyli spowodowanych mutacj\u0105 pojedynczego genu. Klinicznie przebiega podobnie do cukrzycy typu 2, czyli najcz\u0119stszej, wyst\u0119puj\u0105cej g\u0142\u00f3wnie u os\u00f3b doros\u0142ych, kt\u00f3rej istot\u0105 jest wzgl\u0119dny niedob\u00f3r <a href=\"https:\/\/www.alab.pl\/badanie\/insulina-l97\" target=\"_blank\" rel=\"noreferrer noopener\">insuliny<\/a>.<\/p>\n\n\n\n<p>Chocia\u017c MODY stanowi jedynie 1 do 5% wszystkich przypadk\u00f3w cukrzycy, ma istotne implikacje: cz\u0119sto jest b\u0142\u0119dnie diagnozowana jako <a href=\"https:\/\/www.alab.pl\/centrum-wiedzy\/cukrzyca-typu-i-badania-przeciwcial\/\" target=\"_blank\" rel=\"noreferrer noopener\">cukrzyca typu 1<\/a> lub 2, co skutkuje niew\u0142a\u015bciwym leczeniem.<\/p>\n\n\n\n<figure class=\"wp-block-image size-full\"><a href=\"https:\/\/www.alab.pl\/pakiet\/pakiet-ryzyko-cukrzycy\" target=\"_blank\" rel=\" noreferrer noopener\"><img loading=\"lazy\" decoding=\"async\" width=\"800\" height=\"200\" src=\"https:\/\/www.alab.pl\/centrum-wiedzy\/wp-content\/uploads\/2023\/12\/Pakiet-ryzyko-cukrzycy-rozszerzony-4-badania-jpg.webp\" alt=\"\" class=\"wp-image-10409\" srcset=\"https:\/\/www.alab.pl\/centrum-wiedzy\/wp-content\/uploads\/2023\/12\/Pakiet-ryzyko-cukrzycy-rozszerzony-4-badania-jpg.webp 800w, https:\/\/www.alab.pl\/centrum-wiedzy\/wp-content\/uploads\/2023\/12\/Pakiet-ryzyko-cukrzycy-rozszerzony-4-badania-jpg-768x192.webp 768w, https:\/\/www.alab.pl\/centrum-wiedzy\/wp-content\/uploads\/2023\/12\/Pakiet-ryzyko-cukrzycy-rozszerzony-4-badania-jpg-150x38.webp 150w, https:\/\/www.alab.pl\/centrum-wiedzy\/wp-content\/uploads\/2023\/12\/Pakiet-ryzyko-cukrzycy-rozszerzony-4-badania-jpg-300x75.webp 300w, https:\/\/www.alab.pl\/centrum-wiedzy\/wp-content\/uploads\/2023\/12\/Pakiet-ryzyko-cukrzycy-rozszerzony-4-badania-jpg-696x174.webp 696w\" sizes=\"auto, (max-width: 800px) 100vw, 800px\" \/><\/a><\/figure>\n\n\n\n<h2 class=\"wp-block-heading\" id=\"Rodzaje-cukrzycy-typu-MODY\">Rodzaje cukrzycy typu MODY<\/h2>\n\n\n\n<p>Dotychczas zidentyfikowano 14 podtyp\u00f3w <a href=\"https:\/\/www.alab.pl\/centrum-wiedzy\/cukrzyca\/\" target=\"_blank\" rel=\"noreferrer noopener\">cukrzycy<\/a> typu MODY, z czego wi\u0119kszo\u015b\u0107 przypadk\u00f3w stanowi\u0105 te zwi\u0105zane z mutacj\u0105 w genie HNF1A i glukokinazy. Id\u0105c kolejno w\u015br\u00f3d MODY wyr\u00f3\u017cnia si\u0119:<\/p>\n\n\n\n<ul class=\"wp-block-list\">\n<li><strong>MODY 1: <\/strong>spowodowana mutacj\u0105 w genie HNF4A, kt\u00f3ry ulega ekspresji g\u0142\u00f3wnie w w\u0105trobie, ale tak\u017ce w trzustce i nerkach; u os\u00f3b dotkni\u0119tych chorob\u0105 mo\u017ce wyst\u0105pi\u0107 makrosomia p\u0142odu, przej\u015bciowa hipoglikemia hiperinsulinemiczna u noworodk\u00f3w, post\u0119puj\u0105cy rozw\u00f3j hiperglikemii i pocz\u0105tek cukrzycy w p\u00f3\u017anym okresie dojrzewania lub w wieku 25 lat,<\/li>\n\n\n\n<li><strong>MODY 2: <\/strong>wywo\u0142ana mutacj\u0105 w genie glukokinazy, odgrywa znacz\u0105c\u0105 rol\u0119 w stymulowanym glukoz\u0105 wydzielaniu insuliny w trzustce, uczestniczy jednocze\u015bnie w wychwycie <a href=\"https:\/\/www.alab.pl\/badanie\/glukoza-l43\" target=\"_blank\" rel=\"noreferrer noopener\">glukozy<\/a> i konwersji glikogenu w w\u0105trobie; leczenie z regu\u0142y nie jest wymagane,<\/li>\n\n\n\n<li><strong>MODY 3:<\/strong> skutek mutacji w genie HNF1A, dochodzi do wczesnego pocz\u0105tku choroby (typowo przed 25. rokiem \u017cycia), braku zale\u017cno\u015bci od insuliny oraz tendencji do kwasicy ketonowej; wywiad rodzinny w kierunku cukrzycy obejmuje co najmniej 2 pokolenia (wczesne zachorowanie na cukrzyc\u0119 u co najmniej 2 cz\u0142onk\u00f3w rodziny), a w OGTT wykonanym na wczesnym etapie stwierdza si\u0119 zwykle znaczny wzrost glikemii, przy cz\u0119sto jej prawid\u0142owych warto\u015bciach na czczo,<\/li>\n\n\n\n<li><strong>MODY 4: <\/strong>mutacja w genie PDX1, zazwyczaj nie prowadzi do ci\u0119\u017ckiej postaci cukrzycy,<\/li>\n\n\n\n<li><strong>MODY 5:<\/strong> mutacja w genie HNF1B, opr\u00f3cz cukrzycy pojawia si\u0119 tak\u017ce ci\u0119\u017cka choroba nerek, aplazja pochwy, dna moczanowa i zmniejszenie masy urodzeniowej noworodka,<\/li>\n\n\n\n<li><strong>MODY 6: <\/strong>mutacja w genie NEUROD1 skutkuj\u0105ca dysfunkcj\u0105 kom\u00f3rek beta trzustki, kt\u00f3re produkuj\u0105 insulin\u0119,<\/li>\n\n\n\n<li><strong>MODY 7: <\/strong>mutacja w genie KLF11 powoduj\u0105ca upo\u015bledzenie wydzielania insuliny,<\/li>\n\n\n\n<li><strong>MODY 8: <\/strong>spowodowana mutacjami w genie CEL, kt\u00f3ry reguluje funkcj\u0119 trzustki, objawia si\u0119 cukrzyc\u0105 w wieku doros\u0142ym,<\/li>\n\n\n\n<li><strong>MODY 9: <\/strong>spowodowana mutacj\u0105 w genie PAX4, kt\u00f3ry jest niezb\u0119dny do wytwarzania, r\u00f3\u017cnicowania, rozwoju i prze\u017cycia kom\u00f3rek beta wytwarzaj\u0105cych insulin\u0119,<\/li>\n\n\n\n<li><strong>MODY 10:<\/strong> mutacja w genie INS, wiek zachorowania jest r\u00f3\u017cny, cho\u0107 mo\u017ce by\u0107 przyczyn\u0105 izolowanej trwa\u0142ej cukrzycy noworodkowej,<\/li>\n\n\n\n<li><strong>MODY 11: <\/strong>mutacja w genie BLK, przy kt\u00f3rej cukrzyca ujawnia si\u0119 przy nadmiernej masie cia\u0142a lub ci\u0105\u017cy,<\/li>\n\n\n\n<li><strong>MODY 12:<\/strong> mutacja genu ABCC8, kt\u00f3ra mo\u017ce prowadzi\u0107 do trwa\u0142ej lub przej\u015bciowej cukrzycy noworodkowej,<\/li>\n\n\n\n<li><strong>MODY 13: <\/strong>mutacja w genie Arg301, kt\u00f3ra zazwyczaj powoduje hiperinsulinizm i prawdopodobnie cukrzyc\u0119 noworodkow\u0105,<\/li>\n\n\n\n<li><strong>MODY 14: <\/strong>mutacja w genie APPL1, wyst\u0119puj\u0105ca bardzo rzadko.<\/li>\n<\/ul>\n\n\n\n<p><strong>>> To mo\u017ce Ci\u0119 zainteresowa\u0107: <a href=\"https:\/\/www.alab.pl\/centrum-wiedzy\/do-czego-sluza-i-dla-kogo-powstaly-systemy-ciaglego-monitorowania-glikemii-cgm\/\" target=\"_blank\" rel=\"noreferrer noopener\">Do czego s\u0142u\u017c\u0105 i dla kogo powsta\u0142y systemy ci\u0105g\u0142ego monitorowania glikemii (CGM)?<\/a><\/strong><\/p>\n\n\n\n<h2 class=\"wp-block-heading\" id=\"Jakie-s\u0105-objawy-cukrzycy-typu-MODY?\">Jakie s\u0105 objawy cukrzycy typu MODY?<\/h2>\n\n\n\n<p>W momencie rozpoznania MODY nie mo\u017cna \u0142atwo odr\u00f3\u017cni\u0107 od cukrzycy typu 1 i typu 2 na podstawie cech klinicznych.<\/p>\n\n\n\n<p>U pacjent\u00f3w z MODY czynno\u015b\u0107 kom\u00f3rek wytwarzaj\u0105cych insulin\u0119 jest zwykle (w r\u00f3\u017cnym stopniu) zachowana, st\u0105d rzadko wyst\u0119puj\u0105 objawy typowe dla cukrzycy typu 1, takie jak nadmierne pragnienie, oddawanie du\u017cej obj\u0119to\u015bci <a href=\"https:\/\/www.alab.pl\/centrum-wiedzy\/mocz-jak-powstaje-kiedy-zrobic-badanie-i-jak-sie-przygotowac\/\" target=\"_blank\" rel=\"noreferrer noopener\">moczu<\/a>, <a href=\"https:\/\/www.alab.pl\/centrum-wiedzy\/bol-brzucha-mozliwe-przyczyny-badania\/\" target=\"_blank\" rel=\"noreferrer noopener\">b\u00f3l brzucha<\/a>, spadek masy cia\u0142a i dalej <a href=\"https:\/\/www.alab.pl\/centrum-wiedzy\/kwasica-ketonowa-cukrzycowa-co-to-jest-i-jakie-daje-objawy-przyczyny-badania-leczenie\/\" target=\"_blank\" rel=\"noreferrer noopener\">kwasica ketonowa<\/a>.\u00a0<\/p>\n\n\n\n<p>Cukrzyc\u0119 MODY rozpoznaje si\u0119 w okresie dojrzewania lub wczesnej doros\u0142o\u015bci, a do szczeg\u00f3\u0142owych bada\u0144 sk\u0142ania przypadkowe wykrycie zaburze\u0144 st\u0119\u017cenia glukozy. Cenn\u0105 wskaz\u00f3wk\u0105 jest wywiad.<\/p>\n\n\n\n<p>Cukrzyc\u0119 MODY nale\u017cy szczeg\u00f3lnie podejrzewa\u0107 u os\u00f3b:<\/p>\n\n\n\n<ul class=\"wp-block-list\">\n<li>z wewn\u0105trzmacicznym op\u00f3\u017anieniem wzrastania,<\/li>\n\n\n\n<li>z wadami wrodzonymi nerek, dr\u00f3g moczowo-p\u0142ciowych, trzustki,<\/li>\n\n\n\n<li>z wysok\u0105 mas\u0105 urodzeniow\u0105,<\/li>\n\n\n\n<li>z przej\u015bciow\u0105 hipoglikemi\u0105 hiperinsulinemiczn\u0105 w okresie noworodkowym,<\/li>\n\n\n\n<li>wywiad rodzinny w kierunku cukrzycy obejmuj\u0105cy co najmniej 2 pokolenia (wczesne zachorowanie na cukrzyc\u0119 u co najmniej 2 cz\u0142onk\u00f3w rodziny).<\/li>\n<\/ul>\n\n\n\n<p><strong>>> Przeczytaj tak\u017ce: <a href=\"https:\/\/www.alab.pl\/centrum-wiedzy\/nerki-polozenie-budowa-funkcje-najczestsze-choroby-nerek\/\" target=\"_blank\" rel=\"noreferrer noopener\">Nerki \u2013 po\u0142o\u017cenie, budowa, funkcje, najcz\u0119stsze choroby nerek<\/a><\/strong><\/p>\n\n\n\n<h2 class=\"wp-block-heading\" id=\"Cukrzyca-MODY-\u2013-diagnostyka\">Cukrzyca MODY \u2013 diagnostyka<\/h2>\n\n\n\n<p>Podstaw\u0105 rozpoznania jest oznaczenie glikemii na czczo, przygodnej glikemii, OGTT i\/lub st\u0119\u017cenia hemoglobiny glikowanej.<\/p>\n\n\n\n<p>Zaburzenia w powy\u017cszych (r\u00f3\u017cnego stopnia \u2013 MODY to heterogenna grupa chor\u00f3b) powinny sk\u0142oni\u0107 do wykonania <strong>bada\u0144 pozwalaj\u0105cych na odr\u00f3\u017cnienie MODY od cukrzycy typu 1 lub 2:<\/strong><\/p>\n\n\n\n<ul class=\"wp-block-list\">\n<li>st\u0119\u017cenie peptydu C,<\/li>\n<\/ul>\n\n\n\n<figure class=\"wp-block-image size-full\"><a href=\"https:\/\/www.alab.pl\/badanie\/c-peptyd-n33\" target=\"_blank\" rel=\" noreferrer noopener\"><img loading=\"lazy\" decoding=\"async\" width=\"800\" height=\"200\" src=\"https:\/\/www.alab.pl\/centrum-wiedzy\/wp-content\/uploads\/2025\/01\/Badanie-peptydu-C.jpg\" alt=\"Badanie peptydu C\" class=\"wp-image-20610\" srcset=\"https:\/\/www.alab.pl\/centrum-wiedzy\/wp-content\/uploads\/2025\/01\/Badanie-peptydu-C.jpg 800w, https:\/\/www.alab.pl\/centrum-wiedzy\/wp-content\/uploads\/2025\/01\/Badanie-peptydu-C-768x192.jpg 768w, https:\/\/www.alab.pl\/centrum-wiedzy\/wp-content\/uploads\/2025\/01\/Badanie-peptydu-C-150x38.jpg 150w, https:\/\/www.alab.pl\/centrum-wiedzy\/wp-content\/uploads\/2025\/01\/Badanie-peptydu-C-300x75.jpg 300w, https:\/\/www.alab.pl\/centrum-wiedzy\/wp-content\/uploads\/2025\/01\/Badanie-peptydu-C-696x174.jpg 696w\" sizes=\"auto, (max-width: 800px) 100vw, 800px\" \/><\/a><\/figure>\n\n\n\n<ul class=\"wp-block-list\">\n<li>hsCRP,<\/li>\n<\/ul>\n\n\n\n<figure class=\"wp-block-image size-full\"><a href=\"https:\/\/www.alab.pl\/badanie\/bialko-c-reaktywne-crp-hs-wysokiej-czulosci-i81\" target=\"_blank\" rel=\" noreferrer noopener\"><img loading=\"lazy\" decoding=\"async\" width=\"800\" height=\"200\" src=\"https:\/\/www.alab.pl\/centrum-wiedzy\/wp-content\/uploads\/2025\/01\/Badanie-hsCRP-wysokiej-czulosci.jpg\" alt=\"Badanie hsCRP (wysokiej czu\u0142os\u0301ci)\" class=\"wp-image-20609\" srcset=\"https:\/\/www.alab.pl\/centrum-wiedzy\/wp-content\/uploads\/2025\/01\/Badanie-hsCRP-wysokiej-czulosci.jpg 800w, https:\/\/www.alab.pl\/centrum-wiedzy\/wp-content\/uploads\/2025\/01\/Badanie-hsCRP-wysokiej-czulosci-768x192.jpg 768w, https:\/\/www.alab.pl\/centrum-wiedzy\/wp-content\/uploads\/2025\/01\/Badanie-hsCRP-wysokiej-czulosci-150x38.jpg 150w, https:\/\/www.alab.pl\/centrum-wiedzy\/wp-content\/uploads\/2025\/01\/Badanie-hsCRP-wysokiej-czulosci-300x75.jpg 300w, https:\/\/www.alab.pl\/centrum-wiedzy\/wp-content\/uploads\/2025\/01\/Badanie-hsCRP-wysokiej-czulosci-696x174.jpg 696w\" sizes=\"auto, (max-width: 800px) 100vw, 800px\" \/><\/a><\/figure>\n\n\n\n<ul class=\"wp-block-list\">\n<li>poziom lipid\u00f3w,<\/li>\n\n\n\n<li>obecno\u015b\u0107 tzw. przeciwcia\u0142 przeciwwyspowych.<\/li>\n<\/ul>\n\n\n\n<figure class=\"wp-block-image size-full\"><a href=\"https:\/\/www.alab.pl\/badanie\/pc-przeciw-wyspom-trzustkowym-n99\" target=\"_blank\" rel=\" noreferrer noopener\"><img loading=\"lazy\" decoding=\"async\" width=\"800\" height=\"200\" src=\"https:\/\/www.alab.pl\/centrum-wiedzy\/wp-content\/uploads\/2025\/01\/Badanie-przeciwcial-przeciwwyspowych.jpg\" alt=\"Badanie przeciwcia\u0142 przeciwwyspowych\" class=\"wp-image-20611\" srcset=\"https:\/\/www.alab.pl\/centrum-wiedzy\/wp-content\/uploads\/2025\/01\/Badanie-przeciwcial-przeciwwyspowych.jpg 800w, https:\/\/www.alab.pl\/centrum-wiedzy\/wp-content\/uploads\/2025\/01\/Badanie-przeciwcial-przeciwwyspowych-768x192.jpg 768w, https:\/\/www.alab.pl\/centrum-wiedzy\/wp-content\/uploads\/2025\/01\/Badanie-przeciwcial-przeciwwyspowych-150x38.jpg 150w, https:\/\/www.alab.pl\/centrum-wiedzy\/wp-content\/uploads\/2025\/01\/Badanie-przeciwcial-przeciwwyspowych-300x75.jpg 300w, https:\/\/www.alab.pl\/centrum-wiedzy\/wp-content\/uploads\/2025\/01\/Badanie-przeciwcial-przeciwwyspowych-696x174.jpg 696w\" sizes=\"auto, (max-width: 800px) 100vw, 800px\" \/><\/a><\/figure>\n\n\n\n<p>W zale\u017cno\u015bci od wywiadu, objaw\u00f3w i wynik\u00f3w powy\u017cszych bada\u0144 wykonywane jest badanie genetyczne, kt\u00f3re pozwala potwierdzi\u0107 konkretny typ cukrzycy typu MODY.<\/p>\n\n\n\n<h2 class=\"wp-block-heading\" id=\"Leczenie-cukrzycy-MODY\">Leczenie cukrzycy MODY<\/h2>\n\n\n\n<p>Metody leczenia s\u0105 bardzo zr\u00f3\u017cnicowane i zale\u017c\u0105 od konkretnego rodzaju MODY. W cz\u0119\u015bci przypadk\u00f3w wystarczaj\u0105ce jest <strong>odpowiednie <\/strong><a href=\"https:\/\/www.alab.pl\/centrum-wiedzy\/jak-obnizyc-poziom-cukru-we-krwi-dieta-cukrzycowa\/\" target=\"_blank\" rel=\"noreferrer noopener\"><strong>post\u0119powanie dietetyczne<\/strong><\/a><strong> i\/lub \u0142agodna farmakoterapia<\/strong>. W innych zachodzi konieczno\u015b\u0107 przyjmowania wielu lek\u00f3w, w tym insuliny.<\/p>\n\n\n\n<p>Niemniej w ka\u017cdym przypadku niezb\u0119dne jest <strong>\u015bcis\u0142e przestrzeganie zalece\u0144 i regularna kontrola u specjalisty<\/strong>, gdy\u017c MODY prowadzi z czasem do rozwoju typowych dla cukrzycy powik\u0142a\u0144 narz\u0105dowych.<\/p>\n\n\n\n<h2 class=\"wp-block-heading\" id=\"Cukrzyca-typu-MODY-\u2013-podsumowanie\">Cukrzyca typu MODY \u2013 podsumowanie<\/h2>\n\n\n\n<p>Cukrzyca typu MODY ujawnia si\u0119 w m\u0142odym wieku i jest tzw. cukrzyc\u0105 monogenow\u0105, czyli wywo\u0142an\u0105 mutacj\u0105 pojedynczego genu. Istnieje 14 typ\u00f3w choroby. Objawy i wywiad chorobowy bywaj\u0105 bardzo zr\u00f3\u017cnicowane. <strong>Nale\u017cy j\u0105 podejrzewa\u0107 w przypadku wykrycia zaburze\u0144 glikemii u dzieci i m\u0142odych doros\u0142ych.<\/strong> Leczenie zale\u017cy od typu, lecz w ka\u017cdym przypadku wymagana jest odpowiednia kontrola.<\/p>\n\n\n\n<hr class=\"wp-block-separator has-alpha-channel-opacity\"\/>\n\n\n\n<p><strong>\u0179r\u00f3d\u0142a<\/strong><\/p>\n\n\n\n<ol class=\"wp-block-list\">\n<li>Skoczek D, Dulak J, Kachamakova-Trojanowska N. Maturity Onset Diabetes of the Young-New Approaches for Disease Modelling. Int J Mol Sci. 2021 Jul 14;22(14):7553. doi: 10.3390\/ijms22147553. PMID: 34299172; PMCID: PMC8303136., https:\/\/pmc.ncbi.nlm.nih.gov\/articles\/PMC8303136 (dost\u0119p: 15.01.2025).<\/li>\n\n\n\n<li>Diagnosis and Treatment of MODY: An Updated Mini Review by Abegail Tshivhase,Tandi MatshaORCID andShanel Raghubeer ORCID SAMRC\/CPUT Cardiometabolic Health Research Unit, Department of Biomedical Sciences, Faculty of Health and Wellness Sciences, Cape Peninsula University of Technology, Bellville, Cape Town 7530, South Africa, https:\/\/www.mdpi.com\/2076-3417\/11\/20\/9436 (dost\u0119p: 15.01.2025).<\/li>\n\n\n\n<li>Hoffman LS, Fox TJ, Anastasopoulou C, et al. Maturity Onset Diabetes in the Young. [Updated 2023 Aug 14]. In: StatPearls [Internet]. Treasure Island (FL): StatPearls Publishing; 2025 Jan-. https:\/\/www.ncbi.nlm.nih.gov\/books\/NBK532900\/ (dost\u0119p: 15.01.2025).<\/li>\n\n\n\n<li>Zalecenia kliniczne dotycz\u0105ce post\u0119powania u os\u00f3b z cukrzyc\u0105 \u2013 2024 Stanowisko Polskiego Towarzystwa Diabetologicznego, https:\/\/ptdiab.pl\/zalecenia-ptd\/zalecania-aktywni-czlonkowie-2024 (dost\u0119p: 15.01.2025).<\/li>\n\n\n\n<li>Urakami T. Maturity-onset diabetes of the young (MODY): current perspectives on diagnosis and treatment. Diabetes Metab Syndr Obes. 2019 Jul 8;12:1047-1056. doi: 10.2147\/DMSO.S179793. PMID: 31360071; PMCID: PMC6625604., https:\/\/pmc.ncbi.nlm.nih.gov\/articles\/PMC6625604 (dost\u0119p: 15.01.2025).<\/li>\n<\/ol>\n","protected":false},"excerpt":{"rendered":"<p>Cukrzyca MODY &#8211; co to za choroba, jak si\u0119 objawia i co j\u0105 powoduje? Zajrzyj do naszego artyku\u0142u i dowiedz si\u0119 wi\u0119cej o cukrzycy MODY.<\/p>\n","protected":false},"author":154,"featured_media":20613,"comment_status":"closed","ping_status":"closed","sticky":false,"template":"","format":"standard","meta":{"_acf_changed":false,"inline_featured_image":false,"footnotes":""},"categories":[15],"tags":[],"coauthors":[151],"class_list":{"0":"post-20694","1":"post","2":"type-post","3":"status-publish","4":"format-standard","5":"has-post-thumbnail","7":"category-cukrzyca-i-insulinoopornosc"},"acf":[],"yoast_head":"<!-- This site is optimized with the Yoast SEO plugin v27.5 - https:\/\/yoast.com\/product\/yoast-seo-wordpress\/ -->\n<title>Czym jest cukrzyca typu MODY? - Centrum Wiedzy ALAB laboratoria<\/title>\n<meta name=\"description\" content=\"Cukrzyca MODY - co to za choroba, jak si\u0119 objawia i co j\u0105 powoduje? Zajrzyj do naszego artyku\u0142u i dowiedz si\u0119 wi\u0119cej o cukrzycy MODY.\" \/>\n<meta name=\"robots\" content=\"index, follow, max-snippet:-1, max-image-preview:large, max-video-preview:-1\" \/>\n<link rel=\"canonical\" href=\"https:\/\/www.alab.pl\/centrum-wiedzy\/czym-jest-cukrzyca-typu-mody\/\" \/>\n<meta property=\"og:locale\" content=\"pl_PL\" \/>\n<meta property=\"og:type\" content=\"article\" \/>\n<meta property=\"og:title\" content=\"Czym jest cukrzyca typu MODY? - Centrum Wiedzy ALAB laboratoria\" \/>\n<meta property=\"og:description\" content=\"Cukrzyca MODY - co to za choroba, jak si\u0119 objawia i co j\u0105 powoduje? Zajrzyj do naszego artyku\u0142u i dowiedz si\u0119 wi\u0119cej o cukrzycy MODY.\" \/>\n<meta property=\"og:url\" content=\"https:\/\/www.alab.pl\/centrum-wiedzy\/czym-jest-cukrzyca-typu-mody\/\" \/>\n<meta property=\"og:site_name\" content=\"Centrum Wiedzy ALAB laboratoria\" \/>\n<meta property=\"article:publisher\" content=\"https:\/\/www.facebook.com\/ALABlaboratoria\" \/>\n<meta property=\"article:published_time\" content=\"2025-01-21T15:00:00+00:00\" \/>\n<meta property=\"og:image\" content=\"https:\/\/www.alab.pl\/centrum-wiedzy\/wp-content\/uploads\/2025\/01\/Cukrzyca-typu-MODY_cover.jpg\" \/>\n\t<meta property=\"og:image:width\" content=\"1925\" \/>\n\t<meta property=\"og:image:height\" content=\"1285\" \/>\n\t<meta property=\"og:image:type\" content=\"image\/jpeg\" \/>\n<meta name=\"author\" content=\"Damian Matusiak\" \/>\n<meta name=\"twitter:card\" content=\"summary_large_image\" \/>\n<meta name=\"twitter:label1\" content=\"Napisane przez\" \/>\n\t<meta name=\"twitter:data1\" content=\"Damian Matusiak\" \/>\n\t<meta name=\"twitter:label2\" content=\"Szacowany czas czytania\" \/>\n\t<meta name=\"twitter:data2\" content=\"8 minut\" \/>\n\t<meta name=\"twitter:label3\" content=\"Written by\" \/>\n\t<meta name=\"twitter:data3\" content=\"Damian Matusiak\" \/>\n<!-- \/ Yoast SEO plugin. -->","yoast_head_json":{"title":"Czym jest cukrzyca typu MODY? - Centrum Wiedzy ALAB laboratoria","description":"Cukrzyca MODY - co to za choroba, jak si\u0119 objawia i co j\u0105 powoduje? Zajrzyj do naszego artyku\u0142u i dowiedz si\u0119 wi\u0119cej o cukrzycy MODY.","robots":{"index":"index","follow":"follow","max-snippet":"max-snippet:-1","max-image-preview":"max-image-preview:large","max-video-preview":"max-video-preview:-1"},"canonical":"https:\/\/www.alab.pl\/centrum-wiedzy\/czym-jest-cukrzyca-typu-mody\/","og_locale":"pl_PL","og_type":"article","og_title":"Czym jest cukrzyca typu MODY? - Centrum Wiedzy ALAB laboratoria","og_description":"Cukrzyca MODY - co to za choroba, jak si\u0119 objawia i co j\u0105 powoduje? Zajrzyj do naszego artyku\u0142u i dowiedz si\u0119 wi\u0119cej o cukrzycy MODY.","og_url":"https:\/\/www.alab.pl\/centrum-wiedzy\/czym-jest-cukrzyca-typu-mody\/","og_site_name":"Centrum Wiedzy ALAB laboratoria","article_publisher":"https:\/\/www.facebook.com\/ALABlaboratoria","article_published_time":"2025-01-21T15:00:00+00:00","og_image":[{"width":1925,"height":1285,"url":"https:\/\/www.alab.pl\/centrum-wiedzy\/wp-content\/uploads\/2025\/01\/Cukrzyca-typu-MODY_cover.jpg","type":"image\/jpeg"}],"author":"Damian Matusiak","twitter_card":"summary_large_image","twitter_misc":{"Napisane przez":"Damian Matusiak","Szacowany czas czytania":"8 minut","Written by":"Damian Matusiak"},"schema":{"@context":"https:\/\/schema.org","@graph":[{"@type":"Article","@id":"https:\/\/www.alab.pl\/centrum-wiedzy\/czym-jest-cukrzyca-typu-mody\/#article","isPartOf":{"@id":"https:\/\/www.alab.pl\/centrum-wiedzy\/czym-jest-cukrzyca-typu-mody\/"},"author":{"name":"Damian Matusiak","@id":"https:\/\/www.alab.pl\/centrum-wiedzy\/#\/schema\/person\/5709fe1c1c909754033072d7f8155a44"},"headline":"Czym jest cukrzyca typu MODY?","datePublished":"2025-01-21T15:00:00+00:00","mainEntityOfPage":{"@id":"https:\/\/www.alab.pl\/centrum-wiedzy\/czym-jest-cukrzyca-typu-mody\/"},"wordCount":1186,"publisher":{"@id":"https:\/\/www.alab.pl\/centrum-wiedzy\/#organization"},"image":{"@id":"https:\/\/www.alab.pl\/centrum-wiedzy\/czym-jest-cukrzyca-typu-mody\/#primaryimage"},"thumbnailUrl":"https:\/\/www.alab.pl\/centrum-wiedzy\/wp-content\/uploads\/2025\/01\/Cukrzyca-typu-MODY_cover.jpg","articleSection":["Cukrzyca i insulinooporno\u015b\u0107"],"inLanguage":"pl-PL"},{"@type":"WebPage","@id":"https:\/\/www.alab.pl\/centrum-wiedzy\/czym-jest-cukrzyca-typu-mody\/","url":"https:\/\/www.alab.pl\/centrum-wiedzy\/czym-jest-cukrzyca-typu-mody\/","name":"Czym jest cukrzyca typu MODY? - Centrum Wiedzy ALAB laboratoria","isPartOf":{"@id":"https:\/\/www.alab.pl\/centrum-wiedzy\/#website"},"primaryImageOfPage":{"@id":"https:\/\/www.alab.pl\/centrum-wiedzy\/czym-jest-cukrzyca-typu-mody\/#primaryimage"},"image":{"@id":"https:\/\/www.alab.pl\/centrum-wiedzy\/czym-jest-cukrzyca-typu-mody\/#primaryimage"},"thumbnailUrl":"https:\/\/www.alab.pl\/centrum-wiedzy\/wp-content\/uploads\/2025\/01\/Cukrzyca-typu-MODY_cover.jpg","datePublished":"2025-01-21T15:00:00+00:00","description":"Cukrzyca MODY - co to za choroba, jak si\u0119 objawia i co j\u0105 powoduje? Zajrzyj do naszego artyku\u0142u i dowiedz si\u0119 wi\u0119cej o cukrzycy MODY.","breadcrumb":{"@id":"https:\/\/www.alab.pl\/centrum-wiedzy\/czym-jest-cukrzyca-typu-mody\/#breadcrumb"},"inLanguage":"pl-PL","potentialAction":[{"@type":"ReadAction","target":["https:\/\/www.alab.pl\/centrum-wiedzy\/czym-jest-cukrzyca-typu-mody\/"]}]},{"@type":"ImageObject","inLanguage":"pl-PL","@id":"https:\/\/www.alab.pl\/centrum-wiedzy\/czym-jest-cukrzyca-typu-mody\/#primaryimage","url":"https:\/\/www.alab.pl\/centrum-wiedzy\/wp-content\/uploads\/2025\/01\/Cukrzyca-typu-MODY_cover.jpg","contentUrl":"https:\/\/www.alab.pl\/centrum-wiedzy\/wp-content\/uploads\/2025\/01\/Cukrzyca-typu-MODY_cover.jpg","width":1925,"height":1285,"caption":"Cukrzyca typu MODY cover"},{"@type":"BreadcrumbList","@id":"https:\/\/www.alab.pl\/centrum-wiedzy\/czym-jest-cukrzyca-typu-mody\/#breadcrumb","itemListElement":[{"@type":"ListItem","position":1,"name":"Strona g\u0142\u00f3wna","item":"https:\/\/www.alab.pl\/centrum-wiedzy\/"},{"@type":"ListItem","position":2,"name":"Czym jest cukrzyca typu MODY?"}]},{"@type":"WebSite","@id":"https:\/\/www.alab.pl\/centrum-wiedzy\/#website","url":"https:\/\/www.alab.pl\/centrum-wiedzy\/","name":"Centrum Wiedzy ALAB laboratoria","description":"","publisher":{"@id":"https:\/\/www.alab.pl\/centrum-wiedzy\/#organization"},"potentialAction":[{"@type":"SearchAction","target":{"@type":"EntryPoint","urlTemplate":"https:\/\/www.alab.pl\/centrum-wiedzy\/?s={search_term_string}"},"query-input":{"@type":"PropertyValueSpecification","valueRequired":true,"valueName":"search_term_string"}}],"inLanguage":"pl-PL"},{"@type":"Organization","@id":"https:\/\/www.alab.pl\/centrum-wiedzy\/#organization","name":"Centrum Wiedzy ALAB laboratoria","url":"https:\/\/www.alab.pl\/centrum-wiedzy\/","logo":{"@type":"ImageObject","inLanguage":"pl-PL","@id":"https:\/\/www.alab.pl\/centrum-wiedzy\/#\/schema\/logo\/image\/","url":"https:\/\/www.alab.pl\/centrum-wiedzy\/wp-content\/uploads\/2022\/04\/alabek.jpg","contentUrl":"https:\/\/www.alab.pl\/centrum-wiedzy\/wp-content\/uploads\/2022\/04\/alabek.jpg","width":1250,"height":1251,"caption":"Centrum Wiedzy ALAB laboratoria"},"image":{"@id":"https:\/\/www.alab.pl\/centrum-wiedzy\/#\/schema\/logo\/image\/"},"sameAs":["https:\/\/www.facebook.com\/ALABlaboratoria"]},{"@type":"Person","@id":"https:\/\/www.alab.pl\/centrum-wiedzy\/#\/schema\/person\/5709fe1c1c909754033072d7f8155a44","name":"Damian Matusiak","image":{"@type":"ImageObject","inLanguage":"pl-PL","@id":"https:\/\/www.alab.pl\/centrum-wiedzy\/wp-content\/uploads\/2023\/10\/Damian-Matusiak-jpg-150x150.webp4a39f9a6ab8bdce93cc7d4859c6e6401","url":"https:\/\/www.alab.pl\/centrum-wiedzy\/wp-content\/uploads\/2023\/10\/Damian-Matusiak-jpg-150x150.webp","contentUrl":"https:\/\/www.alab.pl\/centrum-wiedzy\/wp-content\/uploads\/2023\/10\/Damian-Matusiak-jpg-150x150.webp","caption":"Damian Matusiak"},"description":"Specjalista pediatrii, kieruj\u0105cy Oddzia\u0142em Pediatrycznym w Lesznie, absolwent Uniwersytetu Medycznego im. Karola Marcinkowskiego w Poznaniu; pasjonat ultrasonografii i nowinek ze \u015bwiata nauki.","url":"https:\/\/www.alab.pl\/centrum-wiedzy\/author\/damian-matusiak\/"}]}},"_links":{"self":[{"href":"https:\/\/www.alab.pl\/centrum-wiedzy\/wp-json\/wp\/v2\/posts\/20694","targetHints":{"allow":["GET"]}}],"collection":[{"href":"https:\/\/www.alab.pl\/centrum-wiedzy\/wp-json\/wp\/v2\/posts"}],"about":[{"href":"https:\/\/www.alab.pl\/centrum-wiedzy\/wp-json\/wp\/v2\/types\/post"}],"author":[{"embeddable":true,"href":"https:\/\/www.alab.pl\/centrum-wiedzy\/wp-json\/wp\/v2\/users\/154"}],"replies":[{"embeddable":true,"href":"https:\/\/www.alab.pl\/centrum-wiedzy\/wp-json\/wp\/v2\/comments?post=20694"}],"version-history":[{"count":1,"href":"https:\/\/www.alab.pl\/centrum-wiedzy\/wp-json\/wp\/v2\/posts\/20694\/revisions"}],"predecessor-version":[{"id":20696,"href":"https:\/\/www.alab.pl\/centrum-wiedzy\/wp-json\/wp\/v2\/posts\/20694\/revisions\/20696"}],"wp:featuredmedia":[{"embeddable":true,"href":"https:\/\/www.alab.pl\/centrum-wiedzy\/wp-json\/wp\/v2\/media\/20613"}],"wp:attachment":[{"href":"https:\/\/www.alab.pl\/centrum-wiedzy\/wp-json\/wp\/v2\/media?parent=20694"}],"wp:term":[{"taxonomy":"category","embeddable":true,"href":"https:\/\/www.alab.pl\/centrum-wiedzy\/wp-json\/wp\/v2\/categories?post=20694"},{"taxonomy":"post_tag","embeddable":true,"href":"https:\/\/www.alab.pl\/centrum-wiedzy\/wp-json\/wp\/v2\/tags?post=20694"},{"taxonomy":"author","embeddable":true,"href":"https:\/\/www.alab.pl\/centrum-wiedzy\/wp-json\/wp\/v2\/coauthors?post=20694"}],"curies":[{"name":"wp","href":"https:\/\/api.w.org\/{rel}","templated":true}]}}