{"id":20779,"date":"2025-01-24T08:00:00","date_gmt":"2025-01-24T07:00:00","guid":{"rendered":"https:\/\/www.alab.pl\/centrum-wiedzy\/?p=20779"},"modified":"2025-01-23T18:55:47","modified_gmt":"2025-01-23T17:55:47","slug":"japonskie-zapalenie-mozgu-objawy-diagnostyka-leczenie-jak-mozna-sie-zarazic","status":"publish","type":"post","link":"https:\/\/www.alab.pl\/centrum-wiedzy\/japonskie-zapalenie-mozgu-objawy-diagnostyka-leczenie-jak-mozna-sie-zarazic\/","title":{"rendered":"Japo\u0144skie zapalenie m\u00f3zgu \u2013 objawy, diagnostyka, leczenie. Jak mo\u017cna si\u0119 zarazi\u0107?"},"content":{"rendered":"\n<p><strong>Japo\u0144skie zapalenie m\u00f3zgu to choroba wirusowa wywo\u0142ywana przez wirusa japo\u0144skiego zapalenia m\u00f3zgu (JEV). Patogen jest przenoszony przez komary, kt\u00f3re s\u0105 szczeg\u00f3lnie aktywne w rejonach tropikalnych i subtropikalnych. W wi\u0119kszo\u015bci przypadk\u00f3w infekcja przebiega bezobjawowo lub ma \u0142agodny przebieg. Zdarza si\u0119 jednak, \u017ce dochodzi do powa\u017cnych powik\u0142a\u0144 neurologicznych, trwa\u0142ych uszkodze\u0144 uk\u0142adu nerwowego, a nawet \u015bmierci. Dowiedz si\u0119, jakie s\u0105 objawy japo\u0144skiego zapalenia m\u00f3zgu, gdzie wyst\u0119puje choroba i jak mo\u017cna chroni\u0107 si\u0119 przed zaka\u017ceniem.<\/strong><\/p>\n\n\n\n<p>Spis tre\u015bci:<\/p>\n\n\n\n<ol class=\"wp-block-list\">\n<li><a href=\"#Japo\u0144skie-zapalenie-m\u00f3zgu-\u2013-co-to-za-choroba?\">Japo\u0144skie zapalenie m\u00f3zgu \u2013 co to za choroba?<\/a>\n<ul class=\"wp-block-list\">\n<li><a href=\"#Gdzie-wyst\u0119puje-japo\u0144skie-zapalenie-m\u00f3zgu?\">Gdzie wyst\u0119puje japo\u0144skie zapalenie m\u00f3zgu?<\/a><\/li>\n<\/ul>\n<\/li>\n\n\n\n<li><a href=\"#Japo\u0144skie-zapalenie-m\u00f3zgu-\u2013-jak-mo\u017cna-si\u0119-zarazi\u0107?\">Japo\u0144skie zapalenie m\u00f3zgu \u2013 jak mo\u017cna si\u0119 zarazi\u0107?<\/a><\/li>\n\n\n\n<li><a href=\"#Objawy-japo\u0144skiego-zapalenia-m\u00f3zgu\">Objawy japo\u0144skiego zapalenia m\u00f3zgu<\/a><\/li>\n\n\n\n<li><a href=\"#Diagnostyka-i-leczenie-japo\u0144skiego-zapalenia-m\u00f3zgu\">Diagnostyka i leczenie japo\u0144skiego zapalenia m\u00f3zgu<\/a><\/li>\n\n\n\n<li><a href=\"#Szczepionka-na-japo\u0144skie-zapalenie-m\u00f3zgu\">Szczepionka na japo\u0144skie zapalenie m\u00f3zgu<\/a><\/li>\n<\/ol>\n\n\n\n<h2 class=\"wp-block-heading\" id=\"Japo\u0144skie-zapalenie-m\u00f3zgu-\u2013-co-to-za-choroba?\">Japo\u0144skie zapalenie m\u00f3zgu \u2013 co to za choroba?<\/h2>\n\n\n\n<p>Japo\u0144skie zapalenie m\u00f3zgu to <strong>wirusowa choroba zaka\u017ana przenoszona przez komary<\/strong>. Wywo\u0142uje j\u0105 <strong>japo\u0144ski wirus zapalenia m\u00f3zgu<\/strong> (JEV). Patogen nale\u017cy do rodziny <em>Flaviviridae<\/em> \u2013 tej samej, co wirusy wywo\u0142uj\u0105ce m.in. \u017c\u00f3\u0142t\u0105 gor\u0105czk\u0119, gor\u0105czk\u0119 zachodniego Nilu, <a href=\"https:\/\/www.alab.pl\/centrum-wiedzy\/denga-wirusowa-choroba-tropikalna\/\">deng\u0119<\/a> czy <a href=\"https:\/\/www.alab.pl\/centrum-wiedzy\/wirus-zika-wystepowanie-objawy-zakazenia-badania-i-profilaktyka\/\">zika<\/a>.<\/p>\n\n\n\n<p>Naturalnym rezerwuarem wirusa wywo\u0142uj\u0105cego japo\u0144skie zapalenie m\u00f3zgu s\u0105 ptaki wodne (r\u00f3wnie\u017c niekt\u00f3re gatunki ptactwa domowego) i trzoda chlewna (g\u0142\u00f3wnie \u015bwinie). Z ich organizmu patogen jest pobierany przez komary.<\/p>\n\n\n\n<p><strong>Na obszarach endemicznych japo\u0144skie zapalenie m\u00f3zgu jest uznawane za chorob\u0119 wieku dzieci\u0119cego.<\/strong> Osoby doros\u0142e zwykle nie choruj\u0105, poniewa\u017c nabieraj\u0105 odporno\u015bci w dzieci\u0144stwie. Natomiast<strong> u podr\u00f3\u017cnych lub na nowych obszarach rozprzestrzeniania si\u0119 wirusa do zachorowania mo\u017ce doj\u015b\u0107 w ka\u017cdym wieku<\/strong>.<\/p>\n\n\n\n<h3 class=\"wp-block-heading\" id=\"Gdzie-wyst\u0119puje-japo\u0144skie-zapalenie-m\u00f3zgu?\">Gdzie wyst\u0119puje japo\u0144skie zapalenie m\u00f3zgu?<\/h3>\n\n\n\n<p>Japo\u0144skie zapalenie m\u00f3zgu wyst\u0119puje g\u0142\u00f3wnie w Azji Po\u0142udniowo-Wschodniej, Wschodniej oraz na wyspach Pacyfiku. Najwi\u0119ksze ryzyko zaka\u017cenia odnotowuje si\u0119 w krajach takich jak Indie, Chiny, Nepal, Wietnam, Tajlandia, Filipiny, Korea Po\u0142udniowa czy Indonezja.<\/p>\n\n\n\n<p><strong>G\u0142\u00f3wne siedliska komar\u00f3w przenosz\u0105cych wirusa japo\u0144skiego zapalenia m\u00f3zgu wyst\u0119puj\u0105 na obszarach wiejskich i podmiejskich o du\u017cej liczbie zbiornik\u00f3w wodnych<\/strong> (np. p\u00f3l ry\u017cowych, staw\u00f3w rybnych). W Azji w klimacie umiarkowanym i subtropikalnym wi\u0119kszo\u015b\u0107 zaka\u017ce\u0144 stwierdza si\u0119 w miesi\u0105cach letnich i jesiennych. Natomiast w regionach tropikalnych do zachorowa\u0144 dochodzi przez ca\u0142y rok \u2013 ale w szczeg\u00f3lno\u015bci w porze deszczowej.<\/p>\n\n\n\n<figure class=\"wp-block-table\"><table class=\"has-fixed-layout\"><tbody><tr><td>Zmiany klimatyczne, urbanizacja oraz rozw\u00f3j rolnictwa wp\u0142ywaj\u0105 na zasi\u0119g wyst\u0119powania wirusa japo\u0144skiego zapalenia m\u00f3zgu, zwi\u0119kszaj\u0105c ryzyko zaka\u017ce\u0144 w nowych obszarach.<\/td><\/tr><\/tbody><\/table><\/figure>\n\n\n\n<h2 class=\"wp-block-heading\" id=\"Japo\u0144skie-zapalenie-m\u00f3zgu-\u2013-jak-mo\u017cna-si\u0119-zarazi\u0107?\">Japo\u0144skie zapalenie m\u00f3zgu \u2013 jak mo\u017cna si\u0119 zarazi\u0107?<\/h2>\n\n\n\n<p>Zaka\u017cenie wirusem japo\u0144skiego zapalenia m\u00f3zgu nast\u0119puje poprzez <strong>uk\u0105szenie przez zara\u017conego komara<\/strong>. Najwi\u0119ksze ryzyko wyst\u0119puje w godzinach wieczornych i nocnych, gdy owady s\u0105 najbardziej aktywne.<\/p>\n\n\n\n<figure class=\"wp-block-table\"><table class=\"has-fixed-layout\"><tbody><tr><td>Cz\u0142owiek nie odgrywa roli w utrzymaniu cyklu zaka\u017cenia, dlatego <strong>wirus nie przenosi si\u0119 z cz\u0142owieka na cz\u0142owieka<\/strong>. Zdarza\u0142y si\u0119 jednak przypadki, \u017ce do zachorowania na japo\u0144skie zapalenie m\u00f3zgu dosz\u0142o po przetoczeniu krwi od osoby zaka\u017conej.<\/td><\/tr><\/tbody><\/table><\/figure>\n\n\n\n<p>Ryzyko zachorowania na japo\u0144skie zapalenie m\u00f3zgu zwi\u0119kszaj\u0105:<\/p>\n\n\n\n<ul class=\"wp-block-list\">\n<li>d\u0142ugoterminowa podr\u00f3\u017c na obszary endemiczne,<\/li>\n\n\n\n<li>kr\u00f3tkotrwa\u0142e, ale cz\u0119ste wyjazdy na obszary endemiczne,<\/li>\n\n\n\n<li>pobyt na terenach wiejskich lub rolniczych,<\/li>\n\n\n\n<li>przebywanie na zewn\u0105trz w porze najwi\u0119kszej aktywno\u015bci komar\u00f3w (od zmierzchu do \u015bwitu),<\/li>\n\n\n\n<li>brak stosowania \u015brodk\u00f3w ochrony budynk\u00f3w i ochrony osobistej (np. brak moskitier w oknach).<\/li>\n<\/ul>\n\n\n\n<p><strong>>> Zobacz tak\u017ce: <a href=\"https:\/\/www.alab.pl\/centrum-wiedzy\/czikungunia-jakie-sa-objawy-choroby-zapalenia-stawow\/\">Chikungunya \u2013 objawy, przyczyny, diagnostyka i leczenie wirusowej choroby tropikalnej<\/a><\/strong><\/p>\n\n\n\n<h2 class=\"wp-block-heading\" id=\"Objawy-japo\u0144skiego-zapalenia-m\u00f3zgu\">Objawy japo\u0144skiego zapalenia m\u00f3zgu<\/h2>\n\n\n\n<p><strong>W wi\u0119kszo\u015bci przypadk\u00f3w japo\u0144skie zapalenie m\u00f3zgu przebiega bezobjawowo lub daje niespecyficzne objawy grypopodobne<\/strong>, takie jak gor\u0105czka, <a href=\"https:\/\/www.alab.pl\/centrum-wiedzy\/bole-glowy-rodzaje-i-przyczyny-jakie-badania-wykonac-przy-czestych-przewleklych-bolach-glowy\/\">b\u00f3l g\u0142owy<\/a>, dreszcze czy og\u00f3lne os\u0142abienie. U dzieci mo\u017ce wywo\u0142ywa\u0107 dolegliwo\u015bci \u017co\u0142\u0105dkowo-jelitowe. <strong>U oko\u0142o 1% zaka\u017conych rozwija si\u0119 ci\u0119\u017cka posta\u0107 choroby<\/strong>, kt\u00f3ra wymaga natychmiastowej interwencji medycznej.<\/p>\n\n\n\n<p><strong>Objawy japo\u0144skiego zapalenia m\u00f3zgu <\/strong>w ci\u0119\u017ckiej postaci to m.in.:<\/p>\n\n\n\n<ul class=\"wp-block-list\">\n<li>niedow\u0142ady,<\/li>\n\n\n\n<li>pora\u017cenie jednostronne,<\/li>\n\n\n\n<li>parali\u017c nerwu twarzowego,<\/li>\n\n\n\n<li>zaburzenia \u015bwiadomo\u015bci,<\/li>\n\n\n\n<li>zaburzenia motoryczne,<\/li>\n\n\n\n<li>napady drgawkowe,<\/li>\n\n\n\n<li>zaburzenia zachowania lub psychoza,<\/li>\n\n\n\n<li>afazja (utrata zdolno\u015bci m\u00f3wienia i\/lub rozumienia mowy),<\/li>\n\n\n\n<li>sztywno\u015b\u0107 karku,<\/li>\n\n\n\n<li>wysoka gor\u0105czka.<\/li>\n<\/ul>\n\n\n\n<p>Objawy japo\u0144skiego zapalenia m\u00f3zgu pojawiaj\u0105 si\u0119 po 4\u201314 dniach od kontaktu z wirusem.<\/p>\n\n\n\n<figure class=\"wp-block-table\"><table class=\"has-fixed-layout\"><tbody><tr><td>Powik\u0142ania po ci\u0119\u017ckiej postaci choroby to trwa\u0142e deficyty neurologiczne. Dotycz\u0105 one 30\u201350% chorych. Natomiast 20\u201330% przypadk\u00f3w japo\u0144skiego zapalenia m\u00f3zgu ko\u0144czy si\u0119 \u015bmierci\u0105.<\/td><\/tr><\/tbody><\/table><\/figure>\n\n\n\n<h2 class=\"wp-block-heading\" id=\"Diagnostyka-i-leczenie-japo\u0144skiego-zapalenia-m\u00f3zgu\">Diagnostyka i leczenie japo\u0144skiego zapalenia m\u00f3zgu<\/h2>\n\n\n\n<p>Rozpoznanie japo\u0144skiego zapalenia m\u00f3zgu opiera si\u0119 na szczeg\u00f3\u0142owym wywiadzie medycznym oraz badaniach dodatkowych. Bardzo wa\u017cne jest ustalenie, czy pacjent przebywa\u0142 w rejonie endemicznym w ci\u0105gu ostatnich kilku tygodni.<\/p>\n\n\n\n<p><strong>Badania stosowane w diagnostyce japo\u0144skiego zapalenia m\u00f3zgu<\/strong> to:<\/p>\n\n\n\n<ul class=\"wp-block-list\">\n<li><a href=\"https:\/\/www.alab.pl\/centrum-wiedzy\/badania-serologiczne-co-to-jest-serologia-na-czym-polegaja-badania-i-kiedy-sie-je-wykonuje\/\">badania serologiczne<\/a> z surowicy krwi lub p\u0142ynu m\u00f3zgowo-rdzeniowego (pozwalaj\u0105 wykry\u0107 swoiste przeciwcia\u0142a),<\/li>\n\n\n\n<li>badania laboratoryjne z krwi (uwidaczniaj\u0105 zmiany w <a href=\"https:\/\/www.alab.pl\/badanie\/morfologia-krwi-c55\">morfologii krwi obwodowej<\/a>, <a href=\"https:\/\/www.alab.pl\/badanie\/aminotransferaza-alaninowa-alt-i17\">ALT<\/a>, <a href=\"https:\/\/www.alab.pl\/badanie\/aminotransferaza-asparaginianowa-ast-i19\">AST<\/a>),<\/li>\n\n\n\n<li>rezonans magnetyczny m\u00f3zgu (uwidacznia zmiany w m\u00f3zgu).<\/li>\n<\/ul>\n\n\n\n<p><strong>Leczenie japo\u0144skiego zapalenia m\u00f3zgu polega na \u0142agodzeniu objaw\u00f3w i zapobieganiu powik\u0142aniom. <\/strong>W ci\u0119\u017ckich postaciach choroby konieczna jest hospitalizacja na oddziale intensywnej terapii. Obecnie <strong>nie istnieje terapia przyczynowa<\/strong>.<\/p>\n\n\n\n<h2 class=\"wp-block-heading\" id=\"Szczepionka-na-japo\u0144skie-zapalenie-m\u00f3zgu\">Szczepionka na japo\u0144skie zapalenie m\u00f3zgu<\/h2>\n\n\n\n<p>Szczepienie na japo\u0144skie zapalenie m\u00f3zgu jest najskuteczniejszym sposobem zapobiegania zaka\u017ceniu. <strong>W Polsce dost\u0119pna jest szczepionka zawieraj\u0105ca inaktywowanego wirusa japo\u0144skiego zapalenia m\u00f3zgu<\/strong>.<\/p>\n\n\n\n<p>Szczepionka na japo\u0144skie zapalenie m\u00f3zgu jest zalecana osobom, kt\u00f3re planuj\u0105 podr\u00f3\u017c do region\u00f3w wyst\u0119powania wirusa japo\u0144skiego zapalenia m\u00f3zgu. Mo\u017cna j\u0105 podawa\u0107 doros\u0142ym oraz dzieciom od 2. miesi\u0105ca \u017cycia. <strong>Szczepienie obejmuje 2 dawki podstawowe.<\/strong> Drug\u0105 z nich nale\u017cy przyj\u0105\u0107 maksymalnie na tydzie\u0144 przed wyjazdem.<\/p>\n\n\n\n<p>W celu minimalizacji ryzyka zachorowania na japo\u0144skie zapalenie m\u00f3zgu zaleca si\u0119 stosowanie repelent\u00f3w, moskitier, odzie\u017cy os\u0142aniaj\u0105cej cia\u0142o oraz unikanie przebywania na zewn\u0105trz w czasie najwi\u0119kszej aktywno\u015bci komar\u00f3w. <strong>Osoby planuj\u0105ce podr\u00f3\u017ce do region\u00f3w endemicznych powinny zasi\u0119gn\u0105\u0107 porady specjalisty medycyny podr\u00f3\u017cy.<\/strong><\/p>\n\n\n\n<p><strong>>> Zobacz tak\u017ce: <a href=\"https:\/\/www.alab.pl\/centrum-wiedzy\/choroby-tropikalne-malaria\/\">Choroby tropikalne cz.1 \u2013 malaria<\/a><\/strong><\/p>\n\n\n\n<p>Japo\u0144skie zapalenie m\u00f3zgu jest powa\u017cnym zagro\u017ceniem zdrowotnym w rejonach endemicznych \u2013 zw\u0142aszcza dla os\u00f3b podr\u00f3\u017cuj\u0105cych na obszary wiejskie i podmiejskie. W wi\u0119kszo\u015bci przypadk\u00f3w choroba przebiega bezobjawowo lub \u0142agodnie, ale mo\u017ce r\u00f3wnie\u017c przybra\u0107 posta\u0107 ci\u0119\u017ckiej neuroinfekcji, a tym samym prowadzi\u0107 do powa\u017cnych powik\u0142a\u0144, a nawet zgonu. Dzi\u0119ki odpowiedniej profilaktyce \u2013 w szczeg\u00f3lno\u015bci ochronie przed uk\u0105szeniami komar\u00f3w i szczepieniom \u2013 mo\u017cna skutecznie zmniejszy\u0107 ryzyko zaka\u017cenia. Osoby podr\u00f3\u017cuj\u0105ce do obszar\u00f3w zagro\u017conych, powinny skonsultowa\u0107 si\u0119 z lekarzem, aby odpowiednio przygotowa\u0107 si\u0119 na potencjalne zagro\u017cenia zdrowotne.<\/p>\n\n\n\n<p><strong>Opieka merytoryczna: lek. Sara Aszkie\u0142owicz<\/strong><\/p>\n\n\n\n<hr class=\"wp-block-separator has-alpha-channel-opacity\"\/>\n\n\n\n<p><strong>Bibliografia<\/strong><\/p>\n\n\n\n<ol start=\"1\" class=\"wp-block-list\">\n<li>D. Olejniczak, M. Madej, <em>Epidemiologia wybranych chor\u00f3b wyst\u0119puj\u0105cych w r\u00f3\u017cnych strefach klimatycznych tropiku<\/em>, Czasopismo Geograficzne 2014, t. 85(1\u20132), s. 101\u2013113<\/li>\n\n\n\n<li>https:\/\/pubmed.ncbi.nlm.nih.gov\/37149766\/ (dost\u0119p 07.01.2025)<\/li>\n\n\n\n<li>G. Bollino, <em>Gor\u0105czka Zachodniego Nilu i japo\u0144skie zapalenie m\u00f3zgu: nowo pojawiaj\u0105ce si\u0119 zoonozy<\/em>, Wiadomo\u015bci Zootechniczne 2009, XLVII, 4, s. 11\u201322<\/li>\n\n\n\n<li>https:\/\/www.mp.pl\/interna\/chapter\/B16.II.18.1.15. (dost\u0119p 07.01.2025)<\/li>\n\n\n\n<li>https:\/\/pmc.ncbi.nlm.nih.gov\/articles\/PMC10160886\/ (dost\u0119p 07.01.2025)<\/li>\n\n\n\n<li>https:\/\/www.mp.pl\/interna\/chapter\/B16.II.18.10.3.3. (dost\u0119p 07.01.2025)<\/li>\n<\/ol>\n","protected":false},"excerpt":{"rendered":"<p>Dowiedz si\u0119, jakie s\u0105 objawy japo\u0144skiego zapalenia m\u00f3zgu, gdzie wyst\u0119puje choroba i jak mo\u017cna chroni\u0107 si\u0119 przed zaka\u017ceniem.<\/p>\n","protected":false},"author":100,"featured_media":20781,"comment_status":"closed","ping_status":"closed","sticky":false,"template":"","format":"standard","meta":{"_acf_changed":false,"inline_featured_image":false,"footnotes":""},"categories":[23],"tags":[],"coauthors":[143],"class_list":{"0":"post-20779","1":"post","2":"type-post","3":"status-publish","4":"format-standard","5":"has-post-thumbnail","7":"category-infekcje-i-pasozyty"},"acf":[],"yoast_head":"<!-- This site is optimized with the Yoast SEO plugin v27.5 - https:\/\/yoast.com\/product\/yoast-seo-wordpress\/ -->\n<title>Japo\u0144skie zapalenie m\u00f3zgu \u2013 objawy, diagnostyka, leczenie. Jak mo\u017cna si\u0119 zarazi\u0107? - Centrum Wiedzy ALAB laboratoria<\/title>\n<meta name=\"description\" content=\"Dowiedz si\u0119, jakie s\u0105 objawy japo\u0144skiego zapalenia m\u00f3zgu, gdzie wyst\u0119puje choroba i jak mo\u017cna chroni\u0107 si\u0119 przed zaka\u017ceniem.\" \/>\n<meta name=\"robots\" content=\"index, follow, max-snippet:-1, max-image-preview:large, max-video-preview:-1\" \/>\n<link rel=\"canonical\" href=\"https:\/\/www.alab.pl\/centrum-wiedzy\/japonskie-zapalenie-mozgu-objawy-diagnostyka-leczenie-jak-mozna-sie-zarazic\/\" \/>\n<meta property=\"og:locale\" content=\"pl_PL\" \/>\n<meta property=\"og:type\" content=\"article\" \/>\n<meta property=\"og:title\" content=\"Japo\u0144skie zapalenie m\u00f3zgu \u2013 objawy, diagnostyka, leczenie. Jak mo\u017cna si\u0119 zarazi\u0107? - Centrum Wiedzy ALAB laboratoria\" \/>\n<meta property=\"og:description\" content=\"Dowiedz si\u0119, jakie s\u0105 objawy japo\u0144skiego zapalenia m\u00f3zgu, gdzie wyst\u0119puje choroba i jak mo\u017cna chroni\u0107 si\u0119 przed zaka\u017ceniem.\" \/>\n<meta property=\"og:url\" content=\"https:\/\/www.alab.pl\/centrum-wiedzy\/japonskie-zapalenie-mozgu-objawy-diagnostyka-leczenie-jak-mozna-sie-zarazic\/\" \/>\n<meta property=\"og:site_name\" content=\"Centrum Wiedzy ALAB laboratoria\" \/>\n<meta property=\"article:publisher\" content=\"https:\/\/www.facebook.com\/ALABlaboratoria\" \/>\n<meta property=\"article:published_time\" content=\"2025-01-24T07:00:00+00:00\" \/>\n<meta property=\"og:image\" content=\"https:\/\/www.alab.pl\/centrum-wiedzy\/wp-content\/uploads\/2025\/01\/Japonskie_zapalenie_mozgu.jpg\" \/>\n\t<meta property=\"og:image:width\" content=\"2330\" \/>\n\t<meta property=\"og:image:height\" content=\"1306\" \/>\n\t<meta property=\"og:image:type\" content=\"image\/jpeg\" \/>\n<meta name=\"author\" content=\"Angelika Janowicz\" \/>\n<meta name=\"twitter:card\" content=\"summary_large_image\" \/>\n<meta name=\"twitter:label1\" content=\"Napisane przez\" \/>\n\t<meta name=\"twitter:data1\" content=\"Angelika Janowicz\" \/>\n\t<meta name=\"twitter:label2\" content=\"Szacowany czas czytania\" \/>\n\t<meta name=\"twitter:data2\" content=\"6 minut\" \/>\n\t<meta name=\"twitter:label3\" content=\"Written by\" \/>\n\t<meta name=\"twitter:data3\" content=\"Angelika Janowicz\" \/>\n<!-- \/ Yoast SEO plugin. -->","yoast_head_json":{"title":"Japo\u0144skie zapalenie m\u00f3zgu \u2013 objawy, diagnostyka, leczenie. Jak mo\u017cna si\u0119 zarazi\u0107? - Centrum Wiedzy ALAB laboratoria","description":"Dowiedz si\u0119, jakie s\u0105 objawy japo\u0144skiego zapalenia m\u00f3zgu, gdzie wyst\u0119puje choroba i jak mo\u017cna chroni\u0107 si\u0119 przed zaka\u017ceniem.","robots":{"index":"index","follow":"follow","max-snippet":"max-snippet:-1","max-image-preview":"max-image-preview:large","max-video-preview":"max-video-preview:-1"},"canonical":"https:\/\/www.alab.pl\/centrum-wiedzy\/japonskie-zapalenie-mozgu-objawy-diagnostyka-leczenie-jak-mozna-sie-zarazic\/","og_locale":"pl_PL","og_type":"article","og_title":"Japo\u0144skie zapalenie m\u00f3zgu \u2013 objawy, diagnostyka, leczenie. Jak mo\u017cna si\u0119 zarazi\u0107? - Centrum Wiedzy ALAB laboratoria","og_description":"Dowiedz si\u0119, jakie s\u0105 objawy japo\u0144skiego zapalenia m\u00f3zgu, gdzie wyst\u0119puje choroba i jak mo\u017cna chroni\u0107 si\u0119 przed zaka\u017ceniem.","og_url":"https:\/\/www.alab.pl\/centrum-wiedzy\/japonskie-zapalenie-mozgu-objawy-diagnostyka-leczenie-jak-mozna-sie-zarazic\/","og_site_name":"Centrum Wiedzy ALAB laboratoria","article_publisher":"https:\/\/www.facebook.com\/ALABlaboratoria","article_published_time":"2025-01-24T07:00:00+00:00","og_image":[{"width":2330,"height":1306,"url":"https:\/\/www.alab.pl\/centrum-wiedzy\/wp-content\/uploads\/2025\/01\/Japonskie_zapalenie_mozgu.jpg","type":"image\/jpeg"}],"author":"Angelika Janowicz","twitter_card":"summary_large_image","twitter_misc":{"Napisane przez":"Angelika Janowicz","Szacowany czas czytania":"6 minut","Written by":"Angelika Janowicz"},"schema":{"@context":"https:\/\/schema.org","@graph":[{"@type":"Article","@id":"https:\/\/www.alab.pl\/centrum-wiedzy\/japonskie-zapalenie-mozgu-objawy-diagnostyka-leczenie-jak-mozna-sie-zarazic\/#article","isPartOf":{"@id":"https:\/\/www.alab.pl\/centrum-wiedzy\/japonskie-zapalenie-mozgu-objawy-diagnostyka-leczenie-jak-mozna-sie-zarazic\/"},"author":{"name":"Angelika Janowicz","@id":"https:\/\/www.alab.pl\/centrum-wiedzy\/#\/schema\/person\/f714a3843f15f9646db0448b28a900e1"},"headline":"Japo\u0144skie zapalenie m\u00f3zgu \u2013 objawy, diagnostyka, leczenie. Jak mo\u017cna si\u0119 zarazi\u0107?","datePublished":"2025-01-24T07:00:00+00:00","mainEntityOfPage":{"@id":"https:\/\/www.alab.pl\/centrum-wiedzy\/japonskie-zapalenie-mozgu-objawy-diagnostyka-leczenie-jak-mozna-sie-zarazic\/"},"wordCount":1220,"publisher":{"@id":"https:\/\/www.alab.pl\/centrum-wiedzy\/#organization"},"image":{"@id":"https:\/\/www.alab.pl\/centrum-wiedzy\/japonskie-zapalenie-mozgu-objawy-diagnostyka-leczenie-jak-mozna-sie-zarazic\/#primaryimage"},"thumbnailUrl":"https:\/\/www.alab.pl\/centrum-wiedzy\/wp-content\/uploads\/2025\/01\/Japonskie_zapalenie_mozgu.jpg","articleSection":["Infekcje i paso\u017cyty"],"inLanguage":"pl-PL"},{"@type":"WebPage","@id":"https:\/\/www.alab.pl\/centrum-wiedzy\/japonskie-zapalenie-mozgu-objawy-diagnostyka-leczenie-jak-mozna-sie-zarazic\/","url":"https:\/\/www.alab.pl\/centrum-wiedzy\/japonskie-zapalenie-mozgu-objawy-diagnostyka-leczenie-jak-mozna-sie-zarazic\/","name":"Japo\u0144skie zapalenie m\u00f3zgu \u2013 objawy, diagnostyka, leczenie. Jak mo\u017cna si\u0119 zarazi\u0107? - Centrum Wiedzy ALAB laboratoria","isPartOf":{"@id":"https:\/\/www.alab.pl\/centrum-wiedzy\/#website"},"primaryImageOfPage":{"@id":"https:\/\/www.alab.pl\/centrum-wiedzy\/japonskie-zapalenie-mozgu-objawy-diagnostyka-leczenie-jak-mozna-sie-zarazic\/#primaryimage"},"image":{"@id":"https:\/\/www.alab.pl\/centrum-wiedzy\/japonskie-zapalenie-mozgu-objawy-diagnostyka-leczenie-jak-mozna-sie-zarazic\/#primaryimage"},"thumbnailUrl":"https:\/\/www.alab.pl\/centrum-wiedzy\/wp-content\/uploads\/2025\/01\/Japonskie_zapalenie_mozgu.jpg","datePublished":"2025-01-24T07:00:00+00:00","description":"Dowiedz si\u0119, jakie s\u0105 objawy japo\u0144skiego zapalenia m\u00f3zgu, gdzie wyst\u0119puje choroba i jak mo\u017cna chroni\u0107 si\u0119 przed zaka\u017ceniem.","breadcrumb":{"@id":"https:\/\/www.alab.pl\/centrum-wiedzy\/japonskie-zapalenie-mozgu-objawy-diagnostyka-leczenie-jak-mozna-sie-zarazic\/#breadcrumb"},"inLanguage":"pl-PL","potentialAction":[{"@type":"ReadAction","target":["https:\/\/www.alab.pl\/centrum-wiedzy\/japonskie-zapalenie-mozgu-objawy-diagnostyka-leczenie-jak-mozna-sie-zarazic\/"]}]},{"@type":"ImageObject","inLanguage":"pl-PL","@id":"https:\/\/www.alab.pl\/centrum-wiedzy\/japonskie-zapalenie-mozgu-objawy-diagnostyka-leczenie-jak-mozna-sie-zarazic\/#primaryimage","url":"https:\/\/www.alab.pl\/centrum-wiedzy\/wp-content\/uploads\/2025\/01\/Japonskie_zapalenie_mozgu.jpg","contentUrl":"https:\/\/www.alab.pl\/centrum-wiedzy\/wp-content\/uploads\/2025\/01\/Japonskie_zapalenie_mozgu.jpg","width":2330,"height":1306,"caption":"Japo\u0144skie zapalenie m\u00f3zgu"},{"@type":"BreadcrumbList","@id":"https:\/\/www.alab.pl\/centrum-wiedzy\/japonskie-zapalenie-mozgu-objawy-diagnostyka-leczenie-jak-mozna-sie-zarazic\/#breadcrumb","itemListElement":[{"@type":"ListItem","position":1,"name":"Strona g\u0142\u00f3wna","item":"https:\/\/www.alab.pl\/centrum-wiedzy\/"},{"@type":"ListItem","position":2,"name":"Japo\u0144skie zapalenie m\u00f3zgu \u2013 objawy, diagnostyka, leczenie. Jak mo\u017cna si\u0119 zarazi\u0107?"}]},{"@type":"WebSite","@id":"https:\/\/www.alab.pl\/centrum-wiedzy\/#website","url":"https:\/\/www.alab.pl\/centrum-wiedzy\/","name":"Centrum Wiedzy ALAB laboratoria","description":"","publisher":{"@id":"https:\/\/www.alab.pl\/centrum-wiedzy\/#organization"},"potentialAction":[{"@type":"SearchAction","target":{"@type":"EntryPoint","urlTemplate":"https:\/\/www.alab.pl\/centrum-wiedzy\/?s={search_term_string}"},"query-input":{"@type":"PropertyValueSpecification","valueRequired":true,"valueName":"search_term_string"}}],"inLanguage":"pl-PL"},{"@type":"Organization","@id":"https:\/\/www.alab.pl\/centrum-wiedzy\/#organization","name":"Centrum Wiedzy ALAB laboratoria","url":"https:\/\/www.alab.pl\/centrum-wiedzy\/","logo":{"@type":"ImageObject","inLanguage":"pl-PL","@id":"https:\/\/www.alab.pl\/centrum-wiedzy\/#\/schema\/logo\/image\/","url":"https:\/\/www.alab.pl\/centrum-wiedzy\/wp-content\/uploads\/2022\/04\/alabek.jpg","contentUrl":"https:\/\/www.alab.pl\/centrum-wiedzy\/wp-content\/uploads\/2022\/04\/alabek.jpg","width":1250,"height":1251,"caption":"Centrum Wiedzy ALAB laboratoria"},"image":{"@id":"https:\/\/www.alab.pl\/centrum-wiedzy\/#\/schema\/logo\/image\/"},"sameAs":["https:\/\/www.facebook.com\/ALABlaboratoria"]},{"@type":"Person","@id":"https:\/\/www.alab.pl\/centrum-wiedzy\/#\/schema\/person\/f714a3843f15f9646db0448b28a900e1","name":"Angelika Janowicz","image":{"@type":"ImageObject","inLanguage":"pl-PL","@id":"https:\/\/www.alab.pl\/centrum-wiedzy\/wp-content\/uploads\/2024\/05\/Janowicz-Angelika-150x150.png9339cd1d56dcba9ded72b55067841306","url":"https:\/\/www.alab.pl\/centrum-wiedzy\/wp-content\/uploads\/2024\/05\/Janowicz-Angelika-150x150.png","contentUrl":"https:\/\/www.alab.pl\/centrum-wiedzy\/wp-content\/uploads\/2024\/05\/Janowicz-Angelika-150x150.png","caption":"Angelika Janowicz"},"description":"Z wykszta\u0142cenia piel\u0119gniarka, absolwentka Uniwersytetu Medycznego im. Piast\u00f3w \u015al\u0105skich we Wroc\u0142awiu. Do\u015bwiadczenie zawodowe zdobywa\u0142a w gabinecie zabiegowym, a tak\u017ce w poradni laryngologicznej, pediatrycznej i kardiologicznej. Interesuje si\u0119 psychodietetyk\u0105 i \u017cywieniem cz\u0142owieka w chorobach metabolicznych \u2013 w szczeg\u00f3lno\u015bci zastosowaniem diet niskow\u0119glowodanowych w insulinooporno\u015bci.","url":"https:\/\/www.alab.pl\/centrum-wiedzy\/author\/angelika-janowicz\/"}]}},"_links":{"self":[{"href":"https:\/\/www.alab.pl\/centrum-wiedzy\/wp-json\/wp\/v2\/posts\/20779","targetHints":{"allow":["GET"]}}],"collection":[{"href":"https:\/\/www.alab.pl\/centrum-wiedzy\/wp-json\/wp\/v2\/posts"}],"about":[{"href":"https:\/\/www.alab.pl\/centrum-wiedzy\/wp-json\/wp\/v2\/types\/post"}],"author":[{"embeddable":true,"href":"https:\/\/www.alab.pl\/centrum-wiedzy\/wp-json\/wp\/v2\/users\/100"}],"replies":[{"embeddable":true,"href":"https:\/\/www.alab.pl\/centrum-wiedzy\/wp-json\/wp\/v2\/comments?post=20779"}],"version-history":[{"count":3,"href":"https:\/\/www.alab.pl\/centrum-wiedzy\/wp-json\/wp\/v2\/posts\/20779\/revisions"}],"predecessor-version":[{"id":20783,"href":"https:\/\/www.alab.pl\/centrum-wiedzy\/wp-json\/wp\/v2\/posts\/20779\/revisions\/20783"}],"wp:featuredmedia":[{"embeddable":true,"href":"https:\/\/www.alab.pl\/centrum-wiedzy\/wp-json\/wp\/v2\/media\/20781"}],"wp:attachment":[{"href":"https:\/\/www.alab.pl\/centrum-wiedzy\/wp-json\/wp\/v2\/media?parent=20779"}],"wp:term":[{"taxonomy":"category","embeddable":true,"href":"https:\/\/www.alab.pl\/centrum-wiedzy\/wp-json\/wp\/v2\/categories?post=20779"},{"taxonomy":"post_tag","embeddable":true,"href":"https:\/\/www.alab.pl\/centrum-wiedzy\/wp-json\/wp\/v2\/tags?post=20779"},{"taxonomy":"author","embeddable":true,"href":"https:\/\/www.alab.pl\/centrum-wiedzy\/wp-json\/wp\/v2\/coauthors?post=20779"}],"curies":[{"name":"wp","href":"https:\/\/api.w.org\/{rel}","templated":true}]}}