{"id":20784,"date":"2025-01-24T08:30:00","date_gmt":"2025-01-24T07:30:00","guid":{"rendered":"https:\/\/www.alab.pl\/centrum-wiedzy\/?p=20784"},"modified":"2025-01-23T19:12:22","modified_gmt":"2025-01-23T18:12:22","slug":"evali-objawy-choroby-wywolanej-paleniem-e-papierosow","status":"publish","type":"post","link":"https:\/\/www.alab.pl\/centrum-wiedzy\/evali-objawy-choroby-wywolanej-paleniem-e-papierosow\/","title":{"rendered":"EVALI \u2013 objawy choroby wywo\u0142anej paleniem e-papieros\u00f3w"},"content":{"rendered":"\n<p><strong>Papierosy elektroniczne zyskuj\u0105 na popularno\u015bci, poniewa\u017c s\u0105 traktowane jako alternatywa dla tradycyjnych papieros\u00f3w. Szczeg\u00f3lnie m\u0142ode osoby postrzegaj\u0105 je jako mniej szkodliwe. Niestety, palenie e-papieros\u00f3w nie jest pozbawione ryzyka. W 2019 roku zidentyfikowano now\u0105 jednostk\u0119 chorobow\u0105 EVALI, czyli ostre uszkodzenie p\u0142uc zwi\u0105zane z u\u017cywaniem papieros\u00f3w elektronicznych. Dowiedz si\u0119, co to za choroba, jakie s\u0105 jej objawy i sposoby leczenia.<\/strong><\/p>\n\n\n\n<p>Spis tre\u015bci:<\/p>\n\n\n\n<ol class=\"wp-block-list\">\n<li><a href=\"#EVALI---co-to-za-choroba?\">EVALI &#8211; co to za choroba?<\/a><\/li>\n\n\n\n<li><a href=\"#Jak-dochodzi-do-ostrego-uszkodzenia-p\u0142uc-wywo\u0142anego-e-papierosami?\">Jak dochodzi do ostrego uszkodzenia p\u0142uc wywo\u0142anego e-papierosami?<\/a><\/li>\n\n\n\n<li><a href=\"#EVALI:-objawy-uszkodzenia-p\u0142uc-przez-e-papierosy\">EVALI: objawy uszkodzenia p\u0142uc przez e-papierosy<\/a><\/li>\n\n\n\n<li><a href=\"#Diagnostyka-EVALI\">Diagnostyka EVALI<\/a>\n<ul class=\"wp-block-list\">\n<li><a href=\"#Jak-wygl\u0105daj\u0105-p\u0142uca-po-e-papierosie?\">Jak wygl\u0105daj\u0105 p\u0142uca po e-papierosie?<\/a><\/li>\n<\/ul>\n<\/li>\n\n\n\n<li><a href=\"#Leczenie-uszkodze\u0144-p\u0142uc-wywo\u0142anych-papierosami-elektronicznymi\">Leczenie uszkodze\u0144 p\u0142uc wywo\u0142anych papierosami elektronicznymi<\/a><\/li>\n\n\n\n<li><a href=\"#Czy-EVALI-jest-uleczalne?\">Czy EVALI jest uleczalne?<\/a><\/li>\n<\/ol>\n\n\n\n<h2 class=\"wp-block-heading\" id=\"EVALI---co-to-za-choroba?\">EVALI &#8211; co to za choroba?<\/h2>\n\n\n\n<p>EVALI to akronim od \u201e<em>e-cigarette or vaping product use-associated lung injury<\/em>\u201d \u2013 <strong>zespo\u0142u ostrych uszkodze\u0144 p\u0142uc, kt\u00f3re s\u0105 powi\u0105zane z u\u017cywaniem e-papieros\u00f3w lub innych urz\u0105dze\u0144 do wapowania<\/strong>. Po raz pierwszy choroba zosta\u0142a zidentyfikowana w Stanach Zjednoczonych w 2019 roku, kiedy zaobserwowano wzrost liczby przypadk\u00f3w niewyja\u015bnionych problem\u00f3w oddechowych u os\u00f3b korzystaj\u0105cych z papieros\u00f3w elektronicznych. Schorzenie mo\u017ce mie\u0107 ci\u0119\u017cki przebieg i prowadzi\u0107 do powa\u017cnych powik\u0142a\u0144 \u2013 w tym \u015bmierci.<\/p>\n\n\n\n<figure class=\"wp-block-table\"><table class=\"has-fixed-layout\"><tbody><tr><td><strong>Warto wiedzie\u0107:<\/strong> <br>Mechanizm dzia\u0142ania e-papieros\u00f3w polega na podgrzaniu p\u0142ynu (liquidu) do bardzo wysokiej temperatury, w wyniku czego powstaje aerozol, kt\u00f3ry mo\u017ce by\u0107 wdychany do p\u0142uc.<\/td><\/tr><\/tbody><\/table><\/figure>\n\n\n\n<p>Uznaje si\u0119, \u017ce szkodliwo\u015b\u0107 e-papieros\u00f3w jest mniejsza ni\u017c tradycyjnych papieros\u00f3w, ale nie oznacza to, \u017ce mog\u0105 by\u0107 u\u017cytkowane bez \u017cadnych konsekwencji zdrowotnych. <strong>Prawd\u0105 jest, \u017ce produkowany przez nie aerozol zawiera mniej toksycznych substancji, ale nadal mog\u0105 by\u0107 w nim obecne m.in. metale ci\u0119\u017ckie czy kancerogeny<\/strong>. Papierosy elektroniczne pomijaj\u0105 szkodliwy proces spalania, ale w wyniku podgrzania p\u0142ynu dochodzi do degradacji obecnych w nim substancji chemicznych (m.in. glikolu propylenowego, gliceryny).<\/p>\n\n\n\n<p>W Stanach Zjednoczonych do pocz\u0105tku lutego 2020 zg\u0142oszono<strong> 2807 zachorowa\u0144 na EVALI<\/strong> i a\u017c 68 zgon\u00f3w. Szczeg\u00f3ln\u0105 uwag\u0119 zwr\u00f3cono na skutki palenia e-papieros\u00f3w w m\u0142odym wieku. <strong>Wi\u0119kszo\u015b\u0107 hospitalizowanych os\u00f3b mia\u0142o mniej ni\u017c 35 lat, a 16% nie uko\u0144czy\u0142o 18. roku \u017cycia<\/strong>.<\/p>\n\n\n\n<p><strong>&gt;&gt; Zobacz: <\/strong><a href=\"https:\/\/www.alab.pl\/centrum-wiedzy\/palenie-papierosow-negatywne-skutki-i-wplyw-na-zdrowie-palenia-tytoniu\/\"><strong>Palenie papieros\u00f3w \u2013 negatywne skutki i wp\u0142yw na zdrowie palenia tytoniu<\/strong><\/a><strong><\/strong><\/p>\n\n\n\n<h2 class=\"wp-block-heading\" id=\"Jak-dochodzi-do-ostrego-uszkodzenia-p\u0142uc-wywo\u0142anego-e-papierosami?\">Jak dochodzi do ostrego uszkodzenia p\u0142uc wywo\u0142anego e-papierosami?<\/h2>\n\n\n\n<p>Dok\u0142adna przyczyna EVALI nie zosta\u0142a jak dot\u0105d poznana. Wiele m\u00f3wi si\u0119 o nieprofesjonalnych modyfikacjach elektronicznych papieros\u00f3w lub te\u017c u\u017cywaniu p\u0142yn\u00f3w pochodz\u0105cych z niewiadomych \u017ar\u00f3de\u0142 (np. nielegalnie wzbogacanych o THC). Oba czynniki stwarzaj\u0105 <strong>ryzyko wdychania aerozolu o nieznanym sk\u0142adzie chemicznym<\/strong>.<\/p>\n\n\n\n<figure class=\"wp-block-image size-full\"><a href=\"https:\/\/www.alab.pl\/badanie\/kanabinoidy-thc-p44\"><img loading=\"lazy\" decoding=\"async\" width=\"800\" height=\"200\" src=\"https:\/\/www.alab.pl\/centrum-wiedzy\/wp-content\/uploads\/2025\/01\/Badanie-THC-w-moczu-kannabinoidy.jpg\" alt=\"Badanie THC w moczu (kannabinoidy)\" class=\"wp-image-20418\" srcset=\"https:\/\/www.alab.pl\/centrum-wiedzy\/wp-content\/uploads\/2025\/01\/Badanie-THC-w-moczu-kannabinoidy.jpg 800w, https:\/\/www.alab.pl\/centrum-wiedzy\/wp-content\/uploads\/2025\/01\/Badanie-THC-w-moczu-kannabinoidy-768x192.jpg 768w, https:\/\/www.alab.pl\/centrum-wiedzy\/wp-content\/uploads\/2025\/01\/Badanie-THC-w-moczu-kannabinoidy-150x38.jpg 150w, https:\/\/www.alab.pl\/centrum-wiedzy\/wp-content\/uploads\/2025\/01\/Badanie-THC-w-moczu-kannabinoidy-300x75.jpg 300w, https:\/\/www.alab.pl\/centrum-wiedzy\/wp-content\/uploads\/2025\/01\/Badanie-THC-w-moczu-kannabinoidy-696x174.jpg 696w\" sizes=\"auto, (max-width: 800px) 100vw, 800px\" \/><\/a><\/figure>\n\n\n\n<p>Przeprowadzone badania wskazuj\u0105, \u017ce jedn\u0105 z substancji prowadz\u0105cych do choroby po e-papierosie jest <strong>octan tokoferolu<\/strong>. Jest to lepka substancja stosowana do rozcie\u0144czania THC. Wykryto j\u0105 a\u017c u 94% chorych na EVALI.<\/p>\n\n\n\n<p>Nale\u017cy mie\u0107 \u015bwiadomo\u015b\u0107, \u017ce octan tokoferolu to nie jedyna substancja mog\u0105ca przyczynia\u0107 si\u0119 do uszkodzenia p\u0142uc po e-papierosie i choroby EVALI. Wci\u0105\u017c badane s\u0105 inne szkodliwe substancje (m.in. <a href=\"https:\/\/www.alab.pl\/centrum-wiedzy\/srodki-psychoaktywne\/\">substancje psychoaktywne<\/a>, substancje aromatyzuj\u0105ce, metale).<\/p>\n\n\n\n<p>Podstaw\u0105 uszkodzenia p\u0142uc w chorobie EVALI jest <strong>inhalacja drobnych cz\u0105steczek substancji chemicznych, kt\u00f3re powstaj\u0105 na skutek podgrzania p\u0142ynu<\/strong>. Maj\u0105 one bezpo\u015bredni kontakt z nab\u0142onkiem dolnych <a href=\"https:\/\/www.alab.pl\/centrum-wiedzy\/budowa-funkcje-i-najczestsze-choroby-ukladu-oddechowego-czlowieka\/\">dr\u00f3g oddechowych<\/a>. Jest to mo\u017cliwa przyczyna rozwoju <strong>reakcji zapalnej, uszkodzenia nab\u0142onka p\u0142ucnego i zaburze\u0144 wymiany gazowej<\/strong>.<\/p>\n\n\n\n<p><strong>&gt;&gt; Przeczytaj tak\u017ce: <\/strong><a href=\"https:\/\/www.alab.pl\/centrum-wiedzy\/testy-na-narkotyki\/\"><strong>Testy na narkotyki \u2013 rodzaje, zastosowanie, wiarygodno\u015b\u0107<\/strong><\/a><strong><\/strong><\/p>\n\n\n\n<h2 class=\"wp-block-heading\" id=\"EVALI:-objawy-uszkodzenia-p\u0142uc-przez-e-papierosy\">EVALI: objawy uszkodzenia p\u0142uc przez e-papierosy<\/h2>\n\n\n\n<p>Objawy EVALI to:<\/p>\n\n\n\n<ul class=\"wp-block-list\">\n<li>b\u00f3l w klatce piersiowej,<\/li>\n\n\n\n<li><a href=\"https:\/\/www.alab.pl\/centrum-wiedzy\/dusznosc-punkt-wspolny-wielu-dramatycznych-chorob\/\">duszno\u015b\u0107<\/a>,<\/li>\n\n\n\n<li><a href=\"https:\/\/www.alab.pl\/centrum-wiedzy\/plucie-krwia-krwioplucie-mozliwe-przyczyny-i-diagnostyka\/\">krwioplucie<\/a>,<\/li>\n\n\n\n<li>kaszel,<\/li>\n\n\n\n<li>gor\u0105czka,<\/li>\n\n\n\n<li>dreszcze,<\/li>\n\n\n\n<li>os\u0142abienie,<\/li>\n\n\n\n<li>objawy ze strony uk\u0142adu pokarmowego (nudno\u015bci, wymioty, <a href=\"https:\/\/www.alab.pl\/centrum-wiedzy\/bol-brzucha-mozliwe-przyczyny-badania\/\">b\u00f3l brzucha<\/a>, biegunka),<\/li>\n\n\n\n<li><a href=\"https:\/\/www.alab.pl\/centrum-wiedzy\/co-to-jest-tachykardia-czestoskurcz-objawy-przyczyny-i-leczenie\/\">tachykardia<\/a>,<\/li>\n\n\n\n<li>spadek saturacji.<\/li>\n<\/ul>\n\n\n\n<p>Stopie\u0144 niewydolno\u015bci oddechowej w przebiegu choroby EVALI jest zr\u00f3\u017cnicowany. Dotychczasowe przypadki pokaza\u0142y, \u017ce<strong> nawet \u2153 chorych wymaga intubacji i wentylacji mechanicznej<\/strong>.<\/p>\n\n\n\n<figure class=\"wp-block-table\"><table class=\"has-fixed-layout\"><tbody><tr><td><strong>Warto wiedzie\u0107:<\/strong> <br>Objawy EVALI pojawiaj\u0105 si\u0119 w ci\u0105gu 90 dni od zapalenia e-papierosa, ale w wi\u0119kszo\u015bci przypadk\u00f3w chorzy zg\u0142aszaj\u0105 u\u017cytkowanie papierosa elektronicznego w ci\u0105gu ostatniego tygodnia.<\/td><\/tr><\/tbody><\/table><\/figure>\n\n\n\n<h2 class=\"wp-block-heading\" id=\"Diagnostyka-EVALI\">Diagnostyka EVALI<\/h2>\n\n\n\n<p>Diagnostyka EVALI opiera si\u0119 o wywiad medyczny, badanie fizykalne i badania dodatkowe. W\u015br\u00f3d nich najwi\u0119ksze znaczenie maj\u0105 zdj\u0119cie rentgenowskie (RTG) p\u0142uc, tomografia klatki piersiowej, bronchoskopia. Wa\u017cne jest wykonanie bada\u0144 laboratoryjnych krwi \u2013 w tym m.in. <a href=\"https:\/\/www.alab.pl\/badanie\/morfologia-krwi-c55\">morfologii krwi<\/a>, <a href=\"https:\/\/www.alab.pl\/badanie\/bialko-c-reaktywne-crp-ilosciowe-i81\">CRP<\/a>, gazometrii, <a href=\"https:\/\/www.alab.pl\/centrum-wiedzy\/posiew-krwi-co-wykrywa-i-kiedy-sie-go-wykonuje\/\">posiewu krwi<\/a>, test\u00f3w wirusowych oraz badania toksykologicznego <a href=\"https:\/\/www.alab.pl\/badanie\/kanabinoidy-thc-w-moczu-test-polilosciowy\">moczu w kierunku kannabinoid\u00f3w<\/a>.<\/p>\n\n\n\n<p>W wywiadzie istotne jest potwierdzenie, \u017ce osoba chora u\u017cytkowa\u0142a e-papierosa w ci\u0105gu ostatnich 90 dni oraz uzyskanie informacji dotycz\u0105cych rodzaju liquidu, \u017ar\u00f3d\u0142a jego pochodzenia i ewentualnej zawarto\u015bci THC.<a><\/a><\/p>\n\n\n\n<h3 class=\"wp-block-heading\" id=\"Jak-wygl\u0105daj\u0105-p\u0142uca-po-e-papierosie?\">Jak wygl\u0105daj\u0105 p\u0142uca po e-papierosie?<\/h3>\n\n\n\n<p>W badaniach obrazowych <strong>p\u0142uca po e-papierosie wykazuj\u0105 obecno\u015b\u0107 niecharakterystycznych zmian<\/strong>. S\u0105 to m.in. obustronne i rozproszone zacienienia typu matowego szk\u0142a, czyli obszary o g\u0119sto\u015bci wi\u0119kszej ni\u017c standardowa. \u015awiadcz\u0105 o <strong>cz\u0119\u015bciowej utracie upowietrznienia p\u0119cherzyk\u00f3w p\u0142ucnych<\/strong>.<\/p>\n\n\n\n<p>W obrazie radiologicznym choroba EVALI mo\u017ce przypomina\u0107 tak\u017ce rozsiane uszkodzenie p\u0119cherzyk\u00f3w p\u0142ucnych, ostre eozynofilowe zapalenie p\u0142uc, lipidowe zapalenie p\u0142uc czy odm\u0119 op\u0142ucnow\u0105.<\/p>\n\n\n\n<p><strong>&gt;&gt; To mo\u017ce Ci\u0119 zainteresowa\u0107: <\/strong><a href=\"https:\/\/www.alab.pl\/centrum-wiedzy\/markery-nowotworowe-w-diagnozie-raka-pluc\/\"><strong>Markery nowotworowe w diagnostyce raka p\u0142uc<\/strong><\/a><strong><\/strong><\/p>\n\n\n\n<h2 class=\"wp-block-heading\" id=\"Leczenie-uszkodze\u0144-p\u0142uc-wywo\u0142anych-papierosami-elektronicznymi\">Leczenie uszkodze\u0144 p\u0142uc wywo\u0142anych papierosami elektronicznymi<\/h2>\n\n\n\n<p>Nie jest znane przyczynowe leczenie EVALI, dlatego stosuje si\u0119 wy\u0142\u0105cznie terapi\u0119 maj\u0105c\u0105 na celu z\u0142agodzenie objaw\u00f3w i unikni\u0119cie powik\u0142a\u0144. <strong>Chorym zwykle podaje si\u0119 <\/strong><a href=\"https:\/\/www.alab.pl\/centrum-wiedzy\/antybiotyki-czy-nadal-sa-skuteczne\/\"><strong>antybiotyki<\/strong><\/a><strong> i glikokortykosteroidy. <\/strong>Niezb\u0119dna jest tlenoterapia, a przy niewydolno\u015bci oddechowej mechaniczne wspomaganie czynno\u015bci p\u0142uc. W wi\u0119kszo\u015bci przypadk\u00f3w <strong>leczenie EVALI prowadzone jest w warunkach szpitalnych<\/strong>.<\/p>\n\n\n\n<h2 class=\"wp-block-heading\" id=\"Czy-EVALI-jest-uleczalne?\">Czy EVALI jest uleczalne?<\/h2>\n\n\n\n<p>Skuteczno\u015b\u0107 leczenia EVALI zale\u017cy od stopnia uszkodzenia p\u0142uc oraz og\u00f3lnego stanu zdrowia pacjenta. <strong>Niestety, u niekt\u00f3rych pacjent\u00f3w mo\u017ce dochodzi\u0107 do trwa\u0142ych zmian.<\/strong> Po opuszczeniu szpitala wskazana jest konsultacja z lekarzem pierwszego kontaktu w ci\u0105gu 48 godzin oraz wykonanie bada\u0144 kontrolnych (m.in. RTG klatki piersiowej i spirometrii).<\/p>\n\n\n\n<p>EVALI to nowa choroba uk\u0142adu oddechowego b\u0119d\u0105ca skutkiem palenia e-papieros\u00f3w. Jej prawdopodobn\u0105 przyczyn\u0105 s\u0105 liquidy pochodz\u0105ce z nielegalnych \u017ar\u00f3de\u0142, kt\u00f3re zawieraj\u0105 octan tokoferylu stosowany do rozcie\u0144czania THC. Objawy EVALI to m.in. duszno\u015b\u0107, kaszel, krwioplucie, b\u00f3l w klatce piersiowej i gor\u0105czka. Pojawienie si\u0119 jakichkolwiek dolegliwo\u015bci u os\u00f3b u\u017cytkuj\u0105cych papierosy elektroniczne nale\u017cy zawsze niezw\u0142ocznie skonsultowa\u0107 z lekarzem.<\/p>\n\n\n\n<p><strong>Opieka merytoryczna: lek. Sandra Aszkie\u0142owicz<\/strong><\/p>\n\n\n\n<hr class=\"wp-block-separator has-alpha-channel-opacity\"\/>\n\n\n\n<p><strong>Bibliografia<\/strong><\/p>\n\n\n\n<ol start=\"1\" class=\"wp-block-list\">\n<li>D. Szawica i in., <em>Czy waporyzacja nikotyny to lepsza alternatywa dla tradycyjnego palenia papieros\u00f3w? Podsumowanie szkodliwo\u015bci e-papieros\u00f3w oraz post\u0119powania w EVALI na podstawie najnowszej literatury<\/em>, Quality in Sport 2023, nr 12(1), s. 18\u201326<\/li>\n\n\n\n<li>https:\/\/www.mp.pl\/pacjent\/pochp\/palenie\/294507,e-papierosy-czy-papierosy-elektroniczne-sa-szkodliwe\/ (dost\u0119p 10.01.2025)<\/li>\n\n\n\n<li>K. Szyfter i in., <em>Czy u\u017cywanie e-papieros\u00f3w wp\u0142ywa na wyst\u0119powanie raka krtani?<\/em>, Post\u0119py w Chirurgii G\u0142owy i Szyi 2018, nr 2, s. 7\u201312<\/li>\n\n\n\n<li>https:\/\/pmc.ncbi.nlm.nih.gov\/articles\/PMC7351931\/ (dost\u0119p 10.01.2025)<\/li>\n\n\n\n<li>https:\/\/www.mp.pl\/pediatria\/artykuly-wytyczne\/artykuly-przegladowe\/224877,zmierzch-elektronicznych-papierosow (dost\u0119p 10.01.2025)<\/li>\n<\/ol>\n\n\n\n<p><\/p>\n","protected":false},"excerpt":{"rendered":"<p>EVALI to ostre uszkodzenie p\u0142uc zwi\u0105zane z u\u017cywaniem papieros\u00f3w elektronicznych. Sprawd\u017a objawy i sposoby leczenia tej choroby.<\/p>\n","protected":false},"author":100,"featured_media":20785,"comment_status":"closed","ping_status":"closed","sticky":false,"template":"","format":"standard","meta":{"_acf_changed":false,"inline_featured_image":false,"footnotes":""},"categories":[28],"tags":[],"coauthors":[143],"class_list":{"0":"post-20784","1":"post","2":"type-post","3":"status-publish","4":"format-standard","5":"has-post-thumbnail","7":"category-warto-wiedziec"},"acf":[],"yoast_head":"<!-- This site is optimized with the Yoast SEO plugin v27.5 - https:\/\/yoast.com\/product\/yoast-seo-wordpress\/ -->\n<title>EVALI \u2013 objawy choroby wywo\u0142anej paleniem e-papieros\u00f3w - Centrum Wiedzy ALAB laboratoria<\/title>\n<meta name=\"description\" content=\"EVALI to ostre uszkodzenie p\u0142uc zwi\u0105zane z u\u017cywaniem papieros\u00f3w elektronicznych. Sprawd\u017a objawy i sposoby leczenia tej choroby.\" \/>\n<meta name=\"robots\" content=\"index, follow, max-snippet:-1, max-image-preview:large, max-video-preview:-1\" \/>\n<link rel=\"canonical\" href=\"https:\/\/www.alab.pl\/centrum-wiedzy\/evali-objawy-choroby-wywolanej-paleniem-e-papierosow\/\" \/>\n<meta property=\"og:locale\" content=\"pl_PL\" \/>\n<meta property=\"og:type\" content=\"article\" \/>\n<meta property=\"og:title\" content=\"EVALI \u2013 objawy choroby wywo\u0142anej paleniem e-papieros\u00f3w - Centrum Wiedzy ALAB laboratoria\" \/>\n<meta property=\"og:description\" content=\"EVALI to ostre uszkodzenie p\u0142uc zwi\u0105zane z u\u017cywaniem papieros\u00f3w elektronicznych. Sprawd\u017a objawy i sposoby leczenia tej choroby.\" \/>\n<meta property=\"og:url\" content=\"https:\/\/www.alab.pl\/centrum-wiedzy\/evali-objawy-choroby-wywolanej-paleniem-e-papierosow\/\" \/>\n<meta property=\"og:site_name\" content=\"Centrum Wiedzy ALAB laboratoria\" \/>\n<meta property=\"article:publisher\" content=\"https:\/\/www.facebook.com\/ALABlaboratoria\" \/>\n<meta property=\"article:published_time\" content=\"2025-01-24T07:30:00+00:00\" \/>\n<meta property=\"og:image\" content=\"https:\/\/www.alab.pl\/centrum-wiedzy\/wp-content\/uploads\/2025\/01\/papieros_elektroniczny.jpg\" \/>\n\t<meta property=\"og:image:width\" content=\"2475\" \/>\n\t<meta property=\"og:image:height\" content=\"1647\" \/>\n\t<meta property=\"og:image:type\" content=\"image\/jpeg\" \/>\n<meta name=\"author\" content=\"Angelika Janowicz\" \/>\n<meta name=\"twitter:card\" content=\"summary_large_image\" \/>\n<meta name=\"twitter:label1\" content=\"Napisane przez\" \/>\n\t<meta name=\"twitter:data1\" content=\"Angelika Janowicz\" \/>\n\t<meta name=\"twitter:label2\" content=\"Szacowany czas czytania\" \/>\n\t<meta name=\"twitter:data2\" content=\"6 minut\" \/>\n\t<meta name=\"twitter:label3\" content=\"Written by\" \/>\n\t<meta name=\"twitter:data3\" content=\"Angelika Janowicz\" \/>\n<!-- \/ Yoast SEO plugin. -->","yoast_head_json":{"title":"EVALI \u2013 objawy choroby wywo\u0142anej paleniem e-papieros\u00f3w - Centrum Wiedzy ALAB laboratoria","description":"EVALI to ostre uszkodzenie p\u0142uc zwi\u0105zane z u\u017cywaniem papieros\u00f3w elektronicznych. Sprawd\u017a objawy i sposoby leczenia tej choroby.","robots":{"index":"index","follow":"follow","max-snippet":"max-snippet:-1","max-image-preview":"max-image-preview:large","max-video-preview":"max-video-preview:-1"},"canonical":"https:\/\/www.alab.pl\/centrum-wiedzy\/evali-objawy-choroby-wywolanej-paleniem-e-papierosow\/","og_locale":"pl_PL","og_type":"article","og_title":"EVALI \u2013 objawy choroby wywo\u0142anej paleniem e-papieros\u00f3w - Centrum Wiedzy ALAB laboratoria","og_description":"EVALI to ostre uszkodzenie p\u0142uc zwi\u0105zane z u\u017cywaniem papieros\u00f3w elektronicznych. Sprawd\u017a objawy i sposoby leczenia tej choroby.","og_url":"https:\/\/www.alab.pl\/centrum-wiedzy\/evali-objawy-choroby-wywolanej-paleniem-e-papierosow\/","og_site_name":"Centrum Wiedzy ALAB laboratoria","article_publisher":"https:\/\/www.facebook.com\/ALABlaboratoria","article_published_time":"2025-01-24T07:30:00+00:00","og_image":[{"width":2475,"height":1647,"url":"https:\/\/www.alab.pl\/centrum-wiedzy\/wp-content\/uploads\/2025\/01\/papieros_elektroniczny.jpg","type":"image\/jpeg"}],"author":"Angelika Janowicz","twitter_card":"summary_large_image","twitter_misc":{"Napisane przez":"Angelika Janowicz","Szacowany czas czytania":"6 minut","Written by":"Angelika Janowicz"},"schema":{"@context":"https:\/\/schema.org","@graph":[{"@type":"Article","@id":"https:\/\/www.alab.pl\/centrum-wiedzy\/evali-objawy-choroby-wywolanej-paleniem-e-papierosow\/#article","isPartOf":{"@id":"https:\/\/www.alab.pl\/centrum-wiedzy\/evali-objawy-choroby-wywolanej-paleniem-e-papierosow\/"},"author":{"name":"Angelika Janowicz","@id":"https:\/\/www.alab.pl\/centrum-wiedzy\/#\/schema\/person\/f714a3843f15f9646db0448b28a900e1"},"headline":"EVALI \u2013 objawy choroby wywo\u0142anej paleniem e-papieros\u00f3w","datePublished":"2025-01-24T07:30:00+00:00","mainEntityOfPage":{"@id":"https:\/\/www.alab.pl\/centrum-wiedzy\/evali-objawy-choroby-wywolanej-paleniem-e-papierosow\/"},"wordCount":1147,"publisher":{"@id":"https:\/\/www.alab.pl\/centrum-wiedzy\/#organization"},"image":{"@id":"https:\/\/www.alab.pl\/centrum-wiedzy\/evali-objawy-choroby-wywolanej-paleniem-e-papierosow\/#primaryimage"},"thumbnailUrl":"https:\/\/www.alab.pl\/centrum-wiedzy\/wp-content\/uploads\/2025\/01\/papieros_elektroniczny.jpg","articleSection":["Warto wiedzie\u0107"],"inLanguage":"pl-PL"},{"@type":"WebPage","@id":"https:\/\/www.alab.pl\/centrum-wiedzy\/evali-objawy-choroby-wywolanej-paleniem-e-papierosow\/","url":"https:\/\/www.alab.pl\/centrum-wiedzy\/evali-objawy-choroby-wywolanej-paleniem-e-papierosow\/","name":"EVALI \u2013 objawy choroby wywo\u0142anej paleniem e-papieros\u00f3w - Centrum Wiedzy ALAB laboratoria","isPartOf":{"@id":"https:\/\/www.alab.pl\/centrum-wiedzy\/#website"},"primaryImageOfPage":{"@id":"https:\/\/www.alab.pl\/centrum-wiedzy\/evali-objawy-choroby-wywolanej-paleniem-e-papierosow\/#primaryimage"},"image":{"@id":"https:\/\/www.alab.pl\/centrum-wiedzy\/evali-objawy-choroby-wywolanej-paleniem-e-papierosow\/#primaryimage"},"thumbnailUrl":"https:\/\/www.alab.pl\/centrum-wiedzy\/wp-content\/uploads\/2025\/01\/papieros_elektroniczny.jpg","datePublished":"2025-01-24T07:30:00+00:00","description":"EVALI to ostre uszkodzenie p\u0142uc zwi\u0105zane z u\u017cywaniem papieros\u00f3w elektronicznych. Sprawd\u017a objawy i sposoby leczenia tej choroby.","breadcrumb":{"@id":"https:\/\/www.alab.pl\/centrum-wiedzy\/evali-objawy-choroby-wywolanej-paleniem-e-papierosow\/#breadcrumb"},"inLanguage":"pl-PL","potentialAction":[{"@type":"ReadAction","target":["https:\/\/www.alab.pl\/centrum-wiedzy\/evali-objawy-choroby-wywolanej-paleniem-e-papierosow\/"]}]},{"@type":"ImageObject","inLanguage":"pl-PL","@id":"https:\/\/www.alab.pl\/centrum-wiedzy\/evali-objawy-choroby-wywolanej-paleniem-e-papierosow\/#primaryimage","url":"https:\/\/www.alab.pl\/centrum-wiedzy\/wp-content\/uploads\/2025\/01\/papieros_elektroniczny.jpg","contentUrl":"https:\/\/www.alab.pl\/centrum-wiedzy\/wp-content\/uploads\/2025\/01\/papieros_elektroniczny.jpg","width":2475,"height":1647,"caption":"papieros elektroniczny"},{"@type":"BreadcrumbList","@id":"https:\/\/www.alab.pl\/centrum-wiedzy\/evali-objawy-choroby-wywolanej-paleniem-e-papierosow\/#breadcrumb","itemListElement":[{"@type":"ListItem","position":1,"name":"Strona g\u0142\u00f3wna","item":"https:\/\/www.alab.pl\/centrum-wiedzy\/"},{"@type":"ListItem","position":2,"name":"EVALI \u2013 objawy choroby wywo\u0142anej paleniem e-papieros\u00f3w"}]},{"@type":"WebSite","@id":"https:\/\/www.alab.pl\/centrum-wiedzy\/#website","url":"https:\/\/www.alab.pl\/centrum-wiedzy\/","name":"Centrum Wiedzy ALAB laboratoria","description":"","publisher":{"@id":"https:\/\/www.alab.pl\/centrum-wiedzy\/#organization"},"potentialAction":[{"@type":"SearchAction","target":{"@type":"EntryPoint","urlTemplate":"https:\/\/www.alab.pl\/centrum-wiedzy\/?s={search_term_string}"},"query-input":{"@type":"PropertyValueSpecification","valueRequired":true,"valueName":"search_term_string"}}],"inLanguage":"pl-PL"},{"@type":"Organization","@id":"https:\/\/www.alab.pl\/centrum-wiedzy\/#organization","name":"Centrum Wiedzy ALAB laboratoria","url":"https:\/\/www.alab.pl\/centrum-wiedzy\/","logo":{"@type":"ImageObject","inLanguage":"pl-PL","@id":"https:\/\/www.alab.pl\/centrum-wiedzy\/#\/schema\/logo\/image\/","url":"https:\/\/www.alab.pl\/centrum-wiedzy\/wp-content\/uploads\/2022\/04\/alabek.jpg","contentUrl":"https:\/\/www.alab.pl\/centrum-wiedzy\/wp-content\/uploads\/2022\/04\/alabek.jpg","width":1250,"height":1251,"caption":"Centrum Wiedzy ALAB laboratoria"},"image":{"@id":"https:\/\/www.alab.pl\/centrum-wiedzy\/#\/schema\/logo\/image\/"},"sameAs":["https:\/\/www.facebook.com\/ALABlaboratoria"]},{"@type":"Person","@id":"https:\/\/www.alab.pl\/centrum-wiedzy\/#\/schema\/person\/f714a3843f15f9646db0448b28a900e1","name":"Angelika Janowicz","image":{"@type":"ImageObject","inLanguage":"pl-PL","@id":"https:\/\/www.alab.pl\/centrum-wiedzy\/wp-content\/uploads\/2024\/05\/Janowicz-Angelika-150x150.png9339cd1d56dcba9ded72b55067841306","url":"https:\/\/www.alab.pl\/centrum-wiedzy\/wp-content\/uploads\/2024\/05\/Janowicz-Angelika-150x150.png","contentUrl":"https:\/\/www.alab.pl\/centrum-wiedzy\/wp-content\/uploads\/2024\/05\/Janowicz-Angelika-150x150.png","caption":"Angelika Janowicz"},"description":"Z wykszta\u0142cenia piel\u0119gniarka, absolwentka Uniwersytetu Medycznego im. Piast\u00f3w \u015al\u0105skich we Wroc\u0142awiu. Do\u015bwiadczenie zawodowe zdobywa\u0142a w gabinecie zabiegowym, a tak\u017ce w poradni laryngologicznej, pediatrycznej i kardiologicznej. Interesuje si\u0119 psychodietetyk\u0105 i \u017cywieniem cz\u0142owieka w chorobach metabolicznych \u2013 w szczeg\u00f3lno\u015bci zastosowaniem diet niskow\u0119glowodanowych w insulinooporno\u015bci.","url":"https:\/\/www.alab.pl\/centrum-wiedzy\/author\/angelika-janowicz\/"}]}},"_links":{"self":[{"href":"https:\/\/www.alab.pl\/centrum-wiedzy\/wp-json\/wp\/v2\/posts\/20784","targetHints":{"allow":["GET"]}}],"collection":[{"href":"https:\/\/www.alab.pl\/centrum-wiedzy\/wp-json\/wp\/v2\/posts"}],"about":[{"href":"https:\/\/www.alab.pl\/centrum-wiedzy\/wp-json\/wp\/v2\/types\/post"}],"author":[{"embeddable":true,"href":"https:\/\/www.alab.pl\/centrum-wiedzy\/wp-json\/wp\/v2\/users\/100"}],"replies":[{"embeddable":true,"href":"https:\/\/www.alab.pl\/centrum-wiedzy\/wp-json\/wp\/v2\/comments?post=20784"}],"version-history":[{"count":3,"href":"https:\/\/www.alab.pl\/centrum-wiedzy\/wp-json\/wp\/v2\/posts\/20784\/revisions"}],"predecessor-version":[{"id":20789,"href":"https:\/\/www.alab.pl\/centrum-wiedzy\/wp-json\/wp\/v2\/posts\/20784\/revisions\/20789"}],"wp:featuredmedia":[{"embeddable":true,"href":"https:\/\/www.alab.pl\/centrum-wiedzy\/wp-json\/wp\/v2\/media\/20785"}],"wp:attachment":[{"href":"https:\/\/www.alab.pl\/centrum-wiedzy\/wp-json\/wp\/v2\/media?parent=20784"}],"wp:term":[{"taxonomy":"category","embeddable":true,"href":"https:\/\/www.alab.pl\/centrum-wiedzy\/wp-json\/wp\/v2\/categories?post=20784"},{"taxonomy":"post_tag","embeddable":true,"href":"https:\/\/www.alab.pl\/centrum-wiedzy\/wp-json\/wp\/v2\/tags?post=20784"},{"taxonomy":"author","embeddable":true,"href":"https:\/\/www.alab.pl\/centrum-wiedzy\/wp-json\/wp\/v2\/coauthors?post=20784"}],"curies":[{"name":"wp","href":"https:\/\/api.w.org\/{rel}","templated":true}]}}