{"id":20796,"date":"2025-01-24T11:39:35","date_gmt":"2025-01-24T10:39:35","guid":{"rendered":"https:\/\/www.alab.pl\/centrum-wiedzy\/?p=20796"},"modified":"2025-01-24T11:39:36","modified_gmt":"2025-01-24T10:39:36","slug":"objawy-raka-przelyku-przyczyny-diagnostyka-i-leczenie-nowotworu","status":"publish","type":"post","link":"https:\/\/www.alab.pl\/centrum-wiedzy\/objawy-raka-przelyku-przyczyny-diagnostyka-i-leczenie-nowotworu\/","title":{"rendered":"Objawy raka prze\u0142yku. Przyczyny, diagnostyka i leczenie nowotworu"},"content":{"rendered":"\n<p><strong>Rak prze\u0142yku jest jednym z najbardziej agresywnych nowotwor\u00f3w przewodu pokarmowego. Ze wzgl\u0119du na niespecyficzno\u015b\u0107 wczesnych objaw\u00f3w, choroba jest cz\u0119sto rozpoznawana w p\u00f3\u017anych stadiach, co znacznie pogarsza rokowania. Dowiedz si\u0119, jakie s\u0105 objawy raka prze\u0142yku, jak wygl\u0105da diagnostyka oraz jakie s\u0105 mo\u017cliwo\u015bci leczenia.<\/strong><\/p>\n\n\n\n<p>Spis tre\u015bci:<\/p>\n\n\n\n<ol class=\"wp-block-list\">\n<li><a href=\"#Rak-prze\u0142yku-\u2013-co-to-za-rodzaj-nowotworu?\">Rak prze\u0142yku \u2013 co to za rodzaj nowotworu?<\/a><\/li>\n\n\n\n<li><a href=\"#Rak-prze\u0142yku-\u2013-objawy\">Rak prze\u0142yku \u2013 objawy<\/a>\n<ul class=\"wp-block-list\">\n<li><a href=\"#Wczesne-objawy-raka-prze\u0142yku\">Wczesne objawy raka prze\u0142yku<\/a><\/li>\n<\/ul>\n<\/li>\n\n\n\n<li><a href=\"#Przyczyny-zachorowania-na-raka-prze\u0142yku\">Przyczyny zachorowania na raka prze\u0142yku<\/a><\/li>\n\n\n\n<li><a href=\"#Jak-szybko-rozwija-si\u0119-rak-prze\u0142yku?\">Jak szybko rozwija si\u0119 rak prze\u0142yku?<\/a><\/li>\n\n\n\n<li><a href=\"#Rak-prze\u0142yku-\u2013-badania-i-diagnostyka-nowotworu\">Rak prze\u0142yku \u2013 badania i diagnostyka nowotworu<\/a><\/li>\n\n\n\n<li><a href=\"#Leczenie-pacjent\u00f3w-z-rakiem-prze\u0142yku\">Leczenie pacjent\u00f3w z rakiem prze\u0142yku<\/a><\/li>\n\n\n\n<li><a href=\"#Rak-prze\u0142yku-\u2013-rokowania\">Rak prze\u0142yku \u2013 rokowania<\/a><\/li>\n\n\n\n<li><a href=\"#Rak-prze\u0142yku-\u2013-profilaktyka\">Rak prze\u0142yku \u2013 profilaktyka<\/a><\/li>\n<\/ol>\n\n\n\n<h2 class=\"wp-block-heading\" id=\"Rak-prze\u0142yku-\u2013-co-to-za-rodzaj-nowotworu?\">Rak prze\u0142yku \u2013 co to za rodzaj nowotworu?<\/h2>\n\n\n\n<p>Rak prze\u0142yku to nowotw\u00f3r z\u0142o\u015bliwy, kt\u00f3ry <strong>rozwija si\u0119 w obr\u0119bie b\u0142ony \u015bluzowej wy\u015bcielaj\u0105cej \u015bciany prze\u0142yku<\/strong>. Mo\u017ce on powstawa\u0107 w r\u00f3\u017cnych cz\u0119\u015bciach, jednak <strong>najcz\u0119\u015bciej lokalizuje si\u0119 w g\u00f3rnej i \u015brodkowej cz\u0119\u015bci prze\u0142yku<\/strong>.<\/p>\n\n\n\n<p>Histologicznie wyr\u00f3\u017cnia si\u0119:<\/p>\n\n\n\n<ul class=\"wp-block-list\">\n<li><strong>raka p\u0142askonab\u0142onkowego<\/strong> prze\u0142yku wywodz\u0105cego si\u0119 z nab\u0142onka wielowarstwowego p\u0142askiego,<\/li>\n\n\n\n<li><strong>raka gruczo\u0142owego<\/strong> wywodz\u0105cego si\u0119 z kom\u00f3rek gruczo\u0142owych.<\/li>\n<\/ul>\n\n\n\n<p><strong>Rak p\u0142askonab\u0142onkowy prze\u0142yku stanowi oko\u0142o 90% przypadk\u00f3w.<\/strong> Mo\u017ce rozwija\u0107 si\u0119 na ca\u0142ej d\u0142ugo\u015bci prze\u0142yku, ale najcz\u0119\u015bciej lokalizuje si\u0119 w jego g\u00f3rnej lub \u015brodkowej&nbsp; jego cz\u0119\u015bci. Natomiast rak gruczo\u0142owy umiejscowiony jest najcz\u0119\u015bciej w dolnej cz\u0119\u015bci prze\u0142yku lub w obr\u0119bie&nbsp; po\u0142\u0105czenia \u017co\u0142\u0105dkowo-prze\u0142ykowego.<\/p>\n\n\n\n<figure class=\"wp-block-table\"><table class=\"has-fixed-layout\"><tbody><tr><td>Rak prze\u0142yku stanowi oko\u0142o 2% wszystkich nowotwor\u00f3w z\u0142o\u015bliwych w Polsce. Choroba znacznie cz\u0119\u015bciej wyst\u0119puje u m\u0119\u017cczyzn.<\/td><\/tr><\/tbody><\/table><\/figure>\n\n\n\n<h2 class=\"wp-block-heading\" id=\"Rak-prze\u0142yku-\u2013-objawy\">Rak prze\u0142yku \u2013 objawy<\/h2>\n\n\n\n<p>Pocz\u0105tkowo objawy raka prze\u0142yku mog\u0105 by\u0107 nieobecne lub niespecyficzne, co cz\u0119sto op\u00f3\u017ania diagnoz\u0119 i rozpocz\u0119cie leczenia. <strong>Pierwsze dolegliwo\u015bci pojawiaj\u0105 si\u0119, gdy dojdzie do rozrostu guza i zw\u0119\u017cenia \u015bwiat\u0142a prze\u0142yku. <\/strong>Bardzo cz\u0119sto w momencie rozpoznania rak prze\u0142yku jest ju\u017c w zaawansowanym stadium, co wp\u0142ywa negatywnie na rokowania.<\/p>\n\n\n\n<p><strong>Objawy raka prze\u0142yku<\/strong> to:<\/p>\n\n\n\n<ul class=\"wp-block-list\">\n<li>b\u00f3l podczas po\u0142ykania,<\/li>\n\n\n\n<li>zaburzenia po\u0142ykania (trudno\u015bci w prze\u0142ykaniu, krztuszenie si\u0119, odruch wymiotny),<\/li>\n\n\n\n<li>uczucie rozpierania w klatce piersiowej,<\/li>\n\n\n\n<li>uczucie cia\u0142a obcego w prze\u0142yku,<\/li>\n\n\n\n<li>b\u00f3l lub pieczenie za mostkiem,<\/li>\n\n\n\n<li>utrata masy cia\u0142a,<\/li>\n\n\n\n<li>chrypka,<\/li>\n\n\n\n<li>duszno\u015b\u0107.<\/li>\n<\/ul>\n\n\n\n<p>Post\u0119puj\u0105cy rak prze\u0142yku mo\u017ce doprowadzi\u0107 do niedobor\u00f3w pokarmowych i wyniszczenia organizmu. Je\u017celi dojdzie do przerzut\u00f3w, obecne s\u0105 tak\u017ce ich objawy.<\/p>\n\n\n\n<figure class=\"wp-block-table\"><table class=\"has-fixed-layout\"><tbody><tr><td>Rak prze\u0142yku najcz\u0119\u015bciej daje przerzuty do w\u0119z\u0142\u00f3w ch\u0142onnych, w\u0105troby, p\u0142uc i ko\u015bci.<\/td><\/tr><\/tbody><\/table><\/figure>\n\n\n\n<h3 class=\"wp-block-heading\" id=\"Wczesne-objawy-raka-prze\u0142yku\">Wczesne objawy raka prze\u0142yku<\/h3>\n\n\n\n<p>Pocz\u0105tkowo rak prze\u0142yku rozwija si\u0119 bez \u017cadnych dolegliwo\u015bci. Na wczesnym etapie jest najcz\u0119\u015bciej diagnozowany przypadkowo (np. podczas gastroskopii).<\/p>\n\n\n\n<p>Zdarza si\u0119, \u017ce pierwsze objawy raka prze\u0142yku s\u0105 przez pacjent\u00f3w mylone z refluksem \u017co\u0142\u0105dkowo-prze\u0142ykowym. O rozwijaj\u0105cym si\u0119 nowotworze mog\u0105 \u015bwiadczy\u0107 m.in. uczucie pieczenia za mostkiem czy dyskomfort podczas prze\u0142ykania pokarm\u00f3w. Wszelkie niepokoj\u0105ce dolegliwo\u015bci powinny by\u0107 zawsze skonsultowane z lekarzem.<\/p>\n\n\n\n<p><strong>>> Zobacz tak\u017ce: <a href=\"https:\/\/www.alab.pl\/centrum-wiedzy\/najczestsze-nowotwory-u-kobiet-i-mezczyzn\/\">Najcz\u0119stsze nowotwory u kobiet i m\u0119\u017cczyzn<\/a><\/strong><\/p>\n\n\n\n<h2 class=\"wp-block-heading\" id=\"Przyczyny-zachorowania-na-raka-prze\u0142yku\">Przyczyny zachorowania na raka prze\u0142yku<\/h2>\n\n\n\n<p>Przyczyny raka prze\u0142yku s\u0105 z\u0142o\u017cone i cz\u0119sto zwi\u0105zane z wyst\u0119powaniem wielu czynnik\u00f3w \u2013 w tym \u015brodowiskowych i genetycznych. W przypadku typu p\u0142askonab\u0142onkowego <strong>ryzyko zachorowania zwi\u0119kszaj\u0105<\/strong>:<\/p>\n\n\n\n<ul class=\"wp-block-list\">\n<li>palenie lub \u017cucie tytoniu,<\/li>\n\n\n\n<li>nadu\u017cywanie alkoholu,<\/li>\n\n\n\n<li>starszy wiek,<\/li>\n\n\n\n<li>p\u0142e\u0107 m\u0119ska,<\/li>\n\n\n\n<li>dieta uboga w warzywa i owoce,<\/li>\n\n\n\n<li>oparzenie prze\u0142yku (termiczne lub chemiczne),<\/li>\n\n\n\n<li>genetycznie uwarunkowana hiperkeratoza d\u0142oni i st\u00f3p,<\/li>\n\n\n\n<li>zaka\u017cenie <a href=\"https:\/\/www.alab.pl\/centrum-wiedzy\/wirus-hpv-human-papillomavirus\/?swpmtx=15bfb29a3f40d2cc28fd744bbfedda29&amp;swpmtxnonce=90347de224\">HPV<\/a>.<\/li>\n<\/ul>\n\n\n\n<p>Natomiast <strong>czynniki ryzyka raka prze\u0142yku typu gruczo\u0142owego<\/strong> to przede wszystkim refluks \u017co\u0142\u0105dkowo-prze\u0142ykowy, oty\u0142o\u015b\u0107, starszy wiek, p\u0142e\u0107 m\u0119ska, prze\u0142yk Barretta, przepuklina rozworu prze\u0142ykowego, u\u017cywanie tytoniu.<\/p>\n\n\n\n<p><strong>>> Zobacz tak\u017ce: <a href=\"https:\/\/www.alab.pl\/centrum-wiedzy\/budowa-funkcje-i-najczestsze-choroby-ukladu-pokarmowego-czlowieka\/\">Budowa, funkcje i najcz\u0119stsze choroby uk\u0142adu pokarmowego cz\u0142owieka<\/a><\/strong><\/p>\n\n\n\n<h2 class=\"wp-block-heading\" id=\"Jak-szybko-rozwija-si\u0119-rak-prze\u0142yku?\">Jak szybko rozwija si\u0119 rak prze\u0142yku?<\/h2>\n\n\n\n<p>Tempo rozwoju raka prze\u0142yku jest zr\u00f3\u017cnicowane i zale\u017cy od wielu czynnik\u00f3w \u2013 w tym typu histologicznego nowotworu. <strong>Najcz\u0119\u015bciej proces nowotworowy trwa kilka lat, z czego pocz\u0105tkowo przebiega ca\u0142kowicie bezobjawowo.<\/strong> Warto wiedzie\u0107, \u017ce rak prze\u0142yku cechuje si\u0119 do\u015b\u0107 szybk\u0105 inwazj\u0105 otaczaj\u0105cych struktur (m.in. tchawicy czy osierdzia), co ma negatywny wp\u0142yw na rokowania.<\/p>\n\n\n\n<h2 class=\"wp-block-heading\" id=\"Rak-prze\u0142yku-\u2013-badania-i-diagnostyka-nowotworu\">Rak prze\u0142yku \u2013 badania i diagnostyka nowotworu<\/h2>\n\n\n\n<p>Diagnostyka raka prze\u0142yku opiera si\u0119 o szczeg\u00f3\u0142owy wywiad medyczny oraz badania dodatkowe. <strong>Podstaw\u0105 jest endoskopia g\u00f3rnego odcinka przewodu pokarmowego<\/strong>, kt\u00f3ra pozwala na uwidocznienie zmian w b\u0142onie \u015bluzowej prze\u0142yku oraz pobranie wycink\u00f3w do badania histopatologicznego. Do innych bada\u0144 nale\u017c\u0105 m.in.:<\/p>\n\n\n\n<ul class=\"wp-block-list\">\n<li>tomografia komputerowa klatki piersiowej,<\/li>\n\n\n\n<li>endosonografia.<\/li>\n<\/ul>\n\n\n\n<p>W celu ustalenia stopnia zaawansowania choroby i wykrycia przerzut\u00f3w wykonuje si\u0119 jeszcze inne badania obrazowe \u2013 np. tomografi\u0119 komputerow\u0105 jamy brzusznej, bronchofiberoskopi\u0119.<\/p>\n\n\n\n<figure class=\"wp-block-image size-full\"><a href=\"https:\/\/www.alab.pl\/pakiet\/pakiet-markery-nowotworowe-kobieta\"><img loading=\"lazy\" decoding=\"async\" width=\"800\" height=\"200\" src=\"https:\/\/www.alab.pl\/centrum-wiedzy\/wp-content\/uploads\/2024\/07\/Pakiet-markery-nowotworowe-kobieta-5-badan-jpg.webp\" alt=\"pakiet markery nowotworowe kobieta\" class=\"wp-image-15484\" srcset=\"https:\/\/www.alab.pl\/centrum-wiedzy\/wp-content\/uploads\/2024\/07\/Pakiet-markery-nowotworowe-kobieta-5-badan-jpg.webp 800w, https:\/\/www.alab.pl\/centrum-wiedzy\/wp-content\/uploads\/2024\/07\/Pakiet-markery-nowotworowe-kobieta-5-badan-jpg-768x192.webp 768w, https:\/\/www.alab.pl\/centrum-wiedzy\/wp-content\/uploads\/2024\/07\/Pakiet-markery-nowotworowe-kobieta-5-badan-jpg-150x38.webp 150w, https:\/\/www.alab.pl\/centrum-wiedzy\/wp-content\/uploads\/2024\/07\/Pakiet-markery-nowotworowe-kobieta-5-badan-jpg-300x75.webp 300w, https:\/\/www.alab.pl\/centrum-wiedzy\/wp-content\/uploads\/2024\/07\/Pakiet-markery-nowotworowe-kobieta-5-badan-jpg-696x174.webp 696w\" sizes=\"auto, (max-width: 800px) 100vw, 800px\" \/><\/a><\/figure>\n\n\n\n<figure class=\"wp-block-image size-full\"><a href=\"https:\/\/www.alab.pl\/pakiet\/pakiet-markery-nowotworowe-mezczyzna\"><img loading=\"lazy\" decoding=\"async\" width=\"800\" height=\"200\" src=\"https:\/\/www.alab.pl\/centrum-wiedzy\/wp-content\/uploads\/2024\/07\/Pakiet-markery-nowotworowe-mezczyzna-5-badan-jpg.webp\" alt=\"pakiet markery nowotworowe m\u0119\u017cczyzna\" class=\"wp-image-15486\" srcset=\"https:\/\/www.alab.pl\/centrum-wiedzy\/wp-content\/uploads\/2024\/07\/Pakiet-markery-nowotworowe-mezczyzna-5-badan-jpg.webp 800w, https:\/\/www.alab.pl\/centrum-wiedzy\/wp-content\/uploads\/2024\/07\/Pakiet-markery-nowotworowe-mezczyzna-5-badan-jpg-768x192.webp 768w, https:\/\/www.alab.pl\/centrum-wiedzy\/wp-content\/uploads\/2024\/07\/Pakiet-markery-nowotworowe-mezczyzna-5-badan-jpg-150x38.webp 150w, https:\/\/www.alab.pl\/centrum-wiedzy\/wp-content\/uploads\/2024\/07\/Pakiet-markery-nowotworowe-mezczyzna-5-badan-jpg-300x75.webp 300w, https:\/\/www.alab.pl\/centrum-wiedzy\/wp-content\/uploads\/2024\/07\/Pakiet-markery-nowotworowe-mezczyzna-5-badan-jpg-696x174.webp 696w\" sizes=\"auto, (max-width: 800px) 100vw, 800px\" \/><\/a><\/figure>\n\n\n\n<h2 class=\"wp-block-heading\" id=\"Leczenie-pacjent\u00f3w-z-rakiem-prze\u0142yku\">Leczenie pacjent\u00f3w z rakiem prze\u0142yku<\/h2>\n\n\n\n<p>Leczenie raka prze\u0142yku zale\u017cy od:<\/p>\n\n\n\n<ul class=\"wp-block-list\">\n<li>rodzaju nowotworu,<\/li>\n\n\n\n<li>stopnia zaawansowania nowotworu,<\/li>\n\n\n\n<li>lokalizacji nowotworu,<\/li>\n\n\n\n<li>og\u00f3lnego stanu pacjenta.<\/li>\n<\/ul>\n\n\n\n<p>Leczenie raka prze\u0142yku powinno by\u0107 prowadzone interdyscyplinarnie i dopasowane indywidualnie do danego przypadku. Jedn\u0105 z metod terapii jest <strong>operacja chirurgiczna<\/strong>. W pocz\u0105tkowych stadiach choroby przeprowadza si\u0119 <strong>endoskopow\u0105 resekcj\u0119 \u015bluz\u00f3wki<\/strong>. W bardziej zaawansowanych przypadkach konieczne mo\u017ce by\u0107 <strong>usuni\u0119cie prze\u0142yku<\/strong>. Leczenie chirurgiczne raka prze\u0142yku nie mo\u017ce by\u0107 zastosowane u wszystkich chorych. Innymi metodami s\u0105 <strong>radioterapia, chemioterapia, immunoterapia<\/strong>.<\/p>\n\n\n\n<p>Opr\u00f3cz tego stosuje si\u0119 r\u00f3\u017cnego rodzaju <strong>terapie wspomagaj\u0105ce, kt\u00f3re maj\u0105 na celu popraw\u0119 jako\u015bci \u017cycia chorego<\/strong>. Nale\u017c\u0105 do nich m.in. stenty prze\u0142ykowe lub gastrostomia od\u017cywcza.<\/p>\n\n\n\n<h2 class=\"wp-block-heading\" id=\"Rak-prze\u0142yku-\u2013-rokowania\">Rak prze\u0142yku \u2013 rokowania<\/h2>\n\n\n\n<p>Rokowanie w raku prze\u0142yku zale\u017cy od stopnia zaawansowania w momencie diagnozy. <strong>Najcz\u0119\u015bciej choroba rozpoznawana jest w p\u00f3\u017anym stadium, co znacznie zmniejsza szanse na wyleczenie i wieloletnie prze\u017cycie.<\/strong><\/p>\n\n\n\n<p>Rak prze\u0142yku jest jednym z najgorzej rokuj\u0105cych nowotwor\u00f3w z\u0142o\u015bliwych. <strong>5-letnie prze\u017cycie obserwuje si\u0119 \u015brednio u 5\u201310% chorych<\/strong>.<\/p>\n\n\n\n<h2 class=\"wp-block-heading\" id=\"Rak-prze\u0142yku-\u2013-profilaktyka\">Rak prze\u0142yku \u2013 profilaktyka<\/h2>\n\n\n\n<p>Profilaktyka raka prze\u0142yku koncentruje si\u0119 przede wszystkim na <strong>eliminacji czynnik\u00f3w ryzyka<\/strong>. Wskazane jest m.in.:<\/p>\n\n\n\n<ul class=\"wp-block-list\">\n<li>zaprzestanie palenia lub \u017cucia tytoniu,<\/li>\n\n\n\n<li>zaprzestanie spo\u017cywania alkoholu,<\/li>\n\n\n\n<li>utrzymywanie prawid\u0142owej masy cia\u0142a,<\/li>\n\n\n\n<li>leczenie chor\u00f3b sprzyjaj\u0105cych rozwojowi raka prze\u0142yku.<\/li>\n<\/ul>\n\n\n\n<p>Obecnie nie prowadzi si\u0119 bada\u0144 przesiewowych w kierunku raka prze\u0142yku. Osoby z rozpoznan\u0105 chorob\u0105 refluksow\u0105 lub prze\u0142ykiem Barretta powinny pozostawa\u0107 pod sta\u0142\u0105 kontrol\u0105 lekarza.<\/p>\n\n\n\n<p><strong>>> Zobacz tak\u017ce: <a href=\"https:\/\/www.alab.pl\/centrum-wiedzy\/dieta-w-chorobie-refluksowej-przelyku-refluksie\/\">Dieta w chorobie refluksowej prze\u0142yku (refluksie)<\/a><\/strong><\/p>\n\n\n\n<p>Rak prze\u0142yku jest nowotworem z\u0142o\u015bliwym, kt\u00f3ry mo\u017ce rozwin\u0105\u0107 si\u0119 z nab\u0142onka p\u0142askiego lub gruczo\u0142owego. Pocz\u0105tkowo choroba przebiega bezobjawowo, a dolegliwo\u015bci pojawiaj\u0105 si\u0119, gdy dojdzie do zw\u0119\u017cenia \u015bwiat\u0142a prze\u0142yku. Chorzy zg\u0142aszaj\u0105 m.in. trudno\u015bci w prze\u0142ykaniu, b\u00f3l podczas prze\u0142ykania czy uczucie dyskomfortu za mostkiem. Leczenie raka prze\u0142yku jest dostosowywane indywidualnie do ka\u017cdego przypadku. Dost\u0119pne metody terapii to m.in. leczenie chirurgiczne, radioterapia, chemioterapia, immunoterapia.<\/p>\n\n\n\n<p><strong>Opieka merytoryczna: lek. Katarzyna Banaszczyk<\/strong><\/p>\n\n\n\n<hr class=\"wp-block-separator has-alpha-channel-opacity\"\/>\n\n\n\n<p><strong>Bibliografia<\/strong><\/p>\n\n\n\n<ol start=\"1\" class=\"wp-block-list\">\n<li>B. Strzelec i in., <em>Rak prze\u0142yku: kr\u00f3tki przegl\u0105d aktualnego stanu wiedzy i u\u017cyteczno\u015bci marker\u00f3w stanu zapalnego<\/em>, Polish Journal of Surgery 2024, t. 96, s. 1\u20135<\/li>\n\n\n\n<li>https:\/\/www.mp.pl\/pacjent\/onkologia\/chorobynowotworowe\/102098,rak-przelyku (dost\u0119p 08.01.2025)<\/li>\n\n\n\n<li>M. Kowalczyk i in., <em>Rak prze\u0142yku \u2014 opis przypadku klinicznego wraz z przegl\u0105dem pi\u015bmiennictwa<\/em>, Oncol Clin Pract 2017, nr 13, s. 30\u201333<\/li>\n\n\n\n<li>M. Janiszewski, L. Grzybowska-Szatkowska, <em>Leczenie skojarzone raka prze\u0142yku<\/em>, Oncology and Radiotherapy 2017, 3(41), s. 70\u201376<\/li>\n<\/ol>\n\n\n\n<p><\/p>\n","protected":false},"excerpt":{"rendered":"<p>Rak prze\u0142yku to jeden z najbardziej agresywnych nowotwor\u00f3w przewodu pokarmowego.  Dowiedz si\u0119 wi\u0119cej na temat tej choroby.<\/p>\n","protected":false},"author":100,"featured_media":20798,"comment_status":"closed","ping_status":"closed","sticky":false,"template":"","format":"standard","meta":{"_acf_changed":false,"inline_featured_image":false,"footnotes":""},"categories":[10],"tags":[],"coauthors":[143],"class_list":{"0":"post-20796","1":"post","2":"type-post","3":"status-publish","4":"format-standard","5":"has-post-thumbnail","7":"category-choroby-nowotworowe"},"acf":[],"yoast_head":"<!-- This site is optimized with the Yoast SEO plugin v27.5 - https:\/\/yoast.com\/product\/yoast-seo-wordpress\/ -->\n<title>Objawy raka prze\u0142yku. Przyczyny, diagnostyka i leczenie nowotworu - Centrum Wiedzy ALAB laboratoria<\/title>\n<meta name=\"description\" content=\"Rak prze\u0142yku to jeden z najbardziej agresywnych nowotwor\u00f3w przewodu pokarmowego. Dowiedz si\u0119 wi\u0119cej na temat tej choroby.\" \/>\n<meta name=\"robots\" content=\"index, follow, max-snippet:-1, max-image-preview:large, max-video-preview:-1\" \/>\n<link rel=\"canonical\" href=\"https:\/\/www.alab.pl\/centrum-wiedzy\/objawy-raka-przelyku-przyczyny-diagnostyka-i-leczenie-nowotworu\/\" \/>\n<meta property=\"og:locale\" content=\"pl_PL\" \/>\n<meta property=\"og:type\" content=\"article\" \/>\n<meta property=\"og:title\" content=\"Objawy raka prze\u0142yku. Przyczyny, diagnostyka i leczenie nowotworu - Centrum Wiedzy ALAB laboratoria\" \/>\n<meta property=\"og:description\" content=\"Rak prze\u0142yku to jeden z najbardziej agresywnych nowotwor\u00f3w przewodu pokarmowego. Dowiedz si\u0119 wi\u0119cej na temat tej choroby.\" \/>\n<meta property=\"og:url\" content=\"https:\/\/www.alab.pl\/centrum-wiedzy\/objawy-raka-przelyku-przyczyny-diagnostyka-i-leczenie-nowotworu\/\" \/>\n<meta property=\"og:site_name\" content=\"Centrum Wiedzy ALAB laboratoria\" \/>\n<meta property=\"article:publisher\" content=\"https:\/\/www.facebook.com\/ALABlaboratoria\" \/>\n<meta property=\"article:published_time\" content=\"2025-01-24T10:39:35+00:00\" \/>\n<meta property=\"article:modified_time\" content=\"2025-01-24T10:39:36+00:00\" \/>\n<meta property=\"og:image\" content=\"https:\/\/www.alab.pl\/centrum-wiedzy\/wp-content\/uploads\/2025\/01\/rak_przelyku.jpg\" \/>\n\t<meta property=\"og:image:width\" content=\"1670\" \/>\n\t<meta property=\"og:image:height\" content=\"1113\" \/>\n\t<meta property=\"og:image:type\" content=\"image\/jpeg\" \/>\n<meta name=\"author\" content=\"Angelika Janowicz\" \/>\n<meta name=\"twitter:card\" content=\"summary_large_image\" \/>\n<meta name=\"twitter:label1\" content=\"Napisane przez\" \/>\n\t<meta name=\"twitter:data1\" content=\"Angelika Janowicz\" \/>\n\t<meta name=\"twitter:label2\" content=\"Szacowany czas czytania\" \/>\n\t<meta name=\"twitter:data2\" content=\"7 minut\" \/>\n\t<meta name=\"twitter:label3\" content=\"Written by\" \/>\n\t<meta name=\"twitter:data3\" content=\"Angelika Janowicz\" \/>\n<!-- \/ Yoast SEO plugin. -->","yoast_head_json":{"title":"Objawy raka prze\u0142yku. Przyczyny, diagnostyka i leczenie nowotworu - Centrum Wiedzy ALAB laboratoria","description":"Rak prze\u0142yku to jeden z najbardziej agresywnych nowotwor\u00f3w przewodu pokarmowego. Dowiedz si\u0119 wi\u0119cej na temat tej choroby.","robots":{"index":"index","follow":"follow","max-snippet":"max-snippet:-1","max-image-preview":"max-image-preview:large","max-video-preview":"max-video-preview:-1"},"canonical":"https:\/\/www.alab.pl\/centrum-wiedzy\/objawy-raka-przelyku-przyczyny-diagnostyka-i-leczenie-nowotworu\/","og_locale":"pl_PL","og_type":"article","og_title":"Objawy raka prze\u0142yku. Przyczyny, diagnostyka i leczenie nowotworu - Centrum Wiedzy ALAB laboratoria","og_description":"Rak prze\u0142yku to jeden z najbardziej agresywnych nowotwor\u00f3w przewodu pokarmowego. Dowiedz si\u0119 wi\u0119cej na temat tej choroby.","og_url":"https:\/\/www.alab.pl\/centrum-wiedzy\/objawy-raka-przelyku-przyczyny-diagnostyka-i-leczenie-nowotworu\/","og_site_name":"Centrum Wiedzy ALAB laboratoria","article_publisher":"https:\/\/www.facebook.com\/ALABlaboratoria","article_published_time":"2025-01-24T10:39:35+00:00","article_modified_time":"2025-01-24T10:39:36+00:00","og_image":[{"width":1670,"height":1113,"url":"https:\/\/www.alab.pl\/centrum-wiedzy\/wp-content\/uploads\/2025\/01\/rak_przelyku.jpg","type":"image\/jpeg"}],"author":"Angelika Janowicz","twitter_card":"summary_large_image","twitter_misc":{"Napisane przez":"Angelika Janowicz","Szacowany czas czytania":"7 minut","Written by":"Angelika Janowicz"},"schema":{"@context":"https:\/\/schema.org","@graph":[{"@type":"Article","@id":"https:\/\/www.alab.pl\/centrum-wiedzy\/objawy-raka-przelyku-przyczyny-diagnostyka-i-leczenie-nowotworu\/#article","isPartOf":{"@id":"https:\/\/www.alab.pl\/centrum-wiedzy\/objawy-raka-przelyku-przyczyny-diagnostyka-i-leczenie-nowotworu\/"},"author":{"name":"Angelika Janowicz","@id":"https:\/\/www.alab.pl\/centrum-wiedzy\/#\/schema\/person\/f714a3843f15f9646db0448b28a900e1"},"headline":"Objawy raka prze\u0142yku. Przyczyny, diagnostyka i leczenie nowotworu","datePublished":"2025-01-24T10:39:35+00:00","dateModified":"2025-01-24T10:39:36+00:00","mainEntityOfPage":{"@id":"https:\/\/www.alab.pl\/centrum-wiedzy\/objawy-raka-przelyku-przyczyny-diagnostyka-i-leczenie-nowotworu\/"},"wordCount":1225,"publisher":{"@id":"https:\/\/www.alab.pl\/centrum-wiedzy\/#organization"},"image":{"@id":"https:\/\/www.alab.pl\/centrum-wiedzy\/objawy-raka-przelyku-przyczyny-diagnostyka-i-leczenie-nowotworu\/#primaryimage"},"thumbnailUrl":"https:\/\/www.alab.pl\/centrum-wiedzy\/wp-content\/uploads\/2025\/01\/rak_przelyku.jpg","articleSection":["Choroby nowotworowe"],"inLanguage":"pl-PL"},{"@type":"WebPage","@id":"https:\/\/www.alab.pl\/centrum-wiedzy\/objawy-raka-przelyku-przyczyny-diagnostyka-i-leczenie-nowotworu\/","url":"https:\/\/www.alab.pl\/centrum-wiedzy\/objawy-raka-przelyku-przyczyny-diagnostyka-i-leczenie-nowotworu\/","name":"Objawy raka prze\u0142yku. Przyczyny, diagnostyka i leczenie nowotworu - Centrum Wiedzy ALAB laboratoria","isPartOf":{"@id":"https:\/\/www.alab.pl\/centrum-wiedzy\/#website"},"primaryImageOfPage":{"@id":"https:\/\/www.alab.pl\/centrum-wiedzy\/objawy-raka-przelyku-przyczyny-diagnostyka-i-leczenie-nowotworu\/#primaryimage"},"image":{"@id":"https:\/\/www.alab.pl\/centrum-wiedzy\/objawy-raka-przelyku-przyczyny-diagnostyka-i-leczenie-nowotworu\/#primaryimage"},"thumbnailUrl":"https:\/\/www.alab.pl\/centrum-wiedzy\/wp-content\/uploads\/2025\/01\/rak_przelyku.jpg","datePublished":"2025-01-24T10:39:35+00:00","dateModified":"2025-01-24T10:39:36+00:00","description":"Rak prze\u0142yku to jeden z najbardziej agresywnych nowotwor\u00f3w przewodu pokarmowego. Dowiedz si\u0119 wi\u0119cej na temat tej choroby.","breadcrumb":{"@id":"https:\/\/www.alab.pl\/centrum-wiedzy\/objawy-raka-przelyku-przyczyny-diagnostyka-i-leczenie-nowotworu\/#breadcrumb"},"inLanguage":"pl-PL","potentialAction":[{"@type":"ReadAction","target":["https:\/\/www.alab.pl\/centrum-wiedzy\/objawy-raka-przelyku-przyczyny-diagnostyka-i-leczenie-nowotworu\/"]}]},{"@type":"ImageObject","inLanguage":"pl-PL","@id":"https:\/\/www.alab.pl\/centrum-wiedzy\/objawy-raka-przelyku-przyczyny-diagnostyka-i-leczenie-nowotworu\/#primaryimage","url":"https:\/\/www.alab.pl\/centrum-wiedzy\/wp-content\/uploads\/2025\/01\/rak_przelyku.jpg","contentUrl":"https:\/\/www.alab.pl\/centrum-wiedzy\/wp-content\/uploads\/2025\/01\/rak_przelyku.jpg","width":1670,"height":1113,"caption":"rak prze\u0142yku"},{"@type":"BreadcrumbList","@id":"https:\/\/www.alab.pl\/centrum-wiedzy\/objawy-raka-przelyku-przyczyny-diagnostyka-i-leczenie-nowotworu\/#breadcrumb","itemListElement":[{"@type":"ListItem","position":1,"name":"Strona g\u0142\u00f3wna","item":"https:\/\/www.alab.pl\/centrum-wiedzy\/"},{"@type":"ListItem","position":2,"name":"Objawy raka prze\u0142yku. Przyczyny, diagnostyka i leczenie nowotworu"}]},{"@type":"WebSite","@id":"https:\/\/www.alab.pl\/centrum-wiedzy\/#website","url":"https:\/\/www.alab.pl\/centrum-wiedzy\/","name":"Centrum Wiedzy ALAB laboratoria","description":"","publisher":{"@id":"https:\/\/www.alab.pl\/centrum-wiedzy\/#organization"},"potentialAction":[{"@type":"SearchAction","target":{"@type":"EntryPoint","urlTemplate":"https:\/\/www.alab.pl\/centrum-wiedzy\/?s={search_term_string}"},"query-input":{"@type":"PropertyValueSpecification","valueRequired":true,"valueName":"search_term_string"}}],"inLanguage":"pl-PL"},{"@type":"Organization","@id":"https:\/\/www.alab.pl\/centrum-wiedzy\/#organization","name":"Centrum Wiedzy ALAB laboratoria","url":"https:\/\/www.alab.pl\/centrum-wiedzy\/","logo":{"@type":"ImageObject","inLanguage":"pl-PL","@id":"https:\/\/www.alab.pl\/centrum-wiedzy\/#\/schema\/logo\/image\/","url":"https:\/\/www.alab.pl\/centrum-wiedzy\/wp-content\/uploads\/2022\/04\/alabek.jpg","contentUrl":"https:\/\/www.alab.pl\/centrum-wiedzy\/wp-content\/uploads\/2022\/04\/alabek.jpg","width":1250,"height":1251,"caption":"Centrum Wiedzy ALAB laboratoria"},"image":{"@id":"https:\/\/www.alab.pl\/centrum-wiedzy\/#\/schema\/logo\/image\/"},"sameAs":["https:\/\/www.facebook.com\/ALABlaboratoria"]},{"@type":"Person","@id":"https:\/\/www.alab.pl\/centrum-wiedzy\/#\/schema\/person\/f714a3843f15f9646db0448b28a900e1","name":"Angelika Janowicz","image":{"@type":"ImageObject","inLanguage":"pl-PL","@id":"https:\/\/www.alab.pl\/centrum-wiedzy\/wp-content\/uploads\/2024\/05\/Janowicz-Angelika-150x150.png9339cd1d56dcba9ded72b55067841306","url":"https:\/\/www.alab.pl\/centrum-wiedzy\/wp-content\/uploads\/2024\/05\/Janowicz-Angelika-150x150.png","contentUrl":"https:\/\/www.alab.pl\/centrum-wiedzy\/wp-content\/uploads\/2024\/05\/Janowicz-Angelika-150x150.png","caption":"Angelika Janowicz"},"description":"Z wykszta\u0142cenia piel\u0119gniarka, absolwentka Uniwersytetu Medycznego im. Piast\u00f3w \u015al\u0105skich we Wroc\u0142awiu. Do\u015bwiadczenie zawodowe zdobywa\u0142a w gabinecie zabiegowym, a tak\u017ce w poradni laryngologicznej, pediatrycznej i kardiologicznej. Interesuje si\u0119 psychodietetyk\u0105 i \u017cywieniem cz\u0142owieka w chorobach metabolicznych \u2013 w szczeg\u00f3lno\u015bci zastosowaniem diet niskow\u0119glowodanowych w insulinooporno\u015bci.","url":"https:\/\/www.alab.pl\/centrum-wiedzy\/author\/angelika-janowicz\/"}]}},"_links":{"self":[{"href":"https:\/\/www.alab.pl\/centrum-wiedzy\/wp-json\/wp\/v2\/posts\/20796","targetHints":{"allow":["GET"]}}],"collection":[{"href":"https:\/\/www.alab.pl\/centrum-wiedzy\/wp-json\/wp\/v2\/posts"}],"about":[{"href":"https:\/\/www.alab.pl\/centrum-wiedzy\/wp-json\/wp\/v2\/types\/post"}],"author":[{"embeddable":true,"href":"https:\/\/www.alab.pl\/centrum-wiedzy\/wp-json\/wp\/v2\/users\/100"}],"replies":[{"embeddable":true,"href":"https:\/\/www.alab.pl\/centrum-wiedzy\/wp-json\/wp\/v2\/comments?post=20796"}],"version-history":[{"count":2,"href":"https:\/\/www.alab.pl\/centrum-wiedzy\/wp-json\/wp\/v2\/posts\/20796\/revisions"}],"predecessor-version":[{"id":20799,"href":"https:\/\/www.alab.pl\/centrum-wiedzy\/wp-json\/wp\/v2\/posts\/20796\/revisions\/20799"}],"wp:featuredmedia":[{"embeddable":true,"href":"https:\/\/www.alab.pl\/centrum-wiedzy\/wp-json\/wp\/v2\/media\/20798"}],"wp:attachment":[{"href":"https:\/\/www.alab.pl\/centrum-wiedzy\/wp-json\/wp\/v2\/media?parent=20796"}],"wp:term":[{"taxonomy":"category","embeddable":true,"href":"https:\/\/www.alab.pl\/centrum-wiedzy\/wp-json\/wp\/v2\/categories?post=20796"},{"taxonomy":"post_tag","embeddable":true,"href":"https:\/\/www.alab.pl\/centrum-wiedzy\/wp-json\/wp\/v2\/tags?post=20796"},{"taxonomy":"author","embeddable":true,"href":"https:\/\/www.alab.pl\/centrum-wiedzy\/wp-json\/wp\/v2\/coauthors?post=20796"}],"curies":[{"name":"wp","href":"https:\/\/api.w.org\/{rel}","templated":true}]}}