{"id":20981,"date":"2025-02-03T10:02:23","date_gmt":"2025-02-03T09:02:23","guid":{"rendered":"https:\/\/www.alab.pl\/centrum-wiedzy\/?p=20981"},"modified":"2025-02-24T09:04:46","modified_gmt":"2025-02-24T08:04:46","slug":"niedozywienie-objawy-i-skutki-jakie-badania-laboratoryjne-nalezy-wykonac","status":"publish","type":"post","link":"https:\/\/www.alab.pl\/centrum-wiedzy\/niedozywienie-objawy-i-skutki-jakie-badania-laboratoryjne-nalezy-wykonac\/","title":{"rendered":"Niedo\u017cywienie: objawy i skutki. Jakie badania laboratoryjne nale\u017cy wykona\u0107?\u00a0"},"content":{"rendered":"\n<p><strong>W dzisiejszych czasach du\u017co pisze si\u0119 o oty\u0142o\u015bci, kt\u00f3ra jest wielkim problemem zdrowotnym wsp\u00f3\u0142czesnego cz\u0142owieka, stan kt\u00f3ry obecnie uznawany jest za jednostk\u0119 chorobow\u0105. Na przeciwnym biegunie oty\u0142o\u015bci jest niedo\u017cywienie, stan r\u00f3wnie\u017c uj\u0119ty w klasyfikacji ICD-10 i uznawany za chorob\u0119.<\/strong><\/p>\n\n\n\n<p><strong>Czym jest niedo\u017cywienie, jakie s\u0105 jego przyczyny, jak si\u0119 je rozpoznaje, jakie badania s\u0105 pomocne w diagnostyce niedo\u017cywienia, jakie s\u0105 objawy niedo\u017cywienia i jakie mog\u0105 by\u0107 jego konsekwencje? O tym wszystkim jest artyku\u0142.<\/strong><\/p>\n\n\n\n<p>Spis tre\u015bci:<\/p>\n\n\n\n<ol class=\"wp-block-list\">\n<li><a href=\"#Co-to-jest-niedo\u017cywienie?\">Co to jest niedo\u017cywienie?<\/a><\/li>\n\n\n\n<li><a href=\"#Objawy-niedo\u017cywienia\">Objawy niedo\u017cywienia<\/a><\/li>\n\n\n\n<li><a href=\"#Przyczyny-niedo\u017cywienia\">Przyczyny niedo\u017cywienia<\/a><\/li>\n\n\n\n<li><a href=\"#Diagnostyka-niedo\u017cywienia\">Diagnostyka niedo\u017cywienia<\/a><\/li>\n\n\n\n<li><a href=\"#Niedo\u017cywienie-\u2013-badania-laboratoryjne\">Niedo\u017cywienie \u2013 badania laboratoryjne<\/a><\/li>\n\n\n\n<li><a href=\"#Leczenie-niedo\u017cywienia\">Leczenie niedo\u017cywienia<\/a><\/li>\n\n\n\n<li><a href=\"#Niedo\u017cywienie-\u2013-podsumowanie\">Niedo\u017cywienie \u2013 podsumowanie<\/a><\/li>\n<\/ol>\n\n\n\n<h2 class=\"wp-block-heading\" id=\"Co-to-jest-niedo\u017cywienie?\">Co to jest niedo\u017cywienie?<\/h2>\n\n\n\n<p>Niedo\u017cywienie jest odr\u0119bn\u0105 jednostk\u0105 chorobow\u0105, uj\u0119t\u0105 w klasyfikacji ICD-10 jak jedno z zaburze\u0144 wydzielania wewn\u0119trznego, stanu od\u017cywienia i przemian metabolicznych \u2013 E40-E46.<\/p>\n\n\n\n<p>Niedo\u017cywienie jest nast\u0119pstwem niewystarczaj\u0105cej poda\u017cy energii i sk\u0142adnik\u00f3w od\u017cywczych.<\/p>\n\n\n\n<p>W przypadku tego stanu chorobowego mo\u017cemy wyr\u00f3\u017cni\u0107 m.in.<\/p>\n\n\n\n<ul class=\"wp-block-list\">\n<li>niedo\u017cywienie typu kwashiorkor,<\/li>\n\n\n\n<li>wyniszczenie z niedo\u017cywienia \u2013 marasmus,<\/li>\n\n\n\n<li>wyniszczenie bia\u0142kowo-energetyczne \u2013 malnutritio.<\/li>\n<\/ul>\n\n\n\n<p>Osobn\u0105 jednostk\u0105 chorobow\u0105 jest zesp\u00f3\u0142 <a href=\"https:\/\/www.alab.pl\/centrum-wiedzy\/kacheksja-nowotworowa-wyniszczenie-nowotworowe-czym-jest-ile-trwa-i-jakie-daje-objawy\/\">kacheksja\/anoreksja nowotworowa<\/a> (w ICD10 kod R41).<\/p>\n\n\n\n<h2 class=\"wp-block-heading\" id=\"Objawy-niedo\u017cywienia\">Objawy niedo\u017cywienia<\/h2>\n\n\n\n<p>W nast\u0119pstwie niedo\u017cywienia rozwijaj\u0105 si\u0119 takie objawy, jak:<\/p>\n\n\n\n<ul class=\"wp-block-list\">\n<li>zmniejszenie masy cia\u0142a,<\/li>\n\n\n\n<li>os\u0142abienie mi\u0119\u015bni,<\/li>\n\n\n\n<li>upo\u015bledzenie odporno\u015bci, wzrost cz\u0119stotliwo\u015bci <a href=\"https:\/\/www.alab.pl\/centrum-wiedzy\/infekcja\/\">infekcji<\/a>,<\/li>\n\n\n\n<li>sucha i blada sk\u00f3ra, wypadaj\u0105ce w\u0142osy, zaburzenia gojenia si\u0119 ran,<\/li>\n\n\n\n<li>obni\u017cona temperatura cia\u0142a,<\/li>\n\n\n\n<li>obrz\u0119ki \u2013 w niedo\u017cywieniu typu kwashiorkor.<\/li>\n<\/ul>\n\n\n\n<p>Efektem niedo\u017cywienia s\u0105 r\u00f3wnie\u017c <strong>zaburzenia funkcjonowania<\/strong>:<\/p>\n\n\n\n<ul class=\"wp-block-list\">\n<li>uk\u0142adu trawienia \u2013 os\u0142abienie perystaltyki jelit, zaburzenia trawienia i wch\u0142aniania<\/li>\n\n\n\n<li>uk\u0142adu sercowo-naczyniowego \u2013 <a href=\"https:\/\/www.alab.pl\/centrum-wiedzy\/co-to-jest-bradykardia-objawy-przyczyny-diagnostyka-i-leczenie\/\">bradykardia<\/a> (zmniejszenie cz\u0119stotliwo\u015bci akcji serca), s\u0142absza kurczliwo\u015b\u0107 mi\u0119\u015bnia sercowego,<\/li>\n\n\n\n<li><a href=\"https:\/\/www.alab.pl\/centrum-wiedzy\/budowa-funkcje-i-najczestsze-choroby-ukladu-oddechowego-czlowieka\/\">uk\u0142adu oddechowego<\/a> \u2013 os\u0142abienie i zanik mi\u0119\u015bni oddechowych pogarszaj\u0105 warunki wentylacji w p\u0142ucach, w wyniki czego pojawia si\u0119 hipoksja \u2013 niedotlenienie organizmu i stany zapalne p\u0142uc,<\/li>\n\n\n\n<li>uk\u0142adu kostnego \u2013 <a href=\"https:\/\/www.alab.pl\/centrum-wiedzy\/osteoporoza-cicha-choroba-kosci\/\">osteoporoza<\/a>.<\/li>\n<\/ul>\n\n\n\n<p>U os\u00f3b z zespo\u0142em kacheksja\/anoreksja nowotworowa jednym z pierwszych objaw\u00f3w jest jad\u0142owstr\u0119t o r\u00f3\u017cnym stopniu nasilenia. Mog\u0105 to by\u0107 zaburzenia smaku i powonienia, uczucie szybkiego nasycania si\u0119 po jedzeniu, md\u0142o\u015bci. U pacjent\u00f3w z tym zespo\u0142em obserwuje si\u0119 r\u00f3wnie\u017c asteni\u0119 \u2013 przewlek\u0142e zm\u0119czenie.<\/p>\n\n\n\n<p><strong>&gt;&gt; Przeczytaj te\u017c: <a href=\"https:\/\/www.alab.pl\/centrum-wiedzy\/ciagle-zmeczenie-problem-xxi-wieku-czy-to-moze-byc-objaw-choroby\/\">Ci\u0105g\u0142e zm\u0119czenie \u2013 problem XXI wieku. Czy to mo\u017ce by\u0107 objaw choroby?<\/a><\/strong><\/p>\n\n\n\n<h2 class=\"wp-block-heading\" id=\"Przyczyny-niedo\u017cywienia\">Przyczyny niedo\u017cywienia<\/h2>\n\n\n\n<p>Przyczyn\u0105 niedo\u017cywienia s\u0105 niedobory pokarmowe (bia\u0142ka i sk\u0142adnik\u00f3w od\u017cywczych w diecie). Mog\u0105 by\u0107 nast\u0119pstwem:<\/p>\n\n\n\n<ul class=\"wp-block-list\">\n<li>d\u0142ugotrwa\u0142ego g\u0142odzenia,<\/li>\n\n\n\n<li>uraz\u00f3w,<\/li>\n\n\n\n<li>operacji,<\/li>\n\n\n\n<li>\u017cywienia pozajelitowego,<\/li>\n\n\n\n<li>zespo\u0142\u00f3w z\u0142ego wch\u0142aniania,<\/li>\n\n\n\n<li>przewlek\u0142ych <a href=\"https:\/\/www.alab.pl\/centrum-wiedzy\/choroby-zakazne-w-polsce-podsumowanie-2023-roku\/\">chor\u00f3b zaka\u017anych<\/a>,<\/li>\n\n\n\n<li><a href=\"https:\/\/www.alab.pl\/centrum-wiedzy\/najczestsze-nowotwory-u-kobiet-i-mezczyzn\/\">chor\u00f3b nowotworowych<\/a>.<\/li>\n<\/ul>\n\n\n\n<p>Niedo\u017cywienie jest powa\u017cnym problemem u pacjent\u00f3w szpitalnych. Badania wskazuj\u0105, i\u017c oko\u0142o 35-55% os\u00f3b przyjmowanych do szpitala jest niedo\u017cywionych, a 20% cierpi na ci\u0119\u017ckie niedo\u017cywienie, wymagaj\u0105ce natychmiastowego leczenia.<\/p>\n\n\n\n<p>Z kolei u pacjent\u00f3w z <strong>chorob\u0105 nowotworow\u0105<\/strong> niedo\u017cywienie wyst\u0119puje u ponad <strong>75%<\/strong> os\u00f3b.<\/p>\n\n\n\n<h2 class=\"wp-block-heading\" id=\"Diagnostyka-niedo\u017cywienia\">Diagnostyka niedo\u017cywienia<\/h2>\n\n\n\n<p>Jak napisano wy\u017cej, niedo\u017cywienie jest bardzo powa\u017cnym problemem pacjent\u00f3w hospitalizowanych, dlatego przy przyjmowaniu do szpitala obowi\u0105zuje <strong>badanie przesiewowe<\/strong>, kt\u00f3re ma wykry\u0107 osoby zagro\u017cone tym stanem. Ocena stanu od\u017cywienia dokonywana jest przy pomocy specjalnie do tego celu opracowanych skal (np. <em>Nutritional Risk Screening 2002 \u2013 NRS 2020 lub Subjective Global Assessment \u2013 SGA<\/em>).<\/p>\n\n\n\n<p>Je\u015bli badanie przesiewowe wyka\u017ce, i\u017c pacjent jest w grupie ryzyka niedo\u017cywienia, przeprowadza si\u0119 pog\u0142\u0119bion\u0105 ocen\u0119 stanu od\u017cywienia, kt\u00f3ra polega na przeprowadzeniu wywiadu \u017cywieniowego, bada\u0144 antropometrycznych i bada\u0144 laboratoryjnych.<\/p>\n\n\n\n<ul class=\"wp-block-list\">\n<li><strong>Wywiad \u017cywieniowy<\/strong> dotyczy zmian w cz\u0119stotliwo\u015bci i ilo\u015bci spo\u017cywanych posi\u0142k\u00f3w, nawyk\u00f3w dietetycznych, wyst\u0119powania alergii i nietolerancji pokarmowych, dolegliwo\u015bci ze strony przewodu pokarmowego oraz przyjmowanych lek\u00f3w \u2013 niekt\u00f3re farmaceutyki wp\u0142ywaj\u0105 na apetyt. Wywiad obejmuje r\u00f3wnie\u017c sytuacj\u0119 spo\u0142eczn\u0105 badanej osoby \u2013 z\u0142e warunki socjalne mog\u0105 sprzyja\u0107 niedo\u017cywieniu oraz pytanie o utrat\u0119 masy cia\u0142a.<\/li>\n<\/ul>\n\n\n\n<ul class=\"wp-block-list\">\n<li><strong>Badania antropometryczne<\/strong> to przede wszystkim ocena BMI. Ponadto wykorzystuje si\u0119 pomiar grubo\u015bci fa\u0142du sk\u00f3rnego nad mi\u0119\u015bniem tr\u00f3jg\u0142owym ramienia niedominuj\u0105cego. Grubo\u015b\u0107 tego fa\u0142du odzwierciedla zasoby t\u0142uszczu w ustroju \u2013 ponad po\u0142owa t\u0142uszczu zgromadzona jest w tkance podsk\u00f3rnej, zmniejszenie jej grubo\u015bci odpowiada obni\u017ceniu ilo\u015bci t\u0142uszczu i rezerwy energetycznej. Norma dla m\u0119\u017cczyzn wynosi 12,6-11,3 mm, dla kobiet 16,5-14,9 mm.<\/li>\n<\/ul>\n\n\n\n<p><strong>U os\u00f3b doros\u0142ych<\/strong> niedo\u017cywienie mo\u017cna rozpozna\u0107, je\u015bli spe\u0142nione jest przynajmniej jedno z poni\u017cszych kryteri\u00f3w:<\/p>\n\n\n\n<ol class=\"wp-block-list\">\n<li>BMI &lt; 18,5 kg\/m\u00b2 (ryzykiem niedo\u017cywienia obarczony jest pacjent z BMI &lt; 20,5 kg\/m\u00b2)<\/li>\n\n\n\n<li>Niezamierzona utrata masy cia\u0142a &gt; 10% (niezale\u017cnie od czasu) lub &gt;5% w ci\u0105gu trzech miesi\u0119cy je\u015bli BMI &lt; 20 kg\/m\u00b2 u pacjenta m\u0142odszego ni\u017c 70 lat lub BMI &lt; 22 kg\/m\u00b2 u os\u00f3b powy\u017cej 70 r.\u017c.<\/li>\n\n\n\n<li>Niezamierzona utrata masy cia\u0142a &gt; 10% (niezale\u017cnie od czasu) lub &gt;5% w ci\u0105gu trzech miesi\u0119cy je\u015bli bezt\u0142uszczowa masa cia\u0142a &lt;15 kg\/m\u00b2 u kobiet i &lt;17 kg\/m\u00b2 u m\u0119\u017cczyzn.<\/li>\n<\/ol>\n\n\n\n<figure class=\"wp-block-image size-full\"><a href=\"https:\/\/www.alab.pl\/badanie\/prealbumina-n47\"><img loading=\"lazy\" decoding=\"async\" width=\"800\" height=\"200\" src=\"https:\/\/www.alab.pl\/centrum-wiedzy\/wp-content\/uploads\/2025\/01\/Badanie_prealbuminyjpg.jpg\" alt=\"Badanie_prealbuminyjpg\" class=\"wp-image-20766\" srcset=\"https:\/\/www.alab.pl\/centrum-wiedzy\/wp-content\/uploads\/2025\/01\/Badanie_prealbuminyjpg.jpg 800w, https:\/\/www.alab.pl\/centrum-wiedzy\/wp-content\/uploads\/2025\/01\/Badanie_prealbuminyjpg-768x192.jpg 768w, https:\/\/www.alab.pl\/centrum-wiedzy\/wp-content\/uploads\/2025\/01\/Badanie_prealbuminyjpg-150x38.jpg 150w, https:\/\/www.alab.pl\/centrum-wiedzy\/wp-content\/uploads\/2025\/01\/Badanie_prealbuminyjpg-300x75.jpg 300w, https:\/\/www.alab.pl\/centrum-wiedzy\/wp-content\/uploads\/2025\/01\/Badanie_prealbuminyjpg-696x174.jpg 696w\" sizes=\"auto, (max-width: 800px) 100vw, 800px\" \/><\/a><\/figure>\n\n\n\n<h2 class=\"wp-block-heading\" id=\"Niedo\u017cywienie-\u2013-badania-laboratoryjne\">Niedo\u017cywienie \u2013 badania laboratoryjne<\/h2>\n\n\n\n<p>Laboratoryjne markery niedo\u017cywienia to markery bia\u0142kowe oraz liczba <a href=\"https:\/\/www.alab.pl\/centrum-wiedzy\/leukocyty-w-moczu-co-oznaczaja-jakie-sa-normy-i-wskazania-do-badania\/\">leukocyt\u00f3w<\/a>.<\/p>\n\n\n\n<p>Bia\u0142kowe markery niedo\u017cywienia to:<\/p>\n\n\n\n<ul class=\"wp-block-list\">\n<li><a href=\"https:\/\/www.alab.pl\/centrum-wiedzy\/co-to-sa-albuminy-i-w-jakim-celu-bada-sie-ich-poziom\/\">Albumina<\/a> \u2013 niestety ograniczeniem tego wska\u017anika jest d\u0142ugi okres p\u00f3\u0142trwania, wynosz\u0105cy 20 dni, co oznacza, i\u017c zmiany jej st\u0119\u017cenia we krwi nie odzwierciedlaj\u0105 aktualnego statusu \u017cywieniowego, kt\u00f3ry mo\u017ce zmienia\u0107 si\u0119 dosy\u0107 szybko. Niezale\u017cnie od tego uznaje si\u0119, i\u017c st\u0119\u017cenie albuminy ni\u017csze ni\u017c 3,5 g\/dl \u015bwiadczy o niedo\u017cywieniu, ni\u017csze ni\u017c 2,1 g\/dl wskazuje na ci\u0119\u017ckie niedo\u017cywienie.<\/li>\n\n\n\n<li>Transferyna \u2013 jej okres p\u00f3\u0142trwania wynosi ok. 10 dni, dlatego lepiej obrazuje aktualny status \u017cywieniowy ni\u017c albumina. Jednak ograniczeniem transferyny w tym przypadku jest fakt, i\u017c na jej st\u0119\u017cenie wp\u0142ywa r\u00f3wnie\u017c <a href=\"https:\/\/www.alab.pl\/centrum-wiedzy\/niedobor-zelaza-w-organizmie\/\">niedob\u00f3r \u017celaza<\/a> \u2013 jest to bia\u0142ko transportuj\u0105ce \u017celazo w osoczu krwi &#8211; i inne czynniki zwi\u0105zane z \u017cywieniem.<\/li>\n\n\n\n<li>Prealbumina (transtyretyna) \u2013 jest czulszym markerem niedo\u017cywienia, poniewa\u017c \u2013 dzi\u0119ki zawarto\u015bci du\u017cego odsetka <a href=\"https:\/\/www.alab.pl\/centrum-wiedzy\/aminokwasy-czym-sa-rodzaje-rola-w-organizmie-i-zrodla\/\">aminokwas\u00f3w<\/a> egzogennych \u2013 jej okres p\u00f3\u0142trwania wynosi 2 dni. Dlatego st\u0119\u017cenie tego parametru dobrze odzwierciedla stopie\u0144 od\u017cywienia oraz koreluje z rokowaniem. Wzrost poziomu prealbuminy obserwuje si\u0119 u pacjent\u00f3w z niedo\u017cywieniem po zaspokojeniu 65% potrzeb bia\u0142kowo-energetycznych i widoczny jest po oko\u0142o tygodniu.<\/li>\n<\/ul>\n\n\n\n<figure class=\"wp-block-image size-full\"><a href=\"https:\/\/www.alab.pl\/badanie\/albumina-w-surowicy-i09\"><img loading=\"lazy\" decoding=\"async\" width=\"800\" height=\"200\" src=\"https:\/\/www.alab.pl\/centrum-wiedzy\/wp-content\/uploads\/2023\/07\/Badanie-albuminy-we-krwi-jpg.webp\" alt=\"Badanie albuminy we krwi\" class=\"wp-image-7782\" srcset=\"https:\/\/www.alab.pl\/centrum-wiedzy\/wp-content\/uploads\/2023\/07\/Badanie-albuminy-we-krwi-jpg.webp 800w, https:\/\/www.alab.pl\/centrum-wiedzy\/wp-content\/uploads\/2023\/07\/Badanie-albuminy-we-krwi-jpg-768x192.webp 768w, https:\/\/www.alab.pl\/centrum-wiedzy\/wp-content\/uploads\/2023\/07\/Badanie-albuminy-we-krwi-jpg-150x38.webp 150w, https:\/\/www.alab.pl\/centrum-wiedzy\/wp-content\/uploads\/2023\/07\/Badanie-albuminy-we-krwi-jpg-300x75.webp 300w, https:\/\/www.alab.pl\/centrum-wiedzy\/wp-content\/uploads\/2023\/07\/Badanie-albuminy-we-krwi-jpg-696x174.webp 696w\" sizes=\"auto, (max-width: 800px) 100vw, 800px\" \/><\/a><\/figure>\n\n\n\n<p><\/p>\n\n\n<div class=\"wp-block-image\">\n<figure class=\"aligncenter size-full is-resized\"><img loading=\"lazy\" decoding=\"async\" width=\"890\" height=\"478\" src=\"https:\/\/www.alab.pl\/centrum-wiedzy\/wp-content\/uploads\/2025\/02\/Niedozywienie_infograf_1-1.jpg\" alt=\"prealbumina jako marker ryzyka zwi\u0105zanego z niedo\u017cywieniem tabela\" class=\"wp-image-21050\" style=\"width:840px;height:auto\" srcset=\"https:\/\/www.alab.pl\/centrum-wiedzy\/wp-content\/uploads\/2025\/02\/Niedozywienie_infograf_1-1.jpg 890w, https:\/\/www.alab.pl\/centrum-wiedzy\/wp-content\/uploads\/2025\/02\/Niedozywienie_infograf_1-1-768x412.jpg 768w, https:\/\/www.alab.pl\/centrum-wiedzy\/wp-content\/uploads\/2025\/02\/Niedozywienie_infograf_1-1-150x81.jpg 150w, https:\/\/www.alab.pl\/centrum-wiedzy\/wp-content\/uploads\/2025\/02\/Niedozywienie_infograf_1-1-300x161.jpg 300w, https:\/\/www.alab.pl\/centrum-wiedzy\/wp-content\/uploads\/2025\/02\/Niedozywienie_infograf_1-1-696x374.jpg 696w\" sizes=\"auto, (max-width: 890px) 100vw, 890px\" \/><figcaption class=\"wp-element-caption\">Prealbumina jako marker ryzyka zwi\u0105zanego z niedo\u017cywieniem<\/figcaption><\/figure><\/div>\n\n\n<p>Liczba leukocyt\u00f3w<\/p>\n\n\n\n<p>W stanie niedo\u017cywienia obni\u017cona jest odporno\u015b\u0107, dlatego liczba limfocyt\u00f3w jest markerem statusu immunologicznego.<\/p>\n\n\n\n<p>Ca\u0142kowita liczba limfocyt\u00f3w w zale\u017cno\u015bci od stanu niedo\u017cywienia \u2013 interpretacja.<\/p>\n\n\n\n<figure class=\"wp-block-table\"><table class=\"has-fixed-layout\"><tbody><tr><td>Stan od\u017cywienia<\/td><td>CA\u0141KOWITA LICZBA LIMFOCYT\u00d3W&nbsp; w 1 mm3 krwi &nbsp;<\/td><\/tr><tr><td>Prawid\u0142owy<\/td><td>&gt; 1500 &nbsp;<\/td><\/tr><tr><td>Niedo\u017cywienie lekkie<\/td><td>1200\u20131499 &nbsp;<\/td><\/tr><tr><td>Niedo\u017cywienie umiarkowane<\/td><td>800\u20131199 &nbsp;<\/td><\/tr><tr><td>Niedo\u017cywienie ci\u0119\u017ckie<\/td><td>&lt; 800 &nbsp;<\/td><\/tr><\/tbody><\/table><\/figure>\n\n\n\n<p><strong>&gt;&gt; Przeczytaj te\u017c: <a href=\"https:\/\/www.alab.pl\/centrum-wiedzy\/jak-wzmocnic-uklad-immunologiczny\/\">Jak wzmocni\u0107 uk\u0142ad immunologiczny u doros\u0142ych i dzieci?<\/a><\/strong><\/p>\n\n\n\n<h2 class=\"wp-block-heading\" id=\"Leczenie-niedo\u017cywienia\">Leczenie niedo\u017cywienia<\/h2>\n\n\n\n<p>Leczenie niedo\u017cywienia jest terapi\u0105 \u0142\u0105cz\u0105c\u0105 wiele czynnik\u00f3w. Jego najwa\u017cniejszym elementem jest zapewnienie prawid\u0142owej <strong>poda\u017cy sk\u0142adnik\u00f3w od\u017cywczych<\/strong>. Leczenie \u017cywieniowe prowadzone jest w zale\u017cno\u015bci od stanu chorego i mo\u017ce obejmowa\u0107:<\/p>\n\n\n\n<ul class=\"wp-block-list\">\n<li>diet\u0119 doustn\u0105 (z poradnictwem dietetycznym i ewentualn\u0105 suplementacj\u0105),<\/li>\n\n\n\n<li>\u017cywienie sztuczne \u2013 dojelitowe lub pozajelitowe.<\/li>\n<\/ul>\n\n\n\n<p>Dieta doustna \u2013 je\u015bli pacjent mo\u017ce j\u0105 otrzymywa\u0107 \u2013 oparta jest na zbilansowanych lekkostrawnych posi\u0142kach, o kaloryczno\u015bci ok. 25-30 kcal\/kg masy cia\u0142a.<\/p>\n\n\n\n<p>Cz\u0119\u015b\u0107 pacjent\u00f3w wymaga jednak ogranicze\u0144 w postaci <a href=\"https:\/\/www.alab.pl\/centrum-wiedzy\/dieta-bez-laktozy-co-jesc-przy-nietolerancji-a-czego-unikac-przykladowy-jadlospis\/\"><strong>diety bezlaktozowej<\/strong><\/a>, <strong>niskot\u0142uszczowej<\/strong>, lub <strong>ograniczenia poda\u017cy <\/strong><a href=\"https:\/\/www.alab.pl\/centrum-wiedzy\/jedz-blonnik-twoje-jelita-beda-ci-wdzieczne\/\"><strong>b\u0142onnika<\/strong><\/a>. Chorzy z biegunk\u0105 mog\u0105 odnie\u015b\u0107 korzy\u015bci z diety:<\/p>\n\n\n\n<ul class=\"wp-block-list\">\n<li>BRAT (ma\u0142o dojrza\u0142e banany, bia\u0142y ry\u017c, pieczone jab\u0142ka, pszenne tosty)<\/li>\n\n\n\n<li>FODMAP.<\/li>\n<\/ul>\n\n\n\n<p>Wskazania do konkretnej diety oraz jej prowadzenie musz\u0105 pozostawa\u0107 <strong>pod kontrol\u0105 dietetyka<\/strong>. Stosowanie niezbilansowanych diet (np. ketogenicznej, bezglutenowej) mo\u017ce pogorszy\u0107 stan od\u017cywienia pacjenta.<\/p>\n\n\n\n<p>U niekt\u00f3rych pacjent\u00f3w wymagana jest stymulacja apetytu.<\/p>\n\n\n\n<p>W zale\u017cno\u015bci od stanu pacjenta i przyczyny niedo\u017cywienia leczenie mo\u017ce by\u0107 uzupe\u0142nianie niezb\u0119dnymi elementami, kt\u00f3re s\u0105 cz\u0119\u015bci\u0105 indywidualnej terapii.<\/p>\n\n\n\n<p><strong>&gt;&gt; Przeczytaj te\u017c: <a href=\"https:\/\/www.alab.pl\/centrum-wiedzy\/brak-apetytu-brak-laknienia-czym-jest-polecane-zywienie\/\">Brak apetytu, brak \u0142aknienia \u2013 czym jest, polecane \u017cywienie<\/a><\/strong><\/p>\n\n\n\n<figure class=\"wp-block-image size-full\"><a href=\"https:\/\/www.alab.pl\/badanie\/transferyna-o43\"><img loading=\"lazy\" decoding=\"async\" width=\"800\" height=\"200\" src=\"https:\/\/www.alab.pl\/centrum-wiedzy\/wp-content\/uploads\/2024\/09\/Stopien-wysycenia-transferyny_-jpg.webp\" alt=\"Stopien\u0301 wysycenia transferyny\" class=\"wp-image-16676\" srcset=\"https:\/\/www.alab.pl\/centrum-wiedzy\/wp-content\/uploads\/2024\/09\/Stopien-wysycenia-transferyny_-jpg.webp 800w, https:\/\/www.alab.pl\/centrum-wiedzy\/wp-content\/uploads\/2024\/09\/Stopien-wysycenia-transferyny_-jpg-768x192.webp 768w, https:\/\/www.alab.pl\/centrum-wiedzy\/wp-content\/uploads\/2024\/09\/Stopien-wysycenia-transferyny_-jpg-150x38.webp 150w, https:\/\/www.alab.pl\/centrum-wiedzy\/wp-content\/uploads\/2024\/09\/Stopien-wysycenia-transferyny_-jpg-300x75.webp 300w, https:\/\/www.alab.pl\/centrum-wiedzy\/wp-content\/uploads\/2024\/09\/Stopien-wysycenia-transferyny_-jpg-696x174.webp 696w\" sizes=\"auto, (max-width: 800px) 100vw, 800px\" \/><\/a><\/figure>\n\n\n\n<h2 class=\"wp-block-heading\" id=\"Niedo\u017cywienie-\u2013-podsumowanie\">Niedo\u017cywienie \u2013 podsumowanie<\/h2>\n\n\n\n<p>Niedo\u017cywienie to stan cz\u0119sto spotykany, zw\u0142aszcza u pacjent\u00f3w szpitalnych. Niedo\u017cywienie niesie za sob\u0105 powa\u017cne konsekwencje w postaci wzrostu powik\u0142a\u0144, d\u0142u\u017cszego pobytu w szpitalu, d\u0142u\u017cszy okres rekonwalescencji i zwi\u0119kszon\u0105 \u015bmiertelno\u015b\u0107. Dlatego w przypadku tych pacjent\u00f3w wa\u017cne jest jak najwcze\u015bniejsze postawienie rozpoznania i odpowiednie ich leczenie.<\/p>\n\n\n\n<hr class=\"wp-block-separator has-alpha-channel-opacity\"\/>\n\n\n\n<p><strong>Bibliografia<\/strong><\/p>\n\n\n\n<ol class=\"wp-block-list\">\n<li>Ostrowska J., Jeznach-Steinhagen A.: Niedo\u017cywienie szpitalne. Metody oceny stanu od\u017cywienia. Forum Medycyny Rodzinnej 2017; 11(2): 54\u20136. (dost\u0119p 24.01.2025)<\/li>\n\n\n\n<li>K\u0142\u0119k S., Kapa\u0142a A.: Nutritional treatment. Oncol. Clin. Pract. 2018; 14. DOI: 10.5603\/OCP.2018.0028. (dost\u0119p 24.01.2025)<\/li>\n\n\n\n<li>Fizia K., G\u0119tek M., Czech N., Muc-Wierzgo\u0144 M., Nowakowska-Zajdel E., Metody oceny stanu od\u017cywienia u chorych na nowotwory, Piel\u0119gniarstwo Polskie 2013, 2 (48), 105\u2013110. (dost\u0119p 24.01.2025)<\/li>\n\n\n\n<li>Dembi\u0144ska-Kie\u0107 A, Naskalski J., Solnica B., Diagnostyka laboratoryjna z elementami biochemii klinicznej. Podr\u0119cznik dla student\u00f3w medycyny. wyd. IV, Wroc\u0142aw 2018, 119. (dost\u0119p 24.01.2025)<\/li>\n<\/ol>\n\n\n\n<p>5. https:\/\/mediately.co\/pl\/icd?chapterCode=E00-E90&amp;setCode=E40-E46&amp;classificationCode=E41#active. (dost\u0119p 24.01.2025)<\/p>\n\n\n\n<p><a id=\"_msocom_1\"><\/a><\/p>\n","protected":false},"excerpt":{"rendered":"<p>Sprawd\u017a, czym jest niedo\u017cywienie, jakie s\u0105 jego przyczyny, jak si\u0119 je rozpoznaje i jakie badania s\u0105 pomocne w diagnostyce niedo\u017cywienia.<\/p>\n","protected":false},"author":141,"featured_media":20768,"comment_status":"closed","ping_status":"closed","sticky":false,"template":"","format":"standard","meta":{"_acf_changed":false,"inline_featured_image":false,"footnotes":""},"categories":[17],"tags":[],"coauthors":[191],"class_list":{"0":"post-20981","1":"post","2":"type-post","3":"status-publish","4":"format-standard","5":"has-post-thumbnail","7":"category-dieta"},"acf":[],"yoast_head":"<!-- This site is optimized with the Yoast SEO plugin v27.4 - https:\/\/yoast.com\/product\/yoast-seo-wordpress\/ -->\n<title>Niedo\u017cywienie: objawy i skutki. Jakie badania laboratoryjne nale\u017cy wykona\u0107?\u00a0 - Centrum Wiedzy ALAB laboratoria<\/title>\n<meta name=\"description\" content=\"Sprawd\u017a, czym jest niedo\u017cywienie, jakie s\u0105 jego przyczyny, jak si\u0119 je rozpoznaje i jakie badania s\u0105 pomocne w diagnostyce niedo\u017cywienia.\" \/>\n<meta name=\"robots\" content=\"index, follow, max-snippet:-1, max-image-preview:large, max-video-preview:-1\" \/>\n<link rel=\"canonical\" href=\"https:\/\/www.alab.pl\/centrum-wiedzy\/niedozywienie-objawy-i-skutki-jakie-badania-laboratoryjne-nalezy-wykonac\/\" \/>\n<meta property=\"og:locale\" content=\"pl_PL\" \/>\n<meta property=\"og:type\" content=\"article\" \/>\n<meta property=\"og:title\" content=\"Niedo\u017cywienie: objawy i skutki. Jakie badania laboratoryjne nale\u017cy wykona\u0107?\u00a0 - Centrum Wiedzy ALAB laboratoria\" \/>\n<meta property=\"og:description\" content=\"Sprawd\u017a, czym jest niedo\u017cywienie, jakie s\u0105 jego przyczyny, jak si\u0119 je rozpoznaje i jakie badania s\u0105 pomocne w diagnostyce niedo\u017cywienia.\" \/>\n<meta property=\"og:url\" content=\"https:\/\/www.alab.pl\/centrum-wiedzy\/niedozywienie-objawy-i-skutki-jakie-badania-laboratoryjne-nalezy-wykonac\/\" \/>\n<meta property=\"og:site_name\" content=\"Centrum Wiedzy ALAB laboratoria\" \/>\n<meta property=\"article:publisher\" content=\"https:\/\/www.facebook.com\/ALABlaboratoria\" \/>\n<meta property=\"article:published_time\" content=\"2025-02-03T09:02:23+00:00\" \/>\n<meta property=\"article:modified_time\" content=\"2025-02-24T08:04:46+00:00\" \/>\n<meta property=\"og:image\" content=\"https:\/\/www.alab.pl\/centrum-wiedzy\/wp-content\/uploads\/2025\/01\/Niedozywienier_cover.jpg\" \/>\n\t<meta property=\"og:image:width\" content=\"1925\" \/>\n\t<meta property=\"og:image:height\" content=\"1285\" \/>\n\t<meta property=\"og:image:type\" content=\"image\/jpeg\" \/>\n<meta name=\"author\" content=\"Magdalena Konowrocka\" \/>\n<meta name=\"twitter:card\" content=\"summary_large_image\" \/>\n<meta name=\"twitter:label1\" content=\"Napisane przez\" \/>\n\t<meta name=\"twitter:data1\" content=\"Magdalena Konowrocka\" \/>\n\t<meta name=\"twitter:label2\" content=\"Szacowany czas czytania\" \/>\n\t<meta name=\"twitter:data2\" content=\"8 minut\" \/>\n\t<meta name=\"twitter:label3\" content=\"Written by\" \/>\n\t<meta name=\"twitter:data3\" content=\"Magdalena Konowrocka\" \/>\n<!-- \/ Yoast SEO plugin. -->","yoast_head_json":{"title":"Niedo\u017cywienie: objawy i skutki. Jakie badania laboratoryjne nale\u017cy wykona\u0107?\u00a0 - Centrum Wiedzy ALAB laboratoria","description":"Sprawd\u017a, czym jest niedo\u017cywienie, jakie s\u0105 jego przyczyny, jak si\u0119 je rozpoznaje i jakie badania s\u0105 pomocne w diagnostyce niedo\u017cywienia.","robots":{"index":"index","follow":"follow","max-snippet":"max-snippet:-1","max-image-preview":"max-image-preview:large","max-video-preview":"max-video-preview:-1"},"canonical":"https:\/\/www.alab.pl\/centrum-wiedzy\/niedozywienie-objawy-i-skutki-jakie-badania-laboratoryjne-nalezy-wykonac\/","og_locale":"pl_PL","og_type":"article","og_title":"Niedo\u017cywienie: objawy i skutki. Jakie badania laboratoryjne nale\u017cy wykona\u0107?\u00a0 - Centrum Wiedzy ALAB laboratoria","og_description":"Sprawd\u017a, czym jest niedo\u017cywienie, jakie s\u0105 jego przyczyny, jak si\u0119 je rozpoznaje i jakie badania s\u0105 pomocne w diagnostyce niedo\u017cywienia.","og_url":"https:\/\/www.alab.pl\/centrum-wiedzy\/niedozywienie-objawy-i-skutki-jakie-badania-laboratoryjne-nalezy-wykonac\/","og_site_name":"Centrum Wiedzy ALAB laboratoria","article_publisher":"https:\/\/www.facebook.com\/ALABlaboratoria","article_published_time":"2025-02-03T09:02:23+00:00","article_modified_time":"2025-02-24T08:04:46+00:00","og_image":[{"width":1925,"height":1285,"url":"https:\/\/www.alab.pl\/centrum-wiedzy\/wp-content\/uploads\/2025\/01\/Niedozywienier_cover.jpg","type":"image\/jpeg"}],"author":"Magdalena Konowrocka","twitter_card":"summary_large_image","twitter_misc":{"Napisane przez":"Magdalena Konowrocka","Szacowany czas czytania":"8 minut","Written by":"Magdalena Konowrocka"},"schema":{"@context":"https:\/\/schema.org","@graph":[{"@type":"Article","@id":"https:\/\/www.alab.pl\/centrum-wiedzy\/niedozywienie-objawy-i-skutki-jakie-badania-laboratoryjne-nalezy-wykonac\/#article","isPartOf":{"@id":"https:\/\/www.alab.pl\/centrum-wiedzy\/niedozywienie-objawy-i-skutki-jakie-badania-laboratoryjne-nalezy-wykonac\/"},"author":{"name":"Magdalena Konowrocka","@id":"https:\/\/www.alab.pl\/centrum-wiedzy\/#\/schema\/person\/f5efeaa1a9dd143fd159fd2fc446631c"},"headline":"Niedo\u017cywienie: objawy i skutki. Jakie badania laboratoryjne nale\u017cy wykona\u0107?\u00a0","datePublished":"2025-02-03T09:02:23+00:00","dateModified":"2025-02-24T08:04:46+00:00","mainEntityOfPage":{"@id":"https:\/\/www.alab.pl\/centrum-wiedzy\/niedozywienie-objawy-i-skutki-jakie-badania-laboratoryjne-nalezy-wykonac\/"},"wordCount":1503,"publisher":{"@id":"https:\/\/www.alab.pl\/centrum-wiedzy\/#organization"},"image":{"@id":"https:\/\/www.alab.pl\/centrum-wiedzy\/niedozywienie-objawy-i-skutki-jakie-badania-laboratoryjne-nalezy-wykonac\/#primaryimage"},"thumbnailUrl":"https:\/\/www.alab.pl\/centrum-wiedzy\/wp-content\/uploads\/2025\/01\/Niedozywienier_cover.jpg","articleSection":["Dieta i suplementacja"],"inLanguage":"pl-PL"},{"@type":"WebPage","@id":"https:\/\/www.alab.pl\/centrum-wiedzy\/niedozywienie-objawy-i-skutki-jakie-badania-laboratoryjne-nalezy-wykonac\/","url":"https:\/\/www.alab.pl\/centrum-wiedzy\/niedozywienie-objawy-i-skutki-jakie-badania-laboratoryjne-nalezy-wykonac\/","name":"Niedo\u017cywienie: objawy i skutki. Jakie badania laboratoryjne nale\u017cy wykona\u0107?\u00a0 - Centrum Wiedzy ALAB laboratoria","isPartOf":{"@id":"https:\/\/www.alab.pl\/centrum-wiedzy\/#website"},"primaryImageOfPage":{"@id":"https:\/\/www.alab.pl\/centrum-wiedzy\/niedozywienie-objawy-i-skutki-jakie-badania-laboratoryjne-nalezy-wykonac\/#primaryimage"},"image":{"@id":"https:\/\/www.alab.pl\/centrum-wiedzy\/niedozywienie-objawy-i-skutki-jakie-badania-laboratoryjne-nalezy-wykonac\/#primaryimage"},"thumbnailUrl":"https:\/\/www.alab.pl\/centrum-wiedzy\/wp-content\/uploads\/2025\/01\/Niedozywienier_cover.jpg","datePublished":"2025-02-03T09:02:23+00:00","dateModified":"2025-02-24T08:04:46+00:00","description":"Sprawd\u017a, czym jest niedo\u017cywienie, jakie s\u0105 jego przyczyny, jak si\u0119 je rozpoznaje i jakie badania s\u0105 pomocne w diagnostyce niedo\u017cywienia.","breadcrumb":{"@id":"https:\/\/www.alab.pl\/centrum-wiedzy\/niedozywienie-objawy-i-skutki-jakie-badania-laboratoryjne-nalezy-wykonac\/#breadcrumb"},"inLanguage":"pl-PL","potentialAction":[{"@type":"ReadAction","target":["https:\/\/www.alab.pl\/centrum-wiedzy\/niedozywienie-objawy-i-skutki-jakie-badania-laboratoryjne-nalezy-wykonac\/"]}]},{"@type":"ImageObject","inLanguage":"pl-PL","@id":"https:\/\/www.alab.pl\/centrum-wiedzy\/niedozywienie-objawy-i-skutki-jakie-badania-laboratoryjne-nalezy-wykonac\/#primaryimage","url":"https:\/\/www.alab.pl\/centrum-wiedzy\/wp-content\/uploads\/2025\/01\/Niedozywienier_cover.jpg","contentUrl":"https:\/\/www.alab.pl\/centrum-wiedzy\/wp-content\/uploads\/2025\/01\/Niedozywienier_cover.jpg","width":1925,"height":1285,"caption":"Niedozywienie_cover"},{"@type":"BreadcrumbList","@id":"https:\/\/www.alab.pl\/centrum-wiedzy\/niedozywienie-objawy-i-skutki-jakie-badania-laboratoryjne-nalezy-wykonac\/#breadcrumb","itemListElement":[{"@type":"ListItem","position":1,"name":"Strona g\u0142\u00f3wna","item":"https:\/\/www.alab.pl\/centrum-wiedzy\/"},{"@type":"ListItem","position":2,"name":"Niedo\u017cywienie: objawy i skutki. Jakie badania laboratoryjne nale\u017cy wykona\u0107?\u00a0"}]},{"@type":"WebSite","@id":"https:\/\/www.alab.pl\/centrum-wiedzy\/#website","url":"https:\/\/www.alab.pl\/centrum-wiedzy\/","name":"Centrum Wiedzy ALAB laboratoria","description":"","publisher":{"@id":"https:\/\/www.alab.pl\/centrum-wiedzy\/#organization"},"potentialAction":[{"@type":"SearchAction","target":{"@type":"EntryPoint","urlTemplate":"https:\/\/www.alab.pl\/centrum-wiedzy\/?s={search_term_string}"},"query-input":{"@type":"PropertyValueSpecification","valueRequired":true,"valueName":"search_term_string"}}],"inLanguage":"pl-PL"},{"@type":"Organization","@id":"https:\/\/www.alab.pl\/centrum-wiedzy\/#organization","name":"Centrum Wiedzy ALAB laboratoria","url":"https:\/\/www.alab.pl\/centrum-wiedzy\/","logo":{"@type":"ImageObject","inLanguage":"pl-PL","@id":"https:\/\/www.alab.pl\/centrum-wiedzy\/#\/schema\/logo\/image\/","url":"https:\/\/www.alab.pl\/centrum-wiedzy\/wp-content\/uploads\/2022\/04\/alabek.jpg","contentUrl":"https:\/\/www.alab.pl\/centrum-wiedzy\/wp-content\/uploads\/2022\/04\/alabek.jpg","width":1250,"height":1251,"caption":"Centrum Wiedzy ALAB laboratoria"},"image":{"@id":"https:\/\/www.alab.pl\/centrum-wiedzy\/#\/schema\/logo\/image\/"},"sameAs":["https:\/\/www.facebook.com\/ALABlaboratoria"]},{"@type":"Person","@id":"https:\/\/www.alab.pl\/centrum-wiedzy\/#\/schema\/person\/f5efeaa1a9dd143fd159fd2fc446631c","name":"Magdalena Konowrocka","image":{"@type":"ImageObject","inLanguage":"pl-PL","@id":"https:\/\/www.alab.pl\/centrum-wiedzy\/wp-content\/uploads\/2023\/07\/Magdalena-Konowrocka-jpg-150x150.webp89854cb66701ee4f4b5429d528843904","url":"https:\/\/www.alab.pl\/centrum-wiedzy\/wp-content\/uploads\/2023\/07\/Magdalena-Konowrocka-jpg-150x150.webp","contentUrl":"https:\/\/www.alab.pl\/centrum-wiedzy\/wp-content\/uploads\/2023\/07\/Magdalena-Konowrocka-jpg-150x150.webp","caption":"Magdalena Konowrocka"},"description":"Dietetyk i psychodietetyk, absolwentka studi\u00f3w magisterskich na SGGW oraz studi\u00f3w podyplomowych na WUM na kierunku \u201eDietetyka w choroby wewn\u0119trznych i metabolicznych\u201d, studiowa\u0142a w Instytucie \u017bywienia i \u017bywno\u015bci \u201ePoradnictwo dietetyczne \u2013 post\u0119py w \u017cywieniu cz\u0142owieka\u201d. Prowadzi gabinet doradztwa \u017cywieniowego i dietetycznego Optimum Zdrowia.","url":"https:\/\/www.alab.pl\/centrum-wiedzy\/author\/magdalena-konowrocka\/"}]}},"_links":{"self":[{"href":"https:\/\/www.alab.pl\/centrum-wiedzy\/wp-json\/wp\/v2\/posts\/20981","targetHints":{"allow":["GET"]}}],"collection":[{"href":"https:\/\/www.alab.pl\/centrum-wiedzy\/wp-json\/wp\/v2\/posts"}],"about":[{"href":"https:\/\/www.alab.pl\/centrum-wiedzy\/wp-json\/wp\/v2\/types\/post"}],"author":[{"embeddable":true,"href":"https:\/\/www.alab.pl\/centrum-wiedzy\/wp-json\/wp\/v2\/users\/141"}],"replies":[{"embeddable":true,"href":"https:\/\/www.alab.pl\/centrum-wiedzy\/wp-json\/wp\/v2\/comments?post=20981"}],"version-history":[{"count":7,"href":"https:\/\/www.alab.pl\/centrum-wiedzy\/wp-json\/wp\/v2\/posts\/20981\/revisions"}],"predecessor-version":[{"id":21804,"href":"https:\/\/www.alab.pl\/centrum-wiedzy\/wp-json\/wp\/v2\/posts\/20981\/revisions\/21804"}],"wp:featuredmedia":[{"embeddable":true,"href":"https:\/\/www.alab.pl\/centrum-wiedzy\/wp-json\/wp\/v2\/media\/20768"}],"wp:attachment":[{"href":"https:\/\/www.alab.pl\/centrum-wiedzy\/wp-json\/wp\/v2\/media?parent=20981"}],"wp:term":[{"taxonomy":"category","embeddable":true,"href":"https:\/\/www.alab.pl\/centrum-wiedzy\/wp-json\/wp\/v2\/categories?post=20981"},{"taxonomy":"post_tag","embeddable":true,"href":"https:\/\/www.alab.pl\/centrum-wiedzy\/wp-json\/wp\/v2\/tags?post=20981"},{"taxonomy":"author","embeddable":true,"href":"https:\/\/www.alab.pl\/centrum-wiedzy\/wp-json\/wp\/v2\/coauthors?post=20981"}],"curies":[{"name":"wp","href":"https:\/\/api.w.org\/{rel}","templated":true}]}}