{"id":21223,"date":"2025-02-06T12:43:57","date_gmt":"2025-02-06T11:43:57","guid":{"rendered":"https:\/\/www.alab.pl\/centrum-wiedzy\/?p=21223"},"modified":"2026-02-09T09:55:49","modified_gmt":"2026-02-09T08:55:49","slug":"guzy-mozgu-objawy-przyczyny-i-diagnostyka","status":"publish","type":"post","link":"https:\/\/www.alab.pl\/centrum-wiedzy\/guzy-mozgu-objawy-przyczyny-i-diagnostyka\/","title":{"rendered":"Guzy m\u00f3zgu \u2013 objawy, przyczyny i diagnostyka"},"content":{"rendered":"\n<p><strong>Guzy m\u00f3zgu to temat budz\u0105cy niepok\u00f3j ze wzgl\u0119du na swoj\u0105 z\u0142o\u017cono\u015b\u0107 i znaczenie dla funkcjonowania organizmu. Od niewielkich zmian, kt\u00f3re mog\u0105 by\u0107 niezauwa\u017calne przez lata, po agresywne nowotwory, kt\u00f3re wymagaj\u0105 pilnej interwencji \u2013 spektrum tej choroby jest niezwykle szerokie. Jak rozpozna\u0107 pierwsze objawy? Co wiemy o przyczynach ich powstawania? I wreszcie, jakie s\u0105 mo\u017cliwo\u015bci diagnostyki i leczenia? W tym artykule prze\u015bledzimy te zagadnienia, przedstawiaj\u0105c aktualny stan wiedzy i odpowiadaj\u0105c na najcz\u0119\u015bciej zadawane pytania dotycz\u0105ce nowotwor\u00f3w o\u015brodkowego uk\u0142adu nerwowego.<\/strong><\/p>\n\n\n\n<p>Spis tre\u015bci:<\/p>\n\n\n\n<ol class=\"wp-block-list\">\n<li><a href=\"#Czym-s\u0105-guzy-m\u00f3zgu?\">Czym s\u0105 guzy m\u00f3zgu?<\/a>\n<ul class=\"wp-block-list\">\n<li><a href=\"#Guzy-m\u00f3zgu:-rodzaje\">Guzy m\u00f3zgu: rodzaje<\/a><\/li>\n\n\n\n<li><a href=\"#Guz-m\u00f3zgu:-skr\u00f3cony-podzia\u0142-histologiczny\">Guz m\u00f3zgu: skr\u00f3cony podzia\u0142 histologiczny<\/a><\/li>\n<\/ul>\n<\/li>\n\n\n\n<li><a href=\"#Guzy-m\u00f3zgu:-objawy-nowotworu-o\u015brodkowego-uk\u0142adu-nerwowego\">Guzy m\u00f3zgu: objawy nowotworu o\u015brodkowego uk\u0142adu nerwowego<\/a>\n<ul class=\"wp-block-list\">\n<li><a href=\"#Guzy-m\u00f3zgu:-objawy-psychiczne\">Guzy m\u00f3zgu: objawy psychiczne<\/a><\/li>\n\n\n\n<li><a href=\"#Guzy-m\u00f3zgu-a-drganie-powieki\">Guzy m\u00f3zgu a drganie powieki<\/a><\/li>\n\n\n\n<li><a href=\"#B\u0142yski-w-oku-a-guz-m\u00f3zgu\">B\u0142yski w oku a guz m\u00f3zgu<\/a><\/li>\n<\/ul>\n<\/li>\n\n\n\n<li><a href=\"#Przyczyny-wyst\u0119powania-nowotwor\u00f3w-o\u015brodkowego-uk\u0142adu-nerwowego\">Przyczyny wyst\u0119powania nowotwor\u00f3w o\u015brodkowego uk\u0142adu nerwowego<\/a>\n<ul class=\"wp-block-list\">\n<li><a href=\"#Czy-guzy-m\u00f3zgu-s\u0105-dziedziczne?\">Czy guzy m\u00f3zgu s\u0105 dziedziczne?<\/a><\/li>\n<\/ul>\n<\/li>\n\n\n\n<li><a href=\"#Guzy-m\u00f3zgu:-diagnostyka-nowotwor\u00f3w\">Guzy m\u00f3zgu: diagnostyka nowotwor\u00f3w<\/a>\n<ul class=\"wp-block-list\">\n<li><a href=\"#Badania-laboratoryjne-w-diagnostyce-guz\u00f3w-m\u00f3zgu\">Badania laboratoryjne w diagnostyce guz\u00f3w m\u00f3zgu<\/a><\/li>\n<\/ul>\n<\/li>\n\n\n\n<li><a href=\"#Na-czym-polega-leczenie-chorych-z-nowotworem-OUN?\">Na czym polega leczenie chorych z nowotworem OUN?<\/a>\n<ul class=\"wp-block-list\">\n<li><a href=\"#Czy-guzy-m\u00f3zgu-s\u0105-wyleczalne?\">Czy guzy m\u00f3zgu s\u0105 wyleczalne?<\/a><\/li>\n<\/ul>\n<\/li>\n<\/ol>\n\n\n\n<h2 class=\"wp-block-heading\" id=\"Czym-s\u0105-guzy-m\u00f3zgu?\">Czym s\u0105 guzy m\u00f3zgu?<\/h2>\n\n\n\n<p>Guzy m\u00f3zgu to nieprawid\u0142owe skupiska kom\u00f3rek w obr\u0119bie m\u00f3zgu lub innych struktur o\u015brodkowego uk\u0142adu nerwowego (OUN), kt\u00f3re powstaj\u0105 w wyniku niekontrolowanego podzia\u0142u kom\u00f3rkowego. Mog\u0105 mie\u0107 charakter pierwotny, gdy rozwijaj\u0105 si\u0119 bezpo\u015brednio w tkance m\u00f3zgowej, lub wt\u00f3rny (przerzutowy), gdy pochodz\u0105 z innych cz\u0119\u015bci cia\u0142a.<\/p>\n\n\n\n<p><strong>&gt;&gt; Sprawd\u017a: <\/strong><a href=\"https:\/\/www.alab.pl\/centrum-wiedzy\/choroby-rzadkie-i-ultrarzadkie\/\"><strong>Choroby rzadkie i ultrarzadkie<\/strong><\/a><strong><\/strong><\/p>\n\n\n\n<h3 class=\"wp-block-heading\" id=\"Guzy-m\u00f3zgu:-rodzaje\">Guzy m\u00f3zgu: rodzaje<\/h3>\n\n\n\n<p>Klasyfikacja guz\u00f3w m\u00f3zgu jest regularnie aktualizowana przez \u015awiatow\u0105 Organizacj\u0119 Zdrowia (WHO), kt\u00f3ra uwzgl\u0119dnia nie tylko stopie\u0144 z\u0142o\u015bliwo\u015bci czy cechy histologiczne, ale r\u00f3wnie\u017c zaawansowane badania cytogenetyczne i molekularne oraz lokalizacj\u0119. Do oceny stopnia z\u0142o\u015bliwo\u015bci wykorzystuje si\u0119 skal\u0119: I\u2013IV, gdzie wy\u017cszy stopie\u0144 oznacza wi\u0119ksz\u0105 agresywno\u015b\u0107 nowotworu.<\/p>\n\n\n\n<p><strong>Podzia\u0142 guz\u00f3w m\u00f3zgu ze wzgl\u0119du na stopie\u0144 z\u0142o\u015bliwo\u015bci:<\/strong><\/p>\n\n\n\n<ul class=\"wp-block-list\">\n<li><strong>Guzy \u0142agodne \u2013 <\/strong>nowotwory o wolnym wzro\u015bcie, kt\u00f3re rzadko rozprzestrzeniaj\u0105 si\u0119 na inne tkanki. Cz\u0119sto mog\u0105 by\u0107 ca\u0142kowicie usuni\u0119te chirurgicznie.Do tej grupy nale\u017c\u0105 oponiak oraz nerwiak os\u0142onkowy.<\/li>\n\n\n\n<li><strong>Guzy z\u0142o\u015bliwe \u2013 <\/strong>nowotwory o agresywnym charakterze, szybkim wzro\u015bcie i zdolno\u015bci do naciekania zdrowych tkanek oraz przerzutowania. Do najgro\u017aniejszych guz\u00f3w z\u0142o\u015bliwych nale\u017cy glejak wielopostaciowy oraz meningioma.<\/li>\n<\/ul>\n\n\n\n<p><strong>&gt;&gt; To tak\u017ce mo\u017ce Ci\u0119 zainteresowa\u0107: <\/strong><a href=\"https:\/\/www.alab.pl\/centrum-wiedzy\/stwardnienie-rozsiane-grozna-i-podstepna-choroba\/\"><strong>Stwardnienie rozsiane \u2013 gro\u017ana i podst\u0119pna choroba<\/strong><\/a><strong><\/strong><\/p>\n\n\n\n<h3 class=\"wp-block-heading\" id=\"Guz-m\u00f3zgu:-skr\u00f3cony-podzia\u0142-histologiczny\">Guz m\u00f3zgu: skr\u00f3cony podzia\u0142 histologiczny<\/h3>\n\n\n\n<p><strong>1. Guzy pochodzenia glejowego (glejaki) \u2013<\/strong>wywodz\u0105 si\u0119 z kom\u00f3rek glejowych (astrocyt\u00f3w, oligodendrocyt\u00f3w, kom\u00f3rek wy\u015bci\u00f3\u0142ki). S\u0105 to najcz\u0119stsze guzy pierwotne m\u00f3zgu.<\/p>\n\n\n\n<p><strong>2. Guzy neuronalne i neuronalno-glejowe \u2013<\/strong> wywodz\u0105 si\u0119 z kom\u00f3rek nerwowych lub mieszanych nerwowo-glejowych.<\/p>\n\n\n\n<p><strong>3. Guzy z pierwotnych kom\u00f3rek zarodkowych (germinalnych) <\/strong>\u2013 powstaj\u0105 w okolicy szyszynki lub linii po\u015brodkowej m\u00f3zgu.<\/p>\n\n\n\n<p><strong>4. Guzy splotu naczyni\u00f3wkowego \u2013<\/strong> wywodz\u0105 si\u0119 ze struktur produkuj\u0105cych p\u0142yn m\u00f3zgowo-rdzeniowy.<\/p>\n\n\n\n<p><strong>5. Guzy oponowe (oponiaki) \u2013<\/strong> wywodz\u0105 si\u0119 z kom\u00f3rek paj\u0119czyn\u00f3wki.<\/p>\n\n\n\n<p><strong>6. Guzy naczyniowe \u2013<\/strong>powstaj\u0105 z naczy\u0144 krwiono\u015bnych.<\/p>\n\n\n\n<p><strong>7. Guzy pochodzenia mezenchymalnego\u2013<\/strong> powstaj\u0105 z tkanek podporowych.<\/p>\n\n\n\n<p><strong>8. Guzy przerzutowe \u2013<\/strong> powsta\u0142e w wyniku przerzut\u00f3w nowotwor\u00f3w z innych narz\u0105d\u00f3w (najcz\u0119\u015bciej p\u0142uc, piersi, <a href=\"https:\/\/www.alab.pl\/centrum-wiedzy\/nerki-polozenie-budowa-funkcje-najczestsze-choroby-nerek\/\">nerek<\/a>, jelita grubego, czerniaka).<\/p>\n\n\n\n<p><strong>9. Guzy neuroektodermalne (PNET, guzy embrionalne) \u2013<\/strong> wywodz\u0105 si\u0119 z kom\u00f3rek zarodkowych uk\u0142adu nerwowego.<\/p>\n\n\n\n<p><strong>10. Guzy okolicy przysadki m\u00f3zgowej \u2013<\/strong> wywodz\u0105 si\u0119 z kom\u00f3rek hormonalnych lub innych struktur przysadki.<\/p>\n\n\n\n<h2 class=\"wp-block-heading\" id=\"Guzy-m\u00f3zgu:-objawy-nowotworu-o\u015brodkowego-uk\u0142adu-nerwowego\">Guzy m\u00f3zgu: objawy nowotworu o\u015brodkowego uk\u0142adu nerwowego<\/h2>\n\n\n\n<p>Objawy guz\u00f3w m\u00f3zgu s\u0105 niezwykle r\u00f3\u017cnorodne i zale\u017c\u0105 od lokalizacji zmiany, jej wielko\u015bci oraz tempa wzrostu. Do najcz\u0119stszych nale\u017c\u0105:<\/p>\n\n\n\n<ul class=\"wp-block-list\">\n<li><a href=\"https:\/\/www.alab.pl\/centrum-wiedzy\/bole-glowy-rodzaje-i-przyczyny-jakie-badania-wykonac-przy-czestych-przewleklych-bolach-glowy\/\">b\u00f3le g\u0142owy<\/a> (cz\u0119sto wyst\u0119puj\u0105ce rano),<\/li>\n\n\n\n<li>wymioty,<\/li>\n\n\n\n<li>zaburzenia widzenia,<\/li>\n\n\n\n<li>zaburzenia r\u00f3wnowagi i koordynacji,<\/li>\n\n\n\n<li>zaburzenia neurologiczne (os\u0142abienie, niedow\u0142ady lub parali\u017c jednej strony cia\u0142a, problemy z m\u00f3wieniem, dr\u0119twienie lub uczucie mrowienia w ko\u0144czynach),<\/li>\n\n\n\n<li>zmiany osobowo\u015bci i funkcji poznawczych<\/li>\n\n\n\n<li><a href=\"https:\/\/www.alab.pl\/centrum-wiedzy\/padaczka-epilepsja-rodzaje-objawy-przyczyny-diagnostyka-i-leczenie\/\">napady padaczkowe<\/a>.<\/li>\n<\/ul>\n\n\n\n<p><strong>&gt;&gt; Przeczytaj tak\u017ce: <\/strong><a href=\"https:\/\/www.alab.pl\/centrum-wiedzy\/mrowienie-i-dretwienie-lewej-reki-co-oznacza-i-jak-leczyc-te-objawy\/\"><strong>Mrowienie i dr\u0119twienie lewej r\u0119ki \u2013 co oznacza i jak leczy\u0107 te objawy?<\/strong><\/a><strong><\/strong><\/p>\n\n\n\n<h3 class=\"wp-block-heading\" id=\"Guzy-m\u00f3zgu:-objawy-psychiczne\">Guzy m\u00f3zgu: objawy psychiczne<\/h3>\n\n\n\n<p>Guzy m\u00f3zgu mog\u0105 wywo\u0142ywa\u0107 r\u00f3\u017cnorodne objawy psychiczne, zale\u017cne od ich lokalizacji w obr\u0119bie m\u00f3zgu. Do najcz\u0119stszych nale\u017c\u0105 zmiany osobowo\u015bci, takie jak apatia, impulsywno\u015b\u0107, nadmierna agresja czy dezorganizacja my\u015blenia. Wiele os\u00f3b do\u015bwiadcza r\u00f3wnie\u017c zaburze\u0144 nastroju, takich jak <a href=\"https:\/\/www.alab.pl\/centrum-wiedzy\/depresja-objawy-przyczyny-diagnostyka-i-leczenie\/\">depresja<\/a>, l\u0119ki czy nadmierna euforia. Problemy z koncentracj\u0105, pami\u0119ci\u0105 oraz zaburzenia my\u015blenia i podejmowania decyzji mog\u0105 wyst\u0105pi\u0107, szczeg\u00f3lnie przy guzach w p\u0142atach czo\u0142owych.<\/p>\n\n\n\n<p>Cz\u0119sto pojawiaj\u0105 si\u0119 r\u00f3wnie\u017c halucynacje, urojenia, l\u0119ki i fobie, a tak\u017ce zmiany w zachowaniu spo\u0142ecznym, takie jak izolowanie si\u0119 lub trudno\u015bci w utrzymaniu relacji. Objawy te mog\u0105 wyst\u0119powa\u0107 r\u00f3wnocze\u015bnie z typowymi objawami neurologicznymi, co mo\u017ce utrudnia\u0107 postawienie jednoznacznej diagnozy.<\/p>\n\n\n\n<p><strong>&gt;&gt; Zobacz r\u00f3wnie\u017c: <\/strong><a href=\"https:\/\/www.alab.pl\/centrum-wiedzy\/serotonina-i-jej-rola-w-organizmie\/\"><strong>Serotonina (hormon szcz\u0119\u015bcia) \u2013 rola w organizmie, niedob\u00f3r i nadmiar<\/strong><\/a><strong><\/strong><\/p>\n\n\n\n<h3 class=\"wp-block-heading\" id=\"Guzy-m\u00f3zgu-a-drganie-powieki\">Guzy m\u00f3zgu a drganie powieki<\/h3>\n\n\n\n<p><a href=\"https:\/\/www.alab.pl\/centrum-wiedzy\/jakie-moga-byc-przyczyny-drgajacej-powieki-i-jak-sobie-z-tym-radzic\/\">Drganie powieki<\/a>, cho\u0107 zwykle jest nieszkodliwym objawem zwi\u0105zanym z przem\u0119czeniem, w rzadkich przypadkach mo\u017ce by\u0107 oznak\u0105 powa\u017cniejszych problem\u00f3w neurologicznych, w tym guz\u00f3w uciskaj\u0105cych na nerwy czaszkowe. Nale\u017cy pami\u0119ta\u0107, \u017ce s\u0105 to przypadki sporadycznie opisywane w literaturze.<\/p>\n\n\n\n<h3 class=\"wp-block-heading\" id=\"B\u0142yski-w-oku-a-guz-m\u00f3zgu\">B\u0142yski w oku a guz m\u00f3zgu<\/h3>\n\n\n\n<p>B\u0142yski w oku, czyli nag\u0142e pojawianie si\u0119 jasnych plam lub \u015bwiat\u0142a w polu widzenia, mog\u0105 wyst\u0119powa\u0107 w wyniku <a href=\"https:\/\/www.alab.pl\/centrum-wiedzy\/migrena-objawy-przyczyny-i-diagnoza-jakie-badania-wykonac\/\">migreny<\/a>, problem\u00f3w ze wzrokiem czy zmian w siatk\u00f3wce oka. Jednak w sporadycznych przypadkach mog\u0105 by\u0107 objawem guza m\u00f3zgu, zw\u0142aszcza gdy guz uciska nerwy wzrokowe lub obszary m\u00f3zgu odpowiedzialne za wzrok.<\/p>\n\n\n\n<figure class=\"wp-block-image size-full\"><a href=\"https:\/\/www.alab.pl\/pakiet\/pakiet-markery-nowotworowe-kobieta\"><img loading=\"lazy\" decoding=\"async\" width=\"800\" height=\"200\" src=\"https:\/\/www.alab.pl\/centrum-wiedzy\/wp-content\/uploads\/2024\/07\/Pakiet-markery-nowotworowe-kobieta-5-badan-jpg.webp\" alt=\"pakiet markery nowotworowe kobieta\" class=\"wp-image-15484\" srcset=\"https:\/\/www.alab.pl\/centrum-wiedzy\/wp-content\/uploads\/2024\/07\/Pakiet-markery-nowotworowe-kobieta-5-badan-jpg.webp 800w, https:\/\/www.alab.pl\/centrum-wiedzy\/wp-content\/uploads\/2024\/07\/Pakiet-markery-nowotworowe-kobieta-5-badan-jpg-768x192.webp 768w, https:\/\/www.alab.pl\/centrum-wiedzy\/wp-content\/uploads\/2024\/07\/Pakiet-markery-nowotworowe-kobieta-5-badan-jpg-150x38.webp 150w, https:\/\/www.alab.pl\/centrum-wiedzy\/wp-content\/uploads\/2024\/07\/Pakiet-markery-nowotworowe-kobieta-5-badan-jpg-300x75.webp 300w, https:\/\/www.alab.pl\/centrum-wiedzy\/wp-content\/uploads\/2024\/07\/Pakiet-markery-nowotworowe-kobieta-5-badan-jpg-696x174.webp 696w\" sizes=\"auto, (max-width: 800px) 100vw, 800px\" \/><\/a><\/figure>\n\n\n\n<h2 class=\"wp-block-heading\" id=\"Przyczyny-wyst\u0119powania-nowotwor\u00f3w-o\u015brodkowego-uk\u0142adu-nerwowego\">Przyczyny wyst\u0119powania nowotwor\u00f3w o\u015brodkowego uk\u0142adu nerwowego<\/h2>\n\n\n\n<p>Przyczyny wyst\u0119powania nowotwor\u00f3w OUN nie s\u0105 do ko\u0144ca poznane, ale istnieje kilka czynnik\u00f3w, kt\u00f3re mog\u0105 zwi\u0119ksza\u0107 ryzyko ich rozwoju. W\u015br\u00f3d najcz\u0119stszych przyczyn wymienia si\u0119 <strong>czynniki genetyczne<\/strong>, takie jak mutacje w okre\u015blonych genach (np. mutacje gen\u00f3w <em>NF1<\/em> czy <em>p53<\/em>), kt\u00f3re mog\u0105 predysponowa\u0107 do rozwoju guz\u00f3w m\u00f3zgu. R\u00f3wnie\u017c wyst\u0119powanie niekt\u00f3rych chor\u00f3b genetycznych, takich jak neurofibromatoza, <a href=\"https:\/\/www.alab.pl\/centrum-wiedzy\/stwardnienie-guzowate-co-to-za-choroba-objawy-przyczyny-diagnostyka-i-leczenie\/\">stwardnienie guzowate<\/a> czy zesp\u00f3\u0142 Li-Fraumeni, wi\u0105\u017ce si\u0119 z wy\u017cszym ryzykiem nowotwor\u00f3w OUN.<\/p>\n\n\n\n<p>Innym czynnikiem ryzyka jest ekspozycja na <strong>promieniowanie jonizuj\u0105ce<\/strong>, szczeg\u00f3lnie w m\u0142odym wieku, oraz <strong>przewlek\u0142a ekspozycja na substancje chemiczne<\/strong>, takie jak pestycydy czy niekt\u00f3re rozpuszczalniki. Chocia\u017c wp\u0142yw \u015brodowiska na rozw\u00f3j nowotwor\u00f3w OUN nie jest w pe\u0142ni zrozumiany, niekt\u00f3re badania sugeruj\u0105, \u017ce zanieczyszczenia powietrza mog\u0105 r\u00f3wnie\u017c przyczynia\u0107 si\u0119 do zwi\u0119kszonego ryzyka.<\/p>\n\n\n\n<p>Warto r\u00f3wnie\u017c doda\u0107, \u017ce u wi\u0119kszo\u015bci pacjent\u00f3w z guzami m\u00f3zgu nie udaje si\u0119 znale\u017a\u0107 jednoznacznej przyczyny, co sugeruje, \u017ce opr\u00f3cz wymienionych czynnik\u00f3w, mog\u0105 istnie\u0107 inne, jeszcze niezidentyfikowane mechanizmy prowadz\u0105ce do rozwoju nowotwor\u00f3w w obr\u0119bie OUN.<\/p>\n\n\n\n<figure class=\"wp-block-image size-full\"><a href=\"https:\/\/www.alab.pl\/pakiet\/pakiet-markery-nowotworowe-mezczyzna\"><img loading=\"lazy\" decoding=\"async\" width=\"800\" height=\"200\" src=\"https:\/\/www.alab.pl\/centrum-wiedzy\/wp-content\/uploads\/2024\/07\/Pakiet-markery-nowotworowe-mezczyzna-5-badan-jpg.webp\" alt=\"pakiet markery nowotworowe m\u0119\u017cczyzna\" class=\"wp-image-15486\" srcset=\"https:\/\/www.alab.pl\/centrum-wiedzy\/wp-content\/uploads\/2024\/07\/Pakiet-markery-nowotworowe-mezczyzna-5-badan-jpg.webp 800w, https:\/\/www.alab.pl\/centrum-wiedzy\/wp-content\/uploads\/2024\/07\/Pakiet-markery-nowotworowe-mezczyzna-5-badan-jpg-768x192.webp 768w, https:\/\/www.alab.pl\/centrum-wiedzy\/wp-content\/uploads\/2024\/07\/Pakiet-markery-nowotworowe-mezczyzna-5-badan-jpg-150x38.webp 150w, https:\/\/www.alab.pl\/centrum-wiedzy\/wp-content\/uploads\/2024\/07\/Pakiet-markery-nowotworowe-mezczyzna-5-badan-jpg-300x75.webp 300w, https:\/\/www.alab.pl\/centrum-wiedzy\/wp-content\/uploads\/2024\/07\/Pakiet-markery-nowotworowe-mezczyzna-5-badan-jpg-696x174.webp 696w\" sizes=\"auto, (max-width: 800px) 100vw, 800px\" \/><\/a><\/figure>\n\n\n\n<h3 class=\"wp-block-heading\" id=\"Czy-guzy-m\u00f3zgu-s\u0105-dziedziczne?\">Czy guzy m\u00f3zgu s\u0105 dziedziczne?<\/h3>\n\n\n\n<p>Guzy m\u00f3zgu mog\u0105 by\u0107 dziedziczne, chocia\u017c w wi\u0119kszo\u015bci przypadk\u00f3w nie ma jednoznacznej przyczyny ich wyst\u0119powania. Istniej\u0105 wspomniane wy\u017cej choroby genetyczne, kt\u00f3re zwi\u0119kszaj\u0105 ryzyko rozwoju nowotwor\u00f3w OUN. Nale\u017cy jednak podkre\u015bli\u0107, \u017ce wi\u0119kszo\u015b\u0107 guz\u00f3w m\u00f3zgu rozwija si\u0119 sporadycznie, bez wyra\u017anego dziedziczenia.<\/p>\n\n\n\n<h2 class=\"wp-block-heading\" id=\"Guzy-m\u00f3zgu:-diagnostyka-nowotwor\u00f3w\">Guzy m\u00f3zgu: diagnostyka nowotwor\u00f3w<\/h2>\n\n\n\n<p>Diagnostyka guz\u00f3w m\u00f3zgu opiera si\u0119 g\u0142\u00f3wnie na badaniach obrazowych, kt\u00f3re pozwalaj\u0105 na wykrycie guza, okre\u015blenie jego lokalizacji, wielko\u015bci i charakterystyki, a tak\u017ce monitorowanie odpowiedzi na leczenie. Badaniem o najwi\u0119kszym potencjale diagnostycznym jest rezonans magnetyczny (MRI), umo\u017cliwiaj\u0105cy dok\u0142adne uwidocznienie guza i jego relacji do otaczaj\u0105cych tkanek. Tomografia komputerowa (TK), pozytonowa tomografia emisyjna (PET) s\u0105 r\u00f3wnie\u017c wykorzystywane w procesie diagnostycznym celem uzupe\u0142nienia bada\u0144.<\/p>\n\n\n\n<p><strong>&gt;&gt; To mo\u017ce Ci\u0119 zainteresowa\u0107: <\/strong><a href=\"https:\/\/www.alab.pl\/centrum-wiedzy\/przysadka-mozgowa-i-jej-rola-w-organizmie-jakie-hormony-wydziela\/\"><strong>Przysadka m\u00f3zgowa i jej rola w organizmie. Jakie hormony wydziela?<\/strong><\/a><strong><\/strong><\/p>\n\n\n\n<h3 class=\"wp-block-heading\" id=\"Badania-laboratoryjne-w-diagnostyce-guz\u00f3w-m\u00f3zgu\">Badania laboratoryjne w diagnostyce guz\u00f3w m\u00f3zgu<\/h3>\n\n\n\n<p>Badanie histologiczne materia\u0142u pobranego z guza pozwala na precyzyjne okre\u015blenie typu nowotworu, a dodatkowe badania molekularne i immunohistochemiczne pomagaj\u0105 w dalszej klasyfikacji. W przypadku podejrzenia rozsiewu guza, wykonuje si\u0119 r\u00f3wnie\u017c badanie p\u0142ynu m\u00f3zgowo-rdzeniowego oraz inne badania laboratoryjne, takie jak oznaczenie poziomu <a href=\"https:\/\/www.alab.pl\/centrum-wiedzy\/co-to-jest-alpha-fetoproteina-afp-i-co-pozwala-wykryc-badanie\/\">alfa-fetoproteiny<\/a> czy <a href=\"https:\/\/www.alab.pl\/badanie\/gonadotropina-kosmowkowa-b-hcg-marker-nowotworowy-l47\">gonadotropiny kosm\u00f3wkowej<\/a>.<\/p>\n\n\n\n<h2 class=\"wp-block-heading\" id=\"Na-czym-polega-leczenie-chorych-z-nowotworem-OUN?\">Na czym polega leczenie chorych z nowotworem OUN?<\/h2>\n\n\n\n<p>Podstawow\u0105 metod\u0105 leczenia jest <strong>zabieg neurochirurgiczny<\/strong>, kt\u00f3rego celem jest usuni\u0119cie guza. W przypadku guz\u00f3w, kt\u00f3re s\u0105 trudne do ca\u0142kowitego usuni\u0119cia lub znajduj\u0105 si\u0119 w miejscach nieoperacyjnych, w leczeniu wykorzystuje si\u0119 <strong>radioterapi\u0119<\/strong> i <strong>chemioterapi\u0119<\/strong>. Radioterapia polega na napromienianiu guza promieniami jonizuj\u0105cymi, co mo\u017ce zahamowa\u0107 jego wzrost, natomiast chemioterapia stosowana jest w celu zniszczenia kom\u00f3rek nowotworowych.<\/p>\n\n\n\n<p>W niekt\u00f3rych przypadkach mo\u017ce by\u0107 konieczne stosowanie <strong>terapii celowanej<\/strong> lub <strong>immunoterapii<\/strong>, kt\u00f3re maj\u0105 na celu precyzyjne oddzia\u0142ywanie na zmienione kom\u00f3rki. Leczenie guz\u00f3w m\u00f3zgu wymaga \u015bcis\u0142ej wsp\u00f3\u0142pracy zespo\u0142u neurochirurg\u00f3w, onkolog\u00f3w, radioterapeut\u00f3w oraz innych specjalist\u00f3w.<\/p>\n\n\n\n<p><strong>&gt;&gt; Przeczytaj tak\u017ce: <\/strong><a href=\"https:\/\/www.alab.pl\/centrum-wiedzy\/najczestsze-nowotwory-u-kobiet-i-mezczyzn\/\"><strong>Najcz\u0119stsze nowotwory u kobiet i m\u0119\u017cczyzn<\/strong><\/a><strong><\/strong><\/p>\n\n\n\n<h3 class=\"wp-block-heading\" id=\"Czy-guzy-m\u00f3zgu-s\u0105-wyleczalne?\">Czy guzy m\u00f3zgu s\u0105 wyleczalne?<\/h3>\n\n\n\n<p>Wyleczalno\u015b\u0107 guz\u00f3w m\u00f3zgu zale\u017cy od wielu czynnik\u00f3w, w tym od rodzaju guza, jego lokalizacji, stopnia z\u0142o\u015bliwo\u015bci oraz reakcji na leczenie. W przypadku guz\u00f3w \u0142agodnych, szczeg\u00f3lnie je\u015bli uda si\u0119 je ca\u0142kowicie usun\u0105\u0107, rokowania s\u0105 zazwyczaj bardzo dobre, a wyleczenie jest mo\u017cliwe.<\/p>\n\n\n\n<p>W przypadku guz\u00f3w z\u0142o\u015bliwych, rokowania s\u0105 bardziej zr\u00f3\u017cnicowane. Niekt\u00f3re rodzaje guz\u00f3w, takie jak glejaki wielopostaciowe, maj\u0105 tendencj\u0119 do szybkiego wzrostu i rozprzestrzeniania si\u0119, co sprawia, \u017ce ich leczenie jest bardziej skomplikowane i mniej skuteczne. Mimo to w niekt\u00f3rych przypadkach leczenie chirurgiczne, radioterapia oraz chemioterapia mog\u0105 znacz\u0105co wyd\u0142u\u017cy\u0107 \u017cycie pacjent\u00f3w, a w rzadkich przypadkach prowadzi\u0107 do ca\u0142kowitego wyleczenia.<\/p>\n\n\n\n<p><strong>Guzy m\u00f3zgu to z\u0142o\u017cony i wymagaj\u0105cy temat, kt\u00f3ry budzi zar\u00f3wno obawy, jak i potrzeb\u0119 zrozumienia. Leczenie guz\u00f3w m\u00f3zgu wymaga podej\u015bcia wielodyscyplinarnego, w kt\u00f3rym kluczow\u0105 rol\u0119 odgrywaj\u0105 specjali\u015bci r\u00f3\u017cnych dziedzin. Rokowanie w du\u017cej mierze zale\u017cy od stopnia z\u0142o\u015bliwo\u015bci guza oraz skuteczno\u015bci zastosowanych metod terapeutycznych. Mimo trudno\u015bci, post\u0119p w medycynie daje nadziej\u0119 na lepsze wyniki leczenia i popraw\u0119 jako\u015bci \u017cycia pacjent\u00f3w.<\/strong><\/p>\n\n\n\n<hr class=\"wp-block-separator has-alpha-channel-opacity\"\/>\n\n\n\n<p><strong>Bibliografia<\/strong><\/p>\n\n\n\n<ol start=\"1\" class=\"wp-block-list\">\n<li>https:\/\/www.mp.pl\/podrecznik\/pediatria\/chapter\/B42.71.13.26.1. (dost\u0119p: 12.01.2024).<\/li>\n\n\n\n<li>https:\/\/www.mp.pl\/psychiatria\/diagnostyka\/55160,wybrane-nowotwory-osr.odkowego-ukladu-nerwowego (dost\u0119p: 12.01.2024).<\/li>\n\n\n\n<li>Louis DN., Perry A., Wesseling P. et al. <em>The 2021 WHO Classification of Tumors of the Central Nervous System: a summary.<\/em>NeuroOncol. 2021 Aug 2;23(8):1231-1251.<\/li>\n\n\n\n<li>Delaidelli A., Moiraghi A. <em>Recent Advances in the Diagnosis and Treatment of Brain Tumors. <\/em>Brain Sci. 2024 Feb 28;14(3):224.<\/li>\n\n\n\n<li>Schaff LR., Mellinghoff IK. <em>Glioblastoma and Other Primary Brain Malignancies in Adults: A Review.<\/em>JAMA. 2023 Feb 21;329(7):574-587.<\/li>\n<\/ol>\n","protected":false},"excerpt":{"rendered":"<p>Jak rozpozna\u0107 pierwsze objawy guza m\u00f3zgu? Co wiemy o przyczynach jego powstawania? I wreszcie, jakie s\u0105 mo\u017cliwo\u015bci diagnostyki i leczenia?<\/p>\n","protected":false},"author":170,"featured_media":21227,"comment_status":"closed","ping_status":"closed","sticky":false,"template":"","format":"standard","meta":{"_acf_changed":false,"inline_featured_image":false,"footnotes":""},"categories":[10,13],"tags":[],"coauthors":[172],"class_list":{"0":"post-21223","1":"post","2":"type-post","3":"status-publish","4":"format-standard","5":"has-post-thumbnail","7":"category-choroby-nowotworowe","8":"category-choroby-ukladu-nerwowego"},"acf":[],"yoast_head":"<!-- This site is optimized with the Yoast SEO plugin v27.5 - https:\/\/yoast.com\/product\/yoast-seo-wordpress\/ -->\n<title>Guzy m\u00f3zgu \u2013 objawy, przyczyny i diagnostyka - Centrum Wiedzy ALAB laboratoria<\/title>\n<meta name=\"description\" content=\"Jak rozpozna\u0107 pierwsze objawy guza m\u00f3zgu? Co wiemy o przyczynach jego powstawania? I wreszcie, jakie s\u0105 mo\u017cliwo\u015bci diagnostyki i leczenia?\" \/>\n<meta name=\"robots\" content=\"index, follow, max-snippet:-1, max-image-preview:large, max-video-preview:-1\" \/>\n<link rel=\"canonical\" href=\"https:\/\/www.alab.pl\/centrum-wiedzy\/guzy-mozgu-objawy-przyczyny-i-diagnostyka\/\" \/>\n<meta property=\"og:locale\" content=\"pl_PL\" \/>\n<meta property=\"og:type\" content=\"article\" \/>\n<meta property=\"og:title\" content=\"Guzy m\u00f3zgu \u2013 objawy, przyczyny i diagnostyka - Centrum Wiedzy ALAB laboratoria\" \/>\n<meta property=\"og:description\" content=\"Jak rozpozna\u0107 pierwsze objawy guza m\u00f3zgu? Co wiemy o przyczynach jego powstawania? I wreszcie, jakie s\u0105 mo\u017cliwo\u015bci diagnostyki i leczenia?\" \/>\n<meta property=\"og:url\" content=\"https:\/\/www.alab.pl\/centrum-wiedzy\/guzy-mozgu-objawy-przyczyny-i-diagnostyka\/\" \/>\n<meta property=\"og:site_name\" content=\"Centrum Wiedzy ALAB laboratoria\" \/>\n<meta property=\"article:publisher\" content=\"https:\/\/www.facebook.com\/ALABlaboratoria\" \/>\n<meta property=\"article:published_time\" content=\"2025-02-06T11:43:57+00:00\" \/>\n<meta property=\"article:modified_time\" content=\"2026-02-09T08:55:49+00:00\" \/>\n<meta property=\"og:image\" content=\"https:\/\/www.alab.pl\/centrum-wiedzy\/wp-content\/uploads\/2025\/02\/guz_mozgu-.jpg\" \/>\n\t<meta property=\"og:image:width\" content=\"2202\" \/>\n\t<meta property=\"og:image:height\" content=\"1239\" \/>\n\t<meta property=\"og:image:type\" content=\"image\/jpeg\" \/>\n<meta name=\"author\" content=\"Kacper Staniszewski\" \/>\n<meta name=\"twitter:card\" content=\"summary_large_image\" \/>\n<meta name=\"twitter:label1\" content=\"Napisane przez\" \/>\n\t<meta name=\"twitter:data1\" content=\"Kacper Staniszewski\" \/>\n\t<meta name=\"twitter:label2\" content=\"Szacowany czas czytania\" \/>\n\t<meta name=\"twitter:data2\" content=\"10 minut\" \/>\n\t<meta name=\"twitter:label3\" content=\"Written by\" \/>\n\t<meta name=\"twitter:data3\" content=\"Kacper Staniszewski\" \/>\n<!-- \/ Yoast SEO plugin. -->","yoast_head_json":{"title":"Guzy m\u00f3zgu \u2013 objawy, przyczyny i diagnostyka - Centrum Wiedzy ALAB laboratoria","description":"Jak rozpozna\u0107 pierwsze objawy guza m\u00f3zgu? Co wiemy o przyczynach jego powstawania? I wreszcie, jakie s\u0105 mo\u017cliwo\u015bci diagnostyki i leczenia?","robots":{"index":"index","follow":"follow","max-snippet":"max-snippet:-1","max-image-preview":"max-image-preview:large","max-video-preview":"max-video-preview:-1"},"canonical":"https:\/\/www.alab.pl\/centrum-wiedzy\/guzy-mozgu-objawy-przyczyny-i-diagnostyka\/","og_locale":"pl_PL","og_type":"article","og_title":"Guzy m\u00f3zgu \u2013 objawy, przyczyny i diagnostyka - Centrum Wiedzy ALAB laboratoria","og_description":"Jak rozpozna\u0107 pierwsze objawy guza m\u00f3zgu? Co wiemy o przyczynach jego powstawania? I wreszcie, jakie s\u0105 mo\u017cliwo\u015bci diagnostyki i leczenia?","og_url":"https:\/\/www.alab.pl\/centrum-wiedzy\/guzy-mozgu-objawy-przyczyny-i-diagnostyka\/","og_site_name":"Centrum Wiedzy ALAB laboratoria","article_publisher":"https:\/\/www.facebook.com\/ALABlaboratoria","article_published_time":"2025-02-06T11:43:57+00:00","article_modified_time":"2026-02-09T08:55:49+00:00","og_image":[{"width":2202,"height":1239,"url":"https:\/\/www.alab.pl\/centrum-wiedzy\/wp-content\/uploads\/2025\/02\/guz_mozgu-.jpg","type":"image\/jpeg"}],"author":"Kacper Staniszewski","twitter_card":"summary_large_image","twitter_misc":{"Napisane przez":"Kacper Staniszewski","Szacowany czas czytania":"10 minut","Written by":"Kacper Staniszewski"},"schema":{"@context":"https:\/\/schema.org","@graph":[{"@type":"Article","@id":"https:\/\/www.alab.pl\/centrum-wiedzy\/guzy-mozgu-objawy-przyczyny-i-diagnostyka\/#article","isPartOf":{"@id":"https:\/\/www.alab.pl\/centrum-wiedzy\/guzy-mozgu-objawy-przyczyny-i-diagnostyka\/"},"author":{"name":"Kacper Staniszewski","@id":"https:\/\/www.alab.pl\/centrum-wiedzy\/#\/schema\/person\/2e8901b610242a0ad82808285d04fe65"},"headline":"Guzy m\u00f3zgu \u2013 objawy, przyczyny i diagnostyka","datePublished":"2025-02-06T11:43:57+00:00","dateModified":"2026-02-09T08:55:49+00:00","mainEntityOfPage":{"@id":"https:\/\/www.alab.pl\/centrum-wiedzy\/guzy-mozgu-objawy-przyczyny-i-diagnostyka\/"},"wordCount":1785,"publisher":{"@id":"https:\/\/www.alab.pl\/centrum-wiedzy\/#organization"},"image":{"@id":"https:\/\/www.alab.pl\/centrum-wiedzy\/guzy-mozgu-objawy-przyczyny-i-diagnostyka\/#primaryimage"},"thumbnailUrl":"https:\/\/www.alab.pl\/centrum-wiedzy\/wp-content\/uploads\/2025\/02\/guz_mozgu-.jpg","articleSection":["Choroby nowotworowe","Choroby uk\u0142adu nerwowego"],"inLanguage":"pl-PL"},{"@type":"WebPage","@id":"https:\/\/www.alab.pl\/centrum-wiedzy\/guzy-mozgu-objawy-przyczyny-i-diagnostyka\/","url":"https:\/\/www.alab.pl\/centrum-wiedzy\/guzy-mozgu-objawy-przyczyny-i-diagnostyka\/","name":"Guzy m\u00f3zgu \u2013 objawy, przyczyny i diagnostyka - Centrum Wiedzy ALAB laboratoria","isPartOf":{"@id":"https:\/\/www.alab.pl\/centrum-wiedzy\/#website"},"primaryImageOfPage":{"@id":"https:\/\/www.alab.pl\/centrum-wiedzy\/guzy-mozgu-objawy-przyczyny-i-diagnostyka\/#primaryimage"},"image":{"@id":"https:\/\/www.alab.pl\/centrum-wiedzy\/guzy-mozgu-objawy-przyczyny-i-diagnostyka\/#primaryimage"},"thumbnailUrl":"https:\/\/www.alab.pl\/centrum-wiedzy\/wp-content\/uploads\/2025\/02\/guz_mozgu-.jpg","datePublished":"2025-02-06T11:43:57+00:00","dateModified":"2026-02-09T08:55:49+00:00","description":"Jak rozpozna\u0107 pierwsze objawy guza m\u00f3zgu? Co wiemy o przyczynach jego powstawania? I wreszcie, jakie s\u0105 mo\u017cliwo\u015bci diagnostyki i leczenia?","breadcrumb":{"@id":"https:\/\/www.alab.pl\/centrum-wiedzy\/guzy-mozgu-objawy-przyczyny-i-diagnostyka\/#breadcrumb"},"inLanguage":"pl-PL","potentialAction":[{"@type":"ReadAction","target":["https:\/\/www.alab.pl\/centrum-wiedzy\/guzy-mozgu-objawy-przyczyny-i-diagnostyka\/"]}]},{"@type":"ImageObject","inLanguage":"pl-PL","@id":"https:\/\/www.alab.pl\/centrum-wiedzy\/guzy-mozgu-objawy-przyczyny-i-diagnostyka\/#primaryimage","url":"https:\/\/www.alab.pl\/centrum-wiedzy\/wp-content\/uploads\/2025\/02\/guz_mozgu-.jpg","contentUrl":"https:\/\/www.alab.pl\/centrum-wiedzy\/wp-content\/uploads\/2025\/02\/guz_mozgu-.jpg","width":2202,"height":1239,"caption":"guz m\u00f3zgu"},{"@type":"BreadcrumbList","@id":"https:\/\/www.alab.pl\/centrum-wiedzy\/guzy-mozgu-objawy-przyczyny-i-diagnostyka\/#breadcrumb","itemListElement":[{"@type":"ListItem","position":1,"name":"Strona g\u0142\u00f3wna","item":"https:\/\/www.alab.pl\/centrum-wiedzy\/"},{"@type":"ListItem","position":2,"name":"Guzy m\u00f3zgu \u2013 objawy, przyczyny i diagnostyka"}]},{"@type":"WebSite","@id":"https:\/\/www.alab.pl\/centrum-wiedzy\/#website","url":"https:\/\/www.alab.pl\/centrum-wiedzy\/","name":"Centrum Wiedzy ALAB laboratoria","description":"","publisher":{"@id":"https:\/\/www.alab.pl\/centrum-wiedzy\/#organization"},"potentialAction":[{"@type":"SearchAction","target":{"@type":"EntryPoint","urlTemplate":"https:\/\/www.alab.pl\/centrum-wiedzy\/?s={search_term_string}"},"query-input":{"@type":"PropertyValueSpecification","valueRequired":true,"valueName":"search_term_string"}}],"inLanguage":"pl-PL"},{"@type":"Organization","@id":"https:\/\/www.alab.pl\/centrum-wiedzy\/#organization","name":"Centrum Wiedzy ALAB laboratoria","url":"https:\/\/www.alab.pl\/centrum-wiedzy\/","logo":{"@type":"ImageObject","inLanguage":"pl-PL","@id":"https:\/\/www.alab.pl\/centrum-wiedzy\/#\/schema\/logo\/image\/","url":"https:\/\/www.alab.pl\/centrum-wiedzy\/wp-content\/uploads\/2022\/04\/alabek.jpg","contentUrl":"https:\/\/www.alab.pl\/centrum-wiedzy\/wp-content\/uploads\/2022\/04\/alabek.jpg","width":1250,"height":1251,"caption":"Centrum Wiedzy ALAB laboratoria"},"image":{"@id":"https:\/\/www.alab.pl\/centrum-wiedzy\/#\/schema\/logo\/image\/"},"sameAs":["https:\/\/www.facebook.com\/ALABlaboratoria"]},{"@type":"Person","@id":"https:\/\/www.alab.pl\/centrum-wiedzy\/#\/schema\/person\/2e8901b610242a0ad82808285d04fe65","name":"Kacper Staniszewski","image":{"@type":"ImageObject","inLanguage":"pl-PL","@id":"https:\/\/www.alab.pl\/centrum-wiedzy\/wp-content\/uploads\/2025\/02\/Kacper-Staniszewski-150x150.jpgc73da3b138f9e7edf0e9feacbca89431","url":"https:\/\/www.alab.pl\/centrum-wiedzy\/wp-content\/uploads\/2025\/02\/Kacper-Staniszewski-150x150.jpg","contentUrl":"https:\/\/www.alab.pl\/centrum-wiedzy\/wp-content\/uploads\/2025\/02\/Kacper-Staniszewski-150x150.jpg","caption":"Kacper Staniszewski"},"description":"Lekarz medycyny estetycznej oraz radiolog w trakcie specjalizacji. Absolwent Collegium Medicum w Bydgoszczy, znany z precyzji, wyj\u0105tkowego zmys\u0142u estetycznego i zaanga\u017cowania w swoj\u0105 prac\u0119. Prywatnie mi\u0142o\u015bnik zwierz\u0105t. Stale podnosi swoje kwalifikacje, uczestnicz\u0105c w licznych szkoleniach i konferencjach, by dostarcza\u0107 swoim pacjentom najnowocze\u015bniejsze rozwi\u0105zania.","url":"https:\/\/www.alab.pl\/centrum-wiedzy\/author\/kacper-staniszewski\/"}]}},"_links":{"self":[{"href":"https:\/\/www.alab.pl\/centrum-wiedzy\/wp-json\/wp\/v2\/posts\/21223","targetHints":{"allow":["GET"]}}],"collection":[{"href":"https:\/\/www.alab.pl\/centrum-wiedzy\/wp-json\/wp\/v2\/posts"}],"about":[{"href":"https:\/\/www.alab.pl\/centrum-wiedzy\/wp-json\/wp\/v2\/types\/post"}],"author":[{"embeddable":true,"href":"https:\/\/www.alab.pl\/centrum-wiedzy\/wp-json\/wp\/v2\/users\/170"}],"replies":[{"embeddable":true,"href":"https:\/\/www.alab.pl\/centrum-wiedzy\/wp-json\/wp\/v2\/comments?post=21223"}],"version-history":[{"count":5,"href":"https:\/\/www.alab.pl\/centrum-wiedzy\/wp-json\/wp\/v2\/posts\/21223\/revisions"}],"predecessor-version":[{"id":29725,"href":"https:\/\/www.alab.pl\/centrum-wiedzy\/wp-json\/wp\/v2\/posts\/21223\/revisions\/29725"}],"wp:featuredmedia":[{"embeddable":true,"href":"https:\/\/www.alab.pl\/centrum-wiedzy\/wp-json\/wp\/v2\/media\/21227"}],"wp:attachment":[{"href":"https:\/\/www.alab.pl\/centrum-wiedzy\/wp-json\/wp\/v2\/media?parent=21223"}],"wp:term":[{"taxonomy":"category","embeddable":true,"href":"https:\/\/www.alab.pl\/centrum-wiedzy\/wp-json\/wp\/v2\/categories?post=21223"},{"taxonomy":"post_tag","embeddable":true,"href":"https:\/\/www.alab.pl\/centrum-wiedzy\/wp-json\/wp\/v2\/tags?post=21223"},{"taxonomy":"author","embeddable":true,"href":"https:\/\/www.alab.pl\/centrum-wiedzy\/wp-json\/wp\/v2\/coauthors?post=21223"}],"curies":[{"name":"wp","href":"https:\/\/api.w.org\/{rel}","templated":true}]}}