{"id":21494,"date":"2025-02-11T14:17:54","date_gmt":"2025-02-11T13:17:54","guid":{"rendered":"https:\/\/www.alab.pl\/centrum-wiedzy\/?p=21494"},"modified":"2025-02-11T14:17:56","modified_gmt":"2025-02-11T13:17:56","slug":"hemoglobina-co-to-jest-i-jaka-funkcje-pelni","status":"publish","type":"post","link":"https:\/\/www.alab.pl\/centrum-wiedzy\/hemoglobina-co-to-jest-i-jaka-funkcje-pelni\/","title":{"rendered":"Hemoglobina &#8211; co to jest i jak\u0105 funkcj\u0119 pe\u0142ni?"},"content":{"rendered":"\n<p><strong>Hemoglobina jest jednym z najwa\u017cniejszych bia\u0142ek organizmu cz\u0142owieka, bez kt\u00f3rego nie by\u0142oby mo\u017cliwe jego prawid\u0142owe funkcjonowanie. Jakie funkcje pe\u0142ni hemoglobina? Dlaczego jest tak wa\u017cna? Jak mo\u017cna oznaczy\u0107 st\u0119\u017cenie tego bia\u0142ka? Przeczytaj poni\u017cszy artyku\u0142 i dowiedz si\u0119 o czym mo\u017ce \u015bwiadczy\u0107 obni\u017cone, jak i podwy\u017cszone st\u0119\u017cenie hemoglobiny.<\/strong><\/p>\n\n\n\n<p>Spis tre\u015bci:<\/p>\n\n\n\n<ol class=\"wp-block-list\">\n<li><a href=\"#Co-to-jest-hemoglobina?\">Co to jest hemoglobina?<\/a><\/li>\n\n\n\n<li><a href=\"#Za-co-odpowiada-hemoglobina?\">Za co odpowiada hemoglobina?<\/a><\/li>\n\n\n\n<li><a href=\"#Kiedy-przeprowadzi\u0107-badanie-hemoglobiny?\">Kiedy przeprowadzi\u0107 badanie hemoglobiny?<\/a><\/li>\n\n\n\n<li><a href=\"#Badanie-hemoglobiny-\u2013-jak-interpretowa\u0107-wyniki?\">Badanie hemoglobiny \u2013 jak interpretowa\u0107 wyniki?<\/a><\/li>\n\n\n\n<li><a href=\"#Podwy\u017cszona-hemoglobina-\u2013-o-czym-\u015bwiadczy?\">Podwy\u017cszona hemoglobina \u2013 o czym \u015bwiadczy?<\/a><\/li>\n\n\n\n<li><a href=\"#Hemoglobina-poni\u017cej-normy-\u2013-co-oznacza?\">Hemoglobina poni\u017cej normy \u2013 co oznacza?<\/a><\/li>\n<\/ol>\n\n\n\n<h2 class=\"wp-block-heading\" id=\"Co-to-jest-hemoglobina?\">Co to jest hemoglobina?<\/h2>\n\n\n\n<p>Hemoglobina jest bia\u0142kiem, znajduj\u0105cym si\u0119 w erytrocytach, czyli w krwinkach czerwonych. Pod wzgl\u0119dem budowy, hemoglobina sk\u0142ada si\u0119 z czterech \u0142a\u0144cuch\u00f3w peptydowych (a wi\u0119c \u0142a\u0144cuch\u00f3w bia\u0142kowych), zawieraj\u0105cych po jednej grupie hemowej, zdolnej do wi\u0105zania jednej cz\u0105steczki tlenu. Grupy hemowe zawarte w hemoglobinie zbudowane s\u0105 mi\u0119dzy innymi z atom\u00f3w \u017celaza i nadaj\u0105 temu bia\u0142ku, a tym samym krwi charakterystyczne czerwone zabarwienie. Warto wspomnie\u0107, \u017ce innym, wa\u017cnym bia\u0142kiem, zawieraj\u0105cym grupy hemowe jest mioglobina. Odpowiada ona za magazynowanie tlenu w mi\u0119\u015bniach.<\/p>\n\n\n\n<p><strong>>> Przeczytaj tak\u017ce: <a href=\"https:\/\/www.alab.pl\/centrum-wiedzy\/krew-budowa-funkcje-w-organizmie-grupy-krwi-i-ich-dziedziczenie\/\">Krew \u2013 budowa, funkcje w organizmie, grupy krwi i ich dziedziczenie<\/a><\/strong><\/p>\n\n\n\n<h2 class=\"wp-block-heading\" id=\"Za-co-odpowiada-hemoglobina?\">Za co odpowiada hemoglobina?<\/h2>\n\n\n\n<p>Najwa\u017cniejsz\u0105 rol\u0105 hemoglobiny jest transport tlenu z p\u0119cherzyk\u00f3w p\u0142ucnych do wszystkich narz\u0105d\u00f3w i tkanek organizmu cz\u0142owieka. Jedna cz\u0105steczka hemoglobiny jest w stanie przetransportowa\u0107 maksymalnie cztery cz\u0105steczki tlenu. Hemoglobina z przy\u0142\u0105czonym tlenem okre\u015blana jest jako hemoglobina utlenowana (oksyhemoglobina), z kolei hemoglobina pozbawiona cz\u0105steczek tlenu to hemoglobina odtlenowana (deoksyhemoglobina). Warto doda\u0107, \u017ce hemoglobina odpowiada r\u00f3wnie\u017c za cz\u0119\u015bciowy transport dwutlenku w\u0119gla z narz\u0105d\u00f3w i tkanek do p\u0142uc. Bia\u0142ko to transportuje oko\u0142o 15% og\u00f3lnej ilo\u015bci dwutlenku w\u0119gla, transportowanego przez krew.<\/p>\n\n\n\n<p>Nale\u017cy w tym miejscu wspomnie\u0107, \u017ce tlenek w\u0119gla, czyli potocznie m\u00f3wi\u0105c czad (CO) cechuje si\u0119 bardzo du\u017cym powinowactwem do hemoglobiny. Gaz ten \u0142\u0105czy si\u0119 z hemoglobin\u0105 w spos\u00f3b bardziej trwa\u0142y, ni\u017c&nbsp; tlen &#8211; powstaje w\u00f3wczas karboksyhemoglobina. Sprawia to, \u017ce hemoglobina traci w\u00f3wczas zdolno\u015b\u0107 do wi\u0105zania si\u0119 z tlenem. Prowadzi to do pojawienia si\u0119 gro\u017anych objaw\u00f3w zatrucia tlenkiem w\u0119gla.<\/p>\n\n\n\n<h2 class=\"wp-block-heading\" id=\"Kiedy-przeprowadzi\u0107-badanie-hemoglobiny?\">Kiedy przeprowadzi\u0107 badanie hemoglobiny?<\/h2>\n\n\n\n<p><a href=\"https:\/\/www.alab.pl\/centrum-wiedzy\/mchc-w-morfologii-krwi-co-to-za-wskaznik-co-oznacza-niski-lub-podwyzszony-poziom\/\">St\u0119\u017cenie hemoglobiny<\/a> jest jednym z parametr\u00f3w oznaczanych w ramach morfologii krwi obwodowej. Opr\u00f3cz st\u0119\u017cenia hemoglobiny, morfologia krwi obwodowej pozwala r\u00f3wnie\u017c mi\u0119dzy innymi na ocen\u0119 <a href=\"https:\/\/www.alab.pl\/centrum-wiedzy\/badanie-rbc-liczby-erytrocytow-po-co-sie-je-wykonuje-interpretacja-wynikow\/\">liczby krwinek czerwonych<\/a>, <a href=\"https:\/\/www.alab.pl\/centrum-wiedzy\/stan-zapalny-i-rola-leukocytow\/\">krwinek bia\u0142ych<\/a>, czy <a href=\"https:\/\/www.alab.pl\/centrum-wiedzy\/rola-plytek-krwi-w-powstawaniu-stanu-zapalnego\/200107_WSB_raport_SEO_Bluerank.zip\">p\u0142ytek krwi<\/a>, a tak\u017ce <a href=\"https:\/\/www.alab.pl\/centrum-wiedzy\/rdw-cv-co-oznacza-ten-parametr-w-morfologii-krwi\/\">wielko\u015bci krwinki czerwonej<\/a>. Ocen\u0119 st\u0119\u017cenia hemoglobiny, wraz z ocen\u0105 pozosta\u0142ych parametr\u00f3w krwi powinno si\u0119 wykonywa\u0107 regularnie, przynajmniej raz w roku.<\/p>\n\n\n\n<figure class=\"wp-block-image size-full\"><a href=\"https:\/\/www.alab.pl\/badanie\/morfologia-krwi-c55\"><img loading=\"lazy\" decoding=\"async\" width=\"800\" height=\"200\" src=\"https:\/\/www.alab.pl\/centrum-wiedzy\/wp-content\/uploads\/2025\/02\/Morfologia.jpg\" alt=\"Morfologia banerek\" class=\"wp-image-21108\" srcset=\"https:\/\/www.alab.pl\/centrum-wiedzy\/wp-content\/uploads\/2025\/02\/Morfologia.jpg 800w, https:\/\/www.alab.pl\/centrum-wiedzy\/wp-content\/uploads\/2025\/02\/Morfologia-768x192.jpg 768w, https:\/\/www.alab.pl\/centrum-wiedzy\/wp-content\/uploads\/2025\/02\/Morfologia-150x38.jpg 150w, https:\/\/www.alab.pl\/centrum-wiedzy\/wp-content\/uploads\/2025\/02\/Morfologia-300x75.jpg 300w, https:\/\/www.alab.pl\/centrum-wiedzy\/wp-content\/uploads\/2025\/02\/Morfologia-696x174.jpg 696w\" sizes=\"auto, (max-width: 800px) 100vw, 800px\" \/><\/a><\/figure>\n\n\n\n<p>Oznaczenie morfologii krwi obwodowej jest jednym z bada\u0144 laboratoryjnych, kt\u00f3re powinno si\u0119 wykona\u0107 w diagnostyce niekt\u00f3rych objaw\u00f3w chorobowych, w tym takich jak:<\/p>\n\n\n\n<ul class=\"wp-block-list\">\n<li>os\u0142abienie, \u0142atwa m\u0119czliwo\u015b\u0107,<\/li>\n\n\n\n<li>pogorszenie tolerancji wysi\u0142ku,<\/li>\n\n\n\n<li>b\u00f3le i zawroty g\u0142owy,<\/li>\n\n\n\n<li>blado\u015b\u0107 sk\u00f3ry i \u015bluz\u00f3wek,<\/li>\n\n\n\n<li>tendencja do przed\u0142u\u017caj\u0105cych si\u0119 krwawie\u0144,<\/li>\n\n\n\n<li>gor\u0105czka o nieustalonej przyczynie,<\/li>\n\n\n\n<li>nocne poty,<\/li>\n\n\n\n<li>b\u00f3le mi\u0119\u015bni i staw\u00f3w,<\/li>\n\n\n\n<li>utrata masy cia\u0142a.<\/li>\n<\/ul>\n\n\n\n<p>Oznaczenie st\u0119\u017cenia hemoglobiny wykonuje si\u0119 z pr\u00f3bki krwi \u017cylnej, a samo badanie nie wymaga od pacjenta specjalnego przygotowania. Warto jednak pozosta\u0107 na czczo, a dzie\u0144 przed badaniem wstrzyma\u0107 si\u0119 od intensywnego wysi\u0142ku fizycznego i spo\u017cywania alkoholu.<\/p>\n\n\n\n<p><strong>>> Przeczytaj tak\u017ce: <a href=\"https:\/\/www.alab.pl\/centrum-wiedzy\/morfologia-krwi-badanie-ktore-moze-uratowac-zycie\/\">Morfologia krwi \u2013 badanie, kt\u00f3re mo\u017ce uratowa\u0107 \u017cycie<\/a><\/strong><\/p>\n\n\n\n<h2 class=\"wp-block-heading\" id=\"Badanie-hemoglobiny-\u2013-jak-interpretowa\u0107-wyniki?\">Badanie hemoglobiny \u2013 jak interpretowa\u0107 wyniki?<\/h2>\n\n\n\n<p>Warto\u015bci referencyjne w odniesieniu do st\u0119\u017cenia hemoglobiny nie s\u0105 jednakowe dla wszystkich pacjent\u00f3w. Zale\u017c\u0105 one bowiem mi\u0119dzy innymi od wieku i p\u0142ci. Inne warto\u015bci referencyjne dotycz\u0105 r\u00f3wnie\u017c kobiet b\u0119d\u0105cych w ci\u0105\u017cy i w po\u0142ogu. Warto podkre\u015bli\u0107, \u017ce odchylenia w st\u0119\u017ceniu hemoglobiny powinny by\u0107 interpretowane przez lekarza, kt\u00f3ry ma wgl\u0105d w histori\u0119 leczenia danego pacjenta oraz mo\u017ce z nim przeprowadzi\u0107 wywiad i badanie przedmiotowe. Co wi\u0119cej, st\u0119\u017cenie hemoglobiny nie powinno by\u0107 interpretowane w oderwaniu od pozosta\u0142ych parametr\u00f3w morfologii krwi obwodowej.<\/p>\n\n\n\n<h2 class=\"wp-block-heading\" id=\"Podwy\u017cszona-hemoglobina-\u2013-o-czym-\u015bwiadczy?\">Podwy\u017cszona hemoglobina \u2013 o czym \u015bwiadczy?<\/h2>\n\n\n\n<p>Podwy\u017cszone st\u0119\u017cenie hemoglobiny mo\u017ce by\u0107 przypadkowym znaleziskiem laboratoryjnym lub \u015bwiadczy\u0107 o istnieniu pewnych schorze\u0144. Jakim stanom klinicznym i chorobom mo\u017ce towarzyszy\u0107 podwy\u017cszona warto\u015b\u0107 hemoglobiny w morfologii krwi obwodowej? Nale\u017cy w tym miejscu wymieni\u0107 przede wszystkim:<\/p>\n\n\n\n<ul class=\"wp-block-list\">\n<li><a href=\"https:\/\/www.alab.pl\/centrum-wiedzy\/nawadnianie-organizmu-suplementacja-elektrolitow\/\"><strong>odwodnienie<\/strong><\/a><strong> <\/strong>&#8211; na przyk\u0142ad po intensywnym wysi\u0142ku fizycznym, czy nie\u017cycie \u017co\u0142\u0105dkowo-jelitowym, czy spo\u017cywaniu zbyt ma\u0142ej ilo\u015bci p\u0142yn\u00f3w,<\/li>\n\n\n\n<li><strong>stan po rozleg\u0142ych oparzeniach<\/strong>,<\/li>\n\n\n\n<li><a href=\"https:\/\/www.alab.pl\/centrum-wiedzy\/czerwienica-prawdziwa-co-to-jest-objawy-przyczyny-diagnostyka-i-leczenie\/\"><strong>czerwienic\u0119 prawdziw\u0105<\/strong><\/a><strong> <\/strong>&#8211; jest to schorzenie hematologiczne, kt\u00f3rego istot\u0105 jest zwi\u0119kszone wytwarzanie krwinek czerwonych w szpiku kostnym,<\/li>\n\n\n\n<li><strong>niekt\u00f3re schorzenia dotycz\u0105ce uk\u0142adu oddechowego<\/strong> &#8211; w tym przewlek\u0142a obturacyjna choroba p\u0142uc,<\/li>\n\n\n\n<li><strong>przebywanie na du\u017cej wysoko\u015bci<\/strong>,<\/li>\n\n\n\n<li><a href=\"https:\/\/www.alab.pl\/centrum-wiedzy\/palenie-papierosow-negatywne-skutki-i-wplyw-na-zdrowie-palenia-tytoniu\/\"><strong>nikotynizm<\/strong><\/a>.<\/li>\n<\/ul>\n\n\n\n<h2 class=\"wp-block-heading\" id=\"Hemoglobina-poni\u017cej-normy-\u2013-co-oznacza?\">Hemoglobina poni\u017cej normy \u2013 co oznacza?<\/h2>\n\n\n\n<p>Obni\u017cenie st\u0119\u017cenia hemoglobiny jest znacznie cz\u0119\u015bciej diagnozowanym odchyleniem, ni\u017c podwy\u017cszenie jej st\u0119\u017cenia. Jakie mog\u0105 by\u0107 przyczyny obni\u017conych warto\u015bci hemoglobiny? W tym miejscu nale\u017cy wymieni\u0107 takie stany kliniczne jak:<\/p>\n\n\n\n<ul class=\"wp-block-list\">\n<li><strong>niedokrwisto\u015b\u0107 z niedoboru \u017celaza<\/strong>,<\/li>\n\n\n\n<li><strong>niedokrwisto\u015bci megaloblastyczne <\/strong>&#8211; a wi\u0119c wynikaj\u0105ce z niedoboru witaminy B12 i\/lub kwasu foliowego,<\/li>\n\n\n\n<li><strong>inne niedokrwisto\u015bci <\/strong>&#8211; w tym mi\u0119dzy innymi niedokrwisto\u015b\u0107 hemolityczna, niedokrwisto\u015b\u0107 chor\u00f3b przewlek\u0142ych, czy niedokrwisto\u015b\u0107 aplastyczna,<\/li>\n\n\n\n<li><a href=\"https:\/\/www.alab.pl\/centrum-wiedzy\/talasemia-co-to-za-choroba-objawy-przyczyny-diagnostyka-i-leczenie\/\"><strong>talasemie<\/strong><\/a> &#8211; czyli schorzenia wynikaj\u0105ce z wrodzonych defekt\u00f3w budowy hemoglobiny,<\/li>\n\n\n\n<li><strong>nowotwory z\u0142o\u015bliwe<\/strong>, w tym <a href=\"https:\/\/www.alab.pl\/centrum-wiedzy\/bialaczka-leukemia-rak-krwi-objawy-rodzaje-diagnostyka-i-leczenie\/\">bia\u0142aczki<\/a>,<\/li>\n\n\n\n<li><strong>choroby nerek<\/strong>, w tym przewlek\u0142a niewydolno\u015b\u0107 tego narz\u0105du,<\/li>\n\n\n\n<li><a href=\"https:\/\/www.alab.pl\/centrum-wiedzy\/niedoczynnosc-tarczycy\/\"><strong>niedoczynno\u015b\u0107 tarczycy<\/strong><\/a>,<\/li>\n\n\n\n<li><strong>niekt\u00f3re choroby w\u0105troby<\/strong>,<\/li>\n\n\n\n<li><strong>stany zwi\u0105zane z przewodnieniem organizmu<\/strong>.<\/li>\n<\/ul>\n\n\n\n<p><strong>>> Przeczytaj tak\u017ce: <a href=\"https:\/\/www.alab.pl\/centrum-wiedzy\/rodzaje-anemii-i-ich-przyczyny\/\">Najcz\u0119stsze rodzaje anemii i ich przyczyny<\/a><\/strong><\/p>\n\n\n\n<p>St\u0119\u017cenie hemoglobiny to jeden z g\u0142\u00f3wnych parametr\u00f3w oznaczanych w trakcie wykonywania morfologii krwi obwodowej. Jest to stosunkowo proste badanie, kt\u00f3re dostarcza nam wielu cennych informacji diagnostycznych. St\u0119\u017cenie hemoglobiny, wraz z reszt\u0105 parametr\u00f3w morfologii krwi powinno by\u0107 wykonywane przynajmniej raz w roku. Pozwala bowiem na zobrazowanie wa\u017cnych odchyle\u0144 i wczesne wy\u0142apanie ewentualnych schorze\u0144, wymagaj\u0105cych podj\u0119cia leczenia.&nbsp;<\/p>\n\n\n\n<hr class=\"wp-block-separator has-alpha-channel-opacity\"\/>\n\n\n\n<p><strong>Bibliografia<\/strong><\/p>\n\n\n\n<ol start=\"1\" class=\"wp-block-list\">\n<li>A. Dembi\u0144ska-Kie\u0107 i inni, Diagnostyka laboratoryjna z elementami biochemii klinicznej, Urban &amp; Partner, Wroc\u0142aw 2005 (dodruk), s. 654\u2013659,<\/li>\n\n\n\n<li>L. Stryer, Biochemia, wydanie 2, PWN, Warszawa 2003, s. 66\u201369,<\/li>\n\n\n\n<li>A. Szczeklik, Piotr Gajewski, Interna Szczeklika, Wydawnictwo Medycyna Praktyczna, Krak\u00f3w 2020\/2021,<\/li>\n\n\n\n<li>I. Hus, A. Mastalerz-Migas, Algorytm r\u00f3\u017cnicowania przyczyn niedokrwisto\u015bci, Lekarz POZ, 1\/2022, s. 12\u201317.<\/li>\n<\/ol>\n","protected":false},"excerpt":{"rendered":"<p>Sprawd\u017a, jakie funkcje pe\u0142ni hemoglobina? Dlaczego jest tak wa\u017cna? Jak mo\u017cna oznaczy\u0107 st\u0119\u017cenie tego bia\u0142ka? <\/p>\n","protected":false},"author":165,"featured_media":21496,"comment_status":"closed","ping_status":"closed","sticky":false,"template":"","format":"standard","meta":{"_acf_changed":false,"inline_featured_image":false,"footnotes":""},"categories":[25],"tags":[],"coauthors":[176],"class_list":{"0":"post-21494","1":"post","2":"type-post","3":"status-publish","4":"format-standard","5":"has-post-thumbnail","7":"category-odpowiedz-masz-we-krwi"},"acf":[],"yoast_head":"<!-- This site is optimized with the Yoast SEO plugin v27.5 - https:\/\/yoast.com\/product\/yoast-seo-wordpress\/ -->\n<title>Hemoglobina - co to jest i jak\u0105 funkcj\u0119 pe\u0142ni? - Centrum Wiedzy ALAB laboratoria<\/title>\n<meta name=\"description\" content=\"Sprawd\u017a, jakie funkcje pe\u0142ni hemoglobina? Dlaczego jest tak wa\u017cna? Jak mo\u017cna oznaczy\u0107 st\u0119\u017cenie tego bia\u0142ka?\" \/>\n<meta name=\"robots\" content=\"index, follow, max-snippet:-1, max-image-preview:large, max-video-preview:-1\" \/>\n<link rel=\"canonical\" href=\"https:\/\/www.alab.pl\/centrum-wiedzy\/hemoglobina-co-to-jest-i-jaka-funkcje-pelni\/\" \/>\n<meta property=\"og:locale\" content=\"pl_PL\" \/>\n<meta property=\"og:type\" content=\"article\" \/>\n<meta property=\"og:title\" content=\"Hemoglobina - co to jest i jak\u0105 funkcj\u0119 pe\u0142ni? - Centrum Wiedzy ALAB laboratoria\" \/>\n<meta property=\"og:description\" content=\"Sprawd\u017a, jakie funkcje pe\u0142ni hemoglobina? Dlaczego jest tak wa\u017cna? Jak mo\u017cna oznaczy\u0107 st\u0119\u017cenie tego bia\u0142ka?\" \/>\n<meta property=\"og:url\" content=\"https:\/\/www.alab.pl\/centrum-wiedzy\/hemoglobina-co-to-jest-i-jaka-funkcje-pelni\/\" \/>\n<meta property=\"og:site_name\" content=\"Centrum Wiedzy ALAB laboratoria\" \/>\n<meta property=\"article:publisher\" content=\"https:\/\/www.facebook.com\/ALABlaboratoria\" \/>\n<meta property=\"article:published_time\" content=\"2025-02-11T13:17:54+00:00\" \/>\n<meta property=\"article:modified_time\" content=\"2025-02-11T13:17:56+00:00\" \/>\n<meta property=\"og:image\" content=\"https:\/\/www.alab.pl\/centrum-wiedzy\/wp-content\/uploads\/2025\/02\/hemoglobina.jpg\" \/>\n\t<meta property=\"og:image:width\" content=\"1650\" \/>\n\t<meta property=\"og:image:height\" content=\"1238\" \/>\n\t<meta property=\"og:image:type\" content=\"image\/jpeg\" \/>\n<meta name=\"author\" content=\"Katarzyna Banaszczyk\" \/>\n<meta name=\"twitter:card\" content=\"summary_large_image\" \/>\n<meta name=\"twitter:label1\" content=\"Napisane przez\" \/>\n\t<meta name=\"twitter:data1\" content=\"Katarzyna Banaszczyk\" \/>\n\t<meta name=\"twitter:label2\" content=\"Szacowany czas czytania\" \/>\n\t<meta name=\"twitter:data2\" content=\"6 minut\" \/>\n\t<meta name=\"twitter:label3\" content=\"Written by\" \/>\n\t<meta name=\"twitter:data3\" content=\"Katarzyna Banaszczyk\" \/>\n<!-- \/ Yoast SEO plugin. -->","yoast_head_json":{"title":"Hemoglobina - co to jest i jak\u0105 funkcj\u0119 pe\u0142ni? - Centrum Wiedzy ALAB laboratoria","description":"Sprawd\u017a, jakie funkcje pe\u0142ni hemoglobina? Dlaczego jest tak wa\u017cna? Jak mo\u017cna oznaczy\u0107 st\u0119\u017cenie tego bia\u0142ka?","robots":{"index":"index","follow":"follow","max-snippet":"max-snippet:-1","max-image-preview":"max-image-preview:large","max-video-preview":"max-video-preview:-1"},"canonical":"https:\/\/www.alab.pl\/centrum-wiedzy\/hemoglobina-co-to-jest-i-jaka-funkcje-pelni\/","og_locale":"pl_PL","og_type":"article","og_title":"Hemoglobina - co to jest i jak\u0105 funkcj\u0119 pe\u0142ni? - Centrum Wiedzy ALAB laboratoria","og_description":"Sprawd\u017a, jakie funkcje pe\u0142ni hemoglobina? Dlaczego jest tak wa\u017cna? Jak mo\u017cna oznaczy\u0107 st\u0119\u017cenie tego bia\u0142ka?","og_url":"https:\/\/www.alab.pl\/centrum-wiedzy\/hemoglobina-co-to-jest-i-jaka-funkcje-pelni\/","og_site_name":"Centrum Wiedzy ALAB laboratoria","article_publisher":"https:\/\/www.facebook.com\/ALABlaboratoria","article_published_time":"2025-02-11T13:17:54+00:00","article_modified_time":"2025-02-11T13:17:56+00:00","og_image":[{"width":1650,"height":1238,"url":"https:\/\/www.alab.pl\/centrum-wiedzy\/wp-content\/uploads\/2025\/02\/hemoglobina.jpg","type":"image\/jpeg"}],"author":"Katarzyna Banaszczyk","twitter_card":"summary_large_image","twitter_misc":{"Napisane przez":"Katarzyna Banaszczyk","Szacowany czas czytania":"6 minut","Written by":"Katarzyna Banaszczyk"},"schema":{"@context":"https:\/\/schema.org","@graph":[{"@type":"Article","@id":"https:\/\/www.alab.pl\/centrum-wiedzy\/hemoglobina-co-to-jest-i-jaka-funkcje-pelni\/#article","isPartOf":{"@id":"https:\/\/www.alab.pl\/centrum-wiedzy\/hemoglobina-co-to-jest-i-jaka-funkcje-pelni\/"},"author":{"name":"Katarzyna Banaszczyk","@id":"https:\/\/www.alab.pl\/centrum-wiedzy\/#\/schema\/person\/308fb46be1959418e2e115e61c335941"},"headline":"Hemoglobina &#8211; co to jest i jak\u0105 funkcj\u0119 pe\u0142ni?","datePublished":"2025-02-11T13:17:54+00:00","dateModified":"2025-02-11T13:17:56+00:00","mainEntityOfPage":{"@id":"https:\/\/www.alab.pl\/centrum-wiedzy\/hemoglobina-co-to-jest-i-jaka-funkcje-pelni\/"},"wordCount":1064,"publisher":{"@id":"https:\/\/www.alab.pl\/centrum-wiedzy\/#organization"},"image":{"@id":"https:\/\/www.alab.pl\/centrum-wiedzy\/hemoglobina-co-to-jest-i-jaka-funkcje-pelni\/#primaryimage"},"thumbnailUrl":"https:\/\/www.alab.pl\/centrum-wiedzy\/wp-content\/uploads\/2025\/02\/hemoglobina.jpg","articleSection":["Odpowied\u017a masz we krwi"],"inLanguage":"pl-PL"},{"@type":"WebPage","@id":"https:\/\/www.alab.pl\/centrum-wiedzy\/hemoglobina-co-to-jest-i-jaka-funkcje-pelni\/","url":"https:\/\/www.alab.pl\/centrum-wiedzy\/hemoglobina-co-to-jest-i-jaka-funkcje-pelni\/","name":"Hemoglobina - co to jest i jak\u0105 funkcj\u0119 pe\u0142ni? - Centrum Wiedzy ALAB laboratoria","isPartOf":{"@id":"https:\/\/www.alab.pl\/centrum-wiedzy\/#website"},"primaryImageOfPage":{"@id":"https:\/\/www.alab.pl\/centrum-wiedzy\/hemoglobina-co-to-jest-i-jaka-funkcje-pelni\/#primaryimage"},"image":{"@id":"https:\/\/www.alab.pl\/centrum-wiedzy\/hemoglobina-co-to-jest-i-jaka-funkcje-pelni\/#primaryimage"},"thumbnailUrl":"https:\/\/www.alab.pl\/centrum-wiedzy\/wp-content\/uploads\/2025\/02\/hemoglobina.jpg","datePublished":"2025-02-11T13:17:54+00:00","dateModified":"2025-02-11T13:17:56+00:00","description":"Sprawd\u017a, jakie funkcje pe\u0142ni hemoglobina? Dlaczego jest tak wa\u017cna? Jak mo\u017cna oznaczy\u0107 st\u0119\u017cenie tego bia\u0142ka?","breadcrumb":{"@id":"https:\/\/www.alab.pl\/centrum-wiedzy\/hemoglobina-co-to-jest-i-jaka-funkcje-pelni\/#breadcrumb"},"inLanguage":"pl-PL","potentialAction":[{"@type":"ReadAction","target":["https:\/\/www.alab.pl\/centrum-wiedzy\/hemoglobina-co-to-jest-i-jaka-funkcje-pelni\/"]}]},{"@type":"ImageObject","inLanguage":"pl-PL","@id":"https:\/\/www.alab.pl\/centrum-wiedzy\/hemoglobina-co-to-jest-i-jaka-funkcje-pelni\/#primaryimage","url":"https:\/\/www.alab.pl\/centrum-wiedzy\/wp-content\/uploads\/2025\/02\/hemoglobina.jpg","contentUrl":"https:\/\/www.alab.pl\/centrum-wiedzy\/wp-content\/uploads\/2025\/02\/hemoglobina.jpg","width":1650,"height":1238,"caption":"hemoglobina"},{"@type":"BreadcrumbList","@id":"https:\/\/www.alab.pl\/centrum-wiedzy\/hemoglobina-co-to-jest-i-jaka-funkcje-pelni\/#breadcrumb","itemListElement":[{"@type":"ListItem","position":1,"name":"Strona g\u0142\u00f3wna","item":"https:\/\/www.alab.pl\/centrum-wiedzy\/"},{"@type":"ListItem","position":2,"name":"Hemoglobina &#8211; co to jest i jak\u0105 funkcj\u0119 pe\u0142ni?"}]},{"@type":"WebSite","@id":"https:\/\/www.alab.pl\/centrum-wiedzy\/#website","url":"https:\/\/www.alab.pl\/centrum-wiedzy\/","name":"Centrum Wiedzy ALAB laboratoria","description":"","publisher":{"@id":"https:\/\/www.alab.pl\/centrum-wiedzy\/#organization"},"potentialAction":[{"@type":"SearchAction","target":{"@type":"EntryPoint","urlTemplate":"https:\/\/www.alab.pl\/centrum-wiedzy\/?s={search_term_string}"},"query-input":{"@type":"PropertyValueSpecification","valueRequired":true,"valueName":"search_term_string"}}],"inLanguage":"pl-PL"},{"@type":"Organization","@id":"https:\/\/www.alab.pl\/centrum-wiedzy\/#organization","name":"Centrum Wiedzy ALAB laboratoria","url":"https:\/\/www.alab.pl\/centrum-wiedzy\/","logo":{"@type":"ImageObject","inLanguage":"pl-PL","@id":"https:\/\/www.alab.pl\/centrum-wiedzy\/#\/schema\/logo\/image\/","url":"https:\/\/www.alab.pl\/centrum-wiedzy\/wp-content\/uploads\/2022\/04\/alabek.jpg","contentUrl":"https:\/\/www.alab.pl\/centrum-wiedzy\/wp-content\/uploads\/2022\/04\/alabek.jpg","width":1250,"height":1251,"caption":"Centrum Wiedzy ALAB laboratoria"},"image":{"@id":"https:\/\/www.alab.pl\/centrum-wiedzy\/#\/schema\/logo\/image\/"},"sameAs":["https:\/\/www.facebook.com\/ALABlaboratoria"]},{"@type":"Person","@id":"https:\/\/www.alab.pl\/centrum-wiedzy\/#\/schema\/person\/308fb46be1959418e2e115e61c335941","name":"Katarzyna Banaszczyk","image":{"@type":"ImageObject","inLanguage":"pl-PL","@id":"https:\/\/www.alab.pl\/centrum-wiedzy\/wp-content\/uploads\/2024\/12\/Katarzyna-Banaszczyk-150x150.jpgdd037207674aeb9b7e97c9616a0cf536","url":"https:\/\/www.alab.pl\/centrum-wiedzy\/wp-content\/uploads\/2024\/12\/Katarzyna-Banaszczyk-150x150.jpg","contentUrl":"https:\/\/www.alab.pl\/centrum-wiedzy\/wp-content\/uploads\/2024\/12\/Katarzyna-Banaszczyk-150x150.jpg","caption":"Katarzyna Banaszczyk"},"description":"Lekarka w trakcie specjalizacji z dermatologii i wenerologii. Absolwentka Collegium Medicum UMK im. Ludwika Rydygiera w Bydgoszczy. Wyk\u0142adowca akademicki Collegium Medicum im. W\u0142adys\u0142awa Biega\u0144skiego w Cz\u0119stochowie.","url":"https:\/\/www.alab.pl\/centrum-wiedzy\/author\/katarzyna-banaszczyk\/"}]}},"_links":{"self":[{"href":"https:\/\/www.alab.pl\/centrum-wiedzy\/wp-json\/wp\/v2\/posts\/21494","targetHints":{"allow":["GET"]}}],"collection":[{"href":"https:\/\/www.alab.pl\/centrum-wiedzy\/wp-json\/wp\/v2\/posts"}],"about":[{"href":"https:\/\/www.alab.pl\/centrum-wiedzy\/wp-json\/wp\/v2\/types\/post"}],"author":[{"embeddable":true,"href":"https:\/\/www.alab.pl\/centrum-wiedzy\/wp-json\/wp\/v2\/users\/165"}],"replies":[{"embeddable":true,"href":"https:\/\/www.alab.pl\/centrum-wiedzy\/wp-json\/wp\/v2\/comments?post=21494"}],"version-history":[{"count":2,"href":"https:\/\/www.alab.pl\/centrum-wiedzy\/wp-json\/wp\/v2\/posts\/21494\/revisions"}],"predecessor-version":[{"id":21497,"href":"https:\/\/www.alab.pl\/centrum-wiedzy\/wp-json\/wp\/v2\/posts\/21494\/revisions\/21497"}],"wp:featuredmedia":[{"embeddable":true,"href":"https:\/\/www.alab.pl\/centrum-wiedzy\/wp-json\/wp\/v2\/media\/21496"}],"wp:attachment":[{"href":"https:\/\/www.alab.pl\/centrum-wiedzy\/wp-json\/wp\/v2\/media?parent=21494"}],"wp:term":[{"taxonomy":"category","embeddable":true,"href":"https:\/\/www.alab.pl\/centrum-wiedzy\/wp-json\/wp\/v2\/categories?post=21494"},{"taxonomy":"post_tag","embeddable":true,"href":"https:\/\/www.alab.pl\/centrum-wiedzy\/wp-json\/wp\/v2\/tags?post=21494"},{"taxonomy":"author","embeddable":true,"href":"https:\/\/www.alab.pl\/centrum-wiedzy\/wp-json\/wp\/v2\/coauthors?post=21494"}],"curies":[{"name":"wp","href":"https:\/\/api.w.org\/{rel}","templated":true}]}}