{"id":21578,"date":"2025-02-14T12:00:00","date_gmt":"2025-02-14T11:00:00","guid":{"rendered":"https:\/\/www.alab.pl\/centrum-wiedzy\/?p=21578"},"modified":"2025-02-14T11:38:46","modified_gmt":"2025-02-14T10:38:46","slug":"zespol-cadasil-na-czym-polega-choroba-objawy-diagnostyka-choroby","status":"publish","type":"post","link":"https:\/\/www.alab.pl\/centrum-wiedzy\/zespol-cadasil-na-czym-polega-choroba-objawy-diagnostyka-choroby\/","title":{"rendered":"Zesp\u00f3\u0142 CADASIL \u2013 na czym polega choroba? Objawy, diagnostyka choroby"},"content":{"rendered":"\n<p><strong>Zesp\u00f3\u0142 CADASIL (m\u00f3zgowa arteriopatia z podkorowymi zawa\u0142ami i leukoencefalopati\u0105) to rzadka, dziedziczna choroba naczy\u0144 m\u00f3zgowych o pod\u0142o\u017cu genetycznym. Jest jedn\u0105 z najcz\u0119stszych przyczyn udar\u00f3w niedokrwiennych u os\u00f3b w wieku \u015brednim, a jej podst\u0119pny przebieg cz\u0119sto prowadzi do b\u0142\u0119dnej diagnozy. Choroba ta jest nieuleczalna, a jej objawy stopniowo post\u0119puj\u0105, prowadz\u0105c do ot\u0119pienia i niepe\u0142nosprawno\u015bci.<\/strong><\/p>\n\n\n\n<p><strong>W artykule przedstawimy istotne informacje dotycz\u0105ce zespo\u0142u CADASIL, jego objaw\u00f3w, diagnostyki oraz rokowa\u0144.<\/strong><\/p>\n\n\n\n<p>Spis tre\u015bci:<\/p>\n\n\n\n<ol class=\"wp-block-list\">\n<li><a href=\"#Zesp\u00f3\u0142-CADASIL-\u2013-co-to-za-choroba?\">Zesp\u00f3\u0142 CADASIL \u2013 co to za choroba?<\/a>\n<ul class=\"wp-block-list\">\n<li><a href=\"#Jak-cz\u0119sto-wyst\u0119puje-zesp\u00f3\u0142-CADASIL?\">Jak cz\u0119sto wyst\u0119puje zesp\u00f3\u0142 CADASIL?<\/a><\/li>\n<\/ul>\n<\/li>\n\n\n\n<li><a href=\"#Przyczyny-wyst\u0105pienia-zespo\u0142u-CADASIL\">Przyczyny wyst\u0105pienia zespo\u0142u CADASIL<\/a><\/li>\n\n\n\n<li><a href=\"#Choroba-CADASIL:-objawy\">Choroba CADASIL: objawy<\/a><\/li>\n\n\n\n<li><a href=\"#Diagnostyka-zespo\u0142u-CADASIL\">Diagnostyka zespo\u0142u CADASIL<\/a><\/li>\n\n\n\n<li><a href=\"#Leczenie-zespo\u0142u-CADASIL-i-rokowania\">Leczenie zespo\u0142u CADASIL i rokowania<\/a><\/li>\n<\/ol>\n\n\n\n<h2 class=\"wp-block-heading\" id=\"Zesp\u00f3\u0142-CADASIL-\u2013-co-to-za-choroba?\">Zesp\u00f3\u0142 CADASIL \u2013 co to za choroba?<\/h2>\n\n\n\n<p>CADASIL jest chorob\u0105 genetyczn\u0105, wynikaj\u0105c\u0105 z mutacji w genie <em>NOTCH3<\/em>, kt\u00f3ry koduje bia\u0142ko zaanga\u017cowane w funkcjonowanie kom\u00f3rek naczy\u0144 krwiono\u015bnych. Mutacja ta prowadzi do odk\u0142adania si\u0119 patologicznych z\u0142og\u00f3w w \u015bcianach drobnych t\u0119tnic <a href=\"https:\/\/www.alab.pl\/centrum-wiedzy\/mozg-budowa-funkcje-dzialanie-ludzkiego-mozgu\/\">m\u00f3zgu<\/a>, co powoduje ich uszkodzenie i upo\u015bledzenie kr\u0105\u017cenia m\u00f3zgowego. W efekcie dochodzi do powtarzaj\u0105cych si\u0119 epizod\u00f3w niedokrwienia, stopniowego zaniku istoty bia\u0142ej i rozwini\u0119cia ot\u0119pienia.<\/p>\n\n\n\n<figure class=\"wp-block-image size-full\"><a href=\"https:\/\/www.alab.pl\/badanie\/mozgowa-arteriopatia-z-podkorowymi-zawalami-i-leukoencefalopatia-cadasil-badanie-mutacji-w-eksonie-4-genu-notch3-i-etap-procedury-diagnostycznej\"><img loading=\"lazy\" decoding=\"async\" width=\"800\" height=\"200\" src=\"https:\/\/www.alab.pl\/centrum-wiedzy\/wp-content\/uploads\/2025\/02\/Zespol-CADASIL-\u2013-badanie-genetyczne-gen-NOTCH3.jpg\" alt=\"Zespo\u0301\u0142 CADASIL \u2013 badanie genetyczne (gen NOTCH3) banerek\" class=\"wp-image-21592\" srcset=\"https:\/\/www.alab.pl\/centrum-wiedzy\/wp-content\/uploads\/2025\/02\/Zespol-CADASIL-\u2013-badanie-genetyczne-gen-NOTCH3.jpg 800w, https:\/\/www.alab.pl\/centrum-wiedzy\/wp-content\/uploads\/2025\/02\/Zespol-CADASIL-\u2013-badanie-genetyczne-gen-NOTCH3-768x192.jpg 768w, https:\/\/www.alab.pl\/centrum-wiedzy\/wp-content\/uploads\/2025\/02\/Zespol-CADASIL-\u2013-badanie-genetyczne-gen-NOTCH3-150x38.jpg 150w, https:\/\/www.alab.pl\/centrum-wiedzy\/wp-content\/uploads\/2025\/02\/Zespol-CADASIL-\u2013-badanie-genetyczne-gen-NOTCH3-300x75.jpg 300w, https:\/\/www.alab.pl\/centrum-wiedzy\/wp-content\/uploads\/2025\/02\/Zespol-CADASIL-\u2013-badanie-genetyczne-gen-NOTCH3-696x174.jpg 696w\" sizes=\"auto, (max-width: 800px) 100vw, 800px\" \/><\/a><\/figure>\n\n\n\n<h3 class=\"wp-block-heading\" id=\"Jak-cz\u0119sto-wyst\u0119puje-zesp\u00f3\u0142-CADASIL?\">Jak cz\u0119sto wyst\u0119puje zesp\u00f3\u0142 CADASIL?<\/h3>\n\n\n\n<p>CADASIL jest rzadk\u0105 chorob\u0105, ale jej rzeczywista cz\u0119sto\u015b\u0107 mo\u017ce by\u0107 niedoszacowana ze wzgl\u0119du na b\u0142\u0119dy diagnostyczne. Szacuje si\u0119, \u017ce jej cz\u0119sto\u015b\u0107 wynosi od 1 do 5 przypadk\u00f3w na 100 000 os\u00f3b. Wi\u0119kszo\u015b\u0107 zachorowa\u0144 ma charakter dziedziczny, ale zdarzaj\u0105 si\u0119 te\u017c przypadki sporadyczne, wynikaj\u0105ce z tzw. mutacji <em>de novo<\/em>, czyli zmian genetycznych, kt\u00f3re powstaj\u0105 spontanicznie i nie s\u0105 dziedziczone od rodzic\u00f3w. Mutacje te pojawiaj\u0105 si\u0119 ju\u017c na etapie wczesnego rozwoju zarodka lub w kom\u00f3rkach rozrodczych jednego z rodzic\u00f3w, co oznacza, \u017ce u innych cz\u0142onk\u00f3w rodziny choroba nie wyst\u0119puje.<\/p>\n\n\n\n<p><strong>&gt;&gt; Sprawd\u017a: <\/strong><a href=\"https:\/\/www.alab.pl\/centrum-wiedzy\/czy-warto-poznac-swoje-geny-znaczenie-badan-genetycznych-w-diagnostyce-i-leczeniu-chorob\/\"><strong>Czy warto pozna\u0107 swoje geny? Znaczenie bada\u0144 genetycznych w diagnostyce i leczeniu chor\u00f3b<\/strong><\/a><strong><\/strong><\/p>\n\n\n\n<h2 class=\"wp-block-heading\" id=\"Przyczyny-wyst\u0105pienia-zespo\u0142u-CADASIL\">Przyczyny wyst\u0105pienia zespo\u0142u CADASIL<\/h2>\n\n\n\n<p>Podstawow\u0105 przyczyn\u0105 CADASIL s\u0105 mutacje w obr\u0119bie genu <em>NOTCH3<\/em>, dziedziczone w spos\u00f3b autosomalny dominuj\u0105cy. Oznacza to, \u017ce dziecko osoby chorej ma 50% szans na odziedziczenie choroby. Mutacje prowadz\u0105 do gromadzenia si\u0119 nieprawid\u0142owego bia\u0142ka w \u015bcianach drobnych naczy\u0144 m\u00f3zgowych, co stopniowo powoduje ich zw\u0119\u017cenie i zmniejszenie perfuzji m\u00f3zgowej. Choroba manifestuje si\u0119 najcz\u0119\u015bciej mi\u0119dzy 30. a 50. rokiem \u017cycia.<\/p>\n\n\n\n<h2 class=\"wp-block-heading\" id=\"Choroba-CADASIL:-objawy\">Choroba CADASIL: objawy<\/h2>\n\n\n\n<p>Objawy CADASIL s\u0105 z\u0142o\u017cone i pojawiaj\u0105 si\u0119 stopniowo. W\u015br\u00f3d najcz\u0119stszych wyr\u00f3\u017cnia si\u0119:<\/p>\n\n\n\n<ul class=\"wp-block-list\">\n<li><a href=\"https:\/\/www.alab.pl\/centrum-wiedzy\/migrena-z-aura-oczna-objawy-przyczyny-badania-i-leczenie\/\">migreny z aur\u0105<\/a> \u2013 wyst\u0119puj\u0105 u ponad 30% pacjent\u00f3w, cz\u0119sto wiele lat przed innymi objawami,<\/li>\n\n\n\n<li>udar niedokrwienny \u2013 powtarzaj\u0105ce si\u0119 epizody udarowe, kt\u00f3re mog\u0105 prowadzi\u0107 do post\u0119puj\u0105cych deficyt\u00f3w neurologicznych,<\/li>\n\n\n\n<li>zaburzenia poznawcze \u2013 post\u0119puj\u0105ce ot\u0119pienie, utrudniaj\u0105ce codzienne funkcjonowanie,<\/li>\n\n\n\n<li>zaburzenia psychiatryczne \u2013 <a href=\"https:\/\/www.alab.pl\/centrum-wiedzy\/depresja-objawy-przyczyny-diagnostyka-i-leczenie\/\">depresja<\/a>, stany l\u0119kowe, a nawet psychozy,<\/li>\n\n\n\n<li>zaburzenia chodu i r\u00f3wnowagi \u2013 wynikaj\u0105ce z uszkodzenia dr\u00f3g ruchowych w m\u00f3zgu.<\/li>\n<\/ul>\n\n\n\n<p><strong>&gt;&gt; To Ci\u0119 zainteresuje: <\/strong><a href=\"https:\/\/www.alab.pl\/centrum-wiedzy\/choroby-prionowe-czym-sa-priony-i-jakie-choroby-powoduja-objawy-rodzaje-diagnostyka\/\"><strong>Choroby prionowe \u2013 czym s\u0105 priony i jakie choroby powoduj\u0105? Objawy, rodzaje, diagnostyka<\/strong><\/a><strong><\/strong><\/p>\n\n\n\n<h2 class=\"wp-block-heading\" id=\"Diagnostyka-zespo\u0142u-CADASIL\">Diagnostyka zespo\u0142u CADASIL<\/h2>\n\n\n\n<p>Rozpoznanie zespo\u0142u CADASIL mo\u017ce stanowi\u0107 wyzwanie, poniewa\u017c jego objawy, zw\u0142aszcza w pocz\u0105tkowych stadiach, mog\u0105 przypomina\u0107 inne choroby neurologiczne, takie jak <a href=\"https:\/\/www.alab.pl\/centrum-wiedzy\/stwardnienie-rozsiane-grozna-i-podstepna-choroba\/\">stwardnienie rozsiane<\/a>, <a href=\"https:\/\/www.alab.pl\/centrum-wiedzy\/choroba-alzheimera-badania-genetyczne\/\">choroby Alzheimera<\/a> czy udary o innej etiologii. Proces diagnostyczny obejmuje kilka kluczowych etap\u00f3w, w tym analiz\u0119 objaw\u00f3w klinicznych, badania neuroobrazowe, badania genetyczne oraz \u2013 w niekt\u00f3rych przypadkach \u2013 biopsj\u0119 sk\u00f3ry.<\/p>\n\n\n\n<ol class=\"wp-block-list\">\n<li><strong>Wywiad medyczny i ocena objaw\u00f3w <\/strong>\u2013 pierwszym krokiem w diagnostyce jest dok\u0142adny wywiad lekarski, kt\u00f3ry opr\u00f3cz wyst\u0119powania wcze\u015bniej wspomnianych objaw\u00f3w powinien uwzgl\u0119dnia\u0107 obci\u0105\u017cenie rodzinne.<\/li>\n\n\n\n<li><strong>Badania obrazowe<\/strong> \u2013 g\u0142\u00f3wnie rezonans magnetyczny (MRI), kt\u00f3ry jest podstawowym badaniem obrazowym stosowanym w diagnostyce CADASIL. U pacjent\u00f3w z t\u0105 chorob\u0105 mo\u017cna zaobserwowa\u0107 charakterystyczne zmiany takie jak:<\/li>\n<\/ol>\n\n\n\n<p>&#8211; leukodystrofia \u2013 rozlane uszkodzenie istoty bia\u0142ej m\u00f3zgu,<\/p>\n\n\n\n<p>&#8211; zmieniona intensywno\u015b\u0107 sygna\u0142u w istocie bia\u0142ej,<\/p>\n\n\n\n<p>&#8211; uszkodzenie wzg\u00f3rza i torebki wewn\u0119trznej.<\/p>\n\n\n\n<ul class=\"wp-block-list\">\n<li><strong>Badania genetyczne<\/strong> \u2013 badanie to polega na analizie DNA pacjenta pod k\u0105tem specyficznych mutacji w eksonach 2\u201324 genu <em>NOTCH3<\/em>.<\/li>\n\n\n\n<li><strong>Biopsja sk\u00f3ry<\/strong> \u2013 w CADASIL dochodzi do odk\u0142adania si\u0119 z\u0142og\u00f3w patologicznego bia\u0142ka w \u015bcianach ma\u0142ych naczy\u0144 krwiono\u015bnych, co mo\u017cna wykry\u0107 pod mikroskopem elektronowym. Biopsj\u0119 pobiera si\u0119 zwykle z okolicy ramienia, a w preparatach barwionych metod\u0105 immunohistochemiczn\u0105 mo\u017cna zaobserwowa\u0107 osmofilne ziarnisto\u015bci (GOM).<\/li>\n<\/ul>\n\n\n\n<p><strong>&gt;&gt; Zobacz r\u00f3wnie\u017c: <\/strong><a href=\"https:\/\/www.alab.pl\/centrum-wiedzy\/demencja-otepienie-starcze-objawy-diagnostyka-leczenie\/\"><strong>&nbsp;Demencja (ot\u0119pienie starcze) \u2013 objawy, diagnostyka, leczenie<\/strong><\/a><strong><\/strong><\/p>\n\n\n\n<h2 class=\"wp-block-heading\" id=\"Leczenie-zespo\u0142u-CADASIL-i-rokowania\">Leczenie zespo\u0142u CADASIL i rokowania<\/h2>\n\n\n\n<p>Niestety, na chwil\u0119 obecn\u0105 nie istnieje przyczynowe leczenie zespo\u0142u CADASIL. Obecne strategie terapeutyczne koncentruj\u0105 si\u0119 na \u0142agodzeniu objaw\u00f3w, zapobieganiu powik\u0142aniom oraz poprawie jako\u015bci \u017cycia pacjenta. S\u0105 to mi\u0119dzy innymi:<\/p>\n\n\n\n<ul class=\"wp-block-list\">\n<li><strong>Kontrola czynnik\u00f3w ryzyka naczyniowego:<\/strong><ul><li>utrzymywanie prawid\u0142owego ci\u015bnienia t\u0119tniczego,<\/li><\/ul><ul><li>unikanie <a href=\"https:\/\/www.alab.pl\/centrum-wiedzy\/palenie-papierosow-negatywne-skutki-i-wplyw-na-zdrowie-palenia-tytoniu\/\">palenia tytoniu<\/a>,<\/li><\/ul><ul><li>kontrolowanie poziomu <a href=\"https:\/\/www.alab.pl\/badanie\/cholesterol-calkowity-i99\">cholesterolu<\/a>,<\/li><\/ul>\n<ul class=\"wp-block-list\">\n<li>zbilansowana dieta i aktywno\u015b\u0107 fizyczna.<\/li>\n<\/ul>\n<\/li>\n\n\n\n<li><strong>Leczenie objawowe:<\/strong><ul><li>leczenie migreny \u2013 unika si\u0119 tryptan\u00f3w i ergotaminy, poniewa\u017c mog\u0105 obkurcza\u0107 naczynia i zwi\u0119ksza\u0107 ryzyko niedokrwienia; zamiast tego stosuje si\u0119 beta-blokery, leki przeciwpadaczkowe, a w niekt\u00f3rych przypadkach blokery kana\u0142\u00f3w wapniowych,<\/li><\/ul>\n<ul class=\"wp-block-list\">\n<li>zapobieganie <a href=\"https:\/\/www.alab.pl\/centrum-wiedzy\/udar-mozgu-objawy-przyczyny-pierwsza-pomoc-i-profilaktyka\/\">udarom<\/a> i leczenie poudarowe \u2013 co wa\u017cne, nie stosuje si\u0119 klasycznej terapii przeciwzakrzepowej, aspiryny i antykoagulant\u00f3w, poniewa\u017c mog\u0105 one zwi\u0119ksza\u0107 ryzyko mikrokra\u017ce\u0144 i krwotok\u00f3w.<\/li>\n<\/ul>\n<\/li>\n\n\n\n<li><strong>Wsparcie funkcji poznawczych i leczenie demencji \u2013 <\/strong>tu zastosowanie maj\u0105g\u0142\u00f3wnie inhibitory acetylocholinoesterazy oraz leki przeciwdepresyjne.<\/li>\n\n\n\n<li><strong>Rehabilitacja neurologiczna<\/strong> \u2013 terapia zaj\u0119ciowa i neuropsychologiczna wspiera funkcje poznawcze i pomaga pacjentom w codziennym funkcjonowaniu.<\/li>\n<\/ul>\n\n\n\n<figure class=\"wp-block-table\"><table class=\"has-fixed-layout\"><tbody><tr><td><strong>Warto wiedzie\u0107:<\/strong> <br>Obecnie prowadzone s\u0105 intensywne badania nad terapiami ukierunkowanymi na mechanizmy choroby CADASIL. Naukowcy pracuj\u0105 nad terapiami genowymi, kt\u00f3re mog\u0142yby hamowa\u0107 szkodliwe zmiany w bia\u0142ku<em> NOTCH3. <\/em>R\u00f3wnocze\u015bnie testowane s\u0105 leki poprawiaj\u0105ce funkcj\u0119 \u015br\u00f3db\u0142onka naczy\u0144, co mog\u0142oby przynie\u015b\u0107 korzy\u015bci w mikroangiopatii m\u00f3zgowej. Trwaj\u0105 tak\u017ce badania nad potencjaln\u0105 rol\u0105 lek\u00f3w przeciwzapalnych i neuroprotekcyjnych.<\/td><\/tr><\/tbody><\/table><\/figure>\n\n\n\n<p>Rokowanie w CADASIL zale\u017cy od przebiegu choroby u konkretnego pacjenta. U niekt\u00f3rych os\u00f3b pierwsze objawy pojawiaj\u0105 si\u0119 dopiero po 50. roku \u017cycia i post\u0119puj\u0105 stosunkowo \u0142agodnie. U innych ci\u0119\u017ckie udary mog\u0105 prowadzi\u0107 do znacznej niepe\u0142nosprawno\u015bci ju\u017c w m\u0142odszym wieku. Pacjenci, u kt\u00f3rych cz\u0119sto wyst\u0119puj\u0105 udary, szybciej trac\u0105 sprawno\u015b\u0107. W zaawansowanych stadiach pacjenci cz\u0119sto wymagaj\u0105 opieki os\u00f3b trzecich z powodu ot\u0119pienia i zaburze\u0144 ruchowych.<\/p>\n\n\n\n<p><strong>&gt;&gt; Przeczytaj te\u017c: <\/strong><a href=\"https:\/\/www.alab.pl\/centrum-wiedzy\/dieta-po-udarze-mozgu-zywienie-chorego\/\"><strong>Dieta po udarze m\u00f3zgu \u2013 \u017cywienie chorego<\/strong><\/a><strong><\/strong><\/p>\n\n\n\n<p>Zesp\u00f3\u0142 CADASIL to rzadka, ale powa\u017cna choroba genetyczna, kt\u00f3ra wp\u0142ywa na zdrowie naczy\u0144 m\u00f3zgowych i prowadzi do post\u0119puj\u0105cego uszkodzenia m\u00f3zgu. Cho\u0107 jej diagnostyka jest trudna i cz\u0119sto mylona z innymi schorzeniami, post\u0119p w badaniach nad mechanizmami tej choroby daje nadziej\u0119 na opracowanie skutecznych terapii w przysz\u0142o\u015bci. Cho\u0107 na chwil\u0119 obecn\u0105 nie istnieje leczenie przyczynowe, dost\u0119pne metody terapeutyczne pomagaj\u0105 w \u0142agodzeniu objaw\u00f3w i poprawie jako\u015bci \u017cycia pacjent\u00f3w. Wa\u017cne jest wczesne rozpoznanie choroby i odpowiednia kontrola czynnik\u00f3w ryzyka, aby spowolni\u0107 jej post\u0119p. Badania nad CADASIL s\u0105 wci\u0105\u017c w fazie intensywnych prac, co mo\u017ce w przysz\u0142o\u015bci przynie\u015b\u0107 prze\u0142omowe rozwi\u0105zania w leczeniu tej skomplikowanej choroby.<\/p>\n\n\n\n<p><strong>Opieka merytoryczna: lek. Sara Aszkie\u0142owicz<\/strong><\/p>\n\n\n\n<hr class=\"wp-block-separator has-alpha-channel-opacity\"\/>\n\n\n\n<p><strong>Bibliografia<\/strong><\/p>\n\n\n\n<ol class=\"wp-block-list\">\n<li>Cramer J., Lui F., White ML. <em>Cerebral Autosomal Dominant Arteriopathy.<\/em> [Updated 2024 Mar 21]. In: StatPearls [Internet]. Treasure Island (FL): StatPearls Publishing; 2025 Jan-. Available from: https:\/\/www.ncbi.nlm.nih.gov\/books\/NBK470293\/ (dost\u0119p: 06.02.2025).<\/li>\n\n\n\n<li>https:\/\/www.ninds.nih.gov\/health-information\/disorders\/cadasil (dost\u0119p: 06.02.2025).<\/li>\n\n\n\n<li>.https:\/\/www.mp.pl\/neurologia\/wytyczne\/217490,praktyczna-diagnostyka-leukodystrofii-opoczatku-wwieku-doroslym-przewodnik-werze-badan-genetycznych,4 (dost\u0119p: 06.02.2025).<\/li>\n\n\n\n<li>Chabriat H., Joutel A., Tournier-Lasserve E., Bousser MG. <em>CADASIL: yesterday, today, tomorrow. <\/em>Eur J Neurol. 2020 Aug;27(8):1588-1595.<\/li>\n<\/ol>\n\n\n\n<p><\/p>\n","protected":false},"excerpt":{"rendered":"<p>Zesp\u00f3\u0142 CADASIL to rzadka, dziedziczna choroba naczy\u0144 m\u00f3zgowych o pod\u0142o\u017cu genetycznym. Dowiedz si\u0119 wi\u0119cej na jej temat.<\/p>\n","protected":false},"author":166,"featured_media":21581,"comment_status":"closed","ping_status":"closed","sticky":false,"template":"","format":"standard","meta":{"_acf_changed":false,"inline_featured_image":false,"footnotes":""},"categories":[13,21],"tags":[],"coauthors":[217],"class_list":{"0":"post-21578","1":"post","2":"type-post","3":"status-publish","4":"format-standard","5":"has-post-thumbnail","7":"category-choroby-ukladu-nerwowego","8":"category-genetyka"},"acf":[],"yoast_head":"<!-- This site is optimized with the Yoast SEO plugin v27.5 - https:\/\/yoast.com\/product\/yoast-seo-wordpress\/ -->\n<title>Zesp\u00f3\u0142 CADASIL \u2013 na czym polega choroba? Objawy, diagnostyka choroby - Centrum Wiedzy ALAB laboratoria<\/title>\n<meta name=\"description\" content=\"Zesp\u00f3\u0142 CADASIL to rzadka, dziedziczna choroba naczy\u0144 m\u00f3zgowych o pod\u0142o\u017cu genetycznym. Dowiedz si\u0119 wi\u0119cej na jej temat.\" \/>\n<meta name=\"robots\" content=\"index, follow, max-snippet:-1, max-image-preview:large, max-video-preview:-1\" \/>\n<link rel=\"canonical\" href=\"https:\/\/www.alab.pl\/centrum-wiedzy\/zespol-cadasil-na-czym-polega-choroba-objawy-diagnostyka-choroby\/\" \/>\n<meta property=\"og:locale\" content=\"pl_PL\" \/>\n<meta property=\"og:type\" content=\"article\" \/>\n<meta property=\"og:title\" content=\"Zesp\u00f3\u0142 CADASIL \u2013 na czym polega choroba? Objawy, diagnostyka choroby - Centrum Wiedzy ALAB laboratoria\" \/>\n<meta property=\"og:description\" content=\"Zesp\u00f3\u0142 CADASIL to rzadka, dziedziczna choroba naczy\u0144 m\u00f3zgowych o pod\u0142o\u017cu genetycznym. Dowiedz si\u0119 wi\u0119cej na jej temat.\" \/>\n<meta property=\"og:url\" content=\"https:\/\/www.alab.pl\/centrum-wiedzy\/zespol-cadasil-na-czym-polega-choroba-objawy-diagnostyka-choroby\/\" \/>\n<meta property=\"og:site_name\" content=\"Centrum Wiedzy ALAB laboratoria\" \/>\n<meta property=\"article:publisher\" content=\"https:\/\/www.facebook.com\/ALABlaboratoria\" \/>\n<meta property=\"article:published_time\" content=\"2025-02-14T11:00:00+00:00\" \/>\n<meta property=\"og:image\" content=\"https:\/\/www.alab.pl\/centrum-wiedzy\/wp-content\/uploads\/2025\/02\/cadasil-.jpg\" \/>\n\t<meta property=\"og:image:width\" content=\"1344\" \/>\n\t<meta property=\"og:image:height\" content=\"896\" \/>\n\t<meta property=\"og:image:type\" content=\"image\/jpeg\" \/>\n<meta name=\"author\" content=\"Weronika Dobrewa\" \/>\n<meta name=\"twitter:card\" content=\"summary_large_image\" \/>\n<meta name=\"twitter:label1\" content=\"Napisane przez\" \/>\n\t<meta name=\"twitter:data1\" content=\"Weronika Dobrewa\" \/>\n\t<meta name=\"twitter:label2\" content=\"Szacowany czas czytania\" \/>\n\t<meta name=\"twitter:data2\" content=\"7 minut\" \/>\n\t<meta name=\"twitter:label3\" content=\"Written by\" \/>\n\t<meta name=\"twitter:data3\" content=\"Weronika Dobrewa\" \/>\n<!-- \/ Yoast SEO plugin. -->","yoast_head_json":{"title":"Zesp\u00f3\u0142 CADASIL \u2013 na czym polega choroba? Objawy, diagnostyka choroby - Centrum Wiedzy ALAB laboratoria","description":"Zesp\u00f3\u0142 CADASIL to rzadka, dziedziczna choroba naczy\u0144 m\u00f3zgowych o pod\u0142o\u017cu genetycznym. Dowiedz si\u0119 wi\u0119cej na jej temat.","robots":{"index":"index","follow":"follow","max-snippet":"max-snippet:-1","max-image-preview":"max-image-preview:large","max-video-preview":"max-video-preview:-1"},"canonical":"https:\/\/www.alab.pl\/centrum-wiedzy\/zespol-cadasil-na-czym-polega-choroba-objawy-diagnostyka-choroby\/","og_locale":"pl_PL","og_type":"article","og_title":"Zesp\u00f3\u0142 CADASIL \u2013 na czym polega choroba? Objawy, diagnostyka choroby - Centrum Wiedzy ALAB laboratoria","og_description":"Zesp\u00f3\u0142 CADASIL to rzadka, dziedziczna choroba naczy\u0144 m\u00f3zgowych o pod\u0142o\u017cu genetycznym. Dowiedz si\u0119 wi\u0119cej na jej temat.","og_url":"https:\/\/www.alab.pl\/centrum-wiedzy\/zespol-cadasil-na-czym-polega-choroba-objawy-diagnostyka-choroby\/","og_site_name":"Centrum Wiedzy ALAB laboratoria","article_publisher":"https:\/\/www.facebook.com\/ALABlaboratoria","article_published_time":"2025-02-14T11:00:00+00:00","og_image":[{"width":1344,"height":896,"url":"https:\/\/www.alab.pl\/centrum-wiedzy\/wp-content\/uploads\/2025\/02\/cadasil-.jpg","type":"image\/jpeg"}],"author":"Weronika Dobrewa","twitter_card":"summary_large_image","twitter_misc":{"Napisane przez":"Weronika Dobrewa","Szacowany czas czytania":"7 minut","Written by":"Weronika Dobrewa"},"schema":{"@context":"https:\/\/schema.org","@graph":[{"@type":"Article","@id":"https:\/\/www.alab.pl\/centrum-wiedzy\/zespol-cadasil-na-czym-polega-choroba-objawy-diagnostyka-choroby\/#article","isPartOf":{"@id":"https:\/\/www.alab.pl\/centrum-wiedzy\/zespol-cadasil-na-czym-polega-choroba-objawy-diagnostyka-choroby\/"},"author":{"name":"Weronika Dobrewa","@id":"https:\/\/www.alab.pl\/centrum-wiedzy\/#\/schema\/person\/e5465ddfa70d7317966f2115adbad6cc"},"headline":"Zesp\u00f3\u0142 CADASIL \u2013 na czym polega choroba? Objawy, diagnostyka choroby","datePublished":"2025-02-14T11:00:00+00:00","mainEntityOfPage":{"@id":"https:\/\/www.alab.pl\/centrum-wiedzy\/zespol-cadasil-na-czym-polega-choroba-objawy-diagnostyka-choroby\/"},"wordCount":1251,"publisher":{"@id":"https:\/\/www.alab.pl\/centrum-wiedzy\/#organization"},"image":{"@id":"https:\/\/www.alab.pl\/centrum-wiedzy\/zespol-cadasil-na-czym-polega-choroba-objawy-diagnostyka-choroby\/#primaryimage"},"thumbnailUrl":"https:\/\/www.alab.pl\/centrum-wiedzy\/wp-content\/uploads\/2025\/02\/cadasil-.jpg","articleSection":["Choroby uk\u0142adu nerwowego","Genetyka"],"inLanguage":"pl-PL"},{"@type":"WebPage","@id":"https:\/\/www.alab.pl\/centrum-wiedzy\/zespol-cadasil-na-czym-polega-choroba-objawy-diagnostyka-choroby\/","url":"https:\/\/www.alab.pl\/centrum-wiedzy\/zespol-cadasil-na-czym-polega-choroba-objawy-diagnostyka-choroby\/","name":"Zesp\u00f3\u0142 CADASIL \u2013 na czym polega choroba? Objawy, diagnostyka choroby - Centrum Wiedzy ALAB laboratoria","isPartOf":{"@id":"https:\/\/www.alab.pl\/centrum-wiedzy\/#website"},"primaryImageOfPage":{"@id":"https:\/\/www.alab.pl\/centrum-wiedzy\/zespol-cadasil-na-czym-polega-choroba-objawy-diagnostyka-choroby\/#primaryimage"},"image":{"@id":"https:\/\/www.alab.pl\/centrum-wiedzy\/zespol-cadasil-na-czym-polega-choroba-objawy-diagnostyka-choroby\/#primaryimage"},"thumbnailUrl":"https:\/\/www.alab.pl\/centrum-wiedzy\/wp-content\/uploads\/2025\/02\/cadasil-.jpg","datePublished":"2025-02-14T11:00:00+00:00","description":"Zesp\u00f3\u0142 CADASIL to rzadka, dziedziczna choroba naczy\u0144 m\u00f3zgowych o pod\u0142o\u017cu genetycznym. Dowiedz si\u0119 wi\u0119cej na jej temat.","breadcrumb":{"@id":"https:\/\/www.alab.pl\/centrum-wiedzy\/zespol-cadasil-na-czym-polega-choroba-objawy-diagnostyka-choroby\/#breadcrumb"},"inLanguage":"pl-PL","potentialAction":[{"@type":"ReadAction","target":["https:\/\/www.alab.pl\/centrum-wiedzy\/zespol-cadasil-na-czym-polega-choroba-objawy-diagnostyka-choroby\/"]}]},{"@type":"ImageObject","inLanguage":"pl-PL","@id":"https:\/\/www.alab.pl\/centrum-wiedzy\/zespol-cadasil-na-czym-polega-choroba-objawy-diagnostyka-choroby\/#primaryimage","url":"https:\/\/www.alab.pl\/centrum-wiedzy\/wp-content\/uploads\/2025\/02\/cadasil-.jpg","contentUrl":"https:\/\/www.alab.pl\/centrum-wiedzy\/wp-content\/uploads\/2025\/02\/cadasil-.jpg","width":1344,"height":896,"caption":"CADASIL"},{"@type":"BreadcrumbList","@id":"https:\/\/www.alab.pl\/centrum-wiedzy\/zespol-cadasil-na-czym-polega-choroba-objawy-diagnostyka-choroby\/#breadcrumb","itemListElement":[{"@type":"ListItem","position":1,"name":"Strona g\u0142\u00f3wna","item":"https:\/\/www.alab.pl\/centrum-wiedzy\/"},{"@type":"ListItem","position":2,"name":"Zesp\u00f3\u0142 CADASIL \u2013 na czym polega choroba? Objawy, diagnostyka choroby"}]},{"@type":"WebSite","@id":"https:\/\/www.alab.pl\/centrum-wiedzy\/#website","url":"https:\/\/www.alab.pl\/centrum-wiedzy\/","name":"Centrum Wiedzy ALAB laboratoria","description":"","publisher":{"@id":"https:\/\/www.alab.pl\/centrum-wiedzy\/#organization"},"potentialAction":[{"@type":"SearchAction","target":{"@type":"EntryPoint","urlTemplate":"https:\/\/www.alab.pl\/centrum-wiedzy\/?s={search_term_string}"},"query-input":{"@type":"PropertyValueSpecification","valueRequired":true,"valueName":"search_term_string"}}],"inLanguage":"pl-PL"},{"@type":"Organization","@id":"https:\/\/www.alab.pl\/centrum-wiedzy\/#organization","name":"Centrum Wiedzy ALAB laboratoria","url":"https:\/\/www.alab.pl\/centrum-wiedzy\/","logo":{"@type":"ImageObject","inLanguage":"pl-PL","@id":"https:\/\/www.alab.pl\/centrum-wiedzy\/#\/schema\/logo\/image\/","url":"https:\/\/www.alab.pl\/centrum-wiedzy\/wp-content\/uploads\/2022\/04\/alabek.jpg","contentUrl":"https:\/\/www.alab.pl\/centrum-wiedzy\/wp-content\/uploads\/2022\/04\/alabek.jpg","width":1250,"height":1251,"caption":"Centrum Wiedzy ALAB laboratoria"},"image":{"@id":"https:\/\/www.alab.pl\/centrum-wiedzy\/#\/schema\/logo\/image\/"},"sameAs":["https:\/\/www.facebook.com\/ALABlaboratoria"]},{"@type":"Person","@id":"https:\/\/www.alab.pl\/centrum-wiedzy\/#\/schema\/person\/e5465ddfa70d7317966f2115adbad6cc","name":"Weronika Dobrewa","image":{"@type":"ImageObject","inLanguage":"pl-PL","@id":"https:\/\/www.alab.pl\/centrum-wiedzy\/wp-content\/uploads\/2024\/05\/Weronika-Dobrewa-jpg-150x149.webp916ab41c25d984d432fbc1e55d5ff10c","url":"https:\/\/www.alab.pl\/centrum-wiedzy\/wp-content\/uploads\/2024\/05\/Weronika-Dobrewa-jpg-150x149.webp","contentUrl":"https:\/\/www.alab.pl\/centrum-wiedzy\/wp-content\/uploads\/2024\/05\/Weronika-Dobrewa-jpg-150x149.webp","caption":"Weronika Dobrewa"},"description":"Absolwentka angloj\u0119zycznych studi\u00f3w Biotechnologii Medycznej na Uniwersytecie Medycznym w \u0141odzi oraz Kosmetologii Estetycznej. Doktorant Mi\u0119dzynarodowej Szko\u0142y Doktorskiej przy Uniwersytecie Medycznym w \u0141odzi z pasj\u0105 do nauki i ponad 6-letnim do\u015bwiadczeniem w realizowaniu projekt\u00f3w B&amp;R. Laureatka Abstract Achievement Award 2023 \u2013 Ameryka\u0144skiego Towarzystwa Hematologii oraz wsp\u00f3\u0142tw\u00f3rca trzech zg\u0142osze\u0144 patentowych. Na co dzie\u0144 zajmuje si\u0119 wykonywaniem bada\u0144 genetycznych za pomoc\u0105 technologii NGS w Klinice Pediatrii, Onkologii i Hematologii oraz realizacj\u0105 projekt\u00f3w naukowych. W wolnym czasie upi\u0119ksza swoich pacjent\u00f3w w zakresie medycyny estetycznej.","url":"https:\/\/www.alab.pl\/centrum-wiedzy\/author\/weronika-dobrewa\/"}]}},"_links":{"self":[{"href":"https:\/\/www.alab.pl\/centrum-wiedzy\/wp-json\/wp\/v2\/posts\/21578","targetHints":{"allow":["GET"]}}],"collection":[{"href":"https:\/\/www.alab.pl\/centrum-wiedzy\/wp-json\/wp\/v2\/posts"}],"about":[{"href":"https:\/\/www.alab.pl\/centrum-wiedzy\/wp-json\/wp\/v2\/types\/post"}],"author":[{"embeddable":true,"href":"https:\/\/www.alab.pl\/centrum-wiedzy\/wp-json\/wp\/v2\/users\/166"}],"replies":[{"embeddable":true,"href":"https:\/\/www.alab.pl\/centrum-wiedzy\/wp-json\/wp\/v2\/comments?post=21578"}],"version-history":[{"count":6,"href":"https:\/\/www.alab.pl\/centrum-wiedzy\/wp-json\/wp\/v2\/posts\/21578\/revisions"}],"predecessor-version":[{"id":21601,"href":"https:\/\/www.alab.pl\/centrum-wiedzy\/wp-json\/wp\/v2\/posts\/21578\/revisions\/21601"}],"wp:featuredmedia":[{"embeddable":true,"href":"https:\/\/www.alab.pl\/centrum-wiedzy\/wp-json\/wp\/v2\/media\/21581"}],"wp:attachment":[{"href":"https:\/\/www.alab.pl\/centrum-wiedzy\/wp-json\/wp\/v2\/media?parent=21578"}],"wp:term":[{"taxonomy":"category","embeddable":true,"href":"https:\/\/www.alab.pl\/centrum-wiedzy\/wp-json\/wp\/v2\/categories?post=21578"},{"taxonomy":"post_tag","embeddable":true,"href":"https:\/\/www.alab.pl\/centrum-wiedzy\/wp-json\/wp\/v2\/tags?post=21578"},{"taxonomy":"author","embeddable":true,"href":"https:\/\/www.alab.pl\/centrum-wiedzy\/wp-json\/wp\/v2\/coauthors?post=21578"}],"curies":[{"name":"wp","href":"https:\/\/api.w.org\/{rel}","templated":true}]}}