{"id":21761,"date":"2025-02-21T08:56:23","date_gmt":"2025-02-21T07:56:23","guid":{"rendered":"https:\/\/www.alab.pl\/centrum-wiedzy\/?p=21761"},"modified":"2025-02-21T08:57:24","modified_gmt":"2025-02-21T07:57:24","slug":"plyn-mozgowo-rdzeniowy-czym-jest-i-jakie-pelni-funkcje-pobieranie-i-badania","status":"publish","type":"post","link":"https:\/\/www.alab.pl\/centrum-wiedzy\/plyn-mozgowo-rdzeniowy-czym-jest-i-jakie-pelni-funkcje-pobieranie-i-badania\/","title":{"rendered":"P\u0142yn m\u00f3zgowo-rdzeniowy \u2013 czym jest i jakie pe\u0142ni funkcje? Pobieranie i badania"},"content":{"rendered":"\n<p><strong>Ludzki organizm to skomplikowany system, w kt<\/strong><strong>\u00f3<\/strong><strong>rym ka\u017cdy p\u0142yn ustrojowy odgrywa okre\u015blon\u0105 rol\u0119. P\u0142yn m<\/strong><strong>\u00f3<\/strong><strong>zgowo-rdzeniowy (PMR) jest jednym z kluczowych element<\/strong><strong>\u00f3<\/strong><strong>w, odpowiadaj\u0105cym za ochron\u0119 i od\u017cywianie m<\/strong><strong>\u00f3<\/strong><strong>zgu oraz rdzenia kr\u0119gowego. Chocia\u017c pozostaje on niewidoczny na co dzie\u0144, to jego prawid\u0142owa praca jest niezb\u0119dna do funkcjonowania uk\u0142adu nerwowego.<\/strong><\/p>\n\n\n\n<p><strong>W artykule przyjrzymy si\u0119, czym dok\u0142adnie jest PMR, gdzie powstaje, jakie pe\u0142ni funkcje, a tak\u017ce jakie metody diagnostyczne pozwalaj\u0105 <\/strong><strong>na ocen<\/strong><strong>\u0119 jego sk\u0142adu.<\/strong><\/p>\n\n\n\n<p>Spis tre\u015bci:<\/p>\n\n\n\n<ol class=\"wp-block-list\">\n<li><a href=\"#Czym-jest-p\u0142yn-m\u00f3zgowo-rdzeniowy-(PMR)?\">Czym jest p\u0142yn m\u00f3zgowo-rdzeniowy (PMR)?<\/a>\n<ul class=\"wp-block-list\">\n<li><a href=\"#Jak-wygl\u0105da-p\u0142yn-m\u00f3zgowo-rdzeniowy?\">Jak wygl\u0105da p\u0142yn m\u00f3zgowo-rdzeniowy?<\/a><\/li>\n<\/ul>\n<\/li>\n\n\n\n<li><a href=\"#Gdzie-powstaje-p\u0142yn-m\u00f3zgowo-rdzeniowy?\">Gdzie powstaje p\u0142yn m\u00f3zgowo-rdzeniowy?<\/a>\n<ul class=\"wp-block-list\">\n<li><a href=\"#Obj\u0119to\u015b\u0107-i-sk\u0142ad-p\u0142ynu-m\u00f3zgowo-rdzeniowego\">Obj\u0119to\u015b\u0107 i sk\u0142ad p\u0142ynu m\u00f3zgowo-rdzeniowego<\/a><\/li>\n<\/ul>\n<\/li>\n\n\n\n<li><a href=\"#P\u0142yn-m\u00f3zgowo-rdzeniowy:-funkcje\">P\u0142yn m\u00f3zgowo-rdzeniowy: funkcje<\/a><\/li>\n\n\n\n<li><a href=\"#Badanie-p\u0142ynu-m\u00f3zgowo-rdzeniowego:-pobranie-i-analiza\">Badanie p\u0142ynu m\u00f3zgowo-rdzeniowego: pobranie i analiza<\/a>\n<ul class=\"wp-block-list\">\n<li><span style=\"color: initial;\"><a href=\"#Badanie-biochemiczne-p\u0142ynu-m\u00f3zgowo-rdzeniowego\">Badanie biochemiczne p\u0142ynu m\u00f3zgowo-rdzeniowego<\/a><\/span><\/li>\n\n\n\n<li><span style=\"color: initial;\"><a href=\"#Analiza-cytologiczna-p\u0142ynu-m\u00f3zgowo-rdzeniowego\">Analiza cytologiczna p\u0142ynu m\u00f3zgowo-rdzeniowego<\/a><\/span><\/li>\n\n\n\n<li><a href=\"#Analiza-mikrobiologiczna,-badania-immunologiczne-i-testy-molekularne-PMR\">Analiza mikrobiologiczna, badania immunologiczne i testy molekularne PMR<\/a><\/li>\n<\/ul>\n<\/li>\n\n\n\n<li><a href=\"#P\u0142yn-m\u00f3zgowo-rdzeniowy:-choroby-zwi\u0105zane-z-PMR\">P\u0142yn m\u00f3zgowo rdzeniowy: choroby zwi\u0105zane z PMR<\/a><\/li>\n\n\n\n<li><a href=\"#P\u0142yn-m\u00f3zgowo-rdzeniowy:-wyciek-z-nosa-lub-ucha.-Co-oznacza?\">P\u0142yn m\u00f3zgowo rdzeniowy: wyciek z nosa lub ucha. Co oznacza?<\/a><\/li>\n<\/ol>\n\n\n\n<h2 class=\"wp-block-heading\" id=\"Czym-jest-p\u0142yn-m\u00f3zgowo-rdzeniowy-(PMR)?\">Czym jest p\u0142yn m\u00f3zgowo-rdzeniowy (PMR)?<\/h2>\n\n\n\n<p>P\u0142yn m\u00f3zgowo-rdzeniowy to przejrzysta, wodnista ciecz, kt\u00f3ra wype\u0142nia przestrzenie wewn\u0105trzm\u00f3zgowe oraz otaczaj\u0105ce rdze\u0144 kr\u0119gowy. Pe\u0142ni kluczow\u0105 rol\u0119 w ochronie <a href=\"https:\/\/www.alab.pl\/centrum-wiedzy\/mozg-budowa-funkcje-dzialanie-ludzkiego-mozgu\/\">m\u00f3zgu<\/a> i rdzenia kr\u0119gowego, a tak\u017ce w utrzymaniu homeostazy o\u015brodkowego uk\u0142adu nerwowego (OUN). Jest wytwarzany g\u0142\u00f3wnie w splotach naczyni\u00f3wkowych kom\u00f3r m\u00f3zgu i znajduje si\u0119 w przestrzeni podpaj\u0119czyn\u00f3wkowej oraz w komorach m\u00f3zgowych.<\/p>\n\n\n\n<p>P\u0142yn ten dzia\u0142a jak swoisty bufor, amortyzuj\u0105c wstrz\u0105sy mechaniczne, ale tak\u017ce bierze udzia\u0142 w transporcie substancji od\u017cywczych oraz usuwaniu produkt\u00f3w przemiany materii z m\u00f3zgu. Jest dynamicznie produkowany i resorbowany, a jego prawid\u0142owa cyrkulacja i sk\u0142ad chemiczny maj\u0105 kluczowe znaczenie dla funkcjonowania uk\u0142adu nerwowego.<\/p>\n\n\n\n<h3 class=\"wp-block-heading\" id=\"Jak-wygl\u0105da-p\u0142yn-m\u00f3zgowo-rdzeniowy?\">Jak wygl\u0105da p\u0142yn m\u00f3zgowo-rdzeniowy?<\/h3>\n\n\n\n<p>PMR w zdrowym organizmie jest bezbarwny i przejrzysty. Zmiany w jego barwie, lepko\u015bci czy sk\u0142adzie mog\u0105 wskazywa\u0107 na r\u00f3\u017cne schorzenia, np.:<\/p>\n\n\n\n<ul class=\"wp-block-list\">\n<li><strong>M\u0119tny<\/strong> \u2013 mo\u017ce wskazywa\u0107 na zaka\u017cenie bakteryjne, np. <a href=\"https:\/\/www.alab.pl\/centrum-wiedzy\/zapalenie-opon-mozgowych-rodzaje-objawy-przyczyny-badania\/\">zapalenie opon m\u00f3zgowo-rdzeniowych<\/a>. W\u00f3wczas obecne s\u0105 zwi\u0119kszone ilo\u015bci leukocyt\u00f3w oraz bia\u0142ek.<\/li>\n\n\n\n<li><strong>\u017b\u00f3\u0142tawy<\/strong> \u2013 najcz\u0119\u015bciej w przebiegu infekcji bakteryjnych, ale pojawia si\u0119 r\u00f3wnie\u017c w wyniku rozpadu <a href=\"https:\/\/www.alab.pl\/centrum-wiedzy\/badanie-rbc-liczby-erytrocytow-po-co-sie-je-wykonuje-interpretacja-wynikow\/\">erytrocyt\u00f3w<\/a>, co mo\u017ce \u015bwiadczy\u0107 o krwotoku podpaj\u0119czyn\u00f3wkowym.<\/li>\n\n\n\n<li><strong>Czerwony<\/strong> \u2013 wskazuje na obecno\u015b\u0107 \u015bwie\u017cej krwi, np. w wyniku urazu lub krwawienia do przestrzeni podpaj\u0119czyn\u00f3wkowej.<\/li>\n\n\n\n<li><strong>Opalizuj\u0105cy<\/strong> \u2013 kojarzony g\u0142\u00f3wnie z <a href=\"https:\/\/www.alab.pl\/centrum-wiedzy\/gruzlica-historia-przyczyny-objawy-rodzaje\/\">infekcj\u0105 gru\u017alicz\u0105<\/a>, ale mo\u017ce sugerowa\u0107 tak\u017ce obecno\u015b\u0107 podwy\u017cszonego st\u0119\u017cenia bia\u0142ka, np. w stwardnieniu rozsianym czy zaka\u017ceniach grzybiczych.<\/li>\n<\/ul>\n\n\n\n<p>Badanie barwy i przejrzysto\u015bci PMR jest kluczowym elementem diagnostycznym w neurologii i neuroinfekcjach.<\/p>\n\n\n\n<p><strong>&gt;&gt; Sprawd\u017a: <\/strong><a href=\"https:\/\/www.alab.pl\/centrum-wiedzy\/stwardnienie-rozsiane-grozna-i-podstepna-choroba\/\"><strong>Stwardnienie rozsiane \u2013 gro\u017ana i podst\u0119pna choroba<\/strong><\/a><strong><u><\/u><\/strong><\/p>\n\n\n\n<h2 class=\"wp-block-heading\" id=\"Gdzie-powstaje-p\u0142yn-m\u00f3zgowo-rdzeniowy?\">Gdzie powstaje p\u0142yn m\u00f3zgowo-rdzeniowy?<\/h2>\n\n\n\n<p>P\u0142yn m\u00f3zgowo-rdzeniowy jest wytwarzany g\u0142\u00f3wnie w splotach naczyni\u00f3wkowych kom\u00f3r bocznych m\u00f3zgu, sk\u0105d przep\u0142ywa do komory trzeciej i czwartej, a nast\u0119pnie do przestrzeni podpaj\u0119czyn\u00f3wkowej, gdzie cyrkuluje wok\u00f3\u0142 m\u00f3zgu i rdzenia kr\u0119gowego. Resorpcja p\u0142ynu odbywa si\u0119 w ziarnisto\u015bciach paj\u0119czyn\u00f3wki do uk\u0142adu \u017cylnego. Proces ten jest ci\u0105g\u0142y, a jego regulacja zapewnia sta\u0142o\u015b\u0107 sk\u0142adu p\u0142ynu i prawid\u0142owe funkcjonowanie uk\u0142adu nerwowego.<\/p>\n\n\n\n<h3 class=\"wp-block-heading\" id=\"Obj\u0119to\u015b\u0107-i-sk\u0142ad-p\u0142ynu-m\u00f3zgowo-rdzeniowego\">Obj\u0119to\u015b\u0107 i sk\u0142ad p\u0142ynu m\u00f3zgowo-rdzeniowego<\/h3>\n\n\n\n<p>Ca\u0142kowita obj\u0119to\u015b\u0107 PMR u osoby doros\u0142ej wynosi oko\u0142o <strong>120\u2013150 ml<\/strong>, a dziennie produkowane jest oko\u0142o 500 ml p\u0142ynu, co oznacza, \u017ce ulega on ci\u0105g\u0142ej wymianie. Sk\u0142ad p\u0142ynu obejmuje wod\u0119, elektrolity (<a href=\"https:\/\/www.alab.pl\/centrum-wiedzy\/sod-rola-w-organizmie-czlowieka-zrodla-w-diecie\/\">s\u00f3d<\/a>, <a href=\"https:\/\/www.alab.pl\/centrum-wiedzy\/potas-podstawowy-kation-wnetrza-komorki\/\">potas<\/a>, <a href=\"https:\/\/www.alab.pl\/centrum-wiedzy\/wapn-podstawowy-pierwiastek-ukladu-kostnego\/\">wap\u0144<\/a>, chlor), glukoz\u0119 oraz bia\u0142ka w niewielkich ilo\u015bciach. Wszelkie zmiany w poziomie tych sk\u0142adnik\u00f3w mog\u0105 sygnalizowa\u0107 choroby uk\u0142adu nerwowego.<\/p>\n\n\n\n<figure class=\"wp-block-image size-full\"><a href=\"https:\/\/www.alab.pl\/badanie\/glukoza-l43\"><img loading=\"lazy\" decoding=\"async\" width=\"800\" height=\"200\" src=\"https:\/\/www.alab.pl\/centrum-wiedzy\/wp-content\/uploads\/2025\/02\/Badanie-glukozy-1.jpg\" alt=\"Badanie glukozy banerek\" class=\"wp-image-21380\" srcset=\"https:\/\/www.alab.pl\/centrum-wiedzy\/wp-content\/uploads\/2025\/02\/Badanie-glukozy-1.jpg 800w, https:\/\/www.alab.pl\/centrum-wiedzy\/wp-content\/uploads\/2025\/02\/Badanie-glukozy-1-768x192.jpg 768w, https:\/\/www.alab.pl\/centrum-wiedzy\/wp-content\/uploads\/2025\/02\/Badanie-glukozy-1-150x38.jpg 150w, https:\/\/www.alab.pl\/centrum-wiedzy\/wp-content\/uploads\/2025\/02\/Badanie-glukozy-1-300x75.jpg 300w, https:\/\/www.alab.pl\/centrum-wiedzy\/wp-content\/uploads\/2025\/02\/Badanie-glukozy-1-696x174.jpg 696w\" sizes=\"auto, (max-width: 800px) 100vw, 800px\" \/><\/a><\/figure>\n\n\n\n<h2 class=\"wp-block-heading\" id=\"P\u0142yn-m\u00f3zgowo-rdzeniowy:-funkcje\">P\u0142yn m\u00f3zgowo-rdzeniowy: funkcje<\/h2>\n\n\n\n<p>PMR spe\u0142nia wiele istotnych funkcji:<\/p>\n\n\n\n<ul class=\"wp-block-list\">\n<li><strong>Ochrona mechaniczna<\/strong> \u2013 amortyzuje wstrz\u0105sy i chroni delikatne struktury m\u00f3zgu oraz rdzenia kr\u0119gowego.<\/li>\n\n\n\n<li><strong>Transport substancji<\/strong> \u2013 dostarcza niezb\u0119dne sk\u0142adniki od\u017cywcze i usuwa produkty przemiany materii.<\/li>\n\n\n\n<li><strong>Regulacja ci\u015bnienia wewn\u0105trzczaszkowego<\/strong> \u2013 pomaga utrzyma\u0107 prawid\u0142owe ci\u015bnienie \u015br\u00f3dczaszkowe.<\/li>\n\n\n\n<li><strong>Utrzymanie homeostazy<\/strong> \u2013 zapewnia stabilne \u015brodowisko dla neuron\u00f3w poprzez regulacj\u0119 pH i st\u0119\u017cenia jon\u00f3w.<\/li>\n\n\n\n<li><strong>Funkcje immunologiczne<\/strong> \u2013 zawiera kom\u00f3rki uk\u0142adu odporno\u015bciowego, kt\u00f3re pomagaj\u0105 w ochronie przed infekcjami.<\/li>\n<\/ul>\n\n\n\n<p><strong>&gt;&gt; Przeczytaj: <\/strong><a href=\"https:\/\/www.alab.pl\/centrum-wiedzy\/choroba-zespol-scheuermanna-u-doroslych-objawy-przyczyny-leczenie\/\"><strong>Choroba (zesp\u00f3\u0142) Scheuermanna u doros\u0142ych. Objawy, przyczyny, leczenie<\/strong><\/a><strong><\/strong><\/p>\n\n\n\n<h2 class=\"wp-block-heading\" id=\"Badanie-p\u0142ynu-m\u00f3zgowo-rdzeniowego:-pobranie-i-analiza\">Badanie p\u0142ynu m\u00f3zgowo-rdzeniowego: pobranie i analiza<\/h2>\n\n\n\n<p>Pobraniem PMR zajmuj\u0105 si\u0119 lekarze w warunkach szpitalnych. Procedura zwana punkcj\u0105 l\u0119d\u017awiow\u0105 polega na wprowadzeniu ig\u0142y do przestrzeni podpaj\u0119czyn\u00f3wkowej w okolicy l\u0119d\u017awiowej kr\u0119gos\u0142upa mi\u0119dzy kr\u0119giem L4 a L5 w celu zminimalizowania ryzyka uszkodzenia nerw\u00f3w rdzenia kr\u0119gowego. Rzadziej PMR pobiera si\u0119 poprzez nak\u0142ucie podpotyliczne ze zbiornika wielkiego lub poprzez nak\u0142ucie kom\u00f3r bocznych m\u00f3zgu.<\/p>\n\n\n\n<p>Analiza PMR jest niezwykle istotnym narz\u0119dziem diagnostycznym, pozwalaj\u0105cym na ocen\u0119 funkcjonowania o\u015brodkowego uk\u0142adu nerwowego. <strong>Pod wzgl\u0119dem fizycznym<\/strong> PMR powinien by\u0107 klarowny i bezbarwny. Zmiany w jego wygl\u0105dzie, takie jak zm\u0119tnienie, obecno\u015b\u0107 krwi czy \u017c\u00f3\u0142tawe zabarwienie, mog\u0105 sugerowa\u0107 okre\u015blone schorzenia.<\/p>\n\n\n\n<h3 class=\"wp-block-heading\" id=\"Badanie-biochemiczne-p\u0142ynu-m\u00f3zgowo-rdzeniowego\">Badanie biochemiczne p\u0142ynu m\u00f3zgowo-rdzeniowego<\/h3>\n\n\n\n<p><strong>Badanie biochemiczne<\/strong> pozwala oceni\u0107 zawarto\u015b\u0107 glukozy, bia\u0142ka oraz <a href=\"https:\/\/www.alab.pl\/badanie\/kwas-mlekowy-mleczany-n11\">mleczan\u00f3w<\/a>. Glukoza w PMR powinna stanowi\u0107 oko\u0142o 50-80% warto\u015bci glukozy w surowicy. Jej obni\u017cenie mo\u017ce sugerowa\u0107 infekcje bakteryjne, gru\u017alicze zapalenie opon m\u00f3zgowo-rdzeniowych lub <a href=\"https:\/\/www.alab.pl\/centrum-wiedzy\/najczestsze-nowotwory-u-kobiet-i-mezczyzn\/\">choroby nowotworowe<\/a>, podczas gdy podwy\u017cszony poziom bia\u0142ka mo\u017ce wskazywa\u0107 na proces zapalny, choroby demielinizacyjne, a nawet obecno\u015b\u0107 <a href=\"https:\/\/www.alab.pl\/centrum-wiedzy\/guzy-mozgu-objawy-przyczyny-i-diagnostyka\/\">guz\u00f3w m\u00f3zgu<\/a>. Mleczany natomiast s\u0105 szczeg\u00f3lnie istotne w r\u00f3\u017cnicowaniu zapale\u0144 opon m\u00f3zgowych \u2013 w infekcjach bakteryjnych ich poziom jest zwykle wyra\u017anie podwy\u017cszony.<\/p>\n\n\n\n<h3 class=\"wp-block-heading\" id=\"Analiza-cytologiczna-p\u0142ynu-m\u00f3zgowo-rdzeniowego\">Analiza cytologiczna p\u0142ynu m\u00f3zgowo-rdzeniowego<\/h3>\n\n\n\n<p><strong>Cytologiczna analiza p\u0142ynu<\/strong> obejmuje ocen\u0119 liczby oraz rodzaju kom\u00f3rek. W prawid\u0142owym PMR liczba leukocyt\u00f3w jest bardzo niska, a przewa\u017caj\u0105cymi kom\u00f3rkami s\u0105 limfocyty. Wzrost liczby <a href=\"https:\/\/www.alab.pl\/centrum-wiedzy\/neutrofile-neutrocyty-czym-sa-o-czym-swiadczy-podwyzszony-i-obnizony-poziom\/\">neutrofili<\/a> mo\u017ce sugerowa\u0107 zaka\u017cenie bakteryjne, podczas gdy przewaga limfocyt\u00f3w bywa zwi\u0105zana z infekcjami wirusowymi lub <a href=\"https:\/\/www.alab.pl\/centrum-wiedzy\/choroby-autoimmunologiczne-czym-sa-objawy-diagnostyka-i-leczenie\/\">chorobami autoimmunologicznymi<\/a>, takimi jak stwardnienie rozsiane.<\/p>\n\n\n\n<h3 class=\"wp-block-heading\" id=\"Analiza-mikrobiologiczna,-badania-immunologiczne-i-testy-molekularne-PMR\">Analiza mikrobiologiczna, badania immunologiczne i testy molekularne PMR<\/h3>\n\n\n\n<p>Opr\u00f3cz podstawowych bada\u0144, PMR mo\u017ce by\u0107 poddawany analizie mikrobiologicznej, obejmuj\u0105cej barwienie metod\u0105 Grama oraz hodowl\u0119 w kierunku bakterii, wirus\u00f3w czy pr\u0105tk\u00f3w gru\u017alicy. W niekt\u00f3rych przypadkach wykonuje si\u0119 tak\u017ce <strong>badania immunologiczne<\/strong> w kierunku specyficznych przeciwcia\u0142 oraz <strong>testy molekularne<\/strong>, takie jak PCR, kt\u00f3re pozwalaj\u0105 na wykrycie materia\u0142u genetycznego patogen\u00f3w, nawet gdy klasyczne metody zawodz\u0105.<\/p>\n\n\n\n<h2 class=\"wp-block-heading\" id=\"P\u0142yn-m\u00f3zgowo-rdzeniowy:-choroby-zwi\u0105zane-z-PMR\">P\u0142yn m\u00f3zgowo rdzeniowy: choroby zwi\u0105zane z PMR<\/h2>\n\n\n\n<p>Nieprawid\u0142owo\u015bci w sk\u0142adzie PMR mog\u0105 wskazywa\u0107 na r\u00f3\u017cne schorzenia, takie jak:<\/p>\n\n\n\n<ul class=\"wp-block-list\">\n<li>zapalenie opon m\u00f3zgowo-rdzeniowych,<\/li>\n\n\n\n<li>zapalenie m\u00f3zgu,<\/li>\n\n\n\n<li>krwotok podpaj\u0119czyn\u00f3wkowy,<\/li>\n\n\n\n<li>nowotwory o\u015brodkowego uk\u0142adu nerwowego,<\/li>\n\n\n\n<li>choroby neurodegeneracyjne np. stwardnienie rozsiane czy <a href=\"https:\/\/www.alab.pl\/centrum-wiedzy\/choroba-alzheimera-wczesne-sygnaly-ostrzegawcze-dla-pacjenta\/\">choroba Alzheimera<\/a>,<\/li>\n\n\n\n<li>zesp\u00f3\u0142 Guillaina-Barr\u00e9go,<\/li>\n\n\n\n<li>wodog\u0142owie.<\/li>\n<\/ul>\n\n\n\n<p><strong>&gt;&gt; To mo\u017ce Ci\u0119 zainteresowa\u0107: <\/strong><a href=\"https:\/\/www.alab.pl\/centrum-wiedzy\/polineuropatie-rodzaje-objawy-przyczyny-diagnostyka\/\"><strong>Polineuropatie \u2013 rodzaje, objawy, przyczyny, diagnostyka<\/strong><\/a><strong><\/strong><\/p>\n\n\n\n<h2 class=\"wp-block-heading\" id=\"P\u0142yn-m\u00f3zgowo-rdzeniowy:-wyciek-z-nosa-lub-ucha.-Co-oznacza?\">P\u0142yn m\u00f3zgowo rdzeniowy: wyciek z nosa lub ucha. Co oznacza?<\/h2>\n\n\n\n<p>Wyciek PMR (tzw. rynorachia lub otorrhachia) to patologiczny stan, w kt\u00f3rym p\u0142yn m\u00f3zgowo-rdzeniowy przedostaje si\u0119 na zewn\u0105trz przez nos lub ucho. Jest to objaw uszkodzenia opony twardej i mo\u017ce wskazywa\u0107 na powa\u017cne schorzenia lub urazy.<\/p>\n\n\n\n<p>Przyczyny wycieku PMR:<\/p>\n\n\n\n<ol class=\"wp-block-list\">\n<li><strong>Uraz czaszki<\/strong>: z\u0142amanie podstawy czaszki, uraz penetruj\u0105cy g\u0142owy, skutek operacji neurochirurgicznej.<\/li>\n\n\n\n<li><strong>Wady wrodzone<\/strong>: malformacje czaszkowo-m\u00f3zgowe, defekty anatomiczne w obr\u0119bie podstawy czaszki.<\/li>\n\n\n\n<li><strong>Idiopatyczny wyciek PMR<\/strong>: mo\u017ce wyst\u0119powa\u0107 spontanicznie bez wyra\u017anej przyczyny, cz\u0119sto u pacjent\u00f3w z nadci\u015bnieniem \u015br\u00f3dczaszkowym.<\/li>\n\n\n\n<li><strong>Przewlek\u0142e infekcje lub procesy zapalne<\/strong>: przewlek\u0142e zapalenie zatok lub ucha \u015brodkowego mo\u017ce doprowadzi\u0107 do erozji ko\u015bci i uszkodzenia opony twardej.<\/li>\n<\/ol>\n\n\n\n<p><strong>&gt;&gt; Sprawd\u017a: <\/strong><a href=\"https:\/\/www.alab.pl\/centrum-wiedzy\/zawroty-glowy-i-ich-mozliwe-przyczyny-jakie-badania-przeprowadzic\/\"><strong>Zawroty g\u0142owy i ich mo\u017cliwe przyczyny. Jakie badania nale\u017cy przeprowadzi\u0107?<\/strong><\/a><strong><\/strong><\/p>\n\n\n\n<p>P\u0142yn m\u00f3zgowo-rdzeniowy to niezwykle istotny element uk\u0142adu nerwowego, kt\u00f3ry nie tylko chroni m\u00f3zg i rdze\u0144 kr\u0119gowy, ale tak\u017ce uczestniczy w procesach metabolicznych. Jego badanie mo\u017ce dostarczy\u0107 kluczowych informacji diagnostycznych w wielu powa\u017cnych schorzeniach. Regularna diagnostyka i szybka reakcja na niepokoj\u0105ce objawy mog\u0105 by\u0107 kluczowe dla zdrowia pacjenta. W razie w\u0105tpliwo\u015bci warto skonsultowa\u0107 si\u0119 ze specjalist\u0105 i rozwa\u017cy\u0107 wykonanie bada\u0144 PMR.<\/p>\n\n\n\n<p><strong>Opieka merytoryczna: lek. Sara Aszkie\u0142owicz<\/strong><\/p>\n\n\n\n<hr class=\"wp-block-separator has-alpha-channel-opacity\"\/>\n\n\n\n<p><strong>Bibliografia<\/strong><strong><\/strong><\/p>\n\n\n\n<ol class=\"wp-block-list\">\n<li>Czarniak N., Kami\u0144ska J., Matowicka-Karna J., Koper-Lenkiewicz OM. Cerebrospinal Fluid-Basic Concepts Review. Biomedicines. 2023 May 17;11(5):1461.<\/li>\n\n\n\n<li>Vernau W., Vernau KA., Sue Bailey C. Cerebrospinal Fluid. Clinical Biochemistry of Domestic Animals. 2008:769\u2013819.<\/li>\n\n\n\n<li>https:\/\/www.mp.pl\/pediatria\/praktyka-kliniczna\/badania-laboratoryjne\/224950,badanie-plynu-mozgowo-rdzeniowego (dost\u0119p: 04.02.2025).<\/li>\n\n\n\n<li>https:\/\/www.mp.pl\/interna\/table\/B16.27.2-1. (dost\u0119p: 04.02.2025).<\/li>\n\n\n\n<li>Shahan B., Choi EY., Nieves G. Cerebrospinal Fluid Analysis. Am Fam Physician. 2021 Apr 1;103(7):422-428. Erratum in: Am Fam Physician. 2021 Jun 15;103(12):713.<\/li>\n<\/ol>\n","protected":false},"excerpt":{"rendered":"<p>Sprawd\u017a, czym dok\u0142adnie jest p\u0142yn m\u00f3zgowo-rdzeniowy (PMR), gdzie powstaje, jakie pe\u0142ni funkcje, a tak\u017ce jak oceni\u0107 jego sk\u0142ad.<\/p>\n","protected":false},"author":166,"featured_media":21763,"comment_status":"closed","ping_status":"closed","sticky":false,"template":"","format":"standard","meta":{"_acf_changed":false,"inline_featured_image":false,"footnotes":""},"categories":[13],"tags":[],"coauthors":[217],"class_list":{"0":"post-21761","1":"post","2":"type-post","3":"status-publish","4":"format-standard","5":"has-post-thumbnail","7":"category-choroby-ukladu-nerwowego"},"acf":[],"yoast_head":"<!-- This site is optimized with the Yoast SEO plugin v27.5 - https:\/\/yoast.com\/product\/yoast-seo-wordpress\/ -->\n<title>P\u0142yn m\u00f3zgowo-rdzeniowy \u2013 czym jest i jakie pe\u0142ni funkcje? Pobieranie i badania - Centrum Wiedzy ALAB laboratoria<\/title>\n<meta name=\"description\" content=\"Sprawd\u017a, czym dok\u0142adnie jest p\u0142yn m\u00f3zgowo-rdzeniowy (PMR), gdzie powstaje, jakie pe\u0142ni funkcje, a tak\u017ce jak oceni\u0107 jego sk\u0142ad.\" \/>\n<meta name=\"robots\" content=\"index, follow, max-snippet:-1, max-image-preview:large, max-video-preview:-1\" \/>\n<link rel=\"canonical\" href=\"https:\/\/www.alab.pl\/centrum-wiedzy\/plyn-mozgowo-rdzeniowy-czym-jest-i-jakie-pelni-funkcje-pobieranie-i-badania\/\" \/>\n<meta property=\"og:locale\" content=\"pl_PL\" \/>\n<meta property=\"og:type\" content=\"article\" \/>\n<meta property=\"og:title\" content=\"P\u0142yn m\u00f3zgowo-rdzeniowy \u2013 czym jest i jakie pe\u0142ni funkcje? Pobieranie i badania - Centrum Wiedzy ALAB laboratoria\" \/>\n<meta property=\"og:description\" content=\"Sprawd\u017a, czym dok\u0142adnie jest p\u0142yn m\u00f3zgowo-rdzeniowy (PMR), gdzie powstaje, jakie pe\u0142ni funkcje, a tak\u017ce jak oceni\u0107 jego sk\u0142ad.\" \/>\n<meta property=\"og:url\" content=\"https:\/\/www.alab.pl\/centrum-wiedzy\/plyn-mozgowo-rdzeniowy-czym-jest-i-jakie-pelni-funkcje-pobieranie-i-badania\/\" \/>\n<meta property=\"og:site_name\" content=\"Centrum Wiedzy ALAB laboratoria\" \/>\n<meta property=\"article:publisher\" content=\"https:\/\/www.facebook.com\/ALABlaboratoria\" \/>\n<meta property=\"article:published_time\" content=\"2025-02-21T07:56:23+00:00\" \/>\n<meta property=\"article:modified_time\" content=\"2025-02-21T07:57:24+00:00\" \/>\n<meta property=\"og:image\" content=\"https:\/\/www.alab.pl\/centrum-wiedzy\/wp-content\/uploads\/2025\/02\/plyn_mozgowo_rdzeniowy-scaled.jpg\" \/>\n\t<meta property=\"og:image:width\" content=\"2560\" \/>\n\t<meta property=\"og:image:height\" content=\"1707\" \/>\n\t<meta property=\"og:image:type\" content=\"image\/jpeg\" \/>\n<meta name=\"author\" content=\"Weronika Dobrewa\" \/>\n<meta name=\"twitter:card\" content=\"summary_large_image\" \/>\n<meta name=\"twitter:label1\" content=\"Napisane przez\" \/>\n\t<meta name=\"twitter:data1\" content=\"Weronika Dobrewa\" \/>\n\t<meta name=\"twitter:label2\" content=\"Szacowany czas czytania\" \/>\n\t<meta name=\"twitter:data2\" content=\"8 minut\" \/>\n\t<meta name=\"twitter:label3\" content=\"Written by\" \/>\n\t<meta name=\"twitter:data3\" content=\"Weronika Dobrewa\" \/>\n<!-- \/ Yoast SEO plugin. -->","yoast_head_json":{"title":"P\u0142yn m\u00f3zgowo-rdzeniowy \u2013 czym jest i jakie pe\u0142ni funkcje? Pobieranie i badania - Centrum Wiedzy ALAB laboratoria","description":"Sprawd\u017a, czym dok\u0142adnie jest p\u0142yn m\u00f3zgowo-rdzeniowy (PMR), gdzie powstaje, jakie pe\u0142ni funkcje, a tak\u017ce jak oceni\u0107 jego sk\u0142ad.","robots":{"index":"index","follow":"follow","max-snippet":"max-snippet:-1","max-image-preview":"max-image-preview:large","max-video-preview":"max-video-preview:-1"},"canonical":"https:\/\/www.alab.pl\/centrum-wiedzy\/plyn-mozgowo-rdzeniowy-czym-jest-i-jakie-pelni-funkcje-pobieranie-i-badania\/","og_locale":"pl_PL","og_type":"article","og_title":"P\u0142yn m\u00f3zgowo-rdzeniowy \u2013 czym jest i jakie pe\u0142ni funkcje? Pobieranie i badania - Centrum Wiedzy ALAB laboratoria","og_description":"Sprawd\u017a, czym dok\u0142adnie jest p\u0142yn m\u00f3zgowo-rdzeniowy (PMR), gdzie powstaje, jakie pe\u0142ni funkcje, a tak\u017ce jak oceni\u0107 jego sk\u0142ad.","og_url":"https:\/\/www.alab.pl\/centrum-wiedzy\/plyn-mozgowo-rdzeniowy-czym-jest-i-jakie-pelni-funkcje-pobieranie-i-badania\/","og_site_name":"Centrum Wiedzy ALAB laboratoria","article_publisher":"https:\/\/www.facebook.com\/ALABlaboratoria","article_published_time":"2025-02-21T07:56:23+00:00","article_modified_time":"2025-02-21T07:57:24+00:00","og_image":[{"width":2560,"height":1707,"url":"https:\/\/www.alab.pl\/centrum-wiedzy\/wp-content\/uploads\/2025\/02\/plyn_mozgowo_rdzeniowy-scaled.jpg","type":"image\/jpeg"}],"author":"Weronika Dobrewa","twitter_card":"summary_large_image","twitter_misc":{"Napisane przez":"Weronika Dobrewa","Szacowany czas czytania":"8 minut","Written by":"Weronika Dobrewa"},"schema":{"@context":"https:\/\/schema.org","@graph":[{"@type":"Article","@id":"https:\/\/www.alab.pl\/centrum-wiedzy\/plyn-mozgowo-rdzeniowy-czym-jest-i-jakie-pelni-funkcje-pobieranie-i-badania\/#article","isPartOf":{"@id":"https:\/\/www.alab.pl\/centrum-wiedzy\/plyn-mozgowo-rdzeniowy-czym-jest-i-jakie-pelni-funkcje-pobieranie-i-badania\/"},"author":{"name":"Weronika Dobrewa","@id":"https:\/\/www.alab.pl\/centrum-wiedzy\/#\/schema\/person\/e5465ddfa70d7317966f2115adbad6cc"},"headline":"P\u0142yn m\u00f3zgowo-rdzeniowy \u2013 czym jest i jakie pe\u0142ni funkcje? Pobieranie i badania","datePublished":"2025-02-21T07:56:23+00:00","dateModified":"2025-02-21T07:57:24+00:00","mainEntityOfPage":{"@id":"https:\/\/www.alab.pl\/centrum-wiedzy\/plyn-mozgowo-rdzeniowy-czym-jest-i-jakie-pelni-funkcje-pobieranie-i-badania\/"},"wordCount":1447,"publisher":{"@id":"https:\/\/www.alab.pl\/centrum-wiedzy\/#organization"},"image":{"@id":"https:\/\/www.alab.pl\/centrum-wiedzy\/plyn-mozgowo-rdzeniowy-czym-jest-i-jakie-pelni-funkcje-pobieranie-i-badania\/#primaryimage"},"thumbnailUrl":"https:\/\/www.alab.pl\/centrum-wiedzy\/wp-content\/uploads\/2025\/02\/plyn_mozgowo_rdzeniowy-scaled.jpg","articleSection":["Choroby uk\u0142adu nerwowego"],"inLanguage":"pl-PL"},{"@type":"WebPage","@id":"https:\/\/www.alab.pl\/centrum-wiedzy\/plyn-mozgowo-rdzeniowy-czym-jest-i-jakie-pelni-funkcje-pobieranie-i-badania\/","url":"https:\/\/www.alab.pl\/centrum-wiedzy\/plyn-mozgowo-rdzeniowy-czym-jest-i-jakie-pelni-funkcje-pobieranie-i-badania\/","name":"P\u0142yn m\u00f3zgowo-rdzeniowy \u2013 czym jest i jakie pe\u0142ni funkcje? Pobieranie i badania - Centrum Wiedzy ALAB laboratoria","isPartOf":{"@id":"https:\/\/www.alab.pl\/centrum-wiedzy\/#website"},"primaryImageOfPage":{"@id":"https:\/\/www.alab.pl\/centrum-wiedzy\/plyn-mozgowo-rdzeniowy-czym-jest-i-jakie-pelni-funkcje-pobieranie-i-badania\/#primaryimage"},"image":{"@id":"https:\/\/www.alab.pl\/centrum-wiedzy\/plyn-mozgowo-rdzeniowy-czym-jest-i-jakie-pelni-funkcje-pobieranie-i-badania\/#primaryimage"},"thumbnailUrl":"https:\/\/www.alab.pl\/centrum-wiedzy\/wp-content\/uploads\/2025\/02\/plyn_mozgowo_rdzeniowy-scaled.jpg","datePublished":"2025-02-21T07:56:23+00:00","dateModified":"2025-02-21T07:57:24+00:00","description":"Sprawd\u017a, czym dok\u0142adnie jest p\u0142yn m\u00f3zgowo-rdzeniowy (PMR), gdzie powstaje, jakie pe\u0142ni funkcje, a tak\u017ce jak oceni\u0107 jego sk\u0142ad.","breadcrumb":{"@id":"https:\/\/www.alab.pl\/centrum-wiedzy\/plyn-mozgowo-rdzeniowy-czym-jest-i-jakie-pelni-funkcje-pobieranie-i-badania\/#breadcrumb"},"inLanguage":"pl-PL","potentialAction":[{"@type":"ReadAction","target":["https:\/\/www.alab.pl\/centrum-wiedzy\/plyn-mozgowo-rdzeniowy-czym-jest-i-jakie-pelni-funkcje-pobieranie-i-badania\/"]}]},{"@type":"ImageObject","inLanguage":"pl-PL","@id":"https:\/\/www.alab.pl\/centrum-wiedzy\/plyn-mozgowo-rdzeniowy-czym-jest-i-jakie-pelni-funkcje-pobieranie-i-badania\/#primaryimage","url":"https:\/\/www.alab.pl\/centrum-wiedzy\/wp-content\/uploads\/2025\/02\/plyn_mozgowo_rdzeniowy-scaled.jpg","contentUrl":"https:\/\/www.alab.pl\/centrum-wiedzy\/wp-content\/uploads\/2025\/02\/plyn_mozgowo_rdzeniowy-scaled.jpg","width":2560,"height":1707,"caption":"p\u0142yn m\u00f3zgowo-rdzeniowy"},{"@type":"BreadcrumbList","@id":"https:\/\/www.alab.pl\/centrum-wiedzy\/plyn-mozgowo-rdzeniowy-czym-jest-i-jakie-pelni-funkcje-pobieranie-i-badania\/#breadcrumb","itemListElement":[{"@type":"ListItem","position":1,"name":"Strona g\u0142\u00f3wna","item":"https:\/\/www.alab.pl\/centrum-wiedzy\/"},{"@type":"ListItem","position":2,"name":"P\u0142yn m\u00f3zgowo-rdzeniowy \u2013 czym jest i jakie pe\u0142ni funkcje? Pobieranie i badania"}]},{"@type":"WebSite","@id":"https:\/\/www.alab.pl\/centrum-wiedzy\/#website","url":"https:\/\/www.alab.pl\/centrum-wiedzy\/","name":"Centrum Wiedzy ALAB laboratoria","description":"","publisher":{"@id":"https:\/\/www.alab.pl\/centrum-wiedzy\/#organization"},"potentialAction":[{"@type":"SearchAction","target":{"@type":"EntryPoint","urlTemplate":"https:\/\/www.alab.pl\/centrum-wiedzy\/?s={search_term_string}"},"query-input":{"@type":"PropertyValueSpecification","valueRequired":true,"valueName":"search_term_string"}}],"inLanguage":"pl-PL"},{"@type":"Organization","@id":"https:\/\/www.alab.pl\/centrum-wiedzy\/#organization","name":"Centrum Wiedzy ALAB laboratoria","url":"https:\/\/www.alab.pl\/centrum-wiedzy\/","logo":{"@type":"ImageObject","inLanguage":"pl-PL","@id":"https:\/\/www.alab.pl\/centrum-wiedzy\/#\/schema\/logo\/image\/","url":"https:\/\/www.alab.pl\/centrum-wiedzy\/wp-content\/uploads\/2022\/04\/alabek.jpg","contentUrl":"https:\/\/www.alab.pl\/centrum-wiedzy\/wp-content\/uploads\/2022\/04\/alabek.jpg","width":1250,"height":1251,"caption":"Centrum Wiedzy ALAB laboratoria"},"image":{"@id":"https:\/\/www.alab.pl\/centrum-wiedzy\/#\/schema\/logo\/image\/"},"sameAs":["https:\/\/www.facebook.com\/ALABlaboratoria"]},{"@type":"Person","@id":"https:\/\/www.alab.pl\/centrum-wiedzy\/#\/schema\/person\/e5465ddfa70d7317966f2115adbad6cc","name":"Weronika Dobrewa","image":{"@type":"ImageObject","inLanguage":"pl-PL","@id":"https:\/\/www.alab.pl\/centrum-wiedzy\/wp-content\/uploads\/2024\/05\/Weronika-Dobrewa-jpg-150x149.webp916ab41c25d984d432fbc1e55d5ff10c","url":"https:\/\/www.alab.pl\/centrum-wiedzy\/wp-content\/uploads\/2024\/05\/Weronika-Dobrewa-jpg-150x149.webp","contentUrl":"https:\/\/www.alab.pl\/centrum-wiedzy\/wp-content\/uploads\/2024\/05\/Weronika-Dobrewa-jpg-150x149.webp","caption":"Weronika Dobrewa"},"description":"Absolwentka angloj\u0119zycznych studi\u00f3w Biotechnologii Medycznej na Uniwersytecie Medycznym w \u0141odzi oraz Kosmetologii Estetycznej. Doktorant Mi\u0119dzynarodowej Szko\u0142y Doktorskiej przy Uniwersytecie Medycznym w \u0141odzi z pasj\u0105 do nauki i ponad 6-letnim do\u015bwiadczeniem w realizowaniu projekt\u00f3w B&amp;R. Laureatka Abstract Achievement Award 2023 \u2013 Ameryka\u0144skiego Towarzystwa Hematologii oraz wsp\u00f3\u0142tw\u00f3rca trzech zg\u0142osze\u0144 patentowych. Na co dzie\u0144 zajmuje si\u0119 wykonywaniem bada\u0144 genetycznych za pomoc\u0105 technologii NGS w Klinice Pediatrii, Onkologii i Hematologii oraz realizacj\u0105 projekt\u00f3w naukowych. W wolnym czasie upi\u0119ksza swoich pacjent\u00f3w w zakresie medycyny estetycznej.","url":"https:\/\/www.alab.pl\/centrum-wiedzy\/author\/weronika-dobrewa\/"}]}},"_links":{"self":[{"href":"https:\/\/www.alab.pl\/centrum-wiedzy\/wp-json\/wp\/v2\/posts\/21761","targetHints":{"allow":["GET"]}}],"collection":[{"href":"https:\/\/www.alab.pl\/centrum-wiedzy\/wp-json\/wp\/v2\/posts"}],"about":[{"href":"https:\/\/www.alab.pl\/centrum-wiedzy\/wp-json\/wp\/v2\/types\/post"}],"author":[{"embeddable":true,"href":"https:\/\/www.alab.pl\/centrum-wiedzy\/wp-json\/wp\/v2\/users\/166"}],"replies":[{"embeddable":true,"href":"https:\/\/www.alab.pl\/centrum-wiedzy\/wp-json\/wp\/v2\/comments?post=21761"}],"version-history":[{"count":3,"href":"https:\/\/www.alab.pl\/centrum-wiedzy\/wp-json\/wp\/v2\/posts\/21761\/revisions"}],"predecessor-version":[{"id":21765,"href":"https:\/\/www.alab.pl\/centrum-wiedzy\/wp-json\/wp\/v2\/posts\/21761\/revisions\/21765"}],"wp:featuredmedia":[{"embeddable":true,"href":"https:\/\/www.alab.pl\/centrum-wiedzy\/wp-json\/wp\/v2\/media\/21763"}],"wp:attachment":[{"href":"https:\/\/www.alab.pl\/centrum-wiedzy\/wp-json\/wp\/v2\/media?parent=21761"}],"wp:term":[{"taxonomy":"category","embeddable":true,"href":"https:\/\/www.alab.pl\/centrum-wiedzy\/wp-json\/wp\/v2\/categories?post=21761"},{"taxonomy":"post_tag","embeddable":true,"href":"https:\/\/www.alab.pl\/centrum-wiedzy\/wp-json\/wp\/v2\/tags?post=21761"},{"taxonomy":"author","embeddable":true,"href":"https:\/\/www.alab.pl\/centrum-wiedzy\/wp-json\/wp\/v2\/coauthors?post=21761"}],"curies":[{"name":"wp","href":"https:\/\/api.w.org\/{rel}","templated":true}]}}