{"id":21787,"date":"2025-02-24T08:24:56","date_gmt":"2025-02-24T07:24:56","guid":{"rendered":"https:\/\/www.alab.pl\/centrum-wiedzy\/?p=21787"},"modified":"2025-02-24T08:25:53","modified_gmt":"2025-02-24T07:25:53","slug":"zespol-lyncha-co-to-za-choroba-objawy-diagnostyka","status":"publish","type":"post","link":"https:\/\/www.alab.pl\/centrum-wiedzy\/zespol-lyncha-co-to-za-choroba-objawy-diagnostyka\/","title":{"rendered":"Zesp\u00f3\u0142 Lyncha \u2013 co to za choroba? Objawy, diagnostyka"},"content":{"rendered":"\n<p><strong>Zesp\u00f3\u0142 Lyncha, zwany tak\u017ce dziedzicznym rakiem jelita grubego niezwi\u0105zanym z polipowato\u015bci\u0105 (HNPCC), to jedno z najcz\u0119stszych schorze\u0144 genetycznych zwi\u0119kszaj\u0105cych ryzyko nowotwor\u00f3w. Dotyczy on przede wszystkim raka jelita grubego, ale mo\u017ce tak\u017ce zwi\u0119ksza\u0107 prawdopodobie\u0144stwo zachorowania na inne nowotwory, takie jak rak endometrium, jajnika, \u017co\u0142\u0105dka, uk\u0142adu moczowego czy trzustki. <\/strong><\/p>\n\n\n\n<p><strong>W tym artykule om\u00f3wimy, czym jest ten syndrom, jakie s\u0105 jego typy, przyczyny i objawy oraz kto powinien wykona\u0107 badanie genetyczne. Wczesna diagnostyka i regularny nadz\u00f3r medyczny mog\u0105 znacz\u0105co zmniejszy\u0107 ryzyko wyst\u0105pienia nowotwor\u00f3w oraz poprawi\u0107 rokowania pacjent\u00f3w.<\/strong><\/p>\n\n\n\n<p>Spis tre\u015bci:<\/p>\n\n\n\n<ol class=\"wp-block-list\">\n<li><a href=\"#Zesp\u00f3\u0142-Lyncha-\u2013-co-to-za-choroba?\">Zesp\u00f3\u0142 Lyncha \u2013 co to za choroba?<\/a>\n<ul class=\"wp-block-list\">\n<li><a href=\"#Typy-zespo\u0142u-Lyncha\">Typy zespo\u0142u Lyncha<\/a><\/li>\n<\/ul>\n<\/li>\n\n\n\n<li><a href=\"#Przyczyny-zespo\u0142u-Lyncha\">Przyczyny zespo\u0142u Lyncha<\/a><\/li>\n\n\n\n<li><a href=\"#Objawy-zespo\u0142u-Lyncha\">Objawy zespo\u0142u Lyncha<\/a><\/li>\n\n\n\n<li><a href=\"#Badanie-genetyczne-na-zesp\u00f3\u0142-Lyncha-\u2013-kto-powinien-je-wykona\u0107?\">Badanie genetyczne na zesp\u00f3\u0142 Lyncha \u2013 kto powinien je wykona\u0107?<\/a><\/li>\n\n\n\n<li><a href=\"#Podsumowanie\">Podsumowanie<\/a><\/li>\n<\/ol>\n\n\n\n<h2 class=\"wp-block-heading\" id=\"Zesp\u00f3\u0142-Lyncha-\u2013-co-to-za-choroba?\">Zesp\u00f3\u0142 Lyncha \u2013 co to za choroba?<\/h2>\n\n\n\n<p>Zesp\u00f3\u0142 Lyncha to dziedziczna choroba przekazywana w spos\u00f3b <strong>autosomalny dominuj\u0105cy<\/strong>. Oznacza to, \u017ce je\u015bli jedna z odziedziczonych kopii genu zawiera mutacj\u0119, ryzyko rozwoju choroby znacz\u0105co wzrasta. Ka\u017cde dziecko osoby chorej <strong>ma 50% szans na odziedziczenie uszkodzonego genu<\/strong>, co czyni t\u0119 chorob\u0119 powa\u017cnym zagro\u017ceniem dla ca\u0142ych rodzin.<\/p>\n\n\n\n<p>Mutacje zwi\u0105zane z zespo\u0142em Lyncha wp\u0142ywaj\u0105 na geny odpowiedzialne za <strong>napraw\u0119 uszkodze\u0144 DNA<\/strong>, zwane genami MMR (<strong>mismatch repair<\/strong>). Ich nieprawid\u0142owe dzia\u0142anie prowadzi do niestabilno\u015bci mikrosatelitarnej, czyli nagromadzenia b\u0142\u0119d\u00f3w w materiale genetycznym kom\u00f3rek. W rezultacie wzrasta ryzyko rozwoju nowotwor\u00f3w, szczeg\u00f3lnie <a href=\"https:\/\/www.alab.pl\/centrum-wiedzy\/rak-jelita-grubego\/\"><strong>raka jelita grubego<\/strong><\/a>, cz\u0119sto <strong>zlokalizowanego w prawej cz\u0119\u015bci okr\u0119\u017cnicy.<\/strong><\/p>\n\n\n\n<p>Choroba ta mo\u017ce r\u00f3wnie\u017c zwi\u0119ksza\u0107 prawdopodobie\u0144stwo rozwoju innych nowotwor\u00f3w, takich jak <a href=\"https:\/\/www.alab.pl\/centrum-wiedzy\/rak-endometrium-objawy-diagnostyka-leczenie\/\"><strong>rak endometrium<\/strong><\/a><strong>, <\/strong><a href=\"https:\/\/www.alab.pl\/centrum-wiedzy\/rak-jajnika-objawy-czynniki-ryzyka-diagnostyka-laboratoryjna\/\"><strong>jajnika<\/strong><\/a><strong>, <\/strong><a href=\"https:\/\/www.alab.pl\/centrum-wiedzy\/rak-zoladka-przyczyny-objawy-diagnostyka-leczenie\/\"><strong>\u017co\u0142\u0105dka<\/strong><\/a><strong>, uk\u0142adu moczowego, <\/strong><a href=\"https:\/\/www.alab.pl\/centrum-wiedzy\/objawy-raka-trzustki-przyczyny-diagnostyka-leczenie-nowotworu\/\"><strong>trzustki<\/strong><\/a><strong> czy dr\u00f3g \u017c\u00f3\u0142ciowych<\/strong>. Zesp\u00f3\u0142 Lyncha stanowi <strong>oko\u0142o 3\u20135% wszystkich przypadk\u00f3w raka jelita grubego<\/strong>, a osoby nim dotkni\u0119te mog\u0105 chorowa\u0107 na nowotwory <strong>w m\u0142odszym wieku<\/strong> ni\u017c populacja og\u00f3lna.<\/p>\n\n\n\n<p>Wczesne wykrycie zespo\u0142u Lyncha pozwala na wdro\u017cenie indywidualnych metod profilaktyki i regularnego nadzoru medycznego, co mo\u017ce istotnie zmniejszy\u0107 ryzyko wyst\u0105pienia nowotwor\u00f3w oraz umo\u017cliwi\u0107 wczesne wykrycie zmian nowotworowych.<\/p>\n\n\n\n<h3 class=\"wp-block-heading\" id=\"Typy-zespo\u0142u-Lyncha\">Typy zespo\u0142u Lyncha<\/h3>\n\n\n\n<p>Wyr\u00f3\u017cnia si\u0119 dwa g\u0142\u00f3wne typy zespo\u0142u Lyncha:<\/p>\n\n\n\n<ul class=\"wp-block-list\">\n<li><strong>Lynch I<\/strong> \u2013 dotyczy przede wszystkim <strong>raka jelita grubego<\/strong>, bez zwi\u0119kszonego ryzyka innych nowotwor\u00f3w.<\/li>\n\n\n\n<li><strong>Lynch II<\/strong> \u2013 obejmuje <strong>raka jelita grubego<\/strong> oraz inne nowotwory, takie jak <strong>rak endometrium, jajnika, \u017co\u0142\u0105dka, uk\u0142adu moczowego i trzustki.<\/strong><\/li>\n<\/ul>\n\n\n\n<p>Rozr\u00f3\u017cnienie tych typ\u00f3w ma znaczenie dla strategii diagnostycznych i profilaktycznych, poniewa\u017c osoby z typem Lynch II powinny by\u0107 obj\u0119te szerszym zakresem bada\u0144 przesiewowych.<\/p>\n\n\n\n<h2 class=\"wp-block-heading\" id=\"Przyczyny-zespo\u0142u-Lyncha\">Przyczyny zespo\u0142u Lyncha<\/h2>\n\n\n\n<p>G\u0142\u00f3wn\u0105 przyczyn\u0105 zespo\u0142u Lyncha s\u0105 mutacje w genach odpowiedzialnych za napraw\u0119 DNA. Najcz\u0119\u015bciej dotycz\u0105 one gen\u00f3w:<\/p>\n\n\n\n<ul class=\"wp-block-list\">\n<li><strong>MLH1<\/strong><\/li>\n\n\n\n<li><strong>MSH2<\/strong><\/li>\n\n\n\n<li><strong>MSH6<\/strong><\/li>\n\n\n\n<li><strong>PMS2<\/strong><\/li>\n<\/ul>\n\n\n\n<p>Dodatkowo, mutacje w genie <strong>EPCAM<\/strong> mog\u0105 prowadzi\u0107 do wt\u00f3rnego wyciszenia genu MSH2, co tak\u017ce zwi\u0119ksza ryzyko rozwoju nowotwor\u00f3w. Uszkodzenia w tych genach prowadz\u0105 do niekontrolowanego podzia\u0142u kom\u00f3rek i wzrostu zmian nowotworowych, kt\u00f3re mog\u0105 pojawi\u0107 si\u0119 w m\u0142odym wieku.<\/p>\n\n\n\n<p>Opr\u00f3cz czynnik\u00f3w genetycznych na ryzyko zachorowania wp\u0142ywaj\u0105 r\u00f3wnie\u017c czynniki \u015brodowiskowe, takie jak:<\/p>\n\n\n\n<ul class=\"wp-block-list\">\n<li><a href=\"https:\/\/www.alab.pl\/centrum-wiedzy\/palenie-papierosow-negatywne-skutki-i-wplyw-na-zdrowie-palenia-tytoniu\/\">palenie tytoniu,<\/a><\/li>\n\n\n\n<li><a href=\"https:\/\/www.alab.pl\/centrum-wiedzy\/otylosc-i-jej-zapobieganie-profilaktyka-otylosci-pierwotnej-i-wtornej\/\">oty\u0142o\u015b\u0107<\/a>,<\/li>\n\n\n\n<li>dieta bogata w przetworzon\u0105 \u017cywno\u015b\u0107,<\/li>\n\n\n\n<li>nadmierne spo\u017cycie alkoholu,<\/li>\n\n\n\n<li>brak aktywno\u015bci fizycznej.<\/li>\n<\/ul>\n\n\n\n<p>Z drugiej strony, regularna aktywno\u015b\u0107 fizyczna, dieta bogata w <a href=\"https:\/\/www.alab.pl\/centrum-wiedzy\/jedz-blonnik-twoje-jelita-beda-ci-wdzieczne\/\">b\u0142onnik<\/a> i <a href=\"https:\/\/www.alab.pl\/centrum-wiedzy\/antyoksydanty-przeciwutleniacze-rodzaje-zrodla-jak-dbac-o-ich-optymalny-poziom\/\">antyoksydanty<\/a> oraz unikanie u\u017cywek mog\u0105 zmniejszy\u0107 ryzyko zachorowania na nowotwory zwi\u0105zane z tym zespo\u0142em.<\/p>\n\n\n\n<h2 class=\"wp-block-heading\" id=\"Objawy-zespo\u0142u-Lyncha\">Objawy zespo\u0142u Lyncha<\/h2>\n\n\n\n<p>Objawy zespo\u0142u Lyncha mog\u0105 by\u0107 niespecyficzne, co utrudnia jego rozpoznanie. Do najcz\u0119stszych symptom\u00f3w nale\u017c\u0105:<\/p>\n\n\n\n<ul class=\"wp-block-list\">\n<li><strong>zmiany w rytmie wypr\u00f3\u017cnie\u0144<\/strong> \u2013 naprzemienne biegunki i zaparcia,<\/li>\n\n\n\n<li><strong>krwawienia z przewodu pokarmowego<\/strong> \u2013 widoczne w stolcu lub w postaci utajonej utraty krwi,<\/li>\n\n\n\n<li><strong>b\u00f3le brzucha i uczucie pe\u0142no\u015bci<\/strong> \u2013 mog\u0105 wynika\u0107 ze zmian nowotworowych w jelicie,<\/li>\n\n\n\n<li><strong>wczesny wiek zachorowania<\/strong> \u2013 rak jelita grubego mo\u017ce pojawi\u0107 si\u0119 ju\u017c oko\u0142o 40. roku \u017cycia,<\/li>\n\n\n\n<li><strong>wyst\u0119powanie kilku nowotwor\u00f3w w ci\u0105gu \u017cycia<\/strong> \u2013 np. rak jelita grubego i rak endometrium,<\/li>\n\n\n\n<li><strong>obecno\u015b\u0107 nowotwor\u00f3w u kilku cz\u0142onk\u00f3w rodziny<\/strong> \u2013 cz\u0119sto wyst\u0119puj\u0105 przypadki rodzinne zachorowa\u0144.<\/li>\n<\/ul>\n\n\n\n<p>Z tego powodu osoby z podejrzeniem zespo\u0142u Lyncha powinny regularnie wykonywa\u0107 badania kontrolne, w tym kolonoskopi\u0119 oraz badania genetyczne.<\/p>\n\n\n\n<h2 class=\"wp-block-heading\" id=\"Badanie-genetyczne-na-zesp\u00f3\u0142-Lyncha-\u2013-kto-powinien-je-wykona\u0107?\">Badanie genetyczne na zesp\u00f3\u0142 Lyncha \u2013 kto powinien je wykona\u0107?<\/h2>\n\n\n\n<p>Badanie genetyczne na zesp\u00f3\u0142 Lyncha zaleca si\u0119 osobom, u kt\u00f3rych w rodzinie wyst\u0119powa\u0142y nowotwory jelita grubego lub inne nowotwory zwi\u0105zane z tym syndromem. Szczeg\u00f3lnie warto je wykona\u0107, je\u015bli:<\/p>\n\n\n\n<ul class=\"wp-block-list\">\n<li>nowotw\u00f3r wyst\u0105pi\u0142 u krewnego w m\u0142odym wieku (przed 50. rokiem \u017cycia),<\/li>\n\n\n\n<li>w rodzinie pojawia\u0142y si\u0119 liczne przypadki nowotwor\u00f3w,<\/li>\n\n\n\n<li>spe\u0142nione s\u0105 kryteria amsterdamskie II (przynajmniej trzy przypadki nowotwor\u00f3w w dw\u00f3ch pokoleniach).<\/li>\n<\/ul>\n\n\n\n<p>Wsp\u00f3\u0142czesne badania genetyczne, takie jak <a href=\"https:\/\/www.alab.pl\/badanie\/zespol-lyncha-dziedziczny-rak-jelita-grubego-niezwiazany-z-polipowatoscia-hnpcc-analiza-przesiewowa-sekwencji-kodujacej-genow-mlh1-msh2-msh6-i-pms2-z-wykorzystaniem-ngs\">sekwencjonowanie NGS<\/a>, umo\u017cliwiaj\u0105 precyzyjn\u0105 ocen\u0119 ryzyka.<\/p>\n\n\n\n<figure class=\"wp-block-image size-full\"><a href=\"https:\/\/www.alab.pl\/badanie\/zespol-lyncha-dziedziczny-rak-jelita-grubego-niezwiazany-z-polipowatoscia-hnpcc-analiza-przesiewowa-sekwencji-kodujacej-genow-mlh1-msh2-msh6-i-pms2-z-wykorzystaniem-ngs\"><img loading=\"lazy\" decoding=\"async\" width=\"800\" height=\"200\" src=\"https:\/\/www.alab.pl\/centrum-wiedzy\/wp-content\/uploads\/2025\/02\/Zespol-Lyncha-dziedziczny-rak-jelita-grubego-niezwiazany-z-polipowatoscia-\u2013-badanie-genetyczne.jpg\" alt=\"Zespo\u0301\u0142 Lyncha (dziedziczny rak jelita grubego niezwia\u0328zany z polipowatos\u0301cia\u0328) \u2013 badanie genetyczne banerek\" class=\"wp-image-21118\" srcset=\"https:\/\/www.alab.pl\/centrum-wiedzy\/wp-content\/uploads\/2025\/02\/Zespol-Lyncha-dziedziczny-rak-jelita-grubego-niezwiazany-z-polipowatoscia-\u2013-badanie-genetyczne.jpg 800w, https:\/\/www.alab.pl\/centrum-wiedzy\/wp-content\/uploads\/2025\/02\/Zespol-Lyncha-dziedziczny-rak-jelita-grubego-niezwiazany-z-polipowatoscia-\u2013-badanie-genetyczne-768x192.jpg 768w, https:\/\/www.alab.pl\/centrum-wiedzy\/wp-content\/uploads\/2025\/02\/Zespol-Lyncha-dziedziczny-rak-jelita-grubego-niezwiazany-z-polipowatoscia-\u2013-badanie-genetyczne-150x38.jpg 150w, https:\/\/www.alab.pl\/centrum-wiedzy\/wp-content\/uploads\/2025\/02\/Zespol-Lyncha-dziedziczny-rak-jelita-grubego-niezwiazany-z-polipowatoscia-\u2013-badanie-genetyczne-300x75.jpg 300w, https:\/\/www.alab.pl\/centrum-wiedzy\/wp-content\/uploads\/2025\/02\/Zespol-Lyncha-dziedziczny-rak-jelita-grubego-niezwiazany-z-polipowatoscia-\u2013-badanie-genetyczne-696x174.jpg 696w\" sizes=\"auto, (max-width: 800px) 100vw, 800px\" \/><\/a><\/figure>\n\n\n\n<h2 class=\"wp-block-heading\" id=\"Podsumowanie\">Podsumowanie<\/h2>\n\n\n\n<p>Wczesne wykrycie mutacji zwi\u0105zanych z zespo\u0142em Lyncha pozwala na odpowiedni nadz\u00f3r medyczny i wdro\u017cenie skutecznej profilaktyki, co mo\u017ce znacz\u0105co obni\u017cy\u0107 ryzyko wyst\u0105pienia nowotwor\u00f3w oraz poprawi\u0107 rokowania pacjent\u00f3w. Regularne badania przesiewowe, odpowiednia dieta oraz zdrowy tryb \u017cycia mog\u0105 odgrywa\u0107 kluczow\u0105 rol\u0119 w redukcji ryzyka.<\/p>\n\n\n\n<p>Je\u015bli w Twojej rodzinie wyst\u0119puj\u0105 nowotwory zwi\u0105zane z tym zespo\u0142em, warto skonsultowa\u0107 si\u0119 ze specjalist\u0105 i rozwa\u017cy\u0107 wykonanie badania genetycznego. Wczesna diagnoza mo\u017ce umo\u017cliwi\u0107 zastosowanie spersonalizowanego planu profilaktycznego, kt\u00f3ry pomo\u017ce w wykryciu ewentualnych zmian nowotworowych na jak najwcze\u015bniejszym etapie, zwi\u0119kszaj\u0105c szanse na skuteczne leczenie.<\/p>\n\n\n\n<hr class=\"wp-block-separator has-alpha-channel-opacity\"\/>\n\n\n\n<p><strong>Bibliografia<\/strong><\/p>\n\n\n\n<ol start=\"1\" class=\"wp-block-list\">\n<li>Regu\u0142a J., Bugajski M., Szczepanek M., Bartnik W.<em> \u201eZesp\u00f3\u0142 Lyncha \u2013 Interna &#8211; Ma\u0142y Podr\u0119cznik\u201d. mp.pl.<\/em><\/li>\n\n\n\n<li>Hall M.J., Neumann C.C.<em> \u201eLynch syndrome (hereditary nonpolyposis colorectal cancer): Clinical manifestations and diagnosis\u201d, UpToDate.<\/em><\/li>\n\n\n\n<li>Podstawy chirurgii.<em> Podr\u0119cznik dla lekarzy specjalizuj\u0105cych si\u0119 w chirurgii og\u00f3lnej, red. J. Szmidt, J. Ku\u017cd\u017ca\u0142 i in., t. 1, wyd. 3, Medycyna Praktyczna, Krak\u00f3w 2022, s. 32.<\/em><\/li>\n<\/ol>\n\n\n\n<p><\/p>\n","protected":false},"excerpt":{"rendered":"<p>Sprawd\u017a, czym jest zesp\u00f3\u0142 Lyncha, jakie s\u0105 jego typy, przyczyny i objawy oraz kto powinien wykona\u0107 badanie genetyczne. <\/p>\n","protected":false},"author":176,"featured_media":21789,"comment_status":"closed","ping_status":"closed","sticky":false,"template":"","format":"standard","meta":{"_acf_changed":false,"inline_featured_image":false,"footnotes":""},"categories":[10,21],"tags":[],"coauthors":[177],"class_list":{"0":"post-21787","1":"post","2":"type-post","3":"status-publish","4":"format-standard","5":"has-post-thumbnail","7":"category-choroby-nowotworowe","8":"category-genetyka"},"acf":[],"yoast_head":"<!-- This site is optimized with the Yoast SEO plugin v27.5 - https:\/\/yoast.com\/product\/yoast-seo-wordpress\/ -->\n<title>Zesp\u00f3\u0142 Lyncha \u2013 co to za choroba? Objawy, diagnostyka - Centrum Wiedzy ALAB laboratoria<\/title>\n<meta name=\"description\" content=\"Sprawd\u017a, czym jest zesp\u00f3\u0142 Lyncha, jakie s\u0105 jego typy, przyczyny i objawy oraz kto powinien wykona\u0107 badanie genetyczne.\" \/>\n<meta name=\"robots\" content=\"index, follow, max-snippet:-1, max-image-preview:large, max-video-preview:-1\" \/>\n<link rel=\"canonical\" href=\"https:\/\/www.alab.pl\/centrum-wiedzy\/zespol-lyncha-co-to-za-choroba-objawy-diagnostyka\/\" \/>\n<meta property=\"og:locale\" content=\"pl_PL\" \/>\n<meta property=\"og:type\" content=\"article\" \/>\n<meta property=\"og:title\" content=\"Zesp\u00f3\u0142 Lyncha \u2013 co to za choroba? Objawy, diagnostyka - Centrum Wiedzy ALAB laboratoria\" \/>\n<meta property=\"og:description\" content=\"Sprawd\u017a, czym jest zesp\u00f3\u0142 Lyncha, jakie s\u0105 jego typy, przyczyny i objawy oraz kto powinien wykona\u0107 badanie genetyczne.\" \/>\n<meta property=\"og:url\" content=\"https:\/\/www.alab.pl\/centrum-wiedzy\/zespol-lyncha-co-to-za-choroba-objawy-diagnostyka\/\" \/>\n<meta property=\"og:site_name\" content=\"Centrum Wiedzy ALAB laboratoria\" \/>\n<meta property=\"article:publisher\" content=\"https:\/\/www.facebook.com\/ALABlaboratoria\" \/>\n<meta property=\"article:published_time\" content=\"2025-02-24T07:24:56+00:00\" \/>\n<meta property=\"article:modified_time\" content=\"2025-02-24T07:25:53+00:00\" \/>\n<meta property=\"og:image\" content=\"https:\/\/www.alab.pl\/centrum-wiedzy\/wp-content\/uploads\/2025\/02\/zespol_lyncha-scaled.jpg\" \/>\n\t<meta property=\"og:image:width\" content=\"2560\" \/>\n\t<meta property=\"og:image:height\" content=\"1463\" \/>\n\t<meta property=\"og:image:type\" content=\"image\/jpeg\" \/>\n<meta name=\"author\" content=\"Katarzyna Ciep\u0142ucha\" \/>\n<meta name=\"twitter:card\" content=\"summary_large_image\" \/>\n<meta name=\"twitter:label1\" content=\"Napisane przez\" \/>\n\t<meta name=\"twitter:data1\" content=\"Katarzyna Ciep\u0142ucha\" \/>\n\t<meta name=\"twitter:label2\" content=\"Szacowany czas czytania\" \/>\n\t<meta name=\"twitter:data2\" content=\"6 minut\" \/>\n\t<meta name=\"twitter:label3\" content=\"Written by\" \/>\n\t<meta name=\"twitter:data3\" content=\"Katarzyna Ciep\u0142ucha\" \/>\n<!-- \/ Yoast SEO plugin. -->","yoast_head_json":{"title":"Zesp\u00f3\u0142 Lyncha \u2013 co to za choroba? Objawy, diagnostyka - Centrum Wiedzy ALAB laboratoria","description":"Sprawd\u017a, czym jest zesp\u00f3\u0142 Lyncha, jakie s\u0105 jego typy, przyczyny i objawy oraz kto powinien wykona\u0107 badanie genetyczne.","robots":{"index":"index","follow":"follow","max-snippet":"max-snippet:-1","max-image-preview":"max-image-preview:large","max-video-preview":"max-video-preview:-1"},"canonical":"https:\/\/www.alab.pl\/centrum-wiedzy\/zespol-lyncha-co-to-za-choroba-objawy-diagnostyka\/","og_locale":"pl_PL","og_type":"article","og_title":"Zesp\u00f3\u0142 Lyncha \u2013 co to za choroba? Objawy, diagnostyka - Centrum Wiedzy ALAB laboratoria","og_description":"Sprawd\u017a, czym jest zesp\u00f3\u0142 Lyncha, jakie s\u0105 jego typy, przyczyny i objawy oraz kto powinien wykona\u0107 badanie genetyczne.","og_url":"https:\/\/www.alab.pl\/centrum-wiedzy\/zespol-lyncha-co-to-za-choroba-objawy-diagnostyka\/","og_site_name":"Centrum Wiedzy ALAB laboratoria","article_publisher":"https:\/\/www.facebook.com\/ALABlaboratoria","article_published_time":"2025-02-24T07:24:56+00:00","article_modified_time":"2025-02-24T07:25:53+00:00","og_image":[{"width":2560,"height":1463,"url":"https:\/\/www.alab.pl\/centrum-wiedzy\/wp-content\/uploads\/2025\/02\/zespol_lyncha-scaled.jpg","type":"image\/jpeg"}],"author":"Katarzyna Ciep\u0142ucha","twitter_card":"summary_large_image","twitter_misc":{"Napisane przez":"Katarzyna Ciep\u0142ucha","Szacowany czas czytania":"6 minut","Written by":"Katarzyna Ciep\u0142ucha"},"schema":{"@context":"https:\/\/schema.org","@graph":[{"@type":"Article","@id":"https:\/\/www.alab.pl\/centrum-wiedzy\/zespol-lyncha-co-to-za-choroba-objawy-diagnostyka\/#article","isPartOf":{"@id":"https:\/\/www.alab.pl\/centrum-wiedzy\/zespol-lyncha-co-to-za-choroba-objawy-diagnostyka\/"},"author":{"name":"Katarzyna Ciep\u0142ucha","@id":"https:\/\/www.alab.pl\/centrum-wiedzy\/#\/schema\/person\/5b9d2ed3c7e50aef107e24ef797f7690"},"headline":"Zesp\u00f3\u0142 Lyncha \u2013 co to za choroba? Objawy, diagnostyka","datePublished":"2025-02-24T07:24:56+00:00","dateModified":"2025-02-24T07:25:53+00:00","mainEntityOfPage":{"@id":"https:\/\/www.alab.pl\/centrum-wiedzy\/zespol-lyncha-co-to-za-choroba-objawy-diagnostyka\/"},"wordCount":959,"publisher":{"@id":"https:\/\/www.alab.pl\/centrum-wiedzy\/#organization"},"image":{"@id":"https:\/\/www.alab.pl\/centrum-wiedzy\/zespol-lyncha-co-to-za-choroba-objawy-diagnostyka\/#primaryimage"},"thumbnailUrl":"https:\/\/www.alab.pl\/centrum-wiedzy\/wp-content\/uploads\/2025\/02\/zespol_lyncha-scaled.jpg","articleSection":["Choroby nowotworowe","Genetyka"],"inLanguage":"pl-PL"},{"@type":"WebPage","@id":"https:\/\/www.alab.pl\/centrum-wiedzy\/zespol-lyncha-co-to-za-choroba-objawy-diagnostyka\/","url":"https:\/\/www.alab.pl\/centrum-wiedzy\/zespol-lyncha-co-to-za-choroba-objawy-diagnostyka\/","name":"Zesp\u00f3\u0142 Lyncha \u2013 co to za choroba? Objawy, diagnostyka - Centrum Wiedzy ALAB laboratoria","isPartOf":{"@id":"https:\/\/www.alab.pl\/centrum-wiedzy\/#website"},"primaryImageOfPage":{"@id":"https:\/\/www.alab.pl\/centrum-wiedzy\/zespol-lyncha-co-to-za-choroba-objawy-diagnostyka\/#primaryimage"},"image":{"@id":"https:\/\/www.alab.pl\/centrum-wiedzy\/zespol-lyncha-co-to-za-choroba-objawy-diagnostyka\/#primaryimage"},"thumbnailUrl":"https:\/\/www.alab.pl\/centrum-wiedzy\/wp-content\/uploads\/2025\/02\/zespol_lyncha-scaled.jpg","datePublished":"2025-02-24T07:24:56+00:00","dateModified":"2025-02-24T07:25:53+00:00","description":"Sprawd\u017a, czym jest zesp\u00f3\u0142 Lyncha, jakie s\u0105 jego typy, przyczyny i objawy oraz kto powinien wykona\u0107 badanie genetyczne.","breadcrumb":{"@id":"https:\/\/www.alab.pl\/centrum-wiedzy\/zespol-lyncha-co-to-za-choroba-objawy-diagnostyka\/#breadcrumb"},"inLanguage":"pl-PL","potentialAction":[{"@type":"ReadAction","target":["https:\/\/www.alab.pl\/centrum-wiedzy\/zespol-lyncha-co-to-za-choroba-objawy-diagnostyka\/"]}]},{"@type":"ImageObject","inLanguage":"pl-PL","@id":"https:\/\/www.alab.pl\/centrum-wiedzy\/zespol-lyncha-co-to-za-choroba-objawy-diagnostyka\/#primaryimage","url":"https:\/\/www.alab.pl\/centrum-wiedzy\/wp-content\/uploads\/2025\/02\/zespol_lyncha-scaled.jpg","contentUrl":"https:\/\/www.alab.pl\/centrum-wiedzy\/wp-content\/uploads\/2025\/02\/zespol_lyncha-scaled.jpg","width":2560,"height":1463,"caption":"zesp\u00f3\u0142 lyncha"},{"@type":"BreadcrumbList","@id":"https:\/\/www.alab.pl\/centrum-wiedzy\/zespol-lyncha-co-to-za-choroba-objawy-diagnostyka\/#breadcrumb","itemListElement":[{"@type":"ListItem","position":1,"name":"Strona g\u0142\u00f3wna","item":"https:\/\/www.alab.pl\/centrum-wiedzy\/"},{"@type":"ListItem","position":2,"name":"Zesp\u00f3\u0142 Lyncha \u2013 co to za choroba? Objawy, diagnostyka"}]},{"@type":"WebSite","@id":"https:\/\/www.alab.pl\/centrum-wiedzy\/#website","url":"https:\/\/www.alab.pl\/centrum-wiedzy\/","name":"Centrum Wiedzy ALAB laboratoria","description":"","publisher":{"@id":"https:\/\/www.alab.pl\/centrum-wiedzy\/#organization"},"potentialAction":[{"@type":"SearchAction","target":{"@type":"EntryPoint","urlTemplate":"https:\/\/www.alab.pl\/centrum-wiedzy\/?s={search_term_string}"},"query-input":{"@type":"PropertyValueSpecification","valueRequired":true,"valueName":"search_term_string"}}],"inLanguage":"pl-PL"},{"@type":"Organization","@id":"https:\/\/www.alab.pl\/centrum-wiedzy\/#organization","name":"Centrum Wiedzy ALAB laboratoria","url":"https:\/\/www.alab.pl\/centrum-wiedzy\/","logo":{"@type":"ImageObject","inLanguage":"pl-PL","@id":"https:\/\/www.alab.pl\/centrum-wiedzy\/#\/schema\/logo\/image\/","url":"https:\/\/www.alab.pl\/centrum-wiedzy\/wp-content\/uploads\/2022\/04\/alabek.jpg","contentUrl":"https:\/\/www.alab.pl\/centrum-wiedzy\/wp-content\/uploads\/2022\/04\/alabek.jpg","width":1250,"height":1251,"caption":"Centrum Wiedzy ALAB laboratoria"},"image":{"@id":"https:\/\/www.alab.pl\/centrum-wiedzy\/#\/schema\/logo\/image\/"},"sameAs":["https:\/\/www.facebook.com\/ALABlaboratoria"]},{"@type":"Person","@id":"https:\/\/www.alab.pl\/centrum-wiedzy\/#\/schema\/person\/5b9d2ed3c7e50aef107e24ef797f7690","name":"Katarzyna Ciep\u0142ucha","image":{"@type":"ImageObject","inLanguage":"pl-PL","@id":"https:\/\/www.alab.pl\/centrum-wiedzy\/wp-content\/uploads\/2024\/12\/Katarzyna-Cieplucha-150x150.jpgbaf6965d3f805215a2efa790220e3239","url":"https:\/\/www.alab.pl\/centrum-wiedzy\/wp-content\/uploads\/2024\/12\/Katarzyna-Cieplucha-150x150.jpg","contentUrl":"https:\/\/www.alab.pl\/centrum-wiedzy\/wp-content\/uploads\/2024\/12\/Katarzyna-Cieplucha-150x150.jpg","caption":"Katarzyna Ciep\u0142ucha"},"description":"Lekarka Oddzia\u0142u Chor\u00f3b Wewn\u0119trznych w Szpitalu Specjalistycznym im. Ludwika Rydygiera w Krakowie, absolwentka Uniwersytetu Medycznego w \u0141odzi. Pasjonatka hematologii, w szczeg\u00f3lno\u015bci chor\u00f3b uk\u0142adu krzepni\u0119cia. Do\u015bwiadczenie zdobywa\u0142a podczas zagranicznych sta\u017cy, m.in. na Oddziale Hematologii Szpitala Uniwersyteckiego w Genewie (Szwajcaria).","url":"https:\/\/www.alab.pl\/centrum-wiedzy\/author\/katarzyna-cieplucha\/"}]}},"_links":{"self":[{"href":"https:\/\/www.alab.pl\/centrum-wiedzy\/wp-json\/wp\/v2\/posts\/21787","targetHints":{"allow":["GET"]}}],"collection":[{"href":"https:\/\/www.alab.pl\/centrum-wiedzy\/wp-json\/wp\/v2\/posts"}],"about":[{"href":"https:\/\/www.alab.pl\/centrum-wiedzy\/wp-json\/wp\/v2\/types\/post"}],"author":[{"embeddable":true,"href":"https:\/\/www.alab.pl\/centrum-wiedzy\/wp-json\/wp\/v2\/users\/176"}],"replies":[{"embeddable":true,"href":"https:\/\/www.alab.pl\/centrum-wiedzy\/wp-json\/wp\/v2\/comments?post=21787"}],"version-history":[{"count":3,"href":"https:\/\/www.alab.pl\/centrum-wiedzy\/wp-json\/wp\/v2\/posts\/21787\/revisions"}],"predecessor-version":[{"id":21793,"href":"https:\/\/www.alab.pl\/centrum-wiedzy\/wp-json\/wp\/v2\/posts\/21787\/revisions\/21793"}],"wp:featuredmedia":[{"embeddable":true,"href":"https:\/\/www.alab.pl\/centrum-wiedzy\/wp-json\/wp\/v2\/media\/21789"}],"wp:attachment":[{"href":"https:\/\/www.alab.pl\/centrum-wiedzy\/wp-json\/wp\/v2\/media?parent=21787"}],"wp:term":[{"taxonomy":"category","embeddable":true,"href":"https:\/\/www.alab.pl\/centrum-wiedzy\/wp-json\/wp\/v2\/categories?post=21787"},{"taxonomy":"post_tag","embeddable":true,"href":"https:\/\/www.alab.pl\/centrum-wiedzy\/wp-json\/wp\/v2\/tags?post=21787"},{"taxonomy":"author","embeddable":true,"href":"https:\/\/www.alab.pl\/centrum-wiedzy\/wp-json\/wp\/v2\/coauthors?post=21787"}],"curies":[{"name":"wp","href":"https:\/\/api.w.org\/{rel}","templated":true}]}}