{"id":21972,"date":"2025-03-04T12:49:45","date_gmt":"2025-03-04T11:49:45","guid":{"rendered":"https:\/\/www.alab.pl\/centrum-wiedzy\/?p=21972"},"modified":"2025-03-04T12:49:47","modified_gmt":"2025-03-04T11:49:47","slug":"skoki-rozwojowe-o-czym-warto-wiedziec","status":"publish","type":"post","link":"https:\/\/www.alab.pl\/centrum-wiedzy\/skoki-rozwojowe-o-czym-warto-wiedziec\/","title":{"rendered":"\u201cSkoki rozwojowe\u201d \u2013 o czym warto wiedzie\u0107?"},"content":{"rendered":"\n<p><strong>Rodzicu! Czy s\u0142ysza\u0142e\u015b o skokach rozwojowych u dzieci? Z pewno\u015bci\u0105 niejeden raz spotka\u0142e\u015b si\u0119 z tym terminem, na temat kt\u00f3rego panuje kilka mit\u00f3w i fa\u0142szywych przekona\u0144. Zapoznaj si\u0119 z faktami \u2013 sprawd\u017a poni\u017cszy artyku\u0142.<\/strong><\/p>\n\n\n\n<p><strong>Spis tre\u015bci:<\/strong><\/p>\n\n\n\n<ol class=\"wp-block-list\">\n<li><a href=\"#Czym-s\u0105-skoki-rozwojowe-u-dzieci?\">Czym s\u0105 skoki rozwojowe u dzieci?<\/a><\/li>\n\n\n\n<li><a href=\"#Kiedy-wyst\u0119puj\u0105-\u201cskoki-rozwojowe\u201d-u-dzieci?\">Kiedy wyst\u0119puj\u0105 \u201eskoki rozwojowe\u201d u dzieci?<\/a><\/li>\n\n\n\n<li><a href=\"#Skoki-rozwojowe-w-pierwszym-roku-\u017cycia-dziecka\">Skoki rozwojowe w pierwszym roku \u017cycia dziecka<\/a><\/li>\n\n\n\n<li><a href=\"#Kolejne-skoki-rozwojowe-u-dzieci\">Kolejne skoki rozwojowe u dzieci<\/a><\/li>\n\n\n\n<li><a href=\"#W-czym-pomagaj\u0105-kamienie-milowe?\">W czym pomagaj\u0105 kamienie milowe?<\/a><\/li>\n\n\n\n<li><a href=\"#Skoki-rozwojowe-dziecka-\u2013-podsumowanie\">Skoki rozwojowe dziecka \u2013 podsumowanie<\/a><\/li>\n<\/ol>\n\n\n\n<h2 class=\"wp-block-heading\" id=\"Czym-s\u0105-skoki-rozwojowe-u-dzieci?\">Czym s\u0105 skoki rozwojowe u dzieci?<\/h2>\n\n\n\n<p>\u201cSkok rozwojowy\u201d to okre\u015blenie kolokwialne, nieznajduj\u0105ce zastosowania w terminologii medycznej. <strong>W\u0142a\u015bciwym odpowiednikiem powy\u017cszego terminu jest \u201ckamie\u0144 milowy\u201d,<\/strong> kt\u00f3ry oznacza pewn\u0105 kluczow\u0105 umiej\u0119tno\u015b\u0107 w zakresie motoryki du\u017cej, motoryki ma\u0142ej i rozwoju psychicznego u dziecka.<\/p>\n\n\n\n<p><strong>>> Przeczytaj te\u017c: <a href=\"https:\/\/www.alab.pl\/centrum-wiedzy\/bilans-zdrowia-dziecka-czy-jest-istotny\/\">Bilans zdrowia dziecka \u2013 czy jest istotny?<\/a><\/strong><\/p>\n\n\n\n<p>Ka\u017cdy kamie\u0144 milowy ma pewne ramy czasowe, w kt\u00f3rych powinien si\u0119 pojawi\u0107 u malucha, stanowi\u0105c <strong>czu\u0142y wska\u017anik prawid\u0142owego rozwoju psychoruchowego<\/strong>. Opr\u00f3cz tempa osi\u0105gania poszczeg\u00f3lnych umiej\u0119tno\u015bci ocenie jest poddawany tak\u017ce wzorzec ka\u017cdego z nich (prawid\u0142owy lub nieprawid\u0142owy).<\/p>\n\n\n\n<figure class=\"wp-block-image size-full\"><a href=\"https:\/\/www.alab.pl\/pakiet\/pakiet-malego-dziecka\"><img loading=\"lazy\" decoding=\"async\" width=\"800\" height=\"200\" src=\"https:\/\/www.alab.pl\/centrum-wiedzy\/wp-content\/uploads\/2025\/02\/Pakiet-malego-dziecka-6-badan.jpg\" alt=\"Pakiet ma\u0142ego dziecka (6 badan\u0301) banerek\" class=\"wp-image-21535\" srcset=\"https:\/\/www.alab.pl\/centrum-wiedzy\/wp-content\/uploads\/2025\/02\/Pakiet-malego-dziecka-6-badan.jpg 800w, https:\/\/www.alab.pl\/centrum-wiedzy\/wp-content\/uploads\/2025\/02\/Pakiet-malego-dziecka-6-badan-768x192.jpg 768w, https:\/\/www.alab.pl\/centrum-wiedzy\/wp-content\/uploads\/2025\/02\/Pakiet-malego-dziecka-6-badan-150x38.jpg 150w, https:\/\/www.alab.pl\/centrum-wiedzy\/wp-content\/uploads\/2025\/02\/Pakiet-malego-dziecka-6-badan-300x75.jpg 300w, https:\/\/www.alab.pl\/centrum-wiedzy\/wp-content\/uploads\/2025\/02\/Pakiet-malego-dziecka-6-badan-696x174.jpg 696w\" sizes=\"auto, (max-width: 800px) 100vw, 800px\" \/><\/a><\/figure>\n\n\n\n<p>Najbardziej dynamicznym okresem \u017cycia po urodzeniu jest <strong>pierwsze 12 miesi\u0119cy<\/strong>; w tym czasie, z noworodka wymagaj\u0105cego nieustannej opieki, dziecko wyrasta na cz\u0142owieka potrafi\u0105cego wypowiada\u0107 pierwsze s\u0142owa, siedzie\u0107 samodzielnie (niekiedy tak\u017ce chodzi\u0107) i wchodzi\u0107 w z\u0142o\u017cone interakcje z rodzicami i opiekunami.<\/p>\n\n\n\n<h2 class=\"wp-block-heading\" id=\"Kiedy-wyst\u0119puj\u0105-\u201cskoki-rozwojowe\u201d-u-dzieci?\">Kiedy wyst\u0119puj\u0105 \u201cskoki rozwojowe\u201d u dzieci?<\/h2>\n\n\n\n<p>Odpowied\u017a na powy\u017csze pytanie nie jest prosta. Jak ju\u017c wspomniano, <strong>dziecko zdobywa kolejne umiej\u0119tno\u015bci w ci\u0105gu kilku pierwszych lat \u017cycia (zw\u0142aszcza w 1. roku), nast\u0119pnie rozw\u00f3j nie przebiega ju\u017c tak gwa\u0142townie<\/strong>. Mo\u017cna przyj\u0105\u0107, \u017ce \u201cskoki rozwojowe\u201d s\u0105 obecne do pocz\u0105tku <a href=\"https:\/\/www.alab.pl\/centrum-wiedzy\/krotkie-kompendium-wiedzy-o-dojrzewaniu-plciowym\/\">okresu dojrzewania<\/a>.<\/p>\n\n\n\n<h2 class=\"wp-block-heading\" id=\"Skoki-rozwojowe-w-pierwszym-roku-\u017cycia-dziecka\">Skoki rozwojowe w pierwszym roku \u017cycia dziecka<\/h2>\n\n\n\n<p>W tym kr\u00f3tkim czasie dziecko dokonuje ogromnych post\u0119p\u00f3w.<\/p>\n\n\n\n<p><strong>W zakresie motoryki du\u017cej:<\/strong><\/p>\n\n\n\n<ul class=\"wp-block-list\">\n<li><strong>w 3. &#8211; 4. miesi\u0105cu \u017cycia<\/strong> po\u0142o\u017cone na brzuchu podpiera si\u0119 \u0142okciami,<\/li>\n\n\n\n<li><strong>w 4. &#8211; 5. miesi\u0105cu<\/strong> dziecko po\u0142o\u017cone na brzuchu unosi klatk\u0119 piersiow\u0105,<\/li>\n\n\n\n<li><strong>w 6. &#8211; 7. miesi\u0105cu<\/strong> dziecko przekr\u0119ca si\u0119 wok\u00f3\u0142 w\u0142asnej osi z plec\u00f3w na brzuch, po\u0142o\u017cone na plecach chwyta swoje stopy i bawi si\u0119 nimi,<\/li>\n\n\n\n<li><strong>w 7. &#8211; 9. miesi\u0105cu<\/strong> maluch siada samodzielnie, staje w pozycji czworaczej,<\/li>\n\n\n\n<li><strong>ok. 10. miesi\u0105ca<\/strong> staje z podporem, sprawnie raczkuje,<\/li>\n\n\n\n<li><strong>w 11. &#8211; 12. miesi\u0105cu<\/strong> dziecko chodzi z podporem (np. trzymaj\u0105c si\u0119 r\u0119ki rodzica) lub samodzielnie.<\/li>\n<\/ul>\n\n\n\n<p><strong>W zakresie motoryki ma\u0142ej:<\/strong><\/p>\n\n\n\n<ul class=\"wp-block-list\">\n<li><strong>w 3. &#8211; 4. miesi\u0105cu<\/strong> \u017cycia wyci\u0105ga obie r\u0119ce do przedmiot\u00f3w,<\/li>\n\n\n\n<li><strong>w 4. &#8211; 5. miesi\u0105cu<\/strong> chwyta przedmioty chwytem \u0142okciowym (zbli\u017ca obydwie r\u0119ce),<\/li>\n\n\n\n<li><strong>w 5. miesi\u0105cu<\/strong> pojawia si\u0119 chwyt d\u0142oniowy, w 6. dziecko potrafi utrzyma\u0107 w ka\u017cdej r\u0119ce przedmiot i uderza\u0107 nimi o siebie,<\/li>\n\n\n\n<li><strong>w 7. &#8211; 8. miesi\u0105cu<\/strong> obecny chwyt no\u017cycowy (przeciwstawianie kciuka pozosta\u0142ym palcom r\u0119ki),<\/li>\n\n\n\n<li><strong>w 9. &#8211; 10. miesi\u0105cu<\/strong> pojawia si\u0119 chwyt p\u0119setkowy (przeciwstawianie kciuka palcowi wskazuj\u0105cemu),<\/li>\n\n\n\n<li><strong>w 11. &#8211; 13. miesi\u0105cu \u017cycia<\/strong> dziecko podaje i odbiera zabawki, wrzuca do pojemnika.<\/li>\n<\/ul>\n\n\n\n<figure class=\"wp-block-image size-full\"><img loading=\"lazy\" decoding=\"async\" width=\"980\" height=\"371\" src=\"https:\/\/www.alab.pl\/centrum-wiedzy\/wp-content\/uploads\/2025\/02\/rozwoj-motoryczny-dziecka-w-1-roku-zycia-infografika.jpg\" alt=\"rozwoj motoryczny dziecka w 1 roku zycia infografika\" class=\"wp-image-21537\" srcset=\"https:\/\/www.alab.pl\/centrum-wiedzy\/wp-content\/uploads\/2025\/02\/rozwoj-motoryczny-dziecka-w-1-roku-zycia-infografika.jpg 980w, https:\/\/www.alab.pl\/centrum-wiedzy\/wp-content\/uploads\/2025\/02\/rozwoj-motoryczny-dziecka-w-1-roku-zycia-infografika-768x291.jpg 768w, https:\/\/www.alab.pl\/centrum-wiedzy\/wp-content\/uploads\/2025\/02\/rozwoj-motoryczny-dziecka-w-1-roku-zycia-infografika-150x57.jpg 150w, https:\/\/www.alab.pl\/centrum-wiedzy\/wp-content\/uploads\/2025\/02\/rozwoj-motoryczny-dziecka-w-1-roku-zycia-infografika-300x114.jpg 300w, https:\/\/www.alab.pl\/centrum-wiedzy\/wp-content\/uploads\/2025\/02\/rozwoj-motoryczny-dziecka-w-1-roku-zycia-infografika-696x263.jpg 696w\" sizes=\"auto, (max-width: 980px) 100vw, 980px\" \/><\/figure>\n\n\n\n<p><strong>W zakresie rozwoju psychiczno-emocjonalnego (w tym mowy):<\/strong><\/p>\n\n\n\n<ul class=\"wp-block-list\">\n<li><strong>w 2. &#8211; 3. miesi\u0105cu \u017cycia<\/strong> dziecko osi\u0105ga zdolno\u015b\u0107 do spontanicznej interakcji twarz\u0105 w twarz z rodzicem, wydaje wokalizacje w odpowiedzi na g\u0142os opiekuna,<\/li>\n\n\n\n<li><strong>mi\u0119dzy 3. a 5. miesi\u0105cem<\/strong> pojawia si\u0119 g\u0142u\u017cenie \u2013 czyli g\u0142oski g\u0142\u00f3wnie tylnoj\u0119zykowe (np. gh),<\/li>\n\n\n\n<li><strong>w 6. &#8211; 7. miesi\u0105cu<\/strong> pojawia si\u0119 faza odtwarzania d\u017awi\u0119k\u00f3w; dziecko powtarza ci\u0105gi d\u017awi\u0119k\u00f3w zbudowanych ze sp\u00f3\u0142g\u0142oski z samog\u0142osk\u0105,<\/li>\n\n\n\n<li><strong>w 7. &#8211; 8. miesi\u0105cu<\/strong> dziecko reaguje na swoje imi\u0119,<\/li>\n\n\n\n<li><strong>od ok. 9. miesi\u0105ca \u017cycia<\/strong> monitoruje wzrok opiekuna i zaczyna dostrzega\u0107, w kt\u00f3r\u0105 stron\u0119 i na co spogl\u0105da,<\/li>\n\n\n\n<li><strong>w 10. &#8211; 12. miesi\u0105cu<\/strong> dziecko zna i rozumie znaczenie kilku rzeczownik\u00f3w, w tym imiona os\u00f3b bliskich (rodzic\u00f3w, rodze\u0144stwa); pr\u00f3buje powtarza\u0107 proste wyrazy (mama, tata).<\/li>\n<\/ul>\n\n\n\n<p><strong>>> To mo\u017ce Ci si\u0119 przyda\u0107: <a href=\"https:\/\/www.alab.pl\/centrum-wiedzy\/rozszerzanie-diety-niemowlaka-krok-po-kroku\/\">Rozszerzanie diety niemowlaka krok po kroku<\/a><\/strong><\/p>\n\n\n\n<h2 class=\"wp-block-heading\" id=\"Kolejne-skoki-rozwojowe-u-dzieci\">Kolejne skoki rozwojowe u dzieci<\/h2>\n\n\n\n<p>Pierwsze s\u0142owa, zdolno\u015b\u0107 do utrzymania pionowej postawy cia\u0142a, znajomo\u015b\u0107 imienia swojego oraz najbli\u017cszych \u2013 z takim zestawem umiej\u0119tno\u015bci maluch wychodzi z okresu niemowl\u0119cego.<\/p>\n\n\n\n<p><strong>>> Sprawd\u017a te\u017c: <a href=\"https:\/\/www.alab.pl\/centrum-wiedzy\/rozwoj-dziecka-z-zespolem-downa\/\">Rozw\u00f3j dziecka z zespo\u0142em Downa<\/a><\/strong><\/p>\n\n\n\n<p><strong>W dalszych etapach \u017cycia cz\u0142owiek zdobywa kolejne zdolno\u015bci:<\/strong><\/p>\n\n\n\n<ul class=\"wp-block-list\">\n<li><strong>oko\u0142o 18. miesi\u0105ca \u017cycia<\/strong> dziecko chodzi samodzielnie po schodach trzymaj\u0105c si\u0119 opiekuna lub por\u0119czy, buduje prost\u0105 wie\u017c\u0119 z klock\u00f3w, samo pije z kubka, pr\u00f3buje pos\u0142ugiwa\u0107 si\u0119 sztu\u0107cami, wypowiada coraz wi\u0119cej prostych s\u0142\u00f3w, pr\u00f3buje wokalizowa\u0107 bardziej z\u0142o\u017cone wyrazy;<\/li>\n\n\n\n<li><strong>w 2. roku \u017cycia<\/strong> dziecko kopie pi\u0142k\u0119, wchodzi po schodach krokiem dostawnym, u\u017cywa \u0142y\u017cki, na\u015bladuje rysowanie kreski pionowej, rozumie i wykonuje proste polecenia, buduje proste (ok. 2-4 wyrazy) zdania;<\/li>\n\n\n\n<li><strong>w 3. roku \u017cycia<\/strong> dziecko sprawnie biega, podskakuje obiema nogami, wchodzi po schodach krokiem naprzemiennym (schodzi dostawnym), buduje z\u0142o\u017con\u0105 wie\u017c\u0119 (z oko\u0142o 10 klock\u00f3w), u\u017cywa \u0142y\u017cki i widelca, rozbiera si\u0119, rozumie z\u0142o\u017cone polecenia, buduje coraz bardziej rozbudowane zdania;<\/li>\n\n\n\n<li><strong>w 4. roku \u017cycia<\/strong> dziecko chodzi po schodach bez konieczno\u015bci przytrzymywania si\u0119, skacze na jednej nodze, ubiera si\u0119 samo, potrafi przeci\u0105\u0107 papier no\u017cyczkami;<\/li>\n\n\n\n<li><strong>w 5. roku \u017cycia<\/strong> dziecko rytmicznie biega (jak osoba doros\u0142a), zaczyna pisa\u0107, zapina guzik, zawi\u0105zuje sznurowad\u0142a,;<\/li>\n\n\n\n<li><strong>mi\u0119dzy 6. a 12.<\/strong> rokiem \u017cycia rozwija si\u0119 rozumowanie naukowe i zrozumienie praw fizycznych; dziecko mo\u017ce zrozumie\u0107 wiele punkt\u00f3w widzenia i mo\u017ce zrozumie\u0107 jedn\u0105 perspektyw\u0119 sytuacji, doskonaleniu ulega zdolno\u015b\u0107 do czytania, pisania i zapami\u0119tywania z\u0142o\u017conych informacji,<\/li>\n\n\n\n<li><strong>powy\u017cej 12. roku \u017cycia<\/strong> rozwija si\u0119 poznanie spo\u0142eczne, kszta\u0142tuj\u0105 si\u0119 pogl\u0105dy, pojawia si\u0119 i doskonali my\u015blenie abstrakcyjne i logiczne.<\/li>\n<\/ul>\n\n\n\n<p><strong>>> Dowiedz si\u0119 wi\u0119cej: <a href=\"https:\/\/www.alab.pl\/centrum-wiedzy\/jak-wygladaja-bole-wzrostowe-u-dziecka\/\">Jak wygl\u0105daj\u0105 b\u00f3le wzrostowe u dziecka?<\/a><\/strong><\/p>\n\n\n\n<h2 class=\"wp-block-heading\" id=\"W-czym-pomagaj\u0105-kamienie-milowe?\">W czym pomagaj\u0105 kamienie milowe?<\/h2>\n\n\n\n<p>Znajomo\u015b\u0107 powy\u017cszych etap\u00f3w rozwoju pozwala na ocen\u0119 jego prawid\u0142owego przebiegu. <strong>Dzieci, kt\u00f3re nie osi\u0105gaj\u0105, osi\u0105gaj\u0105 z op\u00f3\u017anieniem i\/lub prezentuj\u0105 nieprawid\u0142owy wzorzec powinny zosta\u0107 poddane diagnostyce<\/strong>: pocz\u0105tkowo ocenie przez lekarza (optymalnie specjalist\u0119 pediatrii i\/lub neurologa dzieci\u0119cego), co pozwala znale\u017a\u0107 potencjalne \u017ar\u00f3d\u0142o zaburze\u0144.<\/p>\n\n\n\n<p>Dalsze kroki s\u0105 ustalane indywidualnie.<\/p>\n\n\n\n<figure class=\"wp-block-image size-full\"><a href=\"https:\/\/www.alab.pl\/pakiet\/pakiet-malego-dziecka-rozszerzony\"><img loading=\"lazy\" decoding=\"async\" width=\"800\" height=\"200\" src=\"https:\/\/www.alab.pl\/centrum-wiedzy\/wp-content\/uploads\/2025\/02\/Pakiet-malego-dziecka-rozszerzony-9-badan.jpg\" alt=\"Pakiet ma\u0142ego dziecka rozszerzony (9 badan\u0301) banerek\" class=\"wp-image-21536\" srcset=\"https:\/\/www.alab.pl\/centrum-wiedzy\/wp-content\/uploads\/2025\/02\/Pakiet-malego-dziecka-rozszerzony-9-badan.jpg 800w, https:\/\/www.alab.pl\/centrum-wiedzy\/wp-content\/uploads\/2025\/02\/Pakiet-malego-dziecka-rozszerzony-9-badan-768x192.jpg 768w, https:\/\/www.alab.pl\/centrum-wiedzy\/wp-content\/uploads\/2025\/02\/Pakiet-malego-dziecka-rozszerzony-9-badan-150x38.jpg 150w, https:\/\/www.alab.pl\/centrum-wiedzy\/wp-content\/uploads\/2025\/02\/Pakiet-malego-dziecka-rozszerzony-9-badan-300x75.jpg 300w, https:\/\/www.alab.pl\/centrum-wiedzy\/wp-content\/uploads\/2025\/02\/Pakiet-malego-dziecka-rozszerzony-9-badan-696x174.jpg 696w\" sizes=\"auto, (max-width: 800px) 100vw, 800px\" \/><\/a><\/figure>\n\n\n\n<h2 class=\"wp-block-heading\" id=\"Skoki-rozwojowe-dziecka-\u2013-podsumowanie\">Skoki rozwojowe dziecka \u2013 podsumowanie<\/h2>\n\n\n\n<p>\u201cSkok rozwojowy\u201d to potoczne okre\u015blenie kamieni milowych \u2013 osi\u0105gni\u0119\u0107 w zakresie rozwoju, kt\u00f3re s\u0105 wpisane w ludzk\u0105 natur\u0119. Ka\u017cda kluczowa umiej\u0119tno\u015b\u0107 pojawia si\u0119 etapami w okre\u015blonych ramach czasowych. W przypadku, gdy dany kamie\u0144 milowy nie zostanie osi\u0105gni\u0119ty, wskazana jest ocena lekarska. Pami\u0119taj! Podejmowanie dzia\u0142a\u0144 \u201cna w\u0142asn\u0105 r\u0119k\u0119\u201d jest ryzykowne; w wielu przypadkach pod\u0142o\u017cem zaburze\u0144 rozwojowych mo\u017ce by\u0107 choroba, kt\u00f3ra wymaga specjalistycznej diagnostyki i leczenia.<\/p>\n\n\n\n<hr class=\"wp-block-separator has-alpha-channel-opacity\"\/>\n\n\n\n<p><strong>\u0179r\u00f3d\u0142a<\/strong><\/p>\n\n\n\n<ol class=\"wp-block-list\">\n<li>Neurologia wieku rozwojowego, Barbara Steinborn, PZWL Wydawnictwo Lekarskie, Warszawa 2019<\/li>\n\n\n\n<li>Misirliyan SS, Boehning AP, Shah M. Development Milestones. [Updated 2023 Mar 16]. In: StatPearls [Internet]. Treasure Island (FL): StatPearls Publishing; 2025 Jan-.<br>https:\/\/www.ncbi.nlm.nih.gov\/books\/NBK557518<\/li>\n\n\n\n<li>Dosman CF, Andrews D, Goulden KJ. Evidence-based milestone ages as a framework for developmental surveillance. Paediatr Child Health. 2012 Dec;17(10):561-8. doi: 10.1093\/pch\/17.10.561. PMID: 24294064; PMCID: PMC3549694.<br>https:\/\/pmc.ncbi.nlm.nih.gov\/articles\/PMC3549694<\/li>\n\n\n\n<li>Malik F, Marwaha R. Cognitive Development. [Updated 2023 Apr 23]. In: StatPearls [Internet]. Treasure Island (FL): StatPearls Publishing; 2025 Jan-.<br>https:\/\/www.ncbi.nlm.nih.gov\/books\/NBK537095<\/li>\n<\/ol>\n\n\n\n<p><\/p>\n","protected":false},"excerpt":{"rendered":"<p>Czy s\u0142ysza\u0142e\u015b o skokach rozwojowych u dzieci? Zapoznaj si\u0119 z faktami, dotycz\u0105cymi skok\u00f3w rozwojowych u dzieci.<\/p>\n","protected":false},"author":154,"featured_media":21538,"comment_status":"closed","ping_status":"closed","sticky":false,"template":"","format":"standard","meta":{"_acf_changed":false,"inline_featured_image":false,"footnotes":""},"categories":[30],"tags":[],"coauthors":[151],"class_list":{"0":"post-21972","1":"post","2":"type-post","3":"status-publish","4":"format-standard","5":"has-post-thumbnail","7":"category-zdrowie-dzieci-i-mlodziezy"},"acf":[],"yoast_head":"<!-- This site is optimized with the Yoast SEO plugin v27.5 - https:\/\/yoast.com\/product\/yoast-seo-wordpress\/ -->\n<title>\u201cSkoki rozwojowe\u201d \u2013 o czym warto wiedzie\u0107? - Centrum Wiedzy ALAB laboratoria<\/title>\n<meta name=\"description\" content=\"Czy s\u0142ysza\u0142e\u015b o skokach rozwojowych u dzieci? Zapoznaj si\u0119 z faktami, dotycz\u0105cymi skok\u00f3w rozwojowych u dzieci.\" \/>\n<meta name=\"robots\" content=\"index, follow, max-snippet:-1, max-image-preview:large, max-video-preview:-1\" \/>\n<link rel=\"canonical\" href=\"https:\/\/www.alab.pl\/centrum-wiedzy\/skoki-rozwojowe-o-czym-warto-wiedziec\/\" \/>\n<meta property=\"og:locale\" content=\"pl_PL\" \/>\n<meta property=\"og:type\" content=\"article\" \/>\n<meta property=\"og:title\" content=\"\u201cSkoki rozwojowe\u201d \u2013 o czym warto wiedzie\u0107? - Centrum Wiedzy ALAB laboratoria\" \/>\n<meta property=\"og:description\" content=\"Czy s\u0142ysza\u0142e\u015b o skokach rozwojowych u dzieci? Zapoznaj si\u0119 z faktami, dotycz\u0105cymi skok\u00f3w rozwojowych u dzieci.\" \/>\n<meta property=\"og:url\" content=\"https:\/\/www.alab.pl\/centrum-wiedzy\/skoki-rozwojowe-o-czym-warto-wiedziec\/\" \/>\n<meta property=\"og:site_name\" content=\"Centrum Wiedzy ALAB laboratoria\" \/>\n<meta property=\"article:publisher\" content=\"https:\/\/www.facebook.com\/ALABlaboratoria\" \/>\n<meta property=\"article:published_time\" content=\"2025-03-04T11:49:45+00:00\" \/>\n<meta property=\"article:modified_time\" content=\"2025-03-04T11:49:47+00:00\" \/>\n<meta property=\"og:image\" content=\"https:\/\/www.alab.pl\/centrum-wiedzy\/wp-content\/uploads\/2025\/02\/Skoki-rozwojowe-u-dziecka_cover.jpg\" \/>\n\t<meta property=\"og:image:width\" content=\"1925\" \/>\n\t<meta property=\"og:image:height\" content=\"1285\" \/>\n\t<meta property=\"og:image:type\" content=\"image\/jpeg\" \/>\n<meta name=\"author\" content=\"Damian Matusiak\" \/>\n<meta name=\"twitter:card\" content=\"summary_large_image\" \/>\n<meta name=\"twitter:label1\" content=\"Napisane przez\" \/>\n\t<meta name=\"twitter:data1\" content=\"Damian Matusiak\" \/>\n\t<meta name=\"twitter:label2\" content=\"Szacowany czas czytania\" \/>\n\t<meta name=\"twitter:data2\" content=\"7 minut\" \/>\n\t<meta name=\"twitter:label3\" content=\"Written by\" \/>\n\t<meta name=\"twitter:data3\" content=\"Damian Matusiak\" \/>\n<!-- \/ Yoast SEO plugin. -->","yoast_head_json":{"title":"\u201cSkoki rozwojowe\u201d \u2013 o czym warto wiedzie\u0107? - Centrum Wiedzy ALAB laboratoria","description":"Czy s\u0142ysza\u0142e\u015b o skokach rozwojowych u dzieci? Zapoznaj si\u0119 z faktami, dotycz\u0105cymi skok\u00f3w rozwojowych u dzieci.","robots":{"index":"index","follow":"follow","max-snippet":"max-snippet:-1","max-image-preview":"max-image-preview:large","max-video-preview":"max-video-preview:-1"},"canonical":"https:\/\/www.alab.pl\/centrum-wiedzy\/skoki-rozwojowe-o-czym-warto-wiedziec\/","og_locale":"pl_PL","og_type":"article","og_title":"\u201cSkoki rozwojowe\u201d \u2013 o czym warto wiedzie\u0107? - Centrum Wiedzy ALAB laboratoria","og_description":"Czy s\u0142ysza\u0142e\u015b o skokach rozwojowych u dzieci? Zapoznaj si\u0119 z faktami, dotycz\u0105cymi skok\u00f3w rozwojowych u dzieci.","og_url":"https:\/\/www.alab.pl\/centrum-wiedzy\/skoki-rozwojowe-o-czym-warto-wiedziec\/","og_site_name":"Centrum Wiedzy ALAB laboratoria","article_publisher":"https:\/\/www.facebook.com\/ALABlaboratoria","article_published_time":"2025-03-04T11:49:45+00:00","article_modified_time":"2025-03-04T11:49:47+00:00","og_image":[{"width":1925,"height":1285,"url":"https:\/\/www.alab.pl\/centrum-wiedzy\/wp-content\/uploads\/2025\/02\/Skoki-rozwojowe-u-dziecka_cover.jpg","type":"image\/jpeg"}],"author":"Damian Matusiak","twitter_card":"summary_large_image","twitter_misc":{"Napisane przez":"Damian Matusiak","Szacowany czas czytania":"7 minut","Written by":"Damian Matusiak"},"schema":{"@context":"https:\/\/schema.org","@graph":[{"@type":"Article","@id":"https:\/\/www.alab.pl\/centrum-wiedzy\/skoki-rozwojowe-o-czym-warto-wiedziec\/#article","isPartOf":{"@id":"https:\/\/www.alab.pl\/centrum-wiedzy\/skoki-rozwojowe-o-czym-warto-wiedziec\/"},"author":{"name":"Damian Matusiak","@id":"https:\/\/www.alab.pl\/centrum-wiedzy\/#\/schema\/person\/5709fe1c1c909754033072d7f8155a44"},"headline":"\u201cSkoki rozwojowe\u201d \u2013 o czym warto wiedzie\u0107?","datePublished":"2025-03-04T11:49:45+00:00","dateModified":"2025-03-04T11:49:47+00:00","mainEntityOfPage":{"@id":"https:\/\/www.alab.pl\/centrum-wiedzy\/skoki-rozwojowe-o-czym-warto-wiedziec\/"},"wordCount":1195,"publisher":{"@id":"https:\/\/www.alab.pl\/centrum-wiedzy\/#organization"},"image":{"@id":"https:\/\/www.alab.pl\/centrum-wiedzy\/skoki-rozwojowe-o-czym-warto-wiedziec\/#primaryimage"},"thumbnailUrl":"https:\/\/www.alab.pl\/centrum-wiedzy\/wp-content\/uploads\/2025\/02\/Skoki-rozwojowe-u-dziecka_cover.jpg","articleSection":["Zdrowie dzieci i m\u0142odzie\u017cy"],"inLanguage":"pl-PL"},{"@type":"WebPage","@id":"https:\/\/www.alab.pl\/centrum-wiedzy\/skoki-rozwojowe-o-czym-warto-wiedziec\/","url":"https:\/\/www.alab.pl\/centrum-wiedzy\/skoki-rozwojowe-o-czym-warto-wiedziec\/","name":"\u201cSkoki rozwojowe\u201d \u2013 o czym warto wiedzie\u0107? - Centrum Wiedzy ALAB laboratoria","isPartOf":{"@id":"https:\/\/www.alab.pl\/centrum-wiedzy\/#website"},"primaryImageOfPage":{"@id":"https:\/\/www.alab.pl\/centrum-wiedzy\/skoki-rozwojowe-o-czym-warto-wiedziec\/#primaryimage"},"image":{"@id":"https:\/\/www.alab.pl\/centrum-wiedzy\/skoki-rozwojowe-o-czym-warto-wiedziec\/#primaryimage"},"thumbnailUrl":"https:\/\/www.alab.pl\/centrum-wiedzy\/wp-content\/uploads\/2025\/02\/Skoki-rozwojowe-u-dziecka_cover.jpg","datePublished":"2025-03-04T11:49:45+00:00","dateModified":"2025-03-04T11:49:47+00:00","description":"Czy s\u0142ysza\u0142e\u015b o skokach rozwojowych u dzieci? Zapoznaj si\u0119 z faktami, dotycz\u0105cymi skok\u00f3w rozwojowych u dzieci.","breadcrumb":{"@id":"https:\/\/www.alab.pl\/centrum-wiedzy\/skoki-rozwojowe-o-czym-warto-wiedziec\/#breadcrumb"},"inLanguage":"pl-PL","potentialAction":[{"@type":"ReadAction","target":["https:\/\/www.alab.pl\/centrum-wiedzy\/skoki-rozwojowe-o-czym-warto-wiedziec\/"]}]},{"@type":"ImageObject","inLanguage":"pl-PL","@id":"https:\/\/www.alab.pl\/centrum-wiedzy\/skoki-rozwojowe-o-czym-warto-wiedziec\/#primaryimage","url":"https:\/\/www.alab.pl\/centrum-wiedzy\/wp-content\/uploads\/2025\/02\/Skoki-rozwojowe-u-dziecka_cover.jpg","contentUrl":"https:\/\/www.alab.pl\/centrum-wiedzy\/wp-content\/uploads\/2025\/02\/Skoki-rozwojowe-u-dziecka_cover.jpg","width":1925,"height":1285,"caption":"Skoki rozwojowe u dziecka_cover"},{"@type":"BreadcrumbList","@id":"https:\/\/www.alab.pl\/centrum-wiedzy\/skoki-rozwojowe-o-czym-warto-wiedziec\/#breadcrumb","itemListElement":[{"@type":"ListItem","position":1,"name":"Strona g\u0142\u00f3wna","item":"https:\/\/www.alab.pl\/centrum-wiedzy\/"},{"@type":"ListItem","position":2,"name":"\u201cSkoki rozwojowe\u201d \u2013 o czym warto wiedzie\u0107?"}]},{"@type":"WebSite","@id":"https:\/\/www.alab.pl\/centrum-wiedzy\/#website","url":"https:\/\/www.alab.pl\/centrum-wiedzy\/","name":"Centrum Wiedzy ALAB laboratoria","description":"","publisher":{"@id":"https:\/\/www.alab.pl\/centrum-wiedzy\/#organization"},"potentialAction":[{"@type":"SearchAction","target":{"@type":"EntryPoint","urlTemplate":"https:\/\/www.alab.pl\/centrum-wiedzy\/?s={search_term_string}"},"query-input":{"@type":"PropertyValueSpecification","valueRequired":true,"valueName":"search_term_string"}}],"inLanguage":"pl-PL"},{"@type":"Organization","@id":"https:\/\/www.alab.pl\/centrum-wiedzy\/#organization","name":"Centrum Wiedzy ALAB laboratoria","url":"https:\/\/www.alab.pl\/centrum-wiedzy\/","logo":{"@type":"ImageObject","inLanguage":"pl-PL","@id":"https:\/\/www.alab.pl\/centrum-wiedzy\/#\/schema\/logo\/image\/","url":"https:\/\/www.alab.pl\/centrum-wiedzy\/wp-content\/uploads\/2022\/04\/alabek.jpg","contentUrl":"https:\/\/www.alab.pl\/centrum-wiedzy\/wp-content\/uploads\/2022\/04\/alabek.jpg","width":1250,"height":1251,"caption":"Centrum Wiedzy ALAB laboratoria"},"image":{"@id":"https:\/\/www.alab.pl\/centrum-wiedzy\/#\/schema\/logo\/image\/"},"sameAs":["https:\/\/www.facebook.com\/ALABlaboratoria"]},{"@type":"Person","@id":"https:\/\/www.alab.pl\/centrum-wiedzy\/#\/schema\/person\/5709fe1c1c909754033072d7f8155a44","name":"Damian Matusiak","image":{"@type":"ImageObject","inLanguage":"pl-PL","@id":"https:\/\/www.alab.pl\/centrum-wiedzy\/wp-content\/uploads\/2023\/10\/Damian-Matusiak-jpg-150x150.webp4a39f9a6ab8bdce93cc7d4859c6e6401","url":"https:\/\/www.alab.pl\/centrum-wiedzy\/wp-content\/uploads\/2023\/10\/Damian-Matusiak-jpg-150x150.webp","contentUrl":"https:\/\/www.alab.pl\/centrum-wiedzy\/wp-content\/uploads\/2023\/10\/Damian-Matusiak-jpg-150x150.webp","caption":"Damian Matusiak"},"description":"Specjalista pediatrii, kieruj\u0105cy Oddzia\u0142em Pediatrycznym w Lesznie, absolwent Uniwersytetu Medycznego im. Karola Marcinkowskiego w Poznaniu; pasjonat ultrasonografii i nowinek ze \u015bwiata nauki.","url":"https:\/\/www.alab.pl\/centrum-wiedzy\/author\/damian-matusiak\/"}]}},"_links":{"self":[{"href":"https:\/\/www.alab.pl\/centrum-wiedzy\/wp-json\/wp\/v2\/posts\/21972","targetHints":{"allow":["GET"]}}],"collection":[{"href":"https:\/\/www.alab.pl\/centrum-wiedzy\/wp-json\/wp\/v2\/posts"}],"about":[{"href":"https:\/\/www.alab.pl\/centrum-wiedzy\/wp-json\/wp\/v2\/types\/post"}],"author":[{"embeddable":true,"href":"https:\/\/www.alab.pl\/centrum-wiedzy\/wp-json\/wp\/v2\/users\/154"}],"replies":[{"embeddable":true,"href":"https:\/\/www.alab.pl\/centrum-wiedzy\/wp-json\/wp\/v2\/comments?post=21972"}],"version-history":[{"count":4,"href":"https:\/\/www.alab.pl\/centrum-wiedzy\/wp-json\/wp\/v2\/posts\/21972\/revisions"}],"predecessor-version":[{"id":21978,"href":"https:\/\/www.alab.pl\/centrum-wiedzy\/wp-json\/wp\/v2\/posts\/21972\/revisions\/21978"}],"wp:featuredmedia":[{"embeddable":true,"href":"https:\/\/www.alab.pl\/centrum-wiedzy\/wp-json\/wp\/v2\/media\/21538"}],"wp:attachment":[{"href":"https:\/\/www.alab.pl\/centrum-wiedzy\/wp-json\/wp\/v2\/media?parent=21972"}],"wp:term":[{"taxonomy":"category","embeddable":true,"href":"https:\/\/www.alab.pl\/centrum-wiedzy\/wp-json\/wp\/v2\/categories?post=21972"},{"taxonomy":"post_tag","embeddable":true,"href":"https:\/\/www.alab.pl\/centrum-wiedzy\/wp-json\/wp\/v2\/tags?post=21972"},{"taxonomy":"author","embeddable":true,"href":"https:\/\/www.alab.pl\/centrum-wiedzy\/wp-json\/wp\/v2\/coauthors?post=21972"}],"curies":[{"name":"wp","href":"https:\/\/api.w.org\/{rel}","templated":true}]}}