{"id":21985,"date":"2025-03-04T13:19:24","date_gmt":"2025-03-04T12:19:24","guid":{"rendered":"https:\/\/www.alab.pl\/centrum-wiedzy\/?p=21985"},"modified":"2025-03-04T13:19:26","modified_gmt":"2025-03-04T12:19:26","slug":"powiekszenie-wezlow-chlonnych-u-dzieci","status":"publish","type":"post","link":"https:\/\/www.alab.pl\/centrum-wiedzy\/powiekszenie-wezlow-chlonnych-u-dzieci\/","title":{"rendered":"Powi\u0119kszenie w\u0119z\u0142\u00f3w ch\u0142onnych u dzieci"},"content":{"rendered":"\n<p><strong>W\u0119z\u0142y ch\u0142onne to wa\u017cna linia obrony przed licznymi zagro\u017ceniami \u2013 nie tylko infekcjami, ale i nowotworami. Widoczne powi\u0119kszenie, zwane limfadenopati\u0105, mo\u017ce mie\u0107 wiele przyczyn. Jakich dok\u0142adnie?<\/strong><\/p>\n\n\n\n<p><strong>Spis tre\u015bci:<\/strong><\/p>\n\n\n\n<ol class=\"wp-block-list\">\n<li><a href=\"#Czym-s\u0105-w\u0119z\u0142y-ch\u0142onne?\">Czym s\u0105 w\u0119z\u0142y ch\u0142onne?<\/a><\/li>\n\n\n\n<li><a href=\"#Powi\u0119kszone-w\u0119z\u0142y-ch\u0142onne-u-dzieci-\u2013-przyczyny\">Powi\u0119kszone w\u0119z\u0142y ch\u0142onne u dzieci \u2013 przyczyny<\/a><\/li>\n\n\n\n<li><a href=\"#Objawy-powi\u0119kszonych-w\u0119z\u0142\u00f3w-ch\u0142onnych-u-dzieci\">Objawy powi\u0119kszonych w\u0119z\u0142\u00f3w ch\u0142onnych u dzieci<\/a><\/li>\n\n\n\n<li><a href=\"#Powi\u0119kszone-w\u0119z\u0142y-ch\u0142onne-u-dziecka-\u2013-kiedy-nale\u017cy-i\u015b\u0107-do-lekarza?\">Powi\u0119kszone w\u0119z\u0142y ch\u0142onne u dziecka \u2013 kiedy nale\u017cy i\u015b\u0107 do lekarza?<\/a><\/li>\n\n\n\n<li><a href=\"#Diagnostyka-powi\u0119kszonych-w\u0119z\u0142\u00f3w-ch\u0142onnych-u-dzieci\">Diagnostyka powi\u0119kszonych w\u0119z\u0142\u00f3w ch\u0142onnych u dzieci<\/a><\/li>\n\n\n\n<li><a href=\"#Powi\u0119kszone-w\u0119z\u0142y-ch\u0142onne-u-dzieci-\u2013-leczenie\">Powi\u0119kszone w\u0119z\u0142y ch\u0142onne u dzieci \u2013 leczenie<\/a><\/li>\n\n\n\n<li><a href=\"#Powi\u0119kszone-w\u0119z\u0142y-ch\u0142onne-u-dzieci-\u2013-podsumowanie\">Powi\u0119kszone w\u0119z\u0142y ch\u0142onne u dzieci \u2013 podsumowanie<\/a><\/li>\n<\/ol>\n\n\n\n<h2 class=\"wp-block-heading\" id=\"Czym-s\u0105-w\u0119z\u0142y-ch\u0142onne?\">Czym s\u0105 w\u0119z\u0142y ch\u0142onne?<\/h2>\n\n\n\n<p>W\u0119ze\u0142 ch\u0142onny to struktura anatomiczna uk\u0142adu odporno\u015bciowego, kt\u00f3ra dzia\u0142a jak \u201efiltr\u201d, przez kt\u00f3ry przechodzi ch\u0142onka (limfa) zawieraj\u0105ca m.in. kom\u00f3rki nowotworowe w przypadku zachorowania, a tak\u017ce cz\u0119\u015b\u0107 wirus\u00f3w i bakterii atakuj\u0105cych organizm. W ten spos\u00f3b <strong>uk\u0142ad odporno\u015bciowy mo\u017ce rozpoznawa\u0107 obce bia\u0142ka i reagowa\u0107 na nie oraz w razie potrzeby wywo\u0142ywa\u0107 odpowied\u017a na zagro\u017cenie<\/strong> \u2013 sprawia to, \u017ce w\u0119ze\u0142 zwi\u0119ksza sw\u00f3j rozmiar.<\/p>\n\n\n\n<p><strong>>> Sprawd\u017a: <a href=\"https:\/\/www.alab.pl\/centrum-wiedzy\/powiekszone-wezly-chlonne-limfadenopatia-przyczyny-diagnostyka\/\">Powi\u0119kszone w\u0119z\u0142y ch\u0142onne (limfadenopatia) \u2013 przyczyny, diagnostyka<\/a><\/strong><\/p>\n\n\n\n<p>Kryteria \u201enormalnego\u201d i \u201epowi\u0119kszonego\u201d w\u0119z\u0142a ch\u0142onnego r\u00f3\u017cni\u0105 si\u0119 w zale\u017cno\u015bci od lokalizacji i wieku pacjenta. Na przyk\u0142ad dzieci w wieku poni\u017cej 10 lat charakteryzuj\u0105 si\u0119 wi\u0119ksz\u0105 tendencj\u0105 do zwi\u0119kszania wymiar\u00f3w w\u0119z\u0142\u00f3w, st\u0105d takie do \u200b\u200b2 cm mo\u017cna uzna\u0107 za normalne w niekt\u00f3rych sytuacjach klinicznych.<\/p>\n\n\n\n<h2 class=\"wp-block-heading\" id=\"Powi\u0119kszone-w\u0119z\u0142y-ch\u0142onne-u-dzieci-\u2013-przyczyny\">Powi\u0119kszone w\u0119z\u0142y ch\u0142onne u dzieci \u2013 przyczyny<\/h2>\n\n\n\n<p>Do najcz\u0119stszych przyczyn powi\u0119kszenia w\u0119z\u0142\u00f3w ch\u0142onnych u dzieci zalicza si\u0119:<\/p>\n\n\n\n<ul class=\"wp-block-list\">\n<li><strong>zaka\u017cenia wirusowe<\/strong> (<a href=\"https:\/\/www.alab.pl\/centrum-wiedzy\/mononukleoza-zakazna-im-infectious-mononucleosis\/\">mononukleoza<\/a> wywo\u0142ana przez EBV lub CMV, <a href=\"https:\/\/www.alab.pl\/centrum-wiedzy\/rozyczka-objawy-leczenie-profilaktyka\/\">r\u00f3\u017cyczka<\/a>, HSV, <a href=\"https:\/\/www.alab.pl\/centrum-wiedzy\/ospa-wietrzna-u-dzieci-objawy-diagnostyka-i-leczenie\/\">ospa wietrzna<\/a>, adenowirus),<\/li>\n\n\n\n<li><strong>zaka\u017cenia bakteryjne <\/strong>(<a href=\"https:\/\/www.alab.pl\/centrum-wiedzy\/gronkowiec-zlocisty-zakazenia-skory\/\">Staphylococcus<\/a>, <a href=\"https:\/\/www.alab.pl\/centrum-wiedzy\/paciorkowce-czy-te-bakterie-sa-grozne-objawy-zakazenia-diagnostyka-leczenie\/\">Streptococcus<\/a>, <a href=\"https:\/\/www.alab.pl\/centrum-wiedzy\/salmonella-przyczyny-zakazenia-objawy-leczenie-zapobieganie\/\">Salmonella<\/a>, <a href=\"https:\/\/www.alab.pl\/centrum-wiedzy\/jersinioza-co-to-za-choroba-objawy-diagnostyka-sposoby-leczenia\/\">Yersinia<\/a>, <a href=\"https:\/\/www.alab.pl\/centrum-wiedzy\/bartonelloza-objawy-zakazenia-bakteria-bartonella\/\">Bartonella<\/a>, a tak\u017ce Mycobacterium wywo\u0142uj\u0105ce <a href=\"https:\/\/www.alab.pl\/centrum-wiedzy\/gruzlica-historia-przyczyny-objawy-rodzaje\/\">gru\u017alic\u0119<\/a> \u2013 obecnie rzadko\u015b\u0107),<\/li>\n\n\n\n<li><strong>zaka\u017cenia grzybicze<\/strong> (kokcydioidomikoza, histoplazmoza i <a href=\"https:\/\/www.alab.pl\/centrum-wiedzy\/nawracajace-infekcje-grzybicze-candida-albicans-jak-objawia-sie-kandydoza\/\">Candida<\/a>; g\u0142\u00f3wnie u dzieci z nabytymi lub wrodzonymi defektami odporno\u015bci),<\/li>\n\n\n\n<li><strong>zaka\u017cenia paso\u017cytnicze<\/strong> (<a href=\"https:\/\/www.alab.pl\/centrum-wiedzy\/toksoplazmoza-zrodla-zarazenia-objawy-diagnostyka\/\">toksoplazmoza<\/a>, <a href=\"https:\/\/www.alab.pl\/centrum-wiedzy\/walka-z-choroba-chagasa-trypanosomoza-amerykanska\/\">choroba Chagasa<\/a>),<\/li>\n\n\n\n<li><a href=\"https:\/\/www.alab.pl\/centrum-wiedzy\/najczestsze-nowotwory-u-kobiet-i-mezczyzn\/\"><strong>nowotwory<\/strong><\/a> (zar\u00f3wno pierwotne, jak i przerzuty; ostra <a href=\"https:\/\/www.alab.pl\/centrum-wiedzy\/bialaczka-leukemia-rak-krwi-objawy-rodzaje-diagnostyka-i-leczenie\/\">bia\u0142aczka<\/a> limfoblastyczna, ch\u0142oniak Hodgkina, ch\u0142oniak nieziarniczy, ostra bia\u0142aczka szpikowa, mi\u0119saki),<\/li>\n\n\n\n<li><strong>choroby autoimmunologiczne<\/strong> (<a href=\"https:\/\/www.alab.pl\/centrum-wiedzy\/sarkoidoza-jak-objawia-sie-rzadka-zagadkowa-choroba\/\">sarkoidoza<\/a>, m\u0142odzie\u0144cze idiopatyczne zapalenie staw\u00f3w, choroba posurowicza, <a href=\"https:\/\/www.alab.pl\/centrum-wiedzy\/toczen-ukladowy-sle\/\">tocze\u0144 rumieniowaty uk\u0142adowy<\/a>),<\/li>\n\n\n\n<li><strong>nara\u017cenie na niekt\u00f3re toksyny i leki<\/strong>,<\/li>\n\n\n\n<li><strong>wrodzone choroby metaboliczne<\/strong> (choroba Niemanna-Picka, <a href=\"https:\/\/www.alab.pl\/centrum-wiedzy\/choroba-gauchera-objawy-przyczyny-diagnostyka-i-leczenie\/\">choroba Gauchera<\/a>).<\/li>\n<\/ul>\n\n\n\n<h2 class=\"wp-block-heading\" id=\"Objawy-powi\u0119kszonych-w\u0119z\u0142\u00f3w-ch\u0142onnych-u-dzieci\">Objawy powi\u0119kszonych w\u0119z\u0142\u00f3w ch\u0142onnych u dzieci<\/h2>\n\n\n\n<p>Limfadenopatia wyst\u0119puje <strong>w dw\u00f3ch postaciach: uog\u00f3lnionej i zlokalizowanej<\/strong>.<\/p>\n\n\n\n<p>Uog\u00f3lniona obejmuje powi\u0119kszenie w 2 lub wi\u0119kszej liczbie nies\u0105siaduj\u0105cych ze sob\u0105 lokalizacji. Miejscowa wyst\u0119puje w s\u0105siaduj\u0105cych ze sob\u0105 skupiskach w\u0119z\u0142\u00f3w ch\u0142onnych. <strong>Jest to pierwsza cecha, kt\u00f3r\u0105 nale\u017cy okre\u015bli\u0107, poszukuj\u0105c przyczyny powi\u0119kszenia.<\/strong><\/p>\n\n\n\n<p><strong>Kolejnymi s\u0105:<\/strong><\/p>\n\n\n\n<ul class=\"wp-block-list\">\n<li>twardo\u015b\u0107,<\/li>\n\n\n\n<li>przesuwalno\u015b\u0107,<\/li>\n\n\n\n<li>brak lub obecno\u015b\u0107 tkliwo\u015bci (b\u00f3lu przy ucisku),<\/li>\n\n\n\n<li>obecno\u015b\u0107 zaczerwienienia sk\u00f3ry wok\u00f3\u0142 w\u0119z\u0142a,<\/li>\n\n\n\n<li>objawy dodatkowe z innych lokalizacji narz\u0105dowych.<\/li>\n<\/ul>\n\n\n\n<p>W\u0119z\u0142y ch\u0142onne, kt\u00f3re s\u0105 du\u017ce, bolesne i powi\u0119kszone symetrycznie <strong>zazwyczaj towarzysz\u0105 typowym chorobom wieku dzieci\u0119cego<\/strong> (jak np. mononukleozie, <a href=\"https:\/\/www.alab.pl\/centrum-wiedzy\/angina-objawy-diagnostyka-leczenie\/\">anginie<\/a> paciorkowcowej).<\/p>\n\n\n\n<p>Jednostronne, du\u017ce, tkliwe w\u0119z\u0142y, zazwyczaj pod\u017cuchwowe lub szyjne, cz\u0119sto s\u0105 spowodowane zapaleniem wymagaj\u0105cym antybiotykoterapii.<\/p>\n\n\n\n<p><strong>>> Przeczytaj te\u017c: <a href=\"https:\/\/www.alab.pl\/centrum-wiedzy\/antybiotyki-czy-nadal-sa-skuteczne\/\">Antybiotyki \u2013 czy nadal s\u0105 skuteczne?<\/a><\/strong><\/p>\n\n\n\n<h2 class=\"wp-block-heading\" id=\"Powi\u0119kszone-w\u0119z\u0142y-ch\u0142onne-u-dziecka-\u2013-kiedy-nale\u017cy-i\u015b\u0107-do-lekarza?\">Powi\u0119kszone w\u0119z\u0142y ch\u0142onne u dziecka \u2013 kiedy nale\u017cy i\u015b\u0107 do lekarza?<\/h2>\n\n\n\n<p>\u201eCzerwone flagi\u201d, kt\u00f3re stanowi\u0105 sygna\u0142 alarmowy i s\u0105 wskazaniem do konsultacji z pediatr\u0105, to:<\/p>\n\n\n\n<ul class=\"wp-block-list\">\n<li>powi\u0119kszenie w\u0119z\u0142\u00f3w ch\u0142onnych w okolicy nad- i podobojczykowej,<\/li>\n\n\n\n<li>tkliwe, bardzo du\u017ce w\u0119z\u0142y,<\/li>\n\n\n\n<li>limfadenopatia z towarzysz\u0105c\u0105 gor\u0105czk\u0105, os\u0142abieniem, nocnymi potami, dreszczami, duszno\u015bci\u0105 i utrat\u0105 masy cia\u0142a,<\/li>\n\n\n\n<li>jednostronne powi\u0119kszenie w\u0119z\u0142\u00f3w w okolicy k\u0105ta \u017cuchwy bez uchwytnej przyczyny,<\/li>\n\n\n\n<li>powi\u0119kszenie w\u0119z\u0142a w okolicy uk\u0105szenia przez owada, <a href=\"https:\/\/www.alab.pl\/centrum-wiedzy\/choroba-kociego-pazura-objawy-przyczyny-diagnostyka-i-leczenie\/\">zadrapania przez kota<\/a> lub psa,<\/li>\n\n\n\n<li>w\u0119z\u0142y twarde, niebolesne, nieprzesuwalne (zw\u0142aszcza, gdy towarzysz\u0105 im objawy og\u00f3lnoustrojowe).<\/li>\n<\/ul>\n\n\n\n<h2 class=\"wp-block-heading\" id=\"Diagnostyka-powi\u0119kszonych-w\u0119z\u0142\u00f3w-ch\u0142onnych-u-dzieci\">Diagnostyka powi\u0119kszonych w\u0119z\u0142\u00f3w ch\u0142onnych u dzieci<\/h2>\n\n\n\n<p>W celu zr\u00f3\u017cnicowania potencjalnej przyczyny limfadenopatii wykonuje si\u0119 nast\u0119puj\u0105ce <strong>badania laboratoryjne:<\/strong><\/p>\n\n\n\n<ul class=\"wp-block-list\">\n<li>morfologia krwi obwodowej z rozmazem,<\/li>\n<\/ul>\n\n\n\n<figure class=\"wp-block-image size-full\"><a href=\"https:\/\/www.alab.pl\/badanie\/morfologia-krwi-c55\"><img loading=\"lazy\" decoding=\"async\" width=\"800\" height=\"200\" src=\"https:\/\/www.alab.pl\/centrum-wiedzy\/wp-content\/uploads\/2025\/02\/Morfologia.jpg\" alt=\"Morfologia banerek\" class=\"wp-image-21108\" srcset=\"https:\/\/www.alab.pl\/centrum-wiedzy\/wp-content\/uploads\/2025\/02\/Morfologia.jpg 800w, https:\/\/www.alab.pl\/centrum-wiedzy\/wp-content\/uploads\/2025\/02\/Morfologia-768x192.jpg 768w, https:\/\/www.alab.pl\/centrum-wiedzy\/wp-content\/uploads\/2025\/02\/Morfologia-150x38.jpg 150w, https:\/\/www.alab.pl\/centrum-wiedzy\/wp-content\/uploads\/2025\/02\/Morfologia-300x75.jpg 300w, https:\/\/www.alab.pl\/centrum-wiedzy\/wp-content\/uploads\/2025\/02\/Morfologia-696x174.jpg 696w\" sizes=\"auto, (max-width: 800px) 100vw, 800px\" \/><\/a><\/figure>\n\n\n\n<ul class=\"wp-block-list\">\n<li>przeciwcia\u0142a w klasie IgG i IgM w kierunku zaka\u017cenia wirusem EBV, CMV i toksoplazmoz\u0105, rzadziej (z uwagi na cz\u0119sto\u015b\u0107 choroby i dost\u0119pno\u015b\u0107 oraz koszt test\u00f3w) bartonelloz\u0105,<\/li>\n\n\n\n<li>wska\u017aniki stanu zapalnego (OB i CRP),<\/li>\n<\/ul>\n\n\n\n<figure class=\"wp-block-image size-full\"><a href=\"https:\/\/www.alab.pl\/badanie\/bialko-c-reaktywne-crp-ilosciowe-i81\"><img loading=\"lazy\" decoding=\"async\" width=\"800\" height=\"200\" src=\"https:\/\/www.alab.pl\/centrum-wiedzy\/wp-content\/uploads\/2025\/02\/Badanie-CRP-bialko-C-reaktywne.jpg\" alt=\"Badanie CRP - (bia\u0142ko C-reaktywne) banerek\" class=\"wp-image-21101\" srcset=\"https:\/\/www.alab.pl\/centrum-wiedzy\/wp-content\/uploads\/2025\/02\/Badanie-CRP-bialko-C-reaktywne.jpg 800w, https:\/\/www.alab.pl\/centrum-wiedzy\/wp-content\/uploads\/2025\/02\/Badanie-CRP-bialko-C-reaktywne-768x192.jpg 768w, https:\/\/www.alab.pl\/centrum-wiedzy\/wp-content\/uploads\/2025\/02\/Badanie-CRP-bialko-C-reaktywne-150x38.jpg 150w, https:\/\/www.alab.pl\/centrum-wiedzy\/wp-content\/uploads\/2025\/02\/Badanie-CRP-bialko-C-reaktywne-300x75.jpg 300w, https:\/\/www.alab.pl\/centrum-wiedzy\/wp-content\/uploads\/2025\/02\/Badanie-CRP-bialko-C-reaktywne-696x174.jpg 696w\" sizes=\"auto, (max-width: 800px) 100vw, 800px\" \/><\/a><\/figure>\n\n\n\n<ul class=\"wp-block-list\">\n<li>przeciwcia\u0142a ANA: serologiczny test przesiewowy w kierunku tocznia rumieniowatego uk\u0142adowego.<\/li>\n<\/ul>\n\n\n\n<p><strong>Badania obrazowe obejmuj\u0105 z kolei:<\/strong><\/p>\n\n\n\n<ul class=\"wp-block-list\">\n<li>RTG klatki piersiowej (umo\u017cliwia przesiewow\u0105 ocen\u0119 \u015br\u00f3dpiersia i wn\u0119k p\u0142uc),<\/li>\n\n\n\n<li>ultrasonografia w\u0119z\u0142\u00f3w ch\u0142onnych (umo\u017cliwia okre\u015blenie wymiaru i struktury w\u0119z\u0142a, co pozwala na ukierunkowanie dalszego post\u0119powania),<\/li>\n\n\n\n<li>tomografia komputerowa klatki piersiowej i\/lub jamy brzusznej.<\/li>\n<\/ul>\n\n\n\n<h2 class=\"wp-block-heading\" id=\"Powi\u0119kszone-w\u0119z\u0142y-ch\u0142onne-u-dzieci-\u2013-leczenie\">Powi\u0119kszone w\u0119z\u0142y ch\u0142onne u dzieci \u2013 leczenie<\/h2>\n\n\n\n<p>Post\u0119powanie i leczenie limfadenopatii zale\u017cy od jej etiologii. W ten spos\u00f3b:<\/p>\n\n\n\n<ul class=\"wp-block-list\">\n<li>w przypadku nowotworu (pierwotnego lub przerzutowego) leczy si\u0119 chorob\u0119 podstawow\u0105,<\/li>\n\n\n\n<li>w chorobach bakteryjnych prowadzone jest leczenie wspomagaj\u0105ce, antybiotykoterapia i ewentualne eliminowanie ogniska zaka\u017cenia,<\/li>\n\n\n\n<li>w chorobach wirusowych zazwyczaj wystarczy obserwacja i leczenie wspomagaj\u0105ce, je\u015bli istniej\u0105 okre\u015blone leki przeciwwirusowe i choroba przebiega ci\u0119\u017cko, mo\u017cliwe jest zastosowanie leczenia celowanego,<\/li>\n\n\n\n<li>w chorobach autoimmunologicznych leczenie obejmuje terapi\u0119 wycelowan\u0105 w chorob\u0119 podstawow\u0105.<\/li>\n<\/ul>\n\n\n\n<h2 class=\"wp-block-heading\" id=\"Powi\u0119kszone-w\u0119z\u0142y-ch\u0142onne-u-dzieci-\u2013-podsumowanie\">Powi\u0119kszone w\u0119z\u0142y ch\u0142onne u dzieci \u2013 podsumowanie<\/h2>\n\n\n\n<p>Powi\u0119kszenie w\u0119z\u0142\u00f3w ch\u0142onnych jest zjawiskiem do\u015b\u0107 cz\u0119stym u dzieci i z regu\u0142y nie wymaga szerokiej diagnostyki. W wi\u0119kszo\u015bci przypadk\u00f3w u podstaw limfadenopatii le\u017c\u0105 cz\u0119ste w wieku dzieci\u0119cym infekcje, jednak przy obecno\u015bci \u201eczerwonych flag\u201d wskazana jest pilna konsultacja z pediatr\u0105.<\/p>\n\n\n\n<hr class=\"wp-block-separator has-alpha-channel-opacity\"\/>\n\n\n\n<p><strong>\u0179r\u00f3d\u0142a<\/strong><\/p>\n\n\n\n<ol class=\"wp-block-list\">\n<li>Ata\u015f E, Kesik V, Fidanc\u0131 MK, K\u0131smet E, K\u00f6seo\u011flu V. Evaluation of children with lympadenopathy. Turk Pediatri Ars. 2014 Mar 1;49(1):30-5. doi: 10.5152\/tpa.2014.847. PMID: 26078629; PMCID: PMC4462268.<br>https:\/\/pmc.ncbi.nlm.nih.gov\/articles\/PMC4462268<\/li>\n\n\n\n<li>Chang SSY, Xiong M, How CH, Lee DM. An approach to cervical lymphadenopathy in children. Singapore Med J. 2020 Nov;61(11):569-577. doi: 10.11622\/smedj.2020151. PMID: 33283242; PMCID: PMC8040913.<br>https:\/\/pmc.ncbi.nlm.nih.gov\/articles\/PMC8040913<\/li>\n\n\n\n<li>Freeman AM, Matto P. Lymphadenopathy. [Updated 2023 Feb 20]. In: StatPearls [Internet]. Treasure Island (FL): StatPearls Publishing; 2025 Jan-. https:\/\/www.ncbi.nlm.nih.gov\/books\/NBK513250\/<\/li>\n\n\n\n<li>Mohseni S, Shojaiefard A, Khorgami Z, Alinejad S, Ghorbani A, Ghafouri A. Peripheral lymphadenopathy: approach and diagnostic tools. Iran J Med Sci. 2014 Mar;39(2 Suppl):158-70. PMID: 24753638; PMCID: PMC3993046.<br>https:\/\/pmc.ncbi.nlm.nih.gov\/articles\/PMC3993046<\/li>\n<\/ol>\n","protected":false},"excerpt":{"rendered":"<p>W\u0119z\u0142y ch\u0142onne to wa\u017cna linia obrony przed licznymi zagro\u017ceniami \u2013 nie tylko infekcjami, ale i nowotworami. Dowiedz si\u0119 wi\u0119cej.<\/p>\n","protected":false},"author":154,"featured_media":21576,"comment_status":"closed","ping_status":"closed","sticky":false,"template":"","format":"standard","meta":{"_acf_changed":false,"inline_featured_image":false,"footnotes":""},"categories":[30],"tags":[],"coauthors":[151],"class_list":{"0":"post-21985","1":"post","2":"type-post","3":"status-publish","4":"format-standard","5":"has-post-thumbnail","7":"category-zdrowie-dzieci-i-mlodziezy"},"acf":[],"yoast_head":"<!-- This site is optimized with the Yoast SEO plugin v27.5 - https:\/\/yoast.com\/product\/yoast-seo-wordpress\/ -->\n<title>Powi\u0119kszenie w\u0119z\u0142\u00f3w ch\u0142onnych u dzieci - Centrum Wiedzy ALAB laboratoria<\/title>\n<meta name=\"description\" content=\"W\u0119z\u0142y ch\u0142onne to wa\u017cna linia obrony przed licznymi zagro\u017ceniami \u2013 nie tylko infekcjami, ale i nowotworami. Dowiedz si\u0119 wi\u0119cej.\" \/>\n<meta name=\"robots\" content=\"index, follow, max-snippet:-1, max-image-preview:large, max-video-preview:-1\" \/>\n<link rel=\"canonical\" href=\"https:\/\/www.alab.pl\/centrum-wiedzy\/powiekszenie-wezlow-chlonnych-u-dzieci\/\" \/>\n<meta property=\"og:locale\" content=\"pl_PL\" \/>\n<meta property=\"og:type\" content=\"article\" \/>\n<meta property=\"og:title\" content=\"Powi\u0119kszenie w\u0119z\u0142\u00f3w ch\u0142onnych u dzieci - Centrum Wiedzy ALAB laboratoria\" \/>\n<meta property=\"og:description\" content=\"W\u0119z\u0142y ch\u0142onne to wa\u017cna linia obrony przed licznymi zagro\u017ceniami \u2013 nie tylko infekcjami, ale i nowotworami. Dowiedz si\u0119 wi\u0119cej.\" \/>\n<meta property=\"og:url\" content=\"https:\/\/www.alab.pl\/centrum-wiedzy\/powiekszenie-wezlow-chlonnych-u-dzieci\/\" \/>\n<meta property=\"og:site_name\" content=\"Centrum Wiedzy ALAB laboratoria\" \/>\n<meta property=\"article:publisher\" content=\"https:\/\/www.facebook.com\/ALABlaboratoria\" \/>\n<meta property=\"article:published_time\" content=\"2025-03-04T12:19:24+00:00\" \/>\n<meta property=\"article:modified_time\" content=\"2025-03-04T12:19:26+00:00\" \/>\n<meta property=\"og:image\" content=\"https:\/\/www.alab.pl\/centrum-wiedzy\/wp-content\/uploads\/2025\/02\/Powiekszone-wezly-chlonne-u-dzieci_cover.jpg\" \/>\n\t<meta property=\"og:image:width\" content=\"1863\" \/>\n\t<meta property=\"og:image:height\" content=\"1285\" \/>\n\t<meta property=\"og:image:type\" content=\"image\/jpeg\" \/>\n<meta name=\"author\" content=\"Damian Matusiak\" \/>\n<meta name=\"twitter:card\" content=\"summary_large_image\" \/>\n<meta name=\"twitter:label1\" content=\"Napisane przez\" \/>\n\t<meta name=\"twitter:data1\" content=\"Damian Matusiak\" \/>\n\t<meta name=\"twitter:label2\" content=\"Szacowany czas czytania\" \/>\n\t<meta name=\"twitter:data2\" content=\"6 minut\" \/>\n\t<meta name=\"twitter:label3\" content=\"Written by\" \/>\n\t<meta name=\"twitter:data3\" content=\"Damian Matusiak\" \/>\n<!-- \/ Yoast SEO plugin. -->","yoast_head_json":{"title":"Powi\u0119kszenie w\u0119z\u0142\u00f3w ch\u0142onnych u dzieci - Centrum Wiedzy ALAB laboratoria","description":"W\u0119z\u0142y ch\u0142onne to wa\u017cna linia obrony przed licznymi zagro\u017ceniami \u2013 nie tylko infekcjami, ale i nowotworami. Dowiedz si\u0119 wi\u0119cej.","robots":{"index":"index","follow":"follow","max-snippet":"max-snippet:-1","max-image-preview":"max-image-preview:large","max-video-preview":"max-video-preview:-1"},"canonical":"https:\/\/www.alab.pl\/centrum-wiedzy\/powiekszenie-wezlow-chlonnych-u-dzieci\/","og_locale":"pl_PL","og_type":"article","og_title":"Powi\u0119kszenie w\u0119z\u0142\u00f3w ch\u0142onnych u dzieci - Centrum Wiedzy ALAB laboratoria","og_description":"W\u0119z\u0142y ch\u0142onne to wa\u017cna linia obrony przed licznymi zagro\u017ceniami \u2013 nie tylko infekcjami, ale i nowotworami. Dowiedz si\u0119 wi\u0119cej.","og_url":"https:\/\/www.alab.pl\/centrum-wiedzy\/powiekszenie-wezlow-chlonnych-u-dzieci\/","og_site_name":"Centrum Wiedzy ALAB laboratoria","article_publisher":"https:\/\/www.facebook.com\/ALABlaboratoria","article_published_time":"2025-03-04T12:19:24+00:00","article_modified_time":"2025-03-04T12:19:26+00:00","og_image":[{"width":1863,"height":1285,"url":"https:\/\/www.alab.pl\/centrum-wiedzy\/wp-content\/uploads\/2025\/02\/Powiekszone-wezly-chlonne-u-dzieci_cover.jpg","type":"image\/jpeg"}],"author":"Damian Matusiak","twitter_card":"summary_large_image","twitter_misc":{"Napisane przez":"Damian Matusiak","Szacowany czas czytania":"6 minut","Written by":"Damian Matusiak"},"schema":{"@context":"https:\/\/schema.org","@graph":[{"@type":"Article","@id":"https:\/\/www.alab.pl\/centrum-wiedzy\/powiekszenie-wezlow-chlonnych-u-dzieci\/#article","isPartOf":{"@id":"https:\/\/www.alab.pl\/centrum-wiedzy\/powiekszenie-wezlow-chlonnych-u-dzieci\/"},"author":{"name":"Damian Matusiak","@id":"https:\/\/www.alab.pl\/centrum-wiedzy\/#\/schema\/person\/5709fe1c1c909754033072d7f8155a44"},"headline":"Powi\u0119kszenie w\u0119z\u0142\u00f3w ch\u0142onnych u dzieci","datePublished":"2025-03-04T12:19:24+00:00","dateModified":"2025-03-04T12:19:26+00:00","mainEntityOfPage":{"@id":"https:\/\/www.alab.pl\/centrum-wiedzy\/powiekszenie-wezlow-chlonnych-u-dzieci\/"},"wordCount":1085,"publisher":{"@id":"https:\/\/www.alab.pl\/centrum-wiedzy\/#organization"},"image":{"@id":"https:\/\/www.alab.pl\/centrum-wiedzy\/powiekszenie-wezlow-chlonnych-u-dzieci\/#primaryimage"},"thumbnailUrl":"https:\/\/www.alab.pl\/centrum-wiedzy\/wp-content\/uploads\/2025\/02\/Powiekszone-wezly-chlonne-u-dzieci_cover.jpg","articleSection":["Zdrowie dzieci i m\u0142odzie\u017cy"],"inLanguage":"pl-PL"},{"@type":"WebPage","@id":"https:\/\/www.alab.pl\/centrum-wiedzy\/powiekszenie-wezlow-chlonnych-u-dzieci\/","url":"https:\/\/www.alab.pl\/centrum-wiedzy\/powiekszenie-wezlow-chlonnych-u-dzieci\/","name":"Powi\u0119kszenie w\u0119z\u0142\u00f3w ch\u0142onnych u dzieci - Centrum Wiedzy ALAB laboratoria","isPartOf":{"@id":"https:\/\/www.alab.pl\/centrum-wiedzy\/#website"},"primaryImageOfPage":{"@id":"https:\/\/www.alab.pl\/centrum-wiedzy\/powiekszenie-wezlow-chlonnych-u-dzieci\/#primaryimage"},"image":{"@id":"https:\/\/www.alab.pl\/centrum-wiedzy\/powiekszenie-wezlow-chlonnych-u-dzieci\/#primaryimage"},"thumbnailUrl":"https:\/\/www.alab.pl\/centrum-wiedzy\/wp-content\/uploads\/2025\/02\/Powiekszone-wezly-chlonne-u-dzieci_cover.jpg","datePublished":"2025-03-04T12:19:24+00:00","dateModified":"2025-03-04T12:19:26+00:00","description":"W\u0119z\u0142y ch\u0142onne to wa\u017cna linia obrony przed licznymi zagro\u017ceniami \u2013 nie tylko infekcjami, ale i nowotworami. Dowiedz si\u0119 wi\u0119cej.","breadcrumb":{"@id":"https:\/\/www.alab.pl\/centrum-wiedzy\/powiekszenie-wezlow-chlonnych-u-dzieci\/#breadcrumb"},"inLanguage":"pl-PL","potentialAction":[{"@type":"ReadAction","target":["https:\/\/www.alab.pl\/centrum-wiedzy\/powiekszenie-wezlow-chlonnych-u-dzieci\/"]}]},{"@type":"ImageObject","inLanguage":"pl-PL","@id":"https:\/\/www.alab.pl\/centrum-wiedzy\/powiekszenie-wezlow-chlonnych-u-dzieci\/#primaryimage","url":"https:\/\/www.alab.pl\/centrum-wiedzy\/wp-content\/uploads\/2025\/02\/Powiekszone-wezly-chlonne-u-dzieci_cover.jpg","contentUrl":"https:\/\/www.alab.pl\/centrum-wiedzy\/wp-content\/uploads\/2025\/02\/Powiekszone-wezly-chlonne-u-dzieci_cover.jpg","width":1863,"height":1285,"caption":"Powie\u0328kszone we\u0328z\u0142y ch\u0142onne u dzieci_cover"},{"@type":"BreadcrumbList","@id":"https:\/\/www.alab.pl\/centrum-wiedzy\/powiekszenie-wezlow-chlonnych-u-dzieci\/#breadcrumb","itemListElement":[{"@type":"ListItem","position":1,"name":"Strona g\u0142\u00f3wna","item":"https:\/\/www.alab.pl\/centrum-wiedzy\/"},{"@type":"ListItem","position":2,"name":"Powi\u0119kszenie w\u0119z\u0142\u00f3w ch\u0142onnych u dzieci"}]},{"@type":"WebSite","@id":"https:\/\/www.alab.pl\/centrum-wiedzy\/#website","url":"https:\/\/www.alab.pl\/centrum-wiedzy\/","name":"Centrum Wiedzy ALAB laboratoria","description":"","publisher":{"@id":"https:\/\/www.alab.pl\/centrum-wiedzy\/#organization"},"potentialAction":[{"@type":"SearchAction","target":{"@type":"EntryPoint","urlTemplate":"https:\/\/www.alab.pl\/centrum-wiedzy\/?s={search_term_string}"},"query-input":{"@type":"PropertyValueSpecification","valueRequired":true,"valueName":"search_term_string"}}],"inLanguage":"pl-PL"},{"@type":"Organization","@id":"https:\/\/www.alab.pl\/centrum-wiedzy\/#organization","name":"Centrum Wiedzy ALAB laboratoria","url":"https:\/\/www.alab.pl\/centrum-wiedzy\/","logo":{"@type":"ImageObject","inLanguage":"pl-PL","@id":"https:\/\/www.alab.pl\/centrum-wiedzy\/#\/schema\/logo\/image\/","url":"https:\/\/www.alab.pl\/centrum-wiedzy\/wp-content\/uploads\/2022\/04\/alabek.jpg","contentUrl":"https:\/\/www.alab.pl\/centrum-wiedzy\/wp-content\/uploads\/2022\/04\/alabek.jpg","width":1250,"height":1251,"caption":"Centrum Wiedzy ALAB laboratoria"},"image":{"@id":"https:\/\/www.alab.pl\/centrum-wiedzy\/#\/schema\/logo\/image\/"},"sameAs":["https:\/\/www.facebook.com\/ALABlaboratoria"]},{"@type":"Person","@id":"https:\/\/www.alab.pl\/centrum-wiedzy\/#\/schema\/person\/5709fe1c1c909754033072d7f8155a44","name":"Damian Matusiak","image":{"@type":"ImageObject","inLanguage":"pl-PL","@id":"https:\/\/www.alab.pl\/centrum-wiedzy\/wp-content\/uploads\/2023\/10\/Damian-Matusiak-jpg-150x150.webp4a39f9a6ab8bdce93cc7d4859c6e6401","url":"https:\/\/www.alab.pl\/centrum-wiedzy\/wp-content\/uploads\/2023\/10\/Damian-Matusiak-jpg-150x150.webp","contentUrl":"https:\/\/www.alab.pl\/centrum-wiedzy\/wp-content\/uploads\/2023\/10\/Damian-Matusiak-jpg-150x150.webp","caption":"Damian Matusiak"},"description":"Specjalista pediatrii, kieruj\u0105cy Oddzia\u0142em Pediatrycznym w Lesznie, absolwent Uniwersytetu Medycznego im. Karola Marcinkowskiego w Poznaniu; pasjonat ultrasonografii i nowinek ze \u015bwiata nauki.","url":"https:\/\/www.alab.pl\/centrum-wiedzy\/author\/damian-matusiak\/"}]}},"_links":{"self":[{"href":"https:\/\/www.alab.pl\/centrum-wiedzy\/wp-json\/wp\/v2\/posts\/21985","targetHints":{"allow":["GET"]}}],"collection":[{"href":"https:\/\/www.alab.pl\/centrum-wiedzy\/wp-json\/wp\/v2\/posts"}],"about":[{"href":"https:\/\/www.alab.pl\/centrum-wiedzy\/wp-json\/wp\/v2\/types\/post"}],"author":[{"embeddable":true,"href":"https:\/\/www.alab.pl\/centrum-wiedzy\/wp-json\/wp\/v2\/users\/154"}],"replies":[{"embeddable":true,"href":"https:\/\/www.alab.pl\/centrum-wiedzy\/wp-json\/wp\/v2\/comments?post=21985"}],"version-history":[{"count":3,"href":"https:\/\/www.alab.pl\/centrum-wiedzy\/wp-json\/wp\/v2\/posts\/21985\/revisions"}],"predecessor-version":[{"id":21991,"href":"https:\/\/www.alab.pl\/centrum-wiedzy\/wp-json\/wp\/v2\/posts\/21985\/revisions\/21991"}],"wp:featuredmedia":[{"embeddable":true,"href":"https:\/\/www.alab.pl\/centrum-wiedzy\/wp-json\/wp\/v2\/media\/21576"}],"wp:attachment":[{"href":"https:\/\/www.alab.pl\/centrum-wiedzy\/wp-json\/wp\/v2\/media?parent=21985"}],"wp:term":[{"taxonomy":"category","embeddable":true,"href":"https:\/\/www.alab.pl\/centrum-wiedzy\/wp-json\/wp\/v2\/categories?post=21985"},{"taxonomy":"post_tag","embeddable":true,"href":"https:\/\/www.alab.pl\/centrum-wiedzy\/wp-json\/wp\/v2\/tags?post=21985"},{"taxonomy":"author","embeddable":true,"href":"https:\/\/www.alab.pl\/centrum-wiedzy\/wp-json\/wp\/v2\/coauthors?post=21985"}],"curies":[{"name":"wp","href":"https:\/\/api.w.org\/{rel}","templated":true}]}}