{"id":22113,"date":"2025-03-11T11:12:35","date_gmt":"2025-03-11T10:12:35","guid":{"rendered":"https:\/\/www.alab.pl\/centrum-wiedzy\/?p=22113"},"modified":"2025-03-11T11:12:37","modified_gmt":"2025-03-11T10:12:37","slug":"pcos-zespol-policystycznych-jajnikow-objawy","status":"publish","type":"post","link":"https:\/\/www.alab.pl\/centrum-wiedzy\/pcos-zespol-policystycznych-jajnikow-objawy\/","title":{"rendered":"PCOS \u2013 zesp\u00f3\u0142 policystycznych jajnik\u00f3w \u2013 objawy"},"content":{"rendered":"\n<p><strong>Zesp\u00f3\u0142 policystycznych jajnik\u00f3w, PCOS (ang. <em>polycystic ovary syndrome<\/em>), to jedno z najcz\u0119\u015bciej wyst\u0119puj\u0105cych zaburze\u0144 endokrynologicznych wyst\u0119puj\u0105cych u kobiet w wieku rozrodczym. Jest r\u00f3wnie\u017c najcz\u0119stsz\u0105 przyczyn\u0105 niep\u0142odno\u015bci spowodowan\u0105 brakiem owulacji.<\/strong><\/p>\n\n\n\n<p><strong>PCOS wp\u0142ywa na ca\u0142e \u017cycie kobiety \u2013 od okresu dojrzewania do okresu pomenopauzalnego. Obraz kliniczny tego zespo\u0142u jest niejednorodny, obejmuje zaburzenia endokrynologiczne, ale wyst\u0119puj\u0105 r\u00f3wnie\u017c objawy ze strony uk\u0142adu sercowo-naczyniowego, objawy psychiczne, zaburzenia metaboliczne. Artyku\u0142 szczeg\u00f3\u0142owo omawia objawy, kt\u00f3re mog\u0105 wyst\u0105pi\u0107 u kobiet z PCOS.<\/strong><\/p>\n\n\n\n<p>Spis tre\u015bci:<\/p>\n\n\n\n<ol class=\"wp-block-list\">\n<li><a href=\"#PCOS-objawy-\u2013-zaburzenia-miesi\u0105czkowania\">PCOS objawy \u2013 zaburzenia miesi\u0105czkowania<\/a><\/li>\n\n\n\n<li><a href=\"#PCOS-zaburzenia-hormonalne-\u2013-hiperandrogenizm\">PCOS zaburzenia hormonalne \u2013 hiperandrogenizm<\/a><\/li>\n\n\n\n<li><a href=\"#PCOS-objawy-\u2013-niep\u0142odno\u015b\u0107\">PCOS objawy \u2013 niep\u0142odno\u015b\u0107<\/a><\/li>\n\n\n\n<li><a href=\"#PCOS-objawy-\u2013-choroby-uk\u0142adu-kr\u0105\u017cenia\">PCOS objawy \u2013 choroby uk\u0142adu kr\u0105\u017cenia<\/a><\/li>\n\n\n\n<li><a href=\"#PCOS-objawy-\u2013-insulinooporno\u015b\u0107,-cukrzyca\">PCOS objawy \u2013 insulinooporno\u015b\u0107, cukrzyca<\/a><\/li>\n\n\n\n<li><a href=\"#PCOS-objawy-\u2013-nadmierna-masa-cia\u0142a\">PCOS objawy \u2013 nadmierna masa cia\u0142a<\/a><\/li>\n\n\n\n<li><a href=\"#PCOS-objawy-psychiczne\">PCOS objawy psychiczne<\/a><\/li>\n\n\n\n<li><a href=\"#Objawy-PCOS-obturacyjny-bezdech-senny\">Objawy PCOS obturacyjny bezdech senny<\/a><\/li>\n\n\n\n<li><a href=\"#Podsumowanie\">Podsumowanie<\/a><\/li>\n<\/ol>\n\n\n\n<h2 class=\"wp-block-heading\" id=\"PCOS-objawy-\u2013-zaburzenia-miesi\u0105czkowania\">PCOS objawy \u2013 zaburzenia miesi\u0105czkowania<\/h2>\n\n\n\n<p>W zespole policystycznych jajnik\u00f3w jednym z pierwszoplanowych objaw\u00f3w s\u0105 zaburzenia miesi\u0105czkowania.<\/p>\n\n\n\n<p>Miesi\u0105czki w PCOS maj\u0105 posta\u0107 hypomenorrhoea \u2013 czyli <strong>sk\u0105pej miesi\u0105czki<\/strong>, charakteryzuj\u0105cej si\u0119 niewielk\u0105 ilo\u015bci\u0105 <a href=\"https:\/\/www.alab.pl\/centrum-wiedzy\/krew-budowa-funkcje-w-organizmie-grupy-krwi-i-ich-dziedziczenie\/\">krwi<\/a> (ok. 30 ml) oraz kr\u00f3tkim czasem jej trwania (1-2 dni).<\/p>\n\n\n\n<p>Kolejn\u0105 cech\u0105 zaburze\u0144 miesi\u0105czkowania w PCOS mog\u0105 by\u0107 <strong>wyd\u0142u\u017cone cykle miesi\u0119czne<\/strong>, d\u0142u\u017csze ni\u017c 35 dni lub mniej ni\u017c 8 cykli w roku. Czasem obserwuje si\u0119 brak menstruacji.<\/p>\n\n\n\n<p>W zespole policystycznych jajnik\u00f3w mo\u017ce r\u00f3wnie\u017c dochodzi\u0107 do <strong>braku owulacji<\/strong>, co jest przyczyn\u0105 niep\u0142odno\u015bci.<\/p>\n\n\n\n<p>W PCOS <strong>rzadziej<\/strong> wyst\u0119puj\u0105 zaburzenia miesi\u0105czkowania w postaci <strong>cz\u0119stych i kr\u00f3tkich cykli<\/strong>.<\/p>\n\n\n\n<p>Rekomendacje m\u00f3wi\u0105, i\u017c w przypadku nieregularnych cykli miesi\u0105czkowych zawsze nale\u017cy rozwa\u017ca\u0107 rozpoznanie PCOS.<\/p>\n\n\n\n<p><strong>>> Mo\u017ce Ci\u0119 zainteresowa\u0107: <a href=\"https:\/\/www.alab.pl\/centrum-wiedzy\/nieregularny-okres-i-zaburzenia-miesiaczkowania-objawy-przyczyny-badania-i-leczenie\/\">Nieregularny okres i zaburzenia miesi\u0105czkowania. Objawy, przyczyny, badania i leczenie<\/a><\/strong><\/p>\n\n\n\n<figure class=\"wp-block-image size-full\"><a href=\"https:\/\/www.alab.pl\/pakiet\/pakiet-pcos-zespol-policystycznych-jajnikow\"><img loading=\"lazy\" decoding=\"async\" width=\"800\" height=\"200\" src=\"https:\/\/www.alab.pl\/centrum-wiedzy\/wp-content\/uploads\/2025\/03\/Pakiet-PCOS-zespol-policystycznych-jajnikow-4-badania-1.jpg\" alt=\"Pakiet PCOS - zespo\u0301\u0142 policystycznych jajniko\u0301w (4 badania) banerek\" class=\"wp-image-22072\" srcset=\"https:\/\/www.alab.pl\/centrum-wiedzy\/wp-content\/uploads\/2025\/03\/Pakiet-PCOS-zespol-policystycznych-jajnikow-4-badania-1.jpg 800w, https:\/\/www.alab.pl\/centrum-wiedzy\/wp-content\/uploads\/2025\/03\/Pakiet-PCOS-zespol-policystycznych-jajnikow-4-badania-1-768x192.jpg 768w, https:\/\/www.alab.pl\/centrum-wiedzy\/wp-content\/uploads\/2025\/03\/Pakiet-PCOS-zespol-policystycznych-jajnikow-4-badania-1-150x38.jpg 150w, https:\/\/www.alab.pl\/centrum-wiedzy\/wp-content\/uploads\/2025\/03\/Pakiet-PCOS-zespol-policystycznych-jajnikow-4-badania-1-300x75.jpg 300w, https:\/\/www.alab.pl\/centrum-wiedzy\/wp-content\/uploads\/2025\/03\/Pakiet-PCOS-zespol-policystycznych-jajnikow-4-badania-1-696x174.jpg 696w\" sizes=\"auto, (max-width: 800px) 100vw, 800px\" \/><\/a><\/figure>\n\n\n\n<h2 class=\"wp-block-heading\" id=\"PCOS-zaburzenia-hormonalne-\u2013-hiperandrogenizm\">PCOS zaburzenia hormonalne \u2013 hiperandrogenizm<\/h2>\n\n\n\n<p>Jajniki osoby z zespo\u0142em PCOS nie funkcjonuj\u0105 prawid\u0142owo, wynikiem tego s\u0105 <strong>zaburzenia hormonalne<\/strong> i wydzielanie zbyt <strong>du\u017cych ilo\u015bci m\u0119skich hormon\u00f3w p\u0142ciowych<\/strong>, m.in. testosteronu. Wynikiem tych zaburze\u0144 jest ow\u0142osienie typu m\u0119skiego (hirsutyzm), charakteryzuj\u0105ce si\u0119 <a href=\"https:\/\/www.alab.pl\/centrum-wiedzy\/hirsutyzm-nadmierne-owlosienie-u-kobiet\/\"><strong>nadmiernym ow\u0142osieniem<\/strong><\/a>:<\/p>\n\n\n\n<ul class=\"wp-block-list\">\n<li>twarzy,<\/li>\n\n\n\n<li>klatki piersiowej,<\/li>\n\n\n\n<li>ramion.<\/li>\n<\/ul>\n\n\n\n<p>Hirsutyzm jest charakterystycznym objawem PCOS, dlatego rekomendacje wskazuj\u0105, i\u017c jego wyst\u0105pienie jest <strong>czynnikiem prognostycznym zespo\u0142u policystycznych jajnik\u00f3w u doros\u0142ych<\/strong>.<\/p>\n\n\n\n<p>Dodatkowe objawy zwi\u0105zane z zaburzeniami hormonalnymi to <a href=\"https:\/\/www.alab.pl\/centrum-wiedzy\/tradzik-choroba-o-wielu-obliczach\/\">tr\u0105dzik<\/a> oraz \u0142ysienie typu \u017ce\u0144skiego, czyli <a href=\"https:\/\/www.alab.pl\/centrum-wiedzy\/lysienie-androgenowe-u-kobiet-objawy-przyczyny-leczenie\/\">\u0142ysienie androgenowe<\/a>. Charakteryzuje si\u0119 wypadaniem i przerzedzeniem w\u0142os\u00f3w w okolicy czo\u0142owej i wierzcho\u0142ka sk\u00f3ry g\u0142owy z zachowan\u0105 lini\u0105 w\u0142os\u00f3w.<\/p>\n\n\n\n<figure class=\"wp-block-image size-full\"><img loading=\"lazy\" decoding=\"async\" width=\"980\" height=\"454\" src=\"https:\/\/www.alab.pl\/centrum-wiedzy\/wp-content\/uploads\/2024\/06\/lysienie-androgenowe-infografika-jpg.webp\" alt=\"\u0142ysienie androgenowe u kobiet infografika\" class=\"wp-image-14409\" srcset=\"https:\/\/www.alab.pl\/centrum-wiedzy\/wp-content\/uploads\/2024\/06\/lysienie-androgenowe-infografika-jpg.webp 980w, https:\/\/www.alab.pl\/centrum-wiedzy\/wp-content\/uploads\/2024\/06\/lysienie-androgenowe-infografika-jpg-768x356.webp 768w, https:\/\/www.alab.pl\/centrum-wiedzy\/wp-content\/uploads\/2024\/06\/lysienie-androgenowe-infografika-jpg-150x69.webp 150w, https:\/\/www.alab.pl\/centrum-wiedzy\/wp-content\/uploads\/2024\/06\/lysienie-androgenowe-infografika-jpg-300x139.webp 300w, https:\/\/www.alab.pl\/centrum-wiedzy\/wp-content\/uploads\/2024\/06\/lysienie-androgenowe-infografika-jpg-696x322.webp 696w\" sizes=\"auto, (max-width: 980px) 100vw, 980px\" \/><\/figure>\n\n\n\n<p><strong>>> Przeczytaj te\u017c:<\/strong><\/p>\n\n\n\n<ul class=\"wp-block-list\">\n<li><a href=\"https:\/\/www.alab.pl\/centrum-wiedzy\/rownowaga-hormonalna-u-kobiet\/\"><strong>R\u00f3wnowaga hormonalna u kobiet<\/strong><\/a><\/li>\n\n\n\n<li><a href=\"https:\/\/www.alab.pl\/centrum-wiedzy\/testosteron-u-kobiet-co-oznacza-nieprawidlowy-wynik\/\"><strong>Testosteron u kobiet \u2013 co oznacza nieprawid\u0142owy wynik?<\/strong><\/a><\/li>\n<\/ul>\n\n\n\n<h2 class=\"wp-block-heading\" id=\"PCOS-objawy-\u2013-niep\u0142odno\u015b\u0107\">PCOS objawy \u2013 niep\u0142odno\u015b\u0107<\/h2>\n\n\n\n<p>Pacjentki z zespo\u0142em policystycznych jajnik\u00f3w mog\u0105 mie\u0107 <strong>cykle nieowulacyjne<\/strong>, dlatego nierzadko wyst\u0119puje i nich niep\u0142odno\u015b\u0107.<\/p>\n\n\n\n<p>W przypadku PCOS nale\u017cy zwr\u00f3ci\u0107 uwag\u0119 na fakt <strong>podwy\u017cszenia poziomu <\/strong><a href=\"https:\/\/www.alab.pl\/centrum-wiedzy\/amh-hormon-antymullerowski\/\"><strong>AMH<\/strong><\/a> \u2013parametru b\u0119d\u0105cego wska\u017anikiem rezerwy jajnikowej. W niep\u0142odno\u015bci AMH bywa obni\u017cone, w <strong>zespole policystycznych jajnik\u00f3w<\/strong> \u2013 pomimo niep\u0142odno\u015bci \u2013 jest <strong>znacznie podwy\u017cszone<\/strong>. Jest to wynikiem obecno\u015bci licznych p\u0119cherzyk\u00f3w wytwarzaj\u0105cych AMH i na tyle charakterystyczne, i\u017c bywa pomocne w rozpoznaniu PCOS.<\/p>\n\n\n\n<p>Warto\u015bci referencyjne dla AMH wynosz\u0105 1-3 ng\/ml. Poziom AMH:<\/p>\n\n\n\n<ul class=\"wp-block-list\">\n<li>> 3 ng\/ml \u2013 przemawia za PCOS,<\/li>\n\n\n\n<li>> 5 ng\/ml \u2013 PCOS,<\/li>\n\n\n\n<li>> 7 ng\/ml \u2013 ci\u0119\u017cki PCOS,<\/li>\n\n\n\n<li>> 11 ng\/ml \u2013 zwykle <a href=\"https:\/\/www.alab.pl\/centrum-wiedzy\/brak-miesiaczki-mozliwe-przyczyny-braku-okresu-jakie-badania-przeprowadzic\/\">brak miesi\u0105czki<\/a> (amenorrhea) z powodu PCOS.<\/li>\n<\/ul>\n\n\n\n<p>Wi\u0119cej o tym czym jest PCOS, jak si\u0119 diagnozuje chorob\u0119 przeczytasz w artykule: <a href=\"https:\/\/www.alab.pl\/centrum-wiedzy\/zespol-policystycznych-jajnikow-pcos-przyczyny-objawy-diagnostyka-leczenie\/\">Zesp\u00f3\u0142 policystycznych jajnik\u00f3w (PCOS) \u2013 przyczyny, objawy, diagnostyka, leczenie<\/a><\/p>\n\n\n\n<figure class=\"wp-block-image size-full\"><img loading=\"lazy\" decoding=\"async\" width=\"2000\" height=\"1841\" src=\"https:\/\/www.alab.pl\/centrum-wiedzy\/wp-content\/uploads\/2025\/03\/PCOS_infografika.jpg\" alt=\"objawy PCOS infografika\" class=\"wp-image-22027\" srcset=\"https:\/\/www.alab.pl\/centrum-wiedzy\/wp-content\/uploads\/2025\/03\/PCOS_infografika.jpg 2000w, https:\/\/www.alab.pl\/centrum-wiedzy\/wp-content\/uploads\/2025\/03\/PCOS_infografika-768x707.jpg 768w, https:\/\/www.alab.pl\/centrum-wiedzy\/wp-content\/uploads\/2025\/03\/PCOS_infografika-1536x1414.jpg 1536w, https:\/\/www.alab.pl\/centrum-wiedzy\/wp-content\/uploads\/2025\/03\/PCOS_infografika-150x138.jpg 150w, https:\/\/www.alab.pl\/centrum-wiedzy\/wp-content\/uploads\/2025\/03\/PCOS_infografika-300x276.jpg 300w, https:\/\/www.alab.pl\/centrum-wiedzy\/wp-content\/uploads\/2025\/03\/PCOS_infografika-696x641.jpg 696w, https:\/\/www.alab.pl\/centrum-wiedzy\/wp-content\/uploads\/2025\/03\/PCOS_infografika-1068x983.jpg 1068w, https:\/\/www.alab.pl\/centrum-wiedzy\/wp-content\/uploads\/2025\/03\/PCOS_infografika-1920x1767.jpg 1920w\" sizes=\"auto, (max-width: 2000px) 100vw, 2000px\" \/><\/figure>\n\n\n\n<h2 class=\"wp-block-heading\" id=\"PCOS-objawy-\u2013-choroby-uk\u0142adu-kr\u0105\u017cenia\">PCOS objawy \u2013 choroby uk\u0142adu kr\u0105\u017cenia<\/h2>\n\n\n\n<p>Zesp\u00f3\u0142 policystycznych jajnik\u00f3w jest chorob\u0105, kt\u00f3ra z<strong>wi\u0119ksza ryzyko wyst\u0105pienia chor\u00f3b uk\u0142adu kr\u0105\u017cenia<\/strong>. Dlatego ka\u017cda kobieta w chwili rozpoznania PCOS powinna by\u0107 przebadana pod k\u0105tem ryzyka takich chor\u00f3b, niezale\u017cnie od BMI. Niezb\u0119dne jest wykonanie <a href=\"https:\/\/www.alab.pl\/centrum-wiedzy\/lipidogram-profil-lipidowy-co-to-za-badanie-jak-sie-do-niego-przygotowac\/\">profilu lipidowego<\/a>, a nast\u0119pnie \u2013 na podstawie wyniku \u2013 ustali\u0107 cz\u0119stotliwo\u015b\u0107 monitorowania lipidogramu.<\/p>\n\n\n\n<p>Wszystkie kobiety z PCOS powinny tak\u017ce monitorowa\u0107 <strong>ci\u015bnienie t\u0119tnicze<\/strong>.<\/p>\n\n\n\n<p><strong>>> Przeczytaj te\u017c: <a href=\"https:\/\/www.alab.pl\/centrum-wiedzy\/nadcisnienie-tetnicze-klasyfikacja-przyczyny-jak-mierzyc-cisnienie\/\">Nadci\u015bnienie t\u0119tnicze \u2013 nowe rekomendacje \u2013 cz\u0119\u015b\u0107 1<\/a><\/strong><\/p>\n\n\n\n<h2 class=\"wp-block-heading\" id=\"PCOS-objawy-\u2013-insulinooporno\u015b\u0107,-cukrzyca\">PCOS objawy \u2013 insulinooporno\u015b\u0107, cukrzyca<\/h2>\n\n\n\n<p>PCOS niezale\u017cnie od wieku i BMI predysponuje r\u00f3wnie\u017c do zwi\u0119kszonego ryzyka <strong>zaburze\u0144 gospodarki w\u0119glowodanowej.<\/strong> W praktyce mo\u017cemy mie\u0107 do czynienia z:<\/p>\n\n\n\n<ul class=\"wp-block-list\">\n<li>nieprawid\u0142ow\u0105 glikemi\u0105 na czczo,<\/li>\n\n\n\n<li>upo\u015bledzon\u0105 tolerancj\u0105 glukozy,<\/li>\n\n\n\n<li><a href=\"https:\/\/www.alab.pl\/centrum-wiedzy\/insulinoopornosc\/\">insulinooporno\u015bci\u0105<\/a>,<\/li>\n\n\n\n<li>cukrzyc\u0105 t.2.<\/li>\n<\/ul>\n\n\n\n<p>Dlatego ka\u017cda pacjentka z PCOS w chwili rozpoznania tej choroby powinna mie\u0107 oceniony <strong>stan glikemii<\/strong>.<\/p>\n\n\n\n<p><strong>>> Przeczytaj te\u017c: <a href=\"https:\/\/www.alab.pl\/centrum-wiedzy\/zapytaj-eksperta-insulinoopornosc-cz-1-czy-insulinoopornosc-to-choroba-i-komu-zagraza\/\">Zapytaj eksperta \u2013 Insulinooporno\u015b\u0107 cz. 1. Czy insulinooporno\u015b\u0107 to choroba?<\/a><\/strong><\/p>\n\n\n\n<h2 class=\"wp-block-heading\" id=\"PCOS-objawy-\u2013-nadmierna-masa-cia\u0142a\">PCOS objawy \u2013 nadmierna masa cia\u0142a<\/h2>\n\n\n\n<p>Pacjentki z PCOS mog\u0105 mie\u0107 r\u00f3wnie\u017c <strong>nadwag\u0119<\/strong> lub <a href=\"https:\/\/www.alab.pl\/centrum-wiedzy\/otylosc-i-jej-zapobieganie-profilaktyka-otylosci-pierwotnej-i-wtornej\/\"><strong>oty\u0142o\u015b\u0107<\/strong><\/a><strong>.<\/strong> Pacjentki z PCOS skar\u017c\u0105 si\u0119 na <strong>tycie <\/strong>i <strong>nadmiern\u0105 mas\u0119 cia\u0142a<\/strong>, cz\u0119sto trudno im jest wr\u00f3ci\u0107 do wagi optymalnej.<\/p>\n\n\n\n<p><strong>>> Warto przeczyta\u0107: <a href=\"https:\/\/www.alab.pl\/centrum-wiedzy\/nadwaga-a-otylosc-czym-sie-roznia-klasyfikacja-leczenie-i-konsekwencje-otylosci\/\">Nadwaga a oty\u0142o\u015b\u0107 \u2013 czym si\u0119 r\u00f3\u017cni\u0105? Klasyfikacja, leczenie i konsekwencje oty\u0142o\u015bci<\/a><\/strong><\/p>\n\n\n\n<h2 class=\"wp-block-heading\" id=\"PCOS-objawy-psychiczne\">PCOS objawy psychiczne<\/h2>\n\n\n\n<p>Zesp\u00f3\u0142 policystycznych jajnik\u00f3w <strong>zwi\u0119ksza ryzyko<\/strong> wyst\u0105pienia <a href=\"https:\/\/www.alab.pl\/centrum-wiedzy\/depresja-objawy-przyczyny-diagnostyka-i-leczenie\/\"><strong>depresji<\/strong><\/a> i <strong>stan\u00f3w l\u0119kowych<\/strong>. Dlatego charakteryzuje si\u0119 <strong>obni\u017conym nastrojem<\/strong>, kt\u00f3ry utrzymuje si\u0119 przez wi\u0119kszo\u015b\u0107 dnia i jest nieprawid\u0142owy u danej osoby. Ponadto:<\/p>\n\n\n\n<ul class=\"wp-block-list\">\n<li>utrat\u0105 zainteresowania aktywno\u015bciami, kt\u00f3re do tej pory sprawia\u0142y pacjentce przyjemno\u015b\u0107,<\/li>\n\n\n\n<li>zmniejszon\u0105 energi\u0105,<\/li>\n\n\n\n<li>zwi\u0119kszon\u0105 m\u0119czliwo\u015bci\u0105.<\/li>\n<\/ul>\n\n\n\n<p>Depresja to co najmniej dwa z trzech \u2013 wymienionych wy\u017cej \u2013 objaw\u00f3w osiowych, kt\u00f3re trwaj\u0105 <strong>co najmniej dwa tygodnie<\/strong>. Ka\u017cda pacjentka z PCOS powinna zwraca\u0107 na to uwag\u0119 i \u2013 w razie potrzeby \u2013 skonsultowa\u0107 si\u0119 z lekarzem rodzinnym lub psychiatr\u0105.<\/p>\n\n\n\n<p>Druga grupa objaw\u00f3w psychicznych w PCOS to <strong>zaburzenia l\u0119kowe<\/strong>. W przypadku wyst\u0119powania takich objaw\u00f3w r\u00f3wnie\u017c nale\u017cy zg\u0142osi\u0107 si\u0119 po pomoc do lekarza.<\/p>\n\n\n\n<p>Trzecia grupa objaw\u00f3w psychicznych, kt\u00f3re mog\u0105 wyst\u0119powa\u0107 w PCOS, to zaburzenia obrazu cia\u0142a, zaburzenia od\u017cywiania, dysfunkcje psychoseksualne.<\/p>\n\n\n\n<h2 class=\"wp-block-heading\" id=\"Objawy-PCOS-obturacyjny-bezdech-senny\">Objawy PCOS obturacyjny bezdech senny<\/h2>\n\n\n\n<p>PCOS predysponuje r\u00f3wnie\u017c to cz\u0119stszego wyst\u0119powania <strong>obturacyjnego bezdechu sennego<\/strong>, czyli schorzenia, w kt\u00f3rym w czasie snu dochodzi do zatrzymania oddechu lub jego sp\u0142ycenia. Powtarzaj\u0105ce si\u0119 w ci\u0105gu ka\u017cdej nocy serie bezdech\u00f3w prowadz\u0105 do zm\u0119czenia, problem\u00f3w z koncentracj\u0105, ale mog\u0105 r\u00f3wnie\u017c skutkowa\u0107 problemami kardiologicznymi. Obturacyjny bezdech senny zawsze wymaga leczenia.<\/p>\n\n\n\n<p><strong>>> Przeczytaj te\u017c: <a href=\"https:\/\/www.alab.pl\/centrum-wiedzy\/ciagle-zmeczenie-problem-xxi-wieku-czy-to-moze-byc-objaw-choroby\/\">Ci\u0105g\u0142e zm\u0119czenie \u2013 problem XXI wieku. Czy to mo\u017ce by\u0107 objaw choroby?<\/a><\/strong><\/p>\n\n\n\n<h2 class=\"wp-block-heading\" id=\"Podsumowanie\">Podsumowanie<\/h2>\n\n\n\n<p>PCOS to choroba o bardzo z\u0142o\u017conym obrazie klinicznym. Najcz\u0119stszymi objawami tego zespo\u0142u s\u0105 nieregularne cykle miesi\u0119czne, hirsutyzm, niep\u0142odno\u015b\u0107. Mog\u0105 mu towarzyszy\u0107 objawy kardiologiczne, zaburzenia metaboliczne, depresja, bezdech senny.<\/p>\n\n\n\n<p>Oczywi\u015bcie nie ka\u017cda pacjentka z PCOS musi prezentowa\u0107 ca\u0142y wachlarz objaw\u00f3w, jednak nale\u017cy by\u0107 wyczulonym na fakt, i\u017c w tej grupie pacjentek mog\u0105 one wyst\u0119powa\u0107 cz\u0119\u015bciej.<\/p>\n\n\n\n<hr class=\"wp-block-separator has-alpha-channel-opacity\"\/>\n\n\n\n<p><strong>PI\u015aMIENNICTWO<\/strong><\/p>\n\n\n\n<ol class=\"wp-block-list\">\n<li>Teede HJ, Tay CT, Laven JJE, Dokras A, Moran LJ, Piltonen TT, Costello MF, Boivin J, Redman LM, Boyle JA, Norman RJ, Mousa A, Joham AE; International PCOS Network. Recommendations from the 2023 international evidence-based guideline for the assessment and management of polycystic ovary syndrome. Eur J Endocrinol. 2023 Aug 2;189(2):G43-G64. doi: 10.1093\/ejendo\/lvad096. PMID: 37580861. (dost\u0119p 10.03.2025)<\/li>\n\n\n\n<li>Dinsdale NL, Crespi BJ. Endometriosis and polycystic ovary syndrome are diametric disorders. Evol Appl. 2021 May 14;14(7):1693-1715. doi: 10.1111\/eva.13244. PMID: 34295358; PMCID: PMC8288001. (dost\u0119p 10.03.2025)<\/li>\n\n\n\n<li>Jankowska K., Diagnostyka niep\u0142odno\u015bci u kobiety \u2013 algorytm post\u0119powania, szkolenie Naczelnej Izby Lekarskiej, wyk\u0142ad online 17.01.2025. (dost\u0119p 10.03.2025)<\/li>\n<\/ol>\n","protected":false},"excerpt":{"rendered":"<p>Zesp\u00f3\u0142 policystycznych jajnik\u00f3w to jedno z najcz\u0119\u015bciej wyst\u0119puj\u0105cych zaburze\u0144 endokrynologicznych u kobiet w wieku rozrodczym.<\/p>\n","protected":false},"author":102,"featured_media":22026,"comment_status":"closed","ping_status":"closed","sticky":false,"template":"","format":"standard","meta":{"_acf_changed":false,"inline_featured_image":false,"footnotes":""},"categories":[22,24],"tags":[],"coauthors":[134],"class_list":{"0":"post-22113","1":"post","2":"type-post","3":"status-publish","4":"format-standard","5":"has-post-thumbnail","7":"category-gospodarka-hormonalna","8":"category-nieplodnosc-niepowodzenia-ciazy"},"acf":[],"yoast_head":"<!-- This site is optimized with the Yoast SEO plugin v27.5 - https:\/\/yoast.com\/product\/yoast-seo-wordpress\/ -->\n<title>PCOS \u2013 zesp\u00f3\u0142 policystycznych jajnik\u00f3w \u2013 objawy - Centrum Wiedzy ALAB laboratoria<\/title>\n<meta name=\"description\" content=\"Zesp\u00f3\u0142 policystycznych jajnik\u00f3w to jedno z najcz\u0119\u015bciej wyst\u0119puj\u0105cych zaburze\u0144 endokrynologicznych u kobiet w wieku rozrodczym.\" \/>\n<meta name=\"robots\" content=\"index, follow, max-snippet:-1, max-image-preview:large, max-video-preview:-1\" \/>\n<link rel=\"canonical\" href=\"https:\/\/www.alab.pl\/centrum-wiedzy\/pcos-zespol-policystycznych-jajnikow-objawy\/\" \/>\n<meta property=\"og:locale\" content=\"pl_PL\" \/>\n<meta property=\"og:type\" content=\"article\" \/>\n<meta property=\"og:title\" content=\"PCOS \u2013 zesp\u00f3\u0142 policystycznych jajnik\u00f3w \u2013 objawy - Centrum Wiedzy ALAB laboratoria\" \/>\n<meta property=\"og:description\" content=\"Zesp\u00f3\u0142 policystycznych jajnik\u00f3w to jedno z najcz\u0119\u015bciej wyst\u0119puj\u0105cych zaburze\u0144 endokrynologicznych u kobiet w wieku rozrodczym.\" \/>\n<meta property=\"og:url\" content=\"https:\/\/www.alab.pl\/centrum-wiedzy\/pcos-zespol-policystycznych-jajnikow-objawy\/\" \/>\n<meta property=\"og:site_name\" content=\"Centrum Wiedzy ALAB laboratoria\" \/>\n<meta property=\"article:publisher\" content=\"https:\/\/www.facebook.com\/ALABlaboratoria\" \/>\n<meta property=\"article:author\" content=\"https:\/\/www.facebook.com\/agatastrukow\/\" \/>\n<meta property=\"article:published_time\" content=\"2025-03-11T10:12:35+00:00\" \/>\n<meta property=\"article:modified_time\" content=\"2025-03-11T10:12:37+00:00\" \/>\n<meta property=\"og:image\" content=\"https:\/\/www.alab.pl\/centrum-wiedzy\/wp-content\/uploads\/2025\/03\/PCOS_cover.jpg\" \/>\n\t<meta property=\"og:image:width\" content=\"1925\" \/>\n\t<meta property=\"og:image:height\" content=\"1285\" \/>\n\t<meta property=\"og:image:type\" content=\"image\/jpeg\" \/>\n<meta name=\"author\" content=\"Agata Strukow\" \/>\n<meta name=\"twitter:card\" content=\"summary_large_image\" \/>\n<meta name=\"twitter:label1\" content=\"Napisane przez\" \/>\n\t<meta name=\"twitter:data1\" content=\"Agata Strukow\" \/>\n\t<meta name=\"twitter:label2\" content=\"Szacowany czas czytania\" \/>\n\t<meta name=\"twitter:data2\" content=\"7 minut\" \/>\n\t<meta name=\"twitter:label3\" content=\"Written by\" \/>\n\t<meta name=\"twitter:data3\" content=\"Agata Strukow\" \/>\n<!-- \/ Yoast SEO plugin. -->","yoast_head_json":{"title":"PCOS \u2013 zesp\u00f3\u0142 policystycznych jajnik\u00f3w \u2013 objawy - Centrum Wiedzy ALAB laboratoria","description":"Zesp\u00f3\u0142 policystycznych jajnik\u00f3w to jedno z najcz\u0119\u015bciej wyst\u0119puj\u0105cych zaburze\u0144 endokrynologicznych u kobiet w wieku rozrodczym.","robots":{"index":"index","follow":"follow","max-snippet":"max-snippet:-1","max-image-preview":"max-image-preview:large","max-video-preview":"max-video-preview:-1"},"canonical":"https:\/\/www.alab.pl\/centrum-wiedzy\/pcos-zespol-policystycznych-jajnikow-objawy\/","og_locale":"pl_PL","og_type":"article","og_title":"PCOS \u2013 zesp\u00f3\u0142 policystycznych jajnik\u00f3w \u2013 objawy - Centrum Wiedzy ALAB laboratoria","og_description":"Zesp\u00f3\u0142 policystycznych jajnik\u00f3w to jedno z najcz\u0119\u015bciej wyst\u0119puj\u0105cych zaburze\u0144 endokrynologicznych u kobiet w wieku rozrodczym.","og_url":"https:\/\/www.alab.pl\/centrum-wiedzy\/pcos-zespol-policystycznych-jajnikow-objawy\/","og_site_name":"Centrum Wiedzy ALAB laboratoria","article_publisher":"https:\/\/www.facebook.com\/ALABlaboratoria","article_author":"https:\/\/www.facebook.com\/agatastrukow\/","article_published_time":"2025-03-11T10:12:35+00:00","article_modified_time":"2025-03-11T10:12:37+00:00","og_image":[{"width":1925,"height":1285,"url":"https:\/\/www.alab.pl\/centrum-wiedzy\/wp-content\/uploads\/2025\/03\/PCOS_cover.jpg","type":"image\/jpeg"}],"author":"Agata Strukow","twitter_card":"summary_large_image","twitter_misc":{"Napisane przez":"Agata Strukow","Szacowany czas czytania":"7 minut","Written by":"Agata Strukow"},"schema":{"@context":"https:\/\/schema.org","@graph":[{"@type":"Article","@id":"https:\/\/www.alab.pl\/centrum-wiedzy\/pcos-zespol-policystycznych-jajnikow-objawy\/#article","isPartOf":{"@id":"https:\/\/www.alab.pl\/centrum-wiedzy\/pcos-zespol-policystycznych-jajnikow-objawy\/"},"author":{"name":"Agata Strukow","@id":"https:\/\/www.alab.pl\/centrum-wiedzy\/#\/schema\/person\/4c4346aaa370a9ca773ee865bfbec588"},"headline":"PCOS \u2013 zesp\u00f3\u0142 policystycznych jajnik\u00f3w \u2013 objawy","datePublished":"2025-03-11T10:12:35+00:00","dateModified":"2025-03-11T10:12:37+00:00","mainEntityOfPage":{"@id":"https:\/\/www.alab.pl\/centrum-wiedzy\/pcos-zespol-policystycznych-jajnikow-objawy\/"},"wordCount":1182,"publisher":{"@id":"https:\/\/www.alab.pl\/centrum-wiedzy\/#organization"},"image":{"@id":"https:\/\/www.alab.pl\/centrum-wiedzy\/pcos-zespol-policystycznych-jajnikow-objawy\/#primaryimage"},"thumbnailUrl":"https:\/\/www.alab.pl\/centrum-wiedzy\/wp-content\/uploads\/2025\/03\/PCOS_cover.jpg","articleSection":["Gospodarka hormonalna","Niep\u0142odno\u015b\u0107, niepowodzenia ci\u0105\u017cy"],"inLanguage":"pl-PL"},{"@type":"WebPage","@id":"https:\/\/www.alab.pl\/centrum-wiedzy\/pcos-zespol-policystycznych-jajnikow-objawy\/","url":"https:\/\/www.alab.pl\/centrum-wiedzy\/pcos-zespol-policystycznych-jajnikow-objawy\/","name":"PCOS \u2013 zesp\u00f3\u0142 policystycznych jajnik\u00f3w \u2013 objawy - Centrum Wiedzy ALAB laboratoria","isPartOf":{"@id":"https:\/\/www.alab.pl\/centrum-wiedzy\/#website"},"primaryImageOfPage":{"@id":"https:\/\/www.alab.pl\/centrum-wiedzy\/pcos-zespol-policystycznych-jajnikow-objawy\/#primaryimage"},"image":{"@id":"https:\/\/www.alab.pl\/centrum-wiedzy\/pcos-zespol-policystycznych-jajnikow-objawy\/#primaryimage"},"thumbnailUrl":"https:\/\/www.alab.pl\/centrum-wiedzy\/wp-content\/uploads\/2025\/03\/PCOS_cover.jpg","datePublished":"2025-03-11T10:12:35+00:00","dateModified":"2025-03-11T10:12:37+00:00","description":"Zesp\u00f3\u0142 policystycznych jajnik\u00f3w to jedno z najcz\u0119\u015bciej wyst\u0119puj\u0105cych zaburze\u0144 endokrynologicznych u kobiet w wieku rozrodczym.","breadcrumb":{"@id":"https:\/\/www.alab.pl\/centrum-wiedzy\/pcos-zespol-policystycznych-jajnikow-objawy\/#breadcrumb"},"inLanguage":"pl-PL","potentialAction":[{"@type":"ReadAction","target":["https:\/\/www.alab.pl\/centrum-wiedzy\/pcos-zespol-policystycznych-jajnikow-objawy\/"]}]},{"@type":"ImageObject","inLanguage":"pl-PL","@id":"https:\/\/www.alab.pl\/centrum-wiedzy\/pcos-zespol-policystycznych-jajnikow-objawy\/#primaryimage","url":"https:\/\/www.alab.pl\/centrum-wiedzy\/wp-content\/uploads\/2025\/03\/PCOS_cover.jpg","contentUrl":"https:\/\/www.alab.pl\/centrum-wiedzy\/wp-content\/uploads\/2025\/03\/PCOS_cover.jpg","width":1925,"height":1285,"caption":"objawy PCOS cover"},{"@type":"BreadcrumbList","@id":"https:\/\/www.alab.pl\/centrum-wiedzy\/pcos-zespol-policystycznych-jajnikow-objawy\/#breadcrumb","itemListElement":[{"@type":"ListItem","position":1,"name":"Strona g\u0142\u00f3wna","item":"https:\/\/www.alab.pl\/centrum-wiedzy\/"},{"@type":"ListItem","position":2,"name":"PCOS \u2013 zesp\u00f3\u0142 policystycznych jajnik\u00f3w \u2013 objawy"}]},{"@type":"WebSite","@id":"https:\/\/www.alab.pl\/centrum-wiedzy\/#website","url":"https:\/\/www.alab.pl\/centrum-wiedzy\/","name":"Centrum Wiedzy ALAB laboratoria","description":"","publisher":{"@id":"https:\/\/www.alab.pl\/centrum-wiedzy\/#organization"},"potentialAction":[{"@type":"SearchAction","target":{"@type":"EntryPoint","urlTemplate":"https:\/\/www.alab.pl\/centrum-wiedzy\/?s={search_term_string}"},"query-input":{"@type":"PropertyValueSpecification","valueRequired":true,"valueName":"search_term_string"}}],"inLanguage":"pl-PL"},{"@type":"Organization","@id":"https:\/\/www.alab.pl\/centrum-wiedzy\/#organization","name":"Centrum Wiedzy ALAB laboratoria","url":"https:\/\/www.alab.pl\/centrum-wiedzy\/","logo":{"@type":"ImageObject","inLanguage":"pl-PL","@id":"https:\/\/www.alab.pl\/centrum-wiedzy\/#\/schema\/logo\/image\/","url":"https:\/\/www.alab.pl\/centrum-wiedzy\/wp-content\/uploads\/2022\/04\/alabek.jpg","contentUrl":"https:\/\/www.alab.pl\/centrum-wiedzy\/wp-content\/uploads\/2022\/04\/alabek.jpg","width":1250,"height":1251,"caption":"Centrum Wiedzy ALAB laboratoria"},"image":{"@id":"https:\/\/www.alab.pl\/centrum-wiedzy\/#\/schema\/logo\/image\/"},"sameAs":["https:\/\/www.facebook.com\/ALABlaboratoria"]},{"@type":"Person","@id":"https:\/\/www.alab.pl\/centrum-wiedzy\/#\/schema\/person\/4c4346aaa370a9ca773ee865bfbec588","name":"Agata Strukow","image":{"@type":"ImageObject","inLanguage":"pl-PL","@id":"https:\/\/www.alab.pl\/centrum-wiedzy\/wp-content\/uploads\/2022\/04\/Agata-Strukow-150x150.jpgcb933d2055e86ab33ade5d5259364a59","url":"https:\/\/www.alab.pl\/centrum-wiedzy\/wp-content\/uploads\/2022\/04\/Agata-Strukow-150x150.jpg","contentUrl":"https:\/\/www.alab.pl\/centrum-wiedzy\/wp-content\/uploads\/2022\/04\/Agata-Strukow-150x150.jpg","caption":"Agata Strukow"},"description":"Absolwentka Wydzia\u0142u Lekarskiego Pomorskiej Akademii Medycznej oraz studi\u00f3w podyplomowych Dietetyka w chorobach wewn\u0119trznych i metabolicznych Warszawskiego Uniwersytetu Medycznego i Psychologii biznesu dla mened\u017cer\u00f3w na Akademii Leona Ko\u017ami\u0144skiego. Nauczycielka jogi kundalini i jogi hormonalnej.","sameAs":["https:\/\/www.facebook.com\/agatastrukow\/","https:\/\/www.instagram.com\/strukowagata\/","https:\/\/pl.linkedin.com\/in\/agata-strukow-7b87205"],"url":"https:\/\/www.alab.pl\/centrum-wiedzy\/author\/agata\/"}]}},"_links":{"self":[{"href":"https:\/\/www.alab.pl\/centrum-wiedzy\/wp-json\/wp\/v2\/posts\/22113","targetHints":{"allow":["GET"]}}],"collection":[{"href":"https:\/\/www.alab.pl\/centrum-wiedzy\/wp-json\/wp\/v2\/posts"}],"about":[{"href":"https:\/\/www.alab.pl\/centrum-wiedzy\/wp-json\/wp\/v2\/types\/post"}],"author":[{"embeddable":true,"href":"https:\/\/www.alab.pl\/centrum-wiedzy\/wp-json\/wp\/v2\/users\/102"}],"replies":[{"embeddable":true,"href":"https:\/\/www.alab.pl\/centrum-wiedzy\/wp-json\/wp\/v2\/comments?post=22113"}],"version-history":[{"count":4,"href":"https:\/\/www.alab.pl\/centrum-wiedzy\/wp-json\/wp\/v2\/posts\/22113\/revisions"}],"predecessor-version":[{"id":22119,"href":"https:\/\/www.alab.pl\/centrum-wiedzy\/wp-json\/wp\/v2\/posts\/22113\/revisions\/22119"}],"wp:featuredmedia":[{"embeddable":true,"href":"https:\/\/www.alab.pl\/centrum-wiedzy\/wp-json\/wp\/v2\/media\/22026"}],"wp:attachment":[{"href":"https:\/\/www.alab.pl\/centrum-wiedzy\/wp-json\/wp\/v2\/media?parent=22113"}],"wp:term":[{"taxonomy":"category","embeddable":true,"href":"https:\/\/www.alab.pl\/centrum-wiedzy\/wp-json\/wp\/v2\/categories?post=22113"},{"taxonomy":"post_tag","embeddable":true,"href":"https:\/\/www.alab.pl\/centrum-wiedzy\/wp-json\/wp\/v2\/tags?post=22113"},{"taxonomy":"author","embeddable":true,"href":"https:\/\/www.alab.pl\/centrum-wiedzy\/wp-json\/wp\/v2\/coauthors?post=22113"}],"curies":[{"name":"wp","href":"https:\/\/api.w.org\/{rel}","templated":true}]}}