{"id":22224,"date":"2025-03-14T10:41:59","date_gmt":"2025-03-14T09:41:59","guid":{"rendered":"https:\/\/www.alab.pl\/centrum-wiedzy\/?p=22224"},"modified":"2025-03-14T10:48:09","modified_gmt":"2025-03-14T09:48:09","slug":"bulimia-co-to-za-choroba-objawy-przyczyny-leczenie-i-skutki","status":"publish","type":"post","link":"https:\/\/www.alab.pl\/centrum-wiedzy\/bulimia-co-to-za-choroba-objawy-przyczyny-leczenie-i-skutki\/","title":{"rendered":"Bulimia \u2013 co to za choroba? Objawy, przyczyny, leczenie i skutki"},"content":{"rendered":"\n<p><strong>Bulimia, czyli \u017car\u0142oczno\u015b\u0107 psychiczna to jedno z zaburze\u0144 od\u017cywiania, charakteryzuj\u0105ce si\u0119 wyst\u0119powaniem napad\u00f3w objadania, a nast\u0119pnie zachowa\u0144 kompensacyjnych. Na czym dok\u0142adnie polega to zaburzenie? Jakie s\u0105 jego przyczyny i jakie objawy powinny zwr\u00f3ci\u0107 szczeg\u00f3ln\u0105 uwag\u0119? W poni\u017cszym artykule znajdziesz informacje o tym, czym jest <em>bulimia nervosa<\/em> i w jaki spos\u00f3b mo\u017cna j\u0105 leczy\u0107.<\/strong><\/p>\n\n\n\n<p>Spis tre\u015bci:<\/p>\n\n\n\n<ol class=\"wp-block-list\">\n<li><a href=\"#Bulimia-\u2013-co-to-za-choroba?\">Bulimia \u2013 co to za choroba?<\/a><\/li>\n\n\n\n<li><a href=\"#Jakie-s\u0105-przyczyny-bulimii?\">Jakie s\u0105 przyczyny bulimii?<\/a><\/li>\n\n\n\n<li><a href=\"#Objawy-bulimii\">Objawy bulimii<\/a>\n<ul class=\"wp-block-list\">\n<li><a href=\"#Jak-rozpozna\u0107-bulimi\u0119?\">Jak rozpozna\u0107 bulimi\u0119?<\/a><\/li>\n<\/ul>\n<\/li>\n\n\n\n<li><a href=\"#Leczenie-bulimii\">Leczenie-bulimii<\/a><\/li>\n<\/ol>\n\n\n\n<h2 class=\"wp-block-heading\" id=\"Bulimia-\u2013-co-to-za-choroba?\">Bulimia \u2013 co to za choroba?<\/h2>\n\n\n\n<p><strong><em>Bulimia<\/em><\/strong><em> nervosa<\/em>, nazywana tak\u017ce \u017car\u0142oczno\u015bci\u0105 psychiczn\u0105, to zaburzenie od\u017cywiania cechuj\u0105ce si\u0119 regularnymi epizodami niekontrolowanego spo\u017cywania du\u017cych ilo\u015bci pokarm\u00f3w. Po takich epizodach nast\u0119puj\u0105 zachowania kompensacyjne: prowokowanie wymiot\u00f3w i nadu\u017cywanie \u015brodk\u00f3w przeczyszczaj\u0105cych, g\u0142od\u00f3wki, wyczerpuj\u0105ce \u0107wiczenia fizyczne, lewatywy, nadu\u017cywanie lek\u00f3w moczop\u0119dnych. Kogo najcz\u0119\u015bciej dotyka ta <strong>choroba? Bulimia wyst\u0119puje przede wszystkim u&nbsp;nastolatek i m\u0142odych kobiet, a&nbsp;wi\u0119kszo\u015b\u0107 zachorowa\u0144 pojawia si\u0119 przed 18. rokiem \u017cycia. <\/strong>Szacuje si\u0119, \u017ce nawet 1,5% kobiet mo\u017ce cierpie\u0107 z powodu bulimii, ale problem ten dotyka tak\u017ce m\u0119\u017cczyzn.<\/p>\n\n\n\n<p><strong>\u017bycie os\u00f3b cierpi\u0105cych na bulimi\u0119 koncentruje si\u0119 na jedzeniu.<\/strong> Po napadzie kompulsywnego objadania si\u0119 pacjenci podejmuj\u0105 r\u00f3\u017cne czynno\u015bci, by przeciwdzia\u0142a\u0107 skutkom nadmiernego spo\u017cywania pokarmu. <strong>Wyr\u00f3\u017cnia si\u0119 dwa typy bulimii:<\/strong><\/p>\n\n\n\n<ul class=\"wp-block-list\">\n<li>typ przeczyszczaj\u0105cy \u2013 po epizodzie przejadania si\u0119 nast\u0119puje prowokowanie wymiot\u00f3w czy stosowanie \u015brodk\u00f3w przeczyszczaj\u0105cych;<\/li>\n\n\n\n<li>typ nieprzeczyszczaj\u0105cy \u2013 kompensacja w postaci \u015bcis\u0142ej diety lub intensywnych \u0107wicze\u0144 fizycznych.<\/li>\n<\/ul>\n\n\n\n<h2 class=\"wp-block-heading\" id=\"Jakie-s\u0105-przyczyny-bulimii?\">Jakie s\u0105 przyczyny bulimii?<\/h2>\n\n\n\n<p><strong>Przyczyny bulimii <\/strong>mo\u017cna podzieli\u0107 na czynniki psychologiczne, takie jak niskie poczucie w\u0142asnej warto\u015bci i wysokie wymagania wzgl\u0119dem siebie oraz biologiczne \u2013 predyspozycje genetyczne oraz zaburzenia pracy o\u015brodka syto\u015bci. Dodatkowym czynnikiem s\u0105 tak\u017ce wykszta\u0142cone zachowania, np. nieregularne spo\u017cywanie posi\u0142k\u00f3w oraz moda na szczup\u0142\u0105 sylwetk\u0119. Pojawienie si\u0119 poczucia sukcesu w zwi\u0105zku ze skuteczno\u015bci\u0105 zachowa\u0144 kompensacyjnych prowadzi do pog\u0142\u0119bienia si\u0119 tego zaburzenia.<\/p>\n\n\n\n<p><strong>Nieprzyjemne wydarzenia i zwi\u0105zane z nimi emocje mog\u0105 powodowa\u0107 negatywne reakcje, kt\u00f3re zwi\u0119kszaj\u0105 ryzyko napad\u00f3w objadania si\u0119.<\/strong> W trudnych momentach pacjenci maj\u0105 problem z&nbsp;wytrwaniem w&nbsp;postanowieniu o ograniczeniu jedzenia, wi\u0119c poddaj\u0105 si\u0119 napadom objadania. Nast\u0119pnie posuwaj\u0105 si\u0119 do zachowa\u0144 kompensacyjnych, by unikn\u0105\u0107 przybierania na wadze. Wszystkie tego typu zabiegi okazuj\u0105 si\u0119 w ko\u0144cu nieskuteczne, co z kolei prowadzi do wyst\u0105pienia kolejnych napad\u00f3w objadania si\u0119.&nbsp;&nbsp;&nbsp;<\/p>\n\n\n\n<h2 class=\"wp-block-heading\" id=\"Objawy-bulimii\">Objawy bulimii<\/h2>\n\n\n\n<p><strong>Wed\u0142ug klasyfikacji ICD-10 w&nbsp;przypadku \u017car\u0142oczno\u015bci psychicznej wyst\u0119puj\u0105 nast\u0119puj\u0105ce objawy:<\/strong><\/p>\n\n\n\n<ul class=\"wp-block-list\">\n<li>koncentracja uwagi wok\u00f3\u0142 od\u017cywiania si\u0119 \u2013 jedzenie staje si\u0119 najwa\u017cniejszym obszarem \u017cycia; okresowe napady \u017car\u0142oczno\u015bci, kt\u00f3rych nie da si\u0119 powstrzyma\u0107;<\/li>\n\n\n\n<li>podejmowanie dzia\u0142a\u0144 kompensacyjnych: prowokowanie wymiot\u00f3w, stosowanie \u015brodk\u00f3w hamuj\u0105cych apetyt lub przeczyszczaj\u0105cych i moczop\u0119dnych, stosowanie restrykcyjnych diet, g\u0142od\u00f3wki;<\/li>\n\n\n\n<li>sta\u0142a, chorobliwa obawa przed oty\u0142o\u015bci\u0105, nadmierne zainteresowanie kszta\u0142tem i mas\u0105 cia\u0142a; <\/li>\n\n\n\n<li>wyst\u0119powanie epizod\u00f3w niekontrolowanego jedzenia w kr\u00f3tkim czasie (co najmniej 3 miesi\u0105ce).<\/li>\n<\/ul>\n\n\n\n<p>Dodatkowo cz\u0119sto \u2013 cho\u0107 nie zawsze \u2013 w wywiadzie ujawnia si\u0119<a href=\"https:\/\/www.alab.pl\/centrum-wiedzy\/anoreksja-przyczyny-objawy-diagnostyka-i-leczenie\/\"> anoreksja<\/a> wyst\u0119puj\u0105ca od kilku miesi\u0119cy do kilku lat wcze\u015bniej. <strong>Co wa\u017cne, w przypadku anoreksji masa cia\u0142a jest poni\u017cej prawid\u0142owej dla danego wieku, w przypadku bulimii natomiast \u2013 pozostaje w normie.<\/strong><\/p>\n\n\n\n<h3 class=\"wp-block-heading\" id=\"Jak-rozpozna\u0107-bulimi\u0119?\">Jak rozpozna\u0107 bulimi\u0119?<\/h3>\n\n\n\n<p><strong>Objawy bulimii<\/strong> to przede wszystkim: uszkodzenie \u015bluz\u00f3wki gard\u0142a, prze\u0142yku i \u017co\u0142\u0105dka, stany zapalne dzi\u0105se\u0142 i pr\u00f3chnica szkliwa naz\u0119bnego, spowodowana cz\u0119stym wywo\u0142ywaniem wymiot\u00f3w. Pojawiaj\u0105 si\u0119 tak\u017ce zaburzenia wodno\u2013elektrolitowe, niedobory witamin, b\u00f3le g\u0142owy, zaparcia, biegunki.<\/p>\n\n\n\n<figure class=\"wp-block-image size-full\"><a href=\"https:\/\/www.alab.pl\/pakiet\/pakiet-elektrolitow\"><img loading=\"lazy\" decoding=\"async\" width=\"800\" height=\"200\" src=\"https:\/\/www.alab.pl\/centrum-wiedzy\/wp-content\/uploads\/2025\/02\/Pakiet-elektrolity-4-badania.jpg\" alt=\"Pakiet elektrolity (4 badania) banerek\" class=\"wp-image-21211\" srcset=\"https:\/\/www.alab.pl\/centrum-wiedzy\/wp-content\/uploads\/2025\/02\/Pakiet-elektrolity-4-badania.jpg 800w, https:\/\/www.alab.pl\/centrum-wiedzy\/wp-content\/uploads\/2025\/02\/Pakiet-elektrolity-4-badania-768x192.jpg 768w, https:\/\/www.alab.pl\/centrum-wiedzy\/wp-content\/uploads\/2025\/02\/Pakiet-elektrolity-4-badania-150x38.jpg 150w, https:\/\/www.alab.pl\/centrum-wiedzy\/wp-content\/uploads\/2025\/02\/Pakiet-elektrolity-4-badania-300x75.jpg 300w, https:\/\/www.alab.pl\/centrum-wiedzy\/wp-content\/uploads\/2025\/02\/Pakiet-elektrolity-4-badania-696x174.jpg 696w\" sizes=\"auto, (max-width: 800px) 100vw, 800px\" \/><\/a><\/figure>\n\n\n\n<p><strong>Osoby cierpi\u0105ce na bulimi\u0119 zwykle do\u015b\u0107 skutecznie ukrywaj\u0105 swoj\u0105 chorob\u0119.<\/strong> Ich wygl\u0105d fizyczny nie zmienia si\u0119 wyra\u017anie, dlatego bliscy mog\u0105 nie zdawa\u0107 sobie sprawy z problemu przez d\u0142u\u017cszy czas. Charakterystycznym objawem bulimii jest objaw Russella \u2013 zgrubienia, rany i blizny na sk\u00f3rze powierzchni grzbietowej r\u0105k, powstaj\u0105ce przy cz\u0119stym wywo\u0142ywaniu odruchu wymiotnego i wielokrotnym kontakcie sk\u00f3ry z z\u0119bami. Warto zwr\u00f3ci\u0107 tak\u017ce uwag\u0119 na<a href=\"https:\/\/www.alab.pl\/centrum-wiedzy\/lamliwe-rozdwajajace-sie-i-kruche-paznokcie-stan-paznokci-a-zdrowie\/\"> \u0142amliwe, rozdwajaj\u0105ce si\u0119 i kruche paznokcie<\/a>, kt\u00f3re mog\u0105 pojawi\u0107 si\u0119 zar\u00f3wno w przypadku diety ubogiej w sk\u0142adniki mineralne i witaminy, jak i przy zaburzeniach od\u017cywiania.<\/p>\n\n\n\n<figure class=\"wp-block-image size-full\"><a href=\"https:\/\/www.alab.pl\/pakiet\/pakiet-watrobowy\"><img loading=\"lazy\" decoding=\"async\" width=\"800\" height=\"200\" src=\"https:\/\/www.alab.pl\/centrum-wiedzy\/wp-content\/uploads\/2025\/02\/Pakiet_watrobowy.jpg\" alt=\"Pakiet watrobowy banerek\" class=\"wp-image-21005\" srcset=\"https:\/\/www.alab.pl\/centrum-wiedzy\/wp-content\/uploads\/2025\/02\/Pakiet_watrobowy.jpg 800w, https:\/\/www.alab.pl\/centrum-wiedzy\/wp-content\/uploads\/2025\/02\/Pakiet_watrobowy-768x192.jpg 768w, https:\/\/www.alab.pl\/centrum-wiedzy\/wp-content\/uploads\/2025\/02\/Pakiet_watrobowy-150x38.jpg 150w, https:\/\/www.alab.pl\/centrum-wiedzy\/wp-content\/uploads\/2025\/02\/Pakiet_watrobowy-300x75.jpg 300w, https:\/\/www.alab.pl\/centrum-wiedzy\/wp-content\/uploads\/2025\/02\/Pakiet_watrobowy-696x174.jpg 696w\" sizes=\"auto, (max-width: 800px) 100vw, 800px\" \/><\/a><\/figure>\n\n\n\n<p>Je\u015bli obawiasz si\u0119, \u017ce u bliskiej Ci osoby wyst\u0119puje <strong>bulimia, objawy <\/strong>nale\u017cy skonsultowa\u0107 z lekarzem rodzinnym. Zleci on dodatkowe badania, by wykluczy\u0107 inne choroby o podobnym przebiegu. Diagnostyka obejmuje przede wszystkim podstawow\u0105 morfologi\u0119 krwi, kt\u00f3ra dostarcza informacji odno\u015bnie kom\u00f3rek krwi i og\u00f3lnego stanu zdrowia. Opr\u00f3cz tego zaleca si\u0119 ocen\u0119 funkcji nerek \u2013 <a href=\"https:\/\/www.alab.pl\/pakiet\/pakiet-nerkowy\">pakiet nerkowy<\/a> umo\u017cliwia okre\u015blenie wydolno\u015bci tego organu. W przypadku podejrzenia bulimii nale\u017cy wykona\u0107 tak\u017ce <a href=\"https:\/\/www.alab.pl\/pakiet\/pakiet-elektrolitow\">jonogram<\/a>, by oceni\u0107 ewentualne zaburzenia gospodarki wodno-elektrolitowej oraz elektrokardiogram.<\/p>\n\n\n\n<figure class=\"wp-block-image size-full\"><a href=\"https:\/\/www.alab.pl\/badanie\/morfologia-krwi-c55\"><img loading=\"lazy\" decoding=\"async\" width=\"800\" height=\"200\" src=\"https:\/\/www.alab.pl\/centrum-wiedzy\/wp-content\/uploads\/2025\/02\/Morfologia.jpg\" alt=\"Morfologia banerek\" class=\"wp-image-21108\" srcset=\"https:\/\/www.alab.pl\/centrum-wiedzy\/wp-content\/uploads\/2025\/02\/Morfologia.jpg 800w, https:\/\/www.alab.pl\/centrum-wiedzy\/wp-content\/uploads\/2025\/02\/Morfologia-768x192.jpg 768w, https:\/\/www.alab.pl\/centrum-wiedzy\/wp-content\/uploads\/2025\/02\/Morfologia-150x38.jpg 150w, https:\/\/www.alab.pl\/centrum-wiedzy\/wp-content\/uploads\/2025\/02\/Morfologia-300x75.jpg 300w, https:\/\/www.alab.pl\/centrum-wiedzy\/wp-content\/uploads\/2025\/02\/Morfologia-696x174.jpg 696w\" sizes=\"auto, (max-width: 800px) 100vw, 800px\" \/><\/a><\/figure>\n\n\n\n<p><strong>Z kolei lekarza psychiatra <\/strong>wyja\u015bni zagadnienia zwi\u0105zane z zaburzeniami od\u017cywiania.<\/p>\n\n\n\n<h2 class=\"wp-block-heading\" id=\"Leczenie-bulimii\">Leczenie bulimii<\/h2>\n\n\n\n<p>Co zrobi\u0107, gdy pojawia si\u0119 diagnoza: <strong>bulimia? Leczenie<\/strong> powinno odbywa\u0107 si\u0119 kompleksowo i obejmowa\u0107 zar\u00f3wno psychoedukacj\u0119, jak i psychoterapi\u0119, a w niekt\u00f3rych przypadkach \u2013 r\u00f3wnie\u017c farmakoterapi\u0119. <strong>Polecan\u0105 form\u0105 psychoterapii jest terapia poznawczo-behawioralna.<\/strong> Pacjenci poznaj\u0105 mechanizm objadania si\u0119 i powstawania zachowa\u0144 kompensacyjnych oraz ucz\u0105 si\u0119 technik zapobiegania napadom. Identyfikuj\u0105 r\u00f3wnie\u017c i zmieniaj\u0105 my\u015bli i przekonania zwi\u0105zane z&nbsp;wag\u0105, figur\u0105 i jedzeniem. Terapia obejmuje unormowanie nawyk\u00f3w \u017cywieniowych oraz nauk\u0119 poznawczo \u2013 behawioralnych technik radzenia sobie w sytuacjach mog\u0105cych wyzwala\u0107 napady objadania si\u0119 i wymioty. W skrajnych przypadkach konieczna mo\u017ce by\u0107 hospitalizacja lub pobyt na oddziale dziennym. W ostrej fazie choroby stosuje si\u0119 leki przeciwdepresyjne.<\/p>\n\n\n\n<p>Do czego prowadzi nieleczona <strong>bulimia? Skutki obejmuj\u0105 sfer\u0119 psychiczn\u0105 oraz fizyczn\u0105.<\/strong> Do najcz\u0119stszych zaliczamy uczucie napi\u0119cia i niepokoju, zm\u0119czenie, os\u0142abienie, uszkodzenie szkliwa z\u0119b\u00f3w,<a href=\"https:\/\/www.alab.pl\/centrum-wiedzy\/nieregularny-okres-i-zaburzenia-miesiaczkowania-objawy-przyczyny-badania-i-leczenie\/\"> zaburzenia miesi\u0105czkowania<\/a>, such\u0105 sk\u00f3r\u0119 i w\u0142osy oraz \u0142amliwe paznokcie, problemy z uk\u0142adem pokarmowym, zaburzenia rytmu serca i os\u0142abienie mi\u0119\u015bni. Sta\u0142a kontrola stanu zdrowia przez lekarza rodzinnego i wsp\u00f3\u0142praca z psychoterapeut\u0105 i psychodietetykiem to szansa na powr\u00f3t do zdrowia.<\/p>\n\n\n\n<p><strong>Bulimia to z\u0142o\u017cone zaburzenie od\u017cywiania, w kt\u00f3rym napady objadania si\u0119 przeplataj\u0105 si\u0119 z zachowaniami kompensacyjnymi.<\/strong> W przypadku bulimii polecan\u0105 form\u0105 leczenia jest terapia poznawczo\u2013behawioralna. Regularne badania pomog\u0105 wykluczy\u0107 inne dolegliwo\u015bci niezwi\u0105zane bezpo\u015brednio z bulimi\u0105 oraz okre\u015bli\u0107 poziom ewentualnych niedobor\u00f3w.<\/p>\n\n\n\n<p><strong>Opieka merytoryczna: lek. Katarzyna Ciep\u0142ucha<\/strong><\/p>\n\n\n\n<hr class=\"wp-block-separator has-alpha-channel-opacity\"\/>\n\n\n\n<p><strong>Bibliografia<\/strong><\/p>\n\n\n\n<ol class=\"wp-block-list\">\n<li>https:\/\/www.mp.pl\/poz\/psychiatria\/inne_zaburzenia\/89839,zaburzenia-zachowania-zwiazane-z-odzywianiem-cz-iizarlocznosc-psychiczna-bulimia-lac-ang-bulimia-nervosa<\/li>\n\n\n\n<li>https:\/\/www.mp.pl\/pacjent\/psychiatria\/choroby\/75618,zaburzenia-odzywiania<\/li>\n\n\n\n<li>https:\/\/podyplomie.pl\/publish\/system\/articles\/pdfarticles\/000\/010\/905\/original\/Strony_od_MpD_2011_07-6.pdf?1468486205<\/li>\n\n\n\n<li>https:\/\/pacjent.gov.pl\/zapobiegaj\/anoreksja-i-bulimia<\/li>\n\n\n\n<li>Dudzi\u0144ska Marta. Psychoterapia poznawczo \u2013 behawioralna bulimii psychicznej: teoria, metoda, status empiryczny i przysz\u0142e kierunki rozwoju. PSYCHOTERAPIA 4 (187) 2018 strony: 19\u201330<\/li>\n\n\n\n<li>Rzo\u0144ca Ewa, Bie\u0144 Agnieszka, Iwanowicz-Palus Gra\u017cyna. Zaburzenia od\u017cywiania \u2013 problem wci\u0105\u017c aktualny. Journal of Education, Health and Sport. 2016;6(12):267-273.<\/li>\n\n\n\n<li>Mroczkowska D, Zi\u00f3\u0142kowska B (2011) Bulimia od A do Z. Kompendium wiedzy dla rodzic\u00f3w, nauczycieli i wychowawc\u00f3w. Diffin: Warszawa<\/li>\n\n\n\n<li>Szpytman A., Brukwicka I., Kopa\u0144ski Z., Kollar R., Kollarova M., Bajger B., Bojanowska E. O bulimii historycznie i wsp\u00f3\u0142cze\u015bnie. Journal of Clinical Healthcare 1\/2016.<\/li>\n\n\n\n<li>Jaworski M. Zaburzenia proces\u00f3w poznawczych w bulimii. Neuropsychiatria i Neuropsychologia 2011; 6, 3\u20134: 151\u2013158<\/li>\n\n\n\n<li>Bulimia nervosa in adults: Clinical features and diagnosis Authors:Scott Engel, PhDKristine Steffen, PharmD, PhDJames Edward Mitchell, MD; UpToDate.com<br><\/li>\n<\/ol>\n","protected":false},"excerpt":{"rendered":"<p>Sprawd\u017a, czym jest bulimia nervosa i w jaki spos\u00f3b mo\u017cna j\u0105 leczy\u0107. Poznaj przyczyny i objawy tego zaburzenia.<\/p>\n","protected":false},"author":186,"featured_media":22235,"comment_status":"closed","ping_status":"closed","sticky":false,"template":"","format":"standard","meta":{"_acf_changed":false,"inline_featured_image":false,"footnotes":""},"categories":[28],"tags":[],"coauthors":[227],"class_list":{"0":"post-22224","1":"post","2":"type-post","3":"status-publish","4":"format-standard","5":"has-post-thumbnail","7":"category-warto-wiedziec"},"acf":[],"yoast_head":"<!-- This site is optimized with the Yoast SEO plugin v27.5 - https:\/\/yoast.com\/product\/yoast-seo-wordpress\/ -->\n<title>Bulimia \u2013 co to za choroba? Objawy, przyczyny, leczenie i skutki - Centrum Wiedzy ALAB laboratoria<\/title>\n<meta name=\"description\" content=\"Sprawd\u017a, czym jest bulimia nervosa i w jaki spos\u00f3b mo\u017cna j\u0105 leczy\u0107. Poznaj przyczyny i objawy tego zaburzenia.\" \/>\n<meta name=\"robots\" content=\"index, follow, max-snippet:-1, max-image-preview:large, max-video-preview:-1\" \/>\n<link rel=\"canonical\" href=\"https:\/\/www.alab.pl\/centrum-wiedzy\/bulimia-co-to-za-choroba-objawy-przyczyny-leczenie-i-skutki\/\" \/>\n<meta property=\"og:locale\" content=\"pl_PL\" \/>\n<meta property=\"og:type\" content=\"article\" \/>\n<meta property=\"og:title\" content=\"Bulimia \u2013 co to za choroba? Objawy, przyczyny, leczenie i skutki - Centrum Wiedzy ALAB laboratoria\" \/>\n<meta property=\"og:description\" content=\"Sprawd\u017a, czym jest bulimia nervosa i w jaki spos\u00f3b mo\u017cna j\u0105 leczy\u0107. Poznaj przyczyny i objawy tego zaburzenia.\" \/>\n<meta property=\"og:url\" content=\"https:\/\/www.alab.pl\/centrum-wiedzy\/bulimia-co-to-za-choroba-objawy-przyczyny-leczenie-i-skutki\/\" \/>\n<meta property=\"og:site_name\" content=\"Centrum Wiedzy ALAB laboratoria\" \/>\n<meta property=\"article:publisher\" content=\"https:\/\/www.facebook.com\/ALABlaboratoria\" \/>\n<meta property=\"article:published_time\" content=\"2025-03-14T09:41:59+00:00\" \/>\n<meta property=\"article:modified_time\" content=\"2025-03-14T09:48:09+00:00\" \/>\n<meta property=\"og:image\" content=\"https:\/\/www.alab.pl\/centrum-wiedzy\/wp-content\/uploads\/2025\/03\/bulimia.jpg\" \/>\n\t<meta property=\"og:image:width\" content=\"2053\" \/>\n\t<meta property=\"og:image:height\" content=\"1369\" \/>\n\t<meta property=\"og:image:type\" content=\"image\/jpeg\" \/>\n<meta name=\"author\" content=\"Agnieszka Ko\u015bcielniak\" \/>\n<meta name=\"twitter:card\" content=\"summary_large_image\" \/>\n<meta name=\"twitter:label1\" content=\"Napisane przez\" \/>\n\t<meta name=\"twitter:data1\" content=\"Agnieszka Ko\u015bcielniak\" \/>\n\t<meta name=\"twitter:label2\" content=\"Szacowany czas czytania\" \/>\n\t<meta name=\"twitter:data2\" content=\"7 minut\" \/>\n\t<meta name=\"twitter:label3\" content=\"Written by\" \/>\n\t<meta name=\"twitter:data3\" content=\"Agnieszka Ko\u015bcielniak\" \/>\n<!-- \/ Yoast SEO plugin. -->","yoast_head_json":{"title":"Bulimia \u2013 co to za choroba? Objawy, przyczyny, leczenie i skutki - Centrum Wiedzy ALAB laboratoria","description":"Sprawd\u017a, czym jest bulimia nervosa i w jaki spos\u00f3b mo\u017cna j\u0105 leczy\u0107. Poznaj przyczyny i objawy tego zaburzenia.","robots":{"index":"index","follow":"follow","max-snippet":"max-snippet:-1","max-image-preview":"max-image-preview:large","max-video-preview":"max-video-preview:-1"},"canonical":"https:\/\/www.alab.pl\/centrum-wiedzy\/bulimia-co-to-za-choroba-objawy-przyczyny-leczenie-i-skutki\/","og_locale":"pl_PL","og_type":"article","og_title":"Bulimia \u2013 co to za choroba? Objawy, przyczyny, leczenie i skutki - Centrum Wiedzy ALAB laboratoria","og_description":"Sprawd\u017a, czym jest bulimia nervosa i w jaki spos\u00f3b mo\u017cna j\u0105 leczy\u0107. Poznaj przyczyny i objawy tego zaburzenia.","og_url":"https:\/\/www.alab.pl\/centrum-wiedzy\/bulimia-co-to-za-choroba-objawy-przyczyny-leczenie-i-skutki\/","og_site_name":"Centrum Wiedzy ALAB laboratoria","article_publisher":"https:\/\/www.facebook.com\/ALABlaboratoria","article_published_time":"2025-03-14T09:41:59+00:00","article_modified_time":"2025-03-14T09:48:09+00:00","og_image":[{"width":2053,"height":1369,"url":"https:\/\/www.alab.pl\/centrum-wiedzy\/wp-content\/uploads\/2025\/03\/bulimia.jpg","type":"image\/jpeg"}],"author":"Agnieszka Ko\u015bcielniak","twitter_card":"summary_large_image","twitter_misc":{"Napisane przez":"Agnieszka Ko\u015bcielniak","Szacowany czas czytania":"7 minut","Written by":"Agnieszka Ko\u015bcielniak"},"schema":{"@context":"https:\/\/schema.org","@graph":[{"@type":"Article","@id":"https:\/\/www.alab.pl\/centrum-wiedzy\/bulimia-co-to-za-choroba-objawy-przyczyny-leczenie-i-skutki\/#article","isPartOf":{"@id":"https:\/\/www.alab.pl\/centrum-wiedzy\/bulimia-co-to-za-choroba-objawy-przyczyny-leczenie-i-skutki\/"},"author":{"name":"Agnieszka Ko\u015bcielniak","@id":"https:\/\/www.alab.pl\/centrum-wiedzy\/#\/schema\/person\/bc2054847638a9cbcaaaed55adb05076"},"headline":"Bulimia \u2013 co to za choroba? Objawy, przyczyny, leczenie i skutki","datePublished":"2025-03-14T09:41:59+00:00","dateModified":"2025-03-14T09:48:09+00:00","mainEntityOfPage":{"@id":"https:\/\/www.alab.pl\/centrum-wiedzy\/bulimia-co-to-za-choroba-objawy-przyczyny-leczenie-i-skutki\/"},"wordCount":1223,"publisher":{"@id":"https:\/\/www.alab.pl\/centrum-wiedzy\/#organization"},"image":{"@id":"https:\/\/www.alab.pl\/centrum-wiedzy\/bulimia-co-to-za-choroba-objawy-przyczyny-leczenie-i-skutki\/#primaryimage"},"thumbnailUrl":"https:\/\/www.alab.pl\/centrum-wiedzy\/wp-content\/uploads\/2025\/03\/bulimia.jpg","articleSection":["Warto wiedzie\u0107"],"inLanguage":"pl-PL"},{"@type":"WebPage","@id":"https:\/\/www.alab.pl\/centrum-wiedzy\/bulimia-co-to-za-choroba-objawy-przyczyny-leczenie-i-skutki\/","url":"https:\/\/www.alab.pl\/centrum-wiedzy\/bulimia-co-to-za-choroba-objawy-przyczyny-leczenie-i-skutki\/","name":"Bulimia \u2013 co to za choroba? Objawy, przyczyny, leczenie i skutki - Centrum Wiedzy ALAB laboratoria","isPartOf":{"@id":"https:\/\/www.alab.pl\/centrum-wiedzy\/#website"},"primaryImageOfPage":{"@id":"https:\/\/www.alab.pl\/centrum-wiedzy\/bulimia-co-to-za-choroba-objawy-przyczyny-leczenie-i-skutki\/#primaryimage"},"image":{"@id":"https:\/\/www.alab.pl\/centrum-wiedzy\/bulimia-co-to-za-choroba-objawy-przyczyny-leczenie-i-skutki\/#primaryimage"},"thumbnailUrl":"https:\/\/www.alab.pl\/centrum-wiedzy\/wp-content\/uploads\/2025\/03\/bulimia.jpg","datePublished":"2025-03-14T09:41:59+00:00","dateModified":"2025-03-14T09:48:09+00:00","description":"Sprawd\u017a, czym jest bulimia nervosa i w jaki spos\u00f3b mo\u017cna j\u0105 leczy\u0107. Poznaj przyczyny i objawy tego zaburzenia.","breadcrumb":{"@id":"https:\/\/www.alab.pl\/centrum-wiedzy\/bulimia-co-to-za-choroba-objawy-przyczyny-leczenie-i-skutki\/#breadcrumb"},"inLanguage":"pl-PL","potentialAction":[{"@type":"ReadAction","target":["https:\/\/www.alab.pl\/centrum-wiedzy\/bulimia-co-to-za-choroba-objawy-przyczyny-leczenie-i-skutki\/"]}]},{"@type":"ImageObject","inLanguage":"pl-PL","@id":"https:\/\/www.alab.pl\/centrum-wiedzy\/bulimia-co-to-za-choroba-objawy-przyczyny-leczenie-i-skutki\/#primaryimage","url":"https:\/\/www.alab.pl\/centrum-wiedzy\/wp-content\/uploads\/2025\/03\/bulimia.jpg","contentUrl":"https:\/\/www.alab.pl\/centrum-wiedzy\/wp-content\/uploads\/2025\/03\/bulimia.jpg","width":2053,"height":1369,"caption":"bulimia"},{"@type":"BreadcrumbList","@id":"https:\/\/www.alab.pl\/centrum-wiedzy\/bulimia-co-to-za-choroba-objawy-przyczyny-leczenie-i-skutki\/#breadcrumb","itemListElement":[{"@type":"ListItem","position":1,"name":"Strona g\u0142\u00f3wna","item":"https:\/\/www.alab.pl\/centrum-wiedzy\/"},{"@type":"ListItem","position":2,"name":"Bulimia \u2013 co to za choroba? Objawy, przyczyny, leczenie i skutki"}]},{"@type":"WebSite","@id":"https:\/\/www.alab.pl\/centrum-wiedzy\/#website","url":"https:\/\/www.alab.pl\/centrum-wiedzy\/","name":"Centrum Wiedzy ALAB laboratoria","description":"","publisher":{"@id":"https:\/\/www.alab.pl\/centrum-wiedzy\/#organization"},"potentialAction":[{"@type":"SearchAction","target":{"@type":"EntryPoint","urlTemplate":"https:\/\/www.alab.pl\/centrum-wiedzy\/?s={search_term_string}"},"query-input":{"@type":"PropertyValueSpecification","valueRequired":true,"valueName":"search_term_string"}}],"inLanguage":"pl-PL"},{"@type":"Organization","@id":"https:\/\/www.alab.pl\/centrum-wiedzy\/#organization","name":"Centrum Wiedzy ALAB laboratoria","url":"https:\/\/www.alab.pl\/centrum-wiedzy\/","logo":{"@type":"ImageObject","inLanguage":"pl-PL","@id":"https:\/\/www.alab.pl\/centrum-wiedzy\/#\/schema\/logo\/image\/","url":"https:\/\/www.alab.pl\/centrum-wiedzy\/wp-content\/uploads\/2022\/04\/alabek.jpg","contentUrl":"https:\/\/www.alab.pl\/centrum-wiedzy\/wp-content\/uploads\/2022\/04\/alabek.jpg","width":1250,"height":1251,"caption":"Centrum Wiedzy ALAB laboratoria"},"image":{"@id":"https:\/\/www.alab.pl\/centrum-wiedzy\/#\/schema\/logo\/image\/"},"sameAs":["https:\/\/www.facebook.com\/ALABlaboratoria"]},{"@type":"Person","@id":"https:\/\/www.alab.pl\/centrum-wiedzy\/#\/schema\/person\/bc2054847638a9cbcaaaed55adb05076","name":"Agnieszka Ko\u015bcielniak","image":{"@type":"ImageObject","inLanguage":"pl-PL","@id":"https:\/\/www.alab.pl\/centrum-wiedzy\/wp-content\/uploads\/2025\/03\/Agnieszka-Koscielniak-150x150.jpg2e1d4b6c34cade5524703aedde87f4e5","url":"https:\/\/www.alab.pl\/centrum-wiedzy\/wp-content\/uploads\/2025\/03\/Agnieszka-Koscielniak-150x150.jpg","contentUrl":"https:\/\/www.alab.pl\/centrum-wiedzy\/wp-content\/uploads\/2025\/03\/Agnieszka-Koscielniak-150x150.jpg","caption":"Agnieszka Ko\u015bcielniak"},"description":"Psycholo\u017cka, absolwentka Uniwersytetu \u0141\u00f3dzkiego (spec. Psychologia zdrowia i kliniczna). Pasj\u0119 do psychologii \u0142\u0105czy z mi\u0142o\u015bci\u0105 do pisania i tworzy artyku\u0142y z zakresu profilaktyki, zdrowia, zaburze\u0144 oraz psychodietetyki.","url":"https:\/\/www.alab.pl\/centrum-wiedzy\/author\/agnieszka-koscielniak\/"}]}},"_links":{"self":[{"href":"https:\/\/www.alab.pl\/centrum-wiedzy\/wp-json\/wp\/v2\/posts\/22224","targetHints":{"allow":["GET"]}}],"collection":[{"href":"https:\/\/www.alab.pl\/centrum-wiedzy\/wp-json\/wp\/v2\/posts"}],"about":[{"href":"https:\/\/www.alab.pl\/centrum-wiedzy\/wp-json\/wp\/v2\/types\/post"}],"author":[{"embeddable":true,"href":"https:\/\/www.alab.pl\/centrum-wiedzy\/wp-json\/wp\/v2\/users\/186"}],"replies":[{"embeddable":true,"href":"https:\/\/www.alab.pl\/centrum-wiedzy\/wp-json\/wp\/v2\/comments?post=22224"}],"version-history":[{"count":12,"href":"https:\/\/www.alab.pl\/centrum-wiedzy\/wp-json\/wp\/v2\/posts\/22224\/revisions"}],"predecessor-version":[{"id":22242,"href":"https:\/\/www.alab.pl\/centrum-wiedzy\/wp-json\/wp\/v2\/posts\/22224\/revisions\/22242"}],"wp:featuredmedia":[{"embeddable":true,"href":"https:\/\/www.alab.pl\/centrum-wiedzy\/wp-json\/wp\/v2\/media\/22235"}],"wp:attachment":[{"href":"https:\/\/www.alab.pl\/centrum-wiedzy\/wp-json\/wp\/v2\/media?parent=22224"}],"wp:term":[{"taxonomy":"category","embeddable":true,"href":"https:\/\/www.alab.pl\/centrum-wiedzy\/wp-json\/wp\/v2\/categories?post=22224"},{"taxonomy":"post_tag","embeddable":true,"href":"https:\/\/www.alab.pl\/centrum-wiedzy\/wp-json\/wp\/v2\/tags?post=22224"},{"taxonomy":"author","embeddable":true,"href":"https:\/\/www.alab.pl\/centrum-wiedzy\/wp-json\/wp\/v2\/coauthors?post=22224"}],"curies":[{"name":"wp","href":"https:\/\/api.w.org\/{rel}","templated":true}]}}