{"id":22247,"date":"2025-03-14T13:49:41","date_gmt":"2025-03-14T12:49:41","guid":{"rendered":"https:\/\/www.alab.pl\/centrum-wiedzy\/?p=22247"},"modified":"2025-03-14T13:49:43","modified_gmt":"2025-03-14T12:49:43","slug":"czym-jest-autyzm-i-jak-go-rozpoznac-objawy-autyzmu-u-dzieci-i-doroslych","status":"publish","type":"post","link":"https:\/\/www.alab.pl\/centrum-wiedzy\/czym-jest-autyzm-i-jak-go-rozpoznac-objawy-autyzmu-u-dzieci-i-doroslych\/","title":{"rendered":"Czym jest autyzm i jak go rozpozna\u0107? Objawy autyzmu u dzieci i doros\u0142ych\u00a0\u00a0\u00a0\u00a0"},"content":{"rendered":"\n<p><strong>Autyzm to zaburzenie neurorozwojowe, kt\u00f3re wp\u0142ywa na spos\u00f3b, w jaki osoba postrzega \u015bwiat oraz wchodzi w interakcje z innymi lud\u017ami. Mo\u017ce objawia\u0107 si\u0119 w r\u00f3\u017cny spos\u00f3b i na r\u00f3\u017cnych etapach \u017cycia, dlatego jego wczesne rozpoznanie jest kluczowe dla wsparcia i terapii. Jakie s\u0105 objawy autyzmu i jak go zdiagnozowa\u0107? Czy autyzm jest dziedziczny i czy mo\u017cna go wyleczy\u0107? Odpowiedzi na te pytania znajdziesz w poni\u017cszym artykule.<\/strong><\/p>\n\n\n\n<p>Spis tre\u015bci:<\/p>\n\n\n\n<ol class=\"wp-block-list\">\n<li><a href=\"#Co-to-jest-autyzm?\">Co to jest autyzm?<\/a>\n<ul class=\"wp-block-list\">\n<li><a href=\"#Czy-autyzm-jest-dziedziczny?\">Czy autyzm jest dziedziczny?<\/a><\/li>\n<\/ul>\n<\/li>\n\n\n\n<li><a href=\"#Objawy-autyzmu-\u2013-jak-rozpozna\u0107-autyzm?\">Objawy autyzmu \u2013 jak rozpozna\u0107 autyzm?<\/a>\n<ul class=\"wp-block-list\">\n<li><a href=\"#Objawy-autyzmu-u-dzieci:\">Objawy autyzmu u dzieci<\/a><\/li>\n\n\n\n<li><a href=\"#Objawy-autyzmu-u-doros\u0142ych\">Objawy autyzmu u doros\u0142ych<\/a><\/li>\n<\/ul>\n<\/li>\n\n\n\n<li><a href=\"#Jak-zdiagnozowa\u0107-autyzm?\">Jak zdiagnozowa\u0107 autyzm?<\/a><\/li>\n\n\n\n<li><a href=\"#Jakie-zachowania-wykluczaj\u0105-autyzm?\">Jakie zachowania wykluczaj\u0105 autyzm?<\/a><\/li>\n\n\n\n<li><a href=\"#Czy-autyzm-jest-wyleczalny?\">Czy autyzm jest wyleczalny?<\/a><\/li>\n\n\n\n<li><a href=\"#Podsumowanie\">Podsumowanie<\/a><\/li>\n<\/ol>\n\n\n\n<h2 class=\"wp-block-heading\" id=\"Co-to-jest-autyzm?\">Co to jest autyzm?<\/h2>\n\n\n\n<p><strong>Autyzm<\/strong>, czyli <strong>zaburzenie ze spektrum autyzmu (ASD)<\/strong>, to szeroki zesp\u00f3\u0142 zaburze\u0144 neurorozwojowych wp\u0142ywaj\u0105cych na komunikacj\u0119, interakcje spo\u0142eczne oraz zachowania. Charakteryzuje si\u0119 on trudno\u015bciami w rozumieniu emocji innych os\u00f3b, ograniczon\u0105 elastyczno\u015bci\u0105 my\u015blenia oraz specyficznymi wzorcami zachowa\u0144, takimi jak powtarzalne ruchy czy silne przywi\u0105zanie do rutyny. <strong>Autyzm nie jest chorob\u0105<\/strong>, lecz odmiennym sposobem funkcjonowania m\u00f3zgu.<\/p>\n\n\n\n<p>Wyr\u00f3\u017cnia si\u0119 r\u00f3\u017cne poziomy nasilenia autyzmu, kt\u00f3re wp\u0142ywaj\u0105 na stopie\u0144 samodzielno\u015bci danej osoby. Niekt\u00f3re osoby z autyzmem mog\u0105 prowadzi\u0107 niezale\u017cne \u017cycie, inne wymagaj\u0105 wsparcia w codziennych czynno\u015bciach. Istotnym aspektem jest tak\u017ce wsp\u00f3\u0142wyst\u0119powanie innych zaburze\u0144, takich jak ADHD, l\u0119ki czy nadwra\u017cliwo\u015b\u0107 sensoryczna.<\/p>\n\n\n\n<p><strong>>> Przeczytaj tak\u017ce: <a href=\"https:\/\/www.alab.pl\/centrum-wiedzy\/mozg-budowa-funkcje-dzialanie-ludzkiego-mozgu\/\">M\u00f3zg \u2013 budowa, funkcje, dzia\u0142anie ludzkiego m\u00f3zgu<\/a><\/strong><\/p>\n\n\n\n<h3 class=\"wp-block-heading\" id=\"Czy-autyzm-jest-dziedziczny?\">Czy autyzm jest dziedziczny?<\/h3>\n\n\n\n<p>Badania sugeruj\u0105, \u017ce autyzm ma silne pod\u0142o\u017ce genetyczne. Ryzyko wyst\u0105pienia ASD u dziecka wzrasta, je\u015bli w rodzinie wyst\u0119puj\u0105 przypadki tego zaburzenia. Nie znaleziono jednak jednej konkretnej mutacji genetycznej odpowiedzialnej za autyzm. Wp\u0142yw mog\u0105 mie\u0107 r\u00f3wnie\u017c czynniki \u015brodowiskowe, takie jak wiek rodzic\u00f3w w chwili pocz\u0119cia, infekcje wirusowe w czasie ci\u0105\u017cy czy ekspozycja na niekt\u00f3re substancje chemiczne. Cho\u0107 nie mo\u017cna przewidzie\u0107, czy dziecko odziedziczy autyzm, wczesne wykrycie pierwszych oznak i odpowiednie wsparcie mog\u0105 pom\u00f3c w lepszym funkcjonowaniu osoby w spo\u0142ecze\u0144stwie.<\/p>\n\n\n\n<h2 class=\"wp-block-heading\" id=\"Objawy-autyzmu-\u2013-jak-rozpozna\u0107-autyzm?\">Objawy autyzmu \u2013 jak rozpozna\u0107 autyzm?<\/h2>\n\n\n\n<p>Objawy autyzmu mog\u0105 by\u0107 r\u00f3\u017cne w zale\u017cno\u015bci od wieku i indywidualnych cech osoby.<\/p>\n\n\n\n<h3 class=\"wp-block-heading\" id=\"Objawy-autyzmu-u-dzieci:\">Objawy autyzmu u dzieci<\/h3>\n\n\n\n<ul class=\"wp-block-list\">\n<li>brak lub ograniczony kontakt wzrokowy,<\/li>\n\n\n\n<li>op\u00f3\u017anienie w rozwoju mowy lub jej brak,<\/li>\n\n\n\n<li>powtarzalne ruchy (np. machanie r\u0119kami, ko\u0142ysanie si\u0119),<\/li>\n\n\n\n<li>nadwra\u017cliwo\u015b\u0107 na bod\u017ace (d\u017awi\u0119ki, \u015bwiat\u0142o, dotyk),<\/li>\n\n\n\n<li>trudno\u015bci w zabawie zespo\u0142owej i interakcjach z innymi dzie\u0107mi,<\/li>\n\n\n\n<li>przywi\u0105zanie do schemat\u00f3w i rutyny,<\/li>\n\n\n\n<li>trudno\u015bci w wyra\u017caniu emocji i rozumieniu uczu\u0107 innych os\u00f3b,<\/li>\n\n\n\n<li>nietypowe reakcje na b\u00f3l lub bod\u017ace sensoryczne.<\/li>\n<\/ul>\n\n\n\n<h3 class=\"wp-block-heading\" id=\"Objawy-autyzmu-u-doros\u0142ych\">Objawy autyzmu u doros\u0142ych<\/h3>\n\n\n\n<ul class=\"wp-block-list\">\n<li>problemy w nawi\u0105zywaniu i utrzymywaniu relacji mi\u0119dzyludzkich,<\/li>\n\n\n\n<li>trudno\u015bci w rozumieniu emocji i intencji innych os\u00f3b,<\/li>\n\n\n\n<li>silne zainteresowanie konkretnymi tematami,<\/li>\n\n\n\n<li>nietypowe sposoby komunikacji (np. dos\u0142owne rozumienie s\u0142\u00f3w),<\/li>\n\n\n\n<li>nadwra\u017cliwo\u015b\u0107 na bod\u017ace sensoryczne,<\/li>\n\n\n\n<li>problemy z dostosowaniem si\u0119 do zmian i nowych sytuacji,<\/li>\n\n\n\n<li>tendencja do powtarzalnych zachowa\u0144 i rytua\u0142\u00f3w,<\/li>\n\n\n\n<li>problemy z interpretacj\u0105 metafor, \u017cart\u00f3w i sarkazmu.<\/li>\n<\/ul>\n\n\n\n<figure class=\"wp-block-image size-full\"><a href=\"https:\/\/www.alab.pl\/badanie\/organix-gastro-posredni-test-dysbiozy\"><img loading=\"lazy\" decoding=\"async\" width=\"800\" height=\"200\" src=\"https:\/\/www.alab.pl\/centrum-wiedzy\/wp-content\/uploads\/2025\/02\/Badanie-Organix-Gastro-posredni-test-dysbiozy.jpg\" alt=\"Badanie Organix Gastro pos\u0301redni test dysbiozy banerek\" class=\"wp-image-21210\" srcset=\"https:\/\/www.alab.pl\/centrum-wiedzy\/wp-content\/uploads\/2025\/02\/Badanie-Organix-Gastro-posredni-test-dysbiozy.jpg 800w, https:\/\/www.alab.pl\/centrum-wiedzy\/wp-content\/uploads\/2025\/02\/Badanie-Organix-Gastro-posredni-test-dysbiozy-768x192.jpg 768w, https:\/\/www.alab.pl\/centrum-wiedzy\/wp-content\/uploads\/2025\/02\/Badanie-Organix-Gastro-posredni-test-dysbiozy-150x38.jpg 150w, https:\/\/www.alab.pl\/centrum-wiedzy\/wp-content\/uploads\/2025\/02\/Badanie-Organix-Gastro-posredni-test-dysbiozy-300x75.jpg 300w, https:\/\/www.alab.pl\/centrum-wiedzy\/wp-content\/uploads\/2025\/02\/Badanie-Organix-Gastro-posredni-test-dysbiozy-696x174.jpg 696w\" sizes=\"auto, (max-width: 800px) 100vw, 800px\" \/><\/a><\/figure>\n\n\n\n<h2 class=\"wp-block-heading\" id=\"Jak-zdiagnozowa\u0107-autyzm?\">Jak zdiagnozowa\u0107 autyzm?<\/h2>\n\n\n\n<p>Diagnoza autyzmu jest procesem wieloetapowym. U dzieci pierwsze symptomy mog\u0105 by\u0107 zauwa\u017cone ju\u017c oko\u0142o 2-3 roku \u017cycia. Aby potwierdzi\u0107 diagnoz\u0119, przeprowadza si\u0119 obserwacj\u0119 zachowa\u0144 dziecka, testy psychologiczne oraz wywiady z rodzicami. W przypadku doros\u0142ych diagnoza wymaga konsultacji z psychiatr\u0105 lub psychologiem specjalizuj\u0105cym si\u0119 w ASD.<\/p>\n\n\n\n<figure class=\"wp-block-image size-full\"><a href=\"https:\/\/www.alab.pl\/badanie\/genetyczny-panel-diagnostyczny-neurologia-metoda-ngs-badanie-z-konsultacja\"><img loading=\"lazy\" decoding=\"async\" width=\"800\" height=\"200\" src=\"https:\/\/www.alab.pl\/centrum-wiedzy\/wp-content\/uploads\/2025\/02\/Neurologia-\u2013-genetyczny-panel-diagnostyczny-met.-NGS-badanie-z-konsultacja.jpg\" alt=\"Neurologia \u2013 genetyczny panel diagnostyczny met. NGS (badanie z konsultacja\u0328) banerek\" class=\"wp-image-21109\" srcset=\"https:\/\/www.alab.pl\/centrum-wiedzy\/wp-content\/uploads\/2025\/02\/Neurologia-\u2013-genetyczny-panel-diagnostyczny-met.-NGS-badanie-z-konsultacja.jpg 800w, https:\/\/www.alab.pl\/centrum-wiedzy\/wp-content\/uploads\/2025\/02\/Neurologia-\u2013-genetyczny-panel-diagnostyczny-met.-NGS-badanie-z-konsultacja-768x192.jpg 768w, https:\/\/www.alab.pl\/centrum-wiedzy\/wp-content\/uploads\/2025\/02\/Neurologia-\u2013-genetyczny-panel-diagnostyczny-met.-NGS-badanie-z-konsultacja-150x38.jpg 150w, https:\/\/www.alab.pl\/centrum-wiedzy\/wp-content\/uploads\/2025\/02\/Neurologia-\u2013-genetyczny-panel-diagnostyczny-met.-NGS-badanie-z-konsultacja-300x75.jpg 300w, https:\/\/www.alab.pl\/centrum-wiedzy\/wp-content\/uploads\/2025\/02\/Neurologia-\u2013-genetyczny-panel-diagnostyczny-met.-NGS-badanie-z-konsultacja-696x174.jpg 696w\" sizes=\"auto, (max-width: 800px) 100vw, 800px\" \/><\/a><\/figure>\n\n\n\n<p>Wa\u017cnym elementem diagnozy jest r\u00f3\u017cnicowanie autyzmu od innych zaburze\u0144 neurorozwojowych, takich jak ADHD czy zaburzenia l\u0119kowe. W niekt\u00f3rych przypadkach osoby mog\u0105 otrzymywa\u0107 b\u0142\u0119dne diagnozy, dlatego warto skonsultowa\u0107 si\u0119 ze specjalist\u0105 do\u015bwiadczonym w diagnostyce autyzmu.<\/p>\n\n\n\n<figure class=\"wp-block-image size-full\"><a href=\"https:\/\/www.alab.pl\/badanie\/panel-neuroprzekaznikow-podstawowy\"><img loading=\"lazy\" decoding=\"async\" width=\"800\" height=\"200\" src=\"https:\/\/www.alab.pl\/centrum-wiedzy\/wp-content\/uploads\/2025\/03\/Panel-neuroprzekaznikow-podstawowy.png\" alt=\"Panel neuroprzeka\u017anik\u00f3w podstawowy banerek\" class=\"wp-image-22170\" srcset=\"https:\/\/www.alab.pl\/centrum-wiedzy\/wp-content\/uploads\/2025\/03\/Panel-neuroprzekaznikow-podstawowy.png 800w, https:\/\/www.alab.pl\/centrum-wiedzy\/wp-content\/uploads\/2025\/03\/Panel-neuroprzekaznikow-podstawowy-768x192.png 768w, https:\/\/www.alab.pl\/centrum-wiedzy\/wp-content\/uploads\/2025\/03\/Panel-neuroprzekaznikow-podstawowy-150x38.png 150w, https:\/\/www.alab.pl\/centrum-wiedzy\/wp-content\/uploads\/2025\/03\/Panel-neuroprzekaznikow-podstawowy-300x75.png 300w, https:\/\/www.alab.pl\/centrum-wiedzy\/wp-content\/uploads\/2025\/03\/Panel-neuroprzekaznikow-podstawowy-696x174.png 696w\" sizes=\"auto, (max-width: 800px) 100vw, 800px\" \/><\/a><\/figure>\n\n\n\n<h2 class=\"wp-block-heading\" id=\"Jakie-zachowania-wykluczaj\u0105-autyzm?\">Jakie zachowania wykluczaj\u0105 autyzm?<\/h2>\n\n\n\n<p><strong>Nie ka\u017c<\/strong><strong>de op<\/strong><strong>\u00f3\u017anienie w mowie czy nie\u015bmia\u0142o\u015b\u0107 oznacza autyzm<\/strong>. Zachowania, kt\u00f3re nie wskazuj\u0105 na wyst\u0119powanie autyzmu, to np.:<\/p>\n\n\n\n<ul class=\"wp-block-list\">\n<li>umiej\u0119tno\u015b\u0107 nawi\u0105zywania kontaktu wzrokowego,<\/li>\n\n\n\n<li>spontaniczna komunikacja i dzielenie si\u0119 emocjami,<\/li>\n\n\n\n<li>elastyczno\u015b\u0107 w zachowaniu i dostosowywanie si\u0119 do nowych sytuacji,<\/li>\n\n\n\n<li>ch\u0119\u0107 do interakcji i zabawy z innymi dzie\u0107mi,<\/li>\n\n\n\n<li>naturalne rozumienie emocji i intencji innych os\u00f3b.<\/li>\n<\/ul>\n\n\n\n<h2 class=\"wp-block-heading\" id=\"Czy-autyzm-jest-wyleczalny?\">Czy autyzm jest wyleczalny?<\/h2>\n\n\n\n<p>Autyzm nie jest chorob\u0105, wi\u0119c nie mo\u017cna go &#8222;wyleczy\u0107&#8221;. Jednak odpowiednie terapie, np. terapia behawioralna, logopedyczna czy sensoryczna, mog\u0105 znacznie poprawi\u0107 jako\u015b\u0107 \u017cycia osoby z ASD. Wsparcie i akceptacja ze strony otoczenia odgrywaj\u0105 kluczow\u0105 rol\u0119 w rozwoju i samodzielno\u015bci os\u00f3b z autyzmem.<\/p>\n\n\n\n<p>Coraz wi\u0119cej bada\u0144 wskazuje na skuteczno\u015b\u0107 terapii ukierunkowanych na rozw\u00f3j umiej\u0119tno\u015bci spo\u0142ecznych i adaptacyjnych. Programy wczesnej interwencji mog\u0105 znacz\u0105co poprawi\u0107 funkcjonowanie dzieci, kt\u00f3re otrzymuj\u0105 diagnoz\u0119 autyzmu we wczesnym dzieci\u0144stwie. W przypadku doros\u0142ych pomocne mog\u0105 by\u0107 terapie poznawczo-behawioralne, wsparcie psychologiczne oraz grupy wsparcia dla os\u00f3b z ASD.<\/p>\n\n\n\n<h2 class=\"wp-block-heading\" id=\"Podsumowanie\">Podsumowanie<\/h2>\n\n\n\n<p>Autyzm to spektrum zaburze\u0144, kt\u00f3re mo\u017ce mie\u0107 r\u00f3\u017cne oblicza. Wczesna diagnoza i odpowiednie wsparcie pozwalaj\u0105 na lepsze funkcjonowanie i popraw\u0119 jako\u015bci \u017cycia os\u00f3b z ASD. Je\u015bli masz w\u0105tpliwo\u015bci co do rozwoju swojego dziecka lub podejrzewasz autyzm u siebie, warto skonsultowa\u0107 si\u0119 ze specjalist\u0105. Im wcze\u015bniej zostan\u0105 podj\u0119te odpowiednie kroki, tym wi\u0119ksze s\u0105 szanse na skuteczn\u0105 terapi\u0119 i popraw\u0119 jako\u015bci \u017cycia.<\/p>\n\n\n\n<hr class=\"wp-block-separator has-alpha-channel-opacity\"\/>\n\n\n\n<p><strong>Bibliografia<\/strong><strong><\/strong><\/p>\n\n\n\n<ol class=\"wp-block-list\">\n<li>Pisula, E. (2010). &#8222;Autyzm. Przyczyny, symptomy, terapia&#8221;. Gda\u0144skie Wydawnictwo Psychologiczne.<\/li>\n\n\n\n<li>Lai, M. (2014). &#8222;Autism&#8221;. Lancet.<\/li>\n\n\n\n<li>Chaste, P. (2012). &#8222;Autism risk factors: genes, environment, and gene-environment interactions&#8221;. Dialogues in Clinical Neuroscience<\/li>\n<\/ol>\n","protected":false},"excerpt":{"rendered":"<p>Sprawd\u017a, jakie s\u0105 objawy autyzmu i jak go zdiagnozowa\u0107. Dowiedz si\u0119, czy autyzm jest dziedziczny i czy mo\u017cna go wyleczy\u0107.<\/p>\n","protected":false},"author":175,"featured_media":22253,"comment_status":"closed","ping_status":"closed","sticky":false,"template":"","format":"standard","meta":{"_acf_changed":false,"inline_featured_image":false,"footnotes":""},"categories":[13],"tags":[],"coauthors":[214],"class_list":{"0":"post-22247","1":"post","2":"type-post","3":"status-publish","4":"format-standard","5":"has-post-thumbnail","7":"category-choroby-ukladu-nerwowego"},"acf":[],"yoast_head":"<!-- This site is optimized with the Yoast SEO plugin v27.5 - https:\/\/yoast.com\/product\/yoast-seo-wordpress\/ -->\n<title>Czym jest autyzm i jak go rozpozna\u0107? Objawy autyzmu u dzieci i doros\u0142ych\u00a0\u00a0\u00a0\u00a0 - Centrum Wiedzy ALAB laboratoria<\/title>\n<meta name=\"description\" content=\"Sprawd\u017a, jakie s\u0105 objawy autyzmu i jak go zdiagnozowa\u0107. Dowiedz si\u0119, czy autyzm jest dziedziczny i czy mo\u017cna go wyleczy\u0107.\" \/>\n<meta name=\"robots\" content=\"index, follow, max-snippet:-1, max-image-preview:large, max-video-preview:-1\" \/>\n<link rel=\"canonical\" href=\"https:\/\/www.alab.pl\/centrum-wiedzy\/czym-jest-autyzm-i-jak-go-rozpoznac-objawy-autyzmu-u-dzieci-i-doroslych\/\" \/>\n<meta property=\"og:locale\" content=\"pl_PL\" \/>\n<meta property=\"og:type\" content=\"article\" \/>\n<meta property=\"og:title\" content=\"Czym jest autyzm i jak go rozpozna\u0107? Objawy autyzmu u dzieci i doros\u0142ych\u00a0\u00a0\u00a0\u00a0 - Centrum Wiedzy ALAB laboratoria\" \/>\n<meta property=\"og:description\" content=\"Sprawd\u017a, jakie s\u0105 objawy autyzmu i jak go zdiagnozowa\u0107. Dowiedz si\u0119, czy autyzm jest dziedziczny i czy mo\u017cna go wyleczy\u0107.\" \/>\n<meta property=\"og:url\" content=\"https:\/\/www.alab.pl\/centrum-wiedzy\/czym-jest-autyzm-i-jak-go-rozpoznac-objawy-autyzmu-u-dzieci-i-doroslych\/\" \/>\n<meta property=\"og:site_name\" content=\"Centrum Wiedzy ALAB laboratoria\" \/>\n<meta property=\"article:publisher\" content=\"https:\/\/www.facebook.com\/ALABlaboratoria\" \/>\n<meta property=\"article:published_time\" content=\"2025-03-14T12:49:41+00:00\" \/>\n<meta property=\"article:modified_time\" content=\"2025-03-14T12:49:43+00:00\" \/>\n<meta property=\"og:image\" content=\"https:\/\/www.alab.pl\/centrum-wiedzy\/wp-content\/uploads\/2025\/03\/autyzm.jpg\" \/>\n\t<meta property=\"og:image:width\" content=\"2150\" \/>\n\t<meta property=\"og:image:height\" content=\"1433\" \/>\n\t<meta property=\"og:image:type\" content=\"image\/jpeg\" \/>\n<meta name=\"author\" content=\"Sara Aszkie\u0142owicz\" \/>\n<meta name=\"twitter:card\" content=\"summary_large_image\" \/>\n<meta name=\"twitter:label1\" content=\"Napisane przez\" \/>\n\t<meta name=\"twitter:data1\" content=\"Sara Aszkie\u0142owicz\" \/>\n\t<meta name=\"twitter:label2\" content=\"Szacowany czas czytania\" \/>\n\t<meta name=\"twitter:data2\" content=\"6 minut\" \/>\n\t<meta name=\"twitter:label3\" content=\"Written by\" \/>\n\t<meta name=\"twitter:data3\" content=\"Sara Aszkie\u0142owicz\" \/>\n<!-- \/ Yoast SEO plugin. -->","yoast_head_json":{"title":"Czym jest autyzm i jak go rozpozna\u0107? Objawy autyzmu u dzieci i doros\u0142ych\u00a0\u00a0\u00a0\u00a0 - Centrum Wiedzy ALAB laboratoria","description":"Sprawd\u017a, jakie s\u0105 objawy autyzmu i jak go zdiagnozowa\u0107. Dowiedz si\u0119, czy autyzm jest dziedziczny i czy mo\u017cna go wyleczy\u0107.","robots":{"index":"index","follow":"follow","max-snippet":"max-snippet:-1","max-image-preview":"max-image-preview:large","max-video-preview":"max-video-preview:-1"},"canonical":"https:\/\/www.alab.pl\/centrum-wiedzy\/czym-jest-autyzm-i-jak-go-rozpoznac-objawy-autyzmu-u-dzieci-i-doroslych\/","og_locale":"pl_PL","og_type":"article","og_title":"Czym jest autyzm i jak go rozpozna\u0107? Objawy autyzmu u dzieci i doros\u0142ych\u00a0\u00a0\u00a0\u00a0 - Centrum Wiedzy ALAB laboratoria","og_description":"Sprawd\u017a, jakie s\u0105 objawy autyzmu i jak go zdiagnozowa\u0107. Dowiedz si\u0119, czy autyzm jest dziedziczny i czy mo\u017cna go wyleczy\u0107.","og_url":"https:\/\/www.alab.pl\/centrum-wiedzy\/czym-jest-autyzm-i-jak-go-rozpoznac-objawy-autyzmu-u-dzieci-i-doroslych\/","og_site_name":"Centrum Wiedzy ALAB laboratoria","article_publisher":"https:\/\/www.facebook.com\/ALABlaboratoria","article_published_time":"2025-03-14T12:49:41+00:00","article_modified_time":"2025-03-14T12:49:43+00:00","og_image":[{"width":2150,"height":1433,"url":"https:\/\/www.alab.pl\/centrum-wiedzy\/wp-content\/uploads\/2025\/03\/autyzm.jpg","type":"image\/jpeg"}],"author":"Sara Aszkie\u0142owicz","twitter_card":"summary_large_image","twitter_misc":{"Napisane przez":"Sara Aszkie\u0142owicz","Szacowany czas czytania":"6 minut","Written by":"Sara Aszkie\u0142owicz"},"schema":{"@context":"https:\/\/schema.org","@graph":[{"@type":"Article","@id":"https:\/\/www.alab.pl\/centrum-wiedzy\/czym-jest-autyzm-i-jak-go-rozpoznac-objawy-autyzmu-u-dzieci-i-doroslych\/#article","isPartOf":{"@id":"https:\/\/www.alab.pl\/centrum-wiedzy\/czym-jest-autyzm-i-jak-go-rozpoznac-objawy-autyzmu-u-dzieci-i-doroslych\/"},"author":{"name":"Sara Aszkie\u0142owicz","@id":"https:\/\/www.alab.pl\/centrum-wiedzy\/#\/schema\/person\/e1bd348f3902b896c4bf8ccdc5f54b4f"},"headline":"Czym jest autyzm i jak go rozpozna\u0107? Objawy autyzmu u dzieci i doros\u0142ych\u00a0\u00a0\u00a0\u00a0","datePublished":"2025-03-14T12:49:41+00:00","dateModified":"2025-03-14T12:49:43+00:00","mainEntityOfPage":{"@id":"https:\/\/www.alab.pl\/centrum-wiedzy\/czym-jest-autyzm-i-jak-go-rozpoznac-objawy-autyzmu-u-dzieci-i-doroslych\/"},"wordCount":887,"publisher":{"@id":"https:\/\/www.alab.pl\/centrum-wiedzy\/#organization"},"image":{"@id":"https:\/\/www.alab.pl\/centrum-wiedzy\/czym-jest-autyzm-i-jak-go-rozpoznac-objawy-autyzmu-u-dzieci-i-doroslych\/#primaryimage"},"thumbnailUrl":"https:\/\/www.alab.pl\/centrum-wiedzy\/wp-content\/uploads\/2025\/03\/autyzm.jpg","articleSection":["Choroby uk\u0142adu nerwowego"],"inLanguage":"pl-PL"},{"@type":"WebPage","@id":"https:\/\/www.alab.pl\/centrum-wiedzy\/czym-jest-autyzm-i-jak-go-rozpoznac-objawy-autyzmu-u-dzieci-i-doroslych\/","url":"https:\/\/www.alab.pl\/centrum-wiedzy\/czym-jest-autyzm-i-jak-go-rozpoznac-objawy-autyzmu-u-dzieci-i-doroslych\/","name":"Czym jest autyzm i jak go rozpozna\u0107? Objawy autyzmu u dzieci i doros\u0142ych\u00a0\u00a0\u00a0\u00a0 - Centrum Wiedzy ALAB laboratoria","isPartOf":{"@id":"https:\/\/www.alab.pl\/centrum-wiedzy\/#website"},"primaryImageOfPage":{"@id":"https:\/\/www.alab.pl\/centrum-wiedzy\/czym-jest-autyzm-i-jak-go-rozpoznac-objawy-autyzmu-u-dzieci-i-doroslych\/#primaryimage"},"image":{"@id":"https:\/\/www.alab.pl\/centrum-wiedzy\/czym-jest-autyzm-i-jak-go-rozpoznac-objawy-autyzmu-u-dzieci-i-doroslych\/#primaryimage"},"thumbnailUrl":"https:\/\/www.alab.pl\/centrum-wiedzy\/wp-content\/uploads\/2025\/03\/autyzm.jpg","datePublished":"2025-03-14T12:49:41+00:00","dateModified":"2025-03-14T12:49:43+00:00","description":"Sprawd\u017a, jakie s\u0105 objawy autyzmu i jak go zdiagnozowa\u0107. Dowiedz si\u0119, czy autyzm jest dziedziczny i czy mo\u017cna go wyleczy\u0107.","breadcrumb":{"@id":"https:\/\/www.alab.pl\/centrum-wiedzy\/czym-jest-autyzm-i-jak-go-rozpoznac-objawy-autyzmu-u-dzieci-i-doroslych\/#breadcrumb"},"inLanguage":"pl-PL","potentialAction":[{"@type":"ReadAction","target":["https:\/\/www.alab.pl\/centrum-wiedzy\/czym-jest-autyzm-i-jak-go-rozpoznac-objawy-autyzmu-u-dzieci-i-doroslych\/"]}]},{"@type":"ImageObject","inLanguage":"pl-PL","@id":"https:\/\/www.alab.pl\/centrum-wiedzy\/czym-jest-autyzm-i-jak-go-rozpoznac-objawy-autyzmu-u-dzieci-i-doroslych\/#primaryimage","url":"https:\/\/www.alab.pl\/centrum-wiedzy\/wp-content\/uploads\/2025\/03\/autyzm.jpg","contentUrl":"https:\/\/www.alab.pl\/centrum-wiedzy\/wp-content\/uploads\/2025\/03\/autyzm.jpg","width":2150,"height":1433,"caption":"autyzm"},{"@type":"BreadcrumbList","@id":"https:\/\/www.alab.pl\/centrum-wiedzy\/czym-jest-autyzm-i-jak-go-rozpoznac-objawy-autyzmu-u-dzieci-i-doroslych\/#breadcrumb","itemListElement":[{"@type":"ListItem","position":1,"name":"Strona g\u0142\u00f3wna","item":"https:\/\/www.alab.pl\/centrum-wiedzy\/"},{"@type":"ListItem","position":2,"name":"Czym jest autyzm i jak go rozpozna\u0107? Objawy autyzmu u dzieci i doros\u0142ych\u00a0\u00a0\u00a0\u00a0"}]},{"@type":"WebSite","@id":"https:\/\/www.alab.pl\/centrum-wiedzy\/#website","url":"https:\/\/www.alab.pl\/centrum-wiedzy\/","name":"Centrum Wiedzy ALAB laboratoria","description":"","publisher":{"@id":"https:\/\/www.alab.pl\/centrum-wiedzy\/#organization"},"potentialAction":[{"@type":"SearchAction","target":{"@type":"EntryPoint","urlTemplate":"https:\/\/www.alab.pl\/centrum-wiedzy\/?s={search_term_string}"},"query-input":{"@type":"PropertyValueSpecification","valueRequired":true,"valueName":"search_term_string"}}],"inLanguage":"pl-PL"},{"@type":"Organization","@id":"https:\/\/www.alab.pl\/centrum-wiedzy\/#organization","name":"Centrum Wiedzy ALAB laboratoria","url":"https:\/\/www.alab.pl\/centrum-wiedzy\/","logo":{"@type":"ImageObject","inLanguage":"pl-PL","@id":"https:\/\/www.alab.pl\/centrum-wiedzy\/#\/schema\/logo\/image\/","url":"https:\/\/www.alab.pl\/centrum-wiedzy\/wp-content\/uploads\/2022\/04\/alabek.jpg","contentUrl":"https:\/\/www.alab.pl\/centrum-wiedzy\/wp-content\/uploads\/2022\/04\/alabek.jpg","width":1250,"height":1251,"caption":"Centrum Wiedzy ALAB laboratoria"},"image":{"@id":"https:\/\/www.alab.pl\/centrum-wiedzy\/#\/schema\/logo\/image\/"},"sameAs":["https:\/\/www.facebook.com\/ALABlaboratoria"]},{"@type":"Person","@id":"https:\/\/www.alab.pl\/centrum-wiedzy\/#\/schema\/person\/e1bd348f3902b896c4bf8ccdc5f54b4f","name":"Sara Aszkie\u0142owicz","image":{"@type":"ImageObject","inLanguage":"pl-PL","@id":"https:\/\/www.alab.pl\/centrum-wiedzy\/wp-content\/uploads\/2024\/12\/Sara-Aszkielowicz.jpga3c8b438ba9bbe816fb0922931f740b7","url":"https:\/\/www.alab.pl\/centrum-wiedzy\/wp-content\/uploads\/2024\/12\/Sara-Aszkielowicz.jpg","contentUrl":"https:\/\/www.alab.pl\/centrum-wiedzy\/wp-content\/uploads\/2024\/12\/Sara-Aszkielowicz.jpg","caption":"Sara Aszkie\u0142owicz"},"description":"Absolwentka Wydzia\u0142u Lekarskiego Uniwersytetu Medycznego w \u0141odzi, obecnie odbywaj\u0105ca szkolenie specjalizacyjne w Klinice Endokrynologii i Chor\u00f3b Metabolicznych Instytutu Centrum Zdrowia Matki Polki w \u0141odzi. Jej zainteresowania naukowe koncentruj\u0105 si\u0119 na zaburzeniach wzrastania, przedwczesnym i op\u00f3\u017aniaj\u0105cym si\u0119 dojrzewaniu p\u0142ciowym, chorobach nadnerczy oraz zaburzeniach mineralizacji ko\u015bci i gospodarki wapniowo-fosforanowej u dzieci.","url":"https:\/\/www.alab.pl\/centrum-wiedzy\/author\/sara-aszkielowicz\/"}]}},"_links":{"self":[{"href":"https:\/\/www.alab.pl\/centrum-wiedzy\/wp-json\/wp\/v2\/posts\/22247","targetHints":{"allow":["GET"]}}],"collection":[{"href":"https:\/\/www.alab.pl\/centrum-wiedzy\/wp-json\/wp\/v2\/posts"}],"about":[{"href":"https:\/\/www.alab.pl\/centrum-wiedzy\/wp-json\/wp\/v2\/types\/post"}],"author":[{"embeddable":true,"href":"https:\/\/www.alab.pl\/centrum-wiedzy\/wp-json\/wp\/v2\/users\/175"}],"replies":[{"embeddable":true,"href":"https:\/\/www.alab.pl\/centrum-wiedzy\/wp-json\/wp\/v2\/comments?post=22247"}],"version-history":[{"count":6,"href":"https:\/\/www.alab.pl\/centrum-wiedzy\/wp-json\/wp\/v2\/posts\/22247\/revisions"}],"predecessor-version":[{"id":22254,"href":"https:\/\/www.alab.pl\/centrum-wiedzy\/wp-json\/wp\/v2\/posts\/22247\/revisions\/22254"}],"wp:featuredmedia":[{"embeddable":true,"href":"https:\/\/www.alab.pl\/centrum-wiedzy\/wp-json\/wp\/v2\/media\/22253"}],"wp:attachment":[{"href":"https:\/\/www.alab.pl\/centrum-wiedzy\/wp-json\/wp\/v2\/media?parent=22247"}],"wp:term":[{"taxonomy":"category","embeddable":true,"href":"https:\/\/www.alab.pl\/centrum-wiedzy\/wp-json\/wp\/v2\/categories?post=22247"},{"taxonomy":"post_tag","embeddable":true,"href":"https:\/\/www.alab.pl\/centrum-wiedzy\/wp-json\/wp\/v2\/tags?post=22247"},{"taxonomy":"author","embeddable":true,"href":"https:\/\/www.alab.pl\/centrum-wiedzy\/wp-json\/wp\/v2\/coauthors?post=22247"}],"curies":[{"name":"wp","href":"https:\/\/api.w.org\/{rel}","templated":true}]}}