{"id":22281,"date":"2025-03-17T09:19:37","date_gmt":"2025-03-17T08:19:37","guid":{"rendered":"https:\/\/www.alab.pl\/centrum-wiedzy\/?p=22281"},"modified":"2025-03-28T10:37:18","modified_gmt":"2025-03-28T09:37:18","slug":"alergia-objawy-przyczyny-rodzaje-rozpoznanie","status":"publish","type":"post","link":"https:\/\/www.alab.pl\/centrum-wiedzy\/alergia-objawy-przyczyny-rodzaje-rozpoznanie\/","title":{"rendered":"Alergia: objawy, przyczyny, rodzaje, rozpoznanie"},"content":{"rendered":"\n<p><strong>Mo\u017cna zdecydowanie powiedzie\u0107, \u017ce alergie to epidemia naszych czas\u00f3w. Pacjent\u00f3w z objawami alergicznym jest bowiem coraz wi\u0119cej. Jakie s\u0105 objawy alergii i jak wygl\u0105da ich diagnostyka? Jakie rodzaje alergii wyr\u00f3\u017cniamy? Przeczytaj poni\u017cszy artyku\u0142 i dowiedz si\u0119 jakie badania wykona\u0107 w celu potwierdzenia lub wykluczenia alergii.<\/strong><\/p>\n\n\n\n<p>Spis tre\u015bci:<\/p>\n\n\n\n<ol class=\"wp-block-list\">\n<li><a href=\"#Czym-jest-alergia?\">Czym jest alergia?<\/a>\n<ul class=\"wp-block-list\">\n<li><a href=\"#Alergia-a-uczulenie-\u2013-czym-si\u0119-r\u00f3\u017cni\u0105?\">Alergia a uczulenie \u2013 czym si\u0119 r\u00f3\u017cni\u0105?<\/a><\/li>\n\n\n\n<li><a href=\"#Alergia-a-nietolerancja-\u2013-czym-si\u0119-r\u00f3\u017cni\u0105?\">Alergia a nietolerancja \u2013 czym si\u0119 r\u00f3\u017cni\u0105?<\/a><\/li>\n<\/ul>\n<\/li>\n\n\n\n<li><a href=\"#Alergia:-rodzaje\">Alergia: rodzaje<\/a>\n<ul class=\"wp-block-list\">\n<li><a href=\"#Alergia-kontaktowa\">Alergia kontaktowa<\/a><\/li>\n\n\n\n<li><a href=\"#Alergia-pokarmowa\">Alergia pokarmowa<\/a><\/li>\n\n\n\n<li><a href=\"#Alergia-wziewna\">Alergia wziewna<\/a><\/li>\n\n\n\n<li><a href=\"#Alergia-na-leki\">Alergia na leki<\/a><\/li>\n\n\n\n<li><a href=\"#Alergia-na-jad\">Alergia na jad<\/a><\/li>\n<\/ul>\n<\/li>\n\n\n\n<li><a href=\"#Alergia:-objawy-i-symptomy\">Alergia: objawy i symptomy<\/a><\/li>\n\n\n\n<li><a href=\"#Diagnostyka-alergii:-badania-z-krwi\">Diagnostyka alergii: badania z krwi<\/a><\/li>\n\n\n\n<li><a href=\"#Jak-leczy\u0107-alergi\u0119?\">Jak leczy\u0107 alergi\u0119?<\/a>\n<ul class=\"wp-block-list\">\n<li><a href=\"#Czy-alergia-jest-wyleczalna?\">Czy alergia jest wyleczalna?<\/a><\/li>\n<\/ul>\n<\/li>\n<\/ol>\n\n\n\n<h2 class=\"wp-block-heading\" id=\"Czym-jest-alergia?\">Czym jest alergia?<\/h2>\n\n\n\n<p>Alergia to nieprawid\u0142owa, nadmierna reakcja uk\u0142adu immunologicznego organizmu cz\u0142owieka na znajduj\u0105ce si\u0119 w \u015brodowisku substancje okre\u015blane mianem <a href=\"https:\/\/www.alab.pl\/centrum-wiedzy\/alergeny-czyli-co-najczesciej-uczula-rodzaje-i-lista-alergenow\/\">alergen\u00f3w<\/a>, kt\u00f3re u zdrowych pacjent\u00f3w (bez alergii) nie powoduj\u0105 niepo\u017c\u0105danych objaw\u00f3w chorobowych. Alergeny to w ogromnej wi\u0119kszo\u015bci bia\u0142ka, kt\u00f3re wyzwalaj\u0105 reakcj\u0119 alergiczn\u0105.<\/p>\n\n\n\n<p>Alergeny powoduj\u0105 pobudzenie uk\u0142adu immunologicznego pacjenta. Na pocz\u0105tku s\u0105 one rozpoznawane przez specjalne kom\u00f3rki dendrytyczne, kt\u00f3re prezentuj\u0105 alergen limfocytom. Prowadzi to do zwi\u0119kszonej syntezy przeciwcia\u0142 IgE, kt\u00f3re wywo\u0142uj\u0105 uwolnienie z kom\u00f3rek tucznych specjalnych substancji (mi\u0119dzy innymi <a href=\"https:\/\/www.alab.pl\/centrum-wiedzy\/nietolerancja-histaminy-cz-1-czym-jest-histamina-jakie-sa-jej-zrodla\/\">histaminy<\/a>), co skutkuje pojawieniem si\u0119 objaw\u00f3w alergii. Warto jednak mie\u0107 \u015bwiadomo\u015b\u0107, \u017ce mechanizm alergii zwi\u0105zany z przeciwcia\u0142ami IgE to tylko jeden z mechanizm\u00f3w alergicznych.<\/p>\n\n\n\n<p><strong>>> Przeczytaj te\u017c: <a href=\"https:\/\/www.alab.pl\/centrum-wiedzy\/ige-calkowite-o-czym-swiadczy-wynik-i-w-jakim-celu-przeprowadza-sie-badanie\/\">IgE ca\u0142kowite \u2013 o czym \u015bwiadczy wynik i w jakim celu przeprowadza si\u0119 badanie?<\/a><\/strong><\/p>\n\n\n\n<h3 class=\"wp-block-heading\" id=\"Alergia-a-uczulenie-\u2013-czym-si\u0119-r\u00f3\u017cni\u0105?\">Alergia a uczulenie \u2013 czym si\u0119 r\u00f3\u017cni\u0105?<\/h3>\n\n\n\n<p>Uczulenie to inaczej alergia, jednak s\u0142owo to jest znacznie cz\u0119\u015bciej u\u017cywane w j\u0119zyku potocznym. Uczulenie klasycznie mo\u017ce przebiega\u0107 w dw\u00f3ch fazach. Od razu po kontakcie z alergenem obserwuje si\u0119 wyst\u0119powanie objaw\u00f3w natychmiastowych, kt\u00f3re s\u0105 zwi\u0105zane z uwolnieniem wspomnianej ju\u017c histaminy (faza wczesna). Z kolei po 6-12 godzinach od pierwszych objaw\u00f3w alergii mog\u0105 pojawi\u0107 si\u0119 dolegliwo\u015bci zwi\u0105zane z faz\u0105 p\u00f3\u017an\u0105, co wynika z nap\u0142ywu kom\u00f3rek zapalnych.<\/p>\n\n\n\n<h3 class=\"wp-block-heading\" id=\"Alergia-a-nietolerancja-\u2013-czym-si\u0119-r\u00f3\u017cni\u0105?\">Alergia a nietolerancja \u2013 czym si\u0119 r\u00f3\u017cni\u0105?<\/h3>\n\n\n\n<p>Nietolerancja nazywana jest r\u00f3wnie\u017c nadwra\u017cliwo\u015bci\u0105 niealergiczn\u0105. W powstawaniu objaw\u00f3w nietolerancji nie bierze bowiem udzia\u0142u <a href=\"https:\/\/www.alab.pl\/centrum-wiedzy\/jak-wzmocnic-uklad-immunologiczny\/\">uk\u0142ad immunologiczny<\/a>. Przyk\u0142adem takiego stanu jest na przyk\u0142ad <a href=\"https:\/\/www.alab.pl\/centrum-wiedzy\/nietolerancja-laktozy\/\">nietolerancja laktozy<\/a>, kt\u00f3ra wynika z niedoboru enzymu rozk\u0142adaj\u0105cego ten cukier. Nietolerancja mo\u017ce wynika\u0107 r\u00f3wnie\u017c ze spo\u017cycia pokarm\u00f3w zawieraj\u0105cych du\u017c\u0105 ilo\u015b\u0107 histaminy lub tyraminy (na przyk\u0142ad sery, czekolada, ryby).<\/p>\n\n\n\n<h2 class=\"wp-block-heading\" id=\"Alergia:-rodzaje\">Alergia: rodzaje<\/h2>\n\n\n\n<p>W alergologii wyr\u00f3\u017cni\u0107 mo\u017cna r\u00f3\u017cnego rodzaju alergie, przede wszystkim w oparciu o rodzaj alergenu, kt\u00f3ry odpowiada za pojawienie si\u0119 objaw\u00f3w klinicznych, ale r\u00f3wnie\u017c ze wzgl\u0119du na same symptomy kliniczne, dotycz\u0105ce konkretnego uk\u0142adu czy narz\u0105du. Poni\u017cej przedstawiona zosta\u0142a charakterystyka najcz\u0119\u015bciej wyst\u0119puj\u0105cych alergii.<\/p>\n\n\n\n<h3 class=\"wp-block-heading\" id=\"Alergia-kontaktowa\">Alergia kontaktowa<\/h3>\n\n\n\n<p><a href=\"https:\/\/www.alab.pl\/centrum-wiedzy\/alergia-kontaktowa-skorna-objawy-przyczyny-diagnostyka-i-leczenie\/\">Alergia kontaktowa<\/a>, czyli alergiczne kontaktowe zapalenie sk\u00f3ry, to schorzenie dermatologiczne, kt\u00f3rego istot\u0105 jest pojawianie si\u0119 zmian sk\u00f3rnych pod wp\u0142ywem kontaktu z uczulaj\u0105cymi alergenami. Zmiany sk\u00f3rne w przebiegu alergicznego kontaktowego zapalenia sk\u00f3ry powstaj\u0105 najcz\u0119\u015bciej po kontakcie z takimi alergenami jak:<\/p>\n\n\n\n<ul class=\"wp-block-list\">\n<li>metale, w tym <a href=\"https:\/\/www.alab.pl\/centrum-wiedzy\/nikiel-niezbedny-pierwiastek-sladowy-o-dwoch-obliczach\/\">nikiel<\/a>, <a href=\"https:\/\/www.alab.pl\/centrum-wiedzy\/chrom-pierwiastek-sladowy\/\">chrom<\/a>, czy <a href=\"https:\/\/www.alab.pl\/centrum-wiedzy\/kobalt-pierwiastek-sladowy-rola-w-organizmie-nadmiar-i-niedobor-kobaltu\/\">kobalt<\/a>,<\/li>\n\n\n\n<li>barwniki,<\/li>\n\n\n\n<li>leki stosowane miejscowo (np. neomycyna),<\/li>\n\n\n\n<li><a href=\"https:\/\/www.alab.pl\/centrum-wiedzy\/zrozumiec-alergie-na-lateks-objawy-diagnostyka-leczenie-i-profilaktyka\/\">lateks<\/a>,<\/li>\n\n\n\n<li>kalafonia,<\/li>\n\n\n\n<li>konserwanty,<\/li>\n\n\n\n<li>formaldehyd,<\/li>\n\n\n\n<li>balsam peruwia\u0144ski.<\/li>\n<\/ul>\n\n\n\n<h3 class=\"wp-block-heading\" id=\"Alergia-pokarmowa\">Alergia pokarmowa<\/h3>\n\n\n\n<p><a href=\"https:\/\/www.alab.pl\/centrum-wiedzy\/alergia-pokarmowa\/\">Alergia pokarmowa<\/a> dotyczy oko\u0142o 2-4% doros\u0142ych os\u00f3b. Pokarmy, kt\u00f3re najcz\u0119\u015bciej odpowiadaj\u0105 za pojawienie si\u0119 alergii pokarmowej to:<\/p>\n\n\n\n<ul class=\"wp-block-list\">\n<li>mleko krowie,<\/li>\n\n\n\n<li>jajka,<\/li>\n\n\n\n<li>ryby i owoce morza,<\/li>\n\n\n\n<li>orzechy, seler,<\/li>\n\n\n\n<li>pomidor,<\/li>\n\n\n\n<li>soja,<\/li>\n\n\n\n<li>przyprawy,<\/li>\n\n\n\n<li><a href=\"https:\/\/www.alab.pl\/centrum-wiedzy\/alergia-na-cytrusy-jak-ja-rozpoznac\/\">cytrusy<\/a>.<\/li>\n<\/ul>\n\n\n\n<p><strong>&gt;&gt; Przeczytaj: <\/strong><a href=\"https:\/\/www.alab.pl\/centrum-wiedzy\/diagnostyka-alergii-na-mleko-i-jajko\/\"><strong>Diagnostyka alergii na mleko i jajko<\/strong><\/a><strong><\/strong><\/p>\n\n\n\n<h3 class=\"wp-block-heading\" id=\"Alergia-wziewna\">Alergia wziewna<\/h3>\n\n\n\n<p>Alergi\u0119 wziewn\u0105 wywo\u0142uj\u0105 alergeny, kt\u00f3re znajduj\u0105 si\u0119 w powietrzu i dostaj\u0105 si\u0119 do organizmu drog\u0105 oddechow\u0105. Za objawy alergii wziewnej odpowiadaj\u0105 najcz\u0119\u015bciej:<\/p>\n\n\n\n<ul class=\"wp-block-list\">\n<li><a href=\"https:\/\/www.alab.pl\/centrum-wiedzy\/alergia-na-pylki-traw-objawy-i-leczenie-alergii-na-trawy\/\"><strong>py\u0142ki traw<\/strong><\/a><strong> <\/strong>\u2013 mi\u0119dzy innymi tymotka \u0142\u0105kowa, wiechlina \u0142\u0105kowa, kostrzewa \u0142\u0105kowa,<\/li>\n\n\n\n<li><a href=\"https:\/\/www.alab.pl\/centrum-wiedzy\/alergia-na-pylki-chwastow-jak-ja-wykryc-i-na-jakie-rosliny-uwazac\/\"><strong>py\u0142ki chwast\u00f3w<\/strong><\/a><strong> <\/strong>\u2013 w tym bylica pospolit i babka lancetowata,<\/li>\n\n\n\n<li><a href=\"https:\/\/www.alab.pl\/centrum-wiedzy\/alergia-na-pylki-drzew-co-musisz-wiedziec-i-jak-sie-chronic\/\"><strong>py\u0142ki drzew<\/strong><\/a><strong> <\/strong>\u2013 w tym leszczyna, jesion, brzoza, d\u0105b i wierzba,<\/li>\n\n\n\n<li><a href=\"https:\/\/www.alab.pl\/centrum-wiedzy\/alergia-na-plesn-jakie-daje-objawy-diagnostyka-i-leczenie\/\"><strong>alergeny ple\u015bni<\/strong><\/a> \u2013<em> Aspergillus, Alternaria, Penicillium,<\/em><\/li>\n\n\n\n<li><a href=\"https:\/\/www.alab.pl\/centrum-wiedzy\/alergia-na-roztocza-kurzu-domowego\/\"><strong>roztocze kurzu domowego<\/strong><\/a>,<\/li>\n\n\n\n<li><a href=\"https:\/\/www.alab.pl\/centrum-wiedzy\/alergia-na-psy-i-koty-i-inne-zwierzeta\/\"><strong>sier\u015b\u0107 zwierz\u0105t<\/strong><\/a>,<\/li>\n\n\n\n<li><strong>lateks <\/strong>\u2013 jest to zar\u00f3wno alergen wziewny, jak i kontaktowy.<\/li>\n<\/ul>\n\n\n\n<p><strong>&gt;&gt; Sprawd\u017a: <\/strong><a href=\"https:\/\/www.alab.pl\/centrum-wiedzy\/testy-alergiczne-z-krwi\/\"><strong>Znajd\u017a sw\u00f3j alergen \u2013 diagnostyka alergii w laboratorium<\/strong><\/a><strong><\/strong><\/p>\n\n\n\n<h3 class=\"wp-block-heading\" id=\"Alergia-na-leki\">Alergia na leki<\/h3>\n\n\n\n<p>Na wst\u0119pie tego akapitu warto zaznaczy\u0107, \u017ce alergia na leki mo\u017ce dotyczy\u0107 substancji, kt\u00f3ra do tej pory by\u0142a dobrze tolerowana przez pacjenta. Oznacza to, \u017ce za alergi\u0119 mog\u0105 odpowiada\u0107 nie tylko nowe leki, ale r\u00f3wnie\u017c te stosowane od dawna. Alergie najcz\u0119\u015bciej wywo\u0142uj\u0105 takie substancje lecznicze jak:<\/p>\n\n\n\n<ul class=\"wp-block-list\">\n<li><a href=\"https:\/\/www.alab.pl\/centrum-wiedzy\/antybiotyki-czy-nadal-sa-skuteczne\/\"><strong>antybiotyki<\/strong><\/a>,<\/li>\n\n\n\n<li><strong>\u015brodki stosowane do bada\u0144 radiologicznych<\/strong> (sk\u0142adniki kontrastu),<\/li>\n\n\n\n<li><strong>leki przeciwb\u00f3lowe<\/strong>,<\/li>\n\n\n\n<li><strong>leki przeciwzapalne<\/strong>,<\/li>\n\n\n\n<li><strong>leki przeciwpadaczkowe<\/strong>.<\/li>\n<\/ul>\n\n\n\n<h3 class=\"wp-block-heading\" id=\"Alergia-na-jad\">Alergia na jad<\/h3>\n\n\n\n<p>Uczula\u0107 pacjent\u00f3w mog\u0105 r\u00f3wnie\u017c sk\u0142adniki jadu owad\u00f3w, a przede wszystkim:<\/p>\n\n\n\n<ul class=\"wp-block-list\">\n<li>pszcz\u00f3\u0142 i trzmieli,<\/li>\n\n\n\n<li>os, w tym osy zwyczajnej,<\/li>\n\n\n\n<li>szerszenia,<\/li>\n\n\n\n<li>owad\u00f3w z rodziny mr\u00f3wkowatych.<\/li>\n<\/ul>\n\n\n\n<h2 class=\"wp-block-heading\" id=\"Alergia:-objawy-i-symptomy\">Alergia: objawy i symptomy<\/h2>\n\n\n\n<p>Objawy alergii zale\u017c\u0105 przede wszystkim od jej rodzaju. Alergia kontaktowa objawia si\u0119 typowo zmianami o charakterze p\u0119cherzyk\u00f3w, a tak\u017ce grudek rumieniowych, cz\u0119sto z towarzysz\u0105cym z\u0142uszczaniem. Zmiany sk\u00f3rne lokalizuj\u0105 si\u0119 klasycznie w miejscu kontaktu sk\u00f3ry z danym alergenem, cho\u0107 niekiedy mog\u0105 by\u0107 bardziej rozsiane. Towarzyszy im \u015bwi\u0105d i pieczenie sk\u00f3ry.<\/p>\n\n\n\n<p>Z kolei alergia pokarmowa mo\u017ce manifestowa\u0107 si\u0119:<\/p>\n\n\n\n<ul class=\"wp-block-list\">\n<li><strong>nudno\u015bciami<\/strong>,<\/li>\n\n\n\n<li><strong>biegunk\u0105<\/strong>,<\/li>\n\n\n\n<li><a href=\"https:\/\/www.alab.pl\/centrum-wiedzy\/bol-brzucha-mozliwe-przyczyny-badania\/\"><strong>b\u00f3lem brzucha<\/strong><\/a>,<\/li>\n\n\n\n<li><strong>pieczeniem b\u0142ony \u015bluzowej jamy ustnej, obrz\u0119kiem j\u0119zyka<\/strong> \u2013 co okre\u015bla si\u0119 jako zesp\u00f3\u0142 alergii jamy ustnej.<\/li>\n<\/ul>\n\n\n\n<p>Warto zaznaczy\u0107, \u017ce alergia pokarmowa mo\u017ce manifestowa\u0107 si\u0119 r\u00f3wnie\u017c <a href=\"https:\/\/www.alab.pl\/centrum-wiedzy\/anafilaksja\/\">wstrz\u0105sem anafilaktycznym<\/a>, kt\u00f3ry jest stanem zagro\u017cenia \u017cycia.<\/p>\n\n\n\n<p>Objawy alergii wziewnej to natomiast:<\/p>\n\n\n\n<ul class=\"wp-block-list\">\n<li><strong>uczucie zatkania nosa<\/strong>,<\/li>\n\n\n\n<li><strong>katar, \u015bwi\u0105d nosa<\/strong>,<\/li>\n\n\n\n<li><strong>wodnista wydzielina z nosa<\/strong>,<\/li>\n\n\n\n<li><strong>\u0142zawienie, zaczerwienienie spoj\u00f3wek<\/strong>,<\/li>\n\n\n\n<li><strong>kaszel<\/strong>,<\/li>\n\n\n\n<li><strong>napady kichania<\/strong>.<\/li>\n<\/ul>\n\n\n\n<p>Alergia na leki mo\u017ce mie\u0107 r\u00f3\u017cnorodny obraz kliniczny i r\u00f3\u017cny stopie\u0144 nasilenia, do wstrz\u0105su anafilaktycznego w\u0142\u0105cznie. Najpowszechniejsze objawy alergii na leki to:<\/p>\n\n\n\n<ul class=\"wp-block-list\">\n<li><strong>zmiany sk\u00f3rne<\/strong> \u2013 w tym pokrzywka, zmiany krwotoczne, rumieniowo-p\u0119cherzowe,<\/li>\n\n\n\n<li><strong>obrz\u0119k wok\u00f3\u0142 oczu lub warg<\/strong>,<\/li>\n\n\n\n<li><strong>obrz\u0119k j\u0119zyka, gard\u0142a<\/strong> \u2013 mog\u0105cy prowadzi\u0107 do zaburze\u0144 oddychania,<\/li>\n\n\n\n<li><strong>wymioty, nudno\u015bci, biegunka<\/strong>,<\/li>\n\n\n\n<li><strong>gor\u0105czka, b\u00f3le staw\u00f3w<\/strong>,<\/li>\n\n\n\n<li><a href=\"https:\/\/www.alab.pl\/centrum-wiedzy\/powiekszone-wezly-chlonne-limfadenopatia-przyczyny-diagnostyka\/\"><strong>powi\u0119kszenie w\u0119z\u0142\u00f3w ch\u0142onnych<\/strong><\/a>.<\/li>\n<\/ul>\n\n\n\n<p>W przypadku alergii na jad owad\u00f3w, objawy mog\u0105 by\u0107 gwa\u0142towne. W przebiegu tego rodzaju alergii zaobserwowa\u0107 mo\u017cna:<\/p>\n\n\n\n<ul class=\"wp-block-list\">\n<li><strong>objawy ze strony przewodu pokarmowego<\/strong>, w tym biegunk\u0119,<\/li>\n\n\n\n<li><a href=\"https:\/\/www.alab.pl\/centrum-wiedzy\/dusznosc-punkt-wspolny-wielu-dramatycznych-chorob\/\"><strong>duszno\u015b\u0107<\/strong><\/a>,<\/li>\n\n\n\n<li><strong>zmiany sk\u00f3rne<\/strong>, w tym pokrzywk\u0119,<\/li>\n\n\n\n<li><strong>uczucie ucisku w klatce piersiowej<\/strong>,<\/li>\n\n\n\n<li><a href=\"https:\/\/www.alab.pl\/centrum-wiedzy\/zawroty-glowy-i-ich-mozliwe-przyczyny-jakie-badania-przeprowadzic\/\"><strong>zawroty g\u0142owy<\/strong><\/a>,<\/li>\n\n\n\n<li><strong>spadek ci\u015bnienia t\u0119tniczego i objawy wstrz\u0105su anafilaktycznego<\/strong>.<\/li>\n<\/ul>\n\n\n\n<p><strong>&gt;&gt; Zobacz: <\/strong><a href=\"https:\/\/www.alab.pl\/centrum-wiedzy\/alergia-nietolerancja-czy-nadwrazliwosc-pokarmowa\/\"><strong>Co wygl\u0105da na alergi\u0119 pokarmow\u0105, cho\u0107 ni\u0105 nie jest?<\/strong><\/a><strong><\/strong><\/p>\n\n\n\n<h2 class=\"wp-block-heading\" id=\"Diagnostyka-alergii:-badania-z-krwi\">Diagnostyka alergii: badania z krwi<\/h2>\n\n\n\n<p>W diagnostyce alergii istotn\u0105 rol\u0119 odrywa dok\u0142adnie przeprowadzony wywiad chorobowy, kt\u00f3ry mo\u017ce naprowadzi\u0107 na identyfikacj\u0119 alergenu odpowiadaj\u0105cego za objawy.<\/p>\n\n\n\n<p>Wa\u017cn\u0105 rol\u0119 w diagnostyce alergii odgrywa oznaczenie swoistych IgE, specyficznych dla danego alergenu \u2013 na przyk\u0142ad orzecha laskowego, krewetki czy py\u0142k\u00f3w traw. Takie badanie jest wykonywane z pr\u00f3bki krwi \u017cylnej. Swoiste IgE cz\u0119sto s\u0105 oznaczane w ramach specjalnych panel\u00f3w pozwalaj\u0105cych na kompleksow\u0105 diagnostyk\u0119. Zaliczamy do nich takie pakiety bada\u0144 ALAB Laboratoria jak:<\/p>\n\n\n\n<ul class=\"wp-block-list\">\n<li><a href=\"https:\/\/www.alab.pl\/pakiet\/pakiet-alergiczny-pokarmowy\"><strong>Pakiet alergiczny pokarmowy<\/strong><\/a>,<\/li>\n\n\n\n<li><a href=\"https:\/\/www.alab.pl\/pakiet\/pakiet-alergiczny-oddechowy\"><strong>Pakiet alergiczny oddechowy<\/strong><\/a>,<\/li>\n\n\n\n<li><a href=\"https:\/\/www.alab.pl\/pakiet\/pakiet-alergologiczny-atopowy\"><strong>Pakiet alergologiczny \u2013 atopowy<\/strong><\/a>,<\/li>\n\n\n\n<li><a href=\"https:\/\/www.alab.pl\/pakiet\/alergia-wewnatrzdomowa\"><strong>Pakiet alergia wewn\u0105trzdomowa<\/strong><\/a>.<\/li>\n<\/ul>\n\n\n\n<p>Dost\u0119pne s\u0105 r\u00f3wnie\u017c specjalne panele, kt\u00f3re pozwalaj\u0105 na oznaczenie swoistych IgE nawet dla kilkuset alergen\u00f3w. Takim panelem jest np. panel ALEX, kt\u00f3ry pozwala na diagnostyk\u0119 na poziomie molekularnym zar\u00f3wno alergii pokarmowych, wziewnych, jak i alergii na lateks i jad owad\u00f3w.<\/p>\n\n\n\n<figure class=\"wp-block-image size-full\"><a href=\"https:\/\/www.alab.pl\/pakiet\/alex-panel-295-diagnostyka-molekularna-alergii-z-konsultacja\"><img loading=\"lazy\" decoding=\"async\" width=\"800\" height=\"200\" src=\"https:\/\/www.alab.pl\/centrum-wiedzy\/wp-content\/uploads\/2025\/03\/Panel-molekularny-alergii-ALEX-295-alergenow.png\" alt=\"Panel molekularny alergii ALEX - 295 alergen\u00f3w banerek\" class=\"wp-image-22169\" srcset=\"https:\/\/www.alab.pl\/centrum-wiedzy\/wp-content\/uploads\/2025\/03\/Panel-molekularny-alergii-ALEX-295-alergenow.png 800w, https:\/\/www.alab.pl\/centrum-wiedzy\/wp-content\/uploads\/2025\/03\/Panel-molekularny-alergii-ALEX-295-alergenow-768x192.png 768w, https:\/\/www.alab.pl\/centrum-wiedzy\/wp-content\/uploads\/2025\/03\/Panel-molekularny-alergii-ALEX-295-alergenow-150x38.png 150w, https:\/\/www.alab.pl\/centrum-wiedzy\/wp-content\/uploads\/2025\/03\/Panel-molekularny-alergii-ALEX-295-alergenow-300x75.png 300w, https:\/\/www.alab.pl\/centrum-wiedzy\/wp-content\/uploads\/2025\/03\/Panel-molekularny-alergii-ALEX-295-alergenow-696x174.png 696w\" sizes=\"auto, (max-width: 800px) 100vw, 800px\" \/><\/a><\/figure>\n\n\n\n<p>Pomocniczo warto wykona\u0107 r\u00f3wnie\u017c takie oznaczenia jak:<\/p>\n\n\n\n<ul class=\"wp-block-list\">\n<li><strong>st\u0119\u017cenie <a href=\"https:\/\/www.alab.pl\/badanie\/immunoglobulina-ig-e-calk-w-surowicy-l89\">IgE ca\u0142kowitego<\/a><\/strong>,<\/li>\n\n\n\n<li><a href=\"https:\/\/www.alab.pl\/badanie\/morfologia-krwi-c55\"><strong>morfologia krwi obwodowej<\/strong><\/a>,<\/li>\n\n\n\n<li><a href=\"https:\/\/www.alab.pl\/badanie\/bialko-c-reaktywne-crp-hs-wysokiej-czulosci-i81\"><strong>st\u0119\u017cenie CRP<\/strong><\/a>.<\/li>\n<\/ul>\n\n\n\n<p>Ponadto, w diagnostyce alergii wykonuje si\u0119 r\u00f3wnie\u017c takie procedury jak:<\/p>\n\n\n\n<ul class=\"wp-block-list\">\n<li><strong>p\u0142atkowe testy nask\u00f3rkowe<\/strong> \u2013 w diagnostyce alergii kontaktowych,<\/li>\n\n\n\n<li><strong>testy punktowe i \u015br\u00f3dsk\u00f3rne<\/strong> \u2013 g\u0142\u00f3wnie w diagnostyce alergii wziewnych,<\/li>\n\n\n\n<li><strong>pr\u00f3by prowokacji \u2013<\/strong> w diagnostyce alergii na leki i alergii pokarmowych.<\/li>\n<\/ul>\n\n\n\n<p><strong>&gt;&gt; Przeczytaj: <\/strong><a href=\"https:\/\/www.alab.pl\/centrum-wiedzy\/alergiczny-niezyt-nosa-najczesciej-diagnozowana-choroba-alergiczna-w-polsce\/\"><strong>Alergiczny nie\u017cyt nosa \u2013 najcz\u0119\u015bciej diagnozowana choroba alergiczna w Polsce<\/strong><\/a><strong><\/strong><\/p>\n\n\n\n<h2 class=\"wp-block-heading\" id=\"Jak-leczy\u0107-alergi\u0119?\">Jak leczy\u0107 alergi\u0119?<\/h2>\n\n\n\n<p>Leczenie schorze\u0144 alergicznych w wi\u0119kszo\u015bci sytuacji klinicznych zajmuj\u0105 si\u0119 lekarze alergolodzy. Kluczow\u0105 rol\u0119 w terapii alergii jest unikanie nara\u017cenia na alergeny. Jednak aby wiedzie\u0107, co uczula pacjenta, konieczne jest wykonanie dok\u0142adnych bada\u0144.<\/p>\n\n\n\n<p>Terapia farmakologiczna alergii obejmuje mi\u0119dzy innymi stosowanie:<\/p>\n\n\n\n<ul class=\"wp-block-list\">\n<li><strong>lek\u00f3w przeciwhistaminowych (przeciwalergicznych)<\/strong>,<\/li>\n\n\n\n<li><strong>glikokortykosteroid\u00f3w<\/strong> \u2013 g\u0142\u00f3wnie w zaostrzeniach,<\/li>\n\n\n\n<li><strong>lek\u00f3w immunosupresyjnych <\/strong>\u2013 np. cyklosporyny<\/li>\n\n\n\n<li><strong>lek\u00f3w antyleukotrienowych<\/strong>.<\/li>\n<\/ul>\n\n\n\n<p><strong>&gt;&gt; Zobacz r\u00f3wnie\u017c: <\/strong><a href=\"https:\/\/www.alab.pl\/centrum-wiedzy\/enzym-dao-diaminooksydaza-w-jakim-celu-wykonuje-sie-badanie-i-co-oznacza-wyniki\/\"><strong>Enzym DAO (diaminooksydaza) \u2013 w jakim celu wykonuje si\u0119 badanie i co oznacza wyniki?<\/strong><\/a><strong><\/strong><\/p>\n\n\n\n<h3 class=\"wp-block-heading\" id=\"Czy-alergia-jest-wyleczalna?\">Czy alergia jest wyleczalna?<\/h3>\n\n\n\n<p>W przypadku alergii IgE zale\u017cnych leczeniem przyczynowym jest immunoterapia alergenowa, a wi\u0119c potocznie m\u00f3wi\u0105c odczulanie. Immunoterapia pozwala na uzyskanie tolerancji organizmu na alergeny, kt\u00f3re prowadzi\u0142y do pojawienia si\u0119 objaw\u00f3w. Warto wiedzie\u0107, \u017ce wcze\u015bnie w\u0142\u0105czona immunoterapia pozwala na zmniejszenie ryzyka wyst\u0105pienia <a href=\"https:\/\/www.alab.pl\/centrum-wiedzy\/astma-przyczyny-objawy-rodzaje-i-leczenie\/\">astmy<\/a>, a tak\u017ce pojawienia si\u0119 alergii na kolejne alergeny. Do leczenia z wykorzystaniem immunoterapii kwalifikuje lekarz alergolog.<\/p>\n\n\n\n<p>Alergie to powszechne przypad\u0142o\u015bci, kt\u00f3re mog\u0105 dotyczy\u0107 wielu uk\u0142adu organizmu cz\u0142owieka i wi\u0105za\u0107 si\u0119 z wyst\u0105pieniem objaw\u00f3w obni\u017caj\u0105cych jako\u015b\u0107 \u017cycia. Diagnostyka laboratoryjna oferuje szereg bada\u0144 maj\u0105cych na celu identyfikacj\u0119 alergen\u00f3w wywo\u0142uj\u0105cych niechciane objawy. Podstaw\u0105 leczenia alergii jest unikanie uczulaj\u0105cego alergenu. W niwelowaniu objaw\u00f3w wa\u017cn\u0105 rol\u0119 odgrywa r\u00f3wnie\u017c terapia farmakologiczna oraz immunoterapia alergenowa.<\/p>\n\n\n\n<hr class=\"wp-block-separator has-alpha-channel-opacity\"\/>\n\n\n\n<p><strong>Bibliografia<\/strong><\/p>\n\n\n\n<ol start=\"1\" class=\"wp-block-list\">\n<li>K. B\u0142o\u0144ska i inni, Alergia czy nietolerancja pokarmowa &#8211; r\u00f3\u017cnice i podobie\u0144stwa, Gastroenterologia Praktyczna, 1\/18\/2013,<\/li>\n\n\n\n<li>A. Szczeklik, P. Gajewski, Interna Szczeklika, Wydawnictwo Medycyna Praktyczna, Krak\u00f3w 2020\/2021,<\/li>\n\n\n\n<li>A. Dembi\u0144ska-Kie\u0107 i inni, Diagnostyka laboratoryjna z elementami biochemii klinicznej, Urban &amp; Partner, Wroc\u0142aw 2005, 654\u2013659.<\/li>\n<\/ol>\n","protected":false},"excerpt":{"rendered":"<p>Jakie s\u0105 objawy i rodzaje alergii oraz jak wygl\u0105da ich diagnostyka? Jakie badania wykona\u0107 w celu potwierdzenia lub wykluczenia alergii.<\/p>\n","protected":false},"author":165,"featured_media":22285,"comment_status":"closed","ping_status":"closed","sticky":false,"template":"","format":"standard","meta":{"_acf_changed":false,"inline_featured_image":false,"footnotes":""},"categories":[4],"tags":[],"coauthors":[176],"class_list":{"0":"post-22281","1":"post","2":"type-post","3":"status-publish","4":"format-standard","5":"has-post-thumbnail","7":"category-alergia"},"acf":[],"yoast_head":"<!-- This site is optimized with the Yoast SEO plugin v27.5 - https:\/\/yoast.com\/product\/yoast-seo-wordpress\/ -->\n<title>Alergia: objawy, przyczyny, rodzaje, rozpoznanie - Centrum Wiedzy ALAB laboratoria<\/title>\n<meta name=\"description\" content=\"Jakie s\u0105 objawy i rodzaje alergii oraz jak wygl\u0105da ich diagnostyka? Jakie badania wykona\u0107 w celu potwierdzenia lub wykluczenia alergii.\" \/>\n<meta name=\"robots\" content=\"index, follow, max-snippet:-1, max-image-preview:large, max-video-preview:-1\" \/>\n<link rel=\"canonical\" href=\"https:\/\/www.alab.pl\/centrum-wiedzy\/alergia-objawy-przyczyny-rodzaje-rozpoznanie\/\" \/>\n<meta property=\"og:locale\" content=\"pl_PL\" \/>\n<meta property=\"og:type\" content=\"article\" \/>\n<meta property=\"og:title\" content=\"Alergia: objawy, przyczyny, rodzaje, rozpoznanie - Centrum Wiedzy ALAB laboratoria\" \/>\n<meta property=\"og:description\" content=\"Jakie s\u0105 objawy i rodzaje alergii oraz jak wygl\u0105da ich diagnostyka? Jakie badania wykona\u0107 w celu potwierdzenia lub wykluczenia alergii.\" \/>\n<meta property=\"og:url\" content=\"https:\/\/www.alab.pl\/centrum-wiedzy\/alergia-objawy-przyczyny-rodzaje-rozpoznanie\/\" \/>\n<meta property=\"og:site_name\" content=\"Centrum Wiedzy ALAB laboratoria\" \/>\n<meta property=\"article:publisher\" content=\"https:\/\/www.facebook.com\/ALABlaboratoria\" \/>\n<meta property=\"article:published_time\" content=\"2025-03-17T08:19:37+00:00\" \/>\n<meta property=\"article:modified_time\" content=\"2025-03-28T09:37:18+00:00\" \/>\n<meta property=\"og:image\" content=\"https:\/\/www.alab.pl\/centrum-wiedzy\/wp-content\/uploads\/2025\/03\/alergia.jpg\" \/>\n\t<meta property=\"og:image:width\" content=\"1440\" \/>\n\t<meta property=\"og:image:height\" content=\"960\" \/>\n\t<meta property=\"og:image:type\" content=\"image\/jpeg\" \/>\n<meta name=\"author\" content=\"Katarzyna Banaszczyk\" \/>\n<meta name=\"twitter:card\" content=\"summary_large_image\" \/>\n<meta name=\"twitter:label1\" content=\"Napisane przez\" \/>\n\t<meta name=\"twitter:data1\" content=\"Katarzyna Banaszczyk\" \/>\n\t<meta name=\"twitter:label2\" content=\"Szacowany czas czytania\" \/>\n\t<meta name=\"twitter:data2\" content=\"9 minut\" \/>\n\t<meta name=\"twitter:label3\" content=\"Written by\" \/>\n\t<meta name=\"twitter:data3\" content=\"Katarzyna Banaszczyk\" \/>\n<!-- \/ Yoast SEO plugin. -->","yoast_head_json":{"title":"Alergia: objawy, przyczyny, rodzaje, rozpoznanie - Centrum Wiedzy ALAB laboratoria","description":"Jakie s\u0105 objawy i rodzaje alergii oraz jak wygl\u0105da ich diagnostyka? Jakie badania wykona\u0107 w celu potwierdzenia lub wykluczenia alergii.","robots":{"index":"index","follow":"follow","max-snippet":"max-snippet:-1","max-image-preview":"max-image-preview:large","max-video-preview":"max-video-preview:-1"},"canonical":"https:\/\/www.alab.pl\/centrum-wiedzy\/alergia-objawy-przyczyny-rodzaje-rozpoznanie\/","og_locale":"pl_PL","og_type":"article","og_title":"Alergia: objawy, przyczyny, rodzaje, rozpoznanie - Centrum Wiedzy ALAB laboratoria","og_description":"Jakie s\u0105 objawy i rodzaje alergii oraz jak wygl\u0105da ich diagnostyka? Jakie badania wykona\u0107 w celu potwierdzenia lub wykluczenia alergii.","og_url":"https:\/\/www.alab.pl\/centrum-wiedzy\/alergia-objawy-przyczyny-rodzaje-rozpoznanie\/","og_site_name":"Centrum Wiedzy ALAB laboratoria","article_publisher":"https:\/\/www.facebook.com\/ALABlaboratoria","article_published_time":"2025-03-17T08:19:37+00:00","article_modified_time":"2025-03-28T09:37:18+00:00","og_image":[{"width":1440,"height":960,"url":"https:\/\/www.alab.pl\/centrum-wiedzy\/wp-content\/uploads\/2025\/03\/alergia.jpg","type":"image\/jpeg"}],"author":"Katarzyna Banaszczyk","twitter_card":"summary_large_image","twitter_misc":{"Napisane przez":"Katarzyna Banaszczyk","Szacowany czas czytania":"9 minut","Written by":"Katarzyna Banaszczyk"},"schema":{"@context":"https:\/\/schema.org","@graph":[{"@type":"Article","@id":"https:\/\/www.alab.pl\/centrum-wiedzy\/alergia-objawy-przyczyny-rodzaje-rozpoznanie\/#article","isPartOf":{"@id":"https:\/\/www.alab.pl\/centrum-wiedzy\/alergia-objawy-przyczyny-rodzaje-rozpoznanie\/"},"author":{"name":"Katarzyna Banaszczyk","@id":"https:\/\/www.alab.pl\/centrum-wiedzy\/#\/schema\/person\/308fb46be1959418e2e115e61c335941"},"headline":"Alergia: objawy, przyczyny, rodzaje, rozpoznanie","datePublished":"2025-03-17T08:19:37+00:00","dateModified":"2025-03-28T09:37:18+00:00","mainEntityOfPage":{"@id":"https:\/\/www.alab.pl\/centrum-wiedzy\/alergia-objawy-przyczyny-rodzaje-rozpoznanie\/"},"wordCount":1558,"publisher":{"@id":"https:\/\/www.alab.pl\/centrum-wiedzy\/#organization"},"image":{"@id":"https:\/\/www.alab.pl\/centrum-wiedzy\/alergia-objawy-przyczyny-rodzaje-rozpoznanie\/#primaryimage"},"thumbnailUrl":"https:\/\/www.alab.pl\/centrum-wiedzy\/wp-content\/uploads\/2025\/03\/alergia.jpg","articleSection":["Alergia"],"inLanguage":"pl-PL"},{"@type":"WebPage","@id":"https:\/\/www.alab.pl\/centrum-wiedzy\/alergia-objawy-przyczyny-rodzaje-rozpoznanie\/","url":"https:\/\/www.alab.pl\/centrum-wiedzy\/alergia-objawy-przyczyny-rodzaje-rozpoznanie\/","name":"Alergia: objawy, przyczyny, rodzaje, rozpoznanie - Centrum Wiedzy ALAB laboratoria","isPartOf":{"@id":"https:\/\/www.alab.pl\/centrum-wiedzy\/#website"},"primaryImageOfPage":{"@id":"https:\/\/www.alab.pl\/centrum-wiedzy\/alergia-objawy-przyczyny-rodzaje-rozpoznanie\/#primaryimage"},"image":{"@id":"https:\/\/www.alab.pl\/centrum-wiedzy\/alergia-objawy-przyczyny-rodzaje-rozpoznanie\/#primaryimage"},"thumbnailUrl":"https:\/\/www.alab.pl\/centrum-wiedzy\/wp-content\/uploads\/2025\/03\/alergia.jpg","datePublished":"2025-03-17T08:19:37+00:00","dateModified":"2025-03-28T09:37:18+00:00","description":"Jakie s\u0105 objawy i rodzaje alergii oraz jak wygl\u0105da ich diagnostyka? Jakie badania wykona\u0107 w celu potwierdzenia lub wykluczenia alergii.","breadcrumb":{"@id":"https:\/\/www.alab.pl\/centrum-wiedzy\/alergia-objawy-przyczyny-rodzaje-rozpoznanie\/#breadcrumb"},"inLanguage":"pl-PL","potentialAction":[{"@type":"ReadAction","target":["https:\/\/www.alab.pl\/centrum-wiedzy\/alergia-objawy-przyczyny-rodzaje-rozpoznanie\/"]}]},{"@type":"ImageObject","inLanguage":"pl-PL","@id":"https:\/\/www.alab.pl\/centrum-wiedzy\/alergia-objawy-przyczyny-rodzaje-rozpoznanie\/#primaryimage","url":"https:\/\/www.alab.pl\/centrum-wiedzy\/wp-content\/uploads\/2025\/03\/alergia.jpg","contentUrl":"https:\/\/www.alab.pl\/centrum-wiedzy\/wp-content\/uploads\/2025\/03\/alergia.jpg","width":1440,"height":960,"caption":"alergia"},{"@type":"BreadcrumbList","@id":"https:\/\/www.alab.pl\/centrum-wiedzy\/alergia-objawy-przyczyny-rodzaje-rozpoznanie\/#breadcrumb","itemListElement":[{"@type":"ListItem","position":1,"name":"Strona g\u0142\u00f3wna","item":"https:\/\/www.alab.pl\/centrum-wiedzy\/"},{"@type":"ListItem","position":2,"name":"Alergia: objawy, przyczyny, rodzaje, rozpoznanie"}]},{"@type":"WebSite","@id":"https:\/\/www.alab.pl\/centrum-wiedzy\/#website","url":"https:\/\/www.alab.pl\/centrum-wiedzy\/","name":"Centrum Wiedzy ALAB laboratoria","description":"","publisher":{"@id":"https:\/\/www.alab.pl\/centrum-wiedzy\/#organization"},"potentialAction":[{"@type":"SearchAction","target":{"@type":"EntryPoint","urlTemplate":"https:\/\/www.alab.pl\/centrum-wiedzy\/?s={search_term_string}"},"query-input":{"@type":"PropertyValueSpecification","valueRequired":true,"valueName":"search_term_string"}}],"inLanguage":"pl-PL"},{"@type":"Organization","@id":"https:\/\/www.alab.pl\/centrum-wiedzy\/#organization","name":"Centrum Wiedzy ALAB laboratoria","url":"https:\/\/www.alab.pl\/centrum-wiedzy\/","logo":{"@type":"ImageObject","inLanguage":"pl-PL","@id":"https:\/\/www.alab.pl\/centrum-wiedzy\/#\/schema\/logo\/image\/","url":"https:\/\/www.alab.pl\/centrum-wiedzy\/wp-content\/uploads\/2022\/04\/alabek.jpg","contentUrl":"https:\/\/www.alab.pl\/centrum-wiedzy\/wp-content\/uploads\/2022\/04\/alabek.jpg","width":1250,"height":1251,"caption":"Centrum Wiedzy ALAB laboratoria"},"image":{"@id":"https:\/\/www.alab.pl\/centrum-wiedzy\/#\/schema\/logo\/image\/"},"sameAs":["https:\/\/www.facebook.com\/ALABlaboratoria"]},{"@type":"Person","@id":"https:\/\/www.alab.pl\/centrum-wiedzy\/#\/schema\/person\/308fb46be1959418e2e115e61c335941","name":"Katarzyna Banaszczyk","image":{"@type":"ImageObject","inLanguage":"pl-PL","@id":"https:\/\/www.alab.pl\/centrum-wiedzy\/wp-content\/uploads\/2024\/12\/Katarzyna-Banaszczyk-150x150.jpgdd037207674aeb9b7e97c9616a0cf536","url":"https:\/\/www.alab.pl\/centrum-wiedzy\/wp-content\/uploads\/2024\/12\/Katarzyna-Banaszczyk-150x150.jpg","contentUrl":"https:\/\/www.alab.pl\/centrum-wiedzy\/wp-content\/uploads\/2024\/12\/Katarzyna-Banaszczyk-150x150.jpg","caption":"Katarzyna Banaszczyk"},"description":"Lekarka w trakcie specjalizacji z dermatologii i wenerologii. Absolwentka Collegium Medicum UMK im. Ludwika Rydygiera w Bydgoszczy. Wyk\u0142adowca akademicki Collegium Medicum im. W\u0142adys\u0142awa Biega\u0144skiego w Cz\u0119stochowie.","url":"https:\/\/www.alab.pl\/centrum-wiedzy\/author\/katarzyna-banaszczyk\/"}]}},"_links":{"self":[{"href":"https:\/\/www.alab.pl\/centrum-wiedzy\/wp-json\/wp\/v2\/posts\/22281","targetHints":{"allow":["GET"]}}],"collection":[{"href":"https:\/\/www.alab.pl\/centrum-wiedzy\/wp-json\/wp\/v2\/posts"}],"about":[{"href":"https:\/\/www.alab.pl\/centrum-wiedzy\/wp-json\/wp\/v2\/types\/post"}],"author":[{"embeddable":true,"href":"https:\/\/www.alab.pl\/centrum-wiedzy\/wp-json\/wp\/v2\/users\/165"}],"replies":[{"embeddable":true,"href":"https:\/\/www.alab.pl\/centrum-wiedzy\/wp-json\/wp\/v2\/comments?post=22281"}],"version-history":[{"count":7,"href":"https:\/\/www.alab.pl\/centrum-wiedzy\/wp-json\/wp\/v2\/posts\/22281\/revisions"}],"predecessor-version":[{"id":22605,"href":"https:\/\/www.alab.pl\/centrum-wiedzy\/wp-json\/wp\/v2\/posts\/22281\/revisions\/22605"}],"wp:featuredmedia":[{"embeddable":true,"href":"https:\/\/www.alab.pl\/centrum-wiedzy\/wp-json\/wp\/v2\/media\/22285"}],"wp:attachment":[{"href":"https:\/\/www.alab.pl\/centrum-wiedzy\/wp-json\/wp\/v2\/media?parent=22281"}],"wp:term":[{"taxonomy":"category","embeddable":true,"href":"https:\/\/www.alab.pl\/centrum-wiedzy\/wp-json\/wp\/v2\/categories?post=22281"},{"taxonomy":"post_tag","embeddable":true,"href":"https:\/\/www.alab.pl\/centrum-wiedzy\/wp-json\/wp\/v2\/tags?post=22281"},{"taxonomy":"author","embeddable":true,"href":"https:\/\/www.alab.pl\/centrum-wiedzy\/wp-json\/wp\/v2\/coauthors?post=22281"}],"curies":[{"name":"wp","href":"https:\/\/api.w.org\/{rel}","templated":true}]}}