{"id":22304,"date":"2025-03-17T10:43:31","date_gmt":"2025-03-17T09:43:31","guid":{"rendered":"https:\/\/www.alab.pl\/centrum-wiedzy\/?p=22304"},"modified":"2025-09-09T09:22:00","modified_gmt":"2025-09-09T07:22:00","slug":"fas-alkoholowy-zespol-plodowy-co-to-jest-objawy-przyczyny-leczenie","status":"publish","type":"post","link":"https:\/\/www.alab.pl\/centrum-wiedzy\/fas-alkoholowy-zespol-plodowy-co-to-jest-objawy-przyczyny-leczenie\/","title":{"rendered":"FAS (alkoholowy zesp\u00f3\u0142 p\u0142odowy) \u2013 co to jest? Objawy, przyczyny, leczenie"},"content":{"rendered":"\n<p><strong>FAS (alkoholowy zesp\u00f3\u0142 p\u0142odowy) to zesp\u00f3\u0142 chorobowy, kt\u00f3ry mo\u017ce wyst\u0105pi\u0107 u dzieci nara\u017conych na dzia\u0142anie alkoholu w \u017cyciu p\u0142odowym. Jest nieuleczalny i prowadzi do trwa\u0142ych zaburze\u0144 w rozwoju fizycznym, intelektualnym oraz emocjonalnym. Mimo rosn\u0105cej \u015bwiadomo\u015bci spo\u0142ecznej, nadal stanowi istotny problem zdrowia publicznego. Dowiedz si\u0119, jakie s\u0105 objawy FAS, na czym polega diagnostyka oraz czy mo\u017cna zapobiec alkoholowemu zespo\u0142owi p\u0142odowemu.<\/strong><\/p>\n\n\n\n<p>Spis tre\u015bci:<\/p>\n\n\n\n<ol class=\"wp-block-list\">\n<li><a href=\"#Zesp\u00f3\u0142-FAS-\u2013-co-to-za-choroba?\">Zesp\u00f3\u0142 FAS \u2013 co to za choroba?<\/a>\n<ul class=\"wp-block-list\">\n<li><a href=\"#Jak-cz\u0119sto-wyst\u0119puje-p\u0142odowy-zesp\u00f3\u0142-alkoholowy?\">Jak cz\u0119sto wyst\u0119puje p\u0142odowy zesp\u00f3\u0142 alkoholowy?<\/a><\/li>\n<\/ul>\n<\/li>\n\n\n\n<li><a href=\"#Przyczyny-wyst\u0119powania-zespo\u0142u-FAS-u-dzieci\">Przyczyny wyst\u0119powania zespo\u0142u FAS u dzieci<\/a><\/li>\n\n\n\n<li><a href=\"#Objawy-FAS\">Objawy FAS<\/a>\n<ul class=\"wp-block-list\">\n<li><a href=\"#Zesp\u00f3\u0142-FAS:-wygl\u0105d-twarzy-dzieci\">Zesp\u00f3\u0142 FAS: wygl\u0105d twarzy dzieci<\/a><\/li>\n<\/ul>\n<\/li>\n\n\n\n<li><a href=\"#Rozpoznanie-FAS:-jak-diagnozowany-jest-p\u0142odowy-zesp\u00f3\u0142-alkoholowy\">Rozpoznanie FAS: jak diagnozowany jest p\u0142odowy zesp\u00f3\u0142 alkoholowy<\/a><\/li>\n\n\n\n<li><a href=\"#Leczenie-zespo\u0142u-FAS\">Leczenie zespo\u0142u FAS<\/a><\/li>\n\n\n\n<li><a href=\"#Jak-zapobiec-rozwojowi-zespo\u0142u-FAS?\">Jak zapobiec rozwojowi zespo\u0142u FAS?<\/a><\/li>\n<\/ol>\n\n\n\n<h2 class=\"wp-block-heading\" id=\"Zesp\u00f3\u0142-FAS-\u2013-co-to-za-choroba?\">Zesp\u00f3\u0142 FAS \u2013 co to za choroba?<\/h2>\n\n\n\n<p>Alkoholowy zesp\u00f3\u0142 p\u0142odowy (<em>Fetal Alcohol Syndrome<\/em>, FAS) to <strong>fizyczne i umys\u0142owe zaburzenia wynikaj\u0105ce z ekspozycji p\u0142odu na alkohol w trakcie ci\u0105\u017cy<\/strong>. Cz\u0105steczki etanolu przenikaj\u0105 przez \u0142o\u017cysko do krwioobiegu dziecka, <strong>powoduj\u0105c nieodwracalne uszkodzenia rozwijaj\u0105cych si\u0119 narz\u0105d\u00f3w \u2013 w szczeg\u00f3lno\u015bci uk\u0142adu nerwowego<\/strong>. Skutki spo\u017cywania alkoholu przez ci\u0119\u017carn\u0105 mog\u0105 mie\u0107 r\u00f3\u017cny rodzaj i nasilenie \u2013 w zale\u017cno\u015bci m.in. od jego ilo\u015bci, czasu w jakim jest przyjmowany czy stadium rozwoju p\u0142odu.<\/p>\n\n\n\n<p><strong>&gt;&gt; Sprawd\u017a: <\/strong><a href=\"https:\/\/www.alab.pl\/centrum-wiedzy\/badania-wspierajace-leczenie-alkoholizmu\/\"><strong>Badania wspieraj\u0105ce leczenie alkoholizmu<\/strong><\/a><strong><\/strong><\/p>\n\n\n\n<p><strong>Alkohol dzia\u0142a toksycznie na rozwijaj\u0105cy si\u0119 p\u0142\u00f3d na ka\u017cdym etapie ci\u0105\u017cy. <\/strong>Nie ma bezpiecznej dawki etanolu w ci\u0105\u017cy. Ka\u017cda ilo\u015b\u0107 (nawet jednorazowe spo\u017cycie napoju alkoholowego) stanowi ryzyko, \u017ce dojdzie do fizycznych lub umys\u0142owych zaburze\u0144.<\/p>\n\n\n\n<figure class=\"wp-block-table\"><table class=\"has-fixed-layout\"><tbody><tr><td><strong>Warto wiedzie\u0107:<\/strong> <br>FAS jest cz\u0119\u015bci\u0105 szerszego spektrum p\u0142odowych zaburze\u0144 alkoholowych, znanych jako FASD lub poalkoholowe uszkodzenie p\u0142odu. Innymi jednostkami zaliczanymi do tej grupy s\u0105 m.in. poalkoholowe zaburzenia uk\u0142adu nerwowego (ARND), cz\u0119\u015bciowy zesp\u00f3\u0142 alkoholowy p\u0142odu (pFAS) czy poalkoholowy defekt urodzeniowy (ARBD).<\/td><\/tr><\/tbody><\/table><\/figure>\n\n\n\n<h3 class=\"wp-block-heading\" id=\"Jak-cz\u0119sto-wyst\u0119puje-p\u0142odowy-zesp\u00f3\u0142-alkoholowy?\">Jak cz\u0119sto wyst\u0119puje p\u0142odowy zesp\u00f3\u0142 alkoholowy?<\/h3>\n\n\n\n<p>Cz\u0119sto\u015b\u0107 wyst\u0119powania FAS jest trudna do dok\u0142adnego oszacowania, poniewa\u017c wiele przypadk\u00f3w mo\u017ce pozostawa\u0107 nierozpoznanych. Szacuje si\u0119, \u017ce <strong>w Polsce wyst\u0119puje u 4 na 1000 \u017cywych urodze\u0144<\/strong>. Co roku w naszym kraju rodzi si\u0119 oko\u0142o 9 tysi\u0119cy dzieci z alkoholowym zespo\u0142em p\u0142odowym.<\/p>\n\n\n\n<figure class=\"wp-block-table\"><table class=\"has-fixed-layout\"><tbody><tr><td><strong>Pami\u0119taj:<\/strong> <br>FAS stanowi jedn\u0105 z g\u0142\u00f3wnych przyczyn wad wrodzonych p\u0142odu \u2013 zaraz obok <a href=\"https:\/\/www.alab.pl\/centrum-wiedzy\/zespol-downa-przyczyny-objawy-badania-i-diagnostyka\/\">zespo\u0142u Downa<\/a> i rozszczepu kr\u0119gos\u0142upa.<\/td><\/tr><\/tbody><\/table><\/figure>\n\n\n\n<h2 class=\"wp-block-heading\" id=\"Przyczyny-wyst\u0119powania-zespo\u0142u-FAS-u-dzieci\">Przyczyny wyst\u0119powania zespo\u0142u FAS u dzieci<\/h2>\n\n\n\n<p>Przyczyn\u0105 FAS jest spo\u017cywanie alkoholu przez kobiet\u0119 w ci\u0105\u017cy. Alkohol dostaje si\u0119 do organizmu p\u0142odu przez \u0142o\u017cysko. Jego metabolizm jest znacznie wolniejszy ni\u017c u doros\u0142ych. Powoduje to <strong>d\u0142ugotrwa\u0142\u0105 ekspozycj\u0119 na toksyczne substancje, kt\u00f3re uszkadzaj\u0105 <\/strong><a href=\"https:\/\/www.alab.pl\/centrum-wiedzy\/mozg-budowa-funkcje-dzialanie-ludzkiego-mozgu\/\"><strong>m\u00f3zg<\/strong><\/a><strong> i inne narz\u0105dy<\/strong>.<\/p>\n\n\n\n<figure class=\"wp-block-table\"><table class=\"has-fixed-layout\"><tbody><tr><td><strong>Warto wiedzie\u0107:<\/strong> Ju\u017c po oko\u0142o 40 minutach od spo\u017cycia alkoholu jego st\u0119\u017cenie we krwi p\u0142odu jest por\u00f3wnywalne do st\u0119\u017cenia we krwi ci\u0119\u017carnej.<\/td><\/tr><\/tbody><\/table><\/figure>\n\n\n\n<h2 class=\"wp-block-heading\" id=\"Objawy-FAS\">Objawy FAS<\/h2>\n\n\n\n<p>Objawy FAS mog\u0105 by\u0107 bardzo zr\u00f3\u017cnicowane i obejmuj\u0105 zar\u00f3wno fizyczne, jak i neurologiczne oraz behawioralne zaburzenia. Nie wszystkie musz\u0105 wyst\u0105pi\u0107 jednocze\u015bnie oraz by\u0107 widoczne zaraz po urodzeniu. Bardzo cz\u0119sto objawy alkoholowego zespo\u0142u p\u0142odowego ujawniaj\u0105 si\u0119 mi\u0119dzy 2. a 10. rokiem \u017cycia.<\/p>\n\n\n\n<figure class=\"wp-block-image size-full\"><a href=\"https:\/\/www.alab.pl\/pakiet\/pakiet-malego-dziecka\" target=\"_blank\" rel=\" noreferrer noopener\"><img loading=\"lazy\" decoding=\"async\" width=\"800\" height=\"200\" src=\"https:\/\/www.alab.pl\/centrum-wiedzy\/wp-content\/uploads\/2025\/02\/Pakiet-malego-dziecka-6-badan.jpg\" alt=\"Pakiet ma\u0142ego dziecka (6 badan\u0301) banerek\" class=\"wp-image-21535\" srcset=\"https:\/\/www.alab.pl\/centrum-wiedzy\/wp-content\/uploads\/2025\/02\/Pakiet-malego-dziecka-6-badan.jpg 800w, https:\/\/www.alab.pl\/centrum-wiedzy\/wp-content\/uploads\/2025\/02\/Pakiet-malego-dziecka-6-badan-768x192.jpg 768w, https:\/\/www.alab.pl\/centrum-wiedzy\/wp-content\/uploads\/2025\/02\/Pakiet-malego-dziecka-6-badan-150x38.jpg 150w, https:\/\/www.alab.pl\/centrum-wiedzy\/wp-content\/uploads\/2025\/02\/Pakiet-malego-dziecka-6-badan-300x75.jpg 300w, https:\/\/www.alab.pl\/centrum-wiedzy\/wp-content\/uploads\/2025\/02\/Pakiet-malego-dziecka-6-badan-696x174.jpg 696w\" sizes=\"auto, (max-width: 800px) 100vw, 800px\" \/><\/a><\/figure>\n\n\n\n<p>Fizyczne <strong>objawy zespo\u0142u FAS<\/strong> obejmuj\u0105:<\/p>\n\n\n\n<ul class=\"wp-block-list\">\n<li>specyficzne zmiany w twarzy dziecka,<\/li>\n\n\n\n<li>ma\u0142og\u0142owie,<\/li>\n\n\n\n<li>niedob\u00f3r masy i d\u0142ugo\u015bci cia\u0142a przy urodzeniu,<\/li>\n\n\n\n<li>op\u00f3\u017anione tempo wzrostu,<\/li>\n\n\n\n<li>zaburzenia rozwoju odruch\u00f3w (w tym odruchu ssania, co utrudnia karmienie),<\/li>\n\n\n\n<li>zmiany w budowie narz\u0105d\u00f3w wewn\u0119trznych,<\/li>\n\n\n\n<li>zmiany w uk\u0142adzie kostnym (m.in. skrzywienie kr\u0119gos\u0142upa, deformacja ma\u0142ych staw\u00f3w u r\u0105k, kurza klatka piersiowa),<\/li>\n\n\n\n<li>wady uk\u0142adu moczowego (m.in. wodonercze),<\/li>\n\n\n\n<li>wady uk\u0142adu kr\u0105\u017cenia (m.in. tetralogia Fallota, ubytek przegrody mi\u0119dzykomorowej),<\/li>\n\n\n\n<li>problemy ze wzrokiem (m.in. zez, opadanie powiek, hipoplazja nerwu wzrokowego),<\/li>\n\n\n\n<li>problemy ze s\u0142uchem (m.in. ubytek s\u0142uchu),<\/li>\n\n\n\n<li>wady w obr\u0119bie jamy ustnej (m.in. zmieniony kszta\u0142t z\u0119b\u00f3w, st\u0142oczenie z\u0119b\u00f3w, rozszczep podniebienia).<\/li>\n<\/ul>\n\n\n\n<figure class=\"wp-block-image size-full\"><a href=\"https:\/\/www.alab.pl\/pakiet\/pakiet-malego-dziecka-rozszerzony\" target=\"_blank\" rel=\" noreferrer noopener\"><img loading=\"lazy\" decoding=\"async\" width=\"800\" height=\"200\" src=\"https:\/\/www.alab.pl\/centrum-wiedzy\/wp-content\/uploads\/2025\/02\/Pakiet-malego-dziecka-rozszerzony-9-badan.jpg\" alt=\"Pakiet ma\u0142ego dziecka rozszerzony (9 badan\u0301) banerek\" class=\"wp-image-21536\" srcset=\"https:\/\/www.alab.pl\/centrum-wiedzy\/wp-content\/uploads\/2025\/02\/Pakiet-malego-dziecka-rozszerzony-9-badan.jpg 800w, https:\/\/www.alab.pl\/centrum-wiedzy\/wp-content\/uploads\/2025\/02\/Pakiet-malego-dziecka-rozszerzony-9-badan-768x192.jpg 768w, https:\/\/www.alab.pl\/centrum-wiedzy\/wp-content\/uploads\/2025\/02\/Pakiet-malego-dziecka-rozszerzony-9-badan-150x38.jpg 150w, https:\/\/www.alab.pl\/centrum-wiedzy\/wp-content\/uploads\/2025\/02\/Pakiet-malego-dziecka-rozszerzony-9-badan-300x75.jpg 300w, https:\/\/www.alab.pl\/centrum-wiedzy\/wp-content\/uploads\/2025\/02\/Pakiet-malego-dziecka-rozszerzony-9-badan-696x174.jpg 696w\" sizes=\"auto, (max-width: 800px) 100vw, 800px\" \/><\/a><\/figure>\n\n\n\n<p>Natomiast umys\u0142owe i neurologiczne objawy FAS to:<\/p>\n\n\n\n<ul class=\"wp-block-list\">\n<li>zaburzenia motoryki ma\u0142ej i du\u017cej,<\/li>\n\n\n\n<li>zaburzenia r\u00f3wnowagi,<\/li>\n\n\n\n<li>zaburzenia snu,<\/li>\n\n\n\n<li>ni\u017csza tolerancja wysi\u0142ku umys\u0142owego,<\/li>\n\n\n\n<li>ni\u017cszy iloraz inteligencji,<\/li>\n\n\n\n<li>niepe\u0142nosprawno\u015b\u0107 intelektualna,<\/li>\n\n\n\n<li>s\u0142aby rozw\u00f3j j\u0119zyka,<\/li>\n\n\n\n<li>zaburzenia czucia g\u0142\u0119bokiego,<\/li>\n\n\n\n<li>trudno\u015bci w koncentracji i nauce,<\/li>\n\n\n\n<li>os\u0142abienie pami\u0119ci,<\/li>\n\n\n\n<li>nadwra\u017cliwo\u015b\u0107,<\/li>\n\n\n\n<li>nadpobudliwo\u015b\u0107 i impulsywno\u015b\u0107,<\/li>\n\n\n\n<li>niedojrza\u0142o\u015b\u0107 emocjonalna,<\/li>\n\n\n\n<li>problemy z my\u015bleniem abstrakcyjnym,<\/li>\n\n\n\n<li>niskie umiej\u0119tno\u015bci spo\u0142eczne,<\/li>\n\n\n\n<li>sk\u0142onno\u015b\u0107 do zaburze\u0144 psychicznych (m.in. <a href=\"https:\/\/www.alab.pl\/centrum-wiedzy\/depresja-objawy-przyczyny-diagnostyka-i-leczenie\/?swpmtx=4001b6cd91d2b30d5fba27d726dcf0bc&amp;swpmtxnonce=20a41be5f2\">depresji<\/a>, uzale\u017cnienia).<\/li>\n<\/ul>\n\n\n\n<figure class=\"wp-block-table\"><table class=\"has-fixed-layout\"><tbody><tr><td><strong>Pami\u0119taj:<\/strong> <br>Niepe\u0142noobjawowy FAS diagnozowany jest jako FAE (<em>Fetal Alcohol Effects<\/em>). Cz\u0119sto u takich dzieci nie ma zaburze\u0144 w rozwoju fizycznym i umys\u0142owym, ale pojawiaj\u0105 si\u0119 problemy z zachowaniem lub nauk\u0105.<\/td><\/tr><\/tbody><\/table><\/figure>\n\n\n\n<h3 class=\"wp-block-heading\" id=\"Zesp\u00f3\u0142-FAS:-wygl\u0105d-twarzy-dzieci\">Zesp\u00f3\u0142 FAS: wygl\u0105d twarzy dzieci<\/h3>\n\n\n\n<p><strong>Twarz przy zespole FAS charakteryzuje si\u0119 nast\u0119puj\u0105cymi cechami<\/strong>:<\/p>\n\n\n\n<ul class=\"wp-block-list\">\n<li>sp\u0142aszczenie \u015brodkowej cz\u0119\u015bci,<\/li>\n\n\n\n<li>kr\u00f3tki i zadarty nos,<\/li>\n\n\n\n<li>szerokie rozstawienie oczu,<\/li>\n\n\n\n<li>sp\u0142aszczenie lub brak rynienki podnosowej,<\/li>\n\n\n\n<li>zmniejszenie lub brak g\u00f3rnej czerwieni wargowej,<\/li>\n\n\n\n<li>ma\u0142y podbr\u00f3dek i broda,<\/li>\n\n\n\n<li>nisko osadzone uszy i zniekszta\u0142cone ma\u0142\u017cowiny uszne.<\/li>\n<\/ul>\n\n\n\n<p><strong>&gt;&gt; Przeczytaj tak\u017ce: <\/strong><a href=\"https:\/\/www.alab.pl\/centrum-wiedzy\/wady-letalne-czym-sa-przyczyny-rodzaje-diagnostyka\/\"><strong>Wady letalne \u2013 czym s\u0105? Przyczyny, rodzaje, diagnostyka<\/strong><\/a><strong><\/strong><\/p>\n\n\n\n<h2 class=\"wp-block-heading\" id=\"Rozpoznanie-FAS:-jak-diagnozowany-jest-p\u0142odowy-zesp\u00f3\u0142-alkoholowy\">Rozpoznanie FAS: jak diagnozowany jest p\u0142odowy zesp\u00f3\u0142 alkoholowy<\/h2>\n\n\n\n<p>Diagnoza FAS opiera si\u0119 na szczeg\u00f3\u0142owym wywiadzie medycznym, badaniu fizykalnym, badaniu neurologicznym, ocenie rozwoju dziecka. Wykorzystuje si\u0119 narz\u0119dzia diagnostyczne, takie jak <strong>skale oceny rozwoju psychoruchowego, badania neuroobrazowe (np. rezonans magnetyczny m\u00f3zgu) oraz testy psychologiczne<\/strong>. Bardzo wa\u017cne jest, aby lekarz zebra\u0142 informacje na temat spo\u017cycia alkoholu przez matk\u0119 w czasie ci\u0105\u017cy.<\/p>\n\n\n\n<p><strong>&gt;&gt; Zobacz te\u017c: <u><a href=\"https:\/\/www.alab.pl\/centrum-wiedzy\/skoki-rozwojowe-o-czym-warto-wiedziec\/\">\u201eSkoki rozwojowe\u201d \u2013 o czym warto wiedzie\u0107?<\/a><\/u><\/strong><\/p>\n\n\n\n<h2 class=\"wp-block-heading\" id=\"Leczenie-zespo\u0142u-FAS\">Leczenie zespo\u0142u FAS<\/h2>\n\n\n\n<p><strong>Zesp\u00f3\u0142 FAS jest nieuleczalny, poniewa\u017c uszkodzenia spowodowane przez alkohol s\u0105 nieodwracalne<\/strong>. Istniej\u0105 metody terapii, kt\u00f3re mog\u0105 <strong>pom\u00f3c w poprawie jako\u015bci \u017cycia dziecka<\/strong>. S\u0105 to np.:<\/p>\n\n\n\n<ul class=\"wp-block-list\">\n<li>terapia behawioralna,<\/li>\n\n\n\n<li>terapia zaj\u0119ciowa,<\/li>\n\n\n\n<li>terapia sensoryczna,<\/li>\n\n\n\n<li>terapia logopedyczna,<\/li>\n\n\n\n<li>wsparcie psychologiczne,<\/li>\n\n\n\n<li>edukacja specjalna.<\/li>\n<\/ul>\n\n\n\n<p>Bardzo wa\u017cne jest, aby <strong>terapia by\u0142a dostosowana indywidualnie do potrzeb dziecka i rozpocz\u0119ta mo\u017cliwie jak najwcze\u015bniej<\/strong>.<\/p>\n\n\n\n<h2 class=\"wp-block-heading\" id=\"Jak-zapobiec-rozwojowi-zespo\u0142u-FAS?\">Jak zapobiec rozwojowi zespo\u0142u FAS?<\/h2>\n\n\n\n<p>Jedynym skutecznym sposobem zapobiegania FAS u dzieci jest <strong>ca\u0142kowita abstynencja od alkoholu w ci\u0105\u017cy<\/strong>. Wa\u017cna jest edukacja kobiet w wieku rozrodczym oraz prowadzenie kampanii spo\u0142ecznych u\u015bwiadamiaj\u0105cych zagro\u017cenia zwi\u0105zane ze spo\u017cywaniem alkoholu przez ci\u0119\u017carne.<\/p>\n\n\n\n<p><strong>&gt;&gt; To mo\u017ce Ci\u0119 zainteresowa\u0107: <\/strong><a href=\"https:\/\/www.alab.pl\/centrum-wiedzy\/najwazniejsze-badania-prenatalne\/\"><strong>Badania prenatalne \u2013 kluczowe informacje<\/strong><\/a><strong><\/strong><\/p>\n\n\n\n<figure class=\"wp-block-image size-full\"><a href=\"https:\/\/www.alab.pl\/badanie\/test-prenatalny-harmony-t21-t18-t13-plec-dziecka\" target=\"_blank\" rel=\" noreferrer noopener\"><img loading=\"lazy\" decoding=\"async\" width=\"800\" height=\"200\" src=\"https:\/\/www.alab.pl\/centrum-wiedzy\/wp-content\/uploads\/2025\/03\/Test-nieinwazyjny-test-prenatalny.png\" alt=\"Test nieinwazyjny test prenatalny banerek Harmony\" class=\"wp-image-22209\" srcset=\"https:\/\/www.alab.pl\/centrum-wiedzy\/wp-content\/uploads\/2025\/03\/Test-nieinwazyjny-test-prenatalny.png 800w, https:\/\/www.alab.pl\/centrum-wiedzy\/wp-content\/uploads\/2025\/03\/Test-nieinwazyjny-test-prenatalny-768x192.png 768w, https:\/\/www.alab.pl\/centrum-wiedzy\/wp-content\/uploads\/2025\/03\/Test-nieinwazyjny-test-prenatalny-150x38.png 150w, https:\/\/www.alab.pl\/centrum-wiedzy\/wp-content\/uploads\/2025\/03\/Test-nieinwazyjny-test-prenatalny-300x75.png 300w, https:\/\/www.alab.pl\/centrum-wiedzy\/wp-content\/uploads\/2025\/03\/Test-nieinwazyjny-test-prenatalny-696x174.png 696w\" sizes=\"auto, (max-width: 800px) 100vw, 800px\" \/><\/a><\/figure>\n\n\n\n<p>Alkoholowy zesp\u00f3\u0142 p\u0142odowy (FAS) mo\u017ce prowadzi\u0107 do trwa\u0142ych zaburze\u0144 fizycznych, neurologicznych i behawioralnych u dziecka. Jego przyczyn\u0105 jest spo\u017cywanie alkoholu przez kobiet\u0119 w czasie ci\u0105\u017cy. FAS jest chorob\u0105 nieuleczaln\u0105, ale wczesna diagnoza i odpowiednie wsparcie mog\u0105 znacz\u0105co poprawi\u0107 jako\u015b\u0107 \u017cycia dziecka. Nale\u017cy pami\u0119ta\u0107, \u017ce nie ma bezpiecznej dawki alkoholu w ci\u0105\u017cy \u2013 ka\u017cda ilo\u015b\u0107 mo\u017ce stanowi\u0107 zagro\u017cenie dla rozwijaj\u0105cego si\u0119 p\u0142odu.<\/p>\n\n\n\n<p><strong>Opieka merytoryczna: lek. Sara Aszkie\u0142owicz<\/strong><\/p>\n\n\n\n<hr class=\"wp-block-separator has-alpha-channel-opacity\"\/>\n\n\n\n<p><strong>Bibliografia<\/strong><\/p>\n\n\n\n<ol start=\"1\" class=\"wp-block-list\">\n<li>B. Szymoniak, A. Jankowska-Wika, <em>Charakterystyka alkoholowego zespo\u0142u p\u0142odowego na podstawie przypadku oraz pi\u015bmiennictwa<\/em>, Dental Forum 2\/2014<\/li>\n\n\n\n<li>A. Horecka-Lewitowicz i in., <em>Objawy, przebieg i post\u0119powanie w alkoholowym zespole p\u0142odowym<\/em>, Studia Medyczne 2013, 29<\/li>\n\n\n\n<li>https:\/\/www.ciazabezalkoholu.pl\/images\/file\/RozpowszechnianieFASD\/FASD_w_Polsce.pdf (dost\u0119p 03.03.2025)<\/li>\n\n\n\n<li>M. Banach (red.), <em>Alkoholowy zesp\u00f3\u0142 p\u0142odu. Teoria. Diagnoza. Praktyka<\/em>, Wydawnictwo WAM, Krak\u00f3w 2011<\/li>\n\n\n\n<li>https:\/\/www.mp.pl\/pacjent\/ciaza\/lepszy-start\/196530,fas-czyli-o-skutkach-spozywania-alkoholu-w-czasie-ciazy (dost\u0119p 03.03.2025)<\/li>\n<\/ol>\n","protected":false},"excerpt":{"rendered":"<p>Dowiedz si\u0119, jakie s\u0105 objawy FAS, na czym polega diagnostyka oraz czy mo\u017cna zapobiec alkoholowemu zespo\u0142owi p\u0142odowemu.<\/p>\n","protected":false},"author":100,"featured_media":22306,"comment_status":"closed","ping_status":"closed","sticky":false,"template":"","format":"standard","meta":{"_acf_changed":false,"inline_featured_image":false,"footnotes":""},"categories":[30],"tags":[],"coauthors":[143],"class_list":{"0":"post-22304","1":"post","2":"type-post","3":"status-publish","4":"format-standard","5":"has-post-thumbnail","7":"category-zdrowie-dzieci-i-mlodziezy"},"acf":[],"yoast_head":"<!-- This site is optimized with the Yoast SEO plugin v27.5 - https:\/\/yoast.com\/product\/yoast-seo-wordpress\/ -->\n<title>FAS (alkoholowy zesp\u00f3\u0142 p\u0142odowy) \u2013 co to jest? Objawy, przyczyny, leczenie - Centrum Wiedzy ALAB laboratoria<\/title>\n<meta name=\"description\" content=\"Dowiedz si\u0119, jakie s\u0105 objawy FAS, na czym polega diagnostyka oraz czy mo\u017cna zapobiec alkoholowemu zespo\u0142owi p\u0142odowemu.\" \/>\n<meta name=\"robots\" content=\"index, follow, max-snippet:-1, max-image-preview:large, max-video-preview:-1\" \/>\n<link rel=\"canonical\" href=\"https:\/\/www.alab.pl\/centrum-wiedzy\/fas-alkoholowy-zespol-plodowy-co-to-jest-objawy-przyczyny-leczenie\/\" \/>\n<meta property=\"og:locale\" content=\"pl_PL\" \/>\n<meta property=\"og:type\" content=\"article\" \/>\n<meta property=\"og:title\" content=\"FAS (alkoholowy zesp\u00f3\u0142 p\u0142odowy) \u2013 co to jest? Objawy, przyczyny, leczenie - Centrum Wiedzy ALAB laboratoria\" \/>\n<meta property=\"og:description\" content=\"Dowiedz si\u0119, jakie s\u0105 objawy FAS, na czym polega diagnostyka oraz czy mo\u017cna zapobiec alkoholowemu zespo\u0142owi p\u0142odowemu.\" \/>\n<meta property=\"og:url\" content=\"https:\/\/www.alab.pl\/centrum-wiedzy\/fas-alkoholowy-zespol-plodowy-co-to-jest-objawy-przyczyny-leczenie\/\" \/>\n<meta property=\"og:site_name\" content=\"Centrum Wiedzy ALAB laboratoria\" \/>\n<meta property=\"article:publisher\" content=\"https:\/\/www.facebook.com\/ALABlaboratoria\" \/>\n<meta property=\"article:published_time\" content=\"2025-03-17T09:43:31+00:00\" \/>\n<meta property=\"article:modified_time\" content=\"2025-09-09T07:22:00+00:00\" \/>\n<meta property=\"og:image\" content=\"https:\/\/www.alab.pl\/centrum-wiedzy\/wp-content\/uploads\/2025\/03\/fas-scaled.jpg\" \/>\n\t<meta property=\"og:image:width\" content=\"2560\" \/>\n\t<meta property=\"og:image:height\" content=\"1700\" \/>\n\t<meta property=\"og:image:type\" content=\"image\/jpeg\" \/>\n<meta name=\"author\" content=\"Angelika Janowicz\" \/>\n<meta name=\"twitter:card\" content=\"summary_large_image\" \/>\n<meta name=\"twitter:label1\" content=\"Napisane przez\" \/>\n\t<meta name=\"twitter:data1\" content=\"Angelika Janowicz\" \/>\n\t<meta name=\"twitter:label2\" content=\"Szacowany czas czytania\" \/>\n\t<meta name=\"twitter:data2\" content=\"7 minut\" \/>\n\t<meta name=\"twitter:label3\" content=\"Written by\" \/>\n\t<meta name=\"twitter:data3\" content=\"Angelika Janowicz\" \/>\n<!-- \/ Yoast SEO plugin. -->","yoast_head_json":{"title":"FAS (alkoholowy zesp\u00f3\u0142 p\u0142odowy) \u2013 co to jest? Objawy, przyczyny, leczenie - Centrum Wiedzy ALAB laboratoria","description":"Dowiedz si\u0119, jakie s\u0105 objawy FAS, na czym polega diagnostyka oraz czy mo\u017cna zapobiec alkoholowemu zespo\u0142owi p\u0142odowemu.","robots":{"index":"index","follow":"follow","max-snippet":"max-snippet:-1","max-image-preview":"max-image-preview:large","max-video-preview":"max-video-preview:-1"},"canonical":"https:\/\/www.alab.pl\/centrum-wiedzy\/fas-alkoholowy-zespol-plodowy-co-to-jest-objawy-przyczyny-leczenie\/","og_locale":"pl_PL","og_type":"article","og_title":"FAS (alkoholowy zesp\u00f3\u0142 p\u0142odowy) \u2013 co to jest? Objawy, przyczyny, leczenie - Centrum Wiedzy ALAB laboratoria","og_description":"Dowiedz si\u0119, jakie s\u0105 objawy FAS, na czym polega diagnostyka oraz czy mo\u017cna zapobiec alkoholowemu zespo\u0142owi p\u0142odowemu.","og_url":"https:\/\/www.alab.pl\/centrum-wiedzy\/fas-alkoholowy-zespol-plodowy-co-to-jest-objawy-przyczyny-leczenie\/","og_site_name":"Centrum Wiedzy ALAB laboratoria","article_publisher":"https:\/\/www.facebook.com\/ALABlaboratoria","article_published_time":"2025-03-17T09:43:31+00:00","article_modified_time":"2025-09-09T07:22:00+00:00","og_image":[{"width":2560,"height":1700,"url":"https:\/\/www.alab.pl\/centrum-wiedzy\/wp-content\/uploads\/2025\/03\/fas-scaled.jpg","type":"image\/jpeg"}],"author":"Angelika Janowicz","twitter_card":"summary_large_image","twitter_misc":{"Napisane przez":"Angelika Janowicz","Szacowany czas czytania":"7 minut","Written by":"Angelika Janowicz"},"schema":{"@context":"https:\/\/schema.org","@graph":[{"@type":"Article","@id":"https:\/\/www.alab.pl\/centrum-wiedzy\/fas-alkoholowy-zespol-plodowy-co-to-jest-objawy-przyczyny-leczenie\/#article","isPartOf":{"@id":"https:\/\/www.alab.pl\/centrum-wiedzy\/fas-alkoholowy-zespol-plodowy-co-to-jest-objawy-przyczyny-leczenie\/"},"author":{"name":"Angelika Janowicz","@id":"https:\/\/www.alab.pl\/centrum-wiedzy\/#\/schema\/person\/f714a3843f15f9646db0448b28a900e1"},"headline":"FAS (alkoholowy zesp\u00f3\u0142 p\u0142odowy) \u2013 co to jest? Objawy, przyczyny, leczenie","datePublished":"2025-03-17T09:43:31+00:00","dateModified":"2025-09-09T07:22:00+00:00","mainEntityOfPage":{"@id":"https:\/\/www.alab.pl\/centrum-wiedzy\/fas-alkoholowy-zespol-plodowy-co-to-jest-objawy-przyczyny-leczenie\/"},"wordCount":1210,"publisher":{"@id":"https:\/\/www.alab.pl\/centrum-wiedzy\/#organization"},"image":{"@id":"https:\/\/www.alab.pl\/centrum-wiedzy\/fas-alkoholowy-zespol-plodowy-co-to-jest-objawy-przyczyny-leczenie\/#primaryimage"},"thumbnailUrl":"https:\/\/www.alab.pl\/centrum-wiedzy\/wp-content\/uploads\/2025\/03\/fas-scaled.jpg","articleSection":["Zdrowie dzieci i m\u0142odzie\u017cy"],"inLanguage":"pl-PL"},{"@type":"WebPage","@id":"https:\/\/www.alab.pl\/centrum-wiedzy\/fas-alkoholowy-zespol-plodowy-co-to-jest-objawy-przyczyny-leczenie\/","url":"https:\/\/www.alab.pl\/centrum-wiedzy\/fas-alkoholowy-zespol-plodowy-co-to-jest-objawy-przyczyny-leczenie\/","name":"FAS (alkoholowy zesp\u00f3\u0142 p\u0142odowy) \u2013 co to jest? Objawy, przyczyny, leczenie - Centrum Wiedzy ALAB laboratoria","isPartOf":{"@id":"https:\/\/www.alab.pl\/centrum-wiedzy\/#website"},"primaryImageOfPage":{"@id":"https:\/\/www.alab.pl\/centrum-wiedzy\/fas-alkoholowy-zespol-plodowy-co-to-jest-objawy-przyczyny-leczenie\/#primaryimage"},"image":{"@id":"https:\/\/www.alab.pl\/centrum-wiedzy\/fas-alkoholowy-zespol-plodowy-co-to-jest-objawy-przyczyny-leczenie\/#primaryimage"},"thumbnailUrl":"https:\/\/www.alab.pl\/centrum-wiedzy\/wp-content\/uploads\/2025\/03\/fas-scaled.jpg","datePublished":"2025-03-17T09:43:31+00:00","dateModified":"2025-09-09T07:22:00+00:00","description":"Dowiedz si\u0119, jakie s\u0105 objawy FAS, na czym polega diagnostyka oraz czy mo\u017cna zapobiec alkoholowemu zespo\u0142owi p\u0142odowemu.","breadcrumb":{"@id":"https:\/\/www.alab.pl\/centrum-wiedzy\/fas-alkoholowy-zespol-plodowy-co-to-jest-objawy-przyczyny-leczenie\/#breadcrumb"},"inLanguage":"pl-PL","potentialAction":[{"@type":"ReadAction","target":["https:\/\/www.alab.pl\/centrum-wiedzy\/fas-alkoholowy-zespol-plodowy-co-to-jest-objawy-przyczyny-leczenie\/"]}]},{"@type":"ImageObject","inLanguage":"pl-PL","@id":"https:\/\/www.alab.pl\/centrum-wiedzy\/fas-alkoholowy-zespol-plodowy-co-to-jest-objawy-przyczyny-leczenie\/#primaryimage","url":"https:\/\/www.alab.pl\/centrum-wiedzy\/wp-content\/uploads\/2025\/03\/fas-scaled.jpg","contentUrl":"https:\/\/www.alab.pl\/centrum-wiedzy\/wp-content\/uploads\/2025\/03\/fas-scaled.jpg","width":2560,"height":1700,"caption":"fas"},{"@type":"BreadcrumbList","@id":"https:\/\/www.alab.pl\/centrum-wiedzy\/fas-alkoholowy-zespol-plodowy-co-to-jest-objawy-przyczyny-leczenie\/#breadcrumb","itemListElement":[{"@type":"ListItem","position":1,"name":"Strona g\u0142\u00f3wna","item":"https:\/\/www.alab.pl\/centrum-wiedzy\/"},{"@type":"ListItem","position":2,"name":"FAS (alkoholowy zesp\u00f3\u0142 p\u0142odowy) \u2013 co to jest? Objawy, przyczyny, leczenie"}]},{"@type":"WebSite","@id":"https:\/\/www.alab.pl\/centrum-wiedzy\/#website","url":"https:\/\/www.alab.pl\/centrum-wiedzy\/","name":"Centrum Wiedzy ALAB laboratoria","description":"","publisher":{"@id":"https:\/\/www.alab.pl\/centrum-wiedzy\/#organization"},"potentialAction":[{"@type":"SearchAction","target":{"@type":"EntryPoint","urlTemplate":"https:\/\/www.alab.pl\/centrum-wiedzy\/?s={search_term_string}"},"query-input":{"@type":"PropertyValueSpecification","valueRequired":true,"valueName":"search_term_string"}}],"inLanguage":"pl-PL"},{"@type":"Organization","@id":"https:\/\/www.alab.pl\/centrum-wiedzy\/#organization","name":"Centrum Wiedzy ALAB laboratoria","url":"https:\/\/www.alab.pl\/centrum-wiedzy\/","logo":{"@type":"ImageObject","inLanguage":"pl-PL","@id":"https:\/\/www.alab.pl\/centrum-wiedzy\/#\/schema\/logo\/image\/","url":"https:\/\/www.alab.pl\/centrum-wiedzy\/wp-content\/uploads\/2022\/04\/alabek.jpg","contentUrl":"https:\/\/www.alab.pl\/centrum-wiedzy\/wp-content\/uploads\/2022\/04\/alabek.jpg","width":1250,"height":1251,"caption":"Centrum Wiedzy ALAB laboratoria"},"image":{"@id":"https:\/\/www.alab.pl\/centrum-wiedzy\/#\/schema\/logo\/image\/"},"sameAs":["https:\/\/www.facebook.com\/ALABlaboratoria"]},{"@type":"Person","@id":"https:\/\/www.alab.pl\/centrum-wiedzy\/#\/schema\/person\/f714a3843f15f9646db0448b28a900e1","name":"Angelika Janowicz","image":{"@type":"ImageObject","inLanguage":"pl-PL","@id":"https:\/\/www.alab.pl\/centrum-wiedzy\/wp-content\/uploads\/2024\/05\/Janowicz-Angelika-150x150.png9339cd1d56dcba9ded72b55067841306","url":"https:\/\/www.alab.pl\/centrum-wiedzy\/wp-content\/uploads\/2024\/05\/Janowicz-Angelika-150x150.png","contentUrl":"https:\/\/www.alab.pl\/centrum-wiedzy\/wp-content\/uploads\/2024\/05\/Janowicz-Angelika-150x150.png","caption":"Angelika Janowicz"},"description":"Z wykszta\u0142cenia piel\u0119gniarka, absolwentka Uniwersytetu Medycznego im. Piast\u00f3w \u015al\u0105skich we Wroc\u0142awiu. Do\u015bwiadczenie zawodowe zdobywa\u0142a w gabinecie zabiegowym, a tak\u017ce w poradni laryngologicznej, pediatrycznej i kardiologicznej. Interesuje si\u0119 psychodietetyk\u0105 i \u017cywieniem cz\u0142owieka w chorobach metabolicznych \u2013 w szczeg\u00f3lno\u015bci zastosowaniem diet niskow\u0119glowodanowych w insulinooporno\u015bci.","url":"https:\/\/www.alab.pl\/centrum-wiedzy\/author\/angelika-janowicz\/"}]}},"_links":{"self":[{"href":"https:\/\/www.alab.pl\/centrum-wiedzy\/wp-json\/wp\/v2\/posts\/22304","targetHints":{"allow":["GET"]}}],"collection":[{"href":"https:\/\/www.alab.pl\/centrum-wiedzy\/wp-json\/wp\/v2\/posts"}],"about":[{"href":"https:\/\/www.alab.pl\/centrum-wiedzy\/wp-json\/wp\/v2\/types\/post"}],"author":[{"embeddable":true,"href":"https:\/\/www.alab.pl\/centrum-wiedzy\/wp-json\/wp\/v2\/users\/100"}],"replies":[{"embeddable":true,"href":"https:\/\/www.alab.pl\/centrum-wiedzy\/wp-json\/wp\/v2\/comments?post=22304"}],"version-history":[{"count":3,"href":"https:\/\/www.alab.pl\/centrum-wiedzy\/wp-json\/wp\/v2\/posts\/22304\/revisions"}],"predecessor-version":[{"id":26730,"href":"https:\/\/www.alab.pl\/centrum-wiedzy\/wp-json\/wp\/v2\/posts\/22304\/revisions\/26730"}],"wp:featuredmedia":[{"embeddable":true,"href":"https:\/\/www.alab.pl\/centrum-wiedzy\/wp-json\/wp\/v2\/media\/22306"}],"wp:attachment":[{"href":"https:\/\/www.alab.pl\/centrum-wiedzy\/wp-json\/wp\/v2\/media?parent=22304"}],"wp:term":[{"taxonomy":"category","embeddable":true,"href":"https:\/\/www.alab.pl\/centrum-wiedzy\/wp-json\/wp\/v2\/categories?post=22304"},{"taxonomy":"post_tag","embeddable":true,"href":"https:\/\/www.alab.pl\/centrum-wiedzy\/wp-json\/wp\/v2\/tags?post=22304"},{"taxonomy":"author","embeddable":true,"href":"https:\/\/www.alab.pl\/centrum-wiedzy\/wp-json\/wp\/v2\/coauthors?post=22304"}],"curies":[{"name":"wp","href":"https:\/\/api.w.org\/{rel}","templated":true}]}}