{"id":22315,"date":"2025-03-17T11:57:21","date_gmt":"2025-03-17T10:57:21","guid":{"rendered":"https:\/\/www.alab.pl\/centrum-wiedzy\/?p=22315"},"modified":"2025-03-17T11:57:23","modified_gmt":"2025-03-17T10:57:23","slug":"dysmorfia-co-to-jest-jakie-sa-jej-przyczyny-i-objawy","status":"publish","type":"post","link":"https:\/\/www.alab.pl\/centrum-wiedzy\/dysmorfia-co-to-jest-jakie-sa-jej-przyczyny-i-objawy\/","title":{"rendered":"Dysmorfia \u2013 co to jest? Jakie s\u0105 jej przyczyny i objawy?"},"content":{"rendered":"\n<p><strong>Dysmorfia to termin medyczny, kt\u00f3ry odnosi si\u0119 do wrodzonych odmienno\u015bci w budowie cia\u0142a lub twarzy. Obejmuje zar\u00f3wno subtelne zmiany estetyczne, jak i deformacje, kt\u00f3re mog\u0105 wp\u0142yn\u0105\u0107 na funkcjonowanie organizmu. Niekt\u00f3re z nich stanowi\u0105 objaw powa\u017cnych zespo\u0142\u00f3w wad wrodzonych. W wielu przypadkach cechy te s\u0105 dostrzegalne ju\u017c przy urodzeniu, ale zdarza si\u0119, \u017ce ujawniaj\u0105 si\u0119 dopiero w p\u00f3\u017aniejszym wieku. Dowiedz si\u0119, jakie s\u0105 przyczyny, rodzaje i objawy dysmorfii.<\/strong><\/p>\n\n\n\n<p>Spis tre\u015bci:<\/p>\n\n\n\n<ol class=\"wp-block-list\">\n<li><a href=\"#Dysmorfie-\u2013-czym-s\u0105?\">Dysmorfie \u2013 czym s\u0105?<\/a><\/li>\n\n\n\n<li><a href=\"#Przyczyny-rozwoju-dysmorfii-twarzy-i-cia\u0142a\">Przyczyny rozwoju dysmorfii twarzy i cia\u0142a<\/a><\/li>\n\n\n\n<li><a href=\"#Dysmorfie-\u2013-rodzaje-zmian\">Dysmorfie \u2013 rodzaje zmian<\/a>\n<ul class=\"wp-block-list\">\n<li><a href=\"#Zniekszta\u0142cenie-twarzy\">Zniekszta\u0142cenie twarzy<\/a><\/li>\n\n\n\n<li><a href=\"#Dysmorfia-uszu\">Dysmorfia uszu<\/a><\/li>\n\n\n\n<li><a href=\"#Wady-klatki-piersiowej-i-ko\u0144czyn\">Wady klatki piersiowej i ko\u0144czyn<\/a><\/li>\n\n\n\n<li><a href=\"#Dysmorfia-uk\u0142adu-moczowo-p\u0142ciowego\">Dysmorfia uk\u0142adu moczowo-p\u0142ciowego<\/a><\/li>\n\n\n\n<li><a href=\"#Zmiany-dysmorficzne-sk\u00f3ry\">Zmiany dysmorficzne sk\u00f3ry<\/a><\/li>\n<\/ul>\n<\/li>\n\n\n\n<li><a href=\"#Diagnostyka-dysmorfii\">Diagnostyka dysmorfii<\/a><\/li>\n\n\n\n<li><a href=\"#Leczenie-zmian-dysmorficznych\">Leczenie zmian dysmorficznych<\/a><\/li>\n<\/ol>\n\n\n\n<h2 class=\"wp-block-heading\" id=\"Dysmorfie-\u2013-czym-s\u0105?\">Dysmorfie \u2013 czym s\u0105?<\/h2>\n\n\n\n<p>Dysmorfia to <strong>cecha fizyczna, kt\u00f3ra jest odmienna ni\u017c powszechnie spotykana u os\u00f3b w danej populacji<\/strong>. Mo\u017ce dotyczy\u0107 ca\u0142ego cia\u0142a: twarzy, czaszki, tu\u0142owia, ko\u0144czyn g\u00f3rnych i dolnych, d\u0142oni, st\u00f3p, palc\u00f3w, narz\u0105d\u00f3w p\u0142ciowych. Dziedzin\u0105 medycyny, kt\u00f3ra zajmuje si\u0119 badaniem dysmorfii i powi\u0105zaniem ich z zespo\u0142ami wad wrodzonych jest <strong>dysmorfologia<\/strong>.<\/p>\n\n\n\n<p><strong>&gt;&gt; Sprawd\u017a: <\/strong><a href=\"https:\/\/www.alab.pl\/centrum-wiedzy\/wady-letalne-czym-sa-przyczyny-rodzaje-diagnostyka\/\"><strong>Wady letalne \u2013 czym s\u0105? Przyczyny, rodzaje, diagnostyka<\/strong><\/a><strong><\/strong><\/p>\n\n\n\n<p><strong>Dysmorfia mo\u017ce by\u0107 widoczna ju\u017c podczas narodzin lub \u2013 w rzadszych przypadkach \u2013 pojawi\u0107 si\u0119 dopiero z wiekiem. <\/strong>Zdarza si\u0119 tak\u017ce, \u017ce niekt\u00f3re cechy dysmorficzne zanikaj\u0105 wraz z rozwojem i wzrastaniem dziecka.<\/p>\n\n\n\n<p>Nie wszystkie dysmorfie mog\u0105 by\u0107 zmierzone obiektywnie. Dlatego cz\u0119\u015b\u0107 z nich ocenia si\u0119, por\u00f3wnuj\u0105c do cech wygl\u0105du danej cz\u0119\u015bci cia\u0142a u pozosta\u0142ych cz\u0142onk\u00f3w rodziny.<\/p>\n\n\n\n<p>Opr\u00f3cz cech dysmorficznych wyr\u00f3\u017cnia si\u0119 r\u00f3wnie\u017c <strong>zesp\u00f3\u0142 dysmorficzny<\/strong>. To unikalny i powi\u0105zany ze sob\u0105 zestaw dysmorfii, kt\u00f3remu zwykle towarzysz\u0105 wady narz\u0105d\u00f3w wewn\u0119trznych oraz zaburzenia rozwoju somatycznego lub psychoruchowego. Do tej grupy zalicza si\u0119 m.in. zesp\u00f3\u0142 Noonan, <a href=\"https:\/\/www.alab.pl\/centrum-wiedzy\/zespol-downa-przyczyny-objawy-badania-i-diagnostyka\/\">zesp\u00f3\u0142 Downa<\/a>, zesp\u00f3\u0142 Meckela-Grubera, zesp\u00f3\u0142 Pradera-Williego.<\/p>\n\n\n\n<figure class=\"wp-block-table\"><table class=\"has-fixed-layout\"><tbody><tr><td><strong>Warto wiedzie\u0107:<\/strong> <br>Zespo\u0142y dysmorficzne zaliczane s\u0105 do <a href=\"https:\/\/www.alab.pl\/centrum-wiedzy\/choroby-rzadkie-i-ultrarzadkie\/\">chor\u00f3b rzadkich<\/a>. Wyst\u0119puj\u0105 nie cz\u0119\u015bciej ni\u017c 1:2000 urodze\u0144, chocia\u017c wiele z nich ma jeszcze ni\u017csz\u0105 cz\u0119sto\u015b\u0107 wyst\u0119powania.<\/td><\/tr><\/tbody><\/table><\/figure>\n\n\n\n<h2 class=\"wp-block-heading\" id=\"Przyczyny-rozwoju-dysmorfii-twarzy-i-cia\u0142a\">Przyczyny rozwoju dysmorfii twarzy i cia\u0142a<\/h2>\n\n\n\n<p>Mo\u017cliwe przyczyny dysmorfii twarzy i cia\u0142a to g\u0142\u00f3wnie:<\/p>\n\n\n\n<ul class=\"wp-block-list\">\n<li>mutacje genetyczne powoduj\u0105ce zaburzenia rozwoju w okresie zarodkowym,<\/li>\n\n\n\n<li>dzia\u0142anie na p\u0142\u00f3d czynnik\u00f3w teratogennych.<\/li>\n<\/ul>\n\n\n\n<p>Teratogeny to r\u00f3\u017cnego rodzaju <strong>czynniki zewn\u0119trzne, kt\u00f3re dzia\u0142aj\u0105c na p\u0142\u00f3d, powoduj\u0105 zaburzenia w jego rozwoju<\/strong>. Do wyst\u0105pienia dysmorfii mog\u0105 przyczyni\u0107 si\u0119 m.in. niekt\u00f3re leki lub alkohol.<\/p>\n\n\n\n<p><strong>&gt;&gt; Przeczytaj: <\/strong><a href=\"https:\/\/www.alab.pl\/centrum-wiedzy\/badania-wspierajace-leczenie-alkoholizmu\/\"><strong>Badania wspieraj\u0105ce leczenie alkoholizmu<\/strong><\/a><strong><\/strong><\/p>\n\n\n\n<h2 class=\"wp-block-heading\" id=\"Dysmorfie-\u2013-rodzaje-zmian\">Dysmorfie \u2013 rodzaje zmian<\/h2>\n\n\n\n<p>Dysmorfia mo\u017ce dotyczy\u0107 r\u00f3\u017cnych cz\u0119\u015bci cia\u0142a. Cechy dysmorficzne zaliczane s\u0105 do tzw. <strong>ma\u0142ych wad rozwojowych<\/strong>. Najcz\u0119\u015bciej <strong>wsp\u00f3\u0142wyst\u0119powanie kilku ma\u0142ych wad rozwojowych jest oznak\u0105 obecno\u015bci zespo\u0142u dysmorficznego<\/strong>.<\/p>\n\n\n\n<figure class=\"wp-block-image size-full\"><a href=\"https:\/\/www.alab.pl\/badanie\/genetyczny-panel-diagnostyczny-dysmorfologia-metoda-ngs-badanie-z-konsultacja\"><img loading=\"lazy\" decoding=\"async\" width=\"800\" height=\"200\" src=\"https:\/\/www.alab.pl\/centrum-wiedzy\/wp-content\/uploads\/2025\/03\/Panel-dysmorfologia-genetyczny-panel-diagnostyczny-met.-NGS-badanie-z-konsultacja\u2560E.png\" alt=\"Panel dysmorfologia - genetyczny panel diagnostyczny met. NGS (badanie z konsultacj\u0105) banerek\" class=\"wp-image-22207\" srcset=\"https:\/\/www.alab.pl\/centrum-wiedzy\/wp-content\/uploads\/2025\/03\/Panel-dysmorfologia-genetyczny-panel-diagnostyczny-met.-NGS-badanie-z-konsultacja\u2560E.png 800w, https:\/\/www.alab.pl\/centrum-wiedzy\/wp-content\/uploads\/2025\/03\/Panel-dysmorfologia-genetyczny-panel-diagnostyczny-met.-NGS-badanie-z-konsultacja\u2560E-768x192.png 768w, https:\/\/www.alab.pl\/centrum-wiedzy\/wp-content\/uploads\/2025\/03\/Panel-dysmorfologia-genetyczny-panel-diagnostyczny-met.-NGS-badanie-z-konsultacja\u2560E-150x38.png 150w, https:\/\/www.alab.pl\/centrum-wiedzy\/wp-content\/uploads\/2025\/03\/Panel-dysmorfologia-genetyczny-panel-diagnostyczny-met.-NGS-badanie-z-konsultacja\u2560E-300x75.png 300w, https:\/\/www.alab.pl\/centrum-wiedzy\/wp-content\/uploads\/2025\/03\/Panel-dysmorfologia-genetyczny-panel-diagnostyczny-met.-NGS-badanie-z-konsultacja\u2560E-696x174.png 696w\" sizes=\"auto, (max-width: 800px) 100vw, 800px\" \/><\/a><\/figure>\n\n\n\n<h3 class=\"wp-block-heading\" id=\"Zniekszta\u0142cenie-twarzy\">Zniekszta\u0142cenie twarzy<\/h3>\n\n\n\n<p>Dysmorfia twarzy mo\u017ce obejmowa\u0107 m.in.:<\/p>\n\n\n\n<ul class=\"wp-block-list\">\n<li><strong>hiperteloryzm<\/strong> \u2013 szerokie rozstawienie oczodo\u0142\u00f3w (nawet 2 razy wi\u0119ksze ni\u017c prawid\u0142owe),<\/li>\n\n\n\n<li><strong>mikrognacj\u0119<\/strong> \u2013 nieprawid\u0142owo ma\u0142\u0105 \u017cuchw\u0119,<\/li>\n\n\n\n<li><strong>zmarszczk\u0119 nak\u0105tn\u0105<\/strong> \u2013 fa\u0142d sk\u00f3rny biegn\u0105cy od g\u00f3rnej do dolnej powieki, kt\u00f3ry przykrywa k\u0105t przy\u015brodkowy oka,<\/li>\n\n\n\n<li><strong>telekantus<\/strong> \u2013 zwi\u0119kszon\u0105 odleg\u0142o\u015b\u0107 mi\u0119dzy wewn\u0119trznymi k\u0105tami oczu,<\/li>\n\n\n\n<li><strong>ankyloblefaron<\/strong> \u2013 zro\u015bni\u0119cie brzeg\u00f3w powiek,<\/li>\n\n\n\n<li><strong>pojedyncze nozdrze<\/strong> \u2013 wyst\u0119powanie jednego zewn\u0119trznego otworu nosowego,<\/li>\n\n\n\n<li><strong>wyg\u0142adzon\u0105 rynienk\u0119 podnosow\u0105<\/strong> \u2013 brak fa\u0142du sk\u00f3ry mi\u0119dzy podstaw\u0105 nosa a g\u00f3rn\u0105 warg\u0105,<\/li>\n\n\n\n<li><strong>niedorozw\u00f3j skrzyde\u0142 nosa<\/strong> \u2013 nierozwini\u0119te, cie\u0144sze lub nadmiernie \u0142ukowate skrzyde\u0142ka nosa.<\/li>\n<\/ul>\n\n\n\n<figure class=\"wp-block-table\"><table class=\"has-fixed-layout\"><tbody><tr><td><strong>Warto wiedzie\u0107:<\/strong> <br>Jednym z zaburze\u0144, w kt\u00f3rych wyst\u0119puje charakterystyczna dysmorfia twarzy jest FAS \u2013 p\u0142odowy zesp\u00f3\u0142 alkoholowy. Jej objawy to m.in. brak lub sp\u0142aszczenie rynienki podnosowej, szerokie rozstawienie oczu, zmarszczka nak\u0105tna, niedorozw\u00f3j \u017cuchwy, kr\u00f3tki i zadarty nos.<\/td><\/tr><\/tbody><\/table><\/figure>\n\n\n\n<h3 class=\"wp-block-heading\" id=\"Dysmorfia-uszu\">Dysmorfia uszu<\/h3>\n\n\n\n<p>Dysmorfia uszu mo\u017ce obejmowa\u0107 zmiany ich wielko\u015bci, osadzenia czy budowy anatomicznej. S\u0105 to m.in.:<\/p>\n\n\n\n<ul class=\"wp-block-list\">\n<li><strong>anocja<\/strong> \u2013 brak wszystkich struktur ma\u0142\u017cowiny usznej,<\/li>\n\n\n\n<li><strong>ucho zmi\u0119te<\/strong> \u2013 nieprawid\u0142owe pofa\u0142dowanie ucha (obecno\u015b\u0107 dodatkowych fa\u0142d i odn\u00f3g),<\/li>\n\n\n\n<li><strong>skrytousze <\/strong>\u2013 g\u00f3rna cz\u0119\u015b\u0107 ma\u0142\u017cowiny usznej schowana pod fa\u0142dem sk\u00f3ry w\u0142a\u015bciwej,<\/li>\n\n\n\n<li><strong>odstaj\u0105ce uszy<\/strong> \u2013 zwi\u0119kszona odleg\u0142o\u015b\u0107 mi\u0119dzy ma\u0142\u017cowin\u0105 a czaszk\u0105,<\/li>\n\n\n\n<li><strong>nisko osadzone uszy <\/strong>\u2013 g\u00f3rna cz\u0119\u015b\u0107 ucha przyczepiona jest poni\u017cej linii przechodz\u0105cej przez wewn\u0119trzne k\u0105ciki oczu.<\/li>\n<\/ul>\n\n\n\n<p><strong>&gt;&gt; Zobacz tak\u017ce: <\/strong><a href=\"https:\/\/www.alab.pl\/centrum-wiedzy\/choroba-hioba-zespol-hiper-ige-objawy-przyczyny-diagnostyka\/\"><strong>Choroba Hioba (zesp\u00f3\u0142 hiper IgE) \u2013 objawy, przyczyny, diagnostyka<\/strong><\/a><strong><\/strong><\/p>\n\n\n\n<h3 class=\"wp-block-heading\" id=\"Wady-klatki-piersiowej-i-ko\u0144czyn\">Wady klatki piersiowej i ko\u0144czyn<\/h3>\n\n\n\n<p>Dysmorfie w obr\u0119bie klatki piersiowej mog\u0105 przybiera\u0107 posta\u0107 m.in.:<\/p>\n\n\n\n<ul class=\"wp-block-list\">\n<li><strong>klatki piersiowej kurzej<\/strong> \u2013 nadmiernie uwypuklona mostkowa cz\u0119\u015bci klatki,<\/li>\n\n\n\n<li><strong>klatki piersiowej lejkowatej<\/strong> (szewskiej) \u2013 zapadni\u0119cie mostka.<\/li>\n<\/ul>\n\n\n\n<p>Deformacje ko\u0144czyn mog\u0105 obejmowa\u0107 ich skr\u00f3cenie lub nieprawid\u0142owy kszta\u0142t, <strong>polidaktyli\u0119<\/strong> (obecno\u015b\u0107 nadliczbowych palc\u00f3w), <strong>kamptodaktyli\u0119<\/strong> (przykurcz zgi\u0119ciowy palca lub palc\u00f3w) czy <strong>syndaktyli\u0119 <\/strong>(zro\u015bni\u0119cie palc\u00f3w).<\/p>\n\n\n\n<p><strong>&gt;&gt; To mo\u017ce Ci\u0119 zainteresowa\u0107: <\/strong><a href=\"https:\/\/www.alab.pl\/centrum-wiedzy\/niskoroslosc-objawy-przyczyny-diagnostyka-i-leczenie-niedoboru-wzrostu\/\"><strong>Niskoros\u0142o\u015b\u0107 \u2013 objawy, przyczyny, diagnostyka i leczenie niedoboru wzrostu<\/strong><\/a><strong><\/strong><\/p>\n\n\n\n<h3 class=\"wp-block-heading\" id=\"Dysmorfia-uk\u0142adu-moczowo-p\u0142ciowego\">Dysmorfia uk\u0142adu moczowo-p\u0142ciowego<\/h3>\n\n\n\n<p>Jedn\u0105 z najcz\u0119stszych dysmorfii uk\u0142adu moczowo-p\u0142ciowego u m\u0119\u017cczyzn jest <strong>spodziectwo<\/strong>. To stan, w kt\u00f3rym zewn\u0119trzne <strong>uj\u015bcie cewki moczowej jest zw\u0119\u017cone i znajduje si\u0119 na brzusznej powierzchni penisa<\/strong>. Mo\u017ce by\u0107 niewielkim defektem kosmetycznym lub by\u0107 przyczyn\u0105 zaburze\u0144 w oddawaniu <a href=\"https:\/\/www.alab.pl\/centrum-wiedzy\/mocz-jak-powstaje-kiedy-zrobic-badanie-i-jak-sie-przygotowac\/\">moczu<\/a> i funkcji seksualnych.<\/p>\n\n\n\n<h3 class=\"wp-block-heading\" id=\"Zmiany-dysmorficzne-sk\u00f3ry\">Zmiany dysmorficzne sk\u00f3ry<\/h3>\n\n\n\n<p>Dysmorfie sk\u00f3rne mog\u0105 przybiera\u0107 r\u00f3\u017cne formy. S\u0105 to m.in. <strong>plamy caf\u00e9-au-lait<\/strong> (wykwity sk\u00f3rne przybieraj\u0105ce posta\u0107 jasnobr\u0105zowych plam) czy nadmierne ow\u0142osienie. Innym objawem jest <strong>pojedyncza bruzda zgi\u0119ciowa<\/strong>, co oznacza, \u017ce w poprzek d\u0142oni przebiega tylko jedna zamiast dw\u00f3ch bruzd.<\/p>\n\n\n\n<p><strong>&gt;&gt; Przeczytaj: <\/strong><a href=\"https:\/\/www.alab.pl\/centrum-wiedzy\/bielactwo-co-warto-o-nim-wiedziec\/\"><strong>Bielactwo \u2013 co warto o nim wiedzie\u0107?<\/strong><\/a><strong><\/strong><\/p>\n\n\n\n<h2 class=\"wp-block-heading\" id=\"Diagnostyka-dysmorfii\">Diagnostyka dysmorfii<\/h2>\n\n\n\n<p><strong>Diagnostyka dysmorfii<\/strong> cz\u0119sto jest z\u0142o\u017cona. Obejmuje:<\/p>\n\n\n\n<ul class=\"wp-block-list\">\n<li>wywiad medyczny,<\/li>\n\n\n\n<li>badanie fizykalne,<\/li>\n\n\n\n<li>badania obrazowe (np. RTG),<\/li>\n\n\n\n<li>badania genetyczne (badanie genetyczne WES lub metod\u0105 NGS).<\/li>\n<\/ul>\n\n\n\n<p>Cz\u0119sto konieczne s\u0105 konsultacje z licznymi specjalistami (m.in. genetykiem). Bardzo wa\u017cne jest <strong>ustalenie, czy dana cecha dysmorficzna jest oznak\u0105 obecno\u015bci zespo\u0142u dysmorficznego<\/strong>.<\/p>\n\n\n\n<figure class=\"wp-block-image size-full\"><a href=\"https:\/\/www.alab.pl\/badanie\/badanie-genetyczne-wes-kompleksowe-sekwencjonowanie-egzomu-badanie-z-konsultacja\"><img loading=\"lazy\" decoding=\"async\" width=\"800\" height=\"200\" src=\"https:\/\/www.alab.pl\/centrum-wiedzy\/wp-content\/uploads\/2025\/02\/badanie-genetyczne-WES.jpg\" alt=\"badanie genetyczne WES banerek\" class=\"wp-image-21941\" srcset=\"https:\/\/www.alab.pl\/centrum-wiedzy\/wp-content\/uploads\/2025\/02\/badanie-genetyczne-WES.jpg 800w, https:\/\/www.alab.pl\/centrum-wiedzy\/wp-content\/uploads\/2025\/02\/badanie-genetyczne-WES-768x192.jpg 768w, https:\/\/www.alab.pl\/centrum-wiedzy\/wp-content\/uploads\/2025\/02\/badanie-genetyczne-WES-150x38.jpg 150w, https:\/\/www.alab.pl\/centrum-wiedzy\/wp-content\/uploads\/2025\/02\/badanie-genetyczne-WES-300x75.jpg 300w, https:\/\/www.alab.pl\/centrum-wiedzy\/wp-content\/uploads\/2025\/02\/badanie-genetyczne-WES-696x174.jpg 696w\" sizes=\"auto, (max-width: 800px) 100vw, 800px\" \/><\/a><\/figure>\n\n\n\n<h2 class=\"wp-block-heading\" id=\"Leczenie-zmian-dysmorficznych\">Leczenie zmian dysmorficznych<\/h2>\n\n\n\n<p>Nie wszystkie zmiany dysmorficzne wymagaj\u0105 leczenia lub mog\u0105 by\u0107 leczone. <strong>Cz\u0119\u015b\u0107 z nich udaje si\u0119 skorygowa\u0107 przy pomocy zabiegu chirurgicznego.<\/strong> W zaakceptowaniu odmiennego wygl\u0105du pomocna mo\u017ce by\u0107 psychoterapia. Je\u017celi zosta\u0142 rozpoznany zesp\u00f3\u0142 dysmorficzny, leczenie dopasowywane jest indywidualnie do ka\u017cdego pacjenta.<\/p>\n\n\n\n<figure class=\"wp-block-table\"><table class=\"has-fixed-layout\"><tbody><tr><td><strong>Warto wiedzie\u0107:<\/strong> <br>Dysmorfie wyst\u0119puj\u0105 u 1\u20135% zdrowej populacji i w takim przypadku s\u0105 traktowane jako cecha osobnicza.<\/td><\/tr><\/tbody><\/table><\/figure>\n\n\n\n<p><strong>&gt;&gt; Sprawd\u017a: <\/strong><a href=\"https:\/\/www.alab.pl\/centrum-wiedzy\/czy-warto-poznac-swoje-geny-znaczenie-badan-genetycznych-w-diagnostyce-i-leczeniu-chorob\/\"><strong>Czy warto pozna\u0107 swoje geny? Znaczenie bada\u0144 genetycznych w diagnostyce i leczeniu chor\u00f3b<\/strong><\/a><strong><\/strong><\/p>\n\n\n\n<p>Dysmorfie to zmiany w budowie okre\u015blonych cz\u0119\u015bci cia\u0142a (m.in. twarzy, uszu, klatki piersiowej, ko\u0144czyn g\u00f3rnych i dolnych), kt\u00f3re maj\u0105 charakter wrodzony. Mog\u0105 wyst\u0119powa\u0107 samodzielnie i stanowi\u0107 wy\u0142\u0105cznie defekt kosmetyczny lub by\u0107 cz\u0119\u015bci\u0105 zespo\u0142\u00f3w dysmorficznych i wsp\u00f3\u0142wyst\u0119powa\u0107 z innymi wadami rozwojowymi. W pierwszym przypadku zwykle nie wymagaj\u0105 leczenia, ale cz\u0119\u015b\u0107 z nich mo\u017ce by\u0107 skorygowana dzi\u0119ki zabiegowi chirurgicznemu.<\/p>\n\n\n\n<p><strong>Opieka merytoryczna: lek. Sara Aszkie\u0142owicz<\/strong><\/p>\n\n\n\n<hr class=\"wp-block-separator has-alpha-channel-opacity\"\/>\n\n\n\n<p><strong>Bibliografia<\/strong><\/p>\n\n\n\n<ol start=\"1\" class=\"wp-block-list\">\n<li>R. \u015amigiel i in., <em>Dysmorfologia w praktyce pediatrycznej<\/em>, Standardy Medyczne\/Pediatria 2013<\/li>\n\n\n\n<li>N. Bishara, C.L. Clericuzio, <em>Zespo\u0142y dysmorficzne cz\u0119sto spotykane w oddzia\u0142ach intensywnej terapii noworodk\u00f3w<\/em>, Pediatria po Dyplomie 2009, t. 13, nr 1, s. 70\u201382<\/li>\n\n\n\n<li>https:\/\/www.mp.pl\/pacjent\/okulistyka\/chorobyoczu\/chorobyoczodolu\/129206,hiperteloryzm (dost\u0119p 05.03.2025)<\/li>\n\n\n\n<li>https:\/\/www.mp.pl\/pacjent\/okulistyka\/chorobyoczu\/chorobypowiekiukladulzowego\/97238,zmarszczka-nakatna (dost\u0119p 05.03.2025)<\/li>\n\n\n\n<li>R.CM. Hennekam i in., <em>Elementy morfologii: Standardowe nazewnictwo cech dysmorficznych nosa i rynienki podnosowej<\/em>, Standardy Medyczne\/Pediatria 2014<\/li>\n\n\n\n<li>A. Hunter i in., <em>Elementy Morfologii: Standardowe Nazewnictwo Cech Dysmorficznych Ucha<\/em>, Standardy Medyczne\/Pediatria 2014<\/li>\n<\/ol>\n","protected":false},"excerpt":{"rendered":"<p>Dysmorfia odnosi si\u0119 do wrodzonych odmienno\u015bci w budowie cia\u0142a lub twarzy. Sprawd\u017a przyczyny, rodzaje i objawy dysmorfii.<\/p>\n","protected":false},"author":100,"featured_media":22320,"comment_status":"closed","ping_status":"closed","sticky":false,"template":"","format":"standard","meta":{"_acf_changed":false,"inline_featured_image":false,"footnotes":""},"categories":[13],"tags":[],"coauthors":[143],"class_list":{"0":"post-22315","1":"post","2":"type-post","3":"status-publish","4":"format-standard","5":"has-post-thumbnail","7":"category-choroby-ukladu-nerwowego"},"acf":[],"yoast_head":"<!-- This site is optimized with the Yoast SEO plugin v27.5 - https:\/\/yoast.com\/product\/yoast-seo-wordpress\/ -->\n<title>Dysmorfia \u2013 co to jest? Jakie s\u0105 jej przyczyny i objawy? - Centrum Wiedzy ALAB laboratoria<\/title>\n<meta name=\"description\" content=\"Dysmorfia odnosi si\u0119 do wrodzonych odmienno\u015bci w budowie cia\u0142a lub twarzy. Sprawd\u017a przyczyny, rodzaje i objawy dysmorfii.\" \/>\n<meta name=\"robots\" content=\"index, follow, max-snippet:-1, max-image-preview:large, max-video-preview:-1\" \/>\n<link rel=\"canonical\" href=\"https:\/\/www.alab.pl\/centrum-wiedzy\/dysmorfia-co-to-jest-jakie-sa-jej-przyczyny-i-objawy\/\" \/>\n<meta property=\"og:locale\" content=\"pl_PL\" \/>\n<meta property=\"og:type\" content=\"article\" \/>\n<meta property=\"og:title\" content=\"Dysmorfia \u2013 co to jest? Jakie s\u0105 jej przyczyny i objawy? - Centrum Wiedzy ALAB laboratoria\" \/>\n<meta property=\"og:description\" content=\"Dysmorfia odnosi si\u0119 do wrodzonych odmienno\u015bci w budowie cia\u0142a lub twarzy. Sprawd\u017a przyczyny, rodzaje i objawy dysmorfii.\" \/>\n<meta property=\"og:url\" content=\"https:\/\/www.alab.pl\/centrum-wiedzy\/dysmorfia-co-to-jest-jakie-sa-jej-przyczyny-i-objawy\/\" \/>\n<meta property=\"og:site_name\" content=\"Centrum Wiedzy ALAB laboratoria\" \/>\n<meta property=\"article:publisher\" content=\"https:\/\/www.facebook.com\/ALABlaboratoria\" \/>\n<meta property=\"article:published_time\" content=\"2025-03-17T10:57:21+00:00\" \/>\n<meta property=\"article:modified_time\" content=\"2025-03-17T10:57:23+00:00\" \/>\n<meta property=\"og:image\" content=\"https:\/\/www.alab.pl\/centrum-wiedzy\/wp-content\/uploads\/2025\/03\/dysmorfia-.jpg\" \/>\n\t<meta property=\"og:image:width\" content=\"2496\" \/>\n\t<meta property=\"og:image:height\" content=\"1404\" \/>\n\t<meta property=\"og:image:type\" content=\"image\/jpeg\" \/>\n<meta name=\"author\" content=\"Angelika Janowicz\" \/>\n<meta name=\"twitter:card\" content=\"summary_large_image\" \/>\n<meta name=\"twitter:label1\" content=\"Napisane przez\" \/>\n\t<meta name=\"twitter:data1\" content=\"Angelika Janowicz\" \/>\n\t<meta name=\"twitter:label2\" content=\"Szacowany czas czytania\" \/>\n\t<meta name=\"twitter:data2\" content=\"7 minut\" \/>\n\t<meta name=\"twitter:label3\" content=\"Written by\" \/>\n\t<meta name=\"twitter:data3\" content=\"Angelika Janowicz\" \/>\n<!-- \/ Yoast SEO plugin. -->","yoast_head_json":{"title":"Dysmorfia \u2013 co to jest? Jakie s\u0105 jej przyczyny i objawy? - Centrum Wiedzy ALAB laboratoria","description":"Dysmorfia odnosi si\u0119 do wrodzonych odmienno\u015bci w budowie cia\u0142a lub twarzy. Sprawd\u017a przyczyny, rodzaje i objawy dysmorfii.","robots":{"index":"index","follow":"follow","max-snippet":"max-snippet:-1","max-image-preview":"max-image-preview:large","max-video-preview":"max-video-preview:-1"},"canonical":"https:\/\/www.alab.pl\/centrum-wiedzy\/dysmorfia-co-to-jest-jakie-sa-jej-przyczyny-i-objawy\/","og_locale":"pl_PL","og_type":"article","og_title":"Dysmorfia \u2013 co to jest? Jakie s\u0105 jej przyczyny i objawy? - Centrum Wiedzy ALAB laboratoria","og_description":"Dysmorfia odnosi si\u0119 do wrodzonych odmienno\u015bci w budowie cia\u0142a lub twarzy. Sprawd\u017a przyczyny, rodzaje i objawy dysmorfii.","og_url":"https:\/\/www.alab.pl\/centrum-wiedzy\/dysmorfia-co-to-jest-jakie-sa-jej-przyczyny-i-objawy\/","og_site_name":"Centrum Wiedzy ALAB laboratoria","article_publisher":"https:\/\/www.facebook.com\/ALABlaboratoria","article_published_time":"2025-03-17T10:57:21+00:00","article_modified_time":"2025-03-17T10:57:23+00:00","og_image":[{"width":2496,"height":1404,"url":"https:\/\/www.alab.pl\/centrum-wiedzy\/wp-content\/uploads\/2025\/03\/dysmorfia-.jpg","type":"image\/jpeg"}],"author":"Angelika Janowicz","twitter_card":"summary_large_image","twitter_misc":{"Napisane przez":"Angelika Janowicz","Szacowany czas czytania":"7 minut","Written by":"Angelika Janowicz"},"schema":{"@context":"https:\/\/schema.org","@graph":[{"@type":"Article","@id":"https:\/\/www.alab.pl\/centrum-wiedzy\/dysmorfia-co-to-jest-jakie-sa-jej-przyczyny-i-objawy\/#article","isPartOf":{"@id":"https:\/\/www.alab.pl\/centrum-wiedzy\/dysmorfia-co-to-jest-jakie-sa-jej-przyczyny-i-objawy\/"},"author":{"name":"Angelika Janowicz","@id":"https:\/\/www.alab.pl\/centrum-wiedzy\/#\/schema\/person\/f714a3843f15f9646db0448b28a900e1"},"headline":"Dysmorfia \u2013 co to jest? Jakie s\u0105 jej przyczyny i objawy?","datePublished":"2025-03-17T10:57:21+00:00","dateModified":"2025-03-17T10:57:23+00:00","mainEntityOfPage":{"@id":"https:\/\/www.alab.pl\/centrum-wiedzy\/dysmorfia-co-to-jest-jakie-sa-jej-przyczyny-i-objawy\/"},"wordCount":1228,"publisher":{"@id":"https:\/\/www.alab.pl\/centrum-wiedzy\/#organization"},"image":{"@id":"https:\/\/www.alab.pl\/centrum-wiedzy\/dysmorfia-co-to-jest-jakie-sa-jej-przyczyny-i-objawy\/#primaryimage"},"thumbnailUrl":"https:\/\/www.alab.pl\/centrum-wiedzy\/wp-content\/uploads\/2025\/03\/dysmorfia-.jpg","articleSection":["Choroby uk\u0142adu nerwowego"],"inLanguage":"pl-PL"},{"@type":"WebPage","@id":"https:\/\/www.alab.pl\/centrum-wiedzy\/dysmorfia-co-to-jest-jakie-sa-jej-przyczyny-i-objawy\/","url":"https:\/\/www.alab.pl\/centrum-wiedzy\/dysmorfia-co-to-jest-jakie-sa-jej-przyczyny-i-objawy\/","name":"Dysmorfia \u2013 co to jest? Jakie s\u0105 jej przyczyny i objawy? - Centrum Wiedzy ALAB laboratoria","isPartOf":{"@id":"https:\/\/www.alab.pl\/centrum-wiedzy\/#website"},"primaryImageOfPage":{"@id":"https:\/\/www.alab.pl\/centrum-wiedzy\/dysmorfia-co-to-jest-jakie-sa-jej-przyczyny-i-objawy\/#primaryimage"},"image":{"@id":"https:\/\/www.alab.pl\/centrum-wiedzy\/dysmorfia-co-to-jest-jakie-sa-jej-przyczyny-i-objawy\/#primaryimage"},"thumbnailUrl":"https:\/\/www.alab.pl\/centrum-wiedzy\/wp-content\/uploads\/2025\/03\/dysmorfia-.jpg","datePublished":"2025-03-17T10:57:21+00:00","dateModified":"2025-03-17T10:57:23+00:00","description":"Dysmorfia odnosi si\u0119 do wrodzonych odmienno\u015bci w budowie cia\u0142a lub twarzy. Sprawd\u017a przyczyny, rodzaje i objawy dysmorfii.","breadcrumb":{"@id":"https:\/\/www.alab.pl\/centrum-wiedzy\/dysmorfia-co-to-jest-jakie-sa-jej-przyczyny-i-objawy\/#breadcrumb"},"inLanguage":"pl-PL","potentialAction":[{"@type":"ReadAction","target":["https:\/\/www.alab.pl\/centrum-wiedzy\/dysmorfia-co-to-jest-jakie-sa-jej-przyczyny-i-objawy\/"]}]},{"@type":"ImageObject","inLanguage":"pl-PL","@id":"https:\/\/www.alab.pl\/centrum-wiedzy\/dysmorfia-co-to-jest-jakie-sa-jej-przyczyny-i-objawy\/#primaryimage","url":"https:\/\/www.alab.pl\/centrum-wiedzy\/wp-content\/uploads\/2025\/03\/dysmorfia-.jpg","contentUrl":"https:\/\/www.alab.pl\/centrum-wiedzy\/wp-content\/uploads\/2025\/03\/dysmorfia-.jpg","width":2496,"height":1404,"caption":"dysmorfia"},{"@type":"BreadcrumbList","@id":"https:\/\/www.alab.pl\/centrum-wiedzy\/dysmorfia-co-to-jest-jakie-sa-jej-przyczyny-i-objawy\/#breadcrumb","itemListElement":[{"@type":"ListItem","position":1,"name":"Strona g\u0142\u00f3wna","item":"https:\/\/www.alab.pl\/centrum-wiedzy\/"},{"@type":"ListItem","position":2,"name":"Dysmorfia \u2013 co to jest? Jakie s\u0105 jej przyczyny i objawy?"}]},{"@type":"WebSite","@id":"https:\/\/www.alab.pl\/centrum-wiedzy\/#website","url":"https:\/\/www.alab.pl\/centrum-wiedzy\/","name":"Centrum Wiedzy ALAB laboratoria","description":"","publisher":{"@id":"https:\/\/www.alab.pl\/centrum-wiedzy\/#organization"},"potentialAction":[{"@type":"SearchAction","target":{"@type":"EntryPoint","urlTemplate":"https:\/\/www.alab.pl\/centrum-wiedzy\/?s={search_term_string}"},"query-input":{"@type":"PropertyValueSpecification","valueRequired":true,"valueName":"search_term_string"}}],"inLanguage":"pl-PL"},{"@type":"Organization","@id":"https:\/\/www.alab.pl\/centrum-wiedzy\/#organization","name":"Centrum Wiedzy ALAB laboratoria","url":"https:\/\/www.alab.pl\/centrum-wiedzy\/","logo":{"@type":"ImageObject","inLanguage":"pl-PL","@id":"https:\/\/www.alab.pl\/centrum-wiedzy\/#\/schema\/logo\/image\/","url":"https:\/\/www.alab.pl\/centrum-wiedzy\/wp-content\/uploads\/2022\/04\/alabek.jpg","contentUrl":"https:\/\/www.alab.pl\/centrum-wiedzy\/wp-content\/uploads\/2022\/04\/alabek.jpg","width":1250,"height":1251,"caption":"Centrum Wiedzy ALAB laboratoria"},"image":{"@id":"https:\/\/www.alab.pl\/centrum-wiedzy\/#\/schema\/logo\/image\/"},"sameAs":["https:\/\/www.facebook.com\/ALABlaboratoria"]},{"@type":"Person","@id":"https:\/\/www.alab.pl\/centrum-wiedzy\/#\/schema\/person\/f714a3843f15f9646db0448b28a900e1","name":"Angelika Janowicz","image":{"@type":"ImageObject","inLanguage":"pl-PL","@id":"https:\/\/www.alab.pl\/centrum-wiedzy\/wp-content\/uploads\/2024\/05\/Janowicz-Angelika-150x150.png9339cd1d56dcba9ded72b55067841306","url":"https:\/\/www.alab.pl\/centrum-wiedzy\/wp-content\/uploads\/2024\/05\/Janowicz-Angelika-150x150.png","contentUrl":"https:\/\/www.alab.pl\/centrum-wiedzy\/wp-content\/uploads\/2024\/05\/Janowicz-Angelika-150x150.png","caption":"Angelika Janowicz"},"description":"Z wykszta\u0142cenia piel\u0119gniarka, absolwentka Uniwersytetu Medycznego im. Piast\u00f3w \u015al\u0105skich we Wroc\u0142awiu. Do\u015bwiadczenie zawodowe zdobywa\u0142a w gabinecie zabiegowym, a tak\u017ce w poradni laryngologicznej, pediatrycznej i kardiologicznej. Interesuje si\u0119 psychodietetyk\u0105 i \u017cywieniem cz\u0142owieka w chorobach metabolicznych \u2013 w szczeg\u00f3lno\u015bci zastosowaniem diet niskow\u0119glowodanowych w insulinooporno\u015bci.","url":"https:\/\/www.alab.pl\/centrum-wiedzy\/author\/angelika-janowicz\/"}]}},"_links":{"self":[{"href":"https:\/\/www.alab.pl\/centrum-wiedzy\/wp-json\/wp\/v2\/posts\/22315","targetHints":{"allow":["GET"]}}],"collection":[{"href":"https:\/\/www.alab.pl\/centrum-wiedzy\/wp-json\/wp\/v2\/posts"}],"about":[{"href":"https:\/\/www.alab.pl\/centrum-wiedzy\/wp-json\/wp\/v2\/types\/post"}],"author":[{"embeddable":true,"href":"https:\/\/www.alab.pl\/centrum-wiedzy\/wp-json\/wp\/v2\/users\/100"}],"replies":[{"embeddable":true,"href":"https:\/\/www.alab.pl\/centrum-wiedzy\/wp-json\/wp\/v2\/comments?post=22315"}],"version-history":[{"count":3,"href":"https:\/\/www.alab.pl\/centrum-wiedzy\/wp-json\/wp\/v2\/posts\/22315\/revisions"}],"predecessor-version":[{"id":22321,"href":"https:\/\/www.alab.pl\/centrum-wiedzy\/wp-json\/wp\/v2\/posts\/22315\/revisions\/22321"}],"wp:featuredmedia":[{"embeddable":true,"href":"https:\/\/www.alab.pl\/centrum-wiedzy\/wp-json\/wp\/v2\/media\/22320"}],"wp:attachment":[{"href":"https:\/\/www.alab.pl\/centrum-wiedzy\/wp-json\/wp\/v2\/media?parent=22315"}],"wp:term":[{"taxonomy":"category","embeddable":true,"href":"https:\/\/www.alab.pl\/centrum-wiedzy\/wp-json\/wp\/v2\/categories?post=22315"},{"taxonomy":"post_tag","embeddable":true,"href":"https:\/\/www.alab.pl\/centrum-wiedzy\/wp-json\/wp\/v2\/tags?post=22315"},{"taxonomy":"author","embeddable":true,"href":"https:\/\/www.alab.pl\/centrum-wiedzy\/wp-json\/wp\/v2\/coauthors?post=22315"}],"curies":[{"name":"wp","href":"https:\/\/api.w.org\/{rel}","templated":true}]}}