{"id":22323,"date":"2025-03-17T13:03:13","date_gmt":"2025-03-17T12:03:13","guid":{"rendered":"https:\/\/www.alab.pl\/centrum-wiedzy\/?p=22323"},"modified":"2025-03-17T13:04:33","modified_gmt":"2025-03-17T12:04:33","slug":"lzawienie-oczu-przyczyny-leczenie-nadmiernego-lzawienia","status":"publish","type":"post","link":"https:\/\/www.alab.pl\/centrum-wiedzy\/lzawienie-oczu-przyczyny-leczenie-nadmiernego-lzawienia\/","title":{"rendered":"\u0141zawienie oczu: przyczyny, leczenie nadmiernego \u0142zawienia"},"content":{"rendered":"\n<p><strong>\u0141zy s\u0105 potrzebne do oczyszczania, nawil\u017cania i ochrony powierzchni oka przed zanieczyszczeniami i drobnoustrojami. Problem pojawia si\u0119, gdy na skutek r\u00f3\u017cnego rodzaju czynnik\u00f3w produkowany jest ich nadmiar. Dowiedz si\u0119, jakie s\u0105 przyczyny \u0142zawienia oczu, na jakie objawy zwr\u00f3ci\u0107 uwag\u0119 i co zrobi\u0107, aby z\u0142agodzi\u0107 przykre dolegliwo\u015bci.<\/strong><\/p>\n\n\n\n<p>Spis tre\u015bci:<\/p>\n\n\n\n<ol class=\"wp-block-list\">\n<li><a href=\"#Przyczyny-\u0142zawienia-oczu\">Przyczyny \u0142zawienia oczu<\/a>\n<ul class=\"wp-block-list\">\n<li><a href=\"#\u0141zawienie-oczu-a-alergia\">\u0141zawienie oczu a alergia<\/a><\/li>\n\n\n\n<li><a href=\"#\u0141zawienie-oczu-a-infekcje\">\u0141zawienie oczu a infekcje<\/a><\/li>\n<\/ul>\n<\/li>\n\n\n\n<li><a href=\"#Co-oznacza-\u0142zawienie-oczu-u-dziecka?\">Co oznacza \u0142zawienie oczu u dziecka?<\/a><\/li>\n\n\n\n<li><a href=\"#Kiedy-\u0142zawienie-oczu-mo\u017ce-by\u0107-objawem-powa\u017cnej-choroby?\">Kiedy \u0142zawienie oczu mo\u017ce by\u0107 objawem powa\u017cnej choroby?<\/a><\/li>\n\n\n\n<li><a href=\"#Jak-leczy\u0107-nadmierne-\u0142zawienie-oczu?\">Jak leczy\u0107 nadmierne \u0142zawienie oczu?<\/a><\/li>\n<\/ol>\n\n\n\n<h2 class=\"wp-block-heading\" id=\"Przyczyny-\u0142zawienia-oczu\">Przyczyny \u0142zawienia oczu<\/h2>\n\n\n\n<p>W prawid\u0142owych warunkach <strong>obecno\u015b\u0107 \u0142ez jest niewyczuwalna, poniewa\u017c produkowane s\u0105 w ma\u0142ych ilo\u015bciach<\/strong>. Ich ewentualny nadmiar jest odprowadzany kanalikami \u0142zowymi do jamy nosowej, co przebiega w spos\u00f3b niezauwa\u017calny. Niekiedy jednak cieczy \u0142zowej jest tak du\u017co, \u017ce usuwanie jej na bie\u017c\u0105co nie jest mo\u017cliwe. <strong>\u0141zawienie oczu mo\u017ce mie\u0107 r\u00f3\u017cne przyczyny \u2013 od ca\u0142kowicie niegro\u017anych do takich, kt\u00f3re wymagaj\u0105 leczenia pod okiem lekarza.<\/strong><\/p>\n\n\n\n<figure class=\"wp-block-table\"><table class=\"has-fixed-layout\"><tbody><tr><td>\u0141zy s\u0105 produkowane przez gruczo\u0142y \u0142zowe, kt\u00f3re znajduj\u0105 si\u0119 w zewn\u0119trznym k\u0105cie oczodo\u0142u, pod g\u00f3rn\u0105 powiek\u0105. S\u0105 rozprowadzane podczas mrugania. Tworz\u0105 na powierzchni cienk\u0105 warstw\u0119 ochronn\u0105 \u2013 tzw. film \u0142zowy.<\/td><\/tr><\/tbody><\/table><\/figure>\n\n\n\n<p>Mo\u017cliwe <strong>przyczyny \u0142zawienia oczu<\/strong> to:<\/p>\n\n\n\n<ul class=\"wp-block-list\">\n<li>podra\u017cnienie mechaniczne (np. przez cia\u0142o obce, rz\u0119s\u0119),<\/li>\n\n\n\n<li>ekspozycja na czynniki \u015brodowiskowe (np. \u015bwiat\u0142o s\u0142oneczne, wiatr, nisk\u0105 temperatur\u0119),<\/li>\n\n\n\n<li>czynniki alergiczne,<\/li>\n\n\n\n<li>czynniki infekcyjne (g\u0142\u00f3wnie wirusy i bakterie),<\/li>\n\n\n\n<li>niedro\u017cno\u015b\u0107 kanalik\u00f3w \u0142zowych,<\/li>\n\n\n\n<li>zaburzenia filmu \u0142zowego,<\/li>\n\n\n\n<li>zmiany hormonalne,<\/li>\n\n\n\n<li>niekt\u00f3re choroby (np. choroby oczu, schorzenia dermatologiczne, <a href=\"https:\/\/www.alab.pl\/centrum-wiedzy\/choroby-autoimmunologiczne-czym-sa-objawy-diagnostyka-i-leczenie\/\">choroby autoimmunologiczne<\/a>, klasterowy b\u00f3l g\u0142owy).<\/li>\n<\/ul>\n\n\n\n<p>Jednym z najcz\u0119stszych schorze\u0144 oka, kt\u00f3re objawia si\u0119 m.in. \u0142zawi\u0105cymi oczami, jest<strong> zapalenie spoj\u00f3wek<\/strong>. To <strong>stan zapalny b\u0142ony \u015bluzowej<\/strong> pokrywaj\u0105cej przedni\u0105 cz\u0119\u015b\u0107 ga\u0142ki ocznej oraz wewn\u0119trzn\u0105 powierzchni\u0119 powiek. Schorzenie mo\u017ce mie\u0107 <strong>przyczyny infekcyjne i nieinfekcyjne<\/strong> oraz wyst\u0119powa\u0107 obustronnie lub jednostronnie.<\/p>\n\n\n\n<p>\u0141zawienie oczu mo\u017ce by\u0107 objawem <strong>zespo\u0142u suchego oka<\/strong>. To zesp\u00f3\u0142 objaw\u00f3w, kt\u00f3rego przyczyn\u0105 jest <strong>niedob\u00f3r \u0142ez lub nieprawid\u0142owa struktura i sk\u0142ad filmu \u0142zowego<\/strong>.<\/p>\n\n\n\n<p>Inn\u0105 przyczyn\u0105 \u0142zawienia oczu jest <strong>zapalenie brzeg\u00f3w powiek<\/strong>. To przewlek\u0142y stan zapalny, kt\u00f3ry jest oczn\u0105 manifestacj\u0105 <a href=\"https:\/\/www.alab.pl\/centrum-wiedzy\/tradzik-rozowaty-acne-rosacea\/\">tr\u0105dziku r\u00f3\u017cowatego<\/a>. Dolegliwo\u015bci nasilaj\u0105 si\u0119 g\u0142\u00f3wnie w godzinach porannych.<\/p>\n\n\n\n<figure class=\"wp-block-table\"><table class=\"has-fixed-layout\"><tbody><tr><td>Nadmierne \u0142zawienie oczu mo\u017ce by\u0107 jedynym objawem, ale cz\u0119sto towarzysz\u0105 mu jeszcze inne dolegliwo\u015bci. S\u0105 to m.in. zaczerwienienie, pieczenie, \u015bwi\u0105d, uczucie piasku pod powiekami, obrz\u0119k powiek, ropna, \u015bluzowa lub wodnista wydzielina z oka.<\/td><\/tr><\/tbody><\/table><\/figure>\n\n\n\n<h3 class=\"wp-block-heading\" id=\"\u0141zawienie-oczu-a-alergia\">\u0141zawienie oczu a alergia<\/h3>\n\n\n\n<p>Alergie s\u0105 jedn\u0105 z najcz\u0119stszych przyczyn nadmiernego \u0142zawienia oczu. Py\u0142ki ro\u015blin, roztocza, sier\u015b\u0107 zwierz\u0105t, a nawet niekt\u00f3re kosmetyki i leki mog\u0105 wywo\u0142ywa\u0107 podra\u017cnienie spoj\u00f3wek, powoduj\u0105c <strong>zwi\u0119kszon\u0105 produkcj\u0119 \u0142ez, a cz\u0119sto tak\u017ce \u015bwi\u0105d, pieczenie i zaczerwienienie oczu<\/strong>.<\/p>\n\n\n\n<p>Alergiczne zapalenie spoj\u00f3wek mo\u017ce by\u0107:<\/p>\n\n\n\n<ul class=\"wp-block-list\">\n<li><strong>ostre<\/strong> \u2013 spowodowane dostaniem si\u0119 du\u017cej ilo\u015bci alergen\u00f3w do worka spoj\u00f3wkowego lub na powiek\u0119,<\/li>\n\n\n\n<li><strong>sezonowe<\/strong> \u2013 spowodowane dzia\u0142aniem alergen\u00f3w powietrznopochodnych (np. py\u0142k\u00f3w traw) wyst\u0119puj\u0105cych okresowo,<\/li>\n\n\n\n<li><strong>ca\u0142oroczne<\/strong> \u2013 spowodowane sta\u0142\u0105 obecno\u015bci\u0105 alergen\u00f3w (np. ple\u015bni) w \u015brodowisku, z objawami utrzymuj\u0105cymi si\u0119 przez ca\u0142y czas.<\/li>\n<\/ul>\n\n\n\n<p>Przy alergii cz\u0119sto jednocze\u015bnie wyst\u0119puje wodnisty katar i \u0142zawienie oczu.<\/p>\n\n\n\n<p><strong>>> Zobacz tak\u017ce: <a href=\"https:\/\/www.alab.pl\/centrum-wiedzy\/alergia-ige-zalezna-czyli-jaka\/\">Alergia IgE-zale\u017cna, czyli jaka?<\/a><\/strong><\/p>\n\n\n\n<h3 class=\"wp-block-heading\" id=\"\u0141zawienie-oczu-a-infekcje\">\u0141zawienie oczu a infekcje<\/h3>\n\n\n\n<p>Nadmierne \u0142zawienie oczu mo\u017ce by\u0107 objawem zapalenia wywo\u0142anego dzia\u0142aniem <strong>czynnika infekcyjnego<\/strong>. Najcz\u0119\u015bciej s\u0105 to zaka\u017cenia:<\/p>\n\n\n\n<ul class=\"wp-block-list\">\n<li><strong>bakteryjne<\/strong> \u2013 m.in. dwoinka rze\u017c\u0105czki, <a href=\"https:\/\/www.alab.pl\/centrum-wiedzy\/gronkowiec-zlocisty-zakazenia-skory\/\"><em>Staphylococcus aureus<\/em><\/a>, <em>Streptococcus pneumoniae, Haemophilus influenzae<\/em>,<\/li>\n\n\n\n<li><strong>wirusowe<\/strong> \u2013 m.in. adenowirusy, wirus opryszczki zwyk\u0142ej.<\/li>\n<\/ul>\n\n\n\n<p>Wirusy i bakterie mog\u0105 spowodowa\u0107 zapalenie spoj\u00f3wki lub rog\u00f3wki. Infekcja adenowirusowa jest wysoce zaka\u017ana i cz\u0119sto towarzyszy jej zapalenie g\u00f3rnych dr\u00f3g oddechowych.<\/p>\n\n\n\n<h2 class=\"wp-block-heading\" id=\"Co-oznacza-\u0142zawienie-oczu-u-dziecka?\">Co oznacza \u0142zawienie oczu u dziecka?<\/h2>\n\n\n\n<p>Nadmierne \u0142zawienie oczu u dziecka mo\u017ce mie\u0107 r\u00f3\u017cne przyczyny. Cz\u0119sto jest to <strong>objaw w\u0105skich dr\u00f3g \u0142zowych<\/strong>. W efekcie nadmiar \u0142ez nie jest odprowadzany do jamy nosowej. Kanaliki \u0142zowe ulegaj\u0105 poszerzeniu oko\u0142o 2.\u20133. roku \u017cycia.<\/p>\n\n\n\n<p>Inn\u0105 przyczyn\u0105 nadmiernego \u0142zawienia oczu u dziecka mo\u017ce by\u0107<strong> wrodzona niedro\u017cno\u015b\u0107 kanalik\u00f3w \u0142zowych<\/strong>. Dotyczy nawet 6% noworodk\u00f3w. Wyst\u0119puje jednostronnie lub obustronnie. Wrodzona niedro\u017cno\u015b\u0107 kanalik\u00f3w \u0142zowych jest spowodowana brakiem p\u0119kni\u0119cia b\u0142ony, kt\u00f3ra zamyka przew\u00f3d nosowo-\u0142zowy lub niewykszta\u0142ceniem si\u0119 kanalik\u00f3w \u0142zowych w okresie p\u0142odowym.<\/p>\n\n\n\n<p>Najcz\u0119stsz\u0105 chorob\u0105 oczu u dzieci, kt\u00f3ra powoduje nadmierne \u0142zawienie, jest <a href=\"https:\/\/www.alab.pl\/centrum-wiedzy\/zapalenie-spojowek-u-dzieci-objawy-przyczyny-diagnostyka-leczenie\/\">zapalenie spoj\u00f3wek<\/a>. W wi\u0119kszo\u015bci przypadk\u00f3w jej przyczyn\u0105 jest alergia lub infekcja bakteryjna.<\/p>\n\n\n\n<p>Jedn\u0105 z chor\u00f3b oczu u dzieci, kt\u00f3ra objawia si\u0119 nadmiernym \u0142zawieniem jest<strong> jaskra<\/strong>. Jej przyczyn\u0105 jest <strong>post\u0119puj\u0105ce uszkodzenie nerwu wzrokowego w wyniku wysokiego ci\u015bnienia wewn\u0105trzga\u0142kowego<\/strong>, co ostatecznie mo\u017ce prowadzi\u0107 do \u015blepoty. Inne dolegliwo\u015bci to nienaturalne powi\u0119kszenie ga\u0142ki ocznej, \u015bwiat\u0142owstr\u0119t, pocieranie oczu.<\/p>\n\n\n\n<h2 class=\"wp-block-heading\" id=\"Kiedy-\u0142zawienie-oczu-mo\u017ce-by\u0107-objawem-powa\u017cnej-choroby?\">Kiedy \u0142zawienie oczu mo\u017ce by\u0107 objawem powa\u017cnej choroby?<\/h2>\n\n\n\n<p>\u0141zawienie oczu zwykle nie jest objawem gro\u017anej choroby, ale w niekt\u00f3rych przypadkach mo\u017ce wskazywa\u0107 na powa\u017cniejsze schorzenia. <strong>Szczeg\u00f3ln\u0105 uwag\u0119 nale\u017cy zwr\u00f3ci\u0107 na towarzysz\u0105ce mu:<\/strong><\/p>\n\n\n\n<ul class=\"wp-block-list\">\n<li>zaburzenia widzenia,<\/li>\n\n\n\n<li>b\u00f3l oczu,<\/li>\n\n\n\n<li><a href=\"https:\/\/www.alab.pl\/centrum-wiedzy\/bole-glowy-rodzaje-i-przyczyny-jakie-badania-wykonac-przy-czestych-przewleklych-bolach-glowy\/\">b\u00f3le g\u0142owy<\/a>,<\/li>\n\n\n\n<li>nadwra\u017cliwo\u015b\u0107 na \u015bwiat\u0142o,<\/li>\n\n\n\n<li>obrz\u0119k powiek,<\/li>\n\n\n\n<li>zaczerwienienie oczu,<\/li>\n\n\n\n<li>obecno\u015b\u0107 \u015bluzowej lub ropnej wydzieliny.<\/li>\n<\/ul>\n\n\n\n<p>Powy\u017csze objawy wymagaj\u0105 niezw\u0142ocznej konsultacji z okulist\u0105. W diagnostyce przyczyny \u0142zawienia oczu opr\u00f3cz badania okulistycznego zastosowanie maj\u0105 m.in. testy alergiczne i badania mikrobiologiczne.<\/p>\n\n\n\n<figure class=\"wp-block-image size-full\"><a href=\"https:\/\/www.alab.pl\/badanie\/nuzeniec-ludzki-ocena-mikroskopowa\"><img loading=\"lazy\" decoding=\"async\" width=\"800\" height=\"200\" src=\"https:\/\/www.alab.pl\/centrum-wiedzy\/wp-content\/uploads\/2023\/06\/nuzeniec-jpg.webp\" alt=\"badanie w kierunku nu\u017ce\u0144ca\" class=\"wp-image-6633\" srcset=\"https:\/\/www.alab.pl\/centrum-wiedzy\/wp-content\/uploads\/2023\/06\/nuzeniec-jpg.webp 800w, https:\/\/www.alab.pl\/centrum-wiedzy\/wp-content\/uploads\/2023\/06\/nuzeniec-jpg-768x192.webp 768w, https:\/\/www.alab.pl\/centrum-wiedzy\/wp-content\/uploads\/2023\/06\/nuzeniec-jpg-150x38.webp 150w, https:\/\/www.alab.pl\/centrum-wiedzy\/wp-content\/uploads\/2023\/06\/nuzeniec-jpg-300x75.webp 300w, https:\/\/www.alab.pl\/centrum-wiedzy\/wp-content\/uploads\/2023\/06\/nuzeniec-jpg-696x174.webp 696w\" sizes=\"auto, (max-width: 800px) 100vw, 800px\" \/><\/a><\/figure>\n\n\n\n<p><strong>>> Zobacz tak\u017ce: <a href=\"https:\/\/www.alab.pl\/centrum-wiedzy\/testy-alergiczne-z-krwi\/\">Znajd\u017a sw\u00f3j alergen \u2013 diagnostyka alergii w laboratorium<\/a><\/strong><\/p>\n\n\n\n<h2 class=\"wp-block-heading\" id=\"Jak-leczy\u0107-nadmierne-\u0142zawienie-oczu?\">Jak leczy\u0107 nadmierne \u0142zawienie oczu?<\/h2>\n\n\n\n<p>Leczenie \u0142zawienia oczu zale\u017cy od przyczyny. Je\u017celi nadmierna produkcja \u0142ez jest spowodowana podra\u017cnieniem, zwykle wystarczy odpowiednia higiena oka oraz zastosowanie preparat\u00f3w sztucznych \u0142ez. <strong>W przypadku infekcji bakteryjnych stosuje si\u0119 antybiotyki w postaci kropli lub ma\u015bci, a infekcje wirusowe mo\u017cna leczy\u0107 lekami przeciwwirusowymi.<\/strong><\/p>\n\n\n\n<p>Leczenie alergicznego \u0142zawienia oczu polega przede wszystkim na <strong>unikaniu alergen\u00f3w oraz stosowaniu lek\u00f3w przeciwhistaminowych<\/strong> w postaci kropli do oczu lub tabletek. W niekt\u00f3rych przypadkach lekarz mo\u017ce zaleci\u0107 immunoterapi\u0119.<\/p>\n\n\n\n<p>Nadmierne \u0142zawienie oczu mo\u017ce by\u0107 spowodowane m.in. podra\u017cnieniem, alergi\u0105, infekcj\u0105 lub nieprawid\u0142owym sk\u0142adem filmu \u0142zowego. W przypadku utrzymywania si\u0119 objaw\u00f3w konieczne jest przeprowadzenie szczeg\u00f3\u0142owej diagnostyki i wdro\u017cenie odpowiedniego leczenia.<\/p>\n\n\n\n<p><strong>Opieka merytoryczna: Katarzyna Ciep\u0142ucha<\/strong><\/p>\n\n\n\n<hr class=\"wp-block-separator has-alpha-channel-opacity\"\/>\n\n\n\n<p><strong>Bibliografia<\/strong><\/p>\n\n\n\n<ol start=\"1\" class=\"wp-block-list\">\n<li>https:\/\/www.mp.pl\/pacjent\/badania_zabiegi\/68623,badania-filmu-lzowego (dost\u0119p 12.03.2025)<\/li>\n\n\n\n<li>A. Zaleska-\u017bmijewska, <em>Rola lekarza POZ w leczeniu najcz\u0119stszych schorze\u0144 powierzchni oka<\/em>, Lekarz POZ 4\/2016, s. 349\u2013355<\/li>\n\n\n\n<li>A. Groblewska, <em>Alergiczne zapalenie spoj\u00f3wek<\/em>, Alergoprofil 2011, vol. 7, nr 1, s. 11\u201315<\/li>\n\n\n\n<li>https:\/\/www.mp.pl\/pacjent\/okulistyka\/chorobyoczu\/chorobypowiekiukladulzowego\/131881,wrodzona-niedroznosc-drog-lzowych (dost\u0119p 12.03.2025)<\/li>\n\n\n\n<li>https:\/\/www.mp.pl\/pacjent\/pediatria\/choroby\/oczy\/78910,zapalenia-spojowek-u-dzieci (dost\u0119p 12.03.2025)<\/li>\n\n\n\n<li>A. Stodolska-Nowak, J. Siwiec-Pro\u015bci\u0144ska, <em>Jaskra<\/em>, Okulistyka po Dyplomie 2\/2017<\/li>\n<\/ol>\n","protected":false},"excerpt":{"rendered":"<p>Dowiedz si\u0119, jakie s\u0105 przyczyny \u0142zawienia oczu, na jakie objawy zwr\u00f3ci\u0107 uwag\u0119 i co zrobi\u0107, aby z\u0142agodzi\u0107 przykre dolegliwo\u015bci.<\/p>\n","protected":false},"author":100,"featured_media":22326,"comment_status":"closed","ping_status":"closed","sticky":false,"template":"","format":"standard","meta":{"_acf_changed":false,"inline_featured_image":false,"footnotes":""},"categories":[28],"tags":[],"coauthors":[143],"class_list":{"0":"post-22323","1":"post","2":"type-post","3":"status-publish","4":"format-standard","5":"has-post-thumbnail","7":"category-warto-wiedziec"},"acf":[],"yoast_head":"<!-- This site is optimized with the Yoast SEO plugin v27.5 - https:\/\/yoast.com\/product\/yoast-seo-wordpress\/ -->\n<title>\u0141zawienie oczu: przyczyny, leczenie nadmiernego \u0142zawienia - Centrum Wiedzy ALAB laboratoria<\/title>\n<meta name=\"description\" content=\"Dowiedz si\u0119, jakie s\u0105 przyczyny \u0142zawienia oczu, na jakie objawy zwr\u00f3ci\u0107 uwag\u0119 i co zrobi\u0107, aby z\u0142agodzi\u0107 przykre dolegliwo\u015bci.\" \/>\n<meta name=\"robots\" content=\"index, follow, max-snippet:-1, max-image-preview:large, max-video-preview:-1\" \/>\n<link rel=\"canonical\" href=\"https:\/\/www.alab.pl\/centrum-wiedzy\/lzawienie-oczu-przyczyny-leczenie-nadmiernego-lzawienia\/\" \/>\n<meta property=\"og:locale\" content=\"pl_PL\" \/>\n<meta property=\"og:type\" content=\"article\" \/>\n<meta property=\"og:title\" content=\"\u0141zawienie oczu: przyczyny, leczenie nadmiernego \u0142zawienia - Centrum Wiedzy ALAB laboratoria\" \/>\n<meta property=\"og:description\" content=\"Dowiedz si\u0119, jakie s\u0105 przyczyny \u0142zawienia oczu, na jakie objawy zwr\u00f3ci\u0107 uwag\u0119 i co zrobi\u0107, aby z\u0142agodzi\u0107 przykre dolegliwo\u015bci.\" \/>\n<meta property=\"og:url\" content=\"https:\/\/www.alab.pl\/centrum-wiedzy\/lzawienie-oczu-przyczyny-leczenie-nadmiernego-lzawienia\/\" \/>\n<meta property=\"og:site_name\" content=\"Centrum Wiedzy ALAB laboratoria\" \/>\n<meta property=\"article:publisher\" content=\"https:\/\/www.facebook.com\/ALABlaboratoria\" \/>\n<meta property=\"article:published_time\" content=\"2025-03-17T12:03:13+00:00\" \/>\n<meta property=\"article:modified_time\" content=\"2025-03-17T12:04:33+00:00\" \/>\n<meta property=\"og:image\" content=\"https:\/\/www.alab.pl\/centrum-wiedzy\/wp-content\/uploads\/2025\/03\/lzawienie_oczu.jpg\" \/>\n\t<meta property=\"og:image:width\" content=\"2419\" \/>\n\t<meta property=\"og:image:height\" content=\"1613\" \/>\n\t<meta property=\"og:image:type\" content=\"image\/jpeg\" \/>\n<meta name=\"author\" content=\"Angelika Janowicz\" \/>\n<meta name=\"twitter:card\" content=\"summary_large_image\" \/>\n<meta name=\"twitter:label1\" content=\"Napisane przez\" \/>\n\t<meta name=\"twitter:data1\" content=\"Angelika Janowicz\" \/>\n\t<meta name=\"twitter:label2\" content=\"Szacowany czas czytania\" \/>\n\t<meta name=\"twitter:data2\" content=\"6 minut\" \/>\n\t<meta name=\"twitter:label3\" content=\"Written by\" \/>\n\t<meta name=\"twitter:data3\" content=\"Angelika Janowicz\" \/>\n<!-- \/ Yoast SEO plugin. -->","yoast_head_json":{"title":"\u0141zawienie oczu: przyczyny, leczenie nadmiernego \u0142zawienia - Centrum Wiedzy ALAB laboratoria","description":"Dowiedz si\u0119, jakie s\u0105 przyczyny \u0142zawienia oczu, na jakie objawy zwr\u00f3ci\u0107 uwag\u0119 i co zrobi\u0107, aby z\u0142agodzi\u0107 przykre dolegliwo\u015bci.","robots":{"index":"index","follow":"follow","max-snippet":"max-snippet:-1","max-image-preview":"max-image-preview:large","max-video-preview":"max-video-preview:-1"},"canonical":"https:\/\/www.alab.pl\/centrum-wiedzy\/lzawienie-oczu-przyczyny-leczenie-nadmiernego-lzawienia\/","og_locale":"pl_PL","og_type":"article","og_title":"\u0141zawienie oczu: przyczyny, leczenie nadmiernego \u0142zawienia - Centrum Wiedzy ALAB laboratoria","og_description":"Dowiedz si\u0119, jakie s\u0105 przyczyny \u0142zawienia oczu, na jakie objawy zwr\u00f3ci\u0107 uwag\u0119 i co zrobi\u0107, aby z\u0142agodzi\u0107 przykre dolegliwo\u015bci.","og_url":"https:\/\/www.alab.pl\/centrum-wiedzy\/lzawienie-oczu-przyczyny-leczenie-nadmiernego-lzawienia\/","og_site_name":"Centrum Wiedzy ALAB laboratoria","article_publisher":"https:\/\/www.facebook.com\/ALABlaboratoria","article_published_time":"2025-03-17T12:03:13+00:00","article_modified_time":"2025-03-17T12:04:33+00:00","og_image":[{"width":2419,"height":1613,"url":"https:\/\/www.alab.pl\/centrum-wiedzy\/wp-content\/uploads\/2025\/03\/lzawienie_oczu.jpg","type":"image\/jpeg"}],"author":"Angelika Janowicz","twitter_card":"summary_large_image","twitter_misc":{"Napisane przez":"Angelika Janowicz","Szacowany czas czytania":"6 minut","Written by":"Angelika Janowicz"},"schema":{"@context":"https:\/\/schema.org","@graph":[{"@type":"Article","@id":"https:\/\/www.alab.pl\/centrum-wiedzy\/lzawienie-oczu-przyczyny-leczenie-nadmiernego-lzawienia\/#article","isPartOf":{"@id":"https:\/\/www.alab.pl\/centrum-wiedzy\/lzawienie-oczu-przyczyny-leczenie-nadmiernego-lzawienia\/"},"author":{"name":"Angelika Janowicz","@id":"https:\/\/www.alab.pl\/centrum-wiedzy\/#\/schema\/person\/f714a3843f15f9646db0448b28a900e1"},"headline":"\u0141zawienie oczu: przyczyny, leczenie nadmiernego \u0142zawienia","datePublished":"2025-03-17T12:03:13+00:00","dateModified":"2025-03-17T12:04:33+00:00","mainEntityOfPage":{"@id":"https:\/\/www.alab.pl\/centrum-wiedzy\/lzawienie-oczu-przyczyny-leczenie-nadmiernego-lzawienia\/"},"wordCount":1110,"publisher":{"@id":"https:\/\/www.alab.pl\/centrum-wiedzy\/#organization"},"image":{"@id":"https:\/\/www.alab.pl\/centrum-wiedzy\/lzawienie-oczu-przyczyny-leczenie-nadmiernego-lzawienia\/#primaryimage"},"thumbnailUrl":"https:\/\/www.alab.pl\/centrum-wiedzy\/wp-content\/uploads\/2025\/03\/lzawienie_oczu.jpg","articleSection":["Warto wiedzie\u0107"],"inLanguage":"pl-PL"},{"@type":"WebPage","@id":"https:\/\/www.alab.pl\/centrum-wiedzy\/lzawienie-oczu-przyczyny-leczenie-nadmiernego-lzawienia\/","url":"https:\/\/www.alab.pl\/centrum-wiedzy\/lzawienie-oczu-przyczyny-leczenie-nadmiernego-lzawienia\/","name":"\u0141zawienie oczu: przyczyny, leczenie nadmiernego \u0142zawienia - Centrum Wiedzy ALAB laboratoria","isPartOf":{"@id":"https:\/\/www.alab.pl\/centrum-wiedzy\/#website"},"primaryImageOfPage":{"@id":"https:\/\/www.alab.pl\/centrum-wiedzy\/lzawienie-oczu-przyczyny-leczenie-nadmiernego-lzawienia\/#primaryimage"},"image":{"@id":"https:\/\/www.alab.pl\/centrum-wiedzy\/lzawienie-oczu-przyczyny-leczenie-nadmiernego-lzawienia\/#primaryimage"},"thumbnailUrl":"https:\/\/www.alab.pl\/centrum-wiedzy\/wp-content\/uploads\/2025\/03\/lzawienie_oczu.jpg","datePublished":"2025-03-17T12:03:13+00:00","dateModified":"2025-03-17T12:04:33+00:00","description":"Dowiedz si\u0119, jakie s\u0105 przyczyny \u0142zawienia oczu, na jakie objawy zwr\u00f3ci\u0107 uwag\u0119 i co zrobi\u0107, aby z\u0142agodzi\u0107 przykre dolegliwo\u015bci.","breadcrumb":{"@id":"https:\/\/www.alab.pl\/centrum-wiedzy\/lzawienie-oczu-przyczyny-leczenie-nadmiernego-lzawienia\/#breadcrumb"},"inLanguage":"pl-PL","potentialAction":[{"@type":"ReadAction","target":["https:\/\/www.alab.pl\/centrum-wiedzy\/lzawienie-oczu-przyczyny-leczenie-nadmiernego-lzawienia\/"]}]},{"@type":"ImageObject","inLanguage":"pl-PL","@id":"https:\/\/www.alab.pl\/centrum-wiedzy\/lzawienie-oczu-przyczyny-leczenie-nadmiernego-lzawienia\/#primaryimage","url":"https:\/\/www.alab.pl\/centrum-wiedzy\/wp-content\/uploads\/2025\/03\/lzawienie_oczu.jpg","contentUrl":"https:\/\/www.alab.pl\/centrum-wiedzy\/wp-content\/uploads\/2025\/03\/lzawienie_oczu.jpg","width":2419,"height":1613,"caption":"\u0142zawienie oczu"},{"@type":"BreadcrumbList","@id":"https:\/\/www.alab.pl\/centrum-wiedzy\/lzawienie-oczu-przyczyny-leczenie-nadmiernego-lzawienia\/#breadcrumb","itemListElement":[{"@type":"ListItem","position":1,"name":"Strona g\u0142\u00f3wna","item":"https:\/\/www.alab.pl\/centrum-wiedzy\/"},{"@type":"ListItem","position":2,"name":"\u0141zawienie oczu: przyczyny, leczenie nadmiernego \u0142zawienia"}]},{"@type":"WebSite","@id":"https:\/\/www.alab.pl\/centrum-wiedzy\/#website","url":"https:\/\/www.alab.pl\/centrum-wiedzy\/","name":"Centrum Wiedzy ALAB laboratoria","description":"","publisher":{"@id":"https:\/\/www.alab.pl\/centrum-wiedzy\/#organization"},"potentialAction":[{"@type":"SearchAction","target":{"@type":"EntryPoint","urlTemplate":"https:\/\/www.alab.pl\/centrum-wiedzy\/?s={search_term_string}"},"query-input":{"@type":"PropertyValueSpecification","valueRequired":true,"valueName":"search_term_string"}}],"inLanguage":"pl-PL"},{"@type":"Organization","@id":"https:\/\/www.alab.pl\/centrum-wiedzy\/#organization","name":"Centrum Wiedzy ALAB laboratoria","url":"https:\/\/www.alab.pl\/centrum-wiedzy\/","logo":{"@type":"ImageObject","inLanguage":"pl-PL","@id":"https:\/\/www.alab.pl\/centrum-wiedzy\/#\/schema\/logo\/image\/","url":"https:\/\/www.alab.pl\/centrum-wiedzy\/wp-content\/uploads\/2022\/04\/alabek.jpg","contentUrl":"https:\/\/www.alab.pl\/centrum-wiedzy\/wp-content\/uploads\/2022\/04\/alabek.jpg","width":1250,"height":1251,"caption":"Centrum Wiedzy ALAB laboratoria"},"image":{"@id":"https:\/\/www.alab.pl\/centrum-wiedzy\/#\/schema\/logo\/image\/"},"sameAs":["https:\/\/www.facebook.com\/ALABlaboratoria"]},{"@type":"Person","@id":"https:\/\/www.alab.pl\/centrum-wiedzy\/#\/schema\/person\/f714a3843f15f9646db0448b28a900e1","name":"Angelika Janowicz","image":{"@type":"ImageObject","inLanguage":"pl-PL","@id":"https:\/\/www.alab.pl\/centrum-wiedzy\/wp-content\/uploads\/2024\/05\/Janowicz-Angelika-150x150.png9339cd1d56dcba9ded72b55067841306","url":"https:\/\/www.alab.pl\/centrum-wiedzy\/wp-content\/uploads\/2024\/05\/Janowicz-Angelika-150x150.png","contentUrl":"https:\/\/www.alab.pl\/centrum-wiedzy\/wp-content\/uploads\/2024\/05\/Janowicz-Angelika-150x150.png","caption":"Angelika Janowicz"},"description":"Z wykszta\u0142cenia piel\u0119gniarka, absolwentka Uniwersytetu Medycznego im. Piast\u00f3w \u015al\u0105skich we Wroc\u0142awiu. Do\u015bwiadczenie zawodowe zdobywa\u0142a w gabinecie zabiegowym, a tak\u017ce w poradni laryngologicznej, pediatrycznej i kardiologicznej. Interesuje si\u0119 psychodietetyk\u0105 i \u017cywieniem cz\u0142owieka w chorobach metabolicznych \u2013 w szczeg\u00f3lno\u015bci zastosowaniem diet niskow\u0119glowodanowych w insulinooporno\u015bci.","url":"https:\/\/www.alab.pl\/centrum-wiedzy\/author\/angelika-janowicz\/"}]}},"_links":{"self":[{"href":"https:\/\/www.alab.pl\/centrum-wiedzy\/wp-json\/wp\/v2\/posts\/22323","targetHints":{"allow":["GET"]}}],"collection":[{"href":"https:\/\/www.alab.pl\/centrum-wiedzy\/wp-json\/wp\/v2\/posts"}],"about":[{"href":"https:\/\/www.alab.pl\/centrum-wiedzy\/wp-json\/wp\/v2\/types\/post"}],"author":[{"embeddable":true,"href":"https:\/\/www.alab.pl\/centrum-wiedzy\/wp-json\/wp\/v2\/users\/100"}],"replies":[{"embeddable":true,"href":"https:\/\/www.alab.pl\/centrum-wiedzy\/wp-json\/wp\/v2\/comments?post=22323"}],"version-history":[{"count":3,"href":"https:\/\/www.alab.pl\/centrum-wiedzy\/wp-json\/wp\/v2\/posts\/22323\/revisions"}],"predecessor-version":[{"id":22327,"href":"https:\/\/www.alab.pl\/centrum-wiedzy\/wp-json\/wp\/v2\/posts\/22323\/revisions\/22327"}],"wp:featuredmedia":[{"embeddable":true,"href":"https:\/\/www.alab.pl\/centrum-wiedzy\/wp-json\/wp\/v2\/media\/22326"}],"wp:attachment":[{"href":"https:\/\/www.alab.pl\/centrum-wiedzy\/wp-json\/wp\/v2\/media?parent=22323"}],"wp:term":[{"taxonomy":"category","embeddable":true,"href":"https:\/\/www.alab.pl\/centrum-wiedzy\/wp-json\/wp\/v2\/categories?post=22323"},{"taxonomy":"post_tag","embeddable":true,"href":"https:\/\/www.alab.pl\/centrum-wiedzy\/wp-json\/wp\/v2\/tags?post=22323"},{"taxonomy":"author","embeddable":true,"href":"https:\/\/www.alab.pl\/centrum-wiedzy\/wp-json\/wp\/v2\/coauthors?post=22323"}],"curies":[{"name":"wp","href":"https:\/\/api.w.org\/{rel}","templated":true}]}}