{"id":22437,"date":"2025-03-19T13:31:02","date_gmt":"2025-03-19T12:31:02","guid":{"rendered":"https:\/\/www.alab.pl\/centrum-wiedzy\/?p=22437"},"modified":"2025-03-19T13:31:04","modified_gmt":"2025-03-19T12:31:04","slug":"leki-na-schizofrenie-trudnosci-w-doborze-terapii","status":"publish","type":"post","link":"https:\/\/www.alab.pl\/centrum-wiedzy\/leki-na-schizofrenie-trudnosci-w-doborze-terapii\/","title":{"rendered":"Leki na schizofreni\u0119 \u2013 trudno\u015bci w doborze terapii"},"content":{"rendered":"\n<p><strong>Schizofrenia jest chorob\u0105 przewlek\u0142\u0105 wi\u0105\u017c\u0105c\u0105 si\u0119 ze znacznym stopniem niepe\u0142nosprawno\u015bci i wp\u0142ywem na wszystkie sfery \u017cycia, w tym \u017cycie osobiste, rodzinne, spo\u0142eczne, edukacyjne i zawodowe. Jest to zwi\u0105zane ze zmianami w nastroju, sposobie my\u015blenia i zachowania. Osoby ze schizofreni\u0105 maj\u0105 2-3- krotnie wi\u0119ksze ryzyko przedwczesnej \u015bmierci z powodu chor\u00f3b metabolicznych (np. oty\u0142o\u015bci, hipercholesterolemii, cukrzycy) czy uk\u0142adu kr\u0105\u017cenia. Niestety leki stosowane w leczeniu zaburze\u0144 psychicznych, w tym leki psychotyczne, cz\u0119sto nie daj\u0105 oczekiwanych efekt\u00f3w terapeutycznych i\/lub powoduj\u0105 dzia\u0142ania niepo\u017c\u0105dane. Dlatego te\u017c tak wa\u017cny jest odpowiedni dob\u00f3r post\u0119powania farmakologicznego.\u00a0<\/strong><\/p>\n\n\n\n<p><strong>Spis tre\u015bci:<\/strong><\/p>\n\n\n\n<ol class=\"wp-block-list\">\n<li><a href=\"#Czym-jest-schizofrenia?\">Czym jest schizofrenia?<\/a><\/li>\n\n\n\n<li><a href=\"#Na-czym-polega-leczenie-schizofrenii?\">Na czym polega leczenie schizofrenii?<\/a><\/li>\n\n\n\n<li><a href=\"#Wp\u0142yw-czynnik\u00f3w-genetycznych-na-skuteczno\u015b\u0107-lek\u00f3w-przeciwpsychotycznych\">Wp\u0142yw czynnik\u00f3w genetycznych na skuteczno\u015b\u0107 lek\u00f3w przeciwpsychotycznych<\/a><\/li>\n\n\n\n<li><a href=\"#Badania-farmakogenetyczne-a-leczenie-schizofrenii\">Badania farmakogenetyczne a leczenie schizofrenii<\/a><\/li>\n<\/ol>\n\n\n\n<h2 class=\"wp-block-heading\" id=\"Czym-jest-schizofrenia?\">Czym jest schizofrenia?<\/h2>\n\n\n\n<p>Schizofrenia jest <strong>przewlek\u0142\u0105, nawracaj\u0105c\u0105 chorob\u0105 psychiczn\u0105<\/strong>, w przebiegu kt\u00f3rej mo\u017ce dochodzi\u0107 do naprzemiennych zaostrze\u0144 choroby i jej remisji (brak objaw\u00f3w choroby przewlek\u0142ej).<\/p>\n\n\n\n<p>Wed\u0142ug raportu \u015awiatowej Organizacji Zdrowia <strong>zaburzenie to dotyka oko\u0142o 24 milion\u00f3w ludzi, czyli 1 na 300 os\u00f3b (0,32%) na ca\u0142ym \u015bwiecie<\/strong>. Pocz\u0105tek choroby wyst\u0119puje najcz\u0119\u015bciej mi\u0119dzy 20. a 30. rokiem \u017cycia \u2013 u m\u0119\u017cczyzn wcze\u015bniej ni\u017c u kobiet.<\/p>\n\n\n\n<p>Schizofrenia charakteryzuje si\u0119 znacznymi <strong>zaburzeniami w postrzeganiu rzeczywisto\u015bci i zmian\u0105 zachowania<\/strong> zwi\u0105zan\u0105 z urojeniami. Osoby chore cz\u0119sto do\u015bwiadczaj\u0105 trudno\u015bci w zakresie zdolno\u015bci poznawczych, takich jak pami\u0119\u0107, koncentracja, skupienie, uwaga i rozwi\u0105zywanie problem\u00f3w.<\/p>\n\n\n\n<p><strong>Na szcz\u0119\u015bcie schizofrenia&nbsp;dzi\u0119ki wsp\u00f3\u0142czesnej farmakoterapii mo\u017ce by\u0107 skutecznie leczona.<\/strong> Wa\u017cne jest r\u00f3wnie\u017c leczenie niefarmakologiczne, takie jak terapia poznawczo-behawioralna czy rehabilitacja psychospo\u0142eczna. Z drugiej strony <strong>tylko oko\u0142o 35% os\u00f3b ze schizofreni\u0105 do\u015bwiadcza ca\u0142kowitej remisji objaw\u00f3w<\/strong>. Najcz\u0119\u015bciej obserwuje si\u0119 nawracaj\u0105ce epizody choroby, przeplatane okresem remisji lub stopniowe pogarszanie stanu zdrowia. &nbsp;<\/p>\n\n\n\n<h2 class=\"wp-block-heading\" id=\"Na-czym-polega-leczenie-schizofrenii?\">Na czym polega leczenie schizofrenii?<\/h2>\n\n\n\n<p>Podstaw\u0105 leczenia schizofrenii jest <strong>farmakoterapia<\/strong>. Jej stosowanie cz\u0119sto prowadzone jest <strong>metod\u0105 pr\u00f3b i b\u0142\u0119d\u00f3w<\/strong>, ze wzgl\u0119du na to, \u017ce <strong>r\u00f3\u017cne osoby mog\u0105 reagowa\u0107 odmiennie na leki psychotropowe<\/strong>.<\/p>\n\n\n\n<p>U niekt\u00f3rych os\u00f3b wyst\u0119puj\u0105 dzia\u0142ania niepo\u017c\u0105dane, a u innych konieczna jest wi\u0119ksza lub mniejsza dawka leku. <strong>Jest to spowodowane indywidualn\u0105 szybko\u015bci\u0105 metabolizowania substancji czynnych.<\/strong><\/p>\n\n\n\n<h2 class=\"wp-block-heading\" id=\"Wp\u0142yw-czynnik\u00f3w-genetycznych-na-skuteczno\u015b\u0107-lek\u00f3w-przeciwpsychotycznych\">Wp\u0142yw czynnik\u00f3w genetycznych na skuteczno\u015b\u0107 lek\u00f3w przeciwpsychotycznych<\/h2>\n\n\n\n<p>No\u015bnikiem informacji genetycznej jest DNA \u2013 kwas nukleinowy, kt\u00f3ry znajduje si\u0119 w j\u0105drach kom\u00f3rkowych ro\u015blin i zwierz\u0105t. W DNA cz\u0142owieka wyst\u0119puj\u0105 sekwencje wykazuj\u0105ce zmienno\u015b\u0107 w\u015br\u00f3d poszczeg\u00f3lnych os\u00f3b danej populacji.<\/p>\n\n\n\n<p>Sekwencje te nazywa si\u0119 polimorficznymi. <strong>Pewne polimorfizmy genetyczne \u2013 r\u00f3\u017cnice w DNA \u2013 mog\u0105 wp\u0142ywa\u0107 na metabolizm lek\u00f3w, a wi\u0119c ich dzia\u0142anie w organizmie.<\/strong><\/p>\n\n\n\n<p>Podobnie jak leki przeciwdepresyjne, na dzia\u0142anie lek\u00f3w przeciwpsychotycznych (np. arypiprazolu, brekspiprazolu, haloperidolu czy klozapiny) wp\u0142ywaj\u0105 warianty genetyczne. &nbsp;<\/p>\n\n\n\n<p><strong>>> Sprawd\u017a te\u017c: <a href=\"https:\/\/www.alab.pl\/centrum-wiedzy\/depresja-objawy-przyczyny-diagnostyka-i-leczenie\/\">Depresja. Objawy, przyczyny, diagnostyka i leczenie<\/a><\/strong><\/p>\n\n\n\n<p>Zmienno\u015b\u0107 w obr\u0119bie enzym\u00f3w CYP450, CYP1A2, CYP2D6, CYP3A4 i CYP2C19 zosta\u0142a powi\u0105zana z odmiennym metabolizmem lek\u00f3w przeciwpsychotycznych.<\/p>\n\n\n\n<p>R\u00f3\u017cne polimorfizmy genetyczne skutkuj\u0105 odmienn\u0105 aktywacj\u0105 enzym\u00f3w, kt\u00f3re bior\u0105 udzia\u0142 w metabolizmie substancji leczniczych. <strong>Analiza DNA pobranego przez pacjenta, np. z pr\u00f3bki krwi, ma praktyczne zastosowanie w doborze terapii.<\/strong><\/p>\n\n\n\n<h2 class=\"wp-block-heading\" id=\"Badania-farmakogenetyczne-a-leczenie-schizofrenii\">Badania farmakogenetyczne a leczenie schizofrenii<\/h2>\n\n\n\n<p>Reakcja pacjent\u00f3w na leki psychotropowe jest bardzo zr\u00f3\u017cnicowana.<\/p>\n\n\n\n<p>Wynika to z wielu czynnik\u00f3w, do kt\u00f3rych nale\u017c\u0105:<\/p>\n\n\n\n<ul class=\"wp-block-list\">\n<li>czynniki genetyczne,<\/li>\n\n\n\n<li>czynniki \u015brodowiskowe, w tym spos\u00f3b \u017cywienia,<\/li>\n\n\n\n<li>chor\u00f3b wsp\u00f3\u0142istniej\u0105ce i stosowana terapia.<\/li>\n<\/ul>\n\n\n\n<p>Spo\u015br\u00f3d nich szczeg\u00f3lnie istotne s\u0105 interakcje mi\u0119dzy stosowanymi lekami oraz profil genetyczny danej osoby. <strong>Niekt\u00f3re geny koduj\u0105 bia\u0142ka b\u0119d\u0105ce enzymami, kt\u00f3re wp\u0142ywaj\u0105 na tempo metabolizmu lek\u00f3w i tym samym skuteczno\u015b\u0107 jego dzia\u0142ania.<\/strong><\/p>\n\n\n\n<p>Przyk\u0142adowo u os\u00f3b, kt\u00f3re nale\u017c\u0105 do grupy wolno metabolizuj\u0105cej leki metabolizowane przez enzym CYP2D6 i\/lub CYP2C19, cz\u0119\u015bciej b\u0119d\u0105 wyst\u0119powa\u0142y dzia\u0142ania niepo\u017c\u0105dane przy stosowaniu lek\u00f3w przeciwpsychotycznych. Natomiast osoby \u201eultraszybko metabolizuj\u0105ce\u201d, nie osi\u0105gaj\u0105 terapeutycznego st\u0119\u017cenia leku we krwi, dlatego te\u017c wymagaj\u0105 zastosowania wi\u0119kszej jego dawki lub zmiany preparatu.<\/p>\n\n\n\n<figure class=\"wp-block-image size-full\"><a href=\"https:\/\/www.alab.pl\/badanie\/panel-farmakogenetyka-badanie-wariantow-genetycznych-rt-pcr\"><img loading=\"lazy\" decoding=\"async\" width=\"800\" height=\"200\" src=\"https:\/\/www.alab.pl\/centrum-wiedzy\/wp-content\/uploads\/2025\/02\/Panel-farmakogenetyka-badanie-warianto\u2560uw-genetycznych-met.-RT-PCR.jpg\" alt=\"Panel farmakogenetyka - badanie wariant\u00f3w genetycznych (met. RT-PCR)\" class=\"wp-image-21384\" srcset=\"https:\/\/www.alab.pl\/centrum-wiedzy\/wp-content\/uploads\/2025\/02\/Panel-farmakogenetyka-badanie-warianto\u2560uw-genetycznych-met.-RT-PCR.jpg 800w, https:\/\/www.alab.pl\/centrum-wiedzy\/wp-content\/uploads\/2025\/02\/Panel-farmakogenetyka-badanie-warianto\u2560uw-genetycznych-met.-RT-PCR-768x192.jpg 768w, https:\/\/www.alab.pl\/centrum-wiedzy\/wp-content\/uploads\/2025\/02\/Panel-farmakogenetyka-badanie-warianto\u2560uw-genetycznych-met.-RT-PCR-150x38.jpg 150w, https:\/\/www.alab.pl\/centrum-wiedzy\/wp-content\/uploads\/2025\/02\/Panel-farmakogenetyka-badanie-warianto\u2560uw-genetycznych-met.-RT-PCR-300x75.jpg 300w, https:\/\/www.alab.pl\/centrum-wiedzy\/wp-content\/uploads\/2025\/02\/Panel-farmakogenetyka-badanie-warianto\u2560uw-genetycznych-met.-RT-PCR-696x174.jpg 696w\" sizes=\"auto, (max-width: 800px) 100vw, 800px\" \/><\/a><\/figure>\n\n\n\n<p>Wykorzystanie <a href=\"https:\/\/www.alab.pl\/centrum-wiedzy\/farmakogenetyka-wsparcie-w-indywidualnym-podejsciu-do-leczenia\/\">bada\u0144 farmakogenetycznych<\/a> umo\u017cliwia ocen\u0119 profilu genetycznego pacjenta i tym samym spersonalizowany dob\u00f3r odpowiedniego leki i jego dawki. Tak dobrana terapia lekowa pozwala na skuteczniejsze leczenie oraz zminimalizowanie ryzyka dzia\u0142a\u0144 niepo\u017c\u0105danych.<\/p>\n\n\n\n<p>W panelu farmakogenetycznym w ALAB laboratoria analizowanych jest a\u017c 11 substancji czynnych stosowanych w leczeniu schizofrenii, w tym, m.in. aripiprazol, kwetiapina, klozapina i risperidon.<\/p>\n\n\n\n<figure class=\"wp-block-table\"><table class=\"has-fixed-layout\"><tbody><tr><td><strong>Leki przeciwpsychotyczne<\/strong><\/td><td><strong>Normalne ryzyko<\/strong><\/td><td><strong>U\u017cywaj z rozwag\u0105<\/strong><\/td><td><strong>Wysokie ryzyko<\/strong><\/td><\/tr><tr><td>Arypiprazol<\/td><td>Nale\u017cy post\u0119powa\u0107 zgodnie z zaleceniami dotycz\u0105cymi dawkowania leku na ulotce. &nbsp;<\/td><td>Nale\u017cy stosowa\u0107 50% zwyk\u0142ej dawki (nie wi\u0119cej ni\u017c 10 mg\/dob\u0119). W przypadku jednoczesnego stosowania silnych inhibitor\u00f3w CYP3A4 nale\u017cy stosowa\u0107 25% zwyk\u0142ej dawki. &nbsp;<\/td><td>Nale\u017cy stosowa\u0107 50% zwyk\u0142ej dawki (nie wi\u0119cej ni\u017c 10 mg\/dob\u0119). W przypadku jednoczesnego stosowania silnych inhibitor\u00f3w CYP3A4 nale\u017cy stosowa\u0107 25% zwyk\u0142ej dawki. &nbsp;<\/td><\/tr><tr><td>Brekspiprazol<\/td><td>Nale\u017cy post\u0119powa\u0107 zgodnie z zaleceniami dotycz\u0105cymi dawkowania leku na ulotce.<\/td><td>&nbsp;Zastosuj 50% zalecanej dawki. Zastosuj 25% zalecanej dawki przy u\u017cyciu silnych\/umiarkowanych inhibitor\u00f3w CYP3A4. &nbsp;<\/td><td>Zastosuj 50% zalecanej dawki. Zastosuj 25% zalecanej dawki przy u\u017cyciu silnych\/umiarkowanych inhibitor\u00f3w CYP3A4. &nbsp;<\/td><\/tr><tr><td>Haloperydol<\/td><td>Nale\u017cy post\u0119powa\u0107 zgodnie z zaleceniami dotycz\u0105cymi dawkowania leku na ulotce.<\/td><td>Zastosowa\u0107 1,5-krotno\u015b\u0107 dawki standardowej lub wybra\u0107 lek alternatywny. &nbsp;<\/td><td>Stosowa\u0107 60% dawki standardowej. &nbsp;<\/td><\/tr><tr><td>Iloperidon<\/td><td>Nale\u017cy post\u0119powa\u0107 zgodnie z zaleceniami dotycz\u0105cymi dawkowania leku na ulotce.<\/td><td>Nale\u017cy zmniejszy\u0107 dawk\u0119 o 50%. &nbsp;<\/td><td>Nale\u017cy zmniejszy\u0107 dawk\u0119 o 50%. &nbsp;<\/td><\/tr><tr><td>Klozapina<\/td><td>Nale\u017cy post\u0119powa\u0107 zgodnie z zaleceniami dotycz\u0105cymi dawkowania leku na ulotce.<\/td><td>Konieczne mo\u017ce by\u0107 zmniejszenie dawki. &nbsp;<\/td><td>Konieczne mo\u017ce by\u0107 zmniejszenie dawki. &nbsp;<\/td><\/tr><tr><td>Kwetiapina<\/td><td>Nale\u017cy post\u0119powa\u0107 zgodnie z zaleceniami dotycz\u0105cymi dawkowania leku na ulotce.<\/td><td>Depresja: wybra\u0107 alternatyw\u0119. Inne wskazania: stosowa\u0107 30% dawki standardowej. &nbsp;<\/td><td>Depresja: wybra\u0107 alternatyw\u0119. Inne wskazania: stosowa\u0107 30% dawki standardowej. &nbsp;<\/td><\/tr><tr><td>Perfenazyna<\/td><td>Nale\u017cy post\u0119powa\u0107 zgodnie z zaleceniami dotycz\u0105cymi dawkowania leku na ulotce.<\/td><td>Nale\u017cy post\u0119powa\u0107 zgodnie z zaleceniami dotycz\u0105cymi dawkowania leku na ulotce. Zwr\u00f3ci\u0107 uwag\u0119 na zwi\u0119kszone ryzyko wyst\u0105pienia dzia\u0142a\u0144 niepo\u017c\u0105danych. &nbsp;<\/td><td>Nale\u017cy post\u0119powa\u0107 zgodnie z zaleceniami dotycz\u0105cymi dawkowania leku na ulotce. Zwr\u00f3ci\u0107 uwag\u0119 na zwi\u0119kszone ryzyko wyst\u0105pienia dzia\u0142a\u0144 niepo\u017c\u0105danych. &nbsp;<\/td><\/tr><tr><td>Pimozyd<\/td><td>Nale\u017cy post\u0119powa\u0107 zgodnie z zaleceniami dotycz\u0105cymi dawkowania leku na ulotce.<\/td><td>Nie stosowa\u0107 wi\u0119cej ni\u017c 16 mg\/dob\u0119. &nbsp;<\/td><td>Nie nale\u017cy stosowa\u0107 wi\u0119cej ni\u017c 4 mg\/dob\u0119, a dawek nie nale\u017cy zwi\u0119ksza\u0107 wcze\u015bniej ni\u017c po 14 dniach. &nbsp;<\/td><\/tr><tr><td>Risperydon<\/td><td>Nale\u017cy post\u0119powa\u0107 zgodnie z zaleceniami dotycz\u0105cymi dawkowania leku na ulotce.<\/td><td>Wybra\u0107 alternatyw\u0119. Zwi\u0119ksza\u0107 dawk\u0119 zgodnie z maksymaln\u0105 dawk\u0105 aktywnego metabolitu paliperydonu. &nbsp;<\/td><td>&nbsp;Nale\u017cy stosowa\u0107 67% dawki standardowej. Je\u015bli wyst\u0105pi\u0105 problematyczne dzia\u0142ania niepo\u017c\u0105dane, nale\u017cy zmniejszy\u0107 dawk\u0119 do 50% dawki standardowej. &nbsp;<\/td><\/tr><tr><td>Tiorydazyna<\/td><td>Nale\u017cy post\u0119powa\u0107 zgodnie z zaleceniami dotycz\u0105cymi dawkowania leku na ulotce.<\/td><td>&nbsp;Nale\u017cy wybra\u0107 alternatywny lek, poniewa\u017c tiorydazyna jest przeciwwskazana. &nbsp;<\/td><td>Nale\u017cy wybra\u0107 alternatywny lek, poniewa\u017c tiorydazyna jest przeciwwskazana. &nbsp;<\/td><\/tr><tr><td>Zuklopentyksol<\/td><td>Nale\u017cy post\u0119powa\u0107 zgodnie z zaleceniami dotycz\u0105cymi dawkowania leku na ulotce.<\/td><td>&nbsp;Stosowa\u0107 75% dawki standardowej. &nbsp;<\/td><td>Stosowa\u0107 50% dawki standardowej.<\/td><\/tr><\/tbody><\/table><figcaption class=\"wp-element-caption\"><em>Przyk\u0142adowe rekomendacje, jakie mo\u017cna uzyska\u0107 w badaniach farmakogenetycznych w zale\u017cno\u015bci od genotypu pacjenta<\/em><\/figcaption><\/figure>\n\n\n\n<hr class=\"wp-block-separator has-alpha-channel-opacity\"\/>\n\n\n\n<p><strong>Pi\u015bmiennictwo<\/strong><\/p>\n\n\n\n<ol start=\"1\" class=\"wp-block-list\">\n<li>Brown C.L., Stanton J.D., Bharth K. i in. Pharmacogenomic Testing and Depressive Symptom Remission: A Systematic Review and Meta-Analysis of Prospective, Controlled Clinical Trials. Clin Pharmacol Ther, 2022, 112(6), 1303-1317,<\/li>\n\n\n\n<li>WHO. Schizophrenia. 2022, http:\/\/www.who.int\/mediacentre\/factsheets\/fs397\/en\/ (dost\u0119p: 3.03.2025),<\/li>\n\n\n\n<li>JauharS.,Mandy Johnstone M., McKenna P.J. Schizophrenia. Lancet, 2022, 399(10323), 473-486,<\/li>\n\n\n\n<li>Leucht S.,\u00a0 Priller J., DavisJ.M. Antipsychotic Drugs: A Concise Review of History, Classification, Indications, Mechanism, Efficacy, Side Effects, Dosing, and Clinical Application. Am J Psychiatry, 2024, 181(10), 865-878,<\/li>\n\n\n\n<li>PhamM.,\u00a0Caglayan A. A Comprehensive Review of Schizophrenia and Antipsychotic Metabolism as a Predictor of Treatment Response. Cureus, 2024, 16(7), e65279.<\/li>\n<\/ol>\n\n\n\n<p><\/p>\n","protected":false},"excerpt":{"rendered":"<p>Dob\u00f3r lek\u00f3w na schizofreni\u0119 to wyzwanie \u2013 skuteczno\u015b\u0107 i skutki uboczne r\u00f3\u017cni\u0105 si\u0119 u pacjent\u00f3w. Jakie czynniki wp\u0142ywaj\u0105 na terapi\u0119?<\/p>\n","protected":false},"author":179,"featured_media":22446,"comment_status":"closed","ping_status":"closed","sticky":false,"template":"","format":"standard","meta":{"_acf_changed":false,"inline_featured_image":false,"footnotes":""},"categories":[13],"tags":[],"coauthors":[163],"class_list":{"0":"post-22437","1":"post","2":"type-post","3":"status-publish","4":"format-standard","5":"has-post-thumbnail","7":"category-choroby-ukladu-nerwowego"},"acf":[],"yoast_head":"<!-- This site is optimized with the Yoast SEO plugin v27.5 - https:\/\/yoast.com\/product\/yoast-seo-wordpress\/ -->\n<title>Leki na schizofreni\u0119 \u2013 trudno\u015bci w doborze terapii - Centrum Wiedzy ALAB laboratoria<\/title>\n<meta name=\"description\" content=\"Dob\u00f3r lek\u00f3w na schizofreni\u0119 to wyzwanie \u2013 skuteczno\u015b\u0107 i skutki uboczne r\u00f3\u017cni\u0105 si\u0119 u pacjent\u00f3w. Jakie czynniki wp\u0142ywaj\u0105 na terapi\u0119?\" \/>\n<meta name=\"robots\" content=\"index, follow, max-snippet:-1, max-image-preview:large, max-video-preview:-1\" \/>\n<link rel=\"canonical\" href=\"https:\/\/www.alab.pl\/centrum-wiedzy\/leki-na-schizofrenie-trudnosci-w-doborze-terapii\/\" \/>\n<meta property=\"og:locale\" content=\"pl_PL\" \/>\n<meta property=\"og:type\" content=\"article\" \/>\n<meta property=\"og:title\" content=\"Leki na schizofreni\u0119 \u2013 trudno\u015bci w doborze terapii - Centrum Wiedzy ALAB laboratoria\" \/>\n<meta property=\"og:description\" content=\"Dob\u00f3r lek\u00f3w na schizofreni\u0119 to wyzwanie \u2013 skuteczno\u015b\u0107 i skutki uboczne r\u00f3\u017cni\u0105 si\u0119 u pacjent\u00f3w. Jakie czynniki wp\u0142ywaj\u0105 na terapi\u0119?\" \/>\n<meta property=\"og:url\" content=\"https:\/\/www.alab.pl\/centrum-wiedzy\/leki-na-schizofrenie-trudnosci-w-doborze-terapii\/\" \/>\n<meta property=\"og:site_name\" content=\"Centrum Wiedzy ALAB laboratoria\" \/>\n<meta property=\"article:publisher\" content=\"https:\/\/www.facebook.com\/ALABlaboratoria\" \/>\n<meta property=\"article:published_time\" content=\"2025-03-19T12:31:02+00:00\" \/>\n<meta property=\"article:modified_time\" content=\"2025-03-19T12:31:04+00:00\" \/>\n<meta property=\"og:image\" content=\"https:\/\/www.alab.pl\/centrum-wiedzy\/wp-content\/uploads\/2025\/03\/Leki_na_schizofrenie_cover_1-1.jpg\" \/>\n\t<meta property=\"og:image:width\" content=\"1925\" \/>\n\t<meta property=\"og:image:height\" content=\"1285\" \/>\n\t<meta property=\"og:image:type\" content=\"image\/jpeg\" \/>\n<meta name=\"author\" content=\"Izabela Grabowska\" \/>\n<meta name=\"twitter:card\" content=\"summary_large_image\" \/>\n<meta name=\"twitter:label1\" content=\"Napisane przez\" \/>\n\t<meta name=\"twitter:data1\" content=\"Izabela Grabowska\" \/>\n\t<meta name=\"twitter:label2\" content=\"Szacowany czas czytania\" \/>\n\t<meta name=\"twitter:data2\" content=\"7 minut\" \/>\n\t<meta name=\"twitter:label3\" content=\"Written by\" \/>\n\t<meta name=\"twitter:data3\" content=\"Izabela Grabowska\" \/>\n<!-- \/ Yoast SEO plugin. -->","yoast_head_json":{"title":"Leki na schizofreni\u0119 \u2013 trudno\u015bci w doborze terapii - Centrum Wiedzy ALAB laboratoria","description":"Dob\u00f3r lek\u00f3w na schizofreni\u0119 to wyzwanie \u2013 skuteczno\u015b\u0107 i skutki uboczne r\u00f3\u017cni\u0105 si\u0119 u pacjent\u00f3w. Jakie czynniki wp\u0142ywaj\u0105 na terapi\u0119?","robots":{"index":"index","follow":"follow","max-snippet":"max-snippet:-1","max-image-preview":"max-image-preview:large","max-video-preview":"max-video-preview:-1"},"canonical":"https:\/\/www.alab.pl\/centrum-wiedzy\/leki-na-schizofrenie-trudnosci-w-doborze-terapii\/","og_locale":"pl_PL","og_type":"article","og_title":"Leki na schizofreni\u0119 \u2013 trudno\u015bci w doborze terapii - Centrum Wiedzy ALAB laboratoria","og_description":"Dob\u00f3r lek\u00f3w na schizofreni\u0119 to wyzwanie \u2013 skuteczno\u015b\u0107 i skutki uboczne r\u00f3\u017cni\u0105 si\u0119 u pacjent\u00f3w. Jakie czynniki wp\u0142ywaj\u0105 na terapi\u0119?","og_url":"https:\/\/www.alab.pl\/centrum-wiedzy\/leki-na-schizofrenie-trudnosci-w-doborze-terapii\/","og_site_name":"Centrum Wiedzy ALAB laboratoria","article_publisher":"https:\/\/www.facebook.com\/ALABlaboratoria","article_published_time":"2025-03-19T12:31:02+00:00","article_modified_time":"2025-03-19T12:31:04+00:00","og_image":[{"width":1925,"height":1285,"url":"https:\/\/www.alab.pl\/centrum-wiedzy\/wp-content\/uploads\/2025\/03\/Leki_na_schizofrenie_cover_1-1.jpg","type":"image\/jpeg"}],"author":"Izabela Grabowska","twitter_card":"summary_large_image","twitter_misc":{"Napisane przez":"Izabela Grabowska","Szacowany czas czytania":"7 minut","Written by":"Izabela Grabowska"},"schema":{"@context":"https:\/\/schema.org","@graph":[{"@type":"Article","@id":"https:\/\/www.alab.pl\/centrum-wiedzy\/leki-na-schizofrenie-trudnosci-w-doborze-terapii\/#article","isPartOf":{"@id":"https:\/\/www.alab.pl\/centrum-wiedzy\/leki-na-schizofrenie-trudnosci-w-doborze-terapii\/"},"author":{"name":"Izabela Grabowska","@id":"https:\/\/www.alab.pl\/centrum-wiedzy\/#\/schema\/person\/091a3bba2df1373d9675ab910e722881"},"headline":"Leki na schizofreni\u0119 \u2013 trudno\u015bci w doborze terapii","datePublished":"2025-03-19T12:31:02+00:00","dateModified":"2025-03-19T12:31:04+00:00","mainEntityOfPage":{"@id":"https:\/\/www.alab.pl\/centrum-wiedzy\/leki-na-schizofrenie-trudnosci-w-doborze-terapii\/"},"wordCount":1340,"publisher":{"@id":"https:\/\/www.alab.pl\/centrum-wiedzy\/#organization"},"image":{"@id":"https:\/\/www.alab.pl\/centrum-wiedzy\/leki-na-schizofrenie-trudnosci-w-doborze-terapii\/#primaryimage"},"thumbnailUrl":"https:\/\/www.alab.pl\/centrum-wiedzy\/wp-content\/uploads\/2025\/03\/Leki_na_schizofrenie_cover_1-1.jpg","articleSection":["Choroby uk\u0142adu nerwowego"],"inLanguage":"pl-PL"},{"@type":"WebPage","@id":"https:\/\/www.alab.pl\/centrum-wiedzy\/leki-na-schizofrenie-trudnosci-w-doborze-terapii\/","url":"https:\/\/www.alab.pl\/centrum-wiedzy\/leki-na-schizofrenie-trudnosci-w-doborze-terapii\/","name":"Leki na schizofreni\u0119 \u2013 trudno\u015bci w doborze terapii - Centrum Wiedzy ALAB laboratoria","isPartOf":{"@id":"https:\/\/www.alab.pl\/centrum-wiedzy\/#website"},"primaryImageOfPage":{"@id":"https:\/\/www.alab.pl\/centrum-wiedzy\/leki-na-schizofrenie-trudnosci-w-doborze-terapii\/#primaryimage"},"image":{"@id":"https:\/\/www.alab.pl\/centrum-wiedzy\/leki-na-schizofrenie-trudnosci-w-doborze-terapii\/#primaryimage"},"thumbnailUrl":"https:\/\/www.alab.pl\/centrum-wiedzy\/wp-content\/uploads\/2025\/03\/Leki_na_schizofrenie_cover_1-1.jpg","datePublished":"2025-03-19T12:31:02+00:00","dateModified":"2025-03-19T12:31:04+00:00","description":"Dob\u00f3r lek\u00f3w na schizofreni\u0119 to wyzwanie \u2013 skuteczno\u015b\u0107 i skutki uboczne r\u00f3\u017cni\u0105 si\u0119 u pacjent\u00f3w. Jakie czynniki wp\u0142ywaj\u0105 na terapi\u0119?","breadcrumb":{"@id":"https:\/\/www.alab.pl\/centrum-wiedzy\/leki-na-schizofrenie-trudnosci-w-doborze-terapii\/#breadcrumb"},"inLanguage":"pl-PL","potentialAction":[{"@type":"ReadAction","target":["https:\/\/www.alab.pl\/centrum-wiedzy\/leki-na-schizofrenie-trudnosci-w-doborze-terapii\/"]}]},{"@type":"ImageObject","inLanguage":"pl-PL","@id":"https:\/\/www.alab.pl\/centrum-wiedzy\/leki-na-schizofrenie-trudnosci-w-doborze-terapii\/#primaryimage","url":"https:\/\/www.alab.pl\/centrum-wiedzy\/wp-content\/uploads\/2025\/03\/Leki_na_schizofrenie_cover_1-1.jpg","contentUrl":"https:\/\/www.alab.pl\/centrum-wiedzy\/wp-content\/uploads\/2025\/03\/Leki_na_schizofrenie_cover_1-1.jpg","width":1925,"height":1285,"caption":"Leki_na_schizofrenie_cover"},{"@type":"BreadcrumbList","@id":"https:\/\/www.alab.pl\/centrum-wiedzy\/leki-na-schizofrenie-trudnosci-w-doborze-terapii\/#breadcrumb","itemListElement":[{"@type":"ListItem","position":1,"name":"Strona g\u0142\u00f3wna","item":"https:\/\/www.alab.pl\/centrum-wiedzy\/"},{"@type":"ListItem","position":2,"name":"Leki na schizofreni\u0119 \u2013 trudno\u015bci w doborze terapii"}]},{"@type":"WebSite","@id":"https:\/\/www.alab.pl\/centrum-wiedzy\/#website","url":"https:\/\/www.alab.pl\/centrum-wiedzy\/","name":"Centrum Wiedzy ALAB laboratoria","description":"","publisher":{"@id":"https:\/\/www.alab.pl\/centrum-wiedzy\/#organization"},"potentialAction":[{"@type":"SearchAction","target":{"@type":"EntryPoint","urlTemplate":"https:\/\/www.alab.pl\/centrum-wiedzy\/?s={search_term_string}"},"query-input":{"@type":"PropertyValueSpecification","valueRequired":true,"valueName":"search_term_string"}}],"inLanguage":"pl-PL"},{"@type":"Organization","@id":"https:\/\/www.alab.pl\/centrum-wiedzy\/#organization","name":"Centrum Wiedzy ALAB laboratoria","url":"https:\/\/www.alab.pl\/centrum-wiedzy\/","logo":{"@type":"ImageObject","inLanguage":"pl-PL","@id":"https:\/\/www.alab.pl\/centrum-wiedzy\/#\/schema\/logo\/image\/","url":"https:\/\/www.alab.pl\/centrum-wiedzy\/wp-content\/uploads\/2022\/04\/alabek.jpg","contentUrl":"https:\/\/www.alab.pl\/centrum-wiedzy\/wp-content\/uploads\/2022\/04\/alabek.jpg","width":1250,"height":1251,"caption":"Centrum Wiedzy ALAB laboratoria"},"image":{"@id":"https:\/\/www.alab.pl\/centrum-wiedzy\/#\/schema\/logo\/image\/"},"sameAs":["https:\/\/www.facebook.com\/ALABlaboratoria"]},{"@type":"Person","@id":"https:\/\/www.alab.pl\/centrum-wiedzy\/#\/schema\/person\/091a3bba2df1373d9675ab910e722881","name":"Izabela Grabowska","image":{"@type":"ImageObject","inLanguage":"pl-PL","@id":"https:\/\/www.alab.pl\/centrum-wiedzy\/wp-content\/uploads\/2025\/10\/Izabela-Grabowska-1-150x150.jpg4ac8d18fcd7ffe50f1412b472c017979","url":"https:\/\/www.alab.pl\/centrum-wiedzy\/wp-content\/uploads\/2025\/10\/Izabela-Grabowska-1-150x150.jpg","contentUrl":"https:\/\/www.alab.pl\/centrum-wiedzy\/wp-content\/uploads\/2025\/10\/Izabela-Grabowska-1-150x150.jpg","caption":"Izabela Grabowska"},"description":"Dietetyk sportowy, psychodietetyk. Absolwentka studi\u00f3w doktoranckich w Zak\u0142adzie Fizjologii Stosowanej w Instytucie Medycyny Do\u015bwiadczalnej Klinicznej PAN w Warszawie. Uko\u0144czy\u0142a Wydzia\u0142 Nauk o \u017bywieniu Cz\u0142owieka i Konsumpcji SGGW w Warszawie. Dietetyk z szerok\u0105 wiedz\u0105 z zakresu \u017cywienia cz\u0142owieka, fizjologii wysi\u0142ku fizycznego (studia podyplomowe na Akademii Wychowania Fizycznego w Warszawie \u2013 \u017bywienie i Wspomaganie Dietetyczne w Sporcie) oraz psychodietetyki (studia podyplomowe w Szkole Wy\u017cszej Psychologii Spo\u0142ecznej w Warszawie \u2013 Psychodietetyka), z do\u015bwiadczeniem w pracy naukowej, a tak\u017ce w poradnictwie dietetycznym. Autorka licznych artyku\u0142\u00f3w naukowych i popularno-naukowych oraz rozdzia\u0142u w ksi\u0105\u017cce \u201eDietetyka Sportowa\u201d wyd. PZWL, jak r\u00f3wnie\u017c redaktorka naukowa MN \u017bywienie w praktyce klinicznej wyd. Medical Tribune.","url":"https:\/\/www.alab.pl\/centrum-wiedzy\/author\/izabela-grabowska\/"}]}},"_links":{"self":[{"href":"https:\/\/www.alab.pl\/centrum-wiedzy\/wp-json\/wp\/v2\/posts\/22437","targetHints":{"allow":["GET"]}}],"collection":[{"href":"https:\/\/www.alab.pl\/centrum-wiedzy\/wp-json\/wp\/v2\/posts"}],"about":[{"href":"https:\/\/www.alab.pl\/centrum-wiedzy\/wp-json\/wp\/v2\/types\/post"}],"author":[{"embeddable":true,"href":"https:\/\/www.alab.pl\/centrum-wiedzy\/wp-json\/wp\/v2\/users\/179"}],"replies":[{"embeddable":true,"href":"https:\/\/www.alab.pl\/centrum-wiedzy\/wp-json\/wp\/v2\/comments?post=22437"}],"version-history":[{"count":6,"href":"https:\/\/www.alab.pl\/centrum-wiedzy\/wp-json\/wp\/v2\/posts\/22437\/revisions"}],"predecessor-version":[{"id":22443,"href":"https:\/\/www.alab.pl\/centrum-wiedzy\/wp-json\/wp\/v2\/posts\/22437\/revisions\/22443"}],"wp:featuredmedia":[{"embeddable":true,"href":"https:\/\/www.alab.pl\/centrum-wiedzy\/wp-json\/wp\/v2\/media\/22446"}],"wp:attachment":[{"href":"https:\/\/www.alab.pl\/centrum-wiedzy\/wp-json\/wp\/v2\/media?parent=22437"}],"wp:term":[{"taxonomy":"category","embeddable":true,"href":"https:\/\/www.alab.pl\/centrum-wiedzy\/wp-json\/wp\/v2\/categories?post=22437"},{"taxonomy":"post_tag","embeddable":true,"href":"https:\/\/www.alab.pl\/centrum-wiedzy\/wp-json\/wp\/v2\/tags?post=22437"},{"taxonomy":"author","embeddable":true,"href":"https:\/\/www.alab.pl\/centrum-wiedzy\/wp-json\/wp\/v2\/coauthors?post=22437"}],"curies":[{"name":"wp","href":"https:\/\/api.w.org\/{rel}","templated":true}]}}