{"id":22460,"date":"2025-03-20T12:24:09","date_gmt":"2025-03-20T11:24:09","guid":{"rendered":"https:\/\/www.alab.pl\/centrum-wiedzy\/?p=22460"},"modified":"2025-03-20T15:50:46","modified_gmt":"2025-03-20T14:50:46","slug":"pokrzywka-alergiczna-objawy-przyczyny-leczenie","status":"publish","type":"post","link":"https:\/\/www.alab.pl\/centrum-wiedzy\/pokrzywka-alergiczna-objawy-przyczyny-leczenie\/","title":{"rendered":"Pokrzywka alergiczna: objawy, przyczyny, leczenie"},"content":{"rendered":"\n<p><strong>Pokrzywka to powszechny problem medyczny, kt\u00f3rym zajmuj\u0105 si\u0119 zar\u00f3wno lekarze alergolodzy, jak i dermatolodzy. Co to jest pokrzywka alergiczna? Jak objawia si\u0119 pokrzywka alergiczna i na czym polega diagnostyka tego schorzenia? Przeczytaj poni\u017cszy artyku\u0142 i dowiedz si\u0119 jakie badania warto wykona\u0107 w celu identyfikacji przyczyn pokrzywki alergicznej.<\/strong><\/p>\n\n\n\n<p>Spis tre\u015bci:<\/p>\n\n\n\n<ol class=\"wp-block-list\">\n<li><a href=\"#Jak-wygl\u0105da-pokrzywka-alergiczna?\">Jak wygl\u0105da pokrzywka alergiczna?<\/a><\/li>\n\n\n\n<li><a href=\"#Pokrzywka-alergiczna-\u2013-ile-trwa?\">Pokrzywka alergiczna \u2013 ile trwa?<\/a><\/li>\n\n\n\n<li><a href=\"#Przyczyny-pokrzywki-alergicznej.-Od-czego-powstaj\u0105-b\u0105ble-i-plamy?\">Przyczyny pokrzywki alergicznej. Od czego powstaj\u0105 b\u0105ble i plamy?<\/a><\/li>\n\n\n\n<li><a href=\"#Pokrzywka-alergiczna-\u2013-jak-leczy\u0107?\">Pokrzywka alergiczna \u2013 jak leczy\u0107?<\/a>\n<ul class=\"wp-block-list\">\n<li><a href=\"#Jakie-badania-wykona\u0107-przy-rumieniu-alergicznym?\">Jakie badania wykona\u0107 przy rumieniu alergicznym?<\/a><\/li>\n<\/ul>\n<\/li>\n\n\n\n<li><a href=\"#Czy-pokrzywka-alergiczna-jest-gro\u017ana-dla-zdrowia?\">Czy pokrzywka alergiczna jest gro\u017ana dla zdrowia?<\/a><\/li>\n\n\n\n<li><a href=\"#Jak-przeciwdzia\u0142a\u0107-powstawaniu-pokrzywki-alergicznej?\">Jak przeciwdzia\u0142a\u0107 powstawaniu pokrzywki alergicznej?<\/a><\/li>\n<\/ol>\n\n\n\n<h2 class=\"wp-block-heading\" id=\"Jak-wygl\u0105da-pokrzywka-alergiczna?\">Jak wygl\u0105da pokrzywka alergiczna?<\/h2>\n\n\n\n<p>Typow\u0105 manifestacj\u0105 kliniczn\u0105 pokrzywki alergicznej jest wysiew zmian sk\u00f3rnych w postaci b\u0105bli pokrzywkowych. B\u0105bel pokrzywkowy to zmiana wynios\u0142a ponad poziom sk\u00f3ry, kt\u00f3ra klasycznie przyjmuje lekko r\u00f3\u017cow\u0105 lub porcelanowo-bia\u0142\u0105 barw\u0119.<\/p>\n\n\n\n<p>B\u0105ble pokrzywkowe mog\u0105 si\u0119 ze sob\u0105 zlewa\u0107 i tworzy\u0107 na sk\u00f3rze pacjenta r\u00f3\u017cnorodne struktury o nieregularnych kszta\u0142tach.<\/p>\n\n\n\n<p><strong>&gt;&gt; Sprawd\u017a: <\/strong><a href=\"https:\/\/www.alab.pl\/centrum-wiedzy\/pokrzywka-u-dziecka-jak-ja-rozpoznac-i-leczyc\/\"><strong>Pokrzywka u dziecka \u2013 jak j\u0105 rozpozna\u0107 i leczy\u0107?<\/strong><\/a><strong><\/strong><\/p>\n\n\n\n<p>Charakterystyczne dla pokrzywki jest to, \u017ce b\u0105ble pokrzywkowe nie utrzymuj\u0105 si\u0119 na sk\u00f3rze zbyt d\u0142ugo. Typowo znikaj\u0105 do 24 godzin, jednak zazwyczaj przebieg choroby jest do\u015b\u0107 zmienny, co oznacza, \u017ce jedne b\u0105ble znikaj\u0105, a drugie pojawiaj\u0105 si\u0119. Zmianom sk\u00f3rnym towarzyszy \u015bwi\u0105d, a niekiedy r\u00f3wnie\u017c pieczenie sk\u00f3ry.<\/p>\n\n\n\n<p>W niekt\u00f3rych przypadkach zmianom sk\u00f3rnym mog\u0105 towarzyszy\u0107 objawy obrz\u0119ku naczynioruchowego. Manifestuje si\u0119 on pojawieniem si\u0119 zmian obrz\u0119kowych w dolnych warstwach sk\u00f3ry i w tkance podsk\u00f3rnej. Obrz\u0119k naczynioruchowy cz\u0119sto dotyczy takich lokalizacji jak powieki, czerwie\u0144 wargowa, a tak\u017ce narz\u0105dy p\u0142ciowe i drogi oddechowe.<\/p>\n\n\n\n<p><strong>>> Przeczytaj te\u017c: <a href=\"https:\/\/www.alab.pl\/centrum-wiedzy\/pokrzywka-objawy-przyczyny-rodzaje\/\">Pokrzywka: objawy, przyczyny, rodzaje<\/a><\/strong><\/p>\n\n\n\n<h2 class=\"wp-block-heading\" id=\"Pokrzywka-alergiczna-\u2013-ile-trwa?\">Pokrzywka alergiczna \u2013 ile trwa?<\/h2>\n\n\n\n<p>Pokrzywka alergiczna mo\u017ce mie\u0107 r\u00f3\u017cny czas trwania. Schorzenie to mo\u017cna podzieli\u0107 na:<\/p>\n\n\n\n<ul class=\"wp-block-list\">\n<li><strong>pokrzywk\u0119 alergiczn\u0105 ostr\u0105<\/strong> \u2013 kiedy objawy utrzymuj\u0105 si\u0119 do 6 tygodni,<\/li>\n\n\n\n<li><strong>pokrzywk\u0119 alergiczn\u0105 przewlek\u0142\u0105 <\/strong>\u2013 kiedy symptomy trwaj\u0105 powy\u017cej 6 tygodni.<\/li>\n<\/ul>\n\n\n\n<p>Warto wspomnie\u0107, \u017ce nawet u co czwartego pacjenta w czasie trwania \u017cycia b\u0119dzie obserwowa\u0107 si\u0119 epizod pokrzywki ostrej. Pokrzywka przewlek\u0142a jest zdecydowanie rzadszym zjawiskiem, bowiem dotyczy oko\u0142o 1% populacji. Jak pokazuj\u0105 dane statystyczne u po\u0142owy chorych objawy pokrzywki przewlek\u0142ej utrzymuj\u0105 si\u0119 nie d\u0142u\u017cej, ni\u017c dwa lata, a u oko\u0142o 20% trwaj\u0105 znacznie d\u0142u\u017cej, ponad 10 lat.<\/p>\n\n\n\n<p><strong>&gt;&gt; Przeczytaj: <\/strong><a href=\"https:\/\/www.alab.pl\/centrum-wiedzy\/egzema-skory-co-to-jest-objawy-i-leczenie-egzemy\/\"><strong>Egzema sk\u00f3ry \u2013 co to jest, objawy i leczenie egzemy na d\u0142oniach i twarzy<\/strong><\/a><strong><\/strong><\/p>\n\n\n\n<h2 class=\"wp-block-heading\" id=\"Przyczyny-pokrzywki-alergicznej.-Od-czego-powstaj\u0105-b\u0105ble-i-plamy?\">Przyczyny pokrzywki alergicznej. Od czego powstaj\u0105 b\u0105ble i plamy?<\/h2>\n\n\n\n<p>Przyczyn\u0105 pojawienia si\u0119 b\u0105bli pokrzywkowych jest uwolnienie <a href=\"https:\/\/www.alab.pl\/centrum-wiedzy\/nietolerancja-histaminy-cz-1-czym-jest-histamina-jakie-sa-jej-zrodla\/\">histaminy<\/a>, kt\u00f3ra prowadzi do zwi\u0119kszenia przepuszczalno\u015bci w obr\u0119bie naczy\u0144 w\u0142osowatych, co prowadzi do pojawienia si\u0119 obrz\u0119ku i charakterystycznych wykwit\u00f3w chorobowych. W przebiegu pokrzywki alergicznej reakcja ta wzbudzana jest przez r\u00f3\u017cnego rodzaju alergeny, do kt\u00f3rych nale\u017c\u0105 mi\u0119dzy innymi:<\/p>\n\n\n\n<ul class=\"wp-block-list\">\n<li><strong>alergeny pokarmowe <\/strong>\u2013 najcz\u0119\u015bciej jaja, orzechy, mleko, soja, ale tak\u017ce ryby i skorupiaki,<\/li>\n\n\n\n<li><strong>alergeny powietrznopochodne (wziewne)<\/strong> \u2013 w tym py\u0142ki traw, <a href=\"https:\/\/www.alab.pl\/centrum-wiedzy\/alergia-na-roztocza-kurzu-domowego\/\">roztocze kurzu domowego<\/a>; alergeny wziewne s\u0105 stosunkowo rzadk\u0105 przyczyn\u0105 zmian o typie pokrzywki; alergeny wziewne mog\u0105 wchodzi\u0107 w reakcje krzy\u017cowe z alergenami pokarmowymi,<\/li>\n\n\n\n<li><strong>alergeny w postaci lek\u00f3w<\/strong> \u2013 <a href=\"https:\/\/www.alab.pl\/centrum-wiedzy\/antybiotyki-czy-nadal-sa-skuteczne\/\">antybiotyki<\/a>, substancje stosowane do znieczulenia, leki przeciwzapalne,<\/li>\n\n\n\n<li><strong>alergeny kontaktowe<\/strong> \u2013 w tym mi\u0119dzy innymi <a href=\"https:\/\/www.alab.pl\/centrum-wiedzy\/zrozumiec-alergie-na-lateks-objawy-diagnostyka-leczenie-i-profilaktyka\/\">lateks<\/a>, \u017cywice, siarczan amonu czy te\u017c formaldehyd; alergeny te mog\u0105 odpowiada\u0107 za rodzaj pokrzywki, kt\u00f3ry okre\u015blany jest mianem pokrzywki kontaktowej.<\/li>\n<\/ul>\n\n\n\n<p><strong>To mo\u017ce Ci\u0119 zainteresowa\u0107:<\/strong><\/p>\n\n\n\n<p><strong>&gt;&gt; <\/strong><a href=\"https:\/\/www.alab.pl\/centrum-wiedzy\/alergeny-czyli-co-najczesciej-uczula-rodzaje-i-lista-alergenow\/\"><strong>Alergeny, czyli co najcz\u0119\u015bciej uczula. Rodzaje i lista alergen\u00f3w<\/strong><\/a><strong><\/strong><\/p>\n\n\n\n<p><strong>&gt;&gt; <\/strong><a href=\"https:\/\/www.alab.pl\/centrum-wiedzy\/testy-alergiczne-z-krwi\/\"><strong>Znajd\u017a sw\u00f3j alergen \u2013 diagnostyka alergii w laboratorium<\/strong><\/a><strong><\/strong><\/p>\n\n\n\n<h2 class=\"wp-block-heading\" id=\"Pokrzywka-alergiczna-\u2013-jak-leczy\u0107?\">Pokrzywka alergiczna \u2013 jak leczy\u0107?<\/h2>\n\n\n\n<p>W leczeniu farmakologicznym pokrzywki zastosowanie znajduj\u0105 leki przeciwhistaminowe, potocznie nazywane lekami przeciwalergicznymi. Lekami z wyboru s\u0105 substancje antyhistaminowe II generacji, w tym bilastyna, loratadyna czy desloratadyna. Ich zastosowanie wi\u0105\u017ce si\u0119 z mniejszym nat\u0119\u017ceniem dzia\u0142a\u0144 niepo\u017c\u0105danych typowych dla lek\u00f3w antyhistaminowych (mowa tutaj przede wszystkim o dzia\u0142aniu sedacyjnym). Mo\u017cna je zastosowa\u0107 w zwi\u0119kszonej dawce, r\u00f3wnej czterokrotno\u015bci dawki podstawowej.<\/p>\n\n\n\n<p>Je\u017celi leczenie pierwszego rzutu nie przynosi rezultat\u00f3w, konieczne mo\u017ce by\u0107 w\u0142\u0105czenie leczenia immunosupresyjnego w postaci cyklosporyny i w kolejnym kroku, z wykorzystaniem leczenia biologicznego (omalizumab).<\/p>\n\n\n\n<h3 class=\"wp-block-heading\" id=\"Jakie-badania-wykona\u0107-przy-rumieniu-alergicznym?\">Jakie badania wykona\u0107 przy rumieniu alergicznym?<\/h3>\n\n\n\n<p>W przypadku pokrzywki, je\u017celi podejrzewa si\u0119 t\u0142o alergiczne, warto wykona\u0107 odpowiednie badania i testy. Zastosowanie w tej sytuacji znajduj\u0105 takie testy diagnostyczne jak:<\/p>\n\n\n\n<ul class=\"wp-block-list\">\n<li><strong>punktowe testy sk\u00f3rne<\/strong> \u2013 pozwalaj\u0105 na identyfikacj\u0119 uczulaj\u0105cego alergenu wziewnego i\/lub pokarmowego,<\/li>\n\n\n\n<li><strong>oznaczenie st\u0119\u017cenia IgE ca\u0142kowitego i IgE swoistych<\/strong> \u2013 jest to badanie wykonywane z <a href=\"https:\/\/www.alab.pl\/centrum-wiedzy\/krew-budowa-funkcje-w-organizmie-grupy-krwi-i-ich-dziedziczenie\/\">krwi<\/a>,<\/li>\n\n\n\n<li><strong>nask\u00f3rkowe testy p\u0142atkowe \u2013<\/strong> pozwalaj\u0105 na potwierdzenie uczulenia na alergeny kontaktowe,<\/li>\n\n\n\n<li><strong>pr\u00f3by prowokacyjne z alergenami pokarmowymi lub lekami<\/strong> \u2013 powinny by\u0107 wykonywane pod opiek\u0105 lekarza, najlepiej w czasie hospitalizacji.<\/li>\n<\/ul>\n\n\n\n<figure class=\"wp-block-image size-full\"><a href=\"https:\/\/www.alab.pl\/badanie\/immunoglobulina-ig-e-calk-w-surowicy-l89\"><img loading=\"lazy\" decoding=\"async\" width=\"800\" height=\"200\" src=\"https:\/\/www.alab.pl\/centrum-wiedzy\/wp-content\/uploads\/2025\/03\/Badanie-przeciwcial-IgE-poziom-calkowity.png\" alt=\"Badanie przeciwcia\u0142 IgE (poziom ca\u0142kowity) banerek\" class=\"wp-image-22163\" srcset=\"https:\/\/www.alab.pl\/centrum-wiedzy\/wp-content\/uploads\/2025\/03\/Badanie-przeciwcial-IgE-poziom-calkowity.png 800w, https:\/\/www.alab.pl\/centrum-wiedzy\/wp-content\/uploads\/2025\/03\/Badanie-przeciwcial-IgE-poziom-calkowity-768x192.png 768w, https:\/\/www.alab.pl\/centrum-wiedzy\/wp-content\/uploads\/2025\/03\/Badanie-przeciwcial-IgE-poziom-calkowity-150x38.png 150w, https:\/\/www.alab.pl\/centrum-wiedzy\/wp-content\/uploads\/2025\/03\/Badanie-przeciwcial-IgE-poziom-calkowity-300x75.png 300w, https:\/\/www.alab.pl\/centrum-wiedzy\/wp-content\/uploads\/2025\/03\/Badanie-przeciwcial-IgE-poziom-calkowity-696x174.png 696w\" sizes=\"auto, (max-width: 800px) 100vw, 800px\" \/><\/a><\/figure>\n\n\n\n<p>Uzupe\u0142niaj\u0105co, w przebiegu diagnostyki przewlek\u0142ej pokrzywki alergicznej wykonuje si\u0119 r\u00f3wnie\u017c dodatkowe badania laboratoryjne, kt\u00f3re maj\u0105 na celu identyfikacj\u0119 mo\u017cliwych przyczyn tego stanu. W tym celu wykonuje si\u0119 takie badania i oznaczenia laboratoryjne jak:<\/p>\n\n\n\n<ul class=\"wp-block-list\">\n<li><a href=\"https:\/\/www.alab.pl\/badanie\/morfologia-krwi-c55\"><strong>morfologia krwi obwodowej<\/strong><\/a>,<\/li>\n\n\n\n<li><a href=\"https:\/\/www.alab.pl\/badanie\/bialko-c-reaktywne-crp-hs-wysokiej-czulosci-i81\"><strong>st\u0119\u017cenie CRP<\/strong><\/a><strong> oraz <\/strong><a href=\"https:\/\/www.alab.pl\/badanie\/odczyn-biernackiego-c59\"><strong>OB<\/strong><\/a>,<\/li>\n\n\n\n<li><a href=\"https:\/\/www.alab.pl\/centrum-wiedzy\/badanie-kalu-w-kierunku-pasozytow-fakty-i-mity\/\"><strong>badanie ka\u0142u w kierunku obecno\u015bci paso\u017cyt\u00f3w<\/strong><\/a><strong> i <em>G. lamblia<\/em><\/strong>,<\/li>\n\n\n\n<li><strong>badania w kierunku infekcji wywo\u0142anej przez <\/strong><a href=\"https:\/\/www.alab.pl\/centrum-wiedzy\/helicobacter-pylori\/\"><strong><em>Helicobacter pylori<\/em><\/strong><\/a>,<\/li>\n\n\n\n<li><strong>oznaczenie przeciwcia\u0142 anty-HCV<\/strong>,<\/li>\n\n\n\n<li><strong>oznaczenie pr\u00f3b w\u0105trobowych<\/strong>,<\/li>\n\n\n\n<li><a href=\"https:\/\/www.alab.pl\/pakiet\/pakiet-tarczycowy-kompleksowy\"><strong>panel tarczycowy<\/strong><\/a> \u2013 w tym st\u0119\u017cenie <a href=\"https:\/\/www.alab.pl\/badanie\/tyreotropina-tsh-trzeciej-generacji-l69\">TSH<\/a>, <a href=\"https:\/\/www.alab.pl\/badanie\/wolna-trijodotyronina-ft3-o55\">fT3<\/a>, <a href=\"https:\/\/www.alab.pl\/badanie\/wolna-tyroksyna-ft4-o69\">fT4<\/a>, a tak\u017ce przeciwcia\u0142 przeciwtarczycowych anty-TG i anty-TPO,<\/li>\n\n\n\n<li><strong>st\u0119\u017cenie <\/strong><a href=\"https:\/\/www.alab.pl\/badanie\/tryptaza\"><strong>tryptazy<\/strong><\/a>,<\/li>\n\n\n\n<li><strong>przeciwcia\u0142a przeciwj\u0105drowe<\/strong>,<\/li>\n\n\n\n<li><strong>przeciwcia\u0142a w kierunku <\/strong><a href=\"https:\/\/www.alab.pl\/centrum-wiedzy\/borelioza\/\"><strong>boreliozy<\/strong><\/a><strong> <\/strong>\u2013 w klasie IgG oraz IgM,<\/li>\n\n\n\n<li><strong>wymazy maj\u0105ce na celu identyfikacj\u0119 ewentualnych ognisk infekcji<\/strong> \u2013 na przyk\u0142ad wymaz z gard\u0142a, wymaz z nosa.<\/li>\n<\/ul>\n\n\n\n<figure class=\"wp-block-image size-full\"><a href=\"https:\/\/www.alab.pl\/badanie\/morfologia-krwi-c55\"><img loading=\"lazy\" decoding=\"async\" width=\"800\" height=\"200\" src=\"https:\/\/www.alab.pl\/centrum-wiedzy\/wp-content\/uploads\/2025\/02\/Morfologia.jpg\" alt=\"Morfologia banerek\" class=\"wp-image-21108\" srcset=\"https:\/\/www.alab.pl\/centrum-wiedzy\/wp-content\/uploads\/2025\/02\/Morfologia.jpg 800w, https:\/\/www.alab.pl\/centrum-wiedzy\/wp-content\/uploads\/2025\/02\/Morfologia-768x192.jpg 768w, https:\/\/www.alab.pl\/centrum-wiedzy\/wp-content\/uploads\/2025\/02\/Morfologia-150x38.jpg 150w, https:\/\/www.alab.pl\/centrum-wiedzy\/wp-content\/uploads\/2025\/02\/Morfologia-300x75.jpg 300w, https:\/\/www.alab.pl\/centrum-wiedzy\/wp-content\/uploads\/2025\/02\/Morfologia-696x174.jpg 696w\" sizes=\"auto, (max-width: 800px) 100vw, 800px\" \/><\/a><\/figure>\n\n\n\n<figure class=\"wp-block-image size-full\"><a href=\"https:\/\/www.alab.pl\/badanie\/odczyn-biernackiego-c59\"><img loading=\"lazy\" decoding=\"async\" width=\"800\" height=\"200\" src=\"https:\/\/www.alab.pl\/centrum-wiedzy\/wp-content\/uploads\/2023\/07\/OB-odczyn-Biernackiego-baner-jpg.webp\" alt=\"OB odczyn Biernackiego baner\" class=\"wp-image-7530\" srcset=\"https:\/\/www.alab.pl\/centrum-wiedzy\/wp-content\/uploads\/2023\/07\/OB-odczyn-Biernackiego-baner-jpg.webp 800w, https:\/\/www.alab.pl\/centrum-wiedzy\/wp-content\/uploads\/2023\/07\/OB-odczyn-Biernackiego-baner-jpg-768x192.webp 768w, https:\/\/www.alab.pl\/centrum-wiedzy\/wp-content\/uploads\/2023\/07\/OB-odczyn-Biernackiego-baner-jpg-150x38.webp 150w, https:\/\/www.alab.pl\/centrum-wiedzy\/wp-content\/uploads\/2023\/07\/OB-odczyn-Biernackiego-baner-jpg-300x75.webp 300w, https:\/\/www.alab.pl\/centrum-wiedzy\/wp-content\/uploads\/2023\/07\/OB-odczyn-Biernackiego-baner-jpg-696x174.webp 696w\" sizes=\"auto, (max-width: 800px) 100vw, 800px\" \/><\/a><\/figure>\n\n\n\n<p><strong>&gt;&gt; Zobacz tak\u017ce: <\/strong><a href=\"https:\/\/www.alab.pl\/centrum-wiedzy\/nietolerancja-histaminy\/\"><strong>Nietolerancja histaminy czy alergia? Czym si\u0119 r\u00f3\u017cni\u0105 i dlaczego \u0142atwo je pomyli\u0107?<\/strong><\/a><strong><\/strong><\/p>\n\n\n\n<h2 class=\"wp-block-heading\" id=\"Czy-pokrzywka-alergiczna-jest-gro\u017ana-dla-zdrowia?\">Czy pokrzywka alergiczna jest gro\u017ana dla zdrowia?<\/h2>\n\n\n\n<p>Pokrzywka alergiczna mo\u017ce mie\u0107 przebieg kliniczny, kt\u00f3ry stanowi zagro\u017cenie dla zdrowia, a czasami r\u00f3wnie\u017c \u017cycia pacjenta. W przypadku wyst\u0105pienia obrz\u0119ku naczynioruchowego mo\u017ce doj\u015b\u0107 do obrz\u0119ku w obr\u0119bie b\u0142ony \u015bluzowej krtani, co grozi <a href=\"https:\/\/www.alab.pl\/centrum-wiedzy\/dusznosc-punkt-wspolny-wielu-dramatycznych-chorob\/\">duszno\u015bci\u0105<\/a> i niewydolno\u015bci\u0105 oddechow\u0105.<\/p>\n\n\n\n<p>Zdarza si\u0119 r\u00f3wnie\u017c, \u017ce pokrzywka mo\u017ce wsp\u00f3\u0142towarzyszy\u0107 <a href=\"https:\/\/www.alab.pl\/centrum-wiedzy\/anafilaksja\/\">wstrz\u0105sowi anafilaktycznemu<\/a>, kt\u00f3ry jest bezpo\u015brednim zagro\u017ceniem \u017cycia i jest zwi\u0105zany z gro\u017anym spadkiem ci\u015bnienia t\u0119tniczego. Pacjenci po takich incydentach powinni by\u0107 zaopatrzeni we wstrzykiwacz z adrenalin\u0105, kt\u00f3r\u0105 mo\u017cna poda\u0107 w takiej sytuacji domi\u0119\u015bniowo.<strong><\/strong><\/p>\n\n\n\n<h2 class=\"wp-block-heading\" id=\"Jak-przeciwdzia\u0142a\u0107-powstawaniu-pokrzywki-alergicznej?\">Jak przeciwdzia\u0142a\u0107 powstawaniu pokrzywki alergicznej?<\/h2>\n\n\n\n<p>Najwa\u017cniejszym krokiem jest wnikliwa diagnostyka, kt\u00f3ra ma na celu identyfikacj\u0119 <a href=\"https:\/\/www.alab.pl\/centrum-wiedzy\/alergeny-czyli-co-najczesciej-uczula-rodzaje-i-lista-alergenow\/\">alergen\u00f3w<\/a> odpowiedzialnych za pojawienie si\u0119 objaw\u00f3w. Je\u017celi testy alergologiczne wykaza\u0142y, kt\u00f3ry alergen odpowiada za pojawienie si\u0119 zmian, to w\u00f3wczas nale\u017cy unika\u0107 nara\u017cenia na ten czynnik.<\/p>\n\n\n\n<p>Nale\u017cy by\u0107 tak\u017ce &nbsp;\u015bwiadomym istnienia reakcji krzy\u017cowych, szczeg\u00f3lnie mi\u0119dzy alergenami wziewnymi i pokarmowymi. Przyk\u0142adem tego rodzaju reakcji jest reakcja pomi\u0119dzy <a href=\"https:\/\/www.alab.pl\/centrum-wiedzy\/zespol-pylkowo-pokarmowy\/\">brzoz\u0105 a jab\u0142kiem<\/a>, oraz lateksem a bananami. Oznacza to, \u017ce pacjent uczulony na brzoz\u0119 mo\u017ce wykazywa\u0107 pojawienie si\u0119 objaw\u00f3w chorobowych po spo\u017cyciu jab\u0142ka. Warto mie\u0107 przy sobie leki antyhistaminowe, poniewa\u017c nie zawsze jeste\u015bmy w stanie unikn\u0105\u0107 nara\u017cenia, szczeg\u00f3lnie na alergeny powietrznopochodne.<\/p>\n\n\n\n<p>Pokrzywka alergiczna to jeden z rodzaj\u00f3w pokrzywki, w kt\u00f3rym pojawienie si\u0119 zmian chorobowych jest zwi\u0105zane z nara\u017ceniem na pewne alergeny. Mimo wielu bada\u0144 jakie mo\u017cemy wykona\u0107 w diagnostyce tego schorzenia, nie zawsze udaje si\u0119 zidentyfikowa\u0107 czynnik wywo\u0142uj\u0105cy objawy. Wynika to z faktu, \u017ce otaczaj\u0105 Ci\u0119 tysi\u0105ce alergen\u00f3w i nie istniej\u0105 badania, wykrywaj\u0105ce uczulenie na ka\u017cdy z nich. Je\u017celi zauwa\u017cysz objawy mog\u0105ce sugerowa\u0107 pokrzywk\u0119 alergiczn\u0105, udaj si\u0119 na konsultacj\u0119 do lekarza specjalisty alergologa lub dermatologa.<\/p>\n\n\n\n<hr class=\"wp-block-separator has-alpha-channel-opacity\"\/>\n\n\n\n<p><strong>Bibliografia<\/strong><\/p>\n\n\n\n<ol start=\"1\" class=\"wp-block-list\">\n<li>A. Szczeklik, Piotr Gajewski, Interna Szczeklika, Wydawnictwo Medycyna Praktyczna, Krak\u00f3w 2020\/2021,<\/li>\n\n\n\n<li>L. Rudnicka i inni, Wsp\u00f3\u0142czesna Dermatologia, PZWL, Warszawa 2022,<\/li>\n\n\n\n<li>L. Bolognia i inni, Fourth Edition Dermatologia, Medipage, Warszawa 2022,<\/li>\n\n\n\n<li>J. Kruszewski, R. Nowicki i inni, Pokrzywki \u2013 rozpoznawanie i leczenie. Stanowisko Panelu Ekspert\u00f3w Polskiego Towarzystwa Alergologicznego, Medycyna Praktyczna, Krak\u00f3w 2011.<\/li>\n<\/ol>\n","protected":false},"excerpt":{"rendered":"<p>Co to jest pokrzywka alergiczna? Jak objawia si\u0119 pokrzywka alergiczna i na czym polega diagnostyka tego schorzenia? <\/p>\n","protected":false},"author":165,"featured_media":22463,"comment_status":"closed","ping_status":"closed","sticky":false,"template":"","format":"standard","meta":{"_acf_changed":false,"inline_featured_image":false,"footnotes":""},"categories":[4,12],"tags":[],"coauthors":[176],"class_list":{"0":"post-22460","1":"post","2":"type-post","3":"status-publish","4":"format-standard","5":"has-post-thumbnail","7":"category-alergia","8":"category-choroby-skory"},"acf":[],"yoast_head":"<!-- This site is optimized with the Yoast SEO plugin v27.5 - https:\/\/yoast.com\/product\/yoast-seo-wordpress\/ -->\n<title>Pokrzywka alergiczna: objawy, przyczyny, leczenie - Centrum Wiedzy ALAB laboratoria<\/title>\n<meta name=\"description\" content=\"Co to jest pokrzywka alergiczna? Jak objawia si\u0119 pokrzywka alergiczna i na czym polega diagnostyka tego schorzenia?\" \/>\n<meta name=\"robots\" content=\"index, follow, max-snippet:-1, max-image-preview:large, max-video-preview:-1\" \/>\n<link rel=\"canonical\" href=\"https:\/\/www.alab.pl\/centrum-wiedzy\/pokrzywka-alergiczna-objawy-przyczyny-leczenie\/\" \/>\n<meta property=\"og:locale\" content=\"pl_PL\" \/>\n<meta property=\"og:type\" content=\"article\" \/>\n<meta property=\"og:title\" content=\"Pokrzywka alergiczna: objawy, przyczyny, leczenie - Centrum Wiedzy ALAB laboratoria\" \/>\n<meta property=\"og:description\" content=\"Co to jest pokrzywka alergiczna? Jak objawia si\u0119 pokrzywka alergiczna i na czym polega diagnostyka tego schorzenia?\" \/>\n<meta property=\"og:url\" content=\"https:\/\/www.alab.pl\/centrum-wiedzy\/pokrzywka-alergiczna-objawy-przyczyny-leczenie\/\" \/>\n<meta property=\"og:site_name\" content=\"Centrum Wiedzy ALAB laboratoria\" \/>\n<meta property=\"article:publisher\" content=\"https:\/\/www.facebook.com\/ALABlaboratoria\" \/>\n<meta property=\"article:published_time\" content=\"2025-03-20T11:24:09+00:00\" \/>\n<meta property=\"article:modified_time\" content=\"2025-03-20T14:50:46+00:00\" \/>\n<meta property=\"og:image\" content=\"https:\/\/www.alab.pl\/centrum-wiedzy\/wp-content\/uploads\/2025\/03\/pokrzywka_alergiczna.jpg\" \/>\n\t<meta property=\"og:image:width\" content=\"2414\" \/>\n\t<meta property=\"og:image:height\" content=\"1609\" \/>\n\t<meta property=\"og:image:type\" content=\"image\/jpeg\" \/>\n<meta name=\"author\" content=\"Katarzyna Banaszczyk\" \/>\n<meta name=\"twitter:card\" content=\"summary_large_image\" \/>\n<meta name=\"twitter:label1\" content=\"Napisane przez\" \/>\n\t<meta name=\"twitter:data1\" content=\"Katarzyna Banaszczyk\" \/>\n\t<meta name=\"twitter:label2\" content=\"Szacowany czas czytania\" \/>\n\t<meta name=\"twitter:data2\" content=\"8 minut\" \/>\n\t<meta name=\"twitter:label3\" content=\"Written by\" \/>\n\t<meta name=\"twitter:data3\" content=\"Katarzyna Banaszczyk\" \/>\n<!-- \/ Yoast SEO plugin. -->","yoast_head_json":{"title":"Pokrzywka alergiczna: objawy, przyczyny, leczenie - Centrum Wiedzy ALAB laboratoria","description":"Co to jest pokrzywka alergiczna? Jak objawia si\u0119 pokrzywka alergiczna i na czym polega diagnostyka tego schorzenia?","robots":{"index":"index","follow":"follow","max-snippet":"max-snippet:-1","max-image-preview":"max-image-preview:large","max-video-preview":"max-video-preview:-1"},"canonical":"https:\/\/www.alab.pl\/centrum-wiedzy\/pokrzywka-alergiczna-objawy-przyczyny-leczenie\/","og_locale":"pl_PL","og_type":"article","og_title":"Pokrzywka alergiczna: objawy, przyczyny, leczenie - Centrum Wiedzy ALAB laboratoria","og_description":"Co to jest pokrzywka alergiczna? Jak objawia si\u0119 pokrzywka alergiczna i na czym polega diagnostyka tego schorzenia?","og_url":"https:\/\/www.alab.pl\/centrum-wiedzy\/pokrzywka-alergiczna-objawy-przyczyny-leczenie\/","og_site_name":"Centrum Wiedzy ALAB laboratoria","article_publisher":"https:\/\/www.facebook.com\/ALABlaboratoria","article_published_time":"2025-03-20T11:24:09+00:00","article_modified_time":"2025-03-20T14:50:46+00:00","og_image":[{"width":2414,"height":1609,"url":"https:\/\/www.alab.pl\/centrum-wiedzy\/wp-content\/uploads\/2025\/03\/pokrzywka_alergiczna.jpg","type":"image\/jpeg"}],"author":"Katarzyna Banaszczyk","twitter_card":"summary_large_image","twitter_misc":{"Napisane przez":"Katarzyna Banaszczyk","Szacowany czas czytania":"8 minut","Written by":"Katarzyna Banaszczyk"},"schema":{"@context":"https:\/\/schema.org","@graph":[{"@type":"Article","@id":"https:\/\/www.alab.pl\/centrum-wiedzy\/pokrzywka-alergiczna-objawy-przyczyny-leczenie\/#article","isPartOf":{"@id":"https:\/\/www.alab.pl\/centrum-wiedzy\/pokrzywka-alergiczna-objawy-przyczyny-leczenie\/"},"author":{"name":"Katarzyna Banaszczyk","@id":"https:\/\/www.alab.pl\/centrum-wiedzy\/#\/schema\/person\/308fb46be1959418e2e115e61c335941"},"headline":"Pokrzywka alergiczna: objawy, przyczyny, leczenie","datePublished":"2025-03-20T11:24:09+00:00","dateModified":"2025-03-20T14:50:46+00:00","mainEntityOfPage":{"@id":"https:\/\/www.alab.pl\/centrum-wiedzy\/pokrzywka-alergiczna-objawy-przyczyny-leczenie\/"},"wordCount":1298,"publisher":{"@id":"https:\/\/www.alab.pl\/centrum-wiedzy\/#organization"},"image":{"@id":"https:\/\/www.alab.pl\/centrum-wiedzy\/pokrzywka-alergiczna-objawy-przyczyny-leczenie\/#primaryimage"},"thumbnailUrl":"https:\/\/www.alab.pl\/centrum-wiedzy\/wp-content\/uploads\/2025\/03\/pokrzywka_alergiczna.jpg","articleSection":["Alergia","Choroby sk\u00f3ry"],"inLanguage":"pl-PL"},{"@type":"WebPage","@id":"https:\/\/www.alab.pl\/centrum-wiedzy\/pokrzywka-alergiczna-objawy-przyczyny-leczenie\/","url":"https:\/\/www.alab.pl\/centrum-wiedzy\/pokrzywka-alergiczna-objawy-przyczyny-leczenie\/","name":"Pokrzywka alergiczna: objawy, przyczyny, leczenie - Centrum Wiedzy ALAB laboratoria","isPartOf":{"@id":"https:\/\/www.alab.pl\/centrum-wiedzy\/#website"},"primaryImageOfPage":{"@id":"https:\/\/www.alab.pl\/centrum-wiedzy\/pokrzywka-alergiczna-objawy-przyczyny-leczenie\/#primaryimage"},"image":{"@id":"https:\/\/www.alab.pl\/centrum-wiedzy\/pokrzywka-alergiczna-objawy-przyczyny-leczenie\/#primaryimage"},"thumbnailUrl":"https:\/\/www.alab.pl\/centrum-wiedzy\/wp-content\/uploads\/2025\/03\/pokrzywka_alergiczna.jpg","datePublished":"2025-03-20T11:24:09+00:00","dateModified":"2025-03-20T14:50:46+00:00","description":"Co to jest pokrzywka alergiczna? Jak objawia si\u0119 pokrzywka alergiczna i na czym polega diagnostyka tego schorzenia?","breadcrumb":{"@id":"https:\/\/www.alab.pl\/centrum-wiedzy\/pokrzywka-alergiczna-objawy-przyczyny-leczenie\/#breadcrumb"},"inLanguage":"pl-PL","potentialAction":[{"@type":"ReadAction","target":["https:\/\/www.alab.pl\/centrum-wiedzy\/pokrzywka-alergiczna-objawy-przyczyny-leczenie\/"]}]},{"@type":"ImageObject","inLanguage":"pl-PL","@id":"https:\/\/www.alab.pl\/centrum-wiedzy\/pokrzywka-alergiczna-objawy-przyczyny-leczenie\/#primaryimage","url":"https:\/\/www.alab.pl\/centrum-wiedzy\/wp-content\/uploads\/2025\/03\/pokrzywka_alergiczna.jpg","contentUrl":"https:\/\/www.alab.pl\/centrum-wiedzy\/wp-content\/uploads\/2025\/03\/pokrzywka_alergiczna.jpg","width":2414,"height":1609,"caption":"pokrzywka alergiczna"},{"@type":"BreadcrumbList","@id":"https:\/\/www.alab.pl\/centrum-wiedzy\/pokrzywka-alergiczna-objawy-przyczyny-leczenie\/#breadcrumb","itemListElement":[{"@type":"ListItem","position":1,"name":"Strona g\u0142\u00f3wna","item":"https:\/\/www.alab.pl\/centrum-wiedzy\/"},{"@type":"ListItem","position":2,"name":"Pokrzywka alergiczna: objawy, przyczyny, leczenie"}]},{"@type":"WebSite","@id":"https:\/\/www.alab.pl\/centrum-wiedzy\/#website","url":"https:\/\/www.alab.pl\/centrum-wiedzy\/","name":"Centrum Wiedzy ALAB laboratoria","description":"","publisher":{"@id":"https:\/\/www.alab.pl\/centrum-wiedzy\/#organization"},"potentialAction":[{"@type":"SearchAction","target":{"@type":"EntryPoint","urlTemplate":"https:\/\/www.alab.pl\/centrum-wiedzy\/?s={search_term_string}"},"query-input":{"@type":"PropertyValueSpecification","valueRequired":true,"valueName":"search_term_string"}}],"inLanguage":"pl-PL"},{"@type":"Organization","@id":"https:\/\/www.alab.pl\/centrum-wiedzy\/#organization","name":"Centrum Wiedzy ALAB laboratoria","url":"https:\/\/www.alab.pl\/centrum-wiedzy\/","logo":{"@type":"ImageObject","inLanguage":"pl-PL","@id":"https:\/\/www.alab.pl\/centrum-wiedzy\/#\/schema\/logo\/image\/","url":"https:\/\/www.alab.pl\/centrum-wiedzy\/wp-content\/uploads\/2022\/04\/alabek.jpg","contentUrl":"https:\/\/www.alab.pl\/centrum-wiedzy\/wp-content\/uploads\/2022\/04\/alabek.jpg","width":1250,"height":1251,"caption":"Centrum Wiedzy ALAB laboratoria"},"image":{"@id":"https:\/\/www.alab.pl\/centrum-wiedzy\/#\/schema\/logo\/image\/"},"sameAs":["https:\/\/www.facebook.com\/ALABlaboratoria"]},{"@type":"Person","@id":"https:\/\/www.alab.pl\/centrum-wiedzy\/#\/schema\/person\/308fb46be1959418e2e115e61c335941","name":"Katarzyna Banaszczyk","image":{"@type":"ImageObject","inLanguage":"pl-PL","@id":"https:\/\/www.alab.pl\/centrum-wiedzy\/wp-content\/uploads\/2024\/12\/Katarzyna-Banaszczyk-150x150.jpgdd037207674aeb9b7e97c9616a0cf536","url":"https:\/\/www.alab.pl\/centrum-wiedzy\/wp-content\/uploads\/2024\/12\/Katarzyna-Banaszczyk-150x150.jpg","contentUrl":"https:\/\/www.alab.pl\/centrum-wiedzy\/wp-content\/uploads\/2024\/12\/Katarzyna-Banaszczyk-150x150.jpg","caption":"Katarzyna Banaszczyk"},"description":"Lekarka w trakcie specjalizacji z dermatologii i wenerologii. Absolwentka Collegium Medicum UMK im. Ludwika Rydygiera w Bydgoszczy. Wyk\u0142adowca akademicki Collegium Medicum im. W\u0142adys\u0142awa Biega\u0144skiego w Cz\u0119stochowie.","url":"https:\/\/www.alab.pl\/centrum-wiedzy\/author\/katarzyna-banaszczyk\/"}]}},"_links":{"self":[{"href":"https:\/\/www.alab.pl\/centrum-wiedzy\/wp-json\/wp\/v2\/posts\/22460","targetHints":{"allow":["GET"]}}],"collection":[{"href":"https:\/\/www.alab.pl\/centrum-wiedzy\/wp-json\/wp\/v2\/posts"}],"about":[{"href":"https:\/\/www.alab.pl\/centrum-wiedzy\/wp-json\/wp\/v2\/types\/post"}],"author":[{"embeddable":true,"href":"https:\/\/www.alab.pl\/centrum-wiedzy\/wp-json\/wp\/v2\/users\/165"}],"replies":[{"embeddable":true,"href":"https:\/\/www.alab.pl\/centrum-wiedzy\/wp-json\/wp\/v2\/comments?post=22460"}],"version-history":[{"count":4,"href":"https:\/\/www.alab.pl\/centrum-wiedzy\/wp-json\/wp\/v2\/posts\/22460\/revisions"}],"predecessor-version":[{"id":22466,"href":"https:\/\/www.alab.pl\/centrum-wiedzy\/wp-json\/wp\/v2\/posts\/22460\/revisions\/22466"}],"wp:featuredmedia":[{"embeddable":true,"href":"https:\/\/www.alab.pl\/centrum-wiedzy\/wp-json\/wp\/v2\/media\/22463"}],"wp:attachment":[{"href":"https:\/\/www.alab.pl\/centrum-wiedzy\/wp-json\/wp\/v2\/media?parent=22460"}],"wp:term":[{"taxonomy":"category","embeddable":true,"href":"https:\/\/www.alab.pl\/centrum-wiedzy\/wp-json\/wp\/v2\/categories?post=22460"},{"taxonomy":"post_tag","embeddable":true,"href":"https:\/\/www.alab.pl\/centrum-wiedzy\/wp-json\/wp\/v2\/tags?post=22460"},{"taxonomy":"author","embeddable":true,"href":"https:\/\/www.alab.pl\/centrum-wiedzy\/wp-json\/wp\/v2\/coauthors?post=22460"}],"curies":[{"name":"wp","href":"https:\/\/api.w.org\/{rel}","templated":true}]}}