{"id":22494,"date":"2025-03-24T12:22:49","date_gmt":"2025-03-24T11:22:49","guid":{"rendered":"https:\/\/www.alab.pl\/centrum-wiedzy\/?p=22494"},"modified":"2025-03-24T12:22:51","modified_gmt":"2025-03-24T11:22:51","slug":"przewlekla-bialaczka-limfocytowa-objawy-diagnostyka-leczenie","status":"publish","type":"post","link":"https:\/\/www.alab.pl\/centrum-wiedzy\/przewlekla-bialaczka-limfocytowa-objawy-diagnostyka-leczenie\/","title":{"rendered":"Przewlek\u0142a bia\u0142aczka limfocytowa \u2013 objawy, diagnostyka, leczenie"},"content":{"rendered":"\n<p><strong>Przewlek\u0142a bia\u0142aczka limfocytowa (PBL) to najcz\u0119stszy rodzaj bia\u0142aczki u doros\u0142ych, charakteryzuj\u0105cy si\u0119 niekontrolowanym wzrostem nieprawid\u0142owych limfocyt\u00f3w we krwi, szpiku kostnym i w\u0119z\u0142ach ch\u0142onnych.<\/strong><\/p>\n\n\n\n<p><strong>W artykule om\u00f3wimy, czym jest choroba, jakie s\u0105 jej przyczyny, kto jest najbardziej nara\u017cony na zachorowanie, jakie daje objawy, jak wygl\u0105da proces diagnostyczny oraz jakie metody leczenia s\u0105 obecnie dost\u0119pne.<\/strong><\/p>\n\n\n\n<p><strong>Dowiesz si\u0119 r\u00f3wnie\u017c, dlaczego wczesne wykrycie choroby jest kluczowe dla skutecznej terapii. Przeczytaj i dowiedz si\u0119, jak wa\u017cne s\u0105 regularne badania krwi i monitorowanie stanu zdrowia.<\/strong><\/p>\n\n\n\n<p>Spis tre\u015bci:<\/p>\n\n\n\n<ol class=\"wp-block-list\">\n<li><a href=\"#Przewlek\u0142a-bia\u0142aczka-limfocytowa-\u2013-co-to-za-choroba?\">Przewlek\u0142a bia\u0142aczka limfocytowa \u2013 co to za choroba?<\/a><\/li>\n\n\n\n<li><a href=\"#Jakie-s\u0105-przyczyny-przewlek\u0142ej-bia\u0142aczki-limfocytowej?\">Jakie s\u0105 przyczyny przewlek\u0142ej bia\u0142aczki limfocytowej?<\/a><\/li>\n\n\n\n<li><a href=\"#Kto-mo\u017ce-zachorowa\u0107-na-przewlek\u0142\u0105-bia\u0142aczk\u0119-limfocytow\u0105?\">Kto mo\u017ce zachorowa\u0107 na przewlek\u0142\u0105 bia\u0142aczk\u0119 limfocytow\u0105?<\/a><\/li>\n\n\n\n<li><a href=\"#Objawy-przewlek\u0142ej-bia\u0142aczki-limfocytowej\">Objawy przewlek\u0142ej bia\u0142aczki limfocytowej<\/a><\/li>\n\n\n\n<li><a href=\"#Przewlek\u0142a-bia\u0142aczka-limfocytowa-\u2013-diagnostyka-i-badania\">Przewlek\u0142a bia\u0142aczka limfocytowa \u2013 diagnostyka i badania<\/a><\/li>\n\n\n\n<li><a href=\"#Przewlek\u0142a-bia\u0142aczka-limfocytowa-\u2013-leczenie\">Przewlek\u0142a bia\u0142aczka limfocytowa \u2013 leczenie<\/a><\/li>\n\n\n\n<li><a href=\"#Przewlek\u0142a-bia\u0142aczka-limfocytowa-\u2013-podsumowanie\">Przewlek\u0142a bia\u0142aczka limfocytowa \u2013 podsumowanie<\/a><\/li>\n<\/ol>\n\n\n\n<h2 class=\"wp-block-heading\" id=\"Przewlek\u0142a-bia\u0142aczka-limfocytowa-\u2013-co-to-za-choroba?\">Przewlek\u0142a bia\u0142aczka limfocytowa \u2013 co to za choroba?<\/h2>\n\n\n\n<p><strong>Przewlek\u0142a bia\u0142aczka limfocytowa (PBL) to nowotworowa choroba uk\u0142adu krwiotw\u00f3rczego<\/strong>, kt\u00f3ra rozwija si\u0119 w wyniku niekontrolowanego namna\u017cania si\u0119 nieprawid\u0142owych limfocyt\u00f3w B, czyli kom\u00f3rek odporno\u015bciowych odpowiedzialnych za produkcj\u0119 przeciwcia\u0142.<\/p>\n\n\n\n<p>W przeciwie\u0144stwie do ostrych bia\u0142aczek PBL <strong>post\u0119puje powoli<\/strong>, a objawy mog\u0105 by\u0107 \u0142agodne lub nawet nieobecne przez wiele lat. Choroba ta jest <strong>najcz\u0119\u015bciej diagnozowana u os\u00f3b starszych<\/strong>, a jej przebieg mo\u017ce by\u0107 bardzo zr\u00f3\u017cnicowany \u2013 od \u0142agodnego do agresywnego, wymagaj\u0105cego intensywnego leczenia.<\/p>\n\n\n\n<p>Jest klasyfikowana jako<strong> rodzaj ch\u0142oniaka nieziarniczego<\/strong>, poniewa\u017c nieprawid\u0142owe limfocyty gromadz\u0105 si\u0119 g\u0142\u00f3wnie w w\u0119z\u0142ach ch\u0142onnych, szpiku kostnym i <a href=\"https:\/\/www.alab.pl\/centrum-wiedzy\/krew-budowa-funkcje-w-organizmie-grupy-krwi-i-ich-dziedziczenie\/\">krwi<\/a>. W miar\u0119 post\u0119pu choroby dochodzi do upo\u015bledzenia funkcji szpiku kostnego, co prowadzi do:<\/p>\n\n\n\n<ul class=\"wp-block-list\">\n<li><a href=\"https:\/\/www.alab.pl\/centrum-wiedzy\/anemia-przyczyny-objawy-i-rodzaje-niedokrwistosci\/\">niedokrwisto\u015bci<\/a>,<\/li>\n\n\n\n<li><a href=\"https:\/\/www.alab.pl\/centrum-wiedzy\/maloplytkowosc-co-to-jest-objawy-rodzaje-przyczyny-jakie-badania-wykonac\/\">ma\u0142op\u0142ytkowo\u015bci<\/a>,<\/li>\n\n\n\n<li>zwi\u0119kszonej podatno\u015bci na <a href=\"https:\/\/www.alab.pl\/centrum-wiedzy\/infekcja\/\">infekcje<\/a>.<\/li>\n<\/ul>\n\n\n\n<h2 class=\"wp-block-heading\" id=\"Jakie-s\u0105-przyczyny-przewlek\u0142ej-bia\u0142aczki-limfocytowej?\">Jakie s\u0105 przyczyny przewlek\u0142ej bia\u0142aczki limfocytowej?<\/h2>\n\n\n\n<p><strong>Przyczyny choroby nie s\u0105 w pe\u0142ni poznane<\/strong>, ale naukowcy identyfikuj\u0105 kilka czynnik\u00f3w, kt\u00f3re mog\u0105 zwi\u0119ksza\u0107 ryzyko zachorowania. Do najwa\u017cniejszych nale\u017c\u0105:<\/p>\n\n\n\n<ul class=\"wp-block-list\">\n<li>Mutacje genetyczne, kt\u00f3re prowadz\u0105 do niekontrolowanego wzrostu limfocyt\u00f3w B. Dane naukowe podaj\u0105, \u017ce mutacje w genach takich jak TP53, NOTCH1 czy SF3B1 mog\u0105 odgrywa\u0107 kluczow\u0105 rol\u0119 w rozwoju choroby.<\/li>\n\n\n\n<li>Zachorowania na PBL w\u015br\u00f3d krewnych.<\/li>\n\n\n\n<li>Nara\u017cenie na chemikalia.<\/li>\n\n\n\n<li>Ekspozycja na promieniowanie jonizuj\u0105ce.<\/li>\n\n\n\n<li><a href=\"https:\/\/www.alab.pl\/centrum-wiedzy\/palenie-papierosow-negatywne-skutki-i-wplyw-na-zdrowie-palenia-tytoniu\/\">Palenie tytoniu<\/a>.<\/li>\n<\/ul>\n\n\n\n<p>Nale\u017cy pami\u0119ta\u0107, \u017ce wp\u0142yw czynnik\u00f3w \u015brodowiskowych nie jest do ko\u0144ca jasny i wymaga dalszych bada\u0144.<\/p>\n\n\n\n<h2 class=\"wp-block-heading\" id=\"Kto-mo\u017ce-zachorowa\u0107-na-przewlek\u0142\u0105-bia\u0142aczk\u0119-limfocytow\u0105?\">Kto mo\u017ce zachorowa\u0107 na przewlek\u0142\u0105 bia\u0142aczk\u0119 limfocytow\u0105?<\/h2>\n\n\n\n<p>Przewlek\u0142a bia\u0142aczka limfocytowa jest najcz\u0119\u015bciej diagnozowana u os\u00f3b w wieku powy\u017cej 60. roku \u017cycia, a ryzyko zachorowania wzrasta wraz z wiekiem. M\u0119\u017cczy\u017ani choruj\u0105 cz\u0119\u015bciej ni\u017c kobiety, a choroba jest rzadko spotykana u os\u00f3b poni\u017cej 40. roku \u017cycia.<\/p>\n\n\n\n<p>Osoby z rodzinn\u0105 histori\u0105 PBL lub innych chor\u00f3b hematologicznych s\u0105 r\u00f3wnie\u017c bardziej nara\u017cone na rozw\u00f3j tej choroby. Warto podkre\u015bli\u0107, \u017ce PBL wyst\u0119puje cz\u0119\u015bciej w krajach zachodnich, co mo\u017ce by\u0107 zwi\u0105zane z czynnikami \u015brodowiskowymi lub genetycznymi. Jednak dok\u0142adne przyczyny tej r\u00f3\u017cnicy geograficznej pozostaj\u0105 niejasne.<\/p>\n\n\n\n<h2 class=\"wp-block-heading\" id=\"Objawy-przewlek\u0142ej-bia\u0142aczki-limfocytowej\">Objawy przewlek\u0142ej bia\u0142aczki limfocytowej<\/h2>\n\n\n\n<p>We wczesnych stadiach <strong>przewlek\u0142a bia\u0142aczka limfocytowa cz\u0119sto przebiega bezobjawowo<\/strong>, a choroba jest wykrywana przypadkowo podczas rutynowych bada\u0144 krwi. W miar\u0119 post\u0119pu choroby mog\u0105 pojawi\u0107 si\u0119 nast\u0119puj\u0105ce objawy:<\/p>\n\n\n\n<ul class=\"wp-block-list\">\n<li><a href=\"https:\/\/www.alab.pl\/centrum-wiedzy\/powiekszone-wezly-chlonne-limfadenopatia-przyczyny-diagnostyka\/\">powi\u0119kszenie w\u0119z\u0142\u00f3w ch\u0142onnych<\/a> \u2013 jest to jeden z najcz\u0119stszych objaw\u00f3w PBL; w\u0119z\u0142y mog\u0105 by\u0107 powi\u0119kszone, ale zwykle nie s\u0105 bolesne,<\/li>\n\n\n\n<li>zm\u0119czenie i os\u0142abienie \u2013 spowodowane niedokrwisto\u015bci\u0105, kt\u00f3ra wynika z zaj\u0119cia szpiku kostnego przez nieprawid\u0142owe limfocyty,<\/li>\n\n\n\n<li>nawracaj\u0105ce infekcje \u2013 ze wzgl\u0119du na upo\u015bledzenie funkcji uk\u0142adu odporno\u015bciowego,<\/li>\n\n\n\n<li>utrata masy cia\u0142a \u2013 niezwi\u0105zana z diet\u0105 lub zwi\u0119kszon\u0105 aktywno\u015bci\u0105 fizyczn\u0105,<\/li>\n<\/ul>\n\n\n\n<figure class=\"wp-block-table\"><table class=\"has-fixed-layout\"><tbody><tr><td><strong>UWAGA nr 1 <br><\/strong><br>Nieplanowana utrata masy cia\u0142a zawsze jest wskazaniem do konsultacji lekarskiej, przeprowadzenia szczeg\u00f3\u0142owego badania podmiotowego i przedmiotowego, a dalej do przeprowadzenia okre\u015blonych (zale\u017cnych od wieku, czynnik\u00f3w ryzyka i objaw\u00f3w) bada\u0144 diagnostycznych!<\/td><\/tr><\/tbody><\/table><\/figure>\n\n\n\n<ul class=\"wp-block-list\">\n<li><a href=\"https:\/\/www.alab.pl\/centrum-wiedzy\/nocne-poty-pocenie-sie-podczas-snu-najczestsze-przyczyny-diagnostyka\/\">nocne poty<\/a> \u2013 mog\u0105 by\u0107 zwi\u0105zane z aktywno\u015bci\u0105 choroby,<\/li>\n\n\n\n<li><a href=\"https:\/\/www.alab.pl\/centrum-wiedzy\/powiekszona-sledziona-splenomegalia-przyczyny-objawy-diagnostyka-i-leczenie\/\">powi\u0119kszenie \u015bledziony<\/a> lub w\u0105troby \u2013 mo\u017ce prowadzi\u0107 do uczucia pe\u0142no\u015bci w brzuchu lub b\u00f3lu w nadbrzuszu.<\/li>\n<\/ul>\n\n\n\n<p>W zaawansowanych stadiach choroby mog\u0105 wyst\u0105pi\u0107 objawy zwi\u0105zane z ma\u0142op\u0142ytkowo\u015bci\u0105, takie jak krwawienia z dzi\u0105se\u0142, siniaki czy przed\u0142u\u017cone krwawienia po urazach.<\/p>\n\n\n\n<p><strong>>> Mo\u017ce Ci\u0119 zainteresowa\u0107:<\/strong><\/p>\n\n\n\n<ul class=\"wp-block-list\">\n<li><a href=\"https:\/\/www.alab.pl\/centrum-wiedzy\/jak-wzmocnic-uklad-immunologiczny\/\"><strong>Jak wzmocni\u0107 uk\u0142ad immunologiczny u doros\u0142ych i dzieci?<\/strong><\/a><\/li>\n\n\n\n<li><a href=\"https:\/\/www.alab.pl\/centrum-wiedzy\/objawy-chorej-watroby-na-co-zwrocic-uwage-i-jakie-badania-wykonac\/\"><strong>Objawy chorej w\u0105troby. Na co zwr\u00f3ci\u0107 uwag\u0119 i jakie badania wykona\u0107?<\/strong><\/a><\/li>\n<\/ul>\n\n\n\n<figure class=\"wp-block-image size-full\"><a href=\"https:\/\/www.alab.pl\/badanie\/morfologia-krwi-c55\"><img loading=\"lazy\" decoding=\"async\" width=\"800\" height=\"200\" src=\"https:\/\/www.alab.pl\/centrum-wiedzy\/wp-content\/uploads\/2025\/02\/Morfologia.jpg\" alt=\"Morfologia banerek\" class=\"wp-image-21108\" srcset=\"https:\/\/www.alab.pl\/centrum-wiedzy\/wp-content\/uploads\/2025\/02\/Morfologia.jpg 800w, https:\/\/www.alab.pl\/centrum-wiedzy\/wp-content\/uploads\/2025\/02\/Morfologia-768x192.jpg 768w, https:\/\/www.alab.pl\/centrum-wiedzy\/wp-content\/uploads\/2025\/02\/Morfologia-150x38.jpg 150w, https:\/\/www.alab.pl\/centrum-wiedzy\/wp-content\/uploads\/2025\/02\/Morfologia-300x75.jpg 300w, https:\/\/www.alab.pl\/centrum-wiedzy\/wp-content\/uploads\/2025\/02\/Morfologia-696x174.jpg 696w\" sizes=\"auto, (max-width: 800px) 100vw, 800px\" \/><\/a><\/figure>\n\n\n\n<h2 class=\"wp-block-heading\" id=\"Przewlek\u0142a-bia\u0142aczka-limfocytowa-\u2013-diagnostyka-i-badania\">Przewlek\u0142a bia\u0142aczka limfocytowa \u2013 diagnostyka i badania<\/h2>\n\n\n\n<p>Diagnostyka przewlek\u0142ej bia\u0142aczki limfocytowej opiera si\u0119 na <strong>kilku kluczowych badaniach<\/strong>. Pierwszym krokiem jest zwykle <a href=\"https:\/\/www.alab.pl\/centrum-wiedzy\/morfologia-krwi-badanie-ktore-moze-uratowac-zycie\/\"><strong>morfologia krwi<\/strong><\/a><strong> <\/strong>obwodowej z rozmazem, kt\u00f3ra mo\u017ce wykaza\u0107 zwi\u0119kszon\u0105 liczb\u0119 limfocyt\u00f3w.<\/p>\n\n\n\n<p>Je\u015bli liczba limfocyt\u00f3w przekracza 5000\/\u03bcL i utrzymuje si\u0119 przez co najmniej 3 miesi\u0105ce, mo\u017ce to wskazywa\u0107 na PBL.<\/p>\n\n\n\n<p>Kolejnym krokiem jest wykonanie <strong>immunofenotypowania<\/strong>, kt\u00f3re pozwala na identyfikacj\u0119 nieprawid\u0142owych limfocyt\u00f3w B. Badanie to polega na ocenie marker\u00f3w powierzchniowych kom\u00f3rek za pomoc\u0105 cytometrii przep\u0142ywowej.<\/p>\n\n\n\n<p>Dodatkowo w celu oceny stopnia zaawansowania choroby, wykonuje si\u0119 <strong>badania obrazowe<\/strong>, takie jak tomografia komputerowa (TK) lub rezonans magnetyczny (MRI).<\/p>\n\n\n\n<p>W niekt\u00f3rych przypadkach konieczna mo\u017ce by\u0107 <strong>biopsja szpiku kostnego<\/strong>, aby oceni\u0107 stopie\u0144 jego zaj\u0119cia przez chorob\u0119.<\/p>\n\n\n\n<p><strong>Badania genetyczne<\/strong>, takie jak analiza mutacji w genie TP53, s\u0105 r\u00f3wnie\u017c wa\u017cne, poniewa\u017c mog\u0105 wp\u0142ywa\u0107 na rokowanie i dostosowanie terapii.<\/p>\n\n\n\n<figure class=\"wp-block-image size-full\"><a href=\"https:\/\/www.alab.pl\/badanie\/genetyczny-panel-diagnostyczny-hematologia-metoda-ngs-badanie-z-konsultacja\"><img loading=\"lazy\" decoding=\"async\" width=\"800\" height=\"200\" src=\"https:\/\/www.alab.pl\/centrum-wiedzy\/wp-content\/uploads\/2025\/03\/Badanie-hematologia-genetyczny-panel-diagnostyczny-met.-NGS-badanie-z-konsultacja.png\" alt=\"Badanie hematologia - genetyczny panel diagnostyczny met. NGS (badanie z konsultacja\u0328) banerek\" class=\"wp-image-22317\" srcset=\"https:\/\/www.alab.pl\/centrum-wiedzy\/wp-content\/uploads\/2025\/03\/Badanie-hematologia-genetyczny-panel-diagnostyczny-met.-NGS-badanie-z-konsultacja.png 800w, https:\/\/www.alab.pl\/centrum-wiedzy\/wp-content\/uploads\/2025\/03\/Badanie-hematologia-genetyczny-panel-diagnostyczny-met.-NGS-badanie-z-konsultacja-768x192.png 768w, https:\/\/www.alab.pl\/centrum-wiedzy\/wp-content\/uploads\/2025\/03\/Badanie-hematologia-genetyczny-panel-diagnostyczny-met.-NGS-badanie-z-konsultacja-150x38.png 150w, https:\/\/www.alab.pl\/centrum-wiedzy\/wp-content\/uploads\/2025\/03\/Badanie-hematologia-genetyczny-panel-diagnostyczny-met.-NGS-badanie-z-konsultacja-300x75.png 300w, https:\/\/www.alab.pl\/centrum-wiedzy\/wp-content\/uploads\/2025\/03\/Badanie-hematologia-genetyczny-panel-diagnostyczny-met.-NGS-badanie-z-konsultacja-696x174.png 696w\" sizes=\"auto, (max-width: 800px) 100vw, 800px\" \/><\/a><\/figure>\n\n\n\n<h2 class=\"wp-block-heading\" id=\"Przewlek\u0142a-bia\u0142aczka-limfocytowa-\u2013-leczenie\">Przewlek\u0142a bia\u0142aczka limfocytowa \u2013 leczenie<\/h2>\n\n\n\n<p>Leczenie przewlek\u0142ej bia\u0142aczki limfocytowej zale\u017cy od:<\/p>\n\n\n\n<ul class=\"wp-block-list\">\n<li>stopnia zaawansowania choroby,<\/li>\n\n\n\n<li>wieku pacjenta,<\/li>\n\n\n\n<li>og\u00f3lnego stanu zdrowia,<\/li>\n\n\n\n<li>obecno\u015bci okre\u015blonych mutacji genetycznych.<\/li>\n<\/ul>\n\n\n\n<p>We wczesnych stadiach choroby, gdy objawy s\u0105 \u0142agodne lub nieobecne, cz\u0119sto stosuje si\u0119 strategi\u0119 \u201eobserwacji i czekania\u201d (<em>watch and wait<\/em>). Polega to na regularnym monitorowaniu stanu pacjenta bez wdra\u017cania leczenia, dop\u00f3ki choroba nie zacznie post\u0119powa\u0107.<\/p>\n\n\n\n<p>W przypadku <strong>zaawansowanej choroby lub nasilonych objaw\u00f3w<\/strong> stosuje si\u0119 r\u00f3\u017cne metody leczenia, w tym:<\/p>\n\n\n\n<ul class=\"wp-block-list\">\n<li>chemioterapi\u0119 \u2013 tradycyjne leczenie, kt\u00f3re mo\u017ce obejmowa\u0107 leki takie jak chlorambucyl czy fludarabina,<\/li>\n\n\n\n<li>terapia celowana \u2013 nowoczesne leki (g\u0142\u00f3wnie biologiczne), kt\u00f3re dzia\u0142aj\u0105 na okre\u015blone mechanizmy molekularne w kom\u00f3rkach nowotworowych,<\/li>\n\n\n\n<li>immunoterapia \u2013 leki takie jak rytuksymab, kt\u00f3re stymuluj\u0105 uk\u0142ad odporno\u015bciowy do walki z kom\u00f3rkami nowotworowymi,<\/li>\n\n\n\n<li>przeszczep szpiku kostnego \u2013 mo\u017ce by\u0107 rozwa\u017cany u m\u0142odszych pacjent\u00f3w z agresywn\u0105 postaci\u0105 choroby.<\/li>\n<\/ul>\n\n\n\n<p>Wyb\u00f3r leczenia jest zawsze indywidualny i prowadzony przez hematologa.<\/p>\n\n\n\n<h2 class=\"wp-block-heading\" id=\"Przewlek\u0142a-bia\u0142aczka-limfocytowa-\u2013-podsumowanie\">Przewlek\u0142a bia\u0142aczka limfocytowa \u2013 podsumowanie<\/h2>\n\n\n\n<p>Przewlek\u0142a bia\u0142aczka limfocytowa to choroba, kt\u00f3ra mo\u017ce rozwija\u0107 si\u0119 przez wiele lat bez wyra\u017anych objaw\u00f3w. Wczesne wykrycie jest kluczowe dla skutecznego leczenia i poprawy rokowania.<\/p>\n\n\n\n<p>Regularne badania krwi, zw\u0142aszcza u os\u00f3b starszych lub z rodzinn\u0105 histori\u0105 choroby, mog\u0105 pom\u00f3c w szybkim rozpoznaniu PBL.<\/p>\n\n\n\n<p>Je\u015bli zauwa\u017cysz u siebie niepokoj\u0105ce objawy, takie jak powi\u0119kszenie w\u0119z\u0142\u00f3w ch\u0142onnych, zm\u0119czenie czy nawracaj\u0105ce infekcje, koniecznie zg\u0142o\u015b si\u0119 do lekarza.<\/p>\n\n\n\n<p>Pami\u0119taj, \u017ce wczesna diagnoza i odpowiednie leczenie mog\u0105 znacz\u0105co poprawi\u0107 jako\u015b\u0107 \u017cycia i rokowanie. Jaki wniosek mo\u017cna wyci\u0105gn\u0105\u0107 z powy\u017cszych informacji? Przede wszystkim taki, \u017ce nie nale\u017cy odk\u0142ada\u0107 bada\u0144 profilaktycznych i dbania o swoje zdrowie.<\/p>\n\n\n\n<hr class=\"wp-block-separator has-alpha-channel-opacity\"\/>\n\n\n\n<p><strong>\u0179r\u00f3d\u0142a<\/strong><\/p>\n\n\n\n<ol class=\"wp-block-list\">\n<li>Hallek M. Chronic lymphocytic leukemia: 2020 update on diagnosis, risk stratification and treatment. Am J Hematol. 2019 Nov;94(11):1266-1287. doi: 10.1002\/ajh.25595. Epub 2019 Oct 4. PMID: 31364186. https:\/\/onlinelibrary.wiley.com\/doi\/10.1002\/ajh.25595 (dost\u0119p 24.03.2025)<\/li>\n\n\n\n<li>Rawstron AC, Bennett FL, O&#8217;Connor SJ, Kwok M, Fenton JA, Plummer M, de Tute R, Owen RG, Richards SJ, Jack AS, Hillmen P. Monoclonal B-cell lymphocytosis and chronic lymphocytic leukemia. N Engl J Med. 2008 Aug 7;359(6):575-83. doi: 10.1056\/NEJMoa075290. PMID: 18687638. https:\/\/www.nejm.org\/doi\/10.1056\/NEJMoa075290?url_ver=Z39.88-2003 (dost\u0119p 24.03.2025)<\/li>\n\n\n\n<li>Goldin LR, Slager SL, Caporaso NE. Familial chronic lymphocytic leukemia. Curr Opin Hematol. 2010 Jul;17(4):350-5. doi: 10.1097\/MOH.0b013e328338cd99. PMID: 20389242; PMCID: PMC2891437. https:\/\/pmc.ncbi.nlm.nih.gov\/articles\/PMC2891437\/ (dost\u0119p 24.03.2025)<\/li>\n\n\n\n<li>Hallek M, Cheson BD, Catovsky D, Caligaris-Cappio F, Dighiero G, D\u00f6hner H, Hillmen P, Keating M, Montserrat E, Chiorazzi N, Stilgenbauer S, Rai KR, Byrd JC, Eichhorst B, O&#8217;Brien S, Robak T, Seymour JF, Kipps TJ. iwCLL guidelines for diagnosis, indications for treatment, response assessment, and supportive management of CLL. Blood. 2018 Jun 21;131(25):2745-2760. doi: 10.1182\/blood-2017-09-806398. Epub 2018 Mar 14. PMID: 29540348. https:\/\/www.sciencedirect.com\/science\/article\/pii\/S0006497120321340?via%3Dihub (dost\u0119p 24.03.2025)<\/li>\n\n\n\n<li>Woyach JA, Ruppert AS, Heerema NA, Zhao W, Booth AM, Ding W, Bartlett NL, Brander DM, Barr PM, Rogers KA, Parikh SA, Coutre S, Hurria A, Brown JR, Lozanski G, Blachly JS, Ozer HG, Major-Elechi B, Fruth B, Nattam S, Larson RA, Erba H, Litzow M, Owen C, Kuzma C, Abramson JS, Little RF, Smith SE, Stone RM, Mandrekar SJ, Byrd JC. Ibrutinib Regimens versus Chemoimmunotherapy in Older Patients with Untreated CLL. N Engl J Med. 2018 Dec 27;379(26):2517-2528. doi: 10.1056\/NEJMoa1812836. Epub 2018 Dec 1. PMID: 30501481; PMCID: PMC6325637. https:\/\/pmc.ncbi.nlm.nih.gov\/articles\/PMC6325637\/ (dost\u0119p 24.03.2025)<\/li>\n<\/ol>\n","protected":false},"excerpt":{"rendered":"<p>Przewlek\u0142a bia\u0142aczka limfocytowa to najcz\u0119stszy rodzaj bia\u0142aczki u doros\u0142ych. Sprawd\u017a, co to za choroba i dowiedz si\u0119 wi\u0119cej na jej temat.<\/p>\n","protected":false},"author":154,"featured_media":22427,"comment_status":"closed","ping_status":"closed","sticky":false,"template":"","format":"standard","meta":{"_acf_changed":false,"inline_featured_image":false,"footnotes":""},"categories":[10],"tags":[],"coauthors":[151],"class_list":{"0":"post-22494","1":"post","2":"type-post","3":"status-publish","4":"format-standard","5":"has-post-thumbnail","7":"category-choroby-nowotworowe"},"acf":[],"yoast_head":"<!-- This site is optimized with the Yoast SEO plugin v27.5 - https:\/\/yoast.com\/product\/yoast-seo-wordpress\/ -->\n<title>Przewlek\u0142a bia\u0142aczka limfocytowa \u2013 objawy, diagnostyka, leczenie - Centrum Wiedzy ALAB laboratoria<\/title>\n<meta name=\"description\" content=\"Przewlek\u0142a bia\u0142aczka limfocytowa to najcz\u0119stszy rodzaj bia\u0142aczki u doros\u0142ych. Sprawd\u017a, co to za choroba i dowiedz si\u0119 wi\u0119cej na jej temat.\" \/>\n<meta name=\"robots\" content=\"index, follow, max-snippet:-1, max-image-preview:large, max-video-preview:-1\" \/>\n<link rel=\"canonical\" href=\"https:\/\/www.alab.pl\/centrum-wiedzy\/przewlekla-bialaczka-limfocytowa-objawy-diagnostyka-leczenie\/\" \/>\n<meta property=\"og:locale\" content=\"pl_PL\" \/>\n<meta property=\"og:type\" content=\"article\" \/>\n<meta property=\"og:title\" content=\"Przewlek\u0142a bia\u0142aczka limfocytowa \u2013 objawy, diagnostyka, leczenie - Centrum Wiedzy ALAB laboratoria\" \/>\n<meta property=\"og:description\" content=\"Przewlek\u0142a bia\u0142aczka limfocytowa to najcz\u0119stszy rodzaj bia\u0142aczki u doros\u0142ych. Sprawd\u017a, co to za choroba i dowiedz si\u0119 wi\u0119cej na jej temat.\" \/>\n<meta property=\"og:url\" content=\"https:\/\/www.alab.pl\/centrum-wiedzy\/przewlekla-bialaczka-limfocytowa-objawy-diagnostyka-leczenie\/\" \/>\n<meta property=\"og:site_name\" content=\"Centrum Wiedzy ALAB laboratoria\" \/>\n<meta property=\"article:publisher\" content=\"https:\/\/www.facebook.com\/ALABlaboratoria\" \/>\n<meta property=\"article:published_time\" content=\"2025-03-24T11:22:49+00:00\" \/>\n<meta property=\"article:modified_time\" content=\"2025-03-24T11:22:51+00:00\" \/>\n<meta property=\"og:image\" content=\"https:\/\/www.alab.pl\/centrum-wiedzy\/wp-content\/uploads\/2025\/03\/Przewlekla_bialaczka_limfocytowa_cover.jpg\" \/>\n\t<meta property=\"og:image:width\" content=\"1925\" \/>\n\t<meta property=\"og:image:height\" content=\"1285\" \/>\n\t<meta property=\"og:image:type\" content=\"image\/jpeg\" \/>\n<meta name=\"author\" content=\"Damian Matusiak\" \/>\n<meta name=\"twitter:card\" content=\"summary_large_image\" \/>\n<meta name=\"twitter:label1\" content=\"Napisane przez\" \/>\n\t<meta name=\"twitter:data1\" content=\"Damian Matusiak\" \/>\n\t<meta name=\"twitter:label2\" content=\"Szacowany czas czytania\" \/>\n\t<meta name=\"twitter:data2\" content=\"8 minut\" \/>\n\t<meta name=\"twitter:label3\" content=\"Written by\" \/>\n\t<meta name=\"twitter:data3\" content=\"Damian Matusiak\" \/>\n<!-- \/ Yoast SEO plugin. -->","yoast_head_json":{"title":"Przewlek\u0142a bia\u0142aczka limfocytowa \u2013 objawy, diagnostyka, leczenie - Centrum Wiedzy ALAB laboratoria","description":"Przewlek\u0142a bia\u0142aczka limfocytowa to najcz\u0119stszy rodzaj bia\u0142aczki u doros\u0142ych. Sprawd\u017a, co to za choroba i dowiedz si\u0119 wi\u0119cej na jej temat.","robots":{"index":"index","follow":"follow","max-snippet":"max-snippet:-1","max-image-preview":"max-image-preview:large","max-video-preview":"max-video-preview:-1"},"canonical":"https:\/\/www.alab.pl\/centrum-wiedzy\/przewlekla-bialaczka-limfocytowa-objawy-diagnostyka-leczenie\/","og_locale":"pl_PL","og_type":"article","og_title":"Przewlek\u0142a bia\u0142aczka limfocytowa \u2013 objawy, diagnostyka, leczenie - Centrum Wiedzy ALAB laboratoria","og_description":"Przewlek\u0142a bia\u0142aczka limfocytowa to najcz\u0119stszy rodzaj bia\u0142aczki u doros\u0142ych. Sprawd\u017a, co to za choroba i dowiedz si\u0119 wi\u0119cej na jej temat.","og_url":"https:\/\/www.alab.pl\/centrum-wiedzy\/przewlekla-bialaczka-limfocytowa-objawy-diagnostyka-leczenie\/","og_site_name":"Centrum Wiedzy ALAB laboratoria","article_publisher":"https:\/\/www.facebook.com\/ALABlaboratoria","article_published_time":"2025-03-24T11:22:49+00:00","article_modified_time":"2025-03-24T11:22:51+00:00","og_image":[{"width":1925,"height":1285,"url":"https:\/\/www.alab.pl\/centrum-wiedzy\/wp-content\/uploads\/2025\/03\/Przewlekla_bialaczka_limfocytowa_cover.jpg","type":"image\/jpeg"}],"author":"Damian Matusiak","twitter_card":"summary_large_image","twitter_misc":{"Napisane przez":"Damian Matusiak","Szacowany czas czytania":"8 minut","Written by":"Damian Matusiak"},"schema":{"@context":"https:\/\/schema.org","@graph":[{"@type":"Article","@id":"https:\/\/www.alab.pl\/centrum-wiedzy\/przewlekla-bialaczka-limfocytowa-objawy-diagnostyka-leczenie\/#article","isPartOf":{"@id":"https:\/\/www.alab.pl\/centrum-wiedzy\/przewlekla-bialaczka-limfocytowa-objawy-diagnostyka-leczenie\/"},"author":{"name":"Damian Matusiak","@id":"https:\/\/www.alab.pl\/centrum-wiedzy\/#\/schema\/person\/5709fe1c1c909754033072d7f8155a44"},"headline":"Przewlek\u0142a bia\u0142aczka limfocytowa \u2013 objawy, diagnostyka, leczenie","datePublished":"2025-03-24T11:22:49+00:00","dateModified":"2025-03-24T11:22:51+00:00","mainEntityOfPage":{"@id":"https:\/\/www.alab.pl\/centrum-wiedzy\/przewlekla-bialaczka-limfocytowa-objawy-diagnostyka-leczenie\/"},"wordCount":1490,"publisher":{"@id":"https:\/\/www.alab.pl\/centrum-wiedzy\/#organization"},"image":{"@id":"https:\/\/www.alab.pl\/centrum-wiedzy\/przewlekla-bialaczka-limfocytowa-objawy-diagnostyka-leczenie\/#primaryimage"},"thumbnailUrl":"https:\/\/www.alab.pl\/centrum-wiedzy\/wp-content\/uploads\/2025\/03\/Przewlekla_bialaczka_limfocytowa_cover.jpg","articleSection":["Choroby nowotworowe"],"inLanguage":"pl-PL"},{"@type":"WebPage","@id":"https:\/\/www.alab.pl\/centrum-wiedzy\/przewlekla-bialaczka-limfocytowa-objawy-diagnostyka-leczenie\/","url":"https:\/\/www.alab.pl\/centrum-wiedzy\/przewlekla-bialaczka-limfocytowa-objawy-diagnostyka-leczenie\/","name":"Przewlek\u0142a bia\u0142aczka limfocytowa \u2013 objawy, diagnostyka, leczenie - Centrum Wiedzy ALAB laboratoria","isPartOf":{"@id":"https:\/\/www.alab.pl\/centrum-wiedzy\/#website"},"primaryImageOfPage":{"@id":"https:\/\/www.alab.pl\/centrum-wiedzy\/przewlekla-bialaczka-limfocytowa-objawy-diagnostyka-leczenie\/#primaryimage"},"image":{"@id":"https:\/\/www.alab.pl\/centrum-wiedzy\/przewlekla-bialaczka-limfocytowa-objawy-diagnostyka-leczenie\/#primaryimage"},"thumbnailUrl":"https:\/\/www.alab.pl\/centrum-wiedzy\/wp-content\/uploads\/2025\/03\/Przewlekla_bialaczka_limfocytowa_cover.jpg","datePublished":"2025-03-24T11:22:49+00:00","dateModified":"2025-03-24T11:22:51+00:00","description":"Przewlek\u0142a bia\u0142aczka limfocytowa to najcz\u0119stszy rodzaj bia\u0142aczki u doros\u0142ych. Sprawd\u017a, co to za choroba i dowiedz si\u0119 wi\u0119cej na jej temat.","breadcrumb":{"@id":"https:\/\/www.alab.pl\/centrum-wiedzy\/przewlekla-bialaczka-limfocytowa-objawy-diagnostyka-leczenie\/#breadcrumb"},"inLanguage":"pl-PL","potentialAction":[{"@type":"ReadAction","target":["https:\/\/www.alab.pl\/centrum-wiedzy\/przewlekla-bialaczka-limfocytowa-objawy-diagnostyka-leczenie\/"]}]},{"@type":"ImageObject","inLanguage":"pl-PL","@id":"https:\/\/www.alab.pl\/centrum-wiedzy\/przewlekla-bialaczka-limfocytowa-objawy-diagnostyka-leczenie\/#primaryimage","url":"https:\/\/www.alab.pl\/centrum-wiedzy\/wp-content\/uploads\/2025\/03\/Przewlekla_bialaczka_limfocytowa_cover.jpg","contentUrl":"https:\/\/www.alab.pl\/centrum-wiedzy\/wp-content\/uploads\/2025\/03\/Przewlekla_bialaczka_limfocytowa_cover.jpg","width":1925,"height":1285,"caption":"Przewlekla_bialaczka_limfocytowa_cover"},{"@type":"BreadcrumbList","@id":"https:\/\/www.alab.pl\/centrum-wiedzy\/przewlekla-bialaczka-limfocytowa-objawy-diagnostyka-leczenie\/#breadcrumb","itemListElement":[{"@type":"ListItem","position":1,"name":"Strona g\u0142\u00f3wna","item":"https:\/\/www.alab.pl\/centrum-wiedzy\/"},{"@type":"ListItem","position":2,"name":"Przewlek\u0142a bia\u0142aczka limfocytowa \u2013 objawy, diagnostyka, leczenie"}]},{"@type":"WebSite","@id":"https:\/\/www.alab.pl\/centrum-wiedzy\/#website","url":"https:\/\/www.alab.pl\/centrum-wiedzy\/","name":"Centrum Wiedzy ALAB laboratoria","description":"","publisher":{"@id":"https:\/\/www.alab.pl\/centrum-wiedzy\/#organization"},"potentialAction":[{"@type":"SearchAction","target":{"@type":"EntryPoint","urlTemplate":"https:\/\/www.alab.pl\/centrum-wiedzy\/?s={search_term_string}"},"query-input":{"@type":"PropertyValueSpecification","valueRequired":true,"valueName":"search_term_string"}}],"inLanguage":"pl-PL"},{"@type":"Organization","@id":"https:\/\/www.alab.pl\/centrum-wiedzy\/#organization","name":"Centrum Wiedzy ALAB laboratoria","url":"https:\/\/www.alab.pl\/centrum-wiedzy\/","logo":{"@type":"ImageObject","inLanguage":"pl-PL","@id":"https:\/\/www.alab.pl\/centrum-wiedzy\/#\/schema\/logo\/image\/","url":"https:\/\/www.alab.pl\/centrum-wiedzy\/wp-content\/uploads\/2022\/04\/alabek.jpg","contentUrl":"https:\/\/www.alab.pl\/centrum-wiedzy\/wp-content\/uploads\/2022\/04\/alabek.jpg","width":1250,"height":1251,"caption":"Centrum Wiedzy ALAB laboratoria"},"image":{"@id":"https:\/\/www.alab.pl\/centrum-wiedzy\/#\/schema\/logo\/image\/"},"sameAs":["https:\/\/www.facebook.com\/ALABlaboratoria"]},{"@type":"Person","@id":"https:\/\/www.alab.pl\/centrum-wiedzy\/#\/schema\/person\/5709fe1c1c909754033072d7f8155a44","name":"Damian Matusiak","image":{"@type":"ImageObject","inLanguage":"pl-PL","@id":"https:\/\/www.alab.pl\/centrum-wiedzy\/wp-content\/uploads\/2023\/10\/Damian-Matusiak-jpg-150x150.webp4a39f9a6ab8bdce93cc7d4859c6e6401","url":"https:\/\/www.alab.pl\/centrum-wiedzy\/wp-content\/uploads\/2023\/10\/Damian-Matusiak-jpg-150x150.webp","contentUrl":"https:\/\/www.alab.pl\/centrum-wiedzy\/wp-content\/uploads\/2023\/10\/Damian-Matusiak-jpg-150x150.webp","caption":"Damian Matusiak"},"description":"Specjalista pediatrii, kieruj\u0105cy Oddzia\u0142em Pediatrycznym w Lesznie, absolwent Uniwersytetu Medycznego im. Karola Marcinkowskiego w Poznaniu; pasjonat ultrasonografii i nowinek ze \u015bwiata nauki.","url":"https:\/\/www.alab.pl\/centrum-wiedzy\/author\/damian-matusiak\/"}]}},"_links":{"self":[{"href":"https:\/\/www.alab.pl\/centrum-wiedzy\/wp-json\/wp\/v2\/posts\/22494","targetHints":{"allow":["GET"]}}],"collection":[{"href":"https:\/\/www.alab.pl\/centrum-wiedzy\/wp-json\/wp\/v2\/posts"}],"about":[{"href":"https:\/\/www.alab.pl\/centrum-wiedzy\/wp-json\/wp\/v2\/types\/post"}],"author":[{"embeddable":true,"href":"https:\/\/www.alab.pl\/centrum-wiedzy\/wp-json\/wp\/v2\/users\/154"}],"replies":[{"embeddable":true,"href":"https:\/\/www.alab.pl\/centrum-wiedzy\/wp-json\/wp\/v2\/comments?post=22494"}],"version-history":[{"count":6,"href":"https:\/\/www.alab.pl\/centrum-wiedzy\/wp-json\/wp\/v2\/posts\/22494\/revisions"}],"predecessor-version":[{"id":22501,"href":"https:\/\/www.alab.pl\/centrum-wiedzy\/wp-json\/wp\/v2\/posts\/22494\/revisions\/22501"}],"wp:featuredmedia":[{"embeddable":true,"href":"https:\/\/www.alab.pl\/centrum-wiedzy\/wp-json\/wp\/v2\/media\/22427"}],"wp:attachment":[{"href":"https:\/\/www.alab.pl\/centrum-wiedzy\/wp-json\/wp\/v2\/media?parent=22494"}],"wp:term":[{"taxonomy":"category","embeddable":true,"href":"https:\/\/www.alab.pl\/centrum-wiedzy\/wp-json\/wp\/v2\/categories?post=22494"},{"taxonomy":"post_tag","embeddable":true,"href":"https:\/\/www.alab.pl\/centrum-wiedzy\/wp-json\/wp\/v2\/tags?post=22494"},{"taxonomy":"author","embeddable":true,"href":"https:\/\/www.alab.pl\/centrum-wiedzy\/wp-json\/wp\/v2\/coauthors?post=22494"}],"curies":[{"name":"wp","href":"https:\/\/api.w.org\/{rel}","templated":true}]}}