{"id":22502,"date":"2025-03-24T14:51:53","date_gmt":"2025-03-24T13:51:53","guid":{"rendered":"https:\/\/www.alab.pl\/centrum-wiedzy\/?p=22502"},"modified":"2026-01-20T15:31:11","modified_gmt":"2026-01-20T14:31:11","slug":"anaplazmoza-objawy-diagnostyka-leczenie","status":"publish","type":"post","link":"https:\/\/www.alab.pl\/centrum-wiedzy\/anaplazmoza-objawy-diagnostyka-leczenie\/","title":{"rendered":"Anaplazmoza \u2013 objawy, diagnostyka, leczenie"},"content":{"rendered":"\n<p><strong>Anaplazmoza jest bakteryjn\u0105 chorob\u0105 ludzi i zwierz\u0105t przenoszon\u0105 przez kleszcze. Zasi\u0119g wyst\u0119powania anaplazmozy pokrywa si\u0119 z terenami wyst\u0119powania innych infekcji odkleszczowych, takich jak borelioza z Lyme, babeszjoza i kleszczowe zapalenie m\u00f3zgu. Niewielka liczba przypadk\u00f3w anaplazmozy wykrywanych w Polsce mo\u017ce wynika\u0107 z niespecyficznych objaw\u00f3w klinicznych infekcji oraz z ograniczenia dost\u0119pu do diagnostyki laboratoryjnej w tym kierunku. Artyku\u0142 wyja\u015bnia czym jest anaplazmoza, jak j\u0105 rozpozna\u0107 i na czym polega leczenie infekcji.<\/strong><\/p>\n\n\n\n<p>Spis tre\u015bci:<\/p>\n\n\n\n<ol class=\"wp-block-list\">\n<li><a href=\"#Anaplazmoza-\u2013-co-to-jest?\">Anaplazmoza \u2013 co to jest?<\/a>\n<ul class=\"wp-block-list\">\n<li><span style=\"color: initial;\"><a href=\"#Anaplazmoza-\u2013-wyst\u0119powanie-choroby\">Anaplazmoza \u2013 wyst\u0119powanie choroby<\/a><\/span><\/li>\n\n\n\n<li><a href=\"#Anaplazmoza-\u2013-liczba-przypadk\u00f3w\">Anaplazmoza \u2013 liczba przypadk\u00f3w<\/a><\/li>\n<\/ul>\n<\/li>\n\n\n\n<li><a href=\"#Jak-dochodzi-do-zaka\u017cenia-anaplazmoz\u0105?\">Jak dochodzi do zaka\u017cenia anaplazmoz\u0105?<\/a><\/li>\n\n\n\n<li><a href=\"#Anaplazmoza--\u2013-objawy\">Anaplazmoza \u2013 objawy<\/a><\/li>\n\n\n\n<li><a href=\"#Diagnostyka-anaplazmozy\">Diagnostyka anaplazmozy<\/a><\/li>\n\n\n\n<li><a href=\"#Anaplazmoza--\u2013-leczenie-i-profilaktyka\">Anaplazmoza \u2013 leczenie i profilaktyka<\/a><\/li>\n\n\n\n<li><a href=\"#Anaplazmoza-\u2013-podsumowanie\">Anaplazmoza \u2013 podsumowanie<\/a><\/li>\n<\/ol>\n\n\n\n<h2 class=\"wp-block-heading\" id=\"Anaplazmoza-\u2013-co-to-jest?\">Anaplazmoza \u2013 co to jest?<\/h2>\n\n\n\n<p>Ludzka anaplazmoza granulocytarna (dawna nazwa &#8211; ehrlichioza granulocytarna) wywo\u0142ywana jest przez ma\u0142e Gram-ujemne bakterie&nbsp; z gatunku <em>Anaplasma phagocytophilum.<\/em> <strong>Choroba n<\/strong><strong>ale\u017cy do grupy <\/strong><a href=\"https:\/\/www.alab.pl\/centrum-wiedzy\/najczestsze-choroby-odzwierzece-i-ich-objawy\/\">infekcji odzwierz\u0119cych<\/a><strong> (zoonoz) przenoszonych przez kleszcze.<\/strong><\/p>\n\n\n\n<p>Bakterie wywo\u0142uj\u0105ce anaplazmoz\u0119 s\u0105 &nbsp;obligatoryjnie wewn\u0105trzkom\u00f3rkowe i bytuj\u0105 g\u0142\u00f3wnie w granulocytach (neutrofilach, eozynofilach, bazofilach). Wewn\u0105trzkom\u00f3rkowa lokalizacja chroni drobnoustroje przed uk\u0142adem immunologicznym.<\/p>\n\n\n\n<h3 class=\"wp-block-heading\" id=\"Anaplazmoza-\u2013-wyst\u0119powanie-choroby\">Anaplazmoza \u2013 wyst\u0119powanie choroby<\/h3>\n\n\n\n<p>Po raz pierwszy przypadki anaplazmozy opisano w latach 90-ch XX wieku u pacjent\u00f3w w USA (w stanach Wisconsin i Minnesota). Obecnie wiadomo, \u017ce tereny endemicznego wyst\u0119powania zaka\u017ce\u0144 <em>Anaplasma phagocytophilum<\/em> spotykane s\u0105 w Europie, Azji, Ameryce P\u00f3\u0142nocnej (najwi\u0119cej przypadk\u00f3w), wsz\u0119dzie tam, gdzie bytuj\u0105 kleszcze z rodzaju Ixodes.<\/p>\n\n\n\n<p><strong>&gt;&gt; Sprawd\u017a te\u017c: <a href=\"https:\/\/www.alab.pl\/centrum-wiedzy\/kleszcze-afrykanskie-jakie-choroby-przenosza-jakie-badania-wykonac-po-ukaszeniu-kleszcza\/\">Kleszcze afryka\u0144skie \u2013 jakie choroby przenosz\u0105?<\/a><\/strong><\/p>\n\n\n\n<h3 class=\"wp-block-heading\" id=\"Anaplazmoza-\u2013-liczba-przypadk\u00f3w\">Anaplazmoza \u2013 liczba przypadk\u00f3w<\/h3>\n\n\n\n<p>Liczba przypadk\u00f3w anaplazmozy na \u015bwiecie jest niedoszacowana ze wzgl\u0119du na ograniczenia wynikaj\u0105ce z braku wiedzy o tej infekcji i dost\u0119pu do test\u00f3w laboratoryjnych s\u0142u\u017c\u0105cych rozpoznaniu choroby. Regionalne badania diagnostyczne zwi\u0105zane z wykrywaniem anaplazmozy wskazuj\u0105 na jej rosn\u0105ce znaczenie dla zdrowia publicznego na ca\u0142ym \u015bwiecie.<\/p>\n\n\n\n<p>Metaanaliza przypadk\u00f3w anaplazmozy przedstawiona w 2023 r. w Journal of Vector Borne Diseases wykaza\u0142a ponad 41% wzrost globalnej cz\u0119sto\u015bci wyst\u0119powania choroby w okresie 15 lat. Jest to w du\u017cym stopniu zwi\u0105zane z globalnym ociepleniem klimatu, maj\u0105cym wp\u0142yw na rozszerzanie zasi\u0119gu wyst\u0119powania kleszczy przenosz\u0105cych bakterie.<\/p>\n\n\n\n<p><strong>&gt;&gt; Dowiedz si\u0119 wi\u0119cej: <a href=\"https:\/\/www.alab.pl\/centrum-wiedzy\/sezon-na-kleszcze\/\">Sezon na kleszcze<\/a><\/strong><\/p>\n\n\n\n<p><strong>W Polsce odnotowuje si\u0119 w ci\u0105gu roku pojedyncze zachorowania na anaplazmoz\u0119, w Europie jest to kilkadziesi\u0105t przypadk\u00f3w.<\/strong> Wyniki bada\u0144 przeciwcia\u0142 przeciwko <em>Anaplasma phagocytophilum<\/em> u ludzi \u015bwiadcz\u0105 jednak o du\u017co cz\u0119stszym stykaniu si\u0119 z patogenem, ni\u017c wynika to z liczby zg\u0142osze\u0144 \u2013 w populacji niemieckiej przeciwcia\u0142a wykrywano u 2-6% pacjent\u00f3w, w\u015br\u00f3d Belg\u00f3w podejrzewanych o chorob\u0119 odkleszczow\u0105 ten odsetek wynosi\u0142 ok. 30%.<\/p>\n\n\n\n<h2 class=\"wp-block-heading\" id=\"Jak-dochodzi-do-zaka\u017cenia-anaplazmoz\u0105?\">Jak dochodzi do zaka\u017cenia anaplazmoz\u0105?<\/h2>\n\n\n\n<p>G\u0142\u00f3wnym rezerwuarem bakterii z gatunku&nbsp; <em>Anaplasma phagocytophilum <\/em>s\u0105 ma\u0142e gryzonie (myszy, ryj\u00f3wki, nornice), dzikie zwierz\u0119ta kopytne (jelenie, sarny) i owce.<\/p>\n\n\n\n<p>Wektorami przenosz\u0105cymi patogeny na cz\u0142owieka i zwierz\u0119ta s\u0105 kleszcze z rodzaju <em>Ixodes. <\/em>Bakterie \u017cyj\u0105 zar\u00f3wno w&nbsp;postaciach larwalnych kleszczy jak i w trakcie ich przeobra\u017ce\u0144 z&nbsp;larwy w&nbsp;nimf\u0119 i&nbsp;posta\u0107 doros\u0142\u0105. Najwi\u0119cej zachorowa\u0144 w Polsce przypada na okres maj \u2013 lipiec, a najcz\u0119stszym wektorem zaka\u017cenia s\u0105 nimfy, rzadziej doros\u0142e kleszcze.<\/p>\n\n\n\n<p><strong>&gt;&gt; Przeczytaj te\u017c: <a href=\"https:\/\/www.alab.pl\/centrum-wiedzy\/rumien-wedrujacy-jak-rozpoznac-objaw-po-ugryzieniu-kleszcza\/\">Rumie\u0144 w\u0119druj\u0105cy \u2013 jak rozpozna\u0107 objaw po ugryzieniu kleszcza?<\/a><\/strong><\/p>\n\n\n\n<p><strong>Bakteria wnika do organizmu cz\u0142owieka przez sk\u00f3r\u0119, podczas uk\u0142ucia przez zaka\u017conego kleszcza, a nast\u0119pnie rozprzestrzenia si\u0119 drog\u0105 naczy\u0144 krwiono\u015bnych i&nbsp;ch\u0142onnych.<\/strong> Mo\u017cliwe jest r\u00f3wnie\u017c zaka\u017cenie w trakcie przetaczania krwi, chocia\u017c dzieje si\u0119 to bardzo rzadko.<\/p>\n\n\n\n<p>Okres wyl\u0119gania anaplazmozy trwa zazwyczaj 1-2 tygodnie (granicznie 5-30 dni).<\/p>\n\n\n\n<p><strong>Czynnikami ryzyka rozwoju ci\u0119\u017ckiej postaci infekcji s\u0105:<\/strong><\/p>\n\n\n\n<ul class=\"wp-block-list\">\n<li>op\u00f3\u017anione wdro\u017cenie leczenia,<\/li>\n\n\n\n<li>wiek &gt; 65 r.\u017c.,<\/li>\n\n\n\n<li>zaburzenia odporno\u015bci,<\/li>\n\n\n\n<li>liczne (masywne) uk\u0105szenia przez kleszcze.<\/li>\n<\/ul>\n\n\n\n<h2 class=\"wp-block-heading\" id=\"Anaplazmoza--\u2013-objawy\">Anaplazmoza &nbsp;\u2013 objawy<\/h2>\n\n\n\n<p>Przebieg anaplazmozy mo\u017ce przybra\u0107 r\u00f3\u017cne nasilenie \u2013 od bezobjawowego (jedynym dowodem na przebycie zaka\u017cenia jest pojawienie si\u0119 swoistych przeciwcia\u0142), po bardzo ci\u0119\u017ckie przypadki, ze zgonem w\u0142\u0105cznie. Objawy kliniczne zaka\u017cenia nie s\u0105 charakterystyczne, co jest utrudnieniem w prawid\u0142owym ukierunkowaniu diagnostyki laboratoryjnej.<\/p>\n\n\n\n<p><strong>Wczesne objawy choroby (dni 1\u20135) s\u0105 zazwyczaj \u0142agodne lub umiarkowane i mog\u0105 obejmowa\u0107:<\/strong><\/p>\n\n\n\n<ul class=\"wp-block-list\">\n<li>gor\u0105czk\u0119, dreszcze,<\/li>\n\n\n\n<li>silny b\u00f3l g\u0142owy,<\/li>\n\n\n\n<li>b\u00f3le mi\u0119\u015bni i&nbsp;staw\u00f3w,<\/li>\n\n\n\n<li>nudno\u015bci, wymioty, biegunk\u0119, utrat\u0119 apetytu.<\/li>\n<\/ul>\n\n\n\n<p>W dalszym przebiegu choroby zazwyczaj obserwuje si\u0119 <strong>powi\u0119kszenie w\u0105troby i \u015bledziony<\/strong>, mo\u017ce&nbsp; wyst\u0105pi\u0107 <strong>atypowe zapalenie p\u0142uc, wysypka<\/strong>.<\/p>\n\n\n\n<p><strong>Objawy ci\u0119\u017ckiej (p\u00f3\u017anego stadium) choroby wyst\u0119puj\u0105 rzadko i mog\u0105 obejmowa\u0107:<\/strong><\/p>\n\n\n\n<ul class=\"wp-block-list\">\n<li>niewydolno\u015b\u0107 oddechow\u0105,<\/li>\n\n\n\n<li>zaburzenia neurologiczne,<\/li>\n\n\n\n<li>krwawienia do przewodu pokarmowego i&nbsp;krwotoki wewn\u0119trzne,<\/li>\n\n\n\n<li>zapalenie mi\u0119\u015bnia sercowego,<\/li>\n\n\n\n<li>niewydolno\u015b\u0107 nerek,<\/li>\n\n\n\n<li>zesp\u00f3\u0142 rozsianego krzepni\u0119cia wewn\u0105trznaczyniowego,<\/li>\n\n\n\n<li>rozpad mi\u0119\u015bni poprzecznie pr\u0105\u017ckowanych,<\/li>\n\n\n\n<li>wt\u00f3rne zaka\u017cenia grzybicze i&nbsp;wirusowe,<\/li>\n\n\n\n<li>zgon.<\/li>\n<\/ul>\n\n\n\n<p><strong>&gt;&gt; Zobacz tak\u017ce: <a href=\"https:\/\/www.alab.pl\/centrum-wiedzy\/borelioza\/\">Borelioza \u2013 najcz\u0119stsza choroba odkleszczowa<\/a><\/strong><\/p>\n\n\n\n<h2 class=\"wp-block-heading\" id=\"Diagnostyka-anaplazmozy\">Diagnostyka anaplazmozy<\/h2>\n\n\n\n<p>Ze wzgl\u0119du na brak charakterystycznych objaw\u00f3w, anaplazmozy nie mo\u017cna rozpozna\u0107 klinicznie. Sugesti\u0105 do diagnozowania pacjenta w kierunku anaplazmozy s\u0105 <strong>wyniki hematologicznych i biochemicznych bada\u0144 surowicy krwi oraz wywiad epidemiologiczny<\/strong>.<\/p>\n\n\n\n<p>Osobami podejrzanymi o zaka\u017cenie <em>Anaplasma phagocytophilum<\/em> s\u0105 pacjenci uk\u0105szeni przez kleszcze, z wysok\u0105 gor\u0105czk\u0105, ma\u0142op\u0142ytkowo\u015bci\u0105, granulocytopeni\u0105, podwy\u017cszonym st\u0119\u017ceniem bia\u0142ka C-reaktywnego (CRP) oraz zwi\u0119kszon\u0105 aktywno\u015bci\u0105 aminotransferaz.<\/p>\n\n\n\n<p><strong>Badania laboratoryjne ukierunkowane na anaplazmoz\u0119 obejmuj\u0105:<\/strong><\/p>\n\n\n\n<ul class=\"wp-block-list\">\n<li><strong>preparat mikroskopowy<\/strong> \u2013 w rozmazie krwi obwodowej barwionej metod\u0105 Wrighta lub Giemsy w&nbsp;leukocytach obserwowane s\u0105 wtr\u0119ty (tzw. morule) charakterystyczne dla anaplazmozy. Zmiany widoczne s\u0105 w ostrej fazie choroby u ponad 60% zaka\u017conych;<\/li>\n\n\n\n<li><strong>badania serologiczne<\/strong> \u2013 s\u0142u\u017c\u0105 wykrywaniu swoistych przeciwcia\u0142 w krwi pacjenta, stosowane s\u0105 metody&nbsp; immunofluorescencji po\u015bredniej (IFA), immunoblotting, testy ELISA;<\/li>\n\n\n\n<li><strong>badania molekularne<\/strong> \u2013 polegaj\u0105 na wykrywaniu materia\u0142u genetycznego <em>Anaplasma phagocytophilum<\/em> metod\u0105 PCR.<\/li>\n<\/ul>\n\n\n\n<figure class=\"wp-block-image size-full\"><a href=\"https:\/\/www.alab.pl\/badanie\/anaplazmoza-zakazenie-anaplasma-phagocytophilum-pc-igm\" target=\"_blank\" rel=\" noreferrer noopener\"><img loading=\"lazy\" decoding=\"async\" width=\"800\" height=\"200\" src=\"https:\/\/www.alab.pl\/centrum-wiedzy\/wp-content\/uploads\/2025\/02\/Badanie-przeciwcial-IgM-przeciwko-Anaplasma-phagocytophilum-anaplazmoza.jpg\" alt=\"Badanie przeciwcia\u0142 IgM przeciwko Anaplasma phagocytophilum (anaplazmoza) banerek\" class=\"wp-image-21914\" srcset=\"https:\/\/www.alab.pl\/centrum-wiedzy\/wp-content\/uploads\/2025\/02\/Badanie-przeciwcial-IgM-przeciwko-Anaplasma-phagocytophilum-anaplazmoza.jpg 800w, https:\/\/www.alab.pl\/centrum-wiedzy\/wp-content\/uploads\/2025\/02\/Badanie-przeciwcial-IgM-przeciwko-Anaplasma-phagocytophilum-anaplazmoza-768x192.jpg 768w, https:\/\/www.alab.pl\/centrum-wiedzy\/wp-content\/uploads\/2025\/02\/Badanie-przeciwcial-IgM-przeciwko-Anaplasma-phagocytophilum-anaplazmoza-150x38.jpg 150w, https:\/\/www.alab.pl\/centrum-wiedzy\/wp-content\/uploads\/2025\/02\/Badanie-przeciwcial-IgM-przeciwko-Anaplasma-phagocytophilum-anaplazmoza-300x75.jpg 300w, https:\/\/www.alab.pl\/centrum-wiedzy\/wp-content\/uploads\/2025\/02\/Badanie-przeciwcial-IgM-przeciwko-Anaplasma-phagocytophilum-anaplazmoza-696x174.jpg 696w\" sizes=\"auto, (max-width: 800px) 100vw, 800px\" \/><\/a><\/figure>\n\n\n\n<figure class=\"wp-block-image size-full\"><a href=\"https:\/\/www.alab.pl\/badanie\/anaplazmoza-zakazenie-anaplasma-phagocytophilum-pc-igg\" target=\"_blank\" rel=\" noreferrer noopener\"><img loading=\"lazy\" decoding=\"async\" width=\"800\" height=\"200\" src=\"https:\/\/www.alab.pl\/centrum-wiedzy\/wp-content\/uploads\/2025\/02\/badanie-przeciwcial-IgG-przeciwko-Anaplasma-phagocytophilum-anaplazmoza.jpg\" alt=\"badanie przeciwcia\u0142 IgG przeciwko Anaplasma phagocytophilum (anaplazmoza) banerek\" class=\"wp-image-21913\" srcset=\"https:\/\/www.alab.pl\/centrum-wiedzy\/wp-content\/uploads\/2025\/02\/badanie-przeciwcial-IgG-przeciwko-Anaplasma-phagocytophilum-anaplazmoza.jpg 800w, https:\/\/www.alab.pl\/centrum-wiedzy\/wp-content\/uploads\/2025\/02\/badanie-przeciwcial-IgG-przeciwko-Anaplasma-phagocytophilum-anaplazmoza-768x192.jpg 768w, https:\/\/www.alab.pl\/centrum-wiedzy\/wp-content\/uploads\/2025\/02\/badanie-przeciwcial-IgG-przeciwko-Anaplasma-phagocytophilum-anaplazmoza-150x38.jpg 150w, https:\/\/www.alab.pl\/centrum-wiedzy\/wp-content\/uploads\/2025\/02\/badanie-przeciwcial-IgG-przeciwko-Anaplasma-phagocytophilum-anaplazmoza-300x75.jpg 300w, https:\/\/www.alab.pl\/centrum-wiedzy\/wp-content\/uploads\/2025\/02\/badanie-przeciwcial-IgG-przeciwko-Anaplasma-phagocytophilum-anaplazmoza-696x174.jpg 696w\" sizes=\"auto, (max-width: 800px) 100vw, 800px\" \/><\/a><\/figure>\n\n\n\n<h2 class=\"wp-block-heading\" id=\"Anaplazmoza--\u2013-leczenie-i-profilaktyka\">Anaplazmoza &nbsp;\u2013 leczenie i profilaktyka<\/h2>\n\n\n\n<p>W leczeniu anaplazmozy stosowane s\u0105 <strong>antybiotyki przepisywane przez lekarza<\/strong>. Lekami z wyboru s\u0105 tetracykliny. Dora\u017anie stosowane s\u0105 leki obni\u017caj\u0105ce gor\u0105czk\u0119 oraz niesteroidowe leki przeciwzapalne.<\/p>\n\n\n\n<p>Dla wi\u0119kszo\u015bci chorych wystarczaj\u0105ce jest leczenie ambulatoryjne, kt\u00f3re ko\u0144czy si\u0119 ca\u0142kowitym powrotem do zdrowia. W przypadku ci\u0119\u017ckiego przebiegu infekcji konieczna mo\u017ce okaza\u0107 si\u0119 d\u0142ugotrwa\u0142a rehabilitacja.<\/p>\n\n\n\n<p><strong>&gt;&gt; Sprawd\u017a te\u017c: <a href=\"https:\/\/www.alab.pl\/centrum-wiedzy\/kleszczowe-zapalenie-mozgu\/\">Kleszczowe zapalenie m\u00f3zgu \u2013 objawy i diagnostyka<\/a><\/strong><\/p>\n\n\n\n<p>Najbardziej skuteczn\u0105 metod\u0105 zapobiegania anaplazmozie jest <strong>unikanie kontaktu z kleszczami<\/strong>.<\/p>\n\n\n\n<p>Sprzyja temu:<\/p>\n\n\n\n<ul class=\"wp-block-list\">\n<li>unikanie przebywania na obszarze cz\u0119stego wyst\u0119powania kleszczy,<\/li>\n\n\n\n<li>odpowiedni ubi\u00f3r w rejonach wyst\u0119powania kleszczy (np. lasy, \u0142\u0105ki):<ul><li>d\u0142ugie r\u0119kawy,<\/li><\/ul><ul><li>d\u0142ugie nogawki,<\/li><\/ul><ul><li>wysokie skarpety,<\/li><\/ul><ul><li>wysokie cholewki but\u00f3w,<\/li><\/ul><ul><li>czapki z daszkiem,<\/li><\/ul><ul><li>jasne kolory ubra\u0144,<\/li><\/ul><ul><li>stosowanie repelent\u00f3w,<\/li><\/ul>\n<ul class=\"wp-block-list\">\n<li>kontrola sk\u00f3ry po powrocie z teren\u00f3w wyst\u0119powania kleszczy (szczeg\u00f3lnie pach, pachwin, fa\u0142d\u00f3w sk\u00f3rnych).<\/li>\n<\/ul>\n<\/li>\n<\/ul>\n\n\n\n<figure class=\"wp-block-image size-full\"><a href=\"https:\/\/www.alab.pl\/pakiet\/panel-koinfekcje\" target=\"_blank\" rel=\" noreferrer noopener\"><img loading=\"lazy\" decoding=\"async\" width=\"800\" height=\"200\" src=\"https:\/\/www.alab.pl\/centrum-wiedzy\/wp-content\/uploads\/2025\/02\/Pakiet-panel-koinfekcje-9-badan.jpg\" alt=\"Pakiet panel koinfekcje (9 badan\u0301) banerek\" class=\"wp-image-21915\" srcset=\"https:\/\/www.alab.pl\/centrum-wiedzy\/wp-content\/uploads\/2025\/02\/Pakiet-panel-koinfekcje-9-badan.jpg 800w, https:\/\/www.alab.pl\/centrum-wiedzy\/wp-content\/uploads\/2025\/02\/Pakiet-panel-koinfekcje-9-badan-768x192.jpg 768w, https:\/\/www.alab.pl\/centrum-wiedzy\/wp-content\/uploads\/2025\/02\/Pakiet-panel-koinfekcje-9-badan-150x38.jpg 150w, https:\/\/www.alab.pl\/centrum-wiedzy\/wp-content\/uploads\/2025\/02\/Pakiet-panel-koinfekcje-9-badan-300x75.jpg 300w, https:\/\/www.alab.pl\/centrum-wiedzy\/wp-content\/uploads\/2025\/02\/Pakiet-panel-koinfekcje-9-badan-696x174.jpg 696w\" sizes=\"auto, (max-width: 800px) 100vw, 800px\" \/><\/a><\/figure>\n\n\n\n<h2 class=\"wp-block-heading\" id=\"Anaplazmoza-\u2013-podsumowanie\">Anaplazmoza \u2013 podsumowanie<\/h2>\n\n\n\n<ul class=\"wp-block-list\">\n<li>Anaplazmoza jest bakteryjn\u0105 chorob\u0105 zaka\u017an\u0105 przenoszon\u0105 przez kleszcze z rodzaju <em>Ixodes.<\/em><\/li>\n\n\n\n<li>Na zaka\u017cenie najbardziej nara\u017cone s\u0105 osoby przebywaj\u0105ce na obszarze cz\u0119stego wyst\u0119powania kleszczy (lasy, \u0142\u0105ki).<\/li>\n\n\n\n<li>Najwi\u0119cej zachorowa\u0144 na anaplazmoz\u0119 w Polsce przypada na okres maj \u2013 lipiec.<\/li>\n\n\n\n<li>Objawy anaplazmozy nie s\u0105 charakterystyczne i mog\u0105 przypomina\u0107 inne infekcje odkleszczowe.<\/li>\n\n\n\n<li>Diagnostyka anaplazmozy wymaga wykonania ukierunkowanych bada\u0144 laboratoryjnych.<\/li>\n\n\n\n<li>W leczeniu anaplazmozy stosowane s\u0105 antybiotyki.<\/li>\n\n\n\n<li>Zapobieganiu anaplazmozie sprzyja odpowiedni ubi\u00f3r i stosowanie repelent\u00f3w w rejonach cz\u0119stego wyst\u0119powania kleszczy.<\/li>\n<\/ul>\n\n\n\n<p><strong>&gt;&gt; To mo\u017ce Ci\u0119 zainteresowa\u0107: <a href=\"https:\/\/www.alab.pl\/centrum-wiedzy\/babeszjoza-przyczyny-objawy-diagnostyka-leczenie-u-ludzi\/\">Babeszjoza \u2013 przyczyny, objawy, diagnostyka, leczenie u ludzi<\/a><\/strong><\/p>\n\n\n\n<hr class=\"wp-block-separator has-alpha-channel-opacity\"\/>\n\n\n\n<p><strong>Pi\u015bmiennictwo<\/strong><\/p>\n\n\n\n<ol class=\"wp-block-list\">\n<li>dr hab. n. med. Ernest Kuchar \u201eAnaplazmoza\u201d &nbsp;https:\/\/www.mp.pl\/pacjent\/choroby-zakazne\/choroby\/zakazenia-bakteryjne\/157139,anaplazmoza &nbsp;(dost\u0119p 22.02.2025 r.)<\/li>\n\n\n\n<li>Ludzka granulocytarna anaplazmoza \u2013 rzadka ale gro\u017ana choroba przenoszona przez kleszcze NIZP PZH &nbsp;https:\/\/www.pzh.gov.pl\/ludzka-granulocytarna-anaplazmoza-rzadka-ale-grozna-choroba-przenoszona-przez-kleszcze\/ (dost\u0119p 23.02.2025 r.)<\/li>\n\n\n\n<li>Karshima, Solomon Ngutor &amp; others \u201eGlobal status of <em>Anaplasma phagocytophilum<\/em> infections in human population: A 50-year (1970\u20132020) meta-analysis\u201d Journal of Vector Borne Diseases 60(3):p 265-278, Jul-Sep (dost\u0119p 22.02.2025 r.)<\/li>\n\n\n\n<li>Ludzka anaplazmoza granulocyt arna https:\/\/www.pzh.gov.pl\/projekty-i-programy\/profilaktyka-chorob-odkleszczowych\/ludzka-anaplazmoza-granulocytarna\/ (dost\u0119p 24.02.2025 r.)<\/li>\n<\/ol>\n","protected":false},"excerpt":{"rendered":"<p>Anaplazmoza jest bakteryjn\u0105 chorob\u0105 ludzi i zwierz\u0105t przenoszon\u0105 przez kleszcze. Dowiedz si\u0119 wi\u0119cej na jej temat.<\/p>\n","protected":false},"author":95,"featured_media":21912,"comment_status":"closed","ping_status":"closed","sticky":false,"template":"","format":"standard","meta":{"_acf_changed":false,"inline_featured_image":false,"footnotes":""},"categories":[7],"tags":[],"coauthors":[154],"class_list":{"0":"post-22502","1":"post","2":"type-post","3":"status-publish","4":"format-standard","5":"has-post-thumbnail","7":"category-borelioza-i-choroby-odkleszczowe"},"acf":[],"yoast_head":"<!-- This site is optimized with the Yoast SEO plugin v27.5 - https:\/\/yoast.com\/product\/yoast-seo-wordpress\/ -->\n<title>Anaplazmoza \u2013 objawy, diagnostyka, leczenie - Centrum Wiedzy ALAB laboratoria<\/title>\n<meta name=\"description\" content=\"Anaplazmoza jest bakteryjn\u0105 chorob\u0105 ludzi i zwierz\u0105t przenoszon\u0105 przez kleszcze. Dowiedz si\u0119 wi\u0119cej na jej temat.\" \/>\n<meta name=\"robots\" content=\"index, follow, max-snippet:-1, max-image-preview:large, max-video-preview:-1\" \/>\n<link rel=\"canonical\" href=\"https:\/\/www.alab.pl\/centrum-wiedzy\/anaplazmoza-objawy-diagnostyka-leczenie\/\" \/>\n<meta property=\"og:locale\" content=\"pl_PL\" \/>\n<meta property=\"og:type\" content=\"article\" \/>\n<meta property=\"og:title\" content=\"Anaplazmoza \u2013 objawy, diagnostyka, leczenie - Centrum Wiedzy ALAB laboratoria\" \/>\n<meta property=\"og:description\" content=\"Anaplazmoza jest bakteryjn\u0105 chorob\u0105 ludzi i zwierz\u0105t przenoszon\u0105 przez kleszcze. Dowiedz si\u0119 wi\u0119cej na jej temat.\" \/>\n<meta property=\"og:url\" content=\"https:\/\/www.alab.pl\/centrum-wiedzy\/anaplazmoza-objawy-diagnostyka-leczenie\/\" \/>\n<meta property=\"og:site_name\" content=\"Centrum Wiedzy ALAB laboratoria\" \/>\n<meta property=\"article:publisher\" content=\"https:\/\/www.facebook.com\/ALABlaboratoria\" \/>\n<meta property=\"article:published_time\" content=\"2025-03-24T13:51:53+00:00\" \/>\n<meta property=\"article:modified_time\" content=\"2026-01-20T14:31:11+00:00\" \/>\n<meta property=\"og:image\" content=\"https:\/\/www.alab.pl\/centrum-wiedzy\/wp-content\/uploads\/2025\/02\/Anaplazmoza_cover.jpg\" \/>\n\t<meta property=\"og:image:width\" content=\"1925\" \/>\n\t<meta property=\"og:image:height\" content=\"1285\" \/>\n\t<meta property=\"og:image:type\" content=\"image\/jpeg\" \/>\n<meta name=\"author\" content=\"Elwira Zawidzka\" \/>\n<meta name=\"twitter:card\" content=\"summary_large_image\" \/>\n<meta name=\"twitter:label1\" content=\"Napisane przez\" \/>\n\t<meta name=\"twitter:data1\" content=\"Elwira Zawidzka\" \/>\n\t<meta name=\"twitter:label2\" content=\"Szacowany czas czytania\" \/>\n\t<meta name=\"twitter:data2\" content=\"8 minut\" \/>\n\t<meta name=\"twitter:label3\" content=\"Written by\" \/>\n\t<meta name=\"twitter:data3\" content=\"Elwira Zawidzka\" \/>\n<!-- \/ Yoast SEO plugin. -->","yoast_head_json":{"title":"Anaplazmoza \u2013 objawy, diagnostyka, leczenie - Centrum Wiedzy ALAB laboratoria","description":"Anaplazmoza jest bakteryjn\u0105 chorob\u0105 ludzi i zwierz\u0105t przenoszon\u0105 przez kleszcze. Dowiedz si\u0119 wi\u0119cej na jej temat.","robots":{"index":"index","follow":"follow","max-snippet":"max-snippet:-1","max-image-preview":"max-image-preview:large","max-video-preview":"max-video-preview:-1"},"canonical":"https:\/\/www.alab.pl\/centrum-wiedzy\/anaplazmoza-objawy-diagnostyka-leczenie\/","og_locale":"pl_PL","og_type":"article","og_title":"Anaplazmoza \u2013 objawy, diagnostyka, leczenie - Centrum Wiedzy ALAB laboratoria","og_description":"Anaplazmoza jest bakteryjn\u0105 chorob\u0105 ludzi i zwierz\u0105t przenoszon\u0105 przez kleszcze. Dowiedz si\u0119 wi\u0119cej na jej temat.","og_url":"https:\/\/www.alab.pl\/centrum-wiedzy\/anaplazmoza-objawy-diagnostyka-leczenie\/","og_site_name":"Centrum Wiedzy ALAB laboratoria","article_publisher":"https:\/\/www.facebook.com\/ALABlaboratoria","article_published_time":"2025-03-24T13:51:53+00:00","article_modified_time":"2026-01-20T14:31:11+00:00","og_image":[{"width":1925,"height":1285,"url":"https:\/\/www.alab.pl\/centrum-wiedzy\/wp-content\/uploads\/2025\/02\/Anaplazmoza_cover.jpg","type":"image\/jpeg"}],"author":"Elwira Zawidzka","twitter_card":"summary_large_image","twitter_misc":{"Napisane przez":"Elwira Zawidzka","Szacowany czas czytania":"8 minut","Written by":"Elwira Zawidzka"},"schema":{"@context":"https:\/\/schema.org","@graph":[{"@type":"Article","@id":"https:\/\/www.alab.pl\/centrum-wiedzy\/anaplazmoza-objawy-diagnostyka-leczenie\/#article","isPartOf":{"@id":"https:\/\/www.alab.pl\/centrum-wiedzy\/anaplazmoza-objawy-diagnostyka-leczenie\/"},"author":{"name":"Elwira Zawidzka","@id":"https:\/\/www.alab.pl\/centrum-wiedzy\/#\/schema\/person\/1ae34e072d82e416ba56554dcb881d62"},"headline":"Anaplazmoza \u2013 objawy, diagnostyka, leczenie","datePublished":"2025-03-24T13:51:53+00:00","dateModified":"2026-01-20T14:31:11+00:00","mainEntityOfPage":{"@id":"https:\/\/www.alab.pl\/centrum-wiedzy\/anaplazmoza-objawy-diagnostyka-leczenie\/"},"wordCount":1282,"publisher":{"@id":"https:\/\/www.alab.pl\/centrum-wiedzy\/#organization"},"image":{"@id":"https:\/\/www.alab.pl\/centrum-wiedzy\/anaplazmoza-objawy-diagnostyka-leczenie\/#primaryimage"},"thumbnailUrl":"https:\/\/www.alab.pl\/centrum-wiedzy\/wp-content\/uploads\/2025\/02\/Anaplazmoza_cover.jpg","articleSection":["Borelioza i choroby odkleszczowe"],"inLanguage":"pl-PL"},{"@type":"WebPage","@id":"https:\/\/www.alab.pl\/centrum-wiedzy\/anaplazmoza-objawy-diagnostyka-leczenie\/","url":"https:\/\/www.alab.pl\/centrum-wiedzy\/anaplazmoza-objawy-diagnostyka-leczenie\/","name":"Anaplazmoza \u2013 objawy, diagnostyka, leczenie - Centrum Wiedzy ALAB laboratoria","isPartOf":{"@id":"https:\/\/www.alab.pl\/centrum-wiedzy\/#website"},"primaryImageOfPage":{"@id":"https:\/\/www.alab.pl\/centrum-wiedzy\/anaplazmoza-objawy-diagnostyka-leczenie\/#primaryimage"},"image":{"@id":"https:\/\/www.alab.pl\/centrum-wiedzy\/anaplazmoza-objawy-diagnostyka-leczenie\/#primaryimage"},"thumbnailUrl":"https:\/\/www.alab.pl\/centrum-wiedzy\/wp-content\/uploads\/2025\/02\/Anaplazmoza_cover.jpg","datePublished":"2025-03-24T13:51:53+00:00","dateModified":"2026-01-20T14:31:11+00:00","description":"Anaplazmoza jest bakteryjn\u0105 chorob\u0105 ludzi i zwierz\u0105t przenoszon\u0105 przez kleszcze. Dowiedz si\u0119 wi\u0119cej na jej temat.","breadcrumb":{"@id":"https:\/\/www.alab.pl\/centrum-wiedzy\/anaplazmoza-objawy-diagnostyka-leczenie\/#breadcrumb"},"inLanguage":"pl-PL","potentialAction":[{"@type":"ReadAction","target":["https:\/\/www.alab.pl\/centrum-wiedzy\/anaplazmoza-objawy-diagnostyka-leczenie\/"]}]},{"@type":"ImageObject","inLanguage":"pl-PL","@id":"https:\/\/www.alab.pl\/centrum-wiedzy\/anaplazmoza-objawy-diagnostyka-leczenie\/#primaryimage","url":"https:\/\/www.alab.pl\/centrum-wiedzy\/wp-content\/uploads\/2025\/02\/Anaplazmoza_cover.jpg","contentUrl":"https:\/\/www.alab.pl\/centrum-wiedzy\/wp-content\/uploads\/2025\/02\/Anaplazmoza_cover.jpg","width":1925,"height":1285,"caption":"Anaplazmoza_cover"},{"@type":"BreadcrumbList","@id":"https:\/\/www.alab.pl\/centrum-wiedzy\/anaplazmoza-objawy-diagnostyka-leczenie\/#breadcrumb","itemListElement":[{"@type":"ListItem","position":1,"name":"Strona g\u0142\u00f3wna","item":"https:\/\/www.alab.pl\/centrum-wiedzy\/"},{"@type":"ListItem","position":2,"name":"Anaplazmoza \u2013 objawy, diagnostyka, leczenie"}]},{"@type":"WebSite","@id":"https:\/\/www.alab.pl\/centrum-wiedzy\/#website","url":"https:\/\/www.alab.pl\/centrum-wiedzy\/","name":"Centrum Wiedzy ALAB laboratoria","description":"","publisher":{"@id":"https:\/\/www.alab.pl\/centrum-wiedzy\/#organization"},"potentialAction":[{"@type":"SearchAction","target":{"@type":"EntryPoint","urlTemplate":"https:\/\/www.alab.pl\/centrum-wiedzy\/?s={search_term_string}"},"query-input":{"@type":"PropertyValueSpecification","valueRequired":true,"valueName":"search_term_string"}}],"inLanguage":"pl-PL"},{"@type":"Organization","@id":"https:\/\/www.alab.pl\/centrum-wiedzy\/#organization","name":"Centrum Wiedzy ALAB laboratoria","url":"https:\/\/www.alab.pl\/centrum-wiedzy\/","logo":{"@type":"ImageObject","inLanguage":"pl-PL","@id":"https:\/\/www.alab.pl\/centrum-wiedzy\/#\/schema\/logo\/image\/","url":"https:\/\/www.alab.pl\/centrum-wiedzy\/wp-content\/uploads\/2022\/04\/alabek.jpg","contentUrl":"https:\/\/www.alab.pl\/centrum-wiedzy\/wp-content\/uploads\/2022\/04\/alabek.jpg","width":1250,"height":1251,"caption":"Centrum Wiedzy ALAB laboratoria"},"image":{"@id":"https:\/\/www.alab.pl\/centrum-wiedzy\/#\/schema\/logo\/image\/"},"sameAs":["https:\/\/www.facebook.com\/ALABlaboratoria"]},{"@type":"Person","@id":"https:\/\/www.alab.pl\/centrum-wiedzy\/#\/schema\/person\/1ae34e072d82e416ba56554dcb881d62","name":"Elwira Zawidzka","image":{"@type":"ImageObject","inLanguage":"pl-PL","@id":"https:\/\/www.alab.pl\/centrum-wiedzy\/wp-content\/uploads\/2022\/03\/Elwira-Zawidzka-scaled-1-150x149.jpg2f127cfeae6d9bf00c170f9c737413d3","url":"https:\/\/www.alab.pl\/centrum-wiedzy\/wp-content\/uploads\/2022\/03\/Elwira-Zawidzka-scaled-1-150x149.jpg","contentUrl":"https:\/\/www.alab.pl\/centrum-wiedzy\/wp-content\/uploads\/2022\/03\/Elwira-Zawidzka-scaled-1-150x149.jpg","caption":"Elwira Zawidzka"},"description":"Specjalista mikrobiologii medycznej, diagnosta laboratoryjny, cz\u0142onek Zespo\u0142u ds. Kontroli Zaka\u017ce\u0144 Szpitalnych. Absolwentka Uniwersytetu Warszawskiego, Warszawskiego Uniwersytetu Medycznego i Akademii Leona Ko\u017ami\u0144skiego.","url":"https:\/\/www.alab.pl\/centrum-wiedzy\/author\/elwira\/"}]}},"_links":{"self":[{"href":"https:\/\/www.alab.pl\/centrum-wiedzy\/wp-json\/wp\/v2\/posts\/22502","targetHints":{"allow":["GET"]}}],"collection":[{"href":"https:\/\/www.alab.pl\/centrum-wiedzy\/wp-json\/wp\/v2\/posts"}],"about":[{"href":"https:\/\/www.alab.pl\/centrum-wiedzy\/wp-json\/wp\/v2\/types\/post"}],"author":[{"embeddable":true,"href":"https:\/\/www.alab.pl\/centrum-wiedzy\/wp-json\/wp\/v2\/users\/95"}],"replies":[{"embeddable":true,"href":"https:\/\/www.alab.pl\/centrum-wiedzy\/wp-json\/wp\/v2\/comments?post=22502"}],"version-history":[{"count":7,"href":"https:\/\/www.alab.pl\/centrum-wiedzy\/wp-json\/wp\/v2\/posts\/22502\/revisions"}],"predecessor-version":[{"id":29186,"href":"https:\/\/www.alab.pl\/centrum-wiedzy\/wp-json\/wp\/v2\/posts\/22502\/revisions\/29186"}],"wp:featuredmedia":[{"embeddable":true,"href":"https:\/\/www.alab.pl\/centrum-wiedzy\/wp-json\/wp\/v2\/media\/21912"}],"wp:attachment":[{"href":"https:\/\/www.alab.pl\/centrum-wiedzy\/wp-json\/wp\/v2\/media?parent=22502"}],"wp:term":[{"taxonomy":"category","embeddable":true,"href":"https:\/\/www.alab.pl\/centrum-wiedzy\/wp-json\/wp\/v2\/categories?post=22502"},{"taxonomy":"post_tag","embeddable":true,"href":"https:\/\/www.alab.pl\/centrum-wiedzy\/wp-json\/wp\/v2\/tags?post=22502"},{"taxonomy":"author","embeddable":true,"href":"https:\/\/www.alab.pl\/centrum-wiedzy\/wp-json\/wp\/v2\/coauthors?post=22502"}],"curies":[{"name":"wp","href":"https:\/\/api.w.org\/{rel}","templated":true}]}}