{"id":22511,"date":"2025-03-25T07:59:45","date_gmt":"2025-03-25T06:59:45","guid":{"rendered":"https:\/\/www.alab.pl\/centrum-wiedzy\/?p=22511"},"modified":"2025-03-25T14:09:00","modified_gmt":"2025-03-25T13:09:00","slug":"dlaczego-nie-stosujemy-antybiotykow-na-wirusy","status":"publish","type":"post","link":"https:\/\/www.alab.pl\/centrum-wiedzy\/dlaczego-nie-stosujemy-antybiotykow-na-wirusy\/","title":{"rendered":"Dlaczego nie stosujemy antybiotyk\u00f3w na wirusy?"},"content":{"rendered":"\n<p><strong>Antybiotyki s\u0105 lekami stosowanymi w zwalczaniu chor\u00f3b zaka\u017anych. Nie ka\u017cdy jednak zdaje sobie spraw\u0119 z tego, \u017ce terapia antybiotykami dotyczy wy\u0142\u0105cznie chor\u00f3b wywo\u0142ywanych przez bakterie. Stosowanie tych lek\u00f3w w infekcjach wirusowych, np. przy zwyk\u0142ych przezi\u0119bieniach, grypie czy COVID-19,\u00a0 jest niekorzystne dla zdrowia pacjenta i prowadzi do narastania oporno\u015bci bakterii. Dlaczego tak si\u0119 dzieje? Dowiedz si\u0119 wi\u0119cej o antybiotykoterapii.<\/strong><\/p>\n\n\n\n<p><strong>Spis tre\u015bci:<\/strong><\/p>\n\n\n\n<ol class=\"wp-block-list\">\n<li><a href=\"#Jak-dzia\u0142aj\u0105-antybiotyki?-Mechanizm\">Jak dzia\u0142aj\u0105 antybiotyki? Mechanizm<\/a><\/li>\n\n\n\n<li><a href=\"#Infekcja-wirusowa-a-infekcja-bakteryjna-\u2013-r\u00f3\u017cnice\">Infekcja wirusowa a infekcja bakteryjna \u2013 r\u00f3\u017cnice<\/a>\n<ul class=\"wp-block-list\">\n<li><span style=\"color: initial;\"><a href=\"#Objawy-infekcji-wirusowej\">Objawy infekcji wirusowej<\/a><\/span><\/li>\n\n\n\n<li><a href=\"#Objawy-infekcji-bakteryjnej\">Objawy infekcji bakteryjnej<\/a><\/li>\n<\/ul>\n<\/li>\n\n\n\n<li><a href=\"#Czy-antybiotyki-dzia\u0142aj\u0105-na-wirusy?\">Czy antybiotyki dzia\u0142aj\u0105 na wirusy?<\/a><\/li>\n\n\n\n<li><a href=\"#Kiedy-zaleca-si\u0119-stosowanie-antybiotyk\u00f3w?\">Kiedy zaleca si\u0119 stosowanie antybiotyk\u00f3w?<\/a><\/li>\n\n\n\n<li><a href=\"#Jak-bezpiecznie-stosowa\u0107-antybiotyki?\">Jak bezpiecznie stosowa\u0107 antybiotyki?<\/a><\/li>\n\n\n\n<li><a href=\"#Antybiotyki-\u2013-podsumowanie\">Podsumowanie<\/a><\/li>\n<\/ol>\n\n\n\n<h2 class=\"wp-block-heading\" id=\"Jak-dzia\u0142aj\u0105-antybiotyki?-Mechanizm\">Jak dzia\u0142aj\u0105 antybiotyki? Mechanizm<\/h2>\n\n\n\n<p>Antybiotyki s\u0105 <strong>lekami przeciwdrobnoustrojowym stosowanymi w zwalczaniu infekcji wywo\u0142ywanych przez bakterie<\/strong>. Efektem ich dzia\u0142ania jest \u015bmier\u0107 lub zahamowanie proces\u00f3w \u017cyciowych bakterii (Tabela nr 1).<\/p>\n\n\n\n<p>Dochodzi do tego na skutek blokowania syntezy \u015bciany kom\u00f3rkowej bakterii, uszkodzenia ich b\u0142ony kom\u00f3rkowej, blokowania syntezy bia\u0142ek lub blokowania syntezy DNA (Tabela nr 2).<\/p>\n\n\n\n<p>Ze wzgl\u0119du na zakres dzia\u0142ania dzielimy antybiotyki na leki szerokospektralne, czyli takie, kt\u00f3re dzia\u0142aj\u0105 na wiele gatunk\u00f3w bakterii oraz w\u0105skospektralne, kt\u00f3re s\u0105 skuteczne wobec ograniczonej grupy bakterii.<\/p>\n\n\n\n<p><strong>Im szersze jest spektrum dzia\u0142ania antybiotyk\u00f3w, tym bardziej prawdopodobny jest ich negatywny wp\u0142yw na mikrobiot\u0119 organizmu<\/strong>, czyli po\u017cyteczne bakterie zasiedlaj\u0105ce r\u00f3\u017cne obszary naszego cia\u0142a.<\/p>\n\n\n\n<p><strong>>> Przeczytaj te\u017c: <a href=\"https:\/\/www.alab.pl\/centrum-wiedzy\/antybiotyki-czy-nadal-sa-skuteczne\/\">Antybiotyki \u2013 czy nadal s\u0105 skuteczne?<\/a><\/strong><\/p>\n\n\n\n<figure class=\"wp-block-image size-full is-resized\"><img loading=\"lazy\" decoding=\"async\" width=\"890\" height=\"400\" src=\"https:\/\/www.alab.pl\/centrum-wiedzy\/wp-content\/uploads\/2025\/03\/Antybiotyk_na_wirusy_talebla_1.jpg\" alt=\"Antybiotyk_na_wirusy_talebla_1\" class=\"wp-image-22133\" style=\"width:1067px;height:auto\" srcset=\"https:\/\/www.alab.pl\/centrum-wiedzy\/wp-content\/uploads\/2025\/03\/Antybiotyk_na_wirusy_talebla_1.jpg 890w, https:\/\/www.alab.pl\/centrum-wiedzy\/wp-content\/uploads\/2025\/03\/Antybiotyk_na_wirusy_talebla_1-768x345.jpg 768w, https:\/\/www.alab.pl\/centrum-wiedzy\/wp-content\/uploads\/2025\/03\/Antybiotyk_na_wirusy_talebla_1-150x67.jpg 150w, https:\/\/www.alab.pl\/centrum-wiedzy\/wp-content\/uploads\/2025\/03\/Antybiotyk_na_wirusy_talebla_1-300x135.jpg 300w, https:\/\/www.alab.pl\/centrum-wiedzy\/wp-content\/uploads\/2025\/03\/Antybiotyk_na_wirusy_talebla_1-696x313.jpg 696w\" sizes=\"auto, (max-width: 890px) 100vw, 890px\" \/><figcaption class=\"wp-element-caption\"><strong>Tabela 1<\/strong> Efekt dzia\u0142ania antybiotyk\u00f3w na kom\u00f3rk\u0119 bakteryjn\u0105<\/figcaption><\/figure>\n\n\n\n<figure class=\"wp-block-image size-full\"><img loading=\"lazy\" decoding=\"async\" width=\"890\" height=\"347\" src=\"https:\/\/www.alab.pl\/centrum-wiedzy\/wp-content\/uploads\/2025\/03\/Antybiotyk_na_wirusy_talebla_2.jpg\" alt=\"Antybiotyk_na_wirusy_talebla_2\" class=\"wp-image-22134\" srcset=\"https:\/\/www.alab.pl\/centrum-wiedzy\/wp-content\/uploads\/2025\/03\/Antybiotyk_na_wirusy_talebla_2.jpg 890w, https:\/\/www.alab.pl\/centrum-wiedzy\/wp-content\/uploads\/2025\/03\/Antybiotyk_na_wirusy_talebla_2-768x299.jpg 768w, https:\/\/www.alab.pl\/centrum-wiedzy\/wp-content\/uploads\/2025\/03\/Antybiotyk_na_wirusy_talebla_2-150x58.jpg 150w, https:\/\/www.alab.pl\/centrum-wiedzy\/wp-content\/uploads\/2025\/03\/Antybiotyk_na_wirusy_talebla_2-300x117.jpg 300w, https:\/\/www.alab.pl\/centrum-wiedzy\/wp-content\/uploads\/2025\/03\/Antybiotyk_na_wirusy_talebla_2-696x271.jpg 696w\" sizes=\"auto, (max-width: 890px) 100vw, 890px\" \/><figcaption class=\"wp-element-caption\"><strong>Tabela 2<\/strong> Mechanizm dzia\u0142ania antybiotyk\u00f3w<\/figcaption><\/figure>\n\n\n\n<h2 class=\"wp-block-heading\" id=\"Infekcja-wirusowa-a-infekcja-bakteryjna-\u2013-r\u00f3\u017cnice\">Infekcja wirusowa a infekcja bakteryjna \u2013 r\u00f3\u017cnice<\/h2>\n\n\n\n<p>Rozr\u00f3\u017cnienie infekcji wirusowej i bakteryjnej jest niezwykle istotne dla zastosowania odpowiedniego leczenia. Dzi\u0119ki w\u0142a\u015bciwej terapii nie tylko zwi\u0119kszamy prawdopodobie\u0144stwo powrotu pacjenta do zdrowia, ale r\u00f3wnie\u017c&nbsp; <strong>zapobiegamy skutkom ubocznym dzia\u0142ania lek\u00f3w oraz ograniczamy szerzenie si\u0119 oporno\u015bci na leki w\u015br\u00f3d drobnoustroj\u00f3w<\/strong>.<\/p>\n\n\n\n<p>W zaka\u017ceniach wywo\u0142ywanych przez wirusy (np. przezi\u0119bienie, <a href=\"https:\/\/www.alab.pl\/centrum-wiedzy\/grypa-ostra-choroba-zakazna-ukladu-oddechowego\/\">grypa<\/a>, <a href=\"https:\/\/www.alab.pl\/centrum-wiedzy\/covid-19\/\">COVID-19<\/a>)&nbsp; stosuje si\u0119 zazwyczaj leczenie objawowe, \u0142agodz\u0105ce przebieg choroby. W ci\u0119\u017ckich przypadkach wybranych infekcji wirusowych podawane s\u0105 leki przeciwwirusowe.<\/p>\n\n\n\n<p><strong>W zaka\u017ceniach bakteryjnych stosowane s\u0105 antybiotyki, kt\u00f3re na wirusy nie dzia\u0142aj\u0105.<\/strong><\/p>\n\n\n\n<p>Mimo, \u017ce rozr\u00f3\u017cnienie infekcji wirusowej od bakteryjnej bywa trudne, pewne objawy w przebiegu choroby s\u0105 bardziej charakterystyczne dla zaka\u017cenia wirusami, inne wyst\u0119puj\u0105 cz\u0119\u015bciej przy zaka\u017ceniu bakteriami.<\/p>\n\n\n\n<p><strong>Przy infekcji wirusowej objawy pojawiaj\u0105 si\u0119 zazwyczaj stopniowo, a infekcja bakteryjna ma zwykle nag\u0142y pocz\u0105tek i gwa\u0142towny przebieg.<\/strong> Zaka\u017cenie bakteriami jest cz\u0119sto nast\u0119pstwem choroby wirusowej, kt\u00f3ra przyczyniaj\u0105c si\u0119 do os\u0142abienia organizmu stworzy\u0142a korzystne warunki do namna\u017cania bakterii. &nbsp;<\/p>\n\n\n\n<p><strong>>> Przeczytaj tak\u017ce: <a href=\"https:\/\/www.alab.pl\/centrum-wiedzy\/sezonowe-zakazenia-ukladu-oddechowego-ostre-zakazenia-gornych-drog-oddechowych\/\">Sezonowe zaka\u017cenia uk\u0142adu oddechowego<\/a><\/strong><\/p>\n\n\n\n<h3 class=\"wp-block-heading\" id=\"Objawy-infekcji-wirusowej\">Objawy infekcji wirusowej<\/h3>\n\n\n\n<ul class=\"wp-block-list\">\n<li>og\u00f3lne os\u0142abienie organizmu<\/li>\n\n\n\n<li>z\u0142e samopoczucie<\/li>\n\n\n\n<li>stan podgor\u0105czkowy (temperatura zazwyczaj nie przekracza 38\u00b0C) i dreszcze<\/li>\n\n\n\n<li>uczucie zatkanego nosa<\/li>\n\n\n\n<li>wodnisty katar<\/li>\n\n\n\n<li>b\u00f3l i zaczerwienienie gard\u0142a (bez ropnej wydzieliny)<\/li>\n\n\n\n<li>suchy kaszel<\/li>\n\n\n\n<li>b\u00f3le mi\u0119\u015bni i staw\u00f3w<\/li>\n\n\n\n<li>objawy s\u0105 cz\u0119sto uog\u00f3lnione<\/li>\n<\/ul>\n\n\n\n<h3 class=\"wp-block-heading\" id=\"Objawy-infekcji-bakteryjnej\">Objawy infekcji bakteryjnej<\/h3>\n\n\n\n<ul class=\"wp-block-list\">\n<li>b\u00f3l i silne zaczerwienienia gard\u0142a<\/li>\n\n\n\n<li>ropne naloty na migda\u0142kach podniebiennych<\/li>\n\n\n\n<li>gor\u0105czka (temperatura zazwyczaj > 38\u00b0C)<\/li>\n\n\n\n<li>mokry kaszel<\/li>\n\n\n\n<li>g\u0119sty, ropny katar<\/li>\n\n\n\n<li>powi\u0119kszenie w\u0119z\u0142\u00f3w ch\u0142onnych<\/li>\n\n\n\n<li>b\u00f3le brzucha, wymioty<\/li>\n\n\n\n<li>senno\u015b\u0107, utrata apetytu<\/li>\n\n\n\n<li>objawy mog\u0105 by\u0107 umiejscowione (ograniczone do jednej partii cia\u0142a)<\/li>\n<\/ul>\n\n\n\n<figure class=\"wp-block-image size-full\"><img loading=\"lazy\" decoding=\"async\" width=\"890\" height=\"582\" src=\"https:\/\/www.alab.pl\/centrum-wiedzy\/wp-content\/uploads\/2025\/03\/Antybiotyk_na_wirusy_talebla_3.jpg\" alt=\"Antybiotyk_na_wirusy_talebla_3\" class=\"wp-image-22135\" srcset=\"https:\/\/www.alab.pl\/centrum-wiedzy\/wp-content\/uploads\/2025\/03\/Antybiotyk_na_wirusy_talebla_3.jpg 890w, https:\/\/www.alab.pl\/centrum-wiedzy\/wp-content\/uploads\/2025\/03\/Antybiotyk_na_wirusy_talebla_3-768x502.jpg 768w, https:\/\/www.alab.pl\/centrum-wiedzy\/wp-content\/uploads\/2025\/03\/Antybiotyk_na_wirusy_talebla_3-150x98.jpg 150w, https:\/\/www.alab.pl\/centrum-wiedzy\/wp-content\/uploads\/2025\/03\/Antybiotyk_na_wirusy_talebla_3-300x196.jpg 300w, https:\/\/www.alab.pl\/centrum-wiedzy\/wp-content\/uploads\/2025\/03\/Antybiotyk_na_wirusy_talebla_3-696x455.jpg 696w\" sizes=\"auto, (max-width: 890px) 100vw, 890px\" \/><figcaption class=\"wp-element-caption\"><strong>Tabela 3<\/strong> Infekcja wirusowa a infekcja bakteryjna \u2013 por\u00f3wnanie (Por\u00f3wnanie obejmuje najcz\u0119\u015bciej pojawiaj\u0105ce si\u0119 cechy infekcji bakteryjnych i wirusowych)<\/figcaption><\/figure>\n\n\n\n<h2 class=\"wp-block-heading\" id=\"Czy-antybiotyki-dzia\u0142aj\u0105-na-wirusy?\">Czy antybiotyki dzia\u0142aj\u0105 na wirusy?<\/h2>\n\n\n\n<p><strong>Podawanie antybiotyk\u00f3w w infekcjach wirusowych jest bezskuteczne, poniewa\u017c antybiotyki nie dzia\u0142aj\u0105 na wirusy<\/strong>. Antybiotyki s\u0105 lekami przeciwdrobnoustrojowymi, kt\u00f3re powoduj\u0105 \u015bmier\u0107 lub zahamowanie proces\u00f3w \u017cyciowych bakterii poprzez wi\u0105zanie si\u0119 ze strukturami obecnymi w ich kom\u00f3rkach.<\/p>\n\n\n\n<p>Wirusy, zale\u017cne w pe\u0142ni od paso\u017cytowania na organizmie \u017cywiciela, pozbawione s\u0105 struktury kom\u00f3rkowej. Antybiotyki nie znajduj\u0105 wi\u0119c w wirusach docelowego miejsca swojego dzia\u0142ania.<\/p>\n\n\n\n<p><strong>Zastosowanie antybiotyk\u00f3w w chorobie wirusowej nie tylko nie zwalczy infekcji, ale mo\u017ce prowadzi\u0107 do zniszczenia w\u0142asnej flory bakteryjnej<\/strong>, kt\u00f3ra pe\u0142ni w organizmie bardzo po\u017cyteczn\u0105 rol\u0119.<\/p>\n\n\n\n<h2 class=\"wp-block-heading\" id=\"Kiedy-zaleca-si\u0119-stosowanie-antybiotyk\u00f3w?\">Kiedy zaleca si\u0119 stosowanie antybiotyk\u00f3w?<\/h2>\n\n\n\n<p>Podawanie antybiotyk\u00f3w uzasadnione jest wy\u0142\u0105cznie w chorobach wywo\u0142anych przez bakterie. O tym, czy nale\u017cy przyjmowa\u0107 antybiotyk, <strong>decyduje lekarz na podstawie wywiadu przeprowadzonego z pacjentem, objaw\u00f3w chorobowych i wynik\u00f3w bada\u0144 laboratoryjnych<\/strong>. Dob\u00f3r antybiotyk\u00f3w zale\u017cny jest od rodzaju infekcji i wra\u017cliwo\u015bci drobnoustroj\u00f3w.&nbsp; Do wykupienia antybiotyku w aptece niezb\u0119dna jest recepta wystawiona przez lekarza.<\/p>\n\n\n\n<p>W plac\u00f3wkach POZ (podstawowej opieki zdrowotnej) antybiotyki s\u0105 najcz\u0119\u015bciej przepisywane bez wykonywania bada\u0144 laboratoryjnych (leczenie empiryczne). Lekarz opiera swoj\u0105 decyzj\u0119 na objawach klinicznych i danych epidemiologicznych wskazuj\u0105cych na najbardziej prawdopodobny czynnik odpowiedzialny za infekcj\u0119. W takich przypadkach niezwykle istotna jest r\u00f3wnie\u017c wiedza na temat aktualnej, najbardziej prawdopodobnej wra\u017cliwo\u015bci\/oporno\u015bci bakterii.<\/p>\n\n\n\n<figure class=\"wp-block-image size-full\"><a href=\"https:\/\/www.alab.pl\/pakiet\/pakiet-po-infekcji\"><img loading=\"lazy\" decoding=\"async\" width=\"800\" height=\"200\" src=\"https:\/\/www.alab.pl\/centrum-wiedzy\/wp-content\/uploads\/2025\/02\/Pakiet-po-infekcji-4-badania.jpg\" alt=\"Pakiet po infekcji (4 badania) banerek\" class=\"wp-image-21231\" srcset=\"https:\/\/www.alab.pl\/centrum-wiedzy\/wp-content\/uploads\/2025\/02\/Pakiet-po-infekcji-4-badania.jpg 800w, https:\/\/www.alab.pl\/centrum-wiedzy\/wp-content\/uploads\/2025\/02\/Pakiet-po-infekcji-4-badania-768x192.jpg 768w, https:\/\/www.alab.pl\/centrum-wiedzy\/wp-content\/uploads\/2025\/02\/Pakiet-po-infekcji-4-badania-150x38.jpg 150w, https:\/\/www.alab.pl\/centrum-wiedzy\/wp-content\/uploads\/2025\/02\/Pakiet-po-infekcji-4-badania-300x75.jpg 300w, https:\/\/www.alab.pl\/centrum-wiedzy\/wp-content\/uploads\/2025\/02\/Pakiet-po-infekcji-4-badania-696x174.jpg 696w\" sizes=\"auto, (max-width: 800px) 100vw, 800px\" \/><\/a><\/figure>\n\n\n\n<p>Raport Naczelnej Izby Kontroli z 2019 r. wykaza\u0142 niestety, \u017ce w lecznictwie otwartym ponad 30% pacjent\u00f3w poddanych terapii antybiotykowej powr\u00f3ci\u0142o do lekarza z powodu braku poprawy stanu zdrowia, a 40% spo\u015br\u00f3d nich dosta\u0142o recept\u0119 na nowy antybiotyk. Lekarze POZ najcz\u0119\u015bciej przepisywali antybiotyki na ostre zaka\u017cenie g\u00f3rnych dr\u00f3g oddechowych o&nbsp;umiejscowieniu mnogim lub nieokre\u015blonym oraz na ostre zapalenie oskrzeli i&nbsp;ostre zapalenie gard\u0142a, a&nbsp;wi\u0119c choroby, kt\u00f3re cz\u0119sto wywo\u0142ywane s\u0105 przez wirusy.<\/p>\n\n\n\n<p>Dane te wskazuj\u0105 na <strong>potrzeb\u0119 zmian w my\u015bleniu o terapii zaka\u017ce\u0144 i wykorzystaniu pr\u0119\u017cnie rozwijaj\u0105cej si\u0119 dziedziny diagnostyki medycznej<\/strong>. &nbsp;Dodatni wynik badania mikrobiologicznego jest pewnym potwierdzeniem choroby bakteryjnej, a test lekowra\u017cliwo\u015bci (antybiogram) stanowi\u0105cy sk\u0142adow\u0105 wi\u0119kszo\u015bci tego typu bada\u0144 u\u0142atwia lekarzowi dob\u00f3r w\u0142a\u015bciwego leku.<\/p>\n\n\n\n<figure class=\"wp-block-image size-full\"><a href=\"https:\/\/www.alab.pl\/pakiet\/pakiet-po-infekcji-rozszerzony\"><img loading=\"lazy\" decoding=\"async\" width=\"800\" height=\"200\" src=\"https:\/\/www.alab.pl\/centrum-wiedzy\/wp-content\/uploads\/2025\/02\/Pakiet-po-infekcji-rozszerzony-6-badan.jpg\" alt=\"Pakiet po infekcji rozszerzony (6 badan\u0301) banerek\" class=\"wp-image-21232\" srcset=\"https:\/\/www.alab.pl\/centrum-wiedzy\/wp-content\/uploads\/2025\/02\/Pakiet-po-infekcji-rozszerzony-6-badan.jpg 800w, https:\/\/www.alab.pl\/centrum-wiedzy\/wp-content\/uploads\/2025\/02\/Pakiet-po-infekcji-rozszerzony-6-badan-768x192.jpg 768w, https:\/\/www.alab.pl\/centrum-wiedzy\/wp-content\/uploads\/2025\/02\/Pakiet-po-infekcji-rozszerzony-6-badan-150x38.jpg 150w, https:\/\/www.alab.pl\/centrum-wiedzy\/wp-content\/uploads\/2025\/02\/Pakiet-po-infekcji-rozszerzony-6-badan-300x75.jpg 300w, https:\/\/www.alab.pl\/centrum-wiedzy\/wp-content\/uploads\/2025\/02\/Pakiet-po-infekcji-rozszerzony-6-badan-696x174.jpg 696w\" sizes=\"auto, (max-width: 800px) 100vw, 800px\" \/><\/a><\/figure>\n\n\n\n<p>Nieracjonalna polityka antybiotykowa prowadzi do szerzenia si\u0119 oporno\u015bci bakterii na leki, co stanowi na tyle powa\u017cny problem, \u017ce zaczynamy m\u00f3wi\u0107 o erze postantybiotykowej. Niestety tempo opracowywania nowych lek\u00f3w przeciwdrobnoustrojowych jest znacznie wolniejsze ni\u017c nabywanie oporno\u015bci przez bakterie.<\/p>\n\n\n\n<h2 class=\"wp-block-heading\" id=\"Jak-bezpiecznie-stosowa\u0107-antybiotyki?\">Jak bezpiecznie stosowa\u0107 antybiotyki?<\/h2>\n\n\n\n<p>Antybiotyki nale\u017cy przyjmowa\u0107 <strong>zgodnie z zaleceniami lekarza<\/strong>. Ka\u017cde odst\u0119pstwo mo\u017ce wp\u0142yn\u0105\u0107 na niepowodzenie terapii oraz na nabycie oporno\u015bci przez bakterie.<\/p>\n\n\n\n<p><strong>Do najwa\u017cniejszych zasad przyjmowania antybiotyk\u00f3w nale\u017c\u0105:<\/strong><\/p>\n\n\n\n<ul class=\"wp-block-list\">\n<li>przyjmowanie wy\u0142\u0105cznie antybiotyk\u00f3w przepisanych przez lekarza na aktualn\u0105 infekcj\u0119 \u2013 nie nale\u017cy stosowa\u0107 preparat\u00f3w, kt\u00f3re pozosta\u0142y po wcze\u015bniejszej kuracji;<\/li>\n\n\n\n<li>przyjmowanie antybiotyk\u00f3w w r\u00f3wnych odst\u0119pach czasu w ci\u0105gu doby (np. co 6 h, co 12 h, co 24 h itp.), co zapewnia utrzymanie odpowiedniego terapeutycznego st\u0119\u017cenia leku w organizmie;<\/li>\n\n\n\n<li>popijanie lek\u00f3w wod\u0105 niegazowan\u0105;<\/li>\n\n\n\n<li>niespo\u017cywanie alkoholu w trakcie kuracji;<\/li>\n\n\n\n<li>doprowadzenie kuracji do ko\u0144ca \u2013 nie nale\u017cy odstawia\u0107 antybiotyku w momencie zaobserwowania pierwszych oznak poprawy zdrowia.<\/li>\n<\/ul>\n\n\n\n<p><strong>>> Zobacz te\u017c: <a href=\"https:\/\/www.alab.pl\/centrum-wiedzy\/antybiotyk\/\">Antybiotyki \u2013 do czego prowadzi ich nadu\u017cywanie i jak temu przeciwdzia\u0142a\u0107?<\/a><\/strong><\/p>\n\n\n\n<h2 class=\"wp-block-heading\" id=\"Antybiotyki-\u2013-podsumowanie\">Antybiotyki \u2013 podsumowanie<\/h2>\n\n\n\n<ul class=\"wp-block-list\">\n<li>Antybiotyki s\u0105 lekami przeciwdrobnoustrojowymi dzia\u0142aj\u0105cymi na bakterie<\/li>\n\n\n\n<li>Antybiotyki nie s\u0105 skuteczne wobec wirus\u00f3w<\/li>\n\n\n\n<li>Stosowanie antybiotyk\u00f3w w infekcjach wirusowych (np. przy przezi\u0119bieniu, grypie, COVID-19) ma niekorzystny wp\u0142yw na mikrobiot\u0119 organizmu oraz przyczynia si\u0119 do narastania oporno\u015bci bakterii na leki<\/li>\n\n\n\n<li>Badania mikrobiologiczne u\u0142atwiaj\u0105 rozpoznanie przyczyny infekcji oraz dobranie w\u0142a\u015bciwego leczenia<\/li>\n\n\n\n<li>Przestrzeganie zasad przyjmowania antybiotyk\u00f3w zgodnie z zaleceniami lekarza jest podstaw\u0105 skutecznej terapii<\/li>\n<\/ul>\n\n\n\n<hr class=\"wp-block-separator has-alpha-channel-opacity\"\/>\n\n\n\n<p><strong>Pi\u015bmiennictwo<\/strong><\/p>\n\n\n\n<ol class=\"wp-block-list\">\n<li>prof. dr hab. med. Danuta Dzier\u017canowska \u201eAntybiotykoterapia praktyczna\u201d Wydanie V; \u03b1-medica Press 2009<\/li>\n\n\n\n<li>Informacja o wynikach kontroli\u00a0 \u201eBezpiecze\u0144stwo pacjent\u00f3w przy stosowaniu antybiotykoterapii w szpitalach\u201d NIK KZD.430.001.2019 Nr ewid. 40\/2019\/P\/18\/058\/KZD<\/li>\n<\/ol>\n","protected":false},"excerpt":{"rendered":"<p>Antybiotyki s\u0105 lekami stosowanymi w zwalczaniu chor\u00f3b zaka\u017anych, wywo\u0142ywanych przez bakterie. Dowiedz si\u0119 wi\u0119cej o antybiotykoterapii.<\/p>\n","protected":false},"author":95,"featured_media":22132,"comment_status":"closed","ping_status":"closed","sticky":false,"template":"","format":"standard","meta":{"_acf_changed":false,"inline_featured_image":false,"footnotes":""},"categories":[23],"tags":[],"coauthors":[154],"class_list":{"0":"post-22511","1":"post","2":"type-post","3":"status-publish","4":"format-standard","5":"has-post-thumbnail","7":"category-infekcje-i-pasozyty"},"acf":[],"yoast_head":"<!-- This site is optimized with the Yoast SEO plugin v27.5 - https:\/\/yoast.com\/product\/yoast-seo-wordpress\/ -->\n<title>Dlaczego nie stosujemy antybiotyk\u00f3w na wirusy? - Centrum Wiedzy ALAB laboratoria<\/title>\n<meta name=\"description\" content=\"Antybiotyki s\u0105 lekami stosowanymi w zwalczaniu chor\u00f3b zaka\u017anych, wywo\u0142ywanych przez bakterie. Dowiedz si\u0119 wi\u0119cej o antybiotykoterapii.\" \/>\n<meta name=\"robots\" content=\"index, follow, max-snippet:-1, max-image-preview:large, max-video-preview:-1\" \/>\n<link rel=\"canonical\" href=\"https:\/\/www.alab.pl\/centrum-wiedzy\/dlaczego-nie-stosujemy-antybiotykow-na-wirusy\/\" \/>\n<meta property=\"og:locale\" content=\"pl_PL\" \/>\n<meta property=\"og:type\" content=\"article\" \/>\n<meta property=\"og:title\" content=\"Dlaczego nie stosujemy antybiotyk\u00f3w na wirusy? - Centrum Wiedzy ALAB laboratoria\" \/>\n<meta property=\"og:description\" content=\"Antybiotyki s\u0105 lekami stosowanymi w zwalczaniu chor\u00f3b zaka\u017anych, wywo\u0142ywanych przez bakterie. Dowiedz si\u0119 wi\u0119cej o antybiotykoterapii.\" \/>\n<meta property=\"og:url\" content=\"https:\/\/www.alab.pl\/centrum-wiedzy\/dlaczego-nie-stosujemy-antybiotykow-na-wirusy\/\" \/>\n<meta property=\"og:site_name\" content=\"Centrum Wiedzy ALAB laboratoria\" \/>\n<meta property=\"article:publisher\" content=\"https:\/\/www.facebook.com\/ALABlaboratoria\" \/>\n<meta property=\"article:published_time\" content=\"2025-03-25T06:59:45+00:00\" \/>\n<meta property=\"article:modified_time\" content=\"2025-03-25T13:09:00+00:00\" \/>\n<meta property=\"og:image\" content=\"https:\/\/www.alab.pl\/centrum-wiedzy\/wp-content\/uploads\/2025\/03\/Antybiotyk_na_wirusy_cover.jpg\" \/>\n\t<meta property=\"og:image:width\" content=\"1925\" \/>\n\t<meta property=\"og:image:height\" content=\"1285\" \/>\n\t<meta property=\"og:image:type\" content=\"image\/jpeg\" \/>\n<meta name=\"author\" content=\"Elwira Zawidzka\" \/>\n<meta name=\"twitter:card\" content=\"summary_large_image\" \/>\n<meta name=\"twitter:label1\" content=\"Napisane przez\" \/>\n\t<meta name=\"twitter:data1\" content=\"Elwira Zawidzka\" \/>\n\t<meta name=\"twitter:label2\" content=\"Szacowany czas czytania\" \/>\n\t<meta name=\"twitter:data2\" content=\"8 minut\" \/>\n\t<meta name=\"twitter:label3\" content=\"Written by\" \/>\n\t<meta name=\"twitter:data3\" content=\"Elwira Zawidzka\" \/>\n<!-- \/ Yoast SEO plugin. -->","yoast_head_json":{"title":"Dlaczego nie stosujemy antybiotyk\u00f3w na wirusy? - Centrum Wiedzy ALAB laboratoria","description":"Antybiotyki s\u0105 lekami stosowanymi w zwalczaniu chor\u00f3b zaka\u017anych, wywo\u0142ywanych przez bakterie. Dowiedz si\u0119 wi\u0119cej o antybiotykoterapii.","robots":{"index":"index","follow":"follow","max-snippet":"max-snippet:-1","max-image-preview":"max-image-preview:large","max-video-preview":"max-video-preview:-1"},"canonical":"https:\/\/www.alab.pl\/centrum-wiedzy\/dlaczego-nie-stosujemy-antybiotykow-na-wirusy\/","og_locale":"pl_PL","og_type":"article","og_title":"Dlaczego nie stosujemy antybiotyk\u00f3w na wirusy? - Centrum Wiedzy ALAB laboratoria","og_description":"Antybiotyki s\u0105 lekami stosowanymi w zwalczaniu chor\u00f3b zaka\u017anych, wywo\u0142ywanych przez bakterie. Dowiedz si\u0119 wi\u0119cej o antybiotykoterapii.","og_url":"https:\/\/www.alab.pl\/centrum-wiedzy\/dlaczego-nie-stosujemy-antybiotykow-na-wirusy\/","og_site_name":"Centrum Wiedzy ALAB laboratoria","article_publisher":"https:\/\/www.facebook.com\/ALABlaboratoria","article_published_time":"2025-03-25T06:59:45+00:00","article_modified_time":"2025-03-25T13:09:00+00:00","og_image":[{"width":1925,"height":1285,"url":"https:\/\/www.alab.pl\/centrum-wiedzy\/wp-content\/uploads\/2025\/03\/Antybiotyk_na_wirusy_cover.jpg","type":"image\/jpeg"}],"author":"Elwira Zawidzka","twitter_card":"summary_large_image","twitter_misc":{"Napisane przez":"Elwira Zawidzka","Szacowany czas czytania":"8 minut","Written by":"Elwira Zawidzka"},"schema":{"@context":"https:\/\/schema.org","@graph":[{"@type":"Article","@id":"https:\/\/www.alab.pl\/centrum-wiedzy\/dlaczego-nie-stosujemy-antybiotykow-na-wirusy\/#article","isPartOf":{"@id":"https:\/\/www.alab.pl\/centrum-wiedzy\/dlaczego-nie-stosujemy-antybiotykow-na-wirusy\/"},"author":{"name":"Elwira Zawidzka","@id":"https:\/\/www.alab.pl\/centrum-wiedzy\/#\/schema\/person\/1ae34e072d82e416ba56554dcb881d62"},"headline":"Dlaczego nie stosujemy antybiotyk\u00f3w na wirusy?","datePublished":"2025-03-25T06:59:45+00:00","dateModified":"2025-03-25T13:09:00+00:00","mainEntityOfPage":{"@id":"https:\/\/www.alab.pl\/centrum-wiedzy\/dlaczego-nie-stosujemy-antybiotykow-na-wirusy\/"},"wordCount":1242,"publisher":{"@id":"https:\/\/www.alab.pl\/centrum-wiedzy\/#organization"},"image":{"@id":"https:\/\/www.alab.pl\/centrum-wiedzy\/dlaczego-nie-stosujemy-antybiotykow-na-wirusy\/#primaryimage"},"thumbnailUrl":"https:\/\/www.alab.pl\/centrum-wiedzy\/wp-content\/uploads\/2025\/03\/Antybiotyk_na_wirusy_cover.jpg","articleSection":["Infekcje i paso\u017cyty"],"inLanguage":"pl-PL"},{"@type":"WebPage","@id":"https:\/\/www.alab.pl\/centrum-wiedzy\/dlaczego-nie-stosujemy-antybiotykow-na-wirusy\/","url":"https:\/\/www.alab.pl\/centrum-wiedzy\/dlaczego-nie-stosujemy-antybiotykow-na-wirusy\/","name":"Dlaczego nie stosujemy antybiotyk\u00f3w na wirusy? - Centrum Wiedzy ALAB laboratoria","isPartOf":{"@id":"https:\/\/www.alab.pl\/centrum-wiedzy\/#website"},"primaryImageOfPage":{"@id":"https:\/\/www.alab.pl\/centrum-wiedzy\/dlaczego-nie-stosujemy-antybiotykow-na-wirusy\/#primaryimage"},"image":{"@id":"https:\/\/www.alab.pl\/centrum-wiedzy\/dlaczego-nie-stosujemy-antybiotykow-na-wirusy\/#primaryimage"},"thumbnailUrl":"https:\/\/www.alab.pl\/centrum-wiedzy\/wp-content\/uploads\/2025\/03\/Antybiotyk_na_wirusy_cover.jpg","datePublished":"2025-03-25T06:59:45+00:00","dateModified":"2025-03-25T13:09:00+00:00","description":"Antybiotyki s\u0105 lekami stosowanymi w zwalczaniu chor\u00f3b zaka\u017anych, wywo\u0142ywanych przez bakterie. Dowiedz si\u0119 wi\u0119cej o antybiotykoterapii.","breadcrumb":{"@id":"https:\/\/www.alab.pl\/centrum-wiedzy\/dlaczego-nie-stosujemy-antybiotykow-na-wirusy\/#breadcrumb"},"inLanguage":"pl-PL","potentialAction":[{"@type":"ReadAction","target":["https:\/\/www.alab.pl\/centrum-wiedzy\/dlaczego-nie-stosujemy-antybiotykow-na-wirusy\/"]}]},{"@type":"ImageObject","inLanguage":"pl-PL","@id":"https:\/\/www.alab.pl\/centrum-wiedzy\/dlaczego-nie-stosujemy-antybiotykow-na-wirusy\/#primaryimage","url":"https:\/\/www.alab.pl\/centrum-wiedzy\/wp-content\/uploads\/2025\/03\/Antybiotyk_na_wirusy_cover.jpg","contentUrl":"https:\/\/www.alab.pl\/centrum-wiedzy\/wp-content\/uploads\/2025\/03\/Antybiotyk_na_wirusy_cover.jpg","width":1925,"height":1285,"caption":"Antybiotyk_na_wirusy_cover"},{"@type":"BreadcrumbList","@id":"https:\/\/www.alab.pl\/centrum-wiedzy\/dlaczego-nie-stosujemy-antybiotykow-na-wirusy\/#breadcrumb","itemListElement":[{"@type":"ListItem","position":1,"name":"Strona g\u0142\u00f3wna","item":"https:\/\/www.alab.pl\/centrum-wiedzy\/"},{"@type":"ListItem","position":2,"name":"Dlaczego nie stosujemy antybiotyk\u00f3w na wirusy?"}]},{"@type":"WebSite","@id":"https:\/\/www.alab.pl\/centrum-wiedzy\/#website","url":"https:\/\/www.alab.pl\/centrum-wiedzy\/","name":"Centrum Wiedzy ALAB laboratoria","description":"","publisher":{"@id":"https:\/\/www.alab.pl\/centrum-wiedzy\/#organization"},"potentialAction":[{"@type":"SearchAction","target":{"@type":"EntryPoint","urlTemplate":"https:\/\/www.alab.pl\/centrum-wiedzy\/?s={search_term_string}"},"query-input":{"@type":"PropertyValueSpecification","valueRequired":true,"valueName":"search_term_string"}}],"inLanguage":"pl-PL"},{"@type":"Organization","@id":"https:\/\/www.alab.pl\/centrum-wiedzy\/#organization","name":"Centrum Wiedzy ALAB laboratoria","url":"https:\/\/www.alab.pl\/centrum-wiedzy\/","logo":{"@type":"ImageObject","inLanguage":"pl-PL","@id":"https:\/\/www.alab.pl\/centrum-wiedzy\/#\/schema\/logo\/image\/","url":"https:\/\/www.alab.pl\/centrum-wiedzy\/wp-content\/uploads\/2022\/04\/alabek.jpg","contentUrl":"https:\/\/www.alab.pl\/centrum-wiedzy\/wp-content\/uploads\/2022\/04\/alabek.jpg","width":1250,"height":1251,"caption":"Centrum Wiedzy ALAB laboratoria"},"image":{"@id":"https:\/\/www.alab.pl\/centrum-wiedzy\/#\/schema\/logo\/image\/"},"sameAs":["https:\/\/www.facebook.com\/ALABlaboratoria"]},{"@type":"Person","@id":"https:\/\/www.alab.pl\/centrum-wiedzy\/#\/schema\/person\/1ae34e072d82e416ba56554dcb881d62","name":"Elwira Zawidzka","image":{"@type":"ImageObject","inLanguage":"pl-PL","@id":"https:\/\/www.alab.pl\/centrum-wiedzy\/wp-content\/uploads\/2022\/03\/Elwira-Zawidzka-scaled-1-150x149.jpg2f127cfeae6d9bf00c170f9c737413d3","url":"https:\/\/www.alab.pl\/centrum-wiedzy\/wp-content\/uploads\/2022\/03\/Elwira-Zawidzka-scaled-1-150x149.jpg","contentUrl":"https:\/\/www.alab.pl\/centrum-wiedzy\/wp-content\/uploads\/2022\/03\/Elwira-Zawidzka-scaled-1-150x149.jpg","caption":"Elwira Zawidzka"},"description":"Specjalista mikrobiologii medycznej, diagnosta laboratoryjny, cz\u0142onek Zespo\u0142u ds. Kontroli Zaka\u017ce\u0144 Szpitalnych. Absolwentka Uniwersytetu Warszawskiego, Warszawskiego Uniwersytetu Medycznego i Akademii Leona Ko\u017ami\u0144skiego.","url":"https:\/\/www.alab.pl\/centrum-wiedzy\/author\/elwira\/"}]}},"_links":{"self":[{"href":"https:\/\/www.alab.pl\/centrum-wiedzy\/wp-json\/wp\/v2\/posts\/22511","targetHints":{"allow":["GET"]}}],"collection":[{"href":"https:\/\/www.alab.pl\/centrum-wiedzy\/wp-json\/wp\/v2\/posts"}],"about":[{"href":"https:\/\/www.alab.pl\/centrum-wiedzy\/wp-json\/wp\/v2\/types\/post"}],"author":[{"embeddable":true,"href":"https:\/\/www.alab.pl\/centrum-wiedzy\/wp-json\/wp\/v2\/users\/95"}],"replies":[{"embeddable":true,"href":"https:\/\/www.alab.pl\/centrum-wiedzy\/wp-json\/wp\/v2\/comments?post=22511"}],"version-history":[{"count":5,"href":"https:\/\/www.alab.pl\/centrum-wiedzy\/wp-json\/wp\/v2\/posts\/22511\/revisions"}],"predecessor-version":[{"id":22521,"href":"https:\/\/www.alab.pl\/centrum-wiedzy\/wp-json\/wp\/v2\/posts\/22511\/revisions\/22521"}],"wp:featuredmedia":[{"embeddable":true,"href":"https:\/\/www.alab.pl\/centrum-wiedzy\/wp-json\/wp\/v2\/media\/22132"}],"wp:attachment":[{"href":"https:\/\/www.alab.pl\/centrum-wiedzy\/wp-json\/wp\/v2\/media?parent=22511"}],"wp:term":[{"taxonomy":"category","embeddable":true,"href":"https:\/\/www.alab.pl\/centrum-wiedzy\/wp-json\/wp\/v2\/categories?post=22511"},{"taxonomy":"post_tag","embeddable":true,"href":"https:\/\/www.alab.pl\/centrum-wiedzy\/wp-json\/wp\/v2\/tags?post=22511"},{"taxonomy":"author","embeddable":true,"href":"https:\/\/www.alab.pl\/centrum-wiedzy\/wp-json\/wp\/v2\/coauthors?post=22511"}],"curies":[{"name":"wp","href":"https:\/\/api.w.org\/{rel}","templated":true}]}}