{"id":22548,"date":"2025-03-27T11:02:44","date_gmt":"2025-03-27T10:02:44","guid":{"rendered":"https:\/\/www.alab.pl\/centrum-wiedzy\/?p=22548"},"modified":"2025-03-27T11:02:46","modified_gmt":"2025-03-27T10:02:46","slug":"poronienie-objawy-przyczyny-rodzaje-poronien","status":"publish","type":"post","link":"https:\/\/www.alab.pl\/centrum-wiedzy\/poronienie-objawy-przyczyny-rodzaje-poronien\/","title":{"rendered":"Poronienie: objawy, przyczyny, rodzaje poronie\u0144"},"content":{"rendered":"\n<p><strong>Przygotowania do rodzicielstwa cz\u0119sto poprzedzone s\u0105 wieloma miesi\u0105cami stara\u0144 ze strony obojga partner\u00f3w. Nie zawsze jednak donoszenie ci\u0105\u017cy a\u017c do momentu rozwi\u0105zania jest mo\u017cliwe z uwagi na ewentualn\u0105 utrat\u0119 na kt\u00f3rym\u015b z\u00a0etap\u00f3w jej trwania.<\/strong><\/p>\n\n\n\n<p>Spis tre\u015bci:<\/p>\n\n\n\n<ol class=\"wp-block-list\">\n<li><a href=\"#Poronienie:-czym-jest?\">Poronienie: czym jest?<\/a>\n<ul class=\"wp-block-list\">\n<li><a href=\"#Poronienia:-czy-s\u0105-cz\u0119ste?\">Poronienia: czy s\u0105 cz\u0119ste?<\/a><\/li>\n<\/ul>\n<\/li>\n\n\n\n<li><a href=\"#Co-powoduje-poronienie?\">Co powoduje poronienie?<\/a>\n<ul class=\"wp-block-list\">\n<li><a href=\"#Stres-a-poronienie\">Stres a poronienie<\/a><\/li>\n<\/ul>\n<\/li>\n\n\n\n<li><a href=\"#Poronienie:-objawy-samoistnego-zako\u0144czenia-ci\u0105\u017cy\">Poronienie: objawy samoistnego zako\u0144czenia ci\u0105\u017cy<\/a>\n<ul class=\"wp-block-list\">\n<li><a href=\"#Czy-poronienie-boli?\">Czy poronienie boli?<\/a><\/li>\n<\/ul>\n<\/li>\n\n\n\n<li><a href=\"#Rozpoznanie-poronienia:-jakie-badania-przeprowadzi\u0107?\">Rozpoznanie poronienia: jakie badania przeprowadzi\u0107?<\/a><\/li>\n\n\n\n<li><a href=\"#Poronienie:-post\u0119powanie-po-samoistnym-zako\u0144czeniu-ci\u0105\u017cy\">Poronienie: post\u0119powanie po samoistnym zako\u0144czeniu ci\u0105\u017cy<\/a>\n<ul class=\"wp-block-list\">\n<li><a href=\"#Poronienie-a-kolejna-ci\u0105\u017ca\">Poronienie a kolejna ci\u0105\u017ca<\/a><\/li>\n<\/ul>\n<\/li>\n\n\n\n<li><a href=\"#Czy-mo\u017cna-zapobiec-poronieniu?\">Czy mo\u017cna zapobiec poronieniu?<\/a><\/li>\n<\/ol>\n\n\n\n<h2 class=\"wp-block-heading\" id=\"Poronienie:-czym-jest?\">Poronienie: czym jest?<\/h2>\n\n\n\n<p>Wed\u0142ug og\u00f3lnej definicji poronienie jest samoistn\u0105 utrat\u0105 ci\u0105\u017cy w czasie, zanim p\u0142\u00f3d uzyska zdolno\u015b\u0107 do prze\u017cycia. Jest to okres obejmuj\u0105cy moment pocz\u0119cia a\u017c do uko\u0144czenia 21 tygodnia ci\u0105\u017cy.<\/p>\n\n\n\n<p>Poronienia ze wzgl\u0119du na czas ich pojawienia si\u0119 dzieli si\u0119 na:<\/p>\n\n\n\n<ul class=\"wp-block-list\">\n<li>wczesne, pojawiaj\u0105ce si\u0119 przed 12. tygodniem ci\u0105\u017cy;<\/li>\n\n\n\n<li>p\u00f3\u017ane, wyst\u0119puj\u0105ce mi\u0119dzy 12. a 21. tygodniem ci\u0105\u017cy.<\/li>\n<\/ul>\n\n\n\n<p>Utrata ci\u0105\u017cy powy\u017cej 21. tygodnia jej trwania nazywana jest porodem przedwczesnym.<\/p>\n\n\n\n<p>Z uwagi na cz\u0119sto\u015b\u0107 wyst\u0119powania wyr\u00f3\u017cnia si\u0119:<\/p>\n\n\n\n<ul class=\"wp-block-list\">\n<li>poronienia samoistne (spontaniczne);<\/li>\n\n\n\n<li>nawracaj\u0105ce (nawykowe) (zwi\u0105zane z utrat\u0105 co najmniej 3 ci\u0105\u017c).<\/li>\n<\/ul>\n\n\n\n<p><strong>&gt;&gt; Sprawd\u017a: <\/strong><a href=\"https:\/\/www.alab.pl\/centrum-wiedzy\/otylosc-a-ciaza-jakie-sa-zagrozenia-i-konsekwencje-otylosci-w-ciazy\/\"><strong>Oty\u0142o\u015b\u0107 a ci\u0105\u017ca. Jakie s\u0105 zagro\u017cenia i konsekwencje oty\u0142o\u015bci w ci\u0105\u017cy?<\/strong><\/a><strong><u><\/u><\/strong><\/p>\n\n\n\n<h3 class=\"wp-block-heading\" id=\"Poronienia:-czy-s\u0105-cz\u0119ste?\">Poronienia: czy s\u0105 cz\u0119ste?<\/h3>\n\n\n\n<p>Statystycznie poronienia sporadycznie wyst\u0119puj\u0105ce stanowi\u0105 10-15% utraty ci\u0105\u017c, z kolei poronienia nawracaj\u0105ce (obejmuj\u0105ce minimum 3 utraty ci\u0105\u017cy) to oko\u0142o 1% wszystkich poronie\u0144. Ryzyko wyst\u0105pienia poronienia wrasta wraz z wiekiem kobiety, poniewa\u017c w jajnikach w kolejnych latach \u017cycia zmniejsza si\u0119 og\u00f3lna liczba i jako\u015b\u0107 <a href=\"https:\/\/www.alab.pl\/centrum-wiedzy\/komorka-jajowa-budowa-funkcje-czas-zycia-komorki-jajowej\/\">kom\u00f3rek jajowych<\/a>.<\/p>\n\n\n\n<p>Orientacyjna cz\u0119sto\u015b\u0107 wyst\u0119powania poronie\u0144 wygl\u0105da nast\u0119puj\u0105co:<\/p>\n\n\n\n<ul class=\"wp-block-list\">\n<li>20-24 rok \u017cycia \u2013 oko\u0142o 11%;<\/li>\n\n\n\n<li>30-34 rok \u017cycia \u2013 oko\u0142o 15%;<\/li>\n\n\n\n<li>40-44 rok \u017cycia \u2013 oko\u0142o 5%;<\/li>\n\n\n\n<li>u starszych \u2013 93%;<\/li>\n<\/ul>\n\n\n\n<p>Wyst\u0105pienie poronienia jest tak\u017ce zale\u017cne od wieku ojca \u2013 im jest starszy, tym ryzyko utraty ci\u0105\u017cy mo\u017ce by\u0107 wy\u017csze.<\/p>\n\n\n\n<h2 class=\"wp-block-heading\" id=\"Co-powoduje-poronienie?\">Co powoduje poronienie?<\/h2>\n\n\n\n<p>Do og\u00f3lnych przyczyn poronie\u0144, bez wzgl\u0119du na ich rodzaj, zaliczy\u0107 mo\u017cna:<\/p>\n\n\n\n<ul class=\"wp-block-list\">\n<li><strong>zaburzenia krzepni\u0119cia (<\/strong><strong><u><a href=\"https:\/\/www.alab.pl\/centrum-wiedzy\/co-to-jest-trombofilia-i-jakie-sa-jej-rodzaje-przyczyny-trombofilii\/\">trombofilie<\/a><\/u><\/strong><strong>)<\/strong> pod postaci\u0105 mutacji MTHFR, trombofilii dziedzicznych jak V Leiden, zwi\u0105zanych z brakiem bia\u0142ka C i S czy wrodzonych trombofilii;<\/li>\n\n\n\n<li><strong>przyczyny hormonalne<\/strong>: <a href=\"https:\/\/www.alab.pl\/centrum-wiedzy\/insulinoopornosc\/\">insulinooporno\u015b\u0107<\/a>, <a href=\"https:\/\/www.alab.pl\/centrum-wiedzy\/zespol-policystycznych-jajnikow-pcos-przyczyny-objawy-diagnostyka-leczenie\/\">zesp\u00f3\u0142 policystycznych jajnik\u00f3w (PCOS)<\/a>, <a href=\"https:\/\/www.alab.pl\/centrum-wiedzy\/cukrzyca\/\">cukrzyca<\/a>, choroby tarczycy, wady fazy lutealnej w cyklu p\u0142ciowym kobiety;<\/li>\n\n\n\n<li><strong>nieprawid\u0142owo\u015bci w budowie chromosom\u00f3w<\/strong>;<\/li>\n\n\n\n<li><strong>przyczyny immunologiczne<\/strong>, m.in. <a href=\"https:\/\/www.alab.pl\/centrum-wiedzy\/zespol-antyfosfolipidowy-nowe-kryteria-rozpoznania\/\">zesp\u00f3\u0142 antyfosfolipidowy<\/a>;<\/li>\n\n\n\n<li><strong>polimorfizmy genu ludzkiej gonadotropiny kosm\u00f3wkowej<\/strong>;<\/li>\n\n\n\n<li><strong>nieprawid\u0142owo\u015bci anatomiczne narz\u0105d\u00f3w rodnych kobiety:<\/strong> macica dwuro\u017cna, przegroda macicy, a tak\u017ce mi\u0119\u015bniaki, polipy, zrosty i blizny czy niedorozw\u00f3j szyjki macicy;<\/li>\n\n\n\n<li><strong>uszkodzenie materia\u0142u genetycznego w trakcie podzia\u0142\u00f3w zarodka<\/strong>;<\/li>\n\n\n\n<li><strong>infekcje:<\/strong> bakteryjne dr\u00f3g rodnych (g\u0142\u00f3wny czynnik p\u00f3\u017anych poronie\u0144) lub wirusowe, m.in. <em>Toxoplasma gondii<\/em>, wirus <a href=\"https:\/\/www.alab.pl\/centrum-wiedzy\/rozyczka-objawy-leczenie-profilaktyka\/\">r\u00f3\u017cyczki<\/a>, HSV, <a href=\"https:\/\/www.alab.pl\/centrum-wiedzy\/cytomegalia-w-ciazy-i-u-noworodkow-ryzyko-objawy-i-leczenie\/\">CMV<\/a>;<\/li>\n\n\n\n<li><strong>uszkodzony materia\u0142 genetyczny m\u0119skiego nasienia;<\/strong><\/li>\n\n\n\n<li>czynniki \u015brodowiskowe: alkohol, <a href=\"https:\/\/www.alab.pl\/centrum-wiedzy\/palenie-papierosow-negatywne-skutki-i-wplyw-na-zdrowie-palenia-tytoniu\/\">palenie tytoniu<\/a>, bardzo m\u0142ody (poni\u017cej 20. roku \u017cycia) lub zaawansowany (powy\u017cej 40. roku \u017cycia ) wiek matki, wiek ojca; zar\u00f3wno BMI powy\u017cej 30 kg\/m2, jak i zbyt niska masa cia\u0142a u matki.<\/li>\n<\/ul>\n\n\n\n<p><strong>&gt;&gt; To mo\u017ce Ci\u0119 zainteresowa\u0107: <\/strong><a href=\"https:\/\/www.alab.pl\/centrum-wiedzy\/toksoplazmoza-zrodla-zarazenia-objawy-diagnostyka\/\"><strong>Toksoplazmoza \u2013 \u017ar\u00f3d\u0142a zara\u017cenia, objawy, diagnostyka<\/strong><\/a><strong><u><\/u><\/strong><\/p>\n\n\n\n<h3 class=\"wp-block-heading\" id=\"Stres-a-poronienie\">Stres a poronienie<\/h3>\n\n\n\n<p>Wed\u0142ug niekt\u00f3rych \u017ar\u00f3de\u0142 medycznych sta\u0142e nara\u017cenie na stres mo\u017ce wi\u0105za\u0107 si\u0119 z wi\u0119kszym ryzykiem wyst\u0105pienia poronienia, zw\u0142aszcza w przypadku kolejnej utraty ci\u0105\u017cy (jako przyczyna poronie\u0144 nawracaj\u0105cych).<\/p>\n\n\n\n<p><a href=\"https:\/\/www.alab.pl\/centrum-wiedzy\/stres-przyjaciel-czy-wrog\/\">Stres<\/a> jednak mo\u017ce by\u0107 cz\u0119\u015bciej przyczyn\u0105 trudno\u015bci w zaj\u015bciu w ci\u0105\u017c\u0119 ni\u017c bezpo\u015brednim czynnikiem wp\u0142ywaj\u0105cym na jej utrat\u0119.<\/p>\n\n\n\n<h2 class=\"wp-block-heading\" id=\"Poronienie:-objawy-samoistnego-zako\u0144czenia-ci\u0105\u017cy\">Poronienie: objawy samoistnego zako\u0144czenia ci\u0105\u017cy<\/h2>\n\n\n\n<p>Rozpoczynaj\u0105ce si\u0119 poronienie mo\u017ce pozosta\u0107 bezobjawowe, co oznacza , \u017ce kobieta nawet nie wie, \u017ce mo\u017ce by\u0107 w ci\u0105\u017cy, kt\u00f3ra uleg\u0142a samoistnemu zako\u0144czeniu. Ww. sytuacja dotyczy pacjentek, kt\u00f3re do\u015bwiadczaj\u0105 nieregularnych odst\u0119p\u00f3w pomi\u0119dzy kolejnymi krwawieniami miesi\u0119cznymi.<\/p>\n\n\n\n<p><strong>&gt;&gt; Przeczytaj: <\/strong><a href=\"https:\/\/www.alab.pl\/centrum-wiedzy\/nieregularny-okres-i-zaburzenia-miesiaczkowania-objawy-przyczyny-badania-i-leczenie\/\"><strong>Nieregularny okres i zaburzenia miesi\u0105czkowania. Objawy, przyczyny, badania i leczenie<\/strong><\/a><strong><\/strong><\/p>\n\n\n\n<p>W sytuacji, gdy pojawi\u0142y si\u0119 wczesne objawy ci\u0105\u017cy (np. op\u00f3\u017anienie terminu kolejnej miesi\u0105czki), potwierdzone szybkim testem ci\u0105\u017cowym z moczu, oznaczeniem <a href=\"https:\/\/www.alab.pl\/badanie\/b-hcg-gonadotropina-kosmowkowa-l47\">HCG we krwi<\/a> a potem badaniem USG rozpoznaj\u0105cym ci\u0105\u017c\u0119 i pacjentka pozostaje pod opiek\u0105 ginekologiczn\u0105, w trakcie rozpoczynaj\u0105cego si\u0119 poronienia zwracaj\u0105 uwag\u0119 ww. dolegliwo\u015bci:<\/p>\n\n\n\n<ul class=\"wp-block-list\">\n<li>silne, d\u0142ugotrwa\u0142e skurcze lub b\u00f3le podbrzusza z promieniowaniem do okolicy l\u0119d\u017awiowo-krzy\u017cowej;<\/li>\n\n\n\n<li>jasnoczerwona krew z dr\u00f3g rodnych (mo\u017cliwa jest te\u017c obecno\u015b\u0107 skrzep\u00f3w krwi i tkanek) pod postaci\u0105 lekkiego plamienia lub intensywnego krwawienia;<\/li>\n\n\n\n<li>ust\u0105pienie charakterystycznych objaw\u00f3w ci\u0105\u017cy: nudno\u015bci, tkliwo\u015bci piersi, nadwra\u017cliwo\u015bci na zapachy;<\/li>\n\n\n\n<li>brak t\u0119tna p\u0142odu w przypadku ci\u0105\u017cy powy\u017cej 6. tygodnia w badaniu USG.<\/li>\n<\/ul>\n\n\n\n<p><strong>&gt;&gt; Sprawd\u017a: <\/strong><a href=\"https:\/\/www.alab.pl\/centrum-wiedzy\/ciaza-pozamaciczna-objawy-przyczyny-diagnostyka-i-leczenie\/\"><strong>Ci\u0105\u017ca pozamaciczna \u2013 objawy, przyczyny, diagnostyka i leczenie<\/strong><\/a><strong><\/strong><\/p>\n\n\n\n<h3 class=\"wp-block-heading\" id=\"Czy-poronienie-boli?\">Czy poronienie boli?<\/h3>\n\n\n\n<p>Samoistna utrata ci\u0105\u017cy mo\u017ce sprawia\u0107 b\u00f3l i dyskomfort, ale te\u017c w niekt\u00f3rych przypadkach pozostaje niema klinicznie, wi\u0119c nie ka\u017cda kobieta do\u015bwiadcza wy\u017cej wymienionych dolegliwo\u015bci w trakcie tocz\u0105cego si\u0119 poronienia. Co wi\u0119cej cz\u0119sto objawy rozpoczynaj\u0105cej si\u0119 utraty ci\u0105\u017cy bywaj\u0105 zmienne osobniczo i trudne do rozpoznania z uwagi na r\u00f3\u017cne nasilenie objaw\u00f3w.<\/p>\n\n\n\n<p>Wa\u017cnym aspektem jest jednak \u015bwiadomo\u015b\u0107 utraconej ci\u0105\u017cy na wczesnym etapie jej trwania i emocjonalne do\u015bwiadczenia z tym zwi\u0105zane. Ka\u017cde przebyte poronienie mo\u017ce wywrze\u0107 du\u017cy wp\u0142yw na \u017cycie psychiczne zar\u00f3wno kobiety jak i ca\u0142ej jej rodziny. L\u0119k przed ewentualn\u0105 utrat\u0105 kolejnej ci\u0105\u017cy w chwili, gdy by\u0142a ona planowana i wyczekiwana, rodzi wiele obaw przed niejedn\u0105 przysz\u0142\u0105 mam\u0105. Powoduje seri\u0119 pyta\u0144, czy kolejne starania o potomstwo b\u0119d\u0105 w pe\u0142ni skuteczne, czy ponownie pojawi si\u0119 rozczarowanie i smutek.<\/p>\n\n\n\n<p><strong>&gt;&gt; Zobacz: <\/strong><a href=\"https:\/\/www.alab.pl\/centrum-wiedzy\/badania-po-poronieniach-jakie-warto-wykonac\/\"><strong>Badania po poronieniach \u2013 Jakie warto wykona\u0107?<\/strong><\/a><strong><\/strong><\/p>\n\n\n\n<h2 class=\"wp-block-heading\" id=\"Rozpoznanie-poronienia:-jakie-badania-przeprowadzi\u0107?\">Rozpoznanie poronienia: jakie badania przeprowadzi\u0107?<\/h2>\n\n\n\n<p>W chwili gdy dochodzi do samoistnej utraty ci\u0105\u017cy, mo\u017cemy w badaniach dodatkowych zaobserwowa\u0107 brak narastania st\u0119\u017cenia ludzkiej gonadotropiny kosm\u00f3wkowej we krwi. W trakcie badania USG po\u0142o\u017cniczego nie obserwuje si\u0119 czynno\u015bci serca p\u0142odu lub obecno\u015bci zarodka w jamie macicy.<\/p>\n\n\n\n<figure class=\"wp-block-image size-full\"><a href=\"https:\/\/www.alab.pl\/badanie\/badanie-cytogenetyczne-kariotyp-klasyczny-limfocytow-krwi-obwodowej\"><img loading=\"lazy\" decoding=\"async\" width=\"800\" height=\"200\" src=\"https:\/\/www.alab.pl\/centrum-wiedzy\/wp-content\/uploads\/2025\/03\/Badanie-kariotyp-klasyczny-badanie-cytogenetyczne.png\" alt=\"Badanie kariotyp klasyczny (badanie cytogenetyczne) banerek\" class=\"wp-image-22160\" srcset=\"https:\/\/www.alab.pl\/centrum-wiedzy\/wp-content\/uploads\/2025\/03\/Badanie-kariotyp-klasyczny-badanie-cytogenetyczne.png 800w, https:\/\/www.alab.pl\/centrum-wiedzy\/wp-content\/uploads\/2025\/03\/Badanie-kariotyp-klasyczny-badanie-cytogenetyczne-768x192.png 768w, https:\/\/www.alab.pl\/centrum-wiedzy\/wp-content\/uploads\/2025\/03\/Badanie-kariotyp-klasyczny-badanie-cytogenetyczne-150x38.png 150w, https:\/\/www.alab.pl\/centrum-wiedzy\/wp-content\/uploads\/2025\/03\/Badanie-kariotyp-klasyczny-badanie-cytogenetyczne-300x75.png 300w, https:\/\/www.alab.pl\/centrum-wiedzy\/wp-content\/uploads\/2025\/03\/Badanie-kariotyp-klasyczny-badanie-cytogenetyczne-696x174.png 696w\" sizes=\"auto, (max-width: 800px) 100vw, 800px\" \/><\/a><\/figure>\n\n\n\n<h2 class=\"wp-block-heading\" id=\"Poronienie:-post\u0119powanie-po-samoistnym-zako\u0144czeniu-ci\u0105\u017cy\">Poronienie: post\u0119powanie po samoistnym zako\u0144czeniu ci\u0105\u017cy<\/h2>\n\n\n\n<p>W przypadku wyst\u0105pienia samoistnego zako\u0144czenia ci\u0105\u017cy, dalsze post\u0119powanie jest zale\u017cne od tego, czy dosz\u0142o do samodzielnego oczyszczenia jamy macicy po poronieniu, czy niezb\u0119dna by\u0142a hospitalizacja pacjentki i czy przyczyna wywo\u0142uj\u0105ca utrat\u0119 ci\u0105\u017cy nie wymaga d\u0142u\u017cszego leczenia.<\/p>\n\n\n\n<p>Z uwagi na mo\u017cliwy stan emocjonalny kobiety, po przebytym poronieniu zasadne jest obj\u0119cie jej wedle potrzeb szersz\u0105 opiek\u0105 specjalistyczn\u0105 \u2013 w tym tak\u017ce psychologiczn\u0105.<\/p>\n\n\n\n<p><strong>&gt;&gt; Przeczytaj tak\u017ce: <\/strong><a href=\"https:\/\/www.alab.pl\/centrum-wiedzy\/poronienia-chybione-zatrzymane-objawy-przyczyny-postepowanie\/\"><strong>Poronienia chybione (zatrzymane): objawy, przyczyny, post\u0119powanie<\/strong><\/a><strong><\/strong><\/p>\n\n\n\n<h3 class=\"wp-block-heading\" id=\"Poronienie-a-kolejna-ci\u0105\u017ca\">Poronienie a kolejna ci\u0105\u017ca<\/h3>\n\n\n\n<p>Zalecanym bezpiecznym odst\u0119pem, po utracie ci\u0105\u017cy w przebiegu poronienia, jest okres 3 miesi\u0119cy przed ewentualnymi kolejnymi staraniami o potomstwo. W przypadku kontroli ginekologicznej, kt\u00f3ra obejmie ocen\u0119 bada\u0144 biochemicznych i USG, a pacjentka nie b\u0119dzie wymaga\u0142a zabiegu wy\u0142y\u017ceczkowania macicy, starania mo\u017cna przyspieszy\u0107 i rozpocz\u0105\u0107 ju\u017c w kolejnych cyklach.<\/p>\n\n\n\n<p>W tym czasie zaleca si\u0119 suplementacj\u0119 <a href=\"https:\/\/www.alab.pl\/centrum-wiedzy\/kwas-foliowy-witamina-b9\/\">kwasu foliowego<\/a>, a tak\u017ce wyeliminowanie czynnik\u00f3w \u015brodowiskowych, kt\u00f3re mog\u0105 przyczyni\u0107 si\u0119 do utraty ci\u0105\u017cy jak:<\/p>\n\n\n\n<ul class=\"wp-block-list\">\n<li>praca zawodowa i jej modyfikacja;<\/li>\n\n\n\n<li>ustabilizowanie wsp\u00f3\u0142istniej\u0105cych chor\u00f3b przewlek\u0142ych;<\/li>\n\n\n\n<li>wyleczenie chor\u00f3b ostrych.<\/li>\n<\/ul>\n\n\n\n<p><strong>&gt;&gt; Sprawd\u017a: <\/strong><a href=\"https:\/\/www.alab.pl\/centrum-wiedzy\/aps-jako-przyczyna-poronien-i-nieplodnosci\/\"><strong>APS jako przyczyna poronie\u0144 i niep\u0142odno\u015bci<\/strong><\/a><strong><u><\/u><\/strong><\/p>\n\n\n\n<h2 class=\"wp-block-heading\" id=\"Czy-mo\u017cna-zapobiec-poronieniu?\">Czy mo\u017cna zapobiec poronieniu?<\/h2>\n\n\n\n<p>Nie na wszystkie przyczyny prowadz\u0105ce do samoistnej utraty ci\u0105\u017cy kobieta ma wp\u0142yw. W przypadku, gdy do poronienia dochodzi z powodu wad genetycznych czy chromosomalnych zarodka, nic nie jeste\u015bmy w stanie zrobi\u0107.<\/p>\n\n\n\n<p>Do czynnik\u00f3w modyfikowanych zaliczy\u0107 mo\u017cna przede wszystkim:<\/p>\n\n\n\n<ul class=\"wp-block-list\">\n<li>zmian\u0119 dotychczasowego trybu \u017cycia,<\/li>\n\n\n\n<li>ograniczenie lub zaprzestanie korzystania z u\u017cywek,<\/li>\n\n\n\n<li>zadbanie o w\u0142a\u015bciw\u0105 diet\u0119 z zalecan\u0105 suplementacj\u0105 kwasu foliowego,<\/li>\n\n\n\n<li>zatroszczenie si\u0119 o higien\u0119 snu,<\/li>\n\n\n\n<li>utrzymanie umiarkowanej aktywno\u015bci fizycznej,<\/li>\n\n\n\n<li>umiej\u0119tne radzenie sobie ze stresem.<\/li>\n<\/ul>\n\n\n\n<p><strong>&gt;&gt; To mo\u017ce Ci\u0119 zainteresowa\u0107: <\/strong><a href=\"https:\/\/www.alab.pl\/centrum-wiedzy\/zaplodnienie-in-vitro-co-to-jest-i-na-czym-polega\/\"><strong>Zap\u0142odnienie in vitro \u2013 co to jest i na czym polega?<\/strong><\/a><strong><u><\/u><\/strong><\/p>\n\n\n\n<p>Czas, kt\u00f3ry up\u0142ywa od pocz\u0105tku ci\u0105\u017cy a\u017c do chwili porodu, obarczony jest cz\u0119sto du\u017cym stresem i wieloma skrajnymi emocjami. Niezwykle radosny moment powitania na \u015bwiecie potomstwa cz\u0119sto mo\u017ce zosta\u0107 z wielu przyczyn zaburzony m.in. z powodu przedwczesnej utraty ci\u0105\u017cy. Wa\u017cne jest zapewnienie odpowiedniego wsparcia medycznego i psychologicznego parom, kt\u00f3re do\u015bwiadczy\u0142y poronienia a tak\u017ce w miar\u0119 istniej\u0105cych mo\u017cliwo\u015bci zdiagnozowanie przyczyn jego powstania. Ka\u017cde niespecyficzne objawy lub nasilenie dyskomfortu w okolicy podbrzusza czy obecno\u015b\u0107 nietypowej wydzieliny z dr\u00f3g rodnych w trakcie rozpoznanej ci\u0105\u017cy wymaga konsultacji lekarskiej i wykluczenia tocz\u0105cego si\u0119 poronienia.<\/p>\n\n\n\n<p>Jedna strata ci\u0105\u017cy nie musi oznacza\u0107 dalszych trudno\u015bci w staraniach o potomstwo, dlatego tak wa\u017cna jest profilaktyka i odpowiednia opieka na ka\u017cdym etapie planowania rodziny.<\/p>\n\n\n\n<hr class=\"wp-block-separator has-alpha-channel-opacity\"\/>\n\n\n\n<p><strong>Bibliografia<\/strong><\/p>\n\n\n\n<ol class=\"wp-block-list\">\n<li>https:\/\/www.mp.pl\/pacjent\/ciaza\/przebiegciazy\/90964,poronienie (dost\u0119p online 12.03.2025).<\/li>\n\n\n\n<li>Miscarriage matters: the epidemiological, physical, psychological, and economic costs of early pregnancy loss, Quenby S, Gallos ID, Dhillon-Smith RK, Podesek M, Stephenson MD, Fisher J, Brosens JJ, Brewin J, Ramhorst R, Lucas ES, McCoy RC, Anderson R, Daher S,Regan L, Al-Memar M, Bourne T, MacIntyre DA, Rai R, Christiansen OB, Sugiura-Ogasawara M, Odendaal J, Devall AJ, Bennett PR, Petrou S, Coomarasamy A.Lancet. 2021 May 1;397(10285):1658-1667. doi: 10.1016\/S0140-6736(21)00682-6. Epub 2021 Apr 27 (dost\u0119p online 10.03.2025).<\/li>\n\n\n\n<li>Miscarriage Definitions, Causes and Management: Review of Literature. I.A. Abdelazim, A. AbuFaza, P. Purohit, R.H. Farag, ARC Journal od Gynecology and Obstetrics, Vol\/ 2, Issue 3, 2017, PP 20-21.<\/li>\n\n\n\n<li>Relationship between psychological stress and reccurent miscarriage\u201d. W. Li, J. Newell- Price, G.l. Jones, W.L. Ledger, T.C. Li. Reproductive medicine online. Vol. 25, Issue 2, P 180-183, Augist 2012.<\/li>\n<\/ol>\n\n\n\n<p><\/p>\n","protected":false},"excerpt":{"rendered":"<p>Nie zawsze donoszenie ci\u0105\u017cy a\u017c do rozwi\u0105zania jest mo\u017cliwe z uwagi na ewentualn\u0105 utrat\u0119 na kt\u00f3rym\u015b z\u00a0etap\u00f3w jej trwania. Dowiedz si\u0119 wi\u0119cej.<\/p>\n","protected":false},"author":184,"featured_media":22550,"comment_status":"closed","ping_status":"closed","sticky":false,"template":"","format":"standard","meta":{"_acf_changed":false,"inline_featured_image":false,"footnotes":""},"categories":[24],"tags":[],"coauthors":[223],"class_list":{"0":"post-22548","1":"post","2":"type-post","3":"status-publish","4":"format-standard","5":"has-post-thumbnail","7":"category-nieplodnosc-niepowodzenia-ciazy"},"acf":[],"yoast_head":"<!-- This site is optimized with the Yoast SEO plugin v27.5 - https:\/\/yoast.com\/product\/yoast-seo-wordpress\/ -->\n<title>Poronienie: objawy, przyczyny, rodzaje poronie\u0144 - Centrum Wiedzy ALAB laboratoria<\/title>\n<meta name=\"description\" content=\"Nie zawsze donoszenie ci\u0105\u017cy a\u017c do rozwi\u0105zania jest mo\u017cliwe z uwagi na ewentualn\u0105 utrat\u0119 na kt\u00f3rym\u015b z\u00a0etap\u00f3w jej trwania. Dowiedz si\u0119 wi\u0119cej.\" \/>\n<meta name=\"robots\" content=\"index, follow, max-snippet:-1, max-image-preview:large, max-video-preview:-1\" \/>\n<link rel=\"canonical\" href=\"https:\/\/www.alab.pl\/centrum-wiedzy\/poronienie-objawy-przyczyny-rodzaje-poronien\/\" \/>\n<meta property=\"og:locale\" content=\"pl_PL\" \/>\n<meta property=\"og:type\" content=\"article\" \/>\n<meta property=\"og:title\" content=\"Poronienie: objawy, przyczyny, rodzaje poronie\u0144 - Centrum Wiedzy ALAB laboratoria\" \/>\n<meta property=\"og:description\" content=\"Nie zawsze donoszenie ci\u0105\u017cy a\u017c do rozwi\u0105zania jest mo\u017cliwe z uwagi na ewentualn\u0105 utrat\u0119 na kt\u00f3rym\u015b z\u00a0etap\u00f3w jej trwania. Dowiedz si\u0119 wi\u0119cej.\" \/>\n<meta property=\"og:url\" content=\"https:\/\/www.alab.pl\/centrum-wiedzy\/poronienie-objawy-przyczyny-rodzaje-poronien\/\" \/>\n<meta property=\"og:site_name\" content=\"Centrum Wiedzy ALAB laboratoria\" \/>\n<meta property=\"article:publisher\" content=\"https:\/\/www.facebook.com\/ALABlaboratoria\" \/>\n<meta property=\"article:published_time\" content=\"2025-03-27T10:02:44+00:00\" \/>\n<meta property=\"article:modified_time\" content=\"2025-03-27T10:02:46+00:00\" \/>\n<meta property=\"og:image\" content=\"https:\/\/www.alab.pl\/centrum-wiedzy\/wp-content\/uploads\/2025\/03\/poronienie-.jpg\" \/>\n\t<meta property=\"og:image:width\" content=\"1920\" \/>\n\t<meta property=\"og:image:height\" content=\"1080\" \/>\n\t<meta property=\"og:image:type\" content=\"image\/jpeg\" \/>\n<meta name=\"author\" content=\"Katarzyna Koc\" \/>\n<meta name=\"twitter:card\" content=\"summary_large_image\" \/>\n<meta name=\"twitter:label1\" content=\"Napisane przez\" \/>\n\t<meta name=\"twitter:data1\" content=\"Katarzyna Koc\" \/>\n\t<meta name=\"twitter:label2\" content=\"Szacowany czas czytania\" \/>\n\t<meta name=\"twitter:data2\" content=\"9 minut\" \/>\n\t<meta name=\"twitter:label3\" content=\"Written by\" \/>\n\t<meta name=\"twitter:data3\" content=\"Katarzyna Koc\" \/>\n<!-- \/ Yoast SEO plugin. -->","yoast_head_json":{"title":"Poronienie: objawy, przyczyny, rodzaje poronie\u0144 - Centrum Wiedzy ALAB laboratoria","description":"Nie zawsze donoszenie ci\u0105\u017cy a\u017c do rozwi\u0105zania jest mo\u017cliwe z uwagi na ewentualn\u0105 utrat\u0119 na kt\u00f3rym\u015b z\u00a0etap\u00f3w jej trwania. Dowiedz si\u0119 wi\u0119cej.","robots":{"index":"index","follow":"follow","max-snippet":"max-snippet:-1","max-image-preview":"max-image-preview:large","max-video-preview":"max-video-preview:-1"},"canonical":"https:\/\/www.alab.pl\/centrum-wiedzy\/poronienie-objawy-przyczyny-rodzaje-poronien\/","og_locale":"pl_PL","og_type":"article","og_title":"Poronienie: objawy, przyczyny, rodzaje poronie\u0144 - Centrum Wiedzy ALAB laboratoria","og_description":"Nie zawsze donoszenie ci\u0105\u017cy a\u017c do rozwi\u0105zania jest mo\u017cliwe z uwagi na ewentualn\u0105 utrat\u0119 na kt\u00f3rym\u015b z\u00a0etap\u00f3w jej trwania. Dowiedz si\u0119 wi\u0119cej.","og_url":"https:\/\/www.alab.pl\/centrum-wiedzy\/poronienie-objawy-przyczyny-rodzaje-poronien\/","og_site_name":"Centrum Wiedzy ALAB laboratoria","article_publisher":"https:\/\/www.facebook.com\/ALABlaboratoria","article_published_time":"2025-03-27T10:02:44+00:00","article_modified_time":"2025-03-27T10:02:46+00:00","og_image":[{"width":1920,"height":1080,"url":"https:\/\/www.alab.pl\/centrum-wiedzy\/wp-content\/uploads\/2025\/03\/poronienie-.jpg","type":"image\/jpeg"}],"author":"Katarzyna Koc","twitter_card":"summary_large_image","twitter_misc":{"Napisane przez":"Katarzyna Koc","Szacowany czas czytania":"9 minut","Written by":"Katarzyna Koc"},"schema":{"@context":"https:\/\/schema.org","@graph":[{"@type":"Article","@id":"https:\/\/www.alab.pl\/centrum-wiedzy\/poronienie-objawy-przyczyny-rodzaje-poronien\/#article","isPartOf":{"@id":"https:\/\/www.alab.pl\/centrum-wiedzy\/poronienie-objawy-przyczyny-rodzaje-poronien\/"},"author":{"name":"Katarzyna Koc","@id":"https:\/\/www.alab.pl\/centrum-wiedzy\/#\/schema\/person\/c6c2a8b21bb0dcfcd8f8ab6f038a580f"},"headline":"Poronienie: objawy, przyczyny, rodzaje poronie\u0144","datePublished":"2025-03-27T10:02:44+00:00","dateModified":"2025-03-27T10:02:46+00:00","mainEntityOfPage":{"@id":"https:\/\/www.alab.pl\/centrum-wiedzy\/poronienie-objawy-przyczyny-rodzaje-poronien\/"},"wordCount":1618,"publisher":{"@id":"https:\/\/www.alab.pl\/centrum-wiedzy\/#organization"},"image":{"@id":"https:\/\/www.alab.pl\/centrum-wiedzy\/poronienie-objawy-przyczyny-rodzaje-poronien\/#primaryimage"},"thumbnailUrl":"https:\/\/www.alab.pl\/centrum-wiedzy\/wp-content\/uploads\/2025\/03\/poronienie-.jpg","articleSection":["Niep\u0142odno\u015b\u0107, niepowodzenia ci\u0105\u017cy"],"inLanguage":"pl-PL"},{"@type":"WebPage","@id":"https:\/\/www.alab.pl\/centrum-wiedzy\/poronienie-objawy-przyczyny-rodzaje-poronien\/","url":"https:\/\/www.alab.pl\/centrum-wiedzy\/poronienie-objawy-przyczyny-rodzaje-poronien\/","name":"Poronienie: objawy, przyczyny, rodzaje poronie\u0144 - Centrum Wiedzy ALAB laboratoria","isPartOf":{"@id":"https:\/\/www.alab.pl\/centrum-wiedzy\/#website"},"primaryImageOfPage":{"@id":"https:\/\/www.alab.pl\/centrum-wiedzy\/poronienie-objawy-przyczyny-rodzaje-poronien\/#primaryimage"},"image":{"@id":"https:\/\/www.alab.pl\/centrum-wiedzy\/poronienie-objawy-przyczyny-rodzaje-poronien\/#primaryimage"},"thumbnailUrl":"https:\/\/www.alab.pl\/centrum-wiedzy\/wp-content\/uploads\/2025\/03\/poronienie-.jpg","datePublished":"2025-03-27T10:02:44+00:00","dateModified":"2025-03-27T10:02:46+00:00","description":"Nie zawsze donoszenie ci\u0105\u017cy a\u017c do rozwi\u0105zania jest mo\u017cliwe z uwagi na ewentualn\u0105 utrat\u0119 na kt\u00f3rym\u015b z\u00a0etap\u00f3w jej trwania. Dowiedz si\u0119 wi\u0119cej.","breadcrumb":{"@id":"https:\/\/www.alab.pl\/centrum-wiedzy\/poronienie-objawy-przyczyny-rodzaje-poronien\/#breadcrumb"},"inLanguage":"pl-PL","potentialAction":[{"@type":"ReadAction","target":["https:\/\/www.alab.pl\/centrum-wiedzy\/poronienie-objawy-przyczyny-rodzaje-poronien\/"]}]},{"@type":"ImageObject","inLanguage":"pl-PL","@id":"https:\/\/www.alab.pl\/centrum-wiedzy\/poronienie-objawy-przyczyny-rodzaje-poronien\/#primaryimage","url":"https:\/\/www.alab.pl\/centrum-wiedzy\/wp-content\/uploads\/2025\/03\/poronienie-.jpg","contentUrl":"https:\/\/www.alab.pl\/centrum-wiedzy\/wp-content\/uploads\/2025\/03\/poronienie-.jpg","width":1920,"height":1080,"caption":"poronienie"},{"@type":"BreadcrumbList","@id":"https:\/\/www.alab.pl\/centrum-wiedzy\/poronienie-objawy-przyczyny-rodzaje-poronien\/#breadcrumb","itemListElement":[{"@type":"ListItem","position":1,"name":"Strona g\u0142\u00f3wna","item":"https:\/\/www.alab.pl\/centrum-wiedzy\/"},{"@type":"ListItem","position":2,"name":"Poronienie: objawy, przyczyny, rodzaje poronie\u0144"}]},{"@type":"WebSite","@id":"https:\/\/www.alab.pl\/centrum-wiedzy\/#website","url":"https:\/\/www.alab.pl\/centrum-wiedzy\/","name":"Centrum Wiedzy ALAB laboratoria","description":"","publisher":{"@id":"https:\/\/www.alab.pl\/centrum-wiedzy\/#organization"},"potentialAction":[{"@type":"SearchAction","target":{"@type":"EntryPoint","urlTemplate":"https:\/\/www.alab.pl\/centrum-wiedzy\/?s={search_term_string}"},"query-input":{"@type":"PropertyValueSpecification","valueRequired":true,"valueName":"search_term_string"}}],"inLanguage":"pl-PL"},{"@type":"Organization","@id":"https:\/\/www.alab.pl\/centrum-wiedzy\/#organization","name":"Centrum Wiedzy ALAB laboratoria","url":"https:\/\/www.alab.pl\/centrum-wiedzy\/","logo":{"@type":"ImageObject","inLanguage":"pl-PL","@id":"https:\/\/www.alab.pl\/centrum-wiedzy\/#\/schema\/logo\/image\/","url":"https:\/\/www.alab.pl\/centrum-wiedzy\/wp-content\/uploads\/2022\/04\/alabek.jpg","contentUrl":"https:\/\/www.alab.pl\/centrum-wiedzy\/wp-content\/uploads\/2022\/04\/alabek.jpg","width":1250,"height":1251,"caption":"Centrum Wiedzy ALAB laboratoria"},"image":{"@id":"https:\/\/www.alab.pl\/centrum-wiedzy\/#\/schema\/logo\/image\/"},"sameAs":["https:\/\/www.facebook.com\/ALABlaboratoria"]},{"@type":"Person","@id":"https:\/\/www.alab.pl\/centrum-wiedzy\/#\/schema\/person\/c6c2a8b21bb0dcfcd8f8ab6f038a580f","name":"Katarzyna Koc","image":{"@type":"ImageObject","inLanguage":"pl-PL","@id":"https:\/\/www.alab.pl\/centrum-wiedzy\/wp-content\/uploads\/2022\/03\/woman-150x150.png510376ddb3c99b233fa30c560b9695e9","url":"https:\/\/www.alab.pl\/centrum-wiedzy\/wp-content\/uploads\/2022\/03\/woman-150x150.png","contentUrl":"https:\/\/www.alab.pl\/centrum-wiedzy\/wp-content\/uploads\/2022\/03\/woman-150x150.png","caption":"Katarzyna Koc"},"description":"Lekarz, specjalista medycyny rodzinnej z kilkunastoletnim do\u015bwiadczeniem zawodowym w pracy w podstawowej opiece zdrowotnej (POZ). Absolwentka Wydzia\u0142u Lekarskiego z Pododdzia\u0142em Stomatologii i Nauczania w J\u0119zyku Angielskim Uniwersytetu Medycznego w Bia\u0142ymstoku i Wydzia\u0142u Ekonomii i Zarz\u0105dzania Akademii Humanistyczno-Ekonomicznej w \u0141odzi. Certyfikowany lekarz Polskiego Towarzystwa Leczenia Oty\u0142o\u015bci, cz\u0142onek Polskiego Towarzystwa Medycyny Rodzinnej. Wsp\u00f3\u0142autorka medycznych publikacji naukowych z zakresu diabetologii, kardiologii i echokardiografii.","url":"https:\/\/www.alab.pl\/centrum-wiedzy\/author\/katarzyna-koc\/"}]}},"_links":{"self":[{"href":"https:\/\/www.alab.pl\/centrum-wiedzy\/wp-json\/wp\/v2\/posts\/22548","targetHints":{"allow":["GET"]}}],"collection":[{"href":"https:\/\/www.alab.pl\/centrum-wiedzy\/wp-json\/wp\/v2\/posts"}],"about":[{"href":"https:\/\/www.alab.pl\/centrum-wiedzy\/wp-json\/wp\/v2\/types\/post"}],"author":[{"embeddable":true,"href":"https:\/\/www.alab.pl\/centrum-wiedzy\/wp-json\/wp\/v2\/users\/184"}],"replies":[{"embeddable":true,"href":"https:\/\/www.alab.pl\/centrum-wiedzy\/wp-json\/wp\/v2\/comments?post=22548"}],"version-history":[{"count":2,"href":"https:\/\/www.alab.pl\/centrum-wiedzy\/wp-json\/wp\/v2\/posts\/22548\/revisions"}],"predecessor-version":[{"id":22551,"href":"https:\/\/www.alab.pl\/centrum-wiedzy\/wp-json\/wp\/v2\/posts\/22548\/revisions\/22551"}],"wp:featuredmedia":[{"embeddable":true,"href":"https:\/\/www.alab.pl\/centrum-wiedzy\/wp-json\/wp\/v2\/media\/22550"}],"wp:attachment":[{"href":"https:\/\/www.alab.pl\/centrum-wiedzy\/wp-json\/wp\/v2\/media?parent=22548"}],"wp:term":[{"taxonomy":"category","embeddable":true,"href":"https:\/\/www.alab.pl\/centrum-wiedzy\/wp-json\/wp\/v2\/categories?post=22548"},{"taxonomy":"post_tag","embeddable":true,"href":"https:\/\/www.alab.pl\/centrum-wiedzy\/wp-json\/wp\/v2\/tags?post=22548"},{"taxonomy":"author","embeddable":true,"href":"https:\/\/www.alab.pl\/centrum-wiedzy\/wp-json\/wp\/v2\/coauthors?post=22548"}],"curies":[{"name":"wp","href":"https:\/\/api.w.org\/{rel}","templated":true}]}}