{"id":22586,"date":"2025-03-28T07:38:23","date_gmt":"2025-03-28T06:38:23","guid":{"rendered":"https:\/\/www.alab.pl\/centrum-wiedzy\/?p=22586"},"modified":"2025-03-28T07:38:45","modified_gmt":"2025-03-28T06:38:45","slug":"opuchniete-oczy-alergia-i-inne-mozliwe-przyczyny","status":"publish","type":"post","link":"https:\/\/www.alab.pl\/centrum-wiedzy\/opuchniete-oczy-alergia-i-inne-mozliwe-przyczyny\/","title":{"rendered":"Opuchni\u0119te oczy \u2013 alergia i inne mo\u017cliwe przyczyny\u00a0\u00a0"},"content":{"rendered":"\n<p><strong>Przyczyny opuchni\u0119tych oczu s\u0105 r\u00f3\u017cnorodne \u2013 od zupe\u0142nie niegro\u017anych, stanowi\u0105cych jedynie defekt kosmetyczny, po powa\u017cne schorzenia wymagaj\u0105ce diagnostyki i leczenia. Objaw mo\u017ce by\u0107 wynikiem nieodpowiedniej diety, braku snu, nagromadzenia si\u0119 wody w organizmie, alergii, infekcji, ale te\u017c chor\u00f3b og\u00f3lnoustrojowych. Dowiedz si\u0119, kiedy opuchlizna oczu jest wskazaniem do konsultacji lekarskiej.<\/strong><\/p>\n\n\n\n<p>Spis tre\u015bci:<\/p>\n\n\n\n<ol class=\"wp-block-list\">\n<li><a href=\"#Co-jest-przyczyn\u0105-opuchni\u0119tych-oczu?\">Co jest przyczyn\u0105 opuchni\u0119tych oczu?<\/a>\n<ul class=\"wp-block-list\">\n<li><a href=\"#Opuchni\u0119te-oczy-a-nerki\">Opuchni\u0119te oczy a nerki<\/a><\/li>\n\n\n\n<li><a href=\"#Opuchni\u0119te-oczy-a-tarczyca\">Opuchni\u0119te oczy a tarczyca<\/a><\/li>\n\n\n\n<li><a href=\"#Opuchni\u0119te-oczy-od-alkoholu\">Opuchni\u0119te oczy od alkoholu<\/a><\/li>\n\n\n\n<li><a href=\"#Opuchni\u0119te-oczy-od-zatok\">Opuchni\u0119te oczy od zatok<\/a><\/li>\n\n\n\n<li><a href=\"#Opuchni\u0119te-oczy-a-miejscowe-infekcje\">Opuchni\u0119te oczy a miejscowe infekcje<\/a><\/li>\n<\/ul>\n<\/li>\n\n\n\n<li><a href=\"#Opuchni\u0119te-oczy-od-alergii\">Opuchni\u0119te oczy od alergii<\/a>\n<ul class=\"wp-block-list\">\n<li><a href=\"#Od-jakiej-alergii-puchn\u0105-oczy?\">Od jakiej alergii puchn\u0105 oczy?<\/a><\/li>\n\n\n\n<li><a href=\"#Jak-wygl\u0105daj\u0105-oczy-przy-alergii?\">Jak wygl\u0105daj\u0105 oczy przy alergii?<\/a><\/li>\n<\/ul>\n<\/li>\n\n\n\n<li><a href=\"#Opuchni\u0119te-oczy-\u2013-kiedy-zg\u0142osi\u0107-si\u0119-do-lekarza?\">Opuchni\u0119te oczy \u2013 kiedy zg\u0142osi\u0107 si\u0119 do lekarza?<\/a><\/li>\n<\/ol>\n\n\n\n<h2 class=\"wp-block-heading\" id=\"Co-jest-przyczyn\u0105-opuchni\u0119tych-oczu?\">Co jest przyczyn\u0105 opuchni\u0119tych oczu?<\/h2>\n\n\n\n<p>Opuchlizna wok\u00f3\u0142 oczu to <strong>wynik gromadzenia si\u0119 p\u0142ynu w tkankach<\/strong>. Mo\u017ce by\u0107 spowodowana zar\u00f3wno miejscowymi czynnikami, jak i og\u00f3lnoustrojowymi problemami zdrowotnymi. Ka\u017cda z przyczyn opuchni\u0119tych oczu wymaga innego podej\u015bcia diagnostycznego i terapeutycznego.<\/p>\n\n\n\n<p>W\u015br\u00f3d najcz\u0119stszych przyczyn wymienia si\u0119: miejscowe infekcje, <a href=\"https:\/\/www.alab.pl\/centrum-wiedzy\/alergia-objawy-przyczyny-rodzaje-rozpoznanie\/\">alergie<\/a>, choroby nerek, zaburzenia tarczycy czy choroby zatok. Ale opuchni\u0119te oczy mog\u0105 by\u0107 r\u00f3wnie\u017c skutkiem:<\/p>\n\n\n\n<ul class=\"wp-block-list\">\n<li>przem\u0119czenia i niewyspania,<\/li>\n\n\n\n<li>p\u0142aczu,<\/li>\n\n\n\n<li>nieodpowiedniej diety prowadz\u0105cej do zatrzymania wody w organizmie,<\/li>\n\n\n\n<li>spo\u017cywania alkoholu,<\/li>\n\n\n\n<li>podra\u017cnienia (np. podczas zak\u0142adania soczewek kontaktowych),<\/li>\n\n\n\n<li>urazu mechanicznego okolicy oka.<\/li>\n<\/ul>\n\n\n\n<h3 class=\"wp-block-heading\" id=\"Opuchni\u0119te-oczy-a-nerki\">Opuchni\u0119te oczy a nerki<\/h3>\n\n\n\n<p>Nerki odgrywaj\u0105 bardzo wa\u017cn\u0105 rol\u0119 w gospodarce wodno-elektrolitowej. <strong>Gdy ich funkcja jest upo\u015bledzona, dochodzi do zatrzymywania wody w organizmie, co mo\u017ce objawia\u0107 si\u0119 obrz\u0119kami.<\/strong> Opuchni\u0119te oczy s\u0105 efektem zwi\u0119kszenia wch\u0142aniania zwrotnego wody w nerkach lub zmniejszonego przes\u0105czania.<\/p>\n\n\n\n<p>Opuchni\u0119te oczy s\u0105 typowym objawem <strong>zespo\u0142u nerczycowego<\/strong>. Jest to stan, w kt\u00f3rym dochodzi do <strong>utraty bia\u0142ka z moczem (ponad 3,5 g na dob\u0119)<\/strong>. Jego przyczyn\u0105 jest <strong>uszkodzenie k\u0142\u0119buszk\u00f3w nerkowych<\/strong> na skutek m.in.:<\/p>\n\n\n\n<ul class=\"wp-block-list\">\n<li>k\u0142\u0119buszkowego <a href=\"https:\/\/www.alab.pl\/centrum-wiedzy\/zapalenie-nerek-objawy-przyczyny-rodzaje-diagnostyka-i-leczenie\/?swpmtx=c4d2317cab70808917c597c1eb77d4c5&amp;swpmtxnonce=89f958f460\">zapalenia nerek<\/a>,<\/li>\n\n\n\n<li><a href=\"https:\/\/www.alab.pl\/centrum-wiedzy\/cukrzyca\/?swpmtx=b41e0bc8b30cff1b37800daffe80769c&amp;swpmtxnonce=67b78a76e2\">cukrzycy<\/a>,<\/li>\n\n\n\n<li><a href=\"https:\/\/www.alab.pl\/centrum-wiedzy\/toczen-ukladowy-sle\/\">tocznia rumieniowatego uk\u0142adowego<\/a>,<\/li>\n\n\n\n<li><a href=\"https:\/\/www.alab.pl\/centrum-wiedzy\/choroby-autoimmunologiczne-czym-sa-objawy-diagnostyka-i-leczenie\/\">chor\u00f3b autoimmunologicznych<\/a>,<\/li>\n\n\n\n<li>niekt\u00f3rych nowotwor\u00f3w (np. ch\u0142oniak\u00f3w, szpiczak\u00f3w, <a href=\"https:\/\/www.alab.pl\/centrum-wiedzy\/rak-pluc-objawy-diagnostyka-i-leczenie-nowotworu\/\">raka p\u0142uca<\/a>),<\/li>\n\n\n\n<li><a href=\"https:\/\/www.alab.pl\/centrum-wiedzy\/niewydolnosc-serca-przyczyny-diagnostyka-objawy-leczenie\/\">niewydolno\u015bci serca<\/a>,<\/li>\n\n\n\n<li>stanu przedrzucawkowego i rzucawki,<\/li>\n\n\n\n<li>infekcji (np. <a href=\"https:\/\/www.alab.pl\/centrum-wiedzy\/kila-syfilis-problem-wciaz-aktualny\/\">ki\u0142y<\/a>, malarii, zaka\u017cenia <a href=\"https:\/\/www.alab.pl\/centrum-wiedzy\/wirus-hiv\/\">wirusem HIV<\/a>),<\/li>\n\n\n\n<li>stosowania niekt\u00f3rych lek\u00f3w,<\/li>\n\n\n\n<li>dzia\u0142ania substancji nefrotoksycznych.<\/li>\n<\/ul>\n\n\n\n<p><strong>Opuchlizna oczu w chorobie nerek nasila si\u0119 rano.<\/strong><\/p>\n\n\n\n<h3 class=\"wp-block-heading\" id=\"Opuchni\u0119te-oczy-a-tarczyca\">Opuchni\u0119te oczy a tarczyca<\/h3>\n\n\n\n<p>Opuchni\u0119te oczy mog\u0105 by\u0107 jednym z objaw\u00f3w<strong> zaburze\u0144 pracy tarczycy<\/strong>. Mowa przede wszystkim o <a href=\"https:\/\/www.alab.pl\/centrum-wiedzy\/choroba-gravesa-basedowa-objawy-przyczyny-powiklania-i-leczenie\/\">chorobie Gravesa-Basedowa<\/a>. To choroba autoimmunologiczna, w kt\u00f3rej organizm produkuje przeciwcia\u0142a skierowane przeciwko receptorom TSH w kom\u00f3rkach tarczycy.<\/p>\n\n\n\n<figure class=\"wp-block-image size-full\"><a href=\"https:\/\/www.alab.pl\/pakiet\/pakiet-graves-basedowa\"><img loading=\"lazy\" decoding=\"async\" width=\"800\" height=\"200\" src=\"https:\/\/www.alab.pl\/centrum-wiedzy\/wp-content\/uploads\/2025\/03\/Pakiet-Gravesa-Basedowa-4-badania.png\" alt=\"Pakiet Gravesa-Basedowa (4 badania) banerek\" class=\"wp-image-22202\" srcset=\"https:\/\/www.alab.pl\/centrum-wiedzy\/wp-content\/uploads\/2025\/03\/Pakiet-Gravesa-Basedowa-4-badania.png 800w, https:\/\/www.alab.pl\/centrum-wiedzy\/wp-content\/uploads\/2025\/03\/Pakiet-Gravesa-Basedowa-4-badania-768x192.png 768w, https:\/\/www.alab.pl\/centrum-wiedzy\/wp-content\/uploads\/2025\/03\/Pakiet-Gravesa-Basedowa-4-badania-150x38.png 150w, https:\/\/www.alab.pl\/centrum-wiedzy\/wp-content\/uploads\/2025\/03\/Pakiet-Gravesa-Basedowa-4-badania-300x75.png 300w, https:\/\/www.alab.pl\/centrum-wiedzy\/wp-content\/uploads\/2025\/03\/Pakiet-Gravesa-Basedowa-4-badania-696x174.png 696w\" sizes=\"auto, (max-width: 800px) 100vw, 800px\" \/><\/a><\/figure>\n\n\n\n<p>Obrz\u0119k powiek w chorobie Gravesa-Basedowa jest jednym z objaw\u00f3w tzw. <strong>orbitopatii tarczycowej, czyli schorzenia dotycz\u0105cego narz\u0105du wzroku<\/strong>. Zalicza si\u0119 do nich r\u00f3wnie\u017c: upo\u015bledzenie przep\u0142ywu \u0142ez przez kana\u0142 \u0142zowy, wytrzeszcz ga\u0142ek ocznych, ograniczenie ruchomo\u015bci ga\u0142ek ocznych, zaczerwienienie spoj\u00f3wek, podw\u00f3jne widzenie.<\/p>\n\n\n\n<figure class=\"wp-block-table\"><table class=\"has-fixed-layout\"><tbody><tr><td>Orbitopatia tarczycowa jest wywo\u0142ana autoimmunologicznym zapaleniem tkanek mi\u0119kkich oczodo\u0142u. Prowadzi do uszkodzenia narz\u0105du wzroku.<\/td><\/tr><\/tbody><\/table><\/figure>\n\n\n\n<h3 class=\"wp-block-heading\" id=\"Opuchni\u0119te-oczy-od-alkoholu\">Opuchni\u0119te oczy od alkoholu<\/h3>\n\n\n\n<p><strong>Nadmierne spo\u017cycie alkoholu mo\u017ce prowadzi\u0107 do zatrzymania wody i powstawania obrz\u0119k\u00f3w<\/strong> \u2013 w tym wok\u00f3\u0142 oczu. Alkohol wp\u0142ywa na przepuszczalno\u015b\u0107 naczy\u0144 krwiono\u015bnych i sprzyja gromadzeniu si\u0119 p\u0142yn\u00f3w w tkankach. <strong>Opuchlizna wok\u00f3\u0142 oczu mo\u017ce by\u0107 r\u00f3wnie\u017c objawem alergii na sk\u0142adniki napoju alkoholowego.<\/strong><\/p>\n\n\n\n<h3 class=\"wp-block-heading\" id=\"Opuchni\u0119te-oczy-od-zatok\">Opuchni\u0119te oczy od zatok<\/h3>\n\n\n\n<p>Mo\u017cliwe jest r\u00f3wnie\u017c <strong>opuchni\u0119cie oczu od zatok<\/strong>. To jeden z objaw\u00f3w ich zapalenia. Inne dolegliwo\u015bci to m.in. gor\u0105czka, z\u0142e samopoczucie, niedro\u017cno\u015b\u0107 nosa, wydzielina w jamach nosowych (\u015bluzowa, \u015bluzowo-ropna lub ropna), <a href=\"https:\/\/www.alab.pl\/centrum-wiedzy\/utrata-brak-wechu-i-smaku-przyczyny-jak-dlugo-trwa-leczenie\/\">utrata w\u0119chu<\/a>, uczucie rozpierania na twarzy, uczucie pe\u0142no\u015bci w uchu. <strong>Najcz\u0119stsz\u0105 przyczyn\u0105 ostrego zapalenia zatok przynosowych jest infekcja wirusowa lub bakteryjna<\/strong>.<\/p>\n\n\n\n<h3 class=\"wp-block-heading\" id=\"Opuchni\u0119te-oczy-a-miejscowe-infekcje\">Opuchni\u0119te oczy a miejscowe infekcje<\/h3>\n\n\n\n<p>Opuchni\u0119te oczy mog\u0105 by\u0107 jednym z objaw\u00f3w<strong> miejscowej infekcji <\/strong>wywo\u0142anej przez wirusy (m.in. adenowirusy, wirus Epsteina-Barr, wirus ospy wietrznej i <a href=\"https:\/\/www.alab.pl\/centrum-wiedzy\/polpasiec-u-dzieci\/\">p\u00f3\u0142pa\u015bca<\/a>, wirus opryszczki zwyk\u0142ej), bakterie (m.in. gronkowce, paciorkowce), ale te\u017c grzyby czy paso\u017cyty (m.in. <a href=\"https:\/\/www.alab.pl\/centrum-wiedzy\/nuzeniec\/\">nu\u017ce\u0144ca ludzkiego)<\/a>. Infekcja przybiera posta\u0107 m.in. zapalenia spoj\u00f3wek, zapalenia brzeg\u00f3w powiek, zapalenia gruczo\u0142u \u0142zowego, j\u0119czmienia, grad\u00f3wki.<\/p>\n\n\n\n<figure class=\"wp-block-image size-full\"><a href=\"https:\/\/www.alab.pl\/badanie\/nuzeniec-ludzki-ocena-mikroskopowa\"><img loading=\"lazy\" decoding=\"async\" width=\"800\" height=\"200\" src=\"https:\/\/www.alab.pl\/centrum-wiedzy\/wp-content\/uploads\/2025\/03\/Badanie-w-kierunku-nuzenca.png\" alt=\"Badanie w kierunku nu\u017ce\u0144ca banerek\" class=\"wp-image-22200\" srcset=\"https:\/\/www.alab.pl\/centrum-wiedzy\/wp-content\/uploads\/2025\/03\/Badanie-w-kierunku-nuzenca.png 800w, https:\/\/www.alab.pl\/centrum-wiedzy\/wp-content\/uploads\/2025\/03\/Badanie-w-kierunku-nuzenca-768x192.png 768w, https:\/\/www.alab.pl\/centrum-wiedzy\/wp-content\/uploads\/2025\/03\/Badanie-w-kierunku-nuzenca-150x38.png 150w, https:\/\/www.alab.pl\/centrum-wiedzy\/wp-content\/uploads\/2025\/03\/Badanie-w-kierunku-nuzenca-300x75.png 300w, https:\/\/www.alab.pl\/centrum-wiedzy\/wp-content\/uploads\/2025\/03\/Badanie-w-kierunku-nuzenca-696x174.png 696w\" sizes=\"auto, (max-width: 800px) 100vw, 800px\" \/><\/a><\/figure>\n\n\n\n<h2 class=\"wp-block-heading\" id=\"Opuchni\u0119te-oczy-od-alergii\">Opuchni\u0119te oczy od alergii<\/h2>\n\n\n\n<p>Alergie s\u0105 jedn\u0105 z najcz\u0119stszych przyczyn opuchni\u0119tych oczu. <strong>Reakcja alergiczna mo\u017ce by\u0107 wywo\u0142ana przez r\u00f3\u017cne czynniki, takie jak py\u0142ki, sier\u015b\u0107 zwierz\u0105t, roztocza czy substancje obecne w kosmetykach i niekt\u00f3rych lekach.<\/strong> Opuchlizna oczu w przypadku alergii jest wynikiem uwolnienia histaminy, kt\u00f3ra powoduje rozszerzenie naczy\u0144 krwiono\u015bnych i zwi\u0119kszenie przepuszczalno\u015bci tkanek.<\/p>\n\n\n\n<h3 class=\"wp-block-heading\" id=\"Od-jakiej-alergii-puchn\u0105-oczy?\">Od jakiej alergii puchn\u0105 oczy?<\/h3>\n\n\n\n<p>Opuchlizna oczu mo\u017ce by\u0107 spowodowana r\u00f3\u017cnymi typami alergii. Najcz\u0119\u015bciej s\u0105 to:<\/p>\n\n\n\n<ul class=\"wp-block-list\">\n<li><strong>alergia kontaktowa<\/strong> \u2013 miejscowa reakcja sk\u00f3rna na bezpo\u015bredni kontakt z alergenem (np. sk\u0142adnik kosmetyk\u00f3w),<\/li>\n\n\n\n<li><strong>alergia sezonowa<\/strong> \u2013 zwi\u0105zana z obecno\u015bci\u0105 w powietrzu alergen\u00f3w wziewnych (np. py\u0142k\u00f3w traw, chwast\u00f3w, drzew) wyst\u0119puj\u0105cych w okre\u015blonym okresie roku,<\/li>\n\n\n\n<li><strong>przetrwa\u0142e alergiczne zapalenie spoj\u00f3wek<\/strong> \u2013 zwi\u0105zana ze sta\u0142\u0105 obecno\u015bci\u0105 alergen\u00f3w w otoczeniu (np. roztoczy kurzu, <a href=\"https:\/\/www.alab.pl\/centrum-wiedzy\/alergia-na-psy-i-koty-i-inne-zwierzeta\/\">sier\u015bci zwierz\u0105t<\/a>, ple\u015bni),<\/li>\n\n\n\n<li><a href=\"https:\/\/www.alab.pl\/centrum-wiedzy\/alergia-pokarmowa\/\"><strong>alergia pokarmowa<\/strong><\/a> \u2013 spowodowana spo\u017cyciem alergenu obecnym w po\u017cywieniu (np. orzechy, soj\u0119).<\/li>\n<\/ul>\n\n\n\n<h3 class=\"wp-block-heading\" id=\"Jak-wygl\u0105daj\u0105-oczy-przy-alergii?\">Jak wygl\u0105daj\u0105 oczy przy alergii?<\/h3>\n\n\n\n<p>Oczy przy alergii s\u0105 zwykle <strong>zaczerwienione, sw\u0119dz\u0105ce i nadmiernie \u0142zawi\u0105. Opuchlizna mo\u017ce dotyczy\u0107 zar\u00f3wno powiek, jak i okolicy pod oczami.<\/strong> Cz\u0119sto towarzyszy jej <strong>uczucie pieczenia i wra\u017cenie \u201epiasku pod powiekami\u201d<\/strong>. Zdarza si\u0119, \u017ce obecne s\u0105 dodatkowe objawy np. katar, kichanie, a nawet duszno\u015bci. Dolegliwo\u015bci mog\u0105 pojawia\u0107 si\u0119 sezonowo lub by\u0107 obecne przez ca\u0142y rok \u2013 w zale\u017cno\u015bci od rodzaju alergii.<\/p>\n\n\n\n<h2 class=\"wp-block-heading\" id=\"Opuchni\u0119te-oczy-\u2013-kiedy-zg\u0142osi\u0107-si\u0119-do-lekarza?\">Opuchni\u0119te oczy \u2013 kiedy zg\u0142osi\u0107 si\u0119 do lekarza?<\/h2>\n\n\n\n<p>Opuchni\u0119te oczy nie zawsze s\u0105 objawem chor\u00f3b i cz\u0119sto nie wymagaj\u0105 pomocy lekarskiej. Jednak <strong>z wizyt\u0105 u lekarza nie nale\u017cy zwleka\u0107, je\u017celi:<\/strong><\/p>\n\n\n\n<ul class=\"wp-block-list\">\n<li>opuchlizna utrzymuje si\u0119 przez kilka dni,<\/li>\n\n\n\n<li>opuchli\u017anie oczu towarzysz\u0105 objawy og\u00f3lnoustrojowe (np. gor\u0105czka),<\/li>\n\n\n\n<li>obecne s\u0105 dodatkowe objawy ze strony narz\u0105du wzroku (np. ropna wydzielina, pieczenie, nadmierne \u0142zawienie, zaburzenia widzenia),<\/li>\n\n\n\n<li>opuchlizna powi\u0119ksza si\u0119.<\/li>\n<\/ul>\n\n\n\n<p>Podczas konsultacji lekarz przeprowadzi wywiad i badanie lekarskie oraz zleci dodatkowe testy, kt\u00f3re pozwol\u0105 ustali\u0107 przyczyn\u0119 opuchni\u0119tych oczu \u2013 np. testy alergiczne, testy laboratoryjne z krwi (m.in. <a href=\"https:\/\/www.alab.pl\/badanie\/tyreotropina-tsh-trzeciej-generacji-l69\">TSH<\/a>, <a href=\"https:\/\/www.alab.pl\/badanie\/wolna-trijodotyronina-ft3-o55\">FT3<\/a>, <a href=\"https:\/\/www.alab.pl\/badanie\/wolna-tyroksyna-ft4-o69\">FT4<\/a>), badanie mikrobiologiczne wydzieliny z oka.<\/p>\n\n\n\n<p>Opuchni\u0119te oczy mog\u0105 by\u0107 wynikiem przem\u0119czenia, spo\u017cycia alkoholu, ale te\u017c alergii czy chor\u00f3b og\u00f3lnoustrojowych. Najcz\u0119\u015bciej objaw ust\u0119puje samoistnie, ale niekiedy mo\u017ce wymaga\u0107 szczeg\u00f3\u0142owej diagnostyki i leczenia. Je\u017celi opuchlizna utrzymuje si\u0119 przez d\u0142u\u017cszy czas, towarzysz\u0105 jej inne dolegliwo\u015bci lub istniej\u0105 w\u0105tpliwo\u015bci co do jej przyczyny, nale\u017cy skonsultowa\u0107 si\u0119 z lekarzem.<\/p>\n\n\n\n<p><strong>Opieka merytoryczna: lek. Kacper Staniszewski<\/strong><\/p>\n\n\n\n<hr class=\"wp-block-separator has-alpha-channel-opacity\"\/>\n\n\n\n<p><strong>Bibliografia<\/strong><\/p>\n\n\n\n<ol start=\"1\" class=\"wp-block-list\">\n<li>M. Mulak, M. Nuckowski, <em>Obrz\u0119k powiek. Diagnostyka r\u00f3\u017cnicowa<\/em>, Okulistyka po Dyplomie 03\/2023<\/li>\n\n\n\n<li>P. Topham, <em>Choroby nerek przebiegaj\u0105ce z bia\u0142komoczem<\/em>, Medycyna po Dyplomie, 5\/2010, s. 63\u201370<\/li>\n\n\n\n<li>https:\/\/www.mp.pl\/interna\/chapter\/B16.II.14.3.4. (dost\u0119p 12.03.2025)<\/li>\n\n\n\n<li>https:\/\/www.mp.pl\/interna\/chapter\/B16.II.9.2.1. (dost\u0119p 12.03.2025)<\/li>\n\n\n\n<li>E. Zi\u00f3\u0142kowska i in., <em>Oftalmopatia w przebiegu choroby Gravesa-Basedowa \u2013 rozpoznanie i leczenie z uwzgl\u0119dnieniem roli radioterapii<\/em>, Wsp\u00f3\u0142czesna Onkologia 2007, vol. 11, s, 463\u2013468<\/li>\n\n\n\n<li>W. Szyfter i in., <em>Zapalenie zatok przynosowych<\/em>, Przewodnik Lekarza 2003, s. 10\u201317<\/li>\n\n\n\n<li>\u00a0totalhttps:\/\/www.mp.pl\/medycynarodzinna\/diagnostyka-kliniczna\/objawy-kliniczne\/141711,diagnostyka-roznicowa-chorob-przebiegajacych-z-zaczerwienieniem-i-obrzekiem-powiek (dost\u0119p 13.03.2025)<\/li>\n\n\n\n<li>A. Groblewska, <em>Alergiczne zapalenie spoj\u00f3wek<\/em>, Alergoprofil 2011, vol. 7, s. 11\u201315<\/li>\n<\/ol>\n","protected":false},"excerpt":{"rendered":"<p>Przyczyny opuchni\u0119tych oczu s\u0105 r\u00f3\u017cnorodne.  Dowiedz si\u0119, kiedy opuchlizna oczu jest wskazaniem do konsultacji lekarskiej.<\/p>\n","protected":false},"author":100,"featured_media":22591,"comment_status":"closed","ping_status":"closed","sticky":false,"template":"","format":"standard","meta":{"_acf_changed":false,"inline_featured_image":false,"footnotes":""},"categories":[4,28],"tags":[],"coauthors":[143],"class_list":{"0":"post-22586","1":"post","2":"type-post","3":"status-publish","4":"format-standard","5":"has-post-thumbnail","7":"category-alergia","8":"category-warto-wiedziec"},"acf":[],"yoast_head":"<!-- This site is optimized with the Yoast SEO plugin v27.5 - https:\/\/yoast.com\/product\/yoast-seo-wordpress\/ -->\n<title>Opuchni\u0119te oczy \u2013 alergia i inne mo\u017cliwe przyczyny\u00a0\u00a0 - Centrum Wiedzy ALAB laboratoria<\/title>\n<meta name=\"description\" content=\"Przyczyny opuchni\u0119tych oczu s\u0105 r\u00f3\u017cnorodne. Dowiedz si\u0119, kiedy opuchlizna oczu jest wskazaniem do konsultacji lekarskiej.\" \/>\n<meta name=\"robots\" content=\"index, follow, max-snippet:-1, max-image-preview:large, max-video-preview:-1\" \/>\n<link rel=\"canonical\" href=\"https:\/\/www.alab.pl\/centrum-wiedzy\/opuchniete-oczy-alergia-i-inne-mozliwe-przyczyny\/\" \/>\n<meta property=\"og:locale\" content=\"pl_PL\" \/>\n<meta property=\"og:type\" content=\"article\" \/>\n<meta property=\"og:title\" content=\"Opuchni\u0119te oczy \u2013 alergia i inne mo\u017cliwe przyczyny\u00a0\u00a0 - Centrum Wiedzy ALAB laboratoria\" \/>\n<meta property=\"og:description\" content=\"Przyczyny opuchni\u0119tych oczu s\u0105 r\u00f3\u017cnorodne. Dowiedz si\u0119, kiedy opuchlizna oczu jest wskazaniem do konsultacji lekarskiej.\" \/>\n<meta property=\"og:url\" content=\"https:\/\/www.alab.pl\/centrum-wiedzy\/opuchniete-oczy-alergia-i-inne-mozliwe-przyczyny\/\" \/>\n<meta property=\"og:site_name\" content=\"Centrum Wiedzy ALAB laboratoria\" \/>\n<meta property=\"article:publisher\" content=\"https:\/\/www.facebook.com\/ALABlaboratoria\" \/>\n<meta property=\"article:published_time\" content=\"2025-03-28T06:38:23+00:00\" \/>\n<meta property=\"article:modified_time\" content=\"2025-03-28T06:38:45+00:00\" \/>\n<meta property=\"og:image\" content=\"https:\/\/www.alab.pl\/centrum-wiedzy\/wp-content\/uploads\/2025\/03\/opuchniete_oczy-.jpg\" \/>\n\t<meta property=\"og:image:width\" content=\"1805\" \/>\n\t<meta property=\"og:image:height\" content=\"1205\" \/>\n\t<meta property=\"og:image:type\" content=\"image\/jpeg\" \/>\n<meta name=\"author\" content=\"Angelika Janowicz\" \/>\n<meta name=\"twitter:card\" content=\"summary_large_image\" \/>\n<meta name=\"twitter:label1\" content=\"Napisane przez\" \/>\n\t<meta name=\"twitter:data1\" content=\"Angelika Janowicz\" \/>\n\t<meta name=\"twitter:label2\" content=\"Szacowany czas czytania\" \/>\n\t<meta name=\"twitter:data2\" content=\"7 minut\" \/>\n\t<meta name=\"twitter:label3\" content=\"Written by\" \/>\n\t<meta name=\"twitter:data3\" content=\"Angelika Janowicz\" \/>\n<!-- \/ Yoast SEO plugin. -->","yoast_head_json":{"title":"Opuchni\u0119te oczy \u2013 alergia i inne mo\u017cliwe przyczyny\u00a0\u00a0 - Centrum Wiedzy ALAB laboratoria","description":"Przyczyny opuchni\u0119tych oczu s\u0105 r\u00f3\u017cnorodne. Dowiedz si\u0119, kiedy opuchlizna oczu jest wskazaniem do konsultacji lekarskiej.","robots":{"index":"index","follow":"follow","max-snippet":"max-snippet:-1","max-image-preview":"max-image-preview:large","max-video-preview":"max-video-preview:-1"},"canonical":"https:\/\/www.alab.pl\/centrum-wiedzy\/opuchniete-oczy-alergia-i-inne-mozliwe-przyczyny\/","og_locale":"pl_PL","og_type":"article","og_title":"Opuchni\u0119te oczy \u2013 alergia i inne mo\u017cliwe przyczyny\u00a0\u00a0 - Centrum Wiedzy ALAB laboratoria","og_description":"Przyczyny opuchni\u0119tych oczu s\u0105 r\u00f3\u017cnorodne. Dowiedz si\u0119, kiedy opuchlizna oczu jest wskazaniem do konsultacji lekarskiej.","og_url":"https:\/\/www.alab.pl\/centrum-wiedzy\/opuchniete-oczy-alergia-i-inne-mozliwe-przyczyny\/","og_site_name":"Centrum Wiedzy ALAB laboratoria","article_publisher":"https:\/\/www.facebook.com\/ALABlaboratoria","article_published_time":"2025-03-28T06:38:23+00:00","article_modified_time":"2025-03-28T06:38:45+00:00","og_image":[{"width":1805,"height":1205,"url":"https:\/\/www.alab.pl\/centrum-wiedzy\/wp-content\/uploads\/2025\/03\/opuchniete_oczy-.jpg","type":"image\/jpeg"}],"author":"Angelika Janowicz","twitter_card":"summary_large_image","twitter_misc":{"Napisane przez":"Angelika Janowicz","Szacowany czas czytania":"7 minut","Written by":"Angelika Janowicz"},"schema":{"@context":"https:\/\/schema.org","@graph":[{"@type":"Article","@id":"https:\/\/www.alab.pl\/centrum-wiedzy\/opuchniete-oczy-alergia-i-inne-mozliwe-przyczyny\/#article","isPartOf":{"@id":"https:\/\/www.alab.pl\/centrum-wiedzy\/opuchniete-oczy-alergia-i-inne-mozliwe-przyczyny\/"},"author":{"name":"Angelika Janowicz","@id":"https:\/\/www.alab.pl\/centrum-wiedzy\/#\/schema\/person\/f714a3843f15f9646db0448b28a900e1"},"headline":"Opuchni\u0119te oczy \u2013 alergia i inne mo\u017cliwe przyczyny\u00a0\u00a0","datePublished":"2025-03-28T06:38:23+00:00","dateModified":"2025-03-28T06:38:45+00:00","mainEntityOfPage":{"@id":"https:\/\/www.alab.pl\/centrum-wiedzy\/opuchniete-oczy-alergia-i-inne-mozliwe-przyczyny\/"},"wordCount":1206,"publisher":{"@id":"https:\/\/www.alab.pl\/centrum-wiedzy\/#organization"},"image":{"@id":"https:\/\/www.alab.pl\/centrum-wiedzy\/opuchniete-oczy-alergia-i-inne-mozliwe-przyczyny\/#primaryimage"},"thumbnailUrl":"https:\/\/www.alab.pl\/centrum-wiedzy\/wp-content\/uploads\/2025\/03\/opuchniete_oczy-.jpg","articleSection":["Alergia","Warto wiedzie\u0107"],"inLanguage":"pl-PL"},{"@type":"WebPage","@id":"https:\/\/www.alab.pl\/centrum-wiedzy\/opuchniete-oczy-alergia-i-inne-mozliwe-przyczyny\/","url":"https:\/\/www.alab.pl\/centrum-wiedzy\/opuchniete-oczy-alergia-i-inne-mozliwe-przyczyny\/","name":"Opuchni\u0119te oczy \u2013 alergia i inne mo\u017cliwe przyczyny\u00a0\u00a0 - Centrum Wiedzy ALAB laboratoria","isPartOf":{"@id":"https:\/\/www.alab.pl\/centrum-wiedzy\/#website"},"primaryImageOfPage":{"@id":"https:\/\/www.alab.pl\/centrum-wiedzy\/opuchniete-oczy-alergia-i-inne-mozliwe-przyczyny\/#primaryimage"},"image":{"@id":"https:\/\/www.alab.pl\/centrum-wiedzy\/opuchniete-oczy-alergia-i-inne-mozliwe-przyczyny\/#primaryimage"},"thumbnailUrl":"https:\/\/www.alab.pl\/centrum-wiedzy\/wp-content\/uploads\/2025\/03\/opuchniete_oczy-.jpg","datePublished":"2025-03-28T06:38:23+00:00","dateModified":"2025-03-28T06:38:45+00:00","description":"Przyczyny opuchni\u0119tych oczu s\u0105 r\u00f3\u017cnorodne. Dowiedz si\u0119, kiedy opuchlizna oczu jest wskazaniem do konsultacji lekarskiej.","breadcrumb":{"@id":"https:\/\/www.alab.pl\/centrum-wiedzy\/opuchniete-oczy-alergia-i-inne-mozliwe-przyczyny\/#breadcrumb"},"inLanguage":"pl-PL","potentialAction":[{"@type":"ReadAction","target":["https:\/\/www.alab.pl\/centrum-wiedzy\/opuchniete-oczy-alergia-i-inne-mozliwe-przyczyny\/"]}]},{"@type":"ImageObject","inLanguage":"pl-PL","@id":"https:\/\/www.alab.pl\/centrum-wiedzy\/opuchniete-oczy-alergia-i-inne-mozliwe-przyczyny\/#primaryimage","url":"https:\/\/www.alab.pl\/centrum-wiedzy\/wp-content\/uploads\/2025\/03\/opuchniete_oczy-.jpg","contentUrl":"https:\/\/www.alab.pl\/centrum-wiedzy\/wp-content\/uploads\/2025\/03\/opuchniete_oczy-.jpg","width":1805,"height":1205,"caption":"opuchni\u0119te oczy"},{"@type":"BreadcrumbList","@id":"https:\/\/www.alab.pl\/centrum-wiedzy\/opuchniete-oczy-alergia-i-inne-mozliwe-przyczyny\/#breadcrumb","itemListElement":[{"@type":"ListItem","position":1,"name":"Strona g\u0142\u00f3wna","item":"https:\/\/www.alab.pl\/centrum-wiedzy\/"},{"@type":"ListItem","position":2,"name":"Opuchni\u0119te oczy \u2013 alergia i inne mo\u017cliwe przyczyny\u00a0\u00a0"}]},{"@type":"WebSite","@id":"https:\/\/www.alab.pl\/centrum-wiedzy\/#website","url":"https:\/\/www.alab.pl\/centrum-wiedzy\/","name":"Centrum Wiedzy ALAB laboratoria","description":"","publisher":{"@id":"https:\/\/www.alab.pl\/centrum-wiedzy\/#organization"},"potentialAction":[{"@type":"SearchAction","target":{"@type":"EntryPoint","urlTemplate":"https:\/\/www.alab.pl\/centrum-wiedzy\/?s={search_term_string}"},"query-input":{"@type":"PropertyValueSpecification","valueRequired":true,"valueName":"search_term_string"}}],"inLanguage":"pl-PL"},{"@type":"Organization","@id":"https:\/\/www.alab.pl\/centrum-wiedzy\/#organization","name":"Centrum Wiedzy ALAB laboratoria","url":"https:\/\/www.alab.pl\/centrum-wiedzy\/","logo":{"@type":"ImageObject","inLanguage":"pl-PL","@id":"https:\/\/www.alab.pl\/centrum-wiedzy\/#\/schema\/logo\/image\/","url":"https:\/\/www.alab.pl\/centrum-wiedzy\/wp-content\/uploads\/2022\/04\/alabek.jpg","contentUrl":"https:\/\/www.alab.pl\/centrum-wiedzy\/wp-content\/uploads\/2022\/04\/alabek.jpg","width":1250,"height":1251,"caption":"Centrum Wiedzy ALAB laboratoria"},"image":{"@id":"https:\/\/www.alab.pl\/centrum-wiedzy\/#\/schema\/logo\/image\/"},"sameAs":["https:\/\/www.facebook.com\/ALABlaboratoria"]},{"@type":"Person","@id":"https:\/\/www.alab.pl\/centrum-wiedzy\/#\/schema\/person\/f714a3843f15f9646db0448b28a900e1","name":"Angelika Janowicz","image":{"@type":"ImageObject","inLanguage":"pl-PL","@id":"https:\/\/www.alab.pl\/centrum-wiedzy\/wp-content\/uploads\/2024\/05\/Janowicz-Angelika-150x150.png9339cd1d56dcba9ded72b55067841306","url":"https:\/\/www.alab.pl\/centrum-wiedzy\/wp-content\/uploads\/2024\/05\/Janowicz-Angelika-150x150.png","contentUrl":"https:\/\/www.alab.pl\/centrum-wiedzy\/wp-content\/uploads\/2024\/05\/Janowicz-Angelika-150x150.png","caption":"Angelika Janowicz"},"description":"Z wykszta\u0142cenia piel\u0119gniarka, absolwentka Uniwersytetu Medycznego im. Piast\u00f3w \u015al\u0105skich we Wroc\u0142awiu. Do\u015bwiadczenie zawodowe zdobywa\u0142a w gabinecie zabiegowym, a tak\u017ce w poradni laryngologicznej, pediatrycznej i kardiologicznej. Interesuje si\u0119 psychodietetyk\u0105 i \u017cywieniem cz\u0142owieka w chorobach metabolicznych \u2013 w szczeg\u00f3lno\u015bci zastosowaniem diet niskow\u0119glowodanowych w insulinooporno\u015bci.","url":"https:\/\/www.alab.pl\/centrum-wiedzy\/author\/angelika-janowicz\/"}]}},"_links":{"self":[{"href":"https:\/\/www.alab.pl\/centrum-wiedzy\/wp-json\/wp\/v2\/posts\/22586","targetHints":{"allow":["GET"]}}],"collection":[{"href":"https:\/\/www.alab.pl\/centrum-wiedzy\/wp-json\/wp\/v2\/posts"}],"about":[{"href":"https:\/\/www.alab.pl\/centrum-wiedzy\/wp-json\/wp\/v2\/types\/post"}],"author":[{"embeddable":true,"href":"https:\/\/www.alab.pl\/centrum-wiedzy\/wp-json\/wp\/v2\/users\/100"}],"replies":[{"embeddable":true,"href":"https:\/\/www.alab.pl\/centrum-wiedzy\/wp-json\/wp\/v2\/comments?post=22586"}],"version-history":[{"count":5,"href":"https:\/\/www.alab.pl\/centrum-wiedzy\/wp-json\/wp\/v2\/posts\/22586\/revisions"}],"predecessor-version":[{"id":22593,"href":"https:\/\/www.alab.pl\/centrum-wiedzy\/wp-json\/wp\/v2\/posts\/22586\/revisions\/22593"}],"wp:featuredmedia":[{"embeddable":true,"href":"https:\/\/www.alab.pl\/centrum-wiedzy\/wp-json\/wp\/v2\/media\/22591"}],"wp:attachment":[{"href":"https:\/\/www.alab.pl\/centrum-wiedzy\/wp-json\/wp\/v2\/media?parent=22586"}],"wp:term":[{"taxonomy":"category","embeddable":true,"href":"https:\/\/www.alab.pl\/centrum-wiedzy\/wp-json\/wp\/v2\/categories?post=22586"},{"taxonomy":"post_tag","embeddable":true,"href":"https:\/\/www.alab.pl\/centrum-wiedzy\/wp-json\/wp\/v2\/tags?post=22586"},{"taxonomy":"author","embeddable":true,"href":"https:\/\/www.alab.pl\/centrum-wiedzy\/wp-json\/wp\/v2\/coauthors?post=22586"}],"curies":[{"name":"wp","href":"https:\/\/api.w.org\/{rel}","templated":true}]}}