{"id":22631,"date":"2025-03-28T14:00:00","date_gmt":"2025-03-28T13:00:00","guid":{"rendered":"https:\/\/www.alab.pl\/centrum-wiedzy\/?p=22631"},"modified":"2025-03-28T13:42:46","modified_gmt":"2025-03-28T12:42:46","slug":"zespoly-mielodysplastyczne-objawy-diagnostyka-i-leczenie","status":"publish","type":"post","link":"https:\/\/www.alab.pl\/centrum-wiedzy\/zespoly-mielodysplastyczne-objawy-diagnostyka-i-leczenie\/","title":{"rendered":"Zespo\u0142y mielodysplastyczne \u2013 objawy, diagnostyka i leczenie"},"content":{"rendered":"\n<p><strong>Zespo\u0142y mielodysplastyczne (MDS) to pewien zbi\u00f3r chor\u00f3b krwi, kt\u00f3re charakteryzuj\u0105 si\u0119 nieprawid\u0142owym funkcjonowaniem szpiku kostnego, co prowadzi do niewystarczaj\u0105cej produkcji zdrowych krwinek.<\/strong><\/p>\n\n\n\n<p><strong>Co prowadzi do zachorowania? Jakie s\u0105 g\u0142\u00f3wne objawy? Jak wygl\u0105da proces diagnostyczny i leczenie? Opr\u00f3cz odpowiedzi na powy\u017csze pytania dowiesz si\u0119 r\u00f3wnie\u017c, jak MDS wp\u0142ywaj\u0105 na d\u0142ugo\u015b\u0107 \u017cycia i jakie s\u0105 rokowania.<\/strong><\/p>\n\n\n\n<p><strong>Przeczytaj i sprawd\u017a, dlaczego wczesne wykrycie choroby jest kluczowe dla skutecznej terapii i poprawy jako\u015bci \u017cycia.<\/strong><\/p>\n\n\n\n<p>Spis tre\u015bci:<\/p>\n\n\n\n<ol class=\"wp-block-list\">\n<li><a href=\"#Czym-s\u0105-zespo\u0142y-mielodysplastyczne?\">Czym s\u0105 zespo\u0142y mielodysplastyczne?<\/a><\/li>\n\n\n\n<li><a href=\"#Zespo\u0142y-mielodysplastyczne-\u2013-jakie-s\u0105-przyczyny-choroby?\">Zespo\u0142y mielodysplastyczne \u2013 jakie s\u0105 przyczyny choroby?<\/a><\/li>\n\n\n\n<li><a href=\"#Zesp\u00f3\u0142-mielodysplastyczny-a-nowotw\u00f3r\">Zesp\u00f3\u0142 mielodysplastyczny a nowotw\u00f3r<\/a><\/li>\n\n\n\n<li><a href=\"#Jakie-s\u0105-objawy-zespo\u0142\u00f3w-mielodysplastycznych?\">Jakie s\u0105 objawy zespo\u0142\u00f3w mielodysplastycznych?<\/a><\/li>\n\n\n\n<li><a href=\"#Zespo\u0142y-mielodysplastyczne-\u2013-diagnostyka\">Zespo\u0142y mielodysplastyczne \u2013 diagnostyka<\/a><\/li>\n\n\n\n<li><a href=\"#Zespo\u0142y-mielodysplastyczne-\u2013-proces-leczenia\">Zespo\u0142y mielodysplastyczne \u2013 proces leczenia<\/a><\/li>\n\n\n\n<li><a href=\"#Jak-zespo\u0142y-mielodysplastyczne-wp\u0142ywaj\u0105-na-d\u0142ugo\u015b\u0107-\u017cycia?\">Jak zespo\u0142y mielodysplastyczne wp\u0142ywaj\u0105 na d\u0142ugo\u015b\u0107 \u017cycia?<\/a><\/li>\n\n\n\n<li><a href=\"#Zespo\u0142y-mielodysplastyczne-\u2013-podsumowanie\">Zespo\u0142y mielodysplastyczne \u2013 podsumowanie<\/a><\/li>\n<\/ol>\n\n\n\n<h2 class=\"wp-block-heading\" id=\"Czym-s\u0105-zespo\u0142y-mielodysplastyczne?\">Czym s\u0105 zespo\u0142y mielodysplastyczne?<\/h2>\n\n\n\n<p>Zespo\u0142y mielodysplastyczne (MDS) to grupa chor\u00f3b hematologicznych, w kt\u00f3rych <strong>szpik kostny nie produkuje wystarczaj\u0105cej ilo\u015bci zdrowych krwinek<\/strong>. W MDS dochodzi do nieprawid\u0142owego dojrzewania kom\u00f3rek krwi, co skutkuje niedoborem:<\/p>\n\n\n\n<ul class=\"wp-block-list\">\n<li><a href=\"https:\/\/www.alab.pl\/centrum-wiedzy\/badanie-rbc-liczby-erytrocytow-po-co-sie-je-wykonuje-interpretacja-wynikow\/\" target=\"_blank\" rel=\"noreferrer noopener\">erytrocyt\u00f3w<\/a> (czerwonych krwinek),<\/li>\n\n\n\n<li>leukocyt\u00f3w (bia\u0142ych krwinek),<\/li>\n\n\n\n<li><a href=\"https:\/\/www.alab.pl\/centrum-wiedzy\/plytki-krwi-trombocyty-czym-sa-co-oznacza-ich-podwyzszony-lub-obnizony-poziom\/\" target=\"_blank\" rel=\"noreferrer noopener\">trombocyt\u00f3w<\/a> (p\u0142ytek krwi).<\/li>\n<\/ul>\n\n\n\n<p>Choroba ta jest cz\u0119sto nazywana \u201estanem przedbia\u0142aczkowym\u201d, poniewa\u017c u cz\u0119\u015bci pacjent\u00f3w mo\u017ce przekszta\u0142ci\u0107 si\u0119 w ostr\u0105 bia\u0142aczk\u0119 szpikow\u0105 (AML).<\/p>\n\n\n\n<p>MDS wyst\u0119puj\u0105 g\u0142\u00f3wnie u os\u00f3b starszych, zwykle po 60. roku \u017cycia, ale mog\u0105 dotyczy\u0107 r\u00f3wnie\u017c m\u0142odszych pacjent\u00f3w. Choroba ma r\u00f3\u017cne podtypy, kt\u00f3re r\u00f3\u017cni\u0105 si\u0119 stopniem zaawansowania i rokowaniem.<\/p>\n\n\n\n<h2 class=\"wp-block-heading\" id=\"Zespo\u0142y-mielodysplastyczne-\u2013-jakie-s\u0105-przyczyny-choroby?\">Zespo\u0142y mielodysplastyczne \u2013 jakie s\u0105 przyczyny choroby?<\/h2>\n\n\n\n<p><strong>Przyczyny zespo\u0142\u00f3w mielodysplastycznych nie s\u0105 w pe\u0142ni poznane<\/strong>, ale wyr\u00f3\u017cnia si\u0119 kilka czynnik\u00f3w ryzyka:<\/p>\n\n\n\n<ul class=\"wp-block-list\">\n<li><strong>wiek<\/strong> \u2013 wyst\u0119puj\u0105 cz\u0119\u015bciej u os\u00f3b starszych, co sugeruje, \u017ce proces starzenia si\u0119 kom\u00f3rek mo\u017ce odgrywa\u0107 rol\u0119 w rozwoju choroby,<\/li>\n\n\n\n<li><strong>nara\u017cenie na chemikalia<\/strong> \u2013 d\u0142ugotrwa\u0142a ekspozycja na benzen, pestycydy lub metale ci\u0119\u017ckie mo\u017ce zwi\u0119ksza\u0107 ryzyko zachorowania,<\/li>\n\n\n\n<li><strong>promieniowanie jonizuj\u0105ce<\/strong> \u2013 osoby nara\u017cone na promieniowanie, np. podczas radioterapii, s\u0105 bardziej podatne na MDS,<\/li>\n\n\n\n<li><strong>chemioterapia<\/strong> \u2013 niekt\u00f3re leki stosowane w leczeniu nowotwor\u00f3w mog\u0105 uszkadza\u0107 szpik kostny i prowadzi\u0107 do rozwoju choroby,<\/li>\n\n\n\n<li><strong>czynniki genetyczne<\/strong> \u2013 mutacje w genach takich jak TP53, TET2 czy ASXL1 s\u0105 cz\u0119sto spotykane u pacjent\u00f3w z MDS.<\/li>\n<\/ul>\n\n\n\n<p>W wi\u0119kszo\u015bci przypadk\u00f3w do zachorowania dochodzi wskutek dzia\u0142ania wielu czynnik\u00f3w, lecz u niekt\u00f3rych pacjent\u00f3w mog\u0105 wyst\u0119powa\u0107 predyspozycje genetyczne.<\/p>\n\n\n\n<h2 class=\"wp-block-heading\" id=\"Zesp\u00f3\u0142-mielodysplastyczny-a-nowotw\u00f3r\">Zesp\u00f3\u0142 mielodysplastyczny a nowotw\u00f3r<\/h2>\n\n\n\n<p>Zespo\u0142y mielodysplastyczne s\u0105 klasyfikowane jako <strong>nowotwory krwi<\/strong>, poniewa\u017c wi\u0105\u017c\u0105 si\u0119 z niekontrolowanym wzrostem nieprawid\u0142owych kom\u00f3rek w szpiku kostnym. Chocia\u017c MDS nie s\u0105 tak agresywne, jak ostre <a href=\"https:\/\/www.alab.pl\/centrum-wiedzy\/bialaczka-leukemia-rak-krwi-objawy-rodzaje-diagnostyka-i-leczenie\/\" target=\"_blank\" rel=\"noreferrer noopener\">bia\u0142aczki<\/a>, mog\u0105 przekszta\u0142ci\u0107 si\u0119 w ostr\u0105 bia\u0142aczk\u0119 szpikow\u0105 (AML) u oko\u0142o 30% chorych.<\/p>\n\n\n\n<p>Ryzyko transformacji w AML zale\u017cy od:<\/p>\n\n\n\n<ul class=\"wp-block-list\">\n<li>podtypu MDS,<\/li>\n\n\n\n<li>stopnia zaawansowania choroby,<\/li>\n\n\n\n<li>obecno\u015bci okre\u015blonych mutacji genetycznych.<\/li>\n<\/ul>\n\n\n\n<p>W przeciwie\u0144stwie do innych nowotwor\u00f3w MDS charakteryzuj\u0105 si\u0119 raczej niewydolno\u015bci\u0105 szpiku kostnego ni\u017c nadmiernym wzrostem kom\u00f3rek. Dlatego bywaj\u0105 niekiedy nazywane \u201enowotworami z niedoboru\u201d.<\/p>\n\n\n\n<p><strong>>> Warto przeczyta\u0107:<a href=\"https:\/\/www.alab.pl\/centrum-wiedzy\/bialaczka-leukemia-rak-krwi-objawy-rodzaje-diagnostyka-i-leczenie\/\" target=\"_blank\" rel=\"noreferrer noopener\"> Bia\u0142aczka (leukemia, rak krwi) \u2013 objawy, rodzaje, diagnostyka i leczenie<\/a><\/strong><\/p>\n\n\n\n<h2 class=\"wp-block-heading\" id=\"Jakie-s\u0105-objawy-zespo\u0142\u00f3w-mielodysplastycznych?\">Jakie s\u0105 objawy zespo\u0142\u00f3w mielodysplastycznych?<\/h2>\n\n\n\n<p>Objawy zespo\u0142\u00f3w mielodysplastycznych s\u0105 <strong>zwi\u0105zane z niedoborem zdrowych kom\u00f3rek tworz\u0105cych <\/strong><a href=\"https:\/\/www.alab.pl\/centrum-wiedzy\/krew-budowa-funkcje-w-organizmie-grupy-krwi-i-ich-dziedziczenie\/\" target=\"_blank\" rel=\"noreferrer noopener\"><strong>krew<\/strong><\/a> i mog\u0105 obejmowa\u0107:<\/p>\n\n\n\n<ul class=\"wp-block-list\">\n<li><a href=\"https:\/\/www.alab.pl\/centrum-wiedzy\/anemia-przyczyny-objawy-i-rodzaje-niedokrwistosci\/\" target=\"_blank\" rel=\"noreferrer noopener\"><strong>niedokrwisto\u015b\u0107<\/strong><\/a> \u2013 spowodowan\u0105 niedoborem erytrocyt\u00f3w, objawia si\u0119 zm\u0119czeniem, os\u0142abieniem, blado\u015bci\u0105 sk\u00f3ry i <a href=\"https:\/\/www.alab.pl\/centrum-wiedzy\/dusznosc-punkt-wspolny-wielu-dramatycznych-chorob\/\" target=\"_blank\" rel=\"noreferrer noopener\">duszno\u015bci\u0105<\/a>,<\/li>\n\n\n\n<li><strong>nawracaj\u0105ce <a href=\"https:\/\/www.alab.pl\/centrum-wiedzy\/infekcja\/\" target=\"_blank\" rel=\"noreferrer noopener\">infekcje<\/a><\/strong> \u2013 wynikaj\u0105ce z niedoboru leukocyt\u00f3w, kt\u00f3re s\u0105 kluczowe dla generowania odpowiedzi immunologicznej,<\/li>\n\n\n\n<li><strong>\u0142atwe krwawienia i siniaki<\/strong> \u2013 spowodowane <a href=\"https:\/\/www.alab.pl\/centrum-wiedzy\/maloplytkowosc-co-to-jest-objawy-rodzaje-przyczyny-jakie-badania-wykonac\/\" target=\"_blank\" rel=\"noreferrer noopener\">ma\u0142op\u0142ytkowo\u015bci\u0105<\/a>, czyli niedoborem p\u0142ytek krwi,<\/li>\n\n\n\n<li><a href=\"https:\/\/www.alab.pl\/centrum-wiedzy\/powiekszona-sledziona-splenomegalia-przyczyny-objawy-diagnostyka-i-leczenie\/\" target=\"_blank\" rel=\"noreferrer noopener\"><strong>powi\u0119kszenie \u015bledziony<\/strong><\/a> \u2013 mo\u017ce prowadzi\u0107 do uczucia pe\u0142no\u015bci w brzuchu lub b\u00f3lu w lewym pod\u017cebrzu,<\/li>\n\n\n\n<li><strong>utrata masy cia\u0142a i <a href=\"https:\/\/www.alab.pl\/centrum-wiedzy\/nocne-poty-pocenie-sie-podczas-snu-najczestsze-przyczyny-diagnostyka\/\" target=\"_blank\" rel=\"noreferrer noopener\">nocne poty<\/a><\/strong> \u2013 objawy og\u00f3lnoustrojowe, kt\u00f3re mog\u0105 wyst\u0119powa\u0107 w zaawansowanych stadiach choroby.<\/li>\n<\/ul>\n\n\n\n<figure class=\"wp-block-table\"><table class=\"has-fixed-layout\"><tbody><tr><td><strong>Warto wiedzie\u0107:<\/strong><br>W niekt\u00f3rych przypadkach MDS mog\u0105 przebiega\u0107 bezobjawowo i zosta\u0107 wykryte przypadkowo podczas rutynowych bada\u0144 krwi. Pami\u0119taj, nie lekcewa\u017c bada\u0144 profilaktycznych!<\/td><\/tr><\/tbody><\/table><\/figure>\n\n\n\n<figure class=\"wp-block-image size-full\"><a href=\"https:\/\/www.alab.pl\/badanie\/genetyczny-panel-diagnostyczny-hematologia-metoda-ngs-badanie-z-konsultacja\" target=\"_blank\" rel=\" noreferrer noopener\"><img loading=\"lazy\" decoding=\"async\" width=\"800\" height=\"200\" src=\"https:\/\/www.alab.pl\/centrum-wiedzy\/wp-content\/uploads\/2025\/03\/Badanie-hematologia-genetyczny-panel-diagnostyczny-met.-NGS-badanie-z-konsultacja.png\" alt=\"Badanie hematologia - genetyczny panel diagnostyczny met. NGS (badanie z konsultacja\u0328) banerek\" class=\"wp-image-22317\" srcset=\"https:\/\/www.alab.pl\/centrum-wiedzy\/wp-content\/uploads\/2025\/03\/Badanie-hematologia-genetyczny-panel-diagnostyczny-met.-NGS-badanie-z-konsultacja.png 800w, https:\/\/www.alab.pl\/centrum-wiedzy\/wp-content\/uploads\/2025\/03\/Badanie-hematologia-genetyczny-panel-diagnostyczny-met.-NGS-badanie-z-konsultacja-768x192.png 768w, https:\/\/www.alab.pl\/centrum-wiedzy\/wp-content\/uploads\/2025\/03\/Badanie-hematologia-genetyczny-panel-diagnostyczny-met.-NGS-badanie-z-konsultacja-150x38.png 150w, https:\/\/www.alab.pl\/centrum-wiedzy\/wp-content\/uploads\/2025\/03\/Badanie-hematologia-genetyczny-panel-diagnostyczny-met.-NGS-badanie-z-konsultacja-300x75.png 300w, https:\/\/www.alab.pl\/centrum-wiedzy\/wp-content\/uploads\/2025\/03\/Badanie-hematologia-genetyczny-panel-diagnostyczny-met.-NGS-badanie-z-konsultacja-696x174.png 696w\" sizes=\"auto, (max-width: 800px) 100vw, 800px\" \/><\/a><\/figure>\n\n\n\n<h2 class=\"wp-block-heading\" id=\"Zespo\u0142y-mielodysplastyczne-\u2013-diagnostyka\">Zespo\u0142y mielodysplastyczne \u2013 diagnostyka<\/h2>\n\n\n\n<p>Diagnostyka zespo\u0142\u00f3w mielodysplastycznych opiera si\u0119 na kilku kluczowych badaniach:<\/p>\n\n\n\n<ul class=\"wp-block-list\">\n<li><a href=\"https:\/\/www.alab.pl\/centrum-wiedzy\/morfologia-krwi-badanie-ktore-moze-uratowac-zycie\/\" target=\"_blank\" rel=\"noreferrer noopener\">morfologia krwi<\/a> obwodowej z rozmazem \u2013 mo\u017ce wykaza\u0107 niedob\u00f3r jednego lub wi\u0119cej typ\u00f3w krwinek,<\/li>\n\n\n\n<li>badanie szpiku kostnego \u2013 biopsja jest niezb\u0119dna do oceny liczby i wygl\u0105du kom\u00f3rek krwi oraz dostarcza materia\u0142u do dalszych bada\u0144 (poni\u017cej),<\/li>\n\n\n\n<li>badania cytogenetyczne \u2013 pozwalaj\u0105 na identyfikacj\u0119 mutacji, kt\u00f3re mog\u0105 wp\u0142ywa\u0107 na rokowanie i spos\u00f3b leczenia,<\/li>\n\n\n\n<li>immunofenotypowanie \u2013 s\u0142u\u017cy do oceny marker\u00f3w powierzchniowych (charakterystycznych bia\u0142ek) kom\u00f3rek krwi,<\/li>\n\n\n\n<li>badania molekularne \u2013 np. sekwencjonowanie DNA, aby wykry\u0107 mutacje w genach takich jak TP53, TET2 czy ASXL1.<\/li>\n<\/ul>\n\n\n\n<figure class=\"wp-block-table\"><table class=\"has-fixed-layout\"><tbody><tr><td><strong>Pami\u0119taj:<\/strong><br>Wczesne rozpoznanie jest kluczowe dla wdro\u017cenia odpowiedniego leczenia i poprawy rokowania.<\/td><\/tr><\/tbody><\/table><\/figure>\n\n\n\n<figure class=\"wp-block-image size-full\"><a href=\"https:\/\/www.alab.pl\/badanie\/morfologia-krwi-c55\" target=\"_blank\" rel=\" noreferrer noopener\"><img loading=\"lazy\" decoding=\"async\" width=\"800\" height=\"200\" src=\"https:\/\/www.alab.pl\/centrum-wiedzy\/wp-content\/uploads\/2025\/02\/Morfologia.jpg\" alt=\"Morfologia banerek\" class=\"wp-image-21108\" srcset=\"https:\/\/www.alab.pl\/centrum-wiedzy\/wp-content\/uploads\/2025\/02\/Morfologia.jpg 800w, https:\/\/www.alab.pl\/centrum-wiedzy\/wp-content\/uploads\/2025\/02\/Morfologia-768x192.jpg 768w, https:\/\/www.alab.pl\/centrum-wiedzy\/wp-content\/uploads\/2025\/02\/Morfologia-150x38.jpg 150w, https:\/\/www.alab.pl\/centrum-wiedzy\/wp-content\/uploads\/2025\/02\/Morfologia-300x75.jpg 300w, https:\/\/www.alab.pl\/centrum-wiedzy\/wp-content\/uploads\/2025\/02\/Morfologia-696x174.jpg 696w\" sizes=\"auto, (max-width: 800px) 100vw, 800px\" \/><\/a><\/figure>\n\n\n\n<h2 class=\"wp-block-heading\" id=\"Zespo\u0142y-mielodysplastyczne-\u2013-proces-leczenia\">Zespo\u0142y mielodysplastyczne \u2013 proces leczenia<\/h2>\n\n\n\n<p>Leczenie zespo\u0142\u00f3w mielodysplastycznych zale\u017cy od podtypu choroby, wieku pacjenta, og\u00f3lnego stanu zdrowia oraz obecno\u015bci mutacji genetycznych. <strong>G\u0142\u00f3wne metody obejmuj\u0105:<\/strong><\/p>\n\n\n\n<ul class=\"wp-block-list\">\n<li>terapia podtrzymuj\u0105ca \u2013 transfuzje krwi w przypadku niedokrwisto\u015bci oraz przetaczanie p\u0142ytek krwi w przypadku ma\u0142op\u0142ytkowo\u015bci,<\/li>\n\n\n\n<li>czynniki wzrostu \u2013 np. erytropoetyna, aby stymulowa\u0107 produkcj\u0119 czerwonych krwinek,<\/li>\n\n\n\n<li>chemioterapia \u2013 leki takie jak azacytydyna lub decytabina s\u0105 stosowane w leczeniu zaawansowanych MDS,<\/li>\n\n\n\n<li>przeszczep szpiku kostnego \u2013 jedyna metoda, kt\u00f3ra mo\u017ce prowadzi\u0107 do wyleczenia, ale jest zarezerwowana dla m\u0142odszych pacjent\u00f3w w dobrym stanie zdrowia,<\/li>\n\n\n\n<li>leczenie objawowe \u2013 np. <a href=\"https:\/\/www.alab.pl\/centrum-wiedzy\/antybiotyki-czy-nadal-sa-skuteczne\/\" target=\"_blank\" rel=\"noreferrer noopener\">antybiotyki<\/a> w przypadku infekcji oraz leki przeciwb\u00f3lowe.<\/li>\n<\/ul>\n\n\n\n<p>Wyb\u00f3r leczenia jest zawsze indywidualny i powinien by\u0107 om\u00f3wiony z hematologiem.<\/p>\n\n\n\n<h2 class=\"wp-block-heading\" id=\"Jak-zespo\u0142y-mielodysplastyczne-wp\u0142ywaj\u0105-na-d\u0142ugo\u015b\u0107-\u017cycia?\">Jak zespo\u0142y mielodysplastyczne wp\u0142ywaj\u0105 na d\u0142ugo\u015b\u0107 \u017cycia?<\/h2>\n\n\n\n<p>Rokowanie w zespo\u0142ach mielodysplastycznych zale\u017cy od wielu czynnik\u00f3w, w tym:<\/p>\n\n\n\n<ul class=\"wp-block-list\">\n<li>podtypu choroby,<\/li>\n\n\n\n<li>wieku pacjenta,<\/li>\n\n\n\n<li>stopnia zaawansowania,<\/li>\n\n\n\n<li>obecno\u015bci mutacji genetycznych.<\/li>\n<\/ul>\n\n\n\n<p>\u015aredni czas prze\u017cycia waha si\u0119 od kilku miesi\u0119cy do kilku lat. Pacjenci z niskim ryzykiem transformacji w AML mog\u0105 \u017cy\u0107 przez wiele lat, podczas gdy pacjenci z wysokim ryzykiem maj\u0105 gorsze rokowanie.<\/p>\n\n\n\n<p>Wska\u017anik prze\u017cycia mo\u017cna poprawi\u0107 dzi\u0119ki wczesnemu rozpoznaniu i odpowiedniemu leczeniu. Przeszczep szpiku kostnego pozostaje jedyn\u0105 metod\u0105, kt\u00f3ra mo\u017ce prowadzi\u0107 do wyleczenia, ale jest obarczony ryzykiem powik\u0142a\u0144, w tym GVHD (choroba przeszczep przeciwko gospodarzowi).<a><\/a><\/p>\n\n\n\n<h2 class=\"wp-block-heading\" id=\"Zespo\u0142y-mielodysplastyczne-\u2013-podsumowanie\">Zespo\u0142y mielodysplastyczne \u2013 podsumowanie<\/h2>\n\n\n\n<p>Zespo\u0142y mielodysplastyczne to powa\u017cne choroby krwi, kt\u00f3re wymagaj\u0105 wczesnego rozpoznania i odpowiedniego leczenia. Objawy, takie jak zm\u0119czenie, nawracaj\u0105ce infekcje czy krwawienia, powinny sk\u0142oni\u0107 do natychmiastowej konsultacji z hematologiem.<\/p>\n\n\n\n<p>Wczesna diagnoza i wdro\u017cenie terapii mog\u0105 znacz\u0105co poprawi\u0107 jako\u015b\u0107 \u017cycia i rokowanie pacjent\u00f3w.<\/p>\n\n\n\n<p>Je\u015bli zauwa\u017casz u siebie lub swoich bliskich niepokoj\u0105ce objawy, nie zwlekaj z wizyt\u0105 u specjalisty. Regularne badania krwi i monitorowanie stanu zdrowia mog\u0105 uratowa\u0107 Ci \u017cycie.<\/p>\n\n\n\n<hr class=\"wp-block-separator has-alpha-channel-opacity\"\/>\n\n\n\n<p><strong>\u0179r\u00f3d\u0142a<\/strong><\/p>\n\n\n\n<ol class=\"wp-block-list\">\n<li>Bejar R, Stevenson K, Abdel-Wahab O, Galili N, Nilsson B, Garcia-Manero G, Kantarjian H, Raza A, Levine RL, Neuberg D, Ebert BL. Clinical effect of point mutations in myelodysplastic syndromes. N Engl J Med. 2011 Jun 30;364(26):2496-506. doi: 10.1056\/NEJMoa1013343. PMID: 21714648; PMCID: PMC3159042. https:\/\/pmc.ncbi.nlm.nih.gov\/articles\/PMC3159042\/ (dost\u0119p 24.03.2025).<\/li>\n\n\n\n<li>Greenberg PL, Tuechler H, Schanz J, Sanz G, Garcia-Manero G, Sol\u00e9 F, Bennett JM, Bowen D, Fenaux P, Dreyfus F, Kantarjian H, Kuendgen A, Levis A, Malcovati L, Cazzola M, Cermak J, Fonatsch C, Le Beau MM, Slovak ML, Krieger O, Luebbert M, Maciejewski J, Magalhaes SM, Miyazaki Y, Pfeilst\u00f6cker M, Sekeres M, Sperr WR, Stauder R, Tauro S, Valent P, Vallespi T, van de Loosdrecht AA, Germing U, Haase D. Revised international prognostic scoring system for myelodysplastic syndromes. Blood. 2012 Sep 20;120(12):2454-65. doi: 10.1182\/blood-2012-03-420489. Epub 2012 Jun 27. PMID: 22740453; PMCID: PMC4425443. https:\/\/pmc.ncbi.nlm.nih.gov\/articles\/PMC4425443\/ (dost\u0119p 24.03.2025).<\/li>\n\n\n\n<li>Haferlach T, Nagata Y, Grossmann V, Okuno Y, Bacher U, Nagae G, Schnittger S, Sanada M, Kon A, Alpermann T, Yoshida K, Roller A, Nadarajah N, Shiraishi Y, Shiozawa Y, Chiba K, Tanaka H, Koeffler HP, Klein HU, Dugas M, Aburatani H, Kohlmann A, Miyano S, Haferlach C, Kern W, Ogawa S. Landscape of genetic lesions in 944 patients with myelodysplastic syndromes. Leukemia. 2014 Feb;28(2):241-7. doi: 10.1038\/leu.2013.336. Epub 2013 Nov 13. PMID: 24220272; PMCID: PMC3918868. https:\/\/pmc.ncbi.nlm.nih.gov\/articles\/PMC3918868\/ (dost\u0119p 24.03.2025).<\/li>\n\n\n\n<li>Fenaux P, Mufti GJ, Hellstrom-Lindberg E, Santini V, Finelli C, Giagounidis A, Schoch R, Gattermann N, Sanz G, List A, Gore SD, Seymour JF, Bennett JM, Byrd J, Backstrom J, Zimmerman L, McKenzie D, Beach C, Silverman LR; International Vidaza High-Risk MDS Survival Study Group. Efficacy of azacitidine compared with that of conventional care regimens in the treatment of higher-risk myelodysplastic syndromes: a randomised, open-label, phase III study. Lancet Oncol. 2009 Mar;10(3):223-32. doi: 10.1016\/S1470-2045(09)70003-8. Epub 2009 Feb 21. PMID: 19230772; PMCID: PMC4086808. https:\/\/pmc.ncbi.nlm.nih.gov\/articles\/PMC4086808\/ (dost\u0119p 24.03.2025).<\/li>\n<\/ol>\n","protected":false},"excerpt":{"rendered":"<p>Zespo\u0142y mielodysplastyczne charakteryzuj\u0105 si\u0119 nieprawid\u0142owym funkcjonowaniem szpiku kostnego. Jak objawia si\u0119 MDS i co prowadzi do zachorowa\u0144?<\/p>\n","protected":false},"author":154,"featured_media":22318,"comment_status":"closed","ping_status":"closed","sticky":false,"template":"","format":"standard","meta":{"_acf_changed":false,"inline_featured_image":false,"footnotes":""},"categories":[10,25],"tags":[],"coauthors":[151],"class_list":{"0":"post-22631","1":"post","2":"type-post","3":"status-publish","4":"format-standard","5":"has-post-thumbnail","7":"category-choroby-nowotworowe","8":"category-odpowiedz-masz-we-krwi"},"acf":[],"yoast_head":"<!-- This site is optimized with the Yoast SEO plugin v27.5 - https:\/\/yoast.com\/product\/yoast-seo-wordpress\/ -->\n<title>Zespo\u0142y mielodysplastyczne \u2013 objawy, diagnostyka i leczenie - Centrum Wiedzy ALAB laboratoria<\/title>\n<meta name=\"description\" content=\"Zespo\u0142y mielodysplastyczne charakteryzuj\u0105 si\u0119 nieprawid\u0142owym funkcjonowaniem szpiku kostnego. Jak objawia si\u0119 MDS i co prowadzi do zachorowa\u0144?\" \/>\n<meta name=\"robots\" content=\"index, follow, max-snippet:-1, max-image-preview:large, max-video-preview:-1\" \/>\n<link rel=\"canonical\" href=\"https:\/\/www.alab.pl\/centrum-wiedzy\/zespoly-mielodysplastyczne-objawy-diagnostyka-i-leczenie\/\" \/>\n<meta property=\"og:locale\" content=\"pl_PL\" \/>\n<meta property=\"og:type\" content=\"article\" \/>\n<meta property=\"og:title\" content=\"Zespo\u0142y mielodysplastyczne \u2013 objawy, diagnostyka i leczenie - Centrum Wiedzy ALAB laboratoria\" \/>\n<meta property=\"og:description\" content=\"Zespo\u0142y mielodysplastyczne charakteryzuj\u0105 si\u0119 nieprawid\u0142owym funkcjonowaniem szpiku kostnego. Jak objawia si\u0119 MDS i co prowadzi do zachorowa\u0144?\" \/>\n<meta property=\"og:url\" content=\"https:\/\/www.alab.pl\/centrum-wiedzy\/zespoly-mielodysplastyczne-objawy-diagnostyka-i-leczenie\/\" \/>\n<meta property=\"og:site_name\" content=\"Centrum Wiedzy ALAB laboratoria\" \/>\n<meta property=\"article:publisher\" content=\"https:\/\/www.facebook.com\/ALABlaboratoria\" \/>\n<meta property=\"article:published_time\" content=\"2025-03-28T13:00:00+00:00\" \/>\n<meta property=\"og:image\" content=\"https:\/\/www.alab.pl\/centrum-wiedzy\/wp-content\/uploads\/2025\/03\/Zespoly_mielodysplastyczne_cover.jpg\" \/>\n\t<meta property=\"og:image:width\" content=\"800\" \/>\n\t<meta property=\"og:image:height\" content=\"534\" \/>\n\t<meta property=\"og:image:type\" content=\"image\/jpeg\" \/>\n<meta name=\"author\" content=\"Damian Matusiak\" \/>\n<meta name=\"twitter:card\" content=\"summary_large_image\" \/>\n<meta name=\"twitter:label1\" content=\"Napisane przez\" \/>\n\t<meta name=\"twitter:data1\" content=\"Damian Matusiak\" \/>\n\t<meta name=\"twitter:label2\" content=\"Szacowany czas czytania\" \/>\n\t<meta name=\"twitter:data2\" content=\"8 minut\" \/>\n\t<meta name=\"twitter:label3\" content=\"Written by\" \/>\n\t<meta name=\"twitter:data3\" content=\"Damian Matusiak\" \/>\n<!-- \/ Yoast SEO plugin. -->","yoast_head_json":{"title":"Zespo\u0142y mielodysplastyczne \u2013 objawy, diagnostyka i leczenie - Centrum Wiedzy ALAB laboratoria","description":"Zespo\u0142y mielodysplastyczne charakteryzuj\u0105 si\u0119 nieprawid\u0142owym funkcjonowaniem szpiku kostnego. Jak objawia si\u0119 MDS i co prowadzi do zachorowa\u0144?","robots":{"index":"index","follow":"follow","max-snippet":"max-snippet:-1","max-image-preview":"max-image-preview:large","max-video-preview":"max-video-preview:-1"},"canonical":"https:\/\/www.alab.pl\/centrum-wiedzy\/zespoly-mielodysplastyczne-objawy-diagnostyka-i-leczenie\/","og_locale":"pl_PL","og_type":"article","og_title":"Zespo\u0142y mielodysplastyczne \u2013 objawy, diagnostyka i leczenie - Centrum Wiedzy ALAB laboratoria","og_description":"Zespo\u0142y mielodysplastyczne charakteryzuj\u0105 si\u0119 nieprawid\u0142owym funkcjonowaniem szpiku kostnego. Jak objawia si\u0119 MDS i co prowadzi do zachorowa\u0144?","og_url":"https:\/\/www.alab.pl\/centrum-wiedzy\/zespoly-mielodysplastyczne-objawy-diagnostyka-i-leczenie\/","og_site_name":"Centrum Wiedzy ALAB laboratoria","article_publisher":"https:\/\/www.facebook.com\/ALABlaboratoria","article_published_time":"2025-03-28T13:00:00+00:00","og_image":[{"width":800,"height":534,"url":"https:\/\/www.alab.pl\/centrum-wiedzy\/wp-content\/uploads\/2025\/03\/Zespoly_mielodysplastyczne_cover.jpg","type":"image\/jpeg"}],"author":"Damian Matusiak","twitter_card":"summary_large_image","twitter_misc":{"Napisane przez":"Damian Matusiak","Szacowany czas czytania":"8 minut","Written by":"Damian Matusiak"},"schema":{"@context":"https:\/\/schema.org","@graph":[{"@type":"Article","@id":"https:\/\/www.alab.pl\/centrum-wiedzy\/zespoly-mielodysplastyczne-objawy-diagnostyka-i-leczenie\/#article","isPartOf":{"@id":"https:\/\/www.alab.pl\/centrum-wiedzy\/zespoly-mielodysplastyczne-objawy-diagnostyka-i-leczenie\/"},"author":{"name":"Damian Matusiak","@id":"https:\/\/www.alab.pl\/centrum-wiedzy\/#\/schema\/person\/5709fe1c1c909754033072d7f8155a44"},"headline":"Zespo\u0142y mielodysplastyczne \u2013 objawy, diagnostyka i leczenie","datePublished":"2025-03-28T13:00:00+00:00","mainEntityOfPage":{"@id":"https:\/\/www.alab.pl\/centrum-wiedzy\/zespoly-mielodysplastyczne-objawy-diagnostyka-i-leczenie\/"},"wordCount":1404,"publisher":{"@id":"https:\/\/www.alab.pl\/centrum-wiedzy\/#organization"},"image":{"@id":"https:\/\/www.alab.pl\/centrum-wiedzy\/zespoly-mielodysplastyczne-objawy-diagnostyka-i-leczenie\/#primaryimage"},"thumbnailUrl":"https:\/\/www.alab.pl\/centrum-wiedzy\/wp-content\/uploads\/2025\/03\/Zespoly_mielodysplastyczne_cover.jpg","articleSection":["Choroby nowotworowe","Odpowied\u017a masz we krwi"],"inLanguage":"pl-PL"},{"@type":"WebPage","@id":"https:\/\/www.alab.pl\/centrum-wiedzy\/zespoly-mielodysplastyczne-objawy-diagnostyka-i-leczenie\/","url":"https:\/\/www.alab.pl\/centrum-wiedzy\/zespoly-mielodysplastyczne-objawy-diagnostyka-i-leczenie\/","name":"Zespo\u0142y mielodysplastyczne \u2013 objawy, diagnostyka i leczenie - Centrum Wiedzy ALAB laboratoria","isPartOf":{"@id":"https:\/\/www.alab.pl\/centrum-wiedzy\/#website"},"primaryImageOfPage":{"@id":"https:\/\/www.alab.pl\/centrum-wiedzy\/zespoly-mielodysplastyczne-objawy-diagnostyka-i-leczenie\/#primaryimage"},"image":{"@id":"https:\/\/www.alab.pl\/centrum-wiedzy\/zespoly-mielodysplastyczne-objawy-diagnostyka-i-leczenie\/#primaryimage"},"thumbnailUrl":"https:\/\/www.alab.pl\/centrum-wiedzy\/wp-content\/uploads\/2025\/03\/Zespoly_mielodysplastyczne_cover.jpg","datePublished":"2025-03-28T13:00:00+00:00","description":"Zespo\u0142y mielodysplastyczne charakteryzuj\u0105 si\u0119 nieprawid\u0142owym funkcjonowaniem szpiku kostnego. Jak objawia si\u0119 MDS i co prowadzi do zachorowa\u0144?","breadcrumb":{"@id":"https:\/\/www.alab.pl\/centrum-wiedzy\/zespoly-mielodysplastyczne-objawy-diagnostyka-i-leczenie\/#breadcrumb"},"inLanguage":"pl-PL","potentialAction":[{"@type":"ReadAction","target":["https:\/\/www.alab.pl\/centrum-wiedzy\/zespoly-mielodysplastyczne-objawy-diagnostyka-i-leczenie\/"]}]},{"@type":"ImageObject","inLanguage":"pl-PL","@id":"https:\/\/www.alab.pl\/centrum-wiedzy\/zespoly-mielodysplastyczne-objawy-diagnostyka-i-leczenie\/#primaryimage","url":"https:\/\/www.alab.pl\/centrum-wiedzy\/wp-content\/uploads\/2025\/03\/Zespoly_mielodysplastyczne_cover.jpg","contentUrl":"https:\/\/www.alab.pl\/centrum-wiedzy\/wp-content\/uploads\/2025\/03\/Zespoly_mielodysplastyczne_cover.jpg","width":800,"height":534,"caption":"Zespoly_mielodysplastyczne_cover"},{"@type":"BreadcrumbList","@id":"https:\/\/www.alab.pl\/centrum-wiedzy\/zespoly-mielodysplastyczne-objawy-diagnostyka-i-leczenie\/#breadcrumb","itemListElement":[{"@type":"ListItem","position":1,"name":"Strona g\u0142\u00f3wna","item":"https:\/\/www.alab.pl\/centrum-wiedzy\/"},{"@type":"ListItem","position":2,"name":"Zespo\u0142y mielodysplastyczne \u2013 objawy, diagnostyka i leczenie"}]},{"@type":"WebSite","@id":"https:\/\/www.alab.pl\/centrum-wiedzy\/#website","url":"https:\/\/www.alab.pl\/centrum-wiedzy\/","name":"Centrum Wiedzy ALAB laboratoria","description":"","publisher":{"@id":"https:\/\/www.alab.pl\/centrum-wiedzy\/#organization"},"potentialAction":[{"@type":"SearchAction","target":{"@type":"EntryPoint","urlTemplate":"https:\/\/www.alab.pl\/centrum-wiedzy\/?s={search_term_string}"},"query-input":{"@type":"PropertyValueSpecification","valueRequired":true,"valueName":"search_term_string"}}],"inLanguage":"pl-PL"},{"@type":"Organization","@id":"https:\/\/www.alab.pl\/centrum-wiedzy\/#organization","name":"Centrum Wiedzy ALAB laboratoria","url":"https:\/\/www.alab.pl\/centrum-wiedzy\/","logo":{"@type":"ImageObject","inLanguage":"pl-PL","@id":"https:\/\/www.alab.pl\/centrum-wiedzy\/#\/schema\/logo\/image\/","url":"https:\/\/www.alab.pl\/centrum-wiedzy\/wp-content\/uploads\/2022\/04\/alabek.jpg","contentUrl":"https:\/\/www.alab.pl\/centrum-wiedzy\/wp-content\/uploads\/2022\/04\/alabek.jpg","width":1250,"height":1251,"caption":"Centrum Wiedzy ALAB laboratoria"},"image":{"@id":"https:\/\/www.alab.pl\/centrum-wiedzy\/#\/schema\/logo\/image\/"},"sameAs":["https:\/\/www.facebook.com\/ALABlaboratoria"]},{"@type":"Person","@id":"https:\/\/www.alab.pl\/centrum-wiedzy\/#\/schema\/person\/5709fe1c1c909754033072d7f8155a44","name":"Damian Matusiak","image":{"@type":"ImageObject","inLanguage":"pl-PL","@id":"https:\/\/www.alab.pl\/centrum-wiedzy\/wp-content\/uploads\/2023\/10\/Damian-Matusiak-jpg-150x150.webp4a39f9a6ab8bdce93cc7d4859c6e6401","url":"https:\/\/www.alab.pl\/centrum-wiedzy\/wp-content\/uploads\/2023\/10\/Damian-Matusiak-jpg-150x150.webp","contentUrl":"https:\/\/www.alab.pl\/centrum-wiedzy\/wp-content\/uploads\/2023\/10\/Damian-Matusiak-jpg-150x150.webp","caption":"Damian Matusiak"},"description":"Specjalista pediatrii, kieruj\u0105cy Oddzia\u0142em Pediatrycznym w Lesznie, absolwent Uniwersytetu Medycznego im. Karola Marcinkowskiego w Poznaniu; pasjonat ultrasonografii i nowinek ze \u015bwiata nauki.","url":"https:\/\/www.alab.pl\/centrum-wiedzy\/author\/damian-matusiak\/"}]}},"_links":{"self":[{"href":"https:\/\/www.alab.pl\/centrum-wiedzy\/wp-json\/wp\/v2\/posts\/22631","targetHints":{"allow":["GET"]}}],"collection":[{"href":"https:\/\/www.alab.pl\/centrum-wiedzy\/wp-json\/wp\/v2\/posts"}],"about":[{"href":"https:\/\/www.alab.pl\/centrum-wiedzy\/wp-json\/wp\/v2\/types\/post"}],"author":[{"embeddable":true,"href":"https:\/\/www.alab.pl\/centrum-wiedzy\/wp-json\/wp\/v2\/users\/154"}],"replies":[{"embeddable":true,"href":"https:\/\/www.alab.pl\/centrum-wiedzy\/wp-json\/wp\/v2\/comments?post=22631"}],"version-history":[{"count":2,"href":"https:\/\/www.alab.pl\/centrum-wiedzy\/wp-json\/wp\/v2\/posts\/22631\/revisions"}],"predecessor-version":[{"id":22639,"href":"https:\/\/www.alab.pl\/centrum-wiedzy\/wp-json\/wp\/v2\/posts\/22631\/revisions\/22639"}],"wp:featuredmedia":[{"embeddable":true,"href":"https:\/\/www.alab.pl\/centrum-wiedzy\/wp-json\/wp\/v2\/media\/22318"}],"wp:attachment":[{"href":"https:\/\/www.alab.pl\/centrum-wiedzy\/wp-json\/wp\/v2\/media?parent=22631"}],"wp:term":[{"taxonomy":"category","embeddable":true,"href":"https:\/\/www.alab.pl\/centrum-wiedzy\/wp-json\/wp\/v2\/categories?post=22631"},{"taxonomy":"post_tag","embeddable":true,"href":"https:\/\/www.alab.pl\/centrum-wiedzy\/wp-json\/wp\/v2\/tags?post=22631"},{"taxonomy":"author","embeddable":true,"href":"https:\/\/www.alab.pl\/centrum-wiedzy\/wp-json\/wp\/v2\/coauthors?post=22631"}],"curies":[{"name":"wp","href":"https:\/\/api.w.org\/{rel}","templated":true}]}}