{"id":22640,"date":"2025-03-28T14:30:00","date_gmt":"2025-03-28T13:30:00","guid":{"rendered":"https:\/\/www.alab.pl\/centrum-wiedzy\/?p=22640"},"modified":"2025-03-28T14:09:29","modified_gmt":"2025-03-28T13:09:29","slug":"agranulocytoza-co-to-za-choroba-objawy-przyczyny-diagnostyka-i-leczenie","status":"publish","type":"post","link":"https:\/\/www.alab.pl\/centrum-wiedzy\/agranulocytoza-co-to-za-choroba-objawy-przyczyny-diagnostyka-i-leczenie\/","title":{"rendered":"Agranulocytoza \u2013 co to za choroba? Objawy, przyczyny, diagnostyka i leczenie"},"content":{"rendered":"\n<p><strong>Agranulocytoza to powa\u017cne schorzenie hematologiczne, charakteryzuj\u0105ce si\u0119 znacznym spadkiem liczby granulocyt\u00f3w (rodzaj bia\u0142ych krwinek), co prowadzi do zwi\u0119kszonej podatno\u015bci na r\u00f3\u017cnego rodzaju zaka\u017cenia. Je\u015bli chcesz wiedzie\u0107, jakie s\u0105 jej przyczyny, objawy oraz jak wygl\u0105da proces diagnostyczny i leczenie, to ten tekst jest w\u0142a\u015bnie dla Ciebie.<\/strong><\/p>\n\n\n\n<p>Spis tre\u015bci:<\/p>\n\n\n\n<ol class=\"wp-block-list\">\n<li><a href=\"#Czym-jest-agranulocytoza?\">Czym jest agranulocytoza?<\/a><\/li>\n\n\n\n<li><a href=\"#Jakie-s\u0105-przyczyny-agranulocytozy?\">Jakie s\u0105 przyczyny agranulocytozy?<\/a><\/li>\n\n\n\n<li><a href=\"#Objawy-agranulocytozy\">Objawy agranulocytozy<\/a><\/li>\n\n\n\n<li><a href=\"#Profilaktyka-przy-agranulocytozie\">Profilaktyka przy agranulocytozie<\/a><\/li>\n\n\n\n<li><a href=\"#Leczenie-agranulocytozy\">Leczenie agranulocytozy<\/a><\/li>\n\n\n\n<li><a href=\"#Podsumowanie\">Podsumowanie<\/a><\/li>\n<\/ol>\n\n\n\n<h2 class=\"wp-block-heading\" id=\"Czym-jest-agranulocytoza?\">Czym jest agranulocytoza?<\/h2>\n\n\n\n<p>Agranulocytoza to stan, w kt\u00f3rym dochodzi do <strong>znacznego zmniejszenia liczby <\/strong><a href=\"https:\/\/www.alab.pl\/centrum-wiedzy\/granulocyty-i-ich-rodzaje-jaka-pelnia-funkcje\/\" target=\"_blank\" rel=\"noreferrer noopener\"><strong>granulocyt\u00f3w<\/strong><\/a>, czyli jednego z rodzaj\u00f3w bia\u0142ych krwinek odpowiedzialnych za zwalczanie <a href=\"https:\/\/www.alab.pl\/centrum-wiedzy\/infekcja\/\" target=\"_blank\" rel=\"noreferrer noopener\">infekcji<\/a>, zw\u0142aszcza bakteryjnych i grzybiczych.<\/p>\n\n\n\n<p>Te wa\u017cne kom\u00f3rki s\u0105 jedn\u0105 z pierwszych linii obrony, kt\u00f3rych zadaniem jest \u201epo\u017ceranie\u201d patogen\u00f3w, kt\u00f3re atakuj\u0105 organizm. Daje to czas limfocytom na wyprodukowanie przeciwcia\u0142.<\/p>\n\n\n\n<p>St\u0105d nie dziwi fakt, \u017ce granulocyty s\u0105 kluczowym elementem uk\u0142adu odporno\u015bciowego, a ich niedob\u00f3r mo\u017ce prowadzi\u0107 do powa\u017cnych, a nawet zagra\u017caj\u0105cych \u017cyciu infekcji.<\/p>\n\n\n\n<p>Agranulocytoza jest definiowana jako <strong>spadek liczby granulocyt\u00f3w poni\u017cej 500\/\u03bcL <\/strong><a href=\"https:\/\/www.alab.pl\/centrum-wiedzy\/krew-budowa-funkcje-w-organizmie-grupy-krwi-i-ich-dziedziczenie\/\" target=\"_blank\" rel=\"noreferrer noopener\"><strong>krwi<\/strong><\/a>. Choroba mo\u017ce wyst\u0105pi\u0107:<\/p>\n\n\n\n<ul class=\"wp-block-list\">\n<li>nagle (ostra agranulocytoza),<\/li>\n\n\n\n<li>rozwija\u0107 si\u0119 stopniowo (przewlek\u0142a agranulocytoza).<\/li>\n<\/ul>\n\n\n\n<p>Bez odpowiedniego leczenia agranulocytoza mo\u017ce prowadzi\u0107 do <a href=\"https:\/\/www.alab.pl\/centrum-wiedzy\/sepsa-dlaczego-budzi-niepokoj\/\" target=\"_blank\" rel=\"noreferrer noopener\">sepsy<\/a>, niewydolno\u015bci narz\u0105d\u00f3w, a nawet zgonu.<\/p>\n\n\n\n<p><strong>>> Mo\u017ce Ci\u0119 zainteresowa\u0107: <a href=\"https:\/\/www.alab.pl\/centrum-wiedzy\/jak-wzmocnic-uklad-immunologiczny\/\" target=\"_blank\" rel=\"noreferrer noopener\">Jak wzmocni\u0107 uk\u0142ad immunologiczny u doros\u0142ych i dzieci?<\/a><\/strong><\/p>\n\n\n\n<h2 class=\"wp-block-heading\" id=\"Jakie-s\u0105-przyczyny-agranulocytozy?\">Jakie s\u0105 przyczyny agranulocytozy?<\/h2>\n\n\n\n<p>Agranulocytoza mo\u017ce by\u0107 spowodowana <strong>r\u00f3\u017cnymi czynnikami<\/strong>, w tym:<\/p>\n\n\n\n<ul class=\"wp-block-list\">\n<li>Leki \u2013 najcz\u0119stsza przyczyna agranulocytozy. Niekt\u00f3re, takie jak przeciwpsychotyczne (np. klozapina), przeciwtarczycowe (np. tiamazol), chemioterapeutyki oraz <a href=\"https:\/\/www.alab.pl\/centrum-wiedzy\/antybiotyki-czy-nadal-sa-skuteczne\/\" target=\"_blank\" rel=\"noreferrer noopener\">antybiotyki<\/a> (np. penicylina), mog\u0105 hamowa\u0107 produkcj\u0119 granulocyt\u00f3w w szpiku kostnym lub prowadzi\u0107 do ich niszczenia.<\/li>\n\n\n\n<li>Infekcje \u2013 niekt\u00f3re infekcje wirusowe (np. <a href=\"https:\/\/www.alab.pl\/centrum-wiedzy\/wirus-hiv\/\" target=\"_blank\" rel=\"noreferrer noopener\">HIV<\/a>, wirus Epsteina-Barr, <a href=\"https:\/\/www.alab.pl\/centrum-wiedzy\/grypa-ostra-choroba-zakazna-ukladu-oddechowego\/\" target=\"_blank\" rel=\"noreferrer noopener\">grypa<\/a>, SARS-CoV-2) lub bakteryjne mog\u0105 powodowa\u0107 przej\u015bciowy spadek liczby granulocyt\u00f3w.<\/li>\n\n\n\n<li><a href=\"https:\/\/www.alab.pl\/centrum-wiedzy\/choroby-autoimmunologiczne-czym-sa-objawy-diagnostyka-i-leczenie\/\" target=\"_blank\" rel=\"noreferrer noopener\">Choroby autoimmunologiczne<\/a>, np. <a href=\"https:\/\/www.alab.pl\/centrum-wiedzy\/toczen-ukladowy-sle\/\" target=\"_blank\" rel=\"noreferrer noopener\">tocze\u0144 rumieniowaty uk\u0142adowy<\/a>, w kt\u00f3rych uk\u0142ad odporno\u015bciowy atakuje w\u0142asne kom\u00f3rki, w tym granulocyty.<\/li>\n\n\n\n<li>Niedobory witamin i minera\u0142\u00f3w, np. niedob\u00f3r <a href=\"https:\/\/www.alab.pl\/centrum-wiedzy\/witamina-b12-superwitamina-webinar\/\" target=\"_blank\" rel=\"noreferrer noopener\">witaminy B12<\/a> lub <a href=\"https:\/\/www.alab.pl\/centrum-wiedzy\/kwas-foliowy-witamina-b9\/\" target=\"_blank\" rel=\"noreferrer noopener\">kwasu foliowego<\/a> mo\u017ce zaburza\u0107 produkcj\u0119 krwinek w szpiku kostnym.<\/li>\n\n\n\n<li>Choroby szpiku kostnego, np. <a href=\"https:\/\/www.alab.pl\/centrum-wiedzy\/bialaczka-leukemia-rak-krwi-objawy-rodzaje-diagnostyka-i-leczenie\/\" target=\"_blank\" rel=\"noreferrer noopener\">bia\u0142aczka<\/a>, zespo\u0142y mielodysplastyczne lub aplazja szpiku, kt\u00f3re mog\u0105 prowadzi\u0107 do niewydolno\u015bci tego narz\u0105du.<\/li>\n<\/ul>\n\n\n\n<p>W niekt\u00f3rych przypadkach przyczyna agranulocytozy pozostaje nieznana (idiopatyczna agranulocytoza).<\/p>\n\n\n\n<h2 class=\"wp-block-heading\" id=\"Objawy-agranulocytozy\">Objawy agranulocytozy<\/h2>\n\n\n\n<p>Objawy agranulocytozy s\u0105 <strong>zwi\u0105zane ze<\/strong> <strong>znacznie zwi\u0119kszon\u0105 podatno\u015bci\u0105 na infekcje<\/strong>. Do najcz\u0119stszych nale\u017c\u0105:<\/p>\n\n\n\n<ul class=\"wp-block-list\">\n<li><strong>nawracaj\u0105ce infekcje<\/strong> \u2013 zw\u0142aszcza bakteryjne i grzybicze, takie jak zapalenie p\u0142uc, zaka\u017cenia sk\u00f3ry, infekcje dr\u00f3g moczowych czy posocznica,<\/li>\n\n\n\n<li><strong>gor\u0105czka<\/strong> \u2013 cz\u0119sto pierwszy objaw infekcji, kt\u00f3ry mo\u017ce by\u0107 jedynym sygna\u0142em agranulocytozy,<\/li>\n\n\n\n<li><strong>owrzodzenia w jamie ustnej<\/strong> \u2013 bolesne zmiany w jamie ustnej, gardle lub prze\u0142yku,<\/li>\n\n\n\n<li><strong>os\u0142abienie i zm\u0119czenie<\/strong> \u2013 wynikaj\u0105ce z infekcji i og\u00f3lnego stanu zapalnego organizmu,<\/li>\n\n\n\n<li><a href=\"https:\/\/www.alab.pl\/centrum-wiedzy\/powiekszone-wezly-chlonne-limfadenopatia-przyczyny-diagnostyka\/\" target=\"_blank\" rel=\"noreferrer noopener\"><strong>powi\u0119kszenie w\u0119z\u0142\u00f3w ch\u0142onnych<\/strong><\/a> \u2013 jako reakcja na infekcj\u0119,<\/li>\n\n\n\n<li><strong>objawy og\u00f3lnoustrojowe<\/strong> \u2013 np. dreszcze, <a href=\"https:\/\/www.alab.pl\/centrum-wiedzy\/nocne-poty-pocenie-sie-podczas-snu-najczestsze-przyczyny-diagnostyka\/\" target=\"_blank\" rel=\"noreferrer noopener\">nocne poty<\/a>, utrata masy cia\u0142a.<\/li>\n<\/ul>\n\n\n\n<figure class=\"wp-block-table\"><table class=\"has-fixed-layout\"><tbody><tr><td><strong>Pami\u0119taj:<\/strong><br>W ci\u0119\u017ckich przypadkach agranulocytoza mo\u017ce prowadzi\u0107 do wstrz\u0105su septycznego, kt\u00f3ry stanowi bezpo\u015brednie zagro\u017cenie \u017cycia! Nie lekcewa\u017c powy\u017cszych objaw\u00f3w. Nie s\u0105 one swoiste dla agranulocytozy, jednak cz\u0119sto wyst\u0119puj\u0105 tak\u017ce w przypadku innych schorze\u0144 hematologicznych. St\u0105d pami\u0119taj, oznaczenie morfologii z rozmazem \u2013 proste, tanie i \u0142atwo dost\u0119pne, mo\u017ce uratowa\u0107 Ci \u017cycie.<\/td><\/tr><\/tbody><\/table><\/figure>\n\n\n\n<h2 class=\"wp-block-heading\" id=\"Profilaktyka-przy-agranulocytozie\">Profilaktyka przy agranulocytozie<\/h2>\n\n\n\n<p>Profilaktyka agranulocytozy polega <strong>g\u0142\u00f3wnie na unikaniu czynnik\u00f3w ryzyka i regularnym monitorowaniu stanu zdrowia<\/strong>. Oto kilka kluczowych zalece\u0144:<\/p>\n\n\n\n<ul class=\"wp-block-list\">\n<li>ostro\u017cne stosowanie lek\u00f3w \u2013 pacjenci przyjmuj\u0105cy leki, kt\u00f3re mog\u0105 powodowa\u0107 agranulocytoz\u0119, powinni regularnie wykonywa\u0107 <a href=\"https:\/\/www.alab.pl\/centrum-wiedzy\/morfologia-krwi-badanie-ktore-moze-uratowac-zycie\/\" target=\"_blank\" rel=\"noreferrer noopener\">morfologi\u0119 krwi<\/a>,<\/li>\n\n\n\n<li>unikanie infekcji \u2013 osoby z obni\u017con\u0105 liczb\u0105 granulocyt\u00f3w powinny unika\u0107 kontaktu z osobami chorymi, dba\u0107 o higien\u0119 i uzupe\u0142ni\u0107 kalendarz szczepie\u0144 na tyle, na ile to mo\u017cliwe,<\/li>\n\n\n\n<li>zdrowa dieta \u2013 bogata w witaminy i minera\u0142y, kt\u00f3ra zapobiega niedoborom wa\u017cnych mikroelement\u00f3w,<\/li>\n\n\n\n<li>regularne badania krwi \u2013 szczeg\u00f3lnie u pacjent\u00f3w z chorobami autoimmunologicznymi lub innymi schorzeniami, kt\u00f3re mog\u0105 zwi\u0119ksza\u0107 ryzyko agranulocytozy.<\/li>\n<\/ul>\n\n\n\n<figure class=\"wp-block-image size-full\"><a href=\"https:\/\/www.alab.pl\/badanie\/morfologia-krwi-c55\" target=\"_blank\" rel=\" noreferrer noopener\"><img loading=\"lazy\" decoding=\"async\" width=\"800\" height=\"200\" src=\"https:\/\/www.alab.pl\/centrum-wiedzy\/wp-content\/uploads\/2025\/02\/Morfologia.jpg\" alt=\"Morfologia banerek\" class=\"wp-image-21108\" srcset=\"https:\/\/www.alab.pl\/centrum-wiedzy\/wp-content\/uploads\/2025\/02\/Morfologia.jpg 800w, https:\/\/www.alab.pl\/centrum-wiedzy\/wp-content\/uploads\/2025\/02\/Morfologia-768x192.jpg 768w, https:\/\/www.alab.pl\/centrum-wiedzy\/wp-content\/uploads\/2025\/02\/Morfologia-150x38.jpg 150w, https:\/\/www.alab.pl\/centrum-wiedzy\/wp-content\/uploads\/2025\/02\/Morfologia-300x75.jpg 300w, https:\/\/www.alab.pl\/centrum-wiedzy\/wp-content\/uploads\/2025\/02\/Morfologia-696x174.jpg 696w\" sizes=\"auto, (max-width: 800px) 100vw, 800px\" \/><\/a><\/figure>\n\n\n\n<h2 class=\"wp-block-heading\" id=\"Leczenie-agranulocytozy\">Leczenie agranulocytozy<\/h2>\n\n\n\n<p>Leczenie agranulocytozy zale\u017cy od jej przyczyny i nasilenia objaw\u00f3w. G\u0142\u00f3wne metody obejmuj\u0105:<\/p>\n\n\n\n<ul class=\"wp-block-list\">\n<li>odstawienie lek\u00f3w indukuj\u0105cych chorob\u0119 \u2013 je\u015bli agranulocytoza jest spowodowana lekami, pierwszym krokiem jest ich natychmiastowe odstawienie,<\/li>\n\n\n\n<li>antybiotyki i leki przeciwgrzybicze \u2013 stosowane w celu zwalczania infekcji, kt\u00f3re cz\u0119sto towarzysz\u0105 agranulocytozie,<\/li>\n\n\n\n<li>czynniki wzrostu granulocyt\u00f3w \u2013 np. filgrastym, kt\u00f3ry stymuluje szpik kostny do produkcji granulocyt\u00f3w,<\/li>\n\n\n\n<li>transfuzje granulocyt\u00f3w \u2013 w ci\u0119\u017ckich przypadkach, gdy liczba granulocyt\u00f3w jest bardzo niska,<\/li>\n\n\n\n<li>leczenie choroby podstawowej \u2013 np. terapia immunosupresyjna w przypadku chor\u00f3b autoimmunologicznych.<\/li>\n<\/ul>\n\n\n\n<p>W przypadku ci\u0119\u017ckich infekcji mo\u017ce by\u0107 konieczna hospitalizacja, w tym leczenie w ramach oddzia\u0142u intensywnej opieki medycznej.<\/p>\n\n\n\n<h2 class=\"wp-block-heading\" id=\"Podsumowanie\">Podsumowanie<\/h2>\n\n\n\n<p>Agranulocytoza to powa\u017cne schorzenie, kt\u00f3re mo\u017ce prowadzi\u0107 do gro\u017anych, zagra\u017caj\u0105cych \u017cyciu zaka\u017ce\u0144. Wczesne rozpoznanie i leczenie s\u0105 kluczowe dla poprawy rokowania i zapobiegania powik\u0142aniom.<\/p>\n\n\n\n<p>Objawy, takie jak gor\u0105czka, nawracaj\u0105ce infekcje czy owrzodzenia w jamie ustnej, powinny sk\u0142oni\u0107 do natychmiastowej konsultacji z lekarzem. Je\u015bli podejrzewasz agranulocytoz\u0119 u siebie lub bliskiej Ci osoby to nie zwlekaj z wykonaniem podstawowych bada\u0144 \u2013 wczesne rozpoznanie i odpowiednie leczenie mog\u0105 uratowa\u0107 \u017cycie.<\/p>\n\n\n\n<hr class=\"wp-block-separator has-alpha-channel-opacity\"\/>\n\n\n\n<p>\u0179r\u00f3d\u0142a:<\/p>\n\n\n\n<ol class=\"wp-block-list\">\n<li>Curtis BR. Drug-induced immune neutropenia\/agranulocytosis. Immunohematology. 2014;30(2):95-101. PMID: 25247619. https:\/\/pubmed.ncbi.nlm.nih.gov\/25247619\/ (dost\u0119p 25.03.2025).<\/li>\n\n\n\n<li>Lorenzo-Villalba N, Alonso-Ortiz MB, Maouche Y, Zulfiqar AA, Andr\u00e8s E. Idiosyncratic Drug-Induced Neutropenia and Agranulocytosis in Elderly Patients. J Clin Med. 2020 Jun 10;9(6):1808. doi: 10.3390\/jcm9061808. PMID: 32531979; PMCID: PMC7356965. https:\/\/pmc.ncbi.nlm.nih.gov\/articles\/PMC7356965\/ (dost\u0119p 25.03.2025).<\/li>\n\n\n\n<li>Munir F, Javaid HW, Rana MBM, Shaukat F. Ceftriaxone-Induced Reversible Agranulocytosis: A Case Report and Review of Drug-Induced Agranulocytosis. Cureus. 2022 Mar 16;14(3):e23226. doi: 10.7759\/cureus.23226. PMID: 35449634; PMCID: PMC9012477. https:\/\/pmc.ncbi.nlm.nih.gov\/articles\/PMC9012477\/ (dost\u0119p 25.03.2025).<\/li>\n\n\n\n<li>Sedhai YR, Lamichhane A, Gupta V. Agranulocytosis. [Updated 2023 May 23]. In: StatPearls [Internet]. Treasure Island (FL): StatPearls Publishing; 2025 Jan-https:\/\/www.ncbi.nlm.nih.gov\/books\/NBK559275\/ (dost\u0119p 25.03.2025).<\/li>\n\n\n\n<li>Katsaras G, Koutsi S, Psaroulaki E, Gouni D, Tsitsani P. Neutropenia in Childhood-A Narrative Review and Practical Diagnostic Approach. Hematol Rep. 2024 Jun 16;16(2):375-389. doi: 10.3390\/hematolrep16020038. PMID: 38921186; PMCID: PMC11203312. https:\/\/pmc.ncbi.nlm.nih.gov\/articles\/PMC11203312\/ (dost\u0119p 25.03.2025).<\/li>\n<\/ol>\n","protected":false},"excerpt":{"rendered":"<p>Agranulocytoza charakteryzuje si\u0119 znacznym spadkiem liczby granulocyt\u00f3w. Jakie s\u0105 przyczyny choroby i jak wygl\u0105da leczenie?<\/p>\n","protected":false},"author":154,"featured_media":22448,"comment_status":"closed","ping_status":"closed","sticky":false,"template":"","format":"standard","meta":{"_acf_changed":false,"inline_featured_image":false,"footnotes":""},"categories":[25],"tags":[],"coauthors":[151],"class_list":{"0":"post-22640","1":"post","2":"type-post","3":"status-publish","4":"format-standard","5":"has-post-thumbnail","7":"category-odpowiedz-masz-we-krwi"},"acf":[],"yoast_head":"<!-- This site is optimized with the Yoast SEO plugin v27.5 - https:\/\/yoast.com\/product\/yoast-seo-wordpress\/ -->\n<title>Agranulocytoza \u2013 co to za choroba? Objawy, przyczyny, diagnostyka i leczenie - Centrum Wiedzy ALAB laboratoria<\/title>\n<meta name=\"description\" content=\"Agranulocytoza charakteryzuje si\u0119 znacznym spadkiem liczby granulocyt\u00f3w. Jakie s\u0105 przyczyny choroby i jak wygl\u0105da leczenie?\" \/>\n<meta name=\"robots\" content=\"index, follow, max-snippet:-1, max-image-preview:large, max-video-preview:-1\" \/>\n<link rel=\"canonical\" href=\"https:\/\/www.alab.pl\/centrum-wiedzy\/agranulocytoza-co-to-za-choroba-objawy-przyczyny-diagnostyka-i-leczenie\/\" \/>\n<meta property=\"og:locale\" content=\"pl_PL\" \/>\n<meta property=\"og:type\" content=\"article\" \/>\n<meta property=\"og:title\" content=\"Agranulocytoza \u2013 co to za choroba? Objawy, przyczyny, diagnostyka i leczenie - Centrum Wiedzy ALAB laboratoria\" \/>\n<meta property=\"og:description\" content=\"Agranulocytoza charakteryzuje si\u0119 znacznym spadkiem liczby granulocyt\u00f3w. Jakie s\u0105 przyczyny choroby i jak wygl\u0105da leczenie?\" \/>\n<meta property=\"og:url\" content=\"https:\/\/www.alab.pl\/centrum-wiedzy\/agranulocytoza-co-to-za-choroba-objawy-przyczyny-diagnostyka-i-leczenie\/\" \/>\n<meta property=\"og:site_name\" content=\"Centrum Wiedzy ALAB laboratoria\" \/>\n<meta property=\"article:publisher\" content=\"https:\/\/www.facebook.com\/ALABlaboratoria\" \/>\n<meta property=\"article:published_time\" content=\"2025-03-28T13:30:00+00:00\" \/>\n<meta property=\"og:image\" content=\"https:\/\/www.alab.pl\/centrum-wiedzy\/wp-content\/uploads\/2025\/03\/Agranulocytoza_cover.png\" \/>\n\t<meta property=\"og:image:width\" content=\"1200\" \/>\n\t<meta property=\"og:image:height\" content=\"801\" \/>\n\t<meta property=\"og:image:type\" content=\"image\/png\" \/>\n<meta name=\"author\" content=\"Damian Matusiak\" \/>\n<meta name=\"twitter:card\" content=\"summary_large_image\" \/>\n<meta name=\"twitter:label1\" content=\"Napisane przez\" \/>\n\t<meta name=\"twitter:data1\" content=\"Damian Matusiak\" \/>\n\t<meta name=\"twitter:label2\" content=\"Szacowany czas czytania\" \/>\n\t<meta name=\"twitter:data2\" content=\"6 minut\" \/>\n\t<meta name=\"twitter:label3\" content=\"Written by\" \/>\n\t<meta name=\"twitter:data3\" content=\"Damian Matusiak\" \/>\n<!-- \/ Yoast SEO plugin. -->","yoast_head_json":{"title":"Agranulocytoza \u2013 co to za choroba? Objawy, przyczyny, diagnostyka i leczenie - Centrum Wiedzy ALAB laboratoria","description":"Agranulocytoza charakteryzuje si\u0119 znacznym spadkiem liczby granulocyt\u00f3w. Jakie s\u0105 przyczyny choroby i jak wygl\u0105da leczenie?","robots":{"index":"index","follow":"follow","max-snippet":"max-snippet:-1","max-image-preview":"max-image-preview:large","max-video-preview":"max-video-preview:-1"},"canonical":"https:\/\/www.alab.pl\/centrum-wiedzy\/agranulocytoza-co-to-za-choroba-objawy-przyczyny-diagnostyka-i-leczenie\/","og_locale":"pl_PL","og_type":"article","og_title":"Agranulocytoza \u2013 co to za choroba? Objawy, przyczyny, diagnostyka i leczenie - Centrum Wiedzy ALAB laboratoria","og_description":"Agranulocytoza charakteryzuje si\u0119 znacznym spadkiem liczby granulocyt\u00f3w. Jakie s\u0105 przyczyny choroby i jak wygl\u0105da leczenie?","og_url":"https:\/\/www.alab.pl\/centrum-wiedzy\/agranulocytoza-co-to-za-choroba-objawy-przyczyny-diagnostyka-i-leczenie\/","og_site_name":"Centrum Wiedzy ALAB laboratoria","article_publisher":"https:\/\/www.facebook.com\/ALABlaboratoria","article_published_time":"2025-03-28T13:30:00+00:00","og_image":[{"width":1200,"height":801,"url":"https:\/\/www.alab.pl\/centrum-wiedzy\/wp-content\/uploads\/2025\/03\/Agranulocytoza_cover.png","type":"image\/png"}],"author":"Damian Matusiak","twitter_card":"summary_large_image","twitter_misc":{"Napisane przez":"Damian Matusiak","Szacowany czas czytania":"6 minut","Written by":"Damian Matusiak"},"schema":{"@context":"https:\/\/schema.org","@graph":[{"@type":"Article","@id":"https:\/\/www.alab.pl\/centrum-wiedzy\/agranulocytoza-co-to-za-choroba-objawy-przyczyny-diagnostyka-i-leczenie\/#article","isPartOf":{"@id":"https:\/\/www.alab.pl\/centrum-wiedzy\/agranulocytoza-co-to-za-choroba-objawy-przyczyny-diagnostyka-i-leczenie\/"},"author":{"name":"Damian Matusiak","@id":"https:\/\/www.alab.pl\/centrum-wiedzy\/#\/schema\/person\/5709fe1c1c909754033072d7f8155a44"},"headline":"Agranulocytoza \u2013 co to za choroba? Objawy, przyczyny, diagnostyka i leczenie","datePublished":"2025-03-28T13:30:00+00:00","mainEntityOfPage":{"@id":"https:\/\/www.alab.pl\/centrum-wiedzy\/agranulocytoza-co-to-za-choroba-objawy-przyczyny-diagnostyka-i-leczenie\/"},"wordCount":1009,"publisher":{"@id":"https:\/\/www.alab.pl\/centrum-wiedzy\/#organization"},"image":{"@id":"https:\/\/www.alab.pl\/centrum-wiedzy\/agranulocytoza-co-to-za-choroba-objawy-przyczyny-diagnostyka-i-leczenie\/#primaryimage"},"thumbnailUrl":"https:\/\/www.alab.pl\/centrum-wiedzy\/wp-content\/uploads\/2025\/03\/Agranulocytoza_cover.png","articleSection":["Odpowied\u017a masz we krwi"],"inLanguage":"pl-PL"},{"@type":"WebPage","@id":"https:\/\/www.alab.pl\/centrum-wiedzy\/agranulocytoza-co-to-za-choroba-objawy-przyczyny-diagnostyka-i-leczenie\/","url":"https:\/\/www.alab.pl\/centrum-wiedzy\/agranulocytoza-co-to-za-choroba-objawy-przyczyny-diagnostyka-i-leczenie\/","name":"Agranulocytoza \u2013 co to za choroba? Objawy, przyczyny, diagnostyka i leczenie - Centrum Wiedzy ALAB laboratoria","isPartOf":{"@id":"https:\/\/www.alab.pl\/centrum-wiedzy\/#website"},"primaryImageOfPage":{"@id":"https:\/\/www.alab.pl\/centrum-wiedzy\/agranulocytoza-co-to-za-choroba-objawy-przyczyny-diagnostyka-i-leczenie\/#primaryimage"},"image":{"@id":"https:\/\/www.alab.pl\/centrum-wiedzy\/agranulocytoza-co-to-za-choroba-objawy-przyczyny-diagnostyka-i-leczenie\/#primaryimage"},"thumbnailUrl":"https:\/\/www.alab.pl\/centrum-wiedzy\/wp-content\/uploads\/2025\/03\/Agranulocytoza_cover.png","datePublished":"2025-03-28T13:30:00+00:00","description":"Agranulocytoza charakteryzuje si\u0119 znacznym spadkiem liczby granulocyt\u00f3w. Jakie s\u0105 przyczyny choroby i jak wygl\u0105da leczenie?","breadcrumb":{"@id":"https:\/\/www.alab.pl\/centrum-wiedzy\/agranulocytoza-co-to-za-choroba-objawy-przyczyny-diagnostyka-i-leczenie\/#breadcrumb"},"inLanguage":"pl-PL","potentialAction":[{"@type":"ReadAction","target":["https:\/\/www.alab.pl\/centrum-wiedzy\/agranulocytoza-co-to-za-choroba-objawy-przyczyny-diagnostyka-i-leczenie\/"]}]},{"@type":"ImageObject","inLanguage":"pl-PL","@id":"https:\/\/www.alab.pl\/centrum-wiedzy\/agranulocytoza-co-to-za-choroba-objawy-przyczyny-diagnostyka-i-leczenie\/#primaryimage","url":"https:\/\/www.alab.pl\/centrum-wiedzy\/wp-content\/uploads\/2025\/03\/Agranulocytoza_cover.png","contentUrl":"https:\/\/www.alab.pl\/centrum-wiedzy\/wp-content\/uploads\/2025\/03\/Agranulocytoza_cover.png","width":1200,"height":801,"caption":"Agranulocytoza_cover"},{"@type":"BreadcrumbList","@id":"https:\/\/www.alab.pl\/centrum-wiedzy\/agranulocytoza-co-to-za-choroba-objawy-przyczyny-diagnostyka-i-leczenie\/#breadcrumb","itemListElement":[{"@type":"ListItem","position":1,"name":"Strona g\u0142\u00f3wna","item":"https:\/\/www.alab.pl\/centrum-wiedzy\/"},{"@type":"ListItem","position":2,"name":"Agranulocytoza \u2013 co to za choroba? Objawy, przyczyny, diagnostyka i leczenie"}]},{"@type":"WebSite","@id":"https:\/\/www.alab.pl\/centrum-wiedzy\/#website","url":"https:\/\/www.alab.pl\/centrum-wiedzy\/","name":"Centrum Wiedzy ALAB laboratoria","description":"","publisher":{"@id":"https:\/\/www.alab.pl\/centrum-wiedzy\/#organization"},"potentialAction":[{"@type":"SearchAction","target":{"@type":"EntryPoint","urlTemplate":"https:\/\/www.alab.pl\/centrum-wiedzy\/?s={search_term_string}"},"query-input":{"@type":"PropertyValueSpecification","valueRequired":true,"valueName":"search_term_string"}}],"inLanguage":"pl-PL"},{"@type":"Organization","@id":"https:\/\/www.alab.pl\/centrum-wiedzy\/#organization","name":"Centrum Wiedzy ALAB laboratoria","url":"https:\/\/www.alab.pl\/centrum-wiedzy\/","logo":{"@type":"ImageObject","inLanguage":"pl-PL","@id":"https:\/\/www.alab.pl\/centrum-wiedzy\/#\/schema\/logo\/image\/","url":"https:\/\/www.alab.pl\/centrum-wiedzy\/wp-content\/uploads\/2022\/04\/alabek.jpg","contentUrl":"https:\/\/www.alab.pl\/centrum-wiedzy\/wp-content\/uploads\/2022\/04\/alabek.jpg","width":1250,"height":1251,"caption":"Centrum Wiedzy ALAB laboratoria"},"image":{"@id":"https:\/\/www.alab.pl\/centrum-wiedzy\/#\/schema\/logo\/image\/"},"sameAs":["https:\/\/www.facebook.com\/ALABlaboratoria"]},{"@type":"Person","@id":"https:\/\/www.alab.pl\/centrum-wiedzy\/#\/schema\/person\/5709fe1c1c909754033072d7f8155a44","name":"Damian Matusiak","image":{"@type":"ImageObject","inLanguage":"pl-PL","@id":"https:\/\/www.alab.pl\/centrum-wiedzy\/wp-content\/uploads\/2023\/10\/Damian-Matusiak-jpg-150x150.webp4a39f9a6ab8bdce93cc7d4859c6e6401","url":"https:\/\/www.alab.pl\/centrum-wiedzy\/wp-content\/uploads\/2023\/10\/Damian-Matusiak-jpg-150x150.webp","contentUrl":"https:\/\/www.alab.pl\/centrum-wiedzy\/wp-content\/uploads\/2023\/10\/Damian-Matusiak-jpg-150x150.webp","caption":"Damian Matusiak"},"description":"Specjalista pediatrii, kieruj\u0105cy Oddzia\u0142em Pediatrycznym w Lesznie, absolwent Uniwersytetu Medycznego im. Karola Marcinkowskiego w Poznaniu; pasjonat ultrasonografii i nowinek ze \u015bwiata nauki.","url":"https:\/\/www.alab.pl\/centrum-wiedzy\/author\/damian-matusiak\/"}]}},"_links":{"self":[{"href":"https:\/\/www.alab.pl\/centrum-wiedzy\/wp-json\/wp\/v2\/posts\/22640","targetHints":{"allow":["GET"]}}],"collection":[{"href":"https:\/\/www.alab.pl\/centrum-wiedzy\/wp-json\/wp\/v2\/posts"}],"about":[{"href":"https:\/\/www.alab.pl\/centrum-wiedzy\/wp-json\/wp\/v2\/types\/post"}],"author":[{"embeddable":true,"href":"https:\/\/www.alab.pl\/centrum-wiedzy\/wp-json\/wp\/v2\/users\/154"}],"replies":[{"embeddable":true,"href":"https:\/\/www.alab.pl\/centrum-wiedzy\/wp-json\/wp\/v2\/comments?post=22640"}],"version-history":[{"count":2,"href":"https:\/\/www.alab.pl\/centrum-wiedzy\/wp-json\/wp\/v2\/posts\/22640\/revisions"}],"predecessor-version":[{"id":22643,"href":"https:\/\/www.alab.pl\/centrum-wiedzy\/wp-json\/wp\/v2\/posts\/22640\/revisions\/22643"}],"wp:featuredmedia":[{"embeddable":true,"href":"https:\/\/www.alab.pl\/centrum-wiedzy\/wp-json\/wp\/v2\/media\/22448"}],"wp:attachment":[{"href":"https:\/\/www.alab.pl\/centrum-wiedzy\/wp-json\/wp\/v2\/media?parent=22640"}],"wp:term":[{"taxonomy":"category","embeddable":true,"href":"https:\/\/www.alab.pl\/centrum-wiedzy\/wp-json\/wp\/v2\/categories?post=22640"},{"taxonomy":"post_tag","embeddable":true,"href":"https:\/\/www.alab.pl\/centrum-wiedzy\/wp-json\/wp\/v2\/tags?post=22640"},{"taxonomy":"author","embeddable":true,"href":"https:\/\/www.alab.pl\/centrum-wiedzy\/wp-json\/wp\/v2\/coauthors?post=22640"}],"curies":[{"name":"wp","href":"https:\/\/api.w.org\/{rel}","templated":true}]}}