{"id":22858,"date":"2025-04-08T10:13:42","date_gmt":"2025-04-08T08:13:42","guid":{"rendered":"https:\/\/www.alab.pl\/centrum-wiedzy\/?p=22858"},"modified":"2025-04-09T11:45:22","modified_gmt":"2025-04-09T09:45:22","slug":"czym-jest-cyklotymia-i-jakie-sa-jej-objawy","status":"publish","type":"post","link":"https:\/\/www.alab.pl\/centrum-wiedzy\/czym-jest-cyklotymia-i-jakie-sa-jej-objawy\/","title":{"rendered":"Czym jest cyklotymia i jakie s\u0105 jej objawy?"},"content":{"rendered":"\n<p><strong>Cyklotymia to jedno z mniej znanych, ale istotnych zaburze\u0144 nastroju, kt\u00f3re mo\u017ce znacz\u0105co wp\u0142ywa\u0107 na codzienne funkcjonowanie osoby chorej. Cho\u0107 objawy cyklotymii mog\u0105 wydawa\u0107 si\u0119 \u0142agodne w por\u00f3wnaniu do innych zaburze\u0144 psychicznych, ich przewlek\u0142y charakter bywa r\u00f3wnie wyniszczaj\u0105cy. W tym artykule wyja\u015bniamy, co to jest cyklotymia, jakie s\u0105 jej objawy, ile trwa oraz czym r\u00f3\u017cni si\u0119 od innych zaburze\u0144, takich jak dystymia czy choroba afektywna dwubiegunowa. Dowiedz si\u0119 wi\u0119cej i sprawd\u017a, czy warto zg\u0142osi\u0107 si\u0119 na diagnoz\u0119.<\/strong><\/p>\n\n\n\n<p>Spis tre\u015bci:<\/p>\n\n\n\n<ol class=\"wp-block-list\">\n<li><a href=\"#Co-to-jest-cyklotymia?\">Co to jest cyklotymia?<\/a>\n<ul class=\"wp-block-list\">\n<li><a href=\"#Cyklotymia-a-zaburzenie-afektywne-dwubiegunowe\">Cyklotymia a zaburzenie afektywne dwubiegunowe<\/a><\/li>\n\n\n\n<li><a href=\"#Cyklotymia a dystymia\">Cyklotymia a dystymia<\/a><\/li>\n<\/ul>\n<\/li>\n\n\n\n<li><a href=\"#Cyklotymia:-objawy-zaburzenia\">Cyklotymia: objawy zaburzenia<\/a>\n<ul class=\"wp-block-list\">\n<li><a href=\"#Cyklotymia:-ile-trwa?\">Cyklotymia: ile trwa?<\/a><\/li>\n<\/ul>\n<\/li>\n\n\n\n<li><a href=\"#Przyczyny-rozwoju-cyklotymii\">Przyczyny rozwoju cyklotymii<\/a><\/li>\n\n\n\n<li><a href=\"#Jak-diagnozuje-si\u0119-cyklotymi\u0119?\">Jak diagnozuje si\u0119 cyklotymi\u0119?<\/a><\/li>\n\n\n\n<li><a href=\"#Czy-cyklotymia-jest-uleczalna?\">Czy cyklotymia jest uleczalna?<\/a><\/li>\n\n\n\n<li><a href=\"#Cyklotymia:-podsumowanie\">Cyklotymia: podsumowanie<\/a><\/li>\n<\/ol>\n\n\n\n<h2 class=\"wp-block-heading\" id=\"Co-to-jest-cyklotymia?\">Co to jest cyklotymia?<\/h2>\n\n\n\n<p><strong>Cyklotymia<\/strong> (z \u0142ac. <em>Cyclothymia<\/em>) to przewlek\u0142e zaburzenie nastroju, kt\u00f3re charakteryzuje si\u0119 naprzemiennym wyst\u0119powaniem \u0142agodnych stan\u00f3w depresyjnych i podwy\u017cszonego nastroju (czyli hipomanii). Objawy te nie s\u0105 tak intensywne, jak w przypadku pe\u0142noobjawowej <a href=\"https:\/\/www.alab.pl\/centrum-wiedzy\/depresja-objawy-przyczyny-diagnostyka-i-leczenie\/\">depresji<\/a> czy manii, ale ich cykliczno\u015b\u0107 i d\u0142ugotrwa\u0142o\u015b\u0107 mog\u0105 utrudnia\u0107 funkcjonowanie spo\u0142eczne, zawodowe i emocjonalne.<\/p>\n\n\n\n<p>Cyklotymia jest uznawana za \u0142agodniejsz\u0105 form\u0119 <strong>zaburzenia afektywnego dwubiegunowego<\/strong>, ale nie powinna by\u0107 bagatelizowana. Nieleczona mo\u017ce prowadzi\u0107 do rozwoju pe\u0142noobjawowej choroby dwubiegunowej typu I lub II.<\/p>\n\n\n\n<p><strong>&gt;&gt; Zobacz te\u017c: <\/strong><a href=\"https:\/\/www.alab.pl\/centrum-wiedzy\/depresja-maskowana-objawy-przyczyny-leczenie-jakie-badania-zrobic-przy-depresji\/\"><strong>Depresja maskowana \u2013 objawy, przyczyny, leczenie. Jakie badania zrobi\u0107 przy depresji?<\/strong><\/a><strong><\/strong><\/p>\n\n\n\n<h3 class=\"wp-block-heading\" id=\"Cyklotymia-a-zaburzenie-afektywne-dwubiegunowe\">Cyklotymia a zaburzenie afektywne dwubiegunowe<\/h3>\n\n\n\n<p>Wielu pacjent\u00f3w zastanawia si\u0119 nad zwi\u0105zkiem mi\u0119dzy <strong>cyklotymi\u0105 a chorob\u0105 afektywn\u0105 dwubiegunow\u0105<\/strong>. Oba zaburzenia nale\u017c\u0105 do grupy tzw. zaburze\u0144 afektywnych, czyli zwi\u0105zanych z nastrojem, jednak r\u00f3\u017cni\u0105 si\u0119 intensywno\u015bci\u0105 objaw\u00f3w.<\/p>\n\n\n\n<p>W chorobie dwubiegunowej wyst\u0119puj\u0105 silne epizody manii i depresji, kt\u00f3re mog\u0105 wymaga\u0107 hospitalizacji i znacznie wp\u0142ywaj\u0105 na codzienne \u017cycie. W cyklotymii natomiast epizody hipomanii i depresji s\u0105 \u0142agodniejsze, ale trwaj\u0105 przez co najmniej dwa lata i powracaj\u0105 regularnie. Dlatego cyklotymia mo\u017ce by\u0107 uznana za \u201ezapowied\u017a\u201d powa\u017cniejszych zaburze\u0144 nastroju.<\/p>\n\n\n\n<figure class=\"wp-block-image size-full\"><a href=\"https:\/\/www.alab.pl\/pakiet\/pakiet-zdrowie-psychiczne-podstawowy\"><img loading=\"lazy\" decoding=\"async\" width=\"800\" height=\"200\" src=\"https:\/\/www.alab.pl\/centrum-wiedzy\/wp-content\/uploads\/2025\/04\/Pakiet-zdrowie-psychiczne-podstwowy-13-badan.jpg\" alt=\"Pakiet zdrowie psychiczne podstwowy (13 badan\u0301) banerek\" class=\"wp-image-22709\" srcset=\"https:\/\/www.alab.pl\/centrum-wiedzy\/wp-content\/uploads\/2025\/04\/Pakiet-zdrowie-psychiczne-podstwowy-13-badan.jpg 800w, https:\/\/www.alab.pl\/centrum-wiedzy\/wp-content\/uploads\/2025\/04\/Pakiet-zdrowie-psychiczne-podstwowy-13-badan-768x192.jpg 768w, https:\/\/www.alab.pl\/centrum-wiedzy\/wp-content\/uploads\/2025\/04\/Pakiet-zdrowie-psychiczne-podstwowy-13-badan-150x38.jpg 150w, https:\/\/www.alab.pl\/centrum-wiedzy\/wp-content\/uploads\/2025\/04\/Pakiet-zdrowie-psychiczne-podstwowy-13-badan-300x75.jpg 300w, https:\/\/www.alab.pl\/centrum-wiedzy\/wp-content\/uploads\/2025\/04\/Pakiet-zdrowie-psychiczne-podstwowy-13-badan-696x174.jpg 696w\" sizes=\"auto, (max-width: 800px) 100vw, 800px\" \/><\/a><\/figure>\n\n\n\n<h3 class=\"wp-block-heading\">Cyklotymia a dystymia<\/h3>\n\n\n\n<p><strong>Cyklotymia a dystymia<\/strong> (obecnie okre\u015blana jako uporczywe zaburzenie depresyjne) to dwa r\u00f3\u017cne typy przewlek\u0142ych zaburze\u0144 nastroju. Dystymia objawia si\u0119 d\u0142ugotrwa\u0142ym, utrzymuj\u0105cym si\u0119 obni\u017ceniem nastroju, bez okres\u00f3w poprawy.<\/p>\n\n\n\n<p>Z kolei w cyklotymii obserwuje si\u0119 hu\u015btawk\u0119 emocjonaln\u0105 \u2013 okresy przygn\u0119bienia przeplataj\u0105 si\u0119 z okresami podwy\u017cszonego nastroju. Osoba z cyklotymi\u0105 mo\u017ce przez kilka dni czu\u0107 si\u0119 euforycznie i pe\u0142na energii, by nast\u0119pnie do\u015bwiadczy\u0107 spadku nastroju, braku motywacji i pesymizmu.<\/p>\n\n\n\n<p><strong>&gt;&gt; To mo\u017ce Ci\u0119 zainteresowa\u0107: <\/strong><a href=\"https:\/\/www.alab.pl\/centrum-wiedzy\/mikrobiota-jelitowa-a-zdrowie-psychiczne\/\"><strong>Mikrobiota jelitowa w zaburzeniach psychiatrycznych<\/strong><\/a><strong><\/strong><\/p>\n\n\n\n<h2 class=\"wp-block-heading\" id=\"Cyklotymia:-objawy-zaburzenia\">Cyklotymia: objawy zaburzenia<\/h2>\n\n\n\n<p>Objawy cyklotymii mog\u0105 si\u0119 r\u00f3\u017cni\u0107 mi\u0119dzy osobami, ale do najcz\u0119stszych nale\u017c\u0105:<\/p>\n\n\n\n<ul class=\"wp-block-list\">\n<li><strong>Objawy hipomanii:<\/strong><ul><li>zwi\u0119kszona energia i aktywno\u015b\u0107,<\/li><\/ul><ul><li>zmniejszona potrzeba snu,<\/li><\/ul><ul><li>gadatliwo\u015b\u0107,<\/li><\/ul><ul><li>podwy\u017cszone poczucie w\u0142asnej warto\u015bci,<\/li><\/ul>\n<ul class=\"wp-block-list\">\n<li>impulsywno\u015b\u0107, np. nadmierne wydawanie pieni\u0119dzy.<\/li>\n<\/ul>\n<\/li>\n\n\n\n<li><strong>Objawy depresyjne:<\/strong><ul><li>obni\u017cony nastr\u00f3j,<\/li><\/ul><ul><li><a href=\"https:\/\/www.alab.pl\/centrum-wiedzy\/ciagle-zmeczenie-problem-xxi-wieku-czy-to-moze-byc-objaw-choroby\/\">zm\u0119czenie<\/a>,<\/li><\/ul><ul><li>trudno\u015bci w koncentracji,<\/li><\/ul><ul><li>uczucie beznadziejno\u015bci,<\/li><\/ul>\n<ul class=\"wp-block-list\">\n<li>zaburzenia snu (<a href=\"https:\/\/www.alab.pl\/centrum-wiedzy\/bezsennosc-objawy-leczenie-skutki\/\">bezsenno\u015b\u0107<\/a> lub nadmierna senno\u015b\u0107).<\/li>\n<\/ul>\n<\/li>\n<\/ul>\n\n\n\n<p>Wa\u017cne jest, \u017ce objawy te nie s\u0105 na tyle silne, by zakwalifikowa\u0107 je jako epizody depresji czy manii, jednak ich d\u0142ugotrwa\u0142o\u015b\u0107 i zmienno\u015b\u0107 s\u0105 bardzo obci\u0105\u017caj\u0105ce.<\/p>\n\n\n\n<h3 class=\"wp-block-heading\" id=\"Cyklotymia:-ile-trwa?\">Cyklotymia: ile trwa?<\/h3>\n\n\n\n<p>Cyklotymia to zaburzenie przewlek\u0142e, trwaj\u0105ce <strong>co najmniej dwa lata (u dzieci i m\u0142odzie\u017cy \u2013 co najmniej jeden rok)<\/strong>. W tym czasie nie mo\u017ce wyst\u0119powa\u0107 okres bez objaw\u00f3w trwaj\u0105cy d\u0142u\u017cej ni\u017c dwa miesi\u0105ce.<\/p>\n\n\n\n<p>Cykle nastroj\u00f3w w cyklotymii s\u0105 <strong>zmienne<\/strong> \u2013 mog\u0105 zmienia\u0107 si\u0119 co kilka dni, tygodni lub miesi\u0119cy. U niekt\u00f3rych os\u00f3b zaburzenie trwa wiele lat, czasem ca\u0142e \u017cycie, je\u015bli nie zostanie odpowiednio zdiagnozowane i leczone.<\/p>\n\n\n\n<figure class=\"wp-block-image size-full\"><a href=\"https:\/\/www.alab.pl\/pakiet\/pakiet-zdrowie-psychiczne-rozszerzony\"><img loading=\"lazy\" decoding=\"async\" width=\"800\" height=\"200\" src=\"https:\/\/www.alab.pl\/centrum-wiedzy\/wp-content\/uploads\/2025\/04\/Pakiet-zdrowie-psychiczne-rozszerzony-15-badan.jpg\" alt=\"Pakiet zdrowie psychiczne rozszerzony (15 badan\u0301) banerek\" class=\"wp-image-22710\" srcset=\"https:\/\/www.alab.pl\/centrum-wiedzy\/wp-content\/uploads\/2025\/04\/Pakiet-zdrowie-psychiczne-rozszerzony-15-badan.jpg 800w, https:\/\/www.alab.pl\/centrum-wiedzy\/wp-content\/uploads\/2025\/04\/Pakiet-zdrowie-psychiczne-rozszerzony-15-badan-768x192.jpg 768w, https:\/\/www.alab.pl\/centrum-wiedzy\/wp-content\/uploads\/2025\/04\/Pakiet-zdrowie-psychiczne-rozszerzony-15-badan-150x38.jpg 150w, https:\/\/www.alab.pl\/centrum-wiedzy\/wp-content\/uploads\/2025\/04\/Pakiet-zdrowie-psychiczne-rozszerzony-15-badan-300x75.jpg 300w, https:\/\/www.alab.pl\/centrum-wiedzy\/wp-content\/uploads\/2025\/04\/Pakiet-zdrowie-psychiczne-rozszerzony-15-badan-696x174.jpg 696w\" sizes=\"auto, (max-width: 800px) 100vw, 800px\" \/><\/a><\/figure>\n\n\n\n<h2 class=\"wp-block-heading\" id=\"Przyczyny-rozwoju-cyklotymii\">Przyczyny rozwoju cyklotymii<\/h2>\n\n\n\n<p>Przyczyny cyklotymii nie s\u0105 do ko\u0144ca znane, ale istnieje kilka czynnik\u00f3w, kt\u00f3re mog\u0105 zwi\u0119ksza\u0107 ryzyko jej wyst\u0105pienia:<\/p>\n\n\n\n<ul class=\"wp-block-list\">\n<li><strong>czynniki genetyczne<\/strong> \u2013 cyklotymia mo\u017ce wyst\u0119powa\u0107 rodzinnie.<\/li>\n\n\n\n<li><strong>zaburzenia neuroprzeka\u017anik<\/strong><strong>\u00f3<\/strong><strong>w<\/strong> \u2013 nieprawid\u0142owo\u015bci w dzia\u0142aniu <a href=\"https:\/\/www.alab.pl\/centrum-wiedzy\/serotonina-i-jej-rola-w-organizmie\/\">serotoniny<\/a>, <a href=\"https:\/\/www.alab.pl\/centrum-wiedzy\/dopamina-co-to-jest-i-jaka-role-pelni-badanie-normy\/\">dopaminy<\/a> i noradrenaliny.<\/li>\n\n\n\n<li><strong>stresuj\u0105ce wydarzenia \u017cyciowe<\/strong> \u2013 trauma, przewlek\u0142y <a href=\"https:\/\/www.alab.pl\/centrum-wiedzy\/stres-przyjaciel-czy-wrog\/\">stres<\/a> lub trudne do\u015bwiadczenia w dzieci\u0144stwie.<\/li>\n\n\n\n<li><strong>czynniki osobowo\u015bciowe<\/strong> \u2013 impulsywno\u015b\u0107, sk\u0142onno\u015b\u0107 do silnych reakcji emocjonalnych.<\/li>\n<\/ul>\n\n\n\n<p>Niekt\u00f3re \u017ar\u00f3d\u0142a wskazuj\u0105 r\u00f3wnie\u017c mo\u017cliwe powi\u0105zania pomi\u0119dzy cyklotymi\u0105 a borderline (zaburzeniem osobowo\u015bci z pogranicza) czy te\u017c terminem \u201ecyklofrenia\u201d, jednak wymagaj\u0105 one dalszych bada\u0144.<\/p>\n\n\n\n<h2 class=\"wp-block-heading\" id=\"Jak-diagnozuje-si\u0119-cyklotymi\u0119?\">Jak diagnozuje si\u0119 cyklotymi\u0119?<\/h2>\n\n\n\n<p>Diagnozowanie cyklotymii wymaga kompleksowego podej\u015bcia. Kluczowe jest przeprowadzenie szczeg\u00f3\u0142owego wywiadu psychiatrycznego, uwzgl\u0119dniaj\u0105cego histori\u0119 nastroju pacjenta oraz objawy wyst\u0119puj\u0105ce w d\u0142u\u017cszym okresie.<\/p>\n\n\n\n<figure class=\"wp-block-image size-full\"><a href=\"https:\/\/www.alab.pl\/badanie\/panel-farmakogenetyka-badanie-wariantow-genetycznych-rt-pcr\"><img loading=\"lazy\" decoding=\"async\" width=\"800\" height=\"200\" src=\"https:\/\/www.alab.pl\/centrum-wiedzy\/wp-content\/uploads\/2025\/02\/Panel-farmakogenetyka-badanie-warianto\u2560uw-genetycznych-met.-RT-PCR.jpg\" alt=\"Panel farmakogenetyka - badanie wariant\u00f3w genetycznych (met. RT-PCR)\" class=\"wp-image-21384\" srcset=\"https:\/\/www.alab.pl\/centrum-wiedzy\/wp-content\/uploads\/2025\/02\/Panel-farmakogenetyka-badanie-warianto\u2560uw-genetycznych-met.-RT-PCR.jpg 800w, https:\/\/www.alab.pl\/centrum-wiedzy\/wp-content\/uploads\/2025\/02\/Panel-farmakogenetyka-badanie-warianto\u2560uw-genetycznych-met.-RT-PCR-768x192.jpg 768w, https:\/\/www.alab.pl\/centrum-wiedzy\/wp-content\/uploads\/2025\/02\/Panel-farmakogenetyka-badanie-warianto\u2560uw-genetycznych-met.-RT-PCR-150x38.jpg 150w, https:\/\/www.alab.pl\/centrum-wiedzy\/wp-content\/uploads\/2025\/02\/Panel-farmakogenetyka-badanie-warianto\u2560uw-genetycznych-met.-RT-PCR-300x75.jpg 300w, https:\/\/www.alab.pl\/centrum-wiedzy\/wp-content\/uploads\/2025\/02\/Panel-farmakogenetyka-badanie-warianto\u2560uw-genetycznych-met.-RT-PCR-696x174.jpg 696w\" sizes=\"auto, (max-width: 800px) 100vw, 800px\" \/><\/a><\/figure>\n\n\n\n<p>Opr\u00f3cz tego wykonuje si\u0119 badania krwi, aby wykluczy\u0107 inne przyczyny objaw\u00f3w, np. zaburzenia hormonalne (<a href=\"https:\/\/www.alab.pl\/centrum-wiedzy\/niedoczynnosc-tarczycy\/\">niedoczynno\u015b\u0107 tarczycy<\/a>), niedobory witamin (<a href=\"https:\/\/www.alab.pl\/centrum-wiedzy\/witamina-b12-superwitamina-webinar\/\">B12<\/a>, <a href=\"https:\/\/www.alab.pl\/centrum-wiedzy\/witamina-d-suplementacja\/\">D<\/a>) czy <a href=\"https:\/\/www.alab.pl\/centrum-wiedzy\/choroby-autoimmunologiczne-czym-sa-objawy-diagnostyka-i-leczenie\/\">choroby autoimmunologiczne<\/a>.<\/p>\n\n\n\n<p>Diagnoz\u0119 mo\u017ce postawi\u0107 jedynie specjalista psychiatra, dlatego wa\u017cne jest, by nie bagatelizowa\u0107 objaw\u00f3w i zg\u0142osi\u0107 si\u0119 po pomoc.<\/p>\n\n\n\n<h2 class=\"wp-block-heading\" id=\"Czy-cyklotymia-jest-uleczalna?\">Czy cyklotymia jest uleczalna?<\/h2>\n\n\n\n<p>Cyklotymia jest schorzeniem, kt\u00f3re mo\u017cna skutecznie kontrolowa\u0107, cho\u0107 rzadko dochodzi do ca\u0142kowitego wyleczenia. Leczenie zazwyczaj obejmuje:<\/p>\n\n\n\n<ul class=\"wp-block-list\">\n<li><strong>odpowiednio dopasowan\u0105 farmakoterapi\u0119<\/strong><strong> <\/strong>\u2013 leki stabilizuj\u0105ce nastr\u00f3j (np. lit), leki przeciwdepresyjne lub przeciwpsychotyczne.<\/li>\n\n\n\n<li><strong>psychoterapi\u0119 <\/strong>\u2013 szczeg\u00f3lnie pomocna jest terapia poznawczo-behawioralna (CBT).<\/li>\n\n\n\n<li><strong>zmiany stylu \u017cycia<\/strong> \u2013 regularny rytm dnia, zdrowy sen, unikanie substancji psychoaktywnych.<\/li>\n<\/ul>\n\n\n\n<p>Im wcze\u015bniej choroba zostanie rozpoznana, tym wi\u0119ksze szanse na popraw\u0119 jako\u015bci \u017cycia.<\/p>\n\n\n\n<p><strong>&gt;&gt; Warto przeczyta\u0107:<\/strong><a href=\"https:\/\/www.alab.pl\/centrum-wiedzy\/skutecznosc-lekow-przeciwdepresyjnych-i-rola-badan-farmakogenetycznych-w-leczeniu-depresji\/\"><strong> Skuteczno\u015b\u0107 lek\u00f3w przeciwdepresyjnych i rola bada\u0144 farmakogenetycznych w leczeniu depresji<\/strong><\/a><strong><\/strong><\/p>\n\n\n\n<h2 class=\"wp-block-heading\" id=\"Cyklotymia:-podsumowanie\">Cyklotymia: podsumowanie<\/h2>\n\n\n\n<ul class=\"wp-block-list\">\n<li>Cyklotymia to przewlek\u0142e, \u0142agodne zaburzenie afektywne.<\/li>\n\n\n\n<li>Objawy obejmuj\u0105 cykliczne zmiany nastroju: od hipomanii do \u0142agodnej depresji.<\/li>\n\n\n\n<li>Trwa co najmniej dwa lata i cz\u0119sto ma charakter nawrotowy.<\/li>\n\n\n\n<li>R\u00f3\u017cni si\u0119 od choroby dwubiegunowej i dystymii intensywno\u015bci\u0105 i charakterem objaw\u00f3w.<\/li>\n\n\n\n<li>Mo\u017ce by\u0107 mylona z innymi zaburzeniami, np. borderline.<\/li>\n\n\n\n<li>Diagnostyka obejmuje wywiad oraz <a href=\"https:\/\/www.alab.pl\/centrum-wiedzy\/jak-prawidlowo-przygotowac-sie-do-badan-laboratoryjnych\/\">badania krwi<\/a>.<\/li>\n\n\n\n<li>Leczenie farmakologiczne i psychoterapia znacznie poprawiaj\u0105 funkcjonowanie pacjenta.<\/li>\n<\/ul>\n\n\n\n<p>Pami\u0119taj: nie ignoruj zmian nastroju \u2013 je\u015bli zauwa\u017casz u siebie objawy opisane powy\u017cej, skonsultuj si\u0119 z psychiatr\u0105. Wczesna diagnoza i odpowiednie leczenie to klucz do lepszego \u017cycia.<\/p>\n\n\n\n<hr class=\"wp-block-separator has-alpha-channel-opacity\"\/>\n\n\n\n<p><strong>Bibliografia<\/strong><strong><\/strong><\/p>\n\n\n\n<ol class=\"wp-block-list\">\n<li>Jarema M. (red.). Psychiatria. Podr\u0119cznik dla student\u00f3w i lekarzy. Wydawnictwo PZWL, Warszawa, 2011.<\/li>\n\n\n\n<li>Zalsman G, et al. (2020). Mood disorders in adolescents: Diagnosis and treatment strategies. Journal of Affective Disorders, 265, 438\u2013444.<\/li>\n\n\n\n<li>Parnowska D., Rabe-Jab\u0142o\u0144ska J. (2005). Cyklotymia i dystymia \u2013 czy to jeszcze depresja?. Psychiatria Polska, 39(2), 217\u2013228. [Dost\u0119p online: www.psychiatriapolska.pl]<\/li>\n<\/ol>\n","protected":false},"excerpt":{"rendered":"<p>Sprawd\u017a, co to jest cyklotymia, jakie s\u0105 jej objawy, ile trwa oraz czym r\u00f3\u017cni si\u0119 od innych zaburze\u0144, takich jak np. dystymia. <\/p>\n","protected":false},"author":175,"featured_media":22863,"comment_status":"closed","ping_status":"closed","sticky":false,"template":"","format":"standard","meta":{"_acf_changed":false,"inline_featured_image":false,"footnotes":""},"categories":[13,228],"tags":[],"coauthors":[214],"class_list":{"0":"post-22858","1":"post","2":"type-post","3":"status-publish","4":"format-standard","5":"has-post-thumbnail","8":"category-zdrowie-psychiczne"},"acf":[],"yoast_head":"<!-- This site is optimized with the Yoast SEO plugin v27.5 - https:\/\/yoast.com\/product\/yoast-seo-wordpress\/ -->\n<title>Czym jest cyklotymia i jakie s\u0105 jej objawy? - Centrum Wiedzy ALAB laboratoria<\/title>\n<meta name=\"description\" content=\"Sprawd\u017a, co to jest cyklotymia, jakie s\u0105 jej objawy, ile trwa oraz czym r\u00f3\u017cni si\u0119 od innych zaburze\u0144, takich jak np. dystymia.\" \/>\n<meta name=\"robots\" content=\"index, follow, max-snippet:-1, max-image-preview:large, max-video-preview:-1\" \/>\n<link rel=\"canonical\" href=\"https:\/\/www.alab.pl\/centrum-wiedzy\/czym-jest-cyklotymia-i-jakie-sa-jej-objawy\/\" \/>\n<meta property=\"og:locale\" content=\"pl_PL\" \/>\n<meta property=\"og:type\" content=\"article\" \/>\n<meta property=\"og:title\" content=\"Czym jest cyklotymia i jakie s\u0105 jej objawy? - Centrum Wiedzy ALAB laboratoria\" \/>\n<meta property=\"og:description\" content=\"Sprawd\u017a, co to jest cyklotymia, jakie s\u0105 jej objawy, ile trwa oraz czym r\u00f3\u017cni si\u0119 od innych zaburze\u0144, takich jak np. dystymia.\" \/>\n<meta property=\"og:url\" content=\"https:\/\/www.alab.pl\/centrum-wiedzy\/czym-jest-cyklotymia-i-jakie-sa-jej-objawy\/\" \/>\n<meta property=\"og:site_name\" content=\"Centrum Wiedzy ALAB laboratoria\" \/>\n<meta property=\"article:publisher\" content=\"https:\/\/www.facebook.com\/ALABlaboratoria\" \/>\n<meta property=\"article:published_time\" content=\"2025-04-08T08:13:42+00:00\" \/>\n<meta property=\"article:modified_time\" content=\"2025-04-09T09:45:22+00:00\" \/>\n<meta property=\"og:image\" content=\"https:\/\/www.alab.pl\/centrum-wiedzy\/wp-content\/uploads\/2025\/04\/cyklotymia.jpg\" \/>\n\t<meta property=\"og:image:width\" content=\"1837\" \/>\n\t<meta property=\"og:image:height\" content=\"1226\" \/>\n\t<meta property=\"og:image:type\" content=\"image\/jpeg\" \/>\n<meta name=\"author\" content=\"Sara Aszkie\u0142owicz\" \/>\n<meta name=\"twitter:card\" content=\"summary_large_image\" \/>\n<meta name=\"twitter:label1\" content=\"Napisane przez\" \/>\n\t<meta name=\"twitter:data1\" content=\"Sara Aszkie\u0142owicz\" \/>\n\t<meta name=\"twitter:label2\" content=\"Szacowany czas czytania\" \/>\n\t<meta name=\"twitter:data2\" content=\"6 minut\" \/>\n\t<meta name=\"twitter:label3\" content=\"Written by\" \/>\n\t<meta name=\"twitter:data3\" content=\"Sara Aszkie\u0142owicz\" \/>\n<!-- \/ Yoast SEO plugin. -->","yoast_head_json":{"title":"Czym jest cyklotymia i jakie s\u0105 jej objawy? - Centrum Wiedzy ALAB laboratoria","description":"Sprawd\u017a, co to jest cyklotymia, jakie s\u0105 jej objawy, ile trwa oraz czym r\u00f3\u017cni si\u0119 od innych zaburze\u0144, takich jak np. dystymia.","robots":{"index":"index","follow":"follow","max-snippet":"max-snippet:-1","max-image-preview":"max-image-preview:large","max-video-preview":"max-video-preview:-1"},"canonical":"https:\/\/www.alab.pl\/centrum-wiedzy\/czym-jest-cyklotymia-i-jakie-sa-jej-objawy\/","og_locale":"pl_PL","og_type":"article","og_title":"Czym jest cyklotymia i jakie s\u0105 jej objawy? - Centrum Wiedzy ALAB laboratoria","og_description":"Sprawd\u017a, co to jest cyklotymia, jakie s\u0105 jej objawy, ile trwa oraz czym r\u00f3\u017cni si\u0119 od innych zaburze\u0144, takich jak np. dystymia.","og_url":"https:\/\/www.alab.pl\/centrum-wiedzy\/czym-jest-cyklotymia-i-jakie-sa-jej-objawy\/","og_site_name":"Centrum Wiedzy ALAB laboratoria","article_publisher":"https:\/\/www.facebook.com\/ALABlaboratoria","article_published_time":"2025-04-08T08:13:42+00:00","article_modified_time":"2025-04-09T09:45:22+00:00","og_image":[{"width":1837,"height":1226,"url":"https:\/\/www.alab.pl\/centrum-wiedzy\/wp-content\/uploads\/2025\/04\/cyklotymia.jpg","type":"image\/jpeg"}],"author":"Sara Aszkie\u0142owicz","twitter_card":"summary_large_image","twitter_misc":{"Napisane przez":"Sara Aszkie\u0142owicz","Szacowany czas czytania":"6 minut","Written by":"Sara Aszkie\u0142owicz"},"schema":{"@context":"https:\/\/schema.org","@graph":[{"@type":"Article","@id":"https:\/\/www.alab.pl\/centrum-wiedzy\/czym-jest-cyklotymia-i-jakie-sa-jej-objawy\/#article","isPartOf":{"@id":"https:\/\/www.alab.pl\/centrum-wiedzy\/czym-jest-cyklotymia-i-jakie-sa-jej-objawy\/"},"author":{"name":"Sara Aszkie\u0142owicz","@id":"https:\/\/www.alab.pl\/centrum-wiedzy\/#\/schema\/person\/e1bd348f3902b896c4bf8ccdc5f54b4f"},"headline":"Czym jest cyklotymia i jakie s\u0105 jej objawy?","datePublished":"2025-04-08T08:13:42+00:00","dateModified":"2025-04-09T09:45:22+00:00","mainEntityOfPage":{"@id":"https:\/\/www.alab.pl\/centrum-wiedzy\/czym-jest-cyklotymia-i-jakie-sa-jej-objawy\/"},"wordCount":1015,"publisher":{"@id":"https:\/\/www.alab.pl\/centrum-wiedzy\/#organization"},"image":{"@id":"https:\/\/www.alab.pl\/centrum-wiedzy\/czym-jest-cyklotymia-i-jakie-sa-jej-objawy\/#primaryimage"},"thumbnailUrl":"https:\/\/www.alab.pl\/centrum-wiedzy\/wp-content\/uploads\/2025\/04\/cyklotymia.jpg","articleSection":["Choroby uk\u0142adu nerwowego","Zdrowie psychiczne"],"inLanguage":"pl-PL"},{"@type":"WebPage","@id":"https:\/\/www.alab.pl\/centrum-wiedzy\/czym-jest-cyklotymia-i-jakie-sa-jej-objawy\/","url":"https:\/\/www.alab.pl\/centrum-wiedzy\/czym-jest-cyklotymia-i-jakie-sa-jej-objawy\/","name":"Czym jest cyklotymia i jakie s\u0105 jej objawy? - Centrum Wiedzy ALAB laboratoria","isPartOf":{"@id":"https:\/\/www.alab.pl\/centrum-wiedzy\/#website"},"primaryImageOfPage":{"@id":"https:\/\/www.alab.pl\/centrum-wiedzy\/czym-jest-cyklotymia-i-jakie-sa-jej-objawy\/#primaryimage"},"image":{"@id":"https:\/\/www.alab.pl\/centrum-wiedzy\/czym-jest-cyklotymia-i-jakie-sa-jej-objawy\/#primaryimage"},"thumbnailUrl":"https:\/\/www.alab.pl\/centrum-wiedzy\/wp-content\/uploads\/2025\/04\/cyklotymia.jpg","datePublished":"2025-04-08T08:13:42+00:00","dateModified":"2025-04-09T09:45:22+00:00","description":"Sprawd\u017a, co to jest cyklotymia, jakie s\u0105 jej objawy, ile trwa oraz czym r\u00f3\u017cni si\u0119 od innych zaburze\u0144, takich jak np. dystymia.","breadcrumb":{"@id":"https:\/\/www.alab.pl\/centrum-wiedzy\/czym-jest-cyklotymia-i-jakie-sa-jej-objawy\/#breadcrumb"},"inLanguage":"pl-PL","potentialAction":[{"@type":"ReadAction","target":["https:\/\/www.alab.pl\/centrum-wiedzy\/czym-jest-cyklotymia-i-jakie-sa-jej-objawy\/"]}]},{"@type":"ImageObject","inLanguage":"pl-PL","@id":"https:\/\/www.alab.pl\/centrum-wiedzy\/czym-jest-cyklotymia-i-jakie-sa-jej-objawy\/#primaryimage","url":"https:\/\/www.alab.pl\/centrum-wiedzy\/wp-content\/uploads\/2025\/04\/cyklotymia.jpg","contentUrl":"https:\/\/www.alab.pl\/centrum-wiedzy\/wp-content\/uploads\/2025\/04\/cyklotymia.jpg","width":1837,"height":1226,"caption":"cyklotymia"},{"@type":"BreadcrumbList","@id":"https:\/\/www.alab.pl\/centrum-wiedzy\/czym-jest-cyklotymia-i-jakie-sa-jej-objawy\/#breadcrumb","itemListElement":[{"@type":"ListItem","position":1,"name":"Strona g\u0142\u00f3wna","item":"https:\/\/www.alab.pl\/centrum-wiedzy\/"},{"@type":"ListItem","position":2,"name":"Czym jest cyklotymia i jakie s\u0105 jej objawy?"}]},{"@type":"WebSite","@id":"https:\/\/www.alab.pl\/centrum-wiedzy\/#website","url":"https:\/\/www.alab.pl\/centrum-wiedzy\/","name":"Centrum Wiedzy ALAB laboratoria","description":"","publisher":{"@id":"https:\/\/www.alab.pl\/centrum-wiedzy\/#organization"},"potentialAction":[{"@type":"SearchAction","target":{"@type":"EntryPoint","urlTemplate":"https:\/\/www.alab.pl\/centrum-wiedzy\/?s={search_term_string}"},"query-input":{"@type":"PropertyValueSpecification","valueRequired":true,"valueName":"search_term_string"}}],"inLanguage":"pl-PL"},{"@type":"Organization","@id":"https:\/\/www.alab.pl\/centrum-wiedzy\/#organization","name":"Centrum Wiedzy ALAB laboratoria","url":"https:\/\/www.alab.pl\/centrum-wiedzy\/","logo":{"@type":"ImageObject","inLanguage":"pl-PL","@id":"https:\/\/www.alab.pl\/centrum-wiedzy\/#\/schema\/logo\/image\/","url":"https:\/\/www.alab.pl\/centrum-wiedzy\/wp-content\/uploads\/2022\/04\/alabek.jpg","contentUrl":"https:\/\/www.alab.pl\/centrum-wiedzy\/wp-content\/uploads\/2022\/04\/alabek.jpg","width":1250,"height":1251,"caption":"Centrum Wiedzy ALAB laboratoria"},"image":{"@id":"https:\/\/www.alab.pl\/centrum-wiedzy\/#\/schema\/logo\/image\/"},"sameAs":["https:\/\/www.facebook.com\/ALABlaboratoria"]},{"@type":"Person","@id":"https:\/\/www.alab.pl\/centrum-wiedzy\/#\/schema\/person\/e1bd348f3902b896c4bf8ccdc5f54b4f","name":"Sara Aszkie\u0142owicz","image":{"@type":"ImageObject","inLanguage":"pl-PL","@id":"https:\/\/www.alab.pl\/centrum-wiedzy\/wp-content\/uploads\/2024\/12\/Sara-Aszkielowicz.jpga3c8b438ba9bbe816fb0922931f740b7","url":"https:\/\/www.alab.pl\/centrum-wiedzy\/wp-content\/uploads\/2024\/12\/Sara-Aszkielowicz.jpg","contentUrl":"https:\/\/www.alab.pl\/centrum-wiedzy\/wp-content\/uploads\/2024\/12\/Sara-Aszkielowicz.jpg","caption":"Sara Aszkie\u0142owicz"},"description":"Absolwentka Wydzia\u0142u Lekarskiego Uniwersytetu Medycznego w \u0141odzi, obecnie odbywaj\u0105ca szkolenie specjalizacyjne w Klinice Endokrynologii i Chor\u00f3b Metabolicznych Instytutu Centrum Zdrowia Matki Polki w \u0141odzi. Jej zainteresowania naukowe koncentruj\u0105 si\u0119 na zaburzeniach wzrastania, przedwczesnym i op\u00f3\u017aniaj\u0105cym si\u0119 dojrzewaniu p\u0142ciowym, chorobach nadnerczy oraz zaburzeniach mineralizacji ko\u015bci i gospodarki wapniowo-fosforanowej u dzieci.","url":"https:\/\/www.alab.pl\/centrum-wiedzy\/author\/sara-aszkielowicz\/"}]}},"_links":{"self":[{"href":"https:\/\/www.alab.pl\/centrum-wiedzy\/wp-json\/wp\/v2\/posts\/22858","targetHints":{"allow":["GET"]}}],"collection":[{"href":"https:\/\/www.alab.pl\/centrum-wiedzy\/wp-json\/wp\/v2\/posts"}],"about":[{"href":"https:\/\/www.alab.pl\/centrum-wiedzy\/wp-json\/wp\/v2\/types\/post"}],"author":[{"embeddable":true,"href":"https:\/\/www.alab.pl\/centrum-wiedzy\/wp-json\/wp\/v2\/users\/175"}],"replies":[{"embeddable":true,"href":"https:\/\/www.alab.pl\/centrum-wiedzy\/wp-json\/wp\/v2\/comments?post=22858"}],"version-history":[{"count":5,"href":"https:\/\/www.alab.pl\/centrum-wiedzy\/wp-json\/wp\/v2\/posts\/22858\/revisions"}],"predecessor-version":[{"id":22864,"href":"https:\/\/www.alab.pl\/centrum-wiedzy\/wp-json\/wp\/v2\/posts\/22858\/revisions\/22864"}],"wp:featuredmedia":[{"embeddable":true,"href":"https:\/\/www.alab.pl\/centrum-wiedzy\/wp-json\/wp\/v2\/media\/22863"}],"wp:attachment":[{"href":"https:\/\/www.alab.pl\/centrum-wiedzy\/wp-json\/wp\/v2\/media?parent=22858"}],"wp:term":[{"taxonomy":"category","embeddable":true,"href":"https:\/\/www.alab.pl\/centrum-wiedzy\/wp-json\/wp\/v2\/categories?post=22858"},{"taxonomy":"post_tag","embeddable":true,"href":"https:\/\/www.alab.pl\/centrum-wiedzy\/wp-json\/wp\/v2\/tags?post=22858"},{"taxonomy":"author","embeddable":true,"href":"https:\/\/www.alab.pl\/centrum-wiedzy\/wp-json\/wp\/v2\/coauthors?post=22858"}],"curies":[{"name":"wp","href":"https:\/\/api.w.org\/{rel}","templated":true}]}}