{"id":22868,"date":"2025-04-08T14:01:09","date_gmt":"2025-04-08T12:01:09","guid":{"rendered":"https:\/\/www.alab.pl\/centrum-wiedzy\/?p=22868"},"modified":"2025-06-12T14:32:55","modified_gmt":"2025-06-12T12:32:55","slug":"zapalenie-zatok-objawy-przyczyny-rodzaje-i-leczenie","status":"publish","type":"post","link":"https:\/\/www.alab.pl\/centrum-wiedzy\/zapalenie-zatok-objawy-przyczyny-rodzaje-i-leczenie\/","title":{"rendered":"Zapalenie zatok: objawy, przyczyny, rodzaje i leczenie"},"content":{"rendered":"\n<p><strong>B\u00f3l g\u0142owy, uczucie rozpierania twarzy i niedro\u017cno\u015b\u0107 nosa to cz\u0119ste objawy, kt\u00f3re mog\u0105 \u015bwiadczy\u0107 o zapaleniu zatok. Ta powszechna dolegliwo\u015b\u0107 dotyka osoby w r\u00f3\u017cnym wieku, zar\u00f3wno dzieci, jak i doros\u0142ych, i potrafi znacznie obni\u017cy\u0107 jako\u015b\u0107 \u017cycia. Mo\u017ce przyjmowa\u0107 r\u00f3\u017cne formy \u2013 od \u0142agodnych infekcji wirusowych po przewlek\u0142e stany zapalne o pod\u0142o\u017cu alergicznym lub grzybiczym. R\u00f3\u017cnorodno\u015b\u0107 objaw\u00f3w i przyczyn sprawia, \u017ce nie zawsze \u0142atwo jest postawi\u0107 trafn\u0105 diagnoz\u0119. Dlatego warto wiedzie\u0107, jak rozpozna\u0107 zapalenie zatok, jak d\u0142ugo mog\u0105 utrzymywa\u0107 si\u0119 jego objawy oraz kiedy konieczna jest konsultacja z lekarzem specjalist\u0105. W tym artykule znajdziesz odpowiedzi na najcz\u0119stsze pytania, poznasz skuteczne metody leczenia oraz dowiesz si\u0119, jak zapobiega\u0107 nawrotom choroby.<\/strong><\/p>\n\n\n\n<p>Spis tre\u015bci:<\/p>\n\n\n\n<ol class=\"wp-block-list\">\n<li><a href=\"#Rodzaje-zapalenia-zatok\">Rodzaje zapalenia zatok<\/a><\/li>\n\n\n\n<li><a href=\"#Jakie-s\u0105-objawy-zapalenia-zatok?\">Jakie s\u0105 objawy zapalenia zatok?<\/a><\/li>\n\n\n\n<li><a href=\"#Ile-trwa-zapalenie-zatok?\">Ile trwa zapalenie zatok?<\/a><\/li>\n\n\n\n<li><a href=\"#Diagnostyka-zapalenia-zatok\">Diagnostyka zapalenia zatok<\/a><\/li>\n\n\n\n<li><a href=\"#Leczenie-zapalenia-zatok\">Leczenie zapalenia zatok<\/a><\/li>\n\n\n\n<li><a href=\"#Zapalenie-zatok-\u2013-podsumowanie\">Zapalenie zatok \u2013 podsumowanie<\/a><\/li>\n<\/ol>\n\n\n\n<h2 class=\"wp-block-heading\" id=\"Rodzaje-zapalenia-zatok\">Rodzaje zapalenia zatok<\/h2>\n\n\n\n<p><strong>Zapalenie zatok przynosowych (ZZP)<\/strong> to stan zapalny b\u0142ony \u015bluzowej nosa i zatok, kt\u00f3ry mo\u017ce mie\u0107 r\u00f3\u017cn\u0105 etiologi\u0119 i przebieg. W zale\u017cno\u015bci od czasu trwania oraz przyczyn, wyr\u00f3\u017cnia si\u0119:<\/p>\n\n\n\n<ul class=\"wp-block-list\">\n<li><strong>ostre zapalenie zatok (OZZP)<\/strong> \u2013 trwa kr\u00f3cej ni\u017c 12 tygodni. W jego przebiegu objawy ust\u0119puj\u0105 ca\u0142kowicie. Mo\u017ce mie\u0107 charakter:\n<ul class=\"wp-block-list\">\n<li><strong>wirusowy<\/strong> \u2013 objawy trwaj\u0105 zwykle &lt;10 dni i najcz\u0119\u015bciej wynikaj\u0105 z przezi\u0119bienia,<\/li>\n\n\n\n<li><strong>powirusowy<\/strong> \u2013 wyst\u0119puje, gdy po kilku dniach poprawy stan zdrowia ulega ponownemu pogorszeniu,<\/li>\n\n\n\n<li><strong>bakteryjny<\/strong> \u2013 podejrzewany, gdy wyst\u0119puj\u0105 m.in. gor\u0105czka &gt;38\u00b0C, ropna wydzielina, silny b\u00f3l twarzy;<\/li>\n<\/ul>\n<\/li>\n\n\n\n<li><strong>przewlek\u0142e zapalenie zatok (PZZP)<\/strong> \u2013 trwa d\u0142u\u017cej ni\u017c 12 tygodni. Objawy mog\u0105 ust\u0119powa\u0107 okresowo, ale nie znikaj\u0105 ca\u0142kowicie. Wyr\u00f3\u017cnia si\u0119 m.in. PZZP z polipami nosa, zapalenie o pod\u0142o\u017cu alergicznym, grzybiczym, immunologicznym lub zwi\u0105zane z wadami anatomicznymi;<\/li>\n\n\n\n<li><strong>alergiczne zapalenie zatok<\/strong> \u2013 wi\u0105\u017ce si\u0119 z przewlek\u0142ym stanem zapalnym wywo\u0142anym reakcj\u0105 uczuleniow\u0105. Objawom towarzyszy cz\u0119sto katar sienny, \u015bwi\u0105d nosa, kichanie oraz uczucie zatkanego nosa, zw\u0142aszcza w sezonie pylenia ro\u015blin.<\/li>\n<\/ul>\n\n\n<div class=\"wp-block-image\">\n<figure class=\"aligncenter size-full is-resized\"><img loading=\"lazy\" decoding=\"async\" width=\"890\" height=\"604\" src=\"https:\/\/www.alab.pl\/centrum-wiedzy\/wp-content\/uploads\/2025\/06\/zatoki_infografika.jpg\" alt=\"zatoki_infografika\" class=\"wp-image-24338\" style=\"width:836px;height:auto\" srcset=\"https:\/\/www.alab.pl\/centrum-wiedzy\/wp-content\/uploads\/2025\/06\/zatoki_infografika.jpg 890w, https:\/\/www.alab.pl\/centrum-wiedzy\/wp-content\/uploads\/2025\/06\/zatoki_infografika-768x521.jpg 768w, https:\/\/www.alab.pl\/centrum-wiedzy\/wp-content\/uploads\/2025\/06\/zatoki_infografika-150x102.jpg 150w, https:\/\/www.alab.pl\/centrum-wiedzy\/wp-content\/uploads\/2025\/06\/zatoki_infografika-300x204.jpg 300w, https:\/\/www.alab.pl\/centrum-wiedzy\/wp-content\/uploads\/2025\/06\/zatoki_infografika-696x472.jpg 696w\" sizes=\"auto, (max-width: 890px) 100vw, 890px\" \/><\/figure><\/div>\n\n\n<p><strong>&gt;&gt; Przeczytaj r\u00f3wnie\u017c<\/strong>: <a href=\"https:\/\/www.alab.pl\/centrum-wiedzy\/niezyt-nosa-i-astma-czy-to-alergia\/\"><strong>Nie\u017cyt nosa i astma \u2013 czy to alergia?<\/strong><\/a><\/p>\n\n\n\n<h2 class=\"wp-block-heading\" id=\"Jakie-s\u0105-objawy-zapalenia-zatok?\">Jakie s\u0105 objawy zapalenia zatok?<\/h2>\n\n\n\n<p>Objawy zapalenia zatok s\u0105 zr\u00f3\u017cnicowane i zale\u017c\u0105 od przyczyny oraz lokalizacji stanu zapalnego. Najcz\u0119\u015bciej wyst\u0119puj\u0105:<\/p>\n\n\n\n<ul class=\"wp-block-list\">\n<li>uczucie rozpierania lub b\u00f3l w okolicy czo\u0142a, policzk\u00f3w, nasady nosa lub mi\u0119dzy oczami,<\/li>\n\n\n\n<li>niedro\u017cno\u015b\u0107 nosa, utrudnione oddychanie przez nos,<\/li>\n\n\n\n<li>wydzielina z nosa (katar przedni \u2013 wodnisty lub g\u0119sty, oraz sp\u0142ywaj\u0105ca po tylnej \u015bcianie gard\u0142a),<\/li>\n\n\n\n<li>os\u0142abienie w\u0119chu lub jego ca\u0142kowita utrata,<\/li>\n\n\n\n<li>b\u00f3l g\u0142owy nasilaj\u0105cy si\u0119 przy pochylaniu, kaszlu lub wysi\u0142ku fizycznym,<\/li>\n\n\n\n<li>kaszel, szczeg\u00f3lnie nasilaj\u0105cy si\u0119 noc\u0105 i nad ranem,<\/li>\n\n\n\n<li>gor\u0105czka lub stan podgor\u0105czkowy,<\/li>\n\n\n\n<li>uczucie zm\u0119czenia, og\u00f3lnego rozbicia, obni\u017cona koncentracja.<\/li>\n<\/ul>\n\n\n\n<p>W przypadku przewlek\u0142ego stanu zapalnego objawy mog\u0105 by\u0107 mniej nasilone, ale utrzymuj\u0105 si\u0119 przez d\u0142ugi czas. W zaawansowanych przypadkach mog\u0105 wyst\u0105pi\u0107 objawy neurologiczne, takie jak silny b\u00f3l g\u0142owy, sztywno\u015b\u0107 karku czy zaburzenia widzenia. S\u0105 to sygna\u0142y alarmowe, kt\u00f3re wymagaj\u0105 pilnej interwencji medycznej.<\/p>\n\n\n\n<h2 class=\"wp-block-heading\" id=\"Ile-trwa-zapalenie-zatok?\">Ile trwa zapalenie zatok?<\/h2>\n\n\n\n<p>Czas trwania zapalenia zatok zale\u017cy od jego postaci i zastosowanego leczenia:<\/p>\n\n\n\n<ul class=\"wp-block-list\">\n<li><strong>wirusowe zapalenie zatok<\/strong> \u2013 zazwyczaj ust\u0119puje samoistnie w ci\u0105gu 7\u201310 dni i nie wymaga antybiotykoterapii.<\/li>\n\n\n\n<li><strong>powirusowe i bakteryjne<\/strong> \u2013 objawy mog\u0105 utrzymywa\u0107 si\u0119 od 10 dni do 3 tygodni, a leczenie cz\u0119sto wymaga konsultacji z lekarzem i wdro\u017cenia odpowiedniej terapii.<\/li>\n\n\n\n<li><strong>przewlek\u0142e zapalenie zatok<\/strong> \u2013 trwa d\u0142u\u017cej ni\u017c 12 tygodni, cz\u0119sto nawraca i mo\u017ce wymaga\u0107 d\u0142ugotrwa\u0142ego leczenia oraz diagnostyki w kierunku chor\u00f3b wsp\u00f3\u0142istniej\u0105cych, takich jak alergie czy wady anatomiczne.<\/li>\n<\/ul>\n\n\n\n<figure class=\"wp-block-table\"><table class=\"has-fixed-layout\"><tbody><tr><td><strong>Warto pami\u0119ta\u0107<\/strong>!<br>Przed\u0142u\u017caj\u0105ce si\u0119 objawy, szczeg\u00f3lnie je\u015bli wyst\u0119puj\u0105 cyklicznie lub nie reaguj\u0105 na leczenie objawowe, s\u0105 wskazaniem do wykonania specjalistycznych bada\u0144 i oceny przez laryngologa.<\/td><\/tr><\/tbody><\/table><\/figure>\n\n\n\n<h2 class=\"wp-block-heading\" id=\"Diagnostyka-zapalenia-zatok\">Diagnostyka zapalenia zatok<\/h2>\n\n\n\n<p>Rozpoznanie zapalenia zatok w warunkach podstawowej opieki zdrowotnej opiera si\u0119 g\u0142\u00f3wnie na objawach klinicznych. W razie w\u0105tpliwo\u015bci stosuje si\u0119 dodatkowe badania:<\/p>\n\n\n\n<ul class=\"wp-block-list\">\n<li><a href=\"https:\/\/www.alab.pl\/badanie\/morfologia-krwi-c55\"><strong>morfologia krwi<\/strong><\/a> \u2013 mo\u017ce ujawni\u0107 zwi\u0119kszon\u0105 liczb\u0119 leukocyt\u00f3w lub eozynofili\u0119 wskazuj\u0105c\u0105 na pod\u0142o\u017ce alergiczne.<\/li>\n\n\n\n<li><a href=\"https:\/\/www.alab.pl\/badanie\/bialko-c-reaktywne-crp-ilosciowe-i81\"><strong>CRP<\/strong><\/a> \u2013 pomaga r\u00f3\u017cnicowa\u0107 infekcje wirusowe i bakteryjne, u\u0142atwiaj\u0105c dob\u00f3r odpowiedniego leczenia.<\/li>\n\n\n\n<li><strong>badanie przedmiotowe<\/strong> \u2013 ocena b\u0142ony \u015bluzowej nosa, obecno\u015bci wydzieliny, zaczerwienienia, obrz\u0119ku.<\/li>\n<\/ul>\n\n\n\n<ul class=\"wp-block-list\">\n<li><strong>endoskopia nosa<\/strong> \u2013 pozwala oceni\u0107 obecno\u015b\u0107 polip\u00f3w, blokad uj\u015b\u0107 zatok, nadmiar wydzieliny i ogniska zapalne.<\/li>\n\n\n\n<li><strong>tomografia komputerowa (TK)<\/strong> \u2013 przydatna w przewlek\u0142ym zapaleniu zatok, przy podejrzeniu powik\u0142a\u0144 lub przed planowanym leczeniem operacyjnym.<\/li>\n<\/ul>\n\n\n\n<p>W przypadku podejrzenia zapalenia zatok o pod\u0142o\u017cu alergicznym warto wykona\u0107 r\u00f3wnie\u017c testy sk\u00f3rne lub oznaczenie swoistych IgE we krwi.<\/p>\n\n\n\n<figure class=\"wp-block-image size-full\"><a href=\"https:\/\/www.alab.pl\/pakiet\/niezyt-nosa-u-doroslych-pakiet-alergenow\" target=\"_blank\" rel=\" noreferrer noopener\"><img loading=\"lazy\" decoding=\"async\" width=\"800\" height=\"200\" src=\"https:\/\/www.alab.pl\/centrum-wiedzy\/wp-content\/uploads\/2025\/04\/Pakiet-alergenow-\u2013-niezyt-nosa-u-doroslych-9-badan.jpg\" alt=\"Pakiet alergeno\u0301w \u2013 niez\u0307yt nosa u doros\u0142ych (9 badan\u0301) banerek\" class=\"wp-image-22744\" srcset=\"https:\/\/www.alab.pl\/centrum-wiedzy\/wp-content\/uploads\/2025\/04\/Pakiet-alergenow-\u2013-niezyt-nosa-u-doroslych-9-badan.jpg 800w, https:\/\/www.alab.pl\/centrum-wiedzy\/wp-content\/uploads\/2025\/04\/Pakiet-alergenow-\u2013-niezyt-nosa-u-doroslych-9-badan-768x192.jpg 768w, https:\/\/www.alab.pl\/centrum-wiedzy\/wp-content\/uploads\/2025\/04\/Pakiet-alergenow-\u2013-niezyt-nosa-u-doroslych-9-badan-150x38.jpg 150w, https:\/\/www.alab.pl\/centrum-wiedzy\/wp-content\/uploads\/2025\/04\/Pakiet-alergenow-\u2013-niezyt-nosa-u-doroslych-9-badan-300x75.jpg 300w, https:\/\/www.alab.pl\/centrum-wiedzy\/wp-content\/uploads\/2025\/04\/Pakiet-alergenow-\u2013-niezyt-nosa-u-doroslych-9-badan-696x174.jpg 696w\" sizes=\"auto, (max-width: 800px) 100vw, 800px\" \/><\/a><\/figure>\n\n\n\n<figure class=\"wp-block-image size-full\"><a href=\"https:\/\/www.alab.pl\/badanie\/bialko-c-reaktywne-crp-ilosciowe-i81\" target=\"_blank\" rel=\" noreferrer noopener\"><img loading=\"lazy\" decoding=\"async\" width=\"800\" height=\"200\" src=\"https:\/\/www.alab.pl\/centrum-wiedzy\/wp-content\/uploads\/2025\/02\/Badanie-CRP-bialko-C-reaktywne.jpg\" alt=\"Badanie CRP - (bia\u0142ko C-reaktywne) banerek\" class=\"wp-image-21101\" srcset=\"https:\/\/www.alab.pl\/centrum-wiedzy\/wp-content\/uploads\/2025\/02\/Badanie-CRP-bialko-C-reaktywne.jpg 800w, https:\/\/www.alab.pl\/centrum-wiedzy\/wp-content\/uploads\/2025\/02\/Badanie-CRP-bialko-C-reaktywne-768x192.jpg 768w, https:\/\/www.alab.pl\/centrum-wiedzy\/wp-content\/uploads\/2025\/02\/Badanie-CRP-bialko-C-reaktywne-150x38.jpg 150w, https:\/\/www.alab.pl\/centrum-wiedzy\/wp-content\/uploads\/2025\/02\/Badanie-CRP-bialko-C-reaktywne-300x75.jpg 300w, https:\/\/www.alab.pl\/centrum-wiedzy\/wp-content\/uploads\/2025\/02\/Badanie-CRP-bialko-C-reaktywne-696x174.jpg 696w\" sizes=\"auto, (max-width: 800px) 100vw, 800px\" \/><\/a><\/figure>\n\n\n\n<p><strong>&gt;&gt; Przeczytaj r\u00f3wnie\u017c: <\/strong><a href=\"https:\/\/www.alab.pl\/centrum-wiedzy\/alergia-ige-zalezna-czyli-jaka\/\"><strong>Alergia IgE-zale\u017cna, czyli jaka?<\/strong><\/a><strong><\/strong><\/p>\n\n\n\n<h2 class=\"wp-block-heading\" id=\"Leczenie-zapalenia-zatok\">Leczenie zapalenia zatok<\/h2>\n\n\n\n<p>Leczenie zapalenia zatok zale\u017cy od przyczyny, nasilenia objaw\u00f3w oraz og\u00f3lnego stanu zdrowia pacjenta:<\/p>\n\n\n\n<ul class=\"wp-block-list\">\n<li><strong>wirusowe zapalenie zatok<\/strong>:\n<ul class=\"wp-block-list\">\n<li>p\u0142ukanie nosa roztworem soli fizjologicznej lub preparatami z ksylitolem,<\/li>\n\n\n\n<li>leki przeciwb\u00f3lowe i przeciwgor\u0105czkowe (np. paracetamol, ibuprofen),<\/li>\n\n\n\n<li>kr\u00f3tkotrwa\u0142e stosowanie lek\u00f3w obkurczaj\u0105cych b\u0142on\u0119 \u015bluzow\u0105 nosa;<\/li>\n<\/ul>\n<\/li>\n\n\n\n<li><strong>bakteryjne zapalenie zatok<\/strong>:\n<ul class=\"wp-block-list\">\n<li>antybiotykoterapia (najcz\u0119\u015bciej amoksycylina z kwasem klawulanowym),<\/li>\n\n\n\n<li>donosowe glikokortykosteroidy,<\/li>\n\n\n\n<li>leczenie objawowe jak w przypadku zaka\u017cenia wirusowego;<\/li>\n<\/ul>\n<\/li>\n\n\n\n<li><strong>przewlek\u0142e zapalenie zatok<\/strong>:\n<ul class=\"wp-block-list\">\n<li>d\u0142ugoterminowe stosowanie GKS donosowych,<\/li>\n\n\n\n<li>regularne p\u0142ukanie nosa,<\/li>\n\n\n\n<li>leczenie przyczynowe (np. eliminacja alergen\u00f3w, korekcja przegrody nosa),<\/li>\n\n\n\n<li>w razie braku poprawy \u2013 operacja FESS (endoskopowa operacja zatok).<\/li>\n<\/ul>\n<\/li>\n<\/ul>\n\n\n\n<p>W ka\u017cdym przypadku kluczowe jest indywidualne podej\u015bcie oraz monitorowanie efekt\u00f3w leczenia. Niew\u0142a\u015bciwe lub zbyt p\u00f3\u017ano rozpocz\u0119te leczenie mo\u017ce prowadzi\u0107 do powik\u0142a\u0144, takich jak zapalenie oczodo\u0142u, ropie\u0144 m\u00f3zgu czy zapalenie opon m\u00f3zgowo-rdzeniowych.<\/p>\n\n\n\n<h2 class=\"wp-block-heading\" id=\"Zapalenie-zatok-\u2013-podsumowanie\">Zapalenie zatok \u2013 podsumowanie<\/h2>\n\n\n\n<p>Najwa\u017cniejsze informacje:<\/p>\n\n\n\n<ul class=\"wp-block-list\">\n<li><strong>Zapalenie zatok mo\u017ce by\u0107 spowodowane przez infekcje, alergie lub czynniki anatomiczne.<\/strong><\/li>\n\n\n\n<li><strong>Objawy to m.in. b\u00f3l g\u0142owy, niedro\u017cno\u015b\u0107 nosa i wydzielina.<\/strong><\/li>\n\n\n\n<li><strong>Ostre zapalenie zwykle ust\u0119puje w ci\u0105gu tygodnia.<\/strong><\/li>\n\n\n\n<li><strong>Brak poprawy lub przewlek\u0142y przebieg wymaga diagnostyki.<\/strong><\/li>\n\n\n\n<li><strong>Leczenie dobiera si\u0119 indywidualnie \u2013 nie zawsze potrzebne s\u0105 antybiotyki.<\/strong><\/li>\n<\/ul>\n\n\n\n<hr class=\"wp-block-separator has-alpha-channel-opacity\"\/>\n\n\n\n<p><strong>Bibliografia<\/strong><\/p>\n\n\n\n<ol start=\"1\" class=\"wp-block-list\">\n<li>Gajewski P., Jaeschke R. (red.): Interna Szczeklika 2024\/2025, Medycyna Praktyczna, Krak\u00f3w 2024.<\/li>\n\n\n\n<li>Patel Z. M.: UpToDate \u2013 Acute sinusitis and rhinosinusitis in adults: Clinical manifestations and diagnosis.<\/li>\n\n\n\n<li>Patel Z. M.: UpToDate \u2013 Uncomplicated acute sinusitis and rhinosinusitis in adults: Treatment.<\/li>\n<\/ol>\n","protected":false},"excerpt":{"rendered":"<p>Sprawd\u017a, jak rozpozna\u0107 zapalenie zatok, jak d\u0142ugo mog\u0105 utrzymywa\u0107 si\u0119 jego objawy oraz kiedy konieczna jest konsultacja z lekarzem.<\/p>\n","protected":false},"author":176,"featured_media":22875,"comment_status":"closed","ping_status":"closed","sticky":false,"template":"","format":"standard","meta":{"_acf_changed":false,"inline_featured_image":false,"footnotes":""},"categories":[23],"tags":[],"coauthors":[177],"class_list":{"0":"post-22868","1":"post","2":"type-post","3":"status-publish","4":"format-standard","5":"has-post-thumbnail","7":"category-infekcje-i-pasozyty"},"acf":[],"yoast_head":"<!-- This site is optimized with the Yoast SEO plugin v27.5 - https:\/\/yoast.com\/product\/yoast-seo-wordpress\/ -->\n<title>Zapalenie zatok: objawy, przyczyny, rodzaje i leczenie - Centrum Wiedzy ALAB laboratoria<\/title>\n<meta name=\"description\" content=\"Sprawd\u017a, jak rozpozna\u0107 zapalenie zatok, jak d\u0142ugo mog\u0105 utrzymywa\u0107 si\u0119 jego objawy oraz kiedy konieczna jest konsultacja z lekarzem.\" \/>\n<meta name=\"robots\" content=\"index, follow, max-snippet:-1, max-image-preview:large, max-video-preview:-1\" \/>\n<link rel=\"canonical\" href=\"https:\/\/www.alab.pl\/centrum-wiedzy\/zapalenie-zatok-objawy-przyczyny-rodzaje-i-leczenie\/\" \/>\n<meta property=\"og:locale\" content=\"pl_PL\" \/>\n<meta property=\"og:type\" content=\"article\" \/>\n<meta property=\"og:title\" content=\"Zapalenie zatok: objawy, przyczyny, rodzaje i leczenie - Centrum Wiedzy ALAB laboratoria\" \/>\n<meta property=\"og:description\" content=\"Sprawd\u017a, jak rozpozna\u0107 zapalenie zatok, jak d\u0142ugo mog\u0105 utrzymywa\u0107 si\u0119 jego objawy oraz kiedy konieczna jest konsultacja z lekarzem.\" \/>\n<meta property=\"og:url\" content=\"https:\/\/www.alab.pl\/centrum-wiedzy\/zapalenie-zatok-objawy-przyczyny-rodzaje-i-leczenie\/\" \/>\n<meta property=\"og:site_name\" content=\"Centrum Wiedzy ALAB laboratoria\" \/>\n<meta property=\"article:publisher\" content=\"https:\/\/www.facebook.com\/ALABlaboratoria\" \/>\n<meta property=\"article:published_time\" content=\"2025-04-08T12:01:09+00:00\" \/>\n<meta property=\"article:modified_time\" content=\"2025-06-12T12:32:55+00:00\" \/>\n<meta property=\"og:image\" content=\"https:\/\/www.alab.pl\/centrum-wiedzy\/wp-content\/uploads\/2025\/04\/zapalenie_zatok-scaled.jpg\" \/>\n\t<meta property=\"og:image:width\" content=\"2560\" \/>\n\t<meta property=\"og:image:height\" content=\"1441\" \/>\n\t<meta property=\"og:image:type\" content=\"image\/jpeg\" \/>\n<meta name=\"author\" content=\"Katarzyna Ciep\u0142ucha\" \/>\n<meta name=\"twitter:card\" content=\"summary_large_image\" \/>\n<meta name=\"twitter:label1\" content=\"Napisane przez\" \/>\n\t<meta name=\"twitter:data1\" content=\"Katarzyna Ciep\u0142ucha\" \/>\n\t<meta name=\"twitter:label2\" content=\"Szacowany czas czytania\" \/>\n\t<meta name=\"twitter:data2\" content=\"6 minut\" \/>\n\t<meta name=\"twitter:label3\" content=\"Written by\" \/>\n\t<meta name=\"twitter:data3\" content=\"Katarzyna Ciep\u0142ucha\" \/>\n<!-- \/ Yoast SEO plugin. -->","yoast_head_json":{"title":"Zapalenie zatok: objawy, przyczyny, rodzaje i leczenie - Centrum Wiedzy ALAB laboratoria","description":"Sprawd\u017a, jak rozpozna\u0107 zapalenie zatok, jak d\u0142ugo mog\u0105 utrzymywa\u0107 si\u0119 jego objawy oraz kiedy konieczna jest konsultacja z lekarzem.","robots":{"index":"index","follow":"follow","max-snippet":"max-snippet:-1","max-image-preview":"max-image-preview:large","max-video-preview":"max-video-preview:-1"},"canonical":"https:\/\/www.alab.pl\/centrum-wiedzy\/zapalenie-zatok-objawy-przyczyny-rodzaje-i-leczenie\/","og_locale":"pl_PL","og_type":"article","og_title":"Zapalenie zatok: objawy, przyczyny, rodzaje i leczenie - Centrum Wiedzy ALAB laboratoria","og_description":"Sprawd\u017a, jak rozpozna\u0107 zapalenie zatok, jak d\u0142ugo mog\u0105 utrzymywa\u0107 si\u0119 jego objawy oraz kiedy konieczna jest konsultacja z lekarzem.","og_url":"https:\/\/www.alab.pl\/centrum-wiedzy\/zapalenie-zatok-objawy-przyczyny-rodzaje-i-leczenie\/","og_site_name":"Centrum Wiedzy ALAB laboratoria","article_publisher":"https:\/\/www.facebook.com\/ALABlaboratoria","article_published_time":"2025-04-08T12:01:09+00:00","article_modified_time":"2025-06-12T12:32:55+00:00","og_image":[{"width":2560,"height":1441,"url":"https:\/\/www.alab.pl\/centrum-wiedzy\/wp-content\/uploads\/2025\/04\/zapalenie_zatok-scaled.jpg","type":"image\/jpeg"}],"author":"Katarzyna Ciep\u0142ucha","twitter_card":"summary_large_image","twitter_misc":{"Napisane przez":"Katarzyna Ciep\u0142ucha","Szacowany czas czytania":"6 minut","Written by":"Katarzyna Ciep\u0142ucha"},"schema":{"@context":"https:\/\/schema.org","@graph":[{"@type":"Article","@id":"https:\/\/www.alab.pl\/centrum-wiedzy\/zapalenie-zatok-objawy-przyczyny-rodzaje-i-leczenie\/#article","isPartOf":{"@id":"https:\/\/www.alab.pl\/centrum-wiedzy\/zapalenie-zatok-objawy-przyczyny-rodzaje-i-leczenie\/"},"author":{"name":"Katarzyna Ciep\u0142ucha","@id":"https:\/\/www.alab.pl\/centrum-wiedzy\/#\/schema\/person\/5b9d2ed3c7e50aef107e24ef797f7690"},"headline":"Zapalenie zatok: objawy, przyczyny, rodzaje i leczenie","datePublished":"2025-04-08T12:01:09+00:00","dateModified":"2025-06-12T12:32:55+00:00","mainEntityOfPage":{"@id":"https:\/\/www.alab.pl\/centrum-wiedzy\/zapalenie-zatok-objawy-przyczyny-rodzaje-i-leczenie\/"},"wordCount":1018,"publisher":{"@id":"https:\/\/www.alab.pl\/centrum-wiedzy\/#organization"},"image":{"@id":"https:\/\/www.alab.pl\/centrum-wiedzy\/zapalenie-zatok-objawy-przyczyny-rodzaje-i-leczenie\/#primaryimage"},"thumbnailUrl":"https:\/\/www.alab.pl\/centrum-wiedzy\/wp-content\/uploads\/2025\/04\/zapalenie_zatok-scaled.jpg","articleSection":["Infekcje i paso\u017cyty"],"inLanguage":"pl-PL"},{"@type":"WebPage","@id":"https:\/\/www.alab.pl\/centrum-wiedzy\/zapalenie-zatok-objawy-przyczyny-rodzaje-i-leczenie\/","url":"https:\/\/www.alab.pl\/centrum-wiedzy\/zapalenie-zatok-objawy-przyczyny-rodzaje-i-leczenie\/","name":"Zapalenie zatok: objawy, przyczyny, rodzaje i leczenie - Centrum Wiedzy ALAB laboratoria","isPartOf":{"@id":"https:\/\/www.alab.pl\/centrum-wiedzy\/#website"},"primaryImageOfPage":{"@id":"https:\/\/www.alab.pl\/centrum-wiedzy\/zapalenie-zatok-objawy-przyczyny-rodzaje-i-leczenie\/#primaryimage"},"image":{"@id":"https:\/\/www.alab.pl\/centrum-wiedzy\/zapalenie-zatok-objawy-przyczyny-rodzaje-i-leczenie\/#primaryimage"},"thumbnailUrl":"https:\/\/www.alab.pl\/centrum-wiedzy\/wp-content\/uploads\/2025\/04\/zapalenie_zatok-scaled.jpg","datePublished":"2025-04-08T12:01:09+00:00","dateModified":"2025-06-12T12:32:55+00:00","description":"Sprawd\u017a, jak rozpozna\u0107 zapalenie zatok, jak d\u0142ugo mog\u0105 utrzymywa\u0107 si\u0119 jego objawy oraz kiedy konieczna jest konsultacja z lekarzem.","breadcrumb":{"@id":"https:\/\/www.alab.pl\/centrum-wiedzy\/zapalenie-zatok-objawy-przyczyny-rodzaje-i-leczenie\/#breadcrumb"},"inLanguage":"pl-PL","potentialAction":[{"@type":"ReadAction","target":["https:\/\/www.alab.pl\/centrum-wiedzy\/zapalenie-zatok-objawy-przyczyny-rodzaje-i-leczenie\/"]}]},{"@type":"ImageObject","inLanguage":"pl-PL","@id":"https:\/\/www.alab.pl\/centrum-wiedzy\/zapalenie-zatok-objawy-przyczyny-rodzaje-i-leczenie\/#primaryimage","url":"https:\/\/www.alab.pl\/centrum-wiedzy\/wp-content\/uploads\/2025\/04\/zapalenie_zatok-scaled.jpg","contentUrl":"https:\/\/www.alab.pl\/centrum-wiedzy\/wp-content\/uploads\/2025\/04\/zapalenie_zatok-scaled.jpg","width":2560,"height":1441,"caption":"zapalenie zatok"},{"@type":"BreadcrumbList","@id":"https:\/\/www.alab.pl\/centrum-wiedzy\/zapalenie-zatok-objawy-przyczyny-rodzaje-i-leczenie\/#breadcrumb","itemListElement":[{"@type":"ListItem","position":1,"name":"Strona g\u0142\u00f3wna","item":"https:\/\/www.alab.pl\/centrum-wiedzy\/"},{"@type":"ListItem","position":2,"name":"Zapalenie zatok: objawy, przyczyny, rodzaje i leczenie"}]},{"@type":"WebSite","@id":"https:\/\/www.alab.pl\/centrum-wiedzy\/#website","url":"https:\/\/www.alab.pl\/centrum-wiedzy\/","name":"Centrum Wiedzy ALAB laboratoria","description":"","publisher":{"@id":"https:\/\/www.alab.pl\/centrum-wiedzy\/#organization"},"potentialAction":[{"@type":"SearchAction","target":{"@type":"EntryPoint","urlTemplate":"https:\/\/www.alab.pl\/centrum-wiedzy\/?s={search_term_string}"},"query-input":{"@type":"PropertyValueSpecification","valueRequired":true,"valueName":"search_term_string"}}],"inLanguage":"pl-PL"},{"@type":"Organization","@id":"https:\/\/www.alab.pl\/centrum-wiedzy\/#organization","name":"Centrum Wiedzy ALAB laboratoria","url":"https:\/\/www.alab.pl\/centrum-wiedzy\/","logo":{"@type":"ImageObject","inLanguage":"pl-PL","@id":"https:\/\/www.alab.pl\/centrum-wiedzy\/#\/schema\/logo\/image\/","url":"https:\/\/www.alab.pl\/centrum-wiedzy\/wp-content\/uploads\/2022\/04\/alabek.jpg","contentUrl":"https:\/\/www.alab.pl\/centrum-wiedzy\/wp-content\/uploads\/2022\/04\/alabek.jpg","width":1250,"height":1251,"caption":"Centrum Wiedzy ALAB laboratoria"},"image":{"@id":"https:\/\/www.alab.pl\/centrum-wiedzy\/#\/schema\/logo\/image\/"},"sameAs":["https:\/\/www.facebook.com\/ALABlaboratoria"]},{"@type":"Person","@id":"https:\/\/www.alab.pl\/centrum-wiedzy\/#\/schema\/person\/5b9d2ed3c7e50aef107e24ef797f7690","name":"Katarzyna Ciep\u0142ucha","image":{"@type":"ImageObject","inLanguage":"pl-PL","@id":"https:\/\/www.alab.pl\/centrum-wiedzy\/wp-content\/uploads\/2024\/12\/Katarzyna-Cieplucha-150x150.jpgbaf6965d3f805215a2efa790220e3239","url":"https:\/\/www.alab.pl\/centrum-wiedzy\/wp-content\/uploads\/2024\/12\/Katarzyna-Cieplucha-150x150.jpg","contentUrl":"https:\/\/www.alab.pl\/centrum-wiedzy\/wp-content\/uploads\/2024\/12\/Katarzyna-Cieplucha-150x150.jpg","caption":"Katarzyna Ciep\u0142ucha"},"description":"Lekarka Oddzia\u0142u Chor\u00f3b Wewn\u0119trznych w Szpitalu Specjalistycznym im. Ludwika Rydygiera w Krakowie, absolwentka Uniwersytetu Medycznego w \u0141odzi. Pasjonatka hematologii, w szczeg\u00f3lno\u015bci chor\u00f3b uk\u0142adu krzepni\u0119cia. Do\u015bwiadczenie zdobywa\u0142a podczas zagranicznych sta\u017cy, m.in. na Oddziale Hematologii Szpitala Uniwersyteckiego w Genewie (Szwajcaria).","url":"https:\/\/www.alab.pl\/centrum-wiedzy\/author\/katarzyna-cieplucha\/"}]}},"_links":{"self":[{"href":"https:\/\/www.alab.pl\/centrum-wiedzy\/wp-json\/wp\/v2\/posts\/22868","targetHints":{"allow":["GET"]}}],"collection":[{"href":"https:\/\/www.alab.pl\/centrum-wiedzy\/wp-json\/wp\/v2\/posts"}],"about":[{"href":"https:\/\/www.alab.pl\/centrum-wiedzy\/wp-json\/wp\/v2\/types\/post"}],"author":[{"embeddable":true,"href":"https:\/\/www.alab.pl\/centrum-wiedzy\/wp-json\/wp\/v2\/users\/176"}],"replies":[{"embeddable":true,"href":"https:\/\/www.alab.pl\/centrum-wiedzy\/wp-json\/wp\/v2\/comments?post=22868"}],"version-history":[{"count":9,"href":"https:\/\/www.alab.pl\/centrum-wiedzy\/wp-json\/wp\/v2\/posts\/22868\/revisions"}],"predecessor-version":[{"id":24348,"href":"https:\/\/www.alab.pl\/centrum-wiedzy\/wp-json\/wp\/v2\/posts\/22868\/revisions\/24348"}],"wp:featuredmedia":[{"embeddable":true,"href":"https:\/\/www.alab.pl\/centrum-wiedzy\/wp-json\/wp\/v2\/media\/22875"}],"wp:attachment":[{"href":"https:\/\/www.alab.pl\/centrum-wiedzy\/wp-json\/wp\/v2\/media?parent=22868"}],"wp:term":[{"taxonomy":"category","embeddable":true,"href":"https:\/\/www.alab.pl\/centrum-wiedzy\/wp-json\/wp\/v2\/categories?post=22868"},{"taxonomy":"post_tag","embeddable":true,"href":"https:\/\/www.alab.pl\/centrum-wiedzy\/wp-json\/wp\/v2\/tags?post=22868"},{"taxonomy":"author","embeddable":true,"href":"https:\/\/www.alab.pl\/centrum-wiedzy\/wp-json\/wp\/v2\/coauthors?post=22868"}],"curies":[{"name":"wp","href":"https:\/\/api.w.org\/{rel}","templated":true}]}}