{"id":22951,"date":"2025-04-10T12:05:58","date_gmt":"2025-04-10T10:05:58","guid":{"rendered":"https:\/\/www.alab.pl\/centrum-wiedzy\/?p=22951"},"modified":"2026-02-19T20:31:04","modified_gmt":"2026-02-19T19:31:04","slug":"astma-alergiczna-objawy-diagnostyka-i-leczenie","status":"publish","type":"post","link":"https:\/\/www.alab.pl\/centrum-wiedzy\/astma-alergiczna-objawy-diagnostyka-i-leczenie\/","title":{"rendered":"Astma alergiczna (atopowa): objawy, diagnostyka i leczenie"},"content":{"rendered":"\n<p><strong>Astma alergiczna to jedna z najcz\u0119stszych postaci astmy, kt<\/strong><strong>\u00f3<\/strong><strong>ra mo<\/strong><strong>\u017ce znacz\u0105co wp\u0142ywa\u0107 na jako\u015b\u0107 \u017cycia. Je\u015bli zauwa\u017casz u siebie lub bliskich duszno\u015bci, kaszel lub \u015bwiszcz\u0105cy oddech \u2013 szczeg<\/strong><strong>\u00f3<\/strong><strong>lnie po kontakcie z potencjalnymi alergenami \u2013 ten artyku\u0142 jest dla Ciebie. Dowiesz si\u0119, czym dok\u0142adnie jest astma alergiczna, jakie s\u0105 jej objawy i jak j\u0105 skutecznie leczy\u0107.<\/strong><\/p>\n\n\n\n<p><strong>Sprawd\u017a, jak wygl\u0105da diagnostyka oraz czy istniej\u0105 skuteczne domowe sposoby wspomagaj\u0105ce terapi\u0119. Zach\u0119camy do przeczytania ca\u0142o\u015bci i do zadbania o zdrowie swoje i swoich bliskich!<\/strong><\/p>\n\n\n\n<p>Spis tre\u015bci:<\/p>\n\n\n\n<ol class=\"wp-block-list\">\n<li><a href=\"#Astma-alergiczna:-co-to-jest?\">Astma alergiczna: co to jest?<\/a><\/li>\n\n\n\n<li><a href=\"#Co-powoduje-astm\u0119-alergiczn\u0105:-przyczyny-dolegliwo\u015bci\">Co powoduje astm\u0119 alergiczn\u0105: przyczyny dolegliwo\u015bci<\/a><\/li>\n\n\n\n<li><a href=\"#Astma-alergiczna:-objawy-pocz\u0105tkowe-i-p\u00f3\u017ane\">Astma alergiczna: objawy pocz\u0105tkowe i p\u00f3\u017ane<\/a>\n<ul class=\"wp-block-list\">\n<li><a href=\"#Astma-alergiczna-a-astma-oskrzelowa:-r\u00f3\u017cnice\">Astma alergiczna a astma oskrzelowa: r\u00f3\u017cnice<\/a><\/li>\n<\/ul>\n<\/li>\n\n\n\n<li><a href=\"#Diagnostyka-astmy-alergicznej:-na-czym-polega?\">Diagnostyka astmy alergicznej: na czym polega?<\/a><\/li>\n\n\n\n<li><a href=\"#Astma-na-tle-alergicznym:-leczenie\">Astma na tle alergicznym: leczenie<\/a>\n<ul class=\"wp-block-list\">\n<li><a href=\"#Czy-astma-alergiczna-jest-wyleczalna?\">Czy astma alergiczna jest wyleczalna?<\/a><\/li>\n<\/ul>\n<\/li>\n\n\n\n<li><a href=\"#Domowe-sposoby-na-astm\u0119-alergiczn\u0105:-co-mo\u017ce-pom\u00f3c?\">Domowe sposoby na astm\u0119 alergiczn\u0105: co mo\u017ce pom\u00f3c?<\/a><\/li>\n\n\n\n<li><a href=\"#Podsumowanie-informacji-o-astmie-alergicznej\">Podsumowanie informacji o astmie alergicznej<\/a><\/li>\n<\/ol>\n\n\n\n<h2 class=\"wp-block-heading\" id=\"Astma-alergiczna:-co-to-jest?\">Astma alergiczna: co to jest?<\/h2>\n\n\n\n<p>Astma alergiczna to <strong>przewlek\u0142a choroba zapalna dr<\/strong><strong>\u00f3<\/strong><strong>g oddechowych<\/strong>, wywo\u0142ywana przez <strong>kontakt z <\/strong><a href=\"https:\/\/www.alab.pl\/centrum-wiedzy\/alergeny-czyli-co-najczesciej-uczula-rodzaje-i-lista-alergenow\/\"><strong>alergenami<\/strong><\/a>, takimi jak kurz, py\u0142ki ro\u015blin, sier\u015b\u0107 zwierz\u0105t czy ple\u015b\u0144. Reakcja alergiczna powoduje skurcz oskrzeli, nadprodukcj\u0119 \u015bluzu i trudno\u015bci w oddychaniu. Choroba ta mo\u017ce wyst\u0119powa\u0107 zar\u00f3wno u dzieci, jak i u doros\u0142ych, a jej przebieg mo\u017ce by\u0107 \u0142agodny, umiarkowany lub ci\u0119\u017cki.<\/p>\n\n\n\n<p><strong>&gt;&gt; Sprawd\u017a: <\/strong><a href=\"https:\/\/www.alab.pl\/centrum-wiedzy\/alergia-objawy-przyczyny-rodzaje-rozpoznanie\/\"><strong>Alergia: objawy, przyczyny, rodzaje, rozpoznanie<\/strong><\/a><strong><u><\/u><\/strong><\/p>\n\n\n\n<h2 class=\"wp-block-heading\" id=\"Co-powoduje-astm\u0119-alergiczn\u0105:-przyczyny-dolegliwo\u015bci\">Co powoduje astm\u0119 alergiczn\u0105? Przyczyny dolegliwo\u015bci<\/h2>\n\n\n\n<p>Podstawow\u0105 przyczyn\u0105 astmy alergicznej jest <strong>nadwra\u017cliwo\u015b\u0107 <\/strong>uk\u0142adu odporno\u015bciowego na substancje uznawane za nieszkodliwe (alergeny). Do najcz\u0119stszych alergen\u00f3w nale\u017c\u0105:<\/p>\n\n\n\n<ul class=\"wp-block-list\">\n<li><a href=\"https:\/\/www.alab.pl\/centrum-wiedzy\/alergia-na-roztocza-kurzu-domowego\/\">roztocza kurzu domowego<\/a>,<\/li>\n\n\n\n<li>py\u0142ki traw i drzew,<\/li>\n\n\n\n<li><a href=\"https:\/\/www.alab.pl\/centrum-wiedzy\/alergia-na-psy-i-koty-i-inne-zwierzeta\/\">sier\u015b\u0107 zwierz\u0105t domowych<\/a>,<\/li>\n\n\n\n<li>zarodniki ple\u015bni,<\/li>\n\n\n\n<li>niekt\u00f3re pokarmy (np. mleko, orzechy, jajka).<\/li>\n<\/ul>\n\n\n\n<p>Czynniki ryzyka obejmuj\u0105 tak\u017ce predyspozycje genetyczne, cz\u0119ste infekcje dr\u00f3g oddechowych we wczesnym dzieci\u0144stwie oraz ekspozycj\u0119 na dym tytoniowy.<\/p>\n\n\n\n<p><strong>&gt;&gt; Zobacz: <\/strong><a href=\"https:\/\/www.alab.pl\/centrum-wiedzy\/alergia-na-jajko-i-orzechy-czyli-dieta-eliminacyjna-w-praktyce\/\"><strong>Alergia na jajko i orzechy, czyli dieta eliminacyjna w praktyce<\/strong><\/a><strong><u><\/u><\/strong><\/p>\n\n\n\n<figure class=\"wp-block-image size-full\"><a href=\"https:\/\/www.alab.pl\/pakiet\/niezyt-nosa-u-doroslych-pakiet-alergenow\" target=\"_blank\" rel=\" noreferrer noopener\"><img loading=\"lazy\" decoding=\"async\" width=\"800\" height=\"200\" src=\"https:\/\/www.alab.pl\/centrum-wiedzy\/wp-content\/uploads\/2025\/08\/Pakiet-alergenow-\u2013-niezyt-nosa-u-doroslych-9-badan-2-2.jpg\" alt=\"Pakiet alergeno\u0301w \u2013 niez\u0307yt nosa u doros\u0142ych (9 badan\u0301) banerek\" class=\"wp-image-26179\" srcset=\"https:\/\/www.alab.pl\/centrum-wiedzy\/wp-content\/uploads\/2025\/08\/Pakiet-alergenow-\u2013-niezyt-nosa-u-doroslych-9-badan-2-2.jpg 800w, https:\/\/www.alab.pl\/centrum-wiedzy\/wp-content\/uploads\/2025\/08\/Pakiet-alergenow-\u2013-niezyt-nosa-u-doroslych-9-badan-2-2-768x192.jpg 768w, https:\/\/www.alab.pl\/centrum-wiedzy\/wp-content\/uploads\/2025\/08\/Pakiet-alergenow-\u2013-niezyt-nosa-u-doroslych-9-badan-2-2-150x38.jpg 150w, https:\/\/www.alab.pl\/centrum-wiedzy\/wp-content\/uploads\/2025\/08\/Pakiet-alergenow-\u2013-niezyt-nosa-u-doroslych-9-badan-2-2-300x75.jpg 300w, https:\/\/www.alab.pl\/centrum-wiedzy\/wp-content\/uploads\/2025\/08\/Pakiet-alergenow-\u2013-niezyt-nosa-u-doroslych-9-badan-2-2-696x174.jpg 696w\" sizes=\"auto, (max-width: 800px) 100vw, 800px\" \/><\/a><\/figure>\n\n\n\n<h2 class=\"wp-block-heading\" id=\"Astma-alergiczna:-objawy-pocz\u0105tkowe-i-p\u00f3\u017ane\">Astma alergiczna &#8211; objawy pocz\u0105tkowe i p\u00f3\u017ane<\/h2>\n\n\n\n<p>Objawy astmy alergicznej mog\u0105 r\u00f3\u017cni\u0107 si\u0119 w zale\u017cno\u015bci od osoby, jednak do najcz\u0119stszych nale\u017c\u0105:<\/p>\n\n\n\n<ul class=\"wp-block-list\">\n<li><strong>Objawy pocz\u0105tkowe:<\/strong><ul><li>przewlek\u0142y kaszel (cz\u0119sto nasilaj\u0105cy si\u0119 w nocy),<\/li><\/ul><ul><li>\u015bwiszcz\u0105cy oddech,<\/li><\/ul><ul><li>uczucie \u015bciskania w klatce piersiowej,<\/li><\/ul>\n<ul class=\"wp-block-list\">\n<li><a href=\"https:\/\/www.alab.pl\/centrum-wiedzy\/dusznosc-punkt-wspolny-wielu-dramatycznych-chorob\/\">duszno\u015b\u0107<\/a> po wysi\u0142ku lub kontakcie z alergenem.<\/li>\n<\/ul>\n<\/li>\n\n\n\n<li><strong>Objawy p\u00f3\u017a<\/strong><strong>ne:<\/strong><ul><li>przewlek\u0142a duszno\u015b\u0107,<\/li><\/ul><ul><li>zmniejszona tolerancja wysi\u0142ku,<\/li><\/ul><ul><li>nawracaj\u0105ce infekcje oskrzeli,<\/li><\/ul>\n<ul class=\"wp-block-list\">\n<li>nadreaktywno\u015b\u0107 dr\u00f3g oddechowych.<\/li>\n<\/ul>\n<\/li>\n<\/ul>\n\n\n\n<p><strong>U dzieci objawy mog\u0105 by\u0107 trudniejsze do zauwa\u017cenia<\/strong> \u2013 cz\u0119sto manifestuj\u0105 si\u0119 jako d\u0142ugotrwa\u0142y kaszel, zw\u0142aszcza noc\u0105 lub po aktywno\u015bci fizycznej.<\/p>\n\n\n\n<p><strong>&gt;&gt; To mo\u017ce Ci\u0119 zainteresowa\u0107: <\/strong><a href=\"https:\/\/www.alab.pl\/centrum-wiedzy\/kiedy-podejrzewac-astme-u-dziecka\/\"><strong>Kiedy podejrzewa\u0107 <\/strong><strong>astm<\/strong><strong>\u0119 u dziecka?<\/strong><\/a><strong><\/strong><\/p>\n\n\n\n<h3 class=\"wp-block-heading\" id=\"Astma-alergiczna-a-astma-oskrzelowa:-r\u00f3\u017cnice\">Astma alergiczna a astma oskrzelowa, jakie s\u0105 r\u00f3\u017cnice?<\/h3>\n\n\n\n<p>Cho\u0107 terminy te bywaj\u0105 u\u017cywane zamiennie, warto wiedzie\u0107, \u017ce astma alergiczna to <strong>podtyp astmy oskrzelowej<\/strong>. Astma oskrzelowa to szersze poj\u0119cie, obejmuj\u0105ce r\u00f3\u017cne formy choroby \u2013 zar\u00f3wno alergiczne, jak i niealergiczne (np. wywo\u0142ane <a href=\"https:\/\/www.alab.pl\/centrum-wiedzy\/stres-przyjaciel-czy-wrog\/\">stresem<\/a>, infekcjami czy wysi\u0142kiem fizycznym). Astma alergiczna wi\u0105\u017ce si\u0119 bezpo\u015brednio z odpowiedzi\u0105 immunologiczn\u0105 na alergen i cz\u0119sto wsp\u00f3\u0142istnieje z innymi chorobami atopowymi, takimi jak <a href=\"https:\/\/www.alab.pl\/centrum-wiedzy\/alergiczny-niezyt-nosa-najczesciej-diagnozowana-choroba-alergiczna-w-polsce\/\">alergiczny nie\u017cyt nosa<\/a> czy <a href=\"https:\/\/www.alab.pl\/centrum-wiedzy\/atopowe-zapalenie-skory-azs\/\">atopowe zapalenie sk\u00f3ry<\/a>.<\/p>\n\n\n\n<h2 class=\"wp-block-heading\" id=\"Diagnostyka-astmy-alergicznej:-na-czym-polega?\">Diagnostyka astmy alergicznej, na czym polega i jak przebiega?<\/h2>\n\n\n\n<p>Diagnoza astmy alergicznej opiera si\u0119 na dok\u0142adnym wywiadzie lekarskim, badaniu fizykalnym oraz testach laboratoryjnych i czynno\u015bciowych. Kluczowe badania obejmuj\u0105:<\/p>\n\n\n\n<ul class=\"wp-block-list\">\n<li><a href=\"https:\/\/www.alab.pl\/badanie\/morfologia-krwi-c55\"><strong>Morfologi\u0119 krwi<\/strong><\/a><\/li>\n<\/ul>\n\n\n\n<p>Mo\u017ce wykaza\u0107 eozynofili\u0119, charakterystyczn\u0105 dla reakcji alergicznych.<\/p>\n\n\n\n<ul class=\"wp-block-list\">\n<li><a href=\"https:\/\/www.alab.pl\/centrum-wiedzy\/ige-calkowite-o-czym-swiadczy-wynik-i-w-jakim-celu-przeprowadza-sie-badanie\/\"><strong>Oznaczenie poziomu IgE ca\u0142kowitego<\/strong><\/a><\/li>\n<\/ul>\n\n\n\n<p>Podwy\u017cszone warto\u015bci wskazuj\u0105 na alergiczne t\u0142o objaw\u00f3w.<\/p>\n\n\n\n<p>&gt;&gt;&gt; <strong>Przeczytaj te\u017c: <a href=\"https:\/\/www.alab.pl\/centrum-wiedzy\/ige-calkowite-o-czym-swiadczy-wynik-i-w-jakim-celu-przeprowadza-sie-badanie\/\">IgE ca\u0142kowite &#8211; o czym \u015bwiadczy wynik i w jakim celu przeprowadza si\u0119 badanie?<\/a><\/strong><\/p>\n\n\n\n<ul class=\"wp-block-list\">\n<li><strong>Testy alergiczne<\/strong><\/li>\n<\/ul>\n\n\n\n<p>Aby dok\u0142adnie okre\u015bli\u0107, kt\u00f3re alergeny wywo\u0142uj\u0105 objawy, stosuje si\u0119:<\/p>\n\n\n\n<ul class=\"wp-block-list\">\n<li><strong>Sk\u00f3rne testy punktowe (prick tests)<\/strong> \u2013 polegaj\u0105 na naniesieniu kropli alergenu na sk\u00f3r\u0119 i delikatnym jej nak\u0142uciu. Reakcja w postaci b\u0105bla i rumienia \u015bwiadczy o uczuleniu.<\/li>\n\n\n\n<li><strong style=\"color: initial;\">Testy z krwi (sIgE)<\/strong><span style=\"color: initial;\"> \u2013 alternatywa dla os\u00f3b, u kt\u00f3rych testy sk\u00f3rne s\u0105 przeciwwskazane (np. z powodu stosowania lek\u00f3w przeciwhistaminowych, chor\u00f3b sk\u00f3ry).<\/span><\/li>\n\n\n\n<li><strong>Spirometri\u0119<\/strong> \u2013 ocenia sprawno\u015b\u0107 dr\u00f3g oddechowych i potwierdza obturacj\u0119 (zw\u0119\u017cenie oskrzeli). Charakterystycznym wynikiem dla astmy jest zmniejszenie warto\u015bci FEV1 (nat\u0119\u017conej obj\u0119to\u015bci wydechowej w pierwszej sekundzie), kt\u00f3re poprawia si\u0119 po inhalacji leku rozszerzaj\u0105cego oskrzela (tzw. pr\u00f3ba rozkurczowa).<\/li>\n<\/ul>\n\n\n\n<p><strong>&gt;&gt; Przeczytaj: <\/strong><a href=\"https:\/\/www.alab.pl\/centrum-wiedzy\/alergiczne-zapalenie-spojowek-objawy-rozpoznanie-leczenie\/\"><strong>Alergiczne zapalenie spoj\u00f3wek \u2013 objawy, rozpoznanie, leczenie<\/strong><\/a><strong><u><\/u><\/strong><\/p>\n\n\n\n<figure class=\"wp-block-image size-full\"><a href=\"https:\/\/www.alab.pl\/pakiet\/niezyt-nosa-u-dzieci-pakiet-alergenow\" target=\"_blank\" rel=\" noreferrer noopener\"><img loading=\"lazy\" decoding=\"async\" width=\"800\" height=\"200\" src=\"https:\/\/www.alab.pl\/centrum-wiedzy\/wp-content\/uploads\/2025\/04\/Pakiet-alergenow-\u2013-niezyt-nosa-u-dzieci-9-badan.jpg\" alt=\"Pakiet alergeno\u0301w \u2013 niez\u0307yt nosa u dzieci (9 badan\u0301) banerek\" class=\"wp-image-22745\" srcset=\"https:\/\/www.alab.pl\/centrum-wiedzy\/wp-content\/uploads\/2025\/04\/Pakiet-alergenow-\u2013-niezyt-nosa-u-dzieci-9-badan.jpg 800w, https:\/\/www.alab.pl\/centrum-wiedzy\/wp-content\/uploads\/2025\/04\/Pakiet-alergenow-\u2013-niezyt-nosa-u-dzieci-9-badan-768x192.jpg 768w, https:\/\/www.alab.pl\/centrum-wiedzy\/wp-content\/uploads\/2025\/04\/Pakiet-alergenow-\u2013-niezyt-nosa-u-dzieci-9-badan-150x38.jpg 150w, https:\/\/www.alab.pl\/centrum-wiedzy\/wp-content\/uploads\/2025\/04\/Pakiet-alergenow-\u2013-niezyt-nosa-u-dzieci-9-badan-300x75.jpg 300w, https:\/\/www.alab.pl\/centrum-wiedzy\/wp-content\/uploads\/2025\/04\/Pakiet-alergenow-\u2013-niezyt-nosa-u-dzieci-9-badan-696x174.jpg 696w\" sizes=\"auto, (max-width: 800px) 100vw, 800px\" \/><\/a><\/figure>\n\n\n\n<h2 class=\"wp-block-heading\" id=\"Astma-na-tle-alergicznym:-leczenie\">Astma na tle alergicznym: leczenie<\/h2>\n\n\n\n<p>Leczenie astmy alergicznej opiera si\u0119 na trzech filarach:<\/p>\n\n\n\n<ol class=\"wp-block-list\">\n<li><strong>Unikanie alergen<\/strong><strong>\u00f3<\/strong><strong>w<\/strong> \u2013 kluczowe jest ograniczenie kontaktu z czynnikami wyzwalaj\u0105cymi objawy.<\/li>\n\n\n\n<li><strong>Farmakoterapia<\/strong> \u2013 w zale\u017cno\u015bci od nasilenia objaw\u00f3w stosuje si\u0119:<\/li>\n\n\n\n<li>wziewne glikokortykosteroidy (leki przeciwzapalne),<\/li>\n\n\n\n<li>beta2-mimetyki (leki rozszerzaj\u0105ce oskrzela),<\/li>\n\n\n\n<li>leki przeciwhistaminowe,<\/li>\n\n\n\n<li>leki antyleukotrienowe.<\/li>\n\n\n\n<li><strong>Immunoterapia swoista (odczulanie)<\/strong> \u2013 d\u0142ugoterminowa metoda leczenia polegaj\u0105ca na podawaniu stopniowo zwi\u0119kszanych dawek alergenu, co prowadzi do zmniejszenia reakcji alergicznej.<\/li>\n<\/ol>\n\n\n\n<h3 class=\"wp-block-heading\" id=\"Czy-astma-alergiczna-jest-wyleczalna?\">Czy astma alergiczna jest wyleczalna?<\/h3>\n\n\n\n<p>Astma alergiczna jest chorob\u0105 przewlek\u0142\u0105, jednak przy odpowiednim leczeniu mo\u017cliwe jest jej skuteczne kontrolowanie. Dzi\u0119ki nowoczesnej terapii i zmianom stylu \u017cycia wiele os\u00f3b mo\u017ce prowadzi\u0107 aktywne, normalne \u017cycie bez uci\u0105\u017cliwych objaw\u00f3w. Cho\u0107 ca\u0142kowite wyleczenie rzadko jest mo\u017cliwe, to w wielu przypadkach <strong>objawy mog\u0105 ust\u0105pi\u0107 <\/strong><strong>na d<\/strong><strong>\u0142ugi czas<\/strong>.<\/p>\n\n\n\n<p><strong>&gt;&gt; To mo\u017ce Ci\u0119 zainteresowa\u0107: <\/strong><a href=\"https:\/\/www.alab.pl\/centrum-wiedzy\/uczulenie-na-jad-pszczoly-i-osy-bolesna-przyczyna-ciezkich-reakcji-alergicznych\/\"><strong>Uczulenie na jad pszczo\u0142y i osy \u2013 bolesna przyczyna ci\u0119\u017ckich reakcji alergicznych<\/strong><\/a><strong><\/strong><\/p>\n\n\n\n<h2 class=\"wp-block-heading\" id=\"Domowe-sposoby-na-astm\u0119-alergiczn\u0105:-co-mo\u017ce-pom\u00f3c?\">Domowe sposoby na astm\u0119 alergiczn\u0105. Co mo\u017ce pom\u00f3c?<\/h2>\n\n\n\n<p>Wspomagaj\u0105co, poza leczeniem farmakologicznym, warto wdro\u017cy\u0107 r\u00f3wnie\u017c domowe metody \u0142agodzenia objaw\u00f3w:<\/p>\n\n\n\n<ul class=\"wp-block-list\">\n<li>regularne wietrzenie i oczyszczanie powietrza w domu,<\/li>\n\n\n\n<li>stosowanie oczyszczaczy z filtrem HEPA,<\/li>\n\n\n\n<li>cz\u0119ste pranie po\u015bcieli w wysokiej temperaturze,<\/li>\n\n\n\n<li>ograniczenie kontaktu ze zwierz\u0119tami domowymi (je\u015bli s\u0105 \u017ar\u00f3d\u0142em alergenu),<\/li>\n\n\n\n<li>stosowanie diety bogatej w przeciwutleniacze i <a href=\"https:\/\/www.alab.pl\/centrum-wiedzy\/kwasy-omega-3-epa-i-dha-znaczenie-w-depresji-rola-i-zrodla-kwasow-omega-3\/\">kwasy omega-3<\/a>,<\/li>\n\n\n\n<li>aktywno\u015b\u0107 fizyczna dostosowana do mo\u017cliwo\u015bci pacjenta.<\/li>\n<\/ul>\n\n\n\n<p>Pami\u0119taj, \u017ce domowe sposoby nie zast\u0119puj\u0105 leczenia, ale mog\u0105 wspomaga\u0107 jego efekty.<\/p>\n\n\n\n<h2 class=\"wp-block-heading\" id=\"Podsumowanie-informacji-o-astmie-alergicznej\">Podsumowanie informacji o astmie alergicznej<\/h2>\n\n\n\n<ul class=\"wp-block-list\">\n<li>Astma alergiczna to przewlek\u0142a choroba dr\u00f3g oddechowych wywo\u0142ana reakcj\u0105 na alergeny.<\/li>\n\n\n\n<li>Objawy obejmuj\u0105 duszno\u015bci, kaszel, \u015bwiszcz\u0105cy oddech i uczucie ucisku w klatce piersiowej.<\/li>\n\n\n\n<li>Diagnostyka opiera si\u0119 na badaniach takich jak morfologia krwi, oznaczenie IgE, spirometria i testy alergiczne.<\/li>\n\n\n\n<li>Leczenie obejmuje unikanie alergen\u00f3w, farmakoterapi\u0119 i immunoterapi\u0119.<\/li>\n\n\n\n<li>Astma alergiczna jest kontrolowalna, cho\u0107 zwykle nieuleczalna.<\/li>\n\n\n\n<li>Domowe sposoby, takie jak oczyszczanie powietrza i zdrowa dieta, mog\u0105 wspomaga\u0107 terapi\u0119.<\/li>\n<\/ul>\n\n\n\n<p>Zadbaj o swoje zdrowie \u2013 wykonaj podstawowe badania diagnostyczne i skonsultuj si\u0119 z lekarzem, je\u015bli podejrzewasz u siebie astm\u0119 alergiczn\u0105. Wczesna diagnoza to klucz do skutecznego leczenia!<\/p>\n\n\n\n<hr class=\"wp-block-separator has-alpha-channel-opacity\"\/>\n\n\n\n<p><strong>Bibliografia<\/strong><strong><\/strong><\/p>\n\n\n\n<ol class=\"wp-block-list\">\n<li>Global Initiative for Asthma (GINA). Global Strategy for Asthma Management and Prevention \u2013 2024 Update. Dost\u0119pne online: https:\/\/ginasthma.org<\/li>\n\n\n\n<li>Kowalski M.L., Kupczyk M., et al. Rekomendacje Polskiego Towarzystwa Alergologicznego dotycz\u0105ce diagnostyki i leczenia astmy oskrzelowej u doros\u0142ych \u2013 2021. &#8222;Alergologia Polska \u2013 Polish Journal of Allergology&#8221;, 2021.<\/li>\n\n\n\n<li>Szczeklik A., Gajewski P. (red.). Interna Szczeklika 2023. Medycyna Praktyczna, Krak\u00f3w 2023.<\/li>\n<\/ol>\n","protected":false},"excerpt":{"rendered":"<p>Astma alergiczna to jedna z najcz\u0119stszych postaci astmy. Sprawd\u017a, czym dok\u0142adnie jest astma alergiczna, jakie s\u0105 jej objawy i jak j\u0105 leczy\u0107.<\/p>\n","protected":false},"author":175,"featured_media":22954,"comment_status":"closed","ping_status":"closed","sticky":false,"template":"","format":"standard","meta":{"_acf_changed":false,"inline_featured_image":false,"footnotes":""},"categories":[4],"tags":[],"coauthors":[214],"class_list":{"0":"post-22951","1":"post","2":"type-post","3":"status-publish","4":"format-standard","5":"has-post-thumbnail","7":"category-alergia"},"acf":[],"yoast_head":"<!-- This site is optimized with the Yoast SEO plugin v27.4 - https:\/\/yoast.com\/product\/yoast-seo-wordpress\/ -->\n<title>Astma alergiczna (atopowa): objawy, diagnostyka i leczenie - Centrum Wiedzy ALAB laboratoria<\/title>\n<meta name=\"description\" content=\"Astma alergiczna to jedna z najcz\u0119stszych postaci astmy. Sprawd\u017a, czym dok\u0142adnie jest astma alergiczna, jakie s\u0105 jej objawy i jak j\u0105 leczy\u0107.\" \/>\n<meta name=\"robots\" content=\"index, follow, max-snippet:-1, max-image-preview:large, max-video-preview:-1\" \/>\n<link rel=\"canonical\" href=\"https:\/\/www.alab.pl\/centrum-wiedzy\/astma-alergiczna-objawy-diagnostyka-i-leczenie\/\" \/>\n<meta property=\"og:locale\" content=\"pl_PL\" \/>\n<meta property=\"og:type\" content=\"article\" \/>\n<meta property=\"og:title\" content=\"Astma alergiczna (atopowa): objawy, diagnostyka i leczenie - Centrum Wiedzy ALAB laboratoria\" \/>\n<meta property=\"og:description\" content=\"Astma alergiczna to jedna z najcz\u0119stszych postaci astmy. Sprawd\u017a, czym dok\u0142adnie jest astma alergiczna, jakie s\u0105 jej objawy i jak j\u0105 leczy\u0107.\" \/>\n<meta property=\"og:url\" content=\"https:\/\/www.alab.pl\/centrum-wiedzy\/astma-alergiczna-objawy-diagnostyka-i-leczenie\/\" \/>\n<meta property=\"og:site_name\" content=\"Centrum Wiedzy ALAB laboratoria\" \/>\n<meta property=\"article:publisher\" content=\"https:\/\/www.facebook.com\/ALABlaboratoria\" \/>\n<meta property=\"article:published_time\" content=\"2025-04-10T10:05:58+00:00\" \/>\n<meta property=\"article:modified_time\" content=\"2026-02-19T19:31:04+00:00\" \/>\n<meta property=\"og:image\" content=\"https:\/\/www.alab.pl\/centrum-wiedzy\/wp-content\/uploads\/2025\/04\/astma_alergiczna-.jpg\" \/>\n\t<meta property=\"og:image:width\" content=\"2208\" \/>\n\t<meta property=\"og:image:height\" content=\"1474\" \/>\n\t<meta property=\"og:image:type\" content=\"image\/jpeg\" \/>\n<meta name=\"author\" content=\"Sara Aszkie\u0142owicz\" \/>\n<meta name=\"twitter:card\" content=\"summary_large_image\" \/>\n<meta name=\"twitter:label1\" content=\"Napisane przez\" \/>\n\t<meta name=\"twitter:data1\" content=\"Sara Aszkie\u0142owicz\" \/>\n\t<meta name=\"twitter:label2\" content=\"Szacowany czas czytania\" \/>\n\t<meta name=\"twitter:data2\" content=\"7 minut\" \/>\n\t<meta name=\"twitter:label3\" content=\"Written by\" \/>\n\t<meta name=\"twitter:data3\" content=\"Sara Aszkie\u0142owicz\" \/>\n<!-- \/ Yoast SEO plugin. -->","yoast_head_json":{"title":"Astma alergiczna (atopowa): objawy, diagnostyka i leczenie - Centrum Wiedzy ALAB laboratoria","description":"Astma alergiczna to jedna z najcz\u0119stszych postaci astmy. Sprawd\u017a, czym dok\u0142adnie jest astma alergiczna, jakie s\u0105 jej objawy i jak j\u0105 leczy\u0107.","robots":{"index":"index","follow":"follow","max-snippet":"max-snippet:-1","max-image-preview":"max-image-preview:large","max-video-preview":"max-video-preview:-1"},"canonical":"https:\/\/www.alab.pl\/centrum-wiedzy\/astma-alergiczna-objawy-diagnostyka-i-leczenie\/","og_locale":"pl_PL","og_type":"article","og_title":"Astma alergiczna (atopowa): objawy, diagnostyka i leczenie - Centrum Wiedzy ALAB laboratoria","og_description":"Astma alergiczna to jedna z najcz\u0119stszych postaci astmy. Sprawd\u017a, czym dok\u0142adnie jest astma alergiczna, jakie s\u0105 jej objawy i jak j\u0105 leczy\u0107.","og_url":"https:\/\/www.alab.pl\/centrum-wiedzy\/astma-alergiczna-objawy-diagnostyka-i-leczenie\/","og_site_name":"Centrum Wiedzy ALAB laboratoria","article_publisher":"https:\/\/www.facebook.com\/ALABlaboratoria","article_published_time":"2025-04-10T10:05:58+00:00","article_modified_time":"2026-02-19T19:31:04+00:00","og_image":[{"width":2208,"height":1474,"url":"https:\/\/www.alab.pl\/centrum-wiedzy\/wp-content\/uploads\/2025\/04\/astma_alergiczna-.jpg","type":"image\/jpeg"}],"author":"Sara Aszkie\u0142owicz","twitter_card":"summary_large_image","twitter_misc":{"Napisane przez":"Sara Aszkie\u0142owicz","Szacowany czas czytania":"7 minut","Written by":"Sara Aszkie\u0142owicz"},"schema":{"@context":"https:\/\/schema.org","@graph":[{"@type":"Article","@id":"https:\/\/www.alab.pl\/centrum-wiedzy\/astma-alergiczna-objawy-diagnostyka-i-leczenie\/#article","isPartOf":{"@id":"https:\/\/www.alab.pl\/centrum-wiedzy\/astma-alergiczna-objawy-diagnostyka-i-leczenie\/"},"author":{"name":"Sara Aszkie\u0142owicz","@id":"https:\/\/www.alab.pl\/centrum-wiedzy\/#\/schema\/person\/e1bd348f3902b896c4bf8ccdc5f54b4f"},"headline":"Astma alergiczna (atopowa): objawy, diagnostyka i leczenie","datePublished":"2025-04-10T10:05:58+00:00","dateModified":"2026-02-19T19:31:04+00:00","mainEntityOfPage":{"@id":"https:\/\/www.alab.pl\/centrum-wiedzy\/astma-alergiczna-objawy-diagnostyka-i-leczenie\/"},"wordCount":1127,"publisher":{"@id":"https:\/\/www.alab.pl\/centrum-wiedzy\/#organization"},"image":{"@id":"https:\/\/www.alab.pl\/centrum-wiedzy\/astma-alergiczna-objawy-diagnostyka-i-leczenie\/#primaryimage"},"thumbnailUrl":"https:\/\/www.alab.pl\/centrum-wiedzy\/wp-content\/uploads\/2025\/04\/astma_alergiczna-.jpg","articleSection":["Alergia"],"inLanguage":"pl-PL"},{"@type":"WebPage","@id":"https:\/\/www.alab.pl\/centrum-wiedzy\/astma-alergiczna-objawy-diagnostyka-i-leczenie\/","url":"https:\/\/www.alab.pl\/centrum-wiedzy\/astma-alergiczna-objawy-diagnostyka-i-leczenie\/","name":"Astma alergiczna (atopowa): objawy, diagnostyka i leczenie - Centrum Wiedzy ALAB laboratoria","isPartOf":{"@id":"https:\/\/www.alab.pl\/centrum-wiedzy\/#website"},"primaryImageOfPage":{"@id":"https:\/\/www.alab.pl\/centrum-wiedzy\/astma-alergiczna-objawy-diagnostyka-i-leczenie\/#primaryimage"},"image":{"@id":"https:\/\/www.alab.pl\/centrum-wiedzy\/astma-alergiczna-objawy-diagnostyka-i-leczenie\/#primaryimage"},"thumbnailUrl":"https:\/\/www.alab.pl\/centrum-wiedzy\/wp-content\/uploads\/2025\/04\/astma_alergiczna-.jpg","datePublished":"2025-04-10T10:05:58+00:00","dateModified":"2026-02-19T19:31:04+00:00","description":"Astma alergiczna to jedna z najcz\u0119stszych postaci astmy. Sprawd\u017a, czym dok\u0142adnie jest astma alergiczna, jakie s\u0105 jej objawy i jak j\u0105 leczy\u0107.","breadcrumb":{"@id":"https:\/\/www.alab.pl\/centrum-wiedzy\/astma-alergiczna-objawy-diagnostyka-i-leczenie\/#breadcrumb"},"inLanguage":"pl-PL","potentialAction":[{"@type":"ReadAction","target":["https:\/\/www.alab.pl\/centrum-wiedzy\/astma-alergiczna-objawy-diagnostyka-i-leczenie\/"]}]},{"@type":"ImageObject","inLanguage":"pl-PL","@id":"https:\/\/www.alab.pl\/centrum-wiedzy\/astma-alergiczna-objawy-diagnostyka-i-leczenie\/#primaryimage","url":"https:\/\/www.alab.pl\/centrum-wiedzy\/wp-content\/uploads\/2025\/04\/astma_alergiczna-.jpg","contentUrl":"https:\/\/www.alab.pl\/centrum-wiedzy\/wp-content\/uploads\/2025\/04\/astma_alergiczna-.jpg","width":2208,"height":1474,"caption":"astma alergiczna"},{"@type":"BreadcrumbList","@id":"https:\/\/www.alab.pl\/centrum-wiedzy\/astma-alergiczna-objawy-diagnostyka-i-leczenie\/#breadcrumb","itemListElement":[{"@type":"ListItem","position":1,"name":"Strona g\u0142\u00f3wna","item":"https:\/\/www.alab.pl\/centrum-wiedzy\/"},{"@type":"ListItem","position":2,"name":"Astma alergiczna (atopowa): objawy, diagnostyka i leczenie"}]},{"@type":"WebSite","@id":"https:\/\/www.alab.pl\/centrum-wiedzy\/#website","url":"https:\/\/www.alab.pl\/centrum-wiedzy\/","name":"Centrum Wiedzy ALAB laboratoria","description":"","publisher":{"@id":"https:\/\/www.alab.pl\/centrum-wiedzy\/#organization"},"potentialAction":[{"@type":"SearchAction","target":{"@type":"EntryPoint","urlTemplate":"https:\/\/www.alab.pl\/centrum-wiedzy\/?s={search_term_string}"},"query-input":{"@type":"PropertyValueSpecification","valueRequired":true,"valueName":"search_term_string"}}],"inLanguage":"pl-PL"},{"@type":"Organization","@id":"https:\/\/www.alab.pl\/centrum-wiedzy\/#organization","name":"Centrum Wiedzy ALAB laboratoria","url":"https:\/\/www.alab.pl\/centrum-wiedzy\/","logo":{"@type":"ImageObject","inLanguage":"pl-PL","@id":"https:\/\/www.alab.pl\/centrum-wiedzy\/#\/schema\/logo\/image\/","url":"https:\/\/www.alab.pl\/centrum-wiedzy\/wp-content\/uploads\/2022\/04\/alabek.jpg","contentUrl":"https:\/\/www.alab.pl\/centrum-wiedzy\/wp-content\/uploads\/2022\/04\/alabek.jpg","width":1250,"height":1251,"caption":"Centrum Wiedzy ALAB laboratoria"},"image":{"@id":"https:\/\/www.alab.pl\/centrum-wiedzy\/#\/schema\/logo\/image\/"},"sameAs":["https:\/\/www.facebook.com\/ALABlaboratoria"]},{"@type":"Person","@id":"https:\/\/www.alab.pl\/centrum-wiedzy\/#\/schema\/person\/e1bd348f3902b896c4bf8ccdc5f54b4f","name":"Sara Aszkie\u0142owicz","image":{"@type":"ImageObject","inLanguage":"pl-PL","@id":"https:\/\/www.alab.pl\/centrum-wiedzy\/wp-content\/uploads\/2024\/12\/Sara-Aszkielowicz.jpga3c8b438ba9bbe816fb0922931f740b7","url":"https:\/\/www.alab.pl\/centrum-wiedzy\/wp-content\/uploads\/2024\/12\/Sara-Aszkielowicz.jpg","contentUrl":"https:\/\/www.alab.pl\/centrum-wiedzy\/wp-content\/uploads\/2024\/12\/Sara-Aszkielowicz.jpg","caption":"Sara Aszkie\u0142owicz"},"description":"Absolwentka Wydzia\u0142u Lekarskiego Uniwersytetu Medycznego w \u0141odzi, obecnie odbywaj\u0105ca szkolenie specjalizacyjne w Klinice Endokrynologii i Chor\u00f3b Metabolicznych Instytutu Centrum Zdrowia Matki Polki w \u0141odzi. Jej zainteresowania naukowe koncentruj\u0105 si\u0119 na zaburzeniach wzrastania, przedwczesnym i op\u00f3\u017aniaj\u0105cym si\u0119 dojrzewaniu p\u0142ciowym, chorobach nadnerczy oraz zaburzeniach mineralizacji ko\u015bci i gospodarki wapniowo-fosforanowej u dzieci.","url":"https:\/\/www.alab.pl\/centrum-wiedzy\/author\/sara-aszkielowicz\/"}]}},"_links":{"self":[{"href":"https:\/\/www.alab.pl\/centrum-wiedzy\/wp-json\/wp\/v2\/posts\/22951","targetHints":{"allow":["GET"]}}],"collection":[{"href":"https:\/\/www.alab.pl\/centrum-wiedzy\/wp-json\/wp\/v2\/posts"}],"about":[{"href":"https:\/\/www.alab.pl\/centrum-wiedzy\/wp-json\/wp\/v2\/types\/post"}],"author":[{"embeddable":true,"href":"https:\/\/www.alab.pl\/centrum-wiedzy\/wp-json\/wp\/v2\/users\/175"}],"replies":[{"embeddable":true,"href":"https:\/\/www.alab.pl\/centrum-wiedzy\/wp-json\/wp\/v2\/comments?post=22951"}],"version-history":[{"count":7,"href":"https:\/\/www.alab.pl\/centrum-wiedzy\/wp-json\/wp\/v2\/posts\/22951\/revisions"}],"predecessor-version":[{"id":29859,"href":"https:\/\/www.alab.pl\/centrum-wiedzy\/wp-json\/wp\/v2\/posts\/22951\/revisions\/29859"}],"wp:featuredmedia":[{"embeddable":true,"href":"https:\/\/www.alab.pl\/centrum-wiedzy\/wp-json\/wp\/v2\/media\/22954"}],"wp:attachment":[{"href":"https:\/\/www.alab.pl\/centrum-wiedzy\/wp-json\/wp\/v2\/media?parent=22951"}],"wp:term":[{"taxonomy":"category","embeddable":true,"href":"https:\/\/www.alab.pl\/centrum-wiedzy\/wp-json\/wp\/v2\/categories?post=22951"},{"taxonomy":"post_tag","embeddable":true,"href":"https:\/\/www.alab.pl\/centrum-wiedzy\/wp-json\/wp\/v2\/tags?post=22951"},{"taxonomy":"author","embeddable":true,"href":"https:\/\/www.alab.pl\/centrum-wiedzy\/wp-json\/wp\/v2\/coauthors?post=22951"}],"curies":[{"name":"wp","href":"https:\/\/api.w.org\/{rel}","templated":true}]}}