{"id":23807,"date":"2025-05-25T19:03:06","date_gmt":"2025-05-25T17:03:06","guid":{"rendered":"https:\/\/www.alab.pl\/centrum-wiedzy\/?p=23807"},"modified":"2025-05-25T19:03:09","modified_gmt":"2025-05-25T17:03:09","slug":"zapalenie-nerwu-trojdzielnego-czym-jest-i-jak-sie-objawia-przyczyny-i-leczenie","status":"publish","type":"post","link":"https:\/\/www.alab.pl\/centrum-wiedzy\/zapalenie-nerwu-trojdzielnego-czym-jest-i-jak-sie-objawia-przyczyny-i-leczenie\/","title":{"rendered":"Zapalenie nerwu tr\u00f3jdzielnego \u2013 czym jest i jak si\u0119 objawia? Przyczyny i leczenie\u00a0\u00a0\u00a0\u00a0\u00a0"},"content":{"rendered":"\n<p><strong>Nerw tr\u00f3jdzielny, pi\u0105ty z dwunastu nerw\u00f3w czaszkowych, pe\u0142ni niezwykle istotne funkcje, odpowiadaj\u0105c za odbieranie wi\u0119kszo\u015bci wra\u017ce\u0144 czuciowych z obszaru twarzy oraz za unerwienie kluczowych mi\u0119\u015bni umo\u017cliwiaj\u0105cych \u017cucie. W powszechnej \u015bwiadomo\u015bci problemy z tym nerwem cz\u0119sto uto\u017csamiane s\u0105 z neuralgi\u0105 tr\u00f3jdzieln\u0105, znan\u0105 z gwa\u0142townych, przeszywaj\u0105cych atak\u00f3w b\u00f3lu. Nale\u017cy jednak pami\u0119ta\u0107 o istnieniu innej, odr\u0119bnej jednostki klinicznej \u2013 zapalenia nerwu tr\u00f3jdzielnego, kt\u00f3rej pod\u0142o\u017cem jest proces zapalny samego nerwu. Precyzyjne rozr\u00f3\u017cnienie tych dw\u00f3ch stan\u00f3w jest fundamentalne, poniewa\u017c poci\u0105ga za sob\u0105 odmienne podej\u015bcie zar\u00f3wno diagnostyczne, jak i terapeutyczne. Niniejszy artyku\u0142 ma na celu szczeg\u00f3\u0142owe om\u00f3wienie problematyki zapalenia nerwu tr\u00f3jdzielnego \u2013 jego przyczyn, charakterystycznych objaw\u00f3w oraz dost\u0119pnych metod leczenia, z wyra\u017anym podkre\u015bleniem jego specyfiki.<\/strong><\/p>\n\n\n\n<p>Spis tre\u015bci:<\/p>\n\n\n\n<ol class=\"wp-block-list\">\n<li><a href=\"#Co-to-jest-zapalenie-nerwu-tr\u00f3jdzielnego?\">Co to jest zapalenie nerwu tr\u00f3jdzielnego?<\/a><\/li>\n\n\n\n<li><a href=\"#Jak-d\u0142ugo-trwa-zapalenie-nerwu-tr\u00f3jdzielnego?\">Jak d\u0142ugo trwa zapalenie nerwu tr\u00f3jdzielnego?<\/a><\/li>\n\n\n\n<li><a href=\"#Przyczyny-zapalenia-nerwu-tr\u00f3jdzielnego\">Przyczyny zapalenia nerwu tr\u00f3jdzielnego<\/a><\/li>\n\n\n\n<li><a href=\"#Zapalenie-nerwu-tr\u00f3jdzielnego-\u2013-objawy\">Zapalenie nerwu tr\u00f3jdzielnego \u2013 objawy<\/a><\/li>\n\n\n\n<li><a href=\"#Jak-leczy\u0107-zapalenie-nerwu-tr\u00f3jdzielnego?\">Jak leczy\u0107 zapalenie nerwu tr\u00f3jdzielnego?<\/a><\/li>\n\n\n\n<li><a href=\"#Nieleczone-zapalenie-nerwu-tr\u00f3jdzielnego-\u2013-do-czego-mo\u017ce-doprowadzi\u0107?\">Nieleczone zapalenie nerwu tr\u00f3jdzielnego \u2013 do czego mo\u017ce doprowadzi\u0107?<\/a><\/li>\n\n\n\n<li><a href=\"#Zapalenie-nerwu-tr\u00f3jdzielnego-\u2013-podsumowanie\">Zapalenie nerwu tr\u00f3jdzielnego \u2013 podsumowanie<\/a><\/li>\n<\/ol>\n\n\n\n<h2 class=\"wp-block-heading\" id=\"Co-to-jest-zapalenie-nerwu-tr\u00f3jdzielnego?\">Co to jest zapalenie nerwu tr\u00f3jdzielnego?<\/h2>\n\n\n\n<p>Zapalenie nerwu tr\u00f3jdzielnego to stan, w kt\u00f3rym dochodzi do rozwoju procesu zapalnego w obr\u0119bie V nerwu czaszkowego \u2013 jego pnia, zwoju lub poszczeg\u00f3lnych ga\u0142\u0119zi. Istot\u0105 tego schorzenia jest reakcja zapalna, kt\u00f3ra mo\u017ce by\u0107 wywo\u0142ana przez r\u00f3\u017cne czynniki. To w\u0142a\u015bnie jej obecno\u015b\u0107 odr\u00f3\u017cnia zapalenie nerwu tr\u00f3jdzielnego od klasycznej neuralgii, gdzie dominuj\u0105cym problemem jest nadwra\u017cliwo\u015b\u0107 nerwu i generowanie silnych impuls\u00f3w b\u00f3lowych, cz\u0119sto bez ewidentnego, aktywnego stanu zapalnego jako pierwotnej przyczyny.<\/p>\n\n\n\n<p>Proces zapalny w nerwie tr\u00f3jdzielnym mo\u017ce prowadzi\u0107 do uszkodzenia jego struktury \u2013 zar\u00f3wno os\u0142onki mielinowej (odpowiedzialnej za szybsze przewodzenie impuls\u00f3w) jak i samego w\u0142\u00f3kna nerwowego (aksonu). Skutkiem tego jest zaburzenie prawid\u0142owego przekazywania informacji czuciowych z twarzy do m\u00f3zgu oraz sygna\u0142\u00f3w ruchowych z m\u00f3zgu do mi\u0119\u015bni \u017cwaczy. Zapalenie mo\u017ce dotyczy\u0107 jednej lub kilku z trzech g\u0142\u00f3wnych ga\u0142\u0119zi nerwu tr\u00f3jdzielnego: ocznej (V1), szcz\u0119kowej (V2) lub \u017cuchwowej (V3), co b\u0119dzie determinowa\u0107 lokalizacj\u0119 i charakter objaw\u00f3w.<\/p>\n\n\n\n<h2 class=\"wp-block-heading\" id=\"Jak-d\u0142ugo-trwa-zapalenie-nerwu-tr\u00f3jdzielnego?\">Jak d\u0142ugo trwa zapalenie nerwu tr\u00f3jdzielnego?<\/h2>\n\n\n\n<p>Czas trwania zapalenia nerwu tr\u00f3jdzielnego jest bardzo zr\u00f3\u017cnicowany i \u015bci\u015ble zale\u017cy od jego przyczyny, stopnia nasilenia procesu zapalnego oraz szybko\u015bci wdro\u017cenia leczenia choroby podstawowej. W przypadkach ostrego zapalenia, na przyk\u0142ad wywo\u0142anego infekcj\u0105 wirusow\u0105 (jak <a href=\"https:\/\/www.alab.pl\/centrum-wiedzy\/polpasiec\/\">p\u00f3\u0142pasiec<\/a>), przy odpowiednim leczeniu przeciwwirusowym i przeciwzapalnym, objawy mog\u0105 zacz\u0105\u0107 ust\u0119powa\u0107 w ci\u0105gu kilku tygodni. Pe\u0142ny powr\u00f3t do zdrowia mo\u017ce jednak zaj\u0105\u0107 kilka miesi\u0119cy, a u niekt\u00f3rych pacjent\u00f3w, niestety, mog\u0105 pozosta\u0107 przetrwa\u0142e dolegliwo\u015bci, takie jak b\u00f3l neuropatyczny czy zaburzenia czucia.<\/p>\n\n\n\n<p>Je\u015bli przyczyn\u0105 zapalenia jest choroba przewlek\u0142a, na przyk\u0142ad schorzenie autoimmunologiczne (jak tocze\u0144 czy <a href=\"https:\/\/www.alab.pl\/centrum-wiedzy\/zespol-sjogrena\/\">zesp\u00f3\u0142 Sj\u00f6grena<\/a>), proces zapalny mo\u017ce mie\u0107 charakter d\u0142ugotrwa\u0142y, nawracaj\u0105cy lub post\u0119puj\u0105cy, szczeg\u00f3lnie je\u015bli choroba podstawowa nie jest w pe\u0142ni kontrolowana. W takich sytuacjach leczenie koncentruje si\u0119 na opanowaniu aktywno\u015bci choroby autoimmunologicznej, co mo\u017ce prowadzi\u0107 do z\u0142agodzenia objaw\u00f3w ze strony nerwu tr\u00f3jdzielnego. Wczesne rozpoznanie przyczyny zapalenia jest kluczowe dla skr\u00f3cenia czasu trwania dolegliwo\u015bci i zminimalizowania ryzyka powstania trwa\u0142ych uszkodze\u0144 nerwu.<\/p>\n\n\n\n<p><strong>>> Dowiedz si\u0119 wi\u0119cej: <a href=\"https:\/\/www.alab.pl\/centrum-wiedzy\/choroby-autoimmunizacyjne\/\">Autoimmunologia zdemaskowana: jak system obronny organizmu mo\u017ce zwr\u00f3ci\u0107 si\u0119 przeciwko tobie<\/a><\/strong><\/p>\n\n\n\n<h2 class=\"wp-block-heading\" id=\"Przyczyny-zapalenia-nerwu-tr\u00f3jdzielnego\">Przyczyny zapalenia nerwu tr\u00f3jdzielnego<\/h2>\n\n\n\n<p>Zapalenie nerwu tr\u00f3jdzielnego mo\u017ce by\u0107 spowodowane przez wiele r\u00f3\u017cnych czynnik\u00f3w. Do najwa\u017cniejszych nale\u017c\u0105:<\/p>\n\n\n\n<ul class=\"wp-block-list\">\n<li><strong>infekcje &#8211; <\/strong>s\u0105 jedn\u0105 z najcz\u0119stszych przyczyn:<\/li>\n\n\n\n<li><strong>wirusowe: <\/strong>w\u015br\u00f3d infekcji wirusowych, najcz\u0119\u015bciej zapalenie nerwu tr\u00f3jdzielnego wywo\u0142uje wirus ospy wietrznej i p\u00f3\u0142pa\u015bca (VZV). Jego reaktywacja, objawiaj\u0105ca si\u0119 jako p\u00f3\u0142pasiec oczny lub zlokalizowany na twarzy, cz\u0119sto bezpo\u015brednio zajmuje nerw tr\u00f3jdzielny, prowadz\u0105c do jego zapalenia i silnych dolegliwo\u015bci b\u00f3lowych. Istotn\u0105 rol\u0119 odgrywa tak\u017ce wirus opryszczki pospolitej (HSV), a do rzadszych przyczyn wirusowych nale\u017c\u0105 cytomegalowirus (CMV) czy wirus Epsteina-Barr (EBV);<\/li>\n\n\n\n<li><strong>bakteryjne: <\/strong><a href=\"https:\/\/www.alab.pl\/centrum-wiedzy\/borelioza\/\">borelioza<\/a>, przenoszona przez kleszcze, mo\u017ce prowadzi\u0107 do zapalenia nerw\u00f3w czaszkowych, w tym nerwu tr\u00f3jdzielnego. Rzadziej przyczyn\u0105 mog\u0105 by\u0107 powik\u0142ania ropnych zapale\u0144 z\u0119b\u00f3w, zatok przynosowych czy ucha \u015brodkowego, je\u015bli infekcja rozprzestrzeni si\u0119 w pobli\u017ce nerwu,<\/li>\n\n\n\n<li><strong>choroby autoimmunologiczne i uk\u0142adowe: <\/strong>w tych schorzeniach uk\u0142ad odporno\u015bciowy organizmu omy\u0142kowo atakuje w\u0142asne tkanki, w tym nerwy.<\/li>\n\n\n\n<li><a href=\"https:\/\/www.alab.pl\/centrum-wiedzy\/stwardnienie-rozsiane-grozna-i-podstepna-choroba\/\">stwardnienie rozsiane<\/a> (MS), cho\u0107 jest chorob\u0105 o\u015brodkowego uk\u0142adu nerwowego, mo\u017ce powodowa\u0107 objawy ze strony nerwu tr\u00f3jdzielnego poprzez uszkodzenie jego cz\u0119\u015bci wewn\u0105trzczaszkowej;<\/li>\n\n\n\n<li>tocze\u0144 rumieniowaty uk\u0142adowy (SLE), zesp\u00f3\u0142 Sj\u00f6grena, <a href=\"https:\/\/www.alab.pl\/centrum-wiedzy\/sarkoidoza-jak-objawia-sie-rzadka-zagadkowa-choroba\/\">sarkoidoza<\/a>, czy r\u00f3\u017cne formy zapale\u0144 naczy\u0144 mog\u0105 prowadzi\u0107 do zapalenia nerwu tr\u00f3jdzielnego w ramach uog\u00f3lnionego procesu autoimmunologicznego,<\/li>\n\n\n\n<li><strong>urazy: <\/strong>bezpo\u015brednie uszkodzenie nerwu w wyniku urazu twarzoczaszki, z\u0142amania ko\u015bci podstawy czaszki, a tak\u017ce urazy jatrogenne (powsta\u0142e w wyniku interwencji medycznych, np. skomplikowanych zabieg\u00f3w stomatologicznych, operacji laryngologicznych czy neurochirurgicznych w okolicy przebiegu nerwu) mog\u0105 skutkowa\u0107 jego zapaleniem,<\/li>\n\n\n\n<li><strong>nowotwory: <\/strong>guzy rosn\u0105ce wzd\u0142u\u017c przebiegu nerwu tr\u00f3jdzielnego lub w jego bezpo\u015brednim s\u0105siedztwie mog\u0105 go uciska\u0107, nacieka\u0107 i wywo\u0142ywa\u0107 stan zapalny. Mog\u0105 to by\u0107 zar\u00f3wno \u0142agodne nowotwory, jak nerwiak os\u0142onkowy nerwu tr\u00f3jdzielnego czy guzy z\u0142o\u015bliwe lub przerzuty,<\/li>\n\n\n\n<li><strong>idiopatyczne zapalenie nerwu tr\u00f3jdzielnego: <\/strong>niekiedy, pomimo szczeg\u00f3\u0142owej diagnostyki, nie udaje si\u0119 ustali\u0107 konkretnej przyczyny zapalenia. M\u00f3wimy wtedy o postaci idiopatycznej, gdzie zak\u0142ada si\u0119 mo\u017cliwy, nieuchwytny czynnik zapalny lub immunologiczny.<\/li>\n<\/ul>\n\n\n\n<h2 class=\"wp-block-heading\" id=\"Zapalenie-nerwu-tr\u00f3jdzielnego-\u2013-objawy\">Zapalenie nerwu tr\u00f3jdzielnego \u2013 objawy<\/h2>\n\n\n\n<p>W\u015br\u00f3d najcz\u0119stszych objaw\u00f3w zapalenia nerwu tr\u00f3jdzielnego wyr\u00f3\u017cniamy:<\/p>\n\n\n\n<ul class=\"wp-block-list\">\n<li><strong>b\u00f3l <\/strong>&#8211;\u00a0 sta\u0142y, t\u0119py, piek\u0105cy, pulsuj\u0105cy lub rw\u0105cy. Jego nasilenie bywa zmienne, od \u0142agodnego dyskomfortu po silne, utrudniaj\u0105ce funkcjonowanie dolegliwo\u015bci. Mo\u017ce nasila\u0107 si\u0119 przy dotyku lub ruchach,<\/li>\n\n\n\n<li><strong>zaburzenia czucia, takie jak<\/strong>:<\/li>\n\n\n\n<li>dr\u0119twienie lub ca\u0142kowity brak czucia w obszarze sk\u00f3ry twarzy, b\u0142on \u015bluzowych jamy ustnej czy nosa;<\/li>\n\n\n\n<li>parestezje &#8211; nieprzyjemne, samoistne doznania czuciowe, takie jak mrowienie, cierpni\u0119cie, uczucie &#8222;przebiegania pr\u0105du&#8221; lub &#8222;pe\u0142zania mr\u00f3wek&#8221;;<\/li>\n\n\n\n<li>dyzestezje &#8211; nieprawid\u0142owe, cz\u0119sto nieprzyjemne odczuwanie bod\u017ac\u00f3w, np. zwyk\u0142y dotyk mo\u017ce by\u0107 odbierany jako b\u00f3l, pieczenie lub sw\u0119dzenie;<\/li>\n\n\n\n<li>rzadziej nadwra\u017cliwo\u015b\u0107 na bod\u017ace (hiperpatia, allodynia),<\/li>\n\n\n\n<li><strong>objawy ruchowe: <\/strong>pojawiaj\u0105 si\u0119, gdy proces zapalny obejmuje cz\u0119\u015b\u0107 ruchow\u0105 nerwu \u017cuchwowego (V3), kt\u00f3ra unerwia mi\u0119\u015bnie odpowiedzialne za \u017cucie. Mo\u017ce to by\u0107:<\/li>\n\n\n\n<li>os\u0142abienie si\u0142y mi\u0119\u015bni \u017cwaczy.<\/li>\n\n\n\n<li>trudno\u015bci z gryzieniem i \u017cuciem pokarm\u00f3w.<\/li>\n\n\n\n<li>zbaczanie \u017cuchwy w stron\u0119 uszkodzon\u0105 przy otwieraniu ust.<\/li>\n\n\n\n<li>w przypadkach przewlek\u0142ych lub ci\u0119\u017ckich \u2013 zanik (atrofia) mi\u0119\u015bni \u017cwaczy.<\/li>\n\n\n\n<li><strong>inne objawy: <\/strong>mog\u0105 wyst\u0105pi\u0107 r\u00f3wnie\u017c os\u0142abienie lub zniesienie odruchu rog\u00f3wkowego, nadmierne \u0142zawienie lub sucho\u015b\u0107 oka, zaburzenia smaku (rzadko), a tak\u017ce objawy og\u00f3lne zwi\u0105zane z przyczyn\u0105 zapalenia, np. gor\u0105czka i zmiany sk\u00f3rne (p\u0119cherzyki) w przebiegu p\u00f3\u0142pa\u015bca, czy objawy uk\u0142adowe w chorobach autoimmunologicznych.<\/li>\n<\/ul>\n\n\n\n<h2 class=\"wp-block-heading\" id=\"Jak-leczy\u0107-zapalenie-nerwu-tr\u00f3jdzielnego?\">Jak leczy\u0107 zapalenie nerwu tr\u00f3jdzielnego?<\/h2>\n\n\n\n<p>Strategia leczenia zapalenia nerwu tr\u00f3jdzielnego jest zawsze dwukierunkowa i \u015bci\u015ble uzale\u017cniona od jego przyczyny. Kluczowe jest <strong>leczenie choroby podstawowej<\/strong>, co daje szans\u0119 na ust\u0105pienie stanu zapalnego i regeneracj\u0119 nerwu, oraz <strong>\u0142agodzenie objaw\u00f3w<\/strong>, aby jak najszybciej poprawi\u0107 komfort \u017cycia pacjenta.<\/p>\n\n\n\n<figure class=\"wp-block-image size-full\"><a href=\"https:\/\/www.alab.pl\/badanie\/morfologia-krwi-c55\"><img loading=\"lazy\" decoding=\"async\" width=\"800\" height=\"200\" src=\"https:\/\/www.alab.pl\/centrum-wiedzy\/wp-content\/uploads\/2025\/02\/Morfologia.jpg\" alt=\"Morfologia banerek\" class=\"wp-image-21108\" srcset=\"https:\/\/www.alab.pl\/centrum-wiedzy\/wp-content\/uploads\/2025\/02\/Morfologia.jpg 800w, https:\/\/www.alab.pl\/centrum-wiedzy\/wp-content\/uploads\/2025\/02\/Morfologia-768x192.jpg 768w, https:\/\/www.alab.pl\/centrum-wiedzy\/wp-content\/uploads\/2025\/02\/Morfologia-150x38.jpg 150w, https:\/\/www.alab.pl\/centrum-wiedzy\/wp-content\/uploads\/2025\/02\/Morfologia-300x75.jpg 300w, https:\/\/www.alab.pl\/centrum-wiedzy\/wp-content\/uploads\/2025\/02\/Morfologia-696x174.jpg 696w\" sizes=\"auto, (max-width: 800px) 100vw, 800px\" \/><\/a><\/figure>\n\n\n\n<p>Post\u0119powanie przyczynowe jest fundamentem terapii. W przypadku infekcji wirusowych, takich jak p\u00f3\u0142pasiec czy opryszczka, stosuje si\u0119 <strong>leki przeciwwirusowe<\/strong> (np. acyklowir), najlepiej wdro\u017cone jak najwcze\u015bniej. Infekcje bakteryjne wymagaj\u0105 podania odpowiednio dobranych <strong>antybiotyk\u00f3w<\/strong>. Je\u015bli zapalenie rozwija si\u0119 na tle chor\u00f3b autoimmunologicznych, podstaw\u0105 leczenia s\u0105 <strong>glikokortykosteroidy<\/strong>, dzia\u0142aj\u0105ce silnie przeciwzapalnie, oraz niekiedy <strong>leki immunosupresyjne<\/strong>, kt\u00f3re modyfikuj\u0105 aktywno\u015b\u0107 uk\u0142adu odporno\u015bciowego.<\/p>\n\n\n\n<p>Gdy przyczyn\u0105 jest ucisk nerwu przez guz, konieczne jest <strong>leczenie onkologiczne<\/strong>, obejmuj\u0105ce chirurgiczne usuni\u0119cie zmiany, radioterapi\u0119 lub chemioterapi\u0119. W sytuacjach pourazowych podej\u015bcie zale\u017cy od rodzaju uszkodzenia \u2013 od leczenia zachowawczego po ewentualn\u0105 interwencj\u0119 chirurgiczn\u0105.<\/p>\n\n\n\n<figure class=\"wp-block-image size-full\"><a href=\"https:\/\/www.alab.pl\/badanie\/bialko-c-reaktywne-crp-ilosciowe-i81\"><img loading=\"lazy\" decoding=\"async\" width=\"800\" height=\"200\" src=\"https:\/\/www.alab.pl\/centrum-wiedzy\/wp-content\/uploads\/2025\/02\/Badanie-CRP-bialko-C-reaktywne.jpg\" alt=\"Badanie CRP - (bia\u0142ko C-reaktywne) banerek\" class=\"wp-image-21101\" srcset=\"https:\/\/www.alab.pl\/centrum-wiedzy\/wp-content\/uploads\/2025\/02\/Badanie-CRP-bialko-C-reaktywne.jpg 800w, https:\/\/www.alab.pl\/centrum-wiedzy\/wp-content\/uploads\/2025\/02\/Badanie-CRP-bialko-C-reaktywne-768x192.jpg 768w, https:\/\/www.alab.pl\/centrum-wiedzy\/wp-content\/uploads\/2025\/02\/Badanie-CRP-bialko-C-reaktywne-150x38.jpg 150w, https:\/\/www.alab.pl\/centrum-wiedzy\/wp-content\/uploads\/2025\/02\/Badanie-CRP-bialko-C-reaktywne-300x75.jpg 300w, https:\/\/www.alab.pl\/centrum-wiedzy\/wp-content\/uploads\/2025\/02\/Badanie-CRP-bialko-C-reaktywne-696x174.jpg 696w\" sizes=\"auto, (max-width: 800px) 100vw, 800px\" \/><\/a><\/figure>\n\n\n\n<p>R\u00f3wnolegle prowadzi si\u0119 <strong>leczenie objawowe<\/strong>, maj\u0105ce na celu przede wszystkim z\u0142agodzenie b\u00f3lu. W b\u00f3lu o charakterze zapalnym pomocne s\u0105 <strong>niesteroidowe leki przeciwzapalne (NLPZ)<\/strong> oraz <strong>paracetamol<\/strong>. Je\u017celi jednak b\u00f3l ma cechy neuropatyczne \u2013 jest piek\u0105cy, pal\u0105cy i towarzysz\u0105 mu parestezje (mrowienia) \u2013 skuteczne okazuj\u0105 si\u0119 leki stosowane typowo w leczeniu b\u00f3lu neuropatycznego, takie jak niekt\u00f3re <strong>preparaty przeciwpadaczkowe<\/strong> (np. gabapentyna, pregabalina) lub przeciwdepresyjne (np. amitryptylina).<\/p>\n\n\n\n<p>Kr\u00f3tkotrwa\u0142e kuracje glikokortykosteroidami r\u00f3wnie\u017c mog\u0105 przyczyni\u0107 si\u0119 do zmniejszenia b\u00f3lu zwi\u0105zanego bezpo\u015brednio z procesem zapalnym. Silne leki opioidowe s\u0105 zarezerwowane dla wyj\u0105tkowo nasilonego b\u00f3lu i stosowane z du\u017c\u0105 ostro\u017cno\u015bci\u0105. Ponadto, niezwykle wa\u017cna jest odpowiednia piel\u0119gnacja i ochrona, szczeg\u00f3lnie je\u015bli zaburzenia czucia dotycz\u0105 okolicy oka \u2013 niezb\u0119dne jest w\u00f3wczas regularne stosowanie <strong>preparat\u00f3w nawil\u017caj\u0105cych (&#8222;sztucznych \u0142ez&#8221;)<\/strong> i ochrona przed urazami. W przypadku wyst\u0105pienia os\u0142abienia mi\u0119\u015bni \u017cwaczy, cennym uzupe\u0142nieniem leczenia mo\u017ce by\u0107 specjalistyczna fizjoterapia.<\/p>\n\n\n\n<h2 class=\"wp-block-heading\" id=\"Nieleczone-zapalenie-nerwu-tr\u00f3jdzielnego-\u2013-do-czego-mo\u017ce-doprowadzi\u0107?\">Nieleczone zapalenie nerwu tr\u00f3jdzielnego \u2013 do czego mo\u017ce doprowadzi\u0107?<\/h2>\n\n\n\n<p>Brak odpowiedniego leczenia zapalenia nerwu tr\u00f3jdzielnego, a przede wszystkim nieleczenie choroby podstawowej, kt\u00f3ra je wywo\u0142a\u0142a, mo\u017ce prowadzi\u0107 do szeregu powa\u017cnych konsekwencji. Przede wszystkim, je\u015bli przyczyna nie zostanie usuni\u0119ta (np. infekcja, proces autoimmunologiczny, ucisk przez guz), stan zapalny i uszkodzenie nerwu b\u0119d\u0105 post\u0119powa\u0107.<\/p>\n\n\n\n<p>Mo\u017ce to skutkowa\u0107:<\/p>\n\n\n\n<ul class=\"wp-block-list\">\n<li><strong>Przej\u015bciem b\u00f3lu ostrego w b\u00f3l przewlek\u0142y:<\/strong> Rozw\u00f3j trudnego do leczenia b\u00f3lu neuropatycznego, kt\u00f3ry mo\u017ce utrzymywa\u0107 si\u0119 miesi\u0105cami lub latami, znacz\u0105co obni\u017caj\u0105c jako\u015b\u0107 \u017cycia.<\/li>\n\n\n\n<li><strong>Trwa\u0142ymi zaburzeniami czucia:<\/strong> Utrwalone dr\u0119twienie, brak czucia lub nieprzyjemne parestezje w obr\u0119bie twarzy. Mo\u017ce to prowadzi\u0107 do nie\u015bwiadomych samouszkodze\u0144 (np. przygryzania b\u0142ony \u015bluzowej policzka, oparze\u0144 gor\u0105cymi p\u0142ynami) lub problem\u00f3w okulistycznych (np. owrzodzenia rog\u00f3wki z powodu braku czucia i ochrony).<\/li>\n\n\n\n<li><strong>Trwa\u0142ym os\u0142abieniem i zanikiem mi\u0119\u015bni \u017cwaczy:<\/strong> Je\u015bli proces dotyczy cz\u0119\u015bci ruchowej nerwu \u017cuchwowego, mo\u017ce doj\u015b\u0107 do nieodwracalnych problem\u00f3w z gryzieniem i \u017cuciem.<\/li>\n\n\n\n<li><strong>Rozwojem powik\u0142a\u0144 zwi\u0105zanych z nieleczon\u0105 chorob\u0105 podstawow\u0105:<\/strong> Na przyk\u0142ad, nieleczony p\u00f3\u0142pasiec oczny mo\u017ce prowadzi\u0107 do utraty wzroku, a nierozpoznana choroba autoimmunologiczna lub nowotw\u00f3r mog\u0105 rozwija\u0107 si\u0119, daj\u0105c powa\u017cne objawy og\u00f3lnoustrojowe.<\/li>\n<\/ul>\n\n\n\n<p>Dlatego tak istotne jest, aby nie lekcewa\u017cy\u0107 objaw\u00f3w mog\u0105cych sugerowa\u0107 zapalenie nerwu tr\u00f3jdzielnego i jak najszybciej zg\u0142osi\u0107 si\u0119 do lekarza w celu postawienia diagnozy i wdro\u017cenia odpowiedniego leczenia.<\/p>\n\n\n\n<h2 class=\"wp-block-heading\" id=\"Zapalenie-nerwu-tr\u00f3jdzielnego-\u2013-podsumowanie\">Zapalenie nerwu tr\u00f3jdzielnego \u2013 podsumowanie<\/h2>\n\n\n\n<p><strong>Zapalenie nerwu tr\u00f3jdzielnego to dolegliwo\u015b\u0107, kt\u00f3ra cho\u0107 mniej znana ni\u017c gwa\u0142towna neuralgia, potrafi r\u00f3wnie mocno wp\u0142yn\u0105\u0107 na komfort \u017cycia. Jego istot\u0105 jest proces zapalny dotykaj\u0105cy V nerw czaszkowy, co odr\u00f3\u017cnia je od typowych zespo\u0142\u00f3w b\u00f3lowych. Zrozumienie tej r\u00f3\u017cnicy oraz potencjalnych przyczyn i objaw\u00f3w jest kluczowe dla w\u0142a\u015bciwego post\u0119powania diagnostycznego i terapeutycznego.<\/strong><\/p>\n\n\n\n<ul class=\"wp-block-list\">\n<li><strong>Zapalenie nerwu tr\u00f3jdzielnego to stan zapalny V nerwu czaszkowego, odmienny od neuralgii tr\u00f3jdzielnej, kt\u00f3ra jest g\u0142\u00f3wnie zespo\u0142em b\u00f3lowym.<\/strong><\/li>\n\n\n\n<li><strong>Charakterystyczne objawy to cz\u0119sto bardziej sta\u0142y b\u00f3l (np. piek\u0105cy, t\u0119py), dr\u0119twienie, mrowienie, os\u0142abienie czucia w obszarze unerwianym przez nerw, a czasem tak\u017ce os\u0142abienie mi\u0119\u015bni odpowiedzialnych za \u017cucie.<\/strong><\/li>\n\n\n\n<li><strong>Przyczynami zapalenia mog\u0105 by\u0107 r\u00f3\u017cnorodne czynniki, w tym infekcje (zw\u0142aszcza wirusowe, jak p\u00f3\u0142pasiec), choroby autoimmunologiczne, urazy czy ucisk przez nowotwory.<\/strong><\/li>\n\n\n\n<li><strong>Rozpoznanie opiera si\u0119 na dok\u0142adnym badaniu neurologicznym, cz\u0119sto wspieranym przez badania obrazowe (g\u0142\u00f3wnie rezonans magnetyczny \u2013 MRI) oraz badania laboratoryjne, maj\u0105ce na celu identyfikacj\u0119 przyczyny zapalenia (np. morfologia, <\/strong><a href=\"https:\/\/www.alab.pl\/badanie\/odczyn-biernackiego-c59\"><strong>odczyn Biernackiego<\/strong><\/a><strong> czy <\/strong><a href=\"https:\/\/www.alab.pl\/centrum-wiedzy\/badania-serologiczne-co-to-jest-serologia-na-czym-polegaja-badania-i-kiedy-sie-je-wykonuje\/\"><strong>badania serologiczne<\/strong><\/a><strong>).<\/strong><\/li>\n\n\n\n<li><strong>Leczenie jest wielokierunkowe i koncentruje si\u0119 na terapii choroby podstawowej (np. leki przeciwwirusowe, antybiotyki, leczenie immunosupresyjne) oraz na \u0142agodzeniu objaw\u00f3w, w tym b\u00f3lu neuropatycznego i stanu zapalnego.<\/strong><\/li>\n\n\n\n<li><strong>Wczesne postawienie diagnozy i wdro\u017cenie odpowiedniego leczenia przyczynowego s\u0105 kluczowe dla pomy\u015blnego rokowania i unikni\u0119cia trwa\u0142ych powik\u0142a\u0144.<\/strong><\/li>\n<\/ul>\n\n\n\n<hr class=\"wp-block-separator has-alpha-channel-opacity\"\/>\n\n\n\n<p><strong>Bibliografia<\/strong><\/p>\n\n\n\n<ol start=\"1\" class=\"wp-block-list\">\n<li>Veerapaneni KD, Kapoor N, Veerapaneni P, et al. <em>Trigeminal Neuropathy.<\/em> [Updated 2024 Mar 1]. In: StatPearls [Internet]. Treasure Island (FL): StatPearls Publishing; 2025 Jan-. Available from: https:\/\/www.ncbi.nlm.nih.gov\/books\/NBK556126\/<\/li>\n\n\n\n<li>Alfaifi AJ, Wasli OS, Almalki TM, Alqassim AY. <em>Trigeminal Neuralgia Secondary to Herpes Simplex Virus Type 1 Infection Treated With Oral Acyclovir.<\/em>Cureus. 2024 Feb 13;16(2):e54128.<\/li>\n\n\n\n<li>Maikap D, Padhan P. T<em>rigeminal Neuralgia as an Initial Presentation of Systemic Autoimmune Diseases: A Case Series.<\/em>Mediterr J Rheumatol. 2022 Sep 30;33(3):333-338.<\/li>\n\n\n\n<li>Farran MZ, Kesserwani H. <em>A Case of Sj\u00f6gren&#8217;s Syndrome Associated With Trigeminal Neuropathy and Enhancement of the Mandibular Nerve at the Foramen Ovale: A Case Report and a Review of the Differential Diagnosis and Mechanisms of the Disease.<\/em>Cureus. 2021 Nov 11;13(11):e19463.<\/li>\n\n\n\n<li>Kim H, Kang KW, Kim JM, Park MS. <em>Uncommon cause of trigeminal neuritis and central nervous system involvement by herpes labialis: a case report.<\/em>BMC Neurol. 2022 Aug 5;22(1):294.<\/li>\n\n\n\n<li>Fritz C, R\u00f6sler A, Heyden B, Braune HJ. <em>Trigeminal neuralgia as a clinical manifestation of Lyme neuroborreliosis. <\/em>J Neurol. 1996 Apr;243(4):367-8.<\/li>\n<\/ol>\n","protected":false},"excerpt":{"rendered":"<p>Dowiedz si\u0119 wi\u0119cej na temat zapalenia nerwu tr\u00f3jdzielnego \u2013 jego przyczyn, charakterystycznych objaw\u00f3w oraz dost\u0119pnych metod leczenia.<\/p>\n","protected":false},"author":170,"featured_media":23810,"comment_status":"closed","ping_status":"closed","sticky":false,"template":"","format":"standard","meta":{"_acf_changed":false,"inline_featured_image":false,"footnotes":""},"categories":[13],"tags":[],"coauthors":[172],"class_list":{"0":"post-23807","1":"post","2":"type-post","3":"status-publish","4":"format-standard","5":"has-post-thumbnail","7":"category-choroby-ukladu-nerwowego"},"acf":[],"yoast_head":"<!-- This site is optimized with the Yoast SEO plugin v27.5 - https:\/\/yoast.com\/product\/yoast-seo-wordpress\/ -->\n<title>Zapalenie nerwu tr\u00f3jdzielnego \u2013 czym jest i jak si\u0119 objawia? Przyczyny i leczenie\u00a0\u00a0\u00a0\u00a0\u00a0 - Centrum Wiedzy ALAB laboratoria<\/title>\n<meta name=\"description\" content=\"Dowiedz si\u0119 wi\u0119cej na temat zapalenia nerwu tr\u00f3jdzielnego \u2013 jego przyczyn, charakterystycznych objaw\u00f3w oraz dost\u0119pnych metod leczenia.\" \/>\n<meta name=\"robots\" content=\"index, follow, max-snippet:-1, max-image-preview:large, max-video-preview:-1\" \/>\n<link rel=\"canonical\" href=\"https:\/\/www.alab.pl\/centrum-wiedzy\/zapalenie-nerwu-trojdzielnego-czym-jest-i-jak-sie-objawia-przyczyny-i-leczenie\/\" \/>\n<meta property=\"og:locale\" content=\"pl_PL\" \/>\n<meta property=\"og:type\" content=\"article\" \/>\n<meta property=\"og:title\" content=\"Zapalenie nerwu tr\u00f3jdzielnego \u2013 czym jest i jak si\u0119 objawia? Przyczyny i leczenie\u00a0\u00a0\u00a0\u00a0\u00a0 - Centrum Wiedzy ALAB laboratoria\" \/>\n<meta property=\"og:description\" content=\"Dowiedz si\u0119 wi\u0119cej na temat zapalenia nerwu tr\u00f3jdzielnego \u2013 jego przyczyn, charakterystycznych objaw\u00f3w oraz dost\u0119pnych metod leczenia.\" \/>\n<meta property=\"og:url\" content=\"https:\/\/www.alab.pl\/centrum-wiedzy\/zapalenie-nerwu-trojdzielnego-czym-jest-i-jak-sie-objawia-przyczyny-i-leczenie\/\" \/>\n<meta property=\"og:site_name\" content=\"Centrum Wiedzy ALAB laboratoria\" \/>\n<meta property=\"article:publisher\" content=\"https:\/\/www.facebook.com\/ALABlaboratoria\" \/>\n<meta property=\"article:published_time\" content=\"2025-05-25T17:03:06+00:00\" \/>\n<meta property=\"article:modified_time\" content=\"2025-05-25T17:03:09+00:00\" \/>\n<meta property=\"og:image\" content=\"https:\/\/www.alab.pl\/centrum-wiedzy\/wp-content\/uploads\/2025\/05\/zapalenie_nerwu_trojdzielnego-scaled.jpg\" \/>\n\t<meta property=\"og:image:width\" content=\"2560\" \/>\n\t<meta property=\"og:image:height\" content=\"1305\" \/>\n\t<meta property=\"og:image:type\" content=\"image\/jpeg\" \/>\n<meta name=\"author\" content=\"Kacper Staniszewski\" \/>\n<meta name=\"twitter:card\" content=\"summary_large_image\" \/>\n<meta name=\"twitter:label1\" content=\"Napisane przez\" \/>\n\t<meta name=\"twitter:data1\" content=\"Kacper Staniszewski\" \/>\n\t<meta name=\"twitter:label2\" content=\"Szacowany czas czytania\" \/>\n\t<meta name=\"twitter:data2\" content=\"12 minut\" \/>\n\t<meta name=\"twitter:label3\" content=\"Written by\" \/>\n\t<meta name=\"twitter:data3\" content=\"Kacper Staniszewski\" \/>\n<!-- \/ Yoast SEO plugin. -->","yoast_head_json":{"title":"Zapalenie nerwu tr\u00f3jdzielnego \u2013 czym jest i jak si\u0119 objawia? Przyczyny i leczenie\u00a0\u00a0\u00a0\u00a0\u00a0 - Centrum Wiedzy ALAB laboratoria","description":"Dowiedz si\u0119 wi\u0119cej na temat zapalenia nerwu tr\u00f3jdzielnego \u2013 jego przyczyn, charakterystycznych objaw\u00f3w oraz dost\u0119pnych metod leczenia.","robots":{"index":"index","follow":"follow","max-snippet":"max-snippet:-1","max-image-preview":"max-image-preview:large","max-video-preview":"max-video-preview:-1"},"canonical":"https:\/\/www.alab.pl\/centrum-wiedzy\/zapalenie-nerwu-trojdzielnego-czym-jest-i-jak-sie-objawia-przyczyny-i-leczenie\/","og_locale":"pl_PL","og_type":"article","og_title":"Zapalenie nerwu tr\u00f3jdzielnego \u2013 czym jest i jak si\u0119 objawia? Przyczyny i leczenie\u00a0\u00a0\u00a0\u00a0\u00a0 - Centrum Wiedzy ALAB laboratoria","og_description":"Dowiedz si\u0119 wi\u0119cej na temat zapalenia nerwu tr\u00f3jdzielnego \u2013 jego przyczyn, charakterystycznych objaw\u00f3w oraz dost\u0119pnych metod leczenia.","og_url":"https:\/\/www.alab.pl\/centrum-wiedzy\/zapalenie-nerwu-trojdzielnego-czym-jest-i-jak-sie-objawia-przyczyny-i-leczenie\/","og_site_name":"Centrum Wiedzy ALAB laboratoria","article_publisher":"https:\/\/www.facebook.com\/ALABlaboratoria","article_published_time":"2025-05-25T17:03:06+00:00","article_modified_time":"2025-05-25T17:03:09+00:00","og_image":[{"width":2560,"height":1305,"url":"https:\/\/www.alab.pl\/centrum-wiedzy\/wp-content\/uploads\/2025\/05\/zapalenie_nerwu_trojdzielnego-scaled.jpg","type":"image\/jpeg"}],"author":"Kacper Staniszewski","twitter_card":"summary_large_image","twitter_misc":{"Napisane przez":"Kacper Staniszewski","Szacowany czas czytania":"12 minut","Written by":"Kacper Staniszewski"},"schema":{"@context":"https:\/\/schema.org","@graph":[{"@type":"Article","@id":"https:\/\/www.alab.pl\/centrum-wiedzy\/zapalenie-nerwu-trojdzielnego-czym-jest-i-jak-sie-objawia-przyczyny-i-leczenie\/#article","isPartOf":{"@id":"https:\/\/www.alab.pl\/centrum-wiedzy\/zapalenie-nerwu-trojdzielnego-czym-jest-i-jak-sie-objawia-przyczyny-i-leczenie\/"},"author":{"name":"Kacper Staniszewski","@id":"https:\/\/www.alab.pl\/centrum-wiedzy\/#\/schema\/person\/2e8901b610242a0ad82808285d04fe65"},"headline":"Zapalenie nerwu tr\u00f3jdzielnego \u2013 czym jest i jak si\u0119 objawia? Przyczyny i leczenie\u00a0\u00a0\u00a0\u00a0\u00a0","datePublished":"2025-05-25T17:03:06+00:00","dateModified":"2025-05-25T17:03:09+00:00","mainEntityOfPage":{"@id":"https:\/\/www.alab.pl\/centrum-wiedzy\/zapalenie-nerwu-trojdzielnego-czym-jest-i-jak-sie-objawia-przyczyny-i-leczenie\/"},"wordCount":2179,"publisher":{"@id":"https:\/\/www.alab.pl\/centrum-wiedzy\/#organization"},"image":{"@id":"https:\/\/www.alab.pl\/centrum-wiedzy\/zapalenie-nerwu-trojdzielnego-czym-jest-i-jak-sie-objawia-przyczyny-i-leczenie\/#primaryimage"},"thumbnailUrl":"https:\/\/www.alab.pl\/centrum-wiedzy\/wp-content\/uploads\/2025\/05\/zapalenie_nerwu_trojdzielnego-scaled.jpg","articleSection":["Choroby uk\u0142adu nerwowego"],"inLanguage":"pl-PL"},{"@type":"WebPage","@id":"https:\/\/www.alab.pl\/centrum-wiedzy\/zapalenie-nerwu-trojdzielnego-czym-jest-i-jak-sie-objawia-przyczyny-i-leczenie\/","url":"https:\/\/www.alab.pl\/centrum-wiedzy\/zapalenie-nerwu-trojdzielnego-czym-jest-i-jak-sie-objawia-przyczyny-i-leczenie\/","name":"Zapalenie nerwu tr\u00f3jdzielnego \u2013 czym jest i jak si\u0119 objawia? Przyczyny i leczenie\u00a0\u00a0\u00a0\u00a0\u00a0 - Centrum Wiedzy ALAB laboratoria","isPartOf":{"@id":"https:\/\/www.alab.pl\/centrum-wiedzy\/#website"},"primaryImageOfPage":{"@id":"https:\/\/www.alab.pl\/centrum-wiedzy\/zapalenie-nerwu-trojdzielnego-czym-jest-i-jak-sie-objawia-przyczyny-i-leczenie\/#primaryimage"},"image":{"@id":"https:\/\/www.alab.pl\/centrum-wiedzy\/zapalenie-nerwu-trojdzielnego-czym-jest-i-jak-sie-objawia-przyczyny-i-leczenie\/#primaryimage"},"thumbnailUrl":"https:\/\/www.alab.pl\/centrum-wiedzy\/wp-content\/uploads\/2025\/05\/zapalenie_nerwu_trojdzielnego-scaled.jpg","datePublished":"2025-05-25T17:03:06+00:00","dateModified":"2025-05-25T17:03:09+00:00","description":"Dowiedz si\u0119 wi\u0119cej na temat zapalenia nerwu tr\u00f3jdzielnego \u2013 jego przyczyn, charakterystycznych objaw\u00f3w oraz dost\u0119pnych metod leczenia.","breadcrumb":{"@id":"https:\/\/www.alab.pl\/centrum-wiedzy\/zapalenie-nerwu-trojdzielnego-czym-jest-i-jak-sie-objawia-przyczyny-i-leczenie\/#breadcrumb"},"inLanguage":"pl-PL","potentialAction":[{"@type":"ReadAction","target":["https:\/\/www.alab.pl\/centrum-wiedzy\/zapalenie-nerwu-trojdzielnego-czym-jest-i-jak-sie-objawia-przyczyny-i-leczenie\/"]}]},{"@type":"ImageObject","inLanguage":"pl-PL","@id":"https:\/\/www.alab.pl\/centrum-wiedzy\/zapalenie-nerwu-trojdzielnego-czym-jest-i-jak-sie-objawia-przyczyny-i-leczenie\/#primaryimage","url":"https:\/\/www.alab.pl\/centrum-wiedzy\/wp-content\/uploads\/2025\/05\/zapalenie_nerwu_trojdzielnego-scaled.jpg","contentUrl":"https:\/\/www.alab.pl\/centrum-wiedzy\/wp-content\/uploads\/2025\/05\/zapalenie_nerwu_trojdzielnego-scaled.jpg","width":2560,"height":1305,"caption":"zapalenie nerwu tr\u00f3jdzielnego"},{"@type":"BreadcrumbList","@id":"https:\/\/www.alab.pl\/centrum-wiedzy\/zapalenie-nerwu-trojdzielnego-czym-jest-i-jak-sie-objawia-przyczyny-i-leczenie\/#breadcrumb","itemListElement":[{"@type":"ListItem","position":1,"name":"Strona g\u0142\u00f3wna","item":"https:\/\/www.alab.pl\/centrum-wiedzy\/"},{"@type":"ListItem","position":2,"name":"Zapalenie nerwu tr\u00f3jdzielnego \u2013 czym jest i jak si\u0119 objawia? Przyczyny i leczenie\u00a0\u00a0\u00a0\u00a0\u00a0"}]},{"@type":"WebSite","@id":"https:\/\/www.alab.pl\/centrum-wiedzy\/#website","url":"https:\/\/www.alab.pl\/centrum-wiedzy\/","name":"Centrum Wiedzy ALAB laboratoria","description":"","publisher":{"@id":"https:\/\/www.alab.pl\/centrum-wiedzy\/#organization"},"potentialAction":[{"@type":"SearchAction","target":{"@type":"EntryPoint","urlTemplate":"https:\/\/www.alab.pl\/centrum-wiedzy\/?s={search_term_string}"},"query-input":{"@type":"PropertyValueSpecification","valueRequired":true,"valueName":"search_term_string"}}],"inLanguage":"pl-PL"},{"@type":"Organization","@id":"https:\/\/www.alab.pl\/centrum-wiedzy\/#organization","name":"Centrum Wiedzy ALAB laboratoria","url":"https:\/\/www.alab.pl\/centrum-wiedzy\/","logo":{"@type":"ImageObject","inLanguage":"pl-PL","@id":"https:\/\/www.alab.pl\/centrum-wiedzy\/#\/schema\/logo\/image\/","url":"https:\/\/www.alab.pl\/centrum-wiedzy\/wp-content\/uploads\/2022\/04\/alabek.jpg","contentUrl":"https:\/\/www.alab.pl\/centrum-wiedzy\/wp-content\/uploads\/2022\/04\/alabek.jpg","width":1250,"height":1251,"caption":"Centrum Wiedzy ALAB laboratoria"},"image":{"@id":"https:\/\/www.alab.pl\/centrum-wiedzy\/#\/schema\/logo\/image\/"},"sameAs":["https:\/\/www.facebook.com\/ALABlaboratoria"]},{"@type":"Person","@id":"https:\/\/www.alab.pl\/centrum-wiedzy\/#\/schema\/person\/2e8901b610242a0ad82808285d04fe65","name":"Kacper Staniszewski","image":{"@type":"ImageObject","inLanguage":"pl-PL","@id":"https:\/\/www.alab.pl\/centrum-wiedzy\/wp-content\/uploads\/2025\/02\/Kacper-Staniszewski-150x150.jpgc73da3b138f9e7edf0e9feacbca89431","url":"https:\/\/www.alab.pl\/centrum-wiedzy\/wp-content\/uploads\/2025\/02\/Kacper-Staniszewski-150x150.jpg","contentUrl":"https:\/\/www.alab.pl\/centrum-wiedzy\/wp-content\/uploads\/2025\/02\/Kacper-Staniszewski-150x150.jpg","caption":"Kacper Staniszewski"},"description":"Lekarz medycyny estetycznej oraz radiolog w trakcie specjalizacji. Absolwent Collegium Medicum w Bydgoszczy, znany z precyzji, wyj\u0105tkowego zmys\u0142u estetycznego i zaanga\u017cowania w swoj\u0105 prac\u0119. Prywatnie mi\u0142o\u015bnik zwierz\u0105t. Stale podnosi swoje kwalifikacje, uczestnicz\u0105c w licznych szkoleniach i konferencjach, by dostarcza\u0107 swoim pacjentom najnowocze\u015bniejsze rozwi\u0105zania.","url":"https:\/\/www.alab.pl\/centrum-wiedzy\/author\/kacper-staniszewski\/"}]}},"_links":{"self":[{"href":"https:\/\/www.alab.pl\/centrum-wiedzy\/wp-json\/wp\/v2\/posts\/23807","targetHints":{"allow":["GET"]}}],"collection":[{"href":"https:\/\/www.alab.pl\/centrum-wiedzy\/wp-json\/wp\/v2\/posts"}],"about":[{"href":"https:\/\/www.alab.pl\/centrum-wiedzy\/wp-json\/wp\/v2\/types\/post"}],"author":[{"embeddable":true,"href":"https:\/\/www.alab.pl\/centrum-wiedzy\/wp-json\/wp\/v2\/users\/170"}],"replies":[{"embeddable":true,"href":"https:\/\/www.alab.pl\/centrum-wiedzy\/wp-json\/wp\/v2\/comments?post=23807"}],"version-history":[{"count":3,"href":"https:\/\/www.alab.pl\/centrum-wiedzy\/wp-json\/wp\/v2\/posts\/23807\/revisions"}],"predecessor-version":[{"id":23811,"href":"https:\/\/www.alab.pl\/centrum-wiedzy\/wp-json\/wp\/v2\/posts\/23807\/revisions\/23811"}],"wp:featuredmedia":[{"embeddable":true,"href":"https:\/\/www.alab.pl\/centrum-wiedzy\/wp-json\/wp\/v2\/media\/23810"}],"wp:attachment":[{"href":"https:\/\/www.alab.pl\/centrum-wiedzy\/wp-json\/wp\/v2\/media?parent=23807"}],"wp:term":[{"taxonomy":"category","embeddable":true,"href":"https:\/\/www.alab.pl\/centrum-wiedzy\/wp-json\/wp\/v2\/categories?post=23807"},{"taxonomy":"post_tag","embeddable":true,"href":"https:\/\/www.alab.pl\/centrum-wiedzy\/wp-json\/wp\/v2\/tags?post=23807"},{"taxonomy":"author","embeddable":true,"href":"https:\/\/www.alab.pl\/centrum-wiedzy\/wp-json\/wp\/v2\/coauthors?post=23807"}],"curies":[{"name":"wp","href":"https:\/\/api.w.org\/{rel}","templated":true}]}}