{"id":24298,"date":"2025-06-11T13:54:48","date_gmt":"2025-06-11T11:54:48","guid":{"rendered":"https:\/\/www.alab.pl\/centrum-wiedzy\/?p=24298"},"modified":"2026-02-09T09:48:17","modified_gmt":"2026-02-09T08:48:17","slug":"swinka-objawy-przebieg-choroby-leczenie-u-dzieci-i-doroslych","status":"publish","type":"post","link":"https:\/\/www.alab.pl\/centrum-wiedzy\/swinka-objawy-przebieg-choroby-leczenie-u-dzieci-i-doroslych\/","title":{"rendered":"\u015awinka \u2013 objawy, przebieg choroby, leczenie u dzieci i doros\u0142ych"},"content":{"rendered":"\n<p><strong>\u015awinka (nagminne zapalenie przyusznic) to choroba zaka\u017ana wywo\u0142ywana przez wirusa \u015bwinki (paramyksowirus). Charakterystycznym objawem jest bolesny obrz\u0119k \u015blinianek przyusznych, ale infekcja mo\u017ce prowadzi\u0107 tak\u017ce do powa\u017cnych powik\u0142a\u0144, szczeg\u00f3lnie u doros\u0142ych.<\/strong><\/p>\n\n\n\n<p><strong>W artykule om\u00f3wimy, jak rozpozna\u0107 \u015bwink\u0119, jakie s\u0105 jej objawy u dzieci i doros\u0142ych, jak wygl\u0105da leczenie oraz czy mo\u017cna unikn\u0105\u0107 zara\u017cenia. Dowiesz si\u0119 r\u00f3wnie\u017c, dlaczego szczepienie jest najskuteczniejsz\u0105 form\u0105 ochrony. Przeczytaj, aby zrozumie\u0107, jak post\u0119powa\u0107 w przypadku zachorowania.<\/strong><\/p>\n\n\n\n<p>Spis tre\u015bci:<\/p>\n\n\n\n<ol class=\"wp-block-list\">\n<li><a href=\"#\u015awinka-\u2013-co-to-jest-za-choroba?\">\u015awinka \u2013 co to jest za choroba?<\/a><\/li>\n\n\n\n<li><a href=\"#Kto-mo\u017ce-zachorowa\u0107-na-\u015bwink\u0119?\">Kto mo\u017ce zachorowa\u0107 na \u015bwink\u0119?<\/a><\/li>\n\n\n\n<li><a href=\"#Objawy-\u015bwinki-u-doros\u0142ych\">Objawy \u015bwinki u doros\u0142ych<\/a><\/li>\n\n\n\n<li><a href=\"#Objawy-\u015bwinki-u-dzieci\">Objawy \u015bwinki u dzieci<\/a><\/li>\n\n\n\n<li><a href=\"#\u015awinka-a-ci\u0105\u017ca\">\u015awinka a ci\u0105\u017ca<\/a><\/li>\n\n\n\n<li><a href=\"#\u015awinka-\u2013-diagnostyka\">\u015awinka \u2013 diagnostyka<\/a><\/li>\n\n\n\n<li><a href=\"#Jak-leczy\u0107-\u015bwink\u0119?\">Jak leczy\u0107 \u015bwink\u0119?<\/a><\/li>\n\n\n\n<li><a href=\"#Czy-\u015bwinka-jest-zara\u017aliwa?\">Czy \u015bwinka jest zara\u017aliwa?<\/a><\/li>\n\n\n\n<li><a href=\"#Jakie-mog\u0105-wyst\u0105pi\u0107-powik\u0142ania-po-\u015bwince?\">Jakie mog\u0105 wyst\u0105pi\u0107 powik\u0142ania po \u015bwince?<\/a><\/li>\n\n\n\n<li><a href=\"#\u015awinka-\u2013-cz\u0119sto-zadawane-pytania\">\u015awinka \u2013 cz\u0119sto zadawane pytania<\/a><\/li>\n\n\n\n<li><a href=\"#\u015awinka-\u2013-podsumowanie\">\u015awinka \u2013 podsumowanie<\/a><\/li>\n<\/ol>\n\n\n\n<h2 class=\"wp-block-heading\" id=\"\u015awinka-\u2013-co-to-jest-za-choroba?\">\u015awinka \u2013 co to jest za choroba?<\/h2>\n\n\n\n<p>\u015awinka to <strong>ostra choroba wirusowa<\/strong>, kt\u00f3ra atakuje g\u0142\u00f3wnie \u015blinianki przyuszne, powoduj\u0105c ich bolesne powi\u0119kszenie. Wirus <strong>przenosi si\u0119 drog\u0105 kropelkow\u0105<\/strong> (g\u0142\u00f3wnie przez <a href=\"https:\/\/www.alab.pl\/centrum-wiedzy\/przedluzajacy-sie-kaszel-jakie-badania-laboratoryjne-wykonac-by-rozpoczac-skuteczne-leczenie\/\" target=\"_blank\" rel=\"noreferrer noopener\">kaszel<\/a>, kichanie) lub przez kontakt ze \u015blin\u0105 chorego (np. picie z tej samej butelki, jedzenie tymi samymi sztu\u0107cami).<\/p>\n\n\n\n<p>Okres wyl\u0119gania wynosi <strong>14-25 dni<\/strong>, a chory zara\u017ca innych ju\u017c <strong>2 dni przed<\/strong> pojawieniem si\u0119 objaw\u00f3w i <strong>do 9 dn<\/strong>i po ich ust\u0105pieniu.<\/p>\n\n\n\n<p>Choroba wyst\u0119puje na ca\u0142ym \u015bwiecie, ale dzi\u0119ki szczepieniom liczba zachorowa\u0144 znacz\u0105co spad\u0142a. W Polsce szczepienie przeciw \u015bwince jest obowi\u0105zkowe (sk\u0142adnik szczepionki MMR \u2013 <a href=\"https:\/\/www.alab.pl\/centrum-wiedzy\/odra-czy-grozi-nam-powrot-zapomnianej-choroby\/\" target=\"_blank\" rel=\"noreferrer noopener\">odra<\/a>, \u015bwinka, <a href=\"https:\/\/www.alab.pl\/centrum-wiedzy\/rozyczka-objawy-leczenie-profilaktyka\/\" target=\"_blank\" rel=\"noreferrer noopener\">r\u00f3\u017cyczka<\/a>).<\/p>\n\n\n\n<p><strong>&gt;&gt; Przeczytaj te\u017c: <a href=\"https:\/\/www.alab.pl\/centrum-wiedzy\/zapalenie-slinianek-przyczyny-objawy-leczenie\/\" target=\"_blank\" rel=\"noreferrer noopener\">Zapalenie \u015blinianek \u2013 przyczyny, objawy, leczenie&nbsp;<\/a><\/strong><\/p>\n\n\n\n<h2 class=\"wp-block-heading\" id=\"Kto-mo\u017ce-zachorowa\u0107-na-\u015bwink\u0119?\">Kto mo\u017ce zachorowa\u0107 na \u015bwink\u0119?<\/h2>\n\n\n\n<p>Na \u015bwink\u0119 mog\u0105 zachorowa\u0107 <strong>osoby w ka\u017cdym wieku<\/strong>, ale najcz\u0119\u015bciej dotyka:<\/p>\n\n\n\n<ul class=\"wp-block-list\">\n<li>dzieci w wieku <strong>5-9 lat<\/strong> \u2013 zw\u0142aszcza nieszczepione,<\/li>\n\n\n\n<li><strong>m\u0142odzie\u017c i doro\u015bli<\/strong> \u2013 u nich przebieg choroby jest zwykle ci\u0119\u017cszy, a ryzyko powa\u017cnych powik\u0142a\u0144 ro\u015bnie,<\/li>\n\n\n\n<li>osoby z <strong>os\u0142abion\u0105 odporno\u015bci\u0105<\/strong> \u2013 np. po chemioterapii lub z <a href=\"https:\/\/www.alab.pl\/centrum-wiedzy\/hiv-wczesna-diagnoza-i-podjecie-leczenia-daje-szanse-na-normalne-zycie\/\" target=\"_blank\" rel=\"noreferrer noopener\">HIV<\/a>.<\/li>\n<\/ul>\n\n\n\n<figure class=\"wp-block-table\"><table class=\"has-fixed-layout\"><tbody><tr><td><strong>Warto wiedzie\u0107:<\/strong><br>Pami\u0119taj, \u017ce nie szczepi\u0105c swojego dziecka, nie tylko nara\u017casz je na zachorowanie na \u015bwink\u0119, ale tak\u017ce czynisz je wektorem choroby.<\/td><\/tr><\/tbody><\/table><\/figure>\n\n\n\n<p id=\"Ryzyko-zachorowania-zmniejsza:\">Ryzyko zachorowania zmniejsza:<\/p>\n\n\n\n<ul class=\"wp-block-list\">\n<li>szczepienie MMR (skuteczno\u015b\u0107 ok. 88% po 1 dawce, 95% po 2 dawkach; szczepionka \u017cywa, atenuowana), 1. dawka 13.-15. miesi\u0105c \u017cycia, 2. dawka w 6. roku \u017cycia,<\/li>\n\n\n\n<li>przebycie choroby \u2013 daje trwa\u0142\u0105 odporno\u015b\u0107.<\/li>\n<\/ul>\n\n\n\n<p><strong>&gt;&gt; Sprawd\u017a te\u017c: <a href=\"https:\/\/www.alab.pl\/centrum-wiedzy\/jak-wzmocnic-uklad-immunologiczny\/\" target=\"_blank\" rel=\"noreferrer noopener\">Jak wzmocni\u0107 uk\u0142ad immunologiczny u doros\u0142ych i dzieci?<\/a><\/strong><\/p>\n\n\n\n<h2 class=\"wp-block-heading\" id=\"Objawy-\u015bwinki-u-doros\u0142ych\">Objawy \u015bwinki u doros\u0142ych<\/h2>\n\n\n\n<p>U doros\u0142ych \u015bwinka cz\u0119sto ma <strong>ci\u0119\u017cszy przebieg<\/strong> ni\u017c u dzieci. Typowe objawy to:<\/p>\n\n\n\n<ul class=\"wp-block-list\">\n<li>gor\u0105czka (nawet do 40\u00b0C),<\/li>\n\n\n\n<li>obrz\u0119k \u015blinianek przyusznych (jedno- lub obustronny),<\/li>\n\n\n\n<li>b\u00f3l przy \u017cuciu i prze\u0142ykaniu,<\/li>\n\n\n\n<li><a href=\"https:\/\/www.alab.pl\/centrum-wiedzy\/bole-glowy-rodzaje-i-przyczyny-jakie-badania-wykonac-przy-czestych-przewleklych-bolach-glowy\/\" target=\"_blank\" rel=\"noreferrer noopener\">b\u00f3l g\u0142owy<\/a>, mi\u0119\u015bni, os\u0142abienie.<\/li>\n<\/ul>\n\n\n\n<p>U m\u0119\u017cczyzn mo\u017ce wyst\u0105pi\u0107 zapalenie j\u0105der (u 20-30% chorych), a u kobiet <a href=\"https:\/\/www.alab.pl\/centrum-wiedzy\/zapalenie-jajnikow-objawy-przyczyny-diagnostyka-i-leczenie\/\" target=\"_blank\" rel=\"noreferrer noopener\">zapalenie jajnik\u00f3w<\/a> (5%). Powik\u0142ania te mog\u0105 prowadzi\u0107 do niep\u0142odno\u015bci.<\/p>\n\n\n\n<p><strong>&gt;&gt; Warto przeczyta\u0107 tak\u017ce: <a href=\"https:\/\/www.alab.pl\/centrum-wiedzy\/diagnostyka-nieplodnosci\/\" target=\"_blank\" rel=\"noreferrer noopener\">Badania laboratoryjne w diagnostyce niep\u0142odno\u015bci<\/a><\/strong><\/p>\n\n\n\n<figure class=\"wp-block-image size-full\"><a href=\"https:\/\/www.alab.pl\/badanie\/swinka-pc-igg-f94\" target=\"_blank\" rel=\" noreferrer noopener\"><img loading=\"lazy\" decoding=\"async\" width=\"800\" height=\"200\" src=\"https:\/\/www.alab.pl\/centrum-wiedzy\/wp-content\/uploads\/2025\/05\/Badanie-przeciwcial-IgG-przeciwko-Myxovirus-parotitis-swinka.png\" alt=\"Badanie przeciwcia\u0142 IgG przeciwko Myxovirus parotitis (\u015bwinka) banerek\" class=\"wp-image-23373\" srcset=\"https:\/\/www.alab.pl\/centrum-wiedzy\/wp-content\/uploads\/2025\/05\/Badanie-przeciwcial-IgG-przeciwko-Myxovirus-parotitis-swinka.png 800w, https:\/\/www.alab.pl\/centrum-wiedzy\/wp-content\/uploads\/2025\/05\/Badanie-przeciwcial-IgG-przeciwko-Myxovirus-parotitis-swinka-768x192.png 768w, https:\/\/www.alab.pl\/centrum-wiedzy\/wp-content\/uploads\/2025\/05\/Badanie-przeciwcial-IgG-przeciwko-Myxovirus-parotitis-swinka-150x38.png 150w, https:\/\/www.alab.pl\/centrum-wiedzy\/wp-content\/uploads\/2025\/05\/Badanie-przeciwcial-IgG-przeciwko-Myxovirus-parotitis-swinka-300x75.png 300w, https:\/\/www.alab.pl\/centrum-wiedzy\/wp-content\/uploads\/2025\/05\/Badanie-przeciwcial-IgG-przeciwko-Myxovirus-parotitis-swinka-696x174.png 696w\" sizes=\"auto, (max-width: 800px) 100vw, 800px\" \/><\/a><\/figure>\n\n\n\n<h2 class=\"wp-block-heading\" id=\"Objawy-\u015bwinki-u-dzieci\">Objawy \u015bwinki u dzieci<\/h2>\n\n\n\n<p>U dzieci \u015bwinka <strong>zwykle przebiega \u0142agodniej<\/strong>. Najcz\u0119stsze objawy to:<\/p>\n\n\n\n<ul class=\"wp-block-list\">\n<li>obrz\u0119k \u015blinianek (twarz \u201ejak u chomika\u201d),<\/li>\n\n\n\n<li>b\u00f3l przy otwieraniu ust,<\/li>\n\n\n\n<li>gor\u0105czka (38-39\u00b0C),<\/li>\n\n\n\n<li><a href=\"https:\/\/www.alab.pl\/centrum-wiedzy\/brak-apetytu-u-dzieci-i-niemowlat-przyczyny-diagnostyka-i-leczenie\/\" target=\"_blank\" rel=\"noreferrer noopener\">brak apetytu<\/a> (tak\u017ce z powodu b\u00f3lu przy prze\u0142ykaniu),<\/li>\n\n\n\n<li>z\u0142e samopoczucie.<\/li>\n<\/ul>\n\n\n\n<p>U dzieci rzadziej wyst\u0119puj\u0105 powik\u0142ania, ale mo\u017cliwe jest zapalenie opon m\u00f3zgowo-rdzeniowych.<\/p>\n\n\n\n<p><strong>&gt;&gt; Przeczytaj te\u017c: <a href=\"https:\/\/www.alab.pl\/centrum-wiedzy\/zapalenie-opon-mozgowo-rdzeniowych-u-dzieci\/\" target=\"_blank\" rel=\"noreferrer noopener\">Zapalenie opon m\u00f3zgowo-rdzeniowych u dzieci<\/a><\/strong><\/p>\n\n\n\n<h2 class=\"wp-block-heading\" id=\"\u015awinka-a-ci\u0105\u017ca\">\u015awinka a ci\u0105\u017ca<\/h2>\n\n\n\n<p>Zachorowanie na \u015bwink\u0119 w ci\u0105\u017cy nie zwi\u0119ksza ryzyka wad p\u0142odu (w przeciwie\u0144stwie do r\u00f3\u017cyczki), ale mo\u017ce prowadzi\u0107 do:<\/p>\n\n\n\n<ul class=\"wp-block-list\">\n<li><a href=\"https:\/\/www.alab.pl\/centrum-wiedzy\/poronienie-objawy-przyczyny-rodzaje-poronien\/\" target=\"_blank\" rel=\"noreferrer noopener\">poronienia<\/a> (g\u0142\u00f3wnie w I trymestrze),<\/li>\n\n\n\n<li>przedwczesnego porodu.<\/li>\n<\/ul>\n\n\n\n<p>Je\u015bli kobieta w ci\u0105\u017cy mia\u0142a kontakt z chorym na \u015bwink\u0119, powinna skonsultowa\u0107 si\u0119 z lekarzem. Szczepienie MMR jest przeciwwskazane w ci\u0105\u017cy.<\/p>\n\n\n\n<p><strong>&gt;&gt; Sprawd\u017a r\u00f3wnie\u017c: <a href=\"https:\/\/www.alab.pl\/centrum-wiedzy\/kalendarz-badan-w-ciazy-kiedy-i-jakie-badania-nalezy-wykonac\/\" target=\"_blank\" rel=\"noreferrer noopener\">Kalendarz bada\u0144 w ci\u0105\u017cy. Kiedy i jakie badania nale\u017cy wykona\u0107?<\/a><\/strong><\/p>\n\n\n\n<h2 class=\"wp-block-heading\" id=\"\u015awinka-\u2013-diagnostyka\">\u015awinka \u2013 diagnostyka<\/h2>\n\n\n\n<p>Rozpoznanie \u015bwinki opiera si\u0119 na:<\/p>\n\n\n\n<ol class=\"wp-block-list\">\n<li>badaniu <strong>podmiotowym<\/strong> i <strong>przedmiotowym<\/strong> \u2013 absolutna podstawa.<\/li>\n\n\n\n<li><strong>badaniach laboratoryjnych<\/strong>:\n<ul class=\"wp-block-list\">\n<li>testy serologiczne (wykrywanie przeciwcia\u0142 IgM i IgG),<\/li>\n\n\n\n<li><a href=\"https:\/\/www.alab.pl\/centrum-wiedzy\/badanie-pcr-czym-jest-kiedy-sie-je-wykonuje-i-jak-przebiega\/\">testy PCR<\/a> (wykrywanie materia\u0142u genetycznego wirusa w \u015blinie lub <a href=\"https:\/\/www.alab.pl\/centrum-wiedzy\/mocz-jak-powstaje-kiedy-zrobic-badanie-i-jak-sie-przygotowac\/\" target=\"_blank\" rel=\"noreferrer noopener\">moczu<\/a>).<\/li>\n<\/ul>\n<\/li>\n<\/ol>\n\n\n\n<p>\u015awink\u0119 mo\u017cna pomyli\u0107 z:<\/p>\n\n\n\n<ul class=\"wp-block-list\">\n<li>zapaleniem w\u0119z\u0142\u00f3w ch\u0142onnych,<\/li>\n\n\n\n<li>kamieniami \u015blinianek,<\/li>\n\n\n\n<li><a href=\"https:\/\/www.alab.pl\/centrum-wiedzy\/mononukleoza-zakazna-im-infectious-mononucleosis\/\" target=\"_blank\" rel=\"noreferrer noopener\">mononukleoz\u0105<\/a>.<\/li>\n<\/ul>\n\n\n\n<p><strong>&gt;&gt; Zobacz: <a href=\"https:\/\/www.alab.pl\/centrum-wiedzy\/powiekszenie-wezlow-chlonnych-u-dzieci\/\" target=\"_blank\" rel=\"noreferrer noopener\">Powi\u0119kszenie w\u0119z\u0142\u00f3w ch\u0142onnych u dzieci<\/a><\/strong><\/p>\n\n\n\n<figure class=\"wp-block-image size-full\"><a href=\"https:\/\/www.alab.pl\/badanie\/swinka-pc-igm-f93\" target=\"_blank\" rel=\" noreferrer noopener\"><img loading=\"lazy\" decoding=\"async\" width=\"800\" height=\"200\" src=\"https:\/\/www.alab.pl\/centrum-wiedzy\/wp-content\/uploads\/2025\/05\/Badanie-przeciwcial-IgM-przeciwko-Myxovirus-parotitis-swinka.png\" alt=\"Badanie przeciwcia\u0142 IgM przeciwko Myxovirus parotitis (\u015bwinka) banerek\" class=\"wp-image-23374\" srcset=\"https:\/\/www.alab.pl\/centrum-wiedzy\/wp-content\/uploads\/2025\/05\/Badanie-przeciwcial-IgM-przeciwko-Myxovirus-parotitis-swinka.png 800w, https:\/\/www.alab.pl\/centrum-wiedzy\/wp-content\/uploads\/2025\/05\/Badanie-przeciwcial-IgM-przeciwko-Myxovirus-parotitis-swinka-768x192.png 768w, https:\/\/www.alab.pl\/centrum-wiedzy\/wp-content\/uploads\/2025\/05\/Badanie-przeciwcial-IgM-przeciwko-Myxovirus-parotitis-swinka-150x38.png 150w, https:\/\/www.alab.pl\/centrum-wiedzy\/wp-content\/uploads\/2025\/05\/Badanie-przeciwcial-IgM-przeciwko-Myxovirus-parotitis-swinka-300x75.png 300w, https:\/\/www.alab.pl\/centrum-wiedzy\/wp-content\/uploads\/2025\/05\/Badanie-przeciwcial-IgM-przeciwko-Myxovirus-parotitis-swinka-696x174.png 696w\" sizes=\"auto, (max-width: 800px) 100vw, 800px\" \/><\/a><\/figure>\n\n\n\n<h2 class=\"wp-block-heading\" id=\"Jak-leczy\u0107-\u015bwink\u0119?\">Jak leczy\u0107 \u015bwink\u0119?<\/h2>\n\n\n\n<p>Nie ma leku zwalczaj\u0105cego wirusa \u015bwinki \u2013 stosuje si\u0119 <strong>leczenie objawowe<\/strong>:<\/p>\n\n\n\n<ul class=\"wp-block-list\">\n<li>leki przeciwb\u00f3lowe i przeciwgor\u0105czkowe (<a href=\"https:\/\/www.alab.pl\/centrum-wiedzy\/paracetamol-dawkowanie-skutki-uboczne-interakcje\/\" target=\"_blank\" rel=\"noreferrer noopener\">paracetamol<\/a>, ibuprofen),<\/li>\n\n\n\n<li>odpoczynek i izolacja (do ust\u0105pienia obrz\u0119ku),<\/li>\n\n\n\n<li>nawadnianie (ciep\u0142e napoje, unikanie kwa\u015bnych sok\u00f3w),<\/li>\n\n\n\n<li>ok\u0142ady na obrz\u0119k (ciep\u0142e lub zimne, w zale\u017cno\u015bci od preferencji chorego).<\/li>\n<\/ul>\n\n\n\n<p>W przypadku powik\u0142a\u0144 (np. zapalenia opon m\u00f3zgowych) konieczna mo\u017ce by\u0107 hospitalizacja.<\/p>\n\n\n\n<p><strong>&gt;&gt; Sprawd\u017a te\u017c: <a href=\"https:\/\/www.alab.pl\/centrum-wiedzy\/nawadnianie-organizmu-suplementacja-elektrolitow\/\" target=\"_blank\" rel=\"noreferrer noopener\">Odwodnienie i nawodnienie organizmu \u2013 fakty i mity<\/a><\/strong><\/p>\n\n\n\n<h2 class=\"wp-block-heading\" id=\"Czy-\u015bwinka-jest-zara\u017aliwa?\">Czy \u015bwinka jest zara\u017aliwa?<\/h2>\n\n\n\n<p>Tak, \u015bwinka jest wysoce zara\u017aliwa. Do zaka\u017cenia dochodzi:<\/p>\n\n\n\n<ul class=\"wp-block-list\">\n<li>drog\u0105 kropelkow\u0105 (kichanie, kaszel),<\/li>\n\n\n\n<li>przez kontakt ze \u015blin\u0105 (np. wsp\u00f3lne sztu\u0107ce).<\/li>\n<\/ul>\n\n\n\n<figure class=\"wp-block-table\"><table class=\"has-fixed-layout\"><tbody><tr><td><strong>Pami\u0119taj:<\/strong><br>Chory powinien unika\u0107 kontaktu z innymi przez co najmniej 5 dni od pojawienia si\u0119 obrz\u0119ku \u015blinianek.<\/td><\/tr><\/tbody><\/table><\/figure>\n\n\n\n<h2 class=\"wp-block-heading\" id=\"Jakie-mog\u0105-wyst\u0105pi\u0107-powik\u0142ania-po-\u015bwince?\">Jakie mog\u0105 wyst\u0105pi\u0107 powik\u0142ania po \u015bwince?<\/h2>\n\n\n\n<p>Powik\u0142ania wyst\u0119puj\u0105 cz\u0119\u015bciej u doros\u0142ych i obejmuj\u0105:<\/p>\n\n\n\n<ul class=\"wp-block-list\">\n<li>zapalenie j\u0105der\/jajnik\u00f3w (mo\u017ce prowadzi\u0107 do niep\u0142odno\u015bci),<\/li>\n\n\n\n<li>zapalenie opon m\u00f3zgowo-rdzeniowych,<\/li>\n\n\n\n<li><a href=\"https:\/\/www.alab.pl\/centrum-wiedzy\/ostre-zapalenie-trzustki-objawy-przyczyny-badania-i-leczenie\/\" target=\"_blank\" rel=\"noreferrer noopener\">ostre zapalenie trzustki<\/a>,<\/li>\n\n\n\n<li>g\u0142uchota (rzadko),<\/li>\n\n\n\n<li>u dzieci powik\u0142ania s\u0105 rzadsze, ale mo\u017cliwe jest zapalenie opon m\u00f3zgowych.<\/li>\n<\/ul>\n\n\n\n<p><strong>&gt;&gt; To mo\u017ce Ci\u0119 zainteresowa\u0107: <a href=\"https:\/\/www.alab.pl\/centrum-wiedzy\/niedosluch-rodzaje-objawy-przyczyny-leczenie\/\" target=\"_blank\" rel=\"noreferrer noopener\">Niedos\u0142uch \u2013 rodzaje, objawy, przyczyny, leczenie<\/a><\/strong><\/p>\n\n\n\n<h2 class=\"wp-block-heading\" id=\"\u015awinka-\u2013-cz\u0119sto-zadawane-pytania\">\u015awinka \u2013 cz\u0119sto zadawane pytania<\/h2>\n\n\n\n<div class=\"schema-faq wp-block-yoast-faq-block\"><div class=\"schema-faq-section\" id=\"faq-question-1752051478806\"><strong class=\"schema-faq-question\">Jakie s\u0105 pierwsze objawy \u015bwinki?<\/strong> <p class=\"schema-faq-answer\">Gor\u0105czka, b\u00f3l przy \u017cuciu, obrz\u0119k \u015blinianek (zwykle po 2-3 dniach).<\/p> <\/div> <div class=\"schema-faq-section\" id=\"faq-question-1752051486553\"><strong class=\"schema-faq-question\">Czy choroba \u015bwinka jest gro\u017ana?<\/strong> <p class=\"schema-faq-answer\">U dzieci zwykle \u0142agodna, u doros\u0142ych mo\u017ce powodowa\u0107 powik\u0142ania (np. zapalenie j\u0105der).<\/p> <\/div> <div class=\"schema-faq-section\" id=\"faq-question-1752051497671\"><strong class=\"schema-faq-question\">Ile razy w \u017cyciu mo\u017cna zachorowa\u0107 na \u015bwink\u0119?<\/strong> <p class=\"schema-faq-answer\">Raz \u2013 przebycie choroby daje trwa\u0142\u0105 odporno\u015b\u0107.<\/p> <\/div> <div class=\"schema-faq-section\" id=\"faq-question-1752051502906\"><strong class=\"schema-faq-question\">Czy przy \u015bwince boli gard\u0142o?<\/strong> <p class=\"schema-faq-answer\">Tak, b\u00f3l pojawia si\u0119 przy prze\u0142ykaniu i \u017cuciu.<\/p> <\/div> <div class=\"schema-faq-section\" id=\"faq-question-1752051520070\"><strong class=\"schema-faq-question\">Z czym mo\u017cna pomyli\u0107 \u015bwink\u0119?<\/strong> <p class=\"schema-faq-answer\">Z zapaleniem w\u0119z\u0142\u00f3w ch\u0142onnych, mononukleoz\u0105 lub kamieniami \u015blinianek.<\/p> <\/div> <div class=\"schema-faq-section\" id=\"faq-question-1752051525984\"><strong class=\"schema-faq-question\">Czy \u015bwinka u doros\u0142ych jest niebezpieczna?<\/strong> <p class=\"schema-faq-answer\">Tak, mo\u017ce prowadzi\u0107 do zapalenia j\u0105der\/jajnik\u00f3w i niep\u0142odno\u015bci.<\/p> <\/div> <div class=\"schema-faq-section\" id=\"faq-question-1752051538533\"><strong class=\"schema-faq-question\">Czy kobiety choruj\u0105 na \u015bwink\u0119?<\/strong> <p class=\"schema-faq-answer\">Tak, ale rzadziej ni\u017c m\u0119\u017cczy\u017ani.\u00a0<\/p> <\/div> <\/div>\n\n\n\n<h2 class=\"wp-block-heading\" id=\"\u015awinka-\u2013-podsumowanie\">\u015awinka \u2013 podsumowanie<\/h2>\n\n\n\n<p>\u015awinka to zaka\u017ana choroba wirusowa, kt\u00f3ra atakuje \u015blinianki. Najcz\u0119\u015bciej choruj\u0105 dzieci, ale doro\u015bli przechodz\u0105 j\u0105 ci\u0119\u017cej. Objawy to obrz\u0119k \u015blinianek, gor\u0105czka i b\u00f3l przy prze\u0142ykaniu. Leczenie jest objawowe \u2013 nie ma leku na wirusa \u015bwinki. Absolutnie najlepsz\u0105 i najbezpieczniejsz\u0105 form\u0105 ochrony jest szczepienie MMR.<\/p>\n\n\n\n<p>Nie lekcewa\u017c \u015bwinki! Je\u015bli podejrzewasz chorob\u0119 u siebie lub dziecka, skonsultuj si\u0119 z lekarzem.<\/p>\n\n\n\n<hr class=\"wp-block-separator has-alpha-channel-opacity\"\/>\n\n\n\n<p><strong>\u0179r\u00f3d\u0142a<\/strong><\/p>\n\n\n\n<ol class=\"wp-block-list\">\n<li>Program Szczepie\u0144 Ochronnych na rok 2025 https:\/\/www.gov.pl\/web\/psse-rzeszow\/program-szczepien-ochronnych-na-rok-2025 (dost\u0119p 27.05.2025 r.)<\/li>\n\n\n\n<li>Su SB, Chang HL, Chen AK. Current Status of Mumps Virus Infection: Epidemiology, Pathogenesis, and Vaccine. Int J Environ Res Public Health. 2020 Mar 5;17(5):1686. doi: 10.3390\/ijerph17051686. PMID: 32150969; PMCID: PMC7084951. https:\/\/pmc.ncbi.nlm.nih.gov\/articles\/PMC7084951\/ (dost\u0119p 27.05.2025 r.)<\/li>\n\n\n\n<li>Lam E, Rosen JB, Zucker JR. Mumps: an Update on Outbreaks, Vaccine Efficacy, and Genomic Diversity. Clin Microbiol Rev. 2020 Feb 26;33(2):e00151-19. doi: 10.1128\/CMR.00151-19. PMID: 32102901; PMCID: PMC7048016. https:\/\/pmc.ncbi.nlm.nih.gov\/articles\/PMC7048016\/ (dost\u0119p 27.05.2025 r.)<\/li>\n\n\n\n<li>Rubin S, Eckhaus M, Rennick LJ, Bamford CG, Duprex WP. Molecular biology, pathogenesis and pathology of mumps virus. J Pathol. 2015 Jan;235(2):242-52. doi: 10.1002\/path.4445. PMID: 25229387; PMCID: PMC4268314. https:\/\/pmc.ncbi.nlm.nih.gov\/articles\/PMC4268314\/ (dost\u0119p 27.05.2025 r.)<\/li>\n\n\n\n<li>Yoo JW, Tae BS, Chang HK, Song MS, Cheon J, Park JY, Bae JH. Epidemiology of mumps, mumps complications, and mumps orchitis in Korea using the National Health Insurance Service database. Investig Clin Urol. 2023 Jul;64(4):412-417. doi: 10.4111\/icu.20230064. PMID: 37417567; PMCID: PMC10330407. https:\/\/pmc.ncbi.nlm.nih.gov\/articles\/PMC10330407\/ (dost\u0119p 27.05.2025 r.)<\/li>\n<\/ol>\n","protected":false},"excerpt":{"rendered":"<p>\u015awinka to choroba zaka\u017ana, kt\u00f3rej charakterystycznym objawem jest obrz\u0119k \u015blinianek przyusznych. Co j\u0105 wywo\u0142uje i jak j\u0105 leczy\u0107?<\/p>\n","protected":false},"author":154,"featured_media":23895,"comment_status":"closed","ping_status":"closed","sticky":false,"template":"","format":"standard","meta":{"_acf_changed":false,"inline_featured_image":false,"footnotes":""},"categories":[23,30],"tags":[],"coauthors":[151],"class_list":{"0":"post-24298","1":"post","2":"type-post","3":"status-publish","4":"format-standard","5":"has-post-thumbnail","8":"category-zdrowie-dzieci-i-mlodziezy"},"acf":[],"yoast_head":"<!-- This site is optimized with the Yoast SEO plugin v27.5 - https:\/\/yoast.com\/product\/yoast-seo-wordpress\/ -->\n<title>\u015awinka \u2013 objawy, przebieg choroby, leczenie u dzieci i doros\u0142ych - Centrum Wiedzy ALAB laboratoria<\/title>\n<meta name=\"description\" content=\"\u015awinka to choroba zaka\u017ana, kt\u00f3rej charakterystycznym objawem jest obrz\u0119k \u015blinianek przyusznych. Co j\u0105 wywo\u0142uje i jak j\u0105 leczy\u0107?\" \/>\n<meta name=\"robots\" content=\"index, follow, max-snippet:-1, max-image-preview:large, max-video-preview:-1\" \/>\n<link rel=\"canonical\" href=\"https:\/\/www.alab.pl\/centrum-wiedzy\/swinka-objawy-przebieg-choroby-leczenie-u-dzieci-i-doroslych\/\" \/>\n<meta property=\"og:locale\" content=\"pl_PL\" \/>\n<meta property=\"og:type\" content=\"article\" \/>\n<meta property=\"og:title\" content=\"\u015awinka \u2013 objawy, przebieg choroby, leczenie u dzieci i doros\u0142ych - Centrum Wiedzy ALAB laboratoria\" \/>\n<meta property=\"og:description\" content=\"\u015awinka to choroba zaka\u017ana, kt\u00f3rej charakterystycznym objawem jest obrz\u0119k \u015blinianek przyusznych. Co j\u0105 wywo\u0142uje i jak j\u0105 leczy\u0107?\" \/>\n<meta property=\"og:url\" content=\"https:\/\/www.alab.pl\/centrum-wiedzy\/swinka-objawy-przebieg-choroby-leczenie-u-dzieci-i-doroslych\/\" \/>\n<meta property=\"og:site_name\" content=\"Centrum Wiedzy ALAB laboratoria\" \/>\n<meta property=\"article:publisher\" content=\"https:\/\/www.facebook.com\/ALABlaboratoria\" \/>\n<meta property=\"article:published_time\" content=\"2025-06-11T11:54:48+00:00\" \/>\n<meta property=\"article:modified_time\" content=\"2026-02-09T08:48:17+00:00\" \/>\n<meta property=\"og:image\" content=\"https:\/\/www.alab.pl\/centrum-wiedzy\/wp-content\/uploads\/2025\/05\/swinka_cover.jpg\" \/>\n\t<meta property=\"og:image:width\" content=\"1925\" \/>\n\t<meta property=\"og:image:height\" content=\"1285\" \/>\n\t<meta property=\"og:image:type\" content=\"image\/jpeg\" \/>\n<meta name=\"author\" content=\"Damian Matusiak\" \/>\n<meta name=\"twitter:card\" content=\"summary_large_image\" \/>\n<meta name=\"twitter:label1\" content=\"Napisane przez\" \/>\n\t<meta name=\"twitter:data1\" content=\"Damian Matusiak\" \/>\n\t<meta name=\"twitter:label2\" content=\"Szacowany czas czytania\" \/>\n\t<meta name=\"twitter:data2\" content=\"7 minut\" \/>\n\t<meta name=\"twitter:label3\" content=\"Written by\" \/>\n\t<meta name=\"twitter:data3\" content=\"Damian Matusiak\" \/>\n<!-- \/ Yoast SEO plugin. -->","yoast_head_json":{"title":"\u015awinka \u2013 objawy, przebieg choroby, leczenie u dzieci i doros\u0142ych - Centrum Wiedzy ALAB laboratoria","description":"\u015awinka to choroba zaka\u017ana, kt\u00f3rej charakterystycznym objawem jest obrz\u0119k \u015blinianek przyusznych. Co j\u0105 wywo\u0142uje i jak j\u0105 leczy\u0107?","robots":{"index":"index","follow":"follow","max-snippet":"max-snippet:-1","max-image-preview":"max-image-preview:large","max-video-preview":"max-video-preview:-1"},"canonical":"https:\/\/www.alab.pl\/centrum-wiedzy\/swinka-objawy-przebieg-choroby-leczenie-u-dzieci-i-doroslych\/","og_locale":"pl_PL","og_type":"article","og_title":"\u015awinka \u2013 objawy, przebieg choroby, leczenie u dzieci i doros\u0142ych - Centrum Wiedzy ALAB laboratoria","og_description":"\u015awinka to choroba zaka\u017ana, kt\u00f3rej charakterystycznym objawem jest obrz\u0119k \u015blinianek przyusznych. Co j\u0105 wywo\u0142uje i jak j\u0105 leczy\u0107?","og_url":"https:\/\/www.alab.pl\/centrum-wiedzy\/swinka-objawy-przebieg-choroby-leczenie-u-dzieci-i-doroslych\/","og_site_name":"Centrum Wiedzy ALAB laboratoria","article_publisher":"https:\/\/www.facebook.com\/ALABlaboratoria","article_published_time":"2025-06-11T11:54:48+00:00","article_modified_time":"2026-02-09T08:48:17+00:00","og_image":[{"width":1925,"height":1285,"url":"https:\/\/www.alab.pl\/centrum-wiedzy\/wp-content\/uploads\/2025\/05\/swinka_cover.jpg","type":"image\/jpeg"}],"author":"Damian Matusiak","twitter_card":"summary_large_image","twitter_misc":{"Napisane przez":"Damian Matusiak","Szacowany czas czytania":"7 minut","Written by":"Damian Matusiak"},"schema":{"@context":"https:\/\/schema.org","@graph":[{"@type":"Article","@id":"https:\/\/www.alab.pl\/centrum-wiedzy\/swinka-objawy-przebieg-choroby-leczenie-u-dzieci-i-doroslych\/#article","isPartOf":{"@id":"https:\/\/www.alab.pl\/centrum-wiedzy\/swinka-objawy-przebieg-choroby-leczenie-u-dzieci-i-doroslych\/"},"author":{"name":"Damian Matusiak","@id":"https:\/\/www.alab.pl\/centrum-wiedzy\/#\/schema\/person\/5709fe1c1c909754033072d7f8155a44"},"headline":"\u015awinka \u2013 objawy, przebieg choroby, leczenie u dzieci i doros\u0142ych","datePublished":"2025-06-11T11:54:48+00:00","dateModified":"2026-02-09T08:48:17+00:00","mainEntityOfPage":{"@id":"https:\/\/www.alab.pl\/centrum-wiedzy\/swinka-objawy-przebieg-choroby-leczenie-u-dzieci-i-doroslych\/"},"wordCount":1265,"publisher":{"@id":"https:\/\/www.alab.pl\/centrum-wiedzy\/#organization"},"image":{"@id":"https:\/\/www.alab.pl\/centrum-wiedzy\/swinka-objawy-przebieg-choroby-leczenie-u-dzieci-i-doroslych\/#primaryimage"},"thumbnailUrl":"https:\/\/www.alab.pl\/centrum-wiedzy\/wp-content\/uploads\/2025\/05\/swinka_cover.jpg","articleSection":["Infekcje i paso\u017cyty","Zdrowie dzieci i m\u0142odzie\u017cy"],"inLanguage":"pl-PL"},{"@type":["WebPage","FAQPage"],"@id":"https:\/\/www.alab.pl\/centrum-wiedzy\/swinka-objawy-przebieg-choroby-leczenie-u-dzieci-i-doroslych\/","url":"https:\/\/www.alab.pl\/centrum-wiedzy\/swinka-objawy-przebieg-choroby-leczenie-u-dzieci-i-doroslych\/","name":"\u015awinka \u2013 objawy, przebieg choroby, leczenie u dzieci i doros\u0142ych - Centrum Wiedzy ALAB laboratoria","isPartOf":{"@id":"https:\/\/www.alab.pl\/centrum-wiedzy\/#website"},"primaryImageOfPage":{"@id":"https:\/\/www.alab.pl\/centrum-wiedzy\/swinka-objawy-przebieg-choroby-leczenie-u-dzieci-i-doroslych\/#primaryimage"},"image":{"@id":"https:\/\/www.alab.pl\/centrum-wiedzy\/swinka-objawy-przebieg-choroby-leczenie-u-dzieci-i-doroslych\/#primaryimage"},"thumbnailUrl":"https:\/\/www.alab.pl\/centrum-wiedzy\/wp-content\/uploads\/2025\/05\/swinka_cover.jpg","datePublished":"2025-06-11T11:54:48+00:00","dateModified":"2026-02-09T08:48:17+00:00","description":"\u015awinka to choroba zaka\u017ana, kt\u00f3rej charakterystycznym objawem jest obrz\u0119k \u015blinianek przyusznych. Co j\u0105 wywo\u0142uje i jak j\u0105 leczy\u0107?","breadcrumb":{"@id":"https:\/\/www.alab.pl\/centrum-wiedzy\/swinka-objawy-przebieg-choroby-leczenie-u-dzieci-i-doroslych\/#breadcrumb"},"mainEntity":[{"@id":"https:\/\/www.alab.pl\/centrum-wiedzy\/swinka-objawy-przebieg-choroby-leczenie-u-dzieci-i-doroslych\/#faq-question-1752051478806"},{"@id":"https:\/\/www.alab.pl\/centrum-wiedzy\/swinka-objawy-przebieg-choroby-leczenie-u-dzieci-i-doroslych\/#faq-question-1752051486553"},{"@id":"https:\/\/www.alab.pl\/centrum-wiedzy\/swinka-objawy-przebieg-choroby-leczenie-u-dzieci-i-doroslych\/#faq-question-1752051497671"},{"@id":"https:\/\/www.alab.pl\/centrum-wiedzy\/swinka-objawy-przebieg-choroby-leczenie-u-dzieci-i-doroslych\/#faq-question-1752051502906"},{"@id":"https:\/\/www.alab.pl\/centrum-wiedzy\/swinka-objawy-przebieg-choroby-leczenie-u-dzieci-i-doroslych\/#faq-question-1752051520070"},{"@id":"https:\/\/www.alab.pl\/centrum-wiedzy\/swinka-objawy-przebieg-choroby-leczenie-u-dzieci-i-doroslych\/#faq-question-1752051525984"},{"@id":"https:\/\/www.alab.pl\/centrum-wiedzy\/swinka-objawy-przebieg-choroby-leczenie-u-dzieci-i-doroslych\/#faq-question-1752051538533"}],"inLanguage":"pl-PL","potentialAction":[{"@type":"ReadAction","target":["https:\/\/www.alab.pl\/centrum-wiedzy\/swinka-objawy-przebieg-choroby-leczenie-u-dzieci-i-doroslych\/"]}]},{"@type":"ImageObject","inLanguage":"pl-PL","@id":"https:\/\/www.alab.pl\/centrum-wiedzy\/swinka-objawy-przebieg-choroby-leczenie-u-dzieci-i-doroslych\/#primaryimage","url":"https:\/\/www.alab.pl\/centrum-wiedzy\/wp-content\/uploads\/2025\/05\/swinka_cover.jpg","contentUrl":"https:\/\/www.alab.pl\/centrum-wiedzy\/wp-content\/uploads\/2025\/05\/swinka_cover.jpg","width":1925,"height":1285,"caption":"swinka_cover"},{"@type":"BreadcrumbList","@id":"https:\/\/www.alab.pl\/centrum-wiedzy\/swinka-objawy-przebieg-choroby-leczenie-u-dzieci-i-doroslych\/#breadcrumb","itemListElement":[{"@type":"ListItem","position":1,"name":"Strona g\u0142\u00f3wna","item":"https:\/\/www.alab.pl\/centrum-wiedzy\/"},{"@type":"ListItem","position":2,"name":"\u015awinka \u2013 objawy, przebieg choroby, leczenie u dzieci i doros\u0142ych"}]},{"@type":"WebSite","@id":"https:\/\/www.alab.pl\/centrum-wiedzy\/#website","url":"https:\/\/www.alab.pl\/centrum-wiedzy\/","name":"Centrum Wiedzy ALAB laboratoria","description":"","publisher":{"@id":"https:\/\/www.alab.pl\/centrum-wiedzy\/#organization"},"potentialAction":[{"@type":"SearchAction","target":{"@type":"EntryPoint","urlTemplate":"https:\/\/www.alab.pl\/centrum-wiedzy\/?s={search_term_string}"},"query-input":{"@type":"PropertyValueSpecification","valueRequired":true,"valueName":"search_term_string"}}],"inLanguage":"pl-PL"},{"@type":"Organization","@id":"https:\/\/www.alab.pl\/centrum-wiedzy\/#organization","name":"Centrum Wiedzy ALAB laboratoria","url":"https:\/\/www.alab.pl\/centrum-wiedzy\/","logo":{"@type":"ImageObject","inLanguage":"pl-PL","@id":"https:\/\/www.alab.pl\/centrum-wiedzy\/#\/schema\/logo\/image\/","url":"https:\/\/www.alab.pl\/centrum-wiedzy\/wp-content\/uploads\/2022\/04\/alabek.jpg","contentUrl":"https:\/\/www.alab.pl\/centrum-wiedzy\/wp-content\/uploads\/2022\/04\/alabek.jpg","width":1250,"height":1251,"caption":"Centrum Wiedzy ALAB laboratoria"},"image":{"@id":"https:\/\/www.alab.pl\/centrum-wiedzy\/#\/schema\/logo\/image\/"},"sameAs":["https:\/\/www.facebook.com\/ALABlaboratoria"]},{"@type":"Person","@id":"https:\/\/www.alab.pl\/centrum-wiedzy\/#\/schema\/person\/5709fe1c1c909754033072d7f8155a44","name":"Damian Matusiak","image":{"@type":"ImageObject","inLanguage":"pl-PL","@id":"https:\/\/www.alab.pl\/centrum-wiedzy\/wp-content\/uploads\/2023\/10\/Damian-Matusiak-jpg-150x150.webp4a39f9a6ab8bdce93cc7d4859c6e6401","url":"https:\/\/www.alab.pl\/centrum-wiedzy\/wp-content\/uploads\/2023\/10\/Damian-Matusiak-jpg-150x150.webp","contentUrl":"https:\/\/www.alab.pl\/centrum-wiedzy\/wp-content\/uploads\/2023\/10\/Damian-Matusiak-jpg-150x150.webp","caption":"Damian Matusiak"},"description":"Specjalista pediatrii, kieruj\u0105cy Oddzia\u0142em Pediatrycznym w Lesznie, absolwent Uniwersytetu Medycznego im. Karola Marcinkowskiego w Poznaniu; pasjonat ultrasonografii i nowinek ze \u015bwiata nauki.","url":"https:\/\/www.alab.pl\/centrum-wiedzy\/author\/damian-matusiak\/"},{"@type":"Question","@id":"https:\/\/www.alab.pl\/centrum-wiedzy\/swinka-objawy-przebieg-choroby-leczenie-u-dzieci-i-doroslych\/#faq-question-1752051478806","position":1,"url":"https:\/\/www.alab.pl\/centrum-wiedzy\/swinka-objawy-przebieg-choroby-leczenie-u-dzieci-i-doroslych\/#faq-question-1752051478806","name":"Jakie s\u0105 pierwsze objawy \u015bwinki?","answerCount":1,"acceptedAnswer":{"@type":"Answer","text":"Gor\u0105czka, b\u00f3l przy \u017cuciu, obrz\u0119k \u015blinianek (zwykle po 2-3 dniach).","inLanguage":"pl-PL"},"inLanguage":"pl-PL"},{"@type":"Question","@id":"https:\/\/www.alab.pl\/centrum-wiedzy\/swinka-objawy-przebieg-choroby-leczenie-u-dzieci-i-doroslych\/#faq-question-1752051486553","position":2,"url":"https:\/\/www.alab.pl\/centrum-wiedzy\/swinka-objawy-przebieg-choroby-leczenie-u-dzieci-i-doroslych\/#faq-question-1752051486553","name":"Czy choroba \u015bwinka jest gro\u017ana?","answerCount":1,"acceptedAnswer":{"@type":"Answer","text":"U dzieci zwykle \u0142agodna, u doros\u0142ych mo\u017ce powodowa\u0107 powik\u0142ania (np. zapalenie j\u0105der).","inLanguage":"pl-PL"},"inLanguage":"pl-PL"},{"@type":"Question","@id":"https:\/\/www.alab.pl\/centrum-wiedzy\/swinka-objawy-przebieg-choroby-leczenie-u-dzieci-i-doroslych\/#faq-question-1752051497671","position":3,"url":"https:\/\/www.alab.pl\/centrum-wiedzy\/swinka-objawy-przebieg-choroby-leczenie-u-dzieci-i-doroslych\/#faq-question-1752051497671","name":"Ile razy w \u017cyciu mo\u017cna zachorowa\u0107 na \u015bwink\u0119?","answerCount":1,"acceptedAnswer":{"@type":"Answer","text":"Raz \u2013 przebycie choroby daje trwa\u0142\u0105 odporno\u015b\u0107.","inLanguage":"pl-PL"},"inLanguage":"pl-PL"},{"@type":"Question","@id":"https:\/\/www.alab.pl\/centrum-wiedzy\/swinka-objawy-przebieg-choroby-leczenie-u-dzieci-i-doroslych\/#faq-question-1752051502906","position":4,"url":"https:\/\/www.alab.pl\/centrum-wiedzy\/swinka-objawy-przebieg-choroby-leczenie-u-dzieci-i-doroslych\/#faq-question-1752051502906","name":"Czy przy \u015bwince boli gard\u0142o?","answerCount":1,"acceptedAnswer":{"@type":"Answer","text":"Tak, b\u00f3l pojawia si\u0119 przy prze\u0142ykaniu i \u017cuciu.","inLanguage":"pl-PL"},"inLanguage":"pl-PL"},{"@type":"Question","@id":"https:\/\/www.alab.pl\/centrum-wiedzy\/swinka-objawy-przebieg-choroby-leczenie-u-dzieci-i-doroslych\/#faq-question-1752051520070","position":5,"url":"https:\/\/www.alab.pl\/centrum-wiedzy\/swinka-objawy-przebieg-choroby-leczenie-u-dzieci-i-doroslych\/#faq-question-1752051520070","name":"Z czym mo\u017cna pomyli\u0107 \u015bwink\u0119?","answerCount":1,"acceptedAnswer":{"@type":"Answer","text":"Z zapaleniem w\u0119z\u0142\u00f3w ch\u0142onnych, mononukleoz\u0105 lub kamieniami \u015blinianek.","inLanguage":"pl-PL"},"inLanguage":"pl-PL"},{"@type":"Question","@id":"https:\/\/www.alab.pl\/centrum-wiedzy\/swinka-objawy-przebieg-choroby-leczenie-u-dzieci-i-doroslych\/#faq-question-1752051525984","position":6,"url":"https:\/\/www.alab.pl\/centrum-wiedzy\/swinka-objawy-przebieg-choroby-leczenie-u-dzieci-i-doroslych\/#faq-question-1752051525984","name":"Czy \u015bwinka u doros\u0142ych jest niebezpieczna?","answerCount":1,"acceptedAnswer":{"@type":"Answer","text":"Tak, mo\u017ce prowadzi\u0107 do zapalenia j\u0105der\/jajnik\u00f3w i niep\u0142odno\u015bci.","inLanguage":"pl-PL"},"inLanguage":"pl-PL"},{"@type":"Question","@id":"https:\/\/www.alab.pl\/centrum-wiedzy\/swinka-objawy-przebieg-choroby-leczenie-u-dzieci-i-doroslych\/#faq-question-1752051538533","position":7,"url":"https:\/\/www.alab.pl\/centrum-wiedzy\/swinka-objawy-przebieg-choroby-leczenie-u-dzieci-i-doroslych\/#faq-question-1752051538533","name":"Czy kobiety choruj\u0105 na \u015bwink\u0119?","answerCount":1,"acceptedAnswer":{"@type":"Answer","text":"Tak, ale rzadziej ni\u017c m\u0119\u017cczy\u017ani.\u00a0","inLanguage":"pl-PL"},"inLanguage":"pl-PL"}]}},"_links":{"self":[{"href":"https:\/\/www.alab.pl\/centrum-wiedzy\/wp-json\/wp\/v2\/posts\/24298","targetHints":{"allow":["GET"]}}],"collection":[{"href":"https:\/\/www.alab.pl\/centrum-wiedzy\/wp-json\/wp\/v2\/posts"}],"about":[{"href":"https:\/\/www.alab.pl\/centrum-wiedzy\/wp-json\/wp\/v2\/types\/post"}],"author":[{"embeddable":true,"href":"https:\/\/www.alab.pl\/centrum-wiedzy\/wp-json\/wp\/v2\/users\/154"}],"replies":[{"embeddable":true,"href":"https:\/\/www.alab.pl\/centrum-wiedzy\/wp-json\/wp\/v2\/comments?post=24298"}],"version-history":[{"count":3,"href":"https:\/\/www.alab.pl\/centrum-wiedzy\/wp-json\/wp\/v2\/posts\/24298\/revisions"}],"predecessor-version":[{"id":29719,"href":"https:\/\/www.alab.pl\/centrum-wiedzy\/wp-json\/wp\/v2\/posts\/24298\/revisions\/29719"}],"wp:featuredmedia":[{"embeddable":true,"href":"https:\/\/www.alab.pl\/centrum-wiedzy\/wp-json\/wp\/v2\/media\/23895"}],"wp:attachment":[{"href":"https:\/\/www.alab.pl\/centrum-wiedzy\/wp-json\/wp\/v2\/media?parent=24298"}],"wp:term":[{"taxonomy":"category","embeddable":true,"href":"https:\/\/www.alab.pl\/centrum-wiedzy\/wp-json\/wp\/v2\/categories?post=24298"},{"taxonomy":"post_tag","embeddable":true,"href":"https:\/\/www.alab.pl\/centrum-wiedzy\/wp-json\/wp\/v2\/tags?post=24298"},{"taxonomy":"author","embeddable":true,"href":"https:\/\/www.alab.pl\/centrum-wiedzy\/wp-json\/wp\/v2\/coauthors?post=24298"}],"curies":[{"name":"wp","href":"https:\/\/api.w.org\/{rel}","templated":true}]}}