{"id":25558,"date":"2025-07-16T12:16:52","date_gmt":"2025-07-16T10:16:52","guid":{"rendered":"https:\/\/www.alab.pl\/centrum-wiedzy\/?p=25558"},"modified":"2025-07-18T12:13:33","modified_gmt":"2025-07-18T10:13:33","slug":"slony-smak-w-ustach-jakie-moga-byc-przyczyny","status":"publish","type":"post","link":"https:\/\/www.alab.pl\/centrum-wiedzy\/slony-smak-w-ustach-jakie-moga-byc-przyczyny\/","title":{"rendered":"S\u0142ony smak w ustach \u2013 jakie mog\u0105 by\u0107 przyczyny"},"content":{"rendered":"\n<p><strong>S\u0142ony posmak w ustach to dolegliwo\u015b\u0107, kt\u00f3ra <\/strong>\u2013 <strong>chocia\u017c zwykle nie jest gro\u017ana <\/strong>\u2013<strong> mo\u017ce znacznie obni\u017ca\u0107 komfort \u017cycia. Zaburza odczuwanie smaku potraw, wp\u0142ywa na apetyt, ale niekiedy stanowi te\u017c sygna\u0142 rozwijaj\u0105cych si\u0119 problem\u00f3w zdrowotnych. Objaw mo\u017ce pojawia\u0107 si\u0119 epizodycznie lub utrzymywa\u0107 przez d\u0142u\u017cszy czas. Sprawd\u017a, co oznacza s\u0142ony posmak w ustach, jakie s\u0105 przyczyny i kiedy nale\u017cy skonsultowa\u0107 go z lekarzem.<\/strong><\/p>\n\n\n\n<p>Spis tre\u015bci:<\/p>\n\n\n\n<ol class=\"wp-block-list\">\n<li><a href=\"#Kiedy-pojawia-si\u0119-s\u0142ony-posmak-w-ustach?\">Kiedy pojawia si\u0119 s\u0142ony posmak w ustach?<\/a><\/li>\n\n\n\n<li><a href=\"#Przyczyny-s\u0142onego-posmaku-w-ustach\">Przyczyny s\u0142onego posmaku w ustach<\/a><\/li>\n\n\n\n<li><a href=\"#Co-oznacza-s\u0142ony-smak-w-ustach?\">Co oznacza s\u0142ony smak w ustach?<\/a><\/li>\n\n\n\n<li><a href=\"#S\u0142ony-smak-w-ustach-a-choroby-\u2013-na-co-mo\u017ce-wskazywa\u0107-ten-objaw?\">S\u0142ony smak w ustach a choroby \u2013 na co mo\u017ce wskazywa\u0107 ten objaw?<\/a><\/li>\n\n\n\n<li><a href=\"#S\u0142ony-smak-w-ustach-a-nerwica-\u2013-jak-stres-wp\u0142ywa-na-odczuwanie-smaku?\">S\u0142ony smak w ustach a nerwica \u2013 jak stres wp\u0142ywa na odczuwanie smaku?<\/a><\/li>\n\n\n\n<li><a href=\"#Jak-zlikwidowa\u0107-s\u0142ony-smak-w-ustach?\">Jak zlikwidowa\u0107 s\u0142ony smak w ustach?<\/a><\/li>\n\n\n\n<li><a href=\"#Jak-leczy\u0107-s\u0142ony-smak-w-ustach?\">Jak leczy\u0107 s\u0142ony smak w ustach?<\/a><\/li>\n\n\n\n<li><a href=\"#FAQ.-S\u0142ony-smak-w-ustach-\u2013-cz\u0119sto-zadawane-pytania\">FAQ. S\u0142ony smak w ustach \u2013 cz\u0119sto zadawane pytania<\/a><\/li>\n\n\n\n<li><a href=\"#S\u0142ony-smak-w-ustach-\u2013-podsumowanie\">S\u0142ony smak w ustach \u2013 podsumowanie<\/a><\/li>\n<\/ol>\n\n\n\n<h2 class=\"wp-block-heading\" id=\"Kiedy-pojawia-si\u0119-s\u0142ony-posmak-w-ustach?\">Kiedy pojawia si\u0119 s\u0142ony posmak w ustach?<\/h2>\n\n\n\n<p>S\u0142ony smak w ustach mo\u017ce pojawi\u0107 si\u0119 w r\u00f3\u017cnych okoliczno\u015bciach. <strong>W wielu przypadkach wyst\u0119puje sporadycznie, ale zdarza si\u0119, \u017ce utrzymuje si\u0119 przez d\u0142u\u017cszy czas lub regularnie nawraca.<\/strong> Cz\u0119\u015b\u0107 pacjent\u00f3w zauwa\u017ca go rano, zaraz po przebudzeniu, co mo\u017ce wi\u0105za\u0107 si\u0119 z wysychaniem \u015bluz\u00f3wek jamy ustnej podczas snu. Ale s\u0142ony posmak mo\u017ce pojawi\u0107 si\u0119 r\u00f3wnie\u017c po posi\u0142ku, intensywnym wysi\u0142ku, podczas infekcji g\u00f3rnych dr\u00f3g oddechowych lub spontanicznie \u2013 bez wyra\u017anie uchwytnej przyczyny.<\/p>\n\n\n\n<figure class=\"wp-block-table\"><table class=\"has-fixed-layout\"><tbody><tr><td>Smak jest zmys\u0142em chemicznym. Do jego pobudzenia prowadzi kontakt z substancjami chemicznymi obecnymi w \u015blinie. Receptory dla smaku s\u0142onego reaguj\u0105 na kationy sodu i potasu.<\/td><\/tr><\/tbody><\/table><\/figure>\n\n\n<div class=\"wp-block-image\">\n<figure class=\"aligncenter size-full\"><img loading=\"lazy\" decoding=\"async\" width=\"800\" height=\"499\" src=\"https:\/\/www.alab.pl\/centrum-wiedzy\/wp-content\/uploads\/2025\/07\/Smaki_infografika.jpg\" alt=\"Smaki_infografika mapa smak\u00f3w na j\u0119zyku\" class=\"wp-image-25606\" srcset=\"https:\/\/www.alab.pl\/centrum-wiedzy\/wp-content\/uploads\/2025\/07\/Smaki_infografika.jpg 800w, https:\/\/www.alab.pl\/centrum-wiedzy\/wp-content\/uploads\/2025\/07\/Smaki_infografika-768x479.jpg 768w, https:\/\/www.alab.pl\/centrum-wiedzy\/wp-content\/uploads\/2025\/07\/Smaki_infografika-150x94.jpg 150w, https:\/\/www.alab.pl\/centrum-wiedzy\/wp-content\/uploads\/2025\/07\/Smaki_infografika-300x187.jpg 300w, https:\/\/www.alab.pl\/centrum-wiedzy\/wp-content\/uploads\/2025\/07\/Smaki_infografika-696x434.jpg 696w\" sizes=\"auto, (max-width: 800px) 100vw, 800px\" \/><\/figure><\/div>\n\n\n<h2 class=\"wp-block-heading\" id=\"Przyczyny-s\u0142onego-posmaku-w-ustach\">Przyczyny s\u0142onego posmaku w ustach<\/h2>\n\n\n\n<p>Przyczyny s\u0142onego smaku w ustach mog\u0105 by\u0107 r\u00f3\u017cne. Jedn\u0105 z najcz\u0119stszych jest <a href=\"https:\/\/www.alab.pl\/centrum-wiedzy\/nawadnianie-organizmu-suplementacja-elektrolitow\/\">odwodnienie organizmu<\/a> spowodowane przyjmowaniem zbyt ma\u0142ej ilo\u015bci p\u0142yn\u00f3w lub nadmiernym poceniem si\u0119 (np. na skutek przebywania w wysokich temperaturach lub po intensywnym wysi\u0142ku fizycznym).<strong> Gdy organizm traci zbyt du\u017co wody, dochodzi do wzrostu st\u0119\u017cenia sodu w \u015blinie.<\/strong><\/p>\n\n\n\n<p>S\u0142ony posmak w ustach mo\u017ce towarzyszy\u0107 <strong>kserostomii, czyli sucho\u015bci w jamie ustnej<\/strong>. Jej przyczyn\u0105 s\u0105 m.in. choroby neurologiczne, alergie, cukrzyca, <a href=\"https:\/\/www.alab.pl\/centrum-wiedzy\/nadczynnosc-tarczycy-objawy-przyczyny-badania-leczenie\">nadczynno\u015b\u0107 tarczycy<\/a>, niedob\u00f3r \u017celaza lub witamin z grupy B oraz <a href=\"https:\/\/www.alab.pl\/centrum-wiedzy\/zespol-sjogrena\">zesp\u00f3\u0142 Sj\u00f6grena<\/a>.<\/p>\n\n\n\n<figure class=\"wp-block-image size-full\"><a href=\"https:\/\/www.alab.pl\/pakiet\/pakiet-tarczycowy\"><img loading=\"lazy\" decoding=\"async\" width=\"800\" height=\"200\" src=\"https:\/\/www.alab.pl\/centrum-wiedzy\/wp-content\/uploads\/2025\/02\/Pakiet-tarczycowy-TSH-fT3-fT4.jpg\" alt=\"Pakiet tarczycowy (TSH, fT3, fT4) banerek\" class=\"wp-image-21112\" srcset=\"https:\/\/www.alab.pl\/centrum-wiedzy\/wp-content\/uploads\/2025\/02\/Pakiet-tarczycowy-TSH-fT3-fT4.jpg 800w, https:\/\/www.alab.pl\/centrum-wiedzy\/wp-content\/uploads\/2025\/02\/Pakiet-tarczycowy-TSH-fT3-fT4-768x192.jpg 768w, https:\/\/www.alab.pl\/centrum-wiedzy\/wp-content\/uploads\/2025\/02\/Pakiet-tarczycowy-TSH-fT3-fT4-150x38.jpg 150w, https:\/\/www.alab.pl\/centrum-wiedzy\/wp-content\/uploads\/2025\/02\/Pakiet-tarczycowy-TSH-fT3-fT4-300x75.jpg 300w, https:\/\/www.alab.pl\/centrum-wiedzy\/wp-content\/uploads\/2025\/02\/Pakiet-tarczycowy-TSH-fT3-fT4-696x174.jpg 696w\" sizes=\"auto, (max-width: 800px) 100vw, 800px\" \/><\/a><\/figure>\n\n\n\n<p>Inn\u0105 przyczyn\u0105 s\u0142onego posmaku w ustach s\u0105 <strong>infekcje g\u00f3rnych dr\u00f3g oddechowych \u2013 w szczeg\u00f3lno\u015bci zatok<\/strong>. Zmieniony smak jest spowodowany <strong>wydzielin\u0105 sp\u0142ywaj\u0105c\u0105 po tylnej \u015bcianie gard\u0142a<\/strong>. Podobnie dzieje si\u0119 przy <a href=\"https:\/\/www.alab.pl\/centrum-wiedzy\/lzawienie-oczu-przyczyny-leczenie-nadmiernego-lzawienia\/\">nadmiernym \u0142zawieniu<\/a>.<\/p>\n\n\n\n<p>S\u0142ony smak w ustach wyst\u0119puje przy <a href=\"https:\/\/www.alab.pl\/centrum-wiedzy\/przewlekla-choroba-nerek-objawy-przyczyny-powiklania-diagnostyka\/\">przewlek\u0142ej chorobie nerek<\/a>. W takim przypadku przyczyn\u0105 mo\u017ce by\u0107 nagromadzenie toksyn w organizmie, zaburzenia gospodarki wodno-elektrolitowej, niedob\u00f3r cynku, zmniejszony przep\u0142yw \u015bliny i zmiana jej pH.<\/p>\n\n\n\n<figure class=\"wp-block-image size-full\"><a href=\"https:\/\/www.alab.pl\/pakiet\/pakiet-elektrolitow\"><img loading=\"lazy\" decoding=\"async\" width=\"800\" height=\"200\" src=\"https:\/\/www.alab.pl\/centrum-wiedzy\/wp-content\/uploads\/2025\/02\/Pakiet-elektrolity-4-badania.jpg\" alt=\"Pakiet elektrolity (4 badania) banerek\" class=\"wp-image-21211\" srcset=\"https:\/\/www.alab.pl\/centrum-wiedzy\/wp-content\/uploads\/2025\/02\/Pakiet-elektrolity-4-badania.jpg 800w, https:\/\/www.alab.pl\/centrum-wiedzy\/wp-content\/uploads\/2025\/02\/Pakiet-elektrolity-4-badania-768x192.jpg 768w, https:\/\/www.alab.pl\/centrum-wiedzy\/wp-content\/uploads\/2025\/02\/Pakiet-elektrolity-4-badania-150x38.jpg 150w, https:\/\/www.alab.pl\/centrum-wiedzy\/wp-content\/uploads\/2025\/02\/Pakiet-elektrolity-4-badania-300x75.jpg 300w, https:\/\/www.alab.pl\/centrum-wiedzy\/wp-content\/uploads\/2025\/02\/Pakiet-elektrolity-4-badania-696x174.jpg 696w\" sizes=\"auto, (max-width: 800px) 100vw, 800px\" \/><\/a><\/figure>\n\n\n\n<p>Inne mo\u017cliwe <strong>przyczyny s\u0142onego smaku <\/strong>w ustach to:<\/p>\n\n\n\n<ul class=\"wp-block-list\">\n<li>przyjmowanie niekt\u00f3rych lek\u00f3w (m.in. lek\u00f3w stosowanych w chorobach tarczycy),<\/li>\n\n\n\n<li>urazy w obr\u0119bie jamy ustnej,<\/li>\n\n\n\n<li>choroby z\u0119b\u00f3w i przyz\u0119bia,<\/li>\n\n\n\n<li>choroby i infekcje j\u0119zyka,<\/li>\n\n\n\n<li>palenie tytoniu,<\/li>\n\n\n\n<li>zaburzenia neurologiczne (np. <a href=\"https:\/\/www.alab.pl\/centrum-wiedzy\/migrena-objawy-przyczyny-i-diagnoza-jakie-badania-wykonac\/\">migrena<\/a>, <a href=\"https:\/\/www.alab.pl\/centrum-wiedzy\/stwardnienie-rozsiane-grozna-i-podstepna-choroba\/\">stwardnienie rozsiane<\/a>).<\/li>\n<\/ul>\n\n\n\n<p><strong>&gt;&gt; Zobacz tak\u017ce: <a href=\"https:\/\/www.alab.pl\/centrum-wiedzy\/metaliczny-posmak-w-ustach-skad-sie-bierze-i-co-oznacza\/\">Metaliczny posmak w ustach \u2013 sk\u0105d si\u0119 bierze i co oznacza?<\/a><\/strong><\/p>\n\n\n\n<h2 class=\"wp-block-heading\" id=\"Co-oznacza-s\u0142ony-smak-w-ustach?\">Co oznacza s\u0142ony smak w ustach?<\/h2>\n\n\n\n<p>S\u0142ony smak najcz\u0119\u015bciej jest objawem niegro\u017anych i przej\u015bciowych stan\u00f3w. Jednak <strong>nie nale\u017cy go bagatelizowa\u0107, poniewa\u017c niekiedy mo\u017ce wskazywa\u0107 na powa\u017cniejsze choroby i zaburzenia wymagaj\u0105ce szczeg\u00f3\u0142owej diagnostyki i leczenia<\/strong>. Szczeg\u00f3ln\u0105 uwag\u0119 nale\u017cy zwr\u00f3ci\u0107 na objawy towarzysz\u0105ce s\u0142onemu posmakowi \u2013 m.in.:<\/p>\n\n\n\n<ul class=\"wp-block-list\">\n<li>sucho\u015b\u0107 w ustach,<\/li>\n\n\n\n<li>pieczenie j\u0119zyka,<\/li>\n\n\n\n<li>nieprzyjemny zapach z ust,<\/li>\n\n\n\n<li>zmiany na b\u0142onie \u015bluzowej jamy ustnej,<\/li>\n\n\n\n<li>trudno\u015bci w po\u0142ykaniu pokarm\u00f3w,<\/li>\n\n\n\n<li>og\u00f3lnie z\u0142e samopoczucie.<\/li>\n<\/ul>\n\n\n\n<p>Z lekarzem nale\u017cy skonsultowa\u0107 si\u0119 r\u00f3wnie\u017c, gdy s\u0142ony posmak w ustach utrzymuje si\u0119 przez d\u0142u\u017cszy czas \u2013 nawet je\u017celi nie towarzysz\u0105 mu \u017cadne inne objawy.<\/p>\n\n\n\n<h2 class=\"wp-block-heading\" id=\"S\u0142ony-smak-w-ustach-a-choroby-\u2013-na-co-mo\u017ce-wskazywa\u0107-ten-objaw?\">S\u0142ony smak w ustach a choroby \u2013 na co mo\u017ce wskazywa\u0107 ten objaw?<\/h2>\n\n\n\n<p>Utrzymuj\u0105cy si\u0119 s\u0142ony smak w ustach mo\u017ce by\u0107 <strong>objawem chor\u00f3b nerek<\/strong>, kt\u00f3re wp\u0142ywaj\u0105 na gospodark\u0119 wodno-elektrolitow\u0105 i prowadz\u0105 do zmian w sk\u0142adzie \u015bliny. Innym schorzeniem jest <a href=\"https:\/\/www.alab.pl\/centrum-wiedzy\/cukrzyca\/\"><strong>cukrzyca<\/strong><\/a>, w kt\u00f3rej cz\u0119sto obserwuje si\u0119 sucho\u015b\u0107 w ustach. Specyficzny posmak w ustach wskazuje r\u00f3wnie\u017c na <strong>infekcje g\u00f3rnych dr\u00f3g oddechowych lub stany zapalne z\u0119b\u00f3w i dzi\u0105se\u0142<\/strong>.<\/p>\n\n\n\n<figure class=\"wp-block-image size-full\"><a href=\"https:\/\/www.alab.pl\/pakiet\/pakiet-nerkowy\"><img loading=\"lazy\" decoding=\"async\" width=\"800\" height=\"250\" src=\"https:\/\/www.alab.pl\/centrum-wiedzy\/wp-content\/uploads\/2025\/06\/Pakiet-nerkowy-7-badan_mobile.jpg\" alt=\"Pakiet nerkowy (7 badan)_mobile baner na kategori\u0119\" class=\"wp-image-24157\" srcset=\"https:\/\/www.alab.pl\/centrum-wiedzy\/wp-content\/uploads\/2025\/06\/Pakiet-nerkowy-7-badan_mobile.jpg 800w, https:\/\/www.alab.pl\/centrum-wiedzy\/wp-content\/uploads\/2025\/06\/Pakiet-nerkowy-7-badan_mobile-768x240.jpg 768w, https:\/\/www.alab.pl\/centrum-wiedzy\/wp-content\/uploads\/2025\/06\/Pakiet-nerkowy-7-badan_mobile-150x47.jpg 150w, https:\/\/www.alab.pl\/centrum-wiedzy\/wp-content\/uploads\/2025\/06\/Pakiet-nerkowy-7-badan_mobile-300x94.jpg 300w, https:\/\/www.alab.pl\/centrum-wiedzy\/wp-content\/uploads\/2025\/06\/Pakiet-nerkowy-7-badan_mobile-696x218.jpg 696w\" sizes=\"auto, (max-width: 800px) 100vw, 800px\" \/><\/a><\/figure>\n\n\n\n<p>S\u0142ony smak w ustach jest obecny przy <strong>chorobach \u015blinianek<\/strong>. S\u0105 to narz\u0105dy odpowiedzialne za produkcj\u0119 \u015bliny, kt\u00f3ra nawil\u017ca jam\u0119 ustn\u0105 i uczestniczy w procesie odczuwania smaku. Zaburzenia ich funkcjonowania mog\u0105 powodowa\u0107 <strong>zmian\u0119 sk\u0142adu \u015bliny i w konsekwencji \u2013 nieprawid\u0142owe odczucia smakowe<\/strong>. Przyk\u0142adem jest choroba Sj\u00f6grena, kt\u00f3ra ma pod\u0142o\u017ce autoimmunologiczne.<\/p>\n\n\n\n<h2 class=\"wp-block-heading\" id=\"S\u0142ony-smak-w-ustach-a-nerwica-\u2013-jak-stres-wp\u0142ywa-na-odczuwanie-smaku?\">S\u0142ony smak w ustach a nerwica \u2013 jak stres wp\u0142ywa na odczuwanie smaku?<\/h2>\n\n\n\n<p>Stres i zaburzenia emocjonalne mog\u0105 mie\u0107 wp\u0142yw na zmys\u0142 smaku. <strong>W sytuacji stresowej dochodzi do aktywacji wsp\u00f3\u0142czulnego uk\u0142adu nerwowego, czego jednym ze skutk\u00f3w jest zmniejszone wydzielanie \u015bliny. <\/strong>Z kolei sucho\u015b\u0107 w ustach mo\u017ce powodowa\u0107 s\u0142ony posmak w ustach.<\/p>\n\n\n\n<p>S\u0142ony smak w ustach spowodowany stresem cz\u0119sto pojawia si\u0119 nagle i towarzyszy silnym emocjom. Objaw mo\u017ce ust\u0119powa\u0107 po uspokojeniu si\u0119 lub po zastosowaniu technik relaksacyjnych.<\/p>\n\n\n\n<h2 class=\"wp-block-heading\" id=\"Jak-zlikwidowa\u0107-s\u0142ony-smak-w-ustach?\">Jak zlikwidowa\u0107 s\u0142ony smak w ustach?<\/h2>\n\n\n\n<p>Aby <strong>z\u0142agodzi\u0107 s\u0142ony posmak w ustach<\/strong>, nale\u017cy:<\/p>\n\n\n\n<ul class=\"wp-block-list\">\n<li>rozpocz\u0105\u0107 leczenie przyczyny s\u0142onego smaku w ustach,<\/li>\n\n\n\n<li>zachowa\u0107 odpowiedni\u0105 higien\u0119 jamy ustnej,<\/li>\n\n\n\n<li>wypija\u0107 odpowiedni\u0105 ilo\u015b\u0107 wody,<\/li>\n\n\n\n<li>zrezygnowa\u0107 z u\u017cywek (szczeg\u00f3lnie papieros\u00f3w),<\/li>\n\n\n\n<li>stosowa\u0107 p\u0142ukanki zio\u0142owe.<\/li>\n<\/ul>\n\n\n\n<p>Je\u017celi przyczyn\u0105 s\u0142onego smaku w ustach jest sucho\u015b\u0107 jamy ustnej, mo\u017cna dodatkowo \u017cu\u0107 gum\u0119 bez cukru, ssa\u0107 pastylki w kwasem cytrynowym, spo\u017cywa\u0107 pokarmy wymagaj\u0105ce \u017cucia. Takie dzia\u0142ania pobudzaj\u0105 produkcj\u0119 \u015bliny.<\/p>\n\n\n\n<h2 class=\"wp-block-heading\" id=\"Jak-leczy\u0107-s\u0142ony-smak-w-ustach?\">Jak leczy\u0107 s\u0142ony smak w ustach?<\/h2>\n\n\n\n<p><strong>Leczenie powinno by\u0107 dostosowane do przyczyny s\u0142onego smaku w ustach. <\/strong>Dlatego jej ustalenie jest bardzo wa\u017cne dla powodzenia terapii. W <strong>diagnostyce<\/strong> zastosowanie maj\u0105 m.in. <strong>testy laboratoryjne z krwi <\/strong>(<a href=\"https:\/\/www.alab.pl\/badanie\/morfologia-krwi-c55\">morfologia krwi<\/a>, poziom elektrolit\u00f3w, <a href=\"https:\/\/www.alab.pl\/badanie\/glukoza-l43\">poziom glukozy<\/a>), badanie og\u00f3lne moczu, badania obrazowe (np. USG \u015blinianek) oraz badanie neurologiczne, laryngologiczne lub stomatologiczne.<\/p>\n\n\n\n<h2 class=\"wp-block-heading\" id=\"FAQ.-S\u0142ony-smak-w-ustach-\u2013-cz\u0119sto-zadawane-pytania\">FAQ. S\u0142ony smak w ustach \u2013 cz\u0119sto zadawane pytania<\/h2>\n\n\n\n<p>Odpowiedzi na najcz\u0119\u015bciej zadawane pytania dotycz\u0105ce tego, co oznacza s\u0142ony posmak w ustach.<\/p>\n\n\n\n<div class=\"schema-faq wp-block-yoast-faq-block\"><div class=\"schema-faq-section\" id=\"faq-question-1752660526523\"><strong class=\"schema-faq-question\">Czy s\u0142ony smak jest objawem cukrzycy?<\/strong> <p class=\"schema-faq-answer\">S\u0142ony smak w ustach mo\u017ce towarzyszy\u0107 cukrzycy. Objaw jest skutkiem sucho\u015bci w jamie ustnej (kserostomii).<\/p> <\/div> <div class=\"schema-faq-section\" id=\"faq-question-1752660553383\"><strong class=\"schema-faq-question\">Czy s\u0142ony smak w ustach oznacza nadci\u015bnienie?<\/strong> <p class=\"schema-faq-answer\">Nie ma bezpo\u015bredniego zwi\u0105zku mi\u0119dzy s\u0142onym smakiem a nadci\u015bnieniem, ale niekt\u00f3re leki na obni\u017cenie ci\u015bnienia (np. diuretyki) mog\u0105 przyczynia\u0107 si\u0119 do sucho\u015bci w jamie ustnej i zmian w odczuwaniu smaku. Je\u017celi objaw utrzymuje si\u0119 przez d\u0142u\u017cszy czas, nale\u017cy skonsultowa\u0107 si\u0119 z lekarzem.<\/p> <\/div> <div class=\"schema-faq-section\" id=\"faq-question-1752660583230\"><strong class=\"schema-faq-question\">Dlaczego mam s\u0142ony smak w ustach, mimo \u017ce nic nie jad\u0142em?<\/strong> <p class=\"schema-faq-answer\">S\u0142ony smak w ustach na czczo mo\u017ce mie\u0107 r\u00f3\u017cne przyczyny. W\u015br\u00f3d najcz\u0119stszych wymieni\u0107 mo\u017cna m.in. odwodnienie, kserostomi\u0119, palenie tytoniu, niedob\u00f3r \u017celaza i witamin z grupy B, przewlek\u0142\u0105 chorob\u0119 nerek, chorob\u0119 Sj\u00f6grena, cukrzyc\u0119, stres, infekcje zatok.<\/p> <\/div> <\/div>\n\n\n\n<h2 class=\"wp-block-heading\" id=\"S\u0142ony-smak-w-ustach-\u2013-podsumowanie\">S\u0142ony smak w ustach \u2013 podsumowanie<\/h2>\n\n\n\n<ul class=\"wp-block-list\">\n<li>S\u0142ony posmak w ustach mo\u017ce by\u0107 spowodowany odwodnieniem, zaburzeniami elektrolitowymi, kserostomi\u0105, stosowaniem niekt\u00f3rych lek\u00f3w, infekcj\u0105 lub chorobami przewlek\u0142ymi.<\/li>\n\n\n\n<li>Szczeg\u00f3ln\u0105 uwag\u0119 nale\u017cy zwr\u00f3ci\u0107 na objawy towarzysz\u0105ce s\u0142onemu smakowi w ustach \u2013 np. pieczenie j\u0119zyka, sucho\u015b\u0107 jamy ustnej, zaburzenia po\u0142ykania, nieprzyjemny zapach z ust.<\/li>\n\n\n\n<li>Leczenie s\u0142onego smaku w ustach zale\u017cy od przyczyny. W diagnostyce zastosowanie maj\u0105 m.in. badania laboratoryjne z krwi i badania obrazowe.<\/li>\n<\/ul>\n\n\n\n<p><strong>Opieka merytoryczna: lek. Katarzyna Ciep\u0142ucha<\/strong><\/p>\n\n\n\n<hr class=\"wp-block-separator has-alpha-channel-opacity\"\/>\n\n\n\n<p><strong>Bibliografia<\/strong><\/p>\n\n\n\n<ol start=\"1\" class=\"wp-block-list\">\n<li>H. Sienkiewicz-Jarosz, P. Bie\u0144kowski, <em>Neurologiczne aspekty zaburze\u0144 smaku<\/em>, Neurologia po Dyplomie 2012, t. 7, nr 5, 61\u201368<\/li>\n\n\n\n<li>https:\/\/www.thehealthboard.com\/what-are-the-common-causes-of-salty-saliva.htm (dost\u0119p 08.07.2025)<\/li>\n\n\n\n<li>https:\/\/www.mp.pl\/pacjent\/zapytajlekarza\/lista\/show.html?id=88878 (dost\u0119p 08.07.2025)<\/li>\n\n\n\n<li>M. Lachowicz, <em>Sucho\u015b\u0107 w jamie ustnej jako dzia\u0142anie niepo\u017c\u0105dane lek\u00f3w i jako objaw choroby<\/em>, Aptekarz Polski 2019, 154, 45\u201351<\/li>\n\n\n\n<li>K. Torigoe i in, <em>Factors associated with gustatory threshold for salty taste in peritoneal dialysis patients<\/em> https:\/\/rrtjournal.biomedcentral.com\/articles\/10.1186\/s41100-019-0233-8 (dost\u0119p 08.07.2025)<\/li>\n<\/ol>\n","protected":false},"excerpt":{"rendered":"<p>Sprawd\u017a, co oznacza s\u0142ony posmak w ustach. Dowiedz si\u0119, jakie mo\u017ce mie\u0107 przyczyny i kiedy nale\u017cy skonsultowa\u0107 go z lekarzem.<\/p>\n","protected":false},"author":100,"featured_media":25562,"comment_status":"closed","ping_status":"closed","sticky":false,"template":"","format":"standard","meta":{"_acf_changed":false,"inline_featured_image":false,"footnotes":""},"categories":[18],"tags":[],"coauthors":[143],"class_list":{"0":"post-25558","1":"post","2":"type-post","3":"status-publish","4":"format-standard","5":"has-post-thumbnail","7":"category-dysbioza-choroby-przewodu-pokarmowego"},"acf":[],"yoast_head":"<!-- This site is optimized with the Yoast SEO plugin v27.4 - https:\/\/yoast.com\/product\/yoast-seo-wordpress\/ -->\n<title>S\u0142ony smak w ustach \u2013 jakie mog\u0105 by\u0107 przyczyny - Centrum Wiedzy ALAB laboratoria<\/title>\n<meta name=\"description\" content=\"Sprawd\u017a, co oznacza s\u0142ony posmak w ustach. Dowiedz si\u0119, jakie mo\u017ce mie\u0107 przyczyny i kiedy nale\u017cy skonsultowa\u0107 go z lekarzem.\" \/>\n<meta name=\"robots\" content=\"index, follow, max-snippet:-1, max-image-preview:large, max-video-preview:-1\" \/>\n<link rel=\"canonical\" href=\"https:\/\/www.alab.pl\/centrum-wiedzy\/slony-smak-w-ustach-jakie-moga-byc-przyczyny\/\" \/>\n<meta property=\"og:locale\" content=\"pl_PL\" \/>\n<meta property=\"og:type\" content=\"article\" \/>\n<meta property=\"og:title\" content=\"S\u0142ony smak w ustach \u2013 jakie mog\u0105 by\u0107 przyczyny - Centrum Wiedzy ALAB laboratoria\" \/>\n<meta property=\"og:description\" content=\"Sprawd\u017a, co oznacza s\u0142ony posmak w ustach. Dowiedz si\u0119, jakie mo\u017ce mie\u0107 przyczyny i kiedy nale\u017cy skonsultowa\u0107 go z lekarzem.\" \/>\n<meta property=\"og:url\" content=\"https:\/\/www.alab.pl\/centrum-wiedzy\/slony-smak-w-ustach-jakie-moga-byc-przyczyny\/\" \/>\n<meta property=\"og:site_name\" content=\"Centrum Wiedzy ALAB laboratoria\" \/>\n<meta property=\"article:publisher\" content=\"https:\/\/www.facebook.com\/ALABlaboratoria\" \/>\n<meta property=\"article:published_time\" content=\"2025-07-16T10:16:52+00:00\" \/>\n<meta property=\"article:modified_time\" content=\"2025-07-18T10:13:33+00:00\" \/>\n<meta property=\"og:image\" content=\"https:\/\/www.alab.pl\/centrum-wiedzy\/wp-content\/uploads\/2025\/07\/slony_smak_w_ustach.jpg\" \/>\n\t<meta property=\"og:image:width\" content=\"1711\" \/>\n\t<meta property=\"og:image:height\" content=\"1141\" \/>\n\t<meta property=\"og:image:type\" content=\"image\/jpeg\" \/>\n<meta name=\"author\" content=\"Angelika Janowicz\" \/>\n<meta name=\"twitter:card\" content=\"summary_large_image\" \/>\n<meta name=\"twitter:label1\" content=\"Napisane przez\" \/>\n\t<meta name=\"twitter:data1\" content=\"Angelika Janowicz\" \/>\n\t<meta name=\"twitter:label2\" content=\"Szacowany czas czytania\" \/>\n\t<meta name=\"twitter:data2\" content=\"8 minut\" \/>\n\t<meta name=\"twitter:label3\" content=\"Written by\" \/>\n\t<meta name=\"twitter:data3\" content=\"Angelika Janowicz\" \/>\n<!-- \/ Yoast SEO plugin. -->","yoast_head_json":{"title":"S\u0142ony smak w ustach \u2013 jakie mog\u0105 by\u0107 przyczyny - Centrum Wiedzy ALAB laboratoria","description":"Sprawd\u017a, co oznacza s\u0142ony posmak w ustach. Dowiedz si\u0119, jakie mo\u017ce mie\u0107 przyczyny i kiedy nale\u017cy skonsultowa\u0107 go z lekarzem.","robots":{"index":"index","follow":"follow","max-snippet":"max-snippet:-1","max-image-preview":"max-image-preview:large","max-video-preview":"max-video-preview:-1"},"canonical":"https:\/\/www.alab.pl\/centrum-wiedzy\/slony-smak-w-ustach-jakie-moga-byc-przyczyny\/","og_locale":"pl_PL","og_type":"article","og_title":"S\u0142ony smak w ustach \u2013 jakie mog\u0105 by\u0107 przyczyny - Centrum Wiedzy ALAB laboratoria","og_description":"Sprawd\u017a, co oznacza s\u0142ony posmak w ustach. Dowiedz si\u0119, jakie mo\u017ce mie\u0107 przyczyny i kiedy nale\u017cy skonsultowa\u0107 go z lekarzem.","og_url":"https:\/\/www.alab.pl\/centrum-wiedzy\/slony-smak-w-ustach-jakie-moga-byc-przyczyny\/","og_site_name":"Centrum Wiedzy ALAB laboratoria","article_publisher":"https:\/\/www.facebook.com\/ALABlaboratoria","article_published_time":"2025-07-16T10:16:52+00:00","article_modified_time":"2025-07-18T10:13:33+00:00","og_image":[{"width":1711,"height":1141,"url":"https:\/\/www.alab.pl\/centrum-wiedzy\/wp-content\/uploads\/2025\/07\/slony_smak_w_ustach.jpg","type":"image\/jpeg"}],"author":"Angelika Janowicz","twitter_card":"summary_large_image","twitter_misc":{"Napisane przez":"Angelika Janowicz","Szacowany czas czytania":"8 minut","Written by":"Angelika Janowicz"},"schema":{"@context":"https:\/\/schema.org","@graph":[{"@type":"Article","@id":"https:\/\/www.alab.pl\/centrum-wiedzy\/slony-smak-w-ustach-jakie-moga-byc-przyczyny\/#article","isPartOf":{"@id":"https:\/\/www.alab.pl\/centrum-wiedzy\/slony-smak-w-ustach-jakie-moga-byc-przyczyny\/"},"author":{"name":"Angelika Janowicz","@id":"https:\/\/www.alab.pl\/centrum-wiedzy\/#\/schema\/person\/f714a3843f15f9646db0448b28a900e1"},"headline":"S\u0142ony smak w ustach \u2013 jakie mog\u0105 by\u0107 przyczyny","datePublished":"2025-07-16T10:16:52+00:00","dateModified":"2025-07-18T10:13:33+00:00","mainEntityOfPage":{"@id":"https:\/\/www.alab.pl\/centrum-wiedzy\/slony-smak-w-ustach-jakie-moga-byc-przyczyny\/"},"wordCount":1362,"publisher":{"@id":"https:\/\/www.alab.pl\/centrum-wiedzy\/#organization"},"image":{"@id":"https:\/\/www.alab.pl\/centrum-wiedzy\/slony-smak-w-ustach-jakie-moga-byc-przyczyny\/#primaryimage"},"thumbnailUrl":"https:\/\/www.alab.pl\/centrum-wiedzy\/wp-content\/uploads\/2025\/07\/slony_smak_w_ustach.jpg","articleSection":["Dysbioza, choroby przewodu pokarmowego"],"inLanguage":"pl-PL"},{"@type":["WebPage","FAQPage"],"@id":"https:\/\/www.alab.pl\/centrum-wiedzy\/slony-smak-w-ustach-jakie-moga-byc-przyczyny\/","url":"https:\/\/www.alab.pl\/centrum-wiedzy\/slony-smak-w-ustach-jakie-moga-byc-przyczyny\/","name":"S\u0142ony smak w ustach \u2013 jakie mog\u0105 by\u0107 przyczyny - Centrum Wiedzy ALAB laboratoria","isPartOf":{"@id":"https:\/\/www.alab.pl\/centrum-wiedzy\/#website"},"primaryImageOfPage":{"@id":"https:\/\/www.alab.pl\/centrum-wiedzy\/slony-smak-w-ustach-jakie-moga-byc-przyczyny\/#primaryimage"},"image":{"@id":"https:\/\/www.alab.pl\/centrum-wiedzy\/slony-smak-w-ustach-jakie-moga-byc-przyczyny\/#primaryimage"},"thumbnailUrl":"https:\/\/www.alab.pl\/centrum-wiedzy\/wp-content\/uploads\/2025\/07\/slony_smak_w_ustach.jpg","datePublished":"2025-07-16T10:16:52+00:00","dateModified":"2025-07-18T10:13:33+00:00","description":"Sprawd\u017a, co oznacza s\u0142ony posmak w ustach. Dowiedz si\u0119, jakie mo\u017ce mie\u0107 przyczyny i kiedy nale\u017cy skonsultowa\u0107 go z lekarzem.","breadcrumb":{"@id":"https:\/\/www.alab.pl\/centrum-wiedzy\/slony-smak-w-ustach-jakie-moga-byc-przyczyny\/#breadcrumb"},"mainEntity":[{"@id":"https:\/\/www.alab.pl\/centrum-wiedzy\/slony-smak-w-ustach-jakie-moga-byc-przyczyny\/#faq-question-1752660526523"},{"@id":"https:\/\/www.alab.pl\/centrum-wiedzy\/slony-smak-w-ustach-jakie-moga-byc-przyczyny\/#faq-question-1752660553383"},{"@id":"https:\/\/www.alab.pl\/centrum-wiedzy\/slony-smak-w-ustach-jakie-moga-byc-przyczyny\/#faq-question-1752660583230"}],"inLanguage":"pl-PL","potentialAction":[{"@type":"ReadAction","target":["https:\/\/www.alab.pl\/centrum-wiedzy\/slony-smak-w-ustach-jakie-moga-byc-przyczyny\/"]}]},{"@type":"ImageObject","inLanguage":"pl-PL","@id":"https:\/\/www.alab.pl\/centrum-wiedzy\/slony-smak-w-ustach-jakie-moga-byc-przyczyny\/#primaryimage","url":"https:\/\/www.alab.pl\/centrum-wiedzy\/wp-content\/uploads\/2025\/07\/slony_smak_w_ustach.jpg","contentUrl":"https:\/\/www.alab.pl\/centrum-wiedzy\/wp-content\/uploads\/2025\/07\/slony_smak_w_ustach.jpg","width":1711,"height":1141,"caption":"s\u0142ony smak w ustach"},{"@type":"BreadcrumbList","@id":"https:\/\/www.alab.pl\/centrum-wiedzy\/slony-smak-w-ustach-jakie-moga-byc-przyczyny\/#breadcrumb","itemListElement":[{"@type":"ListItem","position":1,"name":"Strona g\u0142\u00f3wna","item":"https:\/\/www.alab.pl\/centrum-wiedzy\/"},{"@type":"ListItem","position":2,"name":"S\u0142ony smak w ustach \u2013 jakie mog\u0105 by\u0107 przyczyny"}]},{"@type":"WebSite","@id":"https:\/\/www.alab.pl\/centrum-wiedzy\/#website","url":"https:\/\/www.alab.pl\/centrum-wiedzy\/","name":"Centrum Wiedzy ALAB laboratoria","description":"","publisher":{"@id":"https:\/\/www.alab.pl\/centrum-wiedzy\/#organization"},"potentialAction":[{"@type":"SearchAction","target":{"@type":"EntryPoint","urlTemplate":"https:\/\/www.alab.pl\/centrum-wiedzy\/?s={search_term_string}"},"query-input":{"@type":"PropertyValueSpecification","valueRequired":true,"valueName":"search_term_string"}}],"inLanguage":"pl-PL"},{"@type":"Organization","@id":"https:\/\/www.alab.pl\/centrum-wiedzy\/#organization","name":"Centrum Wiedzy ALAB laboratoria","url":"https:\/\/www.alab.pl\/centrum-wiedzy\/","logo":{"@type":"ImageObject","inLanguage":"pl-PL","@id":"https:\/\/www.alab.pl\/centrum-wiedzy\/#\/schema\/logo\/image\/","url":"https:\/\/www.alab.pl\/centrum-wiedzy\/wp-content\/uploads\/2022\/04\/alabek.jpg","contentUrl":"https:\/\/www.alab.pl\/centrum-wiedzy\/wp-content\/uploads\/2022\/04\/alabek.jpg","width":1250,"height":1251,"caption":"Centrum Wiedzy ALAB laboratoria"},"image":{"@id":"https:\/\/www.alab.pl\/centrum-wiedzy\/#\/schema\/logo\/image\/"},"sameAs":["https:\/\/www.facebook.com\/ALABlaboratoria"]},{"@type":"Person","@id":"https:\/\/www.alab.pl\/centrum-wiedzy\/#\/schema\/person\/f714a3843f15f9646db0448b28a900e1","name":"Angelika Janowicz","image":{"@type":"ImageObject","inLanguage":"pl-PL","@id":"https:\/\/www.alab.pl\/centrum-wiedzy\/wp-content\/uploads\/2024\/05\/Janowicz-Angelika-150x150.png9339cd1d56dcba9ded72b55067841306","url":"https:\/\/www.alab.pl\/centrum-wiedzy\/wp-content\/uploads\/2024\/05\/Janowicz-Angelika-150x150.png","contentUrl":"https:\/\/www.alab.pl\/centrum-wiedzy\/wp-content\/uploads\/2024\/05\/Janowicz-Angelika-150x150.png","caption":"Angelika Janowicz"},"description":"Z wykszta\u0142cenia piel\u0119gniarka, absolwentka Uniwersytetu Medycznego im. Piast\u00f3w \u015al\u0105skich we Wroc\u0142awiu. Do\u015bwiadczenie zawodowe zdobywa\u0142a w gabinecie zabiegowym, a tak\u017ce w poradni laryngologicznej, pediatrycznej i kardiologicznej. Interesuje si\u0119 psychodietetyk\u0105 i \u017cywieniem cz\u0142owieka w chorobach metabolicznych \u2013 w szczeg\u00f3lno\u015bci zastosowaniem diet niskow\u0119glowodanowych w insulinooporno\u015bci.","url":"https:\/\/www.alab.pl\/centrum-wiedzy\/author\/angelika-janowicz\/"},{"@type":"Question","@id":"https:\/\/www.alab.pl\/centrum-wiedzy\/slony-smak-w-ustach-jakie-moga-byc-przyczyny\/#faq-question-1752660526523","position":1,"url":"https:\/\/www.alab.pl\/centrum-wiedzy\/slony-smak-w-ustach-jakie-moga-byc-przyczyny\/#faq-question-1752660526523","name":"Czy s\u0142ony smak jest objawem cukrzycy?","answerCount":1,"acceptedAnswer":{"@type":"Answer","text":"S\u0142ony smak w ustach mo\u017ce towarzyszy\u0107 cukrzycy. Objaw jest skutkiem sucho\u015bci w jamie ustnej (kserostomii).","inLanguage":"pl-PL"},"inLanguage":"pl-PL"},{"@type":"Question","@id":"https:\/\/www.alab.pl\/centrum-wiedzy\/slony-smak-w-ustach-jakie-moga-byc-przyczyny\/#faq-question-1752660553383","position":2,"url":"https:\/\/www.alab.pl\/centrum-wiedzy\/slony-smak-w-ustach-jakie-moga-byc-przyczyny\/#faq-question-1752660553383","name":"Czy s\u0142ony smak w ustach oznacza nadci\u015bnienie?","answerCount":1,"acceptedAnswer":{"@type":"Answer","text":"Nie ma bezpo\u015bredniego zwi\u0105zku mi\u0119dzy s\u0142onym smakiem a nadci\u015bnieniem, ale niekt\u00f3re leki na obni\u017cenie ci\u015bnienia (np. diuretyki) mog\u0105 przyczynia\u0107 si\u0119 do sucho\u015bci w jamie ustnej i zmian w odczuwaniu smaku. Je\u017celi objaw utrzymuje si\u0119 przez d\u0142u\u017cszy czas, nale\u017cy skonsultowa\u0107 si\u0119 z lekarzem.","inLanguage":"pl-PL"},"inLanguage":"pl-PL"},{"@type":"Question","@id":"https:\/\/www.alab.pl\/centrum-wiedzy\/slony-smak-w-ustach-jakie-moga-byc-przyczyny\/#faq-question-1752660583230","position":3,"url":"https:\/\/www.alab.pl\/centrum-wiedzy\/slony-smak-w-ustach-jakie-moga-byc-przyczyny\/#faq-question-1752660583230","name":"Dlaczego mam s\u0142ony smak w ustach, mimo \u017ce nic nie jad\u0142em?","answerCount":1,"acceptedAnswer":{"@type":"Answer","text":"S\u0142ony smak w ustach na czczo mo\u017ce mie\u0107 r\u00f3\u017cne przyczyny. W\u015br\u00f3d najcz\u0119stszych wymieni\u0107 mo\u017cna m.in. odwodnienie, kserostomi\u0119, palenie tytoniu, niedob\u00f3r \u017celaza i witamin z grupy B, przewlek\u0142\u0105 chorob\u0119 nerek, chorob\u0119 Sj\u00f6grena, cukrzyc\u0119, stres, infekcje zatok.","inLanguage":"pl-PL"},"inLanguage":"pl-PL"}]}},"_links":{"self":[{"href":"https:\/\/www.alab.pl\/centrum-wiedzy\/wp-json\/wp\/v2\/posts\/25558","targetHints":{"allow":["GET"]}}],"collection":[{"href":"https:\/\/www.alab.pl\/centrum-wiedzy\/wp-json\/wp\/v2\/posts"}],"about":[{"href":"https:\/\/www.alab.pl\/centrum-wiedzy\/wp-json\/wp\/v2\/types\/post"}],"author":[{"embeddable":true,"href":"https:\/\/www.alab.pl\/centrum-wiedzy\/wp-json\/wp\/v2\/users\/100"}],"replies":[{"embeddable":true,"href":"https:\/\/www.alab.pl\/centrum-wiedzy\/wp-json\/wp\/v2\/comments?post=25558"}],"version-history":[{"count":5,"href":"https:\/\/www.alab.pl\/centrum-wiedzy\/wp-json\/wp\/v2\/posts\/25558\/revisions"}],"predecessor-version":[{"id":25607,"href":"https:\/\/www.alab.pl\/centrum-wiedzy\/wp-json\/wp\/v2\/posts\/25558\/revisions\/25607"}],"wp:featuredmedia":[{"embeddable":true,"href":"https:\/\/www.alab.pl\/centrum-wiedzy\/wp-json\/wp\/v2\/media\/25562"}],"wp:attachment":[{"href":"https:\/\/www.alab.pl\/centrum-wiedzy\/wp-json\/wp\/v2\/media?parent=25558"}],"wp:term":[{"taxonomy":"category","embeddable":true,"href":"https:\/\/www.alab.pl\/centrum-wiedzy\/wp-json\/wp\/v2\/categories?post=25558"},{"taxonomy":"post_tag","embeddable":true,"href":"https:\/\/www.alab.pl\/centrum-wiedzy\/wp-json\/wp\/v2\/tags?post=25558"},{"taxonomy":"author","embeddable":true,"href":"https:\/\/www.alab.pl\/centrum-wiedzy\/wp-json\/wp\/v2\/coauthors?post=25558"}],"curies":[{"name":"wp","href":"https:\/\/api.w.org\/{rel}","templated":true}]}}