{"id":25710,"date":"2025-07-23T12:31:16","date_gmt":"2025-07-23T10:31:16","guid":{"rendered":"https:\/\/www.alab.pl\/centrum-wiedzy\/?p=25710"},"modified":"2025-07-23T12:31:18","modified_gmt":"2025-07-23T10:31:18","slug":"zolty-stolec-co-oznacza-mozliwe-przyczyny","status":"publish","type":"post","link":"https:\/\/www.alab.pl\/centrum-wiedzy\/zolty-stolec-co-oznacza-mozliwe-przyczyny\/","title":{"rendered":"\u017b\u00f3\u0142ty stolec \u2013 co oznacza? Mo\u017cliwe przyczyny"},"content":{"rendered":"\n<p><strong>Kolor, konsystencja i cz\u0119stotliwo\u015b\u0107 wypr\u00f3\u017cnie\u0144 to wa\u017cne wska\u017aniki zdrowia. Zmiana zabarwienia stolca mo\u017ce by\u0107 pierwszym sygna\u0142em rozwijaj\u0105cych si\u0119 zaburze\u0144. \u017b\u00f3\u0142ty kolor wymaga uwa\u017cnej obserwacji, a w niekt\u00f3rych przypadkach niezw\u0142ocznej konsultacji z lekarzem. Dowiedz si\u0119, co oznacza \u017c\u00f3\u0142ty stolec, jakie s\u0105 przyczyny i na jakie objawy dodatkowe nale\u017cy zwr\u00f3ci\u0107 szczeg\u00f3ln\u0105 uwag\u0119.<\/strong><\/p>\n\n\n\n<p>Spis tre\u015bci:<\/p>\n\n\n\n<ol class=\"wp-block-list\">\n<li><a href=\"#\u017b\u00f3\u0142ty-stolec.-Dlaczego-jego-kolor-ma-znaczenie?\">\u017b\u00f3\u0142ty stolec. Dlaczego jego kolor ma znaczenie?<\/a><\/li>\n\n\n\n<li><a href=\"#Co-oznacza-\u017c\u00f3\u0142ty-stolec?\">Co oznacza \u017c\u00f3\u0142ty stolec?<\/a><\/li>\n\n\n\n<li><a href=\"#\u017b\u00f3\u0142ty-stolec.-Przyczyny-nietypowego-koloru-stolca\">\u017b\u00f3\u0142ty stolec. Przyczyny nietypowego koloru stolca<\/a>\n<ul class=\"wp-block-list\">\n<li><a href=\"#Zesp\u00f3\u0142-jelita-dra\u017cliwego-a-\u017c\u00f3\u0142ty-stolec\">Zesp\u00f3\u0142 jelita dra\u017cliwego a \u017c\u00f3\u0142ty stolec<\/a><\/li>\n\n\n\n<li><a href=\"#\u017b\u00f3\u0142ty-stolec-w-raku-trzustki\">\u017b\u00f3\u0142ty stolec w raku trzustki<\/a><\/li>\n\n\n\n<li><a href=\"#Uszkodzenie-w\u0105troby-a-\u017c\u00f3\u0142te-stolce\">Uszkodzenie w\u0105troby a \u017c\u00f3\u0142te stolce<\/a><\/li>\n\n\n\n<li><a href=\"#\u017b\u00f3\u0142ty-stolec-po-usuni\u0119ciu-p\u0119cherzyka-\u017c\u00f3\u0142ciowego\">\u017b\u00f3\u0142ty stolec po usuni\u0119ciu p\u0119cherzyka \u017c\u00f3\u0142ciowego<\/a><\/li>\n\n\n\n<li><a href=\"#Inne-przyczyny-\u017c\u00f3\u0142tego-stolca\">Inne przyczyny \u017c\u00f3\u0142tego stolca<\/a><\/li>\n<\/ul>\n<\/li>\n\n\n\n<li><a href=\"#\u017b\u00f3\u0142ty-stolec-u-dziecka-\u2013-przyczyny-dolegliwo\u015bci\">\u017b\u00f3\u0142ty stolec u dziecka \u2013 przyczyny dolegliwo\u015bci<\/a><\/li>\n\n\n\n<li><a href=\"#Jakie-badania-wykona\u0107-przy-\u017c\u00f3\u0142tym-stolcu?\">Jakie badania wykona\u0107 przy \u017c\u00f3\u0142tym stolcu?<\/a><\/li>\n\n\n\n<li><a href=\"#\u017b\u00f3\u0142ty-stolec-\u2013-czy-trzeba-to-leczy\u0107?\">\u017b\u00f3\u0142ty stolec \u2013 czy trzeba to leczy\u0107?<\/a><\/li>\n\n\n\n<li><a href=\"#FAQ.-\u017b\u00f3\u0142ty-stolec-\u2013-cz\u0119sto-zadawane-pytania\">FAQ. \u017b\u00f3\u0142ty stolec \u2013 cz\u0119sto zadawane pytania<\/a><\/li>\n\n\n\n<li><a href=\"#\u017b\u00f3\u0142ty-stolec:-podsumowanie-informacji\u017b\u00f3\u0142ty-stolec:-podsumowanie-informacji\u017b\u00f3\u0142ty-stolec:-podsumowanie-informacji\u017b\u00f3\u0142ty-stolec:-podsumowanie-informacji\u017b\u00f3\u0142ty-stolec:-podsumowanie-informacji\u017b\u00f3\u0142ty-stolec:-podsumowanie-informacji\u017b\u00f3\u0142ty-stolec:-podsumowanie-informacji\u017b\u00f3\u0142ty-stolec:-podsumowanie-informacji\">\u017b\u00f3\u0142ty stolec: podsumowanie informacji<\/a><\/li>\n<\/ol>\n\n\n\n<h2 class=\"wp-block-heading\" id=\"\u017b\u00f3\u0142ty-stolec.-Dlaczego-jego-kolor-ma-znaczenie?\">\u017b\u00f3\u0142ty stolec. Dlaczego jego kolor ma znaczenie?<\/h2>\n\n\n\n<p>Barwa stolca zale\u017cy przede wszystkim od obecno\u015bci <strong>barwnik\u00f3w \u017c\u00f3\u0142ciowych<\/strong>. \u017b\u00f3\u0142\u0107 jest wytwarzana przez <a href=\"https:\/\/www.alab.pl\/centrum-wiedzy\/watroba-budowa-funkcje-najczestsze-choroby\/\">w\u0105trob\u0119<\/a>. Pocz\u0105tkowo ka\u0142 ma zielony kolor, ale przechodz\u0105c przez jelito zmienia go \u2013 najpierw na \u017c\u00f3\u0142ty, a nast\u0119pnie (pod wp\u0142ywem bakterii jelitowych) na br\u0105zowy.<\/p>\n\n\n\n<figure class=\"wp-block-table\"><table class=\"has-fixed-layout\"><tbody><tr><td><strong>Warto wiedzie\u0107:<\/strong> <br>Prawid\u0142owy stolec ma kolor br\u0105zowy. Powinien by\u0107 uformowany, mie\u0107 p\u00f3\u0142mi\u0119kk\u0105 konsystencj\u0119 (typ 3 i 4 wed\u0142ug Bristolskiej skali uformowania stolca), nie zawiera\u0107 niestrawionego pokarmu i by\u0107 \u0142atwy do sp\u0142ukania.<\/td><\/tr><\/tbody><\/table><\/figure>\n\n\n\n<p>Kolor stolca jest zawsze oceniany podczas badania diagnostycznego, poniewa\u017c <strong>jest wska\u017anikiem zdrowia<\/strong>. Zmiany zabarwienia mog\u0105 wynika\u0107 z diety, przyjmowanych lek\u00f3w i suplement\u00f3w, tempa pasa\u017cu jelitowego, sk\u0142adu <a href=\"https:\/\/www.alab.pl\/centrum-wiedzy\/mikrobiota-jelitowa\/\">mikroflory jelitowej<\/a>, a tak\u017ce sygnalizowa\u0107 <strong>problemy zdrowotne \u2013 g\u0142\u00f3wnie z w\u0105trob\u0105, trzustk\u0105 lub jelitami<\/strong>.<\/p>\n\n\n\n<figure class=\"wp-block-image size-full\"><a href=\"https:\/\/www.alab.pl\/pakiet\/pakiet-trzustkowy\"><img loading=\"lazy\" decoding=\"async\" width=\"800\" height=\"200\" src=\"https:\/\/www.alab.pl\/centrum-wiedzy\/wp-content\/uploads\/2025\/02\/Pakiet-trzustkowy.jpg\" alt=\"Pakiet trzustkowy banerek\" class=\"wp-image-21114\" srcset=\"https:\/\/www.alab.pl\/centrum-wiedzy\/wp-content\/uploads\/2025\/02\/Pakiet-trzustkowy.jpg 800w, https:\/\/www.alab.pl\/centrum-wiedzy\/wp-content\/uploads\/2025\/02\/Pakiet-trzustkowy-768x192.jpg 768w, https:\/\/www.alab.pl\/centrum-wiedzy\/wp-content\/uploads\/2025\/02\/Pakiet-trzustkowy-150x38.jpg 150w, https:\/\/www.alab.pl\/centrum-wiedzy\/wp-content\/uploads\/2025\/02\/Pakiet-trzustkowy-300x75.jpg 300w, https:\/\/www.alab.pl\/centrum-wiedzy\/wp-content\/uploads\/2025\/02\/Pakiet-trzustkowy-696x174.jpg 696w\" sizes=\"auto, (max-width: 800px) 100vw, 800px\" \/><\/a><\/figure>\n\n\n\n<h2 class=\"wp-block-heading\" id=\"Co-oznacza-\u017c\u00f3\u0142ty-stolec?\">Co oznacza \u017c\u00f3\u0142ty stolec?<\/h2>\n\n\n\n<p>Nie zawsze zmiana zabarwienia ka\u0142u oznacza chorob\u0119. Kolor mo\u017ce wynika\u0107 z przyjmowanych pokarm\u00f3w. <strong>\u017b\u00f3\u0142ty stolec pojawia si\u0119 m.in. po spo\u017cyciu du\u017cej ilo\u015bci marchewki, kurkumy lub t\u0142ustego jedzenia.<\/strong><\/p>\n\n\n\n<p>\u017b\u00f3\u0142ty stolec cz\u0119sto pojawia si\u0119, gdy <strong>\u017c\u00f3\u0142\u0107 nie jest prawid\u0142owo trawiona i wch\u0142aniana w jelitach<\/strong>. Mo\u017ce to wynika\u0107 z:<\/p>\n\n\n\n<ul class=\"wp-block-list\">\n<li>przyspieszonego pasa\u017cu jelitowego,<\/li>\n\n\n\n<li>niedoboru \u017c\u00f3\u0142ci z powodu chor\u00f3b w\u0105troby,<\/li>\n\n\n\n<li>niedro\u017cno\u015bci dr\u00f3g \u017c\u00f3\u0142ciowych,<\/li>\n\n\n\n<li>nieprawid\u0142owego trawienia t\u0142uszcz\u00f3w.<\/li>\n<\/ul>\n\n\n\n<p>\u017b\u00f3\u0142ty stolec nie zawsze jest powodem do niepokoju, ale <strong>warto zwr\u00f3ci\u0107 uwag\u0119 na dodatkowe objawy, kt\u00f3re mog\u0105 wskazywa\u0107 na problemy zdrowotne<\/strong> \u2013 m.in. <a href=\"https:\/\/www.alab.pl\/centrum-wiedzy\/przewlekla-biegunka-u-doroslych-i-dzieci-mozliwe-przyczyny-i-rekomendowane-badania\/\">biegunk\u0119<\/a>, zaparcia, <a href=\"https:\/\/www.alab.pl\/centrum-wiedzy\/bol-brzucha-mozliwe-przyczyny-badania\/\">b\u00f3le brzucha<\/a>, <a href=\"https:\/\/www.alab.pl\/centrum-wiedzy\/wzdecia-brzucha-kiedy-zglosic-sie-do-lekarza\/\">wzd\u0119cia<\/a>, \u017c\u00f3\u0142te zabarwienie sk\u00f3ry, utrat\u0119 masy cia\u0142a, przewlek\u0142e zm\u0119czenie, \u015bwi\u0105d sk\u00f3ry.<\/p>\n\n\n\n<h2 class=\"wp-block-heading\" id=\"\u017b\u00f3\u0142ty-stolec.-Przyczyny-nietypowego-koloru-stolca\">\u017b\u00f3\u0142ty stolec. Przyczyny nietypowego koloru stolca<\/h2>\n\n\n\n<p>Mo\u017cliwe przyczyny \u017c\u00f3\u0142tego, ja\u015bniejszego stolca to m.in. zaburzenia pracy w\u0105troby, <a href=\"https:\/\/www.alab.pl\/centrum-wiedzy\/trzustka-budowa-funkcje-polozenie\/\">trzustki<\/a> oraz zmiana sk\u0142adu flory bakteryjnej przewodu pokarmowego.<\/p>\n\n\n\n<figure class=\"wp-block-table\"><table class=\"has-fixed-layout\"><tbody><tr><td><strong>Warto pami\u0119ta\u0107:<\/strong> <br>Nie nale\u017cy myli\u0107 \u017c\u00f3\u0142tego stolca ze stolcem odbarwionym (np. jasnoszarnym, gliniastym). W drugim przypadku ka\u0142 nie zawiera barwnik\u00f3w nadaj\u0105cych mu br\u0105zowy kolor. Najcz\u0119\u015bciej taka sytuacja jest spotykana w cholestazie.<\/td><\/tr><\/tbody><\/table><\/figure>\n\n\n\n<h3 class=\"wp-block-heading\" id=\"Zesp\u00f3\u0142-jelita-dra\u017cliwego-a-\u017c\u00f3\u0142ty-stolec\">Zesp\u00f3\u0142 jelita dra\u017cliwego a \u017c\u00f3\u0142ty stolec<\/h3>\n\n\n\n<p><a href=\"https:\/\/www.alab.pl\/centrum-wiedzy\/zespol-jelita-nadwrazliwego-objawy-diagnostyka-leczenie\/\">Zesp\u00f3\u0142 jelita dra\u017cliwego<\/a> (IBS) to przewlek\u0142a choroba <a href=\"https:\/\/www.alab.pl\/centrum-wiedzy\/budowa-funkcje-i-najczestsze-choroby-ukladu-pokarmowego-czlowieka\/\">uk\u0142adu pokarmowego<\/a>, kt\u00f3ra objawia si\u0119 g\u0142\u00f3wnie b\u00f3lami brzucha i zaburzeniem rytmu wypr\u00f3\u017cnie\u0144. Jest zwi\u0105zana m.in. z zaburzeniem regulacji osi m\u00f3zg-jelito, zaburzeniem sk\u0142adu mikroflory jelitowej oraz wzmo\u017con\u0105 aktywno\u015bci\u0105 wsp\u00f3\u0142czulnego uk\u0142adu nerwowego. U pacjent\u00f3w do\u015bwiadczaj\u0105cych biegunki <strong>stolec cz\u0119sto ma \u017c\u00f3\u0142ty odcie\u0144 ze wzgl\u0119du na przyspieszony pasa\u017c jelitowy<\/strong>. W takich przypadkach \u017c\u00f3\u0142\u0107 nie zostaje w pe\u0142ni przetworzona, co nadaje ka\u0142owi ja\u015bniejsz\u0105 barw\u0119.<\/p>\n\n\n\n<h3 class=\"wp-block-heading\" id=\"\u017b\u00f3\u0142ty-stolec-w-raku-trzustki\">\u017b\u00f3\u0142ty stolec w raku trzustki<\/h3>\n\n\n\n<p>Jedn\u0105 z powa\u017cniejszych przyczyn \u017c\u00f3\u0142tego stolca jest <a href=\"https:\/\/www.alab.pl\/centrum-wiedzy\/objawy-raka-trzustki-przyczyny-diagnostyka-leczenie-nowotworu\/\">rak trzustki<\/a>. <strong>Guz nowotworowy mo\u017ce prowadzi\u0107 do niedro\u017cno\u015bci przewod\u00f3w \u017c\u00f3\u0142ciowych lub zaburza\u0107 wydzielanie enzym\u00f3w trzustkowych<\/strong> <strong>niezb\u0119dnych do trawienia t\u0142uszcz\u00f3w.<\/strong> W efekcie dochodzi do powstawania jasnych, t\u0142ustych i trudnych do sp\u0142ukania stolc\u00f3w o nieprzyjemnym zapachu.<\/p>\n\n\n\n<h3 class=\"wp-block-heading\" id=\"Uszkodzenie-w\u0105troby-a-\u017c\u00f3\u0142te-stolce\">Uszkodzenie w\u0105troby a \u017c\u00f3\u0142te stolce<\/h3>\n\n\n\n<p>Chocia\u017c w chorobach w\u0105troby i dr\u00f3g \u017c\u00f3\u0142ciowych mog\u0105 pojawi\u0107 si\u0119 jasno\u017c\u00f3\u0142te stolce, cz\u0119\u015bciej dochodzi do odbarwienia ka\u0142u, kt\u00f3ry staje si\u0119 w\u00f3wczas gliniasty lub szary. To skutek <strong>zmniejszenia wydzielania \u017c\u00f3\u0142ci lub zablokowania jej przep\u0142ywu do dr\u00f3g pokarmowych<\/strong>. W medycynie jest to okre\u015blane mianem <a href=\"https:\/\/www.alab.pl\/centrum-wiedzy\/cholestaza-rodzaje-przyczyny-objawy-i-metody-leczenia\/\">cholestazy<\/a> kt\u00f3rej przyczyn\u0105 mog\u0105 by\u0107:<\/p>\n\n\n\n<ul class=\"wp-block-list\">\n<li><a href=\"https:\/\/www.alab.pl\/centrum-wiedzy\/nafld-niealkoholowa-stluszczeniowa-choroba-watroby\/\">niealkoholowa choroba st\u0142uszczeniowa w\u0105troby<\/a>,<\/li>\n\n\n\n<li>przewlek\u0142e <a href=\"https:\/\/www.alab.pl\/centrum-wiedzy\/wirusowe-zapalenie-watroby-typu-b-objawy-przyczyny-leczenie-i-profilaktyka\/\">wirusowe zapalenie w\u0105troby typu B<\/a> lub C,<\/li>\n\n\n\n<li><a href=\"https:\/\/www.alab.pl\/centrum-wiedzy\/autoimmunologiczne-zapalenie-watroby-co-to-za-choroba-objawy-przyczyny-diagnostyka-i-leczenie\/\">autoimmunologiczne zapalenie w\u0105troby<\/a>,<\/li>\n\n\n\n<li>zapalenie dr\u00f3g \u017c\u00f3\u0142ciowych,<\/li>\n\n\n\n<li>toksyczne uszkodzenie w\u0105troby (np. po spo\u017cyciu truj\u0105cych grzyb\u00f3w),<\/li>\n\n\n\n<li>kamica \u017c\u00f3\u0142ciowa i ostre zapalenie dr\u00f3g \u017c\u00f3\u0142ciowych,<\/li>\n\n\n\n<li>rak w\u0105troby.<\/li>\n<\/ul>\n\n\n\n<p><strong>&gt;&gt; Zobacz: <\/strong><a href=\"https:\/\/www.alab.pl\/centrum-wiedzy\/objawy-chorej-watroby-na-co-zwrocic-uwage-i-jakie-badania-wykonac\/\"><strong>Objawy chorej w\u0105troby. Na co zwr\u00f3ci\u0107 uwag\u0119 i jakie badania wykona\u0107?<\/strong><\/a><strong><\/strong><\/p>\n\n\n\n<h3 class=\"wp-block-heading\" id=\"\u017b\u00f3\u0142ty-stolec-po-usuni\u0119ciu-p\u0119cherzyka-\u017c\u00f3\u0142ciowego\">\u017b\u00f3\u0142ty stolec po usuni\u0119ciu p\u0119cherzyka \u017c\u00f3\u0142ciowego<\/h3>\n\n\n\n<p>P\u0119cherzyk \u017c\u00f3\u0142ciowy magazynuje \u017c\u00f3\u0142\u0107 i uwalnia j\u0105 w odpowiedzi na spo\u017cycie t\u0142ustych pokarm\u00f3w. Po jego usuni\u0119ciu <strong>\u017c\u00f3\u0142\u0107 stale sp\u0142ywa do jelit, co mo\u017ce prowadzi\u0107 do pojawienia si\u0119 \u017c\u00f3\u0142tego stolca<\/strong>.<\/p>\n\n\n\n<h3 class=\"wp-block-heading\" id=\"Inne-przyczyny-\u017c\u00f3\u0142tego-stolca\">Inne przyczyny \u017c\u00f3\u0142tego stolca<\/h3>\n\n\n\n<p>Mo\u017cliwe <strong>przyczyny \u017c\u00f3\u0142tego stolca<\/strong> to tak\u017ce:<\/p>\n\n\n\n<ul class=\"wp-block-list\">\n<li><a href=\"https:\/\/www.alab.pl\/centrum-wiedzy\/mukowiscydoza-co-to-za-choroba-objawy-przyczyny-leczenie-mukowiscydozy\/\">mukowiscydoza<\/a>,<\/li>\n\n\n\n<li><a href=\"https:\/\/www.alab.pl\/centrum-wiedzy\/celiakia\/\">celiakia<\/a>,<\/li>\n\n\n\n<li><a href=\"https:\/\/www.alab.pl\/centrum-wiedzy\/sibo-rozrost-bakteryjny-w-jelicie-cienkim\/\">zesp\u00f3\u0142 rozrostu bakteryjnego jelita cienkiego (SIBO)<\/a>,<\/li>\n\n\n\n<li>lipodystrofia jelitowa (choroba Whipple\u2019a),<\/li>\n\n\n\n<li>infekcje wirusowe,<\/li>\n\n\n\n<li>zaka\u017cenie <a href=\"https:\/\/www.alab.pl\/centrum-wiedzy\/helicobacter-pylori\/\"><em>Helicobacter pylori<\/em><\/a>.<\/li>\n<\/ul>\n\n\n\n<p><strong>&gt;&gt; Przeczytaj: <\/strong><a href=\"https:\/\/www.alab.pl\/centrum-wiedzy\/jasny-stolec-kiedy-moze-byc-objawem-choroby\"><strong>Jasny stolec \u2013 kiedy mo\u017ce by\u0107 objawem choroby?<\/strong><\/a><strong><\/strong><\/p>\n\n\n\n<h2 class=\"wp-block-heading\" id=\"\u017b\u00f3\u0142ty-stolec-u-dziecka-\u2013-przyczyny-dolegliwo\u015bci\">\u017b\u00f3\u0142ty stolec u dziecka \u2013 przyczyny dolegliwo\u015bci<\/h2>\n\n\n\n<p>Papkowaty i<strong> \u017c\u00f3\u0142ty stolec u niemowl\u0105t karmionych piersi\u0105 jest w zupe\u0142no\u015bci normalny<\/strong>. U starszych dzieci mo\u017ce wskazywa\u0107 na <a href=\"https:\/\/www.alab.pl\/centrum-wiedzy\/infekcja\/\">infekcj\u0119<\/a>, nietolerancj\u0119 pokarmow\u0105, celiaki\u0119 lub mukowiscydoz\u0119. Rodzice powinni obserwowa\u0107 dziecko, a w razie wyst\u0105pienia dodatkowych dolegliwo\u015bci (np. biegunki, zapar\u0107, <a href=\"https:\/\/www.alab.pl\/centrum-wiedzy\/brak-apetytu-brak-laknienia-czym-jest-polecane-zywienie\/\">braku apetytu<\/a>, utraty masy cia\u0142a) niezw\u0142ocznie skonsultowa\u0107 si\u0119 z lekarzem.<\/p>\n\n\n\n<figure class=\"wp-block-table\"><table class=\"has-fixed-layout\"><tbody><tr><td><strong>Warto wiedzie\u0107:<\/strong> <br>U niemowl\u0105t uk\u0142ad pokarmowy jest jeszcze niedojrza\u0142y, a \u017c\u00f3\u0142\u0107 (kt\u00f3ra normalnie nadaje stolcom br\u0105zowy kolor) nie ulega pe\u0142nemu rozk\u0142adowi przez bakterie jelitowe.<\/td><\/tr><\/tbody><\/table><\/figure>\n\n\n\n<h2 class=\"wp-block-heading\" id=\"Jakie-badania-wykona\u0107-przy-\u017c\u00f3\u0142tym-stolcu?\">Jakie badania wykona\u0107 przy \u017c\u00f3\u0142tym stolcu?<\/h2>\n\n\n\n<p>Diagnostyka przy \u017c\u00f3\u0142tych stolcach zale\u017cy od objaw\u00f3w towarzysz\u0105cych i podejrzenia przyczyny dolegliwo\u015bci. Lekarz mo\u017ce zleci\u0107 <strong>badania laboratoryjne<\/strong> \u2013 takie jak <a href=\"https:\/\/www.alab.pl\/badanie\/morfologia-krwi-c55\">morfologia krwi<\/a>, pr\u00f3by w\u0105trobowe, ocena poziomu enzym\u00f3w trzustkowych oraz badania ka\u0142u (m.in. <a href=\"https:\/\/www.alab.pl\/badanie\/kal-badanie-ogolne-i-ocena-resztek-pokarmowych-a23\">badanie og\u00f3lne<\/a> czy <a href=\"https:\/\/www.alab.pl\/badanie\/trzustkowa-elastaza-1-w-kale-k83\">oznaczenie elastazy trzustkowej<\/a>). W niekt\u00f3rych przypadkach konieczne mo\u017ce by\u0107 wykonanie bada\u0144 obrazowych \u2013 np. tomografii komputerowej, USG jamy brzusznej, endoskopii.<\/p>\n\n\n\n<p><strong>&gt;&gt; To mo\u017ce Ci\u0119 zainteresowa\u0107: <\/strong><a href=\"https:\/\/www.alab.pl\/centrum-wiedzy\/wybrane-markery-uszkodzenia-watroby-i-drog-zolciowych-proby-watrobowe\/\"><strong>Markery uszkodzenia w\u0105troby i dr\u00f3g \u017c\u00f3\u0142ciowych \u2013 enzymy w\u0105trobowe<\/strong><\/a><strong><\/strong><\/p>\n\n\n\n<h2 class=\"wp-block-heading\" id=\"\u017b\u00f3\u0142ty-stolec-\u2013-czy-trzeba-to-leczy\u0107?\">\u017b\u00f3\u0142ty stolec \u2013 czy trzeba to leczy\u0107?<\/h2>\n\n\n\n<p>Je\u017celi przyczyn\u0105 \u017c\u00f3\u0142tego stolca jest dieta, zwykle wystarczy <strong>zmieni\u0107 nawyki \u017cywieniowe<\/strong>, aby objaw ust\u0105pi\u0142. Natomiast zaburzenia pasa\u017cu jelitowego, choroby przewodu pokarmowego, trzustki lub w\u0105troby zawsze wymagaj\u0105 leczenia pod okiem lekarza. Terapia zale\u017cy od przyczyny i powinna by\u0107 dostosowana indywidualnie do ka\u017cdej osoby.<\/p>\n\n\n\n<p><strong>&gt;&gt; Zobacz: <\/strong><a href=\"https:\/\/www.alab.pl\/centrum-wiedzy\/gastropatia-zolciowa-objawy-przyczyny-dieta-i-leczenie\/\"><strong>Gastropatia \u017c\u00f3\u0142ciowa \u2013 objawy, przyczyny, dieta i leczenie<\/strong><\/a><strong><\/strong><\/p>\n\n\n\n<h2 class=\"wp-block-heading\" id=\"FAQ.-\u017b\u00f3\u0142ty-stolec-\u2013-cz\u0119sto-zadawane-pytania\">FAQ. \u017b\u00f3\u0142ty stolec \u2013 cz\u0119sto zadawane pytania<\/h2>\n\n\n\n<p>Oto odpowiedzi na najcz\u0119\u015bciej zadawane pytania dotycz\u0105ce zmiany zabarwienia stolca na \u017c\u00f3\u0142ty.<\/p>\n\n\n\n<div class=\"schema-faq wp-block-yoast-faq-block\"><div class=\"schema-faq-section\" id=\"faq-question-1753266406604\"><strong class=\"schema-faq-question\">Czy refluks \u017c\u00f3\u0142ciowy mo\u017ce powodowa\u0107 \u017c\u00f3\u0142ty stolec?<\/strong> <p class=\"schema-faq-answer\">Refluks \u017c\u00f3\u0142ciowy, czyli cofanie si\u0119 \u017c\u00f3\u0142ci z dwunastnicy do \u017co\u0142\u0105dka, mo\u017ce po\u015brednio skutkowa\u0107 odbarwieniem stolca.<\/p> <\/div> <div class=\"schema-faq-section\" id=\"faq-question-1753266438917\"><strong class=\"schema-faq-question\">Czy \u017c\u00f3\u0142ty stolec po alkoholu jest normalny?<\/strong> <p class=\"schema-faq-answer\">Spo\u017cycie du\u017cych ilo\u015bci alkoholu mo\u017ce przej\u015bciowo zaburzy\u0107 prac\u0119 w\u0105troby i trzustki, co prowadzi do zmian w trawieniu t\u0142uszcz\u00f3w i mo\u017ce skutkowa\u0107 zmian\u0105 zabarwienia stolca na \u017c\u00f3\u0142ty.<\/p> <\/div> <\/div>\n\n\n\n<h3 class=\"wp-block-heading\"><\/h3>\n\n\n\n<h2 class=\"wp-block-heading\" id=\"\u017b\u00f3\u0142ty-stolec:-podsumowanie-informacji\u017b\u00f3\u0142ty-stolec:-podsumowanie-informacji\u017b\u00f3\u0142ty-stolec:-podsumowanie-informacji\u017b\u00f3\u0142ty-stolec:-podsumowanie-informacji\u017b\u00f3\u0142ty-stolec:-podsumowanie-informacji\u017b\u00f3\u0142ty-stolec:-podsumowanie-informacji\u017b\u00f3\u0142ty-stolec:-podsumowanie-informacji\u017b\u00f3\u0142ty-stolec:-podsumowanie-informacji\">\u017b\u00f3\u0142ty stolec: podsumowanie informacji<\/h2>\n\n\n\n<ul class=\"wp-block-list\">\n<li>\u017b\u00f3\u0142ty kolor stolca mo\u017ce wynika\u0107 z diety, ale r\u00f3wnie\u017c zmiany sk\u0142adu mikroflory jelitowej, przyspieszenia pasa\u017cu jelitowego czy chor\u00f3b uk\u0142adu pokarmowego.<\/li>\n\n\n\n<li>Uwag\u0119 nale\u017cy zwr\u00f3ci\u0107 na objawy towarzysz\u0105ce zmianie zabarwienia stolca \u2013 np. biegunk\u0119, zaparcia, b\u00f3le brzucha, wzd\u0119cia, zm\u0119czenie, utrat\u0119 masy cia\u0142a, \u015bwi\u0105d sk\u00f3ry, <a href=\"https:\/\/www.alab.pl\/centrum-wiedzy\/przyczyny-rodzaje-i-diagnostyka-zoltaczek\/\">\u017c\u00f3\u0142taczk\u0119<\/a>.<\/li>\n\n\n\n<li>W diagnostyce przyczyny \u017c\u00f3\u0142tego stolca istotne s\u0105 badania ka\u0142u, krwi i obrazowe (USG, tomografia).<\/li>\n<\/ul>\n\n\n\n<p><strong>Opieka merytoryczna: lek. Kacper Staniszewski<\/strong><\/p>\n\n\n\n<hr class=\"wp-block-separator has-alpha-channel-opacity\"\/>\n\n\n\n<p><strong>Bibliografia<\/strong><\/p>\n\n\n\n<ol class=\"wp-block-list\">\n<li>K. Prudlak i in., <em>Badanie ka\u0142u w diagnostyce klinicznej<\/em>, Laboratorium Medyczne, 4\/2018, s. 42\u201347<\/li>\n\n\n\n<li>https:\/\/www.mp.pl\/pacjent\/objawy\/50658,stolec-zmieniony-wyglad-jasny-luzny-olowkowaty-i-inne (dost\u0119p 09.07.2025)<\/li>\n\n\n\n<li>K. Paruch, <em>Zesp\u00f3\u0142 jelita dra\u017cliwego <\/em>\u2013<em> przyczyny, objawy, leczenie<\/em>, Gerontologia Polska 2023, 31, 124\u2013129<\/li>\n\n\n\n<li>https:\/\/ibsguthealthclinic.co.uk\/irritable-bowel-syndrome-stool-colour\/ (dost\u0119p 09.07.2025)<\/li>\n\n\n\n<li>https:\/\/www.mp.pl\/pacjent\/objawy\/301937,biegunka-tluszczowa-i-stolec-tluszczowy (dost\u0119p 09.07.2025)<\/li>\n\n\n\n<li>https:\/\/www.mp.pl\/pacjent\/objawy\/350659,cholestaza-wewnatrzwatrobowa-i-zewnatrzwatrobowa-cholestaza (dost\u0119p 09.07.2025)<\/li>\n\n\n\n<li>https:\/\/www.mp.pl\/pacjent\/objawy\/382948,jasny-stolec-bialy-stolec-acholiczny-przyczyny-kiedy-do-lekarza (dost\u0119p 14.07.2025)<\/li>\n<\/ol>\n","protected":false},"excerpt":{"rendered":"<p>Dowiedz si\u0119, co oznacza \u017c\u00f3\u0142ty stolec, jakie mog\u0105 by\u0107 jego przyczyny i na jakie objawy dodatkowe nale\u017cy zwr\u00f3ci\u0107 szczeg\u00f3ln\u0105 uwag\u0119.<\/p>\n","protected":false},"author":100,"featured_media":25714,"comment_status":"closed","ping_status":"closed","sticky":false,"template":"","format":"standard","meta":{"_acf_changed":false,"inline_featured_image":false,"footnotes":""},"categories":[18],"tags":[],"coauthors":[143],"class_list":{"0":"post-25710","1":"post","2":"type-post","3":"status-publish","4":"format-standard","5":"has-post-thumbnail","7":"category-dysbioza-choroby-przewodu-pokarmowego"},"acf":[],"yoast_head":"<!-- This site is optimized with the Yoast SEO plugin v27.4 - https:\/\/yoast.com\/product\/yoast-seo-wordpress\/ -->\n<title>\u017b\u00f3\u0142ty stolec \u2013 co oznacza? Mo\u017cliwe przyczyny - Centrum Wiedzy ALAB laboratoria<\/title>\n<meta name=\"description\" content=\"Dowiedz si\u0119, co oznacza \u017c\u00f3\u0142ty stolec, jakie mog\u0105 by\u0107 jego przyczyny i na jakie objawy dodatkowe nale\u017cy zwr\u00f3ci\u0107 szczeg\u00f3ln\u0105 uwag\u0119.\" \/>\n<meta name=\"robots\" content=\"index, follow, max-snippet:-1, max-image-preview:large, max-video-preview:-1\" \/>\n<link rel=\"canonical\" href=\"https:\/\/www.alab.pl\/centrum-wiedzy\/zolty-stolec-co-oznacza-mozliwe-przyczyny\/\" \/>\n<meta property=\"og:locale\" content=\"pl_PL\" \/>\n<meta property=\"og:type\" content=\"article\" \/>\n<meta property=\"og:title\" content=\"\u017b\u00f3\u0142ty stolec \u2013 co oznacza? Mo\u017cliwe przyczyny - Centrum Wiedzy ALAB laboratoria\" \/>\n<meta property=\"og:description\" content=\"Dowiedz si\u0119, co oznacza \u017c\u00f3\u0142ty stolec, jakie mog\u0105 by\u0107 jego przyczyny i na jakie objawy dodatkowe nale\u017cy zwr\u00f3ci\u0107 szczeg\u00f3ln\u0105 uwag\u0119.\" \/>\n<meta property=\"og:url\" content=\"https:\/\/www.alab.pl\/centrum-wiedzy\/zolty-stolec-co-oznacza-mozliwe-przyczyny\/\" \/>\n<meta property=\"og:site_name\" content=\"Centrum Wiedzy ALAB laboratoria\" \/>\n<meta property=\"article:publisher\" content=\"https:\/\/www.facebook.com\/ALABlaboratoria\" \/>\n<meta property=\"article:published_time\" content=\"2025-07-23T10:31:16+00:00\" \/>\n<meta property=\"article:modified_time\" content=\"2025-07-23T10:31:18+00:00\" \/>\n<meta property=\"og:image\" content=\"https:\/\/www.alab.pl\/centrum-wiedzy\/wp-content\/uploads\/2025\/07\/zolty_stolec-scaled.jpg\" \/>\n\t<meta property=\"og:image:width\" content=\"2560\" \/>\n\t<meta property=\"og:image:height\" content=\"1707\" \/>\n\t<meta property=\"og:image:type\" content=\"image\/jpeg\" \/>\n<meta name=\"author\" content=\"Angelika Janowicz\" \/>\n<meta name=\"twitter:card\" content=\"summary_large_image\" \/>\n<meta name=\"twitter:label1\" content=\"Napisane przez\" \/>\n\t<meta name=\"twitter:data1\" content=\"Angelika Janowicz\" \/>\n\t<meta name=\"twitter:label2\" content=\"Szacowany czas czytania\" \/>\n\t<meta name=\"twitter:data2\" content=\"7 minut\" \/>\n\t<meta name=\"twitter:label3\" content=\"Written by\" \/>\n\t<meta name=\"twitter:data3\" content=\"Angelika Janowicz\" \/>\n<!-- \/ Yoast SEO plugin. -->","yoast_head_json":{"title":"\u017b\u00f3\u0142ty stolec \u2013 co oznacza? Mo\u017cliwe przyczyny - Centrum Wiedzy ALAB laboratoria","description":"Dowiedz si\u0119, co oznacza \u017c\u00f3\u0142ty stolec, jakie mog\u0105 by\u0107 jego przyczyny i na jakie objawy dodatkowe nale\u017cy zwr\u00f3ci\u0107 szczeg\u00f3ln\u0105 uwag\u0119.","robots":{"index":"index","follow":"follow","max-snippet":"max-snippet:-1","max-image-preview":"max-image-preview:large","max-video-preview":"max-video-preview:-1"},"canonical":"https:\/\/www.alab.pl\/centrum-wiedzy\/zolty-stolec-co-oznacza-mozliwe-przyczyny\/","og_locale":"pl_PL","og_type":"article","og_title":"\u017b\u00f3\u0142ty stolec \u2013 co oznacza? Mo\u017cliwe przyczyny - Centrum Wiedzy ALAB laboratoria","og_description":"Dowiedz si\u0119, co oznacza \u017c\u00f3\u0142ty stolec, jakie mog\u0105 by\u0107 jego przyczyny i na jakie objawy dodatkowe nale\u017cy zwr\u00f3ci\u0107 szczeg\u00f3ln\u0105 uwag\u0119.","og_url":"https:\/\/www.alab.pl\/centrum-wiedzy\/zolty-stolec-co-oznacza-mozliwe-przyczyny\/","og_site_name":"Centrum Wiedzy ALAB laboratoria","article_publisher":"https:\/\/www.facebook.com\/ALABlaboratoria","article_published_time":"2025-07-23T10:31:16+00:00","article_modified_time":"2025-07-23T10:31:18+00:00","og_image":[{"width":2560,"height":1707,"url":"https:\/\/www.alab.pl\/centrum-wiedzy\/wp-content\/uploads\/2025\/07\/zolty_stolec-scaled.jpg","type":"image\/jpeg"}],"author":"Angelika Janowicz","twitter_card":"summary_large_image","twitter_misc":{"Napisane przez":"Angelika Janowicz","Szacowany czas czytania":"7 minut","Written by":"Angelika Janowicz"},"schema":{"@context":"https:\/\/schema.org","@graph":[{"@type":"Article","@id":"https:\/\/www.alab.pl\/centrum-wiedzy\/zolty-stolec-co-oznacza-mozliwe-przyczyny\/#article","isPartOf":{"@id":"https:\/\/www.alab.pl\/centrum-wiedzy\/zolty-stolec-co-oznacza-mozliwe-przyczyny\/"},"author":{"name":"Angelika Janowicz","@id":"https:\/\/www.alab.pl\/centrum-wiedzy\/#\/schema\/person\/f714a3843f15f9646db0448b28a900e1"},"headline":"\u017b\u00f3\u0142ty stolec \u2013 co oznacza? Mo\u017cliwe przyczyny","datePublished":"2025-07-23T10:31:16+00:00","dateModified":"2025-07-23T10:31:18+00:00","mainEntityOfPage":{"@id":"https:\/\/www.alab.pl\/centrum-wiedzy\/zolty-stolec-co-oznacza-mozliwe-przyczyny\/"},"wordCount":1330,"publisher":{"@id":"https:\/\/www.alab.pl\/centrum-wiedzy\/#organization"},"image":{"@id":"https:\/\/www.alab.pl\/centrum-wiedzy\/zolty-stolec-co-oznacza-mozliwe-przyczyny\/#primaryimage"},"thumbnailUrl":"https:\/\/www.alab.pl\/centrum-wiedzy\/wp-content\/uploads\/2025\/07\/zolty_stolec-scaled.jpg","articleSection":["Dysbioza, choroby przewodu pokarmowego"],"inLanguage":"pl-PL"},{"@type":["WebPage","FAQPage"],"@id":"https:\/\/www.alab.pl\/centrum-wiedzy\/zolty-stolec-co-oznacza-mozliwe-przyczyny\/","url":"https:\/\/www.alab.pl\/centrum-wiedzy\/zolty-stolec-co-oznacza-mozliwe-przyczyny\/","name":"\u017b\u00f3\u0142ty stolec \u2013 co oznacza? Mo\u017cliwe przyczyny - Centrum Wiedzy ALAB laboratoria","isPartOf":{"@id":"https:\/\/www.alab.pl\/centrum-wiedzy\/#website"},"primaryImageOfPage":{"@id":"https:\/\/www.alab.pl\/centrum-wiedzy\/zolty-stolec-co-oznacza-mozliwe-przyczyny\/#primaryimage"},"image":{"@id":"https:\/\/www.alab.pl\/centrum-wiedzy\/zolty-stolec-co-oznacza-mozliwe-przyczyny\/#primaryimage"},"thumbnailUrl":"https:\/\/www.alab.pl\/centrum-wiedzy\/wp-content\/uploads\/2025\/07\/zolty_stolec-scaled.jpg","datePublished":"2025-07-23T10:31:16+00:00","dateModified":"2025-07-23T10:31:18+00:00","description":"Dowiedz si\u0119, co oznacza \u017c\u00f3\u0142ty stolec, jakie mog\u0105 by\u0107 jego przyczyny i na jakie objawy dodatkowe nale\u017cy zwr\u00f3ci\u0107 szczeg\u00f3ln\u0105 uwag\u0119.","breadcrumb":{"@id":"https:\/\/www.alab.pl\/centrum-wiedzy\/zolty-stolec-co-oznacza-mozliwe-przyczyny\/#breadcrumb"},"mainEntity":[{"@id":"https:\/\/www.alab.pl\/centrum-wiedzy\/zolty-stolec-co-oznacza-mozliwe-przyczyny\/#faq-question-1753266406604"},{"@id":"https:\/\/www.alab.pl\/centrum-wiedzy\/zolty-stolec-co-oznacza-mozliwe-przyczyny\/#faq-question-1753266438917"}],"inLanguage":"pl-PL","potentialAction":[{"@type":"ReadAction","target":["https:\/\/www.alab.pl\/centrum-wiedzy\/zolty-stolec-co-oznacza-mozliwe-przyczyny\/"]}]},{"@type":"ImageObject","inLanguage":"pl-PL","@id":"https:\/\/www.alab.pl\/centrum-wiedzy\/zolty-stolec-co-oznacza-mozliwe-przyczyny\/#primaryimage","url":"https:\/\/www.alab.pl\/centrum-wiedzy\/wp-content\/uploads\/2025\/07\/zolty_stolec-scaled.jpg","contentUrl":"https:\/\/www.alab.pl\/centrum-wiedzy\/wp-content\/uploads\/2025\/07\/zolty_stolec-scaled.jpg","width":2560,"height":1707,"caption":"\u017c\u00f3\u0142ty stolec"},{"@type":"BreadcrumbList","@id":"https:\/\/www.alab.pl\/centrum-wiedzy\/zolty-stolec-co-oznacza-mozliwe-przyczyny\/#breadcrumb","itemListElement":[{"@type":"ListItem","position":1,"name":"Strona g\u0142\u00f3wna","item":"https:\/\/www.alab.pl\/centrum-wiedzy\/"},{"@type":"ListItem","position":2,"name":"\u017b\u00f3\u0142ty stolec \u2013 co oznacza? Mo\u017cliwe przyczyny"}]},{"@type":"WebSite","@id":"https:\/\/www.alab.pl\/centrum-wiedzy\/#website","url":"https:\/\/www.alab.pl\/centrum-wiedzy\/","name":"Centrum Wiedzy ALAB laboratoria","description":"","publisher":{"@id":"https:\/\/www.alab.pl\/centrum-wiedzy\/#organization"},"potentialAction":[{"@type":"SearchAction","target":{"@type":"EntryPoint","urlTemplate":"https:\/\/www.alab.pl\/centrum-wiedzy\/?s={search_term_string}"},"query-input":{"@type":"PropertyValueSpecification","valueRequired":true,"valueName":"search_term_string"}}],"inLanguage":"pl-PL"},{"@type":"Organization","@id":"https:\/\/www.alab.pl\/centrum-wiedzy\/#organization","name":"Centrum Wiedzy ALAB laboratoria","url":"https:\/\/www.alab.pl\/centrum-wiedzy\/","logo":{"@type":"ImageObject","inLanguage":"pl-PL","@id":"https:\/\/www.alab.pl\/centrum-wiedzy\/#\/schema\/logo\/image\/","url":"https:\/\/www.alab.pl\/centrum-wiedzy\/wp-content\/uploads\/2022\/04\/alabek.jpg","contentUrl":"https:\/\/www.alab.pl\/centrum-wiedzy\/wp-content\/uploads\/2022\/04\/alabek.jpg","width":1250,"height":1251,"caption":"Centrum Wiedzy ALAB laboratoria"},"image":{"@id":"https:\/\/www.alab.pl\/centrum-wiedzy\/#\/schema\/logo\/image\/"},"sameAs":["https:\/\/www.facebook.com\/ALABlaboratoria"]},{"@type":"Person","@id":"https:\/\/www.alab.pl\/centrum-wiedzy\/#\/schema\/person\/f714a3843f15f9646db0448b28a900e1","name":"Angelika Janowicz","image":{"@type":"ImageObject","inLanguage":"pl-PL","@id":"https:\/\/www.alab.pl\/centrum-wiedzy\/wp-content\/uploads\/2024\/05\/Janowicz-Angelika-150x150.png9339cd1d56dcba9ded72b55067841306","url":"https:\/\/www.alab.pl\/centrum-wiedzy\/wp-content\/uploads\/2024\/05\/Janowicz-Angelika-150x150.png","contentUrl":"https:\/\/www.alab.pl\/centrum-wiedzy\/wp-content\/uploads\/2024\/05\/Janowicz-Angelika-150x150.png","caption":"Angelika Janowicz"},"description":"Z wykszta\u0142cenia piel\u0119gniarka, absolwentka Uniwersytetu Medycznego im. Piast\u00f3w \u015al\u0105skich we Wroc\u0142awiu. Do\u015bwiadczenie zawodowe zdobywa\u0142a w gabinecie zabiegowym, a tak\u017ce w poradni laryngologicznej, pediatrycznej i kardiologicznej. Interesuje si\u0119 psychodietetyk\u0105 i \u017cywieniem cz\u0142owieka w chorobach metabolicznych \u2013 w szczeg\u00f3lno\u015bci zastosowaniem diet niskow\u0119glowodanowych w insulinooporno\u015bci.","url":"https:\/\/www.alab.pl\/centrum-wiedzy\/author\/angelika-janowicz\/"},{"@type":"Question","@id":"https:\/\/www.alab.pl\/centrum-wiedzy\/zolty-stolec-co-oznacza-mozliwe-przyczyny\/#faq-question-1753266406604","position":1,"url":"https:\/\/www.alab.pl\/centrum-wiedzy\/zolty-stolec-co-oznacza-mozliwe-przyczyny\/#faq-question-1753266406604","name":"Czy refluks \u017c\u00f3\u0142ciowy mo\u017ce powodowa\u0107 \u017c\u00f3\u0142ty stolec?","answerCount":1,"acceptedAnswer":{"@type":"Answer","text":"Refluks \u017c\u00f3\u0142ciowy, czyli cofanie si\u0119 \u017c\u00f3\u0142ci z dwunastnicy do \u017co\u0142\u0105dka, mo\u017ce po\u015brednio skutkowa\u0107 odbarwieniem stolca.","inLanguage":"pl-PL"},"inLanguage":"pl-PL"},{"@type":"Question","@id":"https:\/\/www.alab.pl\/centrum-wiedzy\/zolty-stolec-co-oznacza-mozliwe-przyczyny\/#faq-question-1753266438917","position":2,"url":"https:\/\/www.alab.pl\/centrum-wiedzy\/zolty-stolec-co-oznacza-mozliwe-przyczyny\/#faq-question-1753266438917","name":"Czy \u017c\u00f3\u0142ty stolec po alkoholu jest normalny?","answerCount":1,"acceptedAnswer":{"@type":"Answer","text":"Spo\u017cycie du\u017cych ilo\u015bci alkoholu mo\u017ce przej\u015bciowo zaburzy\u0107 prac\u0119 w\u0105troby i trzustki, co prowadzi do zmian w trawieniu t\u0142uszcz\u00f3w i mo\u017ce skutkowa\u0107 zmian\u0105 zabarwienia stolca na \u017c\u00f3\u0142ty.","inLanguage":"pl-PL"},"inLanguage":"pl-PL"}]}},"_links":{"self":[{"href":"https:\/\/www.alab.pl\/centrum-wiedzy\/wp-json\/wp\/v2\/posts\/25710","targetHints":{"allow":["GET"]}}],"collection":[{"href":"https:\/\/www.alab.pl\/centrum-wiedzy\/wp-json\/wp\/v2\/posts"}],"about":[{"href":"https:\/\/www.alab.pl\/centrum-wiedzy\/wp-json\/wp\/v2\/types\/post"}],"author":[{"embeddable":true,"href":"https:\/\/www.alab.pl\/centrum-wiedzy\/wp-json\/wp\/v2\/users\/100"}],"replies":[{"embeddable":true,"href":"https:\/\/www.alab.pl\/centrum-wiedzy\/wp-json\/wp\/v2\/comments?post=25710"}],"version-history":[{"count":4,"href":"https:\/\/www.alab.pl\/centrum-wiedzy\/wp-json\/wp\/v2\/posts\/25710\/revisions"}],"predecessor-version":[{"id":25715,"href":"https:\/\/www.alab.pl\/centrum-wiedzy\/wp-json\/wp\/v2\/posts\/25710\/revisions\/25715"}],"wp:featuredmedia":[{"embeddable":true,"href":"https:\/\/www.alab.pl\/centrum-wiedzy\/wp-json\/wp\/v2\/media\/25714"}],"wp:attachment":[{"href":"https:\/\/www.alab.pl\/centrum-wiedzy\/wp-json\/wp\/v2\/media?parent=25710"}],"wp:term":[{"taxonomy":"category","embeddable":true,"href":"https:\/\/www.alab.pl\/centrum-wiedzy\/wp-json\/wp\/v2\/categories?post=25710"},{"taxonomy":"post_tag","embeddable":true,"href":"https:\/\/www.alab.pl\/centrum-wiedzy\/wp-json\/wp\/v2\/tags?post=25710"},{"taxonomy":"author","embeddable":true,"href":"https:\/\/www.alab.pl\/centrum-wiedzy\/wp-json\/wp\/v2\/coauthors?post=25710"}],"curies":[{"name":"wp","href":"https:\/\/api.w.org\/{rel}","templated":true}]}}